{"id":1018,"date":"2026-03-12T01:00:00","date_gmt":"2026-03-12T00:00:00","guid":{"rendered":"https:\/\/antykomunistyczni.pl\/?p=1018"},"modified":"2026-03-11T19:57:39","modified_gmt":"2026-03-11T18:57:39","slug":"boleslaw-bierut-zmarl-w-sama-pore","status":"publish","type":"post","link":"https:\/\/antykomunistyczni.pl\/index.php\/boleslaw-bierut-zmarl-w-sama-pore\/","title":{"rendered":"Boles\u0142aw Bierut zmar\u0142 w sam\u0105 por\u0119"},"content":{"rendered":"\t\t<div data-elementor-type=\"wp-post\" data-elementor-id=\"1018\" class=\"elementor elementor-1018\">\n\t\t\t\t<div class=\"elementor-element elementor-element-bc31043 e-flex e-con-boxed e-con e-parent\" data-id=\"bc31043\" data-element_type=\"container\" data-e-type=\"container\">\n\t\t\t\t\t<div class=\"e-con-inner\">\n\t\t\t\t<div class=\"elementor-element elementor-element-04cb118 elementor-widget elementor-widget-image\" data-id=\"04cb118\" data-element_type=\"widget\" data-e-type=\"widget\" data-widget_type=\"image.default\">\n\t\t\t\t\t\t\t\t\t\t\t\t<figure class=\"wp-caption\">\n\t\t\t\t\t\t\t\t\t\t<img fetchpriority=\"high\" decoding=\"async\" width=\"768\" height=\"494\" src=\"https:\/\/antykomunistyczni.pl\/wp-content\/uploads\/2026\/03\/PogrzebBieruta-768x494.jpg\" class=\"attachment-medium_large size-medium_large wp-image-1020\" alt=\"Pogrzeb Boles\u0142awa Bieruta Warszawa 1956 \u2013 trumna z cia\u0142em sowieckiego namiestnika w Polsce\" srcset=\"https:\/\/antykomunistyczni.pl\/wp-content\/uploads\/2026\/03\/PogrzebBieruta-768x494.jpg 768w, https:\/\/antykomunistyczni.pl\/wp-content\/uploads\/2026\/03\/PogrzebBieruta-300x193.jpg 300w, https:\/\/antykomunistyczni.pl\/wp-content\/uploads\/2026\/03\/PogrzebBieruta-1024x658.jpg 1024w, https:\/\/antykomunistyczni.pl\/wp-content\/uploads\/2026\/03\/PogrzebBieruta.jpg 1400w\" sizes=\"(max-width: 768px) 100vw, 768px\" \/>\t\t\t\t\t\t\t\t\t\t\t<figcaption class=\"widget-image-caption wp-caption-text\">Pogrzeb Boles\u0142awa Bieruta Warszawa 1956<\/figcaption>\n\t\t\t\t\t\t\t\t\t\t<\/figure>\n\t\t\t\t\t\t\t\t\t<\/div>\n\t\t\t\t\t<\/div>\n\t\t\t\t<\/div>\n\t\t<div class=\"elementor-element elementor-element-6a2ac091 e-flex e-con-boxed e-con e-parent\" data-id=\"6a2ac091\" data-element_type=\"container\" data-e-type=\"container\">\n\t\t\t\t\t<div class=\"e-con-inner\">\n\t\t\t\t<div class=\"elementor-element elementor-element-4012fd04 elementor-widget elementor-widget-text-editor\" data-id=\"4012fd04\" data-element_type=\"widget\" data-e-type=\"widget\" data-widget_type=\"text-editor.default\">\n\t\t\t\t\t\t\t\t\t<p><span style=\"color: #000000;\"><\/span><\/p>\n<p class=\"wp-block-paragraph\"><span style=\"color: #000000;\">12 marca 1956 roku w Moskwie zmar\u0142 <strong>Boles\u0142aw Bierut<\/strong> \u2013 pierwszy sekretarz KC PZPR, symbol stalinowskiego terroru w Polsce, cz\u0142owiek, kt\u00f3ry przez ponad dekad\u0119 uosabia\u0142 sowieck\u0105 dominacj\u0119 nad naszym narodem.<\/span><\/p>\n<p><span style=\"color: #000000;\"><\/span><\/p>\n<p class=\"wp-block-paragraph\"><span style=\"color: #000000;\">Oficjalna wersja komunistycznej propagandy brzmia\u0142a nast\u0119puj\u0105co:<\/span><br \/><span style=\"color: #000000;\">zawa\u0142 serca (lub zator t\u0119tnicy p\u0142ucnej po komplikacjach pogrypowych) o godzinie 23:35 czasu polskiego. Bierut mia\u0142 zachorowa\u0107 na ci\u0119\u017ck\u0105 gryp\u0119 ju\u017c wcze\u015bniej, kt\u00f3ra przesz\u0142a w zapalenie p\u0142uc, a potem w \u015bmiertelne powik\u0142ania sercowe.<\/span><\/p>\n<p><span style=\"color: #000000;\"><\/span><\/p>\n<p class=\"wp-block-paragraph\"><span style=\"color: #000000;\">Jednak w Polsce prawie nikt w t\u0119 wersj\u0119 nie uwierzy\u0142.<\/span><\/p>\n<p><span style=\"color: #000000;\"><\/span><\/p>\n<h3 class=\"wp-block-heading\"><span style=\"color: #000000;\">Ulice m\u00f3wi\u0142y same za siebie<\/span><\/h3>\n<p><span style=\"color: #000000;\"><\/span><\/p>\n<p class=\"wp-block-paragraph\"><span style=\"color: #000000;\">Gdy 13 marca 1956 roku gazety og\u0142osi\u0142y \u015bmier\u0107 \u201ewielkiego syna narodu\u201d, spo\u0142ecze\u0144stwo zareagowa\u0142o w spos\u00f3b, kt\u00f3ry do dzi\u015b najlepiej oddaje stosunek Polak\u00f3w do Bieruta:<\/span><\/p>\n<p><span style=\"color: #000000;\"><\/span><\/p>\n<ul class=\"wp-block-list\">\n<li><span style=\"color: #000000;\">\u201e<strong>Pojecha\u0142 w futerku, przyjecha\u0142 w kuferku<\/strong>\u201d<\/span><\/li>\n\n<li><span style=\"color: #000000;\">\u201e<strong>Zmar\u0142 w sam\u0105 por\u0119<\/strong>\u201d<\/span><\/li>\n\n<li><span style=\"color: #000000;\">\u201e<strong>Trzeci po Dymitrowie i Gottwaldzie<\/strong>\u201d<\/span><\/li>\n<\/ul>\n<p><span style=\"color: #000000;\"><\/span><\/p>\n<p class=\"wp-block-paragraph\"><span style=\"color: #000000;\">Dla por\u00f3wnania:<\/span><\/p>\n<p><span style=\"color: #000000;\"><\/span><\/p>\n<ul class=\"wp-block-list\">\n<li><span style=\"color: #000000;\">Georgi Dymitrow (Bu\u0142garia) \u2013 1949, Moskwa<\/span><\/li>\n\n<li><span style=\"color: #000000;\">Klement Gottwald (Czechos\u0142owacja) \u2013 marzec 1953, tu\u017c po pogrzebie Stalina<\/span><\/li>\n\n<li><span style=\"color: #000000;\">Boles\u0142aw Bierut \u2013 marzec 1956, tu\u017c po XX Zje\u017adzie KPZR<\/span><\/li>\n<\/ul>\n<p><span style=\"color: #000000;\"><\/span><\/p>\n<p class=\"wp-block-paragraph\"><span style=\"color: #000000;\">Wszystkich trzech \u0142\u0105czy\u0142a \u015bmier\u0107 w Moskwie i podejrzenie, \u017ce Kreml pozbywa\u0142 si\u0119 niewygodnych satrap\u00f3w, gdy tracili przydatno\u015b\u0107.<\/span><\/p>\n<p><span style=\"color: #000000;\"><\/span><\/p>\n<h3 class=\"wp-block-heading\"><span style=\"color: #000000;\">T\u0142o \u2013 XX Zjazd KPZR i \u201etajny referat\u201d Chruszczowa<\/span><\/h3>\n<p><span style=\"color: #000000;\"><\/span><\/p>\n<p class=\"wp-block-paragraph\"><span style=\"color: #000000;\">Bierut pojecha\u0142 do Moskwy na XX Zjazd KPZR (14\u201325 lutego 1956). 25 lutego Nikita Chruszczow wyg\u0142osi\u0142 s\u0142ynny \u201etajny referat\u201d <strong>\u201eO kulcie jednostki i jego nast\u0119pstwach\u201d<\/strong>, w kt\u00f3rym pot\u0119pi\u0142 zbrodnie Stalina.<\/span><\/p>\n<p><span style=\"color: #000000;\"><\/span><\/p>\n<p class=\"wp-block-paragraph\"><span style=\"color: #000000;\">Dla Bieruta, fanatycznego stalinowca, cz\u0142owieka, kt\u00f3ry budowa\u0142 w Polsce system identyczny z tym, kt\u00f3ry w\u0142a\u015bnie zosta\u0142 pot\u0119piony, by\u0142 to cios.<\/span><\/p>\n<p><span style=\"color: #000000;\"><\/span><\/p>\n<p class=\"wp-block-paragraph\"><span style=\"color: #000000;\">Historycy spieraj\u0105 si\u0119, czy:<\/span><\/p>\n<p><span style=\"color: #000000;\"><\/span><\/p>\n<ul class=\"wp-block-list\">\n<li><span style=\"color: #000000;\">za\u0142ama\u0142 si\u0119 psychicznie i pope\u0142ni\u0142 samob\u00f3jstwo<\/span><\/li>\n\n<li><span style=\"color: #000000;\">zosta\u0142 otruty \/ \u201epom\u00f3g\u0142\u201d mu kto\u015b z otoczenia Chruszczowa<\/span><\/li>\n\n<li><span style=\"color: #000000;\">po prostu umar\u0142 z naturalnych przyczyn (ci\u0119\u017cka choroba serca + mia\u017cd\u017cyca + nerki + stres + moskiewski mr\u00f3z + wielogodzinne posiedzenia)<\/span><\/li>\n<\/ul>\n<p><span style=\"color: #000000;\"><\/span><\/p>\n<p class=\"wp-block-paragraph\"><span style=\"color: #000000;\">Oficjalna dokumentacja medyczna (m.in. relacje prof. Fejgina i lekarki G\u00f3rskiej) m\u00f3wi o nag\u0142ym zatrzymaniu akcji serca 12 marca w godzinach wieczornych, po wcze\u015bniejszym epizodzie zapa\u015bci, kt\u00f3ry uda\u0142o si\u0119 opanowa\u0107.<\/span><\/p>\n<p><span style=\"color: #000000;\"><\/span><\/p>\n<h3 class=\"wp-block-heading\"><span style=\"color: #000000;\">Co naprawd\u0119 zmieni\u0142a \u015bmier\u0107 Bieruta?<\/span><\/h3>\n<p><span style=\"color: #000000;\"><\/span><\/p>\n<p class=\"wp-block-paragraph\"><span style=\"color: #000000;\">Jego zgon otworzy\u0142 drog\u0119 do:<\/span><\/p>\n<p><span style=\"color: #000000;\"><\/span><\/p>\n<ul class=\"wp-block-list\">\n<li><span style=\"color: #000000;\">powrotu <strong>W\u0142adys\u0142awa Gomu\u0142ki<\/strong> (kt\u00f3ry jeszcze niedawno siedzia\u0142 w wi\u0119zieniu z wyroku stalinowskiego aparatu)<\/span><\/li>\n\n<li><span style=\"color: #000000;\">Pa\u017adziernika 1956<\/span><\/li>\n\n<li><span style=\"color: #000000;\">odsuni\u0119cia \u201ebermanowc\u00f3w\u201d i \u201emincowc\u00f3w\u201d<\/span><\/li>\n\n<li><span style=\"color: #000000;\">stopniowego (cho\u0107 nigdy niepe\u0142nego) rozliczenia z najgorszym okresem stalinizmu w Polsce<\/span><\/li>\n<\/ul>\n<p><span style=\"color: #000000;\"><\/span><\/p>\n<p class=\"wp-block-paragraph\"><span style=\"color: #000000;\">Historyk Andrzej Garlicki trafi\u0142 w sedno:<\/span><br \/><span style=\"color: #000000;\">\u201e<strong>Zmar\u0142 w sam\u0105 por\u0119. Jego \u015bmier\u0107 umo\u017cliwi\u0142a triumfalny powr\u00f3t do w\u0142adzy Gomu\u0142ki<\/strong>\u201d.<\/span><\/p>\n<p><span style=\"color: #000000;\"><\/span><\/p>\n<h3 class=\"wp-block-heading\"><span style=\"color: #000000;\">Podsumowanie<\/span><\/h3>\n<p><span style=\"color: #000000;\"><\/span><\/p>\n<p class=\"wp-block-paragraph\"><span style=\"color: #000000;\">Boles\u0142aw Bierut nie by\u0142 \u201ewielkim synem narodu\u201d. By\u0142 sowieckim namiestnikiem, kt\u00f3ry podpisywa\u0142 tysi\u0105ce wyrok\u00f3w \u015bmierci, budowa\u0142 system oboz\u00f3w, zniszczy\u0142 polsk\u0105 niepodleg\u0142o\u015b\u0107 na dekady i realizowa\u0142 plan ca\u0142kowitej sowietyzacji Polski.<\/span><\/p>\n<p><span style=\"color: #000000;\"><\/span><\/p>\n<p class=\"wp-block-paragraph\"><span style=\"color: #000000;\">Czy zgin\u0105\u0142 naturalnie, czy zosta\u0142 \u201edelikatnie usuni\u0119ty\u201d przez nowych pan\u00f3w Kremla \u2013 dzi\u015b ju\u017c tego nie rozstrzygniemy z ca\u0142\u0105 pewno\u015bci\u0105.<\/span><\/p>\n<p><span style=\"color: #000000;\"><\/span><\/p>\n<p class=\"wp-block-paragraph\"><span style=\"color: #000000;\">Wa\u017cniejsze jest co innego:<\/span><br \/><span style=\"color: #000000;\">w marcu 1956 roku Polacy po raz pierwszy od wojny poczuli, \u017ce najgorszy okres stalinowskiego terroru w\u0142a\u015bnie si\u0119 sko\u0144czy\u0142 \u2013 i \u017ce cz\u0142owiek-symbol tego terroru nigdy nie wr\u00f3ci.<\/span><\/p>\n<p><span style=\"color: #000000;\"><\/span><\/p>\n<p class=\"wp-block-paragraph\"><span style=\"color: #000000;\">Nawet je\u015bli przyjecha\u0142 w kuferku.<\/span><\/p>\n<p><span style=\"color: #000000;\"><\/span><\/p>\t\t\t\t\t\t\t\t<\/div>\n\t\t\t\t\t<\/div>\n\t\t\t\t<\/div>\n\t\t\t\t<\/div>\n\t\t","protected":false},"excerpt":{"rendered":"<p>Pogrzeb Boles\u0142awa Bieruta Warszawa 1956 12 marca 1956 roku w Moskwie zmar\u0142 Boles\u0142aw Bierut \u2013 pierwszy sekretarz KC PZPR, symbol stalinowskiego terroru w Polsce, cz\u0142owiek, kt\u00f3ry przez ponad dekad\u0119 uosabia\u0142 sowieck\u0105 dominacj\u0119 nad naszym narodem. Oficjalna wersja komunistycznej propagandy brzmia\u0142a nast\u0119puj\u0105co:zawa\u0142 serca (lub zator t\u0119tnicy p\u0142ucnej po komplikacjach pogrypowych) o godzinie 23:35 czasu polskiego. Bierut [&hellip;]<\/p>\n","protected":false},"author":1,"featured_media":1020,"comment_status":"closed","ping_status":"closed","sticky":false,"template":"","format":"standard","meta":{"give_campaign_id":0,"footnotes":""},"categories":[26,32],"tags":[],"class_list":["post-1018","post","type-post","status-publish","format-standard","has-post-thumbnail","hentry","category-komunisci","category-stalinizm-w-polsce"],"yoast_head":"<!-- This site is optimized with the Yoast SEO plugin v28.4 - https:\/\/yoast.com\/product\/yoast-seo-wordpress\/ -->\n<title>Boles\u0142aw Bierut zmar\u0142 w sam\u0105 por\u0119 - Antykomunistyczni.pl<\/title>\n<meta name=\"description\" content=\"Bierut umiera w Moskwie. Zawa\u0142 czy likwidacja? Pogrzeb w Warszawie i uliczne has\u0142a: \u00abpojecha\u0142 w futerku, wr\u00f3ci\u0142 w kuferku\u00bb. Koniec najgorszego stalinizmu w Polsce.\" \/>\n<meta name=\"robots\" content=\"index, follow, max-snippet:-1, max-image-preview:large, max-video-preview:-1\" \/>\n<link rel=\"canonical\" href=\"https:\/\/antykomunistyczni.pl\/index.php\/boleslaw-bierut-zmarl-w-sama-pore\/\" \/>\n<meta property=\"og:locale\" content=\"pl_PL\" \/>\n<meta property=\"og:type\" content=\"article\" \/>\n<meta property=\"og:title\" content=\"Boles\u0142aw Bierut zmar\u0142 w sam\u0105 por\u0119 - Antykomunistyczni.pl\" \/>\n<meta property=\"og:description\" content=\"Bierut umiera w Moskwie. Zawa\u0142 czy likwidacja? Pogrzeb w Warszawie i uliczne has\u0142a: \u00abpojecha\u0142 w futerku, wr\u00f3ci\u0142 w kuferku\u00bb. Koniec najgorszego stalinizmu w Polsce.\" \/>\n<meta property=\"og:url\" content=\"https:\/\/antykomunistyczni.pl\/index.php\/boleslaw-bierut-zmarl-w-sama-pore\/\" \/>\n<meta property=\"og:site_name\" content=\"Antykomunistyczni.pl\" \/>\n<meta property=\"article:publisher\" content=\"https:\/\/www.facebook.com\/antykomunistyczni\/\" \/>\n<meta property=\"article:published_time\" content=\"2026-03-12T00:00:00+00:00\" \/>\n<meta property=\"og:image\" content=\"https:\/\/antykomunistyczni.pl\/wp-content\/uploads\/2026\/03\/PogrzebBieruta.jpg\" \/>\n\t<meta property=\"og:image:width\" content=\"1400\" \/>\n\t<meta property=\"og:image:height\" content=\"900\" \/>\n\t<meta property=\"og:image:type\" content=\"image\/jpeg\" \/>\n<meta name=\"author\" content=\"Antykomunistyczni\" \/>\n<meta name=\"twitter:card\" content=\"summary_large_image\" \/>\n<meta name=\"twitter:creator\" content=\"@anty_komunisci\" \/>\n<meta name=\"twitter:site\" content=\"@anty_komunisci\" \/>\n<meta name=\"twitter:label1\" content=\"Napisane przez\" \/>\n\t<meta name=\"twitter:data1\" content=\"Antykomunistyczni\" \/>\n\t<meta name=\"twitter:label2\" content=\"Szacowany czas czytania\" \/>\n\t<meta name=\"twitter:data2\" content=\"4 minuty\" \/>\n<script type=\"application\/ld+json\" class=\"yoast-schema-graph\">{\"@context\":\"https:\\\/\\\/schema.org\",\"@graph\":[{\"@type\":\"Article\",\"@id\":\"https:\\\/\\\/antykomunistyczni.pl\\\/index.php\\\/boleslaw-bierut-zmarl-w-sama-pore\\\/#article\",\"isPartOf\":{\"@id\":\"https:\\\/\\\/antykomunistyczni.pl\\\/index.php\\\/boleslaw-bierut-zmarl-w-sama-pore\\\/\"},\"author\":{\"name\":\"Antykomunistyczni\",\"@id\":\"https:\\\/\\\/antykomunistyczni.pl\\\/#\\\/schema\\\/person\\\/4963e693e8006b94062d91d1295d02a0\"},\"headline\":\"Boles\u0142aw Bierut zmar\u0142 w sam\u0105 por\u0119\",\"datePublished\":\"2026-03-12T00:00:00+00:00\",\"mainEntityOfPage\":{\"@id\":\"https:\\\/\\\/antykomunistyczni.pl\\\/index.php\\\/boleslaw-bierut-zmarl-w-sama-pore\\\/\"},\"wordCount\":518,\"publisher\":{\"@id\":\"https:\\\/\\\/antykomunistyczni.pl\\\/#organization\"},\"image\":{\"@id\":\"https:\\\/\\\/antykomunistyczni.pl\\\/index.php\\\/boleslaw-bierut-zmarl-w-sama-pore\\\/#primaryimage\"},\"thumbnailUrl\":\"https:\\\/\\\/antykomunistyczni.pl\\\/wp-content\\\/uploads\\\/2026\\\/03\\\/PogrzebBieruta.jpg\",\"articleSection\":[\"Komuni\u015bci\",\"Stalinizm w Polsce\"],\"inLanguage\":\"pl-PL\"},{\"@type\":\"WebPage\",\"@id\":\"https:\\\/\\\/antykomunistyczni.pl\\\/index.php\\\/boleslaw-bierut-zmarl-w-sama-pore\\\/\",\"url\":\"https:\\\/\\\/antykomunistyczni.pl\\\/index.php\\\/boleslaw-bierut-zmarl-w-sama-pore\\\/\",\"name\":\"Boles\u0142aw Bierut zmar\u0142 w sam\u0105 por\u0119 - Antykomunistyczni.pl\",\"isPartOf\":{\"@id\":\"https:\\\/\\\/antykomunistyczni.pl\\\/#website\"},\"primaryImageOfPage\":{\"@id\":\"https:\\\/\\\/antykomunistyczni.pl\\\/index.php\\\/boleslaw-bierut-zmarl-w-sama-pore\\\/#primaryimage\"},\"image\":{\"@id\":\"https:\\\/\\\/antykomunistyczni.pl\\\/index.php\\\/boleslaw-bierut-zmarl-w-sama-pore\\\/#primaryimage\"},\"thumbnailUrl\":\"https:\\\/\\\/antykomunistyczni.pl\\\/wp-content\\\/uploads\\\/2026\\\/03\\\/PogrzebBieruta.jpg\",\"datePublished\":\"2026-03-12T00:00:00+00:00\",\"description\":\"Bierut umiera w Moskwie. Zawa\u0142 czy likwidacja? Pogrzeb w Warszawie i uliczne has\u0142a: \u00abpojecha\u0142 w futerku, wr\u00f3ci\u0142 w kuferku\u00bb. Koniec najgorszego stalinizmu w Polsce.\",\"breadcrumb\":{\"@id\":\"https:\\\/\\\/antykomunistyczni.pl\\\/index.php\\\/boleslaw-bierut-zmarl-w-sama-pore\\\/#breadcrumb\"},\"inLanguage\":\"pl-PL\",\"potentialAction\":[{\"@type\":\"ReadAction\",\"target\":[\"https:\\\/\\\/antykomunistyczni.pl\\\/index.php\\\/boleslaw-bierut-zmarl-w-sama-pore\\\/\"]}]},{\"@type\":\"ImageObject\",\"inLanguage\":\"pl-PL\",\"@id\":\"https:\\\/\\\/antykomunistyczni.pl\\\/index.php\\\/boleslaw-bierut-zmarl-w-sama-pore\\\/#primaryimage\",\"url\":\"https:\\\/\\\/antykomunistyczni.pl\\\/wp-content\\\/uploads\\\/2026\\\/03\\\/PogrzebBieruta.jpg\",\"contentUrl\":\"https:\\\/\\\/antykomunistyczni.pl\\\/wp-content\\\/uploads\\\/2026\\\/03\\\/PogrzebBieruta.jpg\",\"width\":1400,\"height\":900,\"caption\":\"Pogrzeb Boles\u0142awa Bieruta Warszawa 1956\"},{\"@type\":\"BreadcrumbList\",\"@id\":\"https:\\\/\\\/antykomunistyczni.pl\\\/index.php\\\/boleslaw-bierut-zmarl-w-sama-pore\\\/#breadcrumb\",\"itemListElement\":[{\"@type\":\"ListItem\",\"position\":1,\"name\":\"Strona g\u0142\u00f3wna\",\"item\":\"https:\\\/\\\/antykomunistyczni.pl\\\/\"},{\"@type\":\"ListItem\",\"position\":2,\"name\":\"Boles\u0142aw Bierut zmar\u0142 w sam\u0105 por\u0119\"}]},{\"@type\":\"WebSite\",\"@id\":\"https:\\\/\\\/antykomunistyczni.pl\\\/#website\",\"url\":\"https:\\\/\\\/antykomunistyczni.pl\\\/\",\"name\":\"Antykomunistyczni.pl\",\"description\":\"\",\"publisher\":{\"@id\":\"https:\\\/\\\/antykomunistyczni.pl\\\/#organization\"},\"alternateName\":\"Historia PRL, zbrodnie komunistyczne w Polsce i na \u015bwiecie\",\"potentialAction\":[{\"@type\":\"SearchAction\",\"target\":{\"@type\":\"EntryPoint\",\"urlTemplate\":\"https:\\\/\\\/antykomunistyczni.pl\\\/?s={search_term_string}\"},\"query-input\":{\"@type\":\"PropertyValueSpecification\",\"valueRequired\":true,\"valueName\":\"search_term_string\"}}],\"inLanguage\":\"pl-PL\"},{\"@type\":\"Organization\",\"@id\":\"https:\\\/\\\/antykomunistyczni.pl\\\/#organization\",\"name\":\"Antykomunistyczni.pl\",\"url\":\"https:\\\/\\\/antykomunistyczni.pl\\\/\",\"logo\":{\"@type\":\"ImageObject\",\"inLanguage\":\"pl-PL\",\"@id\":\"https:\\\/\\\/antykomunistyczni.pl\\\/#\\\/schema\\\/logo\\\/image\\\/\",\"url\":\"https:\\\/\\\/antykomunistyczni.pl\\\/wp-content\\\/uploads\\\/2026\\\/02\\\/cropped-AntykomunistyczniLogoSquare150x150-2.png\",\"contentUrl\":\"https:\\\/\\\/antykomunistyczni.pl\\\/wp-content\\\/uploads\\\/2026\\\/02\\\/cropped-AntykomunistyczniLogoSquare150x150-2.png\",\"width\":150,\"height\":150,\"caption\":\"Antykomunistyczni.pl\"},\"image\":{\"@id\":\"https:\\\/\\\/antykomunistyczni.pl\\\/#\\\/schema\\\/logo\\\/image\\\/\"},\"sameAs\":[\"https:\\\/\\\/www.facebook.com\\\/antykomunistyczni\\\/\",\"https:\\\/\\\/x.com\\\/anty_komunisci\"]},{\"@type\":\"Person\",\"@id\":\"https:\\\/\\\/antykomunistyczni.pl\\\/#\\\/schema\\\/person\\\/4963e693e8006b94062d91d1295d02a0\",\"name\":\"Antykomunistyczni\",\"image\":{\"@type\":\"ImageObject\",\"inLanguage\":\"pl-PL\",\"@id\":\"https:\\\/\\\/secure.gravatar.com\\\/avatar\\\/ff172875f9ced7887f883245268c1ba638c26cf1e0530f7f61b4705963a6730b?s=96&d=mm&r=g\",\"url\":\"https:\\\/\\\/secure.gravatar.com\\\/avatar\\\/ff172875f9ced7887f883245268c1ba638c26cf1e0530f7f61b4705963a6730b?s=96&d=mm&r=g\",\"contentUrl\":\"https:\\\/\\\/secure.gravatar.com\\\/avatar\\\/ff172875f9ced7887f883245268c1ba638c26cf1e0530f7f61b4705963a6730b?s=96&d=mm&r=g\",\"caption\":\"Antykomunistyczni\"},\"sameAs\":[\"http:\\\/\\\/antykomunistyczni.pl\"],\"url\":\"https:\\\/\\\/antykomunistyczni.pl\\\/index.php\\\/author\\\/admin0\\\/\"}]}<\/script>\n<!-- \/ Yoast SEO plugin. -->","yoast_head_json":{"title":"Boles\u0142aw Bierut zmar\u0142 w sam\u0105 por\u0119 - Antykomunistyczni.pl","description":"Bierut umiera w Moskwie. Zawa\u0142 czy likwidacja? Pogrzeb w Warszawie i uliczne has\u0142a: \u00abpojecha\u0142 w futerku, wr\u00f3ci\u0142 w kuferku\u00bb. Koniec najgorszego stalinizmu w Polsce.","robots":{"index":"index","follow":"follow","max-snippet":"max-snippet:-1","max-image-preview":"max-image-preview:large","max-video-preview":"max-video-preview:-1"},"canonical":"https:\/\/antykomunistyczni.pl\/index.php\/boleslaw-bierut-zmarl-w-sama-pore\/","og_locale":"pl_PL","og_type":"article","og_title":"Boles\u0142aw Bierut zmar\u0142 w sam\u0105 por\u0119 - Antykomunistyczni.pl","og_description":"Bierut umiera w Moskwie. Zawa\u0142 czy likwidacja? Pogrzeb w Warszawie i uliczne has\u0142a: \u00abpojecha\u0142 w futerku, wr\u00f3ci\u0142 w kuferku\u00bb. Koniec najgorszego stalinizmu w Polsce.","og_url":"https:\/\/antykomunistyczni.pl\/index.php\/boleslaw-bierut-zmarl-w-sama-pore\/","og_site_name":"Antykomunistyczni.pl","article_publisher":"https:\/\/www.facebook.com\/antykomunistyczni\/","article_published_time":"2026-03-12T00:00:00+00:00","og_image":[{"width":1400,"height":900,"url":"https:\/\/antykomunistyczni.pl\/wp-content\/uploads\/2026\/03\/PogrzebBieruta.jpg","type":"image\/jpeg"}],"author":"Antykomunistyczni","twitter_card":"summary_large_image","twitter_creator":"@anty_komunisci","twitter_site":"@anty_komunisci","twitter_misc":{"Napisane przez":"Antykomunistyczni","Szacowany czas czytania":"4 minuty"},"schema":{"@context":"https:\/\/schema.org","@graph":[{"@type":"Article","@id":"https:\/\/antykomunistyczni.pl\/index.php\/boleslaw-bierut-zmarl-w-sama-pore\/#article","isPartOf":{"@id":"https:\/\/antykomunistyczni.pl\/index.php\/boleslaw-bierut-zmarl-w-sama-pore\/"},"author":{"name":"Antykomunistyczni","@id":"https:\/\/antykomunistyczni.pl\/#\/schema\/person\/4963e693e8006b94062d91d1295d02a0"},"headline":"Boles\u0142aw Bierut zmar\u0142 w sam\u0105 por\u0119","datePublished":"2026-03-12T00:00:00+00:00","mainEntityOfPage":{"@id":"https:\/\/antykomunistyczni.pl\/index.php\/boleslaw-bierut-zmarl-w-sama-pore\/"},"wordCount":518,"publisher":{"@id":"https:\/\/antykomunistyczni.pl\/#organization"},"image":{"@id":"https:\/\/antykomunistyczni.pl\/index.php\/boleslaw-bierut-zmarl-w-sama-pore\/#primaryimage"},"thumbnailUrl":"https:\/\/antykomunistyczni.pl\/wp-content\/uploads\/2026\/03\/PogrzebBieruta.jpg","articleSection":["Komuni\u015bci","Stalinizm w Polsce"],"inLanguage":"pl-PL"},{"@type":"WebPage","@id":"https:\/\/antykomunistyczni.pl\/index.php\/boleslaw-bierut-zmarl-w-sama-pore\/","url":"https:\/\/antykomunistyczni.pl\/index.php\/boleslaw-bierut-zmarl-w-sama-pore\/","name":"Boles\u0142aw Bierut zmar\u0142 w sam\u0105 por\u0119 - Antykomunistyczni.pl","isPartOf":{"@id":"https:\/\/antykomunistyczni.pl\/#website"},"primaryImageOfPage":{"@id":"https:\/\/antykomunistyczni.pl\/index.php\/boleslaw-bierut-zmarl-w-sama-pore\/#primaryimage"},"image":{"@id":"https:\/\/antykomunistyczni.pl\/index.php\/boleslaw-bierut-zmarl-w-sama-pore\/#primaryimage"},"thumbnailUrl":"https:\/\/antykomunistyczni.pl\/wp-content\/uploads\/2026\/03\/PogrzebBieruta.jpg","datePublished":"2026-03-12T00:00:00+00:00","description":"Bierut umiera w Moskwie. Zawa\u0142 czy likwidacja? Pogrzeb w Warszawie i uliczne has\u0142a: \u00abpojecha\u0142 w futerku, wr\u00f3ci\u0142 w kuferku\u00bb. Koniec najgorszego stalinizmu w Polsce.","breadcrumb":{"@id":"https:\/\/antykomunistyczni.pl\/index.php\/boleslaw-bierut-zmarl-w-sama-pore\/#breadcrumb"},"inLanguage":"pl-PL","potentialAction":[{"@type":"ReadAction","target":["https:\/\/antykomunistyczni.pl\/index.php\/boleslaw-bierut-zmarl-w-sama-pore\/"]}]},{"@type":"ImageObject","inLanguage":"pl-PL","@id":"https:\/\/antykomunistyczni.pl\/index.php\/boleslaw-bierut-zmarl-w-sama-pore\/#primaryimage","url":"https:\/\/antykomunistyczni.pl\/wp-content\/uploads\/2026\/03\/PogrzebBieruta.jpg","contentUrl":"https:\/\/antykomunistyczni.pl\/wp-content\/uploads\/2026\/03\/PogrzebBieruta.jpg","width":1400,"height":900,"caption":"Pogrzeb Boles\u0142awa Bieruta Warszawa 1956"},{"@type":"BreadcrumbList","@id":"https:\/\/antykomunistyczni.pl\/index.php\/boleslaw-bierut-zmarl-w-sama-pore\/#breadcrumb","itemListElement":[{"@type":"ListItem","position":1,"name":"Strona g\u0142\u00f3wna","item":"https:\/\/antykomunistyczni.pl\/"},{"@type":"ListItem","position":2,"name":"Boles\u0142aw Bierut zmar\u0142 w sam\u0105 por\u0119"}]},{"@type":"WebSite","@id":"https:\/\/antykomunistyczni.pl\/#website","url":"https:\/\/antykomunistyczni.pl\/","name":"Antykomunistyczni.pl","description":"","publisher":{"@id":"https:\/\/antykomunistyczni.pl\/#organization"},"alternateName":"Historia PRL, zbrodnie komunistyczne w Polsce i na \u015bwiecie","potentialAction":[{"@type":"SearchAction","target":{"@type":"EntryPoint","urlTemplate":"https:\/\/antykomunistyczni.pl\/?s={search_term_string}"},"query-input":{"@type":"PropertyValueSpecification","valueRequired":true,"valueName":"search_term_string"}}],"inLanguage":"pl-PL"},{"@type":"Organization","@id":"https:\/\/antykomunistyczni.pl\/#organization","name":"Antykomunistyczni.pl","url":"https:\/\/antykomunistyczni.pl\/","logo":{"@type":"ImageObject","inLanguage":"pl-PL","@id":"https:\/\/antykomunistyczni.pl\/#\/schema\/logo\/image\/","url":"https:\/\/antykomunistyczni.pl\/wp-content\/uploads\/2026\/02\/cropped-AntykomunistyczniLogoSquare150x150-2.png","contentUrl":"https:\/\/antykomunistyczni.pl\/wp-content\/uploads\/2026\/02\/cropped-AntykomunistyczniLogoSquare150x150-2.png","width":150,"height":150,"caption":"Antykomunistyczni.pl"},"image":{"@id":"https:\/\/antykomunistyczni.pl\/#\/schema\/logo\/image\/"},"sameAs":["https:\/\/www.facebook.com\/antykomunistyczni\/","https:\/\/x.com\/anty_komunisci"]},{"@type":"Person","@id":"https:\/\/antykomunistyczni.pl\/#\/schema\/person\/4963e693e8006b94062d91d1295d02a0","name":"Antykomunistyczni","image":{"@type":"ImageObject","inLanguage":"pl-PL","@id":"https:\/\/secure.gravatar.com\/avatar\/ff172875f9ced7887f883245268c1ba638c26cf1e0530f7f61b4705963a6730b?s=96&d=mm&r=g","url":"https:\/\/secure.gravatar.com\/avatar\/ff172875f9ced7887f883245268c1ba638c26cf1e0530f7f61b4705963a6730b?s=96&d=mm&r=g","contentUrl":"https:\/\/secure.gravatar.com\/avatar\/ff172875f9ced7887f883245268c1ba638c26cf1e0530f7f61b4705963a6730b?s=96&d=mm&r=g","caption":"Antykomunistyczni"},"sameAs":["http:\/\/antykomunistyczni.pl"],"url":"https:\/\/antykomunistyczni.pl\/index.php\/author\/admin0\/"}]}},"_links":{"self":[{"href":"https:\/\/antykomunistyczni.pl\/index.php\/wp-json\/wp\/v2\/posts\/1018","targetHints":{"allow":["GET"]}}],"collection":[{"href":"https:\/\/antykomunistyczni.pl\/index.php\/wp-json\/wp\/v2\/posts"}],"about":[{"href":"https:\/\/antykomunistyczni.pl\/index.php\/wp-json\/wp\/v2\/types\/post"}],"author":[{"embeddable":true,"href":"https:\/\/antykomunistyczni.pl\/index.php\/wp-json\/wp\/v2\/users\/1"}],"replies":[{"embeddable":true,"href":"https:\/\/antykomunistyczni.pl\/index.php\/wp-json\/wp\/v2\/comments?post=1018"}],"version-history":[{"count":8,"href":"https:\/\/antykomunistyczni.pl\/index.php\/wp-json\/wp\/v2\/posts\/1018\/revisions"}],"predecessor-version":[{"id":1027,"href":"https:\/\/antykomunistyczni.pl\/index.php\/wp-json\/wp\/v2\/posts\/1018\/revisions\/1027"}],"wp:featuredmedia":[{"embeddable":true,"href":"https:\/\/antykomunistyczni.pl\/index.php\/wp-json\/wp\/v2\/media\/1020"}],"wp:attachment":[{"href":"https:\/\/antykomunistyczni.pl\/index.php\/wp-json\/wp\/v2\/media?parent=1018"}],"wp:term":[{"taxonomy":"category","embeddable":true,"href":"https:\/\/antykomunistyczni.pl\/index.php\/wp-json\/wp\/v2\/categories?post=1018"},{"taxonomy":"post_tag","embeddable":true,"href":"https:\/\/antykomunistyczni.pl\/index.php\/wp-json\/wp\/v2\/tags?post=1018"}],"curies":[{"name":"wp","href":"https:\/\/api.w.org\/{rel}","templated":true}]}}