{"id":1037,"date":"2026-03-16T17:31:57","date_gmt":"2026-03-16T16:31:57","guid":{"rendered":"https:\/\/antykomunistyczni.pl\/?p=1037"},"modified":"2026-03-16T17:31:58","modified_gmt":"2026-03-16T16:31:58","slug":"kornelia-sobczak-i-jej-zoska-i-rudy-kolejny-atak-na-polskich-bohaterow-piotr-zaremba-ma-racje-to-ideologiczna-goraczka-a-nie-historia","status":"publish","type":"post","link":"https:\/\/antykomunistyczni.pl\/index.php\/kornelia-sobczak-i-jej-zoska-i-rudy-kolejny-atak-na-polskich-bohaterow-piotr-zaremba-ma-racje-to-ideologiczna-goraczka-a-nie-historia\/","title":{"rendered":"Kornelia Sobczak i jej \u201eZo\u015bka i Rudy\u201d \u2013 kolejny atak na polskich bohater\u00f3w. Piotr Zaremba ma racj\u0119: to ideologiczna gor\u0105czka, a nie historia"},"content":{"rendered":"\t\t<div data-elementor-type=\"wp-post\" data-elementor-id=\"1037\" class=\"elementor elementor-1037\">\n\t\t\t\t<div class=\"elementor-element elementor-element-4d889581 e-flex e-con-boxed e-con e-parent\" data-id=\"4d889581\" data-element_type=\"container\" data-e-type=\"container\">\n\t\t\t\t\t<div class=\"e-con-inner\">\n\t\t\t\t<div class=\"elementor-element elementor-element-124ef3f3 elementor-widget elementor-widget-text-editor\" data-id=\"124ef3f3\" data-element_type=\"widget\" data-e-type=\"widget\" data-widget_type=\"text-editor.default\">\n\t\t\t\t\t\t\t\t\t<p><span style=\"color: #000000;\"><\/span><\/p>\n<h2><span style=\"color: #000000;\">Kornelia Sobczak i jej \u201eZo\u015bka i Rudy\u201d \u2013 kolejny atak na polskich bohater\u00f3w. Piotr Zaremba ma racj\u0119: to ideologiczna gor\u0105czka, a nie historia<\/span><\/h2>\n<p class=\"wp-block-paragraph\"><span style=\"color: #000000;\"><\/span><\/p>\n<figure class=\"wp-block-image size-large\"><span style=\"color: #000000;\"><img fetchpriority=\"high\" decoding=\"async\" width=\"1024\" height=\"733\" class=\"wp-image-1038\" src=\"https:\/\/antykomunistyczni.pl\/wp-content\/uploads\/2026\/03\/Jan-Bytnar-Rudy-1024x733.jpg\" alt=\"\" srcset=\"https:\/\/antykomunistyczni.pl\/wp-content\/uploads\/2026\/03\/Jan-Bytnar-Rudy-1024x733.jpg 1024w, https:\/\/antykomunistyczni.pl\/wp-content\/uploads\/2026\/03\/Jan-Bytnar-Rudy-300x215.jpg 300w, https:\/\/antykomunistyczni.pl\/wp-content\/uploads\/2026\/03\/Jan-Bytnar-Rudy-768x549.jpg 768w, https:\/\/antykomunistyczni.pl\/wp-content\/uploads\/2026\/03\/Jan-Bytnar-Rudy-1536x1099.jpg 1536w, https:\/\/antykomunistyczni.pl\/wp-content\/uploads\/2026\/03\/Jan-Bytnar-Rudy.jpg 2048w\" sizes=\"(max-width: 1024px) 100vw, 1024px\" \/><\/span>\n<figcaption class=\"wp-element-caption\"><span style=\"color: #000000;\">Jan Bytnar \u201eRudy\u201d. Zdj\u0119cie pochodzi z kolekcji fotografii stanowi\u0105cej prawdopodobnie cz\u0119\u015b\u0107 archiwum batalionu \u201eZo\u015bka\u201d, zarekwirowanego przez UB podczas aresztowania Jana Rodowicza \u201eAnody\u201d 24 grudnia 1948 r. (fot. z zasobu IPN)<\/span><\/figcaption>\n<\/figure>\n<p><span style=\"color: #000000;\"><\/span><\/p>\n<p class=\"wp-block-paragraph\"><span style=\"color: #000000;\">Szanowni Czytelnicy,<\/span><\/p>\n<p><span style=\"color: #000000;\"><\/span><\/p>\n<p class=\"wp-block-paragraph\"><span style=\"color: #000000;\">W\u0142a\u015bnie ukaza\u0142a si\u0119 ksi\u0105\u017cka Kornelii Sobczak \u201eZo\u015bka i Rudy. O mi\u0142o\u015bci, przyja\u017ani i Polsce\u201d, promowana przez Krytyk\u0119 Polityczn\u0105 i Gazet\u0119 Wyborcz\u0105 jako \u201equeerowa\u201d reinterpretacja legendy \u201eKamieni na szaniec\u201d. Autorka wraca do tez El\u017cbiety Janickiej sprzed kilkunastu lat, dr\u0105\u017c\u0105c temat rzekomych \u201esk\u0142onno\u015bci homoseksualnych\u201d Tadka Zawadzkiego \u201eZo\u015bki\u201d i Janka Bytnara \u201eRudego\u201d. Robi to z ideologiczn\u0105 zaciek\u0142o\u015bci\u0105, kt\u00f3rej Piotr Zaremba s\u0142usznie nada\u0142 miano \u201ehomoseksualizmu bezobjawowego\u201d \u2013 konceptu tak absurdalnego, \u017ce a\u017c symptomatycznego dla dzisiejszej lewicy kulturowej.<\/span><\/p>\n<p><span style=\"color: #000000;\"><\/span><\/p>\n<p class=\"wp-block-paragraph\"><span style=\"color: #000000;\">Zaremba w swojej analizie (i w podobnych tekstach publikowanych wcze\u015bniej) trafia w sedno: nie ma cienia dowodu na homoseksualizm tych dw\u00f3ch harcerzy Szarych Szereg\u00f3w. Byli blisko zwi\u0105zani, okazywali sobie przyja\u017a\u0144, trosk\u0119, w krytycznym momencie Rudy umiera\u0142 w ramionach przyjaciela \u2013 ale to w\u0142a\u015bnie w tamtych czasach, w konspiracji, w obliczu \u015bmierci, m\u0119ska przyja\u017a\u0144 mog\u0142a przybiera\u0107 tak intensywne, czu\u0142e formy. To nie \u201equeer\u201d, to polska tradycja braterstwa broni, harcerskiej krwi i romantyzmu walki o wolno\u015b\u0107.<\/span><\/p>\n<p><span style=\"color: #000000;\"><\/span><\/p>\n<p class=\"wp-block-paragraph\"><span style=\"color: #000000;\">Sobczak jednak \u2013 podobnie jak Janicka \u2013 potrzebuje tych symboli dla swojej narracji. Raz mamy \u201elesbijk\u0119\u201d Konopnick\u0105, innym razem harcerzy z Szarych Szereg\u00f3w jako prekursora dzisiejszej ideologii LGBT+. To klasyczna kolonizacja przesz\u0142o\u015bci: nie wystarczy tolerancja, trzeba koniecznie udowodni\u0107, \u017ce \u201eoni te\u017c byli tacy jak my dzi\u015b\u201d. A je\u015bli dowod\u00f3w brak \u2013 to prosz\u0119 bardzo, wymy\u015blimy \u201ehomoseksualizm bezobjawowy\u201d. Bo \u015bwiadomo\u015b\u0107 tego, \u017ce kto\u015b by\u0142 homoseksualny, nie jest konieczna \u2013 liczy si\u0119 sama mo\u017cliwo\u015b\u0107, sama sugestia, sama narracja.<\/span><\/p>\n<p><span style=\"color: #000000;\"><\/span><\/p>\n<p class=\"wp-block-paragraph\"><span style=\"color: #000000;\">Zaremba s\u0142usznie podkre\u015bla odra\u017caj\u0105cy aspekt takiego grzebania w prywatno\u015bci nie\u017cyj\u0105cych bohater\u00f3w. Zo\u015bka i Rudy oddali \u017cycie za Polsk\u0119 w wieku 19 i 23 lat. Zgin\u0119li w walce z okupantem niemieckim, w akcjach, kt\u00f3re przesz\u0142y do legendy. A teraz mamy ich sprowadza\u0107 do spekulacji o orientacji seksualnej? To nie jest nauka, to profanacja pami\u0119ci.<\/span><\/p>\n<p><span style=\"color: #000000;\"><\/span><\/p>\n<p class=\"wp-block-paragraph\"><span style=\"color: #000000;\">Autorka ksi\u0105\u017cki pr\u00f3buje te\u017c \u201ezrozumie\u0107\u201d program wychowawczy Aleksandra Kami\u0144skiego \u2013 lewicowca, owszem, ale wychowawcy pokolenia, kt\u00f3re bi\u0142o si\u0119 o niepodleg\u0142o\u015b\u0107, a nie o \u201ewi\u0119ksz\u0105 obecno\u015b\u0107 kobiet\u201d czy \u201eodwo\u0142ywanie si\u0119 do Zag\u0142ady \u017byd\u00f3w\u201d na ka\u017cdym kroku. Sobczak ma k\u0142opot z wyobra\u017ani\u0105 historyczn\u0105, za to nadmiar ideologicznej gorliwo\u015bci. A ta \u2013 jak s\u0142usznie zauwa\u017ca Zaremba \u2013 rzadko pomaga w badaniu przesz\u0142o\u015bci. Raczej j\u0105 fa\u0142szuje.<\/span><\/p>\n<p><span style=\"color: #000000;\"><\/span><\/p>\n<p class=\"wp-block-paragraph\"><span style=\"color: #000000;\">Piotr Zaremba dobrze zrobi\u0142, \u017ce punktuje ten mechanizm. To nie jest przypadek, \u017ce takie ksi\u0105\u017cki wychodz\u0105 nak\u0142adem Krytyki Politycznej. To cz\u0119\u015b\u0107 szerszego projektu: rozmontowywania polskich mit\u00f3w za\u0142o\u017cycielskich, os\u0142abiania to\u017csamo\u015bci narodowej poprzez wmawianie, \u017ce nasi bohaterowie \u201etak naprawd\u0119\u201d byli inni, ni\u017c nam si\u0119 wydawa\u0142o. \u017be byli \u201equeerowi\u201d, nacjonalistyczni w z\u0142ym sensie, albo po prostu nie do\u015b\u0107 \u201ew\u0142\u0105czaj\u0105cy\u201d.<\/span><\/p>\n<p><span style=\"color: #000000;\"><\/span><\/p>\n<p class=\"wp-block-paragraph\"><span style=\"color: #000000;\">My na antykomunistyczni.pl m\u00f3wimy temu stanowcze <strong>nie<\/strong>. Zo\u015bka i Rudy to symbole polskiego oporu, m\u0119stwa, po\u015bwi\u0119cenia i przyja\u017ani, kt\u00f3ra nie potrzebuje dzisiejszych etykietek. Niech ideolodzy LGBT+ i lewicowi kulturoznawcy szukaj\u0105 sobie symboli gdzie indziej \u2013 nie na grobach naszych harcerzy.<\/span><\/p>\n<p><span style=\"color: #000000;\"><\/span><\/p>\n<p class=\"wp-block-paragraph\"><span style=\"color: #000000;\">Popieramy g\u0142os Piotra Zaremby: prawda o historii jest wa\u017cniejsza ni\u017c ideologiczne projekcje. A prawda jest prosta \u2013 Zo\u015bka i Rudy byli Polakami, kt\u00f3rzy oddali \u017cycie za woln\u0105 Polsk\u0119. I tyle wystarczy.<\/span><\/p>\n<p><span style=\"color: #000000;\"><\/span><\/p>\n<p class=\"wp-block-paragraph\"><span style=\"color: #000000;\"><\/span><\/p>\n<p class=\"wp-block-paragraph\"><span style=\"color: #000000;\"><\/span><\/p>\t\t\t\t\t\t\t\t<\/div>\n\t\t\t\t\t<\/div>\n\t\t\t\t<\/div>\n\t\t\t\t<\/div>\n\t\t","protected":false},"excerpt":{"rendered":"<p>Kornelia Sobczak i jej \u201eZo\u015bka i Rudy\u201d \u2013 kolejny atak na polskich bohater\u00f3w. Piotr Zaremba ma racj\u0119: to ideologiczna gor\u0105czka, a nie historia Szanowni Czytelnicy, W\u0142a\u015bnie ukaza\u0142a si\u0119 ksi\u0105\u017cka Kornelii Sobczak \u201eZo\u015bka i Rudy. O mi\u0142o\u015bci, przyja\u017ani i Polsce\u201d, promowana przez Krytyk\u0119 Polityczn\u0105 i Gazet\u0119 Wyborcz\u0105 jako \u201equeerowa\u201d reinterpretacja legendy \u201eKamieni na szaniec\u201d. Autorka wraca [&hellip;]<\/p>\n","protected":false},"author":1,"featured_media":1038,"comment_status":"closed","ping_status":"closed","sticky":false,"template":"","format":"standard","meta":{"give_campaign_id":0,"footnotes":""},"categories":[22,45,34,46],"tags":[50,52,51],"class_list":["post-1037","post","type-post","status-publish","format-standard","has-post-thumbnail","hentry","category-aktualnosci","category-komunizm-w-panstwach-wspolczesnych","category-kultura-i-sztuka","category-mechanizmy-wspolczesnego-komunizmu","tag-ideologia-lgbt","tag-krytyka-lewicy","tag-obrona-tradycji"],"yoast_head":"<!-- This site is optimized with the Yoast SEO plugin v28.4 - https:\/\/yoast.com\/product\/yoast-seo-wordpress\/ -->\n<title>Kornelia Sobczak i jej \u201eZo\u015bka i Rudy\u201d \u2013 kolejny atak na polskich bohater\u00f3w. Piotr Zaremba ma racj\u0119: to ideologiczna gor\u0105czka, a nie historia - Antykomunistyczni.pl<\/title>\n<meta name=\"description\" content=\"Ksi\u0105\u017cka Kornelii Sobczak \u201eZo\u015bka i Rudy. O mi\u0142o\u015bci, przyja\u017ani i Polsce\u201d, promowana przez Krytyk\u0119 Polityczn\u0105 i Gazet\u0119 Wyborcz\u0105 jako \u201equeerowa\u201d reinterpretacja legendy \u201eKamieni na szaniec\u201d.\" \/>\n<meta name=\"robots\" content=\"index, follow, max-snippet:-1, max-image-preview:large, max-video-preview:-1\" \/>\n<link rel=\"canonical\" href=\"https:\/\/antykomunistyczni.pl\/index.php\/kornelia-sobczak-i-jej-zoska-i-rudy-kolejny-atak-na-polskich-bohaterow-piotr-zaremba-ma-racje-to-ideologiczna-goraczka-a-nie-historia\/\" \/>\n<meta property=\"og:locale\" content=\"pl_PL\" \/>\n<meta property=\"og:type\" content=\"article\" \/>\n<meta property=\"og:title\" content=\"Kornelia Sobczak i jej \u201eZo\u015bka i Rudy\u201d \u2013 kolejny atak na polskich bohater\u00f3w. Piotr Zaremba ma racj\u0119: to ideologiczna gor\u0105czka, a nie historia - Antykomunistyczni.pl\" \/>\n<meta property=\"og:description\" content=\"Ksi\u0105\u017cka Kornelii Sobczak \u201eZo\u015bka i Rudy. O mi\u0142o\u015bci, przyja\u017ani i Polsce\u201d, promowana przez Krytyk\u0119 Polityczn\u0105 i Gazet\u0119 Wyborcz\u0105 jako \u201equeerowa\u201d reinterpretacja legendy \u201eKamieni na szaniec\u201d.\" \/>\n<meta property=\"og:url\" content=\"https:\/\/antykomunistyczni.pl\/index.php\/kornelia-sobczak-i-jej-zoska-i-rudy-kolejny-atak-na-polskich-bohaterow-piotr-zaremba-ma-racje-to-ideologiczna-goraczka-a-nie-historia\/\" \/>\n<meta property=\"og:site_name\" content=\"Antykomunistyczni.pl\" \/>\n<meta property=\"article:publisher\" content=\"https:\/\/www.facebook.com\/antykomunistyczni\/\" \/>\n<meta property=\"article:published_time\" content=\"2026-03-16T16:31:57+00:00\" \/>\n<meta property=\"article:modified_time\" content=\"2026-03-16T16:31:58+00:00\" \/>\n<meta property=\"og:image\" content=\"https:\/\/antykomunistyczni.pl\/wp-content\/uploads\/2026\/03\/Jan-Bytnar-Rudy.jpg\" \/>\n\t<meta property=\"og:image:width\" content=\"2048\" \/>\n\t<meta property=\"og:image:height\" content=\"1465\" \/>\n\t<meta property=\"og:image:type\" content=\"image\/jpeg\" \/>\n<meta name=\"author\" content=\"Antykomunistyczni\" \/>\n<meta name=\"twitter:card\" content=\"summary_large_image\" \/>\n<meta name=\"twitter:creator\" content=\"@anty_komunisci\" \/>\n<meta name=\"twitter:site\" content=\"@anty_komunisci\" \/>\n<meta name=\"twitter:label1\" content=\"Napisane przez\" \/>\n\t<meta name=\"twitter:data1\" content=\"Antykomunistyczni\" \/>\n\t<meta name=\"twitter:label2\" content=\"Szacowany czas czytania\" \/>\n\t<meta name=\"twitter:data2\" content=\"4 minuty\" \/>\n<script type=\"application\/ld+json\" class=\"yoast-schema-graph\">{\"@context\":\"https:\\\/\\\/schema.org\",\"@graph\":[{\"@type\":\"Article\",\"@id\":\"https:\\\/\\\/antykomunistyczni.pl\\\/index.php\\\/kornelia-sobczak-i-jej-zoska-i-rudy-kolejny-atak-na-polskich-bohaterow-piotr-zaremba-ma-racje-to-ideologiczna-goraczka-a-nie-historia\\\/#article\",\"isPartOf\":{\"@id\":\"https:\\\/\\\/antykomunistyczni.pl\\\/index.php\\\/kornelia-sobczak-i-jej-zoska-i-rudy-kolejny-atak-na-polskich-bohaterow-piotr-zaremba-ma-racje-to-ideologiczna-goraczka-a-nie-historia\\\/\"},\"author\":{\"name\":\"Antykomunistyczni\",\"@id\":\"https:\\\/\\\/antykomunistyczni.pl\\\/#\\\/schema\\\/person\\\/4963e693e8006b94062d91d1295d02a0\"},\"headline\":\"Kornelia Sobczak i jej \u201eZo\u015bka i Rudy\u201d \u2013 kolejny atak na polskich bohater\u00f3w. Piotr Zaremba ma racj\u0119: to ideologiczna gor\u0105czka, a nie historia\",\"datePublished\":\"2026-03-16T16:31:57+00:00\",\"dateModified\":\"2026-03-16T16:31:58+00:00\",\"mainEntityOfPage\":{\"@id\":\"https:\\\/\\\/antykomunistyczni.pl\\\/index.php\\\/kornelia-sobczak-i-jej-zoska-i-rudy-kolejny-atak-na-polskich-bohaterow-piotr-zaremba-ma-racje-to-ideologiczna-goraczka-a-nie-historia\\\/\"},\"wordCount\":624,\"publisher\":{\"@id\":\"https:\\\/\\\/antykomunistyczni.pl\\\/#organization\"},\"image\":{\"@id\":\"https:\\\/\\\/antykomunistyczni.pl\\\/index.php\\\/kornelia-sobczak-i-jej-zoska-i-rudy-kolejny-atak-na-polskich-bohaterow-piotr-zaremba-ma-racje-to-ideologiczna-goraczka-a-nie-historia\\\/#primaryimage\"},\"thumbnailUrl\":\"https:\\\/\\\/antykomunistyczni.pl\\\/wp-content\\\/uploads\\\/2026\\\/03\\\/Jan-Bytnar-Rudy.jpg\",\"keywords\":[\"Ideologia LGBT+\",\"Krytyka lewicy\",\"Obrona tradycji\"],\"articleSection\":[\"Aktualno\u015bci\",\"Komunizm w pa\u0144stwach wsp\u00f3\u0142czesnych\",\"Kultura i sztuka\",\"Mechanizmy wsp\u00f3\u0142czesnego komunizmu\"],\"inLanguage\":\"pl-PL\"},{\"@type\":\"WebPage\",\"@id\":\"https:\\\/\\\/antykomunistyczni.pl\\\/index.php\\\/kornelia-sobczak-i-jej-zoska-i-rudy-kolejny-atak-na-polskich-bohaterow-piotr-zaremba-ma-racje-to-ideologiczna-goraczka-a-nie-historia\\\/\",\"url\":\"https:\\\/\\\/antykomunistyczni.pl\\\/index.php\\\/kornelia-sobczak-i-jej-zoska-i-rudy-kolejny-atak-na-polskich-bohaterow-piotr-zaremba-ma-racje-to-ideologiczna-goraczka-a-nie-historia\\\/\",\"name\":\"Kornelia Sobczak i jej \u201eZo\u015bka i Rudy\u201d \u2013 kolejny atak na polskich bohater\u00f3w. Piotr Zaremba ma racj\u0119: to ideologiczna gor\u0105czka, a nie historia - Antykomunistyczni.pl\",\"isPartOf\":{\"@id\":\"https:\\\/\\\/antykomunistyczni.pl\\\/#website\"},\"primaryImageOfPage\":{\"@id\":\"https:\\\/\\\/antykomunistyczni.pl\\\/index.php\\\/kornelia-sobczak-i-jej-zoska-i-rudy-kolejny-atak-na-polskich-bohaterow-piotr-zaremba-ma-racje-to-ideologiczna-goraczka-a-nie-historia\\\/#primaryimage\"},\"image\":{\"@id\":\"https:\\\/\\\/antykomunistyczni.pl\\\/index.php\\\/kornelia-sobczak-i-jej-zoska-i-rudy-kolejny-atak-na-polskich-bohaterow-piotr-zaremba-ma-racje-to-ideologiczna-goraczka-a-nie-historia\\\/#primaryimage\"},\"thumbnailUrl\":\"https:\\\/\\\/antykomunistyczni.pl\\\/wp-content\\\/uploads\\\/2026\\\/03\\\/Jan-Bytnar-Rudy.jpg\",\"datePublished\":\"2026-03-16T16:31:57+00:00\",\"dateModified\":\"2026-03-16T16:31:58+00:00\",\"description\":\"Ksi\u0105\u017cka Kornelii Sobczak \u201eZo\u015bka i Rudy. O mi\u0142o\u015bci, przyja\u017ani i Polsce\u201d, promowana przez Krytyk\u0119 Polityczn\u0105 i Gazet\u0119 Wyborcz\u0105 jako \u201equeerowa\u201d reinterpretacja legendy \u201eKamieni na szaniec\u201d.\",\"breadcrumb\":{\"@id\":\"https:\\\/\\\/antykomunistyczni.pl\\\/index.php\\\/kornelia-sobczak-i-jej-zoska-i-rudy-kolejny-atak-na-polskich-bohaterow-piotr-zaremba-ma-racje-to-ideologiczna-goraczka-a-nie-historia\\\/#breadcrumb\"},\"inLanguage\":\"pl-PL\",\"potentialAction\":[{\"@type\":\"ReadAction\",\"target\":[\"https:\\\/\\\/antykomunistyczni.pl\\\/index.php\\\/kornelia-sobczak-i-jej-zoska-i-rudy-kolejny-atak-na-polskich-bohaterow-piotr-zaremba-ma-racje-to-ideologiczna-goraczka-a-nie-historia\\\/\"]}]},{\"@type\":\"ImageObject\",\"inLanguage\":\"pl-PL\",\"@id\":\"https:\\\/\\\/antykomunistyczni.pl\\\/index.php\\\/kornelia-sobczak-i-jej-zoska-i-rudy-kolejny-atak-na-polskich-bohaterow-piotr-zaremba-ma-racje-to-ideologiczna-goraczka-a-nie-historia\\\/#primaryimage\",\"url\":\"https:\\\/\\\/antykomunistyczni.pl\\\/wp-content\\\/uploads\\\/2026\\\/03\\\/Jan-Bytnar-Rudy.jpg\",\"contentUrl\":\"https:\\\/\\\/antykomunistyczni.pl\\\/wp-content\\\/uploads\\\/2026\\\/03\\\/Jan-Bytnar-Rudy.jpg\",\"width\":2048,\"height\":1465,\"caption\":\"Jan Bytnar \u201eRudy\u201d. Zdj\u0119cie pochodzi z kolekcji fotografii stanowi\u0105cej prawdopodobnie cz\u0119\u015b\u0107 archiwum batalionu \u201eZo\u015bka\u201d, zarekwirowanego przez UB podczas aresztowania Jana Rodowicza \u201eAnody\u201d 24 grudnia 1948 r. (fot. z zasobu IPN)\"},{\"@type\":\"BreadcrumbList\",\"@id\":\"https:\\\/\\\/antykomunistyczni.pl\\\/index.php\\\/kornelia-sobczak-i-jej-zoska-i-rudy-kolejny-atak-na-polskich-bohaterow-piotr-zaremba-ma-racje-to-ideologiczna-goraczka-a-nie-historia\\\/#breadcrumb\",\"itemListElement\":[{\"@type\":\"ListItem\",\"position\":1,\"name\":\"Strona g\u0142\u00f3wna\",\"item\":\"https:\\\/\\\/antykomunistyczni.pl\\\/\"},{\"@type\":\"ListItem\",\"position\":2,\"name\":\"Kornelia Sobczak i jej \u201eZo\u015bka i Rudy\u201d \u2013 kolejny atak na polskich bohater\u00f3w. Piotr Zaremba ma racj\u0119: to ideologiczna gor\u0105czka, a nie historia\"}]},{\"@type\":\"WebSite\",\"@id\":\"https:\\\/\\\/antykomunistyczni.pl\\\/#website\",\"url\":\"https:\\\/\\\/antykomunistyczni.pl\\\/\",\"name\":\"Antykomunistyczni.pl\",\"description\":\"\",\"publisher\":{\"@id\":\"https:\\\/\\\/antykomunistyczni.pl\\\/#organization\"},\"alternateName\":\"Historia PRL, zbrodnie komunistyczne w Polsce i na \u015bwiecie\",\"potentialAction\":[{\"@type\":\"SearchAction\",\"target\":{\"@type\":\"EntryPoint\",\"urlTemplate\":\"https:\\\/\\\/antykomunistyczni.pl\\\/?s={search_term_string}\"},\"query-input\":{\"@type\":\"PropertyValueSpecification\",\"valueRequired\":true,\"valueName\":\"search_term_string\"}}],\"inLanguage\":\"pl-PL\"},{\"@type\":\"Organization\",\"@id\":\"https:\\\/\\\/antykomunistyczni.pl\\\/#organization\",\"name\":\"Antykomunistyczni.pl\",\"url\":\"https:\\\/\\\/antykomunistyczni.pl\\\/\",\"logo\":{\"@type\":\"ImageObject\",\"inLanguage\":\"pl-PL\",\"@id\":\"https:\\\/\\\/antykomunistyczni.pl\\\/#\\\/schema\\\/logo\\\/image\\\/\",\"url\":\"https:\\\/\\\/antykomunistyczni.pl\\\/wp-content\\\/uploads\\\/2026\\\/02\\\/cropped-AntykomunistyczniLogoSquare150x150-2.png\",\"contentUrl\":\"https:\\\/\\\/antykomunistyczni.pl\\\/wp-content\\\/uploads\\\/2026\\\/02\\\/cropped-AntykomunistyczniLogoSquare150x150-2.png\",\"width\":150,\"height\":150,\"caption\":\"Antykomunistyczni.pl\"},\"image\":{\"@id\":\"https:\\\/\\\/antykomunistyczni.pl\\\/#\\\/schema\\\/logo\\\/image\\\/\"},\"sameAs\":[\"https:\\\/\\\/www.facebook.com\\\/antykomunistyczni\\\/\",\"https:\\\/\\\/x.com\\\/anty_komunisci\"]},{\"@type\":\"Person\",\"@id\":\"https:\\\/\\\/antykomunistyczni.pl\\\/#\\\/schema\\\/person\\\/4963e693e8006b94062d91d1295d02a0\",\"name\":\"Antykomunistyczni\",\"image\":{\"@type\":\"ImageObject\",\"inLanguage\":\"pl-PL\",\"@id\":\"https:\\\/\\\/secure.gravatar.com\\\/avatar\\\/ff172875f9ced7887f883245268c1ba638c26cf1e0530f7f61b4705963a6730b?s=96&d=mm&r=g\",\"url\":\"https:\\\/\\\/secure.gravatar.com\\\/avatar\\\/ff172875f9ced7887f883245268c1ba638c26cf1e0530f7f61b4705963a6730b?s=96&d=mm&r=g\",\"contentUrl\":\"https:\\\/\\\/secure.gravatar.com\\\/avatar\\\/ff172875f9ced7887f883245268c1ba638c26cf1e0530f7f61b4705963a6730b?s=96&d=mm&r=g\",\"caption\":\"Antykomunistyczni\"},\"sameAs\":[\"http:\\\/\\\/antykomunistyczni.pl\"],\"url\":\"https:\\\/\\\/antykomunistyczni.pl\\\/index.php\\\/author\\\/admin0\\\/\"}]}<\/script>\n<!-- \/ Yoast SEO plugin. -->","yoast_head_json":{"title":"Kornelia Sobczak i jej \u201eZo\u015bka i Rudy\u201d \u2013 kolejny atak na polskich bohater\u00f3w. Piotr Zaremba ma racj\u0119: to ideologiczna gor\u0105czka, a nie historia - Antykomunistyczni.pl","description":"Ksi\u0105\u017cka Kornelii Sobczak \u201eZo\u015bka i Rudy. O mi\u0142o\u015bci, przyja\u017ani i Polsce\u201d, promowana przez Krytyk\u0119 Polityczn\u0105 i Gazet\u0119 Wyborcz\u0105 jako \u201equeerowa\u201d reinterpretacja legendy \u201eKamieni na szaniec\u201d.","robots":{"index":"index","follow":"follow","max-snippet":"max-snippet:-1","max-image-preview":"max-image-preview:large","max-video-preview":"max-video-preview:-1"},"canonical":"https:\/\/antykomunistyczni.pl\/index.php\/kornelia-sobczak-i-jej-zoska-i-rudy-kolejny-atak-na-polskich-bohaterow-piotr-zaremba-ma-racje-to-ideologiczna-goraczka-a-nie-historia\/","og_locale":"pl_PL","og_type":"article","og_title":"Kornelia Sobczak i jej \u201eZo\u015bka i Rudy\u201d \u2013 kolejny atak na polskich bohater\u00f3w. Piotr Zaremba ma racj\u0119: to ideologiczna gor\u0105czka, a nie historia - Antykomunistyczni.pl","og_description":"Ksi\u0105\u017cka Kornelii Sobczak \u201eZo\u015bka i Rudy. O mi\u0142o\u015bci, przyja\u017ani i Polsce\u201d, promowana przez Krytyk\u0119 Polityczn\u0105 i Gazet\u0119 Wyborcz\u0105 jako \u201equeerowa\u201d reinterpretacja legendy \u201eKamieni na szaniec\u201d.","og_url":"https:\/\/antykomunistyczni.pl\/index.php\/kornelia-sobczak-i-jej-zoska-i-rudy-kolejny-atak-na-polskich-bohaterow-piotr-zaremba-ma-racje-to-ideologiczna-goraczka-a-nie-historia\/","og_site_name":"Antykomunistyczni.pl","article_publisher":"https:\/\/www.facebook.com\/antykomunistyczni\/","article_published_time":"2026-03-16T16:31:57+00:00","article_modified_time":"2026-03-16T16:31:58+00:00","og_image":[{"width":2048,"height":1465,"url":"https:\/\/antykomunistyczni.pl\/wp-content\/uploads\/2026\/03\/Jan-Bytnar-Rudy.jpg","type":"image\/jpeg"}],"author":"Antykomunistyczni","twitter_card":"summary_large_image","twitter_creator":"@anty_komunisci","twitter_site":"@anty_komunisci","twitter_misc":{"Napisane przez":"Antykomunistyczni","Szacowany czas czytania":"4 minuty"},"schema":{"@context":"https:\/\/schema.org","@graph":[{"@type":"Article","@id":"https:\/\/antykomunistyczni.pl\/index.php\/kornelia-sobczak-i-jej-zoska-i-rudy-kolejny-atak-na-polskich-bohaterow-piotr-zaremba-ma-racje-to-ideologiczna-goraczka-a-nie-historia\/#article","isPartOf":{"@id":"https:\/\/antykomunistyczni.pl\/index.php\/kornelia-sobczak-i-jej-zoska-i-rudy-kolejny-atak-na-polskich-bohaterow-piotr-zaremba-ma-racje-to-ideologiczna-goraczka-a-nie-historia\/"},"author":{"name":"Antykomunistyczni","@id":"https:\/\/antykomunistyczni.pl\/#\/schema\/person\/4963e693e8006b94062d91d1295d02a0"},"headline":"Kornelia Sobczak i jej \u201eZo\u015bka i Rudy\u201d \u2013 kolejny atak na polskich bohater\u00f3w. Piotr Zaremba ma racj\u0119: to ideologiczna gor\u0105czka, a nie historia","datePublished":"2026-03-16T16:31:57+00:00","dateModified":"2026-03-16T16:31:58+00:00","mainEntityOfPage":{"@id":"https:\/\/antykomunistyczni.pl\/index.php\/kornelia-sobczak-i-jej-zoska-i-rudy-kolejny-atak-na-polskich-bohaterow-piotr-zaremba-ma-racje-to-ideologiczna-goraczka-a-nie-historia\/"},"wordCount":624,"publisher":{"@id":"https:\/\/antykomunistyczni.pl\/#organization"},"image":{"@id":"https:\/\/antykomunistyczni.pl\/index.php\/kornelia-sobczak-i-jej-zoska-i-rudy-kolejny-atak-na-polskich-bohaterow-piotr-zaremba-ma-racje-to-ideologiczna-goraczka-a-nie-historia\/#primaryimage"},"thumbnailUrl":"https:\/\/antykomunistyczni.pl\/wp-content\/uploads\/2026\/03\/Jan-Bytnar-Rudy.jpg","keywords":["Ideologia LGBT+","Krytyka lewicy","Obrona tradycji"],"articleSection":["Aktualno\u015bci","Komunizm w pa\u0144stwach wsp\u00f3\u0142czesnych","Kultura i sztuka","Mechanizmy wsp\u00f3\u0142czesnego komunizmu"],"inLanguage":"pl-PL"},{"@type":"WebPage","@id":"https:\/\/antykomunistyczni.pl\/index.php\/kornelia-sobczak-i-jej-zoska-i-rudy-kolejny-atak-na-polskich-bohaterow-piotr-zaremba-ma-racje-to-ideologiczna-goraczka-a-nie-historia\/","url":"https:\/\/antykomunistyczni.pl\/index.php\/kornelia-sobczak-i-jej-zoska-i-rudy-kolejny-atak-na-polskich-bohaterow-piotr-zaremba-ma-racje-to-ideologiczna-goraczka-a-nie-historia\/","name":"Kornelia Sobczak i jej \u201eZo\u015bka i Rudy\u201d \u2013 kolejny atak na polskich bohater\u00f3w. Piotr Zaremba ma racj\u0119: to ideologiczna gor\u0105czka, a nie historia - Antykomunistyczni.pl","isPartOf":{"@id":"https:\/\/antykomunistyczni.pl\/#website"},"primaryImageOfPage":{"@id":"https:\/\/antykomunistyczni.pl\/index.php\/kornelia-sobczak-i-jej-zoska-i-rudy-kolejny-atak-na-polskich-bohaterow-piotr-zaremba-ma-racje-to-ideologiczna-goraczka-a-nie-historia\/#primaryimage"},"image":{"@id":"https:\/\/antykomunistyczni.pl\/index.php\/kornelia-sobczak-i-jej-zoska-i-rudy-kolejny-atak-na-polskich-bohaterow-piotr-zaremba-ma-racje-to-ideologiczna-goraczka-a-nie-historia\/#primaryimage"},"thumbnailUrl":"https:\/\/antykomunistyczni.pl\/wp-content\/uploads\/2026\/03\/Jan-Bytnar-Rudy.jpg","datePublished":"2026-03-16T16:31:57+00:00","dateModified":"2026-03-16T16:31:58+00:00","description":"Ksi\u0105\u017cka Kornelii Sobczak \u201eZo\u015bka i Rudy. O mi\u0142o\u015bci, przyja\u017ani i Polsce\u201d, promowana przez Krytyk\u0119 Polityczn\u0105 i Gazet\u0119 Wyborcz\u0105 jako \u201equeerowa\u201d reinterpretacja legendy \u201eKamieni na szaniec\u201d.","breadcrumb":{"@id":"https:\/\/antykomunistyczni.pl\/index.php\/kornelia-sobczak-i-jej-zoska-i-rudy-kolejny-atak-na-polskich-bohaterow-piotr-zaremba-ma-racje-to-ideologiczna-goraczka-a-nie-historia\/#breadcrumb"},"inLanguage":"pl-PL","potentialAction":[{"@type":"ReadAction","target":["https:\/\/antykomunistyczni.pl\/index.php\/kornelia-sobczak-i-jej-zoska-i-rudy-kolejny-atak-na-polskich-bohaterow-piotr-zaremba-ma-racje-to-ideologiczna-goraczka-a-nie-historia\/"]}]},{"@type":"ImageObject","inLanguage":"pl-PL","@id":"https:\/\/antykomunistyczni.pl\/index.php\/kornelia-sobczak-i-jej-zoska-i-rudy-kolejny-atak-na-polskich-bohaterow-piotr-zaremba-ma-racje-to-ideologiczna-goraczka-a-nie-historia\/#primaryimage","url":"https:\/\/antykomunistyczni.pl\/wp-content\/uploads\/2026\/03\/Jan-Bytnar-Rudy.jpg","contentUrl":"https:\/\/antykomunistyczni.pl\/wp-content\/uploads\/2026\/03\/Jan-Bytnar-Rudy.jpg","width":2048,"height":1465,"caption":"Jan Bytnar \u201eRudy\u201d. Zdj\u0119cie pochodzi z kolekcji fotografii stanowi\u0105cej prawdopodobnie cz\u0119\u015b\u0107 archiwum batalionu \u201eZo\u015bka\u201d, zarekwirowanego przez UB podczas aresztowania Jana Rodowicza \u201eAnody\u201d 24 grudnia 1948 r. (fot. z zasobu IPN)"},{"@type":"BreadcrumbList","@id":"https:\/\/antykomunistyczni.pl\/index.php\/kornelia-sobczak-i-jej-zoska-i-rudy-kolejny-atak-na-polskich-bohaterow-piotr-zaremba-ma-racje-to-ideologiczna-goraczka-a-nie-historia\/#breadcrumb","itemListElement":[{"@type":"ListItem","position":1,"name":"Strona g\u0142\u00f3wna","item":"https:\/\/antykomunistyczni.pl\/"},{"@type":"ListItem","position":2,"name":"Kornelia Sobczak i jej \u201eZo\u015bka i Rudy\u201d \u2013 kolejny atak na polskich bohater\u00f3w. Piotr Zaremba ma racj\u0119: to ideologiczna gor\u0105czka, a nie historia"}]},{"@type":"WebSite","@id":"https:\/\/antykomunistyczni.pl\/#website","url":"https:\/\/antykomunistyczni.pl\/","name":"Antykomunistyczni.pl","description":"","publisher":{"@id":"https:\/\/antykomunistyczni.pl\/#organization"},"alternateName":"Historia PRL, zbrodnie komunistyczne w Polsce i na \u015bwiecie","potentialAction":[{"@type":"SearchAction","target":{"@type":"EntryPoint","urlTemplate":"https:\/\/antykomunistyczni.pl\/?s={search_term_string}"},"query-input":{"@type":"PropertyValueSpecification","valueRequired":true,"valueName":"search_term_string"}}],"inLanguage":"pl-PL"},{"@type":"Organization","@id":"https:\/\/antykomunistyczni.pl\/#organization","name":"Antykomunistyczni.pl","url":"https:\/\/antykomunistyczni.pl\/","logo":{"@type":"ImageObject","inLanguage":"pl-PL","@id":"https:\/\/antykomunistyczni.pl\/#\/schema\/logo\/image\/","url":"https:\/\/antykomunistyczni.pl\/wp-content\/uploads\/2026\/02\/cropped-AntykomunistyczniLogoSquare150x150-2.png","contentUrl":"https:\/\/antykomunistyczni.pl\/wp-content\/uploads\/2026\/02\/cropped-AntykomunistyczniLogoSquare150x150-2.png","width":150,"height":150,"caption":"Antykomunistyczni.pl"},"image":{"@id":"https:\/\/antykomunistyczni.pl\/#\/schema\/logo\/image\/"},"sameAs":["https:\/\/www.facebook.com\/antykomunistyczni\/","https:\/\/x.com\/anty_komunisci"]},{"@type":"Person","@id":"https:\/\/antykomunistyczni.pl\/#\/schema\/person\/4963e693e8006b94062d91d1295d02a0","name":"Antykomunistyczni","image":{"@type":"ImageObject","inLanguage":"pl-PL","@id":"https:\/\/secure.gravatar.com\/avatar\/ff172875f9ced7887f883245268c1ba638c26cf1e0530f7f61b4705963a6730b?s=96&d=mm&r=g","url":"https:\/\/secure.gravatar.com\/avatar\/ff172875f9ced7887f883245268c1ba638c26cf1e0530f7f61b4705963a6730b?s=96&d=mm&r=g","contentUrl":"https:\/\/secure.gravatar.com\/avatar\/ff172875f9ced7887f883245268c1ba638c26cf1e0530f7f61b4705963a6730b?s=96&d=mm&r=g","caption":"Antykomunistyczni"},"sameAs":["http:\/\/antykomunistyczni.pl"],"url":"https:\/\/antykomunistyczni.pl\/index.php\/author\/admin0\/"}]}},"_links":{"self":[{"href":"https:\/\/antykomunistyczni.pl\/index.php\/wp-json\/wp\/v2\/posts\/1037","targetHints":{"allow":["GET"]}}],"collection":[{"href":"https:\/\/antykomunistyczni.pl\/index.php\/wp-json\/wp\/v2\/posts"}],"about":[{"href":"https:\/\/antykomunistyczni.pl\/index.php\/wp-json\/wp\/v2\/types\/post"}],"author":[{"embeddable":true,"href":"https:\/\/antykomunistyczni.pl\/index.php\/wp-json\/wp\/v2\/users\/1"}],"replies":[{"embeddable":true,"href":"https:\/\/antykomunistyczni.pl\/index.php\/wp-json\/wp\/v2\/comments?post=1037"}],"version-history":[{"count":18,"href":"https:\/\/antykomunistyczni.pl\/index.php\/wp-json\/wp\/v2\/posts\/1037\/revisions"}],"predecessor-version":[{"id":1581,"href":"https:\/\/antykomunistyczni.pl\/index.php\/wp-json\/wp\/v2\/posts\/1037\/revisions\/1581"}],"wp:featuredmedia":[{"embeddable":true,"href":"https:\/\/antykomunistyczni.pl\/index.php\/wp-json\/wp\/v2\/media\/1038"}],"wp:attachment":[{"href":"https:\/\/antykomunistyczni.pl\/index.php\/wp-json\/wp\/v2\/media?parent=1037"}],"wp:term":[{"taxonomy":"category","embeddable":true,"href":"https:\/\/antykomunistyczni.pl\/index.php\/wp-json\/wp\/v2\/categories?post=1037"},{"taxonomy":"post_tag","embeddable":true,"href":"https:\/\/antykomunistyczni.pl\/index.php\/wp-json\/wp\/v2\/tags?post=1037"}],"curies":[{"name":"wp","href":"https:\/\/api.w.org\/{rel}","templated":true}]}}