{"id":1070,"date":"2026-03-12T09:48:11","date_gmt":"2026-03-12T08:48:11","guid":{"rendered":"https:\/\/antykomunistyczni.pl\/?p=1070"},"modified":"2026-03-12T09:49:37","modified_gmt":"2026-03-12T08:49:37","slug":"antykapitalistyczna-kontrrewolucja-pokolenia-z-marksistowska-propaganda","status":"publish","type":"post","link":"https:\/\/antykomunistyczni.pl\/index.php\/antykapitalistyczna-kontrrewolucja-pokolenia-z-marksistowska-propaganda\/","title":{"rendered":"Antykapitalistyczna kontrrewolucja pokolenia Z \u2013 marksizm wraca w\u015br\u00f3d m\u0142odych"},"content":{"rendered":"\t\t<div data-elementor-type=\"wp-post\" data-elementor-id=\"1070\" class=\"elementor elementor-1070\">\n\t\t\t\t<div class=\"elementor-element elementor-element-c627138 e-flex e-con-boxed e-con e-parent\" data-id=\"c627138\" data-element_type=\"container\" data-e-type=\"container\">\n\t\t\t\t\t<div class=\"e-con-inner\">\n\t\t\t\t<div class=\"elementor-element elementor-element-e6c4756 elementor-widget elementor-widget-heading\" data-id=\"e6c4756\" data-element_type=\"widget\" data-e-type=\"widget\" data-widget_type=\"heading.default\">\n\t\t\t\t\t<h2 class=\"elementor-heading-title elementor-size-default\">Antykapitalistyczna kontrrewolucja m\u0142odych \u2013 dlaczego pokolenie Z jest najbardziej podatne na marksistowsk\u0105 propagand\u0119\n\n\n<\/h2>\t\t\t\t<\/div>\n\t\t\t\t\t<\/div>\n\t\t\t\t<\/div>\n\t\t<div class=\"elementor-element elementor-element-7f6b1e8 e-flex e-con-boxed e-con e-parent\" data-id=\"7f6b1e8\" data-element_type=\"container\" data-e-type=\"container\">\n\t\t\t\t\t<div class=\"e-con-inner\">\n\t\t\t\t<div class=\"elementor-element elementor-element-8ecb3d4 elementor-arrows-position-inside elementor-pagination-position-outside elementor-widget elementor-widget-image-carousel\" data-id=\"8ecb3d4\" data-element_type=\"widget\" data-e-type=\"widget\" data-settings=\"{&quot;navigation&quot;:&quot;both&quot;,&quot;autoplay&quot;:&quot;yes&quot;,&quot;pause_on_hover&quot;:&quot;yes&quot;,&quot;pause_on_interaction&quot;:&quot;yes&quot;,&quot;autoplay_speed&quot;:5000,&quot;infinite&quot;:&quot;yes&quot;,&quot;speed&quot;:500}\" data-widget_type=\"image-carousel.default\">\n\t\t\t\t\t\t\t<div class=\"elementor-image-carousel-wrapper swiper\" role=\"region\" aria-roledescription=\"carousel\" aria-label=\"Karuzela obrazk\u00f3w\" dir=\"ltr\">\n\t\t\t<div class=\"elementor-image-carousel swiper-wrapper\" aria-live=\"off\">\n\t\t\t\t\t\t\t\t<div class=\"swiper-slide\" role=\"group\" aria-roledescription=\"slide\" aria-label=\"1 z 3\"><figure class=\"swiper-slide-inner\"><img decoding=\"async\" class=\"swiper-slide-image\" src=\"https:\/\/antykomunistyczni.pl\/wp-content\/uploads\/2026\/03\/ProtestStudentow-768x512.jpg\" alt=\"Aktywi\u015bci na prote\u015bcie w Polsce \u2013 has\u0142a rewolucyjne i energia pokolenia Z\" \/><\/figure><\/div><div class=\"swiper-slide\" role=\"group\" aria-roledescription=\"slide\" aria-label=\"2 z 3\"><figure class=\"swiper-slide-inner\"><img decoding=\"async\" class=\"swiper-slide-image\" src=\"https:\/\/antykomunistyczni.pl\/wp-content\/uploads\/2026\/03\/ProtestyKlimatyczne-768x512.jpg\" alt=\"ProtestyKlimatyczne\" \/><\/figure><\/div><div class=\"swiper-slide\" role=\"group\" aria-roledescription=\"slide\" aria-label=\"3 z 3\"><figure class=\"swiper-slide-inner\"><img decoding=\"async\" class=\"swiper-slide-image\" src=\"https:\/\/antykomunistyczni.pl\/wp-content\/uploads\/2026\/03\/Wody-odeszly-768x512.jpg\" alt=\"Wody-odeszly\" \/><\/figure><\/div>\t\t\t<\/div>\n\t\t\t\t\t\t\t\t\t\t\t\t<div class=\"elementor-swiper-button elementor-swiper-button-prev\" role=\"button\" tabindex=\"0\">\n\t\t\t\t\t\t<svg aria-hidden=\"true\" class=\"e-font-icon-svg e-eicon-chevron-left\" viewBox=\"0 0 1000 1000\" xmlns=\"http:\/\/www.w3.org\/2000\/svg\"><path d=\"M646 125C629 125 613 133 604 142L308 442C296 454 292 471 292 487 292 504 296 521 308 533L604 854C617 867 629 875 646 875 663 875 679 871 692 858 704 846 713 829 713 812 713 796 708 779 692 767L438 487 692 225C700 217 708 204 708 187 708 171 704 154 692 142 675 129 663 125 646 125Z\"><\/path><\/svg>\t\t\t\t\t<\/div>\n\t\t\t\t\t<div class=\"elementor-swiper-button elementor-swiper-button-next\" role=\"button\" tabindex=\"0\">\n\t\t\t\t\t\t<svg aria-hidden=\"true\" class=\"e-font-icon-svg e-eicon-chevron-right\" viewBox=\"0 0 1000 1000\" xmlns=\"http:\/\/www.w3.org\/2000\/svg\"><path d=\"M696 533C708 521 713 504 713 487 713 471 708 454 696 446L400 146C388 133 375 125 354 125 338 125 325 129 313 142 300 154 292 171 292 187 292 204 296 221 308 233L563 492 304 771C292 783 288 800 288 817 288 833 296 850 308 863 321 871 338 875 354 875 371 875 388 867 400 854L696 533Z\"><\/path><\/svg>\t\t\t\t\t<\/div>\n\t\t\t\t\n\t\t\t\t\t\t\t\t\t<div class=\"swiper-pagination\"><\/div>\n\t\t\t\t\t\t\t\t\t<\/div>\n\t\t\t\t\t\t<\/div>\n\t\t\t\t\t<\/div>\n\t\t\t\t<\/div>\n\t\t<div class=\"elementor-element elementor-element-24f6eccf e-flex e-con-boxed e-con e-parent\" data-id=\"24f6eccf\" data-element_type=\"container\" data-e-type=\"container\">\n\t\t\t\t\t<div class=\"e-con-inner\">\n\t\t\t\t<div class=\"elementor-element elementor-element-7b39ab6c elementor-widget elementor-widget-text-editor\" data-id=\"7b39ab6c\" data-element_type=\"widget\" data-e-type=\"widget\" data-widget_type=\"text-editor.default\">\n\t\t\t\t\t\t\t\t\t<p><span style=\"color: #000000;\"><\/span><\/p>\n<p class=\"wp-block-paragraph\"><span style=\"color: #000000; font-size: 1rem;\">W 2026 roku pokolenie Z (osoby urodzone mniej wi\u0119cej mi\u0119dzy 1997 a 2012 rokiem) wchodzi w pe\u0142ni w doros\u0142o\u015b\u0107 \u2013 g\u0142osuje, pracuje, zak\u0142ada rodziny. A jednak badania z ostatnich lat pokazuj\u0105 niepokoj\u0105cy trend: w\u015br\u00f3d 18\u201329-latk\u00f3w sympatia do socjalizmu i komunizmu osi\u0105ga poziomy, jakich nie widziano od czas\u00f3w zimnej wojny. W sonda\u017cu Cato Institute \/ YouGov z marca 2025 roku a\u017c <\/span><strong style=\"color: #000000; font-size: 1rem;\">62%<\/strong><span style=\"color: #000000; font-size: 1rem;\"> m\u0142odych Amerykan\u00f3w w wieku 18\u201329 lat wyra\u017ca\u0142o <\/span><strong style=\"color: #000000; font-size: 1rem;\">pozytywny stosunek do socjalizmu<\/strong><span style=\"color: #000000; font-size: 1rem;\">, a <\/span><strong style=\"color: #000000; font-size: 1rem;\">34%<\/strong><span style=\"color: #000000; font-size: 1rem;\"> do samego komunizmu. W Europie trend jest mniej jednostajny, ale w wielu krajach (Niemcy, Francja, Wielka Brytania) m\u0142odzi masowo odwracaj\u0105 si\u0119 od kapitalizmu na rzecz hase\u0142 \u201esprawiedliwo\u015bci spo\u0142ecznej\u201d, \u201eprzeciwko miliarderom\u201d i \u201esystemowej zmiany\u201d.<\/span><\/p>\n<p><span style=\"color: #000000;\"><\/span><\/p>\n<h3><span style=\"color: #000000;\">Sk\u0105d bierze si\u0119 ta antykapitalistyczna kontrrewolucja?<\/span><\/h3>\n<p class=\"wp-block-paragraph\"><span style=\"color: #000000;\"><\/span><\/p>\n<h5><span style=\"color: #000000;\"><strong>1. Gospodarcza trauma pokolenia, kt\u00f3re nigdy nie zazna\u0142o prosperity<\/strong><\/span><\/h5>\n<p class=\"wp-block-paragraph\"><span style=\"color: #000000;\"><\/span><\/p>\n<p class=\"wp-block-paragraph\"><span style=\"color: #000000;\">Pokolenie Z wesz\u0142o na rynek pracy w cieniu kryzysu finansowego 2008\u20132009 (kt\u00f3ry pami\u0119taj\u0105 z opowie\u015bci rodzic\u00f3w), pandemii COVID-19, rekordowej inflacji 2021\u20132023 i permanentnego kryzysu mieszkaniowego. Ceny mieszka\u0144 w du\u017cych miastach Europy i USA wzros\u0142y o 50\u2013100% w ci\u0105gu dekady, podczas gdy p\u0142ace realne sta\u0142y w miejscu lub spada\u0142y. Wynajem poch\u0142ania 40\u201360% dochod\u00f3w netto u m\u0142odych singli i par bez dzieci.<\/span><\/p>\n<p><span style=\"color: #000000;\"><\/span><\/p>\n<p class=\"wp-block-paragraph\"><span style=\"color: #000000;\">W ich oczach kapitalizm = niedost\u0119pne mieszkania + gig economy + studenckie d\u0142ugi + miliarderzy kupuj\u0105cy kolejne jachty. Marksistowska diagnoza \u201ewalki klas\u201d i \u201ewyzysku\u201d brzmi logicznie: bogaci vs. reszta, system jest ustawiony przeciwko nam.<\/span><\/p>\n<p><span style=\"color: #000000;\"><\/span><\/p>\n<h5><span style=\"color: #000000;\"><strong>2. TikTok jako g\u0142\u00f3wna tuba propagandowa neomarksizmu<\/strong><\/span><\/h5>\n<p class=\"wp-block-paragraph\"><span style=\"color: #000000;\"><\/span><\/p>\n<p class=\"wp-block-paragraph\"><span style=\"color: #000000;\">TikTok to dzi\u015b najwa\u017cniejszy kana\u0142 informacyjny pokolenia Z \u2013 ponad 60\u201370% m\u0142odych czerpie z niego wiedz\u0119 o \u015bwiecie. Algorytm platformy faworyzuje emocjonalne, kr\u00f3tkie, radykalne tre\u015bci. W efekcie w feedzie 18-latka r\u00f3wnie cz\u0119sto pojawiaj\u0105 si\u0119:<\/span><\/p>\n<p><span style=\"color: #000000;\"><\/span><\/p>\n<ul class=\"wp-block-list\">\n<li style=\"list-style-type: none;\">\n<ul class=\"wp-block-list\"><\/ul>\n<\/li>\n<\/ul>\n<ul class=\"wp-block-list\">\n<li style=\"list-style-type: none;\">\n<ul class=\"wp-block-list\">\n<li><span style=\"color: #000000;\">memy gloryfikuj\u0105ce Che Guevar\u0119 i Lenina,<\/span><\/li>\n<\/ul>\n<\/li>\n<\/ul>\n<p><\/p>\n<ul class=\"wp-block-list\">\n<li style=\"list-style-type: none;\">\n<ul class=\"wp-block-list\">\n<li><span style=\"color: #000000;\">wyja\u015bnienia \u201edlaczego komunizm nigdy nie by\u0142 prawdziwie wdro\u017cony\u201d,<\/span><\/li>\n<\/ul>\n<\/li>\n<\/ul>\n<p><\/p>\n<ul class=\"wp-block-list\">\n<li style=\"list-style-type: none;\">\n<ul class=\"wp-block-list\">\n<li><span style=\"color: #000000;\">ataki na \u201ekapitalistyczny wyzysk\u201d,<\/span><\/li>\n<\/ul>\n<\/li>\n<\/ul>\n<p><\/p>\n<ul class=\"wp-block-list\">\n<li style=\"list-style-type: none;\">\n<ul class=\"wp-block-list\">\n<li><span style=\"color: #000000;\">teorie o \u201ep\u00f3\u017anym kapitalizmie\u201d i nieuchronnym upadku systemu.<\/span><\/li>\n<\/ul>\n<\/li>\n<\/ul>\n<p><\/p>\n<p><span style=\"color: #000000;\"><\/span><\/p>\n<p class=\"wp-block-paragraph\"><span style=\"color: #000000;\">Chi\u0144ski w\u0142a\u015bciciel TikToka (ByteDance) nie musi nawet aktywnie promowa\u0107 komunizmu \u2013 wystarczy, \u017ce algorytm nagradza tre\u015bci wywo\u0142uj\u0105ce najwi\u0119ksze zaanga\u017cowanie (outrage + poczucie wsp\u00f3lnoty uciskanych). Efekt jest taki sam: marksistowskie kategorie my\u015blenia (opresor\u2013uciskany, strukturalny wyzysk) staj\u0105 si\u0119 domy\u015blnym sposobem opisywania rzeczywisto\u015bci.<\/span><\/p>\n<p><span style=\"color: #000000;\"><\/span><\/p>\n<h5><span style=\"color: #000000;\"><strong>3. Romantyzacja \u201ebezpiecze\u0144stwa\u201d i egalitaryzmu<\/strong><\/span><\/h5>\n<p class=\"wp-block-paragraph\"><span style=\"color: #000000;\"><\/span><\/p>\n<p class=\"wp-block-paragraph\"><span style=\"color: #000000;\">Pokolenie Z wychowa\u0142o si\u0119 w kulturze \u201ebezpiecze\u0144stwa emocjonalnego\u201d, trigger warning\u00f3w i walki z mikroagresjami. Przeniesienie tego my\u015blenia na gospodark\u0119 jest naturalne: skoro nier\u00f3wno\u015bci wywo\u0142uj\u0105 cierpienie i l\u0119k \u2013 nale\u017cy je zlikwidowa\u0107 si\u0142\u0105 pa\u0144stwa. Has\u0142a typu \u201esprawiedliwo\u015b\u0107 klimatyczna\u201d, \u201esprawiedliwo\u015b\u0107 mieszkaniowa\u201d, \u201eopodatkowanie bogactwa\u201d brzmi\u0105 jak moralny imperatyw, a nie jak powr\u00f3t do kolektywizmu.<\/span><\/p>\n<p><span style=\"color: #000000;\"><\/span><\/p>\n<p class=\"wp-block-paragraph\"><span style=\"color: #000000;\">Dodatkowo wielu m\u0142odych nie pami\u0119ta (lub nie chce pami\u0119ta\u0107) realnego komunizmu: gu\u0142ag\u00f3w, Wielkiego G\u0142odu, Czerwonych Khmer\u00f3w, muru berli\u0144skiego. Zamiast tego widz\u0105 wybi\u00f3rcze narracje o \u201esukcesach\u201d Kuby w opiece zdrowotnej, \u201er\u00f3wno\u015bci\u201d w ZSRR czy \u201ewalk\u0119 z imperializmem\u201d Chin.<\/span><\/p>\n<p><span style=\"color: #000000;\"><\/span><\/p>\n<h5><span style=\"color: #000000;\"><strong>4. Upadek autorytetu tradycyjnych instytucji<\/strong><\/span><\/h5>\n<p class=\"wp-block-paragraph\"><span style=\"color: #000000;\"><\/span><\/p>\n<p class=\"wp-block-paragraph\"><span style=\"color: #000000;\">Uniwersytety, media g\u0142\u00f3wnego nurtu, partie centrowe \u2013 wszystko to postrzegane jest jako skorumpowane lub oderwane od rzeczywisto\u015bci. Kiedy kto\u015b m\u00f3wi \u201esystem jest zepsuty\u201d, m\u0142ody cz\u0142owiek kiwa g\u0142ow\u0105 \u2013 a marksistowska lewica oferuje najprostsze wyja\u015bnienie i najradykalniejsze rozwi\u0105zanie: wywr\u00f3ci\u0107 stolik.<\/span><\/p>\n<p><span style=\"color: #000000;\"><\/span><\/p>\n<h3><span style=\"color: #000000;\"><strong>Podsumowanie \u2013 zagro\u017cenie na najbli\u017csze lata<\/strong><\/span><\/h3>\n<p class=\"wp-block-paragraph\"><span style=\"color: #000000;\"><\/span><\/p>\n<p class=\"wp-block-paragraph\"><span style=\"color: #000000;\">Pokolenie Z nie jest jednolite \u2013 w Europie widzimy te\u017c silny zwrot cz\u0119\u015bci m\u0142odych m\u0119\u017cczyzn w stron\u0119 radykalnej prawicy (AfD, Konfederacja, RN). Ale lewicowy marksistowski romantyzm pozostaje silny, zw\u0142aszcza w\u015br\u00f3d m\u0142odych kobiet i student\u00f3w kierunk\u00f3w humanistycznych\/spo\u0142ecznych.<\/span><\/p>\n<p><span style=\"color: #000000;\"><\/span><\/p>\n<p class=\"wp-block-paragraph\"><span style=\"color: #000000;\">Je\u015bli antykomuni\u015bci nie zaczn\u0105 skutecznie pokazywa\u0107:<\/span><\/p>\n<p><span style=\"color: #000000;\"><\/span><\/p>\n<ul class=\"wp-block-list\">\n<li style=\"list-style-type: none;\">\n<ul class=\"wp-block-list\"><\/ul>\n<\/li>\n<\/ul>\n<ul class=\"wp-block-list\">\n<li style=\"list-style-type: none;\">\n<ul class=\"wp-block-list\">\n<li><span style=\"color: #000000;\">jak kapitalizm wyprowadzi\u0142 miliardy ludzi z n\u0119dzy,<\/span><\/li>\n<\/ul>\n<\/li>\n<\/ul>\n<p><\/p>\n<ul class=\"wp-block-list\">\n<li style=\"list-style-type: none;\">\n<ul class=\"wp-block-list\">\n<li><span style=\"color: #000000;\">ile krwi kosztowa\u0142y eksperymenty socjalistyczne,<\/span><\/li>\n<\/ul>\n<\/li>\n<\/ul>\n<p><\/p>\n<ul class=\"wp-block-list\">\n<li style=\"list-style-type: none;\">\n<ul class=\"wp-block-list\">\n<li><span style=\"color: #000000;\">\u017ce dzisiejsze \u201edemokratyczne socjalizmy\u201d ko\u0144cz\u0105 si\u0119 stagnacj\u0105 i d\u0142ugami publicznymi,<\/span><\/li>\n<\/ul>\n<\/li>\n<\/ul>\n<p><\/p>\n<p><span style=\"color: #000000;\"><\/span><\/p>\n<p class=\"wp-block-paragraph\"><span style=\"color: #000000;\">to w latach 2030\u20132040 mo\u017cemy mie\u0107 pokolenie wyborc\u00f3w, kt\u00f3re \u015bwiadomie wybierze kolektywizm \u2013 tym razem pod zielono-r\u00f3\u017cow\u0105 flag\u0105.<\/span><\/p>\n<p><span style=\"color: #000000;\"><\/span><\/p>\n<p class=\"wp-block-paragraph\"><span style=\"color: #000000;\">Historia zatoczy\u0142a ko\u0142o. Marksistowska propaganda nie potrzebuje ju\u017c Czerwonej Armii \u2013 wystarczy smartfon i 15-sekundowy filmik.<\/span><\/p>\n<p><span style=\"color: #000000;\"><\/span><\/p>\n<p class=\"wp-block-paragraph\"><span style=\"color: #000000;\">Czy damy si\u0119 zaskoczy\u0107 po raz drugi w ci\u0105gu stu lat?<\/span><\/p>\n<p><span style=\"color: #000000;\"><\/span><\/p>\n<p class=\"wp-block-paragraph\">\u00a0<\/p>\n<p><span style=\"color: #000000;\"><\/span><\/p>\t\t\t\t\t\t\t\t<\/div>\n\t\t\t\t\t<\/div>\n\t\t\t\t<\/div>\n\t\t\t\t<\/div>\n\t\t","protected":false},"excerpt":{"rendered":"<p>Antykapitalistyczna kontrrewolucja m\u0142odych \u2013 dlaczego pokolenie Z jest najbardziej podatne na marksistowsk\u0105 propagand\u0119 W 2026 roku pokolenie Z (osoby urodzone mniej wi\u0119cej mi\u0119dzy 1997 a 2012 rokiem) wchodzi w pe\u0142ni w doros\u0142o\u015b\u0107 \u2013 g\u0142osuje, pracuje, zak\u0142ada rodziny. A jednak badania z ostatnich lat pokazuj\u0105 niepokoj\u0105cy trend: w\u015br\u00f3d 18\u201329-latk\u00f3w sympatia do socjalizmu i komunizmu osi\u0105ga poziomy, [&hellip;]<\/p>\n","protected":false},"author":1,"featured_media":1072,"comment_status":"closed","ping_status":"closed","sticky":false,"template":"","format":"standard","meta":{"give_campaign_id":0,"footnotes":""},"categories":[22,47,46,44],"tags":[62,64,68,71,65,70,69,61,63,66,67],"class_list":["post-1070","post","type-post","status-publish","format-standard","has-post-thumbnail","hentry","category-aktualnosci","category-komunizm-w-ideologiach-i-ruchach-wspolczesnych","category-mechanizmy-wspolczesnego-komunizmu","category-wspolczesny-komunizm","tag-antykapitalizm","tag-gen-z","tag-kryzys-mieszkaniowy-mlodzi","tag-lewica-radykalna-mlodziez","tag-marksizm","tag-neomarksizm-2026","tag-nostalgia-za-komunizmem","tag-pokolenie-z","tag-propaganda-marksistowska","tag-socjalizm-wsrod-mlodych","tag-tiktok-komunizm"],"yoast_head":"<!-- This site is optimized with the Yoast SEO plugin v28.4 - https:\/\/yoast.com\/product\/yoast-seo-wordpress\/ -->\n<title>Antykapitalistyczna kontrrewolucja pokolenia Z \u2013 marksizm wraca w\u015br\u00f3d m\u0142odych - Antykomunistyczni.pl<\/title>\n<meta name=\"description\" content=\"Dlaczego pokolenie Z odrzuca kapitalizm? TikTok, kryzys mieszkaniowy i nostalgia za socjalizmem. Analiza, dlaczego m\u0142odzi s\u0105 podatni na marksistowsk\u0105 propagand\u0119 w 2026 roku.\" \/>\n<meta name=\"robots\" content=\"index, follow, max-snippet:-1, max-image-preview:large, max-video-preview:-1\" \/>\n<link rel=\"canonical\" href=\"https:\/\/antykomunistyczni.pl\/index.php\/antykapitalistyczna-kontrrewolucja-pokolenia-z-marksistowska-propaganda\/\" \/>\n<meta property=\"og:locale\" content=\"pl_PL\" \/>\n<meta property=\"og:type\" content=\"article\" \/>\n<meta property=\"og:title\" content=\"Antykapitalistyczna kontrrewolucja pokolenia Z \u2013 marksizm wraca w\u015br\u00f3d m\u0142odych - Antykomunistyczni.pl\" \/>\n<meta property=\"og:description\" content=\"Dlaczego pokolenie Z odrzuca kapitalizm? TikTok, kryzys mieszkaniowy i nostalgia za socjalizmem. Analiza, dlaczego m\u0142odzi s\u0105 podatni na marksistowsk\u0105 propagand\u0119 w 2026 roku.\" \/>\n<meta property=\"og:url\" content=\"https:\/\/antykomunistyczni.pl\/index.php\/antykapitalistyczna-kontrrewolucja-pokolenia-z-marksistowska-propaganda\/\" \/>\n<meta property=\"og:site_name\" content=\"Antykomunistyczni.pl\" \/>\n<meta property=\"article:publisher\" content=\"https:\/\/www.facebook.com\/antykomunistyczni\/\" \/>\n<meta property=\"article:published_time\" content=\"2026-03-12T08:48:11+00:00\" \/>\n<meta property=\"article:modified_time\" content=\"2026-03-12T08:49:37+00:00\" \/>\n<meta property=\"og:image\" content=\"https:\/\/antykomunistyczni.pl\/wp-content\/uploads\/2026\/03\/ProtestStudentow.jpg\" \/>\n\t<meta property=\"og:image:width\" content=\"1200\" \/>\n\t<meta property=\"og:image:height\" content=\"800\" \/>\n\t<meta property=\"og:image:type\" content=\"image\/jpeg\" \/>\n<meta name=\"author\" content=\"Antykomunistyczni\" \/>\n<meta name=\"twitter:card\" content=\"summary_large_image\" \/>\n<meta name=\"twitter:creator\" content=\"@anty_komunisci\" \/>\n<meta name=\"twitter:site\" content=\"@anty_komunisci\" \/>\n<meta name=\"twitter:label1\" content=\"Napisane przez\" \/>\n\t<meta name=\"twitter:data1\" content=\"Antykomunistyczni\" \/>\n\t<meta name=\"twitter:label2\" content=\"Szacowany czas czytania\" \/>\n\t<meta name=\"twitter:data2\" content=\"6 minut\" \/>\n<script type=\"application\/ld+json\" class=\"yoast-schema-graph\">{\"@context\":\"https:\\\/\\\/schema.org\",\"@graph\":[{\"@type\":\"Article\",\"@id\":\"https:\\\/\\\/antykomunistyczni.pl\\\/index.php\\\/antykapitalistyczna-kontrrewolucja-pokolenia-z-marksistowska-propaganda\\\/#article\",\"isPartOf\":{\"@id\":\"https:\\\/\\\/antykomunistyczni.pl\\\/index.php\\\/antykapitalistyczna-kontrrewolucja-pokolenia-z-marksistowska-propaganda\\\/\"},\"author\":{\"name\":\"Antykomunistyczni\",\"@id\":\"https:\\\/\\\/antykomunistyczni.pl\\\/#\\\/schema\\\/person\\\/4963e693e8006b94062d91d1295d02a0\"},\"headline\":\"Antykapitalistyczna kontrrewolucja pokolenia Z \u2013 marksizm wraca w\u015br\u00f3d m\u0142odych\",\"datePublished\":\"2026-03-12T08:48:11+00:00\",\"dateModified\":\"2026-03-12T08:49:37+00:00\",\"mainEntityOfPage\":{\"@id\":\"https:\\\/\\\/antykomunistyczni.pl\\\/index.php\\\/antykapitalistyczna-kontrrewolucja-pokolenia-z-marksistowska-propaganda\\\/\"},\"wordCount\":689,\"publisher\":{\"@id\":\"https:\\\/\\\/antykomunistyczni.pl\\\/#organization\"},\"image\":{\"@id\":\"https:\\\/\\\/antykomunistyczni.pl\\\/index.php\\\/antykapitalistyczna-kontrrewolucja-pokolenia-z-marksistowska-propaganda\\\/#primaryimage\"},\"thumbnailUrl\":\"https:\\\/\\\/antykomunistyczni.pl\\\/wp-content\\\/uploads\\\/2026\\\/03\\\/ProtestStudentow.jpg\",\"keywords\":[\"antykapitalizm\",\"Gen Z\",\"kryzys mieszkaniowy m\u0142odzi\",\"lewica radykalna m\u0142odzie\u017c\",\"marksizm\",\"neomarksizm 2026\",\"nostalgia za komunizmem\",\"pokolenie Z\",\"propaganda marksistowska\",\"socjalizm w\u015br\u00f3d m\u0142odych\",\"TikTok komunizm\"],\"articleSection\":[\"Aktualno\u015bci\",\"Komunizm w ideologiach i ruchach wsp\u00f3\u0142czesnych\",\"Mechanizmy wsp\u00f3\u0142czesnego komunizmu\",\"Wsp\u00f3\u0142czesny komunizm\"],\"inLanguage\":\"pl-PL\"},{\"@type\":\"WebPage\",\"@id\":\"https:\\\/\\\/antykomunistyczni.pl\\\/index.php\\\/antykapitalistyczna-kontrrewolucja-pokolenia-z-marksistowska-propaganda\\\/\",\"url\":\"https:\\\/\\\/antykomunistyczni.pl\\\/index.php\\\/antykapitalistyczna-kontrrewolucja-pokolenia-z-marksistowska-propaganda\\\/\",\"name\":\"Antykapitalistyczna kontrrewolucja pokolenia Z \u2013 marksizm wraca w\u015br\u00f3d m\u0142odych - Antykomunistyczni.pl\",\"isPartOf\":{\"@id\":\"https:\\\/\\\/antykomunistyczni.pl\\\/#website\"},\"primaryImageOfPage\":{\"@id\":\"https:\\\/\\\/antykomunistyczni.pl\\\/index.php\\\/antykapitalistyczna-kontrrewolucja-pokolenia-z-marksistowska-propaganda\\\/#primaryimage\"},\"image\":{\"@id\":\"https:\\\/\\\/antykomunistyczni.pl\\\/index.php\\\/antykapitalistyczna-kontrrewolucja-pokolenia-z-marksistowska-propaganda\\\/#primaryimage\"},\"thumbnailUrl\":\"https:\\\/\\\/antykomunistyczni.pl\\\/wp-content\\\/uploads\\\/2026\\\/03\\\/ProtestStudentow.jpg\",\"datePublished\":\"2026-03-12T08:48:11+00:00\",\"dateModified\":\"2026-03-12T08:49:37+00:00\",\"description\":\"Dlaczego pokolenie Z odrzuca kapitalizm? TikTok, kryzys mieszkaniowy i nostalgia za socjalizmem. Analiza, dlaczego m\u0142odzi s\u0105 podatni na marksistowsk\u0105 propagand\u0119 w 2026 roku.\",\"breadcrumb\":{\"@id\":\"https:\\\/\\\/antykomunistyczni.pl\\\/index.php\\\/antykapitalistyczna-kontrrewolucja-pokolenia-z-marksistowska-propaganda\\\/#breadcrumb\"},\"inLanguage\":\"pl-PL\",\"potentialAction\":[{\"@type\":\"ReadAction\",\"target\":[\"https:\\\/\\\/antykomunistyczni.pl\\\/index.php\\\/antykapitalistyczna-kontrrewolucja-pokolenia-z-marksistowska-propaganda\\\/\"]}]},{\"@type\":\"ImageObject\",\"inLanguage\":\"pl-PL\",\"@id\":\"https:\\\/\\\/antykomunistyczni.pl\\\/index.php\\\/antykapitalistyczna-kontrrewolucja-pokolenia-z-marksistowska-propaganda\\\/#primaryimage\",\"url\":\"https:\\\/\\\/antykomunistyczni.pl\\\/wp-content\\\/uploads\\\/2026\\\/03\\\/ProtestStudentow.jpg\",\"contentUrl\":\"https:\\\/\\\/antykomunistyczni.pl\\\/wp-content\\\/uploads\\\/2026\\\/03\\\/ProtestStudentow.jpg\",\"width\":1200,\"height\":800,\"caption\":\"Aktywi\u015bci na prote\u015bcie w Polsce \u2013 has\u0142a rewolucyjne i energia pokolenia Z\"},{\"@type\":\"BreadcrumbList\",\"@id\":\"https:\\\/\\\/antykomunistyczni.pl\\\/index.php\\\/antykapitalistyczna-kontrrewolucja-pokolenia-z-marksistowska-propaganda\\\/#breadcrumb\",\"itemListElement\":[{\"@type\":\"ListItem\",\"position\":1,\"name\":\"Strona g\u0142\u00f3wna\",\"item\":\"https:\\\/\\\/antykomunistyczni.pl\\\/\"},{\"@type\":\"ListItem\",\"position\":2,\"name\":\"Antykapitalistyczna kontrrewolucja pokolenia Z \u2013 marksizm wraca w\u015br\u00f3d m\u0142odych\"}]},{\"@type\":\"WebSite\",\"@id\":\"https:\\\/\\\/antykomunistyczni.pl\\\/#website\",\"url\":\"https:\\\/\\\/antykomunistyczni.pl\\\/\",\"name\":\"Antykomunistyczni.pl\",\"description\":\"\",\"publisher\":{\"@id\":\"https:\\\/\\\/antykomunistyczni.pl\\\/#organization\"},\"alternateName\":\"Historia PRL, zbrodnie komunistyczne w Polsce i na \u015bwiecie\",\"potentialAction\":[{\"@type\":\"SearchAction\",\"target\":{\"@type\":\"EntryPoint\",\"urlTemplate\":\"https:\\\/\\\/antykomunistyczni.pl\\\/?s={search_term_string}\"},\"query-input\":{\"@type\":\"PropertyValueSpecification\",\"valueRequired\":true,\"valueName\":\"search_term_string\"}}],\"inLanguage\":\"pl-PL\"},{\"@type\":\"Organization\",\"@id\":\"https:\\\/\\\/antykomunistyczni.pl\\\/#organization\",\"name\":\"Antykomunistyczni.pl\",\"url\":\"https:\\\/\\\/antykomunistyczni.pl\\\/\",\"logo\":{\"@type\":\"ImageObject\",\"inLanguage\":\"pl-PL\",\"@id\":\"https:\\\/\\\/antykomunistyczni.pl\\\/#\\\/schema\\\/logo\\\/image\\\/\",\"url\":\"https:\\\/\\\/antykomunistyczni.pl\\\/wp-content\\\/uploads\\\/2026\\\/02\\\/cropped-AntykomunistyczniLogoSquare150x150-2.png\",\"contentUrl\":\"https:\\\/\\\/antykomunistyczni.pl\\\/wp-content\\\/uploads\\\/2026\\\/02\\\/cropped-AntykomunistyczniLogoSquare150x150-2.png\",\"width\":150,\"height\":150,\"caption\":\"Antykomunistyczni.pl\"},\"image\":{\"@id\":\"https:\\\/\\\/antykomunistyczni.pl\\\/#\\\/schema\\\/logo\\\/image\\\/\"},\"sameAs\":[\"https:\\\/\\\/www.facebook.com\\\/antykomunistyczni\\\/\",\"https:\\\/\\\/x.com\\\/anty_komunisci\"]},{\"@type\":\"Person\",\"@id\":\"https:\\\/\\\/antykomunistyczni.pl\\\/#\\\/schema\\\/person\\\/4963e693e8006b94062d91d1295d02a0\",\"name\":\"Antykomunistyczni\",\"image\":{\"@type\":\"ImageObject\",\"inLanguage\":\"pl-PL\",\"@id\":\"https:\\\/\\\/secure.gravatar.com\\\/avatar\\\/ff172875f9ced7887f883245268c1ba638c26cf1e0530f7f61b4705963a6730b?s=96&d=mm&r=g\",\"url\":\"https:\\\/\\\/secure.gravatar.com\\\/avatar\\\/ff172875f9ced7887f883245268c1ba638c26cf1e0530f7f61b4705963a6730b?s=96&d=mm&r=g\",\"contentUrl\":\"https:\\\/\\\/secure.gravatar.com\\\/avatar\\\/ff172875f9ced7887f883245268c1ba638c26cf1e0530f7f61b4705963a6730b?s=96&d=mm&r=g\",\"caption\":\"Antykomunistyczni\"},\"sameAs\":[\"http:\\\/\\\/antykomunistyczni.pl\"],\"url\":\"https:\\\/\\\/antykomunistyczni.pl\\\/index.php\\\/author\\\/admin0\\\/\"}]}<\/script>\n<!-- \/ Yoast SEO plugin. -->","yoast_head_json":{"title":"Antykapitalistyczna kontrrewolucja pokolenia Z \u2013 marksizm wraca w\u015br\u00f3d m\u0142odych - Antykomunistyczni.pl","description":"Dlaczego pokolenie Z odrzuca kapitalizm? TikTok, kryzys mieszkaniowy i nostalgia za socjalizmem. Analiza, dlaczego m\u0142odzi s\u0105 podatni na marksistowsk\u0105 propagand\u0119 w 2026 roku.","robots":{"index":"index","follow":"follow","max-snippet":"max-snippet:-1","max-image-preview":"max-image-preview:large","max-video-preview":"max-video-preview:-1"},"canonical":"https:\/\/antykomunistyczni.pl\/index.php\/antykapitalistyczna-kontrrewolucja-pokolenia-z-marksistowska-propaganda\/","og_locale":"pl_PL","og_type":"article","og_title":"Antykapitalistyczna kontrrewolucja pokolenia Z \u2013 marksizm wraca w\u015br\u00f3d m\u0142odych - Antykomunistyczni.pl","og_description":"Dlaczego pokolenie Z odrzuca kapitalizm? TikTok, kryzys mieszkaniowy i nostalgia za socjalizmem. Analiza, dlaczego m\u0142odzi s\u0105 podatni na marksistowsk\u0105 propagand\u0119 w 2026 roku.","og_url":"https:\/\/antykomunistyczni.pl\/index.php\/antykapitalistyczna-kontrrewolucja-pokolenia-z-marksistowska-propaganda\/","og_site_name":"Antykomunistyczni.pl","article_publisher":"https:\/\/www.facebook.com\/antykomunistyczni\/","article_published_time":"2026-03-12T08:48:11+00:00","article_modified_time":"2026-03-12T08:49:37+00:00","og_image":[{"width":1200,"height":800,"url":"https:\/\/antykomunistyczni.pl\/wp-content\/uploads\/2026\/03\/ProtestStudentow.jpg","type":"image\/jpeg"}],"author":"Antykomunistyczni","twitter_card":"summary_large_image","twitter_creator":"@anty_komunisci","twitter_site":"@anty_komunisci","twitter_misc":{"Napisane przez":"Antykomunistyczni","Szacowany czas czytania":"6 minut"},"schema":{"@context":"https:\/\/schema.org","@graph":[{"@type":"Article","@id":"https:\/\/antykomunistyczni.pl\/index.php\/antykapitalistyczna-kontrrewolucja-pokolenia-z-marksistowska-propaganda\/#article","isPartOf":{"@id":"https:\/\/antykomunistyczni.pl\/index.php\/antykapitalistyczna-kontrrewolucja-pokolenia-z-marksistowska-propaganda\/"},"author":{"name":"Antykomunistyczni","@id":"https:\/\/antykomunistyczni.pl\/#\/schema\/person\/4963e693e8006b94062d91d1295d02a0"},"headline":"Antykapitalistyczna kontrrewolucja pokolenia Z \u2013 marksizm wraca w\u015br\u00f3d m\u0142odych","datePublished":"2026-03-12T08:48:11+00:00","dateModified":"2026-03-12T08:49:37+00:00","mainEntityOfPage":{"@id":"https:\/\/antykomunistyczni.pl\/index.php\/antykapitalistyczna-kontrrewolucja-pokolenia-z-marksistowska-propaganda\/"},"wordCount":689,"publisher":{"@id":"https:\/\/antykomunistyczni.pl\/#organization"},"image":{"@id":"https:\/\/antykomunistyczni.pl\/index.php\/antykapitalistyczna-kontrrewolucja-pokolenia-z-marksistowska-propaganda\/#primaryimage"},"thumbnailUrl":"https:\/\/antykomunistyczni.pl\/wp-content\/uploads\/2026\/03\/ProtestStudentow.jpg","keywords":["antykapitalizm","Gen Z","kryzys mieszkaniowy m\u0142odzi","lewica radykalna m\u0142odzie\u017c","marksizm","neomarksizm 2026","nostalgia za komunizmem","pokolenie Z","propaganda marksistowska","socjalizm w\u015br\u00f3d m\u0142odych","TikTok komunizm"],"articleSection":["Aktualno\u015bci","Komunizm w ideologiach i ruchach wsp\u00f3\u0142czesnych","Mechanizmy wsp\u00f3\u0142czesnego komunizmu","Wsp\u00f3\u0142czesny komunizm"],"inLanguage":"pl-PL"},{"@type":"WebPage","@id":"https:\/\/antykomunistyczni.pl\/index.php\/antykapitalistyczna-kontrrewolucja-pokolenia-z-marksistowska-propaganda\/","url":"https:\/\/antykomunistyczni.pl\/index.php\/antykapitalistyczna-kontrrewolucja-pokolenia-z-marksistowska-propaganda\/","name":"Antykapitalistyczna kontrrewolucja pokolenia Z \u2013 marksizm wraca w\u015br\u00f3d m\u0142odych - Antykomunistyczni.pl","isPartOf":{"@id":"https:\/\/antykomunistyczni.pl\/#website"},"primaryImageOfPage":{"@id":"https:\/\/antykomunistyczni.pl\/index.php\/antykapitalistyczna-kontrrewolucja-pokolenia-z-marksistowska-propaganda\/#primaryimage"},"image":{"@id":"https:\/\/antykomunistyczni.pl\/index.php\/antykapitalistyczna-kontrrewolucja-pokolenia-z-marksistowska-propaganda\/#primaryimage"},"thumbnailUrl":"https:\/\/antykomunistyczni.pl\/wp-content\/uploads\/2026\/03\/ProtestStudentow.jpg","datePublished":"2026-03-12T08:48:11+00:00","dateModified":"2026-03-12T08:49:37+00:00","description":"Dlaczego pokolenie Z odrzuca kapitalizm? TikTok, kryzys mieszkaniowy i nostalgia za socjalizmem. Analiza, dlaczego m\u0142odzi s\u0105 podatni na marksistowsk\u0105 propagand\u0119 w 2026 roku.","breadcrumb":{"@id":"https:\/\/antykomunistyczni.pl\/index.php\/antykapitalistyczna-kontrrewolucja-pokolenia-z-marksistowska-propaganda\/#breadcrumb"},"inLanguage":"pl-PL","potentialAction":[{"@type":"ReadAction","target":["https:\/\/antykomunistyczni.pl\/index.php\/antykapitalistyczna-kontrrewolucja-pokolenia-z-marksistowska-propaganda\/"]}]},{"@type":"ImageObject","inLanguage":"pl-PL","@id":"https:\/\/antykomunistyczni.pl\/index.php\/antykapitalistyczna-kontrrewolucja-pokolenia-z-marksistowska-propaganda\/#primaryimage","url":"https:\/\/antykomunistyczni.pl\/wp-content\/uploads\/2026\/03\/ProtestStudentow.jpg","contentUrl":"https:\/\/antykomunistyczni.pl\/wp-content\/uploads\/2026\/03\/ProtestStudentow.jpg","width":1200,"height":800,"caption":"Aktywi\u015bci na prote\u015bcie w Polsce \u2013 has\u0142a rewolucyjne i energia pokolenia Z"},{"@type":"BreadcrumbList","@id":"https:\/\/antykomunistyczni.pl\/index.php\/antykapitalistyczna-kontrrewolucja-pokolenia-z-marksistowska-propaganda\/#breadcrumb","itemListElement":[{"@type":"ListItem","position":1,"name":"Strona g\u0142\u00f3wna","item":"https:\/\/antykomunistyczni.pl\/"},{"@type":"ListItem","position":2,"name":"Antykapitalistyczna kontrrewolucja pokolenia Z \u2013 marksizm wraca w\u015br\u00f3d m\u0142odych"}]},{"@type":"WebSite","@id":"https:\/\/antykomunistyczni.pl\/#website","url":"https:\/\/antykomunistyczni.pl\/","name":"Antykomunistyczni.pl","description":"","publisher":{"@id":"https:\/\/antykomunistyczni.pl\/#organization"},"alternateName":"Historia PRL, zbrodnie komunistyczne w Polsce i na \u015bwiecie","potentialAction":[{"@type":"SearchAction","target":{"@type":"EntryPoint","urlTemplate":"https:\/\/antykomunistyczni.pl\/?s={search_term_string}"},"query-input":{"@type":"PropertyValueSpecification","valueRequired":true,"valueName":"search_term_string"}}],"inLanguage":"pl-PL"},{"@type":"Organization","@id":"https:\/\/antykomunistyczni.pl\/#organization","name":"Antykomunistyczni.pl","url":"https:\/\/antykomunistyczni.pl\/","logo":{"@type":"ImageObject","inLanguage":"pl-PL","@id":"https:\/\/antykomunistyczni.pl\/#\/schema\/logo\/image\/","url":"https:\/\/antykomunistyczni.pl\/wp-content\/uploads\/2026\/02\/cropped-AntykomunistyczniLogoSquare150x150-2.png","contentUrl":"https:\/\/antykomunistyczni.pl\/wp-content\/uploads\/2026\/02\/cropped-AntykomunistyczniLogoSquare150x150-2.png","width":150,"height":150,"caption":"Antykomunistyczni.pl"},"image":{"@id":"https:\/\/antykomunistyczni.pl\/#\/schema\/logo\/image\/"},"sameAs":["https:\/\/www.facebook.com\/antykomunistyczni\/","https:\/\/x.com\/anty_komunisci"]},{"@type":"Person","@id":"https:\/\/antykomunistyczni.pl\/#\/schema\/person\/4963e693e8006b94062d91d1295d02a0","name":"Antykomunistyczni","image":{"@type":"ImageObject","inLanguage":"pl-PL","@id":"https:\/\/secure.gravatar.com\/avatar\/ff172875f9ced7887f883245268c1ba638c26cf1e0530f7f61b4705963a6730b?s=96&d=mm&r=g","url":"https:\/\/secure.gravatar.com\/avatar\/ff172875f9ced7887f883245268c1ba638c26cf1e0530f7f61b4705963a6730b?s=96&d=mm&r=g","contentUrl":"https:\/\/secure.gravatar.com\/avatar\/ff172875f9ced7887f883245268c1ba638c26cf1e0530f7f61b4705963a6730b?s=96&d=mm&r=g","caption":"Antykomunistyczni"},"sameAs":["http:\/\/antykomunistyczni.pl"],"url":"https:\/\/antykomunistyczni.pl\/index.php\/author\/admin0\/"}]}},"_links":{"self":[{"href":"https:\/\/antykomunistyczni.pl\/index.php\/wp-json\/wp\/v2\/posts\/1070","targetHints":{"allow":["GET"]}}],"collection":[{"href":"https:\/\/antykomunistyczni.pl\/index.php\/wp-json\/wp\/v2\/posts"}],"about":[{"href":"https:\/\/antykomunistyczni.pl\/index.php\/wp-json\/wp\/v2\/types\/post"}],"author":[{"embeddable":true,"href":"https:\/\/antykomunistyczni.pl\/index.php\/wp-json\/wp\/v2\/users\/1"}],"replies":[{"embeddable":true,"href":"https:\/\/antykomunistyczni.pl\/index.php\/wp-json\/wp\/v2\/comments?post=1070"}],"version-history":[{"count":7,"href":"https:\/\/antykomunistyczni.pl\/index.php\/wp-json\/wp\/v2\/posts\/1070\/revisions"}],"predecessor-version":[{"id":1081,"href":"https:\/\/antykomunistyczni.pl\/index.php\/wp-json\/wp\/v2\/posts\/1070\/revisions\/1081"}],"wp:featuredmedia":[{"embeddable":true,"href":"https:\/\/antykomunistyczni.pl\/index.php\/wp-json\/wp\/v2\/media\/1072"}],"wp:attachment":[{"href":"https:\/\/antykomunistyczni.pl\/index.php\/wp-json\/wp\/v2\/media?parent=1070"}],"wp:term":[{"taxonomy":"category","embeddable":true,"href":"https:\/\/antykomunistyczni.pl\/index.php\/wp-json\/wp\/v2\/categories?post=1070"},{"taxonomy":"post_tag","embeddable":true,"href":"https:\/\/antykomunistyczni.pl\/index.php\/wp-json\/wp\/v2\/tags?post=1070"}],"curies":[{"name":"wp","href":"https:\/\/api.w.org\/{rel}","templated":true}]}}