{"id":1160,"date":"2026-03-13T14:54:02","date_gmt":"2026-03-13T13:54:02","guid":{"rendered":"https:\/\/antykomunistyczni.pl\/?p=1160"},"modified":"2026-03-13T16:06:34","modified_gmt":"2026-03-13T15:06:34","slug":"beata-karon-ostatnia-przewodniczaca-komunistycznej-partii-polski-2002-2025","status":"publish","type":"post","link":"https:\/\/antykomunistyczni.pl\/index.php\/beata-karon-ostatnia-przewodniczaca-komunistycznej-partii-polski-2002-2025\/","title":{"rendered":"Beata Karo\u0144 \u2013 ostatnia przewodnicz\u0105ca Komunistycznej Partii Polski (2002\u20132025)"},"content":{"rendered":"\t\t<div data-elementor-type=\"wp-post\" data-elementor-id=\"1160\" class=\"elementor elementor-1160\">\n\t\t\t\t<div class=\"elementor-element elementor-element-6dc63b61 e-flex e-con-boxed e-con e-parent\" data-id=\"6dc63b61\" data-element_type=\"container\" data-e-type=\"container\">\n\t\t\t\t\t<div class=\"e-con-inner\">\n\t\t\t\t<div class=\"elementor-element elementor-element-18ada940 elementor-widget elementor-widget-text-editor\" data-id=\"18ada940\" data-element_type=\"widget\" data-e-type=\"widget\" data-widget_type=\"text-editor.default\">\n\t\t\t\t\t\t\t\t\t<p><span style=\"color: #000000;\"><\/span><\/p>\n<p class=\"wp-block-paragraph\"><span style=\"color: #000000;\"><\/span><\/p>\n<h2><span style=\"color: #000000;\"><strong>Beata Karo\u0144 \u2013 nadal aktywna twarz polskiego komunizmu. Przewodnicz\u0105ca zdelegalizowanej KPP, prezeska Stowarzyszenia Przyjaci\u00f3\u0142 Kuby i innych organizacji<\/strong><\/span><\/h2>\n<p class=\"wp-block-paragraph\"><span style=\"color: #000000;\"><\/span><\/p>\n<p class=\"wp-block-paragraph\"><span style=\"color: #000000;\">Na portalu <strong>antykomunistyczni.pl<\/strong> nieustannie monitorujemy \u015brodowiska, kt\u00f3re w III RP \u2013 a teraz w 2026 roku \u2013 wci\u0105\u017c promuj\u0105 dziedzictwo komunizmu, gloryfikuj\u0105 re\u017cimy totalitarne, broni\u0105 sowieckich symboli i re\u017cimu kuba\u0144skiego, neguj\u0105c zbrodnie stalinizmu, okupacji sowieckiej i terroru komunistycznego na Polakach. Dzi\u015b przypominamy o <strong>Beacie Karo\u0144<\/strong> \u2013 ostatniej przewodnicz\u0105cej <strong>Komunistycznej Partii Polski<\/strong> (zdelegalizowanej pod koniec 2025 roku), wieloletniej <strong>prezesce Polskiego Stowarzyszenia Przyjaci\u00f3\u0142 Kuby<\/strong> (KRS 0000542453), cz\u0142onkini zarz\u0105du <strong>Stowarzyszenia \u201eHistoria Czerwona\u201d<\/strong> (KRS 0000832636) oraz <strong>prezesce Spo\u0142ecznego Komitetu Obrony Symboli Pami\u0119ci Ofiar Wojen<\/strong> (KRS 0000538356). Mimo delegalizacji KPP jej dzia\u0142alno\u015b\u0107 w stowarzyszeniach trwa.<\/span><\/p>\n<p><span style=\"color: #000000;\"><\/span><\/p>\n<p><\/p>\n<p><span style=\"color: #000000;\"><\/span><\/p>\n<p><span style=\"color: #000000;\"><!-- \/wp:paragraph --><!-- wp:paragraph --><\/span><\/p>\n<p><span style=\"color: #000000;\"><!-- \/wp:list --><\/span><\/p>\t\t\t\t\t\t\t\t<\/div>\n\t\t\t\t\t<\/div>\n\t\t\t\t<\/div>\n\t\t<div class=\"elementor-element elementor-element-8b02f1e e-flex e-con-boxed e-con e-parent\" data-id=\"8b02f1e\" data-element_type=\"container\" data-e-type=\"container\">\n\t\t\t\t\t<div class=\"e-con-inner\">\n\t\t\t\t<div class=\"elementor-element elementor-element-6118890 elementor-widget elementor-widget-image\" data-id=\"6118890\" data-element_type=\"widget\" data-e-type=\"widget\" data-widget_type=\"image.default\">\n\t\t\t\t\t\t\t\t\t\t\t\t<figure class=\"wp-caption\">\n\t\t\t\t\t\t\t\t\t\t<img fetchpriority=\"high\" decoding=\"async\" width=\"768\" height=\"569\" src=\"https:\/\/antykomunistyczni.pl\/wp-content\/uploads\/2026\/03\/BeataKaronPrezes-768x569.png\" class=\"attachment-medium_large size-medium_large wp-image-1166\" alt=\"\" srcset=\"https:\/\/antykomunistyczni.pl\/wp-content\/uploads\/2026\/03\/BeataKaronPrezes-768x569.png 768w, https:\/\/antykomunistyczni.pl\/wp-content\/uploads\/2026\/03\/BeataKaronPrezes-300x222.png 300w, https:\/\/antykomunistyczni.pl\/wp-content\/uploads\/2026\/03\/BeataKaronPrezes-1024x759.png 1024w, https:\/\/antykomunistyczni.pl\/wp-content\/uploads\/2026\/03\/BeataKaronPrezes-240x178.png 240w, https:\/\/antykomunistyczni.pl\/wp-content\/uploads\/2026\/03\/BeataKaronPrezes.png 1026w\" sizes=\"(max-width: 768px) 100vw, 768px\" \/>\t\t\t\t\t\t\t\t\t\t\t<figcaption class=\"widget-image-caption wp-caption-text\">Beata Karo\u0144 - aktywista wzywa do zako\u0144czenia ameryka\u0144skiej blokady Kuby. Listopad 2011<\/figcaption>\n\t\t\t\t\t\t\t\t\t\t<\/figure>\n\t\t\t\t\t\t\t\t\t<\/div>\n\t\t\t\t\t<\/div>\n\t\t\t\t<\/div>\n\t\t<div class=\"elementor-element elementor-element-2a58b5a e-flex e-con-boxed e-con e-parent\" data-id=\"2a58b5a\" data-element_type=\"container\" data-e-type=\"container\">\n\t\t\t\t\t<div class=\"e-con-inner\">\n\t\t\t\t<div class=\"elementor-element elementor-element-dc6732f elementor-widget elementor-widget-text-editor\" data-id=\"dc6732f\" data-element_type=\"widget\" data-e-type=\"widget\" data-widget_type=\"text-editor.default\">\n\t\t\t\t\t\t\t\t\t<p><span style=\"color: #000000;\"><!-- wp:paragraph --><\/span><\/p>\n<p><span style=\"color: #000000;\"><!-- \/wp:paragraph --><!-- wp:paragraph --><\/span><\/p>\n<h3 class=\"wp-block-heading\"><span style=\"color: #000000;\">Delegalizacja KPP \u2013 ale nie koniec aktywno\u015bci<\/span><\/h3>\n<p><span style=\"color: #000000;\"><!-- \/wp:heading --><!-- wp:paragraph --><\/span><\/p>\n<p><span style=\"color: #000000;\"><strong>Komunistyczna Partia Polski<\/strong> (reaktywowana w 2002 r.) zosta\u0142a formalnie zdelegalizowana pod koniec 2025 roku. Trybuna\u0142 Konstytucyjny 3 grudnia 2025 orzek\u0142, \u017ce cele i dzia\u0142alno\u015b\u0107 KPP s\u0105 niezgodne z Konstytucj\u0105 RP (art. 11 i 13), a 30 grudnia 2025 S\u0105d wykre\u015bli\u0142 parti\u0119 z ewidencji. Wniosek z\u0142o\u017cyli m.in. Zbigniew Ziobro (2020) i prezydent Karol Nawrocki (listopad 2025). Przewodnicz\u0105ca Beata Karo\u0144 broni\u0142a przed TK, \u017ce partia ma \u201epewn\u0105 wizj\u0119\u201d i je\u015bli jest nieatrakcyjna \u2013 po prostu nie zdob\u0119dzie poparcia.<\/span><\/p>\n<p><span style=\"color: #000000;\"><!-- \/wp:paragraph --><!-- wp:paragraph --><\/span><\/p>\n<p><span style=\"color: #000000;\">Mimo to Karo\u0144 pozostaje aktywna w powi\u0105zanych stowarzyszeniach. KPP jako partia polityczna przesta\u0142a istnie\u0107, ale ideologia i struktury przenios\u0142y si\u0119 do organizacji pozarz\u0105dowych, gdzie propaguje si\u0119 t\u0119 sam\u0105 narracj\u0119 bez formalnych ogranicze\u0144 partii.<\/span><\/p>\n<p><span style=\"color: #000000;\"><!-- \/wp:paragraph --><!-- wp:heading {\"level\":3} --><\/span><\/p>\n<h3 class=\"wp-block-heading\"><span style=\"color: #000000;\">Polskie Stowarzyszenie Przyjaci\u00f3\u0142 Kuby \u2013 ho\u0142d dla Castro i re\u017cimu<\/span><\/h3>\n<p><span style=\"color: #000000;\"><!-- \/wp:heading --><!-- wp:paragraph --><\/span><\/p>\n<p><span style=\"color: #000000;\">Jako <strong>prezeska Polskiego Stowarzyszenia Przyjaci\u00f3\u0142 Kuby<\/strong> (od co najmniej 2015 r., KRS od 16 lutego 2015) Karo\u0144 od lat broni komunistycznego re\u017cimu na Kubie. W 2021 roku domaga\u0142a si\u0119 zniesienia ameryka\u0144skiego embarga, w 2019 oddawa\u0142a ho\u0142d Fidelowi Castro, a w 2024 otrzyma\u0142a od w\u0142adz kuba\u0144skich <strong>Medal Przyja\u017ani<\/strong>. Stowarzyszenie organizuje wydarzenia promuj\u0105ce \u201esolidarno\u015b\u0107 z Kub\u0105\u201d i krytykuj\u0105ce USA \u2013 pomijaj\u0105c represje, brak wolno\u015bci i gospodark\u0119 nakazow\u0105.<\/span><\/p>\n<p><span style=\"color: #000000;\"><!-- \/wp:paragraph --><!-- wp:heading {\"level\":3} --><\/span><\/p>\n<h3 class=\"wp-block-heading\"><span style=\"color: #000000;\">Historia Czerwona \u2013 rewizjonizm PRL i komunist\u00f3w II RP<\/span><\/h3>\n<p><span style=\"color: #000000;\"><!-- \/wp:heading --><!-- wp:paragraph --><\/span><\/p>\n<p><span style=\"color: #000000;\">Od 9 marca 2020 roku Karo\u0144 zasiada w zarz\u0105dzie <strong>Stowarzyszenia Historia Czerwona<\/strong> (KRS 0000832636) obok Piotra Ciszewskiego. Organizacja \u201epromuje wiedz\u0119 o historii ruchu robotniczego\u201d, walczy z \u201efa\u0142szowaniem historii\u201d, organizuje konferencje o \u201eosi\u0105gni\u0119ciach PRL\u201d (elektryfikacja, budowa socjalizmu), obchody 1 Maja i uroczysto\u015bci na Cytadeli Warszawskiej ku czci komunist\u00f3w rozstrzelanych w II RP (1918\u20131938).<\/span><\/p>\n<p><span style=\"color: #000000;\"><!-- \/wp:paragraph --><!-- wp:heading {\"level\":3} --><\/span><\/p>\n<h3 class=\"wp-block-heading\"><span style=\"color: #000000;\">Spo\u0142eczny Komitet Obrony Symboli Pami\u0119ci Ofiar Wojen \u2013 ochrona sowieckich pomnik\u00f3w<\/span><\/h3>\n<p><span style=\"color: #000000;\"><!-- \/wp:heading --><!-- wp:paragraph --><\/span><\/p>\n<p><span style=\"color: #000000;\">Od 12 stycznia 2015 roku Karo\u0144 jest <strong>prezesk\u0105 Spo\u0142ecznego Komitetu Obrony Symboli Pami\u0119ci Ofiar Wojen<\/strong> (KRS 0000538356). Komitet walczy z dekomunizacj\u0105: broni pomnik\u00f3w Armii Czerwonej, monument\u00f3w \u201ewdzi\u0119czno\u015bci\u201d za \u201ewyzwolenie\u201d 1944\u20131945, minimalizuj\u0105c zbrodnie, gwa\u0142ty, rabunki i deportacje sowieckie. W praktyce chroni narracj\u0119 o \u201ewyzwolicielskiej roli\u201d Armii Czerwonej.<\/span><\/p>\n<p><span style=\"color: #000000;\"><!-- \/wp:paragraph --><!-- wp:heading {\"level\":3} --><\/span><\/p>\n<h3 class=\"wp-block-heading\"><span style=\"color: #000000;\">Program ideowy \u2013 bez zmian<\/span><\/h3>\n<p><span style=\"color: #000000;\"><!-- \/wp:heading --><!-- wp:paragraph --><\/span><\/p>\n<p><span style=\"color: #000000;\">We wszystkich organizacjach Karo\u0144 promuje:<\/span><\/p>\n<p><span style=\"color: #000000;\"><!-- \/wp:paragraph --><!-- wp:list --><\/span><\/p>\n<ul class=\"wp-block-list\"><!-- wp:list-item -->\n<li><span style=\"color: #000000;\">Krytyk\u0119 transformacji 1989\u20131991 i likwidacji PRL,<\/span><\/li>\n<!-- \/wp:list-item --><!-- wp:list-item -->\n<li><span style=\"color: #000000;\">Sprzeciw wobec NATO i UE,<\/span><\/li>\n<!-- \/wp:list-item --><!-- wp:list-item -->\n<li><span style=\"color: #000000;\">Postulaty nacjonalizacji gospodarki,<\/span><\/li>\n<!-- \/wp:list-item --><!-- wp:list-item -->\n<li><span style=\"color: #000000;\">Ataki na IPN i dekomunizacj\u0119,<\/span><\/li>\n<!-- \/wp:list-item --><!-- wp:list-item -->\n<li><span style=\"color: #000000;\">Gloryfikacj\u0119 \u201esocjalizmu realnego\u201d w Polsce, ZSRR i na Kubie,<\/span><\/li>\n<!-- \/wp:list-item --><!-- wp:list-item -->\n<li><span style=\"color: #000000;\">Wyst\u0105pienia anty-NATO (m.in. World Peace Council, Bruksela 2018).<\/span><\/li>\n<!-- \/wp:list-item --><\/ul>\n<p><span style=\"color: #000000;\"><!-- \/wp:list --><!-- wp:heading {\"level\":3} --><\/span><\/p>\n<p><span style=\"color: #000000;\"><!-- \/wp:list --><\/span><\/p>\t\t\t\t\t\t\t\t<\/div>\n\t\t\t\t\t<\/div>\n\t\t\t\t<\/div>\n\t\t<div class=\"elementor-element elementor-element-d7058ff e-flex e-con-boxed e-con e-parent\" data-id=\"d7058ff\" data-element_type=\"container\" data-e-type=\"container\">\n\t\t\t\t\t<div class=\"e-con-inner\">\n\t\t\t\t<div class=\"elementor-element elementor-element-dd2df25 elementor-widget elementor-widget-shortcode\" data-id=\"dd2df25\" data-element_type=\"widget\" data-e-type=\"widget\" data-widget_type=\"shortcode.default\">\n\t\t\t\t\t\t\t<div class=\"elementor-shortcode\"><figure class=\"wp-block-embed wp-block-embed-youtube is-type-video is-provider-youtube epyt-figure\"><div class=\"wp-block-embed__wrapper\"><iframe  id=\"_ytid_28508\"  width=\"800\" height=\"450\"  data-origwidth=\"800\" data-origheight=\"450\" src=\"https:\/\/www.youtube.com\/embed\/FD1nUzWlr2Q?enablejsapi=1&autoplay=0&cc_load_policy=0&cc_lang_pref=&iv_load_policy=1&loop=0&rel=1&fs=1&playsinline=0&autohide=2&theme=dark&color=red&controls=1&disablekb=0&\" class=\"__youtube_prefs__  no-lazyload\" title=\"YouTube player\"  allow=\"fullscreen; accelerometer; autoplay; clipboard-write; encrypted-media; gyroscope; picture-in-picture; web-share\" referrerpolicy=\"strict-origin-when-cross-origin\" allowfullscreen data-no-lazy=\"1\" data-skipgform_ajax_framebjll=\"\"><\/iframe><\/div><\/figure><\/div>\n\t\t\t\t\t\t<\/div>\n\t\t\t\t\t<\/div>\n\t\t\t\t<\/div>\n\t\t<div class=\"elementor-element elementor-element-d66f429 e-flex e-con-boxed e-con e-parent\" data-id=\"d66f429\" data-element_type=\"container\" data-e-type=\"container\">\n\t\t\t\t\t<div class=\"e-con-inner\">\n\t\t\t\t<div class=\"elementor-element elementor-element-2b466b0 elementor-widget elementor-widget-text-editor\" data-id=\"2b466b0\" data-element_type=\"widget\" data-e-type=\"widget\" data-widget_type=\"text-editor.default\">\n\t\t\t\t\t\t\t\t\t<p><span style=\"color: #000000;\"><!-- wp:paragraph --><\/span><\/p>\n<p><span style=\"color: #000000;\"><!-- \/wp:paragraph --><!-- wp:heading {\"level\":3} --><\/span><\/p>\n<h3 class=\"wp-block-heading\"><span style=\"color: #000000;\">Podsumowanie \u2013 komunizm nie dobieg\u0142 ko\u0144ca<\/span><\/h3>\n<p><span style=\"color: #000000;\"><!-- \/wp:heading --><!-- wp:paragraph --><\/span><\/p>\n<p><span style=\"color: #000000;\">Beata Karo\u0144 symbolizuje trwa\u0142y up\u00f3r ideologiczny. W kraju, gdzie komunizm zgotowa\u0142 Polakom Katy\u0144, pakt Ribbentrop\u2013Mo\u0142otow, Sybir, UB, stan wojenny \u2013 wci\u0105\u017c dzia\u0142a osoba, kt\u00f3ra prezesuje stowarzyszeniom broni\u0105cym sowieckich symboli, gloryfikuj\u0105cym Kub\u0119 Castro i PRL.<\/span><\/p>\n<p><span style=\"color: #000000;\"><!-- \/wp:paragraph --><!-- wp:paragraph --><\/span><\/p>\n<p><span style=\"color: #000000;\">Delegalizacja KPP w 2025 roku by\u0142a wa\u017cnym krokiem, ale nie ko\u0144cem. Karo\u0144 kontynuuje dzia\u0142alno\u015b\u0107 w <strong>Przyjacio\u0142ach Kuby<\/strong>, <strong>Historii Czerwonej<\/strong> i <strong>Komitecie Obrony Symboli<\/strong> \u2013 tam, gdzie ideologia komunistyczna przetrwa\u0142a pod p\u0142aszczykiem \u201ehistorii\u201d, \u201epami\u0119ci ofiar wojen\u201d i \u201eprzyja\u017ani mi\u0119dzynarodowej\u201d.<\/span><\/p>\n<p><span style=\"color: #000000;\"><!-- \/wp:paragraph --><!-- wp:paragraph --><\/span><\/p>\n<p><span style=\"color: #000000;\">\u015arodowiska te nie znikn\u0119\u0142y \u2013 zmieni\u0142y tylko form\u0119. Walka z ich propagand\u0105 trwa.<\/span><\/p>\n<p><span style=\"color: #000000;\"><!-- \/wp:paragraph --><!-- wp:paragraph --><\/span><\/p>\n<p><span style=\"color: #000000;\"><strong>\u0179r\u00f3d\u0142a:<\/strong><\/span><\/p>\n<p><span style=\"color: #000000;\"><!-- \/wp:paragraph --><!-- wp:list --><\/span><\/p>\n<ul class=\"wp-block-list\"><!-- wp:list-item -->\n<li><span style=\"color: #000000;\">Rejestr.io \/ KRS (wszystkie wymienione stowarzyszenia i powi\u0105zania Beaty Karo\u0144 \u2013 stan na 2026)<\/span><\/li>\n<!-- \/wp:list-item --><!-- wp:list-item -->\n<li><span style=\"color: #000000;\">Orzeczenie TK z 3 grudnia 2025 i delegalizacja KPP (Notes from Poland, PAP, media polskie)<\/span><\/li>\n<!-- \/wp:list-item --><!-- wp:list-item -->\n<li><span style=\"color: #000000;\">Wyst\u0105pienia: Prensa Latina (2021), CubaMinrex (2019\u20132025), YouTube (Historia Czerwona)<\/span><\/li>\n<!-- \/wp:list-item --><!-- wp:list-item -->\n<li><span style=\"color: #000000;\">Relacje po delegalizacji (kom-pol.org, media lewicowe i prawicowe)<\/span><\/li>\n<!-- \/wp:list-item --><!-- wp:list-item -->\n<li><span style=\"color: #000000;\">Archiwalne materia\u0142y o dzia\u0142alno\u015bci (Wikipedia, Fakt, Wyborcza \u2013 aktualne na marzec 2026)<\/span><\/li>\n<\/ul>\n<ul class=\"wp-block-list\"><!-- \/wp:list-item --><\/ul>\n<p><span style=\"color: #000000;\"><!-- \/wp:list --><\/span><\/p>\t\t\t\t\t\t\t\t<\/div>\n\t\t\t\t\t<\/div>\n\t\t\t\t<\/div>\n\t\t\t\t<\/div>\n\t\t","protected":false},"excerpt":{"rendered":"<p>Beata Karo\u0144 \u2013 nadal aktywna twarz polskiego komunizmu. Przewodnicz\u0105ca zdelegalizowanej KPP, prezeska Stowarzyszenia Przyjaci\u00f3\u0142 Kuby i innych organizacji Na portalu antykomunistyczni.pl nieustannie monitorujemy \u015brodowiska, kt\u00f3re w III RP \u2013 a teraz w 2026 roku \u2013 wci\u0105\u017c promuj\u0105 dziedzictwo komunizmu, gloryfikuj\u0105 re\u017cimy totalitarne, broni\u0105 sowieckich symboli i re\u017cimu kuba\u0144skiego, neguj\u0105c zbrodnie stalinizmu, okupacji sowieckiej i terroru [&hellip;]<\/p>\n","protected":false},"author":1,"featured_media":1162,"comment_status":"closed","ping_status":"closed","sticky":false,"template":"","format":"standard","meta":{"give_campaign_id":0,"footnotes":""},"categories":[26,46,44],"tags":[],"class_list":["post-1160","post","type-post","status-publish","format-standard","has-post-thumbnail","hentry","category-komunisci","category-mechanizmy-wspolczesnego-komunizmu","category-wspolczesny-komunizm"],"yoast_head":"<!-- This site is optimized with the Yoast SEO plugin v28.4 - https:\/\/yoast.com\/product\/yoast-seo-wordpress\/ -->\n<title>Beata Karo\u0144 \u2013 ostatnia przewodnicz\u0105ca Komunistycznej Partii Polski (2002\u20132025) - Antykomunistyczni.pl<\/title>\n<meta name=\"description\" content=\"Beata Karo\u0144 \u2013 twarz wsp\u00f3\u0142czesnego komunizmu w Polsce. Gloryfikacja stalinizmu, obrona Kuby i PRL a\u017c do delegalizacji KPP w grudniu 2025.\" \/>\n<meta name=\"robots\" content=\"index, follow, max-snippet:-1, max-image-preview:large, max-video-preview:-1\" \/>\n<link rel=\"canonical\" href=\"https:\/\/antykomunistyczni.pl\/index.php\/beata-karon-ostatnia-przewodniczaca-komunistycznej-partii-polski-2002-2025\/\" \/>\n<meta property=\"og:locale\" content=\"pl_PL\" \/>\n<meta property=\"og:type\" content=\"article\" \/>\n<meta property=\"og:title\" content=\"Beata Karo\u0144 \u2013 ostatnia przewodnicz\u0105ca Komunistycznej Partii Polski (2002\u20132025) - Antykomunistyczni.pl\" \/>\n<meta property=\"og:description\" content=\"Beata Karo\u0144 \u2013 twarz wsp\u00f3\u0142czesnego komunizmu w Polsce. Gloryfikacja stalinizmu, obrona Kuby i PRL a\u017c do delegalizacji KPP w grudniu 2025.\" \/>\n<meta property=\"og:url\" content=\"https:\/\/antykomunistyczni.pl\/index.php\/beata-karon-ostatnia-przewodniczaca-komunistycznej-partii-polski-2002-2025\/\" \/>\n<meta property=\"og:site_name\" content=\"Antykomunistyczni.pl\" \/>\n<meta property=\"article:publisher\" content=\"https:\/\/www.facebook.com\/antykomunistyczni\/\" \/>\n<meta property=\"article:published_time\" content=\"2026-03-13T13:54:02+00:00\" \/>\n<meta property=\"article:modified_time\" content=\"2026-03-13T15:06:34+00:00\" \/>\n<meta property=\"og:image\" content=\"https:\/\/antykomunistyczni.pl\/wp-content\/uploads\/2026\/03\/BeataKaron.png\" \/>\n\t<meta property=\"og:image:width\" content=\"1018\" \/>\n\t<meta property=\"og:image:height\" content=\"580\" \/>\n\t<meta property=\"og:image:type\" content=\"image\/png\" \/>\n<meta name=\"author\" content=\"Antykomunistyczni\" \/>\n<meta name=\"twitter:card\" content=\"summary_large_image\" \/>\n<meta name=\"twitter:creator\" content=\"@anty_komunisci\" \/>\n<meta name=\"twitter:site\" content=\"@anty_komunisci\" \/>\n<meta name=\"twitter:label1\" content=\"Napisane przez\" \/>\n\t<meta name=\"twitter:data1\" content=\"Antykomunistyczni\" \/>\n\t<meta name=\"twitter:label2\" content=\"Szacowany czas czytania\" \/>\n\t<meta name=\"twitter:data2\" content=\"4 minuty\" \/>\n<script type=\"application\/ld+json\" class=\"yoast-schema-graph\">{\"@context\":\"https:\\\/\\\/schema.org\",\"@graph\":[{\"@type\":\"Article\",\"@id\":\"https:\\\/\\\/antykomunistyczni.pl\\\/index.php\\\/beata-karon-ostatnia-przewodniczaca-komunistycznej-partii-polski-2002-2025\\\/#article\",\"isPartOf\":{\"@id\":\"https:\\\/\\\/antykomunistyczni.pl\\\/index.php\\\/beata-karon-ostatnia-przewodniczaca-komunistycznej-partii-polski-2002-2025\\\/\"},\"author\":{\"name\":\"Antykomunistyczni\",\"@id\":\"https:\\\/\\\/antykomunistyczni.pl\\\/#\\\/schema\\\/person\\\/4963e693e8006b94062d91d1295d02a0\"},\"headline\":\"Beata Karo\u0144 \u2013 ostatnia przewodnicz\u0105ca Komunistycznej Partii Polski (2002\u20132025)\",\"datePublished\":\"2026-03-13T13:54:02+00:00\",\"dateModified\":\"2026-03-13T15:06:34+00:00\",\"mainEntityOfPage\":{\"@id\":\"https:\\\/\\\/antykomunistyczni.pl\\\/index.php\\\/beata-karon-ostatnia-przewodniczaca-komunistycznej-partii-polski-2002-2025\\\/\"},\"wordCount\":682,\"publisher\":{\"@id\":\"https:\\\/\\\/antykomunistyczni.pl\\\/#organization\"},\"image\":{\"@id\":\"https:\\\/\\\/antykomunistyczni.pl\\\/index.php\\\/beata-karon-ostatnia-przewodniczaca-komunistycznej-partii-polski-2002-2025\\\/#primaryimage\"},\"thumbnailUrl\":\"https:\\\/\\\/antykomunistyczni.pl\\\/wp-content\\\/uploads\\\/2026\\\/03\\\/BeataKaron.png\",\"articleSection\":[\"Komuni\u015bci\",\"Mechanizmy wsp\u00f3\u0142czesnego komunizmu\",\"Wsp\u00f3\u0142czesny komunizm\"],\"inLanguage\":\"pl-PL\"},{\"@type\":\"WebPage\",\"@id\":\"https:\\\/\\\/antykomunistyczni.pl\\\/index.php\\\/beata-karon-ostatnia-przewodniczaca-komunistycznej-partii-polski-2002-2025\\\/\",\"url\":\"https:\\\/\\\/antykomunistyczni.pl\\\/index.php\\\/beata-karon-ostatnia-przewodniczaca-komunistycznej-partii-polski-2002-2025\\\/\",\"name\":\"Beata Karo\u0144 \u2013 ostatnia przewodnicz\u0105ca Komunistycznej Partii Polski (2002\u20132025) - Antykomunistyczni.pl\",\"isPartOf\":{\"@id\":\"https:\\\/\\\/antykomunistyczni.pl\\\/#website\"},\"primaryImageOfPage\":{\"@id\":\"https:\\\/\\\/antykomunistyczni.pl\\\/index.php\\\/beata-karon-ostatnia-przewodniczaca-komunistycznej-partii-polski-2002-2025\\\/#primaryimage\"},\"image\":{\"@id\":\"https:\\\/\\\/antykomunistyczni.pl\\\/index.php\\\/beata-karon-ostatnia-przewodniczaca-komunistycznej-partii-polski-2002-2025\\\/#primaryimage\"},\"thumbnailUrl\":\"https:\\\/\\\/antykomunistyczni.pl\\\/wp-content\\\/uploads\\\/2026\\\/03\\\/BeataKaron.png\",\"datePublished\":\"2026-03-13T13:54:02+00:00\",\"dateModified\":\"2026-03-13T15:06:34+00:00\",\"description\":\"Beata Karo\u0144 \u2013 twarz wsp\u00f3\u0142czesnego komunizmu w Polsce. Gloryfikacja stalinizmu, obrona Kuby i PRL a\u017c do delegalizacji KPP w grudniu 2025.\",\"breadcrumb\":{\"@id\":\"https:\\\/\\\/antykomunistyczni.pl\\\/index.php\\\/beata-karon-ostatnia-przewodniczaca-komunistycznej-partii-polski-2002-2025\\\/#breadcrumb\"},\"inLanguage\":\"pl-PL\",\"potentialAction\":[{\"@type\":\"ReadAction\",\"target\":[\"https:\\\/\\\/antykomunistyczni.pl\\\/index.php\\\/beata-karon-ostatnia-przewodniczaca-komunistycznej-partii-polski-2002-2025\\\/\"]}]},{\"@type\":\"ImageObject\",\"inLanguage\":\"pl-PL\",\"@id\":\"https:\\\/\\\/antykomunistyczni.pl\\\/index.php\\\/beata-karon-ostatnia-przewodniczaca-komunistycznej-partii-polski-2002-2025\\\/#primaryimage\",\"url\":\"https:\\\/\\\/antykomunistyczni.pl\\\/wp-content\\\/uploads\\\/2026\\\/03\\\/BeataKaron.png\",\"contentUrl\":\"https:\\\/\\\/antykomunistyczni.pl\\\/wp-content\\\/uploads\\\/2026\\\/03\\\/BeataKaron.png\",\"width\":1018,\"height\":580},{\"@type\":\"BreadcrumbList\",\"@id\":\"https:\\\/\\\/antykomunistyczni.pl\\\/index.php\\\/beata-karon-ostatnia-przewodniczaca-komunistycznej-partii-polski-2002-2025\\\/#breadcrumb\",\"itemListElement\":[{\"@type\":\"ListItem\",\"position\":1,\"name\":\"Strona g\u0142\u00f3wna\",\"item\":\"https:\\\/\\\/antykomunistyczni.pl\\\/\"},{\"@type\":\"ListItem\",\"position\":2,\"name\":\"Beata Karo\u0144 \u2013 ostatnia przewodnicz\u0105ca Komunistycznej Partii Polski (2002\u20132025)\"}]},{\"@type\":\"WebSite\",\"@id\":\"https:\\\/\\\/antykomunistyczni.pl\\\/#website\",\"url\":\"https:\\\/\\\/antykomunistyczni.pl\\\/\",\"name\":\"Antykomunistyczni.pl\",\"description\":\"\",\"publisher\":{\"@id\":\"https:\\\/\\\/antykomunistyczni.pl\\\/#organization\"},\"alternateName\":\"Historia PRL, zbrodnie komunistyczne w Polsce i na \u015bwiecie\",\"potentialAction\":[{\"@type\":\"SearchAction\",\"target\":{\"@type\":\"EntryPoint\",\"urlTemplate\":\"https:\\\/\\\/antykomunistyczni.pl\\\/?s={search_term_string}\"},\"query-input\":{\"@type\":\"PropertyValueSpecification\",\"valueRequired\":true,\"valueName\":\"search_term_string\"}}],\"inLanguage\":\"pl-PL\"},{\"@type\":\"Organization\",\"@id\":\"https:\\\/\\\/antykomunistyczni.pl\\\/#organization\",\"name\":\"Antykomunistyczni.pl\",\"url\":\"https:\\\/\\\/antykomunistyczni.pl\\\/\",\"logo\":{\"@type\":\"ImageObject\",\"inLanguage\":\"pl-PL\",\"@id\":\"https:\\\/\\\/antykomunistyczni.pl\\\/#\\\/schema\\\/logo\\\/image\\\/\",\"url\":\"https:\\\/\\\/antykomunistyczni.pl\\\/wp-content\\\/uploads\\\/2026\\\/02\\\/cropped-AntykomunistyczniLogoSquare150x150-2.png\",\"contentUrl\":\"https:\\\/\\\/antykomunistyczni.pl\\\/wp-content\\\/uploads\\\/2026\\\/02\\\/cropped-AntykomunistyczniLogoSquare150x150-2.png\",\"width\":150,\"height\":150,\"caption\":\"Antykomunistyczni.pl\"},\"image\":{\"@id\":\"https:\\\/\\\/antykomunistyczni.pl\\\/#\\\/schema\\\/logo\\\/image\\\/\"},\"sameAs\":[\"https:\\\/\\\/www.facebook.com\\\/antykomunistyczni\\\/\",\"https:\\\/\\\/x.com\\\/anty_komunisci\"]},{\"@type\":\"Person\",\"@id\":\"https:\\\/\\\/antykomunistyczni.pl\\\/#\\\/schema\\\/person\\\/4963e693e8006b94062d91d1295d02a0\",\"name\":\"Antykomunistyczni\",\"image\":{\"@type\":\"ImageObject\",\"inLanguage\":\"pl-PL\",\"@id\":\"https:\\\/\\\/secure.gravatar.com\\\/avatar\\\/ff172875f9ced7887f883245268c1ba638c26cf1e0530f7f61b4705963a6730b?s=96&d=mm&r=g\",\"url\":\"https:\\\/\\\/secure.gravatar.com\\\/avatar\\\/ff172875f9ced7887f883245268c1ba638c26cf1e0530f7f61b4705963a6730b?s=96&d=mm&r=g\",\"contentUrl\":\"https:\\\/\\\/secure.gravatar.com\\\/avatar\\\/ff172875f9ced7887f883245268c1ba638c26cf1e0530f7f61b4705963a6730b?s=96&d=mm&r=g\",\"caption\":\"Antykomunistyczni\"},\"sameAs\":[\"http:\\\/\\\/antykomunistyczni.pl\"],\"url\":\"https:\\\/\\\/antykomunistyczni.pl\\\/index.php\\\/author\\\/admin0\\\/\"}]}<\/script>\n<!-- \/ Yoast SEO plugin. -->","yoast_head_json":{"title":"Beata Karo\u0144 \u2013 ostatnia przewodnicz\u0105ca Komunistycznej Partii Polski (2002\u20132025) - Antykomunistyczni.pl","description":"Beata Karo\u0144 \u2013 twarz wsp\u00f3\u0142czesnego komunizmu w Polsce. Gloryfikacja stalinizmu, obrona Kuby i PRL a\u017c do delegalizacji KPP w grudniu 2025.","robots":{"index":"index","follow":"follow","max-snippet":"max-snippet:-1","max-image-preview":"max-image-preview:large","max-video-preview":"max-video-preview:-1"},"canonical":"https:\/\/antykomunistyczni.pl\/index.php\/beata-karon-ostatnia-przewodniczaca-komunistycznej-partii-polski-2002-2025\/","og_locale":"pl_PL","og_type":"article","og_title":"Beata Karo\u0144 \u2013 ostatnia przewodnicz\u0105ca Komunistycznej Partii Polski (2002\u20132025) - Antykomunistyczni.pl","og_description":"Beata Karo\u0144 \u2013 twarz wsp\u00f3\u0142czesnego komunizmu w Polsce. Gloryfikacja stalinizmu, obrona Kuby i PRL a\u017c do delegalizacji KPP w grudniu 2025.","og_url":"https:\/\/antykomunistyczni.pl\/index.php\/beata-karon-ostatnia-przewodniczaca-komunistycznej-partii-polski-2002-2025\/","og_site_name":"Antykomunistyczni.pl","article_publisher":"https:\/\/www.facebook.com\/antykomunistyczni\/","article_published_time":"2026-03-13T13:54:02+00:00","article_modified_time":"2026-03-13T15:06:34+00:00","og_image":[{"width":1018,"height":580,"url":"https:\/\/antykomunistyczni.pl\/wp-content\/uploads\/2026\/03\/BeataKaron.png","type":"image\/png"}],"author":"Antykomunistyczni","twitter_card":"summary_large_image","twitter_creator":"@anty_komunisci","twitter_site":"@anty_komunisci","twitter_misc":{"Napisane przez":"Antykomunistyczni","Szacowany czas czytania":"4 minuty"},"schema":{"@context":"https:\/\/schema.org","@graph":[{"@type":"Article","@id":"https:\/\/antykomunistyczni.pl\/index.php\/beata-karon-ostatnia-przewodniczaca-komunistycznej-partii-polski-2002-2025\/#article","isPartOf":{"@id":"https:\/\/antykomunistyczni.pl\/index.php\/beata-karon-ostatnia-przewodniczaca-komunistycznej-partii-polski-2002-2025\/"},"author":{"name":"Antykomunistyczni","@id":"https:\/\/antykomunistyczni.pl\/#\/schema\/person\/4963e693e8006b94062d91d1295d02a0"},"headline":"Beata Karo\u0144 \u2013 ostatnia przewodnicz\u0105ca Komunistycznej Partii Polski (2002\u20132025)","datePublished":"2026-03-13T13:54:02+00:00","dateModified":"2026-03-13T15:06:34+00:00","mainEntityOfPage":{"@id":"https:\/\/antykomunistyczni.pl\/index.php\/beata-karon-ostatnia-przewodniczaca-komunistycznej-partii-polski-2002-2025\/"},"wordCount":682,"publisher":{"@id":"https:\/\/antykomunistyczni.pl\/#organization"},"image":{"@id":"https:\/\/antykomunistyczni.pl\/index.php\/beata-karon-ostatnia-przewodniczaca-komunistycznej-partii-polski-2002-2025\/#primaryimage"},"thumbnailUrl":"https:\/\/antykomunistyczni.pl\/wp-content\/uploads\/2026\/03\/BeataKaron.png","articleSection":["Komuni\u015bci","Mechanizmy wsp\u00f3\u0142czesnego komunizmu","Wsp\u00f3\u0142czesny komunizm"],"inLanguage":"pl-PL"},{"@type":"WebPage","@id":"https:\/\/antykomunistyczni.pl\/index.php\/beata-karon-ostatnia-przewodniczaca-komunistycznej-partii-polski-2002-2025\/","url":"https:\/\/antykomunistyczni.pl\/index.php\/beata-karon-ostatnia-przewodniczaca-komunistycznej-partii-polski-2002-2025\/","name":"Beata Karo\u0144 \u2013 ostatnia przewodnicz\u0105ca Komunistycznej Partii Polski (2002\u20132025) - Antykomunistyczni.pl","isPartOf":{"@id":"https:\/\/antykomunistyczni.pl\/#website"},"primaryImageOfPage":{"@id":"https:\/\/antykomunistyczni.pl\/index.php\/beata-karon-ostatnia-przewodniczaca-komunistycznej-partii-polski-2002-2025\/#primaryimage"},"image":{"@id":"https:\/\/antykomunistyczni.pl\/index.php\/beata-karon-ostatnia-przewodniczaca-komunistycznej-partii-polski-2002-2025\/#primaryimage"},"thumbnailUrl":"https:\/\/antykomunistyczni.pl\/wp-content\/uploads\/2026\/03\/BeataKaron.png","datePublished":"2026-03-13T13:54:02+00:00","dateModified":"2026-03-13T15:06:34+00:00","description":"Beata Karo\u0144 \u2013 twarz wsp\u00f3\u0142czesnego komunizmu w Polsce. Gloryfikacja stalinizmu, obrona Kuby i PRL a\u017c do delegalizacji KPP w grudniu 2025.","breadcrumb":{"@id":"https:\/\/antykomunistyczni.pl\/index.php\/beata-karon-ostatnia-przewodniczaca-komunistycznej-partii-polski-2002-2025\/#breadcrumb"},"inLanguage":"pl-PL","potentialAction":[{"@type":"ReadAction","target":["https:\/\/antykomunistyczni.pl\/index.php\/beata-karon-ostatnia-przewodniczaca-komunistycznej-partii-polski-2002-2025\/"]}]},{"@type":"ImageObject","inLanguage":"pl-PL","@id":"https:\/\/antykomunistyczni.pl\/index.php\/beata-karon-ostatnia-przewodniczaca-komunistycznej-partii-polski-2002-2025\/#primaryimage","url":"https:\/\/antykomunistyczni.pl\/wp-content\/uploads\/2026\/03\/BeataKaron.png","contentUrl":"https:\/\/antykomunistyczni.pl\/wp-content\/uploads\/2026\/03\/BeataKaron.png","width":1018,"height":580},{"@type":"BreadcrumbList","@id":"https:\/\/antykomunistyczni.pl\/index.php\/beata-karon-ostatnia-przewodniczaca-komunistycznej-partii-polski-2002-2025\/#breadcrumb","itemListElement":[{"@type":"ListItem","position":1,"name":"Strona g\u0142\u00f3wna","item":"https:\/\/antykomunistyczni.pl\/"},{"@type":"ListItem","position":2,"name":"Beata Karo\u0144 \u2013 ostatnia przewodnicz\u0105ca Komunistycznej Partii Polski (2002\u20132025)"}]},{"@type":"WebSite","@id":"https:\/\/antykomunistyczni.pl\/#website","url":"https:\/\/antykomunistyczni.pl\/","name":"Antykomunistyczni.pl","description":"","publisher":{"@id":"https:\/\/antykomunistyczni.pl\/#organization"},"alternateName":"Historia PRL, zbrodnie komunistyczne w Polsce i na \u015bwiecie","potentialAction":[{"@type":"SearchAction","target":{"@type":"EntryPoint","urlTemplate":"https:\/\/antykomunistyczni.pl\/?s={search_term_string}"},"query-input":{"@type":"PropertyValueSpecification","valueRequired":true,"valueName":"search_term_string"}}],"inLanguage":"pl-PL"},{"@type":"Organization","@id":"https:\/\/antykomunistyczni.pl\/#organization","name":"Antykomunistyczni.pl","url":"https:\/\/antykomunistyczni.pl\/","logo":{"@type":"ImageObject","inLanguage":"pl-PL","@id":"https:\/\/antykomunistyczni.pl\/#\/schema\/logo\/image\/","url":"https:\/\/antykomunistyczni.pl\/wp-content\/uploads\/2026\/02\/cropped-AntykomunistyczniLogoSquare150x150-2.png","contentUrl":"https:\/\/antykomunistyczni.pl\/wp-content\/uploads\/2026\/02\/cropped-AntykomunistyczniLogoSquare150x150-2.png","width":150,"height":150,"caption":"Antykomunistyczni.pl"},"image":{"@id":"https:\/\/antykomunistyczni.pl\/#\/schema\/logo\/image\/"},"sameAs":["https:\/\/www.facebook.com\/antykomunistyczni\/","https:\/\/x.com\/anty_komunisci"]},{"@type":"Person","@id":"https:\/\/antykomunistyczni.pl\/#\/schema\/person\/4963e693e8006b94062d91d1295d02a0","name":"Antykomunistyczni","image":{"@type":"ImageObject","inLanguage":"pl-PL","@id":"https:\/\/secure.gravatar.com\/avatar\/ff172875f9ced7887f883245268c1ba638c26cf1e0530f7f61b4705963a6730b?s=96&d=mm&r=g","url":"https:\/\/secure.gravatar.com\/avatar\/ff172875f9ced7887f883245268c1ba638c26cf1e0530f7f61b4705963a6730b?s=96&d=mm&r=g","contentUrl":"https:\/\/secure.gravatar.com\/avatar\/ff172875f9ced7887f883245268c1ba638c26cf1e0530f7f61b4705963a6730b?s=96&d=mm&r=g","caption":"Antykomunistyczni"},"sameAs":["http:\/\/antykomunistyczni.pl"],"url":"https:\/\/antykomunistyczni.pl\/index.php\/author\/admin0\/"}]}},"_links":{"self":[{"href":"https:\/\/antykomunistyczni.pl\/index.php\/wp-json\/wp\/v2\/posts\/1160","targetHints":{"allow":["GET"]}}],"collection":[{"href":"https:\/\/antykomunistyczni.pl\/index.php\/wp-json\/wp\/v2\/posts"}],"about":[{"href":"https:\/\/antykomunistyczni.pl\/index.php\/wp-json\/wp\/v2\/types\/post"}],"author":[{"embeddable":true,"href":"https:\/\/antykomunistyczni.pl\/index.php\/wp-json\/wp\/v2\/users\/1"}],"replies":[{"embeddable":true,"href":"https:\/\/antykomunistyczni.pl\/index.php\/wp-json\/wp\/v2\/comments?post=1160"}],"version-history":[{"count":14,"href":"https:\/\/antykomunistyczni.pl\/index.php\/wp-json\/wp\/v2\/posts\/1160\/revisions"}],"predecessor-version":[{"id":1182,"href":"https:\/\/antykomunistyczni.pl\/index.php\/wp-json\/wp\/v2\/posts\/1160\/revisions\/1182"}],"wp:featuredmedia":[{"embeddable":true,"href":"https:\/\/antykomunistyczni.pl\/index.php\/wp-json\/wp\/v2\/media\/1162"}],"wp:attachment":[{"href":"https:\/\/antykomunistyczni.pl\/index.php\/wp-json\/wp\/v2\/media?parent=1160"}],"wp:term":[{"taxonomy":"category","embeddable":true,"href":"https:\/\/antykomunistyczni.pl\/index.php\/wp-json\/wp\/v2\/categories?post=1160"},{"taxonomy":"post_tag","embeddable":true,"href":"https:\/\/antykomunistyczni.pl\/index.php\/wp-json\/wp\/v2\/tags?post=1160"}],"curies":[{"name":"wp","href":"https:\/\/api.w.org\/{rel}","templated":true}]}}