{"id":1254,"date":"2026-03-13T19:01:04","date_gmt":"2026-03-13T18:01:04","guid":{"rendered":"https:\/\/antykomunistyczni.pl\/?p=1254"},"modified":"2026-03-13T19:17:13","modified_gmt":"2026-03-13T18:17:13","slug":"aktualizacja-katalogu-na-antykomunistyczni-pl-czas-na-wasza-czujnosc","status":"publish","type":"post","link":"https:\/\/antykomunistyczni.pl\/index.php\/aktualizacja-katalogu-na-antykomunistyczni-pl-czas-na-wasza-czujnosc\/","title":{"rendered":"Aktualizacja katalogu na antykomunistyczni.pl \u2013 czas na Wasz\u0105 czujno\u015b\u0107!"},"content":{"rendered":"\t\t<div data-elementor-type=\"wp-post\" data-elementor-id=\"1254\" class=\"elementor elementor-1254\">\n\t\t\t\t<div class=\"elementor-element elementor-element-2f8b5a4 e-flex e-con-boxed e-con e-parent\" data-id=\"2f8b5a4\" data-element_type=\"container\" data-e-type=\"container\">\n\t\t\t\t\t<div class=\"e-con-inner\">\n\t\t\t\t<div class=\"elementor-element elementor-element-920e7a2 elementor-widget elementor-widget-image\" data-id=\"920e7a2\" data-element_type=\"widget\" data-e-type=\"widget\" data-widget_type=\"image.default\">\n\t\t\t\t\t\t\t\t\t\t\t\t<figure class=\"wp-caption\">\n\t\t\t\t\t\t\t\t\t\t<img fetchpriority=\"high\" decoding=\"async\" width=\"768\" height=\"513\" src=\"https:\/\/antykomunistyczni.pl\/wp-content\/uploads\/2026\/03\/WspolczesneOgranizacjeKomunistycznewPolsce-768x513.jpg\" class=\"attachment-medium_large size-medium_large wp-image-1256\" alt=\"\" srcset=\"https:\/\/antykomunistyczni.pl\/wp-content\/uploads\/2026\/03\/WspolczesneOgranizacjeKomunistycznewPolsce-768x513.jpg 768w, https:\/\/antykomunistyczni.pl\/wp-content\/uploads\/2026\/03\/WspolczesneOgranizacjeKomunistycznewPolsce-300x200.jpg 300w, https:\/\/antykomunistyczni.pl\/wp-content\/uploads\/2026\/03\/WspolczesneOgranizacjeKomunistycznewPolsce-1024x684.jpg 1024w, https:\/\/antykomunistyczni.pl\/wp-content\/uploads\/2026\/03\/WspolczesneOgranizacjeKomunistycznewPolsce-240x160.jpg 240w, https:\/\/antykomunistyczni.pl\/wp-content\/uploads\/2026\/03\/WspolczesneOgranizacjeKomunistycznewPolsce.jpg 1200w\" sizes=\"(max-width: 768px) 100vw, 768px\" \/>\t\t\t\t\t\t\t\t\t\t\t<figcaption class=\"widget-image-caption wp-caption-text\">Poch\u00f3d 1-majowy w Gda\u0144sku zorganizowany przez Stowarzyszenie Czerwoni (Fot. Martyna Nie\u0107ko \/ Agencja Wyborcza.pl)<\/figcaption>\n\t\t\t\t\t\t\t\t\t\t<\/figure>\n\t\t\t\t\t\t\t\t\t<\/div>\n\t\t\t\t\t<\/div>\n\t\t\t\t<\/div>\n\t\t<div class=\"elementor-element elementor-element-176acec0 e-flex e-con-boxed e-con e-parent\" data-id=\"176acec0\" data-element_type=\"container\" data-e-type=\"container\">\n\t\t\t\t\t<div class=\"e-con-inner\">\n\t\t\t\t<div class=\"elementor-element elementor-element-6dbe70a6 elementor-widget elementor-widget-text-editor\" data-id=\"6dbe70a6\" data-element_type=\"widget\" data-e-type=\"widget\" data-widget_type=\"text-editor.default\">\n\t\t\t\t\t\t\t\t\t<p><span style=\"color: #000000;\"><\/span><\/p>\n<p class=\"wp-block-paragraph\"><span style=\"color: #000000;\">Drodzy Czytelnicy,<\/span><\/p>\n<p><span style=\"color: #000000;\"><\/span><\/p>\n<p class=\"wp-block-paragraph\"><span style=\"color: #000000;\">w ostatnich miesi\u0105cach i latach radykalna lewica w Polsce nie pr\u00f3\u017cnuje. Po delegalizacji Komunistycznej Partii Polski (grudzie\u0144 2025) dawni dzia\u0142acze i nowe pokolenie aktywist\u00f3w szybko przenosz\u0105 dzia\u0142alno\u015b\u0107 do stowarzysze\u0144, nieformalnych grup m\u0142odzie\u017cowych i \u201em\u0142odzie\u017c\u00f3wek rewolucyjnych\u201d. Powstaj\u0105 kolejne podmioty, kt\u00f3re pod has\u0142ami \u201ewalki klasowej\u201d, \u201eekosocjalizmu\u201d, \u201equeerowego wyzwolenia\u201d, \u201eobrony pami\u0119ci\u201d czy \u201eantyimperializmu\u201d kontynuuj\u0105 \u2013 czasem jawnie, czasem nieco zakamuflowan\u0105 \u2013 propagand\u0119 ideologii komunistycznej i marksistowskiej.<\/span><\/p>\n<p><span style=\"color: #000000;\"><\/span><\/p>\n<p class=\"wp-block-paragraph\"><span style=\"color: #000000;\">Na naszej stronie dzia\u0142a publiczny katalog:<\/span><br \/><span style=\"color: #000000;\"><img decoding=\"async\" class=\"emoji\" role=\"img\" draggable=\"false\" src=\"https:\/\/s.w.org\/images\/core\/emoji\/17.0.2\/svg\/1f449.svg\" alt=\"\ud83d\udc49\" \/> <a href=\"https:\/\/antykomunistyczni.pl\/index.php\/directory-komunisci\/\">https:\/\/antykomunistyczni.pl\/index.php\/directory-komunisci\/<\/a><\/span><\/p>\n<p><span style=\"color: #000000;\"><\/span><\/p>\n<p class=\"wp-block-paragraph\"><span style=\"color: #000000;\">Znajdziecie tam ju\u017c m.in.:<\/span><\/p>\n<p><span style=\"color: #000000;\"><\/span><\/p>\n<ul class=\"wp-block-list\">\n<li style=\"list-style-type: none;\">\n<ul class=\"wp-block-list\"><\/ul>\n<\/li>\n<\/ul>\n<ul class=\"wp-block-list\">\n<li style=\"list-style-type: none;\">\n<ul class=\"wp-block-list\">\n<li><span style=\"color: #000000;\">Stowarzyszenie Historia Czerwona<\/span><\/li>\n<\/ul>\n<\/li>\n<\/ul>\n<p><\/p>\n<ul class=\"wp-block-list\">\n<li style=\"list-style-type: none;\">\n<ul class=\"wp-block-list\">\n<li><span style=\"color: #000000;\">Stowarzyszenie Czerwoni<\/span><\/li>\n<\/ul>\n<\/li>\n<\/ul>\n<p><\/p>\n<ul class=\"wp-block-list\">\n<li style=\"list-style-type: none;\">\n<ul class=\"wp-block-list\">\n<li><span style=\"color: #000000;\">Akcja Socjalistyczna<\/span><\/li>\n<\/ul>\n<\/li>\n<\/ul>\n<p><\/p>\n<ul class=\"wp-block-list\">\n<li style=\"list-style-type: none;\">\n<ul class=\"wp-block-list\">\n<li><span style=\"color: #000000;\">Porozumienie Socjalist\u00f3w<\/span><\/li>\n<\/ul>\n<\/li>\n<\/ul>\n<p><\/p>\n<ul class=\"wp-block-list\">\n<li style=\"list-style-type: none;\">\n<ul class=\"wp-block-list\">\n<li><span style=\"color: #000000;\">Stowarzyszenie Tradycji Ludowego Wojska Polskiego im. gen. Berlinga<\/span><\/li>\n<\/ul>\n<\/li>\n<\/ul>\n<p><\/p>\n<ul class=\"wp-block-list\">\n<li style=\"list-style-type: none;\">\n<ul class=\"wp-block-list\">\n<li><span style=\"color: #000000;\">Stowarzyszenie Marksist\u00f3w Polskich<\/span><\/li>\n<\/ul>\n<\/li>\n<\/ul>\n<p><\/p>\n<ul class=\"wp-block-list\">\n<li style=\"list-style-type: none;\">\n<ul class=\"wp-block-list\">\n<li><span style=\"color: #000000;\">Post\u0119powa M\u0142odzie\u017c Polski<\/span><\/li>\n<\/ul>\n<\/li>\n<\/ul>\n<p><\/p>\n<ul class=\"wp-block-list\">\n<li style=\"list-style-type: none;\">\n<ul class=\"wp-block-list\">\n<li><span style=\"color: #000000;\">oraz archiwalne wpisy o zdelegalizowanej KPP<\/span><\/li>\n<\/ul>\n<\/li>\n<\/ul>\n<p><\/p>\n<p><span style=\"color: #000000;\"><\/span><\/p>\n<p class=\"wp-block-paragraph\"><span style=\"color: #000000;\"><strong>To jednak dopiero pocz\u0105tek.<\/strong><\/span><\/p>\n<p><span style=\"color: #000000;\"><\/span><\/p>\n<p class=\"wp-block-paragraph\"><span style=\"color: #000000;\">Wci\u0105\u017c powstaj\u0105 i dzia\u0142aj\u0105 kolejne grupy \u2013 niekt\u00f3re jawnie leninowskie, trockistowskie, maoistyczne czy \u201epost\u0119powe rewolucyjne\u201d. Cz\u0119\u015b\u0107 z nich unika rejestracji w KRS, dzia\u0142a w sieci, na ulicach, w blokadach eksmisji, na Paradach R\u00f3wno\u015bci z antykorporacyjnymi akcjami lub w rocznicowych obchodach na Cytadeli.<\/span><\/p>\n<p><span style=\"color: #000000;\"><\/span><\/p>\n<p class=\"wp-block-paragraph\"><span style=\"color: #000000;\"><strong>Dlatego prosimy Was o pomoc!<\/strong><\/span><\/p>\n<p><span style=\"color: #000000;\"><\/span><\/p>\n<p class=\"wp-block-paragraph\"><span style=\"color: #000000;\">Je\u015bli znacie, natkn\u0119li\u015bcie si\u0119 lub macie sprawdzone informacje o jakiejkolwiek organizacji, grupie, m\u0142odzie\u017c\u00f3wce, kolektywie czy inicjatywie, kt\u00f3ra:<\/span><\/p>\n<p><span style=\"color: #000000;\"><\/span><\/p>\n<ul class=\"wp-block-list\">\n<li style=\"list-style-type: none;\">\n<ul class=\"wp-block-list\"><\/ul>\n<\/li>\n<\/ul>\n<ul class=\"wp-block-list\">\n<li style=\"list-style-type: none;\">\n<ul class=\"wp-block-list\">\n<li><span style=\"color: #000000;\">jawnie lub p\u00f3\u0142jawnie propaguje komunizm, marksizm-leninizm, trockizm, maoizm<\/span><\/li>\n<\/ul>\n<\/li>\n<\/ul>\n<p><\/p>\n<ul class=\"wp-block-list\">\n<li style=\"list-style-type: none;\">\n<ul class=\"wp-block-list\">\n<li><span style=\"color: #000000;\">gloryfikuje ZSRR, LWP, Armi\u0119 Czerwon\u0105, KPP, UB, re\u017cim kuba\u0144ski itp.<\/span><\/li>\n<\/ul>\n<\/li>\n<\/ul>\n<p><\/p>\n<ul class=\"wp-block-list\">\n<li style=\"list-style-type: none;\">\n<ul class=\"wp-block-list\">\n<li><span style=\"color: #000000;\">atakuje dekomunizacj\u0119, IPN, NATO, UE, \u201ebur\u017cuazyjn\u0105 demokracj\u0119\u201d<\/span><\/li>\n<\/ul>\n<\/li>\n<\/ul>\n<p><\/p>\n<ul class=\"wp-block-list\">\n<li style=\"list-style-type: none;\">\n<ul class=\"wp-block-list\">\n<li><span style=\"color: #000000;\">organizuje pochody 1-majowe, obchody rocznic bolszewickich, blokady czy agitacj\u0119 klasow\u0105<\/span><\/li>\n<\/ul>\n<\/li>\n<\/ul>\n<p><\/p>\n<p><span style=\"color: #000000;\"><\/span><\/p>\n<p class=\"wp-block-paragraph\"><span style=\"color: #000000;\">Razem budujemy map\u0119 czerwonej aktywno\u015bci w Polsce po 1989 roku. Im wi\u0119cej fakt\u00f3w, tym trudniej b\u0119dzie im si\u0119 ukrywa\u0107 pod p\u0142aszczykiem \u201epost\u0119pu\u201d, \u201ehistorii\u201d czy \u201eobrony praw pracowniczych\u201d.<\/span><\/p>\n<p><span style=\"color: #000000;\"><\/span><\/p>\n<p class=\"wp-block-paragraph\"><span style=\"color: #000000;\"><\/span><\/p>\n<p class=\"wp-block-paragraph\"><span style=\"color: #000000;\">Czerwona zaraza nie umar\u0142a \u2013 tylko zmieni\u0142a form\u0119.<\/span><br \/><span style=\"color: #000000;\">Nie dajmy jej si\u0119 rozprzestrzenia\u0107 w ciszy.<\/span><\/p>\n<p><span style=\"color: #000000;\"><\/span><\/p>\n<p><span style=\"color: #000000;\"><\/span><\/p>\n<p class=\"wp-block-paragraph\"><span style=\"color: #000000;\"><\/span><\/p>\t\t\t\t\t\t\t\t<\/div>\n\t\t\t\t\t<\/div>\n\t\t\t\t<\/div>\n\t\t<div class=\"elementor-element elementor-element-f89026b e-grid e-con-boxed e-con e-parent\" data-id=\"f89026b\" data-element_type=\"container\" data-e-type=\"container\">\n\t\t\t\t\t<div class=\"e-con-inner\">\n\t\t\t\t<div class=\"elementor-element elementor-element-b23f786 elementor-align-center elementor-widget elementor-widget-button\" data-id=\"b23f786\" data-element_type=\"widget\" data-e-type=\"widget\" data-widget_type=\"button.default\">\n\t\t\t\t\t\t\t\t\t\t<a class=\"elementor-button elementor-button-link elementor-size-sm\" href=\"#\">\n\t\t\t\t\t\t<span class=\"elementor-button-content-wrapper\">\n\t\t\t\t\t\t\t\t\t<span class=\"elementor-button-text\">Dodaj now\u0105 organizacj\u0119<\/span>\n\t\t\t\t\t<\/span>\n\t\t\t\t\t<\/a>\n\t\t\t\t\t\t\t\t<\/div>\n\t\t\t\t<div class=\"elementor-element elementor-element-9d67296 elementor-align-center elementor-widget elementor-widget-button\" data-id=\"9d67296\" data-element_type=\"widget\" data-e-type=\"widget\" data-widget_type=\"button.default\">\n\t\t\t\t\t\t\t\t\t\t<a class=\"elementor-button elementor-button-link elementor-size-sm\" href=\"https:\/\/antykomunistyczni.pl\/index.php\/add-directory-listing\/\">\n\t\t\t\t\t\t<span class=\"elementor-button-content-wrapper\">\n\t\t\t\t\t\t\t\t\t<span class=\"elementor-button-text\">Link do katalogu organizacji<\/span>\n\t\t\t\t\t<\/span>\n\t\t\t\t\t<\/a>\n\t\t\t\t\t\t\t\t<\/div>\n\t\t\t\t\t<\/div>\n\t\t\t\t<\/div>\n\t\t\t\t<\/div>\n\t\t","protected":false},"excerpt":{"rendered":"<p>Poch\u00f3d 1-majowy w Gda\u0144sku zorganizowany przez Stowarzyszenie Czerwoni (Fot. Martyna Nie\u0107ko \/ Agencja Wyborcza.pl) Drodzy Czytelnicy, w ostatnich miesi\u0105cach i latach radykalna lewica w Polsce nie pr\u00f3\u017cnuje. Po delegalizacji Komunistycznej Partii Polski (grudzie\u0144 2025) dawni dzia\u0142acze i nowe pokolenie aktywist\u00f3w szybko przenosz\u0105 dzia\u0142alno\u015b\u0107 do stowarzysze\u0144, nieformalnych grup m\u0142odzie\u017cowych i \u201em\u0142odzie\u017c\u00f3wek rewolucyjnych\u201d. Powstaj\u0105 kolejne podmioty, kt\u00f3re [&hellip;]<\/p>\n","protected":false},"author":1,"featured_media":1256,"comment_status":"closed","ping_status":"closed","sticky":false,"template":"","format":"standard","meta":{"give_campaign_id":0,"footnotes":""},"categories":[22,47,44],"tags":[30,87,88,89,86],"class_list":["post-1254","post","type-post","status-publish","format-standard","has-post-thumbnail","hentry","category-aktualnosci","category-komunizm-w-ideologiach-i-ruchach-wspolczesnych","category-wspolczesny-komunizm","tag-antykomunisci","tag-czeerwonazaraza","tag-delegalizacjakpp","tag-iii-rp-bez-czerwieni","tag-katalogkomunistow"],"yoast_head":"<!-- This site is optimized with the Yoast SEO plugin v28.4 - https:\/\/yoast.com\/product\/yoast-seo-wordpress\/ -->\n<title>Aktualizacja katalogu na antykomunistyczni.pl \u2013 czas na Wasz\u0105 czujno\u015b\u0107! - Antykomunistyczni.pl<\/title>\n<meta name=\"robots\" content=\"index, follow, max-snippet:-1, max-image-preview:large, max-video-preview:-1\" \/>\n<link rel=\"canonical\" href=\"https:\/\/antykomunistyczni.pl\/index.php\/aktualizacja-katalogu-na-antykomunistyczni-pl-czas-na-wasza-czujnosc\/\" \/>\n<meta property=\"og:locale\" content=\"pl_PL\" \/>\n<meta property=\"og:type\" content=\"article\" \/>\n<meta property=\"og:title\" content=\"Aktualizacja katalogu na antykomunistyczni.pl \u2013 czas na Wasz\u0105 czujno\u015b\u0107! - Antykomunistyczni.pl\" \/>\n<meta property=\"og:description\" content=\"Poch\u00f3d 1-majowy w Gda\u0144sku zorganizowany przez Stowarzyszenie Czerwoni (Fot. Martyna Nie\u0107ko \/ Agencja Wyborcza.pl) Drodzy Czytelnicy, w ostatnich miesi\u0105cach i latach radykalna lewica w Polsce nie pr\u00f3\u017cnuje. Po delegalizacji Komunistycznej Partii Polski (grudzie\u0144 2025) dawni dzia\u0142acze i nowe pokolenie aktywist\u00f3w szybko przenosz\u0105 dzia\u0142alno\u015b\u0107 do stowarzysze\u0144, nieformalnych grup m\u0142odzie\u017cowych i \u201em\u0142odzie\u017c\u00f3wek rewolucyjnych\u201d. Powstaj\u0105 kolejne podmioty, kt\u00f3re [&hellip;]\" \/>\n<meta property=\"og:url\" content=\"https:\/\/antykomunistyczni.pl\/index.php\/aktualizacja-katalogu-na-antykomunistyczni-pl-czas-na-wasza-czujnosc\/\" \/>\n<meta property=\"og:site_name\" content=\"Antykomunistyczni.pl\" \/>\n<meta property=\"article:publisher\" content=\"https:\/\/www.facebook.com\/antykomunistyczni\/\" \/>\n<meta property=\"article:published_time\" content=\"2026-03-13T18:01:04+00:00\" \/>\n<meta property=\"article:modified_time\" content=\"2026-03-13T18:17:13+00:00\" \/>\n<meta property=\"og:image\" content=\"https:\/\/antykomunistyczni.pl\/wp-content\/uploads\/2026\/03\/WspolczesneOgranizacjeKomunistycznewPolsce.jpg\" \/>\n\t<meta property=\"og:image:width\" content=\"1200\" \/>\n\t<meta property=\"og:image:height\" content=\"801\" \/>\n\t<meta property=\"og:image:type\" content=\"image\/jpeg\" \/>\n<meta name=\"author\" content=\"Antykomunistyczni\" \/>\n<meta name=\"twitter:card\" content=\"summary_large_image\" \/>\n<meta name=\"twitter:creator\" content=\"@anty_komunisci\" \/>\n<meta name=\"twitter:site\" content=\"@anty_komunisci\" \/>\n<meta name=\"twitter:label1\" content=\"Napisane przez\" \/>\n\t<meta name=\"twitter:data1\" content=\"Antykomunistyczni\" \/>\n\t<meta name=\"twitter:label2\" content=\"Szacowany czas czytania\" \/>\n\t<meta name=\"twitter:data2\" content=\"3 minuty\" \/>\n<script type=\"application\/ld+json\" class=\"yoast-schema-graph\">{\"@context\":\"https:\\\/\\\/schema.org\",\"@graph\":[{\"@type\":\"Article\",\"@id\":\"https:\\\/\\\/antykomunistyczni.pl\\\/index.php\\\/aktualizacja-katalogu-na-antykomunistyczni-pl-czas-na-wasza-czujnosc\\\/#article\",\"isPartOf\":{\"@id\":\"https:\\\/\\\/antykomunistyczni.pl\\\/index.php\\\/aktualizacja-katalogu-na-antykomunistyczni-pl-czas-na-wasza-czujnosc\\\/\"},\"author\":{\"name\":\"Antykomunistyczni\",\"@id\":\"https:\\\/\\\/antykomunistyczni.pl\\\/#\\\/schema\\\/person\\\/4963e693e8006b94062d91d1295d02a0\"},\"headline\":\"Aktualizacja katalogu na antykomunistyczni.pl \u2013 czas na Wasz\u0105 czujno\u015b\u0107!\",\"datePublished\":\"2026-03-13T18:01:04+00:00\",\"dateModified\":\"2026-03-13T18:17:13+00:00\",\"mainEntityOfPage\":{\"@id\":\"https:\\\/\\\/antykomunistyczni.pl\\\/index.php\\\/aktualizacja-katalogu-na-antykomunistyczni-pl-czas-na-wasza-czujnosc\\\/\"},\"wordCount\":325,\"publisher\":{\"@id\":\"https:\\\/\\\/antykomunistyczni.pl\\\/#organization\"},\"image\":{\"@id\":\"https:\\\/\\\/antykomunistyczni.pl\\\/index.php\\\/aktualizacja-katalogu-na-antykomunistyczni-pl-czas-na-wasza-czujnosc\\\/#primaryimage\"},\"thumbnailUrl\":\"https:\\\/\\\/antykomunistyczni.pl\\\/wp-content\\\/uploads\\\/2026\\\/03\\\/WspolczesneOgranizacjeKomunistycznewPolsce.jpg\",\"keywords\":[\"Antykomunisci\",\"CzeerwonaZaraza\",\"DelegalizacjaKPP\",\"III RP bez czerwieni\",\"KatalogKomunist\u00f3w\"],\"articleSection\":[\"Aktualno\u015bci\",\"Komunizm w ideologiach i ruchach wsp\u00f3\u0142czesnych\",\"Wsp\u00f3\u0142czesny komunizm\"],\"inLanguage\":\"pl-PL\"},{\"@type\":\"WebPage\",\"@id\":\"https:\\\/\\\/antykomunistyczni.pl\\\/index.php\\\/aktualizacja-katalogu-na-antykomunistyczni-pl-czas-na-wasza-czujnosc\\\/\",\"url\":\"https:\\\/\\\/antykomunistyczni.pl\\\/index.php\\\/aktualizacja-katalogu-na-antykomunistyczni-pl-czas-na-wasza-czujnosc\\\/\",\"name\":\"Aktualizacja katalogu na antykomunistyczni.pl \u2013 czas na Wasz\u0105 czujno\u015b\u0107! - Antykomunistyczni.pl\",\"isPartOf\":{\"@id\":\"https:\\\/\\\/antykomunistyczni.pl\\\/#website\"},\"primaryImageOfPage\":{\"@id\":\"https:\\\/\\\/antykomunistyczni.pl\\\/index.php\\\/aktualizacja-katalogu-na-antykomunistyczni-pl-czas-na-wasza-czujnosc\\\/#primaryimage\"},\"image\":{\"@id\":\"https:\\\/\\\/antykomunistyczni.pl\\\/index.php\\\/aktualizacja-katalogu-na-antykomunistyczni-pl-czas-na-wasza-czujnosc\\\/#primaryimage\"},\"thumbnailUrl\":\"https:\\\/\\\/antykomunistyczni.pl\\\/wp-content\\\/uploads\\\/2026\\\/03\\\/WspolczesneOgranizacjeKomunistycznewPolsce.jpg\",\"datePublished\":\"2026-03-13T18:01:04+00:00\",\"dateModified\":\"2026-03-13T18:17:13+00:00\",\"breadcrumb\":{\"@id\":\"https:\\\/\\\/antykomunistyczni.pl\\\/index.php\\\/aktualizacja-katalogu-na-antykomunistyczni-pl-czas-na-wasza-czujnosc\\\/#breadcrumb\"},\"inLanguage\":\"pl-PL\",\"potentialAction\":[{\"@type\":\"ReadAction\",\"target\":[\"https:\\\/\\\/antykomunistyczni.pl\\\/index.php\\\/aktualizacja-katalogu-na-antykomunistyczni-pl-czas-na-wasza-czujnosc\\\/\"]}]},{\"@type\":\"ImageObject\",\"inLanguage\":\"pl-PL\",\"@id\":\"https:\\\/\\\/antykomunistyczni.pl\\\/index.php\\\/aktualizacja-katalogu-na-antykomunistyczni-pl-czas-na-wasza-czujnosc\\\/#primaryimage\",\"url\":\"https:\\\/\\\/antykomunistyczni.pl\\\/wp-content\\\/uploads\\\/2026\\\/03\\\/WspolczesneOgranizacjeKomunistycznewPolsce.jpg\",\"contentUrl\":\"https:\\\/\\\/antykomunistyczni.pl\\\/wp-content\\\/uploads\\\/2026\\\/03\\\/WspolczesneOgranizacjeKomunistycznewPolsce.jpg\",\"width\":1200,\"height\":801},{\"@type\":\"BreadcrumbList\",\"@id\":\"https:\\\/\\\/antykomunistyczni.pl\\\/index.php\\\/aktualizacja-katalogu-na-antykomunistyczni-pl-czas-na-wasza-czujnosc\\\/#breadcrumb\",\"itemListElement\":[{\"@type\":\"ListItem\",\"position\":1,\"name\":\"Strona g\u0142\u00f3wna\",\"item\":\"https:\\\/\\\/antykomunistyczni.pl\\\/\"},{\"@type\":\"ListItem\",\"position\":2,\"name\":\"Aktualizacja katalogu na antykomunistyczni.pl \u2013 czas na Wasz\u0105 czujno\u015b\u0107!\"}]},{\"@type\":\"WebSite\",\"@id\":\"https:\\\/\\\/antykomunistyczni.pl\\\/#website\",\"url\":\"https:\\\/\\\/antykomunistyczni.pl\\\/\",\"name\":\"Antykomunistyczni.pl\",\"description\":\"\",\"publisher\":{\"@id\":\"https:\\\/\\\/antykomunistyczni.pl\\\/#organization\"},\"alternateName\":\"Historia PRL, zbrodnie komunistyczne w Polsce i na \u015bwiecie\",\"potentialAction\":[{\"@type\":\"SearchAction\",\"target\":{\"@type\":\"EntryPoint\",\"urlTemplate\":\"https:\\\/\\\/antykomunistyczni.pl\\\/?s={search_term_string}\"},\"query-input\":{\"@type\":\"PropertyValueSpecification\",\"valueRequired\":true,\"valueName\":\"search_term_string\"}}],\"inLanguage\":\"pl-PL\"},{\"@type\":\"Organization\",\"@id\":\"https:\\\/\\\/antykomunistyczni.pl\\\/#organization\",\"name\":\"Antykomunistyczni.pl\",\"url\":\"https:\\\/\\\/antykomunistyczni.pl\\\/\",\"logo\":{\"@type\":\"ImageObject\",\"inLanguage\":\"pl-PL\",\"@id\":\"https:\\\/\\\/antykomunistyczni.pl\\\/#\\\/schema\\\/logo\\\/image\\\/\",\"url\":\"https:\\\/\\\/antykomunistyczni.pl\\\/wp-content\\\/uploads\\\/2026\\\/02\\\/cropped-AntykomunistyczniLogoSquare150x150-2.png\",\"contentUrl\":\"https:\\\/\\\/antykomunistyczni.pl\\\/wp-content\\\/uploads\\\/2026\\\/02\\\/cropped-AntykomunistyczniLogoSquare150x150-2.png\",\"width\":150,\"height\":150,\"caption\":\"Antykomunistyczni.pl\"},\"image\":{\"@id\":\"https:\\\/\\\/antykomunistyczni.pl\\\/#\\\/schema\\\/logo\\\/image\\\/\"},\"sameAs\":[\"https:\\\/\\\/www.facebook.com\\\/antykomunistyczni\\\/\",\"https:\\\/\\\/x.com\\\/anty_komunisci\"]},{\"@type\":\"Person\",\"@id\":\"https:\\\/\\\/antykomunistyczni.pl\\\/#\\\/schema\\\/person\\\/4963e693e8006b94062d91d1295d02a0\",\"name\":\"Antykomunistyczni\",\"image\":{\"@type\":\"ImageObject\",\"inLanguage\":\"pl-PL\",\"@id\":\"https:\\\/\\\/secure.gravatar.com\\\/avatar\\\/ff172875f9ced7887f883245268c1ba638c26cf1e0530f7f61b4705963a6730b?s=96&d=mm&r=g\",\"url\":\"https:\\\/\\\/secure.gravatar.com\\\/avatar\\\/ff172875f9ced7887f883245268c1ba638c26cf1e0530f7f61b4705963a6730b?s=96&d=mm&r=g\",\"contentUrl\":\"https:\\\/\\\/secure.gravatar.com\\\/avatar\\\/ff172875f9ced7887f883245268c1ba638c26cf1e0530f7f61b4705963a6730b?s=96&d=mm&r=g\",\"caption\":\"Antykomunistyczni\"},\"sameAs\":[\"http:\\\/\\\/antykomunistyczni.pl\"],\"url\":\"https:\\\/\\\/antykomunistyczni.pl\\\/index.php\\\/author\\\/admin0\\\/\"}]}<\/script>\n<!-- \/ Yoast SEO plugin. -->","yoast_head_json":{"title":"Aktualizacja katalogu na antykomunistyczni.pl \u2013 czas na Wasz\u0105 czujno\u015b\u0107! - Antykomunistyczni.pl","robots":{"index":"index","follow":"follow","max-snippet":"max-snippet:-1","max-image-preview":"max-image-preview:large","max-video-preview":"max-video-preview:-1"},"canonical":"https:\/\/antykomunistyczni.pl\/index.php\/aktualizacja-katalogu-na-antykomunistyczni-pl-czas-na-wasza-czujnosc\/","og_locale":"pl_PL","og_type":"article","og_title":"Aktualizacja katalogu na antykomunistyczni.pl \u2013 czas na Wasz\u0105 czujno\u015b\u0107! - Antykomunistyczni.pl","og_description":"Poch\u00f3d 1-majowy w Gda\u0144sku zorganizowany przez Stowarzyszenie Czerwoni (Fot. Martyna Nie\u0107ko \/ Agencja Wyborcza.pl) Drodzy Czytelnicy, w ostatnich miesi\u0105cach i latach radykalna lewica w Polsce nie pr\u00f3\u017cnuje. Po delegalizacji Komunistycznej Partii Polski (grudzie\u0144 2025) dawni dzia\u0142acze i nowe pokolenie aktywist\u00f3w szybko przenosz\u0105 dzia\u0142alno\u015b\u0107 do stowarzysze\u0144, nieformalnych grup m\u0142odzie\u017cowych i \u201em\u0142odzie\u017c\u00f3wek rewolucyjnych\u201d. Powstaj\u0105 kolejne podmioty, kt\u00f3re [&hellip;]","og_url":"https:\/\/antykomunistyczni.pl\/index.php\/aktualizacja-katalogu-na-antykomunistyczni-pl-czas-na-wasza-czujnosc\/","og_site_name":"Antykomunistyczni.pl","article_publisher":"https:\/\/www.facebook.com\/antykomunistyczni\/","article_published_time":"2026-03-13T18:01:04+00:00","article_modified_time":"2026-03-13T18:17:13+00:00","og_image":[{"width":1200,"height":801,"url":"https:\/\/antykomunistyczni.pl\/wp-content\/uploads\/2026\/03\/WspolczesneOgranizacjeKomunistycznewPolsce.jpg","type":"image\/jpeg"}],"author":"Antykomunistyczni","twitter_card":"summary_large_image","twitter_creator":"@anty_komunisci","twitter_site":"@anty_komunisci","twitter_misc":{"Napisane przez":"Antykomunistyczni","Szacowany czas czytania":"3 minuty"},"schema":{"@context":"https:\/\/schema.org","@graph":[{"@type":"Article","@id":"https:\/\/antykomunistyczni.pl\/index.php\/aktualizacja-katalogu-na-antykomunistyczni-pl-czas-na-wasza-czujnosc\/#article","isPartOf":{"@id":"https:\/\/antykomunistyczni.pl\/index.php\/aktualizacja-katalogu-na-antykomunistyczni-pl-czas-na-wasza-czujnosc\/"},"author":{"name":"Antykomunistyczni","@id":"https:\/\/antykomunistyczni.pl\/#\/schema\/person\/4963e693e8006b94062d91d1295d02a0"},"headline":"Aktualizacja katalogu na antykomunistyczni.pl \u2013 czas na Wasz\u0105 czujno\u015b\u0107!","datePublished":"2026-03-13T18:01:04+00:00","dateModified":"2026-03-13T18:17:13+00:00","mainEntityOfPage":{"@id":"https:\/\/antykomunistyczni.pl\/index.php\/aktualizacja-katalogu-na-antykomunistyczni-pl-czas-na-wasza-czujnosc\/"},"wordCount":325,"publisher":{"@id":"https:\/\/antykomunistyczni.pl\/#organization"},"image":{"@id":"https:\/\/antykomunistyczni.pl\/index.php\/aktualizacja-katalogu-na-antykomunistyczni-pl-czas-na-wasza-czujnosc\/#primaryimage"},"thumbnailUrl":"https:\/\/antykomunistyczni.pl\/wp-content\/uploads\/2026\/03\/WspolczesneOgranizacjeKomunistycznewPolsce.jpg","keywords":["Antykomunisci","CzeerwonaZaraza","DelegalizacjaKPP","III RP bez czerwieni","KatalogKomunist\u00f3w"],"articleSection":["Aktualno\u015bci","Komunizm w ideologiach i ruchach wsp\u00f3\u0142czesnych","Wsp\u00f3\u0142czesny komunizm"],"inLanguage":"pl-PL"},{"@type":"WebPage","@id":"https:\/\/antykomunistyczni.pl\/index.php\/aktualizacja-katalogu-na-antykomunistyczni-pl-czas-na-wasza-czujnosc\/","url":"https:\/\/antykomunistyczni.pl\/index.php\/aktualizacja-katalogu-na-antykomunistyczni-pl-czas-na-wasza-czujnosc\/","name":"Aktualizacja katalogu na antykomunistyczni.pl \u2013 czas na Wasz\u0105 czujno\u015b\u0107! - Antykomunistyczni.pl","isPartOf":{"@id":"https:\/\/antykomunistyczni.pl\/#website"},"primaryImageOfPage":{"@id":"https:\/\/antykomunistyczni.pl\/index.php\/aktualizacja-katalogu-na-antykomunistyczni-pl-czas-na-wasza-czujnosc\/#primaryimage"},"image":{"@id":"https:\/\/antykomunistyczni.pl\/index.php\/aktualizacja-katalogu-na-antykomunistyczni-pl-czas-na-wasza-czujnosc\/#primaryimage"},"thumbnailUrl":"https:\/\/antykomunistyczni.pl\/wp-content\/uploads\/2026\/03\/WspolczesneOgranizacjeKomunistycznewPolsce.jpg","datePublished":"2026-03-13T18:01:04+00:00","dateModified":"2026-03-13T18:17:13+00:00","breadcrumb":{"@id":"https:\/\/antykomunistyczni.pl\/index.php\/aktualizacja-katalogu-na-antykomunistyczni-pl-czas-na-wasza-czujnosc\/#breadcrumb"},"inLanguage":"pl-PL","potentialAction":[{"@type":"ReadAction","target":["https:\/\/antykomunistyczni.pl\/index.php\/aktualizacja-katalogu-na-antykomunistyczni-pl-czas-na-wasza-czujnosc\/"]}]},{"@type":"ImageObject","inLanguage":"pl-PL","@id":"https:\/\/antykomunistyczni.pl\/index.php\/aktualizacja-katalogu-na-antykomunistyczni-pl-czas-na-wasza-czujnosc\/#primaryimage","url":"https:\/\/antykomunistyczni.pl\/wp-content\/uploads\/2026\/03\/WspolczesneOgranizacjeKomunistycznewPolsce.jpg","contentUrl":"https:\/\/antykomunistyczni.pl\/wp-content\/uploads\/2026\/03\/WspolczesneOgranizacjeKomunistycznewPolsce.jpg","width":1200,"height":801},{"@type":"BreadcrumbList","@id":"https:\/\/antykomunistyczni.pl\/index.php\/aktualizacja-katalogu-na-antykomunistyczni-pl-czas-na-wasza-czujnosc\/#breadcrumb","itemListElement":[{"@type":"ListItem","position":1,"name":"Strona g\u0142\u00f3wna","item":"https:\/\/antykomunistyczni.pl\/"},{"@type":"ListItem","position":2,"name":"Aktualizacja katalogu na antykomunistyczni.pl \u2013 czas na Wasz\u0105 czujno\u015b\u0107!"}]},{"@type":"WebSite","@id":"https:\/\/antykomunistyczni.pl\/#website","url":"https:\/\/antykomunistyczni.pl\/","name":"Antykomunistyczni.pl","description":"","publisher":{"@id":"https:\/\/antykomunistyczni.pl\/#organization"},"alternateName":"Historia PRL, zbrodnie komunistyczne w Polsce i na \u015bwiecie","potentialAction":[{"@type":"SearchAction","target":{"@type":"EntryPoint","urlTemplate":"https:\/\/antykomunistyczni.pl\/?s={search_term_string}"},"query-input":{"@type":"PropertyValueSpecification","valueRequired":true,"valueName":"search_term_string"}}],"inLanguage":"pl-PL"},{"@type":"Organization","@id":"https:\/\/antykomunistyczni.pl\/#organization","name":"Antykomunistyczni.pl","url":"https:\/\/antykomunistyczni.pl\/","logo":{"@type":"ImageObject","inLanguage":"pl-PL","@id":"https:\/\/antykomunistyczni.pl\/#\/schema\/logo\/image\/","url":"https:\/\/antykomunistyczni.pl\/wp-content\/uploads\/2026\/02\/cropped-AntykomunistyczniLogoSquare150x150-2.png","contentUrl":"https:\/\/antykomunistyczni.pl\/wp-content\/uploads\/2026\/02\/cropped-AntykomunistyczniLogoSquare150x150-2.png","width":150,"height":150,"caption":"Antykomunistyczni.pl"},"image":{"@id":"https:\/\/antykomunistyczni.pl\/#\/schema\/logo\/image\/"},"sameAs":["https:\/\/www.facebook.com\/antykomunistyczni\/","https:\/\/x.com\/anty_komunisci"]},{"@type":"Person","@id":"https:\/\/antykomunistyczni.pl\/#\/schema\/person\/4963e693e8006b94062d91d1295d02a0","name":"Antykomunistyczni","image":{"@type":"ImageObject","inLanguage":"pl-PL","@id":"https:\/\/secure.gravatar.com\/avatar\/ff172875f9ced7887f883245268c1ba638c26cf1e0530f7f61b4705963a6730b?s=96&d=mm&r=g","url":"https:\/\/secure.gravatar.com\/avatar\/ff172875f9ced7887f883245268c1ba638c26cf1e0530f7f61b4705963a6730b?s=96&d=mm&r=g","contentUrl":"https:\/\/secure.gravatar.com\/avatar\/ff172875f9ced7887f883245268c1ba638c26cf1e0530f7f61b4705963a6730b?s=96&d=mm&r=g","caption":"Antykomunistyczni"},"sameAs":["http:\/\/antykomunistyczni.pl"],"url":"https:\/\/antykomunistyczni.pl\/index.php\/author\/admin0\/"}]}},"_links":{"self":[{"href":"https:\/\/antykomunistyczni.pl\/index.php\/wp-json\/wp\/v2\/posts\/1254","targetHints":{"allow":["GET"]}}],"collection":[{"href":"https:\/\/antykomunistyczni.pl\/index.php\/wp-json\/wp\/v2\/posts"}],"about":[{"href":"https:\/\/antykomunistyczni.pl\/index.php\/wp-json\/wp\/v2\/types\/post"}],"author":[{"embeddable":true,"href":"https:\/\/antykomunistyczni.pl\/index.php\/wp-json\/wp\/v2\/users\/1"}],"replies":[{"embeddable":true,"href":"https:\/\/antykomunistyczni.pl\/index.php\/wp-json\/wp\/v2\/comments?post=1254"}],"version-history":[{"count":16,"href":"https:\/\/antykomunistyczni.pl\/index.php\/wp-json\/wp\/v2\/posts\/1254\/revisions"}],"predecessor-version":[{"id":1274,"href":"https:\/\/antykomunistyczni.pl\/index.php\/wp-json\/wp\/v2\/posts\/1254\/revisions\/1274"}],"wp:featuredmedia":[{"embeddable":true,"href":"https:\/\/antykomunistyczni.pl\/index.php\/wp-json\/wp\/v2\/media\/1256"}],"wp:attachment":[{"href":"https:\/\/antykomunistyczni.pl\/index.php\/wp-json\/wp\/v2\/media?parent=1254"}],"wp:term":[{"taxonomy":"category","embeddable":true,"href":"https:\/\/antykomunistyczni.pl\/index.php\/wp-json\/wp\/v2\/categories?post=1254"},{"taxonomy":"post_tag","embeddable":true,"href":"https:\/\/antykomunistyczni.pl\/index.php\/wp-json\/wp\/v2\/tags?post=1254"}],"curies":[{"name":"wp","href":"https:\/\/api.w.org\/{rel}","templated":true}]}}