{"id":1713,"date":"2026-03-22T20:31:05","date_gmt":"2026-03-22T19:31:05","guid":{"rendered":"https:\/\/antykomunistyczni.pl\/?p=1713"},"modified":"2026-03-23T16:42:32","modified_gmt":"2026-03-23T15:42:32","slug":"komunizm-w-strukturach-unii-europejskiej","status":"publish","type":"post","link":"https:\/\/antykomunistyczni.pl\/index.php\/komunizm-w-strukturach-unii-europejskiej\/","title":{"rendered":"Komunizm w strukturach Unii Europejskiej"},"content":{"rendered":"\t\t<div data-elementor-type=\"wp-post\" data-elementor-id=\"1713\" class=\"elementor elementor-1713\">\n\t\t\t\t<div class=\"elementor-element elementor-element-4420182 e-flex e-con-boxed e-con e-parent\" data-id=\"4420182\" data-element_type=\"container\" data-e-type=\"container\">\n\t\t\t\t\t<div class=\"e-con-inner\">\n\t\t\t\t<div class=\"elementor-element elementor-element-409c355 elementor-widget elementor-widget-heading\" data-id=\"409c355\" data-element_type=\"widget\" data-e-type=\"widget\" data-widget_type=\"heading.default\">\n\t\t\t\t\t<h2 class=\"elementor-heading-title elementor-size-default\"><strong>Komunizm w strukturach Unii Europejskiej: od marginalnych mandat\u00f3w po ideologiczne korzenie federalizmu<\/strong><\/h2>\t\t\t\t<\/div>\n\t\t\t\t\t<\/div>\n\t\t\t\t<\/div>\n\t\t<div class=\"elementor-element elementor-element-233eb09 e-flex e-con-boxed e-con e-parent\" data-id=\"233eb09\" data-element_type=\"container\" data-e-type=\"container\">\n\t\t\t\t\t<div class=\"e-con-inner\">\n\t\t\t\t<div class=\"elementor-element elementor-element-3299d5f elementor-widget elementor-widget-image\" data-id=\"3299d5f\" data-element_type=\"widget\" data-e-type=\"widget\" data-widget_type=\"image.default\">\n\t\t\t\t\t\t\t\t\t\t\t\t\t\t\t<img fetchpriority=\"high\" decoding=\"async\" width=\"800\" height=\"450\" src=\"https:\/\/antykomunistyczni.pl\/wp-content\/uploads\/2026\/03\/KKE-Athens-1-1024x576.jpg\" class=\"attachment-large size-large wp-image-1722\" alt=\"\" srcset=\"https:\/\/antykomunistyczni.pl\/wp-content\/uploads\/2026\/03\/KKE-Athens-1-1024x576.jpg 1024w, https:\/\/antykomunistyczni.pl\/wp-content\/uploads\/2026\/03\/KKE-Athens-1-300x169.jpg 300w, https:\/\/antykomunistyczni.pl\/wp-content\/uploads\/2026\/03\/KKE-Athens-1-768x432.jpg 768w, https:\/\/antykomunistyczni.pl\/wp-content\/uploads\/2026\/03\/KKE-Athens-1-1536x864.jpg 1536w, https:\/\/antykomunistyczni.pl\/wp-content\/uploads\/2026\/03\/KKE-Athens-1-240x135.jpg 240w, https:\/\/antykomunistyczni.pl\/wp-content\/uploads\/2026\/03\/KKE-Athens-1.jpg 1600w\" sizes=\"(max-width: 800px) 100vw, 800px\" \/>\t\t\t\t\t\t\t\t\t\t\t\t\t\t\t<\/div>\n\t\t\t\t\t<\/div>\n\t\t\t\t<\/div>\n\t\t<div class=\"elementor-element elementor-element-5c6c5a27 e-flex e-con-boxed e-con e-parent\" data-id=\"5c6c5a27\" data-element_type=\"container\" data-e-type=\"container\">\n\t\t\t\t\t<div class=\"e-con-inner\">\n\t\t\t\t<div class=\"elementor-element elementor-element-3542bac1 elementor-widget elementor-widget-text-editor\" data-id=\"3542bac1\" data-element_type=\"widget\" data-e-type=\"widget\" data-widget_type=\"text-editor.default\">\n\t\t\t\t\t\t\t\t\t<p><span style=\"color: #000000;\"><\/span><\/p>\n<p class=\"wp-block-paragraph\"><span style=\"color: #000000;\">Unia Europejska powsta\u0142a jako projekt antytotalitarny \u2013 symbol zwyci\u0119stwa wolno\u015bci nad faszyzmem i komunizmem. Po 1989 roku kraje Europy \u015arodkowo-Wschodniej wchodzi\u0142y do UE w\u0142a\u015bnie po to, by nigdy wi\u0119cej nie wr\u00f3ci\u0107 pod czerwon\u0105 dyktatur\u0119. Dzi\u015b, w 2026 roku, w samym sercu brukselskich instytucji wci\u0105\u017c zasiadaj\u0105 przedstawiciele partii otwarcie komunistycznych. Nie s\u0105 ich dziesi\u0105tki ani setki \u2013 ale s\u0105. I nie tylko siedz\u0105 na posiedzeniach Parlamentu Europejskiego, pobieraj\u0105c sowite diety z unijnego bud\u017cetu. Ich ideologia \u2013 centralizacja w\u0142adzy, walka z suwerenno\u015bci\u0105 narod\u00f3w, antykapitalizm i \u201erewolucja spo\u0142eczna\u201d \u2013 wci\u0105\u017c rezonuje w kluczowych projektach federalistycznych UE.<\/span><\/p>\n<p><span style=\"color: #000000;\"><\/span><\/p>\n<p class=\"wp-block-paragraph\"><span style=\"color: #000000;\">To nie jest spiskowa teoria. To fakt, potwierdzony oficjalnymi danymi Parlamentu Europejskiego i histori\u0105 integracji europejskiej.<\/span><\/p>\n<p><span style=\"color: #000000;\"><\/span><\/p>\n<p><span style=\"color: #000000;\"><\/span><\/p>\t\t\t\t\t\t\t\t<\/div>\n\t\t\t\t\t<\/div>\n\t\t\t\t<\/div>\n\t\t<div class=\"elementor-element elementor-element-025550a e-flex e-con-boxed e-con e-parent\" data-id=\"025550a\" data-element_type=\"container\" data-e-type=\"container\">\n\t\t\t\t\t<div class=\"e-con-inner\">\n\t\t\t\t<div class=\"elementor-element elementor-element-fd98f25 elementor-widget elementor-widget-image\" data-id=\"fd98f25\" data-element_type=\"widget\" data-e-type=\"widget\" data-widget_type=\"image.default\">\n\t\t\t\t\t\t\t\t\t\t\t\t\t\t\t<img decoding=\"async\" width=\"800\" height=\"502\" src=\"https:\/\/antykomunistyczni.pl\/wp-content\/uploads\/2026\/03\/01-hemicycle-plenaryStrasbourg__2_-1024x642.jpg\" class=\"attachment-large size-large wp-image-1716\" alt=\"\" srcset=\"https:\/\/antykomunistyczni.pl\/wp-content\/uploads\/2026\/03\/01-hemicycle-plenaryStrasbourg__2_-1024x642.jpg 1024w, https:\/\/antykomunistyczni.pl\/wp-content\/uploads\/2026\/03\/01-hemicycle-plenaryStrasbourg__2_-300x188.jpg 300w, https:\/\/antykomunistyczni.pl\/wp-content\/uploads\/2026\/03\/01-hemicycle-plenaryStrasbourg__2_-768x482.jpg 768w, https:\/\/antykomunistyczni.pl\/wp-content\/uploads\/2026\/03\/01-hemicycle-plenaryStrasbourg__2_-240x151.jpg 240w, https:\/\/antykomunistyczni.pl\/wp-content\/uploads\/2026\/03\/01-hemicycle-plenaryStrasbourg__2_.jpg 1100w\" sizes=\"(max-width: 800px) 100vw, 800px\" \/>\t\t\t\t\t\t\t\t\t\t\t\t\t\t\t<\/div>\n\t\t\t\t\t<\/div>\n\t\t\t\t<\/div>\n\t\t<div class=\"elementor-element elementor-element-6806f2d e-flex e-con-boxed e-con e-parent\" data-id=\"6806f2d\" data-element_type=\"container\" data-e-type=\"container\">\n\t\t\t\t\t<div class=\"e-con-inner\">\n\t\t\t\t<div class=\"elementor-element elementor-element-f7e7a95 elementor-widget elementor-widget-text-editor\" data-id=\"f7e7a95\" data-element_type=\"widget\" data-e-type=\"widget\" data-widget_type=\"text-editor.default\">\n\t\t\t\t\t\t\t\t\t<p><span style=\"color: #000000;\"><\/span><\/p>\n<p class=\"wp-block-paragraph\"><span style=\"color: #000000;\"><\/span><\/p>\n<h3 class=\"wp-block-heading\"><span style=\"color: #000000;\">Obecni \u201eczerwoni\u201d w Parlamencie Europejskim (kadencja 2024\u20132029)<\/span><\/h3>\n<p><span style=\"color: #000000;\"><\/span><\/p>\n<p class=\"wp-block-paragraph\"><span style=\"color: #000000;\">W 720-osobowym Parlamencie Europejskim grupa <strong>The Left (dawniej GUE\/NGL)<\/strong> liczy 46 europos\u0142\u00f3w. To si\u00f3dma si\u0142a polityczna. Formalnie nie jest to czysto komunistyczna frakcja \u2013 dominuj\u0105 w niej radykalna lewica typu La France Insoumise czy Die Linke. Ale rdze\u0144 stanowi\u0105 partie marksistowsko-leninowskie:<\/span><\/p>\n<p><span style=\"color: #000000;\"><\/span><\/p>\n<ul class=\"wp-block-list\">\n<li><span style=\"color: #000000;\"><strong>Komunistyczna Partia Grecji (KKE)<\/strong> \u2013 2 mandaty (Lefteris Nikolaou-Alavanos, Konstantinos Papadakis) \u2013 jako <strong>Non-Inscrits<\/strong> (niezale\u017cni). KKE to ortodoksyjna partia stalinowska, otwarcie wroga UE, NATO i \u201eimperializmowi\u201d. Wzywa do wyj\u015bcia Grecji z Unii i likwidacji kapitalizmu. Jednocze\u015bnie jej europos\u0142owie pobieraj\u0105 pensje z unijnego bud\u017cetu \u2013 ten sam bud\u017cet, kt\u00f3ry KKE nazywa narz\u0119dziem wyzysku proletariatu.<\/span><\/li>\n\n<li><span style=\"color: #000000;\"><strong>Partia Pracuj\u0105cych Belgii (PTB-PVDA)<\/strong> \u2013 2 mandaty (Marc Botenga, Rudi Kennes) \u2013 w grupie The Left. Jawnie marksistowsko-leninowska, antykapitalistyczna, domaga si\u0119 nacjonalizacji kluczowych sektor\u00f3w.<\/span><\/li>\n\n<li><span style=\"color: #000000;\"><strong>Portugalska Partia Komunistyczna (PCP)<\/strong> \u2013 1 mandat (Jo\u00e3o Oliveira) \u2013 w The Left, poprzez koalicj\u0119 CDU.<\/span><\/li>\n\n<li><span style=\"color: #000000;\"><strong>AKEL (Cypr)<\/strong> \u2013 1 mandat (Giorgos Georgiou) \u2013 w The Left (cho\u0107 wcze\u015bniej \u0142\u0105czony z S&amp;D). Klasyczna partia komunistyczna, wierna tradycji ZSRR.<\/span><\/li>\n\n<li><span style=\"color: #000000;\"><strong>Komunistyczna Partia Czech i Moraw (KS\u010cM)<\/strong> \u2013 1 mandat (Kate\u0159ina Kone\u010dn\u00e1) \u2013 jako Non-Inscrits. Partia, kt\u00f3ra nigdy nie rozliczy\u0142a si\u0119 z komunistyczn\u0105 przesz\u0142o\u015bci\u0105 Czechos\u0142owacji.<\/span><\/li>\n<\/ul>\n<p><span style=\"color: #000000;\"><\/span><\/p>\n<p class=\"wp-block-paragraph\"><span style=\"color: #000000;\">Razem to co najmniej 7\u20138 europos\u0142\u00f3w z partii, kt\u00f3re wprost odwo\u0142uj\u0105 si\u0119 do marksizmu-leninizmu. Do tego dochodzi szersza lewica w The Left, kt\u00f3ra promuje \u201eeco-socjalizm\u201d, likwidacj\u0119 NATO i \u201esprawiedliw\u0105 redystrybucj\u0119\u201d. To nie s\u0105 \u201esocjaldemokraci\u201d. To ludzie, kt\u00f3rzy ideologicznie stoj\u0105 po tej samej stronie barykady co Lenin, Stalin i Honecker.<\/span><\/p>\n<p><span style=\"color: #000000;\"><\/span><\/p>\n<p class=\"wp-block-paragraph\"><span style=\"color: #000000;\"><\/span><\/p>\t\t\t\t\t\t\t\t<\/div>\n\t\t\t\t\t<\/div>\n\t\t\t\t<\/div>\n\t\t<div class=\"elementor-element elementor-element-7815a59 e-flex e-con-boxed e-con e-parent\" data-id=\"7815a59\" data-element_type=\"container\" data-e-type=\"container\">\n\t\t\t\t\t<div class=\"e-con-inner\">\n\t\t\t\t<div class=\"elementor-element elementor-element-66672d7 elementor-widget elementor-widget-image\" data-id=\"66672d7\" data-element_type=\"widget\" data-e-type=\"widget\" data-widget_type=\"image.default\">\n\t\t\t\t\t\t\t\t\t\t\t\t\t\t\t<img decoding=\"async\" width=\"800\" height=\"456\" src=\"https:\/\/antykomunistyczni.pl\/wp-content\/uploads\/2026\/03\/gue_ngl__the-left_logo_a_block_color-1000x570-1.jpg\" class=\"attachment-large size-large wp-image-1717\" alt=\"\" srcset=\"https:\/\/antykomunistyczni.pl\/wp-content\/uploads\/2026\/03\/gue_ngl__the-left_logo_a_block_color-1000x570-1.jpg 1000w, https:\/\/antykomunistyczni.pl\/wp-content\/uploads\/2026\/03\/gue_ngl__the-left_logo_a_block_color-1000x570-1-300x171.jpg 300w, https:\/\/antykomunistyczni.pl\/wp-content\/uploads\/2026\/03\/gue_ngl__the-left_logo_a_block_color-1000x570-1-768x438.jpg 768w, https:\/\/antykomunistyczni.pl\/wp-content\/uploads\/2026\/03\/gue_ngl__the-left_logo_a_block_color-1000x570-1-240x137.jpg 240w\" sizes=\"(max-width: 800px) 100vw, 800px\" \/>\t\t\t\t\t\t\t\t\t\t\t\t\t\t\t<\/div>\n\t\t\t\t\t<\/div>\n\t\t\t\t<\/div>\n\t\t<div class=\"elementor-element elementor-element-1c33c7b e-flex e-con-boxed e-con e-parent\" data-id=\"1c33c7b\" data-element_type=\"container\" data-e-type=\"container\">\n\t\t\t\t\t<div class=\"e-con-inner\">\n\t\t\t\t<div class=\"elementor-element elementor-element-b694e4d elementor-widget elementor-widget-text-editor\" data-id=\"b694e4d\" data-element_type=\"widget\" data-e-type=\"widget\" data-widget_type=\"text-editor.default\">\n\t\t\t\t\t\t\t\t\t<p><span style=\"color: #000000;\"><\/span><\/p>\n<p class=\"wp-block-paragraph\"><span style=\"color: #000000;\"><\/span><\/p>\n<p><span style=\"color: #000000;\"><\/span><\/p>\n<p class=\"wp-block-paragraph\"><span style=\"color: #000000;\">W Komisji Europejskiej i Radzie UE nie ma ju\u017c jawnych komunist\u00f3w na wysokich stanowiskach \u2013 ale nie o to chodzi. Wystarczy grupa 46-osobowa, by blokowa\u0107 rezolucje antykomunistyczne, torpedowa\u0107 reformy liberalne i wspiera\u0107 ka\u017cdy projekt centralizuj\u0105cy w\u0142adz\u0119 w Brukseli.<\/span><\/p>\n<p><span style=\"color: #000000;\"><\/span><\/p>\n<h3 class=\"wp-block-heading\"><span style=\"color: #000000;\">Ideologiczne korzenie: Altiero Spinelli i Manifest z Ventotene<\/span><\/h3>\n<p><span style=\"color: #000000;\"><\/span><\/p>\n<p class=\"wp-block-paragraph\"><span style=\"color: #000000;\"><\/span><\/p>\t\t\t\t\t\t\t\t<\/div>\n\t\t\t\t\t<\/div>\n\t\t\t\t<\/div>\n\t\t<div class=\"elementor-element elementor-element-e2c6332 e-flex e-con-boxed e-con e-parent\" data-id=\"e2c6332\" data-element_type=\"container\" data-e-type=\"container\">\n\t\t\t\t\t<div class=\"e-con-inner\">\n\t\t\t\t<div class=\"elementor-element elementor-element-29d405b elementor-widget elementor-widget-image\" data-id=\"29d405b\" data-element_type=\"widget\" data-e-type=\"widget\" data-widget_type=\"image.default\">\n\t\t\t\t\t\t\t\t\t\t\t\t\t\t\t<img loading=\"lazy\" decoding=\"async\" width=\"800\" height=\"558\" src=\"https:\/\/antykomunistyczni.pl\/wp-content\/uploads\/2026\/03\/241224_AltieroSpinelli_960x670.png\" class=\"attachment-large size-large wp-image-1715\" alt=\"\" srcset=\"https:\/\/antykomunistyczni.pl\/wp-content\/uploads\/2026\/03\/241224_AltieroSpinelli_960x670.png 960w, https:\/\/antykomunistyczni.pl\/wp-content\/uploads\/2026\/03\/241224_AltieroSpinelli_960x670-300x209.png 300w, https:\/\/antykomunistyczni.pl\/wp-content\/uploads\/2026\/03\/241224_AltieroSpinelli_960x670-768x536.png 768w, https:\/\/antykomunistyczni.pl\/wp-content\/uploads\/2026\/03\/241224_AltieroSpinelli_960x670-240x168.png 240w\" sizes=\"(max-width: 800px) 100vw, 800px\" \/>\t\t\t\t\t\t\t\t\t\t\t\t\t\t\t<\/div>\n\t\t\t\t\t<\/div>\n\t\t\t\t<\/div>\n\t\t<div class=\"elementor-element elementor-element-2d698de e-flex e-con-boxed e-con e-parent\" data-id=\"2d698de\" data-element_type=\"container\" data-e-type=\"container\">\n\t\t\t\t\t<div class=\"e-con-inner\">\n\t\t\t\t<div class=\"elementor-element elementor-element-df45535 elementor-widget elementor-widget-text-editor\" data-id=\"df45535\" data-element_type=\"widget\" data-e-type=\"widget\" data-widget_type=\"text-editor.default\">\n\t\t\t\t\t\t\t\t\t<p><span style=\"color: #000000;\"><\/span><\/p>\n<p class=\"wp-block-paragraph\"><span style=\"color: #000000;\"><\/span><\/p>\n<p><span style=\"color: #000000;\"><\/span><\/p>\n<p class=\"wp-block-paragraph\"><span style=\"color: #000000;\"><\/span><\/p>\n<p class=\"wp-block-paragraph\"><span style=\"color: #000000;\">Najwi\u0119kszy paradoks tkwi w samym DNA Unii. Jednym z \u201eojc\u00f3w za\u0142o\u017cycieli\u201d federalizmu europejskiego jest <strong>Altiero Spinelli<\/strong> \u2013 w\u0142oski komunista.<\/span><\/p>\n<p><span style=\"color: #000000;\"><\/span><\/p>\n<p class=\"wp-block-paragraph\"><span style=\"color: #000000;\">W 1924 roku, w wieku 17 lat, wst\u0105pi\u0142 do Komunistycznej Partii W\u0142och. Siedzia\u0142 w wi\u0119zieniach Mussoliniego, potem na wyspie Ventotene. Tam, w 1941 roku, napisa\u0142 (wraz z Ernestem Rossim) s\u0142ynny <strong>Manifest z Ventotene<\/strong>. Dokument ten:<\/span><\/p>\n<p><span style=\"color: #000000;\"><\/span><\/p>\n<ul class=\"wp-block-list\">\n<li><span style=\"color: #000000;\">wprost atakowa\u0142 suwerenne pa\u0144stwa narodowe jako \u017ar\u00f3d\u0142o wojen i kapitalizmu,<\/span><\/li>\n\n<li><span style=\"color: #000000;\">wzywa\u0142 do \u201eeuropejskiej rewolucji socjalistycznej\u201d,<\/span><\/li>\n\n<li><span style=\"color: #000000;\">domaga\u0142 si\u0119 federalnego superpa\u0144stwa, w kt\u00f3rym Komisja Europejska pe\u0142ni\u0142aby rol\u0119 \u201erz\u0105du rewolucyjnego\u201d,<\/span><\/li>\n\n<li><span style=\"color: #000000;\">pocz\u0105tkowo m\u00f3wi\u0142 nawet o \u201edyktaturze partii rewolucyjnej\u201d jako drodze do prawdziwej demokracji.<\/span><\/li>\n<\/ul>\n<p><span style=\"color: #000000;\"><\/span><\/p>\n<p class=\"wp-block-paragraph\"><span style=\"color: #000000;\">Spinelli p\u00f3\u017aniej zerwa\u0142 ze stalinizmem, ale nigdy nie porzuci\u0142 wizji federalnej Europy jako antidotum na nacjonalizm i kapitalizm. Zosta\u0142 europos\u0142em (1979\u20131986), cz\u0142onkiem Komisji Europejskiej i tw\u00f3rc\u0105 \u201eKlubu Krokodyla\u201d \u2013 grupy federalist\u00f3w. Dzi\u015b:<\/span><\/p>\n<p><span style=\"color: #000000;\"><\/span><\/p>\n<ul class=\"wp-block-list\">\n<li><span style=\"color: #000000;\">budynek Parlamentu Europejskiego w Brukseli nosi jego imi\u0119,<\/span><\/li>\n\n<li><span style=\"color: #000000;\">istnieje <strong>Grupa Spinellego<\/strong> w PE (z polskimi cz\u0142onkami m.in. Rados\u0142awem Sikorskim i Danut\u0105 H\u00fcbner),<\/span><\/li>\n\n<li><span style=\"color: #000000;\">Manifest z Ventotene jest cytowany jako inspiracja dla zmian traktat\u00f3w UE (propozycje z 2023\u20132025).<\/span><\/li>\n<\/ul>\n<p><span style=\"color: #000000;\"><\/span><\/p>\n<p class=\"wp-block-paragraph\"><span style=\"color: #000000;\">Polscy konserwaty\u015bci (Ordo Iuris, Patryk Jaki, Rados\u0142aw Fogiel) s\u0142usznie nazywaj\u0105 to \u201ekomunizmem w nowym opakowaniu\u201d. Centralny rz\u0105d federalny, unijna armia, likwidacja suwerenno\u015bci pa\u0144stw \u2013 to dok\u0142adnie to, co Spinelli proponowa\u0142 w 1941 roku jako komunista. Tylko zamiast czerwonego sztandaru mamy dzi\u015b flag\u0119 z gwiazdami i narracj\u0119 o \u201ewsp\u00f3lnych warto\u015bciach\u201d.<\/span><\/p>\n<p><span style=\"color: #000000;\"><\/span><\/p>\n<h3 class=\"wp-block-heading\"><span style=\"color: #000000;\">Wp\u0142yw na polityki UE \u2013 \u201eciche socjalizowanie\u201d Europy<\/span><\/h3>\n<p><span style=\"color: #000000;\"><\/span><\/p>\n<p class=\"wp-block-paragraph\"><span style=\"color: #000000;\">Komuni\u015bci i radykalna lewica w PE nie rz\u0105dz\u0105, ale skutecznie wp\u0142ywaj\u0105 na kierunek:<\/span><\/p>\n<p><span style=\"color: #000000;\"><\/span><\/p>\n<ol class=\"wp-block-list\">\n<li><span style=\"color: #000000;\"><strong>Federalizacja i centralizacja<\/strong> \u2013 Grupa Spinellego i The Left konsekwentnie popychaj\u0105 zmiany traktat\u00f3w: wi\u0119cej kompetencji dla Brukseli, mniej dla pa\u0144stw cz\u0142onkowskich. To klasyczna komunistyczna logika \u2013 \u201epa\u0144stwa narodowe zawodz\u0105, wi\u0119c potrzebujemy silnego centralnego planowania\u201d.<\/span><\/li>\n\n<li><span style=\"color: #000000;\"><strong>Zielony \u0141ad i eco-socjalizm<\/strong> \u2013 The Left nazywa to \u201esprawiedliw\u0105 transformacj\u0105\u201d. W praktyce: masowe redystrybucje, podatki od w\u0119gla, nacjonalizacja energetyki \u2013 dok\u0142adnie model, kt\u00f3ry w krajach realnego socjalizmu doprowadzi\u0142 do katastrofy gospodarczej.<\/span><\/li>\n\n<li><span style=\"color: #000000;\"><strong>Polityka migracyjna i \u201esprawiedliwo\u015b\u0107 spo\u0142eczna\u201d<\/strong> \u2013 otwarto\u015b\u0107 na masow\u0105 imigracj\u0119, walka z \u201erasizmem systemowym\u201d, cenzura \u201emowy nienawi\u015bci\u201d \u2013 to kulturowy marksizm w praktyce (cho\u0107 lewica nienawidzi tego okre\u015blenia).<\/span><\/li>\n\n<li><span style=\"color: #000000;\"><strong>Blokowanie rozlicze\u0144 z komunizmem<\/strong> \u2013 W 2019 roku PE przyj\u0119\u0142o rezolucj\u0119 r\u00f3wnaj\u0105c\u0105 nazizm i komunizm. Lewica (w tym The Left i S&amp;D) ostro protestowa\u0142a. KKE nazwa\u0142a to \u201ereakcyjn\u0105 potworno\u015bci\u0105\u201d. Do dzi\u015b komuni\u015bci w PE blokuj\u0105 wszelkie pr\u00f3by pami\u0119ci o ofiarach Gu\u0142agu, Ho\u0142odomoru czy stanu wojennego.<\/span><\/li>\n<\/ol>\n<p><span style=\"color: #000000;\"><\/span><\/p>\n<p class=\"wp-block-paragraph\"><span style=\"color: #000000;\">Dodatkowo: europos\u0142owie KKE i PCP regularnie g\u0142osuj\u0105 przeciwko bud\u017cetowi UE na obronno\u015b\u0107, przeciwko wsparciu Ukrainy i za \u201eantyimperialistycznymi\u201d rezolucjami w stylu \u201eUSA i NATO s\u0105 winne wszystkiemu\u201d. Jednocze\u015bnie bior\u0105 pieni\u0105dze z tego samego systemu, kt\u00f3ry oskar\u017caj\u0105 o wyzysk.<\/span><\/p>\n<p><span style=\"color: #000000;\"><\/span><\/p>\n<p><span style=\"color: #000000;\"><\/span><\/p>\t\t\t\t\t\t\t\t<\/div>\n\t\t\t\t\t<\/div>\n\t\t\t\t<\/div>\n\t\t<div class=\"elementor-element elementor-element-489cd43 e-flex e-con-boxed e-con e-parent\" data-id=\"489cd43\" data-element_type=\"container\" data-e-type=\"container\">\n\t\t\t\t\t<div class=\"e-con-inner\">\n\t\t\t\t<div class=\"elementor-element elementor-element-907085a elementor-widget elementor-widget-image\" data-id=\"907085a\" data-element_type=\"widget\" data-e-type=\"widget\" data-widget_type=\"image.default\">\n\t\t\t\t\t\t\t\t\t\t\t\t\t\t\t<img loading=\"lazy\" decoding=\"async\" width=\"800\" height=\"451\" src=\"https:\/\/antykomunistyczni.pl\/wp-content\/uploads\/2026\/03\/KKE-protest-at-polish-embassy-athens.png\" class=\"attachment-large size-large wp-image-1721\" alt=\"\" srcset=\"https:\/\/antykomunistyczni.pl\/wp-content\/uploads\/2026\/03\/KKE-protest-at-polish-embassy-athens.png 908w, https:\/\/antykomunistyczni.pl\/wp-content\/uploads\/2026\/03\/KKE-protest-at-polish-embassy-athens-300x169.png 300w, https:\/\/antykomunistyczni.pl\/wp-content\/uploads\/2026\/03\/KKE-protest-at-polish-embassy-athens-768x433.png 768w, https:\/\/antykomunistyczni.pl\/wp-content\/uploads\/2026\/03\/KKE-protest-at-polish-embassy-athens-240x135.png 240w\" sizes=\"(max-width: 800px) 100vw, 800px\" \/>\t\t\t\t\t\t\t\t\t\t\t\t\t\t\t<\/div>\n\t\t\t\t\t<\/div>\n\t\t\t\t<\/div>\n\t\t<div class=\"elementor-element elementor-element-44b6fc9 e-flex e-con-boxed e-con e-parent\" data-id=\"44b6fc9\" data-element_type=\"container\" data-e-type=\"container\">\n\t\t\t\t\t<div class=\"e-con-inner\">\n\t\t\t\t<div class=\"elementor-element elementor-element-03f2bd4 elementor-widget elementor-widget-text-editor\" data-id=\"03f2bd4\" data-element_type=\"widget\" data-e-type=\"widget\" data-widget_type=\"text-editor.default\">\n\t\t\t\t\t\t\t\t\t<p><span style=\"color: #000000;\"><\/span><\/p>\n<p class=\"wp-block-paragraph\"><span style=\"color: #000000;\"><\/span><\/p>\n<p><span style=\"color: #000000;\"><\/span><\/p>\n<p class=\"wp-block-paragraph\"><span style=\"color: #000000;\"><\/span><\/p>\n<p class=\"wp-block-paragraph\"><span style=\"color: #000000;\"><\/span><\/p>\n<h3 class=\"wp-block-heading\"><span style=\"color: #000000;\">Podsumowanie: czas na rozliczenie<\/span><\/h3>\n<p><span style=\"color: #000000;\"><\/span><\/p>\n<p class=\"wp-block-paragraph\"><span style=\"color: #000000;\">Komunizm w strukturach UE jest s\u0142aby liczebnie \u2013 ale silny ideologicznie. Kilka mandat\u00f3w wystarczy, by przypomina\u0107: czerwona ni\u0107 nigdy nie zosta\u0142a ca\u0142kowicie przeci\u0119ta. Federalizm Spinellego, eco-socjalizm The Left i antynarodowa retoryka to nie przypadek. To logiczne przed\u0142u\u017cenie marksistowskiej wizji \u015bwiata bez granic, bez w\u0142asno\u015bci i bez suwerennych narod\u00f3w.<\/span><\/p>\n<p><span style=\"color: #000000;\"><\/span><\/p>\n<p class=\"wp-block-paragraph\"><span style=\"color: #000000;\"><\/span><\/p>\t\t\t\t\t\t\t\t<\/div>\n\t\t\t\t\t<\/div>\n\t\t\t\t<\/div>\n\t\t<div class=\"elementor-element elementor-element-f7ee227 e-flex e-con-boxed e-con e-parent\" data-id=\"f7ee227\" data-element_type=\"container\" data-e-type=\"container\">\n\t\t\t\t\t<div class=\"e-con-inner\">\n\t\t\t\t<div class=\"elementor-element elementor-element-03c3c94 elementor-widget elementor-widget-image\" data-id=\"03c3c94\" data-element_type=\"widget\" data-e-type=\"widget\" data-widget_type=\"image.default\">\n\t\t\t\t\t\t\t\t\t\t\t\t\t\t\t<img loading=\"lazy\" decoding=\"async\" width=\"800\" height=\"491\" src=\"https:\/\/antykomunistyczni.pl\/wp-content\/uploads\/2026\/03\/Brussels-demo-1-1024x629.jpg\" class=\"attachment-large size-large wp-image-1719\" alt=\"\" srcset=\"https:\/\/antykomunistyczni.pl\/wp-content\/uploads\/2026\/03\/Brussels-demo-1-1024x629.jpg 1024w, https:\/\/antykomunistyczni.pl\/wp-content\/uploads\/2026\/03\/Brussels-demo-1-300x184.jpg 300w, https:\/\/antykomunistyczni.pl\/wp-content\/uploads\/2026\/03\/Brussels-demo-1-768x472.jpg 768w, https:\/\/antykomunistyczni.pl\/wp-content\/uploads\/2026\/03\/Brussels-demo-1-240x147.jpg 240w, https:\/\/antykomunistyczni.pl\/wp-content\/uploads\/2026\/03\/Brussels-demo-1.jpg 1403w\" sizes=\"(max-width: 800px) 100vw, 800px\" \/>\t\t\t\t\t\t\t\t\t\t\t\t\t\t\t<\/div>\n\t\t\t\t\t<\/div>\n\t\t\t\t<\/div>\n\t\t<div class=\"elementor-element elementor-element-19029f3 e-flex e-con-boxed e-con e-parent\" data-id=\"19029f3\" data-element_type=\"container\" data-e-type=\"container\">\n\t\t\t\t\t<div class=\"e-con-inner\">\n\t\t\t\t<div class=\"elementor-element elementor-element-26bf36b elementor-widget elementor-widget-text-editor\" data-id=\"26bf36b\" data-element_type=\"widget\" data-e-type=\"widget\" data-widget_type=\"text-editor.default\">\n\t\t\t\t\t\t\t\t\t<p><span style=\"color: #000000;\"><\/span><\/p>\n<p class=\"wp-block-paragraph\"><span style=\"color: #000000;\"><\/span><\/p>\n<p><span style=\"color: #000000;\"><\/span><\/p>\n<p class=\"wp-block-paragraph\"><span style=\"color: #000000;\"><\/span><\/p>\n<p class=\"wp-block-paragraph\"><span style=\"color: #000000;\"><\/span><\/p>\n<p><span style=\"color: #000000;\">Europa Zachodnia mo\u017ce sobie na to pozwala\u0107 \u2013 nigdy nie do\u015bwiadczy\u0142a realnego komunizmu. Europa \u015arodkowa i Wschodnia nie mo\u017ce. Czas, by w kolejnej kadencji PE i przy reformie traktat\u00f3w powiedzie\u0107 g\u0142o\u015bno: albo UE rozliczy si\u0119 ostatecznie z czerwon\u0105 przesz\u0142o\u015bci\u0105 \u2013 w\u0142\u0105cznie z wyrzuceniem komunist\u00f3w z instytucji i nazwaniem rzeczy po imieniu \u2013 albo stanie si\u0119 dok\u0142adnie tym, przed czym mia\u0142a chroni\u0107: mi\u0119kk\u0105, biurokratyczn\u0105 wersj\u0105 totalitaryzmu.<\/span><\/p>\n<p><span style=\"color: #000000;\"><\/span><\/p>\n<h2><span style=\"color: #000000;\">Komunizm nie umar\u0142. On si\u0119 tylko przeprowadzi\u0142 do Brukseli.<\/span><\/h2>\n<p class=\"wp-block-paragraph\"><span style=\"color: #000000;\"><\/span><\/p>\t\t\t\t\t\t\t\t<\/div>\n\t\t\t\t\t<\/div>\n\t\t\t\t<\/div>\n\t\t<div class=\"elementor-element elementor-element-b3a55cc e-flex e-con-boxed e-con e-parent\" data-id=\"b3a55cc\" data-element_type=\"container\" data-e-type=\"container\">\n\t\t\t\t\t<div class=\"e-con-inner\">\n\t\t\t\t<div class=\"elementor-element elementor-element-5fca5a8 elementor-widget elementor-widget-image\" data-id=\"5fca5a8\" data-element_type=\"widget\" data-e-type=\"widget\" data-widget_type=\"image.default\">\n\t\t\t\t\t\t\t\t\t\t\t\t\t\t\t<img loading=\"lazy\" decoding=\"async\" width=\"800\" height=\"530\" src=\"https:\/\/antykomunistyczni.pl\/wp-content\/uploads\/2026\/03\/9fd087_9107ae02c69943f0a71e149ca982d986mv2.jpg\" class=\"attachment-large size-large wp-image-1720\" alt=\"\" srcset=\"https:\/\/antykomunistyczni.pl\/wp-content\/uploads\/2026\/03\/9fd087_9107ae02c69943f0a71e149ca982d986mv2.jpg 1000w, https:\/\/antykomunistyczni.pl\/wp-content\/uploads\/2026\/03\/9fd087_9107ae02c69943f0a71e149ca982d986mv2-300x199.jpg 300w, https:\/\/antykomunistyczni.pl\/wp-content\/uploads\/2026\/03\/9fd087_9107ae02c69943f0a71e149ca982d986mv2-768x508.jpg 768w, https:\/\/antykomunistyczni.pl\/wp-content\/uploads\/2026\/03\/9fd087_9107ae02c69943f0a71e149ca982d986mv2-240x159.jpg 240w\" sizes=\"(max-width: 800px) 100vw, 800px\" \/>\t\t\t\t\t\t\t\t\t\t\t\t\t\t\t<\/div>\n\t\t\t\t\t<\/div>\n\t\t\t\t<\/div>\n\t\t\t\t<\/div>\n\t\t","protected":false},"excerpt":{"rendered":"<p>Komunizm w strukturach Unii Europejskiej: od marginalnych mandat\u00f3w po ideologiczne korzenie federalizmu Unia Europejska powsta\u0142a jako projekt antytotalitarny \u2013 symbol zwyci\u0119stwa wolno\u015bci nad faszyzmem i komunizmem. Po 1989 roku kraje Europy \u015arodkowo-Wschodniej wchodzi\u0142y do UE w\u0142a\u015bnie po to, by nigdy wi\u0119cej nie wr\u00f3ci\u0107 pod czerwon\u0105 dyktatur\u0119. Dzi\u015b, w 2026 roku, w samym sercu brukselskich instytucji [&hellip;]<\/p>\n","protected":false},"author":1,"featured_media":1721,"comment_status":"closed","ping_status":"closed","sticky":false,"template":"","format":"standard","meta":{"give_campaign_id":0,"footnotes":""},"categories":[22,26,47,45,46,44],"tags":[],"class_list":["post-1713","post","type-post","status-publish","format-standard","has-post-thumbnail","hentry","category-aktualnosci","category-komunisci","category-komunizm-w-ideologiach-i-ruchach-wspolczesnych","category-komunizm-w-panstwach-wspolczesnych","category-mechanizmy-wspolczesnego-komunizmu","category-wspolczesny-komunizm"],"yoast_head":"<!-- This site is optimized with the Yoast SEO plugin v28.4 - https:\/\/yoast.com\/product\/yoast-seo-wordpress\/ -->\n<title>Komunizm w strukturach Unii Europejskiej - Antykomunistyczni.pl<\/title>\n<meta name=\"robots\" content=\"index, follow, max-snippet:-1, max-image-preview:large, max-video-preview:-1\" \/>\n<link rel=\"canonical\" href=\"https:\/\/antykomunistyczni.pl\/index.php\/komunizm-w-strukturach-unii-europejskiej\/\" \/>\n<meta property=\"og:locale\" content=\"pl_PL\" \/>\n<meta property=\"og:type\" content=\"article\" \/>\n<meta property=\"og:title\" content=\"Komunizm w strukturach Unii Europejskiej - Antykomunistyczni.pl\" \/>\n<meta property=\"og:description\" content=\"Komunizm w strukturach Unii Europejskiej: od marginalnych mandat\u00f3w po ideologiczne korzenie federalizmu Unia Europejska powsta\u0142a jako projekt antytotalitarny \u2013 symbol zwyci\u0119stwa wolno\u015bci nad faszyzmem i komunizmem. Po 1989 roku kraje Europy \u015arodkowo-Wschodniej wchodzi\u0142y do UE w\u0142a\u015bnie po to, by nigdy wi\u0119cej nie wr\u00f3ci\u0107 pod czerwon\u0105 dyktatur\u0119. Dzi\u015b, w 2026 roku, w samym sercu brukselskich instytucji [&hellip;]\" \/>\n<meta property=\"og:url\" content=\"https:\/\/antykomunistyczni.pl\/index.php\/komunizm-w-strukturach-unii-europejskiej\/\" \/>\n<meta property=\"og:site_name\" content=\"Antykomunistyczni.pl\" \/>\n<meta property=\"article:publisher\" content=\"https:\/\/www.facebook.com\/antykomunistyczni\/\" \/>\n<meta property=\"article:published_time\" content=\"2026-03-22T19:31:05+00:00\" \/>\n<meta property=\"article:modified_time\" content=\"2026-03-23T15:42:32+00:00\" \/>\n<meta property=\"og:image\" content=\"https:\/\/antykomunistyczni.pl\/wp-content\/uploads\/2026\/03\/KKE-protest-at-polish-embassy-athens.png\" \/>\n\t<meta property=\"og:image:width\" content=\"908\" \/>\n\t<meta property=\"og:image:height\" content=\"512\" \/>\n\t<meta property=\"og:image:type\" content=\"image\/png\" \/>\n<meta name=\"author\" content=\"Antykomunistyczni\" \/>\n<meta name=\"twitter:card\" content=\"summary_large_image\" \/>\n<meta name=\"twitter:creator\" content=\"@anty_komunisci\" \/>\n<meta name=\"twitter:site\" content=\"@anty_komunisci\" \/>\n<meta name=\"twitter:label1\" content=\"Napisane przez\" \/>\n\t<meta name=\"twitter:data1\" content=\"Antykomunistyczni\" \/>\n\t<meta name=\"twitter:label2\" content=\"Szacowany czas czytania\" \/>\n\t<meta name=\"twitter:data2\" content=\"6 minut\" \/>\n<script type=\"application\/ld+json\" class=\"yoast-schema-graph\">{\"@context\":\"https:\\\/\\\/schema.org\",\"@graph\":[{\"@type\":\"Article\",\"@id\":\"https:\\\/\\\/antykomunistyczni.pl\\\/index.php\\\/komunizm-w-strukturach-unii-europejskiej\\\/#article\",\"isPartOf\":{\"@id\":\"https:\\\/\\\/antykomunistyczni.pl\\\/index.php\\\/komunizm-w-strukturach-unii-europejskiej\\\/\"},\"author\":{\"name\":\"Antykomunistyczni\",\"@id\":\"https:\\\/\\\/antykomunistyczni.pl\\\/#\\\/schema\\\/person\\\/4963e693e8006b94062d91d1295d02a0\"},\"headline\":\"Komunizm w strukturach Unii Europejskiej\",\"datePublished\":\"2026-03-22T19:31:05+00:00\",\"dateModified\":\"2026-03-23T15:42:32+00:00\",\"mainEntityOfPage\":{\"@id\":\"https:\\\/\\\/antykomunistyczni.pl\\\/index.php\\\/komunizm-w-strukturach-unii-europejskiej\\\/\"},\"wordCount\":1042,\"publisher\":{\"@id\":\"https:\\\/\\\/antykomunistyczni.pl\\\/#organization\"},\"image\":{\"@id\":\"https:\\\/\\\/antykomunistyczni.pl\\\/index.php\\\/komunizm-w-strukturach-unii-europejskiej\\\/#primaryimage\"},\"thumbnailUrl\":\"https:\\\/\\\/antykomunistyczni.pl\\\/wp-content\\\/uploads\\\/2026\\\/03\\\/KKE-protest-at-polish-embassy-athens.png\",\"articleSection\":[\"Aktualno\u015bci\",\"Komuni\u015bci\",\"Komunizm w ideologiach i ruchach wsp\u00f3\u0142czesnych\",\"Komunizm w pa\u0144stwach wsp\u00f3\u0142czesnych\",\"Mechanizmy wsp\u00f3\u0142czesnego komunizmu\",\"Wsp\u00f3\u0142czesny komunizm\"],\"inLanguage\":\"pl-PL\"},{\"@type\":\"WebPage\",\"@id\":\"https:\\\/\\\/antykomunistyczni.pl\\\/index.php\\\/komunizm-w-strukturach-unii-europejskiej\\\/\",\"url\":\"https:\\\/\\\/antykomunistyczni.pl\\\/index.php\\\/komunizm-w-strukturach-unii-europejskiej\\\/\",\"name\":\"Komunizm w strukturach Unii Europejskiej - Antykomunistyczni.pl\",\"isPartOf\":{\"@id\":\"https:\\\/\\\/antykomunistyczni.pl\\\/#website\"},\"primaryImageOfPage\":{\"@id\":\"https:\\\/\\\/antykomunistyczni.pl\\\/index.php\\\/komunizm-w-strukturach-unii-europejskiej\\\/#primaryimage\"},\"image\":{\"@id\":\"https:\\\/\\\/antykomunistyczni.pl\\\/index.php\\\/komunizm-w-strukturach-unii-europejskiej\\\/#primaryimage\"},\"thumbnailUrl\":\"https:\\\/\\\/antykomunistyczni.pl\\\/wp-content\\\/uploads\\\/2026\\\/03\\\/KKE-protest-at-polish-embassy-athens.png\",\"datePublished\":\"2026-03-22T19:31:05+00:00\",\"dateModified\":\"2026-03-23T15:42:32+00:00\",\"breadcrumb\":{\"@id\":\"https:\\\/\\\/antykomunistyczni.pl\\\/index.php\\\/komunizm-w-strukturach-unii-europejskiej\\\/#breadcrumb\"},\"inLanguage\":\"pl-PL\",\"potentialAction\":[{\"@type\":\"ReadAction\",\"target\":[\"https:\\\/\\\/antykomunistyczni.pl\\\/index.php\\\/komunizm-w-strukturach-unii-europejskiej\\\/\"]}]},{\"@type\":\"ImageObject\",\"inLanguage\":\"pl-PL\",\"@id\":\"https:\\\/\\\/antykomunistyczni.pl\\\/index.php\\\/komunizm-w-strukturach-unii-europejskiej\\\/#primaryimage\",\"url\":\"https:\\\/\\\/antykomunistyczni.pl\\\/wp-content\\\/uploads\\\/2026\\\/03\\\/KKE-protest-at-polish-embassy-athens.png\",\"contentUrl\":\"https:\\\/\\\/antykomunistyczni.pl\\\/wp-content\\\/uploads\\\/2026\\\/03\\\/KKE-protest-at-polish-embassy-athens.png\",\"width\":908,\"height\":512},{\"@type\":\"BreadcrumbList\",\"@id\":\"https:\\\/\\\/antykomunistyczni.pl\\\/index.php\\\/komunizm-w-strukturach-unii-europejskiej\\\/#breadcrumb\",\"itemListElement\":[{\"@type\":\"ListItem\",\"position\":1,\"name\":\"Strona g\u0142\u00f3wna\",\"item\":\"https:\\\/\\\/antykomunistyczni.pl\\\/\"},{\"@type\":\"ListItem\",\"position\":2,\"name\":\"Komunizm w strukturach Unii Europejskiej\"}]},{\"@type\":\"WebSite\",\"@id\":\"https:\\\/\\\/antykomunistyczni.pl\\\/#website\",\"url\":\"https:\\\/\\\/antykomunistyczni.pl\\\/\",\"name\":\"Antykomunistyczni.pl\",\"description\":\"\",\"publisher\":{\"@id\":\"https:\\\/\\\/antykomunistyczni.pl\\\/#organization\"},\"alternateName\":\"Historia PRL, zbrodnie komunistyczne w Polsce i na \u015bwiecie\",\"potentialAction\":[{\"@type\":\"SearchAction\",\"target\":{\"@type\":\"EntryPoint\",\"urlTemplate\":\"https:\\\/\\\/antykomunistyczni.pl\\\/?s={search_term_string}\"},\"query-input\":{\"@type\":\"PropertyValueSpecification\",\"valueRequired\":true,\"valueName\":\"search_term_string\"}}],\"inLanguage\":\"pl-PL\"},{\"@type\":\"Organization\",\"@id\":\"https:\\\/\\\/antykomunistyczni.pl\\\/#organization\",\"name\":\"Antykomunistyczni.pl\",\"url\":\"https:\\\/\\\/antykomunistyczni.pl\\\/\",\"logo\":{\"@type\":\"ImageObject\",\"inLanguage\":\"pl-PL\",\"@id\":\"https:\\\/\\\/antykomunistyczni.pl\\\/#\\\/schema\\\/logo\\\/image\\\/\",\"url\":\"https:\\\/\\\/antykomunistyczni.pl\\\/wp-content\\\/uploads\\\/2026\\\/02\\\/cropped-AntykomunistyczniLogoSquare150x150-2.png\",\"contentUrl\":\"https:\\\/\\\/antykomunistyczni.pl\\\/wp-content\\\/uploads\\\/2026\\\/02\\\/cropped-AntykomunistyczniLogoSquare150x150-2.png\",\"width\":150,\"height\":150,\"caption\":\"Antykomunistyczni.pl\"},\"image\":{\"@id\":\"https:\\\/\\\/antykomunistyczni.pl\\\/#\\\/schema\\\/logo\\\/image\\\/\"},\"sameAs\":[\"https:\\\/\\\/www.facebook.com\\\/antykomunistyczni\\\/\",\"https:\\\/\\\/x.com\\\/anty_komunisci\"]},{\"@type\":\"Person\",\"@id\":\"https:\\\/\\\/antykomunistyczni.pl\\\/#\\\/schema\\\/person\\\/4963e693e8006b94062d91d1295d02a0\",\"name\":\"Antykomunistyczni\",\"image\":{\"@type\":\"ImageObject\",\"inLanguage\":\"pl-PL\",\"@id\":\"https:\\\/\\\/secure.gravatar.com\\\/avatar\\\/ff172875f9ced7887f883245268c1ba638c26cf1e0530f7f61b4705963a6730b?s=96&d=mm&r=g\",\"url\":\"https:\\\/\\\/secure.gravatar.com\\\/avatar\\\/ff172875f9ced7887f883245268c1ba638c26cf1e0530f7f61b4705963a6730b?s=96&d=mm&r=g\",\"contentUrl\":\"https:\\\/\\\/secure.gravatar.com\\\/avatar\\\/ff172875f9ced7887f883245268c1ba638c26cf1e0530f7f61b4705963a6730b?s=96&d=mm&r=g\",\"caption\":\"Antykomunistyczni\"},\"sameAs\":[\"http:\\\/\\\/antykomunistyczni.pl\"],\"url\":\"https:\\\/\\\/antykomunistyczni.pl\\\/index.php\\\/author\\\/admin0\\\/\"}]}<\/script>\n<!-- \/ Yoast SEO plugin. -->","yoast_head_json":{"title":"Komunizm w strukturach Unii Europejskiej - Antykomunistyczni.pl","robots":{"index":"index","follow":"follow","max-snippet":"max-snippet:-1","max-image-preview":"max-image-preview:large","max-video-preview":"max-video-preview:-1"},"canonical":"https:\/\/antykomunistyczni.pl\/index.php\/komunizm-w-strukturach-unii-europejskiej\/","og_locale":"pl_PL","og_type":"article","og_title":"Komunizm w strukturach Unii Europejskiej - Antykomunistyczni.pl","og_description":"Komunizm w strukturach Unii Europejskiej: od marginalnych mandat\u00f3w po ideologiczne korzenie federalizmu Unia Europejska powsta\u0142a jako projekt antytotalitarny \u2013 symbol zwyci\u0119stwa wolno\u015bci nad faszyzmem i komunizmem. Po 1989 roku kraje Europy \u015arodkowo-Wschodniej wchodzi\u0142y do UE w\u0142a\u015bnie po to, by nigdy wi\u0119cej nie wr\u00f3ci\u0107 pod czerwon\u0105 dyktatur\u0119. Dzi\u015b, w 2026 roku, w samym sercu brukselskich instytucji [&hellip;]","og_url":"https:\/\/antykomunistyczni.pl\/index.php\/komunizm-w-strukturach-unii-europejskiej\/","og_site_name":"Antykomunistyczni.pl","article_publisher":"https:\/\/www.facebook.com\/antykomunistyczni\/","article_published_time":"2026-03-22T19:31:05+00:00","article_modified_time":"2026-03-23T15:42:32+00:00","og_image":[{"width":908,"height":512,"url":"https:\/\/antykomunistyczni.pl\/wp-content\/uploads\/2026\/03\/KKE-protest-at-polish-embassy-athens.png","type":"image\/png"}],"author":"Antykomunistyczni","twitter_card":"summary_large_image","twitter_creator":"@anty_komunisci","twitter_site":"@anty_komunisci","twitter_misc":{"Napisane przez":"Antykomunistyczni","Szacowany czas czytania":"6 minut"},"schema":{"@context":"https:\/\/schema.org","@graph":[{"@type":"Article","@id":"https:\/\/antykomunistyczni.pl\/index.php\/komunizm-w-strukturach-unii-europejskiej\/#article","isPartOf":{"@id":"https:\/\/antykomunistyczni.pl\/index.php\/komunizm-w-strukturach-unii-europejskiej\/"},"author":{"name":"Antykomunistyczni","@id":"https:\/\/antykomunistyczni.pl\/#\/schema\/person\/4963e693e8006b94062d91d1295d02a0"},"headline":"Komunizm w strukturach Unii Europejskiej","datePublished":"2026-03-22T19:31:05+00:00","dateModified":"2026-03-23T15:42:32+00:00","mainEntityOfPage":{"@id":"https:\/\/antykomunistyczni.pl\/index.php\/komunizm-w-strukturach-unii-europejskiej\/"},"wordCount":1042,"publisher":{"@id":"https:\/\/antykomunistyczni.pl\/#organization"},"image":{"@id":"https:\/\/antykomunistyczni.pl\/index.php\/komunizm-w-strukturach-unii-europejskiej\/#primaryimage"},"thumbnailUrl":"https:\/\/antykomunistyczni.pl\/wp-content\/uploads\/2026\/03\/KKE-protest-at-polish-embassy-athens.png","articleSection":["Aktualno\u015bci","Komuni\u015bci","Komunizm w ideologiach i ruchach wsp\u00f3\u0142czesnych","Komunizm w pa\u0144stwach wsp\u00f3\u0142czesnych","Mechanizmy wsp\u00f3\u0142czesnego komunizmu","Wsp\u00f3\u0142czesny komunizm"],"inLanguage":"pl-PL"},{"@type":"WebPage","@id":"https:\/\/antykomunistyczni.pl\/index.php\/komunizm-w-strukturach-unii-europejskiej\/","url":"https:\/\/antykomunistyczni.pl\/index.php\/komunizm-w-strukturach-unii-europejskiej\/","name":"Komunizm w strukturach Unii Europejskiej - Antykomunistyczni.pl","isPartOf":{"@id":"https:\/\/antykomunistyczni.pl\/#website"},"primaryImageOfPage":{"@id":"https:\/\/antykomunistyczni.pl\/index.php\/komunizm-w-strukturach-unii-europejskiej\/#primaryimage"},"image":{"@id":"https:\/\/antykomunistyczni.pl\/index.php\/komunizm-w-strukturach-unii-europejskiej\/#primaryimage"},"thumbnailUrl":"https:\/\/antykomunistyczni.pl\/wp-content\/uploads\/2026\/03\/KKE-protest-at-polish-embassy-athens.png","datePublished":"2026-03-22T19:31:05+00:00","dateModified":"2026-03-23T15:42:32+00:00","breadcrumb":{"@id":"https:\/\/antykomunistyczni.pl\/index.php\/komunizm-w-strukturach-unii-europejskiej\/#breadcrumb"},"inLanguage":"pl-PL","potentialAction":[{"@type":"ReadAction","target":["https:\/\/antykomunistyczni.pl\/index.php\/komunizm-w-strukturach-unii-europejskiej\/"]}]},{"@type":"ImageObject","inLanguage":"pl-PL","@id":"https:\/\/antykomunistyczni.pl\/index.php\/komunizm-w-strukturach-unii-europejskiej\/#primaryimage","url":"https:\/\/antykomunistyczni.pl\/wp-content\/uploads\/2026\/03\/KKE-protest-at-polish-embassy-athens.png","contentUrl":"https:\/\/antykomunistyczni.pl\/wp-content\/uploads\/2026\/03\/KKE-protest-at-polish-embassy-athens.png","width":908,"height":512},{"@type":"BreadcrumbList","@id":"https:\/\/antykomunistyczni.pl\/index.php\/komunizm-w-strukturach-unii-europejskiej\/#breadcrumb","itemListElement":[{"@type":"ListItem","position":1,"name":"Strona g\u0142\u00f3wna","item":"https:\/\/antykomunistyczni.pl\/"},{"@type":"ListItem","position":2,"name":"Komunizm w strukturach Unii Europejskiej"}]},{"@type":"WebSite","@id":"https:\/\/antykomunistyczni.pl\/#website","url":"https:\/\/antykomunistyczni.pl\/","name":"Antykomunistyczni.pl","description":"","publisher":{"@id":"https:\/\/antykomunistyczni.pl\/#organization"},"alternateName":"Historia PRL, zbrodnie komunistyczne w Polsce i na \u015bwiecie","potentialAction":[{"@type":"SearchAction","target":{"@type":"EntryPoint","urlTemplate":"https:\/\/antykomunistyczni.pl\/?s={search_term_string}"},"query-input":{"@type":"PropertyValueSpecification","valueRequired":true,"valueName":"search_term_string"}}],"inLanguage":"pl-PL"},{"@type":"Organization","@id":"https:\/\/antykomunistyczni.pl\/#organization","name":"Antykomunistyczni.pl","url":"https:\/\/antykomunistyczni.pl\/","logo":{"@type":"ImageObject","inLanguage":"pl-PL","@id":"https:\/\/antykomunistyczni.pl\/#\/schema\/logo\/image\/","url":"https:\/\/antykomunistyczni.pl\/wp-content\/uploads\/2026\/02\/cropped-AntykomunistyczniLogoSquare150x150-2.png","contentUrl":"https:\/\/antykomunistyczni.pl\/wp-content\/uploads\/2026\/02\/cropped-AntykomunistyczniLogoSquare150x150-2.png","width":150,"height":150,"caption":"Antykomunistyczni.pl"},"image":{"@id":"https:\/\/antykomunistyczni.pl\/#\/schema\/logo\/image\/"},"sameAs":["https:\/\/www.facebook.com\/antykomunistyczni\/","https:\/\/x.com\/anty_komunisci"]},{"@type":"Person","@id":"https:\/\/antykomunistyczni.pl\/#\/schema\/person\/4963e693e8006b94062d91d1295d02a0","name":"Antykomunistyczni","image":{"@type":"ImageObject","inLanguage":"pl-PL","@id":"https:\/\/secure.gravatar.com\/avatar\/ff172875f9ced7887f883245268c1ba638c26cf1e0530f7f61b4705963a6730b?s=96&d=mm&r=g","url":"https:\/\/secure.gravatar.com\/avatar\/ff172875f9ced7887f883245268c1ba638c26cf1e0530f7f61b4705963a6730b?s=96&d=mm&r=g","contentUrl":"https:\/\/secure.gravatar.com\/avatar\/ff172875f9ced7887f883245268c1ba638c26cf1e0530f7f61b4705963a6730b?s=96&d=mm&r=g","caption":"Antykomunistyczni"},"sameAs":["http:\/\/antykomunistyczni.pl"],"url":"https:\/\/antykomunistyczni.pl\/index.php\/author\/admin0\/"}]}},"_links":{"self":[{"href":"https:\/\/antykomunistyczni.pl\/index.php\/wp-json\/wp\/v2\/posts\/1713","targetHints":{"allow":["GET"]}}],"collection":[{"href":"https:\/\/antykomunistyczni.pl\/index.php\/wp-json\/wp\/v2\/posts"}],"about":[{"href":"https:\/\/antykomunistyczni.pl\/index.php\/wp-json\/wp\/v2\/types\/post"}],"author":[{"embeddable":true,"href":"https:\/\/antykomunistyczni.pl\/index.php\/wp-json\/wp\/v2\/users\/1"}],"replies":[{"embeddable":true,"href":"https:\/\/antykomunistyczni.pl\/index.php\/wp-json\/wp\/v2\/comments?post=1713"}],"version-history":[{"count":8,"href":"https:\/\/antykomunistyczni.pl\/index.php\/wp-json\/wp\/v2\/posts\/1713\/revisions"}],"predecessor-version":[{"id":1729,"href":"https:\/\/antykomunistyczni.pl\/index.php\/wp-json\/wp\/v2\/posts\/1713\/revisions\/1729"}],"wp:featuredmedia":[{"embeddable":true,"href":"https:\/\/antykomunistyczni.pl\/index.php\/wp-json\/wp\/v2\/media\/1721"}],"wp:attachment":[{"href":"https:\/\/antykomunistyczni.pl\/index.php\/wp-json\/wp\/v2\/media?parent=1713"}],"wp:term":[{"taxonomy":"category","embeddable":true,"href":"https:\/\/antykomunistyczni.pl\/index.php\/wp-json\/wp\/v2\/categories?post=1713"},{"taxonomy":"post_tag","embeddable":true,"href":"https:\/\/antykomunistyczni.pl\/index.php\/wp-json\/wp\/v2\/tags?post=1713"}],"curies":[{"name":"wp","href":"https:\/\/api.w.org\/{rel}","templated":true}]}}