{"id":1730,"date":"2026-03-22T20:54:29","date_gmt":"2026-03-22T19:54:29","guid":{"rendered":"https:\/\/antykomunistyczni.pl\/?p=1730"},"modified":"2026-03-22T21:00:07","modified_gmt":"2026-03-22T20:00:07","slug":"rozszlochana-inteligencja-jak-polscy-artysci-oplakiwali-stalina","status":"publish","type":"post","link":"https:\/\/antykomunistyczni.pl\/index.php\/rozszlochana-inteligencja-jak-polscy-artysci-oplakiwali-stalina\/","title":{"rendered":"Rozszlochana inteligencja: Jak polscy arty\u015bci op\u0142akiwali Stalina"},"content":{"rendered":"\t\t<div data-elementor-type=\"wp-post\" data-elementor-id=\"1730\" class=\"elementor elementor-1730\">\n\t\t\t\t<div class=\"elementor-element elementor-element-b55c151 e-flex e-con-boxed e-con e-parent\" data-id=\"b55c151\" data-element_type=\"container\" data-e-type=\"container\">\n\t\t\t\t\t<div class=\"e-con-inner\">\n\t\t\t\t<div class=\"elementor-element elementor-element-91b175f elementor-widget elementor-widget-heading\" data-id=\"91b175f\" data-element_type=\"widget\" data-e-type=\"widget\" data-widget_type=\"heading.default\">\n\t\t\t\t\t<h2 class=\"elementor-heading-title elementor-size-default\">Rozszlochana inteligencja: Jak polscy arty\u015bci op\u0142akiwali Stalina \u2013 najwi\u0119ksze poni\u017cenie polskiej literatury<\/h2>\t\t\t\t<\/div>\n\t\t\t\t\t<\/div>\n\t\t\t\t<\/div>\n\t\t<div class=\"elementor-element elementor-element-8e7faf6 e-flex e-con-boxed e-con e-parent\" data-id=\"8e7faf6\" data-element_type=\"container\" data-e-type=\"container\">\n\t\t\t\t\t<div class=\"e-con-inner\">\n\t\t\t\t<div class=\"elementor-element elementor-element-331786a elementor-widget elementor-widget-image\" data-id=\"331786a\" data-element_type=\"widget\" data-e-type=\"widget\" data-widget_type=\"image.default\">\n\t\t\t\t\t\t\t\t\t\t\t\t\t\t\t<img fetchpriority=\"high\" decoding=\"async\" width=\"800\" height=\"555\" src=\"https:\/\/antykomunistyczni.pl\/wp-content\/uploads\/2026\/03\/PlakatStalinowski-1024x710.jpeg\" class=\"attachment-large size-large wp-image-1732\" alt=\"\" srcset=\"https:\/\/antykomunistyczni.pl\/wp-content\/uploads\/2026\/03\/PlakatStalinowski-1024x710.jpeg 1024w, https:\/\/antykomunistyczni.pl\/wp-content\/uploads\/2026\/03\/PlakatStalinowski-300x208.jpeg 300w, https:\/\/antykomunistyczni.pl\/wp-content\/uploads\/2026\/03\/PlakatStalinowski-768x532.jpeg 768w, https:\/\/antykomunistyczni.pl\/wp-content\/uploads\/2026\/03\/PlakatStalinowski-240x166.jpeg 240w, https:\/\/antykomunistyczni.pl\/wp-content\/uploads\/2026\/03\/PlakatStalinowski.jpeg 1075w\" sizes=\"(max-width: 800px) 100vw, 800px\" \/>\t\t\t\t\t\t\t\t\t\t\t\t\t\t\t<\/div>\n\t\t\t\t\t<\/div>\n\t\t\t\t<\/div>\n\t\t<div class=\"elementor-element elementor-element-410ebdf2 e-flex e-con-boxed e-con e-parent\" data-id=\"410ebdf2\" data-element_type=\"container\" data-e-type=\"container\">\n\t\t\t\t\t<div class=\"e-con-inner\">\n\t\t\t\t<div class=\"elementor-element elementor-element-584c797e elementor-widget elementor-widget-text-editor\" data-id=\"584c797e\" data-element_type=\"widget\" data-e-type=\"widget\" data-widget_type=\"text-editor.default\">\n\t\t\t\t\t\t\t\t\t<p><span style=\"color: #000000;\"><\/span><\/p>\n<p class=\"wp-block-paragraph\"><span style=\"color: #000000;\"><\/span><\/p>\n<p class=\"wp-block-paragraph\"><span style=\"color: #000000;\">5 marca 1953 roku przesta\u0142o bi\u0107 serce J\u00f3zefa Stalina \u2013 tyrana, kt\u00f3ry wed\u0142ug historyk\u00f3w odpowiada za \u015bmier\u0107 co najmniej 20 milion\u00f3w ludzi. W Polsce komuni\u015bci natychmiast uruchomili gigantyczn\u0105 propagandow\u0105 maszyneri\u0119. Ca\u0142y kraj mia\u0142 ton\u0105\u0107 w \u017ca\u0142obie. Prasa, radio, szko\u0142y, zak\u0142ady pracy \u2013 wszystko zosta\u0142o zmobilizowane do ostentacyjnego op\u0142akiwania \u201ewodza ca\u0142ej post\u0119powej ludzko\u015bci\u201d.<\/span><\/p>\n<p><span style=\"color: #000000;\"><\/span><\/p>\n<p class=\"wp-block-paragraph\"><span style=\"color: #000000;\">Leopold Tyrmand napisa\u0142 wtedy z pogard\u0105:<\/span><br \/><span style=\"color: #000000;\"><strong>\u201eCa\u0142a prasa uton\u0119\u0142a w wazelinie, zakrztusi\u0142a si\u0119 od nibyj\u0119ku, zach\u0142ysn\u0119\u0142a \u015blin\u0105 nieprzytomnych pochlebstw i ostentacyjnej pseudorozpaczy\u201d<\/strong>.<\/span><\/p>\n<p><span style=\"color: #000000;\"><\/span><\/p>\n<p class=\"wp-block-paragraph\"><span style=\"color: #000000;\">Najbardziej \u017cenuj\u0105cy spektakl dali jednak polscy pisarze i poeci \u2013 ci sami, kt\u00f3rzy p\u00f3\u017aniej ch\u0119tnie budowali legend\u0119 o \u201eodwa\u017cnej inteligencji\u201d walcz\u0105cej z systemem.<\/span><\/p>\n<p><span style=\"color: #000000;\"><\/span><\/p>\n<h3 class=\"wp-block-heading\"><span style=\"color: #000000;\">Serwilizm na najwy\u017cszym poziomie<\/span><\/h3>\n<p><span style=\"color: #000000;\"><\/span><\/p>\n<p class=\"wp-block-paragraph\"><span style=\"color: #000000;\">Jan Nowak-Jeziora\u0144ski, legendarny szef Radia Wolna Europa, nazwa\u0142 te reakcje <strong>\u201enajwi\u0119kszym poni\u017ceniem polskiej literatury\u201d<\/strong>. I mia\u0142 racj\u0119.<\/span><\/p>\n<p><span style=\"color: #000000;\"><\/span><\/p>\n<p class=\"wp-block-paragraph\"><span style=\"color: #000000;\">Powstawa\u0142y ca\u0142e zbiory \u017ca\u0142obnych tren\u00f3w, pean\u00f3w, panegiryk\u00f3w i elegii. Ich autorzy p\u00f3\u017aniej wstydliwie nie przedrukowywali tych tekst\u00f3w, t\u0142umacz\u0105c si\u0119, \u017ce \u201enic nie wiedzieli o zbrodniach\u201d i \u201ebali si\u0119\u201d. Tymczasem za odmow\u0119 udzia\u0142u w ho\u0142dzie nie grozi\u0142y \u017cadne aresztowania ani Sybir \u2013 jedynie towarzyskie ostracyzm i milczenie w mediach. Wielu wybra\u0142o jednak dobrowolne czo\u0142ganie si\u0119.<\/span><\/p>\n<p><span style=\"color: #000000;\"><\/span><\/p>\n<h3 class=\"wp-block-heading\"><span style=\"color: #000000;\">Najbardziej kuriozalne teksty<\/span><\/h3>\n<p><span style=\"color: #000000;\"><\/span><\/p>\n<p class=\"wp-block-paragraph\"><span style=\"color: #000000;\"><strong>W\u0142adys\u0142aw Broniewski<\/strong><\/span><br \/><span style=\"color: #000000;\">Jego poemat o Stalinie powsta\u0142 jeszcze wcze\u015bniej, z okazji 70. urodzin \u201eChor\u0105\u017cego Pokoju\u201d:<\/span><br \/><span style=\"color: #000000;\"><em>P\u0119dzi poci\u0105g historii, \/ b\u0142yska stulecie-semafor. \/ Rewolucji nie trzeba glorii, \/ nie trzeba szumnych metafor. \/ Potrzebny jest Maszynista, \/ kt\u00f3rym jest On: \/ towarzysz, w\u00f3dz, komunista \u2013 \/ Stalin \u2013 s\u0142owo jak dzwon!<\/em><\/span><\/p>\n<p><span style=\"color: #000000;\"><\/span><\/p>\n<p class=\"wp-block-paragraph\"><span style=\"color: #000000;\">Gdy m\u0142ody Marek H\u0142asko przypomnia\u0142 mu, \u017ce \u201eZiutek-S\u0142oneczko\u201d wymordowa\u0142 20 milion\u00f3w ludzi, w\u015bciek\u0142y Broniewski zadzwoni\u0142 na UB. H\u0142asko musia\u0142 salwowa\u0107 si\u0119 ucieczk\u0105.<\/span><\/p>\n<p><span style=\"color: #000000;\"><\/span><\/p>\n<p class=\"wp-block-paragraph\"><span style=\"color: #000000;\"><strong>Adam Wa\u017cyk<\/strong> \u2013 \u201eRzeka\u201d<\/span><br \/><span style=\"color: #000000;\">Szczyt serwilizmu:<\/span><br \/><span style=\"color: #000000;\"><em>M\u0105dro\u015b\u0107 Stalina \/ rzeka szeroka \/ w ci\u0119\u017ckich turbinach \/ przetwarza wody \/ p\u0142yn\u0105c wysiewa \/ pszenic\u0119 w tundrach<\/em>.<\/span><\/p>\n<p><span style=\"color: #000000;\"><\/span><\/p>\n<p class=\"wp-block-paragraph\"><span style=\"color: #000000;\"><strong>Artur Mi\u0119dzyrzecki<\/strong> (p\u00f3\u017aniejszy prezes PEN Clubu)<\/span><br \/><span style=\"color: #000000;\">Napisa\u0142 kilkunastowersowy tren \u201eMarzec 1953\u201d:<\/span><br \/><span style=\"color: #000000;\"><em>P\u0142akali\u015bmy w Warszawie \/ Na \u015al\u0105sku, na dumnym Helu [\u2026] \/ Odeszli Lenin i Stalin \/ Ale nie umr\u0105 nigdy<\/em>.<\/span><\/p>\n<p><span style=\"color: #000000;\"><\/span><\/p>\n<p class=\"wp-block-paragraph\"><span style=\"color: #000000;\"><\/span><\/p>\t\t\t\t\t\t\t\t<\/div>\n\t\t\t\t\t<\/div>\n\t\t\t\t<\/div>\n\t\t<div class=\"elementor-element elementor-element-4b0eff9 e-flex e-con-boxed e-con e-parent\" data-id=\"4b0eff9\" data-element_type=\"container\" data-e-type=\"container\">\n\t\t\t\t\t<div class=\"e-con-inner\">\n\t\t\t\t<div class=\"elementor-element elementor-element-3dfd1a5 elementor-widget elementor-widget-image\" data-id=\"3dfd1a5\" data-element_type=\"widget\" data-e-type=\"widget\" data-widget_type=\"image.default\">\n\t\t\t\t\t\t\t\t\t\t\t\t\t\t\t<img decoding=\"async\" width=\"800\" height=\"450\" src=\"https:\/\/antykomunistyczni.pl\/wp-content\/uploads\/2026\/03\/z11067029IEGWislawa-Szymborska-1923-2012--1024x576.jpg\" class=\"attachment-large size-large wp-image-1733\" alt=\"\" srcset=\"https:\/\/antykomunistyczni.pl\/wp-content\/uploads\/2026\/03\/z11067029IEGWislawa-Szymborska-1923-2012--1024x576.jpg 1024w, https:\/\/antykomunistyczni.pl\/wp-content\/uploads\/2026\/03\/z11067029IEGWislawa-Szymborska-1923-2012--300x169.jpg 300w, https:\/\/antykomunistyczni.pl\/wp-content\/uploads\/2026\/03\/z11067029IEGWislawa-Szymborska-1923-2012--768x432.jpg 768w, https:\/\/antykomunistyczni.pl\/wp-content\/uploads\/2026\/03\/z11067029IEGWislawa-Szymborska-1923-2012--240x135.jpg 240w, https:\/\/antykomunistyczni.pl\/wp-content\/uploads\/2026\/03\/z11067029IEGWislawa-Szymborska-1923-2012-.jpg 1200w\" sizes=\"(max-width: 800px) 100vw, 800px\" \/>\t\t\t\t\t\t\t\t\t\t\t\t\t\t\t<\/div>\n\t\t\t\t\t<\/div>\n\t\t\t\t<\/div>\n\t\t<div class=\"elementor-element elementor-element-138bdd9 e-flex e-con-boxed e-con e-parent\" data-id=\"138bdd9\" data-element_type=\"container\" data-e-type=\"container\">\n\t\t\t\t\t<div class=\"e-con-inner\">\n\t\t\t\t<div class=\"elementor-element elementor-element-41b79bc elementor-widget elementor-widget-text-editor\" data-id=\"41b79bc\" data-element_type=\"widget\" data-e-type=\"widget\" data-widget_type=\"text-editor.default\">\n\t\t\t\t\t\t\t\t\t<p><span style=\"color: #000000;\"><\/span><\/p>\n<p class=\"wp-block-paragraph\"><span style=\"color: #000000;\"><\/span><\/p>\n<p class=\"wp-block-paragraph\"><span style=\"color: #000000;\"><strong>Wis\u0142awa Szymborska<\/strong><\/span><br \/><span style=\"color: #000000;\">Wiersz \u201eTen dzie\u0144\u201d pisa\u0142a, jak sama przyznawa\u0142a, \u201edr\u017c\u0105c\u0105 r\u0119k\u0105, z b\u00f3lem i \u0142z\u0105\u201d. Zamiast \u017ca\u0142oby \u2013 wezwanie do terroru:<\/span><br \/><span style=\"color: #000000;\"><em>Pod sztandarami rewolucji \/ wzmocni\u0107 warty! \/ Wzmocni\u0107 warty u wszystkich bram!<\/em><\/span><\/p>\n<p><span style=\"color: #000000;\"><\/span><\/p>\n<p class=\"wp-block-paragraph\"><span style=\"color: #000000;\">Jej \u00f3wczesny m\u0105\u017c Adam W\u0142odek te\u017c si\u0119 przy\u0142o\u017cy\u0142:<\/span><br \/><span style=\"color: #000000;\"><em>Przypomina\u0142, jak wielkim ma na ziemi by\u0107 cz\u0142owiek \/ ale cz\u0142owiek \u2013 po\u015br\u00f3d towarzyszy<\/em>.<\/span><\/p>\n<p><span style=\"color: #000000;\"><\/span><\/p>\n<p class=\"wp-block-paragraph\"><span style=\"color: #000000;\"><strong>Anna \u015awirszczy\u0144ska<\/strong><\/span><br \/><span style=\"color: #000000;\">T\u0142umaczy\u0142a z korea\u0144skiego tren Fak Ten Sika \u2013 niemal erotyk o mi\u0142o\u015bci do Stalina:<\/span><br \/><span style=\"color: #000000;\"><em>Ty\u015b umi\u0142owany \/ najczulszym mi\u0142owaniem \/ tak mi\u0142uje si\u0119 tylko przyjaciela i wodza. \/ Wsp\u00f3lna nasza bole\u015b\u0107 \/ rosyjscy druhowie Stalina<\/em>.<\/span><\/p>\n<p><span style=\"color: #000000;\"><\/span><\/p>\n<p class=\"wp-block-paragraph\"><span style=\"color: #000000;\"><strong>Konstanty Ildefons Ga\u0142czy\u0144ski<\/strong><\/span><br \/><span style=\"color: #000000;\"><em>Krzyczy Wo\u0142ga. Szlocha Sekwana \/ Wo\u0142a Dunaj \/ J\u0119cz\u0105 rzeki chi\u0144skie \/ Broczy Wo\u0142ga jak otwarta rana \/ Lamentuj\u0105 potoki gruzi\u0144skie<\/em>.<\/span><\/p>\n<p><span style=\"color: #000000;\"><\/span><\/p>\n<p class=\"wp-block-paragraph\"><span style=\"color: #000000;\"><strong>Wiktor Woroszylski<\/strong><\/span><br \/><span style=\"color: #000000;\"><em>Jest takie jedno s\u0142owo \/ Synonim wielu pi\u0119knych s\u0142\u00f3w \/ S\u0142owa wolno\u015b\u0107, s\u0142owa rado\u015b\u0107, s\u0142owa pok\u00f3j, s\u0142owa socjalizm \/ przy kt\u00f3rym wszyscy wstaj\u0105 i klaszcz\u0105 \/ Stalin<\/em>.<\/span><\/p>\n<p><span style=\"color: #000000;\"><\/span><\/p>\n<h3 class=\"wp-block-heading\"><span style=\"color: #000000;\">Prozaicy te\u017c si\u0119 nie zawiedli<\/span><\/h3>\n<p><span style=\"color: #000000;\"><\/span><\/p>\n<p class=\"wp-block-paragraph\"><span style=\"color: #000000;\"><\/span><\/p>\n<p class=\"wp-block-paragraph\"><span style=\"color: #000000;\"><\/span><\/p>\t\t\t\t\t\t\t\t<\/div>\n\t\t\t\t\t<\/div>\n\t\t\t\t<\/div>\n\t\t<div class=\"elementor-element elementor-element-733c67a e-flex e-con-boxed e-con e-parent\" data-id=\"733c67a\" data-element_type=\"container\" data-e-type=\"container\">\n\t\t\t\t\t<div class=\"e-con-inner\">\n\t\t\t\t<div class=\"elementor-element elementor-element-6e6fdf3 elementor-widget elementor-widget-image\" data-id=\"6e6fdf3\" data-element_type=\"widget\" data-e-type=\"widget\" data-widget_type=\"image.default\">\n\t\t\t\t\t\t\t\t\t\t\t\t\t\t\t<img decoding=\"async\" width=\"800\" height=\"450\" src=\"https:\/\/antykomunistyczni.pl\/wp-content\/uploads\/2026\/03\/NaglowkiSmiercStalina-1024x576.jpg\" class=\"attachment-large size-large wp-image-1734\" alt=\"\" srcset=\"https:\/\/antykomunistyczni.pl\/wp-content\/uploads\/2026\/03\/NaglowkiSmiercStalina-1024x576.jpg 1024w, https:\/\/antykomunistyczni.pl\/wp-content\/uploads\/2026\/03\/NaglowkiSmiercStalina-300x169.jpg 300w, https:\/\/antykomunistyczni.pl\/wp-content\/uploads\/2026\/03\/NaglowkiSmiercStalina-768x432.jpg 768w, https:\/\/antykomunistyczni.pl\/wp-content\/uploads\/2026\/03\/NaglowkiSmiercStalina-1536x864.jpg 1536w, https:\/\/antykomunistyczni.pl\/wp-content\/uploads\/2026\/03\/NaglowkiSmiercStalina-240x135.jpg 240w, https:\/\/antykomunistyczni.pl\/wp-content\/uploads\/2026\/03\/NaglowkiSmiercStalina.jpg 1920w\" sizes=\"(max-width: 800px) 100vw, 800px\" \/>\t\t\t\t\t\t\t\t\t\t\t\t\t\t\t<\/div>\n\t\t\t\t\t<\/div>\n\t\t\t\t<\/div>\n\t\t<div class=\"elementor-element elementor-element-0f786f3 e-flex e-con-boxed e-con e-parent\" data-id=\"0f786f3\" data-element_type=\"container\" data-e-type=\"container\">\n\t\t\t\t\t<div class=\"e-con-inner\">\n\t\t\t\t<div class=\"elementor-element elementor-element-31d53a1 elementor-widget elementor-widget-text-editor\" data-id=\"31d53a1\" data-element_type=\"widget\" data-e-type=\"widget\" data-widget_type=\"text-editor.default\">\n\t\t\t\t\t\t\t\t\t<p><span style=\"color: #000000;\"><\/span><\/p>\n<p class=\"wp-block-paragraph\"><span style=\"color: #000000;\"><\/span><\/p>\n<p class=\"wp-block-paragraph\"><span style=\"color: #000000;\"><\/span><\/p>\n<p class=\"wp-block-paragraph\"><span style=\"color: #000000;\">W specjalnych \u017ca\u0142obnych numerach czasopism ho\u0142d oddawali m.in.:<\/span><\/p>\n<p><span style=\"color: #000000;\"><\/span><\/p>\n<ul class=\"wp-block-list\">\n<li><span style=\"color: #000000;\"><strong>Leon Kruczkowski<\/strong>: \u201eKochali\u015bmy Go, jak Ojca i Przyjaciela\u201d.<\/span><\/li>\n\n<li><span style=\"color: #000000;\"><strong>Kazimierz Brandys<\/strong>: \u201e\u017bycie nasze by\u0142o pi\u0119kniejsze, poniewa\u017c odczuwali\u015bmy jego obecno\u015b\u0107\u201d.<\/span><\/li>\n\n<li><span style=\"color: #000000;\"><strong>Jerzy Andrzejewski<\/strong>: \u201eZnienawidzony przez wrog\u00f3w ludzko\u015bci, a kochany przez ludzko\u015b\u0107 \u2013 by\u0142 jej dum\u0105\u201d.<\/span><\/li>\n\n<li><span style=\"color: #000000;\"><strong>Julian Tuwim<\/strong>: \u201ePrzed tak\u0105 trumn\u0119 przychodzi si\u0119 z pochylon\u0105 g\u0142ow\u0105. Ale odchodzi si\u0119 od takiej trumny z g\u0142ow\u0105 podniesion\u0105\u201d.<\/span><\/li>\n\n<li><span style=\"color: #000000;\"><strong>Tadeusz Konwicki<\/strong>: \u201eNasza mi\u0142o\u015b\u0107 do J\u00f3zefa Stalina nie jest abstrakcyjna. Bo nawet m\u0142ody polski literat [\u2026] \u017cyje cich\u0105 nadziej\u0105, \u017ce przeczyta j\u0105 kiedy\u015b Stalin\u201d.<\/span><\/li>\n<\/ul>\n<p><span style=\"color: #000000;\"><\/span><\/p>\n<p class=\"wp-block-paragraph\"><span style=\"color: #000000;\">Z emigracji w\u015bcieka\u0142 si\u0119 Jan Lecho\u0144:<\/span><br \/><span style=\"color: #000000;\"><strong>\u201eC\u00f3\u017c za pod\u0142o\u015b\u0107, c\u00f3\u017c za tch\u00f3rzostwo, c\u00f3\u017c to za kanalie!\u201d<\/strong><\/span><\/p>\n<p><span style=\"color: #000000;\"><\/span><\/p>\n<h3 class=\"wp-block-heading\"><span style=\"color: #000000;\">Podsumowanie<\/span><\/h3>\n<p><span style=\"color: #000000;\"><\/span><\/p>\n<p class=\"wp-block-paragraph\"><span style=\"color: #000000;\">To nie by\u0142 strach. To by\u0142 dobrowolny, entuzjastyczny serwilizm du\u017cej cz\u0119\u015bci polskiej inteligencji tw\u00f3rczej. Kiedy kilka lat p\u00f3\u017aniej przyszed\u0142 Pa\u017adziernik \u201956 i odwil\u017c, ci sami autorzy nagle \u201eprzypomnieli sobie\u201d, \u017ce tak naprawd\u0119 zawsze byli przeciw. Tylko wstydliwych wierszy nigdy nie przedrukowali.<\/span><\/p>\n<p><span style=\"color: #000000;\"><\/span><\/p>\n<p class=\"wp-block-paragraph\"><span style=\"color: #000000;\">Dzi\u015b, gdy czytamy te teksty, a\u017c trudno uwierzy\u0107, \u017ce wysz\u0142y spod pi\u00f3r ludzi uwa\u017canych za najwi\u0119kszych polskich poet\u00f3w i prozaik\u00f3w XX wieku. To nie by\u0142a literatura. To by\u0142a propaganda w najczystszej, najbardziej obrzydliwej formie.<\/span><\/p>\n<p><span style=\"color: #000000;\"><\/span><\/p>\n<p class=\"wp-block-paragraph\"><span style=\"color: #000000;\">Stalin umar\u0142 w 1953. Ale jego kult w polskiej literaturze \u017cy\u0142 jeszcze przez kilka miesi\u0119cy \u2013 ku wiecznemu wstydowi tych, kt\u00f3rzy go tworzyli.<\/span><\/p>\n<p><span style=\"color: #000000;\"><\/span><\/p>\n<p class=\"wp-block-paragraph\"><span style=\"color: #000000;\"><\/span><\/p>\t\t\t\t\t\t\t\t<\/div>\n\t\t\t\t\t<\/div>\n\t\t\t\t<\/div>\n\t\t\t\t<\/div>\n\t\t","protected":false},"excerpt":{"rendered":"<p>Rozszlochana inteligencja: Jak polscy arty\u015bci op\u0142akiwali Stalina \u2013 najwi\u0119ksze poni\u017cenie polskiej literatury 5 marca 1953 roku przesta\u0142o bi\u0107 serce J\u00f3zefa Stalina \u2013 tyrana, kt\u00f3ry wed\u0142ug historyk\u00f3w odpowiada za \u015bmier\u0107 co najmniej 20 milion\u00f3w ludzi. W Polsce komuni\u015bci natychmiast uruchomili gigantyczn\u0105 propagandow\u0105 maszyneri\u0119. Ca\u0142y kraj mia\u0142 ton\u0105\u0107 w \u017ca\u0142obie. Prasa, radio, szko\u0142y, zak\u0142ady pracy \u2013 wszystko [&hellip;]<\/p>\n","protected":false},"author":1,"featured_media":1734,"comment_status":"closed","ping_status":"closed","sticky":false,"template":"","format":"standard","meta":{"give_campaign_id":0,"footnotes":""},"categories":[22,26,48,34,32],"tags":[],"class_list":["post-1730","post","type-post","status-publish","format-standard","has-post-thumbnail","hentry","category-aktualnosci","category-komunisci","category-komunizm-w-popkulturze","category-kultura-i-sztuka","category-stalinizm-w-polsce"],"yoast_head":"<!-- This site is optimized with the Yoast SEO plugin v28.4 - https:\/\/yoast.com\/product\/yoast-seo-wordpress\/ -->\n<title>Rozszlochana inteligencja: Jak polscy arty\u015bci op\u0142akiwali Stalina - Antykomunistyczni.pl<\/title>\n<meta name=\"robots\" content=\"index, follow, max-snippet:-1, max-image-preview:large, max-video-preview:-1\" \/>\n<link rel=\"canonical\" href=\"https:\/\/antykomunistyczni.pl\/index.php\/rozszlochana-inteligencja-jak-polscy-artysci-oplakiwali-stalina\/\" \/>\n<meta property=\"og:locale\" content=\"pl_PL\" \/>\n<meta property=\"og:type\" content=\"article\" \/>\n<meta property=\"og:title\" content=\"Rozszlochana inteligencja: Jak polscy arty\u015bci op\u0142akiwali Stalina - Antykomunistyczni.pl\" \/>\n<meta property=\"og:description\" content=\"Rozszlochana inteligencja: Jak polscy arty\u015bci op\u0142akiwali Stalina \u2013 najwi\u0119ksze poni\u017cenie polskiej literatury 5 marca 1953 roku przesta\u0142o bi\u0107 serce J\u00f3zefa Stalina \u2013 tyrana, kt\u00f3ry wed\u0142ug historyk\u00f3w odpowiada za \u015bmier\u0107 co najmniej 20 milion\u00f3w ludzi. W Polsce komuni\u015bci natychmiast uruchomili gigantyczn\u0105 propagandow\u0105 maszyneri\u0119. Ca\u0142y kraj mia\u0142 ton\u0105\u0107 w \u017ca\u0142obie. Prasa, radio, szko\u0142y, zak\u0142ady pracy \u2013 wszystko [&hellip;]\" \/>\n<meta property=\"og:url\" content=\"https:\/\/antykomunistyczni.pl\/index.php\/rozszlochana-inteligencja-jak-polscy-artysci-oplakiwali-stalina\/\" \/>\n<meta property=\"og:site_name\" content=\"Antykomunistyczni.pl\" \/>\n<meta property=\"article:publisher\" content=\"https:\/\/www.facebook.com\/antykomunistyczni\/\" \/>\n<meta property=\"article:published_time\" content=\"2026-03-22T19:54:29+00:00\" \/>\n<meta property=\"article:modified_time\" content=\"2026-03-22T20:00:07+00:00\" \/>\n<meta property=\"og:image\" content=\"https:\/\/antykomunistyczni.pl\/wp-content\/uploads\/2026\/03\/NaglowkiSmiercStalina.jpg\" \/>\n\t<meta property=\"og:image:width\" content=\"1920\" \/>\n\t<meta property=\"og:image:height\" content=\"1080\" \/>\n\t<meta property=\"og:image:type\" content=\"image\/jpeg\" \/>\n<meta name=\"author\" content=\"Antykomunistyczni\" \/>\n<meta name=\"twitter:card\" content=\"summary_large_image\" \/>\n<meta name=\"twitter:creator\" content=\"@anty_komunisci\" \/>\n<meta name=\"twitter:site\" content=\"@anty_komunisci\" \/>\n<meta name=\"twitter:label1\" content=\"Napisane przez\" \/>\n\t<meta name=\"twitter:data1\" content=\"Antykomunistyczni\" \/>\n\t<meta name=\"twitter:label2\" content=\"Szacowany czas czytania\" \/>\n\t<meta name=\"twitter:data2\" content=\"5 minut\" \/>\n<script type=\"application\/ld+json\" class=\"yoast-schema-graph\">{\"@context\":\"https:\\\/\\\/schema.org\",\"@graph\":[{\"@type\":\"Article\",\"@id\":\"https:\\\/\\\/antykomunistyczni.pl\\\/index.php\\\/rozszlochana-inteligencja-jak-polscy-artysci-oplakiwali-stalina\\\/#article\",\"isPartOf\":{\"@id\":\"https:\\\/\\\/antykomunistyczni.pl\\\/index.php\\\/rozszlochana-inteligencja-jak-polscy-artysci-oplakiwali-stalina\\\/\"},\"author\":{\"name\":\"Antykomunistyczni\",\"@id\":\"https:\\\/\\\/antykomunistyczni.pl\\\/#\\\/schema\\\/person\\\/4963e693e8006b94062d91d1295d02a0\"},\"headline\":\"Rozszlochana inteligencja: Jak polscy arty\u015bci op\u0142akiwali Stalina\",\"datePublished\":\"2026-03-22T19:54:29+00:00\",\"dateModified\":\"2026-03-22T20:00:07+00:00\",\"mainEntityOfPage\":{\"@id\":\"https:\\\/\\\/antykomunistyczni.pl\\\/index.php\\\/rozszlochana-inteligencja-jak-polscy-artysci-oplakiwali-stalina\\\/\"},\"wordCount\":770,\"publisher\":{\"@id\":\"https:\\\/\\\/antykomunistyczni.pl\\\/#organization\"},\"image\":{\"@id\":\"https:\\\/\\\/antykomunistyczni.pl\\\/index.php\\\/rozszlochana-inteligencja-jak-polscy-artysci-oplakiwali-stalina\\\/#primaryimage\"},\"thumbnailUrl\":\"https:\\\/\\\/antykomunistyczni.pl\\\/wp-content\\\/uploads\\\/2026\\\/03\\\/NaglowkiSmiercStalina.jpg\",\"articleSection\":[\"Aktualno\u015bci\",\"Komuni\u015bci\",\"Komunizm w popkulturze\",\"Kultura i sztuka\",\"Stalinizm w Polsce\"],\"inLanguage\":\"pl-PL\"},{\"@type\":\"WebPage\",\"@id\":\"https:\\\/\\\/antykomunistyczni.pl\\\/index.php\\\/rozszlochana-inteligencja-jak-polscy-artysci-oplakiwali-stalina\\\/\",\"url\":\"https:\\\/\\\/antykomunistyczni.pl\\\/index.php\\\/rozszlochana-inteligencja-jak-polscy-artysci-oplakiwali-stalina\\\/\",\"name\":\"Rozszlochana inteligencja: Jak polscy arty\u015bci op\u0142akiwali Stalina - Antykomunistyczni.pl\",\"isPartOf\":{\"@id\":\"https:\\\/\\\/antykomunistyczni.pl\\\/#website\"},\"primaryImageOfPage\":{\"@id\":\"https:\\\/\\\/antykomunistyczni.pl\\\/index.php\\\/rozszlochana-inteligencja-jak-polscy-artysci-oplakiwali-stalina\\\/#primaryimage\"},\"image\":{\"@id\":\"https:\\\/\\\/antykomunistyczni.pl\\\/index.php\\\/rozszlochana-inteligencja-jak-polscy-artysci-oplakiwali-stalina\\\/#primaryimage\"},\"thumbnailUrl\":\"https:\\\/\\\/antykomunistyczni.pl\\\/wp-content\\\/uploads\\\/2026\\\/03\\\/NaglowkiSmiercStalina.jpg\",\"datePublished\":\"2026-03-22T19:54:29+00:00\",\"dateModified\":\"2026-03-22T20:00:07+00:00\",\"breadcrumb\":{\"@id\":\"https:\\\/\\\/antykomunistyczni.pl\\\/index.php\\\/rozszlochana-inteligencja-jak-polscy-artysci-oplakiwali-stalina\\\/#breadcrumb\"},\"inLanguage\":\"pl-PL\",\"potentialAction\":[{\"@type\":\"ReadAction\",\"target\":[\"https:\\\/\\\/antykomunistyczni.pl\\\/index.php\\\/rozszlochana-inteligencja-jak-polscy-artysci-oplakiwali-stalina\\\/\"]}]},{\"@type\":\"ImageObject\",\"inLanguage\":\"pl-PL\",\"@id\":\"https:\\\/\\\/antykomunistyczni.pl\\\/index.php\\\/rozszlochana-inteligencja-jak-polscy-artysci-oplakiwali-stalina\\\/#primaryimage\",\"url\":\"https:\\\/\\\/antykomunistyczni.pl\\\/wp-content\\\/uploads\\\/2026\\\/03\\\/NaglowkiSmiercStalina.jpg\",\"contentUrl\":\"https:\\\/\\\/antykomunistyczni.pl\\\/wp-content\\\/uploads\\\/2026\\\/03\\\/NaglowkiSmiercStalina.jpg\",\"width\":1920,\"height\":1080},{\"@type\":\"BreadcrumbList\",\"@id\":\"https:\\\/\\\/antykomunistyczni.pl\\\/index.php\\\/rozszlochana-inteligencja-jak-polscy-artysci-oplakiwali-stalina\\\/#breadcrumb\",\"itemListElement\":[{\"@type\":\"ListItem\",\"position\":1,\"name\":\"Strona g\u0142\u00f3wna\",\"item\":\"https:\\\/\\\/antykomunistyczni.pl\\\/\"},{\"@type\":\"ListItem\",\"position\":2,\"name\":\"Rozszlochana inteligencja: Jak polscy arty\u015bci op\u0142akiwali Stalina\"}]},{\"@type\":\"WebSite\",\"@id\":\"https:\\\/\\\/antykomunistyczni.pl\\\/#website\",\"url\":\"https:\\\/\\\/antykomunistyczni.pl\\\/\",\"name\":\"Antykomunistyczni.pl\",\"description\":\"\",\"publisher\":{\"@id\":\"https:\\\/\\\/antykomunistyczni.pl\\\/#organization\"},\"alternateName\":\"Historia PRL, zbrodnie komunistyczne w Polsce i na \u015bwiecie\",\"potentialAction\":[{\"@type\":\"SearchAction\",\"target\":{\"@type\":\"EntryPoint\",\"urlTemplate\":\"https:\\\/\\\/antykomunistyczni.pl\\\/?s={search_term_string}\"},\"query-input\":{\"@type\":\"PropertyValueSpecification\",\"valueRequired\":true,\"valueName\":\"search_term_string\"}}],\"inLanguage\":\"pl-PL\"},{\"@type\":\"Organization\",\"@id\":\"https:\\\/\\\/antykomunistyczni.pl\\\/#organization\",\"name\":\"Antykomunistyczni.pl\",\"url\":\"https:\\\/\\\/antykomunistyczni.pl\\\/\",\"logo\":{\"@type\":\"ImageObject\",\"inLanguage\":\"pl-PL\",\"@id\":\"https:\\\/\\\/antykomunistyczni.pl\\\/#\\\/schema\\\/logo\\\/image\\\/\",\"url\":\"https:\\\/\\\/antykomunistyczni.pl\\\/wp-content\\\/uploads\\\/2026\\\/02\\\/cropped-AntykomunistyczniLogoSquare150x150-2.png\",\"contentUrl\":\"https:\\\/\\\/antykomunistyczni.pl\\\/wp-content\\\/uploads\\\/2026\\\/02\\\/cropped-AntykomunistyczniLogoSquare150x150-2.png\",\"width\":150,\"height\":150,\"caption\":\"Antykomunistyczni.pl\"},\"image\":{\"@id\":\"https:\\\/\\\/antykomunistyczni.pl\\\/#\\\/schema\\\/logo\\\/image\\\/\"},\"sameAs\":[\"https:\\\/\\\/www.facebook.com\\\/antykomunistyczni\\\/\",\"https:\\\/\\\/x.com\\\/anty_komunisci\"]},{\"@type\":\"Person\",\"@id\":\"https:\\\/\\\/antykomunistyczni.pl\\\/#\\\/schema\\\/person\\\/4963e693e8006b94062d91d1295d02a0\",\"name\":\"Antykomunistyczni\",\"image\":{\"@type\":\"ImageObject\",\"inLanguage\":\"pl-PL\",\"@id\":\"https:\\\/\\\/secure.gravatar.com\\\/avatar\\\/ff172875f9ced7887f883245268c1ba638c26cf1e0530f7f61b4705963a6730b?s=96&d=mm&r=g\",\"url\":\"https:\\\/\\\/secure.gravatar.com\\\/avatar\\\/ff172875f9ced7887f883245268c1ba638c26cf1e0530f7f61b4705963a6730b?s=96&d=mm&r=g\",\"contentUrl\":\"https:\\\/\\\/secure.gravatar.com\\\/avatar\\\/ff172875f9ced7887f883245268c1ba638c26cf1e0530f7f61b4705963a6730b?s=96&d=mm&r=g\",\"caption\":\"Antykomunistyczni\"},\"sameAs\":[\"http:\\\/\\\/antykomunistyczni.pl\"],\"url\":\"https:\\\/\\\/antykomunistyczni.pl\\\/index.php\\\/author\\\/admin0\\\/\"}]}<\/script>\n<!-- \/ Yoast SEO plugin. -->","yoast_head_json":{"title":"Rozszlochana inteligencja: Jak polscy arty\u015bci op\u0142akiwali Stalina - Antykomunistyczni.pl","robots":{"index":"index","follow":"follow","max-snippet":"max-snippet:-1","max-image-preview":"max-image-preview:large","max-video-preview":"max-video-preview:-1"},"canonical":"https:\/\/antykomunistyczni.pl\/index.php\/rozszlochana-inteligencja-jak-polscy-artysci-oplakiwali-stalina\/","og_locale":"pl_PL","og_type":"article","og_title":"Rozszlochana inteligencja: Jak polscy arty\u015bci op\u0142akiwali Stalina - Antykomunistyczni.pl","og_description":"Rozszlochana inteligencja: Jak polscy arty\u015bci op\u0142akiwali Stalina \u2013 najwi\u0119ksze poni\u017cenie polskiej literatury 5 marca 1953 roku przesta\u0142o bi\u0107 serce J\u00f3zefa Stalina \u2013 tyrana, kt\u00f3ry wed\u0142ug historyk\u00f3w odpowiada za \u015bmier\u0107 co najmniej 20 milion\u00f3w ludzi. W Polsce komuni\u015bci natychmiast uruchomili gigantyczn\u0105 propagandow\u0105 maszyneri\u0119. Ca\u0142y kraj mia\u0142 ton\u0105\u0107 w \u017ca\u0142obie. Prasa, radio, szko\u0142y, zak\u0142ady pracy \u2013 wszystko [&hellip;]","og_url":"https:\/\/antykomunistyczni.pl\/index.php\/rozszlochana-inteligencja-jak-polscy-artysci-oplakiwali-stalina\/","og_site_name":"Antykomunistyczni.pl","article_publisher":"https:\/\/www.facebook.com\/antykomunistyczni\/","article_published_time":"2026-03-22T19:54:29+00:00","article_modified_time":"2026-03-22T20:00:07+00:00","og_image":[{"width":1920,"height":1080,"url":"https:\/\/antykomunistyczni.pl\/wp-content\/uploads\/2026\/03\/NaglowkiSmiercStalina.jpg","type":"image\/jpeg"}],"author":"Antykomunistyczni","twitter_card":"summary_large_image","twitter_creator":"@anty_komunisci","twitter_site":"@anty_komunisci","twitter_misc":{"Napisane przez":"Antykomunistyczni","Szacowany czas czytania":"5 minut"},"schema":{"@context":"https:\/\/schema.org","@graph":[{"@type":"Article","@id":"https:\/\/antykomunistyczni.pl\/index.php\/rozszlochana-inteligencja-jak-polscy-artysci-oplakiwali-stalina\/#article","isPartOf":{"@id":"https:\/\/antykomunistyczni.pl\/index.php\/rozszlochana-inteligencja-jak-polscy-artysci-oplakiwali-stalina\/"},"author":{"name":"Antykomunistyczni","@id":"https:\/\/antykomunistyczni.pl\/#\/schema\/person\/4963e693e8006b94062d91d1295d02a0"},"headline":"Rozszlochana inteligencja: Jak polscy arty\u015bci op\u0142akiwali Stalina","datePublished":"2026-03-22T19:54:29+00:00","dateModified":"2026-03-22T20:00:07+00:00","mainEntityOfPage":{"@id":"https:\/\/antykomunistyczni.pl\/index.php\/rozszlochana-inteligencja-jak-polscy-artysci-oplakiwali-stalina\/"},"wordCount":770,"publisher":{"@id":"https:\/\/antykomunistyczni.pl\/#organization"},"image":{"@id":"https:\/\/antykomunistyczni.pl\/index.php\/rozszlochana-inteligencja-jak-polscy-artysci-oplakiwali-stalina\/#primaryimage"},"thumbnailUrl":"https:\/\/antykomunistyczni.pl\/wp-content\/uploads\/2026\/03\/NaglowkiSmiercStalina.jpg","articleSection":["Aktualno\u015bci","Komuni\u015bci","Komunizm w popkulturze","Kultura i sztuka","Stalinizm w Polsce"],"inLanguage":"pl-PL"},{"@type":"WebPage","@id":"https:\/\/antykomunistyczni.pl\/index.php\/rozszlochana-inteligencja-jak-polscy-artysci-oplakiwali-stalina\/","url":"https:\/\/antykomunistyczni.pl\/index.php\/rozszlochana-inteligencja-jak-polscy-artysci-oplakiwali-stalina\/","name":"Rozszlochana inteligencja: Jak polscy arty\u015bci op\u0142akiwali Stalina - Antykomunistyczni.pl","isPartOf":{"@id":"https:\/\/antykomunistyczni.pl\/#website"},"primaryImageOfPage":{"@id":"https:\/\/antykomunistyczni.pl\/index.php\/rozszlochana-inteligencja-jak-polscy-artysci-oplakiwali-stalina\/#primaryimage"},"image":{"@id":"https:\/\/antykomunistyczni.pl\/index.php\/rozszlochana-inteligencja-jak-polscy-artysci-oplakiwali-stalina\/#primaryimage"},"thumbnailUrl":"https:\/\/antykomunistyczni.pl\/wp-content\/uploads\/2026\/03\/NaglowkiSmiercStalina.jpg","datePublished":"2026-03-22T19:54:29+00:00","dateModified":"2026-03-22T20:00:07+00:00","breadcrumb":{"@id":"https:\/\/antykomunistyczni.pl\/index.php\/rozszlochana-inteligencja-jak-polscy-artysci-oplakiwali-stalina\/#breadcrumb"},"inLanguage":"pl-PL","potentialAction":[{"@type":"ReadAction","target":["https:\/\/antykomunistyczni.pl\/index.php\/rozszlochana-inteligencja-jak-polscy-artysci-oplakiwali-stalina\/"]}]},{"@type":"ImageObject","inLanguage":"pl-PL","@id":"https:\/\/antykomunistyczni.pl\/index.php\/rozszlochana-inteligencja-jak-polscy-artysci-oplakiwali-stalina\/#primaryimage","url":"https:\/\/antykomunistyczni.pl\/wp-content\/uploads\/2026\/03\/NaglowkiSmiercStalina.jpg","contentUrl":"https:\/\/antykomunistyczni.pl\/wp-content\/uploads\/2026\/03\/NaglowkiSmiercStalina.jpg","width":1920,"height":1080},{"@type":"BreadcrumbList","@id":"https:\/\/antykomunistyczni.pl\/index.php\/rozszlochana-inteligencja-jak-polscy-artysci-oplakiwali-stalina\/#breadcrumb","itemListElement":[{"@type":"ListItem","position":1,"name":"Strona g\u0142\u00f3wna","item":"https:\/\/antykomunistyczni.pl\/"},{"@type":"ListItem","position":2,"name":"Rozszlochana inteligencja: Jak polscy arty\u015bci op\u0142akiwali Stalina"}]},{"@type":"WebSite","@id":"https:\/\/antykomunistyczni.pl\/#website","url":"https:\/\/antykomunistyczni.pl\/","name":"Antykomunistyczni.pl","description":"","publisher":{"@id":"https:\/\/antykomunistyczni.pl\/#organization"},"alternateName":"Historia PRL, zbrodnie komunistyczne w Polsce i na \u015bwiecie","potentialAction":[{"@type":"SearchAction","target":{"@type":"EntryPoint","urlTemplate":"https:\/\/antykomunistyczni.pl\/?s={search_term_string}"},"query-input":{"@type":"PropertyValueSpecification","valueRequired":true,"valueName":"search_term_string"}}],"inLanguage":"pl-PL"},{"@type":"Organization","@id":"https:\/\/antykomunistyczni.pl\/#organization","name":"Antykomunistyczni.pl","url":"https:\/\/antykomunistyczni.pl\/","logo":{"@type":"ImageObject","inLanguage":"pl-PL","@id":"https:\/\/antykomunistyczni.pl\/#\/schema\/logo\/image\/","url":"https:\/\/antykomunistyczni.pl\/wp-content\/uploads\/2026\/02\/cropped-AntykomunistyczniLogoSquare150x150-2.png","contentUrl":"https:\/\/antykomunistyczni.pl\/wp-content\/uploads\/2026\/02\/cropped-AntykomunistyczniLogoSquare150x150-2.png","width":150,"height":150,"caption":"Antykomunistyczni.pl"},"image":{"@id":"https:\/\/antykomunistyczni.pl\/#\/schema\/logo\/image\/"},"sameAs":["https:\/\/www.facebook.com\/antykomunistyczni\/","https:\/\/x.com\/anty_komunisci"]},{"@type":"Person","@id":"https:\/\/antykomunistyczni.pl\/#\/schema\/person\/4963e693e8006b94062d91d1295d02a0","name":"Antykomunistyczni","image":{"@type":"ImageObject","inLanguage":"pl-PL","@id":"https:\/\/secure.gravatar.com\/avatar\/ff172875f9ced7887f883245268c1ba638c26cf1e0530f7f61b4705963a6730b?s=96&d=mm&r=g","url":"https:\/\/secure.gravatar.com\/avatar\/ff172875f9ced7887f883245268c1ba638c26cf1e0530f7f61b4705963a6730b?s=96&d=mm&r=g","contentUrl":"https:\/\/secure.gravatar.com\/avatar\/ff172875f9ced7887f883245268c1ba638c26cf1e0530f7f61b4705963a6730b?s=96&d=mm&r=g","caption":"Antykomunistyczni"},"sameAs":["http:\/\/antykomunistyczni.pl"],"url":"https:\/\/antykomunistyczni.pl\/index.php\/author\/admin0\/"}]}},"_links":{"self":[{"href":"https:\/\/antykomunistyczni.pl\/index.php\/wp-json\/wp\/v2\/posts\/1730","targetHints":{"allow":["GET"]}}],"collection":[{"href":"https:\/\/antykomunistyczni.pl\/index.php\/wp-json\/wp\/v2\/posts"}],"about":[{"href":"https:\/\/antykomunistyczni.pl\/index.php\/wp-json\/wp\/v2\/types\/post"}],"author":[{"embeddable":true,"href":"https:\/\/antykomunistyczni.pl\/index.php\/wp-json\/wp\/v2\/users\/1"}],"replies":[{"embeddable":true,"href":"https:\/\/antykomunistyczni.pl\/index.php\/wp-json\/wp\/v2\/comments?post=1730"}],"version-history":[{"count":8,"href":"https:\/\/antykomunistyczni.pl\/index.php\/wp-json\/wp\/v2\/posts\/1730\/revisions"}],"predecessor-version":[{"id":1741,"href":"https:\/\/antykomunistyczni.pl\/index.php\/wp-json\/wp\/v2\/posts\/1730\/revisions\/1741"}],"wp:featuredmedia":[{"embeddable":true,"href":"https:\/\/antykomunistyczni.pl\/index.php\/wp-json\/wp\/v2\/media\/1734"}],"wp:attachment":[{"href":"https:\/\/antykomunistyczni.pl\/index.php\/wp-json\/wp\/v2\/media?parent=1730"}],"wp:term":[{"taxonomy":"category","embeddable":true,"href":"https:\/\/antykomunistyczni.pl\/index.php\/wp-json\/wp\/v2\/categories?post=1730"},{"taxonomy":"post_tag","embeddable":true,"href":"https:\/\/antykomunistyczni.pl\/index.php\/wp-json\/wp\/v2\/tags?post=1730"}],"curies":[{"name":"wp","href":"https:\/\/api.w.org\/{rel}","templated":true}]}}