{"id":1763,"date":"2026-03-24T10:07:29","date_gmt":"2026-03-24T09:07:29","guid":{"rendered":"https:\/\/antykomunistyczni.pl\/?p=1763"},"modified":"2026-03-24T17:02:22","modified_gmt":"2026-03-24T16:02:22","slug":"sofia-bulgarska-stolica-w-ktorej-rosyjski-imperializm-i-komunistyczne-nalecialosci-wciaz-kwitna","status":"publish","type":"post","link":"https:\/\/antykomunistyczni.pl\/index.php\/sofia-bulgarska-stolica-w-ktorej-rosyjski-imperializm-i-komunistyczne-nalecialosci-wciaz-kwitna\/","title":{"rendered":"Sofia \u2013 bu\u0142garska stolica, w kt\u00f3rej rosyjski imperializm i komunistyczne nalecia\u0142o\u015bci wci\u0105\u017c kwitn\u0105"},"content":{"rendered":"\t\t<div data-elementor-type=\"wp-post\" data-elementor-id=\"1763\" class=\"elementor elementor-1763\">\n\t\t\t\t<div class=\"elementor-element elementor-element-7bb48d1 e-flex e-con-boxed e-con e-parent\" data-id=\"7bb48d1\" data-element_type=\"container\" data-e-type=\"container\">\n\t\t\t\t\t<div class=\"e-con-inner\">\n\t\t\t\t<div class=\"elementor-element elementor-element-3a1f02a elementor-widget elementor-widget-heading\" data-id=\"3a1f02a\" data-element_type=\"widget\" data-e-type=\"widget\" data-widget_type=\"heading.default\">\n\t\t\t\t\t<h2 class=\"elementor-heading-title elementor-size-default\">Sofia \u2013 bu\u0142garska stolica, w kt\u00f3rej rosyjski imperializm i komunistyczne nalecia\u0142o\u015bci wci\u0105\u017c kwitn\u0105. Relacja polskiego oka<\/h2>\t\t\t\t<\/div>\n\t\t\t\t\t<\/div>\n\t\t\t\t<\/div>\n\t\t<div class=\"elementor-element elementor-element-c8d0346 e-flex e-con-boxed e-con e-parent\" data-id=\"c8d0346\" data-element_type=\"container\" data-e-type=\"container\">\n\t\t\t\t\t<div class=\"e-con-inner\">\n\t\t\t\t<div class=\"elementor-element elementor-element-4d71947e elementor-widget elementor-widget-text-editor\" data-id=\"4d71947e\" data-element_type=\"widget\" data-e-type=\"widget\" data-widget_type=\"text-editor.default\">\n\t\t\t\t\t\t\t\t\t<p><span style=\"color: #000000;\"><!-- \/wp:paragraph --><!-- wp:paragraph --><\/span><\/p>\n<p><span style=\"color: #000000;\">Gdy Polak przyje\u017cd\u017ca do Sofii, spodziewa si\u0119 zobaczy\u0107 Ba\u0142kany \u2013 kolorowe, prawos\u0142awne, troch\u0119 egzotyczne. Tymczasem ju\u017c pierwszego dnia uderza go co\u015b zupe\u0142nie innego: <strong>rosyjski duch<\/strong> i <strong>czerwona nostalgia<\/strong>, kt\u00f3rych w Warszawie, Krakowie czy Gda\u0144sku dawno ju\u017c nie ma. Bu\u0142garia nie przesz\u0142a prawdziwej dekomunizacji. Nie usun\u0119\u0142a pomnik\u00f3w, nie zdelegalizowa\u0142a komunistycznych symboli, nie rozliczy\u0142a si\u0119 z przesz\u0142o\u015bci\u0105. Dla nas, Polak\u00f3w, kt\u00f3rzy przez dekady walczyli z sowieckim okupantem, to miejsce wygl\u0105da jak \u017cywy pomnik tego, co w Polsce uda\u0142o si\u0119 w du\u017cej mierze wyrugowa\u0107.<\/span><\/p>\n<p><span style=\"color: #000000;\"><!-- \/wp:paragraph --><!-- wp:paragraph --><\/span><\/p>\n<p><span style=\"color: #000000;\"><strong>Cerkiew \u015bw. Miko\u0142aja \u2013 rosyjski przycz\u00f3\u0142ek w sercu Sofii<\/strong><\/span><br \/><span style=\"color: #000000;\">W samym centrum, przy bulwarze Car Osvoboditel, stoi pi\u0119kna, zielono-z\u0142ota cerkiew. Zbudowana w latach 1907\u20131914 przez rosyjskich robotnik\u00f3w i architekt\u00f3w. Oficjalnie \u201ecerkiew \u015bw. Miko\u0142aja Cudotw\u00f3rcy\u201d, w praktyce \u2013 <strong>rosyjska cerkiew prawos\u0142awna<\/strong>. Pi\u0119\u0107 kopu\u0142, rosyjskie z\u0142oto, rosyjskie napisy. Dla Polaka to nie jest zwyk\u0142a \u015bwi\u0105tynia. To symboliczne przypomnienie, kto \u201ewyzwala\u0142\u201d Bu\u0142gari\u0119 i kto od tamtej pory uwa\u017ca ten kraj za swoj\u0105 stref\u0119 wp\u0142yw\u00f3w.<\/span><\/p>\n<p><span style=\"color: #000000;\"><!-- \/wp:paragraph --><!-- wp:paragraph --><\/span><\/p>\n<p><span style=\"color: #000000;\"><!-- \/wp:paragraph --><\/span><\/p>\t\t\t\t\t\t\t\t<\/div>\n\t\t\t\t\t<\/div>\n\t\t\t\t<\/div>\n\t\t<div class=\"elementor-element elementor-element-a435258 e-flex e-con-boxed e-con e-parent\" data-id=\"a435258\" data-element_type=\"container\" data-e-type=\"container\">\n\t\t\t\t\t<div class=\"e-con-inner\">\n\t\t\t\t<div class=\"elementor-element elementor-element-7b0e017 elementor-arrows-position-inside elementor-pagination-position-outside elementor-widget elementor-widget-image-carousel\" data-id=\"7b0e017\" data-element_type=\"widget\" data-e-type=\"widget\" data-settings=\"{&quot;_animation&quot;:&quot;none&quot;,&quot;navigation&quot;:&quot;both&quot;,&quot;autoplay&quot;:&quot;yes&quot;,&quot;pause_on_hover&quot;:&quot;yes&quot;,&quot;pause_on_interaction&quot;:&quot;yes&quot;,&quot;autoplay_speed&quot;:5000,&quot;infinite&quot;:&quot;yes&quot;,&quot;speed&quot;:500}\" data-widget_type=\"image-carousel.default\">\n\t\t\t\t\t\t\t<div class=\"elementor-image-carousel-wrapper swiper\" role=\"region\" aria-roledescription=\"carousel\" aria-label=\"Karuzela obrazk\u00f3w\" dir=\"ltr\">\n\t\t\t<div class=\"elementor-image-carousel swiper-wrapper\" aria-live=\"off\">\n\t\t\t\t\t\t\t\t<div class=\"swiper-slide\" role=\"group\" aria-roledescription=\"slide\" aria-label=\"1 z 3\"><figure class=\"swiper-slide-inner\"><img decoding=\"async\" class=\"swiper-slide-image\" src=\"https:\/\/antykomunistyczni.pl\/wp-content\/uploads\/2026\/03\/Rosyjska-cerkiew-Mikolaja-Cudotworcy-w-Sofii-.jpeg\" alt=\"Rosyjska cerkiew Miko\u0142aja Cudotwo\u0301rcy w Sofii\" \/><\/figure><\/div><div class=\"swiper-slide\" role=\"group\" aria-roledescription=\"slide\" aria-label=\"2 z 3\"><figure class=\"swiper-slide-inner\"><img decoding=\"async\" class=\"swiper-slide-image\" src=\"https:\/\/antykomunistyczni.pl\/wp-content\/uploads\/2026\/03\/Rosyjska-cerkiew-w-Sofii.jpeg\" alt=\"Rosyjska cerkiew w Sofii\" \/><\/figure><\/div><div class=\"swiper-slide\" role=\"group\" aria-roledescription=\"slide\" aria-label=\"3 z 3\"><figure class=\"swiper-slide-inner\"><img decoding=\"async\" class=\"swiper-slide-image\" src=\"https:\/\/antykomunistyczni.pl\/wp-content\/uploads\/2026\/03\/Wnetrze-rosyjskiej-cerkwii-w-Sofii.jpeg\" alt=\"Wne\u0328trze rosyjskiej cerkwii w Sofii\" \/><\/figure><\/div>\t\t\t<\/div>\n\t\t\t\t\t\t\t\t\t\t\t\t<div class=\"elementor-swiper-button elementor-swiper-button-prev\" role=\"button\" tabindex=\"0\">\n\t\t\t\t\t\t<svg aria-hidden=\"true\" class=\"e-font-icon-svg e-eicon-chevron-left\" viewBox=\"0 0 1000 1000\" xmlns=\"http:\/\/www.w3.org\/2000\/svg\"><path d=\"M646 125C629 125 613 133 604 142L308 442C296 454 292 471 292 487 292 504 296 521 308 533L604 854C617 867 629 875 646 875 663 875 679 871 692 858 704 846 713 829 713 812 713 796 708 779 692 767L438 487 692 225C700 217 708 204 708 187 708 171 704 154 692 142 675 129 663 125 646 125Z\"><\/path><\/svg>\t\t\t\t\t<\/div>\n\t\t\t\t\t<div class=\"elementor-swiper-button elementor-swiper-button-next\" role=\"button\" tabindex=\"0\">\n\t\t\t\t\t\t<svg aria-hidden=\"true\" class=\"e-font-icon-svg e-eicon-chevron-right\" viewBox=\"0 0 1000 1000\" xmlns=\"http:\/\/www.w3.org\/2000\/svg\"><path d=\"M696 533C708 521 713 504 713 487 713 471 708 454 696 446L400 146C388 133 375 125 354 125 338 125 325 129 313 142 300 154 292 171 292 187 292 204 296 221 308 233L563 492 304 771C292 783 288 800 288 817 288 833 296 850 308 863 321 871 338 875 354 875 371 875 388 867 400 854L696 533Z\"><\/path><\/svg>\t\t\t\t\t<\/div>\n\t\t\t\t\n\t\t\t\t\t\t\t\t\t<div class=\"swiper-pagination\"><\/div>\n\t\t\t\t\t\t\t\t\t<\/div>\n\t\t\t\t\t\t<\/div>\n\t\t\t\t\t<\/div>\n\t\t\t\t<\/div>\n\t\t<div class=\"elementor-element elementor-element-c05f15b e-flex e-con-boxed e-con e-parent\" data-id=\"c05f15b\" data-element_type=\"container\" data-e-type=\"container\">\n\t\t\t\t\t<div class=\"e-con-inner\">\n\t\t\t\t<div class=\"elementor-element elementor-element-f0da358 elementor-widget elementor-widget-text-editor\" data-id=\"f0da358\" data-element_type=\"widget\" data-e-type=\"widget\" data-widget_type=\"text-editor.default\">\n\t\t\t\t\t\t\t\t\t<p><span style=\"color: #000000;\"><!-- wp:paragraph --><\/span><\/p>\n<p><span style=\"color: #000000;\"><strong>Restauracja Arbat \u2013 rosyjska wyspa w centrum Sofii<\/strong><\/span><br \/><span style=\"color: #000000;\">Naprzeciwko, przy tym samym bulwarze, mie\u015bci si\u0119 restauracja <strong>Arbat<\/strong>. Klasyczna rosyjska kuchnia: pierogi, bliny, strogonow, w\u00f3dka, samowar na stole. Wn\u0119trze urz\u0105dzone jak w starym moskiewskim mieszkaniu \u2013 samowary, matrioszki, portrety car\u00f3w i radzieckich genera\u0142\u00f3w. Dla Polaka to nie jest tylko restauracja. To miejsce, w kt\u00f3rym Bu\u0142garzy nadal celebruj\u0105 rosyjsk\u0105 kultur\u0119 bez najmniejszego skr\u0119powania.<\/span><\/p>\n<p><span style=\"color: #000000;\"><!-- \/wp:paragraph --><\/span><\/p>\t\t\t\t\t\t\t\t<\/div>\n\t\t\t\t\t<\/div>\n\t\t\t\t<\/div>\n\t\t<div class=\"elementor-element elementor-element-27f27e9 e-flex e-con-boxed e-con e-parent\" data-id=\"27f27e9\" data-element_type=\"container\" data-e-type=\"container\">\n\t\t\t\t\t<div class=\"e-con-inner\">\n\t\t\t\t<div class=\"elementor-element elementor-element-e7ed6d0 elementor-widget elementor-widget-image\" data-id=\"e7ed6d0\" data-element_type=\"widget\" data-e-type=\"widget\" data-widget_type=\"image.default\">\n\t\t\t\t\t\t\t\t\t\t\t\t\t\t\t<img fetchpriority=\"high\" decoding=\"async\" width=\"480\" height=\"640\" src=\"https:\/\/antykomunistyczni.pl\/wp-content\/uploads\/2026\/03\/Arbat-rosyjska-restauracja-w-centrum-Sofii.jpeg\" class=\"attachment-large size-large wp-image-1775\" alt=\"\" srcset=\"https:\/\/antykomunistyczni.pl\/wp-content\/uploads\/2026\/03\/Arbat-rosyjska-restauracja-w-centrum-Sofii.jpeg 480w, https:\/\/antykomunistyczni.pl\/wp-content\/uploads\/2026\/03\/Arbat-rosyjska-restauracja-w-centrum-Sofii-225x300.jpeg 225w, https:\/\/antykomunistyczni.pl\/wp-content\/uploads\/2026\/03\/Arbat-rosyjska-restauracja-w-centrum-Sofii-135x180.jpeg 135w\" sizes=\"(max-width: 480px) 100vw, 480px\" \/>\t\t\t\t\t\t\t\t\t\t\t\t\t\t\t<\/div>\n\t\t\t\t\t<\/div>\n\t\t\t\t<\/div>\n\t\t<div class=\"elementor-element elementor-element-1cfe9b0 e-flex e-con-boxed e-con e-parent\" data-id=\"1cfe9b0\" data-element_type=\"container\" data-e-type=\"container\">\n\t\t\t\t\t<div class=\"e-con-inner\">\n\t\t\t\t<div class=\"elementor-element elementor-element-9616813 elementor-widget elementor-widget-text-editor\" data-id=\"9616813\" data-element_type=\"widget\" data-e-type=\"widget\" data-widget_type=\"text-editor.default\">\n\t\t\t\t\t\t\t\t\t<p><span style=\"color: #000000;\"><!-- wp:paragraph --><\/span><\/p>\n<p><span style=\"color: #000000;\"><strong>Sob\u00f3r Aleksandra Newskiego \u2013 najwi\u0119kszy ho\u0142d dla rosyjskiego \u201ewyzwoliciela\u201d<\/strong><\/span><br \/><span style=\"color: #000000;\">Kilka krok\u00f3w dalej wznosi si\u0119 monumentalny sob\u00f3r \u2013 jeden z najwi\u0119kszych na Ba\u0142kanach. Zbudowany na cze\u015b\u0107 rosyjskich \u017co\u0142nierzy poleg\u0142ych w wojnie rosyjsko-tureckiej 1877\u20131878. Oficjalnie \u201ewyzwolenie Bu\u0142garii od Turk\u00f3w\u201d, w rzeczywisto\u015bci \u2013 rosyjski protektorat i pocz\u0105tek d\u0142ugiej zale\u017cno\u015bci. Patron \u2013 \u015bw. Aleksander Newski, rosyjski ksi\u0105\u017c\u0119 i \u015bwi\u0119ty. Dla nas, Polak\u00f3w, to brzmi jak kpina. Rosja, kt\u00f3ra w tym samym czasie pomaga\u0142a Prusom i Austrii rozbiera\u0107 Polsk\u0119, nagle \u201ewyzwala\u201d Bu\u0142gar\u00f3w.<\/span><\/p>\n<p><span style=\"color: #000000;\"><!-- \/wp:paragraph --><!-- wp:paragraph --><\/span><\/p>\n<p><span style=\"color: #000000;\"><!-- \/wp:paragraph --><\/span><\/p>\t\t\t\t\t\t\t\t<\/div>\n\t\t\t\t\t<\/div>\n\t\t\t\t<\/div>\n\t\t<div class=\"elementor-element elementor-element-c525531 e-flex e-con-boxed e-con e-parent\" data-id=\"c525531\" data-element_type=\"container\" data-e-type=\"container\">\n\t\t\t\t\t<div class=\"e-con-inner\">\n\t\t\t\t<div class=\"elementor-element elementor-element-6a6a057 elementor-widget elementor-widget-image\" data-id=\"6a6a057\" data-element_type=\"widget\" data-e-type=\"widget\" data-widget_type=\"image.default\">\n\t\t\t\t\t\t\t\t\t\t\t\t\t\t\t<img decoding=\"async\" width=\"640\" height=\"480\" src=\"https:\/\/antykomunistyczni.pl\/wp-content\/uploads\/2026\/03\/Sobor-Aleksandra-Newskiego-w-Sofii.jpeg\" class=\"attachment-large size-large wp-image-1770\" alt=\"\" srcset=\"https:\/\/antykomunistyczni.pl\/wp-content\/uploads\/2026\/03\/Sobor-Aleksandra-Newskiego-w-Sofii.jpeg 640w, https:\/\/antykomunistyczni.pl\/wp-content\/uploads\/2026\/03\/Sobor-Aleksandra-Newskiego-w-Sofii-300x225.jpeg 300w, https:\/\/antykomunistyczni.pl\/wp-content\/uploads\/2026\/03\/Sobor-Aleksandra-Newskiego-w-Sofii-240x180.jpeg 240w\" sizes=\"(max-width: 640px) 100vw, 640px\" \/>\t\t\t\t\t\t\t\t\t\t\t\t\t\t\t<\/div>\n\t\t\t\t\t<\/div>\n\t\t\t\t<\/div>\n\t\t<div class=\"elementor-element elementor-element-c54b628 e-flex e-con-boxed e-con e-parent\" data-id=\"c54b628\" data-element_type=\"container\" data-e-type=\"container\">\n\t\t\t\t\t<div class=\"e-con-inner\">\n\t\t\t\t<div class=\"elementor-element elementor-element-1579cd7 elementor-widget elementor-widget-text-editor\" data-id=\"1579cd7\" data-element_type=\"widget\" data-e-type=\"widget\" data-widget_type=\"text-editor.default\">\n\t\t\t\t\t\t\t\t\t<p><span style=\"color: #000000;\"><!-- wp:paragraph --><\/span><\/p>\n<p><span style=\"color: #000000;\"><strong>A przed soborem\u2026 handel czerwon\u0105 i brunatn\u0105 nostalgi\u0105<\/strong><\/span><br \/><span style=\"color: #000000;\">Tu\u017c obok katedry rozci\u0105ga si\u0119 codzienny bazar pami\u0105tek. Sprzedaj\u0105 tam nie tylko magnesy i kubki. Sprzedaj\u0105 <strong>ZSRR<\/strong> \u2013 czapki z czerwon\u0105 gwiazd\u0105, odznaki z sierpem i m\u0142otem, portrety Lenina, stare radzieckie medale. Ale to nie wszystko. <strong>Obok symboli komunistycznych le\u017c\u0105 medale faszystowskie<\/strong> \u2013 repliki odznak SS, Krzy\u017ce \u017belazne, emblematy III Rzeszy, sztylety i inne brunatne gad\u017cety. Komunizm i faszyzm pod r\u0119k\u0119, na jednym straganie, w sercu jednej ze stolic Unii Europejskiej. Dla Polaka, kt\u00f3rego dziadkowie walczyli jednocze\u015bnie z Hitlerem i Stalinem, to widok wstrz\u0105saj\u0105cy. Dwa totalitaryzmy sprzedawane jako \u201ekolekcjonerskie ciekawostki\u201d.<\/span><\/p>\n<p><span style=\"color: #000000;\"><!-- \/wp:paragraph --><!-- wp:paragraph --><\/span><\/p>\n<p><span style=\"color: #000000;\"><!-- \/wp:paragraph --><\/span><\/p>\t\t\t\t\t\t\t\t<\/div>\n\t\t\t\t\t<\/div>\n\t\t\t\t<\/div>\n\t\t<div class=\"elementor-element elementor-element-9d77be4 e-flex e-con-boxed e-con e-parent\" data-id=\"9d77be4\" data-element_type=\"container\" data-e-type=\"container\">\n\t\t\t\t\t<div class=\"e-con-inner\">\n\t\t\t\t<div class=\"elementor-element elementor-element-8658fec elementor-arrows-position-inside elementor-pagination-position-outside elementor-widget elementor-widget-image-carousel\" data-id=\"8658fec\" data-element_type=\"widget\" data-e-type=\"widget\" data-settings=\"{&quot;navigation&quot;:&quot;both&quot;,&quot;autoplay&quot;:&quot;yes&quot;,&quot;pause_on_hover&quot;:&quot;yes&quot;,&quot;pause_on_interaction&quot;:&quot;yes&quot;,&quot;autoplay_speed&quot;:5000,&quot;infinite&quot;:&quot;yes&quot;,&quot;speed&quot;:500}\" data-widget_type=\"image-carousel.default\">\n\t\t\t\t\t\t\t<div class=\"elementor-image-carousel-wrapper swiper\" role=\"region\" aria-roledescription=\"carousel\" aria-label=\"Karuzela obrazk\u00f3w\" dir=\"ltr\">\n\t\t\t<div class=\"elementor-image-carousel swiper-wrapper\" aria-live=\"off\">\n\t\t\t\t\t\t\t\t<div class=\"swiper-slide\" role=\"group\" aria-roledescription=\"slide\" aria-label=\"1 z 5\"><figure class=\"swiper-slide-inner\"><img decoding=\"async\" class=\"swiper-slide-image\" src=\"https:\/\/antykomunistyczni.pl\/wp-content\/uploads\/2026\/03\/Pamiatki-ZSRR-w-Bulgarii.jpeg\" alt=\"Pamia\u0328tki ZSRR w Bu\u0142garii\" \/><\/figure><\/div><div class=\"swiper-slide\" role=\"group\" aria-roledescription=\"slide\" aria-label=\"2 z 5\"><figure class=\"swiper-slide-inner\"><img decoding=\"async\" class=\"swiper-slide-image\" src=\"https:\/\/antykomunistyczni.pl\/wp-content\/uploads\/2026\/03\/Sowieckie-pamiatki-w-Sofii.jpeg\" alt=\"Sowieckie pamia\u0328tki w Sofii\" \/><\/figure><\/div><div class=\"swiper-slide\" role=\"group\" aria-roledescription=\"slide\" aria-label=\"3 z 5\"><figure class=\"swiper-slide-inner\"><img decoding=\"async\" class=\"swiper-slide-image\" src=\"https:\/\/antykomunistyczni.pl\/wp-content\/uploads\/2026\/03\/Magnesy-na-lodowke-ZSRR-768x1027.jpeg\" alt=\"Magnesy na lodo\u0301wke\u0328 ZSRR\" \/><\/figure><\/div><div class=\"swiper-slide\" role=\"group\" aria-roledescription=\"slide\" aria-label=\"4 z 5\"><figure class=\"swiper-slide-inner\"><img decoding=\"async\" class=\"swiper-slide-image\" src=\"https:\/\/antykomunistyczni.pl\/wp-content\/uploads\/2026\/03\/Komunistyczne-naklejki-na-lodowke-768x659.jpeg\" alt=\"Komunistyczne naklejki na lodo\u0301wke\u0328\" \/><\/figure><\/div><div class=\"swiper-slide\" role=\"group\" aria-roledescription=\"slide\" aria-label=\"5 z 5\"><figure class=\"swiper-slide-inner\"><img decoding=\"async\" class=\"swiper-slide-image\" src=\"https:\/\/antykomunistyczni.pl\/wp-content\/uploads\/2026\/03\/Pamiatki-nazistowskie-przed-soborem-newskiego-w-Sofii.jpeg\" alt=\"Pamia\u0328tki nazistowskie przed soborem newskiego w Sofii\" \/><\/figure><\/div>\t\t\t<\/div>\n\t\t\t\t\t\t\t\t\t\t\t\t<div class=\"elementor-swiper-button elementor-swiper-button-prev\" role=\"button\" tabindex=\"0\">\n\t\t\t\t\t\t<svg aria-hidden=\"true\" class=\"e-font-icon-svg e-eicon-chevron-left\" viewBox=\"0 0 1000 1000\" xmlns=\"http:\/\/www.w3.org\/2000\/svg\"><path d=\"M646 125C629 125 613 133 604 142L308 442C296 454 292 471 292 487 292 504 296 521 308 533L604 854C617 867 629 875 646 875 663 875 679 871 692 858 704 846 713 829 713 812 713 796 708 779 692 767L438 487 692 225C700 217 708 204 708 187 708 171 704 154 692 142 675 129 663 125 646 125Z\"><\/path><\/svg>\t\t\t\t\t<\/div>\n\t\t\t\t\t<div class=\"elementor-swiper-button elementor-swiper-button-next\" role=\"button\" tabindex=\"0\">\n\t\t\t\t\t\t<svg aria-hidden=\"true\" class=\"e-font-icon-svg e-eicon-chevron-right\" viewBox=\"0 0 1000 1000\" xmlns=\"http:\/\/www.w3.org\/2000\/svg\"><path d=\"M696 533C708 521 713 504 713 487 713 471 708 454 696 446L400 146C388 133 375 125 354 125 338 125 325 129 313 142 300 154 292 171 292 187 292 204 296 221 308 233L563 492 304 771C292 783 288 800 288 817 288 833 296 850 308 863 321 871 338 875 354 875 371 875 388 867 400 854L696 533Z\"><\/path><\/svg>\t\t\t\t\t<\/div>\n\t\t\t\t\n\t\t\t\t\t\t\t\t\t<div class=\"swiper-pagination\"><\/div>\n\t\t\t\t\t\t\t\t\t<\/div>\n\t\t\t\t\t\t<\/div>\n\t\t\t\t\t<\/div>\n\t\t\t\t<\/div>\n\t\t<div class=\"elementor-element elementor-element-6e537e3 e-flex e-con-boxed e-con e-parent\" data-id=\"6e537e3\" data-element_type=\"container\" data-e-type=\"container\">\n\t\t\t\t\t<div class=\"e-con-inner\">\n\t\t\t\t<div class=\"elementor-element elementor-element-42b4386 elementor-widget elementor-widget-text-editor\" data-id=\"42b4386\" data-element_type=\"widget\" data-e-type=\"widget\" data-widget_type=\"text-editor.default\">\n\t\t\t\t\t\t\t\t\t<p><span style=\"color: #000000;\"><!-- wp:paragraph --><\/span><\/p>\n<p><span style=\"color: #000000;\"><strong>Bu\u0142garzy i ich historyczni sojusznicy \u2013 Rosjanie i Niemcy. Kr\u00f3tka lekcja historii<\/strong><\/span><br \/><span style=\"color: #000000;\">Bu\u0142garia nigdy nie by\u0142a naszym sojusznikiem, a jej wybory geopolityczne wynikaj\u0105 z g\u0142\u0119boko zakorzenionych powod\u00f3w.<\/span><\/p>\n<p><span style=\"color: #000000;\"><!-- \/wp:paragraph --><!-- wp:paragraph --><\/span><\/p>\n<p><span style=\"color: #000000;\">Pod koniec XIX wieku Bu\u0142garzy przez ponad 500 lat \u017cyli pod tureckim jarzmem osma\u0144skim. Rosja, pod has\u0142em panslawizmu i obrony prawos\u0142awia, w 1877\u20131878 roku pokona\u0142a Turcj\u0119 i \u201ewyzwoli\u0142a\u201d Bu\u0142gari\u0119 (wojna rosyjsko-turecka). Dla Bu\u0142gar\u00f3w Rosjanie stali si\u0119 \u201ebratnimi wyzwolicielami\u201d \u2013 st\u0105d ogromna wdzi\u0119czno\u015b\u0107 i trwa\u0142a rusofilia. Sob\u00f3r Aleksandra Newskiego to w\u0142a\u015bnie pomnik tej \u201ewdzi\u0119czno\u015bci\u201d.<\/span><\/p>\n<p><span style=\"color: #000000;\"><!-- \/wp:paragraph --><!-- wp:paragraph --><\/span><\/p>\n<p><span style=\"color: #000000;\">W XX wieku Bu\u0142garia dwukrotnie wybra\u0142a Niemcy. W I wojnie \u015bwiatowej (1915) przyst\u0105pi\u0142a do Centralnych Mocarstw (Niemcy + Austro-W\u0119gry), bo chcia\u0142a odebra\u0107 Serbii Macedoni\u0119 i odzyska\u0107 utracone po wojnach ba\u0142ka\u0144skich terytoria. Kr\u00f3l Ferdynand I by\u0142 germanofilem, a niemiecki kapita\u0142 mocno inwestowa\u0142 w Bu\u0142garii.<\/span><\/p>\n<p><span style=\"color: #000000;\"><!-- \/wp:paragraph --><!-- wp:paragraph --><\/span><\/p>\n<p><span style=\"color: #000000;\">W II wojnie \u015bwiatowej historia si\u0119 powt\u00f3rzy\u0142a. W 1941 roku car Borys III podpisa\u0142 pakt z Hitlerem (Tr\u00f3jprzymierze), licz\u0105c na nowe terytoria kosztem Grecji i Jugos\u0142awii. Bu\u0142garia okupowa\u0142a greck\u0105 Tracj\u0119 i macedo\u0144sk\u0105 cz\u0119\u015b\u0107 Jugos\u0142awii. Dopiero we wrze\u015bniu 1944 roku Armia Czerwona \u201ewyzwoli\u0142a\u201d Bu\u0142gari\u0119 \u2013 czyli wprowadzi\u0142a komunistyczn\u0105 dyktatur\u0119. Bu\u0142garzy, w przeciwie\u0144stwie do Polak\u00f3w, nigdy nie stawili realnego oporu Sowietom. Zamiast tego szybko przeszli na stron\u0119 zwyci\u0119zcy i przez 45 lat byli jednym z najbardziej lojalnych satelit\u00f3w Moskwy.<\/span><\/p>\n<p><span style=\"color: #000000;\"><!-- \/wp:paragraph --><!-- wp:paragraph --><\/span><\/p>\n<p><span style=\"color: #000000;\"><strong>Polak patrz\u0105c na to wszystko czuje pewien rodzaj historycznej ironii.<\/strong><\/span><br \/><span style=\"color: #000000;\">My zap\u0142acili\u015bmy za wolno\u015b\u0107 setkami tysi\u0119cy istnie\u0144, Katy\u0144, Sybir, Powstanie Warszawskie. Bu\u0142garzy \u2013 dostali \u201ewyzwolenie\u201d z r\u0105k cara, a potem z r\u0105k Stalina, i do dzi\u015b traktuj\u0105 to jak pow\u00f3d do dumy. Rosyjski imperializm, komunistyczna i faszystowska nostalgia nie s\u0105 tu wstydem. S\u0105 cz\u0119\u015bci\u0105 codzienno\u015bci.<\/span><\/p>\n<p><span style=\"color: #000000;\"><!-- \/wp:paragraph --><!-- wp:paragraph --><\/span><\/p>\n<p><span style=\"color: #000000;\">Dla nas, Polak\u00f3w, Sofia to lekcja. Pokazuje, jak wygl\u0105da kraj, kt\u00f3ry <strong>nie przeszed\u0142 dekomunizacji ani denazyfikacji<\/strong>. Kraj, kt\u00f3ry nadal uwa\u017ca Rosj\u0119 za \u201ebrata\u201d, a dwa najwi\u0119ksze totalitaryzmy XX wieku traktuje jak atrakcj\u0119 turystyczn\u0105.<\/span><\/p>\n<p><span style=\"color: #000000;\"><!-- \/wp:paragraph --><!-- wp:paragraph --><\/span><\/p>\n<p><span style=\"color: #000000;\">My w Polsce wybrali\u015bmy inn\u0105 drog\u0119. <\/span><span style=\"color: #000000;\">I s\u0142usznie.<\/span><\/p>\n<p><span style=\"color: #000000;\"><!-- \/wp:paragraph --><!-- wp:paragraph --><\/span><\/p>\n<p><span style=\"color: #000000;\">Czerwona i brunatna zaraza nie umar\u0142a wsz\u0119dzie. W Sofii nadal maj\u0105 si\u0119 \u015bwietnie \u2013 i to pod r\u0119k\u0119.<\/span><br \/><span style=\"color: #000000;\">Dla Polak\u00f3w to ostrze\u017cenie \u2013 i przypomnienie, dlaczego prawdziwa dekomunizacja i walka z totalitaryzmami nie s\u0105 \u201eprzesad\u0105\u201d, tylko obowi\u0105zkiem wobec historii i ofiar.<\/span><\/p>\n<p><span style=\"color: #000000;\"><!-- \/wp:paragraph --><\/span><\/p>\t\t\t\t\t\t\t\t<\/div>\n\t\t\t\t\t<\/div>\n\t\t\t\t<\/div>\n\t\t\t\t<\/div>\n\t\t","protected":false},"excerpt":{"rendered":"<p>Sofia \u2013 bu\u0142garska stolica, w kt\u00f3rej rosyjski imperializm i komunistyczne nalecia\u0142o\u015bci wci\u0105\u017c kwitn\u0105. Relacja polskiego oka Gdy Polak przyje\u017cd\u017ca do Sofii, spodziewa si\u0119 zobaczy\u0107 Ba\u0142kany \u2013 kolorowe, prawos\u0142awne, troch\u0119 egzotyczne. Tymczasem ju\u017c pierwszego dnia uderza go co\u015b zupe\u0142nie innego: rosyjski duch i czerwona nostalgia, kt\u00f3rych w Warszawie, Krakowie czy Gda\u0144sku dawno ju\u017c nie ma. Bu\u0142garia [&hellip;]<\/p>\n","protected":false},"author":1,"featured_media":1775,"comment_status":"closed","ping_status":"closed","sticky":false,"template":"","format":"standard","meta":{"give_campaign_id":0,"footnotes":""},"categories":[22,45,44],"tags":[],"class_list":["post-1763","post","type-post","status-publish","format-standard","has-post-thumbnail","hentry","category-aktualnosci","category-komunizm-w-panstwach-wspolczesnych","category-wspolczesny-komunizm"],"yoast_head":"<!-- This site is optimized with the Yoast SEO plugin v28.4 - https:\/\/yoast.com\/product\/yoast-seo-wordpress\/ -->\n<title>Sofia \u2013 bu\u0142garska stolica, w kt\u00f3rej rosyjski imperializm i komunistyczne nalecia\u0142o\u015bci wci\u0105\u017c kwitn\u0105 - Antykomunistyczni.pl<\/title>\n<meta name=\"description\" content=\"Rosyjski duch i czerwona nostalgia, kt\u00f3rych w Warszawie, Krakowie czy Gda\u0144sku dawno ju\u017c nie ma. Bu\u0142garia nie przesz\u0142a prawdziwej dekomunizacji.\" \/>\n<meta name=\"robots\" content=\"index, follow, max-snippet:-1, max-image-preview:large, max-video-preview:-1\" \/>\n<link rel=\"canonical\" href=\"https:\/\/antykomunistyczni.pl\/index.php\/sofia-bulgarska-stolica-w-ktorej-rosyjski-imperializm-i-komunistyczne-nalecialosci-wciaz-kwitna\/\" \/>\n<meta property=\"og:locale\" content=\"pl_PL\" \/>\n<meta property=\"og:type\" content=\"article\" \/>\n<meta property=\"og:title\" content=\"Sofia \u2013 bu\u0142garska stolica, w kt\u00f3rej rosyjski imperializm i komunistyczne nalecia\u0142o\u015bci wci\u0105\u017c kwitn\u0105 - Antykomunistyczni.pl\" \/>\n<meta property=\"og:description\" content=\"Rosyjski duch i czerwona nostalgia, kt\u00f3rych w Warszawie, Krakowie czy Gda\u0144sku dawno ju\u017c nie ma. Bu\u0142garia nie przesz\u0142a prawdziwej dekomunizacji.\" \/>\n<meta property=\"og:url\" content=\"https:\/\/antykomunistyczni.pl\/index.php\/sofia-bulgarska-stolica-w-ktorej-rosyjski-imperializm-i-komunistyczne-nalecialosci-wciaz-kwitna\/\" \/>\n<meta property=\"og:site_name\" content=\"Antykomunistyczni.pl\" \/>\n<meta property=\"article:publisher\" content=\"https:\/\/www.facebook.com\/antykomunistyczni\/\" \/>\n<meta property=\"article:published_time\" content=\"2026-03-24T09:07:29+00:00\" \/>\n<meta property=\"article:modified_time\" content=\"2026-03-24T16:02:22+00:00\" \/>\n<meta property=\"og:image\" content=\"https:\/\/antykomunistyczni.pl\/wp-content\/uploads\/2026\/03\/Arbat-rosyjska-restauracja-w-centrum-Sofii.jpeg\" \/>\n\t<meta property=\"og:image:width\" content=\"480\" \/>\n\t<meta property=\"og:image:height\" content=\"640\" \/>\n\t<meta property=\"og:image:type\" content=\"image\/jpeg\" \/>\n<meta name=\"author\" content=\"Antykomunistyczni\" \/>\n<meta name=\"twitter:card\" content=\"summary_large_image\" \/>\n<meta name=\"twitter:creator\" content=\"@anty_komunisci\" \/>\n<meta name=\"twitter:site\" content=\"@anty_komunisci\" \/>\n<meta name=\"twitter:label1\" content=\"Napisane przez\" \/>\n\t<meta name=\"twitter:data1\" content=\"Antykomunistyczni\" \/>\n\t<meta name=\"twitter:label2\" content=\"Szacowany czas czytania\" \/>\n\t<meta name=\"twitter:data2\" content=\"9 minut\" \/>\n<script type=\"application\/ld+json\" class=\"yoast-schema-graph\">{\"@context\":\"https:\\\/\\\/schema.org\",\"@graph\":[{\"@type\":\"Article\",\"@id\":\"https:\\\/\\\/antykomunistyczni.pl\\\/index.php\\\/sofia-bulgarska-stolica-w-ktorej-rosyjski-imperializm-i-komunistyczne-nalecialosci-wciaz-kwitna\\\/#article\",\"isPartOf\":{\"@id\":\"https:\\\/\\\/antykomunistyczni.pl\\\/index.php\\\/sofia-bulgarska-stolica-w-ktorej-rosyjski-imperializm-i-komunistyczne-nalecialosci-wciaz-kwitna\\\/\"},\"author\":{\"name\":\"Antykomunistyczni\",\"@id\":\"https:\\\/\\\/antykomunistyczni.pl\\\/#\\\/schema\\\/person\\\/4963e693e8006b94062d91d1295d02a0\"},\"headline\":\"Sofia \u2013 bu\u0142garska stolica, w kt\u00f3rej rosyjski imperializm i komunistyczne nalecia\u0142o\u015bci wci\u0105\u017c kwitn\u0105\",\"datePublished\":\"2026-03-24T09:07:29+00:00\",\"dateModified\":\"2026-03-24T16:02:22+00:00\",\"mainEntityOfPage\":{\"@id\":\"https:\\\/\\\/antykomunistyczni.pl\\\/index.php\\\/sofia-bulgarska-stolica-w-ktorej-rosyjski-imperializm-i-komunistyczne-nalecialosci-wciaz-kwitna\\\/\"},\"wordCount\":886,\"publisher\":{\"@id\":\"https:\\\/\\\/antykomunistyczni.pl\\\/#organization\"},\"image\":{\"@id\":\"https:\\\/\\\/antykomunistyczni.pl\\\/index.php\\\/sofia-bulgarska-stolica-w-ktorej-rosyjski-imperializm-i-komunistyczne-nalecialosci-wciaz-kwitna\\\/#primaryimage\"},\"thumbnailUrl\":\"https:\\\/\\\/antykomunistyczni.pl\\\/wp-content\\\/uploads\\\/2026\\\/03\\\/Arbat-rosyjska-restauracja-w-centrum-Sofii.jpeg\",\"articleSection\":[\"Aktualno\u015bci\",\"Komunizm w pa\u0144stwach wsp\u00f3\u0142czesnych\",\"Wsp\u00f3\u0142czesny komunizm\"],\"inLanguage\":\"pl-PL\"},{\"@type\":\"WebPage\",\"@id\":\"https:\\\/\\\/antykomunistyczni.pl\\\/index.php\\\/sofia-bulgarska-stolica-w-ktorej-rosyjski-imperializm-i-komunistyczne-nalecialosci-wciaz-kwitna\\\/\",\"url\":\"https:\\\/\\\/antykomunistyczni.pl\\\/index.php\\\/sofia-bulgarska-stolica-w-ktorej-rosyjski-imperializm-i-komunistyczne-nalecialosci-wciaz-kwitna\\\/\",\"name\":\"Sofia \u2013 bu\u0142garska stolica, w kt\u00f3rej rosyjski imperializm i komunistyczne nalecia\u0142o\u015bci wci\u0105\u017c kwitn\u0105 - Antykomunistyczni.pl\",\"isPartOf\":{\"@id\":\"https:\\\/\\\/antykomunistyczni.pl\\\/#website\"},\"primaryImageOfPage\":{\"@id\":\"https:\\\/\\\/antykomunistyczni.pl\\\/index.php\\\/sofia-bulgarska-stolica-w-ktorej-rosyjski-imperializm-i-komunistyczne-nalecialosci-wciaz-kwitna\\\/#primaryimage\"},\"image\":{\"@id\":\"https:\\\/\\\/antykomunistyczni.pl\\\/index.php\\\/sofia-bulgarska-stolica-w-ktorej-rosyjski-imperializm-i-komunistyczne-nalecialosci-wciaz-kwitna\\\/#primaryimage\"},\"thumbnailUrl\":\"https:\\\/\\\/antykomunistyczni.pl\\\/wp-content\\\/uploads\\\/2026\\\/03\\\/Arbat-rosyjska-restauracja-w-centrum-Sofii.jpeg\",\"datePublished\":\"2026-03-24T09:07:29+00:00\",\"dateModified\":\"2026-03-24T16:02:22+00:00\",\"description\":\"Rosyjski duch i czerwona nostalgia, kt\u00f3rych w Warszawie, Krakowie czy Gda\u0144sku dawno ju\u017c nie ma. Bu\u0142garia nie przesz\u0142a prawdziwej dekomunizacji.\",\"breadcrumb\":{\"@id\":\"https:\\\/\\\/antykomunistyczni.pl\\\/index.php\\\/sofia-bulgarska-stolica-w-ktorej-rosyjski-imperializm-i-komunistyczne-nalecialosci-wciaz-kwitna\\\/#breadcrumb\"},\"inLanguage\":\"pl-PL\",\"potentialAction\":[{\"@type\":\"ReadAction\",\"target\":[\"https:\\\/\\\/antykomunistyczni.pl\\\/index.php\\\/sofia-bulgarska-stolica-w-ktorej-rosyjski-imperializm-i-komunistyczne-nalecialosci-wciaz-kwitna\\\/\"]}]},{\"@type\":\"ImageObject\",\"inLanguage\":\"pl-PL\",\"@id\":\"https:\\\/\\\/antykomunistyczni.pl\\\/index.php\\\/sofia-bulgarska-stolica-w-ktorej-rosyjski-imperializm-i-komunistyczne-nalecialosci-wciaz-kwitna\\\/#primaryimage\",\"url\":\"https:\\\/\\\/antykomunistyczni.pl\\\/wp-content\\\/uploads\\\/2026\\\/03\\\/Arbat-rosyjska-restauracja-w-centrum-Sofii.jpeg\",\"contentUrl\":\"https:\\\/\\\/antykomunistyczni.pl\\\/wp-content\\\/uploads\\\/2026\\\/03\\\/Arbat-rosyjska-restauracja-w-centrum-Sofii.jpeg\",\"width\":480,\"height\":640},{\"@type\":\"BreadcrumbList\",\"@id\":\"https:\\\/\\\/antykomunistyczni.pl\\\/index.php\\\/sofia-bulgarska-stolica-w-ktorej-rosyjski-imperializm-i-komunistyczne-nalecialosci-wciaz-kwitna\\\/#breadcrumb\",\"itemListElement\":[{\"@type\":\"ListItem\",\"position\":1,\"name\":\"Strona g\u0142\u00f3wna\",\"item\":\"https:\\\/\\\/antykomunistyczni.pl\\\/\"},{\"@type\":\"ListItem\",\"position\":2,\"name\":\"Sofia \u2013 bu\u0142garska stolica, w kt\u00f3rej rosyjski imperializm i komunistyczne nalecia\u0142o\u015bci wci\u0105\u017c kwitn\u0105\"}]},{\"@type\":\"WebSite\",\"@id\":\"https:\\\/\\\/antykomunistyczni.pl\\\/#website\",\"url\":\"https:\\\/\\\/antykomunistyczni.pl\\\/\",\"name\":\"Antykomunistyczni.pl\",\"description\":\"\",\"publisher\":{\"@id\":\"https:\\\/\\\/antykomunistyczni.pl\\\/#organization\"},\"alternateName\":\"Historia PRL, zbrodnie komunistyczne w Polsce i na \u015bwiecie\",\"potentialAction\":[{\"@type\":\"SearchAction\",\"target\":{\"@type\":\"EntryPoint\",\"urlTemplate\":\"https:\\\/\\\/antykomunistyczni.pl\\\/?s={search_term_string}\"},\"query-input\":{\"@type\":\"PropertyValueSpecification\",\"valueRequired\":true,\"valueName\":\"search_term_string\"}}],\"inLanguage\":\"pl-PL\"},{\"@type\":\"Organization\",\"@id\":\"https:\\\/\\\/antykomunistyczni.pl\\\/#organization\",\"name\":\"Antykomunistyczni.pl\",\"url\":\"https:\\\/\\\/antykomunistyczni.pl\\\/\",\"logo\":{\"@type\":\"ImageObject\",\"inLanguage\":\"pl-PL\",\"@id\":\"https:\\\/\\\/antykomunistyczni.pl\\\/#\\\/schema\\\/logo\\\/image\\\/\",\"url\":\"https:\\\/\\\/antykomunistyczni.pl\\\/wp-content\\\/uploads\\\/2026\\\/02\\\/cropped-AntykomunistyczniLogoSquare150x150-2.png\",\"contentUrl\":\"https:\\\/\\\/antykomunistyczni.pl\\\/wp-content\\\/uploads\\\/2026\\\/02\\\/cropped-AntykomunistyczniLogoSquare150x150-2.png\",\"width\":150,\"height\":150,\"caption\":\"Antykomunistyczni.pl\"},\"image\":{\"@id\":\"https:\\\/\\\/antykomunistyczni.pl\\\/#\\\/schema\\\/logo\\\/image\\\/\"},\"sameAs\":[\"https:\\\/\\\/www.facebook.com\\\/antykomunistyczni\\\/\",\"https:\\\/\\\/x.com\\\/anty_komunisci\"]},{\"@type\":\"Person\",\"@id\":\"https:\\\/\\\/antykomunistyczni.pl\\\/#\\\/schema\\\/person\\\/4963e693e8006b94062d91d1295d02a0\",\"name\":\"Antykomunistyczni\",\"image\":{\"@type\":\"ImageObject\",\"inLanguage\":\"pl-PL\",\"@id\":\"https:\\\/\\\/secure.gravatar.com\\\/avatar\\\/ff172875f9ced7887f883245268c1ba638c26cf1e0530f7f61b4705963a6730b?s=96&d=mm&r=g\",\"url\":\"https:\\\/\\\/secure.gravatar.com\\\/avatar\\\/ff172875f9ced7887f883245268c1ba638c26cf1e0530f7f61b4705963a6730b?s=96&d=mm&r=g\",\"contentUrl\":\"https:\\\/\\\/secure.gravatar.com\\\/avatar\\\/ff172875f9ced7887f883245268c1ba638c26cf1e0530f7f61b4705963a6730b?s=96&d=mm&r=g\",\"caption\":\"Antykomunistyczni\"},\"sameAs\":[\"http:\\\/\\\/antykomunistyczni.pl\"],\"url\":\"https:\\\/\\\/antykomunistyczni.pl\\\/index.php\\\/author\\\/admin0\\\/\"}]}<\/script>\n<!-- \/ Yoast SEO plugin. -->","yoast_head_json":{"title":"Sofia \u2013 bu\u0142garska stolica, w kt\u00f3rej rosyjski imperializm i komunistyczne nalecia\u0142o\u015bci wci\u0105\u017c kwitn\u0105 - Antykomunistyczni.pl","description":"Rosyjski duch i czerwona nostalgia, kt\u00f3rych w Warszawie, Krakowie czy Gda\u0144sku dawno ju\u017c nie ma. Bu\u0142garia nie przesz\u0142a prawdziwej dekomunizacji.","robots":{"index":"index","follow":"follow","max-snippet":"max-snippet:-1","max-image-preview":"max-image-preview:large","max-video-preview":"max-video-preview:-1"},"canonical":"https:\/\/antykomunistyczni.pl\/index.php\/sofia-bulgarska-stolica-w-ktorej-rosyjski-imperializm-i-komunistyczne-nalecialosci-wciaz-kwitna\/","og_locale":"pl_PL","og_type":"article","og_title":"Sofia \u2013 bu\u0142garska stolica, w kt\u00f3rej rosyjski imperializm i komunistyczne nalecia\u0142o\u015bci wci\u0105\u017c kwitn\u0105 - Antykomunistyczni.pl","og_description":"Rosyjski duch i czerwona nostalgia, kt\u00f3rych w Warszawie, Krakowie czy Gda\u0144sku dawno ju\u017c nie ma. Bu\u0142garia nie przesz\u0142a prawdziwej dekomunizacji.","og_url":"https:\/\/antykomunistyczni.pl\/index.php\/sofia-bulgarska-stolica-w-ktorej-rosyjski-imperializm-i-komunistyczne-nalecialosci-wciaz-kwitna\/","og_site_name":"Antykomunistyczni.pl","article_publisher":"https:\/\/www.facebook.com\/antykomunistyczni\/","article_published_time":"2026-03-24T09:07:29+00:00","article_modified_time":"2026-03-24T16:02:22+00:00","og_image":[{"width":480,"height":640,"url":"https:\/\/antykomunistyczni.pl\/wp-content\/uploads\/2026\/03\/Arbat-rosyjska-restauracja-w-centrum-Sofii.jpeg","type":"image\/jpeg"}],"author":"Antykomunistyczni","twitter_card":"summary_large_image","twitter_creator":"@anty_komunisci","twitter_site":"@anty_komunisci","twitter_misc":{"Napisane przez":"Antykomunistyczni","Szacowany czas czytania":"9 minut"},"schema":{"@context":"https:\/\/schema.org","@graph":[{"@type":"Article","@id":"https:\/\/antykomunistyczni.pl\/index.php\/sofia-bulgarska-stolica-w-ktorej-rosyjski-imperializm-i-komunistyczne-nalecialosci-wciaz-kwitna\/#article","isPartOf":{"@id":"https:\/\/antykomunistyczni.pl\/index.php\/sofia-bulgarska-stolica-w-ktorej-rosyjski-imperializm-i-komunistyczne-nalecialosci-wciaz-kwitna\/"},"author":{"name":"Antykomunistyczni","@id":"https:\/\/antykomunistyczni.pl\/#\/schema\/person\/4963e693e8006b94062d91d1295d02a0"},"headline":"Sofia \u2013 bu\u0142garska stolica, w kt\u00f3rej rosyjski imperializm i komunistyczne nalecia\u0142o\u015bci wci\u0105\u017c kwitn\u0105","datePublished":"2026-03-24T09:07:29+00:00","dateModified":"2026-03-24T16:02:22+00:00","mainEntityOfPage":{"@id":"https:\/\/antykomunistyczni.pl\/index.php\/sofia-bulgarska-stolica-w-ktorej-rosyjski-imperializm-i-komunistyczne-nalecialosci-wciaz-kwitna\/"},"wordCount":886,"publisher":{"@id":"https:\/\/antykomunistyczni.pl\/#organization"},"image":{"@id":"https:\/\/antykomunistyczni.pl\/index.php\/sofia-bulgarska-stolica-w-ktorej-rosyjski-imperializm-i-komunistyczne-nalecialosci-wciaz-kwitna\/#primaryimage"},"thumbnailUrl":"https:\/\/antykomunistyczni.pl\/wp-content\/uploads\/2026\/03\/Arbat-rosyjska-restauracja-w-centrum-Sofii.jpeg","articleSection":["Aktualno\u015bci","Komunizm w pa\u0144stwach wsp\u00f3\u0142czesnych","Wsp\u00f3\u0142czesny komunizm"],"inLanguage":"pl-PL"},{"@type":"WebPage","@id":"https:\/\/antykomunistyczni.pl\/index.php\/sofia-bulgarska-stolica-w-ktorej-rosyjski-imperializm-i-komunistyczne-nalecialosci-wciaz-kwitna\/","url":"https:\/\/antykomunistyczni.pl\/index.php\/sofia-bulgarska-stolica-w-ktorej-rosyjski-imperializm-i-komunistyczne-nalecialosci-wciaz-kwitna\/","name":"Sofia \u2013 bu\u0142garska stolica, w kt\u00f3rej rosyjski imperializm i komunistyczne nalecia\u0142o\u015bci wci\u0105\u017c kwitn\u0105 - Antykomunistyczni.pl","isPartOf":{"@id":"https:\/\/antykomunistyczni.pl\/#website"},"primaryImageOfPage":{"@id":"https:\/\/antykomunistyczni.pl\/index.php\/sofia-bulgarska-stolica-w-ktorej-rosyjski-imperializm-i-komunistyczne-nalecialosci-wciaz-kwitna\/#primaryimage"},"image":{"@id":"https:\/\/antykomunistyczni.pl\/index.php\/sofia-bulgarska-stolica-w-ktorej-rosyjski-imperializm-i-komunistyczne-nalecialosci-wciaz-kwitna\/#primaryimage"},"thumbnailUrl":"https:\/\/antykomunistyczni.pl\/wp-content\/uploads\/2026\/03\/Arbat-rosyjska-restauracja-w-centrum-Sofii.jpeg","datePublished":"2026-03-24T09:07:29+00:00","dateModified":"2026-03-24T16:02:22+00:00","description":"Rosyjski duch i czerwona nostalgia, kt\u00f3rych w Warszawie, Krakowie czy Gda\u0144sku dawno ju\u017c nie ma. Bu\u0142garia nie przesz\u0142a prawdziwej dekomunizacji.","breadcrumb":{"@id":"https:\/\/antykomunistyczni.pl\/index.php\/sofia-bulgarska-stolica-w-ktorej-rosyjski-imperializm-i-komunistyczne-nalecialosci-wciaz-kwitna\/#breadcrumb"},"inLanguage":"pl-PL","potentialAction":[{"@type":"ReadAction","target":["https:\/\/antykomunistyczni.pl\/index.php\/sofia-bulgarska-stolica-w-ktorej-rosyjski-imperializm-i-komunistyczne-nalecialosci-wciaz-kwitna\/"]}]},{"@type":"ImageObject","inLanguage":"pl-PL","@id":"https:\/\/antykomunistyczni.pl\/index.php\/sofia-bulgarska-stolica-w-ktorej-rosyjski-imperializm-i-komunistyczne-nalecialosci-wciaz-kwitna\/#primaryimage","url":"https:\/\/antykomunistyczni.pl\/wp-content\/uploads\/2026\/03\/Arbat-rosyjska-restauracja-w-centrum-Sofii.jpeg","contentUrl":"https:\/\/antykomunistyczni.pl\/wp-content\/uploads\/2026\/03\/Arbat-rosyjska-restauracja-w-centrum-Sofii.jpeg","width":480,"height":640},{"@type":"BreadcrumbList","@id":"https:\/\/antykomunistyczni.pl\/index.php\/sofia-bulgarska-stolica-w-ktorej-rosyjski-imperializm-i-komunistyczne-nalecialosci-wciaz-kwitna\/#breadcrumb","itemListElement":[{"@type":"ListItem","position":1,"name":"Strona g\u0142\u00f3wna","item":"https:\/\/antykomunistyczni.pl\/"},{"@type":"ListItem","position":2,"name":"Sofia \u2013 bu\u0142garska stolica, w kt\u00f3rej rosyjski imperializm i komunistyczne nalecia\u0142o\u015bci wci\u0105\u017c kwitn\u0105"}]},{"@type":"WebSite","@id":"https:\/\/antykomunistyczni.pl\/#website","url":"https:\/\/antykomunistyczni.pl\/","name":"Antykomunistyczni.pl","description":"","publisher":{"@id":"https:\/\/antykomunistyczni.pl\/#organization"},"alternateName":"Historia PRL, zbrodnie komunistyczne w Polsce i na \u015bwiecie","potentialAction":[{"@type":"SearchAction","target":{"@type":"EntryPoint","urlTemplate":"https:\/\/antykomunistyczni.pl\/?s={search_term_string}"},"query-input":{"@type":"PropertyValueSpecification","valueRequired":true,"valueName":"search_term_string"}}],"inLanguage":"pl-PL"},{"@type":"Organization","@id":"https:\/\/antykomunistyczni.pl\/#organization","name":"Antykomunistyczni.pl","url":"https:\/\/antykomunistyczni.pl\/","logo":{"@type":"ImageObject","inLanguage":"pl-PL","@id":"https:\/\/antykomunistyczni.pl\/#\/schema\/logo\/image\/","url":"https:\/\/antykomunistyczni.pl\/wp-content\/uploads\/2026\/02\/cropped-AntykomunistyczniLogoSquare150x150-2.png","contentUrl":"https:\/\/antykomunistyczni.pl\/wp-content\/uploads\/2026\/02\/cropped-AntykomunistyczniLogoSquare150x150-2.png","width":150,"height":150,"caption":"Antykomunistyczni.pl"},"image":{"@id":"https:\/\/antykomunistyczni.pl\/#\/schema\/logo\/image\/"},"sameAs":["https:\/\/www.facebook.com\/antykomunistyczni\/","https:\/\/x.com\/anty_komunisci"]},{"@type":"Person","@id":"https:\/\/antykomunistyczni.pl\/#\/schema\/person\/4963e693e8006b94062d91d1295d02a0","name":"Antykomunistyczni","image":{"@type":"ImageObject","inLanguage":"pl-PL","@id":"https:\/\/secure.gravatar.com\/avatar\/ff172875f9ced7887f883245268c1ba638c26cf1e0530f7f61b4705963a6730b?s=96&d=mm&r=g","url":"https:\/\/secure.gravatar.com\/avatar\/ff172875f9ced7887f883245268c1ba638c26cf1e0530f7f61b4705963a6730b?s=96&d=mm&r=g","contentUrl":"https:\/\/secure.gravatar.com\/avatar\/ff172875f9ced7887f883245268c1ba638c26cf1e0530f7f61b4705963a6730b?s=96&d=mm&r=g","caption":"Antykomunistyczni"},"sameAs":["http:\/\/antykomunistyczni.pl"],"url":"https:\/\/antykomunistyczni.pl\/index.php\/author\/admin0\/"}]}},"_links":{"self":[{"href":"https:\/\/antykomunistyczni.pl\/index.php\/wp-json\/wp\/v2\/posts\/1763","targetHints":{"allow":["GET"]}}],"collection":[{"href":"https:\/\/antykomunistyczni.pl\/index.php\/wp-json\/wp\/v2\/posts"}],"about":[{"href":"https:\/\/antykomunistyczni.pl\/index.php\/wp-json\/wp\/v2\/types\/post"}],"author":[{"embeddable":true,"href":"https:\/\/antykomunistyczni.pl\/index.php\/wp-json\/wp\/v2\/users\/1"}],"replies":[{"embeddable":true,"href":"https:\/\/antykomunistyczni.pl\/index.php\/wp-json\/wp\/v2\/comments?post=1763"}],"version-history":[{"count":21,"href":"https:\/\/antykomunistyczni.pl\/index.php\/wp-json\/wp\/v2\/posts\/1763\/revisions"}],"predecessor-version":[{"id":1811,"href":"https:\/\/antykomunistyczni.pl\/index.php\/wp-json\/wp\/v2\/posts\/1763\/revisions\/1811"}],"wp:featuredmedia":[{"embeddable":true,"href":"https:\/\/antykomunistyczni.pl\/index.php\/wp-json\/wp\/v2\/media\/1775"}],"wp:attachment":[{"href":"https:\/\/antykomunistyczni.pl\/index.php\/wp-json\/wp\/v2\/media?parent=1763"}],"wp:term":[{"taxonomy":"category","embeddable":true,"href":"https:\/\/antykomunistyczni.pl\/index.php\/wp-json\/wp\/v2\/categories?post=1763"},{"taxonomy":"post_tag","embeddable":true,"href":"https:\/\/antykomunistyczni.pl\/index.php\/wp-json\/wp\/v2\/tags?post=1763"}],"curies":[{"name":"wp","href":"https:\/\/api.w.org\/{rel}","templated":true}]}}