{"id":1793,"date":"2026-03-24T16:36:46","date_gmt":"2026-03-24T15:36:46","guid":{"rendered":"https:\/\/antykomunistyczni.pl\/?p=1793"},"modified":"2026-03-24T16:43:03","modified_gmt":"2026-03-24T15:43:03","slug":"pol-roku-wiezienia-za-slowa-o-giertychu-adam-borowski-skazany-w-iii-rp","status":"publish","type":"post","link":"https:\/\/antykomunistyczni.pl\/index.php\/pol-roku-wiezienia-za-slowa-o-giertychu-adam-borowski-skazany-w-iii-rp\/","title":{"rendered":"P\u00f3\u0142 roku wi\u0119zienia za s\u0142owa o Giertychu. Adam Borowski skazany w III RP"},"content":{"rendered":"\t\t<div data-elementor-type=\"wp-post\" data-elementor-id=\"1793\" class=\"elementor elementor-1793\">\n\t\t\t\t<div class=\"elementor-element elementor-element-374b3f6 e-flex e-con-boxed e-con e-parent\" data-id=\"374b3f6\" data-element_type=\"container\" data-e-type=\"container\">\n\t\t\t\t\t<div class=\"e-con-inner\">\n\t\t\t\t<div class=\"elementor-element elementor-element-d552e4e elementor-widget elementor-widget-heading\" data-id=\"d552e4e\" data-element_type=\"widget\" data-e-type=\"widget\" data-widget_type=\"heading.default\">\n\t\t\t\t\t<h2 class=\"elementor-heading-title elementor-size-default\">P\u00f3\u0142 roku wi\u0119zienia za s\u0142owa o Giertychu. Adam Borowski \u2013 legenda opozycji antykomunistycznej \u2013 skazany w III RP<\/h2>\t\t\t\t<\/div>\n\t\t\t\t\t<\/div>\n\t\t\t\t<\/div>\n\t\t<div class=\"elementor-element elementor-element-6de5e64 e-flex e-con-boxed e-con e-parent\" data-id=\"6de5e64\" data-element_type=\"container\" data-e-type=\"container\">\n\t\t\t\t\t<div class=\"e-con-inner\">\n\t\t\t\t<div class=\"elementor-element elementor-element-4c617c2 elementor-widget elementor-widget-image\" data-id=\"4c617c2\" data-element_type=\"widget\" data-e-type=\"widget\" data-widget_type=\"image.default\">\n\t\t\t\t\t\t\t\t\t\t\t\t<figure class=\"wp-caption\">\n\t\t\t\t\t\t\t\t\t\t<img fetchpriority=\"high\" decoding=\"async\" width=\"800\" height=\"487\" src=\"https:\/\/antykomunistyczni.pl\/wp-content\/uploads\/2026\/03\/AdamBorowski.jpeg\" class=\"attachment-large size-large wp-image-1795\" alt=\"\" srcset=\"https:\/\/antykomunistyczni.pl\/wp-content\/uploads\/2026\/03\/AdamBorowski.jpeg 960w, https:\/\/antykomunistyczni.pl\/wp-content\/uploads\/2026\/03\/AdamBorowski-300x183.jpeg 300w, https:\/\/antykomunistyczni.pl\/wp-content\/uploads\/2026\/03\/AdamBorowski-768x467.jpeg 768w, https:\/\/antykomunistyczni.pl\/wp-content\/uploads\/2026\/03\/AdamBorowski-240x146.jpeg 240w\" sizes=\"(max-width: 800px) 100vw, 800px\" \/>\t\t\t\t\t\t\t\t\t\t\t<figcaption class=\"widget-image-caption wp-caption-text\">Na zdj\u0119ciu Adam Borowski w S\u0105dzie Rejonowym Warszawa-Wola \/ autor: Telewizja wPolsce24\n<\/figcaption>\n\t\t\t\t\t\t\t\t\t\t<\/figure>\n\t\t\t\t\t\t\t\t\t<\/div>\n\t\t\t\t\t<\/div>\n\t\t\t\t<\/div>\n\t\t<div class=\"elementor-element elementor-element-5900e67e e-flex e-con-boxed e-con e-parent\" data-id=\"5900e67e\" data-element_type=\"container\" data-e-type=\"container\">\n\t\t\t\t\t<div class=\"e-con-inner\">\n\t\t\t\t<div class=\"elementor-element elementor-element-16994f61 elementor-widget elementor-widget-text-editor\" data-id=\"16994f61\" data-element_type=\"widget\" data-e-type=\"widget\" data-widget_type=\"text-editor.default\">\n\t\t\t\t\t\t\t\t\t<p><span style=\"color: #000000;\"><\/span><\/p>\n<p class=\"wp-block-paragraph\"><span style=\"color: #000000;\">Adam Borowski \u2013 dzia\u0142acz opozycji antykomunistycznej w czasach PRL, wi\u0119zie\u0144 polityczny stanu wojennego, szef warszawskiego Klubu \u201eGazety Polskiej\u201d \u2013 zosta\u0142 skazany na <strong>p\u00f3\u0142 roku bezwzgl\u0119dnego pozbawienia wolno\u015bci<\/strong>.<\/span><\/p>\n<p><span style=\"color: #000000;\"><\/span><\/p>\n<h3><span style=\"color: #000000;\">Za co skazany Adam Borowski ?<\/span><\/h3>\n<p class=\"wp-block-paragraph\"><span style=\"color: #000000;\">Za wypowied\u017a na antenie Telewizji Republika, w kt\u00f3rej powiedzia\u0142 o Romanie Giertychu: \u201eWidzimy mecenasa \u2013 jednego z wielu oczywi\u015bcie, bo ten zaw\u00f3d si\u0119 zdegenerowa\u0142 \u2013 kt\u00f3ry z przest\u0119pcami wsp\u00f3\u0142pracuje\u201d.<\/span><\/p>\n<p><span style=\"color: #000000;\"><\/span><\/p>\n<p class=\"wp-block-paragraph\"><span style=\"color: #000000;\">S\u0105d Rejonowy dla Warszawy-Woli uzna\u0142 te s\u0142owa za zniewa\u017cenie i nakaza\u0142 przeprosiny. Borowski ich nie z\u0142o\u017cy\u0142. W efekcie s\u0105d postanowi\u0142, \u017ce 70-letni m\u0119\u017cczyzna po udarze i choruj\u0105cy na nowotw\u00f3r musi odsiedzie\u0107 kar\u0119 w wi\u0119zieniu. Nawet prokurator wnioskowa\u0142 o jej zawieszenie \u2013 s\u0105d pozosta\u0142 nieugi\u0119ty.<\/span><\/p>\n<p><span style=\"color: #000000;\"><\/span><\/p>\n<p class=\"wp-block-paragraph\"><span style=\"color: #000000;\">To nie jest zwyk\u0142y wyrok.<\/span><br \/><span style=\"color: #000000;\">To symbol tego, co sta\u0142o si\u0119 z \u201ewoln\u0105 Polsk\u0105\u201d po 1989 roku. Cz\u0142owiek, kt\u00f3ry za komuny ryzykowa\u0142 \u017cycie i wolno\u015b\u0107 walcz\u0105c z czerwonym totalitaryzmem, dzi\u015b trafia za kratki za krytyk\u0119 polityka obecnej w\u0142adzy.<\/span><\/p>\n<p><span style=\"color: #000000;\"><\/span><\/p>\n<p class=\"wp-block-paragraph\"><span style=\"color: #000000;\">W sieci zawrza\u0142o.<\/span><br \/><span style=\"color: #000000;\">Mateusz Morawiecki: \u201eKpina. Farsa. Skandal! W pa\u0144stwie Tuska i \u017burka s\u0142owo \u00bbsprawiedliwo\u015b\u0107\u00ab ju\u017c nie istnieje.\u201d<\/span><br \/><span style=\"color: #000000;\">Przemys\u0142aw Czarnek: \u201eMy stoimy tam gdzie wtedy. Oni stoj\u0105 tam gdzie ZOMO.\u201d<\/span><br \/><span style=\"color: #000000;\">Sebastian Kaleta m\u00f3wi\u0142 wprost o \u201ekryptodyktaturze\u201d i siepaczach praworz\u0105dno\u015bci.<\/span><\/p>\n<p><span style=\"color: #000000;\"><\/span><\/p>\n<p class=\"wp-block-paragraph\"><span style=\"color: #000000;\">Adam Borowski sam skomentowa\u0142 spraw\u0119 kr\u00f3tko: \u201eTen wyrok nie \u015bwiadczy o mnie. Ten wyrok \u015bwiadczy o tym systemie, o tym \u0142ajdackim systemie, kt\u00f3ry karze ludzi za m\u00f3wienie prawdy. To zupe\u0142nie tak, jak za komuny.\u201d<\/span><\/p>\n<p><span style=\"color: #000000;\"><\/span><\/p>\n<p class=\"wp-block-paragraph\"><span style=\"color: #000000;\">I ma racj\u0119.<\/span><\/p>\n<p><span style=\"color: #000000;\"><\/span><\/p>\n<p class=\"wp-block-paragraph\"><span style=\"color: #000000;\">Kiedy opozycjanta antykomunistycznego z PRL wsadza si\u0119 do wi\u0119zienia za s\u0142owa \u2013 a ludzie, kt\u00f3rzy w latach 80. bronili komunistycznego re\u017cimu, dzi\u015b piastuj\u0105 najwy\u017csze urz\u0119dy \u2013 to znak, \u017ce rozliczenie z komunizmem nigdy si\u0119 nie dokona\u0142o. Zamiast tego mamy now\u0105 wersj\u0119 tej samej gry: karanie za prawd\u0119 i ochrona \u201eswoich\u201d.<\/span><\/p>\n<p><span style=\"color: #000000;\"><\/span><\/p>\n<p class=\"wp-block-paragraph\"><span style=\"color: #000000;\">Solidaryzujemy si\u0119 z Adamem Borowskim. <\/span><span style=\"color: #000000;\">Nie zapominamy. Nie wybaczamy. Nie milczymy.<\/span><\/p>\n<p><span style=\"color: #000000;\"><\/span><\/p>\n<p class=\"wp-block-paragraph\"><span style=\"color: #000000;\">Wolno\u015b\u0107 s\u0142owa nie jest przywilejem \u2013 jest prawem, za kt\u00f3re wielu odda\u0142o \u017cycie w walce z czerwon\u0105 zaraz\u0105. <\/span><span style=\"color: #000000;\">Je\u015bli za krytyk\u0119 adwokata-polityka idzie si\u0119 dzi\u015b do wi\u0119zienia, to jak daleko jeszcze jeste\u015bmy od pe\u0142nego powrotu peerelowskich metod?<\/span><\/p>\n<p><span style=\"color: #000000;\"><\/span><\/p>\n<p class=\"wp-block-paragraph\"><span style=\"color: #000000;\"><\/span><\/p>\n<p class=\"wp-block-paragraph\"><span style=\"color: #000000;\"><\/span><\/p>\t\t\t\t\t\t\t\t<\/div>\n\t\t\t\t\t<\/div>\n\t\t\t\t<\/div>\n\t\t\t\t<\/div>\n\t\t","protected":false},"excerpt":{"rendered":"<p>P\u00f3\u0142 roku wi\u0119zienia za s\u0142owa o Giertychu. Adam Borowski \u2013 legenda opozycji antykomunistycznej \u2013 skazany w III RP Na zdj\u0119ciu Adam Borowski w S\u0105dzie Rejonowym Warszawa-Wola \/ autor: Telewizja wPolsce24 Adam Borowski \u2013 dzia\u0142acz opozycji antykomunistycznej w czasach PRL, wi\u0119zie\u0144 polityczny stanu wojennego, szef warszawskiego Klubu \u201eGazety Polskiej\u201d \u2013 zosta\u0142 skazany na p\u00f3\u0142 roku bezwzgl\u0119dnego [&hellip;]<\/p>\n","protected":false},"author":1,"featured_media":1795,"comment_status":"closed","ping_status":"closed","sticky":false,"template":"","format":"standard","meta":{"give_campaign_id":0,"footnotes":""},"categories":[22,45,46,44],"tags":[91,30,41],"class_list":["post-1793","post","type-post","status-publish","format-standard","has-post-thumbnail","hentry","category-aktualnosci","category-komunizm-w-panstwach-wspolczesnych","category-mechanizmy-wspolczesnego-komunizmu","category-wspolczesny-komunizm","tag-adam-borowski","tag-antykomunisci","tag-proces-pokazowy"],"yoast_head":"<!-- This site is optimized with the Yoast SEO plugin v28.4 - https:\/\/yoast.com\/product\/yoast-seo-wordpress\/ -->\n<title>P\u00f3\u0142 roku wi\u0119zienia za s\u0142owa o Giertychu. Adam Borowski skazany w III RP - Antykomunistyczni.pl<\/title>\n<meta name=\"description\" content=\"Dzia\u0142acz opozycji antykomunistycznej w czasach PRL, wi\u0119zie\u0144 polityczny stanu wojennego zosta\u0142 skazany na p\u00f3\u0142 roku bezwzgl\u0119dnego pozbawienia wolno\u015bci.\" \/>\n<meta name=\"robots\" content=\"index, follow, max-snippet:-1, max-image-preview:large, max-video-preview:-1\" \/>\n<link rel=\"canonical\" href=\"https:\/\/antykomunistyczni.pl\/index.php\/pol-roku-wiezienia-za-slowa-o-giertychu-adam-borowski-skazany-w-iii-rp\/\" \/>\n<meta property=\"og:locale\" content=\"pl_PL\" \/>\n<meta property=\"og:type\" content=\"article\" \/>\n<meta property=\"og:title\" content=\"P\u00f3\u0142 roku wi\u0119zienia za s\u0142owa o Giertychu. Adam Borowski skazany w III RP - Antykomunistyczni.pl\" \/>\n<meta property=\"og:description\" content=\"Dzia\u0142acz opozycji antykomunistycznej w czasach PRL, wi\u0119zie\u0144 polityczny stanu wojennego zosta\u0142 skazany na p\u00f3\u0142 roku bezwzgl\u0119dnego pozbawienia wolno\u015bci.\" \/>\n<meta property=\"og:url\" content=\"https:\/\/antykomunistyczni.pl\/index.php\/pol-roku-wiezienia-za-slowa-o-giertychu-adam-borowski-skazany-w-iii-rp\/\" \/>\n<meta property=\"og:site_name\" content=\"Antykomunistyczni.pl\" \/>\n<meta property=\"article:publisher\" content=\"https:\/\/www.facebook.com\/antykomunistyczni\/\" \/>\n<meta property=\"article:published_time\" content=\"2026-03-24T15:36:46+00:00\" \/>\n<meta property=\"article:modified_time\" content=\"2026-03-24T15:43:03+00:00\" \/>\n<meta property=\"og:image\" content=\"https:\/\/antykomunistyczni.pl\/wp-content\/uploads\/2026\/03\/AdamBorowski.jpeg\" \/>\n\t<meta property=\"og:image:width\" content=\"960\" \/>\n\t<meta property=\"og:image:height\" content=\"584\" \/>\n\t<meta property=\"og:image:type\" content=\"image\/jpeg\" \/>\n<meta name=\"author\" content=\"Antykomunistyczni\" \/>\n<meta name=\"twitter:card\" content=\"summary_large_image\" \/>\n<meta name=\"twitter:creator\" content=\"@anty_komunisci\" \/>\n<meta name=\"twitter:site\" content=\"@anty_komunisci\" \/>\n<meta name=\"twitter:label1\" content=\"Napisane przez\" \/>\n\t<meta name=\"twitter:data1\" content=\"Antykomunistyczni\" \/>\n\t<meta name=\"twitter:label2\" content=\"Szacowany czas czytania\" \/>\n\t<meta name=\"twitter:data2\" content=\"3 minuty\" \/>\n<script type=\"application\/ld+json\" class=\"yoast-schema-graph\">{\"@context\":\"https:\\\/\\\/schema.org\",\"@graph\":[{\"@type\":\"Article\",\"@id\":\"https:\\\/\\\/antykomunistyczni.pl\\\/index.php\\\/pol-roku-wiezienia-za-slowa-o-giertychu-adam-borowski-skazany-w-iii-rp\\\/#article\",\"isPartOf\":{\"@id\":\"https:\\\/\\\/antykomunistyczni.pl\\\/index.php\\\/pol-roku-wiezienia-za-slowa-o-giertychu-adam-borowski-skazany-w-iii-rp\\\/\"},\"author\":{\"name\":\"Antykomunistyczni\",\"@id\":\"https:\\\/\\\/antykomunistyczni.pl\\\/#\\\/schema\\\/person\\\/4963e693e8006b94062d91d1295d02a0\"},\"headline\":\"P\u00f3\u0142 roku wi\u0119zienia za s\u0142owa o Giertychu. Adam Borowski skazany w III RP\",\"datePublished\":\"2026-03-24T15:36:46+00:00\",\"dateModified\":\"2026-03-24T15:43:03+00:00\",\"mainEntityOfPage\":{\"@id\":\"https:\\\/\\\/antykomunistyczni.pl\\\/index.php\\\/pol-roku-wiezienia-za-slowa-o-giertychu-adam-borowski-skazany-w-iii-rp\\\/\"},\"wordCount\":406,\"publisher\":{\"@id\":\"https:\\\/\\\/antykomunistyczni.pl\\\/#organization\"},\"image\":{\"@id\":\"https:\\\/\\\/antykomunistyczni.pl\\\/index.php\\\/pol-roku-wiezienia-za-slowa-o-giertychu-adam-borowski-skazany-w-iii-rp\\\/#primaryimage\"},\"thumbnailUrl\":\"https:\\\/\\\/antykomunistyczni.pl\\\/wp-content\\\/uploads\\\/2026\\\/03\\\/AdamBorowski.jpeg\",\"keywords\":[\"Adam Borowski\",\"Antykomunisci\",\"Proces pokazowy\"],\"articleSection\":[\"Aktualno\u015bci\",\"Komunizm w pa\u0144stwach wsp\u00f3\u0142czesnych\",\"Mechanizmy wsp\u00f3\u0142czesnego komunizmu\",\"Wsp\u00f3\u0142czesny komunizm\"],\"inLanguage\":\"pl-PL\"},{\"@type\":\"WebPage\",\"@id\":\"https:\\\/\\\/antykomunistyczni.pl\\\/index.php\\\/pol-roku-wiezienia-za-slowa-o-giertychu-adam-borowski-skazany-w-iii-rp\\\/\",\"url\":\"https:\\\/\\\/antykomunistyczni.pl\\\/index.php\\\/pol-roku-wiezienia-za-slowa-o-giertychu-adam-borowski-skazany-w-iii-rp\\\/\",\"name\":\"P\u00f3\u0142 roku wi\u0119zienia za s\u0142owa o Giertychu. Adam Borowski skazany w III RP - Antykomunistyczni.pl\",\"isPartOf\":{\"@id\":\"https:\\\/\\\/antykomunistyczni.pl\\\/#website\"},\"primaryImageOfPage\":{\"@id\":\"https:\\\/\\\/antykomunistyczni.pl\\\/index.php\\\/pol-roku-wiezienia-za-slowa-o-giertychu-adam-borowski-skazany-w-iii-rp\\\/#primaryimage\"},\"image\":{\"@id\":\"https:\\\/\\\/antykomunistyczni.pl\\\/index.php\\\/pol-roku-wiezienia-za-slowa-o-giertychu-adam-borowski-skazany-w-iii-rp\\\/#primaryimage\"},\"thumbnailUrl\":\"https:\\\/\\\/antykomunistyczni.pl\\\/wp-content\\\/uploads\\\/2026\\\/03\\\/AdamBorowski.jpeg\",\"datePublished\":\"2026-03-24T15:36:46+00:00\",\"dateModified\":\"2026-03-24T15:43:03+00:00\",\"description\":\"Dzia\u0142acz opozycji antykomunistycznej w czasach PRL, wi\u0119zie\u0144 polityczny stanu wojennego zosta\u0142 skazany na p\u00f3\u0142 roku bezwzgl\u0119dnego pozbawienia wolno\u015bci.\",\"breadcrumb\":{\"@id\":\"https:\\\/\\\/antykomunistyczni.pl\\\/index.php\\\/pol-roku-wiezienia-za-slowa-o-giertychu-adam-borowski-skazany-w-iii-rp\\\/#breadcrumb\"},\"inLanguage\":\"pl-PL\",\"potentialAction\":[{\"@type\":\"ReadAction\",\"target\":[\"https:\\\/\\\/antykomunistyczni.pl\\\/index.php\\\/pol-roku-wiezienia-za-slowa-o-giertychu-adam-borowski-skazany-w-iii-rp\\\/\"]}]},{\"@type\":\"ImageObject\",\"inLanguage\":\"pl-PL\",\"@id\":\"https:\\\/\\\/antykomunistyczni.pl\\\/index.php\\\/pol-roku-wiezienia-za-slowa-o-giertychu-adam-borowski-skazany-w-iii-rp\\\/#primaryimage\",\"url\":\"https:\\\/\\\/antykomunistyczni.pl\\\/wp-content\\\/uploads\\\/2026\\\/03\\\/AdamBorowski.jpeg\",\"contentUrl\":\"https:\\\/\\\/antykomunistyczni.pl\\\/wp-content\\\/uploads\\\/2026\\\/03\\\/AdamBorowski.jpeg\",\"width\":960,\"height\":584,\"caption\":\"Na zdj\u0119ciu Adam Borowski w S\u0105dzie Rejonowym Warszawa-Wola \\\/ autor: Telewizja wPolsce24\"},{\"@type\":\"BreadcrumbList\",\"@id\":\"https:\\\/\\\/antykomunistyczni.pl\\\/index.php\\\/pol-roku-wiezienia-za-slowa-o-giertychu-adam-borowski-skazany-w-iii-rp\\\/#breadcrumb\",\"itemListElement\":[{\"@type\":\"ListItem\",\"position\":1,\"name\":\"Strona g\u0142\u00f3wna\",\"item\":\"https:\\\/\\\/antykomunistyczni.pl\\\/\"},{\"@type\":\"ListItem\",\"position\":2,\"name\":\"P\u00f3\u0142 roku wi\u0119zienia za s\u0142owa o Giertychu. Adam Borowski skazany w III RP\"}]},{\"@type\":\"WebSite\",\"@id\":\"https:\\\/\\\/antykomunistyczni.pl\\\/#website\",\"url\":\"https:\\\/\\\/antykomunistyczni.pl\\\/\",\"name\":\"Antykomunistyczni.pl\",\"description\":\"\",\"publisher\":{\"@id\":\"https:\\\/\\\/antykomunistyczni.pl\\\/#organization\"},\"alternateName\":\"Historia PRL, zbrodnie komunistyczne w Polsce i na \u015bwiecie\",\"potentialAction\":[{\"@type\":\"SearchAction\",\"target\":{\"@type\":\"EntryPoint\",\"urlTemplate\":\"https:\\\/\\\/antykomunistyczni.pl\\\/?s={search_term_string}\"},\"query-input\":{\"@type\":\"PropertyValueSpecification\",\"valueRequired\":true,\"valueName\":\"search_term_string\"}}],\"inLanguage\":\"pl-PL\"},{\"@type\":\"Organization\",\"@id\":\"https:\\\/\\\/antykomunistyczni.pl\\\/#organization\",\"name\":\"Antykomunistyczni.pl\",\"url\":\"https:\\\/\\\/antykomunistyczni.pl\\\/\",\"logo\":{\"@type\":\"ImageObject\",\"inLanguage\":\"pl-PL\",\"@id\":\"https:\\\/\\\/antykomunistyczni.pl\\\/#\\\/schema\\\/logo\\\/image\\\/\",\"url\":\"https:\\\/\\\/antykomunistyczni.pl\\\/wp-content\\\/uploads\\\/2026\\\/02\\\/cropped-AntykomunistyczniLogoSquare150x150-2.png\",\"contentUrl\":\"https:\\\/\\\/antykomunistyczni.pl\\\/wp-content\\\/uploads\\\/2026\\\/02\\\/cropped-AntykomunistyczniLogoSquare150x150-2.png\",\"width\":150,\"height\":150,\"caption\":\"Antykomunistyczni.pl\"},\"image\":{\"@id\":\"https:\\\/\\\/antykomunistyczni.pl\\\/#\\\/schema\\\/logo\\\/image\\\/\"},\"sameAs\":[\"https:\\\/\\\/www.facebook.com\\\/antykomunistyczni\\\/\",\"https:\\\/\\\/x.com\\\/anty_komunisci\"]},{\"@type\":\"Person\",\"@id\":\"https:\\\/\\\/antykomunistyczni.pl\\\/#\\\/schema\\\/person\\\/4963e693e8006b94062d91d1295d02a0\",\"name\":\"Antykomunistyczni\",\"image\":{\"@type\":\"ImageObject\",\"inLanguage\":\"pl-PL\",\"@id\":\"https:\\\/\\\/secure.gravatar.com\\\/avatar\\\/ff172875f9ced7887f883245268c1ba638c26cf1e0530f7f61b4705963a6730b?s=96&d=mm&r=g\",\"url\":\"https:\\\/\\\/secure.gravatar.com\\\/avatar\\\/ff172875f9ced7887f883245268c1ba638c26cf1e0530f7f61b4705963a6730b?s=96&d=mm&r=g\",\"contentUrl\":\"https:\\\/\\\/secure.gravatar.com\\\/avatar\\\/ff172875f9ced7887f883245268c1ba638c26cf1e0530f7f61b4705963a6730b?s=96&d=mm&r=g\",\"caption\":\"Antykomunistyczni\"},\"sameAs\":[\"http:\\\/\\\/antykomunistyczni.pl\"],\"url\":\"https:\\\/\\\/antykomunistyczni.pl\\\/index.php\\\/author\\\/admin0\\\/\"}]}<\/script>\n<!-- \/ Yoast SEO plugin. -->","yoast_head_json":{"title":"P\u00f3\u0142 roku wi\u0119zienia za s\u0142owa o Giertychu. Adam Borowski skazany w III RP - Antykomunistyczni.pl","description":"Dzia\u0142acz opozycji antykomunistycznej w czasach PRL, wi\u0119zie\u0144 polityczny stanu wojennego zosta\u0142 skazany na p\u00f3\u0142 roku bezwzgl\u0119dnego pozbawienia wolno\u015bci.","robots":{"index":"index","follow":"follow","max-snippet":"max-snippet:-1","max-image-preview":"max-image-preview:large","max-video-preview":"max-video-preview:-1"},"canonical":"https:\/\/antykomunistyczni.pl\/index.php\/pol-roku-wiezienia-za-slowa-o-giertychu-adam-borowski-skazany-w-iii-rp\/","og_locale":"pl_PL","og_type":"article","og_title":"P\u00f3\u0142 roku wi\u0119zienia za s\u0142owa o Giertychu. Adam Borowski skazany w III RP - Antykomunistyczni.pl","og_description":"Dzia\u0142acz opozycji antykomunistycznej w czasach PRL, wi\u0119zie\u0144 polityczny stanu wojennego zosta\u0142 skazany na p\u00f3\u0142 roku bezwzgl\u0119dnego pozbawienia wolno\u015bci.","og_url":"https:\/\/antykomunistyczni.pl\/index.php\/pol-roku-wiezienia-za-slowa-o-giertychu-adam-borowski-skazany-w-iii-rp\/","og_site_name":"Antykomunistyczni.pl","article_publisher":"https:\/\/www.facebook.com\/antykomunistyczni\/","article_published_time":"2026-03-24T15:36:46+00:00","article_modified_time":"2026-03-24T15:43:03+00:00","og_image":[{"width":960,"height":584,"url":"https:\/\/antykomunistyczni.pl\/wp-content\/uploads\/2026\/03\/AdamBorowski.jpeg","type":"image\/jpeg"}],"author":"Antykomunistyczni","twitter_card":"summary_large_image","twitter_creator":"@anty_komunisci","twitter_site":"@anty_komunisci","twitter_misc":{"Napisane przez":"Antykomunistyczni","Szacowany czas czytania":"3 minuty"},"schema":{"@context":"https:\/\/schema.org","@graph":[{"@type":"Article","@id":"https:\/\/antykomunistyczni.pl\/index.php\/pol-roku-wiezienia-za-slowa-o-giertychu-adam-borowski-skazany-w-iii-rp\/#article","isPartOf":{"@id":"https:\/\/antykomunistyczni.pl\/index.php\/pol-roku-wiezienia-za-slowa-o-giertychu-adam-borowski-skazany-w-iii-rp\/"},"author":{"name":"Antykomunistyczni","@id":"https:\/\/antykomunistyczni.pl\/#\/schema\/person\/4963e693e8006b94062d91d1295d02a0"},"headline":"P\u00f3\u0142 roku wi\u0119zienia za s\u0142owa o Giertychu. Adam Borowski skazany w III RP","datePublished":"2026-03-24T15:36:46+00:00","dateModified":"2026-03-24T15:43:03+00:00","mainEntityOfPage":{"@id":"https:\/\/antykomunistyczni.pl\/index.php\/pol-roku-wiezienia-za-slowa-o-giertychu-adam-borowski-skazany-w-iii-rp\/"},"wordCount":406,"publisher":{"@id":"https:\/\/antykomunistyczni.pl\/#organization"},"image":{"@id":"https:\/\/antykomunistyczni.pl\/index.php\/pol-roku-wiezienia-za-slowa-o-giertychu-adam-borowski-skazany-w-iii-rp\/#primaryimage"},"thumbnailUrl":"https:\/\/antykomunistyczni.pl\/wp-content\/uploads\/2026\/03\/AdamBorowski.jpeg","keywords":["Adam Borowski","Antykomunisci","Proces pokazowy"],"articleSection":["Aktualno\u015bci","Komunizm w pa\u0144stwach wsp\u00f3\u0142czesnych","Mechanizmy wsp\u00f3\u0142czesnego komunizmu","Wsp\u00f3\u0142czesny komunizm"],"inLanguage":"pl-PL"},{"@type":"WebPage","@id":"https:\/\/antykomunistyczni.pl\/index.php\/pol-roku-wiezienia-za-slowa-o-giertychu-adam-borowski-skazany-w-iii-rp\/","url":"https:\/\/antykomunistyczni.pl\/index.php\/pol-roku-wiezienia-za-slowa-o-giertychu-adam-borowski-skazany-w-iii-rp\/","name":"P\u00f3\u0142 roku wi\u0119zienia za s\u0142owa o Giertychu. Adam Borowski skazany w III RP - Antykomunistyczni.pl","isPartOf":{"@id":"https:\/\/antykomunistyczni.pl\/#website"},"primaryImageOfPage":{"@id":"https:\/\/antykomunistyczni.pl\/index.php\/pol-roku-wiezienia-za-slowa-o-giertychu-adam-borowski-skazany-w-iii-rp\/#primaryimage"},"image":{"@id":"https:\/\/antykomunistyczni.pl\/index.php\/pol-roku-wiezienia-za-slowa-o-giertychu-adam-borowski-skazany-w-iii-rp\/#primaryimage"},"thumbnailUrl":"https:\/\/antykomunistyczni.pl\/wp-content\/uploads\/2026\/03\/AdamBorowski.jpeg","datePublished":"2026-03-24T15:36:46+00:00","dateModified":"2026-03-24T15:43:03+00:00","description":"Dzia\u0142acz opozycji antykomunistycznej w czasach PRL, wi\u0119zie\u0144 polityczny stanu wojennego zosta\u0142 skazany na p\u00f3\u0142 roku bezwzgl\u0119dnego pozbawienia wolno\u015bci.","breadcrumb":{"@id":"https:\/\/antykomunistyczni.pl\/index.php\/pol-roku-wiezienia-za-slowa-o-giertychu-adam-borowski-skazany-w-iii-rp\/#breadcrumb"},"inLanguage":"pl-PL","potentialAction":[{"@type":"ReadAction","target":["https:\/\/antykomunistyczni.pl\/index.php\/pol-roku-wiezienia-za-slowa-o-giertychu-adam-borowski-skazany-w-iii-rp\/"]}]},{"@type":"ImageObject","inLanguage":"pl-PL","@id":"https:\/\/antykomunistyczni.pl\/index.php\/pol-roku-wiezienia-za-slowa-o-giertychu-adam-borowski-skazany-w-iii-rp\/#primaryimage","url":"https:\/\/antykomunistyczni.pl\/wp-content\/uploads\/2026\/03\/AdamBorowski.jpeg","contentUrl":"https:\/\/antykomunistyczni.pl\/wp-content\/uploads\/2026\/03\/AdamBorowski.jpeg","width":960,"height":584,"caption":"Na zdj\u0119ciu Adam Borowski w S\u0105dzie Rejonowym Warszawa-Wola \/ autor: Telewizja wPolsce24"},{"@type":"BreadcrumbList","@id":"https:\/\/antykomunistyczni.pl\/index.php\/pol-roku-wiezienia-za-slowa-o-giertychu-adam-borowski-skazany-w-iii-rp\/#breadcrumb","itemListElement":[{"@type":"ListItem","position":1,"name":"Strona g\u0142\u00f3wna","item":"https:\/\/antykomunistyczni.pl\/"},{"@type":"ListItem","position":2,"name":"P\u00f3\u0142 roku wi\u0119zienia za s\u0142owa o Giertychu. Adam Borowski skazany w III RP"}]},{"@type":"WebSite","@id":"https:\/\/antykomunistyczni.pl\/#website","url":"https:\/\/antykomunistyczni.pl\/","name":"Antykomunistyczni.pl","description":"","publisher":{"@id":"https:\/\/antykomunistyczni.pl\/#organization"},"alternateName":"Historia PRL, zbrodnie komunistyczne w Polsce i na \u015bwiecie","potentialAction":[{"@type":"SearchAction","target":{"@type":"EntryPoint","urlTemplate":"https:\/\/antykomunistyczni.pl\/?s={search_term_string}"},"query-input":{"@type":"PropertyValueSpecification","valueRequired":true,"valueName":"search_term_string"}}],"inLanguage":"pl-PL"},{"@type":"Organization","@id":"https:\/\/antykomunistyczni.pl\/#organization","name":"Antykomunistyczni.pl","url":"https:\/\/antykomunistyczni.pl\/","logo":{"@type":"ImageObject","inLanguage":"pl-PL","@id":"https:\/\/antykomunistyczni.pl\/#\/schema\/logo\/image\/","url":"https:\/\/antykomunistyczni.pl\/wp-content\/uploads\/2026\/02\/cropped-AntykomunistyczniLogoSquare150x150-2.png","contentUrl":"https:\/\/antykomunistyczni.pl\/wp-content\/uploads\/2026\/02\/cropped-AntykomunistyczniLogoSquare150x150-2.png","width":150,"height":150,"caption":"Antykomunistyczni.pl"},"image":{"@id":"https:\/\/antykomunistyczni.pl\/#\/schema\/logo\/image\/"},"sameAs":["https:\/\/www.facebook.com\/antykomunistyczni\/","https:\/\/x.com\/anty_komunisci"]},{"@type":"Person","@id":"https:\/\/antykomunistyczni.pl\/#\/schema\/person\/4963e693e8006b94062d91d1295d02a0","name":"Antykomunistyczni","image":{"@type":"ImageObject","inLanguage":"pl-PL","@id":"https:\/\/secure.gravatar.com\/avatar\/ff172875f9ced7887f883245268c1ba638c26cf1e0530f7f61b4705963a6730b?s=96&d=mm&r=g","url":"https:\/\/secure.gravatar.com\/avatar\/ff172875f9ced7887f883245268c1ba638c26cf1e0530f7f61b4705963a6730b?s=96&d=mm&r=g","contentUrl":"https:\/\/secure.gravatar.com\/avatar\/ff172875f9ced7887f883245268c1ba638c26cf1e0530f7f61b4705963a6730b?s=96&d=mm&r=g","caption":"Antykomunistyczni"},"sameAs":["http:\/\/antykomunistyczni.pl"],"url":"https:\/\/antykomunistyczni.pl\/index.php\/author\/admin0\/"}]}},"_links":{"self":[{"href":"https:\/\/antykomunistyczni.pl\/index.php\/wp-json\/wp\/v2\/posts\/1793","targetHints":{"allow":["GET"]}}],"collection":[{"href":"https:\/\/antykomunistyczni.pl\/index.php\/wp-json\/wp\/v2\/posts"}],"about":[{"href":"https:\/\/antykomunistyczni.pl\/index.php\/wp-json\/wp\/v2\/types\/post"}],"author":[{"embeddable":true,"href":"https:\/\/antykomunistyczni.pl\/index.php\/wp-json\/wp\/v2\/users\/1"}],"replies":[{"embeddable":true,"href":"https:\/\/antykomunistyczni.pl\/index.php\/wp-json\/wp\/v2\/comments?post=1793"}],"version-history":[{"count":7,"href":"https:\/\/antykomunistyczni.pl\/index.php\/wp-json\/wp\/v2\/posts\/1793\/revisions"}],"predecessor-version":[{"id":1802,"href":"https:\/\/antykomunistyczni.pl\/index.php\/wp-json\/wp\/v2\/posts\/1793\/revisions\/1802"}],"wp:featuredmedia":[{"embeddable":true,"href":"https:\/\/antykomunistyczni.pl\/index.php\/wp-json\/wp\/v2\/media\/1795"}],"wp:attachment":[{"href":"https:\/\/antykomunistyczni.pl\/index.php\/wp-json\/wp\/v2\/media?parent=1793"}],"wp:term":[{"taxonomy":"category","embeddable":true,"href":"https:\/\/antykomunistyczni.pl\/index.php\/wp-json\/wp\/v2\/categories?post=1793"},{"taxonomy":"post_tag","embeddable":true,"href":"https:\/\/antykomunistyczni.pl\/index.php\/wp-json\/wp\/v2\/tags?post=1793"}],"curies":[{"name":"wp","href":"https:\/\/api.w.org\/{rel}","templated":true}]}}