{"id":1862,"date":"2026-03-27T19:53:09","date_gmt":"2026-03-27T18:53:09","guid":{"rendered":"https:\/\/antykomunistyczni.pl\/?p=1862"},"modified":"2026-03-27T20:03:51","modified_gmt":"2026-03-27T19:03:51","slug":"zelazna-kurtyna-opadla-prorocze-przemowienie-winstona-churchilla-ktore-nazwalo-komunizm-po-imieniu","status":"publish","type":"post","link":"https:\/\/antykomunistyczni.pl\/index.php\/zelazna-kurtyna-opadla-prorocze-przemowienie-winstona-churchilla-ktore-nazwalo-komunizm-po-imieniu\/","title":{"rendered":"\u201e\u017belazna kurtyna opad\u0142a\u201d \u2013 prorocze przem\u00f3wienie Winstona Churchilla, kt\u00f3re nazwa\u0142o komunizm po imieniu"},"content":{"rendered":"\t\t<div data-elementor-type=\"wp-post\" data-elementor-id=\"1862\" class=\"elementor elementor-1862\">\n\t\t\t\t<div class=\"elementor-element elementor-element-36577dd e-flex e-con-boxed e-con e-parent\" data-id=\"36577dd\" data-element_type=\"container\" data-e-type=\"container\">\n\t\t\t\t\t<div class=\"e-con-inner\">\n\t\t\t\t<div class=\"elementor-element elementor-element-d53bdfe elementor-widget elementor-widget-heading\" data-id=\"d53bdfe\" data-element_type=\"widget\" data-e-type=\"widget\" data-widget_type=\"heading.default\">\n\t\t\t\t\t<h2 class=\"elementor-heading-title elementor-size-default\">\u201e\u017belazna kurtyna opad\u0142a\u201d \u2013 prorocze przem\u00f3wienie Winstona Churchilla, kt\u00f3re nazwa\u0142o komunizm po imieniu\n\n\n\n<\/h2>\t\t\t\t<\/div>\n\t\t\t\t\t<\/div>\n\t\t\t\t<\/div>\n\t\t<div class=\"elementor-element elementor-element-ef291d5 e-flex e-con-boxed e-con e-parent\" data-id=\"ef291d5\" data-element_type=\"container\" data-e-type=\"container\">\n\t\t\t\t\t<div class=\"e-con-inner\">\n\t\t\t\t\t<\/div>\n\t\t\t\t<\/div>\n\t\t<div class=\"elementor-element elementor-element-dea6d15 e-flex e-con-boxed e-con e-parent\" data-id=\"dea6d15\" data-element_type=\"container\" data-e-type=\"container\">\n\t\t\t\t\t<div class=\"e-con-inner\">\n\t\t\t\t<div class=\"elementor-element elementor-element-5a6950d elementor-widget elementor-widget-image\" data-id=\"5a6950d\" data-element_type=\"widget\" data-e-type=\"widget\" data-widget_type=\"image.default\">\n\t\t\t\t\t\t\t\t\t\t\t\t\t\t\t<img fetchpriority=\"high\" decoding=\"async\" width=\"474\" height=\"260\" src=\"https:\/\/antykomunistyczni.pl\/wp-content\/uploads\/2026\/03\/WinstonChurchilZelaznaKurtyna.jpg\" class=\"attachment-large size-large wp-image-1867\" alt=\"\" srcset=\"https:\/\/antykomunistyczni.pl\/wp-content\/uploads\/2026\/03\/WinstonChurchilZelaznaKurtyna.jpg 474w, https:\/\/antykomunistyczni.pl\/wp-content\/uploads\/2026\/03\/WinstonChurchilZelaznaKurtyna-300x165.jpg 300w, https:\/\/antykomunistyczni.pl\/wp-content\/uploads\/2026\/03\/WinstonChurchilZelaznaKurtyna-240x132.jpg 240w\" sizes=\"(max-width: 474px) 100vw, 474px\" \/>\t\t\t\t\t\t\t\t\t\t\t\t\t\t\t<\/div>\n\t\t\t\t\t<\/div>\n\t\t\t\t<\/div>\n\t\t<div class=\"elementor-element elementor-element-41a9af4 e-flex e-con-boxed e-con e-parent\" data-id=\"41a9af4\" data-element_type=\"container\" data-e-type=\"container\">\n\t\t\t\t\t<div class=\"e-con-inner\">\n\t\t\t\t<div class=\"elementor-element elementor-element-4bda6991 elementor-widget elementor-widget-text-editor\" data-id=\"4bda6991\" data-element_type=\"widget\" data-e-type=\"widget\" data-widget_type=\"text-editor.default\">\n\t\t\t\t\t\t\t\t\t<p><span style=\"color: #000000;\"><\/span><\/p>\n<p class=\"wp-block-paragraph\"><span style=\"color: #000000;\">5 marca 1946 roku, zaledwie kilka miesi\u0119cy po zako\u0144czeniu II wojny \u015bwiatowej, Winston Churchill wyg\u0142osi\u0142 jedno z najwa\u017cniejszych przem\u00f3wie\u0144 XX wieku. Na zaproszenie prezydenta Harry\u2019ego Trumana, w Westminster College w Fulton w stanie Missouri, by\u0142y premier Wielkiej Brytanii ostrzeg\u0142 wolny \u015bwiat przed sowieckim imperializmem i totalitarn\u0105 natur\u0105 komunizmu.<\/span><\/p>\n<p><span style=\"color: #000000;\"><\/span><\/p>\n<p class=\"wp-block-paragraph\"><span style=\"color: #000000;\">To w\u0142a\u015bnie w tym przem\u00f3wieniu po raz pierwszy publicznie pad\u0142o s\u0142ynne okre\u015blenie <strong>\u201e\u017celazna kurtyna\u201d<\/strong> \u2013 symbol podzia\u0142u Europy, kt\u00f3ry mia\u0142 trwa\u0107 niemal p\u00f3\u0142 wieku.<\/span><\/p>\n<p><span style=\"color: #000000;\"><\/span><\/p>\n<p class=\"wp-block-paragraph\"><span style=\"color: #000000;\">Churchill nie owija\u0142 w bawe\u0142n\u0119. Nie m\u00f3wi\u0142 o \u201esojuszniku\u201d, \u201enieporozumieniach\u201d ani \u201ebudowie zaufania\u201d. Nazwa\u0142 rzeczy po imieniu:<\/span><\/p>\n<p><span style=\"color: #000000;\"><\/span><\/p>\n<blockquote class=\"wp-block-quote is-layout-flow wp-block-quote-is-layout-flow\">\n<p><span style=\"color: #000000;\"><\/span><\/p>\n<p class=\"wp-block-paragraph\"><span style=\"color: #000000;\">\u201eOd Szczecina nad Ba\u0142tykiem do Triestu nad Adriatykiem opad\u0142a \u017celazna kurtyna dziel\u0105ca nasz kontynent. Za t\u0105 lini\u0105 le\u017c\u0105 wszystkie stolice dawnych pa\u0144stw Europy \u015arodkowej i Wschodniej. Warszawa, Berlin, Praga, Wiede\u0144, Budapeszt, Belgrad, Bukareszt i Sofia \u2013 wszystkie te s\u0142awne miasta i zamieszkuj\u0105ce je ludy znajduj\u0105 si\u0119 w tym, co musz\u0119 nazwa\u0107 stref\u0105 sowieck\u0105, i wszystkie one, w taki czy inny spos\u00f3b, podlegaj\u0105 nie tylko sowieckiemu wp\u0142ywowi, ale tak\u017ce \u2013 w bardzo wysokim, a w niekt\u00f3rych przypadkach rosn\u0105cym stopniu \u2013 kontroli ze strony Moskwy.\u201d<\/span><\/p>\n<p><span style=\"color: #000000;\"><\/span><\/p>\n<\/blockquote>\n<p><span style=\"color: #000000;\"><\/span><\/p>\n<p class=\"wp-block-paragraph\"><span style=\"color: #000000;\">Churchill jasno pokaza\u0142 mechanizm sowieckiej dominacji:<\/span><\/p>\n<p><span style=\"color: #000000;\"><\/span><\/p>\n<blockquote class=\"wp-block-quote is-layout-flow wp-block-quote-is-layout-flow\">\n<p><span style=\"color: #000000;\"><\/span><\/p>\n<p class=\"wp-block-paragraph\"><span style=\"color: #000000;\">\u201eRz\u0105dy komunistyczne, kt\u00f3re by\u0142y bardzo ma\u0142e we wszystkich tych wschodnich pa\u0144stwach Europy, zosta\u0142y wyniesione do w\u0142adzy i znaczenia daleko wykraczaj\u0105cego poza ich liczebno\u015b\u0107 i wsz\u0119dzie d\u0105\u017c\u0105 do uzyskania totalitarnej kontroli. Rz\u0105dy policyjne panuj\u0105 w prawie ka\u017cdym przypadku, a poza Czechos\u0142owacj\u0105 nie ma prawdziwej demokracji.\u201d<\/span><\/p>\n<p><span style=\"color: #000000;\"><\/span><\/p>\n<\/blockquote>\n<p><span style=\"color: #000000;\"><\/span><\/p>\n<p class=\"wp-block-paragraph\"><span style=\"color: #000000;\">By\u0142y premier ostrzega\u0142, \u017ce Zwi\u0105zek Sowiecki nie szanuje s\u0142abo\u015bci, a jedynie si\u0142\u0119:<\/span><\/p>\n<p><span style=\"color: #000000;\"><\/span><\/p>\n<blockquote class=\"wp-block-quote is-layout-flow wp-block-quote-is-layout-flow\">\n<p><span style=\"color: #000000;\"><\/span><\/p>\n<p class=\"wp-block-paragraph\"><span style=\"color: #000000;\">\u201eNa podstawie tego, co widzia\u0142em podczas wojny u naszych przyjaci\u00f3\u0142 i sojusznik\u00f3w rosyjskich, doszed\u0142em do przekonania, \u017ce niczego bardziej nie podziwiaj\u0105 oni ni\u017c si\u0142\u0119, i niczego bardziej nie lekcewa\u017c\u0105 ni\u017c s\u0142abo\u015b\u0107, a zw\u0142aszcza s\u0142abo\u015b\u0107 militarn\u0105.\u201d<\/span><\/p>\n<p><span style=\"color: #000000;\"><\/span><\/p>\n<\/blockquote>\n<p><span style=\"color: #000000;\"><\/span><\/p>\n<p class=\"wp-block-paragraph\"><span style=\"color: #000000;\">Churchill wprost wskazywa\u0142 na Polsk\u0119 jako jeden z najbardziej poszkodowanych narod\u00f3w:<\/span><\/p>\n<p><span style=\"color: #000000;\"><\/span><\/p>\n<blockquote class=\"wp-block-quote is-layout-flow wp-block-quote-is-layout-flow\">\n<p><span style=\"color: #000000;\"><\/span><\/p>\n<p class=\"wp-block-paragraph\"><span style=\"color: #000000;\">\u201eRosyjski dominuj\u0105cy rz\u0105d polski zosta\u0142 zach\u0119cony do dokonania ogromnych i niesprawiedliwych wci\u0119\u0107 w Niemcy, a masowe wyp\u0119dzenia milion\u00f3w Niemc\u00f3w odbywaj\u0105 si\u0119 na skal\u0119 bolesn\u0105 i niewyobra\u017caln\u0105.\u201d<\/span><\/p>\n<p><span style=\"color: #000000;\"><\/span><\/p>\n<\/blockquote>\n<p><span style=\"color: #000000;\"><\/span><\/p>\n<p class=\"wp-block-paragraph\"><span style=\"color: #000000;\">Przem\u00f3wienie nie by\u0142o jedynie diagnoz\u0105 \u2013 by\u0142o tak\u017ce apelem o jedno\u015b\u0107 wolnego \u015bwiata. Churchill wzywa\u0142 do \u015bcis\u0142ego sojuszu anglo-ameryka\u0144skiego i do tego, by Zach\u00f3d nie powtarza\u0142 b\u0142\u0119d\u00f3w lat 30., gdy ust\u0119pstwa wobec totalitaryzmu tylko zach\u0119ca\u0142y agresora.<\/span><\/p>\n<p><span style=\"color: #000000;\"><\/span><\/p>\n<p class=\"wp-block-paragraph\"><span style=\"color: #000000;\"><strong>Dlaczego to przem\u00f3wienie jest wa\u017cne dla Polak\u00f3w?<\/strong><\/span><\/p>\n<p><span style=\"color: #000000;\"><\/span><\/p>\n<p class=\"wp-block-paragraph\"><span style=\"color: #000000;\">Churchill m\u00f3wi\u0142 o nas wprost. Polska, kt\u00f3ra ponios\u0142a ogromne ofiary w walce z hitlerowskimi Niemcami, zosta\u0142a zdradzona w Ja\u0142cie i oddana pod sowieck\u0105 kontrol\u0119. \u201e\u017belazna kurtyna\u201d opad\u0142a w\u0142a\u015bnie nad naszym krajem \u2013 Warszaw\u0105, kt\u00f3r\u0105 Stalin celowo zostawi\u0142 na pastw\u0119 Hitlera w 1944 roku, a potem zainstalowa\u0142 w niej komunistyczny re\u017cim.<\/span><\/p>\n<p><span style=\"color: #000000;\"><\/span><\/p>\n<p class=\"wp-block-paragraph\"><span style=\"color: #000000;\">To przem\u00f3wienie zapocz\u0105tkowa\u0142o epok\u0119 zimnej wojny i pokaza\u0142o, \u017ce komunizm nie jest \u201einn\u0105 drog\u0105 rozwoju\u201d, lecz systemem totalitarnym d\u0105\u017c\u0105cym do dominacji i zniewolenia narod\u00f3w.<\/span><\/p>\n<p><span style=\"color: #000000;\"><\/span><\/p>\n<p class=\"wp-block-paragraph\"><span style=\"color: #000000;\">Churchill mia\u0142 racj\u0119. Za \u017celazn\u0105 kurtyn\u0105 przez dekady panowa\u0142 terror, gu\u0142agi, cenzura, k\u0142amstwo i walka z religi\u0105 oraz wolno\u015bci\u0105. Polska zap\u0142aci\u0142a za to Katyniem, Sybirem, stalinizmem, stanem wojennym i dziesi\u0105tkami tysi\u0119cy zamordowanych patriot\u00f3w.<\/span><\/p>\n<p><span style=\"color: #000000;\"><\/span><\/p>\n<p class=\"wp-block-paragraph\"><span style=\"color: #000000;\"><strong>Lekcja na dzi\u015b<\/strong><\/span><\/p>\n<p><span style=\"color: #000000;\"><\/span><\/p>\n<p class=\"wp-block-paragraph\"><span style=\"color: #000000;\">Ponad 75 lat p\u00f3\u017aniej warto wraca\u0107 do s\u0142\u00f3w Churchilla. Komunizm nie znikn\u0105\u0142 \u2013 zmieni\u0142 tylko form\u0119. Dzi\u015b pr\u00f3buje wr\u00f3ci\u0107 jako \u201emi\u0119kki socjalizm\u201d, \u201esprawiedliwo\u015b\u0107 spo\u0142eczna\u201d czy kulturowy marksizm. Znowu s\u0142yszymy, \u017ce \u201enie by\u0142 prawdziwy\u201d, \u017ce \u201eto nie tak wygl\u0105da\u0142o\u201d albo \u017ce \u201ewszyscy pope\u0142niali b\u0142\u0119dy\u201d.<\/span><\/p>\n<p><span style=\"color: #000000;\"><\/span><\/p>\n<p class=\"wp-block-paragraph\"><span style=\"color: #000000;\">Churchill pokaza\u0142, jak nale\u017cy z nim walczy\u0107: nazywaj\u0105c z\u0142o po imieniu, nie ulegaj\u0105c iluzjom i buduj\u0105c si\u0142\u0119 moraln\u0105 oraz militarn\u0105 wolnego \u015bwiata.<\/span><\/p>\n<p><span style=\"color: #000000;\"><\/span><\/p>\n<blockquote class=\"wp-block-quote is-layout-flow wp-block-quote-is-layout-flow\">\n<p><span style=\"color: #000000;\"><\/span><\/p>\n<p class=\"wp-block-paragraph\"><span style=\"color: #000000;\">\u201eTo, czego potrzeba, to porozumienie [mi\u0119dzy Europ\u0105 a Ameryk\u0105], a im d\u0142u\u017cej jest odk\u0142adane, tym trudniejsze jest do osi\u0105gni\u0119cia i tym wi\u0119ksze staje si\u0119 zagra\u017caj\u0105ce nam niebezpiecze\u0144stwo.\u201d<\/span><\/p>\n<p><span style=\"color: #000000;\"><\/span><\/p>\n<\/blockquote>\n<p><span style=\"color: #000000;\"><\/span><\/p>\n<p class=\"wp-block-paragraph\"><span style=\"color: #000000;\">Te s\u0142owa brzmi\u0105 dzi\u015b r\u00f3wnie aktualnie, jak w 1946 roku.<\/span><\/p>\n<p><span style=\"color: #000000;\"><\/span><\/p>\n<p class=\"wp-block-paragraph\"><span style=\"color: #000000;\">Nie zapominajmy.<\/span><br \/><span style=\"color: #000000;\">Nie ulegajmy k\u0142amstwom.<\/span><br \/><span style=\"color: #000000;\">I nigdy nie pozw\u00f3lmy, by \u017celazna kurtyna opad\u0142a ponownie \u2013 ani nad Polsk\u0105, ani nad Europ\u0105.<\/span><\/p>\n<p><span style=\"color: #000000;\"><\/span><\/p>\n<p class=\"wp-block-paragraph\"><span style=\"color: #000000; font-size: 1rem;\">Pos\u0142uchaj ca\u0142ego przem\u00f3wienia (nagranie jest dost\u0119pne online).<\/span><\/p>\n<p><span style=\"color: #000000;\">Przeczytaj je swojemu dziecku lub uczniowi.<\/span><br \/><span style=\"color: #000000;\">Przypominaj je g\u0142o\u015bno \u2013 bo wolno\u015b\u0107 wymaga, by\u015bmy ci\u0105gle nazywali z\u0142o po imieniu.<\/span><\/p>\n<p><span style=\"color: #000000;\"><\/span><\/p>\n<p class=\"wp-block-paragraph\">\u00a0<\/p>\n<p><span style=\"color: #000000;\"><\/span><\/p>\t\t\t\t\t\t\t\t<\/div>\n\t\t\t\t\t<\/div>\n\t\t\t\t<\/div>\n\t\t<div class=\"elementor-element elementor-element-3aacb6a e-grid e-con-boxed e-con e-parent\" data-id=\"3aacb6a\" data-element_type=\"container\" data-e-type=\"container\">\n\t\t\t\t\t<div class=\"e-con-inner\">\n\t\t\t\t<div class=\"elementor-element elementor-element-d2bc37e elementor-widget elementor-widget-text-editor\" data-id=\"d2bc37e\" data-element_type=\"widget\" data-e-type=\"widget\" data-widget_type=\"text-editor.default\">\n\t\t\t\t\t\t\t\t\t<figure class=\"wp-block-embed wp-block-embed-youtube is-type-video is-provider-youtube epyt-figure\"><div class=\"wp-block-embed__wrapper\"><iframe  id=\"_ytid_98787\"  width=\"800\" height=\"450\"  data-origwidth=\"800\" data-origheight=\"450\" src=\"https:\/\/www.youtube.com\/embed\/n-oAvQnKV0I?enablejsapi=1&#038;autoplay=0&#038;cc_load_policy=0&#038;cc_lang_pref=&#038;iv_load_policy=1&#038;loop=0&#038;rel=1&#038;fs=1&#038;playsinline=0&#038;autohide=2&#038;theme=dark&#038;color=red&#038;controls=1&#038;disablekb=0&#038;\" class=\"__youtube_prefs__  no-lazyload\" title=\"YouTube player\"  allow=\"fullscreen; accelerometer; autoplay; clipboard-write; encrypted-media; gyroscope; picture-in-picture; web-share\" referrerpolicy=\"strict-origin-when-cross-origin\" allowfullscreen data-no-lazy=\"1\" data-skipgform_ajax_framebjll=\"\"><\/iframe><\/div><\/figure>\t\t\t\t\t\t\t\t<\/div>\n\t\t\t\t<div class=\"elementor-element elementor-element-7973d9c elementor-widget elementor-widget-text-editor\" data-id=\"7973d9c\" data-element_type=\"widget\" data-e-type=\"widget\" data-widget_type=\"text-editor.default\">\n\t\t\t\t\t\t\t\t\t<p><span style=\"color: #3c434a; font-family: -apple-system, 'system-ui', 'Segoe UI', Roboto, Oxygen-Sans, Ubuntu, Cantarell, 'Helvetica Neue', sans-serif; font-size: 11.7px; text-align: center; text-wrap-mode: nowrap; background-color: #eeeeff;\"><figure class=\"wp-block-embed wp-block-embed-youtube is-type-video is-provider-youtube epyt-figure\"><div class=\"wp-block-embed__wrapper\"><iframe  id=\"_ytid_50803\"  width=\"800\" height=\"450\"  data-origwidth=\"800\" data-origheight=\"450\" src=\"https:\/\/www.youtube.com\/embed\/lMt7zCaVOWU?enablejsapi=1&#038;autoplay=0&#038;cc_load_policy=0&#038;cc_lang_pref=&#038;iv_load_policy=1&#038;loop=0&#038;rel=1&#038;fs=1&#038;playsinline=0&#038;autohide=2&#038;theme=dark&#038;color=red&#038;controls=1&#038;disablekb=0&#038;\" class=\"__youtube_prefs__  no-lazyload\" title=\"YouTube player\"  allow=\"fullscreen; accelerometer; autoplay; clipboard-write; encrypted-media; gyroscope; picture-in-picture; web-share\" referrerpolicy=\"strict-origin-when-cross-origin\" allowfullscreen data-no-lazy=\"1\" data-skipgform_ajax_framebjll=\"\"><\/iframe><\/div><\/figure><\/span><\/p>\t\t\t\t\t\t\t\t<\/div>\n\t\t\t\t\t<\/div>\n\t\t\t\t<\/div>\n\t\t\t\t<\/div>\n\t\t","protected":false},"excerpt":{"rendered":"<p>\u201e\u017belazna kurtyna opad\u0142a\u201d \u2013 prorocze przem\u00f3wienie Winstona Churchilla, kt\u00f3re nazwa\u0142o komunizm po imieniu 5 marca 1946 roku, zaledwie kilka miesi\u0119cy po zako\u0144czeniu II wojny \u015bwiatowej, Winston Churchill wyg\u0142osi\u0142 jedno z najwa\u017cniejszych przem\u00f3wie\u0144 XX wieku. Na zaproszenie prezydenta Harry\u2019ego Trumana, w Westminster College w Fulton w stanie Missouri, by\u0142y premier Wielkiej Brytanii ostrzeg\u0142 wolny \u015bwiat przed [&hellip;]<\/p>\n","protected":false},"author":1,"featured_media":1867,"comment_status":"closed","ping_status":"closed","sticky":false,"template":"","format":"standard","meta":{"give_campaign_id":0,"footnotes":""},"categories":[22,27,23],"tags":[73,108,107,104,106,105],"class_list":["post-1862","post","type-post","status-publish","format-standard","has-post-thumbnail","hentry","category-aktualnosci","category-antykomunisci","category-swiadectwa","tag-antykomunizm","tag-przemowienie-w-fulton","tag-sowiecka-okupacja-polski","tag-winston-churchill","tag-zelazna-kurtyna","tag-zimna-wojna"],"yoast_head":"<!-- This site is optimized with the Yoast SEO plugin v28.4 - https:\/\/yoast.com\/product\/yoast-seo-wordpress\/ -->\n<title>\u201e\u017belazna kurtyna opad\u0142a\u201d \u2013 prorocze przem\u00f3wienie Winstona Churchilla, kt\u00f3re nazwa\u0142o komunizm po imieniu - Antykomunistyczni.pl<\/title>\n<meta name=\"description\" content=\"jedno z najwa\u017cniejszych przem\u00f3wie\u0144 XX wieku. By\u0142y premier Wielkiej Brytanii ostrzeg\u0142 wolny \u015bwiat przed sowieckim imperializmem i totalitarn\u0105 natur\u0105 komunizmu\" \/>\n<meta name=\"robots\" content=\"index, follow, max-snippet:-1, max-image-preview:large, max-video-preview:-1\" \/>\n<link rel=\"canonical\" href=\"https:\/\/antykomunistyczni.pl\/index.php\/zelazna-kurtyna-opadla-prorocze-przemowienie-winstona-churchilla-ktore-nazwalo-komunizm-po-imieniu\/\" \/>\n<meta property=\"og:locale\" content=\"pl_PL\" \/>\n<meta property=\"og:type\" content=\"article\" \/>\n<meta property=\"og:title\" content=\"\u201e\u017belazna kurtyna opad\u0142a\u201d \u2013 prorocze przem\u00f3wienie Winstona Churchilla, kt\u00f3re nazwa\u0142o komunizm po imieniu - Antykomunistyczni.pl\" \/>\n<meta property=\"og:description\" content=\"jedno z najwa\u017cniejszych przem\u00f3wie\u0144 XX wieku. By\u0142y premier Wielkiej Brytanii ostrzeg\u0142 wolny \u015bwiat przed sowieckim imperializmem i totalitarn\u0105 natur\u0105 komunizmu\" \/>\n<meta property=\"og:url\" content=\"https:\/\/antykomunistyczni.pl\/index.php\/zelazna-kurtyna-opadla-prorocze-przemowienie-winstona-churchilla-ktore-nazwalo-komunizm-po-imieniu\/\" \/>\n<meta property=\"og:site_name\" content=\"Antykomunistyczni.pl\" \/>\n<meta property=\"article:publisher\" content=\"https:\/\/www.facebook.com\/antykomunistyczni\/\" \/>\n<meta property=\"article:published_time\" content=\"2026-03-27T18:53:09+00:00\" \/>\n<meta property=\"article:modified_time\" content=\"2026-03-27T19:03:51+00:00\" \/>\n<meta property=\"og:image\" content=\"https:\/\/antykomunistyczni.pl\/wp-content\/uploads\/2026\/03\/WinstonChurchilZelaznaKurtyna.jpg\" \/>\n\t<meta property=\"og:image:width\" content=\"474\" \/>\n\t<meta property=\"og:image:height\" content=\"260\" \/>\n\t<meta property=\"og:image:type\" content=\"image\/jpeg\" \/>\n<meta name=\"author\" content=\"Antykomunistyczni\" \/>\n<meta name=\"twitter:card\" content=\"summary_large_image\" \/>\n<meta name=\"twitter:creator\" content=\"@anty_komunisci\" \/>\n<meta name=\"twitter:site\" content=\"@anty_komunisci\" \/>\n<meta name=\"twitter:label1\" content=\"Napisane przez\" \/>\n\t<meta name=\"twitter:data1\" content=\"Antykomunistyczni\" \/>\n\t<meta name=\"twitter:label2\" content=\"Szacowany czas czytania\" \/>\n\t<meta name=\"twitter:data2\" content=\"3 minuty\" \/>\n<script type=\"application\/ld+json\" class=\"yoast-schema-graph\">{\"@context\":\"https:\\\/\\\/schema.org\",\"@graph\":[{\"@type\":\"Article\",\"@id\":\"https:\\\/\\\/antykomunistyczni.pl\\\/index.php\\\/zelazna-kurtyna-opadla-prorocze-przemowienie-winstona-churchilla-ktore-nazwalo-komunizm-po-imieniu\\\/#article\",\"isPartOf\":{\"@id\":\"https:\\\/\\\/antykomunistyczni.pl\\\/index.php\\\/zelazna-kurtyna-opadla-prorocze-przemowienie-winstona-churchilla-ktore-nazwalo-komunizm-po-imieniu\\\/\"},\"author\":{\"name\":\"Antykomunistyczni\",\"@id\":\"https:\\\/\\\/antykomunistyczni.pl\\\/#\\\/schema\\\/person\\\/4963e693e8006b94062d91d1295d02a0\"},\"headline\":\"\u201e\u017belazna kurtyna opad\u0142a\u201d \u2013 prorocze przem\u00f3wienie Winstona Churchilla, kt\u00f3re nazwa\u0142o komunizm po imieniu\",\"datePublished\":\"2026-03-27T18:53:09+00:00\",\"dateModified\":\"2026-03-27T19:03:51+00:00\",\"mainEntityOfPage\":{\"@id\":\"https:\\\/\\\/antykomunistyczni.pl\\\/index.php\\\/zelazna-kurtyna-opadla-prorocze-przemowienie-winstona-churchilla-ktore-nazwalo-komunizm-po-imieniu\\\/\"},\"wordCount\":782,\"publisher\":{\"@id\":\"https:\\\/\\\/antykomunistyczni.pl\\\/#organization\"},\"image\":{\"@id\":\"https:\\\/\\\/antykomunistyczni.pl\\\/index.php\\\/zelazna-kurtyna-opadla-prorocze-przemowienie-winstona-churchilla-ktore-nazwalo-komunizm-po-imieniu\\\/#primaryimage\"},\"thumbnailUrl\":\"https:\\\/\\\/antykomunistyczni.pl\\\/wp-content\\\/uploads\\\/2026\\\/03\\\/WinstonChurchilZelaznaKurtyna.jpg\",\"keywords\":[\"Antykomunizm\",\"Przem\u00f3wienie w Fulton\",\"Sowiecka okupacja Polski\",\"Winston Churchill\",\"\u017belazna kurtyna\",\"Zimna wojna\"],\"articleSection\":[\"Aktualno\u015bci\",\"Antykomuni\u015bci\",\"\u015awiadectwa\"],\"inLanguage\":\"pl-PL\"},{\"@type\":\"WebPage\",\"@id\":\"https:\\\/\\\/antykomunistyczni.pl\\\/index.php\\\/zelazna-kurtyna-opadla-prorocze-przemowienie-winstona-churchilla-ktore-nazwalo-komunizm-po-imieniu\\\/\",\"url\":\"https:\\\/\\\/antykomunistyczni.pl\\\/index.php\\\/zelazna-kurtyna-opadla-prorocze-przemowienie-winstona-churchilla-ktore-nazwalo-komunizm-po-imieniu\\\/\",\"name\":\"\u201e\u017belazna kurtyna opad\u0142a\u201d \u2013 prorocze przem\u00f3wienie Winstona Churchilla, kt\u00f3re nazwa\u0142o komunizm po imieniu - Antykomunistyczni.pl\",\"isPartOf\":{\"@id\":\"https:\\\/\\\/antykomunistyczni.pl\\\/#website\"},\"primaryImageOfPage\":{\"@id\":\"https:\\\/\\\/antykomunistyczni.pl\\\/index.php\\\/zelazna-kurtyna-opadla-prorocze-przemowienie-winstona-churchilla-ktore-nazwalo-komunizm-po-imieniu\\\/#primaryimage\"},\"image\":{\"@id\":\"https:\\\/\\\/antykomunistyczni.pl\\\/index.php\\\/zelazna-kurtyna-opadla-prorocze-przemowienie-winstona-churchilla-ktore-nazwalo-komunizm-po-imieniu\\\/#primaryimage\"},\"thumbnailUrl\":\"https:\\\/\\\/antykomunistyczni.pl\\\/wp-content\\\/uploads\\\/2026\\\/03\\\/WinstonChurchilZelaznaKurtyna.jpg\",\"datePublished\":\"2026-03-27T18:53:09+00:00\",\"dateModified\":\"2026-03-27T19:03:51+00:00\",\"description\":\"jedno z najwa\u017cniejszych przem\u00f3wie\u0144 XX wieku. By\u0142y premier Wielkiej Brytanii ostrzeg\u0142 wolny \u015bwiat przed sowieckim imperializmem i totalitarn\u0105 natur\u0105 komunizmu\",\"breadcrumb\":{\"@id\":\"https:\\\/\\\/antykomunistyczni.pl\\\/index.php\\\/zelazna-kurtyna-opadla-prorocze-przemowienie-winstona-churchilla-ktore-nazwalo-komunizm-po-imieniu\\\/#breadcrumb\"},\"inLanguage\":\"pl-PL\",\"potentialAction\":[{\"@type\":\"ReadAction\",\"target\":[\"https:\\\/\\\/antykomunistyczni.pl\\\/index.php\\\/zelazna-kurtyna-opadla-prorocze-przemowienie-winstona-churchilla-ktore-nazwalo-komunizm-po-imieniu\\\/\"]}]},{\"@type\":\"ImageObject\",\"inLanguage\":\"pl-PL\",\"@id\":\"https:\\\/\\\/antykomunistyczni.pl\\\/index.php\\\/zelazna-kurtyna-opadla-prorocze-przemowienie-winstona-churchilla-ktore-nazwalo-komunizm-po-imieniu\\\/#primaryimage\",\"url\":\"https:\\\/\\\/antykomunistyczni.pl\\\/wp-content\\\/uploads\\\/2026\\\/03\\\/WinstonChurchilZelaznaKurtyna.jpg\",\"contentUrl\":\"https:\\\/\\\/antykomunistyczni.pl\\\/wp-content\\\/uploads\\\/2026\\\/03\\\/WinstonChurchilZelaznaKurtyna.jpg\",\"width\":474,\"height\":260},{\"@type\":\"BreadcrumbList\",\"@id\":\"https:\\\/\\\/antykomunistyczni.pl\\\/index.php\\\/zelazna-kurtyna-opadla-prorocze-przemowienie-winstona-churchilla-ktore-nazwalo-komunizm-po-imieniu\\\/#breadcrumb\",\"itemListElement\":[{\"@type\":\"ListItem\",\"position\":1,\"name\":\"Strona g\u0142\u00f3wna\",\"item\":\"https:\\\/\\\/antykomunistyczni.pl\\\/\"},{\"@type\":\"ListItem\",\"position\":2,\"name\":\"\u201e\u017belazna kurtyna opad\u0142a\u201d \u2013 prorocze przem\u00f3wienie Winstona Churchilla, kt\u00f3re nazwa\u0142o komunizm po imieniu\"}]},{\"@type\":\"WebSite\",\"@id\":\"https:\\\/\\\/antykomunistyczni.pl\\\/#website\",\"url\":\"https:\\\/\\\/antykomunistyczni.pl\\\/\",\"name\":\"Antykomunistyczni.pl\",\"description\":\"\",\"publisher\":{\"@id\":\"https:\\\/\\\/antykomunistyczni.pl\\\/#organization\"},\"alternateName\":\"Historia PRL, zbrodnie komunistyczne w Polsce i na \u015bwiecie\",\"potentialAction\":[{\"@type\":\"SearchAction\",\"target\":{\"@type\":\"EntryPoint\",\"urlTemplate\":\"https:\\\/\\\/antykomunistyczni.pl\\\/?s={search_term_string}\"},\"query-input\":{\"@type\":\"PropertyValueSpecification\",\"valueRequired\":true,\"valueName\":\"search_term_string\"}}],\"inLanguage\":\"pl-PL\"},{\"@type\":\"Organization\",\"@id\":\"https:\\\/\\\/antykomunistyczni.pl\\\/#organization\",\"name\":\"Antykomunistyczni.pl\",\"url\":\"https:\\\/\\\/antykomunistyczni.pl\\\/\",\"logo\":{\"@type\":\"ImageObject\",\"inLanguage\":\"pl-PL\",\"@id\":\"https:\\\/\\\/antykomunistyczni.pl\\\/#\\\/schema\\\/logo\\\/image\\\/\",\"url\":\"https:\\\/\\\/antykomunistyczni.pl\\\/wp-content\\\/uploads\\\/2026\\\/02\\\/cropped-AntykomunistyczniLogoSquare150x150-2.png\",\"contentUrl\":\"https:\\\/\\\/antykomunistyczni.pl\\\/wp-content\\\/uploads\\\/2026\\\/02\\\/cropped-AntykomunistyczniLogoSquare150x150-2.png\",\"width\":150,\"height\":150,\"caption\":\"Antykomunistyczni.pl\"},\"image\":{\"@id\":\"https:\\\/\\\/antykomunistyczni.pl\\\/#\\\/schema\\\/logo\\\/image\\\/\"},\"sameAs\":[\"https:\\\/\\\/www.facebook.com\\\/antykomunistyczni\\\/\",\"https:\\\/\\\/x.com\\\/anty_komunisci\"]},{\"@type\":\"Person\",\"@id\":\"https:\\\/\\\/antykomunistyczni.pl\\\/#\\\/schema\\\/person\\\/4963e693e8006b94062d91d1295d02a0\",\"name\":\"Antykomunistyczni\",\"image\":{\"@type\":\"ImageObject\",\"inLanguage\":\"pl-PL\",\"@id\":\"https:\\\/\\\/secure.gravatar.com\\\/avatar\\\/ff172875f9ced7887f883245268c1ba638c26cf1e0530f7f61b4705963a6730b?s=96&d=mm&r=g\",\"url\":\"https:\\\/\\\/secure.gravatar.com\\\/avatar\\\/ff172875f9ced7887f883245268c1ba638c26cf1e0530f7f61b4705963a6730b?s=96&d=mm&r=g\",\"contentUrl\":\"https:\\\/\\\/secure.gravatar.com\\\/avatar\\\/ff172875f9ced7887f883245268c1ba638c26cf1e0530f7f61b4705963a6730b?s=96&d=mm&r=g\",\"caption\":\"Antykomunistyczni\"},\"sameAs\":[\"http:\\\/\\\/antykomunistyczni.pl\"],\"url\":\"https:\\\/\\\/antykomunistyczni.pl\\\/index.php\\\/author\\\/admin0\\\/\"}]}<\/script>\n<!-- \/ Yoast SEO plugin. -->","yoast_head_json":{"title":"\u201e\u017belazna kurtyna opad\u0142a\u201d \u2013 prorocze przem\u00f3wienie Winstona Churchilla, kt\u00f3re nazwa\u0142o komunizm po imieniu - Antykomunistyczni.pl","description":"jedno z najwa\u017cniejszych przem\u00f3wie\u0144 XX wieku. By\u0142y premier Wielkiej Brytanii ostrzeg\u0142 wolny \u015bwiat przed sowieckim imperializmem i totalitarn\u0105 natur\u0105 komunizmu","robots":{"index":"index","follow":"follow","max-snippet":"max-snippet:-1","max-image-preview":"max-image-preview:large","max-video-preview":"max-video-preview:-1"},"canonical":"https:\/\/antykomunistyczni.pl\/index.php\/zelazna-kurtyna-opadla-prorocze-przemowienie-winstona-churchilla-ktore-nazwalo-komunizm-po-imieniu\/","og_locale":"pl_PL","og_type":"article","og_title":"\u201e\u017belazna kurtyna opad\u0142a\u201d \u2013 prorocze przem\u00f3wienie Winstona Churchilla, kt\u00f3re nazwa\u0142o komunizm po imieniu - Antykomunistyczni.pl","og_description":"jedno z najwa\u017cniejszych przem\u00f3wie\u0144 XX wieku. By\u0142y premier Wielkiej Brytanii ostrzeg\u0142 wolny \u015bwiat przed sowieckim imperializmem i totalitarn\u0105 natur\u0105 komunizmu","og_url":"https:\/\/antykomunistyczni.pl\/index.php\/zelazna-kurtyna-opadla-prorocze-przemowienie-winstona-churchilla-ktore-nazwalo-komunizm-po-imieniu\/","og_site_name":"Antykomunistyczni.pl","article_publisher":"https:\/\/www.facebook.com\/antykomunistyczni\/","article_published_time":"2026-03-27T18:53:09+00:00","article_modified_time":"2026-03-27T19:03:51+00:00","og_image":[{"width":474,"height":260,"url":"https:\/\/antykomunistyczni.pl\/wp-content\/uploads\/2026\/03\/WinstonChurchilZelaznaKurtyna.jpg","type":"image\/jpeg"}],"author":"Antykomunistyczni","twitter_card":"summary_large_image","twitter_creator":"@anty_komunisci","twitter_site":"@anty_komunisci","twitter_misc":{"Napisane przez":"Antykomunistyczni","Szacowany czas czytania":"3 minuty"},"schema":{"@context":"https:\/\/schema.org","@graph":[{"@type":"Article","@id":"https:\/\/antykomunistyczni.pl\/index.php\/zelazna-kurtyna-opadla-prorocze-przemowienie-winstona-churchilla-ktore-nazwalo-komunizm-po-imieniu\/#article","isPartOf":{"@id":"https:\/\/antykomunistyczni.pl\/index.php\/zelazna-kurtyna-opadla-prorocze-przemowienie-winstona-churchilla-ktore-nazwalo-komunizm-po-imieniu\/"},"author":{"name":"Antykomunistyczni","@id":"https:\/\/antykomunistyczni.pl\/#\/schema\/person\/4963e693e8006b94062d91d1295d02a0"},"headline":"\u201e\u017belazna kurtyna opad\u0142a\u201d \u2013 prorocze przem\u00f3wienie Winstona Churchilla, kt\u00f3re nazwa\u0142o komunizm po imieniu","datePublished":"2026-03-27T18:53:09+00:00","dateModified":"2026-03-27T19:03:51+00:00","mainEntityOfPage":{"@id":"https:\/\/antykomunistyczni.pl\/index.php\/zelazna-kurtyna-opadla-prorocze-przemowienie-winstona-churchilla-ktore-nazwalo-komunizm-po-imieniu\/"},"wordCount":782,"publisher":{"@id":"https:\/\/antykomunistyczni.pl\/#organization"},"image":{"@id":"https:\/\/antykomunistyczni.pl\/index.php\/zelazna-kurtyna-opadla-prorocze-przemowienie-winstona-churchilla-ktore-nazwalo-komunizm-po-imieniu\/#primaryimage"},"thumbnailUrl":"https:\/\/antykomunistyczni.pl\/wp-content\/uploads\/2026\/03\/WinstonChurchilZelaznaKurtyna.jpg","keywords":["Antykomunizm","Przem\u00f3wienie w Fulton","Sowiecka okupacja Polski","Winston Churchill","\u017belazna kurtyna","Zimna wojna"],"articleSection":["Aktualno\u015bci","Antykomuni\u015bci","\u015awiadectwa"],"inLanguage":"pl-PL"},{"@type":"WebPage","@id":"https:\/\/antykomunistyczni.pl\/index.php\/zelazna-kurtyna-opadla-prorocze-przemowienie-winstona-churchilla-ktore-nazwalo-komunizm-po-imieniu\/","url":"https:\/\/antykomunistyczni.pl\/index.php\/zelazna-kurtyna-opadla-prorocze-przemowienie-winstona-churchilla-ktore-nazwalo-komunizm-po-imieniu\/","name":"\u201e\u017belazna kurtyna opad\u0142a\u201d \u2013 prorocze przem\u00f3wienie Winstona Churchilla, kt\u00f3re nazwa\u0142o komunizm po imieniu - Antykomunistyczni.pl","isPartOf":{"@id":"https:\/\/antykomunistyczni.pl\/#website"},"primaryImageOfPage":{"@id":"https:\/\/antykomunistyczni.pl\/index.php\/zelazna-kurtyna-opadla-prorocze-przemowienie-winstona-churchilla-ktore-nazwalo-komunizm-po-imieniu\/#primaryimage"},"image":{"@id":"https:\/\/antykomunistyczni.pl\/index.php\/zelazna-kurtyna-opadla-prorocze-przemowienie-winstona-churchilla-ktore-nazwalo-komunizm-po-imieniu\/#primaryimage"},"thumbnailUrl":"https:\/\/antykomunistyczni.pl\/wp-content\/uploads\/2026\/03\/WinstonChurchilZelaznaKurtyna.jpg","datePublished":"2026-03-27T18:53:09+00:00","dateModified":"2026-03-27T19:03:51+00:00","description":"jedno z najwa\u017cniejszych przem\u00f3wie\u0144 XX wieku. By\u0142y premier Wielkiej Brytanii ostrzeg\u0142 wolny \u015bwiat przed sowieckim imperializmem i totalitarn\u0105 natur\u0105 komunizmu","breadcrumb":{"@id":"https:\/\/antykomunistyczni.pl\/index.php\/zelazna-kurtyna-opadla-prorocze-przemowienie-winstona-churchilla-ktore-nazwalo-komunizm-po-imieniu\/#breadcrumb"},"inLanguage":"pl-PL","potentialAction":[{"@type":"ReadAction","target":["https:\/\/antykomunistyczni.pl\/index.php\/zelazna-kurtyna-opadla-prorocze-przemowienie-winstona-churchilla-ktore-nazwalo-komunizm-po-imieniu\/"]}]},{"@type":"ImageObject","inLanguage":"pl-PL","@id":"https:\/\/antykomunistyczni.pl\/index.php\/zelazna-kurtyna-opadla-prorocze-przemowienie-winstona-churchilla-ktore-nazwalo-komunizm-po-imieniu\/#primaryimage","url":"https:\/\/antykomunistyczni.pl\/wp-content\/uploads\/2026\/03\/WinstonChurchilZelaznaKurtyna.jpg","contentUrl":"https:\/\/antykomunistyczni.pl\/wp-content\/uploads\/2026\/03\/WinstonChurchilZelaznaKurtyna.jpg","width":474,"height":260},{"@type":"BreadcrumbList","@id":"https:\/\/antykomunistyczni.pl\/index.php\/zelazna-kurtyna-opadla-prorocze-przemowienie-winstona-churchilla-ktore-nazwalo-komunizm-po-imieniu\/#breadcrumb","itemListElement":[{"@type":"ListItem","position":1,"name":"Strona g\u0142\u00f3wna","item":"https:\/\/antykomunistyczni.pl\/"},{"@type":"ListItem","position":2,"name":"\u201e\u017belazna kurtyna opad\u0142a\u201d \u2013 prorocze przem\u00f3wienie Winstona Churchilla, kt\u00f3re nazwa\u0142o komunizm po imieniu"}]},{"@type":"WebSite","@id":"https:\/\/antykomunistyczni.pl\/#website","url":"https:\/\/antykomunistyczni.pl\/","name":"Antykomunistyczni.pl","description":"","publisher":{"@id":"https:\/\/antykomunistyczni.pl\/#organization"},"alternateName":"Historia PRL, zbrodnie komunistyczne w Polsce i na \u015bwiecie","potentialAction":[{"@type":"SearchAction","target":{"@type":"EntryPoint","urlTemplate":"https:\/\/antykomunistyczni.pl\/?s={search_term_string}"},"query-input":{"@type":"PropertyValueSpecification","valueRequired":true,"valueName":"search_term_string"}}],"inLanguage":"pl-PL"},{"@type":"Organization","@id":"https:\/\/antykomunistyczni.pl\/#organization","name":"Antykomunistyczni.pl","url":"https:\/\/antykomunistyczni.pl\/","logo":{"@type":"ImageObject","inLanguage":"pl-PL","@id":"https:\/\/antykomunistyczni.pl\/#\/schema\/logo\/image\/","url":"https:\/\/antykomunistyczni.pl\/wp-content\/uploads\/2026\/02\/cropped-AntykomunistyczniLogoSquare150x150-2.png","contentUrl":"https:\/\/antykomunistyczni.pl\/wp-content\/uploads\/2026\/02\/cropped-AntykomunistyczniLogoSquare150x150-2.png","width":150,"height":150,"caption":"Antykomunistyczni.pl"},"image":{"@id":"https:\/\/antykomunistyczni.pl\/#\/schema\/logo\/image\/"},"sameAs":["https:\/\/www.facebook.com\/antykomunistyczni\/","https:\/\/x.com\/anty_komunisci"]},{"@type":"Person","@id":"https:\/\/antykomunistyczni.pl\/#\/schema\/person\/4963e693e8006b94062d91d1295d02a0","name":"Antykomunistyczni","image":{"@type":"ImageObject","inLanguage":"pl-PL","@id":"https:\/\/secure.gravatar.com\/avatar\/ff172875f9ced7887f883245268c1ba638c26cf1e0530f7f61b4705963a6730b?s=96&d=mm&r=g","url":"https:\/\/secure.gravatar.com\/avatar\/ff172875f9ced7887f883245268c1ba638c26cf1e0530f7f61b4705963a6730b?s=96&d=mm&r=g","contentUrl":"https:\/\/secure.gravatar.com\/avatar\/ff172875f9ced7887f883245268c1ba638c26cf1e0530f7f61b4705963a6730b?s=96&d=mm&r=g","caption":"Antykomunistyczni"},"sameAs":["http:\/\/antykomunistyczni.pl"],"url":"https:\/\/antykomunistyczni.pl\/index.php\/author\/admin0\/"}]}},"_links":{"self":[{"href":"https:\/\/antykomunistyczni.pl\/index.php\/wp-json\/wp\/v2\/posts\/1862","targetHints":{"allow":["GET"]}}],"collection":[{"href":"https:\/\/antykomunistyczni.pl\/index.php\/wp-json\/wp\/v2\/posts"}],"about":[{"href":"https:\/\/antykomunistyczni.pl\/index.php\/wp-json\/wp\/v2\/types\/post"}],"author":[{"embeddable":true,"href":"https:\/\/antykomunistyczni.pl\/index.php\/wp-json\/wp\/v2\/users\/1"}],"replies":[{"embeddable":true,"href":"https:\/\/antykomunistyczni.pl\/index.php\/wp-json\/wp\/v2\/comments?post=1862"}],"version-history":[{"count":13,"href":"https:\/\/antykomunistyczni.pl\/index.php\/wp-json\/wp\/v2\/posts\/1862\/revisions"}],"predecessor-version":[{"id":1877,"href":"https:\/\/antykomunistyczni.pl\/index.php\/wp-json\/wp\/v2\/posts\/1862\/revisions\/1877"}],"wp:featuredmedia":[{"embeddable":true,"href":"https:\/\/antykomunistyczni.pl\/index.php\/wp-json\/wp\/v2\/media\/1867"}],"wp:attachment":[{"href":"https:\/\/antykomunistyczni.pl\/index.php\/wp-json\/wp\/v2\/media?parent=1862"}],"wp:term":[{"taxonomy":"category","embeddable":true,"href":"https:\/\/antykomunistyczni.pl\/index.php\/wp-json\/wp\/v2\/categories?post=1862"},{"taxonomy":"post_tag","embeddable":true,"href":"https:\/\/antykomunistyczni.pl\/index.php\/wp-json\/wp\/v2\/tags?post=1862"}],"curies":[{"name":"wp","href":"https:\/\/api.w.org\/{rel}","templated":true}]}}