{"id":2042,"date":"2026-04-15T16:52:04","date_gmt":"2026-04-15T14:52:04","guid":{"rendered":"https:\/\/antykomunistyczni.pl\/?p=2042"},"modified":"2026-04-15T16:53:39","modified_gmt":"2026-04-15T14:53:39","slug":"komunistyczne-partie-w-europie-w-2026","status":"publish","type":"post","link":"https:\/\/antykomunistyczni.pl\/index.php\/komunistyczne-partie-w-europie-w-2026\/","title":{"rendered":"Komunistyczne partie w Europie w 2026 \u2013 kto jeszcze wierzy w czerwony raj?"},"content":{"rendered":"\t\t<div data-elementor-type=\"wp-post\" data-elementor-id=\"2042\" class=\"elementor elementor-2042\">\n\t\t\t\t<div class=\"elementor-element elementor-element-5c5c8b9 e-flex e-con-boxed e-con e-parent\" data-id=\"5c5c8b9\" data-element_type=\"container\" data-e-type=\"container\">\n\t\t\t\t\t<div class=\"e-con-inner\">\n\t\t\t\t<div class=\"elementor-element elementor-element-c4c89cf elementor-widget elementor-widget-heading\" data-id=\"c4c89cf\" data-element_type=\"widget\" data-e-type=\"widget\" data-widget_type=\"heading.default\">\n\t\t\t\t\t<h2 class=\"elementor-heading-title elementor-size-default\">Komunistyczne partie w Europie w 2026 \u2013 kto jeszcze wierzy w czerwony raj?<\/h2>\t\t\t\t<\/div>\n\t\t\t\t\t<\/div>\n\t\t\t\t<\/div>\n\t\t<div class=\"elementor-element elementor-element-8b14b0f e-flex e-con-boxed e-con e-parent\" data-id=\"8b14b0f\" data-element_type=\"container\" data-e-type=\"container\">\n\t\t\t\t\t<div class=\"e-con-inner\">\n\t\t\t\t<div class=\"elementor-element elementor-element-50eb409 elementor-arrows-position-inside elementor-pagination-position-outside elementor-widget elementor-widget-image-carousel\" data-id=\"50eb409\" data-element_type=\"widget\" data-e-type=\"widget\" data-settings=\"{&quot;navigation&quot;:&quot;both&quot;,&quot;autoplay&quot;:&quot;yes&quot;,&quot;pause_on_hover&quot;:&quot;yes&quot;,&quot;pause_on_interaction&quot;:&quot;yes&quot;,&quot;autoplay_speed&quot;:5000,&quot;infinite&quot;:&quot;yes&quot;,&quot;speed&quot;:500}\" data-widget_type=\"image-carousel.default\">\n\t\t\t\t\t\t\t<div class=\"elementor-image-carousel-wrapper swiper\" role=\"region\" aria-roledescription=\"carousel\" aria-label=\"Karuzela obrazk\u00f3w\" dir=\"ltr\">\n\t\t\t<div class=\"elementor-image-carousel swiper-wrapper\" aria-live=\"off\">\n\t\t\t\t\t\t\t\t<div class=\"swiper-slide\" role=\"group\" aria-roledescription=\"slide\" aria-label=\"1 z 7\"><figure class=\"swiper-slide-inner\"><img decoding=\"async\" class=\"swiper-slide-image\" src=\"https:\/\/antykomunistyczni.pl\/wp-content\/uploads\/2026\/04\/20250907comiciofestaavante10-1024x683.jpg\" alt=\"20250907comiciofestaavante10\" \/><\/figure><\/div><div class=\"swiper-slide\" role=\"group\" aria-roledescription=\"slide\" aria-label=\"2 z 7\"><figure class=\"swiper-slide-inner\"><img decoding=\"async\" class=\"swiper-slide-image\" src=\"https:\/\/antykomunistyczni.pl\/wp-content\/uploads\/2026\/04\/20250907comiciofestaavante11-1024x681.jpg\" alt=\"20250907comiciofestaavante11\" \/><\/figure><\/div><div class=\"swiper-slide\" role=\"group\" aria-roledescription=\"slide\" aria-label=\"3 z 7\"><figure class=\"swiper-slide-inner\"><img decoding=\"async\" class=\"swiper-slide-image\" src=\"https:\/\/antykomunistyczni.pl\/wp-content\/uploads\/2026\/04\/20250907comiciofestaavante19-1024x683.jpg\" alt=\"20250907comiciofestaavante19\" \/><\/figure><\/div><div class=\"swiper-slide\" role=\"group\" aria-roledescription=\"slide\" aria-label=\"4 z 7\"><figure class=\"swiper-slide-inner\"><img decoding=\"async\" class=\"swiper-slide-image\" src=\"https:\/\/antykomunistyczni.pl\/wp-content\/uploads\/2026\/04\/20250907comiciofestaavante12-1024x681.jpg\" alt=\"20250907comiciofestaavante12\" \/><\/figure><\/div><div class=\"swiper-slide\" role=\"group\" aria-roledescription=\"slide\" aria-label=\"5 z 7\"><figure class=\"swiper-slide-inner\"><img decoding=\"async\" class=\"swiper-slide-image\" src=\"https:\/\/antykomunistyczni.pl\/wp-content\/uploads\/2026\/04\/20250907comiciofestaavante13-1024x683.jpg\" alt=\"20250907comiciofestaavante13\" \/><\/figure><\/div><div class=\"swiper-slide\" role=\"group\" aria-roledescription=\"slide\" aria-label=\"6 z 7\"><figure class=\"swiper-slide-inner\"><img decoding=\"async\" class=\"swiper-slide-image\" src=\"https:\/\/antykomunistyczni.pl\/wp-content\/uploads\/2026\/04\/20250907comiciofestaavante14-1024x683.jpg\" alt=\"Zlot komunistyczny 2026\" \/><\/figure><\/div><div class=\"swiper-slide\" role=\"group\" aria-roledescription=\"slide\" aria-label=\"7 z 7\"><figure class=\"swiper-slide-inner\"><img decoding=\"async\" class=\"swiper-slide-image\" src=\"https:\/\/antykomunistyczni.pl\/wp-content\/uploads\/2026\/04\/20250907comiciofestaavante15-1024x683.jpg\" alt=\"20250907comiciofestaavante15\" \/><\/figure><\/div>\t\t\t<\/div>\n\t\t\t\t\t\t\t\t\t\t\t\t<div class=\"elementor-swiper-button elementor-swiper-button-prev\" role=\"button\" tabindex=\"0\">\n\t\t\t\t\t\t<svg aria-hidden=\"true\" class=\"e-font-icon-svg e-eicon-chevron-left\" viewBox=\"0 0 1000 1000\" xmlns=\"http:\/\/www.w3.org\/2000\/svg\"><path d=\"M646 125C629 125 613 133 604 142L308 442C296 454 292 471 292 487 292 504 296 521 308 533L604 854C617 867 629 875 646 875 663 875 679 871 692 858 704 846 713 829 713 812 713 796 708 779 692 767L438 487 692 225C700 217 708 204 708 187 708 171 704 154 692 142 675 129 663 125 646 125Z\"><\/path><\/svg>\t\t\t\t\t<\/div>\n\t\t\t\t\t<div class=\"elementor-swiper-button elementor-swiper-button-next\" role=\"button\" tabindex=\"0\">\n\t\t\t\t\t\t<svg aria-hidden=\"true\" class=\"e-font-icon-svg e-eicon-chevron-right\" viewBox=\"0 0 1000 1000\" xmlns=\"http:\/\/www.w3.org\/2000\/svg\"><path d=\"M696 533C708 521 713 504 713 487 713 471 708 454 696 446L400 146C388 133 375 125 354 125 338 125 325 129 313 142 300 154 292 171 292 187 292 204 296 221 308 233L563 492 304 771C292 783 288 800 288 817 288 833 296 850 308 863 321 871 338 875 354 875 371 875 388 867 400 854L696 533Z\"><\/path><\/svg>\t\t\t\t\t<\/div>\n\t\t\t\t\n\t\t\t\t\t\t\t\t\t<div class=\"swiper-pagination\"><\/div>\n\t\t\t\t\t\t\t\t\t<\/div>\n\t\t\t\t\t\t<\/div>\n\t\t\t\t\t<\/div>\n\t\t\t\t<\/div>\n\t\t<div class=\"elementor-element elementor-element-3fd7ad71 e-flex e-con-boxed e-con e-parent\" data-id=\"3fd7ad71\" data-element_type=\"container\" data-e-type=\"container\">\n\t\t\t\t\t<div class=\"e-con-inner\">\n\t\t\t\t<div class=\"elementor-element elementor-element-2f413e81 elementor-widget elementor-widget-text-editor\" data-id=\"2f413e81\" data-element_type=\"widget\" data-e-type=\"widget\" data-widget_type=\"text-editor.default\">\n\t\t\t\t\t\t\t\t\t<p><span style=\"color: #000000;\"><\/span><\/p>\n<p class=\"wp-block-paragraph\"><span style=\"color: #000000;\">Mimo upadku Zwi\u0105zku Sowieckiego w 1991 roku i krwawych lekcji XX wieku, w Europie nadal dzia\u0142aj\u0105 partie, kt\u00f3re otwarcie deklaruj\u0105 si\u0119 jako komunistyczne. Niekt\u00f3re z nich zachowa\u0142y ortodoksyjny marksizm-leninizm, inne dzia\u0142aj\u0105 w szerszych koalicjach lewicowych, a wszystkie nadal wierz\u0105, \u017ce \u201eprawdziwy komunizm\u201d jeszcze nie zosta\u0142 zrealizowany \u2013 a nast\u0119pna pr\u00f3ba na pewno si\u0119 uda.W 2026 roku komuni\u015bci w Europie s\u0105 marginalni w skali kontynentu, ale w kilku krajach zachowuj\u0105 realny wp\u0142yw, zw\u0142aszcza poprzez koalicje, zwi\u0105zki zawodowe i dzia\u0142alno\u015b\u0107 propagandow\u0105 w\u015br\u00f3d m\u0142odzie\u017cy.<\/span><\/p>\n<p><span style=\"color: #000000;\"><\/span><\/p>\n<h2><span style=\"color: #000000;\">Najsilniejsze i najbardziej aktywne partie komunistyczne<\/span><\/h2>\n<p class=\"wp-block-paragraph\"><span style=\"color: #000000;\"><\/span><\/p>\n<ul class=\"wp-block-list\">\n<li style=\"list-style-type: none;\">\n<ul class=\"wp-block-list\"><\/ul>\n<\/li>\n<\/ul>\n<p>\u00a0<\/p>\n<ul class=\"wp-block-list\">\n<li style=\"list-style-type: none;\">\n<ul class=\"wp-block-list\">\n<li><span style=\"color: #000000;\">Grecja \u2013 Komunistyczna Partia Grecji (KKE)<\/span><br \/><span style=\"color: #000000;\">Najsilniejsza i najbardziej konsekwentna partia komunistyczna w Europie. W wyborach europejskich 2024 roku uzyska\u0142a ponad 9%, a w krajowych regularnie przekracza 7\u20138%. Kontroluje znaczn\u0105 cz\u0119\u015b\u0107 ruchu zwi\u0105zkowego (PAME) i ma silne wp\u0142ywy w\u015br\u00f3d student\u00f3w. KKE odrzuca wszelkie kompromisy z \u201eeuropejsk\u0105 lewic\u0105\u201d i pozostaje wierna klasycznej linii anty-NATO i anty-UE.<\/span><\/li>\n<\/ul>\n<\/li>\n<\/ul>\n<p><\/p>\n<ul class=\"wp-block-list\">\n<li style=\"list-style-type: none;\">\n<ul class=\"wp-block-list\">\n<li><span style=\"color: #000000;\">Portugalia \u2013 Portugalska Partia Komunistyczna (PCP)<\/span><br \/><span style=\"color: #000000;\">Jedna z najstarszych i najbardziej stabilnych partii komunistycznych na Zachodzie. W 2025 roku uzyska\u0142a ok. 3% w wyborach parlamentarnych i utrzymuje kilka mandat\u00f3w. PCP ma siln\u0105 baz\u0119 w zwi\u0105zkach zawodowych i organizuje coroczny festiwal Avante! \u2013 najwi\u0119ksze wydarzenie komunistyczne w Europie. W 2026 roku partia obchodzi\u0142a 105. rocznic\u0119 istnienia.<\/span><\/li>\n<\/ul>\n<\/li>\n<\/ul>\n<p><\/p>\n<ul class=\"wp-block-list\">\n<li style=\"list-style-type: none;\">\n<ul class=\"wp-block-list\">\n<li><span style=\"color: #000000;\">Hiszpania \u2013 Hiszpa\u0144ska Partia Komunistyczna (PCE)<\/span><br \/><span style=\"color: #000000;\">PCE nie startuje samodzielnie, lecz dzia\u0142a w ramach koalicji Sumar i United Left (IU). Dzi\u0119ki temu jej przedstawiciele (m.in. Yolanda D\u00edaz) zasiadaj\u0105 w rz\u0105dzie Pedro S\u00e1ncheza jako wicepremier i ministrowie. PCE wywiera realny wp\u0142yw na polityk\u0119 pracy, mieszkaniow\u0105 i kulturow\u0105. W 2026 roku komuni\u015bci w Hiszpanii otwarcie domagaj\u0105 si\u0119 wyj\u015bcia z NATO i dalszego radykalizowania agendy \u201esprawiedliwo\u015bci spo\u0142ecznej\u201d.<\/span><\/li>\n<\/ul>\n<\/li>\n<\/ul>\n<p><\/p>\n<ul class=\"wp-block-list\">\n<li style=\"list-style-type: none;\">\n<ul class=\"wp-block-list\">\n<li><span style=\"color: #000000;\">Cypr \u2013 Post\u0119powa Partia Ludu Pracuj\u0105cego (AKEL)<\/span><br \/><span style=\"color: #000000;\">Jedna z najsilniejszych partii komunistycznych w Europie \u2013 cz\u0119sto rywalizuje o w\u0142adz\u0119 lub wchodzi w koalicje rz\u0105dowe.<\/span><\/li>\n<\/ul>\n<\/li>\n<\/ul>\n<p><\/p>\n<ul class=\"wp-block-list\">\n<li style=\"list-style-type: none;\">\n<ul class=\"wp-block-list\">\n<li><span style=\"color: #000000;\">Belgia \u2013 Partia Pracy Belgii (PTB\/PVDA)<\/span><br \/><span style=\"color: #000000;\">Marksistowsko-leninowska partia z rosn\u0105cym poparciem, szczeg\u00f3lnie w\u015br\u00f3d imigrant\u00f3w i w du\u017cych miastach. Ma mandaty w parlamencie federalnym i europejskim.<\/span><\/li>\n<\/ul>\n<\/li>\n<\/ul>\n<p><\/p>\n<p><span style=\"color: #000000;\"><\/span><\/p>\n<h2><span style=\"color: #000000;\">Europejska wsp\u00f3\u0142praca komunist\u00f3w<\/span><\/h2>\n<p class=\"wp-block-paragraph\"><span style=\"color: #000000;\"><\/span><\/p>\n<p class=\"wp-block-paragraph\"><span style=\"color: #000000;\">W 2023 roku powsta\u0142a European Communist Action (ECA) \u2013 ortodoksyjna, antyrewizjonistyczna platforma skupiaj\u0105ca partie takie jak:<\/span><\/p>\n<p><span style=\"color: #000000;\"><\/span><\/p>\n<ul class=\"wp-block-list\">\n<li style=\"list-style-type: none;\">\n<ul class=\"wp-block-list\"><\/ul>\n<\/li>\n<\/ul>\n<p>\u00a0<\/p>\n<ul class=\"wp-block-list\">\n<li style=\"list-style-type: none;\">\n<ul class=\"wp-block-list\">\n<li><span style=\"color: #000000;\">KKE (Grecja)<\/span><\/li>\n<\/ul>\n<\/li>\n<\/ul>\n<p><\/p>\n<ul class=\"wp-block-list\">\n<li style=\"list-style-type: none;\">\n<ul class=\"wp-block-list\">\n<li><span style=\"color: #000000;\">Party of Labour of Austria (PdA)<\/span><\/li>\n<\/ul>\n<\/li>\n<\/ul>\n<p><\/p>\n<ul class=\"wp-block-list\">\n<li style=\"list-style-type: none;\">\n<ul class=\"wp-block-list\">\n<li><span style=\"color: #000000;\">Communist Workers\u2019 Party \u2013 For Peace and Socialism (Finlandia)<\/span><\/li>\n<\/ul>\n<\/li>\n<\/ul>\n<p><\/p>\n<ul class=\"wp-block-list\">\n<li style=\"list-style-type: none;\">\n<ul class=\"wp-block-list\">\n<li><span style=\"color: #000000;\">Revolutionary Communist Party of France (PCRF)<\/span><\/li>\n<\/ul>\n<\/li>\n<\/ul>\n<p><\/p>\n<ul class=\"wp-block-list\">\n<li style=\"list-style-type: none;\">\n<ul class=\"wp-block-list\">\n<li><span style=\"color: #000000;\">New Communist Party of the Netherlands (NCPN)<\/span><\/li>\n<\/ul>\n<\/li>\n<\/ul>\n<p><\/p>\n<ul class=\"wp-block-list\">\n<li style=\"list-style-type: none;\">\n<ul class=\"wp-block-list\">\n<li><span style=\"color: #000000;\">oraz inne mniejsze grupy z Irlandii, W\u0142och, Szwecji i Hiszpanii.<\/span><\/li>\n<\/ul>\n<\/li>\n<\/ul>\n<p><\/p>\n<p><span style=\"color: #000000;\"><\/span><\/p>\n<p class=\"wp-block-paragraph\"><span style=\"color: #000000;\">ECA regularnie organizuje telekonferencje i wsp\u00f3lne o\u015bwiadczenia przeciwko NATO, UE i \u201eimperializmowi\u201d. W lutym 2026 roku odby\u0142a si\u0119 kolejna taka narada pod has\u0142em krytyki wojen imperialistycznych.Opr\u00f3cz ECA istnieje szersza Party of the European Left (PEL), kt\u00f3ra \u0142\u0105czy partie komunistyczne z bardziej \u201eumiarkowanymi\u201d si\u0142ami lewicowymi.<\/span><\/p>\n<p><span style=\"color: #000000;\"><\/span><\/p>\n<h2><span style=\"color: #000000;\">Kraje, w kt\u00f3rych partie komunistyczne s\u0105 ograniczone lub zakazane<\/span><\/h2>\n<p class=\"wp-block-paragraph\"><span style=\"color: #000000;\"><\/span><\/p>\n<p class=\"wp-block-paragraph\"><span style=\"color: #000000;\">W wi\u0119kszo\u015bci kraj\u00f3w Europy \u015arodkowo-Wschodniej (Polska, Czechy, S\u0142owacja, W\u0119gry, Ukraina, Rumunia, kraje ba\u0142tyckie) symbole komunistyczne, propaganda i dzia\u0142alno\u015b\u0107 niekt\u00f3rych organizacji s\u0105 prawnie ograniczone lub zakazane. W Czechach od 2026 roku planowane jest dalsze zaostrzenie przepis\u00f3w przeciwko gloryfikacji komunizmu.W Europie Zachodniej partie komunistyczne dzia\u0142aj\u0105 legalnie, cho\u0107 zazwyczaj s\u0105 ma\u0142e \u2013 z wyj\u0105tkiem wymienionych wy\u017cej przypadk\u00f3w.<\/span><\/p>\n<p><span style=\"color: #000000;\"><\/span><\/p>\n<h2><span style=\"color: #000000;\">Dlaczego wci\u0105\u017c wierz\u0105?<\/span><\/h2>\n<p class=\"wp-block-paragraph\"><span style=\"color: #000000;\"><\/span><\/p>\n<p class=\"wp-block-paragraph\"><span style=\"color: #000000;\">Dla dzisiejszych komunist\u00f3w w Europie kl\u0119ski ZSRR, Chin pod Mao, Kambod\u017cy Czerwonych Khmer\u00f3w czy Wenezueli to nie dow\u00f3d na pora\u017ck\u0119 systemu, lecz \u201ezniekszta\u0142cenia\u201d, \u201erewizjonizm\u201d lub \u201ebrak prawdziwej realizacji\u201d. Nadal g\u0142osz\u0105, \u017ce kapitalizm jest w kryzysie, a przysz\u0142o\u015b\u0107 nale\u017cy do \u201edyktatury proletariatu\u201d \u2013 tylko tym razem w bardziej \u201edemokratycznej\u201d i \u201ezielonej\u201d wersji.Dzia\u0142aj\u0105 g\u0142\u00f3wnie w zwi\u0105zkach zawodowych, na uniwersytetach i w mediach spo\u0142eczno\u015bciowych, gdzie promuj\u0105 narracj\u0119 walki klas, antykapitalizmu i antyzachodniego antyimperializmu.<\/span><\/p>\n<p><span style=\"color: #000000;\"><\/span><\/p>\n<h2><span style=\"color: #000000;\">Lekcja dla antykomunist\u00f3w<\/span><\/h2>\n<p class=\"wp-block-paragraph\"><span style=\"color: #000000;\"><\/span><\/p>\n<p class=\"wp-block-paragraph\"><span style=\"color: #000000;\">W 2026 roku komunizm w Europie nie jest masowym zagro\u017ceniem, ale pozostaje ideologicznym wirusem, kt\u00f3ry nigdy nie znikn\u0105\u0142. Tam, gdzie socjali\u015bci otwieraj\u0105 drzwi (jak w Hiszpanii), komuni\u015bci wchodz\u0105 g\u0142\u0119biej \u2013 do ministerstw, szk\u00f3\u0142 i prawa. Tam, gdzie s\u0105 marginalni, dzia\u0142aj\u0105 jako \u201esumienie lewicy\u201d i radykalizuj\u0105 debat\u0119.Historia nauczy\u0142a nas, \u017ce nawet ma\u0142a, zdyscyplinowana partia komunistyczna mo\u017ce w kryzysie zdoby\u0107 ogromny wp\u0142yw. Dlatego nie wolno bagatelizowa\u0107 tych, kt\u00f3rzy w 2026 roku nadal otwarcie marz\u0105 o czerwonym raju \u2013 nawet je\u015bli dzi\u015b \u015bpiewaj\u0105 Mi\u0119dzynarod\u00f3wk\u0119 na festiwalach, a nie na barykadach.<\/span><\/p>\n<p><span style=\"color: #000000;\">\u0179r\u00f3d\u0142a i dalsze czytanie: European Communist Action, oficjalne komunikaty KKE, PCP, PCE oraz dane wyborcze z 2024\u20132025.<\/span><\/p>\n<p><span style=\"color: #000000;\"><\/span><\/p>\t\t\t\t\t\t\t\t<\/div>\n\t\t\t\t\t<\/div>\n\t\t\t\t<\/div>\n\t\t\t\t<\/div>\n\t\t","protected":false},"excerpt":{"rendered":"<p>Komunistyczne partie w Europie w 2026 \u2013 kto jeszcze wierzy w czerwony raj? Mimo upadku Zwi\u0105zku Sowieckiego w 1991 roku i krwawych lekcji XX wieku, w Europie nadal dzia\u0142aj\u0105 partie, kt\u00f3re otwarcie deklaruj\u0105 si\u0119 jako komunistyczne. Niekt\u00f3re z nich zachowa\u0142y ortodoksyjny marksizm-leninizm, inne dzia\u0142aj\u0105 w szerszych koalicjach lewicowych, a wszystkie nadal wierz\u0105, \u017ce \u201eprawdziwy komunizm\u201d [&hellip;]<\/p>\n","protected":false},"author":1,"featured_media":2052,"comment_status":"closed","ping_status":"closed","sticky":false,"template":"","format":"standard","meta":{"give_campaign_id":0,"footnotes":""},"categories":[22,45,46,44],"tags":[223,222,220,218,221,232,224,225],"class_list":["post-2042","post","type-post","status-publish","format-standard","has-post-thumbnail","hentry","category-aktualnosci","category-komunizm-w-panstwach-wspolczesnych","category-mechanizmy-wspolczesnego-komunizmu","category-wspolczesny-komunizm","tag-czerwony-raj","tag-european-communist-action","tag-kke","tag-komunistyczne-partie","tag-komunizm-europa-2026","tag-marksizm-leninizm","tag-pce","tag-pcp"],"yoast_head":"<!-- This site is optimized with the Yoast SEO plugin v28.4 - https:\/\/yoast.com\/product\/yoast-seo-wordpress\/ -->\n<title>Komunistyczne partie w Europie w 2026 \u2013 kto jeszcze wierzy w czerwony raj? - Antykomunistyczni.pl<\/title>\n<meta name=\"description\" content=\"Kt\u00f3re partie komunistyczne nadal dzia\u0142aj\u0105 w Europie w 2026 roku? Analiza KKE, PCP, PCE i European Communist Action. Dlaczego czerwony komunizm nie umar\u0142 \u2013 mimo lekcji historii.\" \/>\n<meta name=\"robots\" content=\"index, follow, max-snippet:-1, max-image-preview:large, max-video-preview:-1\" \/>\n<link rel=\"canonical\" href=\"https:\/\/antykomunistyczni.pl\/index.php\/komunistyczne-partie-w-europie-w-2026\/\" \/>\n<meta property=\"og:locale\" content=\"pl_PL\" \/>\n<meta property=\"og:type\" content=\"article\" \/>\n<meta property=\"og:title\" content=\"Komunistyczne partie w Europie w 2026 \u2013 kto jeszcze wierzy w czerwony raj? - Antykomunistyczni.pl\" \/>\n<meta property=\"og:description\" content=\"Kt\u00f3re partie komunistyczne nadal dzia\u0142aj\u0105 w Europie w 2026 roku? Analiza KKE, PCP, PCE i European Communist Action. Dlaczego czerwony komunizm nie umar\u0142 \u2013 mimo lekcji historii.\" \/>\n<meta property=\"og:url\" content=\"https:\/\/antykomunistyczni.pl\/index.php\/komunistyczne-partie-w-europie-w-2026\/\" \/>\n<meta property=\"og:site_name\" content=\"Antykomunistyczni.pl\" \/>\n<meta property=\"article:publisher\" content=\"https:\/\/www.facebook.com\/antykomunistyczni\/\" \/>\n<meta property=\"article:published_time\" content=\"2026-04-15T14:52:04+00:00\" \/>\n<meta property=\"article:modified_time\" content=\"2026-04-15T14:53:39+00:00\" \/>\n<meta property=\"og:image\" content=\"https:\/\/antykomunistyczni.pl\/wp-content\/uploads\/2026\/04\/20250907comiciofestaavante14.jpg\" \/>\n\t<meta property=\"og:image:width\" content=\"1620\" \/>\n\t<meta property=\"og:image:height\" content=\"1080\" \/>\n\t<meta property=\"og:image:type\" content=\"image\/jpeg\" \/>\n<meta name=\"author\" content=\"Antykomunistyczni\" \/>\n<meta name=\"twitter:card\" content=\"summary_large_image\" \/>\n<meta name=\"twitter:creator\" content=\"@anty_komunisci\" \/>\n<meta name=\"twitter:site\" content=\"@anty_komunisci\" \/>\n<meta name=\"twitter:label1\" content=\"Napisane przez\" \/>\n\t<meta name=\"twitter:data1\" content=\"Antykomunistyczni\" \/>\n\t<meta name=\"twitter:label2\" content=\"Szacowany czas czytania\" \/>\n\t<meta name=\"twitter:data2\" content=\"6 minut\" \/>\n<script type=\"application\/ld+json\" class=\"yoast-schema-graph\">{\"@context\":\"https:\\\/\\\/schema.org\",\"@graph\":[{\"@type\":\"Article\",\"@id\":\"https:\\\/\\\/antykomunistyczni.pl\\\/index.php\\\/komunistyczne-partie-w-europie-w-2026\\\/#article\",\"isPartOf\":{\"@id\":\"https:\\\/\\\/antykomunistyczni.pl\\\/index.php\\\/komunistyczne-partie-w-europie-w-2026\\\/\"},\"author\":{\"name\":\"Antykomunistyczni\",\"@id\":\"https:\\\/\\\/antykomunistyczni.pl\\\/#\\\/schema\\\/person\\\/4963e693e8006b94062d91d1295d02a0\"},\"headline\":\"Komunistyczne partie w Europie w 2026 \u2013 kto jeszcze wierzy w czerwony raj?\",\"datePublished\":\"2026-04-15T14:52:04+00:00\",\"dateModified\":\"2026-04-15T14:53:39+00:00\",\"mainEntityOfPage\":{\"@id\":\"https:\\\/\\\/antykomunistyczni.pl\\\/index.php\\\/komunistyczne-partie-w-europie-w-2026\\\/\"},\"wordCount\":764,\"publisher\":{\"@id\":\"https:\\\/\\\/antykomunistyczni.pl\\\/#organization\"},\"image\":{\"@id\":\"https:\\\/\\\/antykomunistyczni.pl\\\/index.php\\\/komunistyczne-partie-w-europie-w-2026\\\/#primaryimage\"},\"thumbnailUrl\":\"https:\\\/\\\/antykomunistyczni.pl\\\/wp-content\\\/uploads\\\/2026\\\/04\\\/20250907comiciofestaavante14.jpg\",\"keywords\":[\"czerwony raj\",\"European Communist Action\",\"KKE\",\"komunistyczne partie\",\"komunizm Europa 2026\",\"marksizm leninizm\",\"PCE\",\"PCP\"],\"articleSection\":[\"Aktualno\u015bci\",\"Komunizm w pa\u0144stwach wsp\u00f3\u0142czesnych\",\"Mechanizmy wsp\u00f3\u0142czesnego komunizmu\",\"Wsp\u00f3\u0142czesny komunizm\"],\"inLanguage\":\"pl-PL\"},{\"@type\":\"WebPage\",\"@id\":\"https:\\\/\\\/antykomunistyczni.pl\\\/index.php\\\/komunistyczne-partie-w-europie-w-2026\\\/\",\"url\":\"https:\\\/\\\/antykomunistyczni.pl\\\/index.php\\\/komunistyczne-partie-w-europie-w-2026\\\/\",\"name\":\"Komunistyczne partie w Europie w 2026 \u2013 kto jeszcze wierzy w czerwony raj? - Antykomunistyczni.pl\",\"isPartOf\":{\"@id\":\"https:\\\/\\\/antykomunistyczni.pl\\\/#website\"},\"primaryImageOfPage\":{\"@id\":\"https:\\\/\\\/antykomunistyczni.pl\\\/index.php\\\/komunistyczne-partie-w-europie-w-2026\\\/#primaryimage\"},\"image\":{\"@id\":\"https:\\\/\\\/antykomunistyczni.pl\\\/index.php\\\/komunistyczne-partie-w-europie-w-2026\\\/#primaryimage\"},\"thumbnailUrl\":\"https:\\\/\\\/antykomunistyczni.pl\\\/wp-content\\\/uploads\\\/2026\\\/04\\\/20250907comiciofestaavante14.jpg\",\"datePublished\":\"2026-04-15T14:52:04+00:00\",\"dateModified\":\"2026-04-15T14:53:39+00:00\",\"description\":\"Kt\u00f3re partie komunistyczne nadal dzia\u0142aj\u0105 w Europie w 2026 roku? Analiza KKE, PCP, PCE i European Communist Action. Dlaczego czerwony komunizm nie umar\u0142 \u2013 mimo lekcji historii.\",\"breadcrumb\":{\"@id\":\"https:\\\/\\\/antykomunistyczni.pl\\\/index.php\\\/komunistyczne-partie-w-europie-w-2026\\\/#breadcrumb\"},\"inLanguage\":\"pl-PL\",\"potentialAction\":[{\"@type\":\"ReadAction\",\"target\":[\"https:\\\/\\\/antykomunistyczni.pl\\\/index.php\\\/komunistyczne-partie-w-europie-w-2026\\\/\"]}]},{\"@type\":\"ImageObject\",\"inLanguage\":\"pl-PL\",\"@id\":\"https:\\\/\\\/antykomunistyczni.pl\\\/index.php\\\/komunistyczne-partie-w-europie-w-2026\\\/#primaryimage\",\"url\":\"https:\\\/\\\/antykomunistyczni.pl\\\/wp-content\\\/uploads\\\/2026\\\/04\\\/20250907comiciofestaavante14.jpg\",\"contentUrl\":\"https:\\\/\\\/antykomunistyczni.pl\\\/wp-content\\\/uploads\\\/2026\\\/04\\\/20250907comiciofestaavante14.jpg\",\"width\":1620,\"height\":1080},{\"@type\":\"BreadcrumbList\",\"@id\":\"https:\\\/\\\/antykomunistyczni.pl\\\/index.php\\\/komunistyczne-partie-w-europie-w-2026\\\/#breadcrumb\",\"itemListElement\":[{\"@type\":\"ListItem\",\"position\":1,\"name\":\"Strona g\u0142\u00f3wna\",\"item\":\"https:\\\/\\\/antykomunistyczni.pl\\\/\"},{\"@type\":\"ListItem\",\"position\":2,\"name\":\"Komunistyczne partie w Europie w 2026 \u2013 kto jeszcze wierzy w czerwony raj?\"}]},{\"@type\":\"WebSite\",\"@id\":\"https:\\\/\\\/antykomunistyczni.pl\\\/#website\",\"url\":\"https:\\\/\\\/antykomunistyczni.pl\\\/\",\"name\":\"Antykomunistyczni.pl\",\"description\":\"\",\"publisher\":{\"@id\":\"https:\\\/\\\/antykomunistyczni.pl\\\/#organization\"},\"alternateName\":\"Historia PRL, zbrodnie komunistyczne w Polsce i na \u015bwiecie\",\"potentialAction\":[{\"@type\":\"SearchAction\",\"target\":{\"@type\":\"EntryPoint\",\"urlTemplate\":\"https:\\\/\\\/antykomunistyczni.pl\\\/?s={search_term_string}\"},\"query-input\":{\"@type\":\"PropertyValueSpecification\",\"valueRequired\":true,\"valueName\":\"search_term_string\"}}],\"inLanguage\":\"pl-PL\"},{\"@type\":\"Organization\",\"@id\":\"https:\\\/\\\/antykomunistyczni.pl\\\/#organization\",\"name\":\"Antykomunistyczni.pl\",\"url\":\"https:\\\/\\\/antykomunistyczni.pl\\\/\",\"logo\":{\"@type\":\"ImageObject\",\"inLanguage\":\"pl-PL\",\"@id\":\"https:\\\/\\\/antykomunistyczni.pl\\\/#\\\/schema\\\/logo\\\/image\\\/\",\"url\":\"https:\\\/\\\/antykomunistyczni.pl\\\/wp-content\\\/uploads\\\/2026\\\/02\\\/cropped-AntykomunistyczniLogoSquare150x150-2.png\",\"contentUrl\":\"https:\\\/\\\/antykomunistyczni.pl\\\/wp-content\\\/uploads\\\/2026\\\/02\\\/cropped-AntykomunistyczniLogoSquare150x150-2.png\",\"width\":150,\"height\":150,\"caption\":\"Antykomunistyczni.pl\"},\"image\":{\"@id\":\"https:\\\/\\\/antykomunistyczni.pl\\\/#\\\/schema\\\/logo\\\/image\\\/\"},\"sameAs\":[\"https:\\\/\\\/www.facebook.com\\\/antykomunistyczni\\\/\",\"https:\\\/\\\/x.com\\\/anty_komunisci\"]},{\"@type\":\"Person\",\"@id\":\"https:\\\/\\\/antykomunistyczni.pl\\\/#\\\/schema\\\/person\\\/4963e693e8006b94062d91d1295d02a0\",\"name\":\"Antykomunistyczni\",\"image\":{\"@type\":\"ImageObject\",\"inLanguage\":\"pl-PL\",\"@id\":\"https:\\\/\\\/secure.gravatar.com\\\/avatar\\\/ff172875f9ced7887f883245268c1ba638c26cf1e0530f7f61b4705963a6730b?s=96&d=mm&r=g\",\"url\":\"https:\\\/\\\/secure.gravatar.com\\\/avatar\\\/ff172875f9ced7887f883245268c1ba638c26cf1e0530f7f61b4705963a6730b?s=96&d=mm&r=g\",\"contentUrl\":\"https:\\\/\\\/secure.gravatar.com\\\/avatar\\\/ff172875f9ced7887f883245268c1ba638c26cf1e0530f7f61b4705963a6730b?s=96&d=mm&r=g\",\"caption\":\"Antykomunistyczni\"},\"sameAs\":[\"http:\\\/\\\/antykomunistyczni.pl\"],\"url\":\"https:\\\/\\\/antykomunistyczni.pl\\\/index.php\\\/author\\\/admin0\\\/\"}]}<\/script>\n<!-- \/ Yoast SEO plugin. -->","yoast_head_json":{"title":"Komunistyczne partie w Europie w 2026 \u2013 kto jeszcze wierzy w czerwony raj? - Antykomunistyczni.pl","description":"Kt\u00f3re partie komunistyczne nadal dzia\u0142aj\u0105 w Europie w 2026 roku? Analiza KKE, PCP, PCE i European Communist Action. Dlaczego czerwony komunizm nie umar\u0142 \u2013 mimo lekcji historii.","robots":{"index":"index","follow":"follow","max-snippet":"max-snippet:-1","max-image-preview":"max-image-preview:large","max-video-preview":"max-video-preview:-1"},"canonical":"https:\/\/antykomunistyczni.pl\/index.php\/komunistyczne-partie-w-europie-w-2026\/","og_locale":"pl_PL","og_type":"article","og_title":"Komunistyczne partie w Europie w 2026 \u2013 kto jeszcze wierzy w czerwony raj? - Antykomunistyczni.pl","og_description":"Kt\u00f3re partie komunistyczne nadal dzia\u0142aj\u0105 w Europie w 2026 roku? Analiza KKE, PCP, PCE i European Communist Action. Dlaczego czerwony komunizm nie umar\u0142 \u2013 mimo lekcji historii.","og_url":"https:\/\/antykomunistyczni.pl\/index.php\/komunistyczne-partie-w-europie-w-2026\/","og_site_name":"Antykomunistyczni.pl","article_publisher":"https:\/\/www.facebook.com\/antykomunistyczni\/","article_published_time":"2026-04-15T14:52:04+00:00","article_modified_time":"2026-04-15T14:53:39+00:00","og_image":[{"width":1620,"height":1080,"url":"https:\/\/antykomunistyczni.pl\/wp-content\/uploads\/2026\/04\/20250907comiciofestaavante14.jpg","type":"image\/jpeg"}],"author":"Antykomunistyczni","twitter_card":"summary_large_image","twitter_creator":"@anty_komunisci","twitter_site":"@anty_komunisci","twitter_misc":{"Napisane przez":"Antykomunistyczni","Szacowany czas czytania":"6 minut"},"schema":{"@context":"https:\/\/schema.org","@graph":[{"@type":"Article","@id":"https:\/\/antykomunistyczni.pl\/index.php\/komunistyczne-partie-w-europie-w-2026\/#article","isPartOf":{"@id":"https:\/\/antykomunistyczni.pl\/index.php\/komunistyczne-partie-w-europie-w-2026\/"},"author":{"name":"Antykomunistyczni","@id":"https:\/\/antykomunistyczni.pl\/#\/schema\/person\/4963e693e8006b94062d91d1295d02a0"},"headline":"Komunistyczne partie w Europie w 2026 \u2013 kto jeszcze wierzy w czerwony raj?","datePublished":"2026-04-15T14:52:04+00:00","dateModified":"2026-04-15T14:53:39+00:00","mainEntityOfPage":{"@id":"https:\/\/antykomunistyczni.pl\/index.php\/komunistyczne-partie-w-europie-w-2026\/"},"wordCount":764,"publisher":{"@id":"https:\/\/antykomunistyczni.pl\/#organization"},"image":{"@id":"https:\/\/antykomunistyczni.pl\/index.php\/komunistyczne-partie-w-europie-w-2026\/#primaryimage"},"thumbnailUrl":"https:\/\/antykomunistyczni.pl\/wp-content\/uploads\/2026\/04\/20250907comiciofestaavante14.jpg","keywords":["czerwony raj","European Communist Action","KKE","komunistyczne partie","komunizm Europa 2026","marksizm leninizm","PCE","PCP"],"articleSection":["Aktualno\u015bci","Komunizm w pa\u0144stwach wsp\u00f3\u0142czesnych","Mechanizmy wsp\u00f3\u0142czesnego komunizmu","Wsp\u00f3\u0142czesny komunizm"],"inLanguage":"pl-PL"},{"@type":"WebPage","@id":"https:\/\/antykomunistyczni.pl\/index.php\/komunistyczne-partie-w-europie-w-2026\/","url":"https:\/\/antykomunistyczni.pl\/index.php\/komunistyczne-partie-w-europie-w-2026\/","name":"Komunistyczne partie w Europie w 2026 \u2013 kto jeszcze wierzy w czerwony raj? - Antykomunistyczni.pl","isPartOf":{"@id":"https:\/\/antykomunistyczni.pl\/#website"},"primaryImageOfPage":{"@id":"https:\/\/antykomunistyczni.pl\/index.php\/komunistyczne-partie-w-europie-w-2026\/#primaryimage"},"image":{"@id":"https:\/\/antykomunistyczni.pl\/index.php\/komunistyczne-partie-w-europie-w-2026\/#primaryimage"},"thumbnailUrl":"https:\/\/antykomunistyczni.pl\/wp-content\/uploads\/2026\/04\/20250907comiciofestaavante14.jpg","datePublished":"2026-04-15T14:52:04+00:00","dateModified":"2026-04-15T14:53:39+00:00","description":"Kt\u00f3re partie komunistyczne nadal dzia\u0142aj\u0105 w Europie w 2026 roku? Analiza KKE, PCP, PCE i European Communist Action. Dlaczego czerwony komunizm nie umar\u0142 \u2013 mimo lekcji historii.","breadcrumb":{"@id":"https:\/\/antykomunistyczni.pl\/index.php\/komunistyczne-partie-w-europie-w-2026\/#breadcrumb"},"inLanguage":"pl-PL","potentialAction":[{"@type":"ReadAction","target":["https:\/\/antykomunistyczni.pl\/index.php\/komunistyczne-partie-w-europie-w-2026\/"]}]},{"@type":"ImageObject","inLanguage":"pl-PL","@id":"https:\/\/antykomunistyczni.pl\/index.php\/komunistyczne-partie-w-europie-w-2026\/#primaryimage","url":"https:\/\/antykomunistyczni.pl\/wp-content\/uploads\/2026\/04\/20250907comiciofestaavante14.jpg","contentUrl":"https:\/\/antykomunistyczni.pl\/wp-content\/uploads\/2026\/04\/20250907comiciofestaavante14.jpg","width":1620,"height":1080},{"@type":"BreadcrumbList","@id":"https:\/\/antykomunistyczni.pl\/index.php\/komunistyczne-partie-w-europie-w-2026\/#breadcrumb","itemListElement":[{"@type":"ListItem","position":1,"name":"Strona g\u0142\u00f3wna","item":"https:\/\/antykomunistyczni.pl\/"},{"@type":"ListItem","position":2,"name":"Komunistyczne partie w Europie w 2026 \u2013 kto jeszcze wierzy w czerwony raj?"}]},{"@type":"WebSite","@id":"https:\/\/antykomunistyczni.pl\/#website","url":"https:\/\/antykomunistyczni.pl\/","name":"Antykomunistyczni.pl","description":"","publisher":{"@id":"https:\/\/antykomunistyczni.pl\/#organization"},"alternateName":"Historia PRL, zbrodnie komunistyczne w Polsce i na \u015bwiecie","potentialAction":[{"@type":"SearchAction","target":{"@type":"EntryPoint","urlTemplate":"https:\/\/antykomunistyczni.pl\/?s={search_term_string}"},"query-input":{"@type":"PropertyValueSpecification","valueRequired":true,"valueName":"search_term_string"}}],"inLanguage":"pl-PL"},{"@type":"Organization","@id":"https:\/\/antykomunistyczni.pl\/#organization","name":"Antykomunistyczni.pl","url":"https:\/\/antykomunistyczni.pl\/","logo":{"@type":"ImageObject","inLanguage":"pl-PL","@id":"https:\/\/antykomunistyczni.pl\/#\/schema\/logo\/image\/","url":"https:\/\/antykomunistyczni.pl\/wp-content\/uploads\/2026\/02\/cropped-AntykomunistyczniLogoSquare150x150-2.png","contentUrl":"https:\/\/antykomunistyczni.pl\/wp-content\/uploads\/2026\/02\/cropped-AntykomunistyczniLogoSquare150x150-2.png","width":150,"height":150,"caption":"Antykomunistyczni.pl"},"image":{"@id":"https:\/\/antykomunistyczni.pl\/#\/schema\/logo\/image\/"},"sameAs":["https:\/\/www.facebook.com\/antykomunistyczni\/","https:\/\/x.com\/anty_komunisci"]},{"@type":"Person","@id":"https:\/\/antykomunistyczni.pl\/#\/schema\/person\/4963e693e8006b94062d91d1295d02a0","name":"Antykomunistyczni","image":{"@type":"ImageObject","inLanguage":"pl-PL","@id":"https:\/\/secure.gravatar.com\/avatar\/ff172875f9ced7887f883245268c1ba638c26cf1e0530f7f61b4705963a6730b?s=96&d=mm&r=g","url":"https:\/\/secure.gravatar.com\/avatar\/ff172875f9ced7887f883245268c1ba638c26cf1e0530f7f61b4705963a6730b?s=96&d=mm&r=g","contentUrl":"https:\/\/secure.gravatar.com\/avatar\/ff172875f9ced7887f883245268c1ba638c26cf1e0530f7f61b4705963a6730b?s=96&d=mm&r=g","caption":"Antykomunistyczni"},"sameAs":["http:\/\/antykomunistyczni.pl"],"url":"https:\/\/antykomunistyczni.pl\/index.php\/author\/admin0\/"}]}},"_links":{"self":[{"href":"https:\/\/antykomunistyczni.pl\/index.php\/wp-json\/wp\/v2\/posts\/2042","targetHints":{"allow":["GET"]}}],"collection":[{"href":"https:\/\/antykomunistyczni.pl\/index.php\/wp-json\/wp\/v2\/posts"}],"about":[{"href":"https:\/\/antykomunistyczni.pl\/index.php\/wp-json\/wp\/v2\/types\/post"}],"author":[{"embeddable":true,"href":"https:\/\/antykomunistyczni.pl\/index.php\/wp-json\/wp\/v2\/users\/1"}],"replies":[{"embeddable":true,"href":"https:\/\/antykomunistyczni.pl\/index.php\/wp-json\/wp\/v2\/comments?post=2042"}],"version-history":[{"count":10,"href":"https:\/\/antykomunistyczni.pl\/index.php\/wp-json\/wp\/v2\/posts\/2042\/revisions"}],"predecessor-version":[{"id":2059,"href":"https:\/\/antykomunistyczni.pl\/index.php\/wp-json\/wp\/v2\/posts\/2042\/revisions\/2059"}],"wp:featuredmedia":[{"embeddable":true,"href":"https:\/\/antykomunistyczni.pl\/index.php\/wp-json\/wp\/v2\/media\/2052"}],"wp:attachment":[{"href":"https:\/\/antykomunistyczni.pl\/index.php\/wp-json\/wp\/v2\/media?parent=2042"}],"wp:term":[{"taxonomy":"category","embeddable":true,"href":"https:\/\/antykomunistyczni.pl\/index.php\/wp-json\/wp\/v2\/categories?post=2042"},{"taxonomy":"post_tag","embeddable":true,"href":"https:\/\/antykomunistyczni.pl\/index.php\/wp-json\/wp\/v2\/tags?post=2042"}],"curies":[{"name":"wp","href":"https:\/\/api.w.org\/{rel}","templated":true}]}}