{"id":2085,"date":"2026-05-06T10:41:08","date_gmt":"2026-05-06T08:41:08","guid":{"rendered":"https:\/\/antykomunistyczni.pl\/?p=2085"},"modified":"2026-05-06T10:45:38","modified_gmt":"2026-05-06T08:45:38","slug":"komunistyczna-partia-polski-dalej-dziala-delegalizacja-wycofana","status":"publish","type":"post","link":"https:\/\/antykomunistyczni.pl\/index.php\/komunistyczna-partia-polski-dalej-dziala-delegalizacja-wycofana\/","title":{"rendered":"Komunistyczna Partia Polski dalej dzia\u0142a. Delegalizacja wycofana \u2013 skandal w 2026 roku"},"content":{"rendered":"\t\t<div data-elementor-type=\"wp-post\" data-elementor-id=\"2085\" class=\"elementor elementor-2085\">\n\t\t\t\t<div class=\"elementor-element elementor-element-a2ceaca e-flex e-con-boxed e-con e-parent\" data-id=\"a2ceaca\" data-element_type=\"container\" data-e-type=\"container\">\n\t\t\t\t\t<div class=\"e-con-inner\">\n\t\t\t\t<div class=\"elementor-element elementor-element-8f44d43 elementor-widget elementor-widget-image\" data-id=\"8f44d43\" data-element_type=\"widget\" data-e-type=\"widget\" data-widget_type=\"image.default\">\n\t\t\t\t\t\t\t\t\t\t\t\t\t\t\t<img fetchpriority=\"high\" decoding=\"async\" width=\"768\" height=\"512\" src=\"https:\/\/antykomunistyczni.pl\/wp-content\/uploads\/2026\/03\/KPPDelegalizacja-768x512.jpg\" class=\"attachment-medium_large size-medium_large wp-image-1157\" alt=\"\" srcset=\"https:\/\/antykomunistyczni.pl\/wp-content\/uploads\/2026\/03\/KPPDelegalizacja-768x512.jpg 768w, https:\/\/antykomunistyczni.pl\/wp-content\/uploads\/2026\/03\/KPPDelegalizacja-300x200.jpg 300w, https:\/\/antykomunistyczni.pl\/wp-content\/uploads\/2026\/03\/KPPDelegalizacja-1024x683.jpg 1024w, https:\/\/antykomunistyczni.pl\/wp-content\/uploads\/2026\/03\/KPPDelegalizacja-240x160.jpg 240w, https:\/\/antykomunistyczni.pl\/wp-content\/uploads\/2026\/03\/KPPDelegalizacja.jpg 1200w\" sizes=\"(max-width: 768px) 100vw, 768px\" \/>\t\t\t\t\t\t\t\t\t\t\t\t\t\t\t<\/div>\n\t\t\t\t\t<\/div>\n\t\t\t\t<\/div>\n\t\t<div class=\"elementor-element elementor-element-46ee744f e-flex e-con-boxed e-con e-parent\" data-id=\"46ee744f\" data-element_type=\"container\" data-e-type=\"container\">\n\t\t\t\t\t<div class=\"e-con-inner\">\n\t\t\t\t<div class=\"elementor-element elementor-element-4c300530 elementor-widget elementor-widget-text-editor\" data-id=\"4c300530\" data-element_type=\"widget\" data-e-type=\"widget\" data-widget_type=\"text-editor.default\">\n\t\t\t\t\t\t\t\t\t\n<p class=\"wp-block-paragraph\">Komunistyczna Partia Polski (KPP), pomimo wyroku Trybuna\u0142u Konstytucyjnego z grudnia 2025 roku, wr\u00f3ci\u0142a do oficjalnego rejestru partii politycznych i mo\u017ce legalnie dzia\u0142a\u0107.To nie jest pomy\u0142ka proceduralna. To symbol s\u0142abo\u015bci pa\u0144stwa wobec otwartego komunizmu w III RP.<\/p>\n\n<h2><strong>Kronika wydarze\u0144<\/strong><\/h2>\n\n<ul class=\"wp-block-list\">\n<li>3 grudnia 2025 \u2013 Trybuna\u0142 Konstytucyjny (w pe\u0142nym sk\u0142adzie) orzek\u0142 jednog\u0142o\u015bnie, \u017ce cele i dzia\u0142alno\u015b\u0107 KPP s\u0105 niezgodne z art. 13 Konstytucji RP, kt\u00f3ry zakazuje istnienia partii odwo\u0142uj\u0105cych si\u0119 do totalitarnych metod komunizmu, propaguj\u0105cych przemoc oraz d\u0105\u017c\u0105cych do obalenia demokratycznego porz\u0105dku.<\/li>\n\n<li>15 grudnia 2025 \u2013 S\u0105d Okr\u0119gowy w Warszawie wykre\u015bli\u0142 KPP z ewidencji partii politycznych.<\/li>\n\n<li>Kwiecie\u0144 2026 \u2013 KPP wraca do rejestru. Pow\u00f3d? Formalne uchybienia (m.in. brak publikacji wyroku TK w odpowiednim terminie) oraz skuteczne odwo\u0142anie komunist\u00f3w.<\/li>\n<\/ul>\n\n<p class=\"wp-block-paragraph\">W efekcie partia, kt\u00f3ra otwarcie gloryfikuje zbrodniarzy komunistycznych, Lenina, Stalina, a nawet agresj\u0119 ZSRR na Polsk\u0119 w 1920 i 1939 roku, mo\u017ce ponownie legalnie werbowa\u0107 cz\u0142onk\u00f3w, organizowa\u0107 manifestacje i bra\u0107 udzia\u0142 w wyborach.<\/p>\n\n<h2><strong>Kim jest dzisiejsza KPP?<\/strong><\/h2>\n\n<p class=\"wp-block-paragraph\">Komunistyczna Partia Polski powsta\u0142a w 2002 roku jako bezpo\u015brednia spadkobierczyni przedwojennej KPP (rozwi\u0105zanej przez Komintern w 1938 roku). W swoim programie i dzia\u0142alno\u015bci:<\/p>\n\n<ul class=\"wp-block-list\">\n<li>Odwo\u0142uje si\u0119 wprost do tradycji marksizmu-leninizmu i stalinizmu,<\/li>\n\n<li>U\u017cywa has\u0142a \u201eProletariusze wszystkich kraj\u00f3w, \u0142\u0105czcie si\u0119!\u201d,<\/li>\n\n<li>\u015apiewa \u201eMi\u0119dzynarod\u00f3wk\u0119\u201d na swoich zjazdach,<\/li>\n\n<li>Otwarcie neguje lub relatywizuje zbrodnie komunizmu,<\/li>\n\n<li>Atakuje \u201ebur\u017cuazyjn\u0105 Polsk\u0119\u201d i NATO,<\/li>\n\n<li>Wsp\u00f3\u0142pracuje z innymi europejskimi partiami komunistycznymi.<\/li>\n<\/ul>\n\n<p class=\"wp-block-paragraph\">To nie jest \u201enieszkodliwa grupka emeryt\u00f3w\u201d. To ideologiczni spadkobiercy tych, kt\u00f3rzy zdradzali Polsk\u0119 w 1920, 1939 i po 1944 roku.Dlaczego delegalizacja upad\u0142a?Sprawa pokazuje klasyczne problemy III RP:<\/p>\n\n<ol class=\"wp-block-list\" start=\"1\">\n<li>S\u0142abo\u015b\u0107 instytucjonalna \u2013 nawet przy jednoznacznym wyroku TK system proceduralny pozwala komunistom na powr\u00f3t.<\/li>\n\n<li>Brak woli politycznej \u2013 lata zaniedba\u0144 w egzekwowaniu prawa antykomunistycznego.<\/li>\n\n<li>Hipokryzja systemu \u2013 pa\u0144stwo, kt\u00f3re potrafi \u015bciga\u0107 \u201emow\u0119 nienawi\u015bci\u201d na Twitterze, nagle staje si\u0119 bezradne wobec otwartej propagandy komunistycznej.<\/li>\n<\/ol>\n\n<p class=\"wp-block-paragraph\">W krajach takich jak Czechy, Litwa czy \u0141otwa symbole i partie komunistyczne s\u0105 zakazane lub mocno ograniczone. W Polsce \u2013 po 37 latach od \u201eko\u0144ca komunizmu\u201d \u2013 partia otwarcie komunistyczna mo\u017ce legalnie funkcjonowa\u0107.To nie jest koniec<\/p>\n\n<p class=\"wp-block-paragraph\">Sytuacja jest skandaliczna, ale mo\u017ce sta\u0107 si\u0119 katalizatorem prawdziwej debaty. Je\u015bli pa\u0144stwo polskie nie jest w stanie skutecznie zdelegalizowa\u0107 partii, kt\u00f3ra otwarcie odwo\u0142uje si\u0119 do ideologii odpowiedzialnej za dziesi\u0105tki milion\u00f3w ofiar na ca\u0142ym \u015bwiecie, to znaczy, \u017ce rozliczenie z komunizmem w Polsce jest jedynie fasadowe.<\/p>\n\n<p class=\"wp-block-paragraph\"><br \/><strong>Jak to mo\u017cliwe, \u017ce w Polsce w 2026 roku legalnie dzia\u0142a partia komunistyczna,<\/strong> podczas gdy setki patriot\u00f3w by\u0142o represjonowanych za antykomunizm w czasach PRL To nie jest kwestia formalno\u015bci prawnych. To kwestia suwerenno\u015bci, godno\u015bci i pami\u0119ci.Pa\u0144stwo, kt\u00f3re nie potrafi zakaza\u0107 legalnego dzia\u0142ania partii komunistycznej, pokazuje swoj\u0105 s\u0142abo\u015b\u0107 wobec ideologii, kt\u00f3ra ju\u017c raz je zniszczy\u0142a.<\/p>\n\n<p class=\"wp-block-paragraph\">Przeczytaj wi\u0119cej w dziale \u201eWsp\u00f3\u0142czesny komunizm\u201d:<br \/><a href=\"https:\/\/antykomunistyczni.pl\/index.php\/wspolczesny-komunizm-blog\/\" target=\"_blank\" rel=\"noreferrer noopener\">https:\/\/antykomunistyczni.pl\/index.php\/wspolczesny-komunizm-blog\/<\/a><\/p>\n\t\t\t\t\t\t\t\t<\/div>\n\t\t\t\t\t<\/div>\n\t\t\t\t<\/div>\n\t\t\t\t<\/div>\n\t\t","protected":false},"excerpt":{"rendered":"<p>Komunistyczna Partia Polski (KPP), pomimo wyroku Trybuna\u0142u Konstytucyjnego z grudnia 2025 roku, wr\u00f3ci\u0142a do oficjalnego rejestru partii politycznych i mo\u017ce legalnie dzia\u0142a\u0107.To nie jest pomy\u0142ka proceduralna. To symbol s\u0142abo\u015bci pa\u0144stwa wobec otwartego komunizmu w III RP. Kronika wydarze\u0144 W efekcie partia, kt\u00f3ra otwarcie gloryfikuje zbrodniarzy komunistycznych, Lenina, Stalina, a nawet agresj\u0119 ZSRR na Polsk\u0119 w [&hellip;]<\/p>\n","protected":false},"author":1,"featured_media":1157,"comment_status":"closed","ping_status":"closed","sticky":false,"template":"","format":"standard","meta":{"give_campaign_id":0,"footnotes":""},"categories":[22,26,45,44],"tags":[252,253,254,250,255,260],"class_list":["post-2085","post","type-post","status-publish","format-standard","has-post-thumbnail","hentry","category-aktualnosci","category-komunisci","category-komunizm-w-panstwach-wspolczesnych","category-wspolczesny-komunizm","tag-delegalizacja-kpp","tag-komunistyczna-partia-polski","tag-komunizm-w-polsce-2026","tag-kpp","tag-propaganda-komunistyczna","tag-trybunal-konstytucyjny-kpp"],"yoast_head":"<!-- This site is optimized with the Yoast SEO plugin v28.4 - https:\/\/yoast.com\/product\/yoast-seo-wordpress\/ -->\n<title>Komunistyczna Partia Polski dalej dzia\u0142a. Delegalizacja wycofana \u2013 skandal w 2026 roku - Antykomunistyczni.pl<\/title>\n<meta name=\"description\" content=\"Komunistyczna Partia Polski (KPP) wr\u00f3ci\u0142a do rejestru pomimo wyroku Trybuna\u0142u Konstytucyjnego. Skandal w 2026 roku \u2013 pa\u0144stwo nie potrafi zdelegalizowa\u0107 otwartej partii komunistycznej.\" \/>\n<meta name=\"robots\" content=\"index, follow, max-snippet:-1, max-image-preview:large, max-video-preview:-1\" \/>\n<link rel=\"canonical\" href=\"https:\/\/antykomunistyczni.pl\/index.php\/komunistyczna-partia-polski-dalej-dziala-delegalizacja-wycofana\/\" \/>\n<meta property=\"og:locale\" content=\"pl_PL\" \/>\n<meta property=\"og:type\" content=\"article\" \/>\n<meta property=\"og:title\" content=\"Komunistyczna Partia Polski dalej dzia\u0142a. Delegalizacja wycofana \u2013 skandal w 2026 roku - Antykomunistyczni.pl\" \/>\n<meta property=\"og:description\" content=\"Komunistyczna Partia Polski (KPP) wr\u00f3ci\u0142a do rejestru pomimo wyroku Trybuna\u0142u Konstytucyjnego. Skandal w 2026 roku \u2013 pa\u0144stwo nie potrafi zdelegalizowa\u0107 otwartej partii komunistycznej.\" \/>\n<meta property=\"og:url\" content=\"https:\/\/antykomunistyczni.pl\/index.php\/komunistyczna-partia-polski-dalej-dziala-delegalizacja-wycofana\/\" \/>\n<meta property=\"og:site_name\" content=\"Antykomunistyczni.pl\" \/>\n<meta property=\"article:publisher\" content=\"https:\/\/www.facebook.com\/antykomunistyczni\/\" \/>\n<meta property=\"article:published_time\" content=\"2026-05-06T08:41:08+00:00\" \/>\n<meta property=\"article:modified_time\" content=\"2026-05-06T08:45:38+00:00\" \/>\n<meta property=\"og:image\" content=\"https:\/\/antykomunistyczni.pl\/wp-content\/uploads\/2026\/03\/KPPDelegalizacja.jpg\" \/>\n\t<meta property=\"og:image:width\" content=\"1200\" \/>\n\t<meta property=\"og:image:height\" content=\"800\" \/>\n\t<meta property=\"og:image:type\" content=\"image\/jpeg\" \/>\n<meta name=\"author\" content=\"Antykomunistyczni\" \/>\n<meta name=\"twitter:card\" content=\"summary_large_image\" \/>\n<meta name=\"twitter:creator\" content=\"@anty_komunisci\" \/>\n<meta name=\"twitter:site\" content=\"@anty_komunisci\" \/>\n<meta name=\"twitter:label1\" content=\"Napisane przez\" \/>\n\t<meta name=\"twitter:data1\" content=\"Antykomunistyczni\" \/>\n\t<meta name=\"twitter:label2\" content=\"Szacowany czas czytania\" \/>\n\t<meta name=\"twitter:data2\" content=\"3 minuty\" \/>\n<script type=\"application\/ld+json\" class=\"yoast-schema-graph\">{\"@context\":\"https:\\\/\\\/schema.org\",\"@graph\":[{\"@type\":\"Article\",\"@id\":\"https:\\\/\\\/antykomunistyczni.pl\\\/index.php\\\/komunistyczna-partia-polski-dalej-dziala-delegalizacja-wycofana\\\/#article\",\"isPartOf\":{\"@id\":\"https:\\\/\\\/antykomunistyczni.pl\\\/index.php\\\/komunistyczna-partia-polski-dalej-dziala-delegalizacja-wycofana\\\/\"},\"author\":{\"name\":\"Antykomunistyczni\",\"@id\":\"https:\\\/\\\/antykomunistyczni.pl\\\/#\\\/schema\\\/person\\\/4963e693e8006b94062d91d1295d02a0\"},\"headline\":\"Komunistyczna Partia Polski dalej dzia\u0142a. Delegalizacja wycofana \u2013 skandal w 2026 roku\",\"datePublished\":\"2026-05-06T08:41:08+00:00\",\"dateModified\":\"2026-05-06T08:45:38+00:00\",\"mainEntityOfPage\":{\"@id\":\"https:\\\/\\\/antykomunistyczni.pl\\\/index.php\\\/komunistyczna-partia-polski-dalej-dziala-delegalizacja-wycofana\\\/\"},\"wordCount\":499,\"publisher\":{\"@id\":\"https:\\\/\\\/antykomunistyczni.pl\\\/#organization\"},\"image\":{\"@id\":\"https:\\\/\\\/antykomunistyczni.pl\\\/index.php\\\/komunistyczna-partia-polski-dalej-dziala-delegalizacja-wycofana\\\/#primaryimage\"},\"thumbnailUrl\":\"https:\\\/\\\/antykomunistyczni.pl\\\/wp-content\\\/uploads\\\/2026\\\/03\\\/KPPDelegalizacja.jpg\",\"keywords\":[\"delegalizacja KPP\",\"Komunistyczna Partia Polski\",\"komunizm w Polsce 2026\",\"KPP\",\"propaganda komunistyczna\",\"Trybuna\u0142 Konstytucyjny KPP\"],\"articleSection\":[\"Aktualno\u015bci\",\"Komuni\u015bci\",\"Komunizm w pa\u0144stwach wsp\u00f3\u0142czesnych\",\"Wsp\u00f3\u0142czesny komunizm\"],\"inLanguage\":\"pl-PL\"},{\"@type\":\"WebPage\",\"@id\":\"https:\\\/\\\/antykomunistyczni.pl\\\/index.php\\\/komunistyczna-partia-polski-dalej-dziala-delegalizacja-wycofana\\\/\",\"url\":\"https:\\\/\\\/antykomunistyczni.pl\\\/index.php\\\/komunistyczna-partia-polski-dalej-dziala-delegalizacja-wycofana\\\/\",\"name\":\"Komunistyczna Partia Polski dalej dzia\u0142a. Delegalizacja wycofana \u2013 skandal w 2026 roku - Antykomunistyczni.pl\",\"isPartOf\":{\"@id\":\"https:\\\/\\\/antykomunistyczni.pl\\\/#website\"},\"primaryImageOfPage\":{\"@id\":\"https:\\\/\\\/antykomunistyczni.pl\\\/index.php\\\/komunistyczna-partia-polski-dalej-dziala-delegalizacja-wycofana\\\/#primaryimage\"},\"image\":{\"@id\":\"https:\\\/\\\/antykomunistyczni.pl\\\/index.php\\\/komunistyczna-partia-polski-dalej-dziala-delegalizacja-wycofana\\\/#primaryimage\"},\"thumbnailUrl\":\"https:\\\/\\\/antykomunistyczni.pl\\\/wp-content\\\/uploads\\\/2026\\\/03\\\/KPPDelegalizacja.jpg\",\"datePublished\":\"2026-05-06T08:41:08+00:00\",\"dateModified\":\"2026-05-06T08:45:38+00:00\",\"description\":\"Komunistyczna Partia Polski (KPP) wr\u00f3ci\u0142a do rejestru pomimo wyroku Trybuna\u0142u Konstytucyjnego. Skandal w 2026 roku \u2013 pa\u0144stwo nie potrafi zdelegalizowa\u0107 otwartej partii komunistycznej.\",\"breadcrumb\":{\"@id\":\"https:\\\/\\\/antykomunistyczni.pl\\\/index.php\\\/komunistyczna-partia-polski-dalej-dziala-delegalizacja-wycofana\\\/#breadcrumb\"},\"inLanguage\":\"pl-PL\",\"potentialAction\":[{\"@type\":\"ReadAction\",\"target\":[\"https:\\\/\\\/antykomunistyczni.pl\\\/index.php\\\/komunistyczna-partia-polski-dalej-dziala-delegalizacja-wycofana\\\/\"]}]},{\"@type\":\"ImageObject\",\"inLanguage\":\"pl-PL\",\"@id\":\"https:\\\/\\\/antykomunistyczni.pl\\\/index.php\\\/komunistyczna-partia-polski-dalej-dziala-delegalizacja-wycofana\\\/#primaryimage\",\"url\":\"https:\\\/\\\/antykomunistyczni.pl\\\/wp-content\\\/uploads\\\/2026\\\/03\\\/KPPDelegalizacja.jpg\",\"contentUrl\":\"https:\\\/\\\/antykomunistyczni.pl\\\/wp-content\\\/uploads\\\/2026\\\/03\\\/KPPDelegalizacja.jpg\",\"width\":1200,\"height\":800},{\"@type\":\"BreadcrumbList\",\"@id\":\"https:\\\/\\\/antykomunistyczni.pl\\\/index.php\\\/komunistyczna-partia-polski-dalej-dziala-delegalizacja-wycofana\\\/#breadcrumb\",\"itemListElement\":[{\"@type\":\"ListItem\",\"position\":1,\"name\":\"Strona g\u0142\u00f3wna\",\"item\":\"https:\\\/\\\/antykomunistyczni.pl\\\/\"},{\"@type\":\"ListItem\",\"position\":2,\"name\":\"Komunistyczna Partia Polski dalej dzia\u0142a. Delegalizacja wycofana \u2013 skandal w 2026 roku\"}]},{\"@type\":\"WebSite\",\"@id\":\"https:\\\/\\\/antykomunistyczni.pl\\\/#website\",\"url\":\"https:\\\/\\\/antykomunistyczni.pl\\\/\",\"name\":\"Antykomunistyczni.pl\",\"description\":\"\",\"publisher\":{\"@id\":\"https:\\\/\\\/antykomunistyczni.pl\\\/#organization\"},\"alternateName\":\"Historia PRL, zbrodnie komunistyczne w Polsce i na \u015bwiecie\",\"potentialAction\":[{\"@type\":\"SearchAction\",\"target\":{\"@type\":\"EntryPoint\",\"urlTemplate\":\"https:\\\/\\\/antykomunistyczni.pl\\\/?s={search_term_string}\"},\"query-input\":{\"@type\":\"PropertyValueSpecification\",\"valueRequired\":true,\"valueName\":\"search_term_string\"}}],\"inLanguage\":\"pl-PL\"},{\"@type\":\"Organization\",\"@id\":\"https:\\\/\\\/antykomunistyczni.pl\\\/#organization\",\"name\":\"Antykomunistyczni.pl\",\"url\":\"https:\\\/\\\/antykomunistyczni.pl\\\/\",\"logo\":{\"@type\":\"ImageObject\",\"inLanguage\":\"pl-PL\",\"@id\":\"https:\\\/\\\/antykomunistyczni.pl\\\/#\\\/schema\\\/logo\\\/image\\\/\",\"url\":\"https:\\\/\\\/antykomunistyczni.pl\\\/wp-content\\\/uploads\\\/2026\\\/02\\\/cropped-AntykomunistyczniLogoSquare150x150-2.png\",\"contentUrl\":\"https:\\\/\\\/antykomunistyczni.pl\\\/wp-content\\\/uploads\\\/2026\\\/02\\\/cropped-AntykomunistyczniLogoSquare150x150-2.png\",\"width\":150,\"height\":150,\"caption\":\"Antykomunistyczni.pl\"},\"image\":{\"@id\":\"https:\\\/\\\/antykomunistyczni.pl\\\/#\\\/schema\\\/logo\\\/image\\\/\"},\"sameAs\":[\"https:\\\/\\\/www.facebook.com\\\/antykomunistyczni\\\/\",\"https:\\\/\\\/x.com\\\/anty_komunisci\"]},{\"@type\":\"Person\",\"@id\":\"https:\\\/\\\/antykomunistyczni.pl\\\/#\\\/schema\\\/person\\\/4963e693e8006b94062d91d1295d02a0\",\"name\":\"Antykomunistyczni\",\"image\":{\"@type\":\"ImageObject\",\"inLanguage\":\"pl-PL\",\"@id\":\"https:\\\/\\\/secure.gravatar.com\\\/avatar\\\/ff172875f9ced7887f883245268c1ba638c26cf1e0530f7f61b4705963a6730b?s=96&d=mm&r=g\",\"url\":\"https:\\\/\\\/secure.gravatar.com\\\/avatar\\\/ff172875f9ced7887f883245268c1ba638c26cf1e0530f7f61b4705963a6730b?s=96&d=mm&r=g\",\"contentUrl\":\"https:\\\/\\\/secure.gravatar.com\\\/avatar\\\/ff172875f9ced7887f883245268c1ba638c26cf1e0530f7f61b4705963a6730b?s=96&d=mm&r=g\",\"caption\":\"Antykomunistyczni\"},\"sameAs\":[\"http:\\\/\\\/antykomunistyczni.pl\"],\"url\":\"https:\\\/\\\/antykomunistyczni.pl\\\/index.php\\\/author\\\/admin0\\\/\"}]}<\/script>\n<!-- \/ Yoast SEO plugin. -->","yoast_head_json":{"title":"Komunistyczna Partia Polski dalej dzia\u0142a. Delegalizacja wycofana \u2013 skandal w 2026 roku - Antykomunistyczni.pl","description":"Komunistyczna Partia Polski (KPP) wr\u00f3ci\u0142a do rejestru pomimo wyroku Trybuna\u0142u Konstytucyjnego. Skandal w 2026 roku \u2013 pa\u0144stwo nie potrafi zdelegalizowa\u0107 otwartej partii komunistycznej.","robots":{"index":"index","follow":"follow","max-snippet":"max-snippet:-1","max-image-preview":"max-image-preview:large","max-video-preview":"max-video-preview:-1"},"canonical":"https:\/\/antykomunistyczni.pl\/index.php\/komunistyczna-partia-polski-dalej-dziala-delegalizacja-wycofana\/","og_locale":"pl_PL","og_type":"article","og_title":"Komunistyczna Partia Polski dalej dzia\u0142a. Delegalizacja wycofana \u2013 skandal w 2026 roku - Antykomunistyczni.pl","og_description":"Komunistyczna Partia Polski (KPP) wr\u00f3ci\u0142a do rejestru pomimo wyroku Trybuna\u0142u Konstytucyjnego. Skandal w 2026 roku \u2013 pa\u0144stwo nie potrafi zdelegalizowa\u0107 otwartej partii komunistycznej.","og_url":"https:\/\/antykomunistyczni.pl\/index.php\/komunistyczna-partia-polski-dalej-dziala-delegalizacja-wycofana\/","og_site_name":"Antykomunistyczni.pl","article_publisher":"https:\/\/www.facebook.com\/antykomunistyczni\/","article_published_time":"2026-05-06T08:41:08+00:00","article_modified_time":"2026-05-06T08:45:38+00:00","og_image":[{"width":1200,"height":800,"url":"https:\/\/antykomunistyczni.pl\/wp-content\/uploads\/2026\/03\/KPPDelegalizacja.jpg","type":"image\/jpeg"}],"author":"Antykomunistyczni","twitter_card":"summary_large_image","twitter_creator":"@anty_komunisci","twitter_site":"@anty_komunisci","twitter_misc":{"Napisane przez":"Antykomunistyczni","Szacowany czas czytania":"3 minuty"},"schema":{"@context":"https:\/\/schema.org","@graph":[{"@type":"Article","@id":"https:\/\/antykomunistyczni.pl\/index.php\/komunistyczna-partia-polski-dalej-dziala-delegalizacja-wycofana\/#article","isPartOf":{"@id":"https:\/\/antykomunistyczni.pl\/index.php\/komunistyczna-partia-polski-dalej-dziala-delegalizacja-wycofana\/"},"author":{"name":"Antykomunistyczni","@id":"https:\/\/antykomunistyczni.pl\/#\/schema\/person\/4963e693e8006b94062d91d1295d02a0"},"headline":"Komunistyczna Partia Polski dalej dzia\u0142a. Delegalizacja wycofana \u2013 skandal w 2026 roku","datePublished":"2026-05-06T08:41:08+00:00","dateModified":"2026-05-06T08:45:38+00:00","mainEntityOfPage":{"@id":"https:\/\/antykomunistyczni.pl\/index.php\/komunistyczna-partia-polski-dalej-dziala-delegalizacja-wycofana\/"},"wordCount":499,"publisher":{"@id":"https:\/\/antykomunistyczni.pl\/#organization"},"image":{"@id":"https:\/\/antykomunistyczni.pl\/index.php\/komunistyczna-partia-polski-dalej-dziala-delegalizacja-wycofana\/#primaryimage"},"thumbnailUrl":"https:\/\/antykomunistyczni.pl\/wp-content\/uploads\/2026\/03\/KPPDelegalizacja.jpg","keywords":["delegalizacja KPP","Komunistyczna Partia Polski","komunizm w Polsce 2026","KPP","propaganda komunistyczna","Trybuna\u0142 Konstytucyjny KPP"],"articleSection":["Aktualno\u015bci","Komuni\u015bci","Komunizm w pa\u0144stwach wsp\u00f3\u0142czesnych","Wsp\u00f3\u0142czesny komunizm"],"inLanguage":"pl-PL"},{"@type":"WebPage","@id":"https:\/\/antykomunistyczni.pl\/index.php\/komunistyczna-partia-polski-dalej-dziala-delegalizacja-wycofana\/","url":"https:\/\/antykomunistyczni.pl\/index.php\/komunistyczna-partia-polski-dalej-dziala-delegalizacja-wycofana\/","name":"Komunistyczna Partia Polski dalej dzia\u0142a. Delegalizacja wycofana \u2013 skandal w 2026 roku - Antykomunistyczni.pl","isPartOf":{"@id":"https:\/\/antykomunistyczni.pl\/#website"},"primaryImageOfPage":{"@id":"https:\/\/antykomunistyczni.pl\/index.php\/komunistyczna-partia-polski-dalej-dziala-delegalizacja-wycofana\/#primaryimage"},"image":{"@id":"https:\/\/antykomunistyczni.pl\/index.php\/komunistyczna-partia-polski-dalej-dziala-delegalizacja-wycofana\/#primaryimage"},"thumbnailUrl":"https:\/\/antykomunistyczni.pl\/wp-content\/uploads\/2026\/03\/KPPDelegalizacja.jpg","datePublished":"2026-05-06T08:41:08+00:00","dateModified":"2026-05-06T08:45:38+00:00","description":"Komunistyczna Partia Polski (KPP) wr\u00f3ci\u0142a do rejestru pomimo wyroku Trybuna\u0142u Konstytucyjnego. Skandal w 2026 roku \u2013 pa\u0144stwo nie potrafi zdelegalizowa\u0107 otwartej partii komunistycznej.","breadcrumb":{"@id":"https:\/\/antykomunistyczni.pl\/index.php\/komunistyczna-partia-polski-dalej-dziala-delegalizacja-wycofana\/#breadcrumb"},"inLanguage":"pl-PL","potentialAction":[{"@type":"ReadAction","target":["https:\/\/antykomunistyczni.pl\/index.php\/komunistyczna-partia-polski-dalej-dziala-delegalizacja-wycofana\/"]}]},{"@type":"ImageObject","inLanguage":"pl-PL","@id":"https:\/\/antykomunistyczni.pl\/index.php\/komunistyczna-partia-polski-dalej-dziala-delegalizacja-wycofana\/#primaryimage","url":"https:\/\/antykomunistyczni.pl\/wp-content\/uploads\/2026\/03\/KPPDelegalizacja.jpg","contentUrl":"https:\/\/antykomunistyczni.pl\/wp-content\/uploads\/2026\/03\/KPPDelegalizacja.jpg","width":1200,"height":800},{"@type":"BreadcrumbList","@id":"https:\/\/antykomunistyczni.pl\/index.php\/komunistyczna-partia-polski-dalej-dziala-delegalizacja-wycofana\/#breadcrumb","itemListElement":[{"@type":"ListItem","position":1,"name":"Strona g\u0142\u00f3wna","item":"https:\/\/antykomunistyczni.pl\/"},{"@type":"ListItem","position":2,"name":"Komunistyczna Partia Polski dalej dzia\u0142a. Delegalizacja wycofana \u2013 skandal w 2026 roku"}]},{"@type":"WebSite","@id":"https:\/\/antykomunistyczni.pl\/#website","url":"https:\/\/antykomunistyczni.pl\/","name":"Antykomunistyczni.pl","description":"","publisher":{"@id":"https:\/\/antykomunistyczni.pl\/#organization"},"alternateName":"Historia PRL, zbrodnie komunistyczne w Polsce i na \u015bwiecie","potentialAction":[{"@type":"SearchAction","target":{"@type":"EntryPoint","urlTemplate":"https:\/\/antykomunistyczni.pl\/?s={search_term_string}"},"query-input":{"@type":"PropertyValueSpecification","valueRequired":true,"valueName":"search_term_string"}}],"inLanguage":"pl-PL"},{"@type":"Organization","@id":"https:\/\/antykomunistyczni.pl\/#organization","name":"Antykomunistyczni.pl","url":"https:\/\/antykomunistyczni.pl\/","logo":{"@type":"ImageObject","inLanguage":"pl-PL","@id":"https:\/\/antykomunistyczni.pl\/#\/schema\/logo\/image\/","url":"https:\/\/antykomunistyczni.pl\/wp-content\/uploads\/2026\/02\/cropped-AntykomunistyczniLogoSquare150x150-2.png","contentUrl":"https:\/\/antykomunistyczni.pl\/wp-content\/uploads\/2026\/02\/cropped-AntykomunistyczniLogoSquare150x150-2.png","width":150,"height":150,"caption":"Antykomunistyczni.pl"},"image":{"@id":"https:\/\/antykomunistyczni.pl\/#\/schema\/logo\/image\/"},"sameAs":["https:\/\/www.facebook.com\/antykomunistyczni\/","https:\/\/x.com\/anty_komunisci"]},{"@type":"Person","@id":"https:\/\/antykomunistyczni.pl\/#\/schema\/person\/4963e693e8006b94062d91d1295d02a0","name":"Antykomunistyczni","image":{"@type":"ImageObject","inLanguage":"pl-PL","@id":"https:\/\/secure.gravatar.com\/avatar\/ff172875f9ced7887f883245268c1ba638c26cf1e0530f7f61b4705963a6730b?s=96&d=mm&r=g","url":"https:\/\/secure.gravatar.com\/avatar\/ff172875f9ced7887f883245268c1ba638c26cf1e0530f7f61b4705963a6730b?s=96&d=mm&r=g","contentUrl":"https:\/\/secure.gravatar.com\/avatar\/ff172875f9ced7887f883245268c1ba638c26cf1e0530f7f61b4705963a6730b?s=96&d=mm&r=g","caption":"Antykomunistyczni"},"sameAs":["http:\/\/antykomunistyczni.pl"],"url":"https:\/\/antykomunistyczni.pl\/index.php\/author\/admin0\/"}]}},"_links":{"self":[{"href":"https:\/\/antykomunistyczni.pl\/index.php\/wp-json\/wp\/v2\/posts\/2085","targetHints":{"allow":["GET"]}}],"collection":[{"href":"https:\/\/antykomunistyczni.pl\/index.php\/wp-json\/wp\/v2\/posts"}],"about":[{"href":"https:\/\/antykomunistyczni.pl\/index.php\/wp-json\/wp\/v2\/types\/post"}],"author":[{"embeddable":true,"href":"https:\/\/antykomunistyczni.pl\/index.php\/wp-json\/wp\/v2\/users\/1"}],"replies":[{"embeddable":true,"href":"https:\/\/antykomunistyczni.pl\/index.php\/wp-json\/wp\/v2\/comments?post=2085"}],"version-history":[{"count":7,"href":"https:\/\/antykomunistyczni.pl\/index.php\/wp-json\/wp\/v2\/posts\/2085\/revisions"}],"predecessor-version":[{"id":2094,"href":"https:\/\/antykomunistyczni.pl\/index.php\/wp-json\/wp\/v2\/posts\/2085\/revisions\/2094"}],"wp:featuredmedia":[{"embeddable":true,"href":"https:\/\/antykomunistyczni.pl\/index.php\/wp-json\/wp\/v2\/media\/1157"}],"wp:attachment":[{"href":"https:\/\/antykomunistyczni.pl\/index.php\/wp-json\/wp\/v2\/media?parent=2085"}],"wp:term":[{"taxonomy":"category","embeddable":true,"href":"https:\/\/antykomunistyczni.pl\/index.php\/wp-json\/wp\/v2\/categories?post=2085"},{"taxonomy":"post_tag","embeddable":true,"href":"https:\/\/antykomunistyczni.pl\/index.php\/wp-json\/wp\/v2\/tags?post=2085"}],"curies":[{"name":"wp","href":"https:\/\/api.w.org\/{rel}","templated":true}]}}