{"id":2096,"date":"2026-05-19T11:50:27","date_gmt":"2026-05-19T09:50:27","guid":{"rendered":"https:\/\/antykomunistyczni.pl\/?p=2096"},"modified":"2026-05-19T14:32:39","modified_gmt":"2026-05-19T12:32:39","slug":"warszawa-jedna-z-najbardziej-czerwonych-stolic-europy-srodkowej","status":"publish","type":"post","link":"https:\/\/antykomunistyczni.pl\/index.php\/warszawa-jedna-z-najbardziej-czerwonych-stolic-europy-srodkowej\/","title":{"rendered":"Warszawa jedn\u0105 z najbardziej \u201eczerwonych\u201d stolic Europy \u015arodkowej"},"content":{"rendered":"\t\t<div data-elementor-type=\"wp-post\" data-elementor-id=\"2096\" class=\"elementor elementor-2096\">\n\t\t\t\t<div class=\"elementor-element elementor-element-886650e e-flex e-con-boxed e-con e-parent\" data-id=\"886650e\" data-element_type=\"container\" data-e-type=\"container\">\n\t\t\t\t\t<div class=\"e-con-inner\">\n\t\t\t\t<div class=\"elementor-element elementor-element-46d3ce3 elementor-widget elementor-widget-heading\" data-id=\"46d3ce3\" data-element_type=\"widget\" data-e-type=\"widget\" data-widget_type=\"heading.default\">\n\t\t\t\t\t<h2 class=\"elementor-heading-title elementor-size-default\">Warszawa najbardziej \u201eczerwona\u201d stolica Europy \u015arodkowej. 50 komunistycznych ulic\n\n<\/h2>\t\t\t\t<\/div>\n\t\t\t\t\t<\/div>\n\t\t\t\t<\/div>\n\t\t<div class=\"elementor-element elementor-element-8fa6a30 e-flex e-con-boxed e-con e-parent\" data-id=\"8fa6a30\" data-element_type=\"container\" data-e-type=\"container\">\n\t\t\t\t\t<div class=\"e-con-inner\">\n\t\t\t\t<div class=\"elementor-element elementor-element-22dc079 elementor-widget elementor-widget-image\" data-id=\"22dc079\" data-element_type=\"widget\" data-e-type=\"widget\" data-widget_type=\"image.default\">\n\t\t\t\t\t\t\t\t\t\t\t\t<figure class=\"wp-caption\">\n\t\t\t\t\t\t\t\t\t\t<img fetchpriority=\"high\" decoding=\"async\" width=\"768\" height=\"521\" src=\"https:\/\/antykomunistyczni.pl\/wp-content\/uploads\/2026\/05\/Palac-Kultury-im-Jozefa-Stalina-768x521.jpg\" class=\"attachment-medium_large size-medium_large wp-image-2098\" alt=\"\" srcset=\"https:\/\/antykomunistyczni.pl\/wp-content\/uploads\/2026\/05\/Palac-Kultury-im-Jozefa-Stalina-768x521.jpg 768w, https:\/\/antykomunistyczni.pl\/wp-content\/uploads\/2026\/05\/Palac-Kultury-im-Jozefa-Stalina-300x203.jpg 300w, https:\/\/antykomunistyczni.pl\/wp-content\/uploads\/2026\/05\/Palac-Kultury-im-Jozefa-Stalina-1024x694.jpg 1024w, https:\/\/antykomunistyczni.pl\/wp-content\/uploads\/2026\/05\/Palac-Kultury-im-Jozefa-Stalina-240x163.jpg 240w, https:\/\/antykomunistyczni.pl\/wp-content\/uploads\/2026\/05\/Palac-Kultury-im-Jozefa-Stalina.jpg 1400w\" sizes=\"(max-width: 768px) 100vw, 768px\" \/>\t\t\t\t\t\t\t\t\t\t\t<figcaption class=\"widget-image-caption wp-caption-text\">Pa\u0142\u0105c Kultury im J\u00f3zefa Stalina<\/figcaption>\n\t\t\t\t\t\t\t\t\t\t<\/figure>\n\t\t\t\t\t\t\t\t\t<\/div>\n\t\t\t\t\t<\/div>\n\t\t\t\t<\/div>\n\t\t<div class=\"elementor-element elementor-element-bd54a3d e-flex e-con-boxed e-con e-parent\" data-id=\"bd54a3d\" data-element_type=\"container\" data-e-type=\"container\">\n\t\t\t\t\t<div class=\"e-con-inner\">\n\t\t\t\t<div class=\"elementor-element elementor-element-6b2f02b0 elementor-widget elementor-widget-text-editor\" data-id=\"6b2f02b0\" data-element_type=\"widget\" data-e-type=\"widget\" data-widget_type=\"text-editor.default\">\n\t\t\t\t\t\t\t\t\t<div><span class=\"css-1jxf684 r-bcqeeo r-1ttztb7 r-qvutc0 r-poiln3\" style=\"color: #000000;\"><span class=\"css-1jxf684 r-bcqeeo r-1ttztb7 r-qvutc0 r-poiln3 r-b88u0q r-1x3r274\"><span class=\"css-1jxf684 r-bcqeeo r-1ttztb7 r-qvutc0 r-poiln3 r-1x3r274\">Zdj\u0119cie Pa\u0142acu Kultury im. J\u00f3zefa Stalina powinno budzi\u0107 refleksj\u0119 u ka\u017cdego warszawiaka.<\/span><\/span><span class=\"css-1jxf684 r-bcqeeo r-1ttztb7 r-qvutc0 r-poiln3 r-1x3r274\"> W sercu miasta, kt\u00f3re w 1944 roku zap\u0142aci\u0142o najwy\u017csz\u0105 cen\u0119 za wolno\u015b\u0107, w mie\u015bcie Powstania Warszawskiego i zamordowanego przez SB Grzegorza Przemyka, nadal dominuje sowiecki kolos. A wok\u00f3\u0142 niego \u2013 dziesi\u0105tki ulic nosz\u0105cych nazwiska tych, kt\u00f3rzy zdradzili Polsk\u0119, budowali totalitaryzm i mordowali patriot\u00f3w.<\/span><\/span><\/div>\n<p><span style=\"color: #000000;\">Ustawa dekomunizacyjna z 1 kwietnia 2016 r. (o zakazie propagowania komunizmu lub innego ustroju totalitarnego&#8230;) mia\u0142a by\u0107 narz\u0119dziem oczyszczenia przestrzeni publicznej z symboli zniewolenia. Samorz\u0105dy dosta\u0142y rok na dzia\u0142anie. W Warszawie rz\u0105dzona przez PO i lewic\u0119 Rada Miasta zmieni\u0142a zaledwie kilka nazw symbolicznie, pozostawiaj\u0105c dziesi\u0105tki ulic upami\u0119tniaj\u0105cych komunist\u00f3w, kolaborant\u00f3w i budowniczych PRL-u. W 2017 roku wojewoda mazowiecki wyda\u0142 50 zarz\u0105dze\u0144 zast\u0119pczych likwiduj\u0105cych komunistyczne nazwy. Wszystkie decyzje zosta\u0142y zaskar\u017cone przez miasto. Naczelny S\u0105d Administracyjny w latach 2018\u20132019 uchyli\u0142 wszystkie 50 zmian. W efekcie Warszawa pozostaje jedn\u0105 z najbardziej \u201eczerwonych\u201d stolic Europy \u015arodkowej. Pe\u0142na lista 50 ulic \u2013 podzia\u0142 na dzielnice<\/span><\/p>\n<p><span style=\"color: #000000;\"><!-- \/wp:paragraph --><!-- wp:paragraph --><\/span><\/p>\n<h3><span style=\"color: #000000;\">Komunistyczne Bemowo<\/span><\/h3>\n<p><span style=\"color: #000000;\"><!-- \/wp:paragraph --><!-- wp:list --><\/span><\/p>\n<ul class=\"wp-block-list\">\n<li style=\"list-style-type: none;\">\n<ul class=\"wp-block-list\"><!-- wp:list-item --><\/ul>\n<\/li>\n<\/ul>\n<ul class=\"wp-block-list\">\n<li style=\"list-style-type: none;\">\n<ul class=\"wp-block-list\">\n<li><span style=\"color: #000000;\">p\u0142k. Micha\u0142a Sobczaka \u2013 oficer Ludowego Wojska Polskiego<\/span><\/li>\n<\/ul>\n<\/li>\n<\/ul>\n<p><span style=\"color: #000000;\"><!-- \/wp:list-item --><!-- wp:list-item --><\/span><\/p>\n<ul class=\"wp-block-list\">\n<li style=\"list-style-type: none;\">\n<ul class=\"wp-block-list\">\n<li><span style=\"color: #000000;\">gen. Sylwestra Kaliskiego \u2013 genera\u0142 LWP, absolwent sowieckich akademii<\/span><\/li>\n<\/ul>\n<\/li>\n<\/ul>\n<p><span style=\"color: #000000;\"><!-- \/wp:list-item --><!-- wp:list-item --><\/span><\/p>\n<ul class=\"wp-block-list\">\n<li style=\"list-style-type: none;\">\n<ul class=\"wp-block-list\">\n<li><span style=\"color: #000000;\">pp\u0142k. Wac\u0142awa Witolda Szadkowskiego \u2013 oficer komunistycznego aparatu<\/span><\/li>\n<\/ul>\n<\/li>\n<\/ul>\n<p><span style=\"color: #000000;\"><!-- \/wp:list-item --><\/span><\/p>\n<p><span style=\"color: #000000;\"><!-- \/wp:list --><!-- wp:paragraph --><\/span><\/p>\n<h3><span style=\"color: #000000;\">Komunistyczna Bia\u0142o\u0142\u0119ka<\/span><\/h3>\n<p><span style=\"color: #000000;\"><!-- \/wp:paragraph --><!-- wp:list --><\/span><\/p>\n<ul class=\"wp-block-list\">\n<li style=\"list-style-type: none;\">\n<ul class=\"wp-block-list\"><!-- wp:list-item --><\/ul>\n<\/li>\n<\/ul>\n<ul class=\"wp-block-list\">\n<li style=\"list-style-type: none;\">\n<ul class=\"wp-block-list\">\n<li><span style=\"color: #000000;\">Henryka J\u0119drzejowskiego \u2013 dzia\u0142acz komunistyczny<\/span><\/li>\n<\/ul>\n<\/li>\n<\/ul>\n<p><span style=\"color: #000000;\"><!-- \/wp:list-item --><!-- wp:list-item --><\/span><\/p>\n<ul class=\"wp-block-list\">\n<li style=\"list-style-type: none;\">\n<ul class=\"wp-block-list\">\n<li><span style=\"color: #000000;\">Natalii G\u0105siorowskiej \u2013 dzia\u0142aczka KPP i w\u0142adzy ludowej<\/span><\/li>\n<\/ul>\n<\/li>\n<\/ul>\n<p><span style=\"color: #000000;\"><!-- \/wp:list-item --><\/span><\/p>\n<p><span style=\"color: #000000;\"><!-- \/wp:list --><!-- wp:paragraph --><\/span><\/p>\n<h3><span style=\"color: #000000;\">Komunistyczne Bielany<\/span><\/h3>\n<p><span style=\"color: #000000;\"><!-- \/wp:paragraph --><!-- wp:list --><\/span><\/p>\n<ul class=\"wp-block-list\">\n<li style=\"list-style-type: none;\">\n<ul class=\"wp-block-list\"><!-- wp:list-item --><\/ul>\n<\/li>\n<\/ul>\n<ul class=\"wp-block-list\">\n<li style=\"list-style-type: none;\">\n<ul class=\"wp-block-list\">\n<li><span style=\"color: #000000;\">Teodora Duracza \u2013 komunistyczny prawnik, obro\u0144ca stalinowskich proces\u00f3w<\/span><\/li>\n<\/ul>\n<\/li>\n<\/ul>\n<p><span style=\"color: #000000;\"><!-- \/wp:list-item --><!-- wp:list-item --><\/span><\/p>\n<ul class=\"wp-block-list\">\n<li style=\"list-style-type: none;\">\n<ul class=\"wp-block-list\">\n<li><span style=\"color: #000000;\">Antoniego Parola \u2013 dzia\u0142acz komunistyczny<\/span><\/li>\n<\/ul>\n<\/li>\n<\/ul>\n<p><span style=\"color: #000000;\"><!-- \/wp:list-item --><!-- wp:list-item --><\/span><\/p>\n<ul class=\"wp-block-list\">\n<li style=\"list-style-type: none;\">\n<ul class=\"wp-block-list\">\n<li><span style=\"color: #000000;\">Kazimierza Grodeckiego \u2013 funkcjonariusz komunistyczny<\/span><\/li>\n<\/ul>\n<\/li>\n<\/ul>\n<p><span style=\"color: #000000;\"><!-- \/wp:list-item --><!-- wp:list-item --><\/span><\/p>\n<ul class=\"wp-block-list\">\n<li style=\"list-style-type: none;\">\n<ul class=\"wp-block-list\">\n<li><span style=\"color: #000000;\">J\u00f3zefa Balcerzaka \u2013 oficer LWP<\/span><\/li>\n<\/ul>\n<\/li>\n<\/ul>\n<p><span style=\"color: #000000;\"><!-- \/wp:list-item --><\/span><\/p>\n<p><span style=\"color: #000000;\"><!-- \/wp:list --><!-- wp:paragraph --><\/span><\/p>\n<h3><span style=\"color: #000000;\">Komunistyczny Mokot\u00f3w<\/span><\/h3>\n<p><span style=\"color: #000000;\"><!-- \/wp:paragraph --><!-- wp:list --><\/span><\/p>\n<ul class=\"wp-block-list\">\n<li style=\"list-style-type: none;\">\n<ul class=\"wp-block-list\"><!-- wp:list-item --><\/ul>\n<\/li>\n<\/ul>\n<ul class=\"wp-block-list\">\n<li style=\"list-style-type: none;\">\n<ul class=\"wp-block-list\">\n<li><span style=\"color: #000000;\">Oskara Langego \u2013 marksistowski ekonomista, ideolog komunizmu<\/span><\/li>\n<\/ul>\n<\/li>\n<\/ul>\n<p><span style=\"color: #000000;\"><!-- \/wp:list-item --><!-- wp:list-item --><\/span><\/p>\n<ul class=\"wp-block-list\">\n<li style=\"list-style-type: none;\">\n<ul class=\"wp-block-list\">\n<li><span style=\"color: #000000;\">Wincentego Rzymowskiego \u2013 kolaborant sowiecki, p\u00f3\u017aniej minister w rz\u0105dzie komunistycznym<\/span><\/li>\n<\/ul>\n<\/li>\n<\/ul>\n<p><span style=\"color: #000000;\"><!-- \/wp:list-item --><!-- wp:list-item --><\/span><\/p>\n<ul class=\"wp-block-list\">\n<li style=\"list-style-type: none;\">\n<ul class=\"wp-block-list\">\n<li><span style=\"color: #000000;\">Zygmunta Modzelewskiego \u2013 minister spraw zagranicznych PRL<\/span><\/li>\n<\/ul>\n<\/li>\n<\/ul>\n<p><span style=\"color: #000000;\"><!-- \/wp:list-item --><!-- wp:list-item --><\/span><\/p>\n<ul class=\"wp-block-list\">\n<li style=\"list-style-type: none;\">\n<ul class=\"wp-block-list\">\n<li><span style=\"color: #000000;\">Heleny Koz\u0142owskiej \u2013 dzia\u0142aczka komunistyczna<\/span><\/li>\n<\/ul>\n<\/li>\n<\/ul>\n<p><span style=\"color: #000000;\"><!-- \/wp:list-item --><!-- wp:list-item --><\/span><\/p>\n<ul class=\"wp-block-list\">\n<li style=\"list-style-type: none;\">\n<ul class=\"wp-block-list\">\n<li><span style=\"color: #000000;\">Piotra Gruszczy\u0144skiego \u2013 dzia\u0142acz komunistyczny<\/span><\/li>\n<\/ul>\n<\/li>\n<\/ul>\n<p><span style=\"color: #000000;\"><!-- \/wp:list-item --><!-- wp:list-item --><\/span><\/p>\n<ul class=\"wp-block-list\">\n<li style=\"list-style-type: none;\">\n<ul class=\"wp-block-list\">\n<li><span style=\"color: #000000;\">Franciszka J\u00f3zefa Bartoszka \u2013 dzia\u0142acz komunistyczny<\/span><\/li>\n<\/ul>\n<\/li>\n<\/ul>\n<p><span style=\"color: #000000;\"><!-- \/wp:list-item --><\/span><\/p>\n<p><span style=\"color: #000000;\"><!-- \/wp:list --><!-- wp:paragraph --><\/span><\/p>\n<h3><span style=\"color: #000000;\">Komunistyczna Praga-Po\u0142udnie<\/span><\/h3>\n<p><span style=\"color: #000000;\"><!-- \/wp:paragraph --><!-- wp:list --><\/span><\/p>\n<ul class=\"wp-block-list\">\n<li style=\"list-style-type: none;\">\n<ul class=\"wp-block-list\"><!-- wp:list-item --><\/ul>\n<\/li>\n<\/ul>\n<ul class=\"wp-block-list\">\n<li style=\"list-style-type: none;\">\n<ul class=\"wp-block-list\">\n<li><span style=\"color: #000000;\">I Praskiego Pu\u0142ku WP \u017bo\u0142nierzy \u2013 jednostka LWP<\/span><\/li>\n<\/ul>\n<\/li>\n<\/ul>\n<p><span style=\"color: #000000;\"><!-- \/wp:list-item --><!-- wp:list-item --><\/span><\/p>\n<ul class=\"wp-block-list\">\n<li style=\"list-style-type: none;\">\n<ul class=\"wp-block-list\">\n<li><span style=\"color: #000000;\">Sylwestra Bartosika \u2013 dzia\u0142acz komunistyczny<\/span><\/li>\n<\/ul>\n<\/li>\n<\/ul>\n<p><span style=\"color: #000000;\"><!-- \/wp:list-item --><\/span><\/p>\n<p><span style=\"color: #000000;\"><!-- \/wp:list --><!-- wp:paragraph --><\/span><\/p>\n<h3><span style=\"color: #000000;\">Komunistyczna Praga-P\u00f3\u0142noc<\/span><\/h3>\n<p><span style=\"color: #000000;\"><!-- \/wp:paragraph --><!-- wp:list --><\/span><\/p>\n<ul class=\"wp-block-list\">\n<li style=\"list-style-type: none;\">\n<ul class=\"wp-block-list\"><!-- wp:list-item --><\/ul>\n<\/li>\n<\/ul>\n<ul class=\"wp-block-list\">\n<li style=\"list-style-type: none;\">\n<ul class=\"wp-block-list\">\n<li><span style=\"color: #000000;\">Batalionu \u201ePlater\u00f3wek\u201d \u2013 kobiecy batalion Armii Ludowej<\/span><\/li>\n<\/ul>\n<\/li>\n<\/ul>\n<p><span style=\"color: #000000;\"><!-- \/wp:list-item --><!-- wp:list-item --><\/span><\/p>\n<ul class=\"wp-block-list\">\n<li style=\"list-style-type: none;\">\n<ul class=\"wp-block-list\">\n<li><span style=\"color: #000000;\">D\u0105browszczak\u00f3w \u2013 ochotnicy walcz\u0105cy po stronie komunist\u00f3w w Hiszpanii<\/span><\/li>\n<\/ul>\n<\/li>\n<\/ul>\n<p><span style=\"color: #000000;\"><!-- \/wp:list-item --><\/span><\/p>\n<p><span style=\"color: #000000;\"><!-- \/wp:list --><!-- wp:paragraph --><\/span><\/p>\n<h3><span style=\"color: #000000;\">Komunistyczny Rembert\u00f3w<\/span><\/h3>\n<p><span style=\"color: #000000;\"><!-- \/wp:paragraph --><!-- wp:list --><\/span><\/p>\n<ul class=\"wp-block-list\">\n<li style=\"list-style-type: none;\">\n<ul class=\"wp-block-list\"><!-- wp:list-item --><\/ul>\n<\/li>\n<\/ul>\n<ul class=\"wp-block-list\">\n<li style=\"list-style-type: none;\">\n<ul class=\"wp-block-list\">\n<li><span style=\"color: #000000;\">mjr. Franciszka Ilskiego \u2013 oficer LWP<\/span><\/li>\n<\/ul>\n<\/li>\n<\/ul>\n<p><span style=\"color: #000000;\"><!-- \/wp:list-item --><!-- wp:list-item --><\/span><\/p>\n<ul class=\"wp-block-list\">\n<li style=\"list-style-type: none;\">\n<ul class=\"wp-block-list\">\n<li><span style=\"color: #000000;\">Antoniego Kacpury \u2013 dzia\u0142acz komunistyczny<\/span><\/li>\n<\/ul>\n<\/li>\n<\/ul>\n<p><span style=\"color: #000000;\"><!-- \/wp:list-item --><\/span><\/p>\n<p><span style=\"color: #000000;\"><!-- \/wp:list --><!-- wp:paragraph --><\/span><\/p>\n<h3><span style=\"color: #000000;\">Komunistyczne \u015ar\u00f3dmie\u015bcie<\/span><\/h3>\n<p><span style=\"color: #000000;\"><!-- \/wp:paragraph --><!-- wp:list --><\/span><\/p>\n<ul class=\"wp-block-list\">\n<li style=\"list-style-type: none;\">\n<ul class=\"wp-block-list\"><!-- wp:list-item --><\/ul>\n<\/li>\n<\/ul>\n<ul class=\"wp-block-list\">\n<li style=\"list-style-type: none;\">\n<ul class=\"wp-block-list\">\n<li><span style=\"color: #000000;\">Edwarda Fondami\u0144skiego \u2013 dzia\u0142acz komunistyczny<\/span><\/li>\n<\/ul>\n<\/li>\n<\/ul>\n<p><span style=\"color: #000000;\"><!-- \/wp:list-item --><!-- wp:list-item --><\/span><\/p>\n<ul class=\"wp-block-list\">\n<li style=\"list-style-type: none;\">\n<ul class=\"wp-block-list\">\n<li><span style=\"color: #000000;\">J\u00f3zefa Lewartowskiego \u2013 dzia\u0142acz PPR<\/span><\/li>\n<\/ul>\n<\/li>\n<\/ul>\n<p><span style=\"color: #000000;\"><!-- \/wp:list-item --><!-- wp:list-item --><\/span><\/p>\n<ul class=\"wp-block-list\">\n<li style=\"list-style-type: none;\">\n<ul class=\"wp-block-list\">\n<li><span style=\"color: #000000;\">Leona Kruczkowskiego \u2013 pisarz-propagandzista, minister kultury PRL<\/span><\/li>\n<\/ul>\n<\/li>\n<\/ul>\n<p><span style=\"color: #000000;\"><!-- \/wp:list-item --><!-- wp:list-item --><\/span><\/p>\n<ul class=\"wp-block-list\">\n<li style=\"list-style-type: none;\">\n<ul class=\"wp-block-list\">\n<li><span style=\"color: #000000;\">al. Armii Ludowej \u2013 zbrojne rami\u0119 PPR i Armii Ludowej<\/span><\/li>\n<\/ul>\n<\/li>\n<\/ul>\n<p><span style=\"color: #000000;\"><!-- \/wp:list-item --><\/span><\/p>\n<p><span style=\"color: #000000;\"><!-- \/wp:list --><!-- wp:paragraph --><\/span><\/p>\n<h3><span style=\"color: #000000;\">Komunistyczny Targ\u00f3wek<\/span><\/h3>\n<p><span style=\"color: #000000;\"><!-- \/wp:paragraph --><!-- wp:list --><\/span><\/p>\n<ul class=\"wp-block-list\">\n<li style=\"list-style-type: none;\">\n<ul class=\"wp-block-list\"><!-- wp:list-item --><\/ul>\n<\/li>\n<\/ul>\n<ul class=\"wp-block-list\">\n<li style=\"list-style-type: none;\">\n<ul class=\"wp-block-list\">\n<li><span style=\"color: #000000;\">Mieczys\u0142awa Fersta \u2013 dzia\u0142acz komunistyczny<\/span><\/li>\n<\/ul>\n<\/li>\n<\/ul>\n<p><span style=\"color: #000000;\"><!-- \/wp:list-item --><!-- wp:list-item --><\/span><\/p>\n<ul class=\"wp-block-list\">\n<li style=\"list-style-type: none;\">\n<ul class=\"wp-block-list\">\n<li><span style=\"color: #000000;\">Jadwigi i Witolda Kokoszk\u00f3w \u2013 dzia\u0142acze komunistyczni<\/span><\/li>\n<\/ul>\n<\/li>\n<\/ul>\n<p><span style=\"color: #000000;\"><!-- \/wp:list-item --><!-- wp:list-item --><\/span><\/p>\n<ul class=\"wp-block-list\">\n<li style=\"list-style-type: none;\">\n<ul class=\"wp-block-list\">\n<li><span style=\"color: #000000;\">Henryka Sternhela \u2013 dzia\u0142acz komunistyczny<\/span><\/li>\n<\/ul>\n<\/li>\n<\/ul>\n<p><span style=\"color: #000000;\"><!-- \/wp:list-item --><\/span><\/p>\n<p><span style=\"color: #000000;\"><!-- \/wp:list --><!-- wp:paragraph --><\/span><\/p>\n<h3><span style=\"color: #000000;\">Komunistyczny Ursus<\/span><\/h3>\n<p><span style=\"color: #000000;\"><!-- \/wp:paragraph --><!-- wp:list --><\/span><\/p>\n<ul class=\"wp-block-list\">\n<li style=\"list-style-type: none;\">\n<ul class=\"wp-block-list\"><!-- wp:list-item --><\/ul>\n<\/li>\n<\/ul>\n<ul class=\"wp-block-list\">\n<li style=\"list-style-type: none;\">\n<ul class=\"wp-block-list\">\n<li><span style=\"color: #000000;\">II Armii Wojska Polskiego \u2013 komunistyczna armia Berlinga<\/span><\/li>\n<\/ul>\n<\/li>\n<\/ul>\n<p><span style=\"color: #000000;\"><!-- \/wp:list-item --><\/span><\/p>\n<p><span style=\"color: #000000;\"><!-- \/wp:list --><!-- wp:paragraph --><\/span><\/p>\n<h3><span style=\"color: #000000;\">Komunistyczny Ursyn\u00f3w<\/span><\/h3>\n<p><span style=\"color: #000000;\"><!-- \/wp:paragraph --><!-- wp:list --><\/span><\/p>\n<ul class=\"wp-block-list\">\n<li style=\"list-style-type: none;\">\n<ul class=\"wp-block-list\"><!-- wp:list-item --><\/ul>\n<\/li>\n<\/ul>\n<ul class=\"wp-block-list\">\n<li style=\"list-style-type: none;\">\n<ul class=\"wp-block-list\">\n<li><span style=\"color: #000000;\">Zwi\u0105zku Walki M\u0142odych \u2013 komunistyczna organizacja m\u0142odzie\u017cowa<\/span><\/li>\n<\/ul>\n<\/li>\n<\/ul>\n<p><span style=\"color: #000000;\"><!-- \/wp:list-item --><!-- wp:list-item --><\/span><\/p>\n<ul class=\"wp-block-list\">\n<li style=\"list-style-type: none;\">\n<ul class=\"wp-block-list\">\n<li><span style=\"color: #000000;\">S\u0142u\u017cby Polsce \u2013 stalinowska organizacja przymusowej pracy m\u0142odzie\u017cy<\/span><\/li>\n<\/ul>\n<\/li>\n<\/ul>\n<p><span style=\"color: #000000;\"><!-- \/wp:list-item --><!-- wp:list-item --><\/span><\/p>\n<ul class=\"wp-block-list\">\n<li style=\"list-style-type: none;\">\n<ul class=\"wp-block-list\">\n<li><span style=\"color: #000000;\">Jana Wasilkowskiego \u2013 s\u0119dzia komunistyczny<\/span><\/li>\n<\/ul>\n<\/li>\n<\/ul>\n<p><span style=\"color: #000000;\"><!-- \/wp:list-item --><!-- wp:list-item --><\/span><\/p>\n<ul class=\"wp-block-list\">\n<li style=\"list-style-type: none;\">\n<ul class=\"wp-block-list\">\n<li><span style=\"color: #000000;\">Stanis\u0142awa Kulczy\u0144skiego \u2013 prominentny dzia\u0142acz PRL<\/span><\/li>\n<\/ul>\n<\/li>\n<\/ul>\n<p><span style=\"color: #000000;\"><!-- \/wp:list-item --><\/span><\/p>\n<p><span style=\"color: #000000;\"><!-- \/wp:list --><!-- wp:paragraph --><\/span><\/p>\n<h3><span style=\"color: #000000;\">Komunistyczny Wawer<\/span><\/h3>\n<p><span style=\"color: #000000;\"><!-- \/wp:paragraph --><!-- wp:list --><\/span><\/p>\n<ul class=\"wp-block-list\">\n<li style=\"list-style-type: none;\">\n<ul class=\"wp-block-list\"><!-- wp:list-item --><\/ul>\n<\/li>\n<\/ul>\n<ul class=\"wp-block-list\">\n<li style=\"list-style-type: none;\">\n<ul class=\"wp-block-list\">\n<li><span style=\"color: #000000;\">Heleny Wolff \u2013 dzia\u0142aczka komunistyczna<\/span><\/li>\n<\/ul>\n<\/li>\n<\/ul>\n<p><span style=\"color: #000000;\"><!-- \/wp:list-item --><!-- wp:list-item --><\/span><\/p>\n<ul class=\"wp-block-list\">\n<li style=\"list-style-type: none;\">\n<ul class=\"wp-block-list\">\n<li><span style=\"color: #000000;\">Romana Pazi\u0144skiego \u2013 dzia\u0142acz komunistyczny<\/span><\/li>\n<\/ul>\n<\/li>\n<\/ul>\n<p><span style=\"color: #000000;\"><!-- \/wp:list-item --><!-- wp:list-item --><\/span><\/p>\n<ul class=\"wp-block-list\">\n<li style=\"list-style-type: none;\">\n<ul class=\"wp-block-list\">\n<li><span style=\"color: #000000;\">Bronis\u0142awa Weso\u0142owskiego \u2013 dzia\u0142acz KPP i Mi\u0119dzynarod\u00f3wki Komunistycznej<\/span><\/li>\n<\/ul>\n<\/li>\n<\/ul>\n<p><span style=\"color: #000000;\"><!-- \/wp:list-item --><\/span><\/p>\n<p><span style=\"color: #000000;\"><!-- \/wp:list --><!-- wp:paragraph --><\/span><\/p>\n<h3><span style=\"color: #000000;\">Komunistyczna Weso\u0142a<\/span><\/h3>\n<p><span style=\"color: #000000;\"><!-- \/wp:paragraph --><!-- wp:list --><\/span><\/p>\n<ul class=\"wp-block-list\">\n<li style=\"list-style-type: none;\">\n<ul class=\"wp-block-list\"><!-- wp:list-item --><\/ul>\n<\/li>\n<\/ul>\n<ul class=\"wp-block-list\">\n<li style=\"list-style-type: none;\">\n<ul class=\"wp-block-list\">\n<li><span style=\"color: #000000;\">Wincentego Pstrowskiego \u2013 przodownik pracy, symbol stachanowszczyzny<\/span><\/li>\n<\/ul>\n<\/li>\n<\/ul>\n<p><span style=\"color: #000000;\"><!-- \/wp:list-item --><!-- wp:list-item --><\/span><\/p>\n<ul class=\"wp-block-list\">\n<li style=\"list-style-type: none;\">\n<ul class=\"wp-block-list\">\n<li><span style=\"color: #000000;\">I Praskiego Pu\u0142ku WP \u2013 jednostka LWP<\/span><\/li>\n<\/ul>\n<\/li>\n<\/ul>\n<p><span style=\"color: #000000;\"><!-- \/wp:list-item --><!-- wp:list-item --><\/span><\/p>\n<ul class=\"wp-block-list\">\n<li style=\"list-style-type: none;\">\n<ul class=\"wp-block-list\">\n<li><span style=\"color: #000000;\">Stanis\u0142awa Wro\u0144skiego \u2013 dzia\u0142acz komunistyczny<\/span><\/li>\n<\/ul>\n<\/li>\n<\/ul>\n<p><span style=\"color: #000000;\"><!-- \/wp:list-item --><!-- wp:list-item --><\/span><\/p>\n<ul class=\"wp-block-list\">\n<li style=\"list-style-type: none;\">\n<ul class=\"wp-block-list\">\n<li><span style=\"color: #000000;\">Hanki Sawickiej \u2013 komunistyczna dzia\u0142aczka<\/span><\/li>\n<\/ul>\n<\/li>\n<\/ul>\n<p><span style=\"color: #000000;\"><!-- \/wp:list-item --><\/span><\/p>\n<p><span style=\"color: #000000;\"><!-- \/wp:list --><!-- wp:paragraph --><\/span><\/p>\n<h3><span style=\"color: #000000;\">Komunistyczne W\u0142ochy<\/span><\/h3>\n<p><span style=\"color: #000000;\"><!-- \/wp:paragraph --><!-- wp:list --><\/span><\/p>\n<ul class=\"wp-block-list\">\n<li style=\"list-style-type: none;\">\n<ul class=\"wp-block-list\"><!-- wp:list-item --><\/ul>\n<\/li>\n<\/ul>\n<ul class=\"wp-block-list\">\n<li style=\"list-style-type: none;\">\n<ul class=\"wp-block-list\">\n<li><span style=\"color: #000000;\">Boles\u0142awa Gidzi\u0144skiego \u2013 dzia\u0142acz komunistyczny<\/span><\/li>\n<\/ul>\n<\/li>\n<\/ul>\n<p><span style=\"color: #000000;\"><!-- \/wp:list-item --><!-- wp:list-item --><\/span><\/p>\n<ul class=\"wp-block-list\">\n<li style=\"list-style-type: none;\">\n<ul class=\"wp-block-list\">\n<li><span style=\"color: #000000;\">17 Stycznia (1945 r.) \u2013 data \u201ewyzwolenia\u201d przez Armi\u0119 Czerwon\u0105<\/span><\/li>\n<\/ul>\n<\/li>\n<\/ul>\n<p><span style=\"color: #000000;\"><!-- \/wp:list-item --><\/span><\/p>\n<p><span style=\"color: #000000;\"><!-- \/wp:list --><!-- wp:paragraph --><\/span><\/p>\n<h3><span style=\"color: #000000;\">Komunistyczna Wola<\/span><\/h3>\n<p><span style=\"color: #000000;\"><!-- \/wp:paragraph --><!-- wp:list --><\/span><\/p>\n<ul class=\"wp-block-list\">\n<li style=\"list-style-type: none;\">\n<ul class=\"wp-block-list\"><!-- wp:list-item --><\/ul>\n<\/li>\n<\/ul>\n<ul class=\"wp-block-list\">\n<li style=\"list-style-type: none;\">\n<ul class=\"wp-block-list\">\n<li><span style=\"color: #000000;\">Jana Sza\u0142ka \u2013 dzia\u0142acz komunistyczny<\/span><\/li>\n<\/ul>\n<\/li>\n<\/ul>\n<p><span style=\"color: #000000;\"><!-- \/wp:list-item --><!-- wp:list-item --><\/span><\/p>\n<ul class=\"wp-block-list\">\n<li style=\"list-style-type: none;\">\n<ul class=\"wp-block-list\">\n<li><span style=\"color: #000000;\">Jana Szymczaka \u2013 dzia\u0142acz komunistyczny<\/span><\/li>\n<\/ul>\n<\/li>\n<\/ul>\n<p><span style=\"color: #000000;\"><!-- \/wp:list-item --><!-- wp:list-item --><\/span><\/p>\n<ul class=\"wp-block-list\">\n<li style=\"list-style-type: none;\">\n<ul class=\"wp-block-list\">\n<li><span style=\"color: #000000;\">Antoniego Dobiszewskiego \u2013 dzia\u0142acz komunistyczny<\/span><\/li>\n<\/ul>\n<\/li>\n<\/ul>\n<p><span style=\"color: #000000;\"><!-- \/wp:list-item --><!-- wp:list-item --><\/span><\/p>\n<ul class=\"wp-block-list\">\n<li style=\"list-style-type: none;\">\n<ul class=\"wp-block-list\">\n<li><span style=\"color: #000000;\">Ma\u0142ego Franka (Zubrzyckiego) \u2013 symbol komunistycznej propagandy<\/span><\/li>\n<\/ul>\n<\/li>\n<\/ul>\n<p><span style=\"color: #000000;\"><!-- \/wp:list-item --><\/span><\/p>\n<p><span style=\"color: #000000;\"><!-- \/wp:list --><!-- wp:paragraph --><\/span><\/p>\n<h3><span style=\"color: #000000;\">Komunistyczny \u017boliborz<\/span><\/h3>\n<p><span style=\"color: #000000;\"><!-- \/wp:paragraph --><!-- wp:list --><\/span><\/p>\n<ul class=\"wp-block-list\">\n<li style=\"list-style-type: none;\">\n<ul class=\"wp-block-list\"><!-- wp:list-item --><\/ul>\n<\/li>\n<\/ul>\n<ul class=\"wp-block-list\">\n<li style=\"list-style-type: none;\">\n<ul class=\"wp-block-list\">\n<li><span style=\"color: #000000;\">Stanis\u0142awa To\u0142wi\u0144skiego \u2013 komunista, prezydent Warszawy w okresie stalinowskim<\/span><\/li>\n<\/ul>\n<\/li>\n<\/ul>\n<p><span style=\"color: #000000;\"><!-- \/wp:list-item --><\/span><\/p>\n<h3><span style=\"color: #000000;\">Warszawiaku, czy mieszkasz na ulicy, kt\u00f3ra czci komunizm?<\/span><\/h3>\n<p><span style=\"color: #000000;\"><!-- \/wp:paragraph --><!-- wp:paragraph --><\/span><\/p>\n<p><span style=\"color: #000000;\">To nie jest pytanie teoretyczne.Sprawd\u017a adres, pod kt\u00f3rym mieszkasz, pracujesz lub wysy\u0142asz dzieci do szko\u0142y. Czy Twoja ulica znajduje si\u0119 na powy\u017cszej li\u015bcie? Czy codziennie chodzisz ulic\u0105 nazwan\u0105 imieniem funkcjonariusza aparatu bezpiecze\u0144stwa, kolaboranta, stalinowskiego propagandzisty albo formacji, kt\u00f3ra walczy\u0142a z polskim podziemiem niepodleg\u0142o\u015bciowym?<\/span><\/p>\n<p><span style=\"color: #000000;\"><!-- \/wp:paragraph --><!-- wp:paragraph --><\/span><\/p>\n<p><span style=\"color: #000000;\">Wielu mieszka\u0144c\u00f3w Warszawy nawet nie zdaje sobie sprawy, \u017ce ich adres oficjalnie gloryfikuje system, kt\u00f3ry mordowa\u0142 AK-owc\u00f3w, wprowadza\u0142 terror i odda\u0142 Polsk\u0119 pod sowieck\u0105 okupacj\u0119.<\/span><\/p>\n<p><span style=\"color: #000000;\"><!-- \/wp:paragraph --><!-- wp:paragraph --><\/span><\/p>\n<p><span style=\"color: #000000;\">Pytamy Was wprost:<\/span><\/p>\n<p><span style=\"color: #000000;\"><!-- \/wp:paragraph --><!-- wp:list --><\/span><\/p>\n<ul class=\"wp-block-list\">\n<li style=\"list-style-type: none;\">\n<ul class=\"wp-block-list\"><!-- wp:list-item --><\/ul>\n<\/li>\n<\/ul>\n<ul class=\"wp-block-list\">\n<li style=\"list-style-type: none;\">\n<ul class=\"wp-block-list\">\n<li><span style=\"color: #000000;\">Czy jeste\u015b dumny z tego, \u017ce mieszkasz na al. Armii Ludowej, ulicy D\u0105browszczak\u00f3w czy przy gen. Sylwestrze Kaliskim?<\/span><\/li>\n<\/ul>\n<\/li>\n<\/ul>\n<p><span style=\"color: #000000;\"><!-- \/wp:list-item --><!-- wp:list-item --><\/span><\/p>\n<ul class=\"wp-block-list\">\n<li style=\"list-style-type: none;\">\n<ul class=\"wp-block-list\">\n<li><span style=\"color: #000000;\">Czy chcesz, \u017ceby Twoje dzieci dorasta\u0142y na ulicy nazwanej imieniem osoby, kt\u00f3ra budowa\u0142a komunistyczny re\u017cim?<\/span><\/li>\n<\/ul>\n<\/li>\n<\/ul>\n<p><span style=\"color: #000000;\"><!-- \/wp:list-item --><!-- wp:list-item --><\/span><\/p>\n<ul class=\"wp-block-list\">\n<li style=\"list-style-type: none;\">\n<ul class=\"wp-block-list\">\n<li><span style=\"color: #000000;\">A mo\u017ce czas, \u017ceby zwykli Warszawiacy zacz\u0119li naciska\u0107 na w\u0142adze miasta?<\/span><\/li>\n<\/ul>\n<\/li>\n<\/ul>\n<p><span style=\"color: #000000;\"><!-- \/wp:list-item --><\/span><\/p>\n<p><span style=\"color: #000000;\"><!-- \/wp:list --><!-- wp:paragraph --><\/span><\/p>\n<h3><span style=\"color: #000000;\">Dekomunizacja w Warszawie nie zosta\u0142a zako\u0144czona. Zosta\u0142a po prostu zablokowana. Czas to zmieni\u0107 !<\/span><\/h3>\n<p><!-- \/wp:paragraph --><!-- wp:paragraph --><\/p>\n<p><!-- \/wp:paragraph --><\/p>\t\t\t\t\t\t\t\t<\/div>\n\t\t\t\t\t<\/div>\n\t\t\t\t<\/div>\n\t\t\t\t<\/div>\n\t\t","protected":false},"excerpt":{"rendered":"<p>Warszawa najbardziej \u201eczerwona\u201d stolica Europy \u015arodkowej. 50 komunistycznych ulic Pa\u0142\u0105c Kultury im J\u00f3zefa Stalina Zdj\u0119cie Pa\u0142acu Kultury im. J\u00f3zefa Stalina powinno budzi\u0107 refleksj\u0119 u ka\u017cdego warszawiaka. W sercu miasta, kt\u00f3re w 1944 roku zap\u0142aci\u0142o najwy\u017csz\u0105 cen\u0119 za wolno\u015b\u0107, w mie\u015bcie Powstania Warszawskiego i zamordowanego przez SB Grzegorza Przemyka, nadal dominuje sowiecki kolos. A wok\u00f3\u0142 niego [&hellip;]<\/p>\n","protected":false},"author":1,"featured_media":2098,"comment_status":"closed","ping_status":"closed","sticky":false,"template":"","format":"standard","meta":{"give_campaign_id":0,"footnotes":""},"categories":[22,45,44],"tags":[265,269,262,266,279,267,264,270,278,263],"class_list":["post-2096","post","type-post","status-publish","format-standard","has-post-thumbnail","hentry","category-aktualnosci","category-komunizm-w-panstwach-wspolczesnych","category-wspolczesny-komunizm","tag-50-ulic-warszawa-dekomunizacja","tag-armii-ludowej-warszawa","tag-czerwona-warszawa","tag-dekomunizacja-warszawa","tag-dekomunizacja-zablokowana-warszawa","tag-dlaczego-warszawa-jest-czerwona-stolica","tag-komunistyczne-ulice-warszawa","tag-lista-komunistycznych-ulic-w-warszawie","tag-na-jakiej-ulicy-mieszkam-warszawa-komunizm","tag-warszawa-czerwona-stolica"],"yoast_head":"<!-- This site is optimized with the Yoast SEO plugin v28.4 - https:\/\/yoast.com\/product\/yoast-seo-wordpress\/ -->\n<title>Warszawa jedn\u0105 z najbardziej \u201eczerwonych\u201d stolic Europy \u015arodkowej - Antykomunistyczni.pl<\/title>\n<meta name=\"description\" content=\"Dekomunizacja w Warszawie ca\u0142kowicie zablokowana przez s\u0105dy. Oto pe\u0142na lista 50 ulic, kt\u00f3re nadal nosz\u0105 imiona komunist\u00f3w, funkcjonariuszy LWP, kolaborant\u00f3w i propagandzist\u00f3w PRL. Sprawd\u017a, czy mieszkasz na jednej z nich.\" \/>\n<meta name=\"robots\" content=\"index, follow, max-snippet:-1, max-image-preview:large, max-video-preview:-1\" \/>\n<link rel=\"canonical\" href=\"https:\/\/antykomunistyczni.pl\/index.php\/warszawa-jedna-z-najbardziej-czerwonych-stolic-europy-srodkowej\/\" \/>\n<meta property=\"og:locale\" content=\"pl_PL\" \/>\n<meta property=\"og:type\" content=\"article\" \/>\n<meta property=\"og:title\" content=\"Warszawa jedn\u0105 z najbardziej \u201eczerwonych\u201d stolic Europy \u015arodkowej - Antykomunistyczni.pl\" \/>\n<meta property=\"og:description\" content=\"Dekomunizacja w Warszawie ca\u0142kowicie zablokowana przez s\u0105dy. Oto pe\u0142na lista 50 ulic, kt\u00f3re nadal nosz\u0105 imiona komunist\u00f3w, funkcjonariuszy LWP, kolaborant\u00f3w i propagandzist\u00f3w PRL. Sprawd\u017a, czy mieszkasz na jednej z nich.\" \/>\n<meta property=\"og:url\" content=\"https:\/\/antykomunistyczni.pl\/index.php\/warszawa-jedna-z-najbardziej-czerwonych-stolic-europy-srodkowej\/\" \/>\n<meta property=\"og:site_name\" content=\"Antykomunistyczni.pl\" \/>\n<meta property=\"article:publisher\" content=\"https:\/\/www.facebook.com\/antykomunistyczni\/\" \/>\n<meta property=\"article:published_time\" content=\"2026-05-19T09:50:27+00:00\" \/>\n<meta property=\"article:modified_time\" content=\"2026-05-19T12:32:39+00:00\" \/>\n<meta property=\"og:image\" content=\"https:\/\/antykomunistyczni.pl\/wp-content\/uploads\/2026\/05\/Palac-Kultury-im-Jozefa-Stalina.jpg\" \/>\n\t<meta property=\"og:image:width\" content=\"1400\" \/>\n\t<meta property=\"og:image:height\" content=\"949\" \/>\n\t<meta property=\"og:image:type\" content=\"image\/jpeg\" \/>\n<meta name=\"author\" content=\"Antykomunistyczni\" \/>\n<meta name=\"twitter:card\" content=\"summary_large_image\" \/>\n<meta name=\"twitter:creator\" content=\"@anty_komunisci\" \/>\n<meta name=\"twitter:site\" content=\"@anty_komunisci\" \/>\n<meta name=\"twitter:label1\" content=\"Napisane przez\" \/>\n\t<meta name=\"twitter:data1\" content=\"Antykomunistyczni\" \/>\n\t<meta name=\"twitter:label2\" content=\"Szacowany czas czytania\" \/>\n\t<meta name=\"twitter:data2\" content=\"4 minuty\" \/>\n<script type=\"application\/ld+json\" class=\"yoast-schema-graph\">{\"@context\":\"https:\\\/\\\/schema.org\",\"@graph\":[{\"@type\":\"Article\",\"@id\":\"https:\\\/\\\/antykomunistyczni.pl\\\/index.php\\\/warszawa-jedna-z-najbardziej-czerwonych-stolic-europy-srodkowej\\\/#article\",\"isPartOf\":{\"@id\":\"https:\\\/\\\/antykomunistyczni.pl\\\/index.php\\\/warszawa-jedna-z-najbardziej-czerwonych-stolic-europy-srodkowej\\\/\"},\"author\":{\"name\":\"Antykomunistyczni\",\"@id\":\"https:\\\/\\\/antykomunistyczni.pl\\\/#\\\/schema\\\/person\\\/4963e693e8006b94062d91d1295d02a0\"},\"headline\":\"Warszawa jedn\u0105 z najbardziej \u201eczerwonych\u201d stolic Europy \u015arodkowej\",\"datePublished\":\"2026-05-19T09:50:27+00:00\",\"dateModified\":\"2026-05-19T12:32:39+00:00\",\"mainEntityOfPage\":{\"@id\":\"https:\\\/\\\/antykomunistyczni.pl\\\/index.php\\\/warszawa-jedna-z-najbardziej-czerwonych-stolic-europy-srodkowej\\\/\"},\"wordCount\":741,\"publisher\":{\"@id\":\"https:\\\/\\\/antykomunistyczni.pl\\\/#organization\"},\"image\":{\"@id\":\"https:\\\/\\\/antykomunistyczni.pl\\\/index.php\\\/warszawa-jedna-z-najbardziej-czerwonych-stolic-europy-srodkowej\\\/#primaryimage\"},\"thumbnailUrl\":\"https:\\\/\\\/antykomunistyczni.pl\\\/wp-content\\\/uploads\\\/2026\\\/05\\\/Palac-Kultury-im-Jozefa-Stalina.jpg\",\"keywords\":[\"50 ulic Warszawa dekomunizacja\",\"Armii Ludowej Warszawa\",\"czerwona Warszawa\",\"dekomunizacja Warszawa\",\"dekomunizacja zablokowana Warszawa\",\"dlaczego Warszawa jest czerwon\u0105 stolic\u0105\",\"komunistyczne ulice Warszawa\",\"lista komunistycznych ulic w Warszawie\",\"na jakiej ulicy mieszkam Warszawa komunizm\",\"Warszawa czerwona stolica\"],\"articleSection\":[\"Aktualno\u015bci\",\"Komunizm w pa\u0144stwach wsp\u00f3\u0142czesnych\",\"Wsp\u00f3\u0142czesny komunizm\"],\"inLanguage\":\"pl-PL\"},{\"@type\":\"WebPage\",\"@id\":\"https:\\\/\\\/antykomunistyczni.pl\\\/index.php\\\/warszawa-jedna-z-najbardziej-czerwonych-stolic-europy-srodkowej\\\/\",\"url\":\"https:\\\/\\\/antykomunistyczni.pl\\\/index.php\\\/warszawa-jedna-z-najbardziej-czerwonych-stolic-europy-srodkowej\\\/\",\"name\":\"Warszawa jedn\u0105 z najbardziej \u201eczerwonych\u201d stolic Europy \u015arodkowej - Antykomunistyczni.pl\",\"isPartOf\":{\"@id\":\"https:\\\/\\\/antykomunistyczni.pl\\\/#website\"},\"primaryImageOfPage\":{\"@id\":\"https:\\\/\\\/antykomunistyczni.pl\\\/index.php\\\/warszawa-jedna-z-najbardziej-czerwonych-stolic-europy-srodkowej\\\/#primaryimage\"},\"image\":{\"@id\":\"https:\\\/\\\/antykomunistyczni.pl\\\/index.php\\\/warszawa-jedna-z-najbardziej-czerwonych-stolic-europy-srodkowej\\\/#primaryimage\"},\"thumbnailUrl\":\"https:\\\/\\\/antykomunistyczni.pl\\\/wp-content\\\/uploads\\\/2026\\\/05\\\/Palac-Kultury-im-Jozefa-Stalina.jpg\",\"datePublished\":\"2026-05-19T09:50:27+00:00\",\"dateModified\":\"2026-05-19T12:32:39+00:00\",\"description\":\"Dekomunizacja w Warszawie ca\u0142kowicie zablokowana przez s\u0105dy. Oto pe\u0142na lista 50 ulic, kt\u00f3re nadal nosz\u0105 imiona komunist\u00f3w, funkcjonariuszy LWP, kolaborant\u00f3w i propagandzist\u00f3w PRL. Sprawd\u017a, czy mieszkasz na jednej z nich.\",\"breadcrumb\":{\"@id\":\"https:\\\/\\\/antykomunistyczni.pl\\\/index.php\\\/warszawa-jedna-z-najbardziej-czerwonych-stolic-europy-srodkowej\\\/#breadcrumb\"},\"inLanguage\":\"pl-PL\",\"potentialAction\":[{\"@type\":\"ReadAction\",\"target\":[\"https:\\\/\\\/antykomunistyczni.pl\\\/index.php\\\/warszawa-jedna-z-najbardziej-czerwonych-stolic-europy-srodkowej\\\/\"]}]},{\"@type\":\"ImageObject\",\"inLanguage\":\"pl-PL\",\"@id\":\"https:\\\/\\\/antykomunistyczni.pl\\\/index.php\\\/warszawa-jedna-z-najbardziej-czerwonych-stolic-europy-srodkowej\\\/#primaryimage\",\"url\":\"https:\\\/\\\/antykomunistyczni.pl\\\/wp-content\\\/uploads\\\/2026\\\/05\\\/Palac-Kultury-im-Jozefa-Stalina.jpg\",\"contentUrl\":\"https:\\\/\\\/antykomunistyczni.pl\\\/wp-content\\\/uploads\\\/2026\\\/05\\\/Palac-Kultury-im-Jozefa-Stalina.jpg\",\"width\":1400,\"height\":949,\"caption\":\"Pa\u0142\u0105c Kultury im J\u00f3zefa Stalina\"},{\"@type\":\"BreadcrumbList\",\"@id\":\"https:\\\/\\\/antykomunistyczni.pl\\\/index.php\\\/warszawa-jedna-z-najbardziej-czerwonych-stolic-europy-srodkowej\\\/#breadcrumb\",\"itemListElement\":[{\"@type\":\"ListItem\",\"position\":1,\"name\":\"Strona g\u0142\u00f3wna\",\"item\":\"https:\\\/\\\/antykomunistyczni.pl\\\/\"},{\"@type\":\"ListItem\",\"position\":2,\"name\":\"Warszawa jedn\u0105 z najbardziej \u201eczerwonych\u201d stolic Europy \u015arodkowej\"}]},{\"@type\":\"WebSite\",\"@id\":\"https:\\\/\\\/antykomunistyczni.pl\\\/#website\",\"url\":\"https:\\\/\\\/antykomunistyczni.pl\\\/\",\"name\":\"Antykomunistyczni.pl\",\"description\":\"\",\"publisher\":{\"@id\":\"https:\\\/\\\/antykomunistyczni.pl\\\/#organization\"},\"alternateName\":\"Historia PRL, zbrodnie komunistyczne w Polsce i na \u015bwiecie\",\"potentialAction\":[{\"@type\":\"SearchAction\",\"target\":{\"@type\":\"EntryPoint\",\"urlTemplate\":\"https:\\\/\\\/antykomunistyczni.pl\\\/?s={search_term_string}\"},\"query-input\":{\"@type\":\"PropertyValueSpecification\",\"valueRequired\":true,\"valueName\":\"search_term_string\"}}],\"inLanguage\":\"pl-PL\"},{\"@type\":\"Organization\",\"@id\":\"https:\\\/\\\/antykomunistyczni.pl\\\/#organization\",\"name\":\"Antykomunistyczni.pl\",\"url\":\"https:\\\/\\\/antykomunistyczni.pl\\\/\",\"logo\":{\"@type\":\"ImageObject\",\"inLanguage\":\"pl-PL\",\"@id\":\"https:\\\/\\\/antykomunistyczni.pl\\\/#\\\/schema\\\/logo\\\/image\\\/\",\"url\":\"https:\\\/\\\/antykomunistyczni.pl\\\/wp-content\\\/uploads\\\/2026\\\/02\\\/cropped-AntykomunistyczniLogoSquare150x150-2.png\",\"contentUrl\":\"https:\\\/\\\/antykomunistyczni.pl\\\/wp-content\\\/uploads\\\/2026\\\/02\\\/cropped-AntykomunistyczniLogoSquare150x150-2.png\",\"width\":150,\"height\":150,\"caption\":\"Antykomunistyczni.pl\"},\"image\":{\"@id\":\"https:\\\/\\\/antykomunistyczni.pl\\\/#\\\/schema\\\/logo\\\/image\\\/\"},\"sameAs\":[\"https:\\\/\\\/www.facebook.com\\\/antykomunistyczni\\\/\",\"https:\\\/\\\/x.com\\\/anty_komunisci\"]},{\"@type\":\"Person\",\"@id\":\"https:\\\/\\\/antykomunistyczni.pl\\\/#\\\/schema\\\/person\\\/4963e693e8006b94062d91d1295d02a0\",\"name\":\"Antykomunistyczni\",\"image\":{\"@type\":\"ImageObject\",\"inLanguage\":\"pl-PL\",\"@id\":\"https:\\\/\\\/secure.gravatar.com\\\/avatar\\\/ff172875f9ced7887f883245268c1ba638c26cf1e0530f7f61b4705963a6730b?s=96&d=mm&r=g\",\"url\":\"https:\\\/\\\/secure.gravatar.com\\\/avatar\\\/ff172875f9ced7887f883245268c1ba638c26cf1e0530f7f61b4705963a6730b?s=96&d=mm&r=g\",\"contentUrl\":\"https:\\\/\\\/secure.gravatar.com\\\/avatar\\\/ff172875f9ced7887f883245268c1ba638c26cf1e0530f7f61b4705963a6730b?s=96&d=mm&r=g\",\"caption\":\"Antykomunistyczni\"},\"sameAs\":[\"http:\\\/\\\/antykomunistyczni.pl\"],\"url\":\"https:\\\/\\\/antykomunistyczni.pl\\\/index.php\\\/author\\\/admin0\\\/\"}]}<\/script>\n<!-- \/ Yoast SEO plugin. -->","yoast_head_json":{"title":"Warszawa jedn\u0105 z najbardziej \u201eczerwonych\u201d stolic Europy \u015arodkowej - Antykomunistyczni.pl","description":"Dekomunizacja w Warszawie ca\u0142kowicie zablokowana przez s\u0105dy. Oto pe\u0142na lista 50 ulic, kt\u00f3re nadal nosz\u0105 imiona komunist\u00f3w, funkcjonariuszy LWP, kolaborant\u00f3w i propagandzist\u00f3w PRL. Sprawd\u017a, czy mieszkasz na jednej z nich.","robots":{"index":"index","follow":"follow","max-snippet":"max-snippet:-1","max-image-preview":"max-image-preview:large","max-video-preview":"max-video-preview:-1"},"canonical":"https:\/\/antykomunistyczni.pl\/index.php\/warszawa-jedna-z-najbardziej-czerwonych-stolic-europy-srodkowej\/","og_locale":"pl_PL","og_type":"article","og_title":"Warszawa jedn\u0105 z najbardziej \u201eczerwonych\u201d stolic Europy \u015arodkowej - Antykomunistyczni.pl","og_description":"Dekomunizacja w Warszawie ca\u0142kowicie zablokowana przez s\u0105dy. Oto pe\u0142na lista 50 ulic, kt\u00f3re nadal nosz\u0105 imiona komunist\u00f3w, funkcjonariuszy LWP, kolaborant\u00f3w i propagandzist\u00f3w PRL. Sprawd\u017a, czy mieszkasz na jednej z nich.","og_url":"https:\/\/antykomunistyczni.pl\/index.php\/warszawa-jedna-z-najbardziej-czerwonych-stolic-europy-srodkowej\/","og_site_name":"Antykomunistyczni.pl","article_publisher":"https:\/\/www.facebook.com\/antykomunistyczni\/","article_published_time":"2026-05-19T09:50:27+00:00","article_modified_time":"2026-05-19T12:32:39+00:00","og_image":[{"width":1400,"height":949,"url":"https:\/\/antykomunistyczni.pl\/wp-content\/uploads\/2026\/05\/Palac-Kultury-im-Jozefa-Stalina.jpg","type":"image\/jpeg"}],"author":"Antykomunistyczni","twitter_card":"summary_large_image","twitter_creator":"@anty_komunisci","twitter_site":"@anty_komunisci","twitter_misc":{"Napisane przez":"Antykomunistyczni","Szacowany czas czytania":"4 minuty"},"schema":{"@context":"https:\/\/schema.org","@graph":[{"@type":"Article","@id":"https:\/\/antykomunistyczni.pl\/index.php\/warszawa-jedna-z-najbardziej-czerwonych-stolic-europy-srodkowej\/#article","isPartOf":{"@id":"https:\/\/antykomunistyczni.pl\/index.php\/warszawa-jedna-z-najbardziej-czerwonych-stolic-europy-srodkowej\/"},"author":{"name":"Antykomunistyczni","@id":"https:\/\/antykomunistyczni.pl\/#\/schema\/person\/4963e693e8006b94062d91d1295d02a0"},"headline":"Warszawa jedn\u0105 z najbardziej \u201eczerwonych\u201d stolic Europy \u015arodkowej","datePublished":"2026-05-19T09:50:27+00:00","dateModified":"2026-05-19T12:32:39+00:00","mainEntityOfPage":{"@id":"https:\/\/antykomunistyczni.pl\/index.php\/warszawa-jedna-z-najbardziej-czerwonych-stolic-europy-srodkowej\/"},"wordCount":741,"publisher":{"@id":"https:\/\/antykomunistyczni.pl\/#organization"},"image":{"@id":"https:\/\/antykomunistyczni.pl\/index.php\/warszawa-jedna-z-najbardziej-czerwonych-stolic-europy-srodkowej\/#primaryimage"},"thumbnailUrl":"https:\/\/antykomunistyczni.pl\/wp-content\/uploads\/2026\/05\/Palac-Kultury-im-Jozefa-Stalina.jpg","keywords":["50 ulic Warszawa dekomunizacja","Armii Ludowej Warszawa","czerwona Warszawa","dekomunizacja Warszawa","dekomunizacja zablokowana Warszawa","dlaczego Warszawa jest czerwon\u0105 stolic\u0105","komunistyczne ulice Warszawa","lista komunistycznych ulic w Warszawie","na jakiej ulicy mieszkam Warszawa komunizm","Warszawa czerwona stolica"],"articleSection":["Aktualno\u015bci","Komunizm w pa\u0144stwach wsp\u00f3\u0142czesnych","Wsp\u00f3\u0142czesny komunizm"],"inLanguage":"pl-PL"},{"@type":"WebPage","@id":"https:\/\/antykomunistyczni.pl\/index.php\/warszawa-jedna-z-najbardziej-czerwonych-stolic-europy-srodkowej\/","url":"https:\/\/antykomunistyczni.pl\/index.php\/warszawa-jedna-z-najbardziej-czerwonych-stolic-europy-srodkowej\/","name":"Warszawa jedn\u0105 z najbardziej \u201eczerwonych\u201d stolic Europy \u015arodkowej - Antykomunistyczni.pl","isPartOf":{"@id":"https:\/\/antykomunistyczni.pl\/#website"},"primaryImageOfPage":{"@id":"https:\/\/antykomunistyczni.pl\/index.php\/warszawa-jedna-z-najbardziej-czerwonych-stolic-europy-srodkowej\/#primaryimage"},"image":{"@id":"https:\/\/antykomunistyczni.pl\/index.php\/warszawa-jedna-z-najbardziej-czerwonych-stolic-europy-srodkowej\/#primaryimage"},"thumbnailUrl":"https:\/\/antykomunistyczni.pl\/wp-content\/uploads\/2026\/05\/Palac-Kultury-im-Jozefa-Stalina.jpg","datePublished":"2026-05-19T09:50:27+00:00","dateModified":"2026-05-19T12:32:39+00:00","description":"Dekomunizacja w Warszawie ca\u0142kowicie zablokowana przez s\u0105dy. Oto pe\u0142na lista 50 ulic, kt\u00f3re nadal nosz\u0105 imiona komunist\u00f3w, funkcjonariuszy LWP, kolaborant\u00f3w i propagandzist\u00f3w PRL. Sprawd\u017a, czy mieszkasz na jednej z nich.","breadcrumb":{"@id":"https:\/\/antykomunistyczni.pl\/index.php\/warszawa-jedna-z-najbardziej-czerwonych-stolic-europy-srodkowej\/#breadcrumb"},"inLanguage":"pl-PL","potentialAction":[{"@type":"ReadAction","target":["https:\/\/antykomunistyczni.pl\/index.php\/warszawa-jedna-z-najbardziej-czerwonych-stolic-europy-srodkowej\/"]}]},{"@type":"ImageObject","inLanguage":"pl-PL","@id":"https:\/\/antykomunistyczni.pl\/index.php\/warszawa-jedna-z-najbardziej-czerwonych-stolic-europy-srodkowej\/#primaryimage","url":"https:\/\/antykomunistyczni.pl\/wp-content\/uploads\/2026\/05\/Palac-Kultury-im-Jozefa-Stalina.jpg","contentUrl":"https:\/\/antykomunistyczni.pl\/wp-content\/uploads\/2026\/05\/Palac-Kultury-im-Jozefa-Stalina.jpg","width":1400,"height":949,"caption":"Pa\u0142\u0105c Kultury im J\u00f3zefa Stalina"},{"@type":"BreadcrumbList","@id":"https:\/\/antykomunistyczni.pl\/index.php\/warszawa-jedna-z-najbardziej-czerwonych-stolic-europy-srodkowej\/#breadcrumb","itemListElement":[{"@type":"ListItem","position":1,"name":"Strona g\u0142\u00f3wna","item":"https:\/\/antykomunistyczni.pl\/"},{"@type":"ListItem","position":2,"name":"Warszawa jedn\u0105 z najbardziej \u201eczerwonych\u201d stolic Europy \u015arodkowej"}]},{"@type":"WebSite","@id":"https:\/\/antykomunistyczni.pl\/#website","url":"https:\/\/antykomunistyczni.pl\/","name":"Antykomunistyczni.pl","description":"","publisher":{"@id":"https:\/\/antykomunistyczni.pl\/#organization"},"alternateName":"Historia PRL, zbrodnie komunistyczne w Polsce i na \u015bwiecie","potentialAction":[{"@type":"SearchAction","target":{"@type":"EntryPoint","urlTemplate":"https:\/\/antykomunistyczni.pl\/?s={search_term_string}"},"query-input":{"@type":"PropertyValueSpecification","valueRequired":true,"valueName":"search_term_string"}}],"inLanguage":"pl-PL"},{"@type":"Organization","@id":"https:\/\/antykomunistyczni.pl\/#organization","name":"Antykomunistyczni.pl","url":"https:\/\/antykomunistyczni.pl\/","logo":{"@type":"ImageObject","inLanguage":"pl-PL","@id":"https:\/\/antykomunistyczni.pl\/#\/schema\/logo\/image\/","url":"https:\/\/antykomunistyczni.pl\/wp-content\/uploads\/2026\/02\/cropped-AntykomunistyczniLogoSquare150x150-2.png","contentUrl":"https:\/\/antykomunistyczni.pl\/wp-content\/uploads\/2026\/02\/cropped-AntykomunistyczniLogoSquare150x150-2.png","width":150,"height":150,"caption":"Antykomunistyczni.pl"},"image":{"@id":"https:\/\/antykomunistyczni.pl\/#\/schema\/logo\/image\/"},"sameAs":["https:\/\/www.facebook.com\/antykomunistyczni\/","https:\/\/x.com\/anty_komunisci"]},{"@type":"Person","@id":"https:\/\/antykomunistyczni.pl\/#\/schema\/person\/4963e693e8006b94062d91d1295d02a0","name":"Antykomunistyczni","image":{"@type":"ImageObject","inLanguage":"pl-PL","@id":"https:\/\/secure.gravatar.com\/avatar\/ff172875f9ced7887f883245268c1ba638c26cf1e0530f7f61b4705963a6730b?s=96&d=mm&r=g","url":"https:\/\/secure.gravatar.com\/avatar\/ff172875f9ced7887f883245268c1ba638c26cf1e0530f7f61b4705963a6730b?s=96&d=mm&r=g","contentUrl":"https:\/\/secure.gravatar.com\/avatar\/ff172875f9ced7887f883245268c1ba638c26cf1e0530f7f61b4705963a6730b?s=96&d=mm&r=g","caption":"Antykomunistyczni"},"sameAs":["http:\/\/antykomunistyczni.pl"],"url":"https:\/\/antykomunistyczni.pl\/index.php\/author\/admin0\/"}]}},"_links":{"self":[{"href":"https:\/\/antykomunistyczni.pl\/index.php\/wp-json\/wp\/v2\/posts\/2096","targetHints":{"allow":["GET"]}}],"collection":[{"href":"https:\/\/antykomunistyczni.pl\/index.php\/wp-json\/wp\/v2\/posts"}],"about":[{"href":"https:\/\/antykomunistyczni.pl\/index.php\/wp-json\/wp\/v2\/types\/post"}],"author":[{"embeddable":true,"href":"https:\/\/antykomunistyczni.pl\/index.php\/wp-json\/wp\/v2\/users\/1"}],"replies":[{"embeddable":true,"href":"https:\/\/antykomunistyczni.pl\/index.php\/wp-json\/wp\/v2\/comments?post=2096"}],"version-history":[{"count":15,"href":"https:\/\/antykomunistyczni.pl\/index.php\/wp-json\/wp\/v2\/posts\/2096\/revisions"}],"predecessor-version":[{"id":2113,"href":"https:\/\/antykomunistyczni.pl\/index.php\/wp-json\/wp\/v2\/posts\/2096\/revisions\/2113"}],"wp:featuredmedia":[{"embeddable":true,"href":"https:\/\/antykomunistyczni.pl\/index.php\/wp-json\/wp\/v2\/media\/2098"}],"wp:attachment":[{"href":"https:\/\/antykomunistyczni.pl\/index.php\/wp-json\/wp\/v2\/media?parent=2096"}],"wp:term":[{"taxonomy":"category","embeddable":true,"href":"https:\/\/antykomunistyczni.pl\/index.php\/wp-json\/wp\/v2\/categories?post=2096"},{"taxonomy":"post_tag","embeddable":true,"href":"https:\/\/antykomunistyczni.pl\/index.php\/wp-json\/wp\/v2\/tags?post=2096"}],"curies":[{"name":"wp","href":"https:\/\/api.w.org\/{rel}","templated":true}]}}