{"id":2115,"date":"2026-06-04T09:09:51","date_gmt":"2026-06-04T07:09:51","guid":{"rendered":"https:\/\/antykomunistyczni.pl\/?p=2115"},"modified":"2026-06-04T09:35:05","modified_gmt":"2026-06-04T07:35:05","slug":"czy-4-czerwca-1989-naprawde-skonczyl-sie-komunizm-w-polsce","status":"publish","type":"post","link":"https:\/\/antykomunistyczni.pl\/index.php\/czy-4-czerwca-1989-naprawde-skonczyl-sie-komunizm-w-polsce\/","title":{"rendered":"Czy 4 czerwca 1989 naprawd\u0119 sko\u0144czy\u0142 si\u0119 w Polsce komunizm? Zdrada Okr\u0105g\u0142ego Sto\u0142u"},"content":{"rendered":"\t\t<div data-elementor-type=\"wp-post\" data-elementor-id=\"2115\" class=\"elementor elementor-2115\">\n\t\t\t\t<div class=\"elementor-element elementor-element-926e352 e-flex e-con-boxed e-con e-parent\" data-id=\"926e352\" data-element_type=\"container\" data-e-type=\"container\">\n\t\t\t\t\t<div class=\"e-con-inner\">\n\t\t\t\t<div class=\"elementor-element elementor-element-38aaef4 elementor-widget elementor-widget-heading\" data-id=\"38aaef4\" data-element_type=\"widget\" data-e-type=\"widget\" data-widget_type=\"heading.default\">\n\t\t\t\t\t<h2 class=\"elementor-heading-title elementor-size-default\">Czy 4 czerwca 1989 naprawd\u0119 sko\u0144czy\u0142 si\u0119 w Polsce komunizm?\nZdrada, iluzja i postkomunistyczny nowotw\u00f3r\n\n<\/h2>\t\t\t\t<\/div>\n\t\t\t\t\t<\/div>\n\t\t\t\t<\/div>\n\t\t<div class=\"elementor-element elementor-element-da83971 e-flex e-con-boxed e-con e-parent\" data-id=\"da83971\" data-element_type=\"container\" data-e-type=\"container\">\n\t\t\t\t\t<div class=\"e-con-inner\">\n\t\t\t\t<div class=\"elementor-element elementor-element-081afc2 elementor-arrows-position-inside elementor-pagination-position-outside elementor-widget elementor-widget-image-carousel\" data-id=\"081afc2\" data-element_type=\"widget\" data-e-type=\"widget\" data-settings=\"{&quot;navigation&quot;:&quot;both&quot;,&quot;autoplay&quot;:&quot;yes&quot;,&quot;pause_on_hover&quot;:&quot;yes&quot;,&quot;pause_on_interaction&quot;:&quot;yes&quot;,&quot;autoplay_speed&quot;:5000,&quot;infinite&quot;:&quot;yes&quot;,&quot;speed&quot;:500}\" data-widget_type=\"image-carousel.default\">\n\t\t\t\t\t\t\t<div class=\"elementor-image-carousel-wrapper swiper\" role=\"region\" aria-roledescription=\"carousel\" aria-label=\"Karuzela obrazk\u00f3w\" dir=\"ltr\">\n\t\t\t<div class=\"elementor-image-carousel swiper-wrapper\" aria-live=\"off\">\n\t\t\t\t\t\t\t\t<div class=\"swiper-slide\" role=\"group\" aria-roledescription=\"slide\" aria-label=\"1 z 6\"><figure class=\"swiper-slide-inner\"><img decoding=\"async\" class=\"swiper-slide-image\" src=\"https:\/\/antykomunistyczni.pl\/wp-content\/uploads\/2026\/06\/Afera-FOZZ-\u2013-najwieksza-kradziez-majatku-narodowego-po-1989-roku.jpg\" alt=\"Afera FOZZ \u2013 najwie\u0328ksza kradziez\u0307 maja\u0328tku narodowego po 1989 roku\" \/><figcaption class=\"elementor-image-carousel-caption\">Afera FOZZ \u2013 najwie\u0328ksza kradziez\u0307 maja\u0328tku narodowego po 1989 roku<\/figcaption><\/figure><\/div><div class=\"swiper-slide\" role=\"group\" aria-roledescription=\"slide\" aria-label=\"2 z 6\"><figure class=\"swiper-slide-inner\"><img decoding=\"async\" class=\"swiper-slide-image\" src=\"https:\/\/antykomunistyczni.pl\/wp-content\/uploads\/2026\/06\/Tadeusz-Mazowiecki-oglasza-gruba-kreske-\u2013-amnestia-dla-komunistow-768x404.jpg\" alt=\"Tadeusz Mazowiecki og\u0142asza \u00bbgruba\u0328 kreske\u0328\u00ab \u2013 amnestia dla komunisto\u0301w\" \/><figcaption class=\"elementor-image-carousel-caption\">Tadeusz Mazowiecki og\u0142asza \u00bbgruba\u0328 kreske\u0328\u00ab \u2013 amnestia dla komunisto\u0301w<\/figcaption><\/figure><\/div><div class=\"swiper-slide\" role=\"group\" aria-roledescription=\"slide\" aria-label=\"3 z 6\"><figure class=\"swiper-slide-inner\"><img decoding=\"async\" class=\"swiper-slide-image\" src=\"https:\/\/antykomunistyczni.pl\/wp-content\/uploads\/2026\/06\/Ulice-komunistow-Warszawa-768x512.jpg\" alt=\"Ulice komunisto\u0301w Warszawa\" \/><figcaption class=\"elementor-image-carousel-caption\">Ulice komunisto\u0301w Warszawa<\/figcaption><\/figure><\/div><div class=\"swiper-slide\" role=\"group\" aria-roledescription=\"slide\" aria-label=\"4 z 6\"><figure class=\"swiper-slide-inner\"><img decoding=\"async\" class=\"swiper-slide-image\" src=\"https:\/\/antykomunistyczni.pl\/wp-content\/uploads\/2026\/06\/Uwlaszczenie-nomenklatury-\u2013-jak-komunisci-stali-sie-kapitalistami-III-RP.jpg\" alt=\"Uw\u0142aszczenie nomenklatury \u2013 jak komunis\u0301ci stali sie\u0328 kapitalistami III RP\" \/><figcaption class=\"elementor-image-carousel-caption\">Uw\u0142aszczenie nomenklatury \u2013 jak komunis\u0301ci stali sie\u0328 kapitalistami III RP<\/figcaption><\/figure><\/div><div class=\"swiper-slide\" role=\"group\" aria-roledescription=\"slide\" aria-label=\"5 z 6\"><figure class=\"swiper-slide-inner\"><img decoding=\"async\" class=\"swiper-slide-image\" src=\"https:\/\/antykomunistyczni.pl\/wp-content\/uploads\/2026\/06\/Wojciech-Jaruzelski-i-Lech-Walesa-\u2013-symbol-Okraglego-Stolu-768x751.jpg\" alt=\"Wojciech Jaruzelski i Lech Wa\u0142e\u0328sa \u2013 symbol Okra\u0328g\u0142ego Sto\u0142u\" \/><figcaption class=\"elementor-image-carousel-caption\">Wojciech Jaruzelski i Lech Wa\u0142e\u0328sa \u2013 symbol Okra\u0328g\u0142ego Sto\u0142u<\/figcaption><\/figure><\/div><div class=\"swiper-slide\" role=\"group\" aria-roledescription=\"slide\" aria-label=\"6 z 6\"><figure class=\"swiper-slide-inner\"><img decoding=\"async\" class=\"swiper-slide-image\" src=\"https:\/\/antykomunistyczni.pl\/wp-content\/uploads\/2026\/06\/Obrady-Okraglego-Stolu-1989-\u2013-pakt-komunistow-z-czescia-opozycji-768x405.jpg\" alt=\"Obrady Okra\u0328g\u0142ego Sto\u0142u 1989 \u2013 pakt komunisto\u0301w z cze\u0328s\u0301cia\u0328 opozycji\" \/><figcaption class=\"elementor-image-carousel-caption\">Obrady Okra\u0328g\u0142ego Sto\u0142u 1989 \u2013 pakt komunisto\u0301w z cze\u0328s\u0301cia\u0328 opozycji<\/figcaption><\/figure><\/div>\t\t\t<\/div>\n\t\t\t\t\t\t\t\t\t\t\t\t<div class=\"elementor-swiper-button elementor-swiper-button-prev\" role=\"button\" tabindex=\"0\">\n\t\t\t\t\t\t<svg aria-hidden=\"true\" class=\"e-font-icon-svg e-eicon-chevron-left\" viewBox=\"0 0 1000 1000\" xmlns=\"http:\/\/www.w3.org\/2000\/svg\"><path d=\"M646 125C629 125 613 133 604 142L308 442C296 454 292 471 292 487 292 504 296 521 308 533L604 854C617 867 629 875 646 875 663 875 679 871 692 858 704 846 713 829 713 812 713 796 708 779 692 767L438 487 692 225C700 217 708 204 708 187 708 171 704 154 692 142 675 129 663 125 646 125Z\"><\/path><\/svg>\t\t\t\t\t<\/div>\n\t\t\t\t\t<div class=\"elementor-swiper-button elementor-swiper-button-next\" role=\"button\" tabindex=\"0\">\n\t\t\t\t\t\t<svg aria-hidden=\"true\" class=\"e-font-icon-svg e-eicon-chevron-right\" viewBox=\"0 0 1000 1000\" xmlns=\"http:\/\/www.w3.org\/2000\/svg\"><path d=\"M696 533C708 521 713 504 713 487 713 471 708 454 696 446L400 146C388 133 375 125 354 125 338 125 325 129 313 142 300 154 292 171 292 187 292 204 296 221 308 233L563 492 304 771C292 783 288 800 288 817 288 833 296 850 308 863 321 871 338 875 354 875 371 875 388 867 400 854L696 533Z\"><\/path><\/svg>\t\t\t\t\t<\/div>\n\t\t\t\t\n\t\t\t\t\t\t\t\t\t<div class=\"swiper-pagination\"><\/div>\n\t\t\t\t\t\t\t\t\t<\/div>\n\t\t\t\t\t\t<\/div>\n\t\t\t\t\t<\/div>\n\t\t\t\t<\/div>\n\t\t<div class=\"elementor-element elementor-element-1a3de239 e-flex e-con-boxed e-con e-parent\" data-id=\"1a3de239\" data-element_type=\"container\" data-e-type=\"container\">\n\t\t\t\t\t<div class=\"e-con-inner\">\n\t\t\t\t<div class=\"elementor-element elementor-element-62be2e27 elementor-widget elementor-widget-text-editor\" data-id=\"62be2e27\" data-element_type=\"widget\" data-e-type=\"widget\" data-widget_type=\"text-editor.default\">\n\t\t\t\t\t\t\t\t\t<p><span style=\"color: #000000;\">Dok\u0142adnie 37 lat temu miliony Polak\u00f3w posz\u0142y na wybory z nadziej\u0105 na upadek komunizmu. \u201eSolidarno\u015b\u0107\u201d zmia\u017cd\u017cy\u0142a komunist\u00f3w w pierwszych p\u00f3\u0142wolnych wyborach. Media Zachodu og\u0142asza\u0142y \u201ezwyci\u0119stwo wolno\u015bci\u201d. Lech Wa\u0142\u0119sa triumfowa\u0142. Wydawa\u0142o si\u0119, \u017ce Polska wreszcie wraca do rodziny wolnych narod\u00f3w.Tylko nieliczni ju\u017c wtedy widzieli, \u017ce to nie jest koniec komunizmu, lecz jego najbardziej perfidna mutacja.<\/span><\/p>\n<h2><span style=\"color: #000000;\">Okr\u0105g\u0142y St\u00f3\u0142 \u2013 pakt z diab\u0142em<\/span><\/h2>\n<p><span style=\"color: #000000;\">Okr\u0105g\u0142y St\u00f3\u0142 nie by\u0142 aktem odwagi ze strony komunist\u00f3w. By\u0142 \u015bwiadom\u0105 strategi\u0105 przetrwania. Genera\u0142owie Jaruzelski i Kiszczak doskonale wiedzieli, \u017ce system w starej formie si\u0119 ko\u0144czy. Postanowili wi\u0119c odda\u0107 fasad\u0119 w\u0142adzy, aby zachowa\u0107 realn\u0105 kontrol\u0119.W zamian za \u201ecz\u0119\u015bciowo wolne wybory\u201d komuni\u015bci otrzymali:<\/span><\/p>\n<p><span style=\"color: #000000;\"><!-- \/wp:paragraph --><!-- wp:list --><\/span><\/p>\n<ul class=\"wp-block-list\">\n<li style=\"list-style-type: none;\">\n<ul class=\"wp-block-list\"><!-- wp:list-item --><\/ul>\n<\/li>\n<\/ul>\n<ul class=\"wp-block-list\">\n<li style=\"list-style-type: none;\">\n<ul class=\"wp-block-list\">\n<li><span style=\"color: #000000;\">Gwarancj\u0119 nietykalno\u015bci dla tysi\u0119cy oprawc\u00f3w z SB, MO i LWP,<\/span><\/li>\n<\/ul>\n<\/li>\n<\/ul>\n<p><span style=\"color: #000000;\"><!-- \/wp:list-item --><!-- wp:list-item --><\/span><\/p>\n<ul class=\"wp-block-list\">\n<li style=\"list-style-type: none;\">\n<ul class=\"wp-block-list\">\n<li><span style=\"color: #000000;\">Kontrol\u0119 nad armi\u0105 i s\u0142u\u017cbami,<\/span><\/li>\n<\/ul>\n<\/li>\n<\/ul>\n<p><span style=\"color: #000000;\"><!-- \/wp:list-item --><!-- wp:list-item --><\/span><\/p>\n<ul class=\"wp-block-list\">\n<li style=\"list-style-type: none;\">\n<ul class=\"wp-block-list\">\n<li><span style=\"color: #000000;\">Mo\u017cliwo\u015b\u0107 przekszta\u0142cenia partyjnego maj\u0105tku w prywatne fortuny,<\/span><\/li>\n<\/ul>\n<\/li>\n<\/ul>\n<p><span style=\"color: #000000;\"><!-- \/wp:list-item --><!-- wp:list-item --><\/span><\/p>\n<ul class=\"wp-block-list\">\n<li style=\"list-style-type: none;\">\n<ul class=\"wp-block-list\">\n<li><span style=\"color: #000000;\">\u201eGrub\u0105 kresk\u0119\u201d \u2013 amnesti\u0119 dla zbrodniarzy.<\/span><\/li>\n<\/ul>\n<\/li>\n<\/ul>\n<p><span style=\"color: #000000;\"><!-- \/wp:list-item --><\/span><\/p>\n<p><span style=\"color: #000000;\"><!-- \/wp:list --><!-- wp:paragraph --><\/span><\/p>\n<p><span style=\"color: #000000;\">To nie by\u0142a transformacja. To by\u0142a negocjowana kapitulacja opozycji przed systemem, kt\u00f3ry przez 45 lat mordowa\u0142, wi\u0119zi\u0142 i niszczy\u0142 Polak\u00f3w.<\/span><\/p>\n<h2><span style=\"color: #000000;\">Co tak naprawd\u0119 ocala\u0142o po 1989 roku?<\/span><\/h2>\n<p><span style=\"color: #000000;\"><!-- \/wp:paragraph --><!-- wp:list --><\/span><\/p>\n<ul class=\"wp-block-list\">\n<li style=\"list-style-type: none;\">\n<ul class=\"wp-block-list\"><!-- wp:list-item --><\/ul>\n<\/li>\n<\/ul>\n<ul class=\"wp-block-list\">\n<li style=\"list-style-type: none;\">\n<ul class=\"wp-block-list\">\n<li><span style=\"color: #000000;\">S\u0142u\u017cby specjalne \u2013 SB zmieni\u0142o tylko szyld na UOP. Wielu kat\u00f3w Solidarno\u015bci kontynuowa\u0142o kariery.<\/span><\/li>\n<\/ul>\n<\/li>\n<\/ul>\n<p><span style=\"color: #000000;\"><!-- \/wp:list-item --><!-- wp:list-item --><\/span><\/p>\n<ul class=\"wp-block-list\">\n<li style=\"list-style-type: none;\">\n<ul class=\"wp-block-list\">\n<li><span style=\"color: #000000;\">S\u0105downictwo i prokuratura \u2013 komunistyczni s\u0119dziowie orzekali jeszcze przez dekady.<\/span><\/li>\n<\/ul>\n<\/li>\n<\/ul>\n<p><span style=\"color: #000000;\"><!-- \/wp:list-item --><!-- wp:list-item --><\/span><\/p>\n<ul class=\"wp-block-list\">\n<li style=\"list-style-type: none;\">\n<ul class=\"wp-block-list\">\n<li><span style=\"color: #000000;\">Armia \u2013 dow\u00f3dztwo pozosta\u0142o w r\u0119kach genera\u0142\u00f3w stanu wojennego.<\/span><\/li>\n<\/ul>\n<\/li>\n<\/ul>\n<p><span style=\"color: #000000;\"><!-- \/wp:list-item --><!-- wp:list-item --><\/span><\/p>\n<ul class=\"wp-block-list\">\n<li style=\"list-style-type: none;\">\n<ul class=\"wp-block-list\">\n<li><span style=\"color: #000000;\">Media i kultura \u2013 kluczowe instytucje trafi\u0142y pod kontrol\u0119 postkomunistycznych i lewicowych \u015brodowisk.<\/span><\/li>\n<\/ul>\n<\/li>\n<\/ul>\n<p><span style=\"color: #000000;\"><!-- \/wp:list-item --><\/span><\/p>\n<p><span style=\"color: #000000;\"><!-- \/wp:list --><!-- wp:paragraph --><\/span><\/p>\n<h2><span style=\"color: #000000;\">Uw\u0142aszczenie nomenklatury \u2013 najwi\u0119ksza kradzie\u017c w historii Polski<\/span><\/h2>\n<p><span style=\"color: #000000;\"><!-- \/wp:paragraph --><!-- wp:paragraph --><\/span><\/p>\n<p><span style=\"color: #000000;\">Najwi\u0119kszym przekr\u0119tem transformacji nie by\u0142a nawet sama prywatyzacja \u2013 lecz systematyczne uw\u0142aszczenie komunistycznej nomenklatury na maj\u0105tku narodowym.Ju\u017c od 1988 roku, jeszcze w PRL, w\u0142adza przygotowywa\u0142a grunt. Na podstawie rozporz\u0105dze\u0144 Rady Ministr\u00f3w zacz\u0119to masowo tworzy\u0107 sp\u00f3\u0142ki nomenklaturowe. Dyrektorzy, sekretarze PZPR, genera\u0142owie SB i ich rodziny zak\u0142adali firmy, kt\u00f3re przejmowa\u0142y aktywa pa\u0144stwowe po zani\u017conych cenach.Afera FOZZ \u2013 matka wszystkich aferNajwi\u0119kszym i najbardziej symbolicznym instrumentem tej grabie\u017cy by\u0142 Fundusz Obs\u0142ugi Zad\u0142u\u017cenia Zagranicznego (FOZZ), powo\u0142any w lutym 1989 roku \u2013 tu\u017c po rozpocz\u0119ciu obrad Okr\u0105g\u0142ego Sto\u0142u.Oficjalnie FOZZ mia\u0142 skupowa\u0107 polski d\u0142ug zagraniczny po niskich cenach. W rzeczywisto\u015bci sta\u0142 si\u0119 maszynk\u0105 do legalnego wyprowadzania setek milion\u00f3w dolar\u00f3w z pa\u0144stwowego bud\u017cetu. Szacuje si\u0119, \u017ce z FOZZ \u201ewyparowa\u0142o\u201d oko\u0142o 354 mln z\u0142otych (warto\u015b\u0107 z tamtych lat) \u2013 setki milion\u00f3w dolar\u00f3w w dzisiejszych pieni\u0105dzach.Pieni\u0105dze trafia\u0142y na konta w rajach podatkowych, do podstawionych sp\u00f3\u0142ek i do r\u0105k ludzi powi\u0105zanych ze s\u0142u\u017cbami PRL. To w\u0142a\u015bnie te \u015brodki sta\u0142y si\u0119 \u017ar\u00f3d\u0142em startowego kapita\u0142u dla wielu fortun III RP.<\/span><\/p>\n<h2><span style=\"color: #000000;\">Inne spektakularne przyk\u0142ady grabie\u017cy:<\/span><\/h2>\n<p><span style=\"color: #000000;\"><!-- \/wp:paragraph --><!-- wp:list --><\/span><\/p>\n<ul class=\"wp-block-list\">\n<li style=\"list-style-type: none;\">\n<ul class=\"wp-block-list\"><!-- wp:list-item --><\/ul>\n<\/li>\n<\/ul>\n<ul class=\"wp-block-list\">\n<li style=\"list-style-type: none;\">\n<ul class=\"wp-block-list\">\n<li><span style=\"color: #000000;\">Prywatyzacja Banku \u015al\u0105skiego, PZU, Telekomunikacji Polskiej i Orlenu,<\/span><\/li>\n<\/ul>\n<\/li>\n<\/ul>\n<p><span style=\"color: #000000;\"><!-- \/wp:list-item --><!-- wp:list-item --><\/span><\/p>\n<ul class=\"wp-block-list\">\n<li style=\"list-style-type: none;\">\n<ul class=\"wp-block-list\">\n<li><span style=\"color: #000000;\">Sprzeda\u017c setek \u015brednich i du\u017cych przedsi\u0119biorstw po cenach dumpingowych \u201eludziom uk\u0142adu\u201d,<\/span><\/li>\n<\/ul>\n<\/li>\n<\/ul>\n<p><span style=\"color: #000000;\"><!-- \/wp:list-item --><!-- wp:list-item --><\/span><\/p>\n<ul class=\"wp-block-list\">\n<li style=\"list-style-type: none;\">\n<ul class=\"wp-block-list\">\n<li><span style=\"color: #000000;\">Masowe tworzenie sp\u00f3\u0142ek z udzia\u0142em nomenklatury, kt\u00f3re przejmowa\u0142y maj\u0105tek pa\u0144stwowy.<\/span><\/li>\n<\/ul>\n<\/li>\n<\/ul>\n<p><span style=\"color: #000000;\"><!-- \/wp:list-item --><\/span><\/p>\n<p><span style=\"color: #000000;\"><!-- \/wp:list --><!-- wp:paragraph --><\/span><\/p>\n<p><span style=\"color: #000000;\">W praktyce wygl\u0105da\u0142o to tak: komunistyczny dyrektor dostawa\u0142 kredyt z FOZZ lub banku pa\u0144stwowego, kupowa\u0142 za bezcen zak\u0142ad, w kt\u00f3rym wcze\u015bniej pracowa\u0142, zwalnia\u0142 za\u0142og\u0119, a zyski trafia\u0142y do w\u0105skiej grupy \u201ewybra\u0144c\u00f3w\u201d.W ten spos\u00f3b dawna czerwona elita sta\u0142a si\u0119 now\u0105 bur\u017cuazj\u0105 III RP. Synowie i c\u00f3rki sekretarzy, pu\u0142kownik\u00f3w SB i genera\u0142\u00f3w wywiadu nagle stali si\u0119 szanowanymi \u201eprzedsi\u0119biorcami\u201d i \u201eojcami sukcesu transformacji\u201d.<\/span><\/p>\n<p><span style=\"color: #000000;\"><!-- \/wp:paragraph --><!-- wp:paragraph --><\/span><\/p>\n<h2><span style=\"color: #000000;\">Polska wsp\u00f3\u0142czesna \u2013 postkomunizm wci\u0105\u017c \u017cyje<\/span><\/h2>\n<p><span style=\"color: #000000;\"><!-- \/wp:paragraph --><!-- wp:paragraph --><\/span><\/p>\n<p><span style=\"color: #000000;\">Po latach p\u00f3\u017aniej skutki tej zdrady s\u0105 wci\u0105\u017c widoczne:<\/span><\/p>\n<p><span style=\"color: #000000;\"><!-- \/wp:paragraph --><!-- wp:list --><\/span><\/p>\n<ul class=\"wp-block-list\">\n<li style=\"list-style-type: none;\">\n<ul class=\"wp-block-list\"><!-- wp:list-item --><\/ul>\n<\/li>\n<\/ul>\n<ul class=\"wp-block-list\">\n<li style=\"list-style-type: none;\">\n<ul class=\"wp-block-list\">\n<li><span style=\"color: #000000;\">Dziesi\u0105tki ulic w Warszawie nadal gloryfikuj\u0105 komunistycznych zbrodniarzy (Armii Ludowej, D\u0105browszczak\u00f3w, Wincentego Rzymowskiego, Oskara Langego i wielu innych),<\/span><\/li>\n<\/ul>\n<\/li>\n<\/ul>\n<p><span style=\"color: #000000;\"><!-- \/wp:list-item --><!-- wp:list-item --><\/span><\/p>\n<ul class=\"wp-block-list\">\n<li style=\"list-style-type: none;\">\n<ul class=\"wp-block-list\">\n<li><span style=\"color: #000000;\">Brak pe\u0142nej lustracji i dekomunizacji,<\/span><\/li>\n<\/ul>\n<\/li>\n<\/ul>\n<p><span style=\"color: #000000;\"><!-- \/wp:list-item --><!-- wp:list-item --><\/span><\/p>\n<ul class=\"wp-block-list\">\n<li style=\"list-style-type: none;\">\n<ul class=\"wp-block-list\">\n<li><span style=\"color: #000000;\">Pot\u0119\u017cne postkomunistyczne uk\u0142ady w biznesie, mediach i samorz\u0105dach,<\/span><\/li>\n<\/ul>\n<\/li>\n<\/ul>\n<p><span style=\"color: #000000;\"><!-- \/wp:list-item --><!-- wp:list-item --><\/span><\/p>\n<ul class=\"wp-block-list\">\n<li style=\"list-style-type: none;\">\n<ul class=\"wp-block-list\">\n<li><span style=\"color: #000000;\">Mentalno\u015b\u0107 \u201enie ruszajmy przesz\u0142o\u015bci\u201d, kt\u00f3ra chroni winnych i ich spadkobierc\u00f3w.<\/span><\/li>\n<\/ul>\n<\/li>\n<\/ul>\n<p><span style=\"color: #000000;\"><!-- \/wp:list-item --><\/span><\/p>\n<p><span style=\"color: #000000;\"><!-- \/wp:list --><!-- wp:paragraph --><\/span><\/p>\n<p><span style=\"color: #000000;\">Komunizm nie umar\u0142 w 1989 roku. Zmieni\u0142 tylko form\u0119 \u2013 z brutalnego totalitaryzmu na mi\u0119kki, korporacyjny, \u201eeuropejski\u201d postkomunizm. Z czerwonej flagi na t\u0119czow\u0105, z marksizmu na kulturowy marksizm.<\/span><\/p>\n<p><span style=\"color: #000000;\"><!-- \/wp:paragraph --><!-- wp:paragraph --><\/span><\/p>\n<h2><span style=\"color: #000000;\">Czas powiedzie\u0107 prawd\u0119<\/span><\/h2>\n<p><span style=\"color: #000000;\"><!-- \/wp:paragraph --><!-- wp:paragraph --><\/span><\/p>\n<p><span style=\"color: #000000;\">4 czerwca 1989 roku nie by\u0142 ko\u0144cem komunizmu. By\u0142 ko\u0144cem PRL w wersji klasycznej. Komunizm jako ideologia, mentalno\u015b\u0107 i sie\u0107 powi\u0105za\u0144 przetrwa\u0142 i \u015bwietnie si\u0119 zaadaptowa\u0142.<\/span><\/p>\n<p><span style=\"color: #000000;\">Dla milion\u00f3w Polak\u00f3w, kt\u00f3rzy walczyli w latach 80., dla rodzin pomordowanych, dla wi\u0119\u017ani\u00f3w politycznych \u2013 III RP okaza\u0142a si\u0119 gorzk\u0105 zdrad\u0105.Nie \u015bwi\u0119tujmy iluzji.Nie udawajmy, \u017ce rozliczyli\u015bmy si\u0119 z najwi\u0119kszym z\u0142em XX wieku.<\/span><\/p>\n<p><span style=\"color: #000000;\"><!-- \/wp:paragraph --><!-- wp:paragraph --><\/span><\/p>\n<p><strong><span style=\"color: #000000;\">Komunizm w Polsce nie upad\u0142 w 1989 roku. <\/span><\/strong><span style=\"color: #000000;\">On jedynie przeszed\u0142 na wy\u017cszy poziom kamufla\u017cu.<\/span><span style=\"color: #000000;\"> Dop\u00f3ki nie zrobimy Norymbegi Komunizmu w Polsce, dop\u00f3ty Polska b\u0119dzie tylko p\u00f3\u0142wolna.<\/span><\/p>\n<p><!-- \/wp:paragraph --><\/p>\t\t\t\t\t\t\t\t<\/div>\n\t\t\t\t\t<\/div>\n\t\t\t\t<\/div>\n\t\t\t\t<\/div>\n\t\t","protected":false},"excerpt":{"rendered":"<p>Czy 4 czerwca 1989 naprawd\u0119 sko\u0144czy\u0142 si\u0119 w Polsce komunizm? Zdrada, iluzja i postkomunistyczny nowotw\u00f3r Afera FOZZ \u2013 najwie\u0328ksza kradziez\u0307 maja\u0328tku narodowego po 1989 roku Tadeusz Mazowiecki og\u0142asza \u00bbgruba\u0328 kreske\u0328\u00ab \u2013 amnestia dla komunisto\u0301w Ulice komunisto\u0301w Warszawa Uw\u0142aszczenie nomenklatury \u2013 jak komunis\u0301ci stali sie\u0328 kapitalistami III RP Wojciech Jaruzelski i Lech Wa\u0142e\u0328sa \u2013 symbol Okra\u0328g\u0142ego [&hellip;]<\/p>\n","protected":false},"author":1,"featured_media":2121,"comment_status":"closed","ping_status":"closed","sticky":false,"template":"","format":"standard","meta":{"give_campaign_id":0,"footnotes":""},"categories":[22,47,45,46,44],"tags":[285,292,284,287,286],"class_list":["post-2115","post","type-post","status-publish","format-standard","has-post-thumbnail","hentry","category-aktualnosci","category-komunizm-w-ideologiach-i-ruchach-wspolczesnych","category-komunizm-w-panstwach-wspolczesnych","category-mechanizmy-wspolczesnego-komunizmu","category-wspolczesny-komunizm","tag-4-czerwca-1989","tag-afera-fozz","tag-koniec-komunizmu-polska","tag-okragly-stol-zdrada","tag-uwlaszczenie-nomenklatury"],"yoast_head":"<!-- This site is optimized with the Yoast SEO plugin v28.4 - https:\/\/yoast.com\/product\/yoast-seo-wordpress\/ -->\n<title>Czy 4 czerwca 1989 naprawd\u0119 sko\u0144czy\u0142 si\u0119 w Polsce komunizm? Zdrada Okr\u0105g\u0142ego Sto\u0142u - Antykomunistyczni.pl<\/title>\n<meta name=\"description\" content=\"37 lat po wyborach 4 czerwca 1989. Czy komunizm w Polsce upad\u0142, czy tylko zmieni\u0142 form\u0119? Okr\u0105g\u0142y St\u00f3\u0142, gruba kreska, uw\u0142aszczenie nomenklatury, afera FOZZ i postkomunistyczne uk\u0142ady \u2013 demaskujemy najwi\u0119ksz\u0105 iluzj\u0119 III RP.\" \/>\n<meta name=\"robots\" content=\"index, follow, max-snippet:-1, max-image-preview:large, max-video-preview:-1\" \/>\n<link rel=\"canonical\" href=\"https:\/\/antykomunistyczni.pl\/index.php\/czy-4-czerwca-1989-naprawde-skonczyl-sie-komunizm-w-polsce\/\" \/>\n<meta property=\"og:locale\" content=\"pl_PL\" \/>\n<meta property=\"og:type\" content=\"article\" \/>\n<meta property=\"og:title\" content=\"Czy 4 czerwca 1989 naprawd\u0119 sko\u0144czy\u0142 si\u0119 w Polsce komunizm? Zdrada Okr\u0105g\u0142ego Sto\u0142u - Antykomunistyczni.pl\" \/>\n<meta property=\"og:description\" content=\"37 lat po wyborach 4 czerwca 1989. Czy komunizm w Polsce upad\u0142, czy tylko zmieni\u0142 form\u0119? Okr\u0105g\u0142y St\u00f3\u0142, gruba kreska, uw\u0142aszczenie nomenklatury, afera FOZZ i postkomunistyczne uk\u0142ady \u2013 demaskujemy najwi\u0119ksz\u0105 iluzj\u0119 III RP.\" \/>\n<meta property=\"og:url\" content=\"https:\/\/antykomunistyczni.pl\/index.php\/czy-4-czerwca-1989-naprawde-skonczyl-sie-komunizm-w-polsce\/\" \/>\n<meta property=\"og:site_name\" content=\"Antykomunistyczni.pl\" \/>\n<meta property=\"article:publisher\" content=\"https:\/\/www.facebook.com\/antykomunistyczni\/\" \/>\n<meta property=\"article:published_time\" content=\"2026-06-04T07:09:51+00:00\" \/>\n<meta property=\"article:modified_time\" content=\"2026-06-04T07:35:05+00:00\" \/>\n<meta property=\"og:image\" content=\"https:\/\/antykomunistyczni.pl\/wp-content\/uploads\/2026\/06\/Obrady-Okraglego-Stolu-1989-\u2013-pakt-komunistow-z-czescia-opozycji.jpg\" \/>\n\t<meta property=\"og:image:width\" content=\"799\" \/>\n\t<meta property=\"og:image:height\" content=\"421\" \/>\n\t<meta property=\"og:image:type\" content=\"image\/jpeg\" \/>\n<meta name=\"author\" content=\"Antykomunistyczni\" \/>\n<meta name=\"twitter:card\" content=\"summary_large_image\" \/>\n<meta name=\"twitter:creator\" content=\"@anty_komunisci\" \/>\n<meta name=\"twitter:site\" content=\"@anty_komunisci\" \/>\n<meta name=\"twitter:label1\" content=\"Napisane przez\" \/>\n\t<meta name=\"twitter:data1\" content=\"Antykomunistyczni\" \/>\n\t<meta name=\"twitter:label2\" content=\"Szacowany czas czytania\" \/>\n\t<meta name=\"twitter:data2\" content=\"7 minut\" \/>\n<script type=\"application\/ld+json\" class=\"yoast-schema-graph\">{\"@context\":\"https:\\\/\\\/schema.org\",\"@graph\":[{\"@type\":\"Article\",\"@id\":\"https:\\\/\\\/antykomunistyczni.pl\\\/index.php\\\/czy-4-czerwca-1989-naprawde-skonczyl-sie-komunizm-w-polsce\\\/#article\",\"isPartOf\":{\"@id\":\"https:\\\/\\\/antykomunistyczni.pl\\\/index.php\\\/czy-4-czerwca-1989-naprawde-skonczyl-sie-komunizm-w-polsce\\\/\"},\"author\":{\"name\":\"Antykomunistyczni\",\"@id\":\"https:\\\/\\\/antykomunistyczni.pl\\\/#\\\/schema\\\/person\\\/4963e693e8006b94062d91d1295d02a0\"},\"headline\":\"Czy 4 czerwca 1989 naprawd\u0119 sko\u0144czy\u0142 si\u0119 w Polsce komunizm? Zdrada Okr\u0105g\u0142ego Sto\u0142u\",\"datePublished\":\"2026-06-04T07:09:51+00:00\",\"dateModified\":\"2026-06-04T07:35:05+00:00\",\"mainEntityOfPage\":{\"@id\":\"https:\\\/\\\/antykomunistyczni.pl\\\/index.php\\\/czy-4-czerwca-1989-naprawde-skonczyl-sie-komunizm-w-polsce\\\/\"},\"wordCount\":882,\"publisher\":{\"@id\":\"https:\\\/\\\/antykomunistyczni.pl\\\/#organization\"},\"image\":{\"@id\":\"https:\\\/\\\/antykomunistyczni.pl\\\/index.php\\\/czy-4-czerwca-1989-naprawde-skonczyl-sie-komunizm-w-polsce\\\/#primaryimage\"},\"thumbnailUrl\":\"https:\\\/\\\/antykomunistyczni.pl\\\/wp-content\\\/uploads\\\/2026\\\/06\\\/Obrady-Okraglego-Stolu-1989-\u2013-pakt-komunistow-z-czescia-opozycji.jpg\",\"keywords\":[\"4 czerwca 1989\",\"Afera FOZZ\",\"koniec komunizmu Polska\",\"Okr\u0105g\u0142y St\u00f3\u0142 zdrada\",\"uw\u0142aszczenie nomenklatury\"],\"articleSection\":[\"Aktualno\u015bci\",\"Komunizm w ideologiach i ruchach wsp\u00f3\u0142czesnych\",\"Komunizm w pa\u0144stwach wsp\u00f3\u0142czesnych\",\"Mechanizmy wsp\u00f3\u0142czesnego komunizmu\",\"Wsp\u00f3\u0142czesny komunizm\"],\"inLanguage\":\"pl-PL\"},{\"@type\":\"WebPage\",\"@id\":\"https:\\\/\\\/antykomunistyczni.pl\\\/index.php\\\/czy-4-czerwca-1989-naprawde-skonczyl-sie-komunizm-w-polsce\\\/\",\"url\":\"https:\\\/\\\/antykomunistyczni.pl\\\/index.php\\\/czy-4-czerwca-1989-naprawde-skonczyl-sie-komunizm-w-polsce\\\/\",\"name\":\"Czy 4 czerwca 1989 naprawd\u0119 sko\u0144czy\u0142 si\u0119 w Polsce komunizm? Zdrada Okr\u0105g\u0142ego Sto\u0142u - Antykomunistyczni.pl\",\"isPartOf\":{\"@id\":\"https:\\\/\\\/antykomunistyczni.pl\\\/#website\"},\"primaryImageOfPage\":{\"@id\":\"https:\\\/\\\/antykomunistyczni.pl\\\/index.php\\\/czy-4-czerwca-1989-naprawde-skonczyl-sie-komunizm-w-polsce\\\/#primaryimage\"},\"image\":{\"@id\":\"https:\\\/\\\/antykomunistyczni.pl\\\/index.php\\\/czy-4-czerwca-1989-naprawde-skonczyl-sie-komunizm-w-polsce\\\/#primaryimage\"},\"thumbnailUrl\":\"https:\\\/\\\/antykomunistyczni.pl\\\/wp-content\\\/uploads\\\/2026\\\/06\\\/Obrady-Okraglego-Stolu-1989-\u2013-pakt-komunistow-z-czescia-opozycji.jpg\",\"datePublished\":\"2026-06-04T07:09:51+00:00\",\"dateModified\":\"2026-06-04T07:35:05+00:00\",\"description\":\"37 lat po wyborach 4 czerwca 1989. Czy komunizm w Polsce upad\u0142, czy tylko zmieni\u0142 form\u0119? Okr\u0105g\u0142y St\u00f3\u0142, gruba kreska, uw\u0142aszczenie nomenklatury, afera FOZZ i postkomunistyczne uk\u0142ady \u2013 demaskujemy najwi\u0119ksz\u0105 iluzj\u0119 III RP.\",\"breadcrumb\":{\"@id\":\"https:\\\/\\\/antykomunistyczni.pl\\\/index.php\\\/czy-4-czerwca-1989-naprawde-skonczyl-sie-komunizm-w-polsce\\\/#breadcrumb\"},\"inLanguage\":\"pl-PL\",\"potentialAction\":[{\"@type\":\"ReadAction\",\"target\":[\"https:\\\/\\\/antykomunistyczni.pl\\\/index.php\\\/czy-4-czerwca-1989-naprawde-skonczyl-sie-komunizm-w-polsce\\\/\"]}]},{\"@type\":\"ImageObject\",\"inLanguage\":\"pl-PL\",\"@id\":\"https:\\\/\\\/antykomunistyczni.pl\\\/index.php\\\/czy-4-czerwca-1989-naprawde-skonczyl-sie-komunizm-w-polsce\\\/#primaryimage\",\"url\":\"https:\\\/\\\/antykomunistyczni.pl\\\/wp-content\\\/uploads\\\/2026\\\/06\\\/Obrady-Okraglego-Stolu-1989-\u2013-pakt-komunistow-z-czescia-opozycji.jpg\",\"contentUrl\":\"https:\\\/\\\/antykomunistyczni.pl\\\/wp-content\\\/uploads\\\/2026\\\/06\\\/Obrady-Okraglego-Stolu-1989-\u2013-pakt-komunistow-z-czescia-opozycji.jpg\",\"width\":799,\"height\":421},{\"@type\":\"BreadcrumbList\",\"@id\":\"https:\\\/\\\/antykomunistyczni.pl\\\/index.php\\\/czy-4-czerwca-1989-naprawde-skonczyl-sie-komunizm-w-polsce\\\/#breadcrumb\",\"itemListElement\":[{\"@type\":\"ListItem\",\"position\":1,\"name\":\"Strona g\u0142\u00f3wna\",\"item\":\"https:\\\/\\\/antykomunistyczni.pl\\\/\"},{\"@type\":\"ListItem\",\"position\":2,\"name\":\"Czy 4 czerwca 1989 naprawd\u0119 sko\u0144czy\u0142 si\u0119 w Polsce komunizm? Zdrada Okr\u0105g\u0142ego Sto\u0142u\"}]},{\"@type\":\"WebSite\",\"@id\":\"https:\\\/\\\/antykomunistyczni.pl\\\/#website\",\"url\":\"https:\\\/\\\/antykomunistyczni.pl\\\/\",\"name\":\"Antykomunistyczni.pl\",\"description\":\"\",\"publisher\":{\"@id\":\"https:\\\/\\\/antykomunistyczni.pl\\\/#organization\"},\"alternateName\":\"Historia PRL, zbrodnie komunistyczne w Polsce i na \u015bwiecie\",\"potentialAction\":[{\"@type\":\"SearchAction\",\"target\":{\"@type\":\"EntryPoint\",\"urlTemplate\":\"https:\\\/\\\/antykomunistyczni.pl\\\/?s={search_term_string}\"},\"query-input\":{\"@type\":\"PropertyValueSpecification\",\"valueRequired\":true,\"valueName\":\"search_term_string\"}}],\"inLanguage\":\"pl-PL\"},{\"@type\":\"Organization\",\"@id\":\"https:\\\/\\\/antykomunistyczni.pl\\\/#organization\",\"name\":\"Antykomunistyczni.pl\",\"url\":\"https:\\\/\\\/antykomunistyczni.pl\\\/\",\"logo\":{\"@type\":\"ImageObject\",\"inLanguage\":\"pl-PL\",\"@id\":\"https:\\\/\\\/antykomunistyczni.pl\\\/#\\\/schema\\\/logo\\\/image\\\/\",\"url\":\"https:\\\/\\\/antykomunistyczni.pl\\\/wp-content\\\/uploads\\\/2026\\\/02\\\/cropped-AntykomunistyczniLogoSquare150x150-2.png\",\"contentUrl\":\"https:\\\/\\\/antykomunistyczni.pl\\\/wp-content\\\/uploads\\\/2026\\\/02\\\/cropped-AntykomunistyczniLogoSquare150x150-2.png\",\"width\":150,\"height\":150,\"caption\":\"Antykomunistyczni.pl\"},\"image\":{\"@id\":\"https:\\\/\\\/antykomunistyczni.pl\\\/#\\\/schema\\\/logo\\\/image\\\/\"},\"sameAs\":[\"https:\\\/\\\/www.facebook.com\\\/antykomunistyczni\\\/\",\"https:\\\/\\\/x.com\\\/anty_komunisci\"]},{\"@type\":\"Person\",\"@id\":\"https:\\\/\\\/antykomunistyczni.pl\\\/#\\\/schema\\\/person\\\/4963e693e8006b94062d91d1295d02a0\",\"name\":\"Antykomunistyczni\",\"image\":{\"@type\":\"ImageObject\",\"inLanguage\":\"pl-PL\",\"@id\":\"https:\\\/\\\/secure.gravatar.com\\\/avatar\\\/ff172875f9ced7887f883245268c1ba638c26cf1e0530f7f61b4705963a6730b?s=96&d=mm&r=g\",\"url\":\"https:\\\/\\\/secure.gravatar.com\\\/avatar\\\/ff172875f9ced7887f883245268c1ba638c26cf1e0530f7f61b4705963a6730b?s=96&d=mm&r=g\",\"contentUrl\":\"https:\\\/\\\/secure.gravatar.com\\\/avatar\\\/ff172875f9ced7887f883245268c1ba638c26cf1e0530f7f61b4705963a6730b?s=96&d=mm&r=g\",\"caption\":\"Antykomunistyczni\"},\"sameAs\":[\"http:\\\/\\\/antykomunistyczni.pl\"],\"url\":\"https:\\\/\\\/antykomunistyczni.pl\\\/index.php\\\/author\\\/admin0\\\/\"}]}<\/script>\n<!-- \/ Yoast SEO plugin. -->","yoast_head_json":{"title":"Czy 4 czerwca 1989 naprawd\u0119 sko\u0144czy\u0142 si\u0119 w Polsce komunizm? Zdrada Okr\u0105g\u0142ego Sto\u0142u - Antykomunistyczni.pl","description":"37 lat po wyborach 4 czerwca 1989. Czy komunizm w Polsce upad\u0142, czy tylko zmieni\u0142 form\u0119? Okr\u0105g\u0142y St\u00f3\u0142, gruba kreska, uw\u0142aszczenie nomenklatury, afera FOZZ i postkomunistyczne uk\u0142ady \u2013 demaskujemy najwi\u0119ksz\u0105 iluzj\u0119 III RP.","robots":{"index":"index","follow":"follow","max-snippet":"max-snippet:-1","max-image-preview":"max-image-preview:large","max-video-preview":"max-video-preview:-1"},"canonical":"https:\/\/antykomunistyczni.pl\/index.php\/czy-4-czerwca-1989-naprawde-skonczyl-sie-komunizm-w-polsce\/","og_locale":"pl_PL","og_type":"article","og_title":"Czy 4 czerwca 1989 naprawd\u0119 sko\u0144czy\u0142 si\u0119 w Polsce komunizm? Zdrada Okr\u0105g\u0142ego Sto\u0142u - Antykomunistyczni.pl","og_description":"37 lat po wyborach 4 czerwca 1989. Czy komunizm w Polsce upad\u0142, czy tylko zmieni\u0142 form\u0119? Okr\u0105g\u0142y St\u00f3\u0142, gruba kreska, uw\u0142aszczenie nomenklatury, afera FOZZ i postkomunistyczne uk\u0142ady \u2013 demaskujemy najwi\u0119ksz\u0105 iluzj\u0119 III RP.","og_url":"https:\/\/antykomunistyczni.pl\/index.php\/czy-4-czerwca-1989-naprawde-skonczyl-sie-komunizm-w-polsce\/","og_site_name":"Antykomunistyczni.pl","article_publisher":"https:\/\/www.facebook.com\/antykomunistyczni\/","article_published_time":"2026-06-04T07:09:51+00:00","article_modified_time":"2026-06-04T07:35:05+00:00","og_image":[{"width":799,"height":421,"url":"https:\/\/antykomunistyczni.pl\/wp-content\/uploads\/2026\/06\/Obrady-Okraglego-Stolu-1989-\u2013-pakt-komunistow-z-czescia-opozycji.jpg","type":"image\/jpeg"}],"author":"Antykomunistyczni","twitter_card":"summary_large_image","twitter_creator":"@anty_komunisci","twitter_site":"@anty_komunisci","twitter_misc":{"Napisane przez":"Antykomunistyczni","Szacowany czas czytania":"7 minut"},"schema":{"@context":"https:\/\/schema.org","@graph":[{"@type":"Article","@id":"https:\/\/antykomunistyczni.pl\/index.php\/czy-4-czerwca-1989-naprawde-skonczyl-sie-komunizm-w-polsce\/#article","isPartOf":{"@id":"https:\/\/antykomunistyczni.pl\/index.php\/czy-4-czerwca-1989-naprawde-skonczyl-sie-komunizm-w-polsce\/"},"author":{"name":"Antykomunistyczni","@id":"https:\/\/antykomunistyczni.pl\/#\/schema\/person\/4963e693e8006b94062d91d1295d02a0"},"headline":"Czy 4 czerwca 1989 naprawd\u0119 sko\u0144czy\u0142 si\u0119 w Polsce komunizm? Zdrada Okr\u0105g\u0142ego Sto\u0142u","datePublished":"2026-06-04T07:09:51+00:00","dateModified":"2026-06-04T07:35:05+00:00","mainEntityOfPage":{"@id":"https:\/\/antykomunistyczni.pl\/index.php\/czy-4-czerwca-1989-naprawde-skonczyl-sie-komunizm-w-polsce\/"},"wordCount":882,"publisher":{"@id":"https:\/\/antykomunistyczni.pl\/#organization"},"image":{"@id":"https:\/\/antykomunistyczni.pl\/index.php\/czy-4-czerwca-1989-naprawde-skonczyl-sie-komunizm-w-polsce\/#primaryimage"},"thumbnailUrl":"https:\/\/antykomunistyczni.pl\/wp-content\/uploads\/2026\/06\/Obrady-Okraglego-Stolu-1989-\u2013-pakt-komunistow-z-czescia-opozycji.jpg","keywords":["4 czerwca 1989","Afera FOZZ","koniec komunizmu Polska","Okr\u0105g\u0142y St\u00f3\u0142 zdrada","uw\u0142aszczenie nomenklatury"],"articleSection":["Aktualno\u015bci","Komunizm w ideologiach i ruchach wsp\u00f3\u0142czesnych","Komunizm w pa\u0144stwach wsp\u00f3\u0142czesnych","Mechanizmy wsp\u00f3\u0142czesnego komunizmu","Wsp\u00f3\u0142czesny komunizm"],"inLanguage":"pl-PL"},{"@type":"WebPage","@id":"https:\/\/antykomunistyczni.pl\/index.php\/czy-4-czerwca-1989-naprawde-skonczyl-sie-komunizm-w-polsce\/","url":"https:\/\/antykomunistyczni.pl\/index.php\/czy-4-czerwca-1989-naprawde-skonczyl-sie-komunizm-w-polsce\/","name":"Czy 4 czerwca 1989 naprawd\u0119 sko\u0144czy\u0142 si\u0119 w Polsce komunizm? Zdrada Okr\u0105g\u0142ego Sto\u0142u - Antykomunistyczni.pl","isPartOf":{"@id":"https:\/\/antykomunistyczni.pl\/#website"},"primaryImageOfPage":{"@id":"https:\/\/antykomunistyczni.pl\/index.php\/czy-4-czerwca-1989-naprawde-skonczyl-sie-komunizm-w-polsce\/#primaryimage"},"image":{"@id":"https:\/\/antykomunistyczni.pl\/index.php\/czy-4-czerwca-1989-naprawde-skonczyl-sie-komunizm-w-polsce\/#primaryimage"},"thumbnailUrl":"https:\/\/antykomunistyczni.pl\/wp-content\/uploads\/2026\/06\/Obrady-Okraglego-Stolu-1989-\u2013-pakt-komunistow-z-czescia-opozycji.jpg","datePublished":"2026-06-04T07:09:51+00:00","dateModified":"2026-06-04T07:35:05+00:00","description":"37 lat po wyborach 4 czerwca 1989. Czy komunizm w Polsce upad\u0142, czy tylko zmieni\u0142 form\u0119? Okr\u0105g\u0142y St\u00f3\u0142, gruba kreska, uw\u0142aszczenie nomenklatury, afera FOZZ i postkomunistyczne uk\u0142ady \u2013 demaskujemy najwi\u0119ksz\u0105 iluzj\u0119 III RP.","breadcrumb":{"@id":"https:\/\/antykomunistyczni.pl\/index.php\/czy-4-czerwca-1989-naprawde-skonczyl-sie-komunizm-w-polsce\/#breadcrumb"},"inLanguage":"pl-PL","potentialAction":[{"@type":"ReadAction","target":["https:\/\/antykomunistyczni.pl\/index.php\/czy-4-czerwca-1989-naprawde-skonczyl-sie-komunizm-w-polsce\/"]}]},{"@type":"ImageObject","inLanguage":"pl-PL","@id":"https:\/\/antykomunistyczni.pl\/index.php\/czy-4-czerwca-1989-naprawde-skonczyl-sie-komunizm-w-polsce\/#primaryimage","url":"https:\/\/antykomunistyczni.pl\/wp-content\/uploads\/2026\/06\/Obrady-Okraglego-Stolu-1989-\u2013-pakt-komunistow-z-czescia-opozycji.jpg","contentUrl":"https:\/\/antykomunistyczni.pl\/wp-content\/uploads\/2026\/06\/Obrady-Okraglego-Stolu-1989-\u2013-pakt-komunistow-z-czescia-opozycji.jpg","width":799,"height":421},{"@type":"BreadcrumbList","@id":"https:\/\/antykomunistyczni.pl\/index.php\/czy-4-czerwca-1989-naprawde-skonczyl-sie-komunizm-w-polsce\/#breadcrumb","itemListElement":[{"@type":"ListItem","position":1,"name":"Strona g\u0142\u00f3wna","item":"https:\/\/antykomunistyczni.pl\/"},{"@type":"ListItem","position":2,"name":"Czy 4 czerwca 1989 naprawd\u0119 sko\u0144czy\u0142 si\u0119 w Polsce komunizm? Zdrada Okr\u0105g\u0142ego Sto\u0142u"}]},{"@type":"WebSite","@id":"https:\/\/antykomunistyczni.pl\/#website","url":"https:\/\/antykomunistyczni.pl\/","name":"Antykomunistyczni.pl","description":"","publisher":{"@id":"https:\/\/antykomunistyczni.pl\/#organization"},"alternateName":"Historia PRL, zbrodnie komunistyczne w Polsce i na \u015bwiecie","potentialAction":[{"@type":"SearchAction","target":{"@type":"EntryPoint","urlTemplate":"https:\/\/antykomunistyczni.pl\/?s={search_term_string}"},"query-input":{"@type":"PropertyValueSpecification","valueRequired":true,"valueName":"search_term_string"}}],"inLanguage":"pl-PL"},{"@type":"Organization","@id":"https:\/\/antykomunistyczni.pl\/#organization","name":"Antykomunistyczni.pl","url":"https:\/\/antykomunistyczni.pl\/","logo":{"@type":"ImageObject","inLanguage":"pl-PL","@id":"https:\/\/antykomunistyczni.pl\/#\/schema\/logo\/image\/","url":"https:\/\/antykomunistyczni.pl\/wp-content\/uploads\/2026\/02\/cropped-AntykomunistyczniLogoSquare150x150-2.png","contentUrl":"https:\/\/antykomunistyczni.pl\/wp-content\/uploads\/2026\/02\/cropped-AntykomunistyczniLogoSquare150x150-2.png","width":150,"height":150,"caption":"Antykomunistyczni.pl"},"image":{"@id":"https:\/\/antykomunistyczni.pl\/#\/schema\/logo\/image\/"},"sameAs":["https:\/\/www.facebook.com\/antykomunistyczni\/","https:\/\/x.com\/anty_komunisci"]},{"@type":"Person","@id":"https:\/\/antykomunistyczni.pl\/#\/schema\/person\/4963e693e8006b94062d91d1295d02a0","name":"Antykomunistyczni","image":{"@type":"ImageObject","inLanguage":"pl-PL","@id":"https:\/\/secure.gravatar.com\/avatar\/ff172875f9ced7887f883245268c1ba638c26cf1e0530f7f61b4705963a6730b?s=96&d=mm&r=g","url":"https:\/\/secure.gravatar.com\/avatar\/ff172875f9ced7887f883245268c1ba638c26cf1e0530f7f61b4705963a6730b?s=96&d=mm&r=g","contentUrl":"https:\/\/secure.gravatar.com\/avatar\/ff172875f9ced7887f883245268c1ba638c26cf1e0530f7f61b4705963a6730b?s=96&d=mm&r=g","caption":"Antykomunistyczni"},"sameAs":["http:\/\/antykomunistyczni.pl"],"url":"https:\/\/antykomunistyczni.pl\/index.php\/author\/admin0\/"}]}},"_links":{"self":[{"href":"https:\/\/antykomunistyczni.pl\/index.php\/wp-json\/wp\/v2\/posts\/2115","targetHints":{"allow":["GET"]}}],"collection":[{"href":"https:\/\/antykomunistyczni.pl\/index.php\/wp-json\/wp\/v2\/posts"}],"about":[{"href":"https:\/\/antykomunistyczni.pl\/index.php\/wp-json\/wp\/v2\/types\/post"}],"author":[{"embeddable":true,"href":"https:\/\/antykomunistyczni.pl\/index.php\/wp-json\/wp\/v2\/users\/1"}],"replies":[{"embeddable":true,"href":"https:\/\/antykomunistyczni.pl\/index.php\/wp-json\/wp\/v2\/comments?post=2115"}],"version-history":[{"count":17,"href":"https:\/\/antykomunistyczni.pl\/index.php\/wp-json\/wp\/v2\/posts\/2115\/revisions"}],"predecessor-version":[{"id":2138,"href":"https:\/\/antykomunistyczni.pl\/index.php\/wp-json\/wp\/v2\/posts\/2115\/revisions\/2138"}],"wp:featuredmedia":[{"embeddable":true,"href":"https:\/\/antykomunistyczni.pl\/index.php\/wp-json\/wp\/v2\/media\/2121"}],"wp:attachment":[{"href":"https:\/\/antykomunistyczni.pl\/index.php\/wp-json\/wp\/v2\/media?parent=2115"}],"wp:term":[{"taxonomy":"category","embeddable":true,"href":"https:\/\/antykomunistyczni.pl\/index.php\/wp-json\/wp\/v2\/categories?post=2115"},{"taxonomy":"post_tag","embeddable":true,"href":"https:\/\/antykomunistyczni.pl\/index.php\/wp-json\/wp\/v2\/tags?post=2115"}],"curies":[{"name":"wp","href":"https:\/\/api.w.org\/{rel}","templated":true}]}}