{"id":270,"date":"2026-02-28T06:46:14","date_gmt":"2026-02-28T05:46:14","guid":{"rendered":"https:\/\/antykomunistyczni.pl\/?p=270"},"modified":"2026-02-28T18:49:45","modified_gmt":"2026-02-28T17:49:45","slug":"1-marca-2026-uruchomienie-portalu-antykomunistyczni-pl","status":"publish","type":"post","link":"https:\/\/antykomunistyczni.pl\/index.php\/1-marca-2026-uruchomienie-portalu-antykomunistyczni-pl\/","title":{"rendered":"1 marca 2026 \u2013 uruchomienie portalu antykomunistyczni.pl"},"content":{"rendered":"\t\t<div data-elementor-type=\"wp-post\" data-elementor-id=\"270\" class=\"elementor elementor-270\">\n\t\t\t\t<div class=\"elementor-element elementor-element-6cd565d e-flex e-con-boxed e-con e-parent\" data-id=\"6cd565d\" data-element_type=\"container\" data-e-type=\"container\">\n\t\t\t\t\t<div class=\"e-con-inner\">\n\t\t\t\t<div class=\"elementor-element elementor-element-faba60b elementor-widget elementor-widget-text-editor\" data-id=\"faba60b\" data-element_type=\"widget\" data-e-type=\"widget\" data-widget_type=\"text-editor.default\">\n\t\t\t\t\t\t\t\t\t<p data-start=\"154\" data-end=\"378\">W Narodowym Dniu Pami\u0119ci \u017bo\u0142nierzy Wykl\u0119tych, 1 marca 2026 roku, uruchomiony zosta\u0142 portal <strong data-start=\"245\" data-end=\"269\">antykomunistyczni.pl<\/strong> \u2014 projekt po\u015bwi\u0119cony dokumentowaniu zbrodni system\u00f3w komunistycznych oraz zachowaniu pami\u0119ci o ich ofiarach.<\/p><p data-start=\"380\" data-end=\"687\">Data publikacji nie jest przypadkowa. 1 marca w Polsce wspominamy tych, kt\u00f3rzy po zako\u0144czeniu II wojny \u015bwiatowej nie z\u0142o\u017cyli broni i sprzeciwili si\u0119 narzuconemu systemowi komunistycznemu. Ich los \u2014 cz\u0119sto naznaczony wi\u0119zieniem, torturami i \u015bmierci\u0105 \u2014 sta\u0142 si\u0119 symbolem powojennego oporu wobec totalitaryzmu.<\/p><hr data-start=\"689\" data-end=\"692\" \/><h2 data-start=\"694\" data-end=\"719\">Dlaczego w\u0142a\u015bnie dzi\u015b?<\/h2><p data-start=\"721\" data-end=\"899\">Uruchomienie portalu w tym dniu stanowi wyraz pami\u0119ci o wszystkich, kt\u00f3rzy do\u015bwiadczyli represji w wyniku dzia\u0142ania system\u00f3w komunistycznych \u2014 zar\u00f3wno w Polsce, jak i na \u015bwiecie.<\/p><p data-start=\"901\" data-end=\"1203\">Wed\u0142ug bada\u0144 historycznych i demograficznych re\u017cimy komunistyczne przynios\u0142y \u015bmier\u0107 ponad 100 milionom ludzi. Za t\u0105 liczb\u0105 stoj\u0105 konkretne osoby: \u017co\u0142nierze podziemia niepodleg\u0142o\u015bciowego, wi\u0119\u017aniowie polityczni, deportowane rodziny, ofiary g\u0142odu, represjonowani duchowni, robotnicy i dzia\u0142acze spo\u0142eczni.<\/p><hr data-start=\"1205\" data-end=\"1208\" \/><h2 data-start=\"1210\" data-end=\"1225\">Cel projektu<\/h2><p data-start=\"1227\" data-end=\"1327\">Antykomunistyczni.pl powsta\u0142 jako niezale\u017cna inicjatywa dokumentacyjno-edukacyjna. Portal ma s\u0142u\u017cy\u0107:<\/p><ul data-start=\"1329\" data-end=\"1537\"><li data-start=\"1329\" data-end=\"1384\"><p data-start=\"1331\" data-end=\"1384\">prezentowaniu zweryfikowanych danych historycznych,<\/p><\/li><li data-start=\"1385\" data-end=\"1422\"><p data-start=\"1387\" data-end=\"1422\">publikowaniu \u015bwiadectw i relacji,<\/p><\/li><li data-start=\"1423\" data-end=\"1489\"><p data-start=\"1425\" data-end=\"1489\">wyja\u015bnianiu mechanizm\u00f3w funkcjonowania system\u00f3w totalitarnych,<\/p><\/li><li data-start=\"1490\" data-end=\"1537\"><p data-start=\"1492\" data-end=\"1537\">budowaniu og\u00f3lnodost\u0119pnego archiwum wiedzy.<\/p><\/li><\/ul><p data-start=\"1539\" data-end=\"1649\">W miejscach, gdzie dane s\u0105 przedmiotem spor\u00f3w badawczych, wskazywany jest zakres szacunk\u00f3w i kontekst naukowy.<\/p><hr data-start=\"1651\" data-end=\"1654\" \/><h2 data-start=\"1656\" data-end=\"1683\">Pami\u0119\u0107 jako zobowi\u0105zanie<\/h2><p data-start=\"1685\" data-end=\"1865\">Narodowy Dzie\u0144 Pami\u0119ci \u017bo\u0142nierzy Wykl\u0119tych przypomina, \u017ce historia nie ko\u0144czy si\u0119 wraz z formalnym zako\u0144czeniem wojny. Dla wielu Polak\u00f3w dramat trwa\u0142 przez kolejne dziesi\u0119ciolecia.<\/p><p data-start=\"1867\" data-end=\"2077\">Publikacja portalu 1 marca jest symbolicznym aktem pami\u0119ci \u2014 nie tylko o \u017co\u0142nierzach podziemia niepodleg\u0142o\u015bciowego, ale o wszystkich ofiarach systemu, kt\u00f3rego fundamentem by\u0142a przemoc i eliminacja przeciwnik\u00f3w.<\/p><p data-start=\"2079\" data-end=\"2221\">Zapraszamy do odwiedzania strony, lektury materia\u0142\u00f3w oraz wsp\u00f3\u0142tworzenia archiwum poprzez dzielenie si\u0119 \u015bwiadectwami i \u017ar\u00f3d\u0142ami historycznymi.<\/p>\t\t\t\t\t\t\t\t<\/div>\n\t\t\t\t\t<\/div>\n\t\t\t\t<\/div>\n\t\t\t\t<\/div>\n\t\t","protected":false},"excerpt":{"rendered":"<p>W Narodowym Dniu Pami\u0119ci \u017bo\u0142nierzy Wykl\u0119tych, 1 marca 2026 roku, uruchomiony zosta\u0142 portal antykomunistyczni.pl \u2014 projekt po\u015bwi\u0119cony dokumentowaniu zbrodni system\u00f3w komunistycznych oraz zachowaniu pami\u0119ci o ich ofiarach. Data publikacji nie jest przypadkowa. 1 marca w Polsce wspominamy tych, kt\u00f3rzy po zako\u0144czeniu II wojny \u015bwiatowej nie z\u0142o\u017cyli broni i sprzeciwili si\u0119 narzuconemu systemowi komunistycznemu. Ich los [&hellip;]<\/p>\n","protected":false},"author":1,"featured_media":319,"comment_status":"closed","ping_status":"open","sticky":false,"template":"","format":"standard","meta":{"give_campaign_id":0,"footnotes":""},"categories":[22],"tags":[],"class_list":["post-270","post","type-post","status-publish","format-standard","has-post-thumbnail","hentry","category-aktualnosci"],"yoast_head":"<!-- This site is optimized with the Yoast SEO plugin v28.4 - https:\/\/yoast.com\/product\/yoast-seo-wordpress\/ -->\n<title>1 marca 2026 \u2013 uruchomienie portalu antykomunistyczni.pl - Antykomunistyczni.pl<\/title>\n<meta name=\"robots\" content=\"index, follow, max-snippet:-1, max-image-preview:large, max-video-preview:-1\" \/>\n<link rel=\"canonical\" href=\"https:\/\/antykomunistyczni.pl\/index.php\/1-marca-2026-uruchomienie-portalu-antykomunistyczni-pl\/\" \/>\n<meta property=\"og:locale\" content=\"pl_PL\" \/>\n<meta property=\"og:type\" content=\"article\" \/>\n<meta property=\"og:title\" content=\"1 marca 2026 \u2013 uruchomienie portalu antykomunistyczni.pl - Antykomunistyczni.pl\" \/>\n<meta property=\"og:description\" content=\"W Narodowym Dniu Pami\u0119ci \u017bo\u0142nierzy Wykl\u0119tych, 1 marca 2026 roku, uruchomiony zosta\u0142 portal antykomunistyczni.pl \u2014 projekt po\u015bwi\u0119cony dokumentowaniu zbrodni system\u00f3w komunistycznych oraz zachowaniu pami\u0119ci o ich ofiarach. Data publikacji nie jest przypadkowa. 1 marca w Polsce wspominamy tych, kt\u00f3rzy po zako\u0144czeniu II wojny \u015bwiatowej nie z\u0142o\u017cyli broni i sprzeciwili si\u0119 narzuconemu systemowi komunistycznemu. Ich los [&hellip;]\" \/>\n<meta property=\"og:url\" content=\"https:\/\/antykomunistyczni.pl\/index.php\/1-marca-2026-uruchomienie-portalu-antykomunistyczni-pl\/\" \/>\n<meta property=\"og:site_name\" content=\"Antykomunistyczni.pl\" \/>\n<meta property=\"article:publisher\" content=\"https:\/\/www.facebook.com\/antykomunistyczni\/\" \/>\n<meta property=\"article:published_time\" content=\"2026-02-28T05:46:14+00:00\" \/>\n<meta property=\"article:modified_time\" content=\"2026-02-28T17:49:45+00:00\" \/>\n<meta property=\"og:image\" content=\"https:\/\/antykomunistyczni.pl\/wp-content\/uploads\/2026\/02\/cropped-cropped-AntykomunistyczniLogoSquare512x512.png\" \/>\n\t<meta property=\"og:image:width\" content=\"512\" \/>\n\t<meta property=\"og:image:height\" content=\"344\" \/>\n\t<meta property=\"og:image:type\" content=\"image\/png\" \/>\n<meta name=\"author\" content=\"Antykomunistyczni\" \/>\n<meta name=\"twitter:card\" content=\"summary_large_image\" \/>\n<meta name=\"twitter:creator\" content=\"@anty_komunisci\" \/>\n<meta name=\"twitter:site\" content=\"@anty_komunisci\" \/>\n<meta name=\"twitter:label1\" content=\"Napisane przez\" \/>\n\t<meta name=\"twitter:data1\" content=\"Antykomunistyczni\" \/>\n\t<meta name=\"twitter:label2\" content=\"Szacowany czas czytania\" \/>\n\t<meta name=\"twitter:data2\" content=\"1 minuta\" \/>\n<script type=\"application\/ld+json\" class=\"yoast-schema-graph\">{\"@context\":\"https:\\\/\\\/schema.org\",\"@graph\":[{\"@type\":\"Article\",\"@id\":\"https:\\\/\\\/antykomunistyczni.pl\\\/index.php\\\/1-marca-2026-uruchomienie-portalu-antykomunistyczni-pl\\\/#article\",\"isPartOf\":{\"@id\":\"https:\\\/\\\/antykomunistyczni.pl\\\/index.php\\\/1-marca-2026-uruchomienie-portalu-antykomunistyczni-pl\\\/\"},\"author\":{\"name\":\"Antykomunistyczni\",\"@id\":\"https:\\\/\\\/antykomunistyczni.pl\\\/#\\\/schema\\\/person\\\/4963e693e8006b94062d91d1295d02a0\"},\"headline\":\"1 marca 2026 \u2013 uruchomienie portalu antykomunistyczni.pl\",\"datePublished\":\"2026-02-28T05:46:14+00:00\",\"dateModified\":\"2026-02-28T17:49:45+00:00\",\"mainEntityOfPage\":{\"@id\":\"https:\\\/\\\/antykomunistyczni.pl\\\/index.php\\\/1-marca-2026-uruchomienie-portalu-antykomunistyczni-pl\\\/\"},\"wordCount\":303,\"publisher\":{\"@id\":\"https:\\\/\\\/antykomunistyczni.pl\\\/#organization\"},\"image\":{\"@id\":\"https:\\\/\\\/antykomunistyczni.pl\\\/index.php\\\/1-marca-2026-uruchomienie-portalu-antykomunistyczni-pl\\\/#primaryimage\"},\"thumbnailUrl\":\"https:\\\/\\\/antykomunistyczni.pl\\\/wp-content\\\/uploads\\\/2026\\\/02\\\/cropped-cropped-AntykomunistyczniLogoSquare512x512.png\",\"articleSection\":[\"Aktualno\u015bci\"],\"inLanguage\":\"pl-PL\"},{\"@type\":\"WebPage\",\"@id\":\"https:\\\/\\\/antykomunistyczni.pl\\\/index.php\\\/1-marca-2026-uruchomienie-portalu-antykomunistyczni-pl\\\/\",\"url\":\"https:\\\/\\\/antykomunistyczni.pl\\\/index.php\\\/1-marca-2026-uruchomienie-portalu-antykomunistyczni-pl\\\/\",\"name\":\"1 marca 2026 \u2013 uruchomienie portalu antykomunistyczni.pl - Antykomunistyczni.pl\",\"isPartOf\":{\"@id\":\"https:\\\/\\\/antykomunistyczni.pl\\\/#website\"},\"primaryImageOfPage\":{\"@id\":\"https:\\\/\\\/antykomunistyczni.pl\\\/index.php\\\/1-marca-2026-uruchomienie-portalu-antykomunistyczni-pl\\\/#primaryimage\"},\"image\":{\"@id\":\"https:\\\/\\\/antykomunistyczni.pl\\\/index.php\\\/1-marca-2026-uruchomienie-portalu-antykomunistyczni-pl\\\/#primaryimage\"},\"thumbnailUrl\":\"https:\\\/\\\/antykomunistyczni.pl\\\/wp-content\\\/uploads\\\/2026\\\/02\\\/cropped-cropped-AntykomunistyczniLogoSquare512x512.png\",\"datePublished\":\"2026-02-28T05:46:14+00:00\",\"dateModified\":\"2026-02-28T17:49:45+00:00\",\"breadcrumb\":{\"@id\":\"https:\\\/\\\/antykomunistyczni.pl\\\/index.php\\\/1-marca-2026-uruchomienie-portalu-antykomunistyczni-pl\\\/#breadcrumb\"},\"inLanguage\":\"pl-PL\",\"potentialAction\":[{\"@type\":\"ReadAction\",\"target\":[\"https:\\\/\\\/antykomunistyczni.pl\\\/index.php\\\/1-marca-2026-uruchomienie-portalu-antykomunistyczni-pl\\\/\"]}]},{\"@type\":\"ImageObject\",\"inLanguage\":\"pl-PL\",\"@id\":\"https:\\\/\\\/antykomunistyczni.pl\\\/index.php\\\/1-marca-2026-uruchomienie-portalu-antykomunistyczni-pl\\\/#primaryimage\",\"url\":\"https:\\\/\\\/antykomunistyczni.pl\\\/wp-content\\\/uploads\\\/2026\\\/02\\\/cropped-cropped-AntykomunistyczniLogoSquare512x512.png\",\"contentUrl\":\"https:\\\/\\\/antykomunistyczni.pl\\\/wp-content\\\/uploads\\\/2026\\\/02\\\/cropped-cropped-AntykomunistyczniLogoSquare512x512.png\",\"width\":512,\"height\":344},{\"@type\":\"BreadcrumbList\",\"@id\":\"https:\\\/\\\/antykomunistyczni.pl\\\/index.php\\\/1-marca-2026-uruchomienie-portalu-antykomunistyczni-pl\\\/#breadcrumb\",\"itemListElement\":[{\"@type\":\"ListItem\",\"position\":1,\"name\":\"Strona g\u0142\u00f3wna\",\"item\":\"https:\\\/\\\/antykomunistyczni.pl\\\/\"},{\"@type\":\"ListItem\",\"position\":2,\"name\":\"1 marca 2026 \u2013 uruchomienie portalu antykomunistyczni.pl\"}]},{\"@type\":\"WebSite\",\"@id\":\"https:\\\/\\\/antykomunistyczni.pl\\\/#website\",\"url\":\"https:\\\/\\\/antykomunistyczni.pl\\\/\",\"name\":\"Antykomunistyczni.pl\",\"description\":\"\",\"publisher\":{\"@id\":\"https:\\\/\\\/antykomunistyczni.pl\\\/#organization\"},\"alternateName\":\"Historia PRL, zbrodnie komunistyczne w Polsce i na \u015bwiecie\",\"potentialAction\":[{\"@type\":\"SearchAction\",\"target\":{\"@type\":\"EntryPoint\",\"urlTemplate\":\"https:\\\/\\\/antykomunistyczni.pl\\\/?s={search_term_string}\"},\"query-input\":{\"@type\":\"PropertyValueSpecification\",\"valueRequired\":true,\"valueName\":\"search_term_string\"}}],\"inLanguage\":\"pl-PL\"},{\"@type\":\"Organization\",\"@id\":\"https:\\\/\\\/antykomunistyczni.pl\\\/#organization\",\"name\":\"Antykomunistyczni.pl\",\"url\":\"https:\\\/\\\/antykomunistyczni.pl\\\/\",\"logo\":{\"@type\":\"ImageObject\",\"inLanguage\":\"pl-PL\",\"@id\":\"https:\\\/\\\/antykomunistyczni.pl\\\/#\\\/schema\\\/logo\\\/image\\\/\",\"url\":\"https:\\\/\\\/antykomunistyczni.pl\\\/wp-content\\\/uploads\\\/2026\\\/02\\\/cropped-AntykomunistyczniLogoSquare150x150-2.png\",\"contentUrl\":\"https:\\\/\\\/antykomunistyczni.pl\\\/wp-content\\\/uploads\\\/2026\\\/02\\\/cropped-AntykomunistyczniLogoSquare150x150-2.png\",\"width\":150,\"height\":150,\"caption\":\"Antykomunistyczni.pl\"},\"image\":{\"@id\":\"https:\\\/\\\/antykomunistyczni.pl\\\/#\\\/schema\\\/logo\\\/image\\\/\"},\"sameAs\":[\"https:\\\/\\\/www.facebook.com\\\/antykomunistyczni\\\/\",\"https:\\\/\\\/x.com\\\/anty_komunisci\"]},{\"@type\":\"Person\",\"@id\":\"https:\\\/\\\/antykomunistyczni.pl\\\/#\\\/schema\\\/person\\\/4963e693e8006b94062d91d1295d02a0\",\"name\":\"Antykomunistyczni\",\"image\":{\"@type\":\"ImageObject\",\"inLanguage\":\"pl-PL\",\"@id\":\"https:\\\/\\\/secure.gravatar.com\\\/avatar\\\/ff172875f9ced7887f883245268c1ba638c26cf1e0530f7f61b4705963a6730b?s=96&d=mm&r=g\",\"url\":\"https:\\\/\\\/secure.gravatar.com\\\/avatar\\\/ff172875f9ced7887f883245268c1ba638c26cf1e0530f7f61b4705963a6730b?s=96&d=mm&r=g\",\"contentUrl\":\"https:\\\/\\\/secure.gravatar.com\\\/avatar\\\/ff172875f9ced7887f883245268c1ba638c26cf1e0530f7f61b4705963a6730b?s=96&d=mm&r=g\",\"caption\":\"Antykomunistyczni\"},\"sameAs\":[\"http:\\\/\\\/antykomunistyczni.pl\"],\"url\":\"https:\\\/\\\/antykomunistyczni.pl\\\/index.php\\\/author\\\/admin0\\\/\"}]}<\/script>\n<!-- \/ Yoast SEO plugin. -->","yoast_head_json":{"title":"1 marca 2026 \u2013 uruchomienie portalu antykomunistyczni.pl - Antykomunistyczni.pl","robots":{"index":"index","follow":"follow","max-snippet":"max-snippet:-1","max-image-preview":"max-image-preview:large","max-video-preview":"max-video-preview:-1"},"canonical":"https:\/\/antykomunistyczni.pl\/index.php\/1-marca-2026-uruchomienie-portalu-antykomunistyczni-pl\/","og_locale":"pl_PL","og_type":"article","og_title":"1 marca 2026 \u2013 uruchomienie portalu antykomunistyczni.pl - Antykomunistyczni.pl","og_description":"W Narodowym Dniu Pami\u0119ci \u017bo\u0142nierzy Wykl\u0119tych, 1 marca 2026 roku, uruchomiony zosta\u0142 portal antykomunistyczni.pl \u2014 projekt po\u015bwi\u0119cony dokumentowaniu zbrodni system\u00f3w komunistycznych oraz zachowaniu pami\u0119ci o ich ofiarach. Data publikacji nie jest przypadkowa. 1 marca w Polsce wspominamy tych, kt\u00f3rzy po zako\u0144czeniu II wojny \u015bwiatowej nie z\u0142o\u017cyli broni i sprzeciwili si\u0119 narzuconemu systemowi komunistycznemu. Ich los [&hellip;]","og_url":"https:\/\/antykomunistyczni.pl\/index.php\/1-marca-2026-uruchomienie-portalu-antykomunistyczni-pl\/","og_site_name":"Antykomunistyczni.pl","article_publisher":"https:\/\/www.facebook.com\/antykomunistyczni\/","article_published_time":"2026-02-28T05:46:14+00:00","article_modified_time":"2026-02-28T17:49:45+00:00","og_image":[{"width":512,"height":344,"url":"https:\/\/antykomunistyczni.pl\/wp-content\/uploads\/2026\/02\/cropped-cropped-AntykomunistyczniLogoSquare512x512.png","type":"image\/png"}],"author":"Antykomunistyczni","twitter_card":"summary_large_image","twitter_creator":"@anty_komunisci","twitter_site":"@anty_komunisci","twitter_misc":{"Napisane przez":"Antykomunistyczni","Szacowany czas czytania":"1 minuta"},"schema":{"@context":"https:\/\/schema.org","@graph":[{"@type":"Article","@id":"https:\/\/antykomunistyczni.pl\/index.php\/1-marca-2026-uruchomienie-portalu-antykomunistyczni-pl\/#article","isPartOf":{"@id":"https:\/\/antykomunistyczni.pl\/index.php\/1-marca-2026-uruchomienie-portalu-antykomunistyczni-pl\/"},"author":{"name":"Antykomunistyczni","@id":"https:\/\/antykomunistyczni.pl\/#\/schema\/person\/4963e693e8006b94062d91d1295d02a0"},"headline":"1 marca 2026 \u2013 uruchomienie portalu antykomunistyczni.pl","datePublished":"2026-02-28T05:46:14+00:00","dateModified":"2026-02-28T17:49:45+00:00","mainEntityOfPage":{"@id":"https:\/\/antykomunistyczni.pl\/index.php\/1-marca-2026-uruchomienie-portalu-antykomunistyczni-pl\/"},"wordCount":303,"publisher":{"@id":"https:\/\/antykomunistyczni.pl\/#organization"},"image":{"@id":"https:\/\/antykomunistyczni.pl\/index.php\/1-marca-2026-uruchomienie-portalu-antykomunistyczni-pl\/#primaryimage"},"thumbnailUrl":"https:\/\/antykomunistyczni.pl\/wp-content\/uploads\/2026\/02\/cropped-cropped-AntykomunistyczniLogoSquare512x512.png","articleSection":["Aktualno\u015bci"],"inLanguage":"pl-PL"},{"@type":"WebPage","@id":"https:\/\/antykomunistyczni.pl\/index.php\/1-marca-2026-uruchomienie-portalu-antykomunistyczni-pl\/","url":"https:\/\/antykomunistyczni.pl\/index.php\/1-marca-2026-uruchomienie-portalu-antykomunistyczni-pl\/","name":"1 marca 2026 \u2013 uruchomienie portalu antykomunistyczni.pl - Antykomunistyczni.pl","isPartOf":{"@id":"https:\/\/antykomunistyczni.pl\/#website"},"primaryImageOfPage":{"@id":"https:\/\/antykomunistyczni.pl\/index.php\/1-marca-2026-uruchomienie-portalu-antykomunistyczni-pl\/#primaryimage"},"image":{"@id":"https:\/\/antykomunistyczni.pl\/index.php\/1-marca-2026-uruchomienie-portalu-antykomunistyczni-pl\/#primaryimage"},"thumbnailUrl":"https:\/\/antykomunistyczni.pl\/wp-content\/uploads\/2026\/02\/cropped-cropped-AntykomunistyczniLogoSquare512x512.png","datePublished":"2026-02-28T05:46:14+00:00","dateModified":"2026-02-28T17:49:45+00:00","breadcrumb":{"@id":"https:\/\/antykomunistyczni.pl\/index.php\/1-marca-2026-uruchomienie-portalu-antykomunistyczni-pl\/#breadcrumb"},"inLanguage":"pl-PL","potentialAction":[{"@type":"ReadAction","target":["https:\/\/antykomunistyczni.pl\/index.php\/1-marca-2026-uruchomienie-portalu-antykomunistyczni-pl\/"]}]},{"@type":"ImageObject","inLanguage":"pl-PL","@id":"https:\/\/antykomunistyczni.pl\/index.php\/1-marca-2026-uruchomienie-portalu-antykomunistyczni-pl\/#primaryimage","url":"https:\/\/antykomunistyczni.pl\/wp-content\/uploads\/2026\/02\/cropped-cropped-AntykomunistyczniLogoSquare512x512.png","contentUrl":"https:\/\/antykomunistyczni.pl\/wp-content\/uploads\/2026\/02\/cropped-cropped-AntykomunistyczniLogoSquare512x512.png","width":512,"height":344},{"@type":"BreadcrumbList","@id":"https:\/\/antykomunistyczni.pl\/index.php\/1-marca-2026-uruchomienie-portalu-antykomunistyczni-pl\/#breadcrumb","itemListElement":[{"@type":"ListItem","position":1,"name":"Strona g\u0142\u00f3wna","item":"https:\/\/antykomunistyczni.pl\/"},{"@type":"ListItem","position":2,"name":"1 marca 2026 \u2013 uruchomienie portalu antykomunistyczni.pl"}]},{"@type":"WebSite","@id":"https:\/\/antykomunistyczni.pl\/#website","url":"https:\/\/antykomunistyczni.pl\/","name":"Antykomunistyczni.pl","description":"","publisher":{"@id":"https:\/\/antykomunistyczni.pl\/#organization"},"alternateName":"Historia PRL, zbrodnie komunistyczne w Polsce i na \u015bwiecie","potentialAction":[{"@type":"SearchAction","target":{"@type":"EntryPoint","urlTemplate":"https:\/\/antykomunistyczni.pl\/?s={search_term_string}"},"query-input":{"@type":"PropertyValueSpecification","valueRequired":true,"valueName":"search_term_string"}}],"inLanguage":"pl-PL"},{"@type":"Organization","@id":"https:\/\/antykomunistyczni.pl\/#organization","name":"Antykomunistyczni.pl","url":"https:\/\/antykomunistyczni.pl\/","logo":{"@type":"ImageObject","inLanguage":"pl-PL","@id":"https:\/\/antykomunistyczni.pl\/#\/schema\/logo\/image\/","url":"https:\/\/antykomunistyczni.pl\/wp-content\/uploads\/2026\/02\/cropped-AntykomunistyczniLogoSquare150x150-2.png","contentUrl":"https:\/\/antykomunistyczni.pl\/wp-content\/uploads\/2026\/02\/cropped-AntykomunistyczniLogoSquare150x150-2.png","width":150,"height":150,"caption":"Antykomunistyczni.pl"},"image":{"@id":"https:\/\/antykomunistyczni.pl\/#\/schema\/logo\/image\/"},"sameAs":["https:\/\/www.facebook.com\/antykomunistyczni\/","https:\/\/x.com\/anty_komunisci"]},{"@type":"Person","@id":"https:\/\/antykomunistyczni.pl\/#\/schema\/person\/4963e693e8006b94062d91d1295d02a0","name":"Antykomunistyczni","image":{"@type":"ImageObject","inLanguage":"pl-PL","@id":"https:\/\/secure.gravatar.com\/avatar\/ff172875f9ced7887f883245268c1ba638c26cf1e0530f7f61b4705963a6730b?s=96&d=mm&r=g","url":"https:\/\/secure.gravatar.com\/avatar\/ff172875f9ced7887f883245268c1ba638c26cf1e0530f7f61b4705963a6730b?s=96&d=mm&r=g","contentUrl":"https:\/\/secure.gravatar.com\/avatar\/ff172875f9ced7887f883245268c1ba638c26cf1e0530f7f61b4705963a6730b?s=96&d=mm&r=g","caption":"Antykomunistyczni"},"sameAs":["http:\/\/antykomunistyczni.pl"],"url":"https:\/\/antykomunistyczni.pl\/index.php\/author\/admin0\/"}]}},"_links":{"self":[{"href":"https:\/\/antykomunistyczni.pl\/index.php\/wp-json\/wp\/v2\/posts\/270","targetHints":{"allow":["GET"]}}],"collection":[{"href":"https:\/\/antykomunistyczni.pl\/index.php\/wp-json\/wp\/v2\/posts"}],"about":[{"href":"https:\/\/antykomunistyczni.pl\/index.php\/wp-json\/wp\/v2\/types\/post"}],"author":[{"embeddable":true,"href":"https:\/\/antykomunistyczni.pl\/index.php\/wp-json\/wp\/v2\/users\/1"}],"replies":[{"embeddable":true,"href":"https:\/\/antykomunistyczni.pl\/index.php\/wp-json\/wp\/v2\/comments?post=270"}],"version-history":[{"count":10,"href":"https:\/\/antykomunistyczni.pl\/index.php\/wp-json\/wp\/v2\/posts\/270\/revisions"}],"predecessor-version":[{"id":290,"href":"https:\/\/antykomunistyczni.pl\/index.php\/wp-json\/wp\/v2\/posts\/270\/revisions\/290"}],"wp:featuredmedia":[{"embeddable":true,"href":"https:\/\/antykomunistyczni.pl\/index.php\/wp-json\/wp\/v2\/media\/319"}],"wp:attachment":[{"href":"https:\/\/antykomunistyczni.pl\/index.php\/wp-json\/wp\/v2\/media?parent=270"}],"wp:term":[{"taxonomy":"category","embeddable":true,"href":"https:\/\/antykomunistyczni.pl\/index.php\/wp-json\/wp\/v2\/categories?post=270"},{"taxonomy":"post_tag","embeddable":true,"href":"https:\/\/antykomunistyczni.pl\/index.php\/wp-json\/wp\/v2\/tags?post=270"}],"curies":[{"name":"wp","href":"https:\/\/api.w.org\/{rel}","templated":true}]}}