{"id":323,"date":"2026-02-28T11:05:06","date_gmt":"2026-02-28T10:05:06","guid":{"rendered":"https:\/\/antykomunistyczni.pl\/?p=323"},"modified":"2026-02-28T18:49:44","modified_gmt":"2026-02-28T17:49:44","slug":"program-obchodow-narodowego-dnia-pamieci-zolnierzy-wykletych","status":"publish","type":"post","link":"https:\/\/antykomunistyczni.pl\/index.php\/program-obchodow-narodowego-dnia-pamieci-zolnierzy-wykletych\/","title":{"rendered":"Program obchod\u00f3w Narodowego Dnia Pami\u0119ci \u017bo\u0142nierzy Wykl\u0119tych"},"content":{"rendered":"\n<h2 class=\"wp-block-heading\"><\/h2>\n\n\n\n<h3 class=\"wp-block-heading\"><strong>24 lutego 2026 (wtorek)<\/strong><\/h3>\n\n\n\n<p class=\"wp-block-paragraph\"><strong>Uroczysto\u015bci upami\u0119tniaj\u0105ce gen. Augusta Emila Fieldorfa \u201eNila\u201d w 73. rocznic\u0119 \u015bmierci<\/strong><\/p>\n\n\n\n<p class=\"wp-block-paragraph\"><strong>10:00<\/strong>&nbsp;Uroczysto\u015b\u0107 z\u0142o\u017cenia kwiat\u00f3w pod&nbsp;pomnikiem gen. Augusta Emila Fieldorfa \u201eNila\u201d u zbiegu ul. Fieldorfa z&nbsp;Wa\u0142em Miedzeszy\u0144skim<\/p>\n\n\n\n<p class=\"wp-block-paragraph\"><strong>14:00<\/strong>&nbsp;Apel Pami\u0119ci i&nbsp;uroczyste z\u0142o\u017cenie kwiat\u00f3w w&nbsp;miejscu stracenia genera\u0142a Augusta Emila Fieldorfa \u201eNila\u201d na ul. Rakowieckiej 37<br>(potwierdzenia:&nbsp;<a href=\"mailto:potwierdzenia@muzeumrakowiecka37.pl\">potwierdzenia@muzeumrakowiecka37.pl<\/a>)<\/p>\n\n\n\n<p class=\"wp-block-paragraph\"><strong>15:00<\/strong>&nbsp;Msza \u015bwi\u0119ta w&nbsp;\u015bwietlicy muzeum (ul. Rakowiecka 37)<br><a href=\"https:\/\/rakowiecka37.pl\/archiwum-wydarzen\/73-rocznica-smierci-gen-augusta-emila-fieldorfa-nila\/\">Czytaj wi\u0119cej<\/a><\/p>\n\n\n\n<h3 class=\"wp-block-heading\"><strong>28 lutego 2026 (sobota)<\/strong><\/h3>\n\n\n\n<p class=\"wp-block-paragraph\"><strong>10:00\u201316:00<\/strong>&nbsp;Zwiedzanie muzeum z&nbsp;przewodnikiem<br>Wej\u015bcia co godzin\u0119 (ostatnie o&nbsp;godz. 16:00). Zbi\u00f3rka w&nbsp;poczekalni<\/p>\n\n\n\n<p class=\"wp-block-paragraph\"><strong>12.30\u201314.00<\/strong>&nbsp;Zwiedzanie muzeum z&nbsp;Tadeuszem P\u0142u\u017ca\u0144skim \u015bladami jego ojca Tadeusza \u2013 wi\u0119\u017ania Rakowieckiej, cz\u0142onka siatki Witolda Pileckiego<br>(zapisy:&nbsp;<a href=\"mailto:zwiedzanie@muzeumrakowiecka37.pl\">zwiedzanie@muzeumrakowiecka37.pl<\/a>)<\/p>\n\n\n\n<p class=\"wp-block-paragraph\"><strong>17:00\u201319:00<\/strong>&nbsp;Spotkanie z&nbsp;cyklu \u201eWidzenie na&nbsp;Rakowieckiej\u201d<br>Go\u015bciem b\u0119dzie Przemys\u0142aw Oborski, bratanek Mieczys\u0142awa Oborskiego, przedwojennego oficera Wojska Polskiego, kt\u00f3ry zosta\u0142 zatrzymany w&nbsp;maju 1952 r., oskar\u017cony o&nbsp;dzia\u0142alno\u015b\u0107 w konspiracji w&nbsp;wojsku i&nbsp;skazany na&nbsp;\u015bmier\u0107. Spotkanie poprowadzi Tadeusz P\u0142u\u017ca\u0144ski.<br><a href=\"https:\/\/rakowiecka37.pl\/wydarzenia\/widzenie-na-rakowieckiej-opowiesc-o-mieczyslawie-oborskim\/\">Czytaj wi\u0119cej<\/a><\/p>\n\n\n\n<h3 class=\"wp-block-heading\"><strong>1 marca 2026 (niedziela)<\/strong><\/h3>\n\n\n\n<p class=\"wp-block-paragraph\"><strong>10:00<\/strong>&nbsp;\u201e\u015aladami \u017bo\u0142nierzy Wykl\u0119tych i&nbsp;ich oprawc\u00f3w\u201d<br>Spacer z&nbsp;przewodnikiem po&nbsp;Pow\u0105zkach Wojskowych (limit miejsc wyczerpany)<\/p>\n\n\n\n<p class=\"wp-block-paragraph\"><strong>10:00\u201311:00&nbsp;<\/strong>Uroczysto\u015bci pa\u0144stwowe w&nbsp;Narodowym Dniu Pami\u0119ci \u017bo\u0142nierzy Wykl\u0119tych<br>Apel Pami\u0119ci i&nbsp;uroczyste z\u0142o\u017cenie wie\u0144c\u00f3w pod&nbsp;\u015acian\u0105 \u015amierci z&nbsp;udzia\u0142em wojskowej asysty honorowej<br>(potwierdzenia:&nbsp;<a href=\"mailto:potwierdzenia@muzeumrakowiecka37.pl\">potwierdzenia@muzeumrakowiecka37.pl<\/a>)<\/p>\n\n\n\n<p class=\"wp-block-paragraph\"><strong>11:00\u201316:00<\/strong>&nbsp;\u201eRodzinne Spotkania z&nbsp;Histori\u0105\u201d<br>Strefa edukacyjna, stoiska Wojska Polskiego oraz instytucji wsp\u00f3\u0142pracuj\u0105cych z&nbsp;muzeum<\/p>\n\n\n\n<p class=\"wp-block-paragraph\"><strong>11:00\u201317:00<\/strong>&nbsp;\u201eHistoryczny ob\u00f3z wojskowy\u201d<br>Przedstawienie polskich formacji wojskowych i&nbsp;historii umundurowania w&nbsp;latach 1920-1953<\/p>\n\n\n\n<p class=\"wp-block-paragraph\"><strong>11:00\u201317:00<\/strong>&nbsp;Zwiedzanie wystawy \u201eMetod\u0105 katy\u0144sk\u0105\u2026\u201d<br><a href=\"https:\/\/rakowiecka37.pl\/wystawa\/metoda-katynska-wystawa-o-katach-i-egzekucjach-w-wiezieniu-mokotowskim\/\">Czytaj wi\u0119cej<\/a><\/p>\n\n\n\n<p class=\"wp-block-paragraph\"><strong>11:00\u201317:00<\/strong>&nbsp;Indywidualne zwiedzanie muzeum<\/p>\n\n\n\n<p class=\"wp-block-paragraph\"><strong>12:00 i&nbsp;14:00<\/strong>&nbsp;Zwiedzanie muzeum z&nbsp;przewodnikiem<br>Zbi\u00f3rka w&nbsp;poczekalni<\/p>\n\n\n\n<p class=\"wp-block-paragraph\"><strong>14:00\u201314:30<\/strong>&nbsp;Otwarcie wystawy \u201eO dusz\u0119 i charakter Narodu Polskiego. Zrzeszenie Wolno\u015b\u0107 i Niezawis\u0142o\u015b\u0107\u201d. Po uroczystym otwarciu zwiedzanie poprowadzi jeden z&nbsp;tw\u00f3rc\u00f3w wystawy \u2013 dr Micha\u0142 Wenklar z&nbsp;IPN w&nbsp;Krakowie<br><a href=\"https:\/\/rakowiecka37.pl\/wydarzenia\/otwarcie-i-zwiedzanie-wystawy-o-zrzeszeniu-wolnosc-i-niezawislosc\/\">Czytaj wi\u0119cej<\/a><\/p>\n\n\n\n<p class=\"wp-block-paragraph\"><strong>15:00\u201316:00<\/strong>&nbsp;Spektakl \u201eUlica Wolno\u015bci. Rzecz o&nbsp;\u0141ukaszu Ciepli\u0144skim\u201d w re\u017c. Leszka Zdunia<br>(limit miejsc wyczerpany, zapisy na&nbsp;list\u0119 rezerwow\u0105:&nbsp;<a href=\"mailto:pokaz@muzeumrakowiecka37.pl\">pokaz@muzeumrakowiecka37.pl<\/a>)<br><a href=\"https:\/\/rakowiecka37.pl\/wydarzenia\/spektakl-o-lukaszu-cieplinskim\/\">Czytaj wi\u0119cej<\/a><\/p>\n\n\n\n<p class=\"wp-block-paragraph\"><strong>16.00\u201317.30<\/strong>&nbsp;Zwiedzanie muzeum z&nbsp;Krzysztofem Bukowskim \u015bladami jego ojca Edmunda \u2013 wi\u0119\u017ania Rakowieckiej, aresztowanego w&nbsp;ramach dzia\u0142a\u0144 przeciwko siatce Okr\u0119gu Wile\u0144skiego w&nbsp;Polsce.<br>(zapisy:&nbsp;<a href=\"mailto:zwiedzanie@muzeumrakowiecka37.pl\">zwiedzanie@muzeumrakowiecka37.pl<\/a>)<br><a href=\"https:\/\/rakowiecka37.pl\/poznaj-historie-rodziny-bukowskich\/\">Czytaj wi\u0119cej<\/a><\/p>\n\n\n\n<p class=\"wp-block-paragraph\"><strong>17:00\u201318:00<\/strong>&nbsp;Spektakl \u201eUlica Wolno\u015bci. Rzecz o&nbsp;\u0141ukaszu Ciepli\u0144skim\u201d w re\u017c. Leszka Zdunia<br>(limit miejsc wyczerpany, zapisy na&nbsp;list\u0119 rezerwow\u0105:&nbsp;<a href=\"mailto:pokaz@muzeumrakowiecka37.pl\">pokaz@muzeumrakowiecka37.pl<\/a>)<br><a href=\"https:\/\/rakowiecka37.pl\/wydarzenia\/spektakl-o-lukaszu-cieplinskim\/\">Czytaj wi\u0119cej<\/a><\/p>\n\n\n\n<p class=\"wp-block-paragraph\"><strong>18:30\u201319:30<\/strong>&nbsp;Msza \u015bwi\u0119ta w&nbsp;\u015bwietlicy muzeum (ul. Rakowiecka 37)<\/p>\n\n\n\n<p class=\"wp-block-paragraph\"><strong>20:00\u201320:30<\/strong>&nbsp;Spo\u0142eczne obchody w&nbsp;rocznic\u0119 \u015bmierci cz\u0142onk\u00f3w IV Zarz\u0105du G\u0142\u00f3wnego WiN przy&nbsp;\u015acianie \u015amierci<\/p>\n\n\n\n<h3 class=\"wp-block-heading\"><strong>4 marca 2026 (\u015broda)<\/strong><\/h3>\n\n\n\n<p class=\"wp-block-paragraph\"><strong>11:00<\/strong>&nbsp;\u201eGen wolno\u015bci \u2013 M\u0142odzie\u017c w walce z&nbsp;komun\u0105\u201d<br>Widowisko muzyczno-teatralne, w re\u017c. \u0141ukasza Mateckiego, o m\u0142odych Polakach, kt\u00f3rzy rzucili wyzwanie systemowi komunistycznemu (1945\u20131989); pokaz dla szk\u00f3\u0142 (bezp\u0142atne wej\u015bci\u00f3wki:&nbsp;<a href=\"mailto:edukacja@muzeumrakowiecka37.pl\">edukacja@muzeumrakowiecka37.pl<\/a>)<br><a href=\"https:\/\/rakowiecka37.pl\/gen-wolnosci-mlodziez-w-walce-z-komuna-zobacz-niezwykle-widowisko\/\">Czytaj wi\u0119cej<\/a><\/p>\n\n\n\n<p class=\"wp-block-paragraph\"><strong>18:00<\/strong>&nbsp;\u201eGen wolno\u015bci \u2013 M\u0142odzie\u017c w walce z&nbsp;komun\u0105\u201d<br>Widowisko muzyczno-teatralne, w re\u017c. \u0141ukasza Mateckiego, o m\u0142odych Polakach, kt\u00f3rzy rzucili wyzwanie systemowi komunistycznemu (1945\u20131989); (bezp\u0142atne wej\u015bci\u00f3wki:&nbsp;<a href=\"mailto:edukacja@muzeumrakowiecka37.pl\">edukacja@muzeumrakowiecka37.pl<\/a>)<br><a href=\"https:\/\/rakowiecka37.pl\/gen-wolnosci-mlodziez-w-walce-z-komuna-zobacz-niezwykle-widowisko\/\">Czytaj wi\u0119cej<\/a><\/p>\n\n\n\n<h3 class=\"wp-block-heading\"><strong>15 marca 2026 (niedziela)<\/strong><\/h3>\n\n\n\n<p class=\"wp-block-paragraph\"><strong>17:00<\/strong>&nbsp;Koncert \u201eNiez\u0142omni, Niepokonani, Wykl\u0119ci\u201d<br>Pie\u015bni wojskowe z&nbsp;okresu okupacji w&nbsp;wykonaniu Piotra Rafa\u0142ko (tenor) oraz zespo\u0142u (wiolonczela, skrzypce i&nbsp;fortepian) pod kierownictwem Janusza Powolnego. Wydarzeniu b\u0119dzie towarzyszy\u0107 wystawa portret\u00f3w \u017bo\u0142nierzy Wykl\u0119tych namalowanych przez Piotra Rafa\u0142ko.<\/p>\n\n\n\n<p class=\"wp-block-paragraph\"><strong>Organizator zastrzega sobie prawo do&nbsp;zmian w&nbsp;programie.<\/strong><\/p>\n\n\n\n<p class=\"wp-block-paragraph\">\u0179r\u00f3d\u0142o: <a href=\"https:\/\/rakowiecka37.pl\/wydarzenia\/poznaj-program-1-marca\/\">https:\/\/rakowiecka37.pl\/wydarzenia\/poznaj-program-1-marca\/<\/a><\/p>\n","protected":false},"excerpt":{"rendered":"<p>24 lutego 2026 (wtorek) Uroczysto\u015bci upami\u0119tniaj\u0105ce gen. Augusta Emila Fieldorfa \u201eNila\u201d w 73. rocznic\u0119 \u015bmierci 10:00&nbsp;Uroczysto\u015b\u0107 z\u0142o\u017cenia kwiat\u00f3w pod&nbsp;pomnikiem gen. Augusta Emila Fieldorfa \u201eNila\u201d u zbiegu ul. Fieldorfa z&nbsp;Wa\u0142em Miedzeszy\u0144skim 14:00&nbsp;Apel Pami\u0119ci i&nbsp;uroczyste z\u0142o\u017cenie kwiat\u00f3w w&nbsp;miejscu stracenia genera\u0142a Augusta Emila Fieldorfa \u201eNila\u201d na ul. Rakowieckiej 37(potwierdzenia:&nbsp;potwierdzenia@muzeumrakowiecka37.pl) 15:00&nbsp;Msza \u015bwi\u0119ta w&nbsp;\u015bwietlicy muzeum (ul. Rakowiecka 37)Czytaj wi\u0119cej 28 [&hellip;]<\/p>\n","protected":false},"author":1,"featured_media":325,"comment_status":"closed","ping_status":"open","sticky":false,"template":"","format":"standard","meta":{"give_campaign_id":0,"footnotes":""},"categories":[22],"tags":[],"class_list":["post-323","post","type-post","status-publish","format-standard","has-post-thumbnail","hentry","category-aktualnosci"],"yoast_head":"<!-- This site is optimized with the Yoast SEO plugin v28.4 - https:\/\/yoast.com\/product\/yoast-seo-wordpress\/ -->\n<title>Program obchod\u00f3w Narodowego Dnia Pami\u0119ci \u017bo\u0142nierzy Wykl\u0119tych - Antykomunistyczni.pl<\/title>\n<meta name=\"robots\" content=\"index, follow, max-snippet:-1, max-image-preview:large, max-video-preview:-1\" \/>\n<link rel=\"canonical\" href=\"https:\/\/antykomunistyczni.pl\/index.php\/program-obchodow-narodowego-dnia-pamieci-zolnierzy-wykletych\/\" \/>\n<meta property=\"og:locale\" content=\"pl_PL\" \/>\n<meta property=\"og:type\" content=\"article\" \/>\n<meta property=\"og:title\" content=\"Program obchod\u00f3w Narodowego Dnia Pami\u0119ci \u017bo\u0142nierzy Wykl\u0119tych - Antykomunistyczni.pl\" \/>\n<meta property=\"og:description\" content=\"24 lutego 2026 (wtorek) Uroczysto\u015bci upami\u0119tniaj\u0105ce gen. Augusta Emila Fieldorfa \u201eNila\u201d w 73. rocznic\u0119 \u015bmierci 10:00&nbsp;Uroczysto\u015b\u0107 z\u0142o\u017cenia kwiat\u00f3w pod&nbsp;pomnikiem gen. Augusta Emila Fieldorfa \u201eNila\u201d u zbiegu ul. Fieldorfa z&nbsp;Wa\u0142em Miedzeszy\u0144skim 14:00&nbsp;Apel Pami\u0119ci i&nbsp;uroczyste z\u0142o\u017cenie kwiat\u00f3w w&nbsp;miejscu stracenia genera\u0142a Augusta Emila Fieldorfa \u201eNila\u201d na ul. Rakowieckiej 37(potwierdzenia:&nbsp;potwierdzenia@muzeumrakowiecka37.pl) 15:00&nbsp;Msza \u015bwi\u0119ta w&nbsp;\u015bwietlicy muzeum (ul. Rakowiecka 37)Czytaj wi\u0119cej 28 [&hellip;]\" \/>\n<meta property=\"og:url\" content=\"https:\/\/antykomunistyczni.pl\/index.php\/program-obchodow-narodowego-dnia-pamieci-zolnierzy-wykletych\/\" \/>\n<meta property=\"og:site_name\" content=\"Antykomunistyczni.pl\" \/>\n<meta property=\"article:publisher\" content=\"https:\/\/www.facebook.com\/antykomunistyczni\/\" \/>\n<meta property=\"article:published_time\" content=\"2026-02-28T10:05:06+00:00\" \/>\n<meta property=\"article:modified_time\" content=\"2026-02-28T17:49:44+00:00\" \/>\n<meta property=\"og:image\" content=\"https:\/\/antykomunistyczni.pl\/wp-content\/uploads\/2026\/02\/wykleci_na_baner.webp\" \/>\n\t<meta property=\"og:image:width\" content=\"1200\" \/>\n\t<meta property=\"og:image:height\" content=\"628\" \/>\n\t<meta property=\"og:image:type\" content=\"image\/webp\" \/>\n<meta name=\"author\" content=\"Antykomunistyczni\" \/>\n<meta name=\"twitter:card\" content=\"summary_large_image\" \/>\n<meta name=\"twitter:creator\" content=\"@anty_komunisci\" \/>\n<meta name=\"twitter:site\" content=\"@anty_komunisci\" \/>\n<meta name=\"twitter:label1\" content=\"Napisane przez\" \/>\n\t<meta name=\"twitter:data1\" content=\"Antykomunistyczni\" \/>\n\t<meta name=\"twitter:label2\" content=\"Szacowany czas czytania\" \/>\n\t<meta name=\"twitter:data2\" content=\"3 minuty\" \/>\n<script type=\"application\/ld+json\" class=\"yoast-schema-graph\">{\"@context\":\"https:\\\/\\\/schema.org\",\"@graph\":[{\"@type\":\"Article\",\"@id\":\"https:\\\/\\\/antykomunistyczni.pl\\\/index.php\\\/program-obchodow-narodowego-dnia-pamieci-zolnierzy-wykletych\\\/#article\",\"isPartOf\":{\"@id\":\"https:\\\/\\\/antykomunistyczni.pl\\\/index.php\\\/program-obchodow-narodowego-dnia-pamieci-zolnierzy-wykletych\\\/\"},\"author\":{\"name\":\"Antykomunistyczni\",\"@id\":\"https:\\\/\\\/antykomunistyczni.pl\\\/#\\\/schema\\\/person\\\/4963e693e8006b94062d91d1295d02a0\"},\"headline\":\"Program obchod\u00f3w Narodowego Dnia Pami\u0119ci \u017bo\u0142nierzy Wykl\u0119tych\",\"datePublished\":\"2026-02-28T10:05:06+00:00\",\"dateModified\":\"2026-02-28T17:49:44+00:00\",\"mainEntityOfPage\":{\"@id\":\"https:\\\/\\\/antykomunistyczni.pl\\\/index.php\\\/program-obchodow-narodowego-dnia-pamieci-zolnierzy-wykletych\\\/\"},\"wordCount\":647,\"publisher\":{\"@id\":\"https:\\\/\\\/antykomunistyczni.pl\\\/#organization\"},\"image\":{\"@id\":\"https:\\\/\\\/antykomunistyczni.pl\\\/index.php\\\/program-obchodow-narodowego-dnia-pamieci-zolnierzy-wykletych\\\/#primaryimage\"},\"thumbnailUrl\":\"https:\\\/\\\/antykomunistyczni.pl\\\/wp-content\\\/uploads\\\/2026\\\/02\\\/wykleci_na_baner.webp\",\"articleSection\":[\"Aktualno\u015bci\"],\"inLanguage\":\"pl-PL\"},{\"@type\":\"WebPage\",\"@id\":\"https:\\\/\\\/antykomunistyczni.pl\\\/index.php\\\/program-obchodow-narodowego-dnia-pamieci-zolnierzy-wykletych\\\/\",\"url\":\"https:\\\/\\\/antykomunistyczni.pl\\\/index.php\\\/program-obchodow-narodowego-dnia-pamieci-zolnierzy-wykletych\\\/\",\"name\":\"Program obchod\u00f3w Narodowego Dnia Pami\u0119ci \u017bo\u0142nierzy Wykl\u0119tych - Antykomunistyczni.pl\",\"isPartOf\":{\"@id\":\"https:\\\/\\\/antykomunistyczni.pl\\\/#website\"},\"primaryImageOfPage\":{\"@id\":\"https:\\\/\\\/antykomunistyczni.pl\\\/index.php\\\/program-obchodow-narodowego-dnia-pamieci-zolnierzy-wykletych\\\/#primaryimage\"},\"image\":{\"@id\":\"https:\\\/\\\/antykomunistyczni.pl\\\/index.php\\\/program-obchodow-narodowego-dnia-pamieci-zolnierzy-wykletych\\\/#primaryimage\"},\"thumbnailUrl\":\"https:\\\/\\\/antykomunistyczni.pl\\\/wp-content\\\/uploads\\\/2026\\\/02\\\/wykleci_na_baner.webp\",\"datePublished\":\"2026-02-28T10:05:06+00:00\",\"dateModified\":\"2026-02-28T17:49:44+00:00\",\"breadcrumb\":{\"@id\":\"https:\\\/\\\/antykomunistyczni.pl\\\/index.php\\\/program-obchodow-narodowego-dnia-pamieci-zolnierzy-wykletych\\\/#breadcrumb\"},\"inLanguage\":\"pl-PL\",\"potentialAction\":[{\"@type\":\"ReadAction\",\"target\":[\"https:\\\/\\\/antykomunistyczni.pl\\\/index.php\\\/program-obchodow-narodowego-dnia-pamieci-zolnierzy-wykletych\\\/\"]}]},{\"@type\":\"ImageObject\",\"inLanguage\":\"pl-PL\",\"@id\":\"https:\\\/\\\/antykomunistyczni.pl\\\/index.php\\\/program-obchodow-narodowego-dnia-pamieci-zolnierzy-wykletych\\\/#primaryimage\",\"url\":\"https:\\\/\\\/antykomunistyczni.pl\\\/wp-content\\\/uploads\\\/2026\\\/02\\\/wykleci_na_baner.webp\",\"contentUrl\":\"https:\\\/\\\/antykomunistyczni.pl\\\/wp-content\\\/uploads\\\/2026\\\/02\\\/wykleci_na_baner.webp\",\"width\":1200,\"height\":628},{\"@type\":\"BreadcrumbList\",\"@id\":\"https:\\\/\\\/antykomunistyczni.pl\\\/index.php\\\/program-obchodow-narodowego-dnia-pamieci-zolnierzy-wykletych\\\/#breadcrumb\",\"itemListElement\":[{\"@type\":\"ListItem\",\"position\":1,\"name\":\"Strona g\u0142\u00f3wna\",\"item\":\"https:\\\/\\\/antykomunistyczni.pl\\\/\"},{\"@type\":\"ListItem\",\"position\":2,\"name\":\"Program obchod\u00f3w Narodowego Dnia Pami\u0119ci \u017bo\u0142nierzy Wykl\u0119tych\"}]},{\"@type\":\"WebSite\",\"@id\":\"https:\\\/\\\/antykomunistyczni.pl\\\/#website\",\"url\":\"https:\\\/\\\/antykomunistyczni.pl\\\/\",\"name\":\"Antykomunistyczni.pl\",\"description\":\"\",\"publisher\":{\"@id\":\"https:\\\/\\\/antykomunistyczni.pl\\\/#organization\"},\"alternateName\":\"Historia PRL, zbrodnie komunistyczne w Polsce i na \u015bwiecie\",\"potentialAction\":[{\"@type\":\"SearchAction\",\"target\":{\"@type\":\"EntryPoint\",\"urlTemplate\":\"https:\\\/\\\/antykomunistyczni.pl\\\/?s={search_term_string}\"},\"query-input\":{\"@type\":\"PropertyValueSpecification\",\"valueRequired\":true,\"valueName\":\"search_term_string\"}}],\"inLanguage\":\"pl-PL\"},{\"@type\":\"Organization\",\"@id\":\"https:\\\/\\\/antykomunistyczni.pl\\\/#organization\",\"name\":\"Antykomunistyczni.pl\",\"url\":\"https:\\\/\\\/antykomunistyczni.pl\\\/\",\"logo\":{\"@type\":\"ImageObject\",\"inLanguage\":\"pl-PL\",\"@id\":\"https:\\\/\\\/antykomunistyczni.pl\\\/#\\\/schema\\\/logo\\\/image\\\/\",\"url\":\"https:\\\/\\\/antykomunistyczni.pl\\\/wp-content\\\/uploads\\\/2026\\\/02\\\/cropped-AntykomunistyczniLogoSquare150x150-2.png\",\"contentUrl\":\"https:\\\/\\\/antykomunistyczni.pl\\\/wp-content\\\/uploads\\\/2026\\\/02\\\/cropped-AntykomunistyczniLogoSquare150x150-2.png\",\"width\":150,\"height\":150,\"caption\":\"Antykomunistyczni.pl\"},\"image\":{\"@id\":\"https:\\\/\\\/antykomunistyczni.pl\\\/#\\\/schema\\\/logo\\\/image\\\/\"},\"sameAs\":[\"https:\\\/\\\/www.facebook.com\\\/antykomunistyczni\\\/\",\"https:\\\/\\\/x.com\\\/anty_komunisci\"]},{\"@type\":\"Person\",\"@id\":\"https:\\\/\\\/antykomunistyczni.pl\\\/#\\\/schema\\\/person\\\/4963e693e8006b94062d91d1295d02a0\",\"name\":\"Antykomunistyczni\",\"image\":{\"@type\":\"ImageObject\",\"inLanguage\":\"pl-PL\",\"@id\":\"https:\\\/\\\/secure.gravatar.com\\\/avatar\\\/ff172875f9ced7887f883245268c1ba638c26cf1e0530f7f61b4705963a6730b?s=96&d=mm&r=g\",\"url\":\"https:\\\/\\\/secure.gravatar.com\\\/avatar\\\/ff172875f9ced7887f883245268c1ba638c26cf1e0530f7f61b4705963a6730b?s=96&d=mm&r=g\",\"contentUrl\":\"https:\\\/\\\/secure.gravatar.com\\\/avatar\\\/ff172875f9ced7887f883245268c1ba638c26cf1e0530f7f61b4705963a6730b?s=96&d=mm&r=g\",\"caption\":\"Antykomunistyczni\"},\"sameAs\":[\"http:\\\/\\\/antykomunistyczni.pl\"],\"url\":\"https:\\\/\\\/antykomunistyczni.pl\\\/index.php\\\/author\\\/admin0\\\/\"}]}<\/script>\n<!-- \/ Yoast SEO plugin. -->","yoast_head_json":{"title":"Program obchod\u00f3w Narodowego Dnia Pami\u0119ci \u017bo\u0142nierzy Wykl\u0119tych - Antykomunistyczni.pl","robots":{"index":"index","follow":"follow","max-snippet":"max-snippet:-1","max-image-preview":"max-image-preview:large","max-video-preview":"max-video-preview:-1"},"canonical":"https:\/\/antykomunistyczni.pl\/index.php\/program-obchodow-narodowego-dnia-pamieci-zolnierzy-wykletych\/","og_locale":"pl_PL","og_type":"article","og_title":"Program obchod\u00f3w Narodowego Dnia Pami\u0119ci \u017bo\u0142nierzy Wykl\u0119tych - Antykomunistyczni.pl","og_description":"24 lutego 2026 (wtorek) Uroczysto\u015bci upami\u0119tniaj\u0105ce gen. Augusta Emila Fieldorfa \u201eNila\u201d w 73. rocznic\u0119 \u015bmierci 10:00&nbsp;Uroczysto\u015b\u0107 z\u0142o\u017cenia kwiat\u00f3w pod&nbsp;pomnikiem gen. Augusta Emila Fieldorfa \u201eNila\u201d u zbiegu ul. Fieldorfa z&nbsp;Wa\u0142em Miedzeszy\u0144skim 14:00&nbsp;Apel Pami\u0119ci i&nbsp;uroczyste z\u0142o\u017cenie kwiat\u00f3w w&nbsp;miejscu stracenia genera\u0142a Augusta Emila Fieldorfa \u201eNila\u201d na ul. Rakowieckiej 37(potwierdzenia:&nbsp;potwierdzenia@muzeumrakowiecka37.pl) 15:00&nbsp;Msza \u015bwi\u0119ta w&nbsp;\u015bwietlicy muzeum (ul. Rakowiecka 37)Czytaj wi\u0119cej 28 [&hellip;]","og_url":"https:\/\/antykomunistyczni.pl\/index.php\/program-obchodow-narodowego-dnia-pamieci-zolnierzy-wykletych\/","og_site_name":"Antykomunistyczni.pl","article_publisher":"https:\/\/www.facebook.com\/antykomunistyczni\/","article_published_time":"2026-02-28T10:05:06+00:00","article_modified_time":"2026-02-28T17:49:44+00:00","og_image":[{"width":1200,"height":628,"url":"https:\/\/antykomunistyczni.pl\/wp-content\/uploads\/2026\/02\/wykleci_na_baner.webp","type":"image\/webp"}],"author":"Antykomunistyczni","twitter_card":"summary_large_image","twitter_creator":"@anty_komunisci","twitter_site":"@anty_komunisci","twitter_misc":{"Napisane przez":"Antykomunistyczni","Szacowany czas czytania":"3 minuty"},"schema":{"@context":"https:\/\/schema.org","@graph":[{"@type":"Article","@id":"https:\/\/antykomunistyczni.pl\/index.php\/program-obchodow-narodowego-dnia-pamieci-zolnierzy-wykletych\/#article","isPartOf":{"@id":"https:\/\/antykomunistyczni.pl\/index.php\/program-obchodow-narodowego-dnia-pamieci-zolnierzy-wykletych\/"},"author":{"name":"Antykomunistyczni","@id":"https:\/\/antykomunistyczni.pl\/#\/schema\/person\/4963e693e8006b94062d91d1295d02a0"},"headline":"Program obchod\u00f3w Narodowego Dnia Pami\u0119ci \u017bo\u0142nierzy Wykl\u0119tych","datePublished":"2026-02-28T10:05:06+00:00","dateModified":"2026-02-28T17:49:44+00:00","mainEntityOfPage":{"@id":"https:\/\/antykomunistyczni.pl\/index.php\/program-obchodow-narodowego-dnia-pamieci-zolnierzy-wykletych\/"},"wordCount":647,"publisher":{"@id":"https:\/\/antykomunistyczni.pl\/#organization"},"image":{"@id":"https:\/\/antykomunistyczni.pl\/index.php\/program-obchodow-narodowego-dnia-pamieci-zolnierzy-wykletych\/#primaryimage"},"thumbnailUrl":"https:\/\/antykomunistyczni.pl\/wp-content\/uploads\/2026\/02\/wykleci_na_baner.webp","articleSection":["Aktualno\u015bci"],"inLanguage":"pl-PL"},{"@type":"WebPage","@id":"https:\/\/antykomunistyczni.pl\/index.php\/program-obchodow-narodowego-dnia-pamieci-zolnierzy-wykletych\/","url":"https:\/\/antykomunistyczni.pl\/index.php\/program-obchodow-narodowego-dnia-pamieci-zolnierzy-wykletych\/","name":"Program obchod\u00f3w Narodowego Dnia Pami\u0119ci \u017bo\u0142nierzy Wykl\u0119tych - Antykomunistyczni.pl","isPartOf":{"@id":"https:\/\/antykomunistyczni.pl\/#website"},"primaryImageOfPage":{"@id":"https:\/\/antykomunistyczni.pl\/index.php\/program-obchodow-narodowego-dnia-pamieci-zolnierzy-wykletych\/#primaryimage"},"image":{"@id":"https:\/\/antykomunistyczni.pl\/index.php\/program-obchodow-narodowego-dnia-pamieci-zolnierzy-wykletych\/#primaryimage"},"thumbnailUrl":"https:\/\/antykomunistyczni.pl\/wp-content\/uploads\/2026\/02\/wykleci_na_baner.webp","datePublished":"2026-02-28T10:05:06+00:00","dateModified":"2026-02-28T17:49:44+00:00","breadcrumb":{"@id":"https:\/\/antykomunistyczni.pl\/index.php\/program-obchodow-narodowego-dnia-pamieci-zolnierzy-wykletych\/#breadcrumb"},"inLanguage":"pl-PL","potentialAction":[{"@type":"ReadAction","target":["https:\/\/antykomunistyczni.pl\/index.php\/program-obchodow-narodowego-dnia-pamieci-zolnierzy-wykletych\/"]}]},{"@type":"ImageObject","inLanguage":"pl-PL","@id":"https:\/\/antykomunistyczni.pl\/index.php\/program-obchodow-narodowego-dnia-pamieci-zolnierzy-wykletych\/#primaryimage","url":"https:\/\/antykomunistyczni.pl\/wp-content\/uploads\/2026\/02\/wykleci_na_baner.webp","contentUrl":"https:\/\/antykomunistyczni.pl\/wp-content\/uploads\/2026\/02\/wykleci_na_baner.webp","width":1200,"height":628},{"@type":"BreadcrumbList","@id":"https:\/\/antykomunistyczni.pl\/index.php\/program-obchodow-narodowego-dnia-pamieci-zolnierzy-wykletych\/#breadcrumb","itemListElement":[{"@type":"ListItem","position":1,"name":"Strona g\u0142\u00f3wna","item":"https:\/\/antykomunistyczni.pl\/"},{"@type":"ListItem","position":2,"name":"Program obchod\u00f3w Narodowego Dnia Pami\u0119ci \u017bo\u0142nierzy Wykl\u0119tych"}]},{"@type":"WebSite","@id":"https:\/\/antykomunistyczni.pl\/#website","url":"https:\/\/antykomunistyczni.pl\/","name":"Antykomunistyczni.pl","description":"","publisher":{"@id":"https:\/\/antykomunistyczni.pl\/#organization"},"alternateName":"Historia PRL, zbrodnie komunistyczne w Polsce i na \u015bwiecie","potentialAction":[{"@type":"SearchAction","target":{"@type":"EntryPoint","urlTemplate":"https:\/\/antykomunistyczni.pl\/?s={search_term_string}"},"query-input":{"@type":"PropertyValueSpecification","valueRequired":true,"valueName":"search_term_string"}}],"inLanguage":"pl-PL"},{"@type":"Organization","@id":"https:\/\/antykomunistyczni.pl\/#organization","name":"Antykomunistyczni.pl","url":"https:\/\/antykomunistyczni.pl\/","logo":{"@type":"ImageObject","inLanguage":"pl-PL","@id":"https:\/\/antykomunistyczni.pl\/#\/schema\/logo\/image\/","url":"https:\/\/antykomunistyczni.pl\/wp-content\/uploads\/2026\/02\/cropped-AntykomunistyczniLogoSquare150x150-2.png","contentUrl":"https:\/\/antykomunistyczni.pl\/wp-content\/uploads\/2026\/02\/cropped-AntykomunistyczniLogoSquare150x150-2.png","width":150,"height":150,"caption":"Antykomunistyczni.pl"},"image":{"@id":"https:\/\/antykomunistyczni.pl\/#\/schema\/logo\/image\/"},"sameAs":["https:\/\/www.facebook.com\/antykomunistyczni\/","https:\/\/x.com\/anty_komunisci"]},{"@type":"Person","@id":"https:\/\/antykomunistyczni.pl\/#\/schema\/person\/4963e693e8006b94062d91d1295d02a0","name":"Antykomunistyczni","image":{"@type":"ImageObject","inLanguage":"pl-PL","@id":"https:\/\/secure.gravatar.com\/avatar\/ff172875f9ced7887f883245268c1ba638c26cf1e0530f7f61b4705963a6730b?s=96&d=mm&r=g","url":"https:\/\/secure.gravatar.com\/avatar\/ff172875f9ced7887f883245268c1ba638c26cf1e0530f7f61b4705963a6730b?s=96&d=mm&r=g","contentUrl":"https:\/\/secure.gravatar.com\/avatar\/ff172875f9ced7887f883245268c1ba638c26cf1e0530f7f61b4705963a6730b?s=96&d=mm&r=g","caption":"Antykomunistyczni"},"sameAs":["http:\/\/antykomunistyczni.pl"],"url":"https:\/\/antykomunistyczni.pl\/index.php\/author\/admin0\/"}]}},"_links":{"self":[{"href":"https:\/\/antykomunistyczni.pl\/index.php\/wp-json\/wp\/v2\/posts\/323","targetHints":{"allow":["GET"]}}],"collection":[{"href":"https:\/\/antykomunistyczni.pl\/index.php\/wp-json\/wp\/v2\/posts"}],"about":[{"href":"https:\/\/antykomunistyczni.pl\/index.php\/wp-json\/wp\/v2\/types\/post"}],"author":[{"embeddable":true,"href":"https:\/\/antykomunistyczni.pl\/index.php\/wp-json\/wp\/v2\/users\/1"}],"replies":[{"embeddable":true,"href":"https:\/\/antykomunistyczni.pl\/index.php\/wp-json\/wp\/v2\/comments?post=323"}],"version-history":[{"count":1,"href":"https:\/\/antykomunistyczni.pl\/index.php\/wp-json\/wp\/v2\/posts\/323\/revisions"}],"predecessor-version":[{"id":324,"href":"https:\/\/antykomunistyczni.pl\/index.php\/wp-json\/wp\/v2\/posts\/323\/revisions\/324"}],"wp:featuredmedia":[{"embeddable":true,"href":"https:\/\/antykomunistyczni.pl\/index.php\/wp-json\/wp\/v2\/media\/325"}],"wp:attachment":[{"href":"https:\/\/antykomunistyczni.pl\/index.php\/wp-json\/wp\/v2\/media?parent=323"}],"wp:term":[{"taxonomy":"category","embeddable":true,"href":"https:\/\/antykomunistyczni.pl\/index.php\/wp-json\/wp\/v2\/categories?post=323"},{"taxonomy":"post_tag","embeddable":true,"href":"https:\/\/antykomunistyczni.pl\/index.php\/wp-json\/wp\/v2\/tags?post=323"}],"curies":[{"name":"wp","href":"https:\/\/api.w.org\/{rel}","templated":true}]}}