{"id":326,"date":"2026-02-28T11:10:29","date_gmt":"2026-02-28T10:10:29","guid":{"rendered":"https:\/\/antykomunistyczni.pl\/?p=326"},"modified":"2026-02-28T18:49:44","modified_gmt":"2026-02-28T17:49:44","slug":"niezlomni-niezapomniani-2026","status":"publish","type":"post","link":"https:\/\/antykomunistyczni.pl\/index.php\/niezlomni-niezapomniani-2026\/","title":{"rendered":"\u00a0NIEZ\u0141OMNI NIEZAPOMNIANI 2026"},"content":{"rendered":"\n<figure class=\"wp-block-image\"><img decoding=\"async\" src=\"https:\/\/static.xx.fbcdn.net\/images\/emoji.php\/v9\/t3f\/2\/16\/1f1f5_1f1f1.png\" alt=\"\ud83c\uddf5\ud83c\uddf1\"\/><\/figure>\n\n\n\n<p class=\"wp-block-paragraph\">&nbsp;NIEZ\u0141OMNI NIEZAPOMNIANI 2026<\/p>\n\n\n\n<p class=\"wp-block-paragraph\">4 marca 2026 roku zapraszamy Pa\u0144stwa na muzyczno-teatralne widowisko o m\u0142odych Polakach, kt\u00f3rzy rzucili wyzwanie komunistycznemu systemowi (1945\u20131989).<\/p>\n\n\n\n<figure class=\"wp-block-image\"><img decoding=\"async\" src=\"https:\/\/static.xx.fbcdn.net\/images\/emoji.php\/v9\/t1d\/2\/16\/1f3a4.png\" alt=\"\ud83c\udfa4\"\/><\/figure>\n\n\n\n<p class=\"wp-block-paragraph\">\u201eGen Wolno\u015bci-M\u0142odzie\u017c w walce z komun\u0105\u201d to 60-minutowe widowisko w re\u017cyserii \u0141ukasza Mateckiego, w kt\u00f3rym historia o\u017cywa w bardzo wsp\u00f3\u0142czesnym, energetycznym wydaniu. Us\u0142yszycie kultowe pie\u015bni buntu w \u015bwie\u017cych aran\u017cacjach (od \u201eNasz polski lesie\u201d, przez pie\u015bni las\u00f3w \u017bo\u0142nierzy Wykl\u0119tych, po \u201eBallad\u0119 o Janku Wi\u015bniewskim\u201d), przeplatane dialogami pe\u0142nymi l\u0119ku, w\u0105tpliwo\u015bci, nadziei i odwagi. W warstwie literackiej: inspiracje postawami m\u0142odych dysydent\u00f3w plus echa nie\u015bmiertelnej poezji Adama Mickiewicza (\u201eDziady\u201d).<\/p>\n\n\n\n<p class=\"wp-block-paragraph\">Termin i godziny wydarzenia:<\/p>\n\n\n\n<p class=\"wp-block-paragraph\">4 marca 2026:<\/p>\n\n\n\n<figure class=\"wp-block-image\"><img decoding=\"async\" src=\"https:\/\/static.xx.fbcdn.net\/images\/emoji.php\/v9\/t92\/2\/16\/1f539.png\" alt=\"\ud83d\udd39\"\/><\/figure>\n\n\n\n<p class=\"wp-block-paragraph\">11:00 &#8211; \u201eGen wolno\u015bci \u2013 M\u0142odzie\u017c w walce z komun\u0105\u201d (pokaz tylko dla szk\u00f3\u0142)<\/p>\n\n\n\n<figure class=\"wp-block-image\"><img decoding=\"async\" src=\"https:\/\/static.xx.fbcdn.net\/images\/emoji.php\/v9\/t92\/2\/16\/1f539.png\" alt=\"\ud83d\udd39\"\/><\/figure>\n\n\n\n<p class=\"wp-block-paragraph\">18:00 &#8211; \u201eGen wolno\u015bci \u2013 M\u0142odzie\u017c w walce z komun\u0105\u201d<\/p>\n\n\n\n<figure class=\"wp-block-image\"><img decoding=\"async\" src=\"https:\/\/static.xx.fbcdn.net\/images\/emoji.php\/v9\/td1\/2\/16\/2757.png\" alt=\"\u2757\"\/><\/figure>\n\n\n\n<p class=\"wp-block-paragraph\">Na wydarzenie obowi\u0105zuj\u0105 zapisy na adres: edukacja@muzeumrakowiecka37.pl<\/p>\n\n\n\n<figure class=\"wp-block-image\"><img decoding=\"async\" src=\"https:\/\/static.xx.fbcdn.net\/images\/emoji.php\/v9\/t3f\/2\/16\/1f1f5_1f1f1.png\" alt=\"\ud83c\uddf5\ud83c\uddf1\"\/><\/figure>\n\n\n\n<p class=\"wp-block-paragraph\">&nbsp;Wydarzenie obj\u0119te jest Patronatem Honorowym Prezydenta Rzeczypospolitej Polskiej Karola Nawrockiego.<\/p>\n\n\n\n<figure class=\"wp-block-image\"><img decoding=\"async\" src=\"https:\/\/static.xx.fbcdn.net\/images\/emoji.php\/v9\/t92\/2\/16\/1f539.png\" alt=\"\ud83d\udd39\"\/><\/figure>\n\n\n\n<p class=\"wp-block-paragraph\">Organizatorzy: Muzeum \u017bo\u0142nierzy Wykl\u0119tych i Wi\u0119\u017ani\u00f3w Politycznych PRL | Instytut Pami\u0119ci Narodowej; Fundacja &#8222;Skrzyd\u0142a Sztuki&#8221;<\/p>\n\n\n\n<figure class=\"wp-block-image\"><img decoding=\"async\" src=\"https:\/\/static.xx.fbcdn.net\/images\/emoji.php\/v9\/t92\/2\/16\/1f539.png\" alt=\"\ud83d\udd39\"\/><\/figure>\n\n\n\n<p class=\"wp-block-paragraph\">Patroni medialni: Radio Warszawa ; Telewizja Republika; Radio Wnet<\/p>\n","protected":false},"excerpt":{"rendered":"<p>&nbsp;NIEZ\u0141OMNI NIEZAPOMNIANI 2026 4 marca 2026 roku zapraszamy Pa\u0144stwa na muzyczno-teatralne widowisko o m\u0142odych Polakach, kt\u00f3rzy rzucili wyzwanie komunistycznemu systemowi (1945\u20131989). \u201eGen Wolno\u015bci-M\u0142odzie\u017c w walce z komun\u0105\u201d to 60-minutowe widowisko w re\u017cyserii \u0141ukasza Mateckiego, w kt\u00f3rym historia o\u017cywa w bardzo wsp\u00f3\u0142czesnym, energetycznym wydaniu. Us\u0142yszycie kultowe pie\u015bni buntu w \u015bwie\u017cych aran\u017cacjach (od \u201eNasz polski lesie\u201d, przez [&hellip;]<\/p>\n","protected":false},"author":1,"featured_media":327,"comment_status":"closed","ping_status":"open","sticky":false,"template":"","format":"standard","meta":{"give_campaign_id":0,"footnotes":""},"categories":[22],"tags":[],"class_list":["post-326","post","type-post","status-publish","format-standard","has-post-thumbnail","hentry","category-aktualnosci"],"yoast_head":"<!-- This site is optimized with the Yoast SEO plugin v28.4 - https:\/\/yoast.com\/product\/yoast-seo-wordpress\/ -->\n<title>\u00a0NIEZ\u0141OMNI NIEZAPOMNIANI 2026 - Antykomunistyczni.pl<\/title>\n<meta name=\"robots\" content=\"index, follow, max-snippet:-1, max-image-preview:large, max-video-preview:-1\" \/>\n<link rel=\"canonical\" href=\"https:\/\/antykomunistyczni.pl\/index.php\/niezlomni-niezapomniani-2026\/\" \/>\n<meta property=\"og:locale\" content=\"pl_PL\" \/>\n<meta property=\"og:type\" content=\"article\" \/>\n<meta property=\"og:title\" content=\"\u00a0NIEZ\u0141OMNI NIEZAPOMNIANI 2026 - Antykomunistyczni.pl\" \/>\n<meta property=\"og:description\" content=\"&nbsp;NIEZ\u0141OMNI NIEZAPOMNIANI 2026 4 marca 2026 roku zapraszamy Pa\u0144stwa na muzyczno-teatralne widowisko o m\u0142odych Polakach, kt\u00f3rzy rzucili wyzwanie komunistycznemu systemowi (1945\u20131989). \u201eGen Wolno\u015bci-M\u0142odzie\u017c w walce z komun\u0105\u201d to 60-minutowe widowisko w re\u017cyserii \u0141ukasza Mateckiego, w kt\u00f3rym historia o\u017cywa w bardzo wsp\u00f3\u0142czesnym, energetycznym wydaniu. Us\u0142yszycie kultowe pie\u015bni buntu w \u015bwie\u017cych aran\u017cacjach (od \u201eNasz polski lesie\u201d, przez [&hellip;]\" \/>\n<meta property=\"og:url\" content=\"https:\/\/antykomunistyczni.pl\/index.php\/niezlomni-niezapomniani-2026\/\" \/>\n<meta property=\"og:site_name\" content=\"Antykomunistyczni.pl\" \/>\n<meta property=\"article:publisher\" content=\"https:\/\/www.facebook.com\/antykomunistyczni\/\" \/>\n<meta property=\"article:published_time\" content=\"2026-02-28T10:10:29+00:00\" \/>\n<meta property=\"article:modified_time\" content=\"2026-02-28T17:49:44+00:00\" \/>\n<meta property=\"og:image\" content=\"https:\/\/antykomunistyczni.pl\/wp-content\/uploads\/2026\/02\/MlodziezWWalceZKomuna.jpg\" \/>\n\t<meta property=\"og:image:width\" content=\"1638\" \/>\n\t<meta property=\"og:image:height\" content=\"2048\" \/>\n\t<meta property=\"og:image:type\" content=\"image\/jpeg\" \/>\n<meta name=\"author\" content=\"Antykomunistyczni\" \/>\n<meta name=\"twitter:card\" content=\"summary_large_image\" \/>\n<meta name=\"twitter:creator\" content=\"@anty_komunisci\" \/>\n<meta name=\"twitter:site\" content=\"@anty_komunisci\" \/>\n<meta name=\"twitter:label1\" content=\"Napisane przez\" \/>\n\t<meta name=\"twitter:data1\" content=\"Antykomunistyczni\" \/>\n\t<meta name=\"twitter:label2\" content=\"Szacowany czas czytania\" \/>\n\t<meta name=\"twitter:data2\" content=\"1 minuta\" \/>\n<script type=\"application\/ld+json\" class=\"yoast-schema-graph\">{\"@context\":\"https:\\\/\\\/schema.org\",\"@graph\":[{\"@type\":\"Article\",\"@id\":\"https:\\\/\\\/antykomunistyczni.pl\\\/index.php\\\/niezlomni-niezapomniani-2026\\\/#article\",\"isPartOf\":{\"@id\":\"https:\\\/\\\/antykomunistyczni.pl\\\/index.php\\\/niezlomni-niezapomniani-2026\\\/\"},\"author\":{\"name\":\"Antykomunistyczni\",\"@id\":\"https:\\\/\\\/antykomunistyczni.pl\\\/#\\\/schema\\\/person\\\/4963e693e8006b94062d91d1295d02a0\"},\"headline\":\"\u00a0NIEZ\u0141OMNI NIEZAPOMNIANI 2026\",\"datePublished\":\"2026-02-28T10:10:29+00:00\",\"dateModified\":\"2026-02-28T17:49:44+00:00\",\"mainEntityOfPage\":{\"@id\":\"https:\\\/\\\/antykomunistyczni.pl\\\/index.php\\\/niezlomni-niezapomniani-2026\\\/\"},\"wordCount\":191,\"publisher\":{\"@id\":\"https:\\\/\\\/antykomunistyczni.pl\\\/#organization\"},\"image\":{\"@id\":\"https:\\\/\\\/antykomunistyczni.pl\\\/index.php\\\/niezlomni-niezapomniani-2026\\\/#primaryimage\"},\"thumbnailUrl\":\"https:\\\/\\\/antykomunistyczni.pl\\\/wp-content\\\/uploads\\\/2026\\\/02\\\/MlodziezWWalceZKomuna.jpg\",\"articleSection\":[\"Aktualno\u015bci\"],\"inLanguage\":\"pl-PL\"},{\"@type\":\"WebPage\",\"@id\":\"https:\\\/\\\/antykomunistyczni.pl\\\/index.php\\\/niezlomni-niezapomniani-2026\\\/\",\"url\":\"https:\\\/\\\/antykomunistyczni.pl\\\/index.php\\\/niezlomni-niezapomniani-2026\\\/\",\"name\":\"\u00a0NIEZ\u0141OMNI NIEZAPOMNIANI 2026 - Antykomunistyczni.pl\",\"isPartOf\":{\"@id\":\"https:\\\/\\\/antykomunistyczni.pl\\\/#website\"},\"primaryImageOfPage\":{\"@id\":\"https:\\\/\\\/antykomunistyczni.pl\\\/index.php\\\/niezlomni-niezapomniani-2026\\\/#primaryimage\"},\"image\":{\"@id\":\"https:\\\/\\\/antykomunistyczni.pl\\\/index.php\\\/niezlomni-niezapomniani-2026\\\/#primaryimage\"},\"thumbnailUrl\":\"https:\\\/\\\/antykomunistyczni.pl\\\/wp-content\\\/uploads\\\/2026\\\/02\\\/MlodziezWWalceZKomuna.jpg\",\"datePublished\":\"2026-02-28T10:10:29+00:00\",\"dateModified\":\"2026-02-28T17:49:44+00:00\",\"breadcrumb\":{\"@id\":\"https:\\\/\\\/antykomunistyczni.pl\\\/index.php\\\/niezlomni-niezapomniani-2026\\\/#breadcrumb\"},\"inLanguage\":\"pl-PL\",\"potentialAction\":[{\"@type\":\"ReadAction\",\"target\":[\"https:\\\/\\\/antykomunistyczni.pl\\\/index.php\\\/niezlomni-niezapomniani-2026\\\/\"]}]},{\"@type\":\"ImageObject\",\"inLanguage\":\"pl-PL\",\"@id\":\"https:\\\/\\\/antykomunistyczni.pl\\\/index.php\\\/niezlomni-niezapomniani-2026\\\/#primaryimage\",\"url\":\"https:\\\/\\\/antykomunistyczni.pl\\\/wp-content\\\/uploads\\\/2026\\\/02\\\/MlodziezWWalceZKomuna.jpg\",\"contentUrl\":\"https:\\\/\\\/antykomunistyczni.pl\\\/wp-content\\\/uploads\\\/2026\\\/02\\\/MlodziezWWalceZKomuna.jpg\",\"width\":1638,\"height\":2048},{\"@type\":\"BreadcrumbList\",\"@id\":\"https:\\\/\\\/antykomunistyczni.pl\\\/index.php\\\/niezlomni-niezapomniani-2026\\\/#breadcrumb\",\"itemListElement\":[{\"@type\":\"ListItem\",\"position\":1,\"name\":\"Strona g\u0142\u00f3wna\",\"item\":\"https:\\\/\\\/antykomunistyczni.pl\\\/\"},{\"@type\":\"ListItem\",\"position\":2,\"name\":\"\u00a0NIEZ\u0141OMNI NIEZAPOMNIANI 2026\"}]},{\"@type\":\"WebSite\",\"@id\":\"https:\\\/\\\/antykomunistyczni.pl\\\/#website\",\"url\":\"https:\\\/\\\/antykomunistyczni.pl\\\/\",\"name\":\"Antykomunistyczni.pl\",\"description\":\"\",\"publisher\":{\"@id\":\"https:\\\/\\\/antykomunistyczni.pl\\\/#organization\"},\"alternateName\":\"Historia PRL, zbrodnie komunistyczne w Polsce i na \u015bwiecie\",\"potentialAction\":[{\"@type\":\"SearchAction\",\"target\":{\"@type\":\"EntryPoint\",\"urlTemplate\":\"https:\\\/\\\/antykomunistyczni.pl\\\/?s={search_term_string}\"},\"query-input\":{\"@type\":\"PropertyValueSpecification\",\"valueRequired\":true,\"valueName\":\"search_term_string\"}}],\"inLanguage\":\"pl-PL\"},{\"@type\":\"Organization\",\"@id\":\"https:\\\/\\\/antykomunistyczni.pl\\\/#organization\",\"name\":\"Antykomunistyczni.pl\",\"url\":\"https:\\\/\\\/antykomunistyczni.pl\\\/\",\"logo\":{\"@type\":\"ImageObject\",\"inLanguage\":\"pl-PL\",\"@id\":\"https:\\\/\\\/antykomunistyczni.pl\\\/#\\\/schema\\\/logo\\\/image\\\/\",\"url\":\"https:\\\/\\\/antykomunistyczni.pl\\\/wp-content\\\/uploads\\\/2026\\\/02\\\/cropped-AntykomunistyczniLogoSquare150x150-2.png\",\"contentUrl\":\"https:\\\/\\\/antykomunistyczni.pl\\\/wp-content\\\/uploads\\\/2026\\\/02\\\/cropped-AntykomunistyczniLogoSquare150x150-2.png\",\"width\":150,\"height\":150,\"caption\":\"Antykomunistyczni.pl\"},\"image\":{\"@id\":\"https:\\\/\\\/antykomunistyczni.pl\\\/#\\\/schema\\\/logo\\\/image\\\/\"},\"sameAs\":[\"https:\\\/\\\/www.facebook.com\\\/antykomunistyczni\\\/\",\"https:\\\/\\\/x.com\\\/anty_komunisci\"]},{\"@type\":\"Person\",\"@id\":\"https:\\\/\\\/antykomunistyczni.pl\\\/#\\\/schema\\\/person\\\/4963e693e8006b94062d91d1295d02a0\",\"name\":\"Antykomunistyczni\",\"image\":{\"@type\":\"ImageObject\",\"inLanguage\":\"pl-PL\",\"@id\":\"https:\\\/\\\/secure.gravatar.com\\\/avatar\\\/ff172875f9ced7887f883245268c1ba638c26cf1e0530f7f61b4705963a6730b?s=96&d=mm&r=g\",\"url\":\"https:\\\/\\\/secure.gravatar.com\\\/avatar\\\/ff172875f9ced7887f883245268c1ba638c26cf1e0530f7f61b4705963a6730b?s=96&d=mm&r=g\",\"contentUrl\":\"https:\\\/\\\/secure.gravatar.com\\\/avatar\\\/ff172875f9ced7887f883245268c1ba638c26cf1e0530f7f61b4705963a6730b?s=96&d=mm&r=g\",\"caption\":\"Antykomunistyczni\"},\"sameAs\":[\"http:\\\/\\\/antykomunistyczni.pl\"],\"url\":\"https:\\\/\\\/antykomunistyczni.pl\\\/index.php\\\/author\\\/admin0\\\/\"}]}<\/script>\n<!-- \/ Yoast SEO plugin. -->","yoast_head_json":{"title":"\u00a0NIEZ\u0141OMNI NIEZAPOMNIANI 2026 - Antykomunistyczni.pl","robots":{"index":"index","follow":"follow","max-snippet":"max-snippet:-1","max-image-preview":"max-image-preview:large","max-video-preview":"max-video-preview:-1"},"canonical":"https:\/\/antykomunistyczni.pl\/index.php\/niezlomni-niezapomniani-2026\/","og_locale":"pl_PL","og_type":"article","og_title":"\u00a0NIEZ\u0141OMNI NIEZAPOMNIANI 2026 - Antykomunistyczni.pl","og_description":"&nbsp;NIEZ\u0141OMNI NIEZAPOMNIANI 2026 4 marca 2026 roku zapraszamy Pa\u0144stwa na muzyczno-teatralne widowisko o m\u0142odych Polakach, kt\u00f3rzy rzucili wyzwanie komunistycznemu systemowi (1945\u20131989). \u201eGen Wolno\u015bci-M\u0142odzie\u017c w walce z komun\u0105\u201d to 60-minutowe widowisko w re\u017cyserii \u0141ukasza Mateckiego, w kt\u00f3rym historia o\u017cywa w bardzo wsp\u00f3\u0142czesnym, energetycznym wydaniu. Us\u0142yszycie kultowe pie\u015bni buntu w \u015bwie\u017cych aran\u017cacjach (od \u201eNasz polski lesie\u201d, przez [&hellip;]","og_url":"https:\/\/antykomunistyczni.pl\/index.php\/niezlomni-niezapomniani-2026\/","og_site_name":"Antykomunistyczni.pl","article_publisher":"https:\/\/www.facebook.com\/antykomunistyczni\/","article_published_time":"2026-02-28T10:10:29+00:00","article_modified_time":"2026-02-28T17:49:44+00:00","og_image":[{"width":1638,"height":2048,"url":"https:\/\/antykomunistyczni.pl\/wp-content\/uploads\/2026\/02\/MlodziezWWalceZKomuna.jpg","type":"image\/jpeg"}],"author":"Antykomunistyczni","twitter_card":"summary_large_image","twitter_creator":"@anty_komunisci","twitter_site":"@anty_komunisci","twitter_misc":{"Napisane przez":"Antykomunistyczni","Szacowany czas czytania":"1 minuta"},"schema":{"@context":"https:\/\/schema.org","@graph":[{"@type":"Article","@id":"https:\/\/antykomunistyczni.pl\/index.php\/niezlomni-niezapomniani-2026\/#article","isPartOf":{"@id":"https:\/\/antykomunistyczni.pl\/index.php\/niezlomni-niezapomniani-2026\/"},"author":{"name":"Antykomunistyczni","@id":"https:\/\/antykomunistyczni.pl\/#\/schema\/person\/4963e693e8006b94062d91d1295d02a0"},"headline":"\u00a0NIEZ\u0141OMNI NIEZAPOMNIANI 2026","datePublished":"2026-02-28T10:10:29+00:00","dateModified":"2026-02-28T17:49:44+00:00","mainEntityOfPage":{"@id":"https:\/\/antykomunistyczni.pl\/index.php\/niezlomni-niezapomniani-2026\/"},"wordCount":191,"publisher":{"@id":"https:\/\/antykomunistyczni.pl\/#organization"},"image":{"@id":"https:\/\/antykomunistyczni.pl\/index.php\/niezlomni-niezapomniani-2026\/#primaryimage"},"thumbnailUrl":"https:\/\/antykomunistyczni.pl\/wp-content\/uploads\/2026\/02\/MlodziezWWalceZKomuna.jpg","articleSection":["Aktualno\u015bci"],"inLanguage":"pl-PL"},{"@type":"WebPage","@id":"https:\/\/antykomunistyczni.pl\/index.php\/niezlomni-niezapomniani-2026\/","url":"https:\/\/antykomunistyczni.pl\/index.php\/niezlomni-niezapomniani-2026\/","name":"\u00a0NIEZ\u0141OMNI NIEZAPOMNIANI 2026 - Antykomunistyczni.pl","isPartOf":{"@id":"https:\/\/antykomunistyczni.pl\/#website"},"primaryImageOfPage":{"@id":"https:\/\/antykomunistyczni.pl\/index.php\/niezlomni-niezapomniani-2026\/#primaryimage"},"image":{"@id":"https:\/\/antykomunistyczni.pl\/index.php\/niezlomni-niezapomniani-2026\/#primaryimage"},"thumbnailUrl":"https:\/\/antykomunistyczni.pl\/wp-content\/uploads\/2026\/02\/MlodziezWWalceZKomuna.jpg","datePublished":"2026-02-28T10:10:29+00:00","dateModified":"2026-02-28T17:49:44+00:00","breadcrumb":{"@id":"https:\/\/antykomunistyczni.pl\/index.php\/niezlomni-niezapomniani-2026\/#breadcrumb"},"inLanguage":"pl-PL","potentialAction":[{"@type":"ReadAction","target":["https:\/\/antykomunistyczni.pl\/index.php\/niezlomni-niezapomniani-2026\/"]}]},{"@type":"ImageObject","inLanguage":"pl-PL","@id":"https:\/\/antykomunistyczni.pl\/index.php\/niezlomni-niezapomniani-2026\/#primaryimage","url":"https:\/\/antykomunistyczni.pl\/wp-content\/uploads\/2026\/02\/MlodziezWWalceZKomuna.jpg","contentUrl":"https:\/\/antykomunistyczni.pl\/wp-content\/uploads\/2026\/02\/MlodziezWWalceZKomuna.jpg","width":1638,"height":2048},{"@type":"BreadcrumbList","@id":"https:\/\/antykomunistyczni.pl\/index.php\/niezlomni-niezapomniani-2026\/#breadcrumb","itemListElement":[{"@type":"ListItem","position":1,"name":"Strona g\u0142\u00f3wna","item":"https:\/\/antykomunistyczni.pl\/"},{"@type":"ListItem","position":2,"name":"\u00a0NIEZ\u0141OMNI NIEZAPOMNIANI 2026"}]},{"@type":"WebSite","@id":"https:\/\/antykomunistyczni.pl\/#website","url":"https:\/\/antykomunistyczni.pl\/","name":"Antykomunistyczni.pl","description":"","publisher":{"@id":"https:\/\/antykomunistyczni.pl\/#organization"},"alternateName":"Historia PRL, zbrodnie komunistyczne w Polsce i na \u015bwiecie","potentialAction":[{"@type":"SearchAction","target":{"@type":"EntryPoint","urlTemplate":"https:\/\/antykomunistyczni.pl\/?s={search_term_string}"},"query-input":{"@type":"PropertyValueSpecification","valueRequired":true,"valueName":"search_term_string"}}],"inLanguage":"pl-PL"},{"@type":"Organization","@id":"https:\/\/antykomunistyczni.pl\/#organization","name":"Antykomunistyczni.pl","url":"https:\/\/antykomunistyczni.pl\/","logo":{"@type":"ImageObject","inLanguage":"pl-PL","@id":"https:\/\/antykomunistyczni.pl\/#\/schema\/logo\/image\/","url":"https:\/\/antykomunistyczni.pl\/wp-content\/uploads\/2026\/02\/cropped-AntykomunistyczniLogoSquare150x150-2.png","contentUrl":"https:\/\/antykomunistyczni.pl\/wp-content\/uploads\/2026\/02\/cropped-AntykomunistyczniLogoSquare150x150-2.png","width":150,"height":150,"caption":"Antykomunistyczni.pl"},"image":{"@id":"https:\/\/antykomunistyczni.pl\/#\/schema\/logo\/image\/"},"sameAs":["https:\/\/www.facebook.com\/antykomunistyczni\/","https:\/\/x.com\/anty_komunisci"]},{"@type":"Person","@id":"https:\/\/antykomunistyczni.pl\/#\/schema\/person\/4963e693e8006b94062d91d1295d02a0","name":"Antykomunistyczni","image":{"@type":"ImageObject","inLanguage":"pl-PL","@id":"https:\/\/secure.gravatar.com\/avatar\/ff172875f9ced7887f883245268c1ba638c26cf1e0530f7f61b4705963a6730b?s=96&d=mm&r=g","url":"https:\/\/secure.gravatar.com\/avatar\/ff172875f9ced7887f883245268c1ba638c26cf1e0530f7f61b4705963a6730b?s=96&d=mm&r=g","contentUrl":"https:\/\/secure.gravatar.com\/avatar\/ff172875f9ced7887f883245268c1ba638c26cf1e0530f7f61b4705963a6730b?s=96&d=mm&r=g","caption":"Antykomunistyczni"},"sameAs":["http:\/\/antykomunistyczni.pl"],"url":"https:\/\/antykomunistyczni.pl\/index.php\/author\/admin0\/"}]}},"_links":{"self":[{"href":"https:\/\/antykomunistyczni.pl\/index.php\/wp-json\/wp\/v2\/posts\/326","targetHints":{"allow":["GET"]}}],"collection":[{"href":"https:\/\/antykomunistyczni.pl\/index.php\/wp-json\/wp\/v2\/posts"}],"about":[{"href":"https:\/\/antykomunistyczni.pl\/index.php\/wp-json\/wp\/v2\/types\/post"}],"author":[{"embeddable":true,"href":"https:\/\/antykomunistyczni.pl\/index.php\/wp-json\/wp\/v2\/users\/1"}],"replies":[{"embeddable":true,"href":"https:\/\/antykomunistyczni.pl\/index.php\/wp-json\/wp\/v2\/comments?post=326"}],"version-history":[{"count":1,"href":"https:\/\/antykomunistyczni.pl\/index.php\/wp-json\/wp\/v2\/posts\/326\/revisions"}],"predecessor-version":[{"id":328,"href":"https:\/\/antykomunistyczni.pl\/index.php\/wp-json\/wp\/v2\/posts\/326\/revisions\/328"}],"wp:featuredmedia":[{"embeddable":true,"href":"https:\/\/antykomunistyczni.pl\/index.php\/wp-json\/wp\/v2\/media\/327"}],"wp:attachment":[{"href":"https:\/\/antykomunistyczni.pl\/index.php\/wp-json\/wp\/v2\/media?parent=326"}],"wp:term":[{"taxonomy":"category","embeddable":true,"href":"https:\/\/antykomunistyczni.pl\/index.php\/wp-json\/wp\/v2\/categories?post=326"},{"taxonomy":"post_tag","embeddable":true,"href":"https:\/\/antykomunistyczni.pl\/index.php\/wp-json\/wp\/v2\/tags?post=326"}],"curies":[{"name":"wp","href":"https:\/\/api.w.org\/{rel}","templated":true}]}}