{"id":393,"date":"2026-02-28T18:03:37","date_gmt":"2026-02-28T17:03:37","guid":{"rendered":"https:\/\/antykomunistyczni.pl\/?p=393"},"modified":"2026-02-28T18:49:44","modified_gmt":"2026-02-28T17:49:44","slug":"ks-jerzy-popieluszko","status":"publish","type":"post","link":"https:\/\/antykomunistyczni.pl\/index.php\/ks-jerzy-popieluszko\/","title":{"rendered":"Ks. Jerzy Popie\u0142uszko"},"content":{"rendered":"\n<p class=\"wp-block-paragraph\">(fragmenty z jego w\u0142asnych kaza\u0144 i relacji \u015bwiadk\u00f3w) \u201eM\u00f3wi\u0142em w ko\u015bciele \u015bw. Stanis\u0142awa Kostki: \u00abZ\u0142o dobrem zwyci\u0119\u017caj\u00bb. Za to mnie nienawidzili. 19 pa\u017adziernika 1984 roku porwali mnie esbecy na szosie pod Toruniem. Kapitan Grzegorz Piotrowski, porucznik Leszek P\u0119kala i porucznik Waldemar Chmielewski. Bili mnie pa\u0142kami po g\u0142owie, r\u0119kach, nerkach. Wbili mi do ust knebel, \u017cebym nie krzycza\u0142 \u00abJezus Maria\u00bb. Zwi\u0105zanego wrzucili do baga\u017cnika malucha. Nad zapor\u0105 we W\u0142oc\u0142awku przywi\u0105zali mi do n\u00f3g kamienie i wrzucili do Wis\u0142y. Znaleziono mnie 30 pa\u017adziernika \u2013 r\u0119ce zwi\u0105zane drutem kolczastym, twarz zmasakrowana nie do poznania. Mia\u0142em 37 lat. Zamordowali mnie tylko za to, \u017ce m\u00f3wi\u0142em prawd\u0119.\u201d <\/p>\n\n\n\n<p class=\"wp-block-paragraph\"><\/p>\n\n\n\n<p class=\"wp-block-paragraph\"><\/p>\n","protected":false},"excerpt":{"rendered":"<p>(fragmenty z jego w\u0142asnych kaza\u0144 i relacji \u015bwiadk\u00f3w) \u201eM\u00f3wi\u0142em w ko\u015bciele \u015bw. Stanis\u0142awa Kostki: \u00abZ\u0142o dobrem zwyci\u0119\u017caj\u00bb. Za to mnie nienawidzili. 19 pa\u017adziernika 1984 roku porwali mnie esbecy na szosie pod Toruniem. Kapitan Grzegorz Piotrowski, porucznik Leszek P\u0119kala i porucznik Waldemar Chmielewski. Bili mnie pa\u0142kami po g\u0142owie, r\u0119kach, nerkach. Wbili mi do ust knebel, \u017cebym [&hellip;]<\/p>\n","protected":false},"author":1,"featured_media":0,"comment_status":"closed","ping_status":"open","sticky":false,"template":"","format":"standard","meta":{"give_campaign_id":0,"footnotes":""},"categories":[23],"tags":[],"class_list":["post-393","post","type-post","status-publish","format-standard","hentry","category-swiadectwa"],"yoast_head":"<!-- This site is optimized with the Yoast SEO plugin v28.4 - https:\/\/yoast.com\/product\/yoast-seo-wordpress\/ -->\n<title>Ks. Jerzy Popie\u0142uszko - Antykomunistyczni.pl<\/title>\n<meta name=\"robots\" content=\"index, follow, max-snippet:-1, max-image-preview:large, max-video-preview:-1\" \/>\n<link rel=\"canonical\" href=\"https:\/\/antykomunistyczni.pl\/index.php\/ks-jerzy-popieluszko\/\" \/>\n<meta property=\"og:locale\" content=\"pl_PL\" \/>\n<meta property=\"og:type\" content=\"article\" \/>\n<meta property=\"og:title\" content=\"Ks. Jerzy Popie\u0142uszko - Antykomunistyczni.pl\" \/>\n<meta property=\"og:description\" content=\"(fragmenty z jego w\u0142asnych kaza\u0144 i relacji \u015bwiadk\u00f3w) \u201eM\u00f3wi\u0142em w ko\u015bciele \u015bw. Stanis\u0142awa Kostki: \u00abZ\u0142o dobrem zwyci\u0119\u017caj\u00bb. Za to mnie nienawidzili. 19 pa\u017adziernika 1984 roku porwali mnie esbecy na szosie pod Toruniem. Kapitan Grzegorz Piotrowski, porucznik Leszek P\u0119kala i porucznik Waldemar Chmielewski. Bili mnie pa\u0142kami po g\u0142owie, r\u0119kach, nerkach. Wbili mi do ust knebel, \u017cebym [&hellip;]\" \/>\n<meta property=\"og:url\" content=\"https:\/\/antykomunistyczni.pl\/index.php\/ks-jerzy-popieluszko\/\" \/>\n<meta property=\"og:site_name\" content=\"Antykomunistyczni.pl\" \/>\n<meta property=\"article:publisher\" content=\"https:\/\/www.facebook.com\/antykomunistyczni\/\" \/>\n<meta property=\"article:published_time\" content=\"2026-02-28T17:03:37+00:00\" \/>\n<meta property=\"article:modified_time\" content=\"2026-02-28T17:49:44+00:00\" \/>\n<meta property=\"og:image\" content=\"https:\/\/antykomunistyczni.pl\/wp-content\/uploads\/2026\/02\/AntykomunistyczniLogoSquare.png\" \/>\n\t<meta property=\"og:image:width\" content=\"1024\" \/>\n\t<meta property=\"og:image:height\" content=\"1024\" \/>\n\t<meta property=\"og:image:type\" content=\"image\/png\" \/>\n<meta name=\"author\" content=\"Antykomunistyczni\" \/>\n<meta name=\"twitter:card\" content=\"summary_large_image\" \/>\n<meta name=\"twitter:creator\" content=\"@anty_komunisci\" \/>\n<meta name=\"twitter:site\" content=\"@anty_komunisci\" \/>\n<meta name=\"twitter:label1\" content=\"Napisane przez\" \/>\n\t<meta name=\"twitter:data1\" content=\"Antykomunistyczni\" \/>\n\t<meta name=\"twitter:label2\" content=\"Szacowany czas czytania\" \/>\n\t<meta name=\"twitter:data2\" content=\"1 minuta\" \/>\n<script type=\"application\/ld+json\" class=\"yoast-schema-graph\">{\"@context\":\"https:\\\/\\\/schema.org\",\"@graph\":[{\"@type\":\"Article\",\"@id\":\"https:\\\/\\\/antykomunistyczni.pl\\\/index.php\\\/ks-jerzy-popieluszko\\\/#article\",\"isPartOf\":{\"@id\":\"https:\\\/\\\/antykomunistyczni.pl\\\/index.php\\\/ks-jerzy-popieluszko\\\/\"},\"author\":{\"name\":\"Antykomunistyczni\",\"@id\":\"https:\\\/\\\/antykomunistyczni.pl\\\/#\\\/schema\\\/person\\\/4963e693e8006b94062d91d1295d02a0\"},\"headline\":\"Ks. Jerzy Popie\u0142uszko\",\"datePublished\":\"2026-02-28T17:03:37+00:00\",\"dateModified\":\"2026-02-28T17:49:44+00:00\",\"mainEntityOfPage\":{\"@id\":\"https:\\\/\\\/antykomunistyczni.pl\\\/index.php\\\/ks-jerzy-popieluszko\\\/\"},\"wordCount\":127,\"publisher\":{\"@id\":\"https:\\\/\\\/antykomunistyczni.pl\\\/#organization\"},\"articleSection\":[\"\u015awiadectwa\"],\"inLanguage\":\"pl-PL\"},{\"@type\":\"WebPage\",\"@id\":\"https:\\\/\\\/antykomunistyczni.pl\\\/index.php\\\/ks-jerzy-popieluszko\\\/\",\"url\":\"https:\\\/\\\/antykomunistyczni.pl\\\/index.php\\\/ks-jerzy-popieluszko\\\/\",\"name\":\"Ks. Jerzy Popie\u0142uszko - Antykomunistyczni.pl\",\"isPartOf\":{\"@id\":\"https:\\\/\\\/antykomunistyczni.pl\\\/#website\"},\"datePublished\":\"2026-02-28T17:03:37+00:00\",\"dateModified\":\"2026-02-28T17:49:44+00:00\",\"breadcrumb\":{\"@id\":\"https:\\\/\\\/antykomunistyczni.pl\\\/index.php\\\/ks-jerzy-popieluszko\\\/#breadcrumb\"},\"inLanguage\":\"pl-PL\",\"potentialAction\":[{\"@type\":\"ReadAction\",\"target\":[\"https:\\\/\\\/antykomunistyczni.pl\\\/index.php\\\/ks-jerzy-popieluszko\\\/\"]}]},{\"@type\":\"BreadcrumbList\",\"@id\":\"https:\\\/\\\/antykomunistyczni.pl\\\/index.php\\\/ks-jerzy-popieluszko\\\/#breadcrumb\",\"itemListElement\":[{\"@type\":\"ListItem\",\"position\":1,\"name\":\"Strona g\u0142\u00f3wna\",\"item\":\"https:\\\/\\\/antykomunistyczni.pl\\\/\"},{\"@type\":\"ListItem\",\"position\":2,\"name\":\"Ks. Jerzy Popie\u0142uszko\"}]},{\"@type\":\"WebSite\",\"@id\":\"https:\\\/\\\/antykomunistyczni.pl\\\/#website\",\"url\":\"https:\\\/\\\/antykomunistyczni.pl\\\/\",\"name\":\"Antykomunistyczni.pl\",\"description\":\"\",\"publisher\":{\"@id\":\"https:\\\/\\\/antykomunistyczni.pl\\\/#organization\"},\"alternateName\":\"Historia PRL, zbrodnie komunistyczne w Polsce i na \u015bwiecie\",\"potentialAction\":[{\"@type\":\"SearchAction\",\"target\":{\"@type\":\"EntryPoint\",\"urlTemplate\":\"https:\\\/\\\/antykomunistyczni.pl\\\/?s={search_term_string}\"},\"query-input\":{\"@type\":\"PropertyValueSpecification\",\"valueRequired\":true,\"valueName\":\"search_term_string\"}}],\"inLanguage\":\"pl-PL\"},{\"@type\":\"Organization\",\"@id\":\"https:\\\/\\\/antykomunistyczni.pl\\\/#organization\",\"name\":\"Antykomunistyczni.pl\",\"url\":\"https:\\\/\\\/antykomunistyczni.pl\\\/\",\"logo\":{\"@type\":\"ImageObject\",\"inLanguage\":\"pl-PL\",\"@id\":\"https:\\\/\\\/antykomunistyczni.pl\\\/#\\\/schema\\\/logo\\\/image\\\/\",\"url\":\"https:\\\/\\\/antykomunistyczni.pl\\\/wp-content\\\/uploads\\\/2026\\\/02\\\/cropped-AntykomunistyczniLogoSquare150x150-2.png\",\"contentUrl\":\"https:\\\/\\\/antykomunistyczni.pl\\\/wp-content\\\/uploads\\\/2026\\\/02\\\/cropped-AntykomunistyczniLogoSquare150x150-2.png\",\"width\":150,\"height\":150,\"caption\":\"Antykomunistyczni.pl\"},\"image\":{\"@id\":\"https:\\\/\\\/antykomunistyczni.pl\\\/#\\\/schema\\\/logo\\\/image\\\/\"},\"sameAs\":[\"https:\\\/\\\/www.facebook.com\\\/antykomunistyczni\\\/\",\"https:\\\/\\\/x.com\\\/anty_komunisci\"]},{\"@type\":\"Person\",\"@id\":\"https:\\\/\\\/antykomunistyczni.pl\\\/#\\\/schema\\\/person\\\/4963e693e8006b94062d91d1295d02a0\",\"name\":\"Antykomunistyczni\",\"image\":{\"@type\":\"ImageObject\",\"inLanguage\":\"pl-PL\",\"@id\":\"https:\\\/\\\/secure.gravatar.com\\\/avatar\\\/ff172875f9ced7887f883245268c1ba638c26cf1e0530f7f61b4705963a6730b?s=96&d=mm&r=g\",\"url\":\"https:\\\/\\\/secure.gravatar.com\\\/avatar\\\/ff172875f9ced7887f883245268c1ba638c26cf1e0530f7f61b4705963a6730b?s=96&d=mm&r=g\",\"contentUrl\":\"https:\\\/\\\/secure.gravatar.com\\\/avatar\\\/ff172875f9ced7887f883245268c1ba638c26cf1e0530f7f61b4705963a6730b?s=96&d=mm&r=g\",\"caption\":\"Antykomunistyczni\"},\"sameAs\":[\"http:\\\/\\\/antykomunistyczni.pl\"],\"url\":\"https:\\\/\\\/antykomunistyczni.pl\\\/index.php\\\/author\\\/admin0\\\/\"}]}<\/script>\n<!-- \/ Yoast SEO plugin. -->","yoast_head_json":{"title":"Ks. Jerzy Popie\u0142uszko - Antykomunistyczni.pl","robots":{"index":"index","follow":"follow","max-snippet":"max-snippet:-1","max-image-preview":"max-image-preview:large","max-video-preview":"max-video-preview:-1"},"canonical":"https:\/\/antykomunistyczni.pl\/index.php\/ks-jerzy-popieluszko\/","og_locale":"pl_PL","og_type":"article","og_title":"Ks. Jerzy Popie\u0142uszko - Antykomunistyczni.pl","og_description":"(fragmenty z jego w\u0142asnych kaza\u0144 i relacji \u015bwiadk\u00f3w) \u201eM\u00f3wi\u0142em w ko\u015bciele \u015bw. Stanis\u0142awa Kostki: \u00abZ\u0142o dobrem zwyci\u0119\u017caj\u00bb. Za to mnie nienawidzili. 19 pa\u017adziernika 1984 roku porwali mnie esbecy na szosie pod Toruniem. Kapitan Grzegorz Piotrowski, porucznik Leszek P\u0119kala i porucznik Waldemar Chmielewski. Bili mnie pa\u0142kami po g\u0142owie, r\u0119kach, nerkach. Wbili mi do ust knebel, \u017cebym [&hellip;]","og_url":"https:\/\/antykomunistyczni.pl\/index.php\/ks-jerzy-popieluszko\/","og_site_name":"Antykomunistyczni.pl","article_publisher":"https:\/\/www.facebook.com\/antykomunistyczni\/","article_published_time":"2026-02-28T17:03:37+00:00","article_modified_time":"2026-02-28T17:49:44+00:00","og_image":[{"width":1024,"height":1024,"url":"https:\/\/antykomunistyczni.pl\/wp-content\/uploads\/2026\/02\/AntykomunistyczniLogoSquare.png","type":"image\/png"}],"author":"Antykomunistyczni","twitter_card":"summary_large_image","twitter_creator":"@anty_komunisci","twitter_site":"@anty_komunisci","twitter_misc":{"Napisane przez":"Antykomunistyczni","Szacowany czas czytania":"1 minuta"},"schema":{"@context":"https:\/\/schema.org","@graph":[{"@type":"Article","@id":"https:\/\/antykomunistyczni.pl\/index.php\/ks-jerzy-popieluszko\/#article","isPartOf":{"@id":"https:\/\/antykomunistyczni.pl\/index.php\/ks-jerzy-popieluszko\/"},"author":{"name":"Antykomunistyczni","@id":"https:\/\/antykomunistyczni.pl\/#\/schema\/person\/4963e693e8006b94062d91d1295d02a0"},"headline":"Ks. Jerzy Popie\u0142uszko","datePublished":"2026-02-28T17:03:37+00:00","dateModified":"2026-02-28T17:49:44+00:00","mainEntityOfPage":{"@id":"https:\/\/antykomunistyczni.pl\/index.php\/ks-jerzy-popieluszko\/"},"wordCount":127,"publisher":{"@id":"https:\/\/antykomunistyczni.pl\/#organization"},"articleSection":["\u015awiadectwa"],"inLanguage":"pl-PL"},{"@type":"WebPage","@id":"https:\/\/antykomunistyczni.pl\/index.php\/ks-jerzy-popieluszko\/","url":"https:\/\/antykomunistyczni.pl\/index.php\/ks-jerzy-popieluszko\/","name":"Ks. Jerzy Popie\u0142uszko - Antykomunistyczni.pl","isPartOf":{"@id":"https:\/\/antykomunistyczni.pl\/#website"},"datePublished":"2026-02-28T17:03:37+00:00","dateModified":"2026-02-28T17:49:44+00:00","breadcrumb":{"@id":"https:\/\/antykomunistyczni.pl\/index.php\/ks-jerzy-popieluszko\/#breadcrumb"},"inLanguage":"pl-PL","potentialAction":[{"@type":"ReadAction","target":["https:\/\/antykomunistyczni.pl\/index.php\/ks-jerzy-popieluszko\/"]}]},{"@type":"BreadcrumbList","@id":"https:\/\/antykomunistyczni.pl\/index.php\/ks-jerzy-popieluszko\/#breadcrumb","itemListElement":[{"@type":"ListItem","position":1,"name":"Strona g\u0142\u00f3wna","item":"https:\/\/antykomunistyczni.pl\/"},{"@type":"ListItem","position":2,"name":"Ks. Jerzy Popie\u0142uszko"}]},{"@type":"WebSite","@id":"https:\/\/antykomunistyczni.pl\/#website","url":"https:\/\/antykomunistyczni.pl\/","name":"Antykomunistyczni.pl","description":"","publisher":{"@id":"https:\/\/antykomunistyczni.pl\/#organization"},"alternateName":"Historia PRL, zbrodnie komunistyczne w Polsce i na \u015bwiecie","potentialAction":[{"@type":"SearchAction","target":{"@type":"EntryPoint","urlTemplate":"https:\/\/antykomunistyczni.pl\/?s={search_term_string}"},"query-input":{"@type":"PropertyValueSpecification","valueRequired":true,"valueName":"search_term_string"}}],"inLanguage":"pl-PL"},{"@type":"Organization","@id":"https:\/\/antykomunistyczni.pl\/#organization","name":"Antykomunistyczni.pl","url":"https:\/\/antykomunistyczni.pl\/","logo":{"@type":"ImageObject","inLanguage":"pl-PL","@id":"https:\/\/antykomunistyczni.pl\/#\/schema\/logo\/image\/","url":"https:\/\/antykomunistyczni.pl\/wp-content\/uploads\/2026\/02\/cropped-AntykomunistyczniLogoSquare150x150-2.png","contentUrl":"https:\/\/antykomunistyczni.pl\/wp-content\/uploads\/2026\/02\/cropped-AntykomunistyczniLogoSquare150x150-2.png","width":150,"height":150,"caption":"Antykomunistyczni.pl"},"image":{"@id":"https:\/\/antykomunistyczni.pl\/#\/schema\/logo\/image\/"},"sameAs":["https:\/\/www.facebook.com\/antykomunistyczni\/","https:\/\/x.com\/anty_komunisci"]},{"@type":"Person","@id":"https:\/\/antykomunistyczni.pl\/#\/schema\/person\/4963e693e8006b94062d91d1295d02a0","name":"Antykomunistyczni","image":{"@type":"ImageObject","inLanguage":"pl-PL","@id":"https:\/\/secure.gravatar.com\/avatar\/ff172875f9ced7887f883245268c1ba638c26cf1e0530f7f61b4705963a6730b?s=96&d=mm&r=g","url":"https:\/\/secure.gravatar.com\/avatar\/ff172875f9ced7887f883245268c1ba638c26cf1e0530f7f61b4705963a6730b?s=96&d=mm&r=g","contentUrl":"https:\/\/secure.gravatar.com\/avatar\/ff172875f9ced7887f883245268c1ba638c26cf1e0530f7f61b4705963a6730b?s=96&d=mm&r=g","caption":"Antykomunistyczni"},"sameAs":["http:\/\/antykomunistyczni.pl"],"url":"https:\/\/antykomunistyczni.pl\/index.php\/author\/admin0\/"}]}},"_links":{"self":[{"href":"https:\/\/antykomunistyczni.pl\/index.php\/wp-json\/wp\/v2\/posts\/393","targetHints":{"allow":["GET"]}}],"collection":[{"href":"https:\/\/antykomunistyczni.pl\/index.php\/wp-json\/wp\/v2\/posts"}],"about":[{"href":"https:\/\/antykomunistyczni.pl\/index.php\/wp-json\/wp\/v2\/types\/post"}],"author":[{"embeddable":true,"href":"https:\/\/antykomunistyczni.pl\/index.php\/wp-json\/wp\/v2\/users\/1"}],"replies":[{"embeddable":true,"href":"https:\/\/antykomunistyczni.pl\/index.php\/wp-json\/wp\/v2\/comments?post=393"}],"version-history":[{"count":1,"href":"https:\/\/antykomunistyczni.pl\/index.php\/wp-json\/wp\/v2\/posts\/393\/revisions"}],"predecessor-version":[{"id":394,"href":"https:\/\/antykomunistyczni.pl\/index.php\/wp-json\/wp\/v2\/posts\/393\/revisions\/394"}],"wp:attachment":[{"href":"https:\/\/antykomunistyczni.pl\/index.php\/wp-json\/wp\/v2\/media?parent=393"}],"wp:term":[{"taxonomy":"category","embeddable":true,"href":"https:\/\/antykomunistyczni.pl\/index.php\/wp-json\/wp\/v2\/categories?post=393"},{"taxonomy":"post_tag","embeddable":true,"href":"https:\/\/antykomunistyczni.pl\/index.php\/wp-json\/wp\/v2\/tags?post=393"}],"curies":[{"name":"wp","href":"https:\/\/api.w.org\/{rel}","templated":true}]}}