{"id":397,"date":"2026-02-28T18:04:45","date_gmt":"2026-02-28T17:04:45","guid":{"rendered":"https:\/\/antykomunistyczni.pl\/?p=397"},"modified":"2026-02-28T18:49:44","modified_gmt":"2026-02-28T17:49:44","slug":"zolnierz-wyklety-ppor-anatol-radziwonik-olech","status":"publish","type":"post","link":"https:\/\/antykomunistyczni.pl\/index.php\/zolnierz-wyklety-ppor-anatol-radziwonik-olech\/","title":{"rendered":"\u017bo\u0142nierz wykl\u0119ty, ppor. Anatol Radziwonik \u201eOlech\u201d"},"content":{"rendered":"\n<p class=\"wp-block-paragraph\">Zamordowany w 1949 r. (relacja na podstawie gryps\u00f3w i protoko\u0142\u00f3w UB) \u201eW marcu 1949 roku wpad\u0142em w zasadzk\u0119 pod wsi\u0105 Barszczewo. Ranny w nog\u0119, nie mog\u0142em ucieka\u0107. Przez 72 godziny torturowano mnie w bia\u0142ostockim UB. Wyrywano paznokcie, mia\u017cd\u017cono j\u0105dra, przypalano genitalia roz\u017carzonym \u017celazem. B\u0142aga\u0142em o \u015bmier\u0107. 10 maja 1949 roku, po procesie trwaj\u0105cym 40 minut, skazano mnie na \u015bmier\u0107. W celi \u015bmierci napisa\u0142em gryps: \u201eUmieram niewinny. Niech \u017cyje wolna Polska.\u201d 12 maja 1949 roku o godz. 5:40 rano strza\u0142 w ty\u0142 g\u0142owy w wi\u0119zieniu przy ul. Kopernika w Bia\u0142ymstoku. Mia\u0142em 35 lat. Cia\u0142a nie wydano rodzinie. Zakopano mnie w nieoznaczonym dole razem z innymi \u00abbandytami\u00bb.\u201d <\/p>\n","protected":false},"excerpt":{"rendered":"<p>Zamordowany w 1949 r. (relacja na podstawie gryps\u00f3w i protoko\u0142\u00f3w UB) \u201eW marcu 1949 roku wpad\u0142em w zasadzk\u0119 pod wsi\u0105 Barszczewo. Ranny w nog\u0119, nie mog\u0142em ucieka\u0107. Przez 72 godziny torturowano mnie w bia\u0142ostockim UB. Wyrywano paznokcie, mia\u017cd\u017cono j\u0105dra, przypalano genitalia roz\u017carzonym \u017celazem. B\u0142aga\u0142em o \u015bmier\u0107. 10 maja 1949 roku, po procesie trwaj\u0105cym 40 minut, [&hellip;]<\/p>\n","protected":false},"author":1,"featured_media":0,"comment_status":"closed","ping_status":"open","sticky":false,"template":"","format":"standard","meta":{"give_campaign_id":0,"footnotes":""},"categories":[23],"tags":[],"class_list":["post-397","post","type-post","status-publish","format-standard","hentry","category-swiadectwa"],"yoast_head":"<!-- This site is optimized with the Yoast SEO plugin v28.4 - https:\/\/yoast.com\/product\/yoast-seo-wordpress\/ -->\n<title>\u017bo\u0142nierz wykl\u0119ty, ppor. Anatol Radziwonik \u201eOlech\u201d - Antykomunistyczni.pl<\/title>\n<meta name=\"robots\" content=\"index, follow, max-snippet:-1, max-image-preview:large, max-video-preview:-1\" \/>\n<link rel=\"canonical\" href=\"https:\/\/antykomunistyczni.pl\/index.php\/zolnierz-wyklety-ppor-anatol-radziwonik-olech\/\" \/>\n<meta property=\"og:locale\" content=\"pl_PL\" \/>\n<meta property=\"og:type\" content=\"article\" \/>\n<meta property=\"og:title\" content=\"\u017bo\u0142nierz wykl\u0119ty, ppor. Anatol Radziwonik \u201eOlech\u201d - Antykomunistyczni.pl\" \/>\n<meta property=\"og:description\" content=\"Zamordowany w 1949 r. (relacja na podstawie gryps\u00f3w i protoko\u0142\u00f3w UB) \u201eW marcu 1949 roku wpad\u0142em w zasadzk\u0119 pod wsi\u0105 Barszczewo. Ranny w nog\u0119, nie mog\u0142em ucieka\u0107. Przez 72 godziny torturowano mnie w bia\u0142ostockim UB. Wyrywano paznokcie, mia\u017cd\u017cono j\u0105dra, przypalano genitalia roz\u017carzonym \u017celazem. B\u0142aga\u0142em o \u015bmier\u0107. 10 maja 1949 roku, po procesie trwaj\u0105cym 40 minut, [&hellip;]\" \/>\n<meta property=\"og:url\" content=\"https:\/\/antykomunistyczni.pl\/index.php\/zolnierz-wyklety-ppor-anatol-radziwonik-olech\/\" \/>\n<meta property=\"og:site_name\" content=\"Antykomunistyczni.pl\" \/>\n<meta property=\"article:publisher\" content=\"https:\/\/www.facebook.com\/antykomunistyczni\/\" \/>\n<meta property=\"article:published_time\" content=\"2026-02-28T17:04:45+00:00\" \/>\n<meta property=\"article:modified_time\" content=\"2026-02-28T17:49:44+00:00\" \/>\n<meta property=\"og:image\" content=\"https:\/\/antykomunistyczni.pl\/wp-content\/uploads\/2026\/02\/AntykomunistyczniLogoSquare.png\" \/>\n\t<meta property=\"og:image:width\" content=\"1024\" \/>\n\t<meta property=\"og:image:height\" content=\"1024\" \/>\n\t<meta property=\"og:image:type\" content=\"image\/png\" \/>\n<meta name=\"author\" content=\"Antykomunistyczni\" \/>\n<meta name=\"twitter:card\" content=\"summary_large_image\" \/>\n<meta name=\"twitter:creator\" content=\"@anty_komunisci\" \/>\n<meta name=\"twitter:site\" content=\"@anty_komunisci\" \/>\n<meta name=\"twitter:label1\" content=\"Napisane przez\" \/>\n\t<meta name=\"twitter:data1\" content=\"Antykomunistyczni\" \/>\n\t<meta name=\"twitter:label2\" content=\"Szacowany czas czytania\" \/>\n\t<meta name=\"twitter:data2\" content=\"1 minuta\" \/>\n<script type=\"application\/ld+json\" class=\"yoast-schema-graph\">{\"@context\":\"https:\\\/\\\/schema.org\",\"@graph\":[{\"@type\":\"Article\",\"@id\":\"https:\\\/\\\/antykomunistyczni.pl\\\/index.php\\\/zolnierz-wyklety-ppor-anatol-radziwonik-olech\\\/#article\",\"isPartOf\":{\"@id\":\"https:\\\/\\\/antykomunistyczni.pl\\\/index.php\\\/zolnierz-wyklety-ppor-anatol-radziwonik-olech\\\/\"},\"author\":{\"name\":\"Antykomunistyczni\",\"@id\":\"https:\\\/\\\/antykomunistyczni.pl\\\/#\\\/schema\\\/person\\\/4963e693e8006b94062d91d1295d02a0\"},\"headline\":\"\u017bo\u0142nierz wykl\u0119ty, ppor. Anatol Radziwonik \u201eOlech\u201d\",\"datePublished\":\"2026-02-28T17:04:45+00:00\",\"dateModified\":\"2026-02-28T17:49:44+00:00\",\"mainEntityOfPage\":{\"@id\":\"https:\\\/\\\/antykomunistyczni.pl\\\/index.php\\\/zolnierz-wyklety-ppor-anatol-radziwonik-olech\\\/\"},\"wordCount\":121,\"publisher\":{\"@id\":\"https:\\\/\\\/antykomunistyczni.pl\\\/#organization\"},\"articleSection\":[\"\u015awiadectwa\"],\"inLanguage\":\"pl-PL\"},{\"@type\":\"WebPage\",\"@id\":\"https:\\\/\\\/antykomunistyczni.pl\\\/index.php\\\/zolnierz-wyklety-ppor-anatol-radziwonik-olech\\\/\",\"url\":\"https:\\\/\\\/antykomunistyczni.pl\\\/index.php\\\/zolnierz-wyklety-ppor-anatol-radziwonik-olech\\\/\",\"name\":\"\u017bo\u0142nierz wykl\u0119ty, ppor. Anatol Radziwonik \u201eOlech\u201d - Antykomunistyczni.pl\",\"isPartOf\":{\"@id\":\"https:\\\/\\\/antykomunistyczni.pl\\\/#website\"},\"datePublished\":\"2026-02-28T17:04:45+00:00\",\"dateModified\":\"2026-02-28T17:49:44+00:00\",\"breadcrumb\":{\"@id\":\"https:\\\/\\\/antykomunistyczni.pl\\\/index.php\\\/zolnierz-wyklety-ppor-anatol-radziwonik-olech\\\/#breadcrumb\"},\"inLanguage\":\"pl-PL\",\"potentialAction\":[{\"@type\":\"ReadAction\",\"target\":[\"https:\\\/\\\/antykomunistyczni.pl\\\/index.php\\\/zolnierz-wyklety-ppor-anatol-radziwonik-olech\\\/\"]}]},{\"@type\":\"BreadcrumbList\",\"@id\":\"https:\\\/\\\/antykomunistyczni.pl\\\/index.php\\\/zolnierz-wyklety-ppor-anatol-radziwonik-olech\\\/#breadcrumb\",\"itemListElement\":[{\"@type\":\"ListItem\",\"position\":1,\"name\":\"Strona g\u0142\u00f3wna\",\"item\":\"https:\\\/\\\/antykomunistyczni.pl\\\/\"},{\"@type\":\"ListItem\",\"position\":2,\"name\":\"\u017bo\u0142nierz wykl\u0119ty, ppor. Anatol Radziwonik \u201eOlech\u201d\"}]},{\"@type\":\"WebSite\",\"@id\":\"https:\\\/\\\/antykomunistyczni.pl\\\/#website\",\"url\":\"https:\\\/\\\/antykomunistyczni.pl\\\/\",\"name\":\"Antykomunistyczni.pl\",\"description\":\"\",\"publisher\":{\"@id\":\"https:\\\/\\\/antykomunistyczni.pl\\\/#organization\"},\"alternateName\":\"Historia PRL, zbrodnie komunistyczne w Polsce i na \u015bwiecie\",\"potentialAction\":[{\"@type\":\"SearchAction\",\"target\":{\"@type\":\"EntryPoint\",\"urlTemplate\":\"https:\\\/\\\/antykomunistyczni.pl\\\/?s={search_term_string}\"},\"query-input\":{\"@type\":\"PropertyValueSpecification\",\"valueRequired\":true,\"valueName\":\"search_term_string\"}}],\"inLanguage\":\"pl-PL\"},{\"@type\":\"Organization\",\"@id\":\"https:\\\/\\\/antykomunistyczni.pl\\\/#organization\",\"name\":\"Antykomunistyczni.pl\",\"url\":\"https:\\\/\\\/antykomunistyczni.pl\\\/\",\"logo\":{\"@type\":\"ImageObject\",\"inLanguage\":\"pl-PL\",\"@id\":\"https:\\\/\\\/antykomunistyczni.pl\\\/#\\\/schema\\\/logo\\\/image\\\/\",\"url\":\"https:\\\/\\\/antykomunistyczni.pl\\\/wp-content\\\/uploads\\\/2026\\\/02\\\/cropped-AntykomunistyczniLogoSquare150x150-2.png\",\"contentUrl\":\"https:\\\/\\\/antykomunistyczni.pl\\\/wp-content\\\/uploads\\\/2026\\\/02\\\/cropped-AntykomunistyczniLogoSquare150x150-2.png\",\"width\":150,\"height\":150,\"caption\":\"Antykomunistyczni.pl\"},\"image\":{\"@id\":\"https:\\\/\\\/antykomunistyczni.pl\\\/#\\\/schema\\\/logo\\\/image\\\/\"},\"sameAs\":[\"https:\\\/\\\/www.facebook.com\\\/antykomunistyczni\\\/\",\"https:\\\/\\\/x.com\\\/anty_komunisci\"]},{\"@type\":\"Person\",\"@id\":\"https:\\\/\\\/antykomunistyczni.pl\\\/#\\\/schema\\\/person\\\/4963e693e8006b94062d91d1295d02a0\",\"name\":\"Antykomunistyczni\",\"image\":{\"@type\":\"ImageObject\",\"inLanguage\":\"pl-PL\",\"@id\":\"https:\\\/\\\/secure.gravatar.com\\\/avatar\\\/ff172875f9ced7887f883245268c1ba638c26cf1e0530f7f61b4705963a6730b?s=96&d=mm&r=g\",\"url\":\"https:\\\/\\\/secure.gravatar.com\\\/avatar\\\/ff172875f9ced7887f883245268c1ba638c26cf1e0530f7f61b4705963a6730b?s=96&d=mm&r=g\",\"contentUrl\":\"https:\\\/\\\/secure.gravatar.com\\\/avatar\\\/ff172875f9ced7887f883245268c1ba638c26cf1e0530f7f61b4705963a6730b?s=96&d=mm&r=g\",\"caption\":\"Antykomunistyczni\"},\"sameAs\":[\"http:\\\/\\\/antykomunistyczni.pl\"],\"url\":\"https:\\\/\\\/antykomunistyczni.pl\\\/index.php\\\/author\\\/admin0\\\/\"}]}<\/script>\n<!-- \/ Yoast SEO plugin. -->","yoast_head_json":{"title":"\u017bo\u0142nierz wykl\u0119ty, ppor. Anatol Radziwonik \u201eOlech\u201d - Antykomunistyczni.pl","robots":{"index":"index","follow":"follow","max-snippet":"max-snippet:-1","max-image-preview":"max-image-preview:large","max-video-preview":"max-video-preview:-1"},"canonical":"https:\/\/antykomunistyczni.pl\/index.php\/zolnierz-wyklety-ppor-anatol-radziwonik-olech\/","og_locale":"pl_PL","og_type":"article","og_title":"\u017bo\u0142nierz wykl\u0119ty, ppor. Anatol Radziwonik \u201eOlech\u201d - Antykomunistyczni.pl","og_description":"Zamordowany w 1949 r. (relacja na podstawie gryps\u00f3w i protoko\u0142\u00f3w UB) \u201eW marcu 1949 roku wpad\u0142em w zasadzk\u0119 pod wsi\u0105 Barszczewo. Ranny w nog\u0119, nie mog\u0142em ucieka\u0107. Przez 72 godziny torturowano mnie w bia\u0142ostockim UB. Wyrywano paznokcie, mia\u017cd\u017cono j\u0105dra, przypalano genitalia roz\u017carzonym \u017celazem. B\u0142aga\u0142em o \u015bmier\u0107. 10 maja 1949 roku, po procesie trwaj\u0105cym 40 minut, [&hellip;]","og_url":"https:\/\/antykomunistyczni.pl\/index.php\/zolnierz-wyklety-ppor-anatol-radziwonik-olech\/","og_site_name":"Antykomunistyczni.pl","article_publisher":"https:\/\/www.facebook.com\/antykomunistyczni\/","article_published_time":"2026-02-28T17:04:45+00:00","article_modified_time":"2026-02-28T17:49:44+00:00","og_image":[{"width":1024,"height":1024,"url":"https:\/\/antykomunistyczni.pl\/wp-content\/uploads\/2026\/02\/AntykomunistyczniLogoSquare.png","type":"image\/png"}],"author":"Antykomunistyczni","twitter_card":"summary_large_image","twitter_creator":"@anty_komunisci","twitter_site":"@anty_komunisci","twitter_misc":{"Napisane przez":"Antykomunistyczni","Szacowany czas czytania":"1 minuta"},"schema":{"@context":"https:\/\/schema.org","@graph":[{"@type":"Article","@id":"https:\/\/antykomunistyczni.pl\/index.php\/zolnierz-wyklety-ppor-anatol-radziwonik-olech\/#article","isPartOf":{"@id":"https:\/\/antykomunistyczni.pl\/index.php\/zolnierz-wyklety-ppor-anatol-radziwonik-olech\/"},"author":{"name":"Antykomunistyczni","@id":"https:\/\/antykomunistyczni.pl\/#\/schema\/person\/4963e693e8006b94062d91d1295d02a0"},"headline":"\u017bo\u0142nierz wykl\u0119ty, ppor. Anatol Radziwonik \u201eOlech\u201d","datePublished":"2026-02-28T17:04:45+00:00","dateModified":"2026-02-28T17:49:44+00:00","mainEntityOfPage":{"@id":"https:\/\/antykomunistyczni.pl\/index.php\/zolnierz-wyklety-ppor-anatol-radziwonik-olech\/"},"wordCount":121,"publisher":{"@id":"https:\/\/antykomunistyczni.pl\/#organization"},"articleSection":["\u015awiadectwa"],"inLanguage":"pl-PL"},{"@type":"WebPage","@id":"https:\/\/antykomunistyczni.pl\/index.php\/zolnierz-wyklety-ppor-anatol-radziwonik-olech\/","url":"https:\/\/antykomunistyczni.pl\/index.php\/zolnierz-wyklety-ppor-anatol-radziwonik-olech\/","name":"\u017bo\u0142nierz wykl\u0119ty, ppor. Anatol Radziwonik \u201eOlech\u201d - Antykomunistyczni.pl","isPartOf":{"@id":"https:\/\/antykomunistyczni.pl\/#website"},"datePublished":"2026-02-28T17:04:45+00:00","dateModified":"2026-02-28T17:49:44+00:00","breadcrumb":{"@id":"https:\/\/antykomunistyczni.pl\/index.php\/zolnierz-wyklety-ppor-anatol-radziwonik-olech\/#breadcrumb"},"inLanguage":"pl-PL","potentialAction":[{"@type":"ReadAction","target":["https:\/\/antykomunistyczni.pl\/index.php\/zolnierz-wyklety-ppor-anatol-radziwonik-olech\/"]}]},{"@type":"BreadcrumbList","@id":"https:\/\/antykomunistyczni.pl\/index.php\/zolnierz-wyklety-ppor-anatol-radziwonik-olech\/#breadcrumb","itemListElement":[{"@type":"ListItem","position":1,"name":"Strona g\u0142\u00f3wna","item":"https:\/\/antykomunistyczni.pl\/"},{"@type":"ListItem","position":2,"name":"\u017bo\u0142nierz wykl\u0119ty, ppor. Anatol Radziwonik \u201eOlech\u201d"}]},{"@type":"WebSite","@id":"https:\/\/antykomunistyczni.pl\/#website","url":"https:\/\/antykomunistyczni.pl\/","name":"Antykomunistyczni.pl","description":"","publisher":{"@id":"https:\/\/antykomunistyczni.pl\/#organization"},"alternateName":"Historia PRL, zbrodnie komunistyczne w Polsce i na \u015bwiecie","potentialAction":[{"@type":"SearchAction","target":{"@type":"EntryPoint","urlTemplate":"https:\/\/antykomunistyczni.pl\/?s={search_term_string}"},"query-input":{"@type":"PropertyValueSpecification","valueRequired":true,"valueName":"search_term_string"}}],"inLanguage":"pl-PL"},{"@type":"Organization","@id":"https:\/\/antykomunistyczni.pl\/#organization","name":"Antykomunistyczni.pl","url":"https:\/\/antykomunistyczni.pl\/","logo":{"@type":"ImageObject","inLanguage":"pl-PL","@id":"https:\/\/antykomunistyczni.pl\/#\/schema\/logo\/image\/","url":"https:\/\/antykomunistyczni.pl\/wp-content\/uploads\/2026\/02\/cropped-AntykomunistyczniLogoSquare150x150-2.png","contentUrl":"https:\/\/antykomunistyczni.pl\/wp-content\/uploads\/2026\/02\/cropped-AntykomunistyczniLogoSquare150x150-2.png","width":150,"height":150,"caption":"Antykomunistyczni.pl"},"image":{"@id":"https:\/\/antykomunistyczni.pl\/#\/schema\/logo\/image\/"},"sameAs":["https:\/\/www.facebook.com\/antykomunistyczni\/","https:\/\/x.com\/anty_komunisci"]},{"@type":"Person","@id":"https:\/\/antykomunistyczni.pl\/#\/schema\/person\/4963e693e8006b94062d91d1295d02a0","name":"Antykomunistyczni","image":{"@type":"ImageObject","inLanguage":"pl-PL","@id":"https:\/\/secure.gravatar.com\/avatar\/ff172875f9ced7887f883245268c1ba638c26cf1e0530f7f61b4705963a6730b?s=96&d=mm&r=g","url":"https:\/\/secure.gravatar.com\/avatar\/ff172875f9ced7887f883245268c1ba638c26cf1e0530f7f61b4705963a6730b?s=96&d=mm&r=g","contentUrl":"https:\/\/secure.gravatar.com\/avatar\/ff172875f9ced7887f883245268c1ba638c26cf1e0530f7f61b4705963a6730b?s=96&d=mm&r=g","caption":"Antykomunistyczni"},"sameAs":["http:\/\/antykomunistyczni.pl"],"url":"https:\/\/antykomunistyczni.pl\/index.php\/author\/admin0\/"}]}},"_links":{"self":[{"href":"https:\/\/antykomunistyczni.pl\/index.php\/wp-json\/wp\/v2\/posts\/397","targetHints":{"allow":["GET"]}}],"collection":[{"href":"https:\/\/antykomunistyczni.pl\/index.php\/wp-json\/wp\/v2\/posts"}],"about":[{"href":"https:\/\/antykomunistyczni.pl\/index.php\/wp-json\/wp\/v2\/types\/post"}],"author":[{"embeddable":true,"href":"https:\/\/antykomunistyczni.pl\/index.php\/wp-json\/wp\/v2\/users\/1"}],"replies":[{"embeddable":true,"href":"https:\/\/antykomunistyczni.pl\/index.php\/wp-json\/wp\/v2\/comments?post=397"}],"version-history":[{"count":1,"href":"https:\/\/antykomunistyczni.pl\/index.php\/wp-json\/wp\/v2\/posts\/397\/revisions"}],"predecessor-version":[{"id":398,"href":"https:\/\/antykomunistyczni.pl\/index.php\/wp-json\/wp\/v2\/posts\/397\/revisions\/398"}],"wp:attachment":[{"href":"https:\/\/antykomunistyczni.pl\/index.php\/wp-json\/wp\/v2\/media?parent=397"}],"wp:term":[{"taxonomy":"category","embeddable":true,"href":"https:\/\/antykomunistyczni.pl\/index.php\/wp-json\/wp\/v2\/categories?post=397"},{"taxonomy":"post_tag","embeddable":true,"href":"https:\/\/antykomunistyczni.pl\/index.php\/wp-json\/wp\/v2\/tags?post=397"}],"curies":[{"name":"wp","href":"https:\/\/api.w.org\/{rel}","templated":true}]}}