{"id":399,"date":"2026-02-28T18:05:27","date_gmt":"2026-02-28T17:05:27","guid":{"rendered":"https:\/\/antykomunistyczni.pl\/?p=399"},"modified":"2026-02-28T18:49:44","modified_gmt":"2026-02-28T17:49:44","slug":"rolnik-michal-zywiecki","status":"publish","type":"post","link":"https:\/\/antykomunistyczni.pl\/index.php\/rolnik-michal-zywiecki\/","title":{"rendered":"Rolnik Micha\u0142 \u017bywiecki"},"content":{"rendered":"\n<p class=\"wp-block-paragraph\">Zamordowany w 1951 roku za odmow\u0119 oddania ziemi do PGR-u \u201eMia\u0142em 12 hektar\u00f3w pod Lublinem. W 1951 roku przyszli do mnie ubowcy i dzia\u0142acze partii: \u00abOddaj ziemi\u0119 do sp\u00f3\u0142dzielni produkcyjnej\u00bb. Odpar\u0142em: \u00abDop\u00f3ki \u017cyj\u0119, nikt mi mojej ziemi nie we\u017amie\u00bb. W nocy z 3 na 4 kwietnia 1951 roku wyci\u0105gn\u0119li mnie z cha\u0142upy. \u017bon\u0119 i pi\u0105tk\u0119 dzieci zamkn\u0119li w drugim pokoju. Mnie bili kolbami po g\u0142owie, a\u017c krew la\u0142a si\u0119 po twarzy. Zawi\u0105zali mi oczy i wywie\u017ali do lasu pod Krasieninem. Tam zakopali \u017cywcem w dole po wapnie. \u017bona znalaz\u0142a mnie dopiero po 30 latach \u2013 gdy przypadkowo odkryto masowy gr\u00f3b. Komuni\u015bci zabili mnie tylko za to, \u017ce nie chcia\u0142em by\u0107 niewolnikiem ko\u0142chozu.\u201d <\/p>\n\n\n\n<p class=\"wp-block-paragraph\"><\/p>\n","protected":false},"excerpt":{"rendered":"<p>Zamordowany w 1951 roku za odmow\u0119 oddania ziemi do PGR-u \u201eMia\u0142em 12 hektar\u00f3w pod Lublinem. W 1951 roku przyszli do mnie ubowcy i dzia\u0142acze partii: \u00abOddaj ziemi\u0119 do sp\u00f3\u0142dzielni produkcyjnej\u00bb. Odpar\u0142em: \u00abDop\u00f3ki \u017cyj\u0119, nikt mi mojej ziemi nie we\u017amie\u00bb. W nocy z 3 na 4 kwietnia 1951 roku wyci\u0105gn\u0119li mnie z cha\u0142upy. \u017bon\u0119 i pi\u0105tk\u0119 [&hellip;]<\/p>\n","protected":false},"author":1,"featured_media":0,"comment_status":"closed","ping_status":"open","sticky":false,"template":"","format":"standard","meta":{"give_campaign_id":0,"footnotes":""},"categories":[23],"tags":[],"class_list":["post-399","post","type-post","status-publish","format-standard","hentry","category-swiadectwa"],"yoast_head":"<!-- This site is optimized with the Yoast SEO plugin v28.4 - https:\/\/yoast.com\/product\/yoast-seo-wordpress\/ -->\n<title>Rolnik Micha\u0142 \u017bywiecki - Antykomunistyczni.pl<\/title>\n<meta name=\"robots\" content=\"index, follow, max-snippet:-1, max-image-preview:large, max-video-preview:-1\" \/>\n<link rel=\"canonical\" href=\"https:\/\/antykomunistyczni.pl\/index.php\/rolnik-michal-zywiecki\/\" \/>\n<meta property=\"og:locale\" content=\"pl_PL\" \/>\n<meta property=\"og:type\" content=\"article\" \/>\n<meta property=\"og:title\" content=\"Rolnik Micha\u0142 \u017bywiecki - Antykomunistyczni.pl\" \/>\n<meta property=\"og:description\" content=\"Zamordowany w 1951 roku za odmow\u0119 oddania ziemi do PGR-u \u201eMia\u0142em 12 hektar\u00f3w pod Lublinem. W 1951 roku przyszli do mnie ubowcy i dzia\u0142acze partii: \u00abOddaj ziemi\u0119 do sp\u00f3\u0142dzielni produkcyjnej\u00bb. Odpar\u0142em: \u00abDop\u00f3ki \u017cyj\u0119, nikt mi mojej ziemi nie we\u017amie\u00bb. W nocy z 3 na 4 kwietnia 1951 roku wyci\u0105gn\u0119li mnie z cha\u0142upy. \u017bon\u0119 i pi\u0105tk\u0119 [&hellip;]\" \/>\n<meta property=\"og:url\" content=\"https:\/\/antykomunistyczni.pl\/index.php\/rolnik-michal-zywiecki\/\" \/>\n<meta property=\"og:site_name\" content=\"Antykomunistyczni.pl\" \/>\n<meta property=\"article:publisher\" content=\"https:\/\/www.facebook.com\/antykomunistyczni\/\" \/>\n<meta property=\"article:published_time\" content=\"2026-02-28T17:05:27+00:00\" \/>\n<meta property=\"article:modified_time\" content=\"2026-02-28T17:49:44+00:00\" \/>\n<meta property=\"og:image\" content=\"https:\/\/antykomunistyczni.pl\/wp-content\/uploads\/2026\/02\/AntykomunistyczniLogoSquare.png\" \/>\n\t<meta property=\"og:image:width\" content=\"1024\" \/>\n\t<meta property=\"og:image:height\" content=\"1024\" \/>\n\t<meta property=\"og:image:type\" content=\"image\/png\" \/>\n<meta name=\"author\" content=\"Antykomunistyczni\" \/>\n<meta name=\"twitter:card\" content=\"summary_large_image\" \/>\n<meta name=\"twitter:creator\" content=\"@anty_komunisci\" \/>\n<meta name=\"twitter:site\" content=\"@anty_komunisci\" \/>\n<meta name=\"twitter:label1\" content=\"Napisane przez\" \/>\n\t<meta name=\"twitter:data1\" content=\"Antykomunistyczni\" \/>\n\t<meta name=\"twitter:label2\" content=\"Szacowany czas czytania\" \/>\n\t<meta name=\"twitter:data2\" content=\"1 minuta\" \/>\n<script type=\"application\/ld+json\" class=\"yoast-schema-graph\">{\"@context\":\"https:\\\/\\\/schema.org\",\"@graph\":[{\"@type\":\"Article\",\"@id\":\"https:\\\/\\\/antykomunistyczni.pl\\\/index.php\\\/rolnik-michal-zywiecki\\\/#article\",\"isPartOf\":{\"@id\":\"https:\\\/\\\/antykomunistyczni.pl\\\/index.php\\\/rolnik-michal-zywiecki\\\/\"},\"author\":{\"name\":\"Antykomunistyczni\",\"@id\":\"https:\\\/\\\/antykomunistyczni.pl\\\/#\\\/schema\\\/person\\\/4963e693e8006b94062d91d1295d02a0\"},\"headline\":\"Rolnik Micha\u0142 \u017bywiecki\",\"datePublished\":\"2026-02-28T17:05:27+00:00\",\"dateModified\":\"2026-02-28T17:49:44+00:00\",\"mainEntityOfPage\":{\"@id\":\"https:\\\/\\\/antykomunistyczni.pl\\\/index.php\\\/rolnik-michal-zywiecki\\\/\"},\"wordCount\":128,\"publisher\":{\"@id\":\"https:\\\/\\\/antykomunistyczni.pl\\\/#organization\"},\"articleSection\":[\"\u015awiadectwa\"],\"inLanguage\":\"pl-PL\"},{\"@type\":\"WebPage\",\"@id\":\"https:\\\/\\\/antykomunistyczni.pl\\\/index.php\\\/rolnik-michal-zywiecki\\\/\",\"url\":\"https:\\\/\\\/antykomunistyczni.pl\\\/index.php\\\/rolnik-michal-zywiecki\\\/\",\"name\":\"Rolnik Micha\u0142 \u017bywiecki - Antykomunistyczni.pl\",\"isPartOf\":{\"@id\":\"https:\\\/\\\/antykomunistyczni.pl\\\/#website\"},\"datePublished\":\"2026-02-28T17:05:27+00:00\",\"dateModified\":\"2026-02-28T17:49:44+00:00\",\"breadcrumb\":{\"@id\":\"https:\\\/\\\/antykomunistyczni.pl\\\/index.php\\\/rolnik-michal-zywiecki\\\/#breadcrumb\"},\"inLanguage\":\"pl-PL\",\"potentialAction\":[{\"@type\":\"ReadAction\",\"target\":[\"https:\\\/\\\/antykomunistyczni.pl\\\/index.php\\\/rolnik-michal-zywiecki\\\/\"]}]},{\"@type\":\"BreadcrumbList\",\"@id\":\"https:\\\/\\\/antykomunistyczni.pl\\\/index.php\\\/rolnik-michal-zywiecki\\\/#breadcrumb\",\"itemListElement\":[{\"@type\":\"ListItem\",\"position\":1,\"name\":\"Strona g\u0142\u00f3wna\",\"item\":\"https:\\\/\\\/antykomunistyczni.pl\\\/\"},{\"@type\":\"ListItem\",\"position\":2,\"name\":\"Rolnik Micha\u0142 \u017bywiecki\"}]},{\"@type\":\"WebSite\",\"@id\":\"https:\\\/\\\/antykomunistyczni.pl\\\/#website\",\"url\":\"https:\\\/\\\/antykomunistyczni.pl\\\/\",\"name\":\"Antykomunistyczni.pl\",\"description\":\"\",\"publisher\":{\"@id\":\"https:\\\/\\\/antykomunistyczni.pl\\\/#organization\"},\"alternateName\":\"Historia PRL, zbrodnie komunistyczne w Polsce i na \u015bwiecie\",\"potentialAction\":[{\"@type\":\"SearchAction\",\"target\":{\"@type\":\"EntryPoint\",\"urlTemplate\":\"https:\\\/\\\/antykomunistyczni.pl\\\/?s={search_term_string}\"},\"query-input\":{\"@type\":\"PropertyValueSpecification\",\"valueRequired\":true,\"valueName\":\"search_term_string\"}}],\"inLanguage\":\"pl-PL\"},{\"@type\":\"Organization\",\"@id\":\"https:\\\/\\\/antykomunistyczni.pl\\\/#organization\",\"name\":\"Antykomunistyczni.pl\",\"url\":\"https:\\\/\\\/antykomunistyczni.pl\\\/\",\"logo\":{\"@type\":\"ImageObject\",\"inLanguage\":\"pl-PL\",\"@id\":\"https:\\\/\\\/antykomunistyczni.pl\\\/#\\\/schema\\\/logo\\\/image\\\/\",\"url\":\"https:\\\/\\\/antykomunistyczni.pl\\\/wp-content\\\/uploads\\\/2026\\\/02\\\/cropped-AntykomunistyczniLogoSquare150x150-2.png\",\"contentUrl\":\"https:\\\/\\\/antykomunistyczni.pl\\\/wp-content\\\/uploads\\\/2026\\\/02\\\/cropped-AntykomunistyczniLogoSquare150x150-2.png\",\"width\":150,\"height\":150,\"caption\":\"Antykomunistyczni.pl\"},\"image\":{\"@id\":\"https:\\\/\\\/antykomunistyczni.pl\\\/#\\\/schema\\\/logo\\\/image\\\/\"},\"sameAs\":[\"https:\\\/\\\/www.facebook.com\\\/antykomunistyczni\\\/\",\"https:\\\/\\\/x.com\\\/anty_komunisci\"]},{\"@type\":\"Person\",\"@id\":\"https:\\\/\\\/antykomunistyczni.pl\\\/#\\\/schema\\\/person\\\/4963e693e8006b94062d91d1295d02a0\",\"name\":\"Antykomunistyczni\",\"image\":{\"@type\":\"ImageObject\",\"inLanguage\":\"pl-PL\",\"@id\":\"https:\\\/\\\/secure.gravatar.com\\\/avatar\\\/ff172875f9ced7887f883245268c1ba638c26cf1e0530f7f61b4705963a6730b?s=96&d=mm&r=g\",\"url\":\"https:\\\/\\\/secure.gravatar.com\\\/avatar\\\/ff172875f9ced7887f883245268c1ba638c26cf1e0530f7f61b4705963a6730b?s=96&d=mm&r=g\",\"contentUrl\":\"https:\\\/\\\/secure.gravatar.com\\\/avatar\\\/ff172875f9ced7887f883245268c1ba638c26cf1e0530f7f61b4705963a6730b?s=96&d=mm&r=g\",\"caption\":\"Antykomunistyczni\"},\"sameAs\":[\"http:\\\/\\\/antykomunistyczni.pl\"],\"url\":\"https:\\\/\\\/antykomunistyczni.pl\\\/index.php\\\/author\\\/admin0\\\/\"}]}<\/script>\n<!-- \/ Yoast SEO plugin. -->","yoast_head_json":{"title":"Rolnik Micha\u0142 \u017bywiecki - Antykomunistyczni.pl","robots":{"index":"index","follow":"follow","max-snippet":"max-snippet:-1","max-image-preview":"max-image-preview:large","max-video-preview":"max-video-preview:-1"},"canonical":"https:\/\/antykomunistyczni.pl\/index.php\/rolnik-michal-zywiecki\/","og_locale":"pl_PL","og_type":"article","og_title":"Rolnik Micha\u0142 \u017bywiecki - Antykomunistyczni.pl","og_description":"Zamordowany w 1951 roku za odmow\u0119 oddania ziemi do PGR-u \u201eMia\u0142em 12 hektar\u00f3w pod Lublinem. W 1951 roku przyszli do mnie ubowcy i dzia\u0142acze partii: \u00abOddaj ziemi\u0119 do sp\u00f3\u0142dzielni produkcyjnej\u00bb. Odpar\u0142em: \u00abDop\u00f3ki \u017cyj\u0119, nikt mi mojej ziemi nie we\u017amie\u00bb. W nocy z 3 na 4 kwietnia 1951 roku wyci\u0105gn\u0119li mnie z cha\u0142upy. \u017bon\u0119 i pi\u0105tk\u0119 [&hellip;]","og_url":"https:\/\/antykomunistyczni.pl\/index.php\/rolnik-michal-zywiecki\/","og_site_name":"Antykomunistyczni.pl","article_publisher":"https:\/\/www.facebook.com\/antykomunistyczni\/","article_published_time":"2026-02-28T17:05:27+00:00","article_modified_time":"2026-02-28T17:49:44+00:00","og_image":[{"width":1024,"height":1024,"url":"https:\/\/antykomunistyczni.pl\/wp-content\/uploads\/2026\/02\/AntykomunistyczniLogoSquare.png","type":"image\/png"}],"author":"Antykomunistyczni","twitter_card":"summary_large_image","twitter_creator":"@anty_komunisci","twitter_site":"@anty_komunisci","twitter_misc":{"Napisane przez":"Antykomunistyczni","Szacowany czas czytania":"1 minuta"},"schema":{"@context":"https:\/\/schema.org","@graph":[{"@type":"Article","@id":"https:\/\/antykomunistyczni.pl\/index.php\/rolnik-michal-zywiecki\/#article","isPartOf":{"@id":"https:\/\/antykomunistyczni.pl\/index.php\/rolnik-michal-zywiecki\/"},"author":{"name":"Antykomunistyczni","@id":"https:\/\/antykomunistyczni.pl\/#\/schema\/person\/4963e693e8006b94062d91d1295d02a0"},"headline":"Rolnik Micha\u0142 \u017bywiecki","datePublished":"2026-02-28T17:05:27+00:00","dateModified":"2026-02-28T17:49:44+00:00","mainEntityOfPage":{"@id":"https:\/\/antykomunistyczni.pl\/index.php\/rolnik-michal-zywiecki\/"},"wordCount":128,"publisher":{"@id":"https:\/\/antykomunistyczni.pl\/#organization"},"articleSection":["\u015awiadectwa"],"inLanguage":"pl-PL"},{"@type":"WebPage","@id":"https:\/\/antykomunistyczni.pl\/index.php\/rolnik-michal-zywiecki\/","url":"https:\/\/antykomunistyczni.pl\/index.php\/rolnik-michal-zywiecki\/","name":"Rolnik Micha\u0142 \u017bywiecki - Antykomunistyczni.pl","isPartOf":{"@id":"https:\/\/antykomunistyczni.pl\/#website"},"datePublished":"2026-02-28T17:05:27+00:00","dateModified":"2026-02-28T17:49:44+00:00","breadcrumb":{"@id":"https:\/\/antykomunistyczni.pl\/index.php\/rolnik-michal-zywiecki\/#breadcrumb"},"inLanguage":"pl-PL","potentialAction":[{"@type":"ReadAction","target":["https:\/\/antykomunistyczni.pl\/index.php\/rolnik-michal-zywiecki\/"]}]},{"@type":"BreadcrumbList","@id":"https:\/\/antykomunistyczni.pl\/index.php\/rolnik-michal-zywiecki\/#breadcrumb","itemListElement":[{"@type":"ListItem","position":1,"name":"Strona g\u0142\u00f3wna","item":"https:\/\/antykomunistyczni.pl\/"},{"@type":"ListItem","position":2,"name":"Rolnik Micha\u0142 \u017bywiecki"}]},{"@type":"WebSite","@id":"https:\/\/antykomunistyczni.pl\/#website","url":"https:\/\/antykomunistyczni.pl\/","name":"Antykomunistyczni.pl","description":"","publisher":{"@id":"https:\/\/antykomunistyczni.pl\/#organization"},"alternateName":"Historia PRL, zbrodnie komunistyczne w Polsce i na \u015bwiecie","potentialAction":[{"@type":"SearchAction","target":{"@type":"EntryPoint","urlTemplate":"https:\/\/antykomunistyczni.pl\/?s={search_term_string}"},"query-input":{"@type":"PropertyValueSpecification","valueRequired":true,"valueName":"search_term_string"}}],"inLanguage":"pl-PL"},{"@type":"Organization","@id":"https:\/\/antykomunistyczni.pl\/#organization","name":"Antykomunistyczni.pl","url":"https:\/\/antykomunistyczni.pl\/","logo":{"@type":"ImageObject","inLanguage":"pl-PL","@id":"https:\/\/antykomunistyczni.pl\/#\/schema\/logo\/image\/","url":"https:\/\/antykomunistyczni.pl\/wp-content\/uploads\/2026\/02\/cropped-AntykomunistyczniLogoSquare150x150-2.png","contentUrl":"https:\/\/antykomunistyczni.pl\/wp-content\/uploads\/2026\/02\/cropped-AntykomunistyczniLogoSquare150x150-2.png","width":150,"height":150,"caption":"Antykomunistyczni.pl"},"image":{"@id":"https:\/\/antykomunistyczni.pl\/#\/schema\/logo\/image\/"},"sameAs":["https:\/\/www.facebook.com\/antykomunistyczni\/","https:\/\/x.com\/anty_komunisci"]},{"@type":"Person","@id":"https:\/\/antykomunistyczni.pl\/#\/schema\/person\/4963e693e8006b94062d91d1295d02a0","name":"Antykomunistyczni","image":{"@type":"ImageObject","inLanguage":"pl-PL","@id":"https:\/\/secure.gravatar.com\/avatar\/ff172875f9ced7887f883245268c1ba638c26cf1e0530f7f61b4705963a6730b?s=96&d=mm&r=g","url":"https:\/\/secure.gravatar.com\/avatar\/ff172875f9ced7887f883245268c1ba638c26cf1e0530f7f61b4705963a6730b?s=96&d=mm&r=g","contentUrl":"https:\/\/secure.gravatar.com\/avatar\/ff172875f9ced7887f883245268c1ba638c26cf1e0530f7f61b4705963a6730b?s=96&d=mm&r=g","caption":"Antykomunistyczni"},"sameAs":["http:\/\/antykomunistyczni.pl"],"url":"https:\/\/antykomunistyczni.pl\/index.php\/author\/admin0\/"}]}},"_links":{"self":[{"href":"https:\/\/antykomunistyczni.pl\/index.php\/wp-json\/wp\/v2\/posts\/399","targetHints":{"allow":["GET"]}}],"collection":[{"href":"https:\/\/antykomunistyczni.pl\/index.php\/wp-json\/wp\/v2\/posts"}],"about":[{"href":"https:\/\/antykomunistyczni.pl\/index.php\/wp-json\/wp\/v2\/types\/post"}],"author":[{"embeddable":true,"href":"https:\/\/antykomunistyczni.pl\/index.php\/wp-json\/wp\/v2\/users\/1"}],"replies":[{"embeddable":true,"href":"https:\/\/antykomunistyczni.pl\/index.php\/wp-json\/wp\/v2\/comments?post=399"}],"version-history":[{"count":1,"href":"https:\/\/antykomunistyczni.pl\/index.php\/wp-json\/wp\/v2\/posts\/399\/revisions"}],"predecessor-version":[{"id":400,"href":"https:\/\/antykomunistyczni.pl\/index.php\/wp-json\/wp\/v2\/posts\/399\/revisions\/400"}],"wp:attachment":[{"href":"https:\/\/antykomunistyczni.pl\/index.php\/wp-json\/wp\/v2\/media?parent=399"}],"wp:term":[{"taxonomy":"category","embeddable":true,"href":"https:\/\/antykomunistyczni.pl\/index.php\/wp-json\/wp\/v2\/categories?post=399"},{"taxonomy":"post_tag","embeddable":true,"href":"https:\/\/antykomunistyczni.pl\/index.php\/wp-json\/wp\/v2\/tags?post=399"}],"curies":[{"name":"wp","href":"https:\/\/api.w.org\/{rel}","templated":true}]}}