{"id":530,"date":"2026-03-02T13:07:04","date_gmt":"2026-03-02T12:07:04","guid":{"rendered":"https:\/\/antykomunistyczni.pl\/?p=530"},"modified":"2026-03-02T13:07:05","modified_gmt":"2026-03-02T12:07:05","slug":"piotr-smietanski-1899-1950","status":"publish","type":"post","link":"https:\/\/antykomunistyczni.pl\/index.php\/piotr-smietanski-1899-1950\/","title":{"rendered":"Piotr \u015amieta\u0144ski (1899-1950)"},"content":{"rendered":"\n<p class=\"wp-block-paragraph\">kat, jeden z g\u0142\u00f3wnych egzekutor\u00f3w w Polsce Ludowej w okresie stalinizmu, funkcjonariusz Urz\u0119du Bezpiecze\u0144stwa w stopniu starszego sier\u017canta. Uko\u0144czy\u0142 cztery klasy szko\u0142y powszechnej, pracowa\u0142 jako robotnik budowlany. Zmobilizowany, uczestniczy\u0142 w wojnie polsko-bolszewickiej w stopniu szeregowca. W 1923 wst\u0105pi\u0142 do Komunistycznej Partii Robotniczej Polski, przyj\u0105\u0142 pseudonim Moj\u017cesz. Od 1943 cz\u0142onek Polskiej Partii Robotniczej, w 1944 wst\u0105pi\u0142 do Armii Ludowej. 17 stycznia 1945 zosta\u0142 funkcjonariuszem sekcji VII wydzia\u0142u I Wojew\u00f3dzkiego Urz\u0119du Bezpiecze\u0144stwa Publicznego w Warszawie w randze wywiadowcy. Od 1 lutego 1947 pozostawa\u0142 do dyspozycji szefa i w randze starszego sier\u017canta by\u0142 dow\u00f3dc\u0105 plutonu egzekucyjnego w wi\u0119zieniu mokotowskim, faktycznie jednoosobowo dokonuj\u0105cym egzekucji. Osobi\u015bcie wykonywa\u0142 kary \u015bmierci. W okresie stalinowskim by\u0142 wykonawc\u0105 wyrok\u00f3w \u015bmierci na wielu \u017co\u0142nierzach wykl\u0119tych, by\u0142ych oficerach Armii Krajowej, w tym m.in. na por. Jerzym Miatkowskim, por. Tadeuszu Pelaku, por. Edmundzie Tudruju, por. Arkadiuszu Wasilewskim, por. Romanie Gro\u0144skim, kapitanie Stanis\u0142awie \u0141ukasiku,\u00a0<strong>majorze Hieronimie Dekutowskim<\/strong>\u00a0(zabitych przez \u015amieta\u0144skiego jednego dnia \u2013 7 marca 1949). 25 maja 1948\u00a0<strong>wykona\u0142 wyrok \u015bmierci na rotmistrzu Witoldzie Pileckim<\/strong>. Jego \u017con\u0105 by\u0142a od 1923 Eufemia z Chmielewskich. Mieli trzy c\u00f3rki:\u00a0<strong>Iren\u0119 (ur. 1924), Zofi\u0119 (ur. 1926) i Zdzis\u0142aw\u0119 (ur. 1933)<\/strong>. Irena i Zdzis\u0142awa pracowa\u0142y po 1945 r\u00f3wnie\u017c w Ministerstwie Bezpiecze\u0144stwa Publicznego. Zmar\u0142 na gru\u017alic\u0119 i zosta\u0142 pochowany na Cmentarzu Br\u00f3dnowskim. Miejsce grobowe dalej istnieje, nagrobek si\u0119 nie zachowa\u0142.<\/p>\n\n\n\n<p class=\"wp-block-paragraph\"><\/p>\n","protected":false},"excerpt":{"rendered":"<p>kat, jeden z g\u0142\u00f3wnych egzekutor\u00f3w w Polsce Ludowej w okresie stalinizmu, funkcjonariusz Urz\u0119du Bezpiecze\u0144stwa w stopniu starszego sier\u017canta. Uko\u0144czy\u0142 cztery klasy szko\u0142y powszechnej, pracowa\u0142 jako robotnik budowlany. Zmobilizowany, uczestniczy\u0142 w wojnie polsko-bolszewickiej w stopniu szeregowca. W 1923 wst\u0105pi\u0142 do Komunistycznej Partii Robotniczej Polski, przyj\u0105\u0142 pseudonim Moj\u017cesz. Od 1943 cz\u0142onek Polskiej Partii Robotniczej, w 1944 wst\u0105pi\u0142 [&hellip;]<\/p>\n","protected":false},"author":1,"featured_media":0,"comment_status":"closed","ping_status":"closed","sticky":false,"template":"","format":"standard","meta":{"give_campaign_id":0,"footnotes":""},"categories":[26,32],"tags":[],"class_list":["post-530","post","type-post","status-publish","format-standard","hentry","category-komunisci","category-stalinizm-w-polsce"],"yoast_head":"<!-- This site is optimized with the Yoast SEO plugin v28.4 - https:\/\/yoast.com\/product\/yoast-seo-wordpress\/ -->\n<title>Piotr \u015amieta\u0144ski (1899-1950) - Antykomunistyczni.pl<\/title>\n<meta name=\"robots\" content=\"index, follow, max-snippet:-1, max-image-preview:large, max-video-preview:-1\" \/>\n<link rel=\"canonical\" href=\"https:\/\/antykomunistyczni.pl\/index.php\/piotr-smietanski-1899-1950\/\" \/>\n<meta property=\"og:locale\" content=\"pl_PL\" \/>\n<meta property=\"og:type\" content=\"article\" \/>\n<meta property=\"og:title\" content=\"Piotr \u015amieta\u0144ski (1899-1950) - Antykomunistyczni.pl\" \/>\n<meta property=\"og:description\" content=\"kat, jeden z g\u0142\u00f3wnych egzekutor\u00f3w w Polsce Ludowej w okresie stalinizmu, funkcjonariusz Urz\u0119du Bezpiecze\u0144stwa w stopniu starszego sier\u017canta. Uko\u0144czy\u0142 cztery klasy szko\u0142y powszechnej, pracowa\u0142 jako robotnik budowlany. Zmobilizowany, uczestniczy\u0142 w wojnie polsko-bolszewickiej w stopniu szeregowca. W 1923 wst\u0105pi\u0142 do Komunistycznej Partii Robotniczej Polski, przyj\u0105\u0142 pseudonim Moj\u017cesz. Od 1943 cz\u0142onek Polskiej Partii Robotniczej, w 1944 wst\u0105pi\u0142 [&hellip;]\" \/>\n<meta property=\"og:url\" content=\"https:\/\/antykomunistyczni.pl\/index.php\/piotr-smietanski-1899-1950\/\" \/>\n<meta property=\"og:site_name\" content=\"Antykomunistyczni.pl\" \/>\n<meta property=\"article:publisher\" content=\"https:\/\/www.facebook.com\/antykomunistyczni\/\" \/>\n<meta property=\"article:published_time\" content=\"2026-03-02T12:07:04+00:00\" \/>\n<meta property=\"article:modified_time\" content=\"2026-03-02T12:07:05+00:00\" \/>\n<meta property=\"og:image\" content=\"https:\/\/antykomunistyczni.pl\/wp-content\/uploads\/2026\/02\/AntykomunistyczniLogoSquare.png\" \/>\n\t<meta property=\"og:image:width\" content=\"1024\" \/>\n\t<meta property=\"og:image:height\" content=\"1024\" \/>\n\t<meta property=\"og:image:type\" content=\"image\/png\" \/>\n<meta name=\"author\" content=\"Antykomunistyczni\" \/>\n<meta name=\"twitter:card\" content=\"summary_large_image\" \/>\n<meta name=\"twitter:creator\" content=\"@anty_komunisci\" \/>\n<meta name=\"twitter:site\" content=\"@anty_komunisci\" \/>\n<meta name=\"twitter:label1\" content=\"Napisane przez\" \/>\n\t<meta name=\"twitter:data1\" content=\"Antykomunistyczni\" \/>\n\t<meta name=\"twitter:label2\" content=\"Szacowany czas czytania\" \/>\n\t<meta name=\"twitter:data2\" content=\"1 minuta\" \/>\n<script type=\"application\/ld+json\" class=\"yoast-schema-graph\">{\"@context\":\"https:\\\/\\\/schema.org\",\"@graph\":[{\"@type\":\"Article\",\"@id\":\"https:\\\/\\\/antykomunistyczni.pl\\\/index.php\\\/piotr-smietanski-1899-1950\\\/#article\",\"isPartOf\":{\"@id\":\"https:\\\/\\\/antykomunistyczni.pl\\\/index.php\\\/piotr-smietanski-1899-1950\\\/\"},\"author\":{\"name\":\"Antykomunistyczni\",\"@id\":\"https:\\\/\\\/antykomunistyczni.pl\\\/#\\\/schema\\\/person\\\/4963e693e8006b94062d91d1295d02a0\"},\"headline\":\"Piotr \u015amieta\u0144ski (1899-1950)\",\"datePublished\":\"2026-03-02T12:07:04+00:00\",\"dateModified\":\"2026-03-02T12:07:05+00:00\",\"mainEntityOfPage\":{\"@id\":\"https:\\\/\\\/antykomunistyczni.pl\\\/index.php\\\/piotr-smietanski-1899-1950\\\/\"},\"wordCount\":236,\"publisher\":{\"@id\":\"https:\\\/\\\/antykomunistyczni.pl\\\/#organization\"},\"articleSection\":[\"Komuni\u015bci\",\"Stalinizm w Polsce\"],\"inLanguage\":\"pl-PL\"},{\"@type\":\"WebPage\",\"@id\":\"https:\\\/\\\/antykomunistyczni.pl\\\/index.php\\\/piotr-smietanski-1899-1950\\\/\",\"url\":\"https:\\\/\\\/antykomunistyczni.pl\\\/index.php\\\/piotr-smietanski-1899-1950\\\/\",\"name\":\"Piotr \u015amieta\u0144ski (1899-1950) - Antykomunistyczni.pl\",\"isPartOf\":{\"@id\":\"https:\\\/\\\/antykomunistyczni.pl\\\/#website\"},\"datePublished\":\"2026-03-02T12:07:04+00:00\",\"dateModified\":\"2026-03-02T12:07:05+00:00\",\"breadcrumb\":{\"@id\":\"https:\\\/\\\/antykomunistyczni.pl\\\/index.php\\\/piotr-smietanski-1899-1950\\\/#breadcrumb\"},\"inLanguage\":\"pl-PL\",\"potentialAction\":[{\"@type\":\"ReadAction\",\"target\":[\"https:\\\/\\\/antykomunistyczni.pl\\\/index.php\\\/piotr-smietanski-1899-1950\\\/\"]}]},{\"@type\":\"BreadcrumbList\",\"@id\":\"https:\\\/\\\/antykomunistyczni.pl\\\/index.php\\\/piotr-smietanski-1899-1950\\\/#breadcrumb\",\"itemListElement\":[{\"@type\":\"ListItem\",\"position\":1,\"name\":\"Strona g\u0142\u00f3wna\",\"item\":\"https:\\\/\\\/antykomunistyczni.pl\\\/\"},{\"@type\":\"ListItem\",\"position\":2,\"name\":\"Piotr \u015amieta\u0144ski (1899-1950)\"}]},{\"@type\":\"WebSite\",\"@id\":\"https:\\\/\\\/antykomunistyczni.pl\\\/#website\",\"url\":\"https:\\\/\\\/antykomunistyczni.pl\\\/\",\"name\":\"Antykomunistyczni.pl\",\"description\":\"\",\"publisher\":{\"@id\":\"https:\\\/\\\/antykomunistyczni.pl\\\/#organization\"},\"alternateName\":\"Historia PRL, zbrodnie komunistyczne w Polsce i na \u015bwiecie\",\"potentialAction\":[{\"@type\":\"SearchAction\",\"target\":{\"@type\":\"EntryPoint\",\"urlTemplate\":\"https:\\\/\\\/antykomunistyczni.pl\\\/?s={search_term_string}\"},\"query-input\":{\"@type\":\"PropertyValueSpecification\",\"valueRequired\":true,\"valueName\":\"search_term_string\"}}],\"inLanguage\":\"pl-PL\"},{\"@type\":\"Organization\",\"@id\":\"https:\\\/\\\/antykomunistyczni.pl\\\/#organization\",\"name\":\"Antykomunistyczni.pl\",\"url\":\"https:\\\/\\\/antykomunistyczni.pl\\\/\",\"logo\":{\"@type\":\"ImageObject\",\"inLanguage\":\"pl-PL\",\"@id\":\"https:\\\/\\\/antykomunistyczni.pl\\\/#\\\/schema\\\/logo\\\/image\\\/\",\"url\":\"https:\\\/\\\/antykomunistyczni.pl\\\/wp-content\\\/uploads\\\/2026\\\/02\\\/cropped-AntykomunistyczniLogoSquare150x150-2.png\",\"contentUrl\":\"https:\\\/\\\/antykomunistyczni.pl\\\/wp-content\\\/uploads\\\/2026\\\/02\\\/cropped-AntykomunistyczniLogoSquare150x150-2.png\",\"width\":150,\"height\":150,\"caption\":\"Antykomunistyczni.pl\"},\"image\":{\"@id\":\"https:\\\/\\\/antykomunistyczni.pl\\\/#\\\/schema\\\/logo\\\/image\\\/\"},\"sameAs\":[\"https:\\\/\\\/www.facebook.com\\\/antykomunistyczni\\\/\",\"https:\\\/\\\/x.com\\\/anty_komunisci\"]},{\"@type\":\"Person\",\"@id\":\"https:\\\/\\\/antykomunistyczni.pl\\\/#\\\/schema\\\/person\\\/4963e693e8006b94062d91d1295d02a0\",\"name\":\"Antykomunistyczni\",\"image\":{\"@type\":\"ImageObject\",\"inLanguage\":\"pl-PL\",\"@id\":\"https:\\\/\\\/secure.gravatar.com\\\/avatar\\\/ff172875f9ced7887f883245268c1ba638c26cf1e0530f7f61b4705963a6730b?s=96&d=mm&r=g\",\"url\":\"https:\\\/\\\/secure.gravatar.com\\\/avatar\\\/ff172875f9ced7887f883245268c1ba638c26cf1e0530f7f61b4705963a6730b?s=96&d=mm&r=g\",\"contentUrl\":\"https:\\\/\\\/secure.gravatar.com\\\/avatar\\\/ff172875f9ced7887f883245268c1ba638c26cf1e0530f7f61b4705963a6730b?s=96&d=mm&r=g\",\"caption\":\"Antykomunistyczni\"},\"sameAs\":[\"http:\\\/\\\/antykomunistyczni.pl\"],\"url\":\"https:\\\/\\\/antykomunistyczni.pl\\\/index.php\\\/author\\\/admin0\\\/\"}]}<\/script>\n<!-- \/ Yoast SEO plugin. -->","yoast_head_json":{"title":"Piotr \u015amieta\u0144ski (1899-1950) - Antykomunistyczni.pl","robots":{"index":"index","follow":"follow","max-snippet":"max-snippet:-1","max-image-preview":"max-image-preview:large","max-video-preview":"max-video-preview:-1"},"canonical":"https:\/\/antykomunistyczni.pl\/index.php\/piotr-smietanski-1899-1950\/","og_locale":"pl_PL","og_type":"article","og_title":"Piotr \u015amieta\u0144ski (1899-1950) - Antykomunistyczni.pl","og_description":"kat, jeden z g\u0142\u00f3wnych egzekutor\u00f3w w Polsce Ludowej w okresie stalinizmu, funkcjonariusz Urz\u0119du Bezpiecze\u0144stwa w stopniu starszego sier\u017canta. Uko\u0144czy\u0142 cztery klasy szko\u0142y powszechnej, pracowa\u0142 jako robotnik budowlany. Zmobilizowany, uczestniczy\u0142 w wojnie polsko-bolszewickiej w stopniu szeregowca. W 1923 wst\u0105pi\u0142 do Komunistycznej Partii Robotniczej Polski, przyj\u0105\u0142 pseudonim Moj\u017cesz. Od 1943 cz\u0142onek Polskiej Partii Robotniczej, w 1944 wst\u0105pi\u0142 [&hellip;]","og_url":"https:\/\/antykomunistyczni.pl\/index.php\/piotr-smietanski-1899-1950\/","og_site_name":"Antykomunistyczni.pl","article_publisher":"https:\/\/www.facebook.com\/antykomunistyczni\/","article_published_time":"2026-03-02T12:07:04+00:00","article_modified_time":"2026-03-02T12:07:05+00:00","og_image":[{"width":1024,"height":1024,"url":"https:\/\/antykomunistyczni.pl\/wp-content\/uploads\/2026\/02\/AntykomunistyczniLogoSquare.png","type":"image\/png"}],"author":"Antykomunistyczni","twitter_card":"summary_large_image","twitter_creator":"@anty_komunisci","twitter_site":"@anty_komunisci","twitter_misc":{"Napisane przez":"Antykomunistyczni","Szacowany czas czytania":"1 minuta"},"schema":{"@context":"https:\/\/schema.org","@graph":[{"@type":"Article","@id":"https:\/\/antykomunistyczni.pl\/index.php\/piotr-smietanski-1899-1950\/#article","isPartOf":{"@id":"https:\/\/antykomunistyczni.pl\/index.php\/piotr-smietanski-1899-1950\/"},"author":{"name":"Antykomunistyczni","@id":"https:\/\/antykomunistyczni.pl\/#\/schema\/person\/4963e693e8006b94062d91d1295d02a0"},"headline":"Piotr \u015amieta\u0144ski (1899-1950)","datePublished":"2026-03-02T12:07:04+00:00","dateModified":"2026-03-02T12:07:05+00:00","mainEntityOfPage":{"@id":"https:\/\/antykomunistyczni.pl\/index.php\/piotr-smietanski-1899-1950\/"},"wordCount":236,"publisher":{"@id":"https:\/\/antykomunistyczni.pl\/#organization"},"articleSection":["Komuni\u015bci","Stalinizm w Polsce"],"inLanguage":"pl-PL"},{"@type":"WebPage","@id":"https:\/\/antykomunistyczni.pl\/index.php\/piotr-smietanski-1899-1950\/","url":"https:\/\/antykomunistyczni.pl\/index.php\/piotr-smietanski-1899-1950\/","name":"Piotr \u015amieta\u0144ski (1899-1950) - Antykomunistyczni.pl","isPartOf":{"@id":"https:\/\/antykomunistyczni.pl\/#website"},"datePublished":"2026-03-02T12:07:04+00:00","dateModified":"2026-03-02T12:07:05+00:00","breadcrumb":{"@id":"https:\/\/antykomunistyczni.pl\/index.php\/piotr-smietanski-1899-1950\/#breadcrumb"},"inLanguage":"pl-PL","potentialAction":[{"@type":"ReadAction","target":["https:\/\/antykomunistyczni.pl\/index.php\/piotr-smietanski-1899-1950\/"]}]},{"@type":"BreadcrumbList","@id":"https:\/\/antykomunistyczni.pl\/index.php\/piotr-smietanski-1899-1950\/#breadcrumb","itemListElement":[{"@type":"ListItem","position":1,"name":"Strona g\u0142\u00f3wna","item":"https:\/\/antykomunistyczni.pl\/"},{"@type":"ListItem","position":2,"name":"Piotr \u015amieta\u0144ski (1899-1950)"}]},{"@type":"WebSite","@id":"https:\/\/antykomunistyczni.pl\/#website","url":"https:\/\/antykomunistyczni.pl\/","name":"Antykomunistyczni.pl","description":"","publisher":{"@id":"https:\/\/antykomunistyczni.pl\/#organization"},"alternateName":"Historia PRL, zbrodnie komunistyczne w Polsce i na \u015bwiecie","potentialAction":[{"@type":"SearchAction","target":{"@type":"EntryPoint","urlTemplate":"https:\/\/antykomunistyczni.pl\/?s={search_term_string}"},"query-input":{"@type":"PropertyValueSpecification","valueRequired":true,"valueName":"search_term_string"}}],"inLanguage":"pl-PL"},{"@type":"Organization","@id":"https:\/\/antykomunistyczni.pl\/#organization","name":"Antykomunistyczni.pl","url":"https:\/\/antykomunistyczni.pl\/","logo":{"@type":"ImageObject","inLanguage":"pl-PL","@id":"https:\/\/antykomunistyczni.pl\/#\/schema\/logo\/image\/","url":"https:\/\/antykomunistyczni.pl\/wp-content\/uploads\/2026\/02\/cropped-AntykomunistyczniLogoSquare150x150-2.png","contentUrl":"https:\/\/antykomunistyczni.pl\/wp-content\/uploads\/2026\/02\/cropped-AntykomunistyczniLogoSquare150x150-2.png","width":150,"height":150,"caption":"Antykomunistyczni.pl"},"image":{"@id":"https:\/\/antykomunistyczni.pl\/#\/schema\/logo\/image\/"},"sameAs":["https:\/\/www.facebook.com\/antykomunistyczni\/","https:\/\/x.com\/anty_komunisci"]},{"@type":"Person","@id":"https:\/\/antykomunistyczni.pl\/#\/schema\/person\/4963e693e8006b94062d91d1295d02a0","name":"Antykomunistyczni","image":{"@type":"ImageObject","inLanguage":"pl-PL","@id":"https:\/\/secure.gravatar.com\/avatar\/ff172875f9ced7887f883245268c1ba638c26cf1e0530f7f61b4705963a6730b?s=96&d=mm&r=g","url":"https:\/\/secure.gravatar.com\/avatar\/ff172875f9ced7887f883245268c1ba638c26cf1e0530f7f61b4705963a6730b?s=96&d=mm&r=g","contentUrl":"https:\/\/secure.gravatar.com\/avatar\/ff172875f9ced7887f883245268c1ba638c26cf1e0530f7f61b4705963a6730b?s=96&d=mm&r=g","caption":"Antykomunistyczni"},"sameAs":["http:\/\/antykomunistyczni.pl"],"url":"https:\/\/antykomunistyczni.pl\/index.php\/author\/admin0\/"}]}},"_links":{"self":[{"href":"https:\/\/antykomunistyczni.pl\/index.php\/wp-json\/wp\/v2\/posts\/530","targetHints":{"allow":["GET"]}}],"collection":[{"href":"https:\/\/antykomunistyczni.pl\/index.php\/wp-json\/wp\/v2\/posts"}],"about":[{"href":"https:\/\/antykomunistyczni.pl\/index.php\/wp-json\/wp\/v2\/types\/post"}],"author":[{"embeddable":true,"href":"https:\/\/antykomunistyczni.pl\/index.php\/wp-json\/wp\/v2\/users\/1"}],"replies":[{"embeddable":true,"href":"https:\/\/antykomunistyczni.pl\/index.php\/wp-json\/wp\/v2\/comments?post=530"}],"version-history":[{"count":1,"href":"https:\/\/antykomunistyczni.pl\/index.php\/wp-json\/wp\/v2\/posts\/530\/revisions"}],"predecessor-version":[{"id":531,"href":"https:\/\/antykomunistyczni.pl\/index.php\/wp-json\/wp\/v2\/posts\/530\/revisions\/531"}],"wp:attachment":[{"href":"https:\/\/antykomunistyczni.pl\/index.php\/wp-json\/wp\/v2\/media?parent=530"}],"wp:term":[{"taxonomy":"category","embeddable":true,"href":"https:\/\/antykomunistyczni.pl\/index.php\/wp-json\/wp\/v2\/categories?post=530"},{"taxonomy":"post_tag","embeddable":true,"href":"https:\/\/antykomunistyczni.pl\/index.php\/wp-json\/wp\/v2\/tags?post=530"}],"curies":[{"name":"wp","href":"https:\/\/api.w.org\/{rel}","templated":true}]}}