{"id":538,"date":"2026-03-02T13:09:48","date_gmt":"2026-03-02T12:09:48","guid":{"rendered":"https:\/\/antykomunistyczni.pl\/?p=538"},"modified":"2026-03-02T13:10:29","modified_gmt":"2026-03-02T12:10:29","slug":"jozef-badecki-1908-1982","status":"publish","type":"post","link":"https:\/\/antykomunistyczni.pl\/index.php\/jozef-badecki-1908-1982\/","title":{"rendered":"J\u00f3zef Badecki (1908-1982)\u00a0"},"content":{"rendered":"\t\t<div data-elementor-type=\"wp-post\" data-elementor-id=\"538\" class=\"elementor elementor-538\">\n\t\t\t\t<div class=\"elementor-element elementor-element-52d07c5f e-flex e-con-boxed e-con e-parent\" data-id=\"52d07c5f\" data-element_type=\"container\" data-e-type=\"container\">\n\t\t\t\t\t<div class=\"e-con-inner\">\n\t\t\t\t<div class=\"elementor-element elementor-element-205d4831 elementor-widget elementor-widget-text-editor\" data-id=\"205d4831\" data-element_type=\"widget\" data-e-type=\"widget\" data-widget_type=\"text-editor.default\">\n\t\t\t\t\t\t\t\t\t\n<p class=\"wp-block-paragraph\">pu\u0142kownik ludowego Wojska Polskiego, s\u0119dzia s\u0105d\u00f3w wojskowych. Uko\u0144czy\u0142 wydzia\u0142 prawa Uniwersytetu im. Jana Kazimierza we Lwowie. Bra\u0142 udzia\u0142 w kampanii wrze\u015bniowej. Jako s\u0119dzia stalinowskiego aparatu represji orzek\u0142 co najmniej 29 kar \u015bmierci[2]. Od 3 do 15 listopada 1948 r. przewodniczy\u0142 rozprawie przeciwko Hieronimowi Dekutowskiemu \u201eZaporze\u201d i siedmiu jego podkomendnym, z kt\u00f3rych sze\u015bciu oraz Dekutowski zosta\u0142o skazanych na kar\u0119 \u015bmierci. Przyczyni\u0142 si\u0119 do przed\u0142u\u017cenia (ex post) tymczasowego aresztowania p\u0142k. Aleksandra Krzy\u017canowskiego \u201eWilka\u201d. Bra\u0142 udzia\u0142 jako s\u0119dzia w rozprawie przeciwko rotmistrzowi Witoldowi Pileckiemu. Nie zosta\u0142 os\u0105dzony za mordy s\u0105dowe. Pochowany na Cmentarzu Wojskowym na Pow\u0105zkach w Warszawie.<\/p>\n\t\t\t\t\t\t\t\t<\/div>\n\t\t\t\t\t<\/div>\n\t\t\t\t<\/div>\n\t\t\t\t<\/div>\n\t\t","protected":false},"excerpt":{"rendered":"<p>pu\u0142kownik ludowego Wojska Polskiego, s\u0119dzia s\u0105d\u00f3w wojskowych. Uko\u0144czy\u0142 wydzia\u0142 prawa Uniwersytetu im. Jana Kazimierza we Lwowie. Bra\u0142 udzia\u0142 w kampanii wrze\u015bniowej. Jako s\u0119dzia stalinowskiego aparatu represji orzek\u0142 co najmniej 29 kar \u015bmierci[2]. Od 3 do 15 listopada 1948 r. przewodniczy\u0142 rozprawie przeciwko Hieronimowi Dekutowskiemu \u201eZaporze\u201d i siedmiu jego podkomendnym, z kt\u00f3rych sze\u015bciu oraz Dekutowski zosta\u0142o [&hellip;]<\/p>\n","protected":false},"author":1,"featured_media":0,"comment_status":"closed","ping_status":"closed","sticky":false,"template":"","format":"standard","meta":{"give_campaign_id":0,"footnotes":""},"categories":[26,32],"tags":[],"class_list":["post-538","post","type-post","status-publish","format-standard","hentry","category-komunisci","category-stalinizm-w-polsce"],"yoast_head":"<!-- This site is optimized with the Yoast SEO plugin v28.4 - https:\/\/yoast.com\/product\/yoast-seo-wordpress\/ -->\n<title>J\u00f3zef Badecki (1908-1982)\u00a0 - Antykomunistyczni.pl<\/title>\n<meta name=\"robots\" content=\"index, follow, max-snippet:-1, max-image-preview:large, max-video-preview:-1\" \/>\n<link rel=\"canonical\" href=\"https:\/\/antykomunistyczni.pl\/index.php\/jozef-badecki-1908-1982\/\" \/>\n<meta property=\"og:locale\" content=\"pl_PL\" \/>\n<meta property=\"og:type\" content=\"article\" \/>\n<meta property=\"og:title\" content=\"J\u00f3zef Badecki (1908-1982)\u00a0 - Antykomunistyczni.pl\" \/>\n<meta property=\"og:description\" content=\"pu\u0142kownik ludowego Wojska Polskiego, s\u0119dzia s\u0105d\u00f3w wojskowych. Uko\u0144czy\u0142 wydzia\u0142 prawa Uniwersytetu im. Jana Kazimierza we Lwowie. Bra\u0142 udzia\u0142 w kampanii wrze\u015bniowej. Jako s\u0119dzia stalinowskiego aparatu represji orzek\u0142 co najmniej 29 kar \u015bmierci[2]. Od 3 do 15 listopada 1948 r. przewodniczy\u0142 rozprawie przeciwko Hieronimowi Dekutowskiemu \u201eZaporze\u201d i siedmiu jego podkomendnym, z kt\u00f3rych sze\u015bciu oraz Dekutowski zosta\u0142o [&hellip;]\" \/>\n<meta property=\"og:url\" content=\"https:\/\/antykomunistyczni.pl\/index.php\/jozef-badecki-1908-1982\/\" \/>\n<meta property=\"og:site_name\" content=\"Antykomunistyczni.pl\" \/>\n<meta property=\"article:publisher\" content=\"https:\/\/www.facebook.com\/antykomunistyczni\/\" \/>\n<meta property=\"article:published_time\" content=\"2026-03-02T12:09:48+00:00\" \/>\n<meta property=\"article:modified_time\" content=\"2026-03-02T12:10:29+00:00\" \/>\n<meta property=\"og:image\" content=\"https:\/\/antykomunistyczni.pl\/wp-content\/uploads\/2026\/02\/AntykomunistyczniLogoSquare.png\" \/>\n\t<meta property=\"og:image:width\" content=\"1024\" \/>\n\t<meta property=\"og:image:height\" content=\"1024\" \/>\n\t<meta property=\"og:image:type\" content=\"image\/png\" \/>\n<meta name=\"author\" content=\"Antykomunistyczni\" \/>\n<meta name=\"twitter:card\" content=\"summary_large_image\" \/>\n<meta name=\"twitter:creator\" content=\"@anty_komunisci\" \/>\n<meta name=\"twitter:site\" content=\"@anty_komunisci\" \/>\n<meta name=\"twitter:label1\" content=\"Napisane przez\" \/>\n\t<meta name=\"twitter:data1\" content=\"Antykomunistyczni\" \/>\n\t<meta name=\"twitter:label2\" content=\"Szacowany czas czytania\" \/>\n\t<meta name=\"twitter:data2\" content=\"1 minuta\" \/>\n<script type=\"application\/ld+json\" class=\"yoast-schema-graph\">{\"@context\":\"https:\\\/\\\/schema.org\",\"@graph\":[{\"@type\":\"Article\",\"@id\":\"https:\\\/\\\/antykomunistyczni.pl\\\/index.php\\\/jozef-badecki-1908-1982\\\/#article\",\"isPartOf\":{\"@id\":\"https:\\\/\\\/antykomunistyczni.pl\\\/index.php\\\/jozef-badecki-1908-1982\\\/\"},\"author\":{\"name\":\"Antykomunistyczni\",\"@id\":\"https:\\\/\\\/antykomunistyczni.pl\\\/#\\\/schema\\\/person\\\/4963e693e8006b94062d91d1295d02a0\"},\"headline\":\"J\u00f3zef Badecki (1908-1982)\u00a0\",\"datePublished\":\"2026-03-02T12:09:48+00:00\",\"dateModified\":\"2026-03-02T12:10:29+00:00\",\"mainEntityOfPage\":{\"@id\":\"https:\\\/\\\/antykomunistyczni.pl\\\/index.php\\\/jozef-badecki-1908-1982\\\/\"},\"wordCount\":113,\"publisher\":{\"@id\":\"https:\\\/\\\/antykomunistyczni.pl\\\/#organization\"},\"articleSection\":[\"Komuni\u015bci\",\"Stalinizm w Polsce\"],\"inLanguage\":\"pl-PL\"},{\"@type\":\"WebPage\",\"@id\":\"https:\\\/\\\/antykomunistyczni.pl\\\/index.php\\\/jozef-badecki-1908-1982\\\/\",\"url\":\"https:\\\/\\\/antykomunistyczni.pl\\\/index.php\\\/jozef-badecki-1908-1982\\\/\",\"name\":\"J\u00f3zef Badecki (1908-1982)\u00a0 - Antykomunistyczni.pl\",\"isPartOf\":{\"@id\":\"https:\\\/\\\/antykomunistyczni.pl\\\/#website\"},\"datePublished\":\"2026-03-02T12:09:48+00:00\",\"dateModified\":\"2026-03-02T12:10:29+00:00\",\"breadcrumb\":{\"@id\":\"https:\\\/\\\/antykomunistyczni.pl\\\/index.php\\\/jozef-badecki-1908-1982\\\/#breadcrumb\"},\"inLanguage\":\"pl-PL\",\"potentialAction\":[{\"@type\":\"ReadAction\",\"target\":[\"https:\\\/\\\/antykomunistyczni.pl\\\/index.php\\\/jozef-badecki-1908-1982\\\/\"]}]},{\"@type\":\"BreadcrumbList\",\"@id\":\"https:\\\/\\\/antykomunistyczni.pl\\\/index.php\\\/jozef-badecki-1908-1982\\\/#breadcrumb\",\"itemListElement\":[{\"@type\":\"ListItem\",\"position\":1,\"name\":\"Strona g\u0142\u00f3wna\",\"item\":\"https:\\\/\\\/antykomunistyczni.pl\\\/\"},{\"@type\":\"ListItem\",\"position\":2,\"name\":\"J\u00f3zef Badecki (1908-1982)\u00a0\"}]},{\"@type\":\"WebSite\",\"@id\":\"https:\\\/\\\/antykomunistyczni.pl\\\/#website\",\"url\":\"https:\\\/\\\/antykomunistyczni.pl\\\/\",\"name\":\"Antykomunistyczni.pl\",\"description\":\"\",\"publisher\":{\"@id\":\"https:\\\/\\\/antykomunistyczni.pl\\\/#organization\"},\"alternateName\":\"Historia PRL, zbrodnie komunistyczne w Polsce i na \u015bwiecie\",\"potentialAction\":[{\"@type\":\"SearchAction\",\"target\":{\"@type\":\"EntryPoint\",\"urlTemplate\":\"https:\\\/\\\/antykomunistyczni.pl\\\/?s={search_term_string}\"},\"query-input\":{\"@type\":\"PropertyValueSpecification\",\"valueRequired\":true,\"valueName\":\"search_term_string\"}}],\"inLanguage\":\"pl-PL\"},{\"@type\":\"Organization\",\"@id\":\"https:\\\/\\\/antykomunistyczni.pl\\\/#organization\",\"name\":\"Antykomunistyczni.pl\",\"url\":\"https:\\\/\\\/antykomunistyczni.pl\\\/\",\"logo\":{\"@type\":\"ImageObject\",\"inLanguage\":\"pl-PL\",\"@id\":\"https:\\\/\\\/antykomunistyczni.pl\\\/#\\\/schema\\\/logo\\\/image\\\/\",\"url\":\"https:\\\/\\\/antykomunistyczni.pl\\\/wp-content\\\/uploads\\\/2026\\\/02\\\/cropped-AntykomunistyczniLogoSquare150x150-2.png\",\"contentUrl\":\"https:\\\/\\\/antykomunistyczni.pl\\\/wp-content\\\/uploads\\\/2026\\\/02\\\/cropped-AntykomunistyczniLogoSquare150x150-2.png\",\"width\":150,\"height\":150,\"caption\":\"Antykomunistyczni.pl\"},\"image\":{\"@id\":\"https:\\\/\\\/antykomunistyczni.pl\\\/#\\\/schema\\\/logo\\\/image\\\/\"},\"sameAs\":[\"https:\\\/\\\/www.facebook.com\\\/antykomunistyczni\\\/\",\"https:\\\/\\\/x.com\\\/anty_komunisci\"]},{\"@type\":\"Person\",\"@id\":\"https:\\\/\\\/antykomunistyczni.pl\\\/#\\\/schema\\\/person\\\/4963e693e8006b94062d91d1295d02a0\",\"name\":\"Antykomunistyczni\",\"image\":{\"@type\":\"ImageObject\",\"inLanguage\":\"pl-PL\",\"@id\":\"https:\\\/\\\/secure.gravatar.com\\\/avatar\\\/ff172875f9ced7887f883245268c1ba638c26cf1e0530f7f61b4705963a6730b?s=96&d=mm&r=g\",\"url\":\"https:\\\/\\\/secure.gravatar.com\\\/avatar\\\/ff172875f9ced7887f883245268c1ba638c26cf1e0530f7f61b4705963a6730b?s=96&d=mm&r=g\",\"contentUrl\":\"https:\\\/\\\/secure.gravatar.com\\\/avatar\\\/ff172875f9ced7887f883245268c1ba638c26cf1e0530f7f61b4705963a6730b?s=96&d=mm&r=g\",\"caption\":\"Antykomunistyczni\"},\"sameAs\":[\"http:\\\/\\\/antykomunistyczni.pl\"],\"url\":\"https:\\\/\\\/antykomunistyczni.pl\\\/index.php\\\/author\\\/admin0\\\/\"}]}<\/script>\n<!-- \/ Yoast SEO plugin. -->","yoast_head_json":{"title":"J\u00f3zef Badecki (1908-1982)\u00a0 - Antykomunistyczni.pl","robots":{"index":"index","follow":"follow","max-snippet":"max-snippet:-1","max-image-preview":"max-image-preview:large","max-video-preview":"max-video-preview:-1"},"canonical":"https:\/\/antykomunistyczni.pl\/index.php\/jozef-badecki-1908-1982\/","og_locale":"pl_PL","og_type":"article","og_title":"J\u00f3zef Badecki (1908-1982)\u00a0 - Antykomunistyczni.pl","og_description":"pu\u0142kownik ludowego Wojska Polskiego, s\u0119dzia s\u0105d\u00f3w wojskowych. Uko\u0144czy\u0142 wydzia\u0142 prawa Uniwersytetu im. Jana Kazimierza we Lwowie. Bra\u0142 udzia\u0142 w kampanii wrze\u015bniowej. Jako s\u0119dzia stalinowskiego aparatu represji orzek\u0142 co najmniej 29 kar \u015bmierci[2]. Od 3 do 15 listopada 1948 r. przewodniczy\u0142 rozprawie przeciwko Hieronimowi Dekutowskiemu \u201eZaporze\u201d i siedmiu jego podkomendnym, z kt\u00f3rych sze\u015bciu oraz Dekutowski zosta\u0142o [&hellip;]","og_url":"https:\/\/antykomunistyczni.pl\/index.php\/jozef-badecki-1908-1982\/","og_site_name":"Antykomunistyczni.pl","article_publisher":"https:\/\/www.facebook.com\/antykomunistyczni\/","article_published_time":"2026-03-02T12:09:48+00:00","article_modified_time":"2026-03-02T12:10:29+00:00","og_image":[{"width":1024,"height":1024,"url":"https:\/\/antykomunistyczni.pl\/wp-content\/uploads\/2026\/02\/AntykomunistyczniLogoSquare.png","type":"image\/png"}],"author":"Antykomunistyczni","twitter_card":"summary_large_image","twitter_creator":"@anty_komunisci","twitter_site":"@anty_komunisci","twitter_misc":{"Napisane przez":"Antykomunistyczni","Szacowany czas czytania":"1 minuta"},"schema":{"@context":"https:\/\/schema.org","@graph":[{"@type":"Article","@id":"https:\/\/antykomunistyczni.pl\/index.php\/jozef-badecki-1908-1982\/#article","isPartOf":{"@id":"https:\/\/antykomunistyczni.pl\/index.php\/jozef-badecki-1908-1982\/"},"author":{"name":"Antykomunistyczni","@id":"https:\/\/antykomunistyczni.pl\/#\/schema\/person\/4963e693e8006b94062d91d1295d02a0"},"headline":"J\u00f3zef Badecki (1908-1982)\u00a0","datePublished":"2026-03-02T12:09:48+00:00","dateModified":"2026-03-02T12:10:29+00:00","mainEntityOfPage":{"@id":"https:\/\/antykomunistyczni.pl\/index.php\/jozef-badecki-1908-1982\/"},"wordCount":113,"publisher":{"@id":"https:\/\/antykomunistyczni.pl\/#organization"},"articleSection":["Komuni\u015bci","Stalinizm w Polsce"],"inLanguage":"pl-PL"},{"@type":"WebPage","@id":"https:\/\/antykomunistyczni.pl\/index.php\/jozef-badecki-1908-1982\/","url":"https:\/\/antykomunistyczni.pl\/index.php\/jozef-badecki-1908-1982\/","name":"J\u00f3zef Badecki (1908-1982)\u00a0 - Antykomunistyczni.pl","isPartOf":{"@id":"https:\/\/antykomunistyczni.pl\/#website"},"datePublished":"2026-03-02T12:09:48+00:00","dateModified":"2026-03-02T12:10:29+00:00","breadcrumb":{"@id":"https:\/\/antykomunistyczni.pl\/index.php\/jozef-badecki-1908-1982\/#breadcrumb"},"inLanguage":"pl-PL","potentialAction":[{"@type":"ReadAction","target":["https:\/\/antykomunistyczni.pl\/index.php\/jozef-badecki-1908-1982\/"]}]},{"@type":"BreadcrumbList","@id":"https:\/\/antykomunistyczni.pl\/index.php\/jozef-badecki-1908-1982\/#breadcrumb","itemListElement":[{"@type":"ListItem","position":1,"name":"Strona g\u0142\u00f3wna","item":"https:\/\/antykomunistyczni.pl\/"},{"@type":"ListItem","position":2,"name":"J\u00f3zef Badecki (1908-1982)\u00a0"}]},{"@type":"WebSite","@id":"https:\/\/antykomunistyczni.pl\/#website","url":"https:\/\/antykomunistyczni.pl\/","name":"Antykomunistyczni.pl","description":"","publisher":{"@id":"https:\/\/antykomunistyczni.pl\/#organization"},"alternateName":"Historia PRL, zbrodnie komunistyczne w Polsce i na \u015bwiecie","potentialAction":[{"@type":"SearchAction","target":{"@type":"EntryPoint","urlTemplate":"https:\/\/antykomunistyczni.pl\/?s={search_term_string}"},"query-input":{"@type":"PropertyValueSpecification","valueRequired":true,"valueName":"search_term_string"}}],"inLanguage":"pl-PL"},{"@type":"Organization","@id":"https:\/\/antykomunistyczni.pl\/#organization","name":"Antykomunistyczni.pl","url":"https:\/\/antykomunistyczni.pl\/","logo":{"@type":"ImageObject","inLanguage":"pl-PL","@id":"https:\/\/antykomunistyczni.pl\/#\/schema\/logo\/image\/","url":"https:\/\/antykomunistyczni.pl\/wp-content\/uploads\/2026\/02\/cropped-AntykomunistyczniLogoSquare150x150-2.png","contentUrl":"https:\/\/antykomunistyczni.pl\/wp-content\/uploads\/2026\/02\/cropped-AntykomunistyczniLogoSquare150x150-2.png","width":150,"height":150,"caption":"Antykomunistyczni.pl"},"image":{"@id":"https:\/\/antykomunistyczni.pl\/#\/schema\/logo\/image\/"},"sameAs":["https:\/\/www.facebook.com\/antykomunistyczni\/","https:\/\/x.com\/anty_komunisci"]},{"@type":"Person","@id":"https:\/\/antykomunistyczni.pl\/#\/schema\/person\/4963e693e8006b94062d91d1295d02a0","name":"Antykomunistyczni","image":{"@type":"ImageObject","inLanguage":"pl-PL","@id":"https:\/\/secure.gravatar.com\/avatar\/ff172875f9ced7887f883245268c1ba638c26cf1e0530f7f61b4705963a6730b?s=96&d=mm&r=g","url":"https:\/\/secure.gravatar.com\/avatar\/ff172875f9ced7887f883245268c1ba638c26cf1e0530f7f61b4705963a6730b?s=96&d=mm&r=g","contentUrl":"https:\/\/secure.gravatar.com\/avatar\/ff172875f9ced7887f883245268c1ba638c26cf1e0530f7f61b4705963a6730b?s=96&d=mm&r=g","caption":"Antykomunistyczni"},"sameAs":["http:\/\/antykomunistyczni.pl"],"url":"https:\/\/antykomunistyczni.pl\/index.php\/author\/admin0\/"}]}},"_links":{"self":[{"href":"https:\/\/antykomunistyczni.pl\/index.php\/wp-json\/wp\/v2\/posts\/538","targetHints":{"allow":["GET"]}}],"collection":[{"href":"https:\/\/antykomunistyczni.pl\/index.php\/wp-json\/wp\/v2\/posts"}],"about":[{"href":"https:\/\/antykomunistyczni.pl\/index.php\/wp-json\/wp\/v2\/types\/post"}],"author":[{"embeddable":true,"href":"https:\/\/antykomunistyczni.pl\/index.php\/wp-json\/wp\/v2\/users\/1"}],"replies":[{"embeddable":true,"href":"https:\/\/antykomunistyczni.pl\/index.php\/wp-json\/wp\/v2\/comments?post=538"}],"version-history":[{"count":5,"href":"https:\/\/antykomunistyczni.pl\/index.php\/wp-json\/wp\/v2\/posts\/538\/revisions"}],"predecessor-version":[{"id":543,"href":"https:\/\/antykomunistyczni.pl\/index.php\/wp-json\/wp\/v2\/posts\/538\/revisions\/543"}],"wp:attachment":[{"href":"https:\/\/antykomunistyczni.pl\/index.php\/wp-json\/wp\/v2\/media?parent=538"}],"wp:term":[{"taxonomy":"category","embeddable":true,"href":"https:\/\/antykomunistyczni.pl\/index.php\/wp-json\/wp\/v2\/categories?post=538"},{"taxonomy":"post_tag","embeddable":true,"href":"https:\/\/antykomunistyczni.pl\/index.php\/wp-json\/wp\/v2\/tags?post=538"}],"curies":[{"name":"wp","href":"https:\/\/api.w.org\/{rel}","templated":true}]}}