{"id":544,"date":"2026-03-02T13:11:31","date_gmt":"2026-03-02T12:11:31","guid":{"rendered":"https:\/\/antykomunistyczni.pl\/?p=544"},"modified":"2026-03-02T13:11:50","modified_gmt":"2026-03-02T12:11:50","slug":"jozef-rozanski-1907-1981","status":"publish","type":"post","link":"https:\/\/antykomunistyczni.pl\/index.php\/jozef-rozanski-1907-1981\/","title":{"rendered":"J\u00f3zef R\u00f3\u017ca\u0144ski (1907-1981)"},"content":{"rendered":"\n<p class=\"wp-block-paragraph\">Znany tak\u017ce jako Jacek R\u00f3\u017ca\u0144ski, pierwotnie J\u00f3zef Goldberg &#8211; prawnik \u017cydowskiego pochodzenia, oficer NKWD i MBP, pose\u0142 na Sejm Ustawodawczy, zbrodniarz stalinowski. Syn dzia\u0142acza syjonistycznego i redaktora Abrahama Goldberga (1880\u20131933 &#8211; cmentarz \u017cydowski w Warszawie) i Anny (Chany) R\u00f3\u017ca\u0144skiej (zm. 1927). Mia\u0142 dwoje starszego rodze\u0144stwa: siostr\u0119 Juli\u0119 (Judyt\u0119, zm. 1943) i brata Beniamina, znanego p\u00f3\u017aniej jako Jerzy Borejsza (1905\u20131952), publicysty, dzia\u0142acza komunistycznego i propagandzisty &#8211; Pow\u0105zki Wojskowe. R\u00f3\u017ca\u0144ski zwi\u0105zany by\u0142 z dzia\u0142aczk\u0105 komunistyczn\u0105 Bel\u0105 Frenkiel (1907\u20131988). 1 lipca 1947 zosta\u0142 pu\u0142kownikiem s\u0142u\u017cb bezpiecze\u0144stwa i dyrektorem Departamentu \u015aledczego MBP w stopniu kapitana WP. W czasie przes\u0142uchiwa\u0144 wi\u0119\u017ani\u00f3w by\u0142 niezwykle brutalny, stosowa\u0142 tortury. Nadzorowa\u0142 \u015bledztwo w sprawie Witolda Pileckiego i jest faktycznym sprawc\u0105 skazania go na kar\u0119 \u015bmierci. W marcu 1954 roku zwolniony z MBP, pracowa\u0142 p\u00f3\u017aniej jako dyrektor w Pa\u0144stwowym Instytucie Wydawniczym. Decyzj\u0105 Biura Politycznego KC PZPR aresztowany i oskar\u017cony o stosowanie tortur w czasie \u015bledztwa. W czasie procesu w grudniu 1955 oskar\u017cony o przekroczenie uprawnie\u0144 i naruszenie dobrego imienia PRL. Skazany dwukrotnie na pi\u0119\u0107 lat wi\u0119zienia. Na mocy amnestii zmniejszono mu wyrok do 3 lat i 4 miesi\u0119cy pozbawienia wolno\u015bci. Ponowny proces R\u00f3\u017ca\u0144skiego odby\u0142 si\u0119 w 1957 roku. Skazany na 15 lat wi\u0119zienia za stosowanie \u201eniehumanitarnych metod\u201d w pracy \u015bledczej. Razem z nim na \u0142awie oskar\u017conych zasiedli Anatol Fejgin (1909-2002) i Roman Romkowski (1907-1968). Wyszed\u0142 na wolno\u015b\u0107 w pa\u017adzierniku 1964 roku, kiedy to Rada Pa\u0144stwa zastosowa\u0142a prawo \u0142aski. Zosta\u0142 urz\u0119dnikiem w Mennicy Pa\u0144stwowej w Warszawie, a\u017c do przej\u015bcia na emerytur\u0119 w 1969. Nigdy nie wykaza\u0142 skruchy z powodu pope\u0142nionych zbrodni. Zmar\u0142 na nowotw\u00f3r i zosta\u0142 pochowany na cmentarzu \u017cydowskim przy ul. Okopowej w Warszawie.<\/p>\n\n\n\n<p class=\"wp-block-paragraph\"><\/p>\n","protected":false},"excerpt":{"rendered":"<p>Znany tak\u017ce jako Jacek R\u00f3\u017ca\u0144ski, pierwotnie J\u00f3zef Goldberg &#8211; prawnik \u017cydowskiego pochodzenia, oficer NKWD i MBP, pose\u0142 na Sejm Ustawodawczy, zbrodniarz stalinowski. Syn dzia\u0142acza syjonistycznego i redaktora Abrahama Goldberga (1880\u20131933 &#8211; cmentarz \u017cydowski w Warszawie) i Anny (Chany) R\u00f3\u017ca\u0144skiej (zm. 1927). Mia\u0142 dwoje starszego rodze\u0144stwa: siostr\u0119 Juli\u0119 (Judyt\u0119, zm. 1943) i brata Beniamina, znanego p\u00f3\u017aniej [&hellip;]<\/p>\n","protected":false},"author":1,"featured_media":0,"comment_status":"closed","ping_status":"closed","sticky":false,"template":"","format":"standard","meta":{"give_campaign_id":0,"footnotes":""},"categories":[26,32],"tags":[],"class_list":["post-544","post","type-post","status-publish","format-standard","hentry","category-komunisci","category-stalinizm-w-polsce"],"yoast_head":"<!-- This site is optimized with the Yoast SEO plugin v28.4 - https:\/\/yoast.com\/product\/yoast-seo-wordpress\/ -->\n<title>J\u00f3zef R\u00f3\u017ca\u0144ski (1907-1981) - Antykomunistyczni.pl<\/title>\n<meta name=\"robots\" content=\"index, follow, max-snippet:-1, max-image-preview:large, max-video-preview:-1\" \/>\n<link rel=\"canonical\" href=\"https:\/\/antykomunistyczni.pl\/index.php\/jozef-rozanski-1907-1981\/\" \/>\n<meta property=\"og:locale\" content=\"pl_PL\" \/>\n<meta property=\"og:type\" content=\"article\" \/>\n<meta property=\"og:title\" content=\"J\u00f3zef R\u00f3\u017ca\u0144ski (1907-1981) - Antykomunistyczni.pl\" \/>\n<meta property=\"og:description\" content=\"Znany tak\u017ce jako Jacek R\u00f3\u017ca\u0144ski, pierwotnie J\u00f3zef Goldberg &#8211; prawnik \u017cydowskiego pochodzenia, oficer NKWD i MBP, pose\u0142 na Sejm Ustawodawczy, zbrodniarz stalinowski. Syn dzia\u0142acza syjonistycznego i redaktora Abrahama Goldberga (1880\u20131933 &#8211; cmentarz \u017cydowski w Warszawie) i Anny (Chany) R\u00f3\u017ca\u0144skiej (zm. 1927). Mia\u0142 dwoje starszego rodze\u0144stwa: siostr\u0119 Juli\u0119 (Judyt\u0119, zm. 1943) i brata Beniamina, znanego p\u00f3\u017aniej [&hellip;]\" \/>\n<meta property=\"og:url\" content=\"https:\/\/antykomunistyczni.pl\/index.php\/jozef-rozanski-1907-1981\/\" \/>\n<meta property=\"og:site_name\" content=\"Antykomunistyczni.pl\" \/>\n<meta property=\"article:publisher\" content=\"https:\/\/www.facebook.com\/antykomunistyczni\/\" \/>\n<meta property=\"article:published_time\" content=\"2026-03-02T12:11:31+00:00\" \/>\n<meta property=\"article:modified_time\" content=\"2026-03-02T12:11:50+00:00\" \/>\n<meta property=\"og:image\" content=\"https:\/\/antykomunistyczni.pl\/wp-content\/uploads\/2026\/02\/AntykomunistyczniLogoSquare.png\" \/>\n\t<meta property=\"og:image:width\" content=\"1024\" \/>\n\t<meta property=\"og:image:height\" content=\"1024\" \/>\n\t<meta property=\"og:image:type\" content=\"image\/png\" \/>\n<meta name=\"author\" content=\"Antykomunistyczni\" \/>\n<meta name=\"twitter:card\" content=\"summary_large_image\" \/>\n<meta name=\"twitter:creator\" content=\"@anty_komunisci\" \/>\n<meta name=\"twitter:site\" content=\"@anty_komunisci\" \/>\n<meta name=\"twitter:label1\" content=\"Napisane przez\" \/>\n\t<meta name=\"twitter:data1\" content=\"Antykomunistyczni\" \/>\n\t<meta name=\"twitter:label2\" content=\"Szacowany czas czytania\" \/>\n\t<meta name=\"twitter:data2\" content=\"1 minuta\" \/>\n<script type=\"application\/ld+json\" class=\"yoast-schema-graph\">{\"@context\":\"https:\\\/\\\/schema.org\",\"@graph\":[{\"@type\":\"Article\",\"@id\":\"https:\\\/\\\/antykomunistyczni.pl\\\/index.php\\\/jozef-rozanski-1907-1981\\\/#article\",\"isPartOf\":{\"@id\":\"https:\\\/\\\/antykomunistyczni.pl\\\/index.php\\\/jozef-rozanski-1907-1981\\\/\"},\"author\":{\"name\":\"Antykomunistyczni\",\"@id\":\"https:\\\/\\\/antykomunistyczni.pl\\\/#\\\/schema\\\/person\\\/4963e693e8006b94062d91d1295d02a0\"},\"headline\":\"J\u00f3zef R\u00f3\u017ca\u0144ski (1907-1981)\",\"datePublished\":\"2026-03-02T12:11:31+00:00\",\"dateModified\":\"2026-03-02T12:11:50+00:00\",\"mainEntityOfPage\":{\"@id\":\"https:\\\/\\\/antykomunistyczni.pl\\\/index.php\\\/jozef-rozanski-1907-1981\\\/\"},\"wordCount\":296,\"publisher\":{\"@id\":\"https:\\\/\\\/antykomunistyczni.pl\\\/#organization\"},\"articleSection\":[\"Komuni\u015bci\",\"Stalinizm w Polsce\"],\"inLanguage\":\"pl-PL\"},{\"@type\":\"WebPage\",\"@id\":\"https:\\\/\\\/antykomunistyczni.pl\\\/index.php\\\/jozef-rozanski-1907-1981\\\/\",\"url\":\"https:\\\/\\\/antykomunistyczni.pl\\\/index.php\\\/jozef-rozanski-1907-1981\\\/\",\"name\":\"J\u00f3zef R\u00f3\u017ca\u0144ski (1907-1981) - Antykomunistyczni.pl\",\"isPartOf\":{\"@id\":\"https:\\\/\\\/antykomunistyczni.pl\\\/#website\"},\"datePublished\":\"2026-03-02T12:11:31+00:00\",\"dateModified\":\"2026-03-02T12:11:50+00:00\",\"breadcrumb\":{\"@id\":\"https:\\\/\\\/antykomunistyczni.pl\\\/index.php\\\/jozef-rozanski-1907-1981\\\/#breadcrumb\"},\"inLanguage\":\"pl-PL\",\"potentialAction\":[{\"@type\":\"ReadAction\",\"target\":[\"https:\\\/\\\/antykomunistyczni.pl\\\/index.php\\\/jozef-rozanski-1907-1981\\\/\"]}]},{\"@type\":\"BreadcrumbList\",\"@id\":\"https:\\\/\\\/antykomunistyczni.pl\\\/index.php\\\/jozef-rozanski-1907-1981\\\/#breadcrumb\",\"itemListElement\":[{\"@type\":\"ListItem\",\"position\":1,\"name\":\"Strona g\u0142\u00f3wna\",\"item\":\"https:\\\/\\\/antykomunistyczni.pl\\\/\"},{\"@type\":\"ListItem\",\"position\":2,\"name\":\"J\u00f3zef R\u00f3\u017ca\u0144ski (1907-1981)\"}]},{\"@type\":\"WebSite\",\"@id\":\"https:\\\/\\\/antykomunistyczni.pl\\\/#website\",\"url\":\"https:\\\/\\\/antykomunistyczni.pl\\\/\",\"name\":\"Antykomunistyczni.pl\",\"description\":\"\",\"publisher\":{\"@id\":\"https:\\\/\\\/antykomunistyczni.pl\\\/#organization\"},\"alternateName\":\"Historia PRL, zbrodnie komunistyczne w Polsce i na \u015bwiecie\",\"potentialAction\":[{\"@type\":\"SearchAction\",\"target\":{\"@type\":\"EntryPoint\",\"urlTemplate\":\"https:\\\/\\\/antykomunistyczni.pl\\\/?s={search_term_string}\"},\"query-input\":{\"@type\":\"PropertyValueSpecification\",\"valueRequired\":true,\"valueName\":\"search_term_string\"}}],\"inLanguage\":\"pl-PL\"},{\"@type\":\"Organization\",\"@id\":\"https:\\\/\\\/antykomunistyczni.pl\\\/#organization\",\"name\":\"Antykomunistyczni.pl\",\"url\":\"https:\\\/\\\/antykomunistyczni.pl\\\/\",\"logo\":{\"@type\":\"ImageObject\",\"inLanguage\":\"pl-PL\",\"@id\":\"https:\\\/\\\/antykomunistyczni.pl\\\/#\\\/schema\\\/logo\\\/image\\\/\",\"url\":\"https:\\\/\\\/antykomunistyczni.pl\\\/wp-content\\\/uploads\\\/2026\\\/02\\\/cropped-AntykomunistyczniLogoSquare150x150-2.png\",\"contentUrl\":\"https:\\\/\\\/antykomunistyczni.pl\\\/wp-content\\\/uploads\\\/2026\\\/02\\\/cropped-AntykomunistyczniLogoSquare150x150-2.png\",\"width\":150,\"height\":150,\"caption\":\"Antykomunistyczni.pl\"},\"image\":{\"@id\":\"https:\\\/\\\/antykomunistyczni.pl\\\/#\\\/schema\\\/logo\\\/image\\\/\"},\"sameAs\":[\"https:\\\/\\\/www.facebook.com\\\/antykomunistyczni\\\/\",\"https:\\\/\\\/x.com\\\/anty_komunisci\"]},{\"@type\":\"Person\",\"@id\":\"https:\\\/\\\/antykomunistyczni.pl\\\/#\\\/schema\\\/person\\\/4963e693e8006b94062d91d1295d02a0\",\"name\":\"Antykomunistyczni\",\"image\":{\"@type\":\"ImageObject\",\"inLanguage\":\"pl-PL\",\"@id\":\"https:\\\/\\\/secure.gravatar.com\\\/avatar\\\/ff172875f9ced7887f883245268c1ba638c26cf1e0530f7f61b4705963a6730b?s=96&d=mm&r=g\",\"url\":\"https:\\\/\\\/secure.gravatar.com\\\/avatar\\\/ff172875f9ced7887f883245268c1ba638c26cf1e0530f7f61b4705963a6730b?s=96&d=mm&r=g\",\"contentUrl\":\"https:\\\/\\\/secure.gravatar.com\\\/avatar\\\/ff172875f9ced7887f883245268c1ba638c26cf1e0530f7f61b4705963a6730b?s=96&d=mm&r=g\",\"caption\":\"Antykomunistyczni\"},\"sameAs\":[\"http:\\\/\\\/antykomunistyczni.pl\"],\"url\":\"https:\\\/\\\/antykomunistyczni.pl\\\/index.php\\\/author\\\/admin0\\\/\"}]}<\/script>\n<!-- \/ Yoast SEO plugin. -->","yoast_head_json":{"title":"J\u00f3zef R\u00f3\u017ca\u0144ski (1907-1981) - Antykomunistyczni.pl","robots":{"index":"index","follow":"follow","max-snippet":"max-snippet:-1","max-image-preview":"max-image-preview:large","max-video-preview":"max-video-preview:-1"},"canonical":"https:\/\/antykomunistyczni.pl\/index.php\/jozef-rozanski-1907-1981\/","og_locale":"pl_PL","og_type":"article","og_title":"J\u00f3zef R\u00f3\u017ca\u0144ski (1907-1981) - Antykomunistyczni.pl","og_description":"Znany tak\u017ce jako Jacek R\u00f3\u017ca\u0144ski, pierwotnie J\u00f3zef Goldberg &#8211; prawnik \u017cydowskiego pochodzenia, oficer NKWD i MBP, pose\u0142 na Sejm Ustawodawczy, zbrodniarz stalinowski. Syn dzia\u0142acza syjonistycznego i redaktora Abrahama Goldberga (1880\u20131933 &#8211; cmentarz \u017cydowski w Warszawie) i Anny (Chany) R\u00f3\u017ca\u0144skiej (zm. 1927). Mia\u0142 dwoje starszego rodze\u0144stwa: siostr\u0119 Juli\u0119 (Judyt\u0119, zm. 1943) i brata Beniamina, znanego p\u00f3\u017aniej [&hellip;]","og_url":"https:\/\/antykomunistyczni.pl\/index.php\/jozef-rozanski-1907-1981\/","og_site_name":"Antykomunistyczni.pl","article_publisher":"https:\/\/www.facebook.com\/antykomunistyczni\/","article_published_time":"2026-03-02T12:11:31+00:00","article_modified_time":"2026-03-02T12:11:50+00:00","og_image":[{"width":1024,"height":1024,"url":"https:\/\/antykomunistyczni.pl\/wp-content\/uploads\/2026\/02\/AntykomunistyczniLogoSquare.png","type":"image\/png"}],"author":"Antykomunistyczni","twitter_card":"summary_large_image","twitter_creator":"@anty_komunisci","twitter_site":"@anty_komunisci","twitter_misc":{"Napisane przez":"Antykomunistyczni","Szacowany czas czytania":"1 minuta"},"schema":{"@context":"https:\/\/schema.org","@graph":[{"@type":"Article","@id":"https:\/\/antykomunistyczni.pl\/index.php\/jozef-rozanski-1907-1981\/#article","isPartOf":{"@id":"https:\/\/antykomunistyczni.pl\/index.php\/jozef-rozanski-1907-1981\/"},"author":{"name":"Antykomunistyczni","@id":"https:\/\/antykomunistyczni.pl\/#\/schema\/person\/4963e693e8006b94062d91d1295d02a0"},"headline":"J\u00f3zef R\u00f3\u017ca\u0144ski (1907-1981)","datePublished":"2026-03-02T12:11:31+00:00","dateModified":"2026-03-02T12:11:50+00:00","mainEntityOfPage":{"@id":"https:\/\/antykomunistyczni.pl\/index.php\/jozef-rozanski-1907-1981\/"},"wordCount":296,"publisher":{"@id":"https:\/\/antykomunistyczni.pl\/#organization"},"articleSection":["Komuni\u015bci","Stalinizm w Polsce"],"inLanguage":"pl-PL"},{"@type":"WebPage","@id":"https:\/\/antykomunistyczni.pl\/index.php\/jozef-rozanski-1907-1981\/","url":"https:\/\/antykomunistyczni.pl\/index.php\/jozef-rozanski-1907-1981\/","name":"J\u00f3zef R\u00f3\u017ca\u0144ski (1907-1981) - Antykomunistyczni.pl","isPartOf":{"@id":"https:\/\/antykomunistyczni.pl\/#website"},"datePublished":"2026-03-02T12:11:31+00:00","dateModified":"2026-03-02T12:11:50+00:00","breadcrumb":{"@id":"https:\/\/antykomunistyczni.pl\/index.php\/jozef-rozanski-1907-1981\/#breadcrumb"},"inLanguage":"pl-PL","potentialAction":[{"@type":"ReadAction","target":["https:\/\/antykomunistyczni.pl\/index.php\/jozef-rozanski-1907-1981\/"]}]},{"@type":"BreadcrumbList","@id":"https:\/\/antykomunistyczni.pl\/index.php\/jozef-rozanski-1907-1981\/#breadcrumb","itemListElement":[{"@type":"ListItem","position":1,"name":"Strona g\u0142\u00f3wna","item":"https:\/\/antykomunistyczni.pl\/"},{"@type":"ListItem","position":2,"name":"J\u00f3zef R\u00f3\u017ca\u0144ski (1907-1981)"}]},{"@type":"WebSite","@id":"https:\/\/antykomunistyczni.pl\/#website","url":"https:\/\/antykomunistyczni.pl\/","name":"Antykomunistyczni.pl","description":"","publisher":{"@id":"https:\/\/antykomunistyczni.pl\/#organization"},"alternateName":"Historia PRL, zbrodnie komunistyczne w Polsce i na \u015bwiecie","potentialAction":[{"@type":"SearchAction","target":{"@type":"EntryPoint","urlTemplate":"https:\/\/antykomunistyczni.pl\/?s={search_term_string}"},"query-input":{"@type":"PropertyValueSpecification","valueRequired":true,"valueName":"search_term_string"}}],"inLanguage":"pl-PL"},{"@type":"Organization","@id":"https:\/\/antykomunistyczni.pl\/#organization","name":"Antykomunistyczni.pl","url":"https:\/\/antykomunistyczni.pl\/","logo":{"@type":"ImageObject","inLanguage":"pl-PL","@id":"https:\/\/antykomunistyczni.pl\/#\/schema\/logo\/image\/","url":"https:\/\/antykomunistyczni.pl\/wp-content\/uploads\/2026\/02\/cropped-AntykomunistyczniLogoSquare150x150-2.png","contentUrl":"https:\/\/antykomunistyczni.pl\/wp-content\/uploads\/2026\/02\/cropped-AntykomunistyczniLogoSquare150x150-2.png","width":150,"height":150,"caption":"Antykomunistyczni.pl"},"image":{"@id":"https:\/\/antykomunistyczni.pl\/#\/schema\/logo\/image\/"},"sameAs":["https:\/\/www.facebook.com\/antykomunistyczni\/","https:\/\/x.com\/anty_komunisci"]},{"@type":"Person","@id":"https:\/\/antykomunistyczni.pl\/#\/schema\/person\/4963e693e8006b94062d91d1295d02a0","name":"Antykomunistyczni","image":{"@type":"ImageObject","inLanguage":"pl-PL","@id":"https:\/\/secure.gravatar.com\/avatar\/ff172875f9ced7887f883245268c1ba638c26cf1e0530f7f61b4705963a6730b?s=96&d=mm&r=g","url":"https:\/\/secure.gravatar.com\/avatar\/ff172875f9ced7887f883245268c1ba638c26cf1e0530f7f61b4705963a6730b?s=96&d=mm&r=g","contentUrl":"https:\/\/secure.gravatar.com\/avatar\/ff172875f9ced7887f883245268c1ba638c26cf1e0530f7f61b4705963a6730b?s=96&d=mm&r=g","caption":"Antykomunistyczni"},"sameAs":["http:\/\/antykomunistyczni.pl"],"url":"https:\/\/antykomunistyczni.pl\/index.php\/author\/admin0\/"}]}},"_links":{"self":[{"href":"https:\/\/antykomunistyczni.pl\/index.php\/wp-json\/wp\/v2\/posts\/544","targetHints":{"allow":["GET"]}}],"collection":[{"href":"https:\/\/antykomunistyczni.pl\/index.php\/wp-json\/wp\/v2\/posts"}],"about":[{"href":"https:\/\/antykomunistyczni.pl\/index.php\/wp-json\/wp\/v2\/types\/post"}],"author":[{"embeddable":true,"href":"https:\/\/antykomunistyczni.pl\/index.php\/wp-json\/wp\/v2\/users\/1"}],"replies":[{"embeddable":true,"href":"https:\/\/antykomunistyczni.pl\/index.php\/wp-json\/wp\/v2\/comments?post=544"}],"version-history":[{"count":1,"href":"https:\/\/antykomunistyczni.pl\/index.php\/wp-json\/wp\/v2\/posts\/544\/revisions"}],"predecessor-version":[{"id":545,"href":"https:\/\/antykomunistyczni.pl\/index.php\/wp-json\/wp\/v2\/posts\/544\/revisions\/545"}],"wp:attachment":[{"href":"https:\/\/antykomunistyczni.pl\/index.php\/wp-json\/wp\/v2\/media?parent=544"}],"wp:term":[{"taxonomy":"category","embeddable":true,"href":"https:\/\/antykomunistyczni.pl\/index.php\/wp-json\/wp\/v2\/categories?post=544"},{"taxonomy":"post_tag","embeddable":true,"href":"https:\/\/antykomunistyczni.pl\/index.php\/wp-json\/wp\/v2\/tags?post=544"}],"curies":[{"name":"wp","href":"https:\/\/api.w.org\/{rel}","templated":true}]}}