{"id":556,"date":"2026-03-02T13:15:22","date_gmt":"2026-03-02T12:15:22","guid":{"rendered":"https:\/\/antykomunistyczni.pl\/?p=556"},"modified":"2026-03-02T13:15:22","modified_gmt":"2026-03-02T12:15:22","slug":"jan-hryckowian-1907-1975","status":"publish","type":"post","link":"https:\/\/antykomunistyczni.pl\/index.php\/jan-hryckowian-1907-1975\/","title":{"rendered":"Jan Hryckowian (1907-1975)"},"content":{"rendered":"\n<p class=\"wp-block-paragraph\">prawnik, s\u0119dzia wojskowy Wojska Polskiego i ludowego Wojska Polskiego, adwokat. Odpowiedzialny za szereg mord\u00f3w s\u0105dowych w latach 1946\u20131948. Urodzi\u0142 si\u0119 w USA, w rodzinie g\u00f3rniczej. Uko\u0144czy\u0142 studia na Wydziale Prawa Uniwersytetu Jagiello\u0144skiego. W czasie wojny aresztowany przez Niemc\u00f3w i osadzony w areszcie na ul. Montelupich. Nale\u017ca\u0142 do AK. W 1945 roku zg\u0142osi\u0142 si\u0119 do LWP. Od 1947 roku podpu\u0142kownik. By\u0142 s\u0119dzi\u0105 orzekaj\u0105cym m.in. w procesie pokazowym pu\u0142kownika Jana Rzepeckiego i innych oficer\u00f3w AK i WiN \u2013 Mariana Go\u0142\u0119biewskiego, Tadeusza Jachimka, Henryka \u017buka i Jana Szczurka-Cergowskiego (tzw. proces I Zarz\u0105du G\u0142\u00f3wnego WiN). W sprawach tych zapad\u0142y wyroki \u015bmierci i d\u0142ugoletniego wi\u0119zienia. S\u0105d pod jego przewodnictwem skaza\u0142a na kar\u0119 \u015bmierci kawalera Orderu Virtuti Militari Konrada Dybowskiego (1919-1947) wraz z ojcem W\u0142adys\u0142awem Dybowskim (1892-1947). W 1950 roku zwolniony ze s\u0142u\u017cby wojskowej. Pracowa\u0142 p\u00f3\u017aniej jako adwokat. W dniach 14\u201321 wrze\u015bnia 1953 w czasie procesu pokazowego biskupa Czes\u0142awa Kaczmarka (1895-1963) by\u0142 obro\u0144c\u0105 siostry zakonnej Walerii Niklewskiej i podobnie jak inni obro\u0144cy pomaga\u0142 prokuratorom, zastraszaj\u0105c i namawiaj\u0105c swoich klient\u00f3w do przyznania si\u0119 do winy. Jego \u017con\u0105 by\u0142a Stanis\u0142awa z d. Kurakiewicz, primo voto Wierzbicka, w czasie wojny wsp\u00f3\u0142pracownik gen. Augusta Emila Fieldorfa, odznaczona Virtuti Militari. Pochowany na Starych. Na grobie widnieje napis, \u017ce by\u0142 podpu\u0142kownikiem, adwokatem i \u017co\u0142nierzem AK o ps. Janusz.<\/p>\n\n\n\n<p class=\"wp-block-paragraph\"><\/p>\n","protected":false},"excerpt":{"rendered":"<p>prawnik, s\u0119dzia wojskowy Wojska Polskiego i ludowego Wojska Polskiego, adwokat. Odpowiedzialny za szereg mord\u00f3w s\u0105dowych w latach 1946\u20131948. Urodzi\u0142 si\u0119 w USA, w rodzinie g\u00f3rniczej. Uko\u0144czy\u0142 studia na Wydziale Prawa Uniwersytetu Jagiello\u0144skiego. W czasie wojny aresztowany przez Niemc\u00f3w i osadzony w areszcie na ul. Montelupich. Nale\u017ca\u0142 do AK. W 1945 roku zg\u0142osi\u0142 si\u0119 do LWP. [&hellip;]<\/p>\n","protected":false},"author":1,"featured_media":0,"comment_status":"closed","ping_status":"closed","sticky":false,"template":"","format":"standard","meta":{"give_campaign_id":0,"footnotes":""},"categories":[26,32],"tags":[],"class_list":["post-556","post","type-post","status-publish","format-standard","hentry","category-komunisci","category-stalinizm-w-polsce"],"yoast_head":"<!-- This site is optimized with the Yoast SEO plugin v28.4 - https:\/\/yoast.com\/product\/yoast-seo-wordpress\/ -->\n<title>Jan Hryckowian (1907-1975) - Antykomunistyczni.pl<\/title>\n<meta name=\"robots\" content=\"index, follow, max-snippet:-1, max-image-preview:large, max-video-preview:-1\" \/>\n<link rel=\"canonical\" href=\"https:\/\/antykomunistyczni.pl\/index.php\/jan-hryckowian-1907-1975\/\" \/>\n<meta property=\"og:locale\" content=\"pl_PL\" \/>\n<meta property=\"og:type\" content=\"article\" \/>\n<meta property=\"og:title\" content=\"Jan Hryckowian (1907-1975) - Antykomunistyczni.pl\" \/>\n<meta property=\"og:description\" content=\"prawnik, s\u0119dzia wojskowy Wojska Polskiego i ludowego Wojska Polskiego, adwokat. Odpowiedzialny za szereg mord\u00f3w s\u0105dowych w latach 1946\u20131948. Urodzi\u0142 si\u0119 w USA, w rodzinie g\u00f3rniczej. Uko\u0144czy\u0142 studia na Wydziale Prawa Uniwersytetu Jagiello\u0144skiego. W czasie wojny aresztowany przez Niemc\u00f3w i osadzony w areszcie na ul. Montelupich. Nale\u017ca\u0142 do AK. W 1945 roku zg\u0142osi\u0142 si\u0119 do LWP. [&hellip;]\" \/>\n<meta property=\"og:url\" content=\"https:\/\/antykomunistyczni.pl\/index.php\/jan-hryckowian-1907-1975\/\" \/>\n<meta property=\"og:site_name\" content=\"Antykomunistyczni.pl\" \/>\n<meta property=\"article:publisher\" content=\"https:\/\/www.facebook.com\/antykomunistyczni\/\" \/>\n<meta property=\"article:published_time\" content=\"2026-03-02T12:15:22+00:00\" \/>\n<meta property=\"og:image\" content=\"https:\/\/antykomunistyczni.pl\/wp-content\/uploads\/2026\/02\/AntykomunistyczniLogoSquare.png\" \/>\n\t<meta property=\"og:image:width\" content=\"1024\" \/>\n\t<meta property=\"og:image:height\" content=\"1024\" \/>\n\t<meta property=\"og:image:type\" content=\"image\/png\" \/>\n<meta name=\"author\" content=\"Antykomunistyczni\" \/>\n<meta name=\"twitter:card\" content=\"summary_large_image\" \/>\n<meta name=\"twitter:creator\" content=\"@anty_komunisci\" \/>\n<meta name=\"twitter:site\" content=\"@anty_komunisci\" \/>\n<meta name=\"twitter:label1\" content=\"Napisane przez\" \/>\n\t<meta name=\"twitter:data1\" content=\"Antykomunistyczni\" \/>\n\t<meta name=\"twitter:label2\" content=\"Szacowany czas czytania\" \/>\n\t<meta name=\"twitter:data2\" content=\"1 minuta\" \/>\n<script type=\"application\/ld+json\" class=\"yoast-schema-graph\">{\"@context\":\"https:\\\/\\\/schema.org\",\"@graph\":[{\"@type\":\"Article\",\"@id\":\"https:\\\/\\\/antykomunistyczni.pl\\\/index.php\\\/jan-hryckowian-1907-1975\\\/#article\",\"isPartOf\":{\"@id\":\"https:\\\/\\\/antykomunistyczni.pl\\\/index.php\\\/jan-hryckowian-1907-1975\\\/\"},\"author\":{\"name\":\"Antykomunistyczni\",\"@id\":\"https:\\\/\\\/antykomunistyczni.pl\\\/#\\\/schema\\\/person\\\/4963e693e8006b94062d91d1295d02a0\"},\"headline\":\"Jan Hryckowian (1907-1975)\",\"datePublished\":\"2026-03-02T12:15:22+00:00\",\"mainEntityOfPage\":{\"@id\":\"https:\\\/\\\/antykomunistyczni.pl\\\/index.php\\\/jan-hryckowian-1907-1975\\\/\"},\"wordCount\":242,\"publisher\":{\"@id\":\"https:\\\/\\\/antykomunistyczni.pl\\\/#organization\"},\"articleSection\":[\"Komuni\u015bci\",\"Stalinizm w Polsce\"],\"inLanguage\":\"pl-PL\"},{\"@type\":\"WebPage\",\"@id\":\"https:\\\/\\\/antykomunistyczni.pl\\\/index.php\\\/jan-hryckowian-1907-1975\\\/\",\"url\":\"https:\\\/\\\/antykomunistyczni.pl\\\/index.php\\\/jan-hryckowian-1907-1975\\\/\",\"name\":\"Jan Hryckowian (1907-1975) - Antykomunistyczni.pl\",\"isPartOf\":{\"@id\":\"https:\\\/\\\/antykomunistyczni.pl\\\/#website\"},\"datePublished\":\"2026-03-02T12:15:22+00:00\",\"breadcrumb\":{\"@id\":\"https:\\\/\\\/antykomunistyczni.pl\\\/index.php\\\/jan-hryckowian-1907-1975\\\/#breadcrumb\"},\"inLanguage\":\"pl-PL\",\"potentialAction\":[{\"@type\":\"ReadAction\",\"target\":[\"https:\\\/\\\/antykomunistyczni.pl\\\/index.php\\\/jan-hryckowian-1907-1975\\\/\"]}]},{\"@type\":\"BreadcrumbList\",\"@id\":\"https:\\\/\\\/antykomunistyczni.pl\\\/index.php\\\/jan-hryckowian-1907-1975\\\/#breadcrumb\",\"itemListElement\":[{\"@type\":\"ListItem\",\"position\":1,\"name\":\"Strona g\u0142\u00f3wna\",\"item\":\"https:\\\/\\\/antykomunistyczni.pl\\\/\"},{\"@type\":\"ListItem\",\"position\":2,\"name\":\"Jan Hryckowian (1907-1975)\"}]},{\"@type\":\"WebSite\",\"@id\":\"https:\\\/\\\/antykomunistyczni.pl\\\/#website\",\"url\":\"https:\\\/\\\/antykomunistyczni.pl\\\/\",\"name\":\"Antykomunistyczni.pl\",\"description\":\"\",\"publisher\":{\"@id\":\"https:\\\/\\\/antykomunistyczni.pl\\\/#organization\"},\"alternateName\":\"Historia PRL, zbrodnie komunistyczne w Polsce i na \u015bwiecie\",\"potentialAction\":[{\"@type\":\"SearchAction\",\"target\":{\"@type\":\"EntryPoint\",\"urlTemplate\":\"https:\\\/\\\/antykomunistyczni.pl\\\/?s={search_term_string}\"},\"query-input\":{\"@type\":\"PropertyValueSpecification\",\"valueRequired\":true,\"valueName\":\"search_term_string\"}}],\"inLanguage\":\"pl-PL\"},{\"@type\":\"Organization\",\"@id\":\"https:\\\/\\\/antykomunistyczni.pl\\\/#organization\",\"name\":\"Antykomunistyczni.pl\",\"url\":\"https:\\\/\\\/antykomunistyczni.pl\\\/\",\"logo\":{\"@type\":\"ImageObject\",\"inLanguage\":\"pl-PL\",\"@id\":\"https:\\\/\\\/antykomunistyczni.pl\\\/#\\\/schema\\\/logo\\\/image\\\/\",\"url\":\"https:\\\/\\\/antykomunistyczni.pl\\\/wp-content\\\/uploads\\\/2026\\\/02\\\/cropped-AntykomunistyczniLogoSquare150x150-2.png\",\"contentUrl\":\"https:\\\/\\\/antykomunistyczni.pl\\\/wp-content\\\/uploads\\\/2026\\\/02\\\/cropped-AntykomunistyczniLogoSquare150x150-2.png\",\"width\":150,\"height\":150,\"caption\":\"Antykomunistyczni.pl\"},\"image\":{\"@id\":\"https:\\\/\\\/antykomunistyczni.pl\\\/#\\\/schema\\\/logo\\\/image\\\/\"},\"sameAs\":[\"https:\\\/\\\/www.facebook.com\\\/antykomunistyczni\\\/\",\"https:\\\/\\\/x.com\\\/anty_komunisci\"]},{\"@type\":\"Person\",\"@id\":\"https:\\\/\\\/antykomunistyczni.pl\\\/#\\\/schema\\\/person\\\/4963e693e8006b94062d91d1295d02a0\",\"name\":\"Antykomunistyczni\",\"image\":{\"@type\":\"ImageObject\",\"inLanguage\":\"pl-PL\",\"@id\":\"https:\\\/\\\/secure.gravatar.com\\\/avatar\\\/ff172875f9ced7887f883245268c1ba638c26cf1e0530f7f61b4705963a6730b?s=96&d=mm&r=g\",\"url\":\"https:\\\/\\\/secure.gravatar.com\\\/avatar\\\/ff172875f9ced7887f883245268c1ba638c26cf1e0530f7f61b4705963a6730b?s=96&d=mm&r=g\",\"contentUrl\":\"https:\\\/\\\/secure.gravatar.com\\\/avatar\\\/ff172875f9ced7887f883245268c1ba638c26cf1e0530f7f61b4705963a6730b?s=96&d=mm&r=g\",\"caption\":\"Antykomunistyczni\"},\"sameAs\":[\"http:\\\/\\\/antykomunistyczni.pl\"],\"url\":\"https:\\\/\\\/antykomunistyczni.pl\\\/index.php\\\/author\\\/admin0\\\/\"}]}<\/script>\n<!-- \/ Yoast SEO plugin. -->","yoast_head_json":{"title":"Jan Hryckowian (1907-1975) - Antykomunistyczni.pl","robots":{"index":"index","follow":"follow","max-snippet":"max-snippet:-1","max-image-preview":"max-image-preview:large","max-video-preview":"max-video-preview:-1"},"canonical":"https:\/\/antykomunistyczni.pl\/index.php\/jan-hryckowian-1907-1975\/","og_locale":"pl_PL","og_type":"article","og_title":"Jan Hryckowian (1907-1975) - Antykomunistyczni.pl","og_description":"prawnik, s\u0119dzia wojskowy Wojska Polskiego i ludowego Wojska Polskiego, adwokat. Odpowiedzialny za szereg mord\u00f3w s\u0105dowych w latach 1946\u20131948. Urodzi\u0142 si\u0119 w USA, w rodzinie g\u00f3rniczej. Uko\u0144czy\u0142 studia na Wydziale Prawa Uniwersytetu Jagiello\u0144skiego. W czasie wojny aresztowany przez Niemc\u00f3w i osadzony w areszcie na ul. Montelupich. Nale\u017ca\u0142 do AK. W 1945 roku zg\u0142osi\u0142 si\u0119 do LWP. [&hellip;]","og_url":"https:\/\/antykomunistyczni.pl\/index.php\/jan-hryckowian-1907-1975\/","og_site_name":"Antykomunistyczni.pl","article_publisher":"https:\/\/www.facebook.com\/antykomunistyczni\/","article_published_time":"2026-03-02T12:15:22+00:00","og_image":[{"width":1024,"height":1024,"url":"https:\/\/antykomunistyczni.pl\/wp-content\/uploads\/2026\/02\/AntykomunistyczniLogoSquare.png","type":"image\/png"}],"author":"Antykomunistyczni","twitter_card":"summary_large_image","twitter_creator":"@anty_komunisci","twitter_site":"@anty_komunisci","twitter_misc":{"Napisane przez":"Antykomunistyczni","Szacowany czas czytania":"1 minuta"},"schema":{"@context":"https:\/\/schema.org","@graph":[{"@type":"Article","@id":"https:\/\/antykomunistyczni.pl\/index.php\/jan-hryckowian-1907-1975\/#article","isPartOf":{"@id":"https:\/\/antykomunistyczni.pl\/index.php\/jan-hryckowian-1907-1975\/"},"author":{"name":"Antykomunistyczni","@id":"https:\/\/antykomunistyczni.pl\/#\/schema\/person\/4963e693e8006b94062d91d1295d02a0"},"headline":"Jan Hryckowian (1907-1975)","datePublished":"2026-03-02T12:15:22+00:00","mainEntityOfPage":{"@id":"https:\/\/antykomunistyczni.pl\/index.php\/jan-hryckowian-1907-1975\/"},"wordCount":242,"publisher":{"@id":"https:\/\/antykomunistyczni.pl\/#organization"},"articleSection":["Komuni\u015bci","Stalinizm w Polsce"],"inLanguage":"pl-PL"},{"@type":"WebPage","@id":"https:\/\/antykomunistyczni.pl\/index.php\/jan-hryckowian-1907-1975\/","url":"https:\/\/antykomunistyczni.pl\/index.php\/jan-hryckowian-1907-1975\/","name":"Jan Hryckowian (1907-1975) - Antykomunistyczni.pl","isPartOf":{"@id":"https:\/\/antykomunistyczni.pl\/#website"},"datePublished":"2026-03-02T12:15:22+00:00","breadcrumb":{"@id":"https:\/\/antykomunistyczni.pl\/index.php\/jan-hryckowian-1907-1975\/#breadcrumb"},"inLanguage":"pl-PL","potentialAction":[{"@type":"ReadAction","target":["https:\/\/antykomunistyczni.pl\/index.php\/jan-hryckowian-1907-1975\/"]}]},{"@type":"BreadcrumbList","@id":"https:\/\/antykomunistyczni.pl\/index.php\/jan-hryckowian-1907-1975\/#breadcrumb","itemListElement":[{"@type":"ListItem","position":1,"name":"Strona g\u0142\u00f3wna","item":"https:\/\/antykomunistyczni.pl\/"},{"@type":"ListItem","position":2,"name":"Jan Hryckowian (1907-1975)"}]},{"@type":"WebSite","@id":"https:\/\/antykomunistyczni.pl\/#website","url":"https:\/\/antykomunistyczni.pl\/","name":"Antykomunistyczni.pl","description":"","publisher":{"@id":"https:\/\/antykomunistyczni.pl\/#organization"},"alternateName":"Historia PRL, zbrodnie komunistyczne w Polsce i na \u015bwiecie","potentialAction":[{"@type":"SearchAction","target":{"@type":"EntryPoint","urlTemplate":"https:\/\/antykomunistyczni.pl\/?s={search_term_string}"},"query-input":{"@type":"PropertyValueSpecification","valueRequired":true,"valueName":"search_term_string"}}],"inLanguage":"pl-PL"},{"@type":"Organization","@id":"https:\/\/antykomunistyczni.pl\/#organization","name":"Antykomunistyczni.pl","url":"https:\/\/antykomunistyczni.pl\/","logo":{"@type":"ImageObject","inLanguage":"pl-PL","@id":"https:\/\/antykomunistyczni.pl\/#\/schema\/logo\/image\/","url":"https:\/\/antykomunistyczni.pl\/wp-content\/uploads\/2026\/02\/cropped-AntykomunistyczniLogoSquare150x150-2.png","contentUrl":"https:\/\/antykomunistyczni.pl\/wp-content\/uploads\/2026\/02\/cropped-AntykomunistyczniLogoSquare150x150-2.png","width":150,"height":150,"caption":"Antykomunistyczni.pl"},"image":{"@id":"https:\/\/antykomunistyczni.pl\/#\/schema\/logo\/image\/"},"sameAs":["https:\/\/www.facebook.com\/antykomunistyczni\/","https:\/\/x.com\/anty_komunisci"]},{"@type":"Person","@id":"https:\/\/antykomunistyczni.pl\/#\/schema\/person\/4963e693e8006b94062d91d1295d02a0","name":"Antykomunistyczni","image":{"@type":"ImageObject","inLanguage":"pl-PL","@id":"https:\/\/secure.gravatar.com\/avatar\/ff172875f9ced7887f883245268c1ba638c26cf1e0530f7f61b4705963a6730b?s=96&d=mm&r=g","url":"https:\/\/secure.gravatar.com\/avatar\/ff172875f9ced7887f883245268c1ba638c26cf1e0530f7f61b4705963a6730b?s=96&d=mm&r=g","contentUrl":"https:\/\/secure.gravatar.com\/avatar\/ff172875f9ced7887f883245268c1ba638c26cf1e0530f7f61b4705963a6730b?s=96&d=mm&r=g","caption":"Antykomunistyczni"},"sameAs":["http:\/\/antykomunistyczni.pl"],"url":"https:\/\/antykomunistyczni.pl\/index.php\/author\/admin0\/"}]}},"_links":{"self":[{"href":"https:\/\/antykomunistyczni.pl\/index.php\/wp-json\/wp\/v2\/posts\/556","targetHints":{"allow":["GET"]}}],"collection":[{"href":"https:\/\/antykomunistyczni.pl\/index.php\/wp-json\/wp\/v2\/posts"}],"about":[{"href":"https:\/\/antykomunistyczni.pl\/index.php\/wp-json\/wp\/v2\/types\/post"}],"author":[{"embeddable":true,"href":"https:\/\/antykomunistyczni.pl\/index.php\/wp-json\/wp\/v2\/users\/1"}],"replies":[{"embeddable":true,"href":"https:\/\/antykomunistyczni.pl\/index.php\/wp-json\/wp\/v2\/comments?post=556"}],"version-history":[{"count":1,"href":"https:\/\/antykomunistyczni.pl\/index.php\/wp-json\/wp\/v2\/posts\/556\/revisions"}],"predecessor-version":[{"id":557,"href":"https:\/\/antykomunistyczni.pl\/index.php\/wp-json\/wp\/v2\/posts\/556\/revisions\/557"}],"wp:attachment":[{"href":"https:\/\/antykomunistyczni.pl\/index.php\/wp-json\/wp\/v2\/media?parent=556"}],"wp:term":[{"taxonomy":"category","embeddable":true,"href":"https:\/\/antykomunistyczni.pl\/index.php\/wp-json\/wp\/v2\/categories?post=556"},{"taxonomy":"post_tag","embeddable":true,"href":"https:\/\/antykomunistyczni.pl\/index.php\/wp-json\/wp\/v2\/tags?post=556"}],"curies":[{"name":"wp","href":"https:\/\/api.w.org\/{rel}","templated":true}]}}