{"id":558,"date":"2026-03-02T13:15:48","date_gmt":"2026-03-02T12:15:48","guid":{"rendered":"https:\/\/antykomunistyczni.pl\/?p=558"},"modified":"2026-03-02T13:15:48","modified_gmt":"2026-03-02T12:15:48","slug":"czeslaw-lapinski-1912-2004","status":"publish","type":"post","link":"https:\/\/antykomunistyczni.pl\/index.php\/czeslaw-lapinski-1912-2004\/","title":{"rendered":"Czes\u0142aw \u0141api\u0144ski (1912-2004)"},"content":{"rendered":"\n<p class=\"wp-block-paragraph\">Podpu\u0142kownik ludowego Wojska Polskiego, komunistyczny prokurator s\u0105d\u00f3w wojskowych. Oskar\u017ca\u0142 m.in. w procesie dow\u00f3dcy Konspiracyjnego Wojska Polskiego \u2013 kapitana Stanis\u0142awa Sojczy\u0144skiego ps. \u201eWarszyc\u201d. Oskar\u017cony i pi\u0119ciu jego podkomendnych zostali rozstrzelani 17 lutego 1947 roku, tu\u017c przed og\u0142oszeniem amnestii. W 1947 trafi\u0142 do Ministerstwa Obrony Narodowej do Departamentu S\u0142u\u017cby Sprawiedliwo\u015bci, gdzie pracowa\u0142 jako prokurator i kierownik sekcji. W tym czasie by\u0142 prokuratorem w procesie pokazowym tzw. grupy Witolda Pileckiego. 13 marca, dwa dni przed za\u017c\u0105daniem wyroku \u015bmierci dla rotmistrza Witolda Pileckiego, zosta\u0142 zwerbowany jako agent \u201e\u0141ukowski\u201d przez wojskow\u0105 bezpiek\u0119 \u2013 G\u0142\u00f3wny Zarz\u0105d Informacji. Hakiem na \u0141api\u0144skiego by\u0142a jego mroczna przesz\u0142o\u015b\u0107 jako agenta Gestapo z al. Szucha. W czasie wojny pracowa\u0142 jako starszy krupier w kasynie dla Niemc\u00f3w. Bra\u0142 udzia\u0142 tak\u017ce w powstaniu warszawskim i dzia\u0142a\u0142 w partyzantce AK na Zamojszczy\u017anie. O 1945 roku ochotniczo wst\u0105pi\u0142 do LWP. IPN wszcz\u0105\u0142 \u015bledztwo w sprawie mord\u00f3w s\u0105dowych pope\u0142nionych przez \u0141api\u0144skiego. Powsta\u0142 nawet akt oskar\u017cenia. Do procesu jednak nie dosz\u0142o z powodu \u015bmierci \u0141api\u0144skiego na nowotw\u00f3r. Pochowany na wojskowych Pow\u0105zkach. Jego gr\u00f3b jest opuszczony i zaro\u015bni\u0119ty.<\/p>\n\n\n\n<p class=\"wp-block-paragraph\"><\/p>\n","protected":false},"excerpt":{"rendered":"<p>Podpu\u0142kownik ludowego Wojska Polskiego, komunistyczny prokurator s\u0105d\u00f3w wojskowych. Oskar\u017ca\u0142 m.in. w procesie dow\u00f3dcy Konspiracyjnego Wojska Polskiego \u2013 kapitana Stanis\u0142awa Sojczy\u0144skiego ps. \u201eWarszyc\u201d. Oskar\u017cony i pi\u0119ciu jego podkomendnych zostali rozstrzelani 17 lutego 1947 roku, tu\u017c przed og\u0142oszeniem amnestii. W 1947 trafi\u0142 do Ministerstwa Obrony Narodowej do Departamentu S\u0142u\u017cby Sprawiedliwo\u015bci, gdzie pracowa\u0142 jako prokurator i kierownik sekcji. [&hellip;]<\/p>\n","protected":false},"author":1,"featured_media":0,"comment_status":"closed","ping_status":"closed","sticky":false,"template":"","format":"standard","meta":{"give_campaign_id":0,"footnotes":""},"categories":[26,32],"tags":[],"class_list":["post-558","post","type-post","status-publish","format-standard","hentry","category-komunisci","category-stalinizm-w-polsce"],"yoast_head":"<!-- This site is optimized with the Yoast SEO plugin v28.4 - https:\/\/yoast.com\/product\/yoast-seo-wordpress\/ -->\n<title>Czes\u0142aw \u0141api\u0144ski (1912-2004) - Antykomunistyczni.pl<\/title>\n<meta name=\"robots\" content=\"index, follow, max-snippet:-1, max-image-preview:large, max-video-preview:-1\" \/>\n<link rel=\"canonical\" href=\"https:\/\/antykomunistyczni.pl\/index.php\/czeslaw-lapinski-1912-2004\/\" \/>\n<meta property=\"og:locale\" content=\"pl_PL\" \/>\n<meta property=\"og:type\" content=\"article\" \/>\n<meta property=\"og:title\" content=\"Czes\u0142aw \u0141api\u0144ski (1912-2004) - Antykomunistyczni.pl\" \/>\n<meta property=\"og:description\" content=\"Podpu\u0142kownik ludowego Wojska Polskiego, komunistyczny prokurator s\u0105d\u00f3w wojskowych. Oskar\u017ca\u0142 m.in. w procesie dow\u00f3dcy Konspiracyjnego Wojska Polskiego \u2013 kapitana Stanis\u0142awa Sojczy\u0144skiego ps. \u201eWarszyc\u201d. Oskar\u017cony i pi\u0119ciu jego podkomendnych zostali rozstrzelani 17 lutego 1947 roku, tu\u017c przed og\u0142oszeniem amnestii. W 1947 trafi\u0142 do Ministerstwa Obrony Narodowej do Departamentu S\u0142u\u017cby Sprawiedliwo\u015bci, gdzie pracowa\u0142 jako prokurator i kierownik sekcji. [&hellip;]\" \/>\n<meta property=\"og:url\" content=\"https:\/\/antykomunistyczni.pl\/index.php\/czeslaw-lapinski-1912-2004\/\" \/>\n<meta property=\"og:site_name\" content=\"Antykomunistyczni.pl\" \/>\n<meta property=\"article:publisher\" content=\"https:\/\/www.facebook.com\/antykomunistyczni\/\" \/>\n<meta property=\"article:published_time\" content=\"2026-03-02T12:15:48+00:00\" \/>\n<meta property=\"og:image\" content=\"https:\/\/antykomunistyczni.pl\/wp-content\/uploads\/2026\/02\/AntykomunistyczniLogoSquare.png\" \/>\n\t<meta property=\"og:image:width\" content=\"1024\" \/>\n\t<meta property=\"og:image:height\" content=\"1024\" \/>\n\t<meta property=\"og:image:type\" content=\"image\/png\" \/>\n<meta name=\"author\" content=\"Antykomunistyczni\" \/>\n<meta name=\"twitter:card\" content=\"summary_large_image\" \/>\n<meta name=\"twitter:creator\" content=\"@anty_komunisci\" \/>\n<meta name=\"twitter:site\" content=\"@anty_komunisci\" \/>\n<meta name=\"twitter:label1\" content=\"Napisane przez\" \/>\n\t<meta name=\"twitter:data1\" content=\"Antykomunistyczni\" \/>\n\t<meta name=\"twitter:label2\" content=\"Szacowany czas czytania\" \/>\n\t<meta name=\"twitter:data2\" content=\"1 minuta\" \/>\n<script type=\"application\/ld+json\" class=\"yoast-schema-graph\">{\"@context\":\"https:\\\/\\\/schema.org\",\"@graph\":[{\"@type\":\"Article\",\"@id\":\"https:\\\/\\\/antykomunistyczni.pl\\\/index.php\\\/czeslaw-lapinski-1912-2004\\\/#article\",\"isPartOf\":{\"@id\":\"https:\\\/\\\/antykomunistyczni.pl\\\/index.php\\\/czeslaw-lapinski-1912-2004\\\/\"},\"author\":{\"name\":\"Antykomunistyczni\",\"@id\":\"https:\\\/\\\/antykomunistyczni.pl\\\/#\\\/schema\\\/person\\\/4963e693e8006b94062d91d1295d02a0\"},\"headline\":\"Czes\u0142aw \u0141api\u0144ski (1912-2004)\",\"datePublished\":\"2026-03-02T12:15:48+00:00\",\"mainEntityOfPage\":{\"@id\":\"https:\\\/\\\/antykomunistyczni.pl\\\/index.php\\\/czeslaw-lapinski-1912-2004\\\/\"},\"wordCount\":205,\"publisher\":{\"@id\":\"https:\\\/\\\/antykomunistyczni.pl\\\/#organization\"},\"articleSection\":[\"Komuni\u015bci\",\"Stalinizm w Polsce\"],\"inLanguage\":\"pl-PL\"},{\"@type\":\"WebPage\",\"@id\":\"https:\\\/\\\/antykomunistyczni.pl\\\/index.php\\\/czeslaw-lapinski-1912-2004\\\/\",\"url\":\"https:\\\/\\\/antykomunistyczni.pl\\\/index.php\\\/czeslaw-lapinski-1912-2004\\\/\",\"name\":\"Czes\u0142aw \u0141api\u0144ski (1912-2004) - Antykomunistyczni.pl\",\"isPartOf\":{\"@id\":\"https:\\\/\\\/antykomunistyczni.pl\\\/#website\"},\"datePublished\":\"2026-03-02T12:15:48+00:00\",\"breadcrumb\":{\"@id\":\"https:\\\/\\\/antykomunistyczni.pl\\\/index.php\\\/czeslaw-lapinski-1912-2004\\\/#breadcrumb\"},\"inLanguage\":\"pl-PL\",\"potentialAction\":[{\"@type\":\"ReadAction\",\"target\":[\"https:\\\/\\\/antykomunistyczni.pl\\\/index.php\\\/czeslaw-lapinski-1912-2004\\\/\"]}]},{\"@type\":\"BreadcrumbList\",\"@id\":\"https:\\\/\\\/antykomunistyczni.pl\\\/index.php\\\/czeslaw-lapinski-1912-2004\\\/#breadcrumb\",\"itemListElement\":[{\"@type\":\"ListItem\",\"position\":1,\"name\":\"Strona g\u0142\u00f3wna\",\"item\":\"https:\\\/\\\/antykomunistyczni.pl\\\/\"},{\"@type\":\"ListItem\",\"position\":2,\"name\":\"Czes\u0142aw \u0141api\u0144ski (1912-2004)\"}]},{\"@type\":\"WebSite\",\"@id\":\"https:\\\/\\\/antykomunistyczni.pl\\\/#website\",\"url\":\"https:\\\/\\\/antykomunistyczni.pl\\\/\",\"name\":\"Antykomunistyczni.pl\",\"description\":\"\",\"publisher\":{\"@id\":\"https:\\\/\\\/antykomunistyczni.pl\\\/#organization\"},\"alternateName\":\"Historia PRL, zbrodnie komunistyczne w Polsce i na \u015bwiecie\",\"potentialAction\":[{\"@type\":\"SearchAction\",\"target\":{\"@type\":\"EntryPoint\",\"urlTemplate\":\"https:\\\/\\\/antykomunistyczni.pl\\\/?s={search_term_string}\"},\"query-input\":{\"@type\":\"PropertyValueSpecification\",\"valueRequired\":true,\"valueName\":\"search_term_string\"}}],\"inLanguage\":\"pl-PL\"},{\"@type\":\"Organization\",\"@id\":\"https:\\\/\\\/antykomunistyczni.pl\\\/#organization\",\"name\":\"Antykomunistyczni.pl\",\"url\":\"https:\\\/\\\/antykomunistyczni.pl\\\/\",\"logo\":{\"@type\":\"ImageObject\",\"inLanguage\":\"pl-PL\",\"@id\":\"https:\\\/\\\/antykomunistyczni.pl\\\/#\\\/schema\\\/logo\\\/image\\\/\",\"url\":\"https:\\\/\\\/antykomunistyczni.pl\\\/wp-content\\\/uploads\\\/2026\\\/02\\\/cropped-AntykomunistyczniLogoSquare150x150-2.png\",\"contentUrl\":\"https:\\\/\\\/antykomunistyczni.pl\\\/wp-content\\\/uploads\\\/2026\\\/02\\\/cropped-AntykomunistyczniLogoSquare150x150-2.png\",\"width\":150,\"height\":150,\"caption\":\"Antykomunistyczni.pl\"},\"image\":{\"@id\":\"https:\\\/\\\/antykomunistyczni.pl\\\/#\\\/schema\\\/logo\\\/image\\\/\"},\"sameAs\":[\"https:\\\/\\\/www.facebook.com\\\/antykomunistyczni\\\/\",\"https:\\\/\\\/x.com\\\/anty_komunisci\"]},{\"@type\":\"Person\",\"@id\":\"https:\\\/\\\/antykomunistyczni.pl\\\/#\\\/schema\\\/person\\\/4963e693e8006b94062d91d1295d02a0\",\"name\":\"Antykomunistyczni\",\"image\":{\"@type\":\"ImageObject\",\"inLanguage\":\"pl-PL\",\"@id\":\"https:\\\/\\\/secure.gravatar.com\\\/avatar\\\/ff172875f9ced7887f883245268c1ba638c26cf1e0530f7f61b4705963a6730b?s=96&d=mm&r=g\",\"url\":\"https:\\\/\\\/secure.gravatar.com\\\/avatar\\\/ff172875f9ced7887f883245268c1ba638c26cf1e0530f7f61b4705963a6730b?s=96&d=mm&r=g\",\"contentUrl\":\"https:\\\/\\\/secure.gravatar.com\\\/avatar\\\/ff172875f9ced7887f883245268c1ba638c26cf1e0530f7f61b4705963a6730b?s=96&d=mm&r=g\",\"caption\":\"Antykomunistyczni\"},\"sameAs\":[\"http:\\\/\\\/antykomunistyczni.pl\"],\"url\":\"https:\\\/\\\/antykomunistyczni.pl\\\/index.php\\\/author\\\/admin0\\\/\"}]}<\/script>\n<!-- \/ Yoast SEO plugin. -->","yoast_head_json":{"title":"Czes\u0142aw \u0141api\u0144ski (1912-2004) - Antykomunistyczni.pl","robots":{"index":"index","follow":"follow","max-snippet":"max-snippet:-1","max-image-preview":"max-image-preview:large","max-video-preview":"max-video-preview:-1"},"canonical":"https:\/\/antykomunistyczni.pl\/index.php\/czeslaw-lapinski-1912-2004\/","og_locale":"pl_PL","og_type":"article","og_title":"Czes\u0142aw \u0141api\u0144ski (1912-2004) - Antykomunistyczni.pl","og_description":"Podpu\u0142kownik ludowego Wojska Polskiego, komunistyczny prokurator s\u0105d\u00f3w wojskowych. Oskar\u017ca\u0142 m.in. w procesie dow\u00f3dcy Konspiracyjnego Wojska Polskiego \u2013 kapitana Stanis\u0142awa Sojczy\u0144skiego ps. \u201eWarszyc\u201d. Oskar\u017cony i pi\u0119ciu jego podkomendnych zostali rozstrzelani 17 lutego 1947 roku, tu\u017c przed og\u0142oszeniem amnestii. W 1947 trafi\u0142 do Ministerstwa Obrony Narodowej do Departamentu S\u0142u\u017cby Sprawiedliwo\u015bci, gdzie pracowa\u0142 jako prokurator i kierownik sekcji. [&hellip;]","og_url":"https:\/\/antykomunistyczni.pl\/index.php\/czeslaw-lapinski-1912-2004\/","og_site_name":"Antykomunistyczni.pl","article_publisher":"https:\/\/www.facebook.com\/antykomunistyczni\/","article_published_time":"2026-03-02T12:15:48+00:00","og_image":[{"width":1024,"height":1024,"url":"https:\/\/antykomunistyczni.pl\/wp-content\/uploads\/2026\/02\/AntykomunistyczniLogoSquare.png","type":"image\/png"}],"author":"Antykomunistyczni","twitter_card":"summary_large_image","twitter_creator":"@anty_komunisci","twitter_site":"@anty_komunisci","twitter_misc":{"Napisane przez":"Antykomunistyczni","Szacowany czas czytania":"1 minuta"},"schema":{"@context":"https:\/\/schema.org","@graph":[{"@type":"Article","@id":"https:\/\/antykomunistyczni.pl\/index.php\/czeslaw-lapinski-1912-2004\/#article","isPartOf":{"@id":"https:\/\/antykomunistyczni.pl\/index.php\/czeslaw-lapinski-1912-2004\/"},"author":{"name":"Antykomunistyczni","@id":"https:\/\/antykomunistyczni.pl\/#\/schema\/person\/4963e693e8006b94062d91d1295d02a0"},"headline":"Czes\u0142aw \u0141api\u0144ski (1912-2004)","datePublished":"2026-03-02T12:15:48+00:00","mainEntityOfPage":{"@id":"https:\/\/antykomunistyczni.pl\/index.php\/czeslaw-lapinski-1912-2004\/"},"wordCount":205,"publisher":{"@id":"https:\/\/antykomunistyczni.pl\/#organization"},"articleSection":["Komuni\u015bci","Stalinizm w Polsce"],"inLanguage":"pl-PL"},{"@type":"WebPage","@id":"https:\/\/antykomunistyczni.pl\/index.php\/czeslaw-lapinski-1912-2004\/","url":"https:\/\/antykomunistyczni.pl\/index.php\/czeslaw-lapinski-1912-2004\/","name":"Czes\u0142aw \u0141api\u0144ski (1912-2004) - Antykomunistyczni.pl","isPartOf":{"@id":"https:\/\/antykomunistyczni.pl\/#website"},"datePublished":"2026-03-02T12:15:48+00:00","breadcrumb":{"@id":"https:\/\/antykomunistyczni.pl\/index.php\/czeslaw-lapinski-1912-2004\/#breadcrumb"},"inLanguage":"pl-PL","potentialAction":[{"@type":"ReadAction","target":["https:\/\/antykomunistyczni.pl\/index.php\/czeslaw-lapinski-1912-2004\/"]}]},{"@type":"BreadcrumbList","@id":"https:\/\/antykomunistyczni.pl\/index.php\/czeslaw-lapinski-1912-2004\/#breadcrumb","itemListElement":[{"@type":"ListItem","position":1,"name":"Strona g\u0142\u00f3wna","item":"https:\/\/antykomunistyczni.pl\/"},{"@type":"ListItem","position":2,"name":"Czes\u0142aw \u0141api\u0144ski (1912-2004)"}]},{"@type":"WebSite","@id":"https:\/\/antykomunistyczni.pl\/#website","url":"https:\/\/antykomunistyczni.pl\/","name":"Antykomunistyczni.pl","description":"","publisher":{"@id":"https:\/\/antykomunistyczni.pl\/#organization"},"alternateName":"Historia PRL, zbrodnie komunistyczne w Polsce i na \u015bwiecie","potentialAction":[{"@type":"SearchAction","target":{"@type":"EntryPoint","urlTemplate":"https:\/\/antykomunistyczni.pl\/?s={search_term_string}"},"query-input":{"@type":"PropertyValueSpecification","valueRequired":true,"valueName":"search_term_string"}}],"inLanguage":"pl-PL"},{"@type":"Organization","@id":"https:\/\/antykomunistyczni.pl\/#organization","name":"Antykomunistyczni.pl","url":"https:\/\/antykomunistyczni.pl\/","logo":{"@type":"ImageObject","inLanguage":"pl-PL","@id":"https:\/\/antykomunistyczni.pl\/#\/schema\/logo\/image\/","url":"https:\/\/antykomunistyczni.pl\/wp-content\/uploads\/2026\/02\/cropped-AntykomunistyczniLogoSquare150x150-2.png","contentUrl":"https:\/\/antykomunistyczni.pl\/wp-content\/uploads\/2026\/02\/cropped-AntykomunistyczniLogoSquare150x150-2.png","width":150,"height":150,"caption":"Antykomunistyczni.pl"},"image":{"@id":"https:\/\/antykomunistyczni.pl\/#\/schema\/logo\/image\/"},"sameAs":["https:\/\/www.facebook.com\/antykomunistyczni\/","https:\/\/x.com\/anty_komunisci"]},{"@type":"Person","@id":"https:\/\/antykomunistyczni.pl\/#\/schema\/person\/4963e693e8006b94062d91d1295d02a0","name":"Antykomunistyczni","image":{"@type":"ImageObject","inLanguage":"pl-PL","@id":"https:\/\/secure.gravatar.com\/avatar\/ff172875f9ced7887f883245268c1ba638c26cf1e0530f7f61b4705963a6730b?s=96&d=mm&r=g","url":"https:\/\/secure.gravatar.com\/avatar\/ff172875f9ced7887f883245268c1ba638c26cf1e0530f7f61b4705963a6730b?s=96&d=mm&r=g","contentUrl":"https:\/\/secure.gravatar.com\/avatar\/ff172875f9ced7887f883245268c1ba638c26cf1e0530f7f61b4705963a6730b?s=96&d=mm&r=g","caption":"Antykomunistyczni"},"sameAs":["http:\/\/antykomunistyczni.pl"],"url":"https:\/\/antykomunistyczni.pl\/index.php\/author\/admin0\/"}]}},"_links":{"self":[{"href":"https:\/\/antykomunistyczni.pl\/index.php\/wp-json\/wp\/v2\/posts\/558","targetHints":{"allow":["GET"]}}],"collection":[{"href":"https:\/\/antykomunistyczni.pl\/index.php\/wp-json\/wp\/v2\/posts"}],"about":[{"href":"https:\/\/antykomunistyczni.pl\/index.php\/wp-json\/wp\/v2\/types\/post"}],"author":[{"embeddable":true,"href":"https:\/\/antykomunistyczni.pl\/index.php\/wp-json\/wp\/v2\/users\/1"}],"replies":[{"embeddable":true,"href":"https:\/\/antykomunistyczni.pl\/index.php\/wp-json\/wp\/v2\/comments?post=558"}],"version-history":[{"count":1,"href":"https:\/\/antykomunistyczni.pl\/index.php\/wp-json\/wp\/v2\/posts\/558\/revisions"}],"predecessor-version":[{"id":559,"href":"https:\/\/antykomunistyczni.pl\/index.php\/wp-json\/wp\/v2\/posts\/558\/revisions\/559"}],"wp:attachment":[{"href":"https:\/\/antykomunistyczni.pl\/index.php\/wp-json\/wp\/v2\/media?parent=558"}],"wp:term":[{"taxonomy":"category","embeddable":true,"href":"https:\/\/antykomunistyczni.pl\/index.php\/wp-json\/wp\/v2\/categories?post=558"},{"taxonomy":"post_tag","embeddable":true,"href":"https:\/\/antykomunistyczni.pl\/index.php\/wp-json\/wp\/v2\/tags?post=558"}],"curies":[{"name":"wp","href":"https:\/\/api.w.org\/{rel}","templated":true}]}}