{"id":568,"date":"2026-03-02T13:17:57","date_gmt":"2026-03-02T12:17:57","guid":{"rendered":"https:\/\/antykomunistyczni.pl\/?p=568"},"modified":"2026-03-02T13:17:58","modified_gmt":"2026-03-02T12:17:58","slug":"stefan-michnik-1912-2021","status":"publish","type":"post","link":"https:\/\/antykomunistyczni.pl\/index.php\/stefan-michnik-1912-2021\/","title":{"rendered":"Stefan Michnik (1912-2021)"},"content":{"rendered":"\n<p class=\"wp-block-paragraph\">kapitan Ludowego Wojska Polskiego, s\u0119dzia wojskowy i adwokat (nie uko\u0144czy\u0142 studi\u00f3w prawniczych) ,zbrodniarz stalinowski. Syn Heleny Michnik (1903-1969) w\u0142a\u015bc. Hinde Michnik (Stare Pow\u0105zki, zmar\u0142a na atak serca), nauczycielki w Drohobyczu, dzia\u0142aczki Komunistycznej Partii Zachodniej Ukrainy i Komunistycznej Partii Polski, a po II wojnie \u015bwiatowej wyk\u0142adowczyni historii oraz Samuela Rosenbuscha (1904\u20131937), prawnika i dzia\u0142acza komunistycznego, straconego oko\u0142o 1937 w ZSRR w okresie \u201ewielkiej czystki\u201d. Przyrodni brat Adama Michnika, redaktora naczelnego &#8222;Gazety Wyborczej&#8221;. Po wydarzeniach marcowych 1968 wyjecha\u0142 do Szwecji. Pracowa\u0142 jako bibliotekarz niedaleko Uppsali. Wsp\u00f3\u0142pracowa\u0142 z Radiem Wolna Europa i publikowa\u0142 w paryskiej \u201eKulturze\u201d (pod pseudonimem Karol Szwedowicz). W 1999 roku udzieli\u0142 wywiadu szwedzkiej gazecie: \u201eS\u0105dzi\u0142em, \u017ce s\u0142u\u017cy\u0142em swojemu krajowi\u201d \u015acigany przez IPN, kt\u00f3ry z\u0142o\u017cy\u0142 wniosek o jego ekstradycj\u0119. W 2010 roku Wojskowy S\u0105d Garnizonowy w Warszawie wyda\u0142 nakaz aresztowania. S\u0105d w Uppsali odm\u00f3wi\u0142 ekstradycji, argumentuj\u0105c, \u017ce nast\u0105pi\u0142o przedawnienie czyn\u00f3w. Zmar\u0142 w Goteborgu. W &#8222;Gazecie Wyborczej&#8221; ukaza\u0142 si\u0119 jego nekrolog, podpisany przez Adama Michnika.<\/p>\n\n\n\n<p class=\"wp-block-paragraph\"><\/p>\n","protected":false},"excerpt":{"rendered":"<p>kapitan Ludowego Wojska Polskiego, s\u0119dzia wojskowy i adwokat (nie uko\u0144czy\u0142 studi\u00f3w prawniczych) ,zbrodniarz stalinowski. Syn Heleny Michnik (1903-1969) w\u0142a\u015bc. Hinde Michnik (Stare Pow\u0105zki, zmar\u0142a na atak serca), nauczycielki w Drohobyczu, dzia\u0142aczki Komunistycznej Partii Zachodniej Ukrainy i Komunistycznej Partii Polski, a po II wojnie \u015bwiatowej wyk\u0142adowczyni historii oraz Samuela Rosenbuscha (1904\u20131937), prawnika i dzia\u0142acza komunistycznego, straconego [&hellip;]<\/p>\n","protected":false},"author":1,"featured_media":0,"comment_status":"closed","ping_status":"closed","sticky":false,"template":"","format":"standard","meta":{"give_campaign_id":0,"footnotes":""},"categories":[26,32],"tags":[],"class_list":["post-568","post","type-post","status-publish","format-standard","hentry","category-komunisci","category-stalinizm-w-polsce"],"yoast_head":"<!-- This site is optimized with the Yoast SEO plugin v28.4 - https:\/\/yoast.com\/product\/yoast-seo-wordpress\/ -->\n<title>Stefan Michnik (1912-2021) - Antykomunistyczni.pl<\/title>\n<meta name=\"robots\" content=\"index, follow, max-snippet:-1, max-image-preview:large, max-video-preview:-1\" \/>\n<link rel=\"canonical\" href=\"https:\/\/antykomunistyczni.pl\/index.php\/stefan-michnik-1912-2021\/\" \/>\n<meta property=\"og:locale\" content=\"pl_PL\" \/>\n<meta property=\"og:type\" content=\"article\" \/>\n<meta property=\"og:title\" content=\"Stefan Michnik (1912-2021) - Antykomunistyczni.pl\" \/>\n<meta property=\"og:description\" content=\"kapitan Ludowego Wojska Polskiego, s\u0119dzia wojskowy i adwokat (nie uko\u0144czy\u0142 studi\u00f3w prawniczych) ,zbrodniarz stalinowski. Syn Heleny Michnik (1903-1969) w\u0142a\u015bc. Hinde Michnik (Stare Pow\u0105zki, zmar\u0142a na atak serca), nauczycielki w Drohobyczu, dzia\u0142aczki Komunistycznej Partii Zachodniej Ukrainy i Komunistycznej Partii Polski, a po II wojnie \u015bwiatowej wyk\u0142adowczyni historii oraz Samuela Rosenbuscha (1904\u20131937), prawnika i dzia\u0142acza komunistycznego, straconego [&hellip;]\" \/>\n<meta property=\"og:url\" content=\"https:\/\/antykomunistyczni.pl\/index.php\/stefan-michnik-1912-2021\/\" \/>\n<meta property=\"og:site_name\" content=\"Antykomunistyczni.pl\" \/>\n<meta property=\"article:publisher\" content=\"https:\/\/www.facebook.com\/antykomunistyczni\/\" \/>\n<meta property=\"article:published_time\" content=\"2026-03-02T12:17:57+00:00\" \/>\n<meta property=\"article:modified_time\" content=\"2026-03-02T12:17:58+00:00\" \/>\n<meta property=\"og:image\" content=\"https:\/\/antykomunistyczni.pl\/wp-content\/uploads\/2026\/02\/AntykomunistyczniLogoSquare.png\" \/>\n\t<meta property=\"og:image:width\" content=\"1024\" \/>\n\t<meta property=\"og:image:height\" content=\"1024\" \/>\n\t<meta property=\"og:image:type\" content=\"image\/png\" \/>\n<meta name=\"author\" content=\"Antykomunistyczni\" \/>\n<meta name=\"twitter:card\" content=\"summary_large_image\" \/>\n<meta name=\"twitter:creator\" content=\"@anty_komunisci\" \/>\n<meta name=\"twitter:site\" content=\"@anty_komunisci\" \/>\n<meta name=\"twitter:label1\" content=\"Napisane przez\" \/>\n\t<meta name=\"twitter:data1\" content=\"Antykomunistyczni\" \/>\n\t<meta name=\"twitter:label2\" content=\"Szacowany czas czytania\" \/>\n\t<meta name=\"twitter:data2\" content=\"1 minuta\" \/>\n<script type=\"application\/ld+json\" class=\"yoast-schema-graph\">{\"@context\":\"https:\\\/\\\/schema.org\",\"@graph\":[{\"@type\":\"Article\",\"@id\":\"https:\\\/\\\/antykomunistyczni.pl\\\/index.php\\\/stefan-michnik-1912-2021\\\/#article\",\"isPartOf\":{\"@id\":\"https:\\\/\\\/antykomunistyczni.pl\\\/index.php\\\/stefan-michnik-1912-2021\\\/\"},\"author\":{\"name\":\"Antykomunistyczni\",\"@id\":\"https:\\\/\\\/antykomunistyczni.pl\\\/#\\\/schema\\\/person\\\/4963e693e8006b94062d91d1295d02a0\"},\"headline\":\"Stefan Michnik (1912-2021)\",\"datePublished\":\"2026-03-02T12:17:57+00:00\",\"dateModified\":\"2026-03-02T12:17:58+00:00\",\"mainEntityOfPage\":{\"@id\":\"https:\\\/\\\/antykomunistyczni.pl\\\/index.php\\\/stefan-michnik-1912-2021\\\/\"},\"wordCount\":178,\"publisher\":{\"@id\":\"https:\\\/\\\/antykomunistyczni.pl\\\/#organization\"},\"articleSection\":[\"Komuni\u015bci\",\"Stalinizm w Polsce\"],\"inLanguage\":\"pl-PL\"},{\"@type\":\"WebPage\",\"@id\":\"https:\\\/\\\/antykomunistyczni.pl\\\/index.php\\\/stefan-michnik-1912-2021\\\/\",\"url\":\"https:\\\/\\\/antykomunistyczni.pl\\\/index.php\\\/stefan-michnik-1912-2021\\\/\",\"name\":\"Stefan Michnik (1912-2021) - Antykomunistyczni.pl\",\"isPartOf\":{\"@id\":\"https:\\\/\\\/antykomunistyczni.pl\\\/#website\"},\"datePublished\":\"2026-03-02T12:17:57+00:00\",\"dateModified\":\"2026-03-02T12:17:58+00:00\",\"breadcrumb\":{\"@id\":\"https:\\\/\\\/antykomunistyczni.pl\\\/index.php\\\/stefan-michnik-1912-2021\\\/#breadcrumb\"},\"inLanguage\":\"pl-PL\",\"potentialAction\":[{\"@type\":\"ReadAction\",\"target\":[\"https:\\\/\\\/antykomunistyczni.pl\\\/index.php\\\/stefan-michnik-1912-2021\\\/\"]}]},{\"@type\":\"BreadcrumbList\",\"@id\":\"https:\\\/\\\/antykomunistyczni.pl\\\/index.php\\\/stefan-michnik-1912-2021\\\/#breadcrumb\",\"itemListElement\":[{\"@type\":\"ListItem\",\"position\":1,\"name\":\"Strona g\u0142\u00f3wna\",\"item\":\"https:\\\/\\\/antykomunistyczni.pl\\\/\"},{\"@type\":\"ListItem\",\"position\":2,\"name\":\"Stefan Michnik (1912-2021)\"}]},{\"@type\":\"WebSite\",\"@id\":\"https:\\\/\\\/antykomunistyczni.pl\\\/#website\",\"url\":\"https:\\\/\\\/antykomunistyczni.pl\\\/\",\"name\":\"Antykomunistyczni.pl\",\"description\":\"\",\"publisher\":{\"@id\":\"https:\\\/\\\/antykomunistyczni.pl\\\/#organization\"},\"alternateName\":\"Historia PRL, zbrodnie komunistyczne w Polsce i na \u015bwiecie\",\"potentialAction\":[{\"@type\":\"SearchAction\",\"target\":{\"@type\":\"EntryPoint\",\"urlTemplate\":\"https:\\\/\\\/antykomunistyczni.pl\\\/?s={search_term_string}\"},\"query-input\":{\"@type\":\"PropertyValueSpecification\",\"valueRequired\":true,\"valueName\":\"search_term_string\"}}],\"inLanguage\":\"pl-PL\"},{\"@type\":\"Organization\",\"@id\":\"https:\\\/\\\/antykomunistyczni.pl\\\/#organization\",\"name\":\"Antykomunistyczni.pl\",\"url\":\"https:\\\/\\\/antykomunistyczni.pl\\\/\",\"logo\":{\"@type\":\"ImageObject\",\"inLanguage\":\"pl-PL\",\"@id\":\"https:\\\/\\\/antykomunistyczni.pl\\\/#\\\/schema\\\/logo\\\/image\\\/\",\"url\":\"https:\\\/\\\/antykomunistyczni.pl\\\/wp-content\\\/uploads\\\/2026\\\/02\\\/cropped-AntykomunistyczniLogoSquare150x150-2.png\",\"contentUrl\":\"https:\\\/\\\/antykomunistyczni.pl\\\/wp-content\\\/uploads\\\/2026\\\/02\\\/cropped-AntykomunistyczniLogoSquare150x150-2.png\",\"width\":150,\"height\":150,\"caption\":\"Antykomunistyczni.pl\"},\"image\":{\"@id\":\"https:\\\/\\\/antykomunistyczni.pl\\\/#\\\/schema\\\/logo\\\/image\\\/\"},\"sameAs\":[\"https:\\\/\\\/www.facebook.com\\\/antykomunistyczni\\\/\",\"https:\\\/\\\/x.com\\\/anty_komunisci\"]},{\"@type\":\"Person\",\"@id\":\"https:\\\/\\\/antykomunistyczni.pl\\\/#\\\/schema\\\/person\\\/4963e693e8006b94062d91d1295d02a0\",\"name\":\"Antykomunistyczni\",\"image\":{\"@type\":\"ImageObject\",\"inLanguage\":\"pl-PL\",\"@id\":\"https:\\\/\\\/secure.gravatar.com\\\/avatar\\\/ff172875f9ced7887f883245268c1ba638c26cf1e0530f7f61b4705963a6730b?s=96&d=mm&r=g\",\"url\":\"https:\\\/\\\/secure.gravatar.com\\\/avatar\\\/ff172875f9ced7887f883245268c1ba638c26cf1e0530f7f61b4705963a6730b?s=96&d=mm&r=g\",\"contentUrl\":\"https:\\\/\\\/secure.gravatar.com\\\/avatar\\\/ff172875f9ced7887f883245268c1ba638c26cf1e0530f7f61b4705963a6730b?s=96&d=mm&r=g\",\"caption\":\"Antykomunistyczni\"},\"sameAs\":[\"http:\\\/\\\/antykomunistyczni.pl\"],\"url\":\"https:\\\/\\\/antykomunistyczni.pl\\\/index.php\\\/author\\\/admin0\\\/\"}]}<\/script>\n<!-- \/ Yoast SEO plugin. -->","yoast_head_json":{"title":"Stefan Michnik (1912-2021) - Antykomunistyczni.pl","robots":{"index":"index","follow":"follow","max-snippet":"max-snippet:-1","max-image-preview":"max-image-preview:large","max-video-preview":"max-video-preview:-1"},"canonical":"https:\/\/antykomunistyczni.pl\/index.php\/stefan-michnik-1912-2021\/","og_locale":"pl_PL","og_type":"article","og_title":"Stefan Michnik (1912-2021) - Antykomunistyczni.pl","og_description":"kapitan Ludowego Wojska Polskiego, s\u0119dzia wojskowy i adwokat (nie uko\u0144czy\u0142 studi\u00f3w prawniczych) ,zbrodniarz stalinowski. Syn Heleny Michnik (1903-1969) w\u0142a\u015bc. Hinde Michnik (Stare Pow\u0105zki, zmar\u0142a na atak serca), nauczycielki w Drohobyczu, dzia\u0142aczki Komunistycznej Partii Zachodniej Ukrainy i Komunistycznej Partii Polski, a po II wojnie \u015bwiatowej wyk\u0142adowczyni historii oraz Samuela Rosenbuscha (1904\u20131937), prawnika i dzia\u0142acza komunistycznego, straconego [&hellip;]","og_url":"https:\/\/antykomunistyczni.pl\/index.php\/stefan-michnik-1912-2021\/","og_site_name":"Antykomunistyczni.pl","article_publisher":"https:\/\/www.facebook.com\/antykomunistyczni\/","article_published_time":"2026-03-02T12:17:57+00:00","article_modified_time":"2026-03-02T12:17:58+00:00","og_image":[{"width":1024,"height":1024,"url":"https:\/\/antykomunistyczni.pl\/wp-content\/uploads\/2026\/02\/AntykomunistyczniLogoSquare.png","type":"image\/png"}],"author":"Antykomunistyczni","twitter_card":"summary_large_image","twitter_creator":"@anty_komunisci","twitter_site":"@anty_komunisci","twitter_misc":{"Napisane przez":"Antykomunistyczni","Szacowany czas czytania":"1 minuta"},"schema":{"@context":"https:\/\/schema.org","@graph":[{"@type":"Article","@id":"https:\/\/antykomunistyczni.pl\/index.php\/stefan-michnik-1912-2021\/#article","isPartOf":{"@id":"https:\/\/antykomunistyczni.pl\/index.php\/stefan-michnik-1912-2021\/"},"author":{"name":"Antykomunistyczni","@id":"https:\/\/antykomunistyczni.pl\/#\/schema\/person\/4963e693e8006b94062d91d1295d02a0"},"headline":"Stefan Michnik (1912-2021)","datePublished":"2026-03-02T12:17:57+00:00","dateModified":"2026-03-02T12:17:58+00:00","mainEntityOfPage":{"@id":"https:\/\/antykomunistyczni.pl\/index.php\/stefan-michnik-1912-2021\/"},"wordCount":178,"publisher":{"@id":"https:\/\/antykomunistyczni.pl\/#organization"},"articleSection":["Komuni\u015bci","Stalinizm w Polsce"],"inLanguage":"pl-PL"},{"@type":"WebPage","@id":"https:\/\/antykomunistyczni.pl\/index.php\/stefan-michnik-1912-2021\/","url":"https:\/\/antykomunistyczni.pl\/index.php\/stefan-michnik-1912-2021\/","name":"Stefan Michnik (1912-2021) - Antykomunistyczni.pl","isPartOf":{"@id":"https:\/\/antykomunistyczni.pl\/#website"},"datePublished":"2026-03-02T12:17:57+00:00","dateModified":"2026-03-02T12:17:58+00:00","breadcrumb":{"@id":"https:\/\/antykomunistyczni.pl\/index.php\/stefan-michnik-1912-2021\/#breadcrumb"},"inLanguage":"pl-PL","potentialAction":[{"@type":"ReadAction","target":["https:\/\/antykomunistyczni.pl\/index.php\/stefan-michnik-1912-2021\/"]}]},{"@type":"BreadcrumbList","@id":"https:\/\/antykomunistyczni.pl\/index.php\/stefan-michnik-1912-2021\/#breadcrumb","itemListElement":[{"@type":"ListItem","position":1,"name":"Strona g\u0142\u00f3wna","item":"https:\/\/antykomunistyczni.pl\/"},{"@type":"ListItem","position":2,"name":"Stefan Michnik (1912-2021)"}]},{"@type":"WebSite","@id":"https:\/\/antykomunistyczni.pl\/#website","url":"https:\/\/antykomunistyczni.pl\/","name":"Antykomunistyczni.pl","description":"","publisher":{"@id":"https:\/\/antykomunistyczni.pl\/#organization"},"alternateName":"Historia PRL, zbrodnie komunistyczne w Polsce i na \u015bwiecie","potentialAction":[{"@type":"SearchAction","target":{"@type":"EntryPoint","urlTemplate":"https:\/\/antykomunistyczni.pl\/?s={search_term_string}"},"query-input":{"@type":"PropertyValueSpecification","valueRequired":true,"valueName":"search_term_string"}}],"inLanguage":"pl-PL"},{"@type":"Organization","@id":"https:\/\/antykomunistyczni.pl\/#organization","name":"Antykomunistyczni.pl","url":"https:\/\/antykomunistyczni.pl\/","logo":{"@type":"ImageObject","inLanguage":"pl-PL","@id":"https:\/\/antykomunistyczni.pl\/#\/schema\/logo\/image\/","url":"https:\/\/antykomunistyczni.pl\/wp-content\/uploads\/2026\/02\/cropped-AntykomunistyczniLogoSquare150x150-2.png","contentUrl":"https:\/\/antykomunistyczni.pl\/wp-content\/uploads\/2026\/02\/cropped-AntykomunistyczniLogoSquare150x150-2.png","width":150,"height":150,"caption":"Antykomunistyczni.pl"},"image":{"@id":"https:\/\/antykomunistyczni.pl\/#\/schema\/logo\/image\/"},"sameAs":["https:\/\/www.facebook.com\/antykomunistyczni\/","https:\/\/x.com\/anty_komunisci"]},{"@type":"Person","@id":"https:\/\/antykomunistyczni.pl\/#\/schema\/person\/4963e693e8006b94062d91d1295d02a0","name":"Antykomunistyczni","image":{"@type":"ImageObject","inLanguage":"pl-PL","@id":"https:\/\/secure.gravatar.com\/avatar\/ff172875f9ced7887f883245268c1ba638c26cf1e0530f7f61b4705963a6730b?s=96&d=mm&r=g","url":"https:\/\/secure.gravatar.com\/avatar\/ff172875f9ced7887f883245268c1ba638c26cf1e0530f7f61b4705963a6730b?s=96&d=mm&r=g","contentUrl":"https:\/\/secure.gravatar.com\/avatar\/ff172875f9ced7887f883245268c1ba638c26cf1e0530f7f61b4705963a6730b?s=96&d=mm&r=g","caption":"Antykomunistyczni"},"sameAs":["http:\/\/antykomunistyczni.pl"],"url":"https:\/\/antykomunistyczni.pl\/index.php\/author\/admin0\/"}]}},"_links":{"self":[{"href":"https:\/\/antykomunistyczni.pl\/index.php\/wp-json\/wp\/v2\/posts\/568","targetHints":{"allow":["GET"]}}],"collection":[{"href":"https:\/\/antykomunistyczni.pl\/index.php\/wp-json\/wp\/v2\/posts"}],"about":[{"href":"https:\/\/antykomunistyczni.pl\/index.php\/wp-json\/wp\/v2\/types\/post"}],"author":[{"embeddable":true,"href":"https:\/\/antykomunistyczni.pl\/index.php\/wp-json\/wp\/v2\/users\/1"}],"replies":[{"embeddable":true,"href":"https:\/\/antykomunistyczni.pl\/index.php\/wp-json\/wp\/v2\/comments?post=568"}],"version-history":[{"count":1,"href":"https:\/\/antykomunistyczni.pl\/index.php\/wp-json\/wp\/v2\/posts\/568\/revisions"}],"predecessor-version":[{"id":569,"href":"https:\/\/antykomunistyczni.pl\/index.php\/wp-json\/wp\/v2\/posts\/568\/revisions\/569"}],"wp:attachment":[{"href":"https:\/\/antykomunistyczni.pl\/index.php\/wp-json\/wp\/v2\/media?parent=568"}],"wp:term":[{"taxonomy":"category","embeddable":true,"href":"https:\/\/antykomunistyczni.pl\/index.php\/wp-json\/wp\/v2\/categories?post=568"},{"taxonomy":"post_tag","embeddable":true,"href":"https:\/\/antykomunistyczni.pl\/index.php\/wp-json\/wp\/v2\/tags?post=568"}],"curies":[{"name":"wp","href":"https:\/\/api.w.org\/{rel}","templated":true}]}}