{"id":607,"date":"2026-03-02T14:34:20","date_gmt":"2026-03-02T13:34:20","guid":{"rendered":"https:\/\/antykomunistyczni.pl\/?p=607"},"modified":"2026-03-02T19:12:48","modified_gmt":"2026-03-02T18:12:48","slug":"krzyz-i-znak-wolnosci-represje-komunistyczne-wobec-kosciola-katolickiego-i-srodowisk-niezaleznych-w-polsce-ludowej","status":"publish","type":"post","link":"https:\/\/antykomunistyczni.pl\/index.php\/krzyz-i-znak-wolnosci-represje-komunistyczne-wobec-kosciola-katolickiego-i-srodowisk-niezaleznych-w-polsce-ludowej\/","title":{"rendered":"\u201eKrzy\u017c i znak wolno\u015bci\u201d \u2013 Represje komunistyczne wobec Ko\u015bcio\u0142a katolickiego i \u015brodowisk niezale\u017cnych w Polsce Ludowej"},"content":{"rendered":"\t\t<div data-elementor-type=\"wp-post\" data-elementor-id=\"607\" class=\"elementor elementor-607\">\n\t\t\t\t<div class=\"elementor-element elementor-element-1be42d01 e-flex e-con-boxed e-con e-parent\" data-id=\"1be42d01\" data-element_type=\"container\" data-e-type=\"container\">\n\t\t\t\t\t<div class=\"e-con-inner\">\n\t\t\t\t<div class=\"elementor-element elementor-element-28b2dd56 elementor-widget elementor-widget-text-editor\" data-id=\"28b2dd56\" data-element_type=\"widget\" data-e-type=\"widget\" data-widget_type=\"text-editor.default\">\n\t\t\t\t\t\t\t\t\t<p><span style=\"color: #000000;\"><\/span><\/p>\n<p class=\"wp-block-paragraph\"><span style=\"color: #000000; font-size: 1rem;\">Gdy 22 lipca 1944 roku w Lublinie powo\u0142ano do \u017cycia PKWN, nikt nie mia\u0142 w\u0105tpliwo\u015bci, \u017ce nowa w\u0142adza \u2013 instalowana bagnetami Armii Czerwonej \u2013 b\u0119dzie musia\u0142a zmierzy\u0107 si\u0119 z dwiema si\u0142ami stanowi\u0105cymi fundament polskiej to\u017csamo\u015bci: Ko\u015bcio\u0142em katolickim, kt\u00f3ry przez wieki kszta\u0142towa\u0142 duchowo\u015b\u0107 narodu, oraz tradycj\u0105 niepodleg\u0142o\u015bciow\u0105, wyra\u017caj\u0105c\u0105 si\u0119 w nieustaj\u0105cej woli oporu wobec obcego panowania. Przez kolejne 45 lat komunistyczny re\u017cim prowadzi\u0142 wojn\u0119 na wyczerpanie przeciwko obu tym instytucjom, wykorzystuj\u0105c aparat przemocy, propagand\u0119 i prawn\u0105 perfidi\u0119. Efektem by\u0142a epoka terroru, kt\u00f3rej ofiary \u2013 duchowni, \u015bwieccy aktywi\u015bci, wierni \u2013 do dzi\u015b wymagaj\u0105 peknego rozliczenia i godnego upami\u0119tnienia.<\/span><\/p>\n<h3><span style=\"color: #000000; font-size: 1rem;\">### **Etap stalinowski: totalna wojna (1944\u20131956)**\u00a0<\/span><\/h3>\n<p><span style=\"color: #000000; font-size: 1rem;\">Pierwsza faza represji charakteryzowa\u0142a si\u0119 bezpo\u015bredni\u0105 brutalno\u015bci\u0105, wzorowan\u0105 na radzieckich procedurach. Ju\u017c w 1945 roku rozpocz\u0119\u0142y si\u0119 masowe aresztowania ksi\u0119\u017cy podejrzewanych o \u201ewrog\u0105 dzia\u0142alno\u015b\u0107 antypa\u0144stwow\u0105\u201d. Wymiar sprawiedliwo\u015bci sta\u0142 si\u0119 narz\u0119dziem politycznego terroru \u2013 s\u0105dy wojskowe i tzw. s\u0105dy specjalne wydawa\u0142y wyroki na podstawie sfabrykowanych dowod\u00f3w lub arbitralnie interpretowanych przepis\u00f3w.\u00a0<\/span><\/p>\n<h5><span style=\"color: #000000; font-size: 1rem;\">**Kluczowe momenty:**\u00a0<\/span><\/h5>\n<ul>\n<li><span style=\"color: #000000; font-size: 1rem;\">**Proces biskupa cz\u0119stochowskiego Teodora Kubiny** (1945) <\/span><span style=\"color: #000000; font-size: 1rem;\">\u2013 aresztowanie i pokazowy proces maj\u0105cy zastraszy\u0107 hierarchi\u0119.\u00a0<\/span><\/li>\n<li><span style=\"color: #000000; font-size: 1rem;\">**Zamach na biskupa kieleckiego Czes\u0142awa Kaczmarka** (1951) \u2013 jeden z najbardziej haniebnych epizod\u00f3w. Biskup, torturowany i zmuszany do sk\u0142adania fa\u0142szywych zezna\u0144, zosta\u0142 skazany na 12 lat wi\u0119zienia w sfingowanym procesie o \u201eszpiegostwo na rzecz Watykanu i USA\u201d.\u00a0<\/span><\/li>\n<li><span style=\"color: #000000; font-size: 1rem;\">**Aresztowanie Prymasa Stefana Wyszy\u0144skiego** (25 wrze\u015bnia 1953) \u2013 symbol oporu Ko\u015bcio\u0142a. Prymas sp\u0119dzi\u0142 w odosobnieniu (m.in. w Rywa\u0142dzie, Stoczku, Prudniku) blisko trzy lata, staj\u0105c si\u0119 duchowym przyw\u00f3dc\u0105 narodu.\u00a0<\/span><\/li>\n<li><span style=\"color: #000000; font-size: 1rem;\">**Likwidacja zgromadze\u0144 zakonnych** \u2013 rozwi\u0105zanie wielu zakon\u00f3w, grabie\u017c maj\u0105tku ko\u015bcielnego, zakaz nauczania religii w szko\u0142ach (decret z 1945 roku). R\u00f3wnocze\u015bnie aparat bezpiecze\u0144stwa (UB, p\u00f3\u017aniej SB) rozbudowywa\u0142 sie\u0107 agent\u00f3w wewn\u0105trz struktur ko\u015bcielnych. Wed\u0142ug dokument\u00f3w IPN, do ko\u0144ca PRL w strukturach Ko\u015bcio\u0142a zarejestrowano kilka tysi\u0119cy tajnych wsp\u00f3\u0142pracownik\u00f3w, cho\u0107 skala zjawiska pozostaje przedmiotem historycznej debaty.\u00a0<\/span><\/li>\n<\/ul>\n<h3><span style=\"color: #000000; font-size: 1rem;\">### **\u201eMa\u0142a stabilizacja\u201d \u2013 zmiana taktyki, kontynuacja celu (1956\u20131970)**\u00a0<\/span><\/h3>\n<p><span style=\"color: #000000; font-size: 1rem;\">Po\u015bmierci Stalina i \u201eodwil\u017cy\u201d pa\u017adziernikowej 1956 roku re\u017cim zmieni\u0142 metody, nie rezygnuj\u0105c z celu. Wypuszczenie Prymasa Wyszy\u0144skiego by\u0142o konieczno\u015bci\u0105 dyplomatyczn\u0105, ale w\u0142adza rozpocz\u0119\u0142a systemow\u0105 walk\u0119 o ograniczenie wp\u0142yw\u00f3w Ko\u015bcio\u0142a poprzez przepisy administracyjne: &#8211; Ustawa o gwarancjach wolno\u015bci sumienia i wyznania (1961) \u2013 pozornie liberalna, w praktyce narzucaj\u0105ca \u015bcis\u0142\u0105 kontrol\u0119 pa\u0144stwa nad strukturami ko\u015bcielnymi. &#8211; Ograniczanie budowy nowych \u015bwi\u0105ty\u0144 i zakaz wznoszenia krzy\u017cy w przestrzeni publicznej. &#8211; Kontrola \u015bwi\u0119ce\u0144 kap\u0142a\u0144skich i nominacji biskupich (tzw. *pacta conventa*). Wobec \u015brodowisk niezale\u017cnych, kt\u00f3re zacz\u0119\u0142y odradza\u0107 si\u0119 po 1956 roku (m.in. Klub Krzywego Ko\u0142a, m\u0142odzie\u017cowe Ruchy \u201eWolno\u015b\u0107 i Pok\u00f3j\u201d), w\u0142adza stosowa\u0142a selektywny terror: inwigilacj\u0119, zwolnienia z pracy, pobytowe aresztowania na podstawie tzw. \u201ehali\u0144czyk\u00f3w\u201d (art. 269 kk \u2013 \u201enieusprawiedliwiona nieobecno\u015b\u0107 w pracy\u201d).\u00a0<\/span><\/p>\n<p>\u00a0<\/p>\n<p><span style=\"color: #000000;\"><\/span><\/p>\t\t\t\t\t\t\t\t<\/div>\n\t\t\t\t\t<\/div>\n\t\t\t\t<\/div>\n\t\t<div class=\"elementor-element elementor-element-ad5ed70 e-flex e-con-boxed e-con e-parent\" data-id=\"ad5ed70\" data-element_type=\"container\" data-e-type=\"container\">\n\t\t\t\t\t<div class=\"e-con-inner\">\n\t\t\t\t<div class=\"elementor-element elementor-element-e17aeff elementor-widget elementor-widget-image\" data-id=\"e17aeff\" data-element_type=\"widget\" data-e-type=\"widget\" data-widget_type=\"image.default\">\n\t\t\t\t\t\t\t\t\t\t\t\t<figure class=\"wp-caption\">\n\t\t\t\t\t\t\t\t\t\t<img fetchpriority=\"high\" decoding=\"async\" width=\"750\" height=\"500\" src=\"https:\/\/antykomunistyczni.pl\/wp-content\/uploads\/2026\/03\/kosciol_komunisci.jpg\" class=\"attachment-large size-large wp-image-612\" alt=\"\" srcset=\"https:\/\/antykomunistyczni.pl\/wp-content\/uploads\/2026\/03\/kosciol_komunisci.jpg 750w, https:\/\/antykomunistyczni.pl\/wp-content\/uploads\/2026\/03\/kosciol_komunisci-300x200.jpg 300w\" sizes=\"(max-width: 750px) 100vw, 750px\" \/>\t\t\t\t\t\t\t\t\t\t\t<figcaption class=\"widget-image-caption wp-caption-text\">Po\u015bwi\u0119cenie odbudowanego mostu Poniatowskiego. Obchody 2. rocznicy odrodzenia Polski Ludowej. Fot. PAP\/S. D\u0105browiecki<\/figcaption>\n\t\t\t\t\t\t\t\t\t\t<\/figure>\n\t\t\t\t\t\t\t\t\t<\/div>\n\t\t\t\t\t<\/div>\n\t\t\t\t<\/div>\n\t\t<div class=\"elementor-element elementor-element-eab0966 e-flex e-con-boxed e-con e-parent\" data-id=\"eab0966\" data-element_type=\"container\" data-e-type=\"container\">\n\t\t\t\t\t<div class=\"e-con-inner\">\n\t\t\t\t<div class=\"elementor-element elementor-element-1ccaf9b elementor-widget elementor-widget-text-editor\" data-id=\"1ccaf9b\" data-element_type=\"widget\" data-e-type=\"widget\" data-widget_type=\"text-editor.default\">\n\t\t\t\t\t\t\t\t\t<p><span style=\"color: #000000;\"><\/span><\/p>\n<h3><span style=\"color: #000000; font-size: 1rem;\">### **Dekada Gierka: eskalacja konfrontacji (1970\u20131980)** <\/span><\/h3>\n<p class=\"wp-block-paragraph\"><span style=\"color: #000000; font-size: 1rem;\">Wzrost gospodarczy oparty na kredytach zachodnich nie przyni\u00f3s\u0142 liberalizacji \u017cycia publicznego. Wr\u0119cz przeciwnie \u2013 po wydarzeniach czerwcowych 1976 roku (strajki w Radomiu, Ursusie, P\u0142ocku) re\u017cim zaatakowa\u0142 powsta\u0142e \u015brodowiska obrony praw cz\u0142owieka: &#8211; **Komitet Obrony Robotnik\u00f3w (KOR)** \u2013 dzia\u0142acze (Jacek Kuro\u0144, Adam Michnik, Antoni Macierewicz, Piotr Naimski) byli aresztowani, poddawani przes\u0142uchaniom, pozbawiani mo\u017cliwo\u015bci wykonywania zawodu. &#8211; **Ruch Obrony Praw Cz\u0142owieka i Obywatela (ROPCiO)** \u2013 represjonowany przez SB, jego cz\u0142onkowie (m.in. Jan J\u00f3zef Lipski, Andrzej Celi\u0144ski) do\u015bwiadczali sta\u0142ej inwigilacji i n\u0119kania. &#8211; **Wydawnictwa podziemne** \u2013 represjonowanie drukarzy, konfiskata sprz\u0119tu, wyroki wi\u0119zienia za \u201erozpowszechnianie bez zezwolenia wydawnictw\u201d (art. 270 kk). Ko\u015bci\u00f3\u0142 sta\u0142 si\u0119 w tym okresie naturalnym schronieniem dla opozycji. Parafie i duszpasterstwa akademickie organizowa\u0142y niezale\u017cne wyk\u0142ady, wydawa\u0142y \u201ebibu\u0142\u0119\u201d, udziela\u0142y pomocy represjonowanym. Odpowiedzi\u0105 w\u0142adz by\u0142a kampania \u201epatriotyczna\u201d przeciwko \u201eklerkalizacji \u017cycia publicznego\u201d oraz prowokacje wymierzone w duchownych wspieraj\u0105cych opozycj\u0119.\u00a0<\/span><\/p>\n<p>\u00a0<\/p>\n<p><span style=\"color: #000000;\"><\/span><\/p>\t\t\t\t\t\t\t\t<\/div>\n\t\t\t\t\t<\/div>\n\t\t\t\t<\/div>\n\t\t<div class=\"elementor-element elementor-element-3c7cf82 e-flex e-con-boxed e-con e-parent\" data-id=\"3c7cf82\" data-element_type=\"container\" data-e-type=\"container\">\n\t\t\t\t\t<div class=\"e-con-inner\">\n\t\t\t\t<div class=\"elementor-element elementor-element-71e509f elementor-widget elementor-widget-image\" data-id=\"71e509f\" data-element_type=\"widget\" data-e-type=\"widget\" data-widget_type=\"image.default\">\n\t\t\t\t\t\t\t\t\t\t\t\t\t\t\t<img decoding=\"async\" width=\"800\" height=\"627\" src=\"https:\/\/antykomunistyczni.pl\/wp-content\/uploads\/2026\/03\/opor-katolikow1.jpg\" class=\"attachment-large size-large wp-image-613\" alt=\"\" srcset=\"https:\/\/antykomunistyczni.pl\/wp-content\/uploads\/2026\/03\/opor-katolikow1.jpg 1021w, https:\/\/antykomunistyczni.pl\/wp-content\/uploads\/2026\/03\/opor-katolikow1-300x235.jpg 300w, https:\/\/antykomunistyczni.pl\/wp-content\/uploads\/2026\/03\/opor-katolikow1-768x602.jpg 768w\" sizes=\"(max-width: 800px) 100vw, 800px\" \/>\t\t\t\t\t\t\t\t\t\t\t\t\t\t\t<\/div>\n\t\t\t\t\t<\/div>\n\t\t\t\t<\/div>\n\t\t<div class=\"elementor-element elementor-element-f1cffcd e-flex e-con-boxed e-con e-parent\" data-id=\"f1cffcd\" data-element_type=\"container\" data-e-type=\"container\">\n\t\t\t\t\t<div class=\"e-con-inner\">\n\t\t\t\t<div class=\"elementor-element elementor-element-f9a456c elementor-widget elementor-widget-text-editor\" data-id=\"f9a456c\" data-element_type=\"widget\" data-e-type=\"widget\" data-widget_type=\"text-editor.default\">\n\t\t\t\t\t\t\t\t\t<p><span style=\"color: #000000;\"><\/span><\/p>\n<h3><span style=\"color: #000000; font-size: 1rem;\">### **Stan wojenny i lata osiemdziesi\u0105te: apogeum terroru (1981\u20131989)** <\/span><\/h3>\n<p class=\"wp-block-paragraph\"><span style=\"color: #000000; font-size: 1rem;\">Wprowadzenie stanu wojennego 13 grudnia 1981 roku otworzy\u0142o nowy, najbrutalniejszy etap represji: &#8211; **Internowanie** \u2013 ok. 10 tys. os\u00f3b, w tym dzia\u0142aczy \u201eSolidarno\u015bci\u201d i duchownych (np. ks. Franciszek Blachnicki, za\u0142o\u017cyciel Ruchu \u015awiat\u0142o-\u017bycie). &#8211; **Zab\u00f3jstwa duchownych** \u2013 tajemnicza \u015bmier\u0107 ks. Stefana Niedzielaka (1989), wcze\u015bniej zagini\u0119cie i zamordowanie ks. Jerzego Popie\u0142uszki (1984) przez funkcjonariuszy IV Departamentu MSW. &#8211; **Represje wobec \u201eSolidarno\u015bci\u201d** \u2013 rozwi\u0105zanie zwi\u0105zku, aresztowania przyw\u00f3dc\u00f3w (Lech Wa\u0142\u0119sa, Tadeusz Mazowiecki, Andrzej Gwiazda), pacyfikacja kopal\u0144 i zak\u0142ad\u00f3w pracy (Wujek \u201981). W\u0142adza wykorzysty\u0142a r\u00f3wnie\u017c mechanizmy ekonomiczne \u2013 odmowa rejestracji zwi\u0105zk\u00f3w zawodowych, dyskryminacja w dost\u0119pie do edukacji dla dzieci z rodzin \u201ewrog\u00f3w systemu\u201d, odmowa paszport\u00f3w.\u00a0<\/span><\/p>\n<h3><span style=\"color: #000000; font-size: 1rem;\">### **Metody aparatu represji \u2013 mechanizmy dominacji** <\/span><\/h3>\n<p><span style=\"color: #000000; font-size: 1rem;\">System represyjny PRL opiera\u0142 si\u0119 na z\u0142o\u017conej architekturze przemocy: 1. **Biurowa przemoc** \u2013 administracyjne utrudnianie \u017cycia Ko\u015bcio\u0142owi (brak zezwole\u0144 na budow\u0119, konfiskaty, nadz\u00f3r nad katechez\u0105). 2. **S\u0142u\u017cba Bezpiecze\u0144stwa** \u2013 totalna inwigilacja (tzw. *obserwacja operacyjna*), prowokacje, werbunek agent\u00f3w, fa\u0142szowanie dokument\u00f3w. 3. **Wymiar sprawiedliwo\u015bci** \u2013 polityczne procesy, cz\u0119sto z udzia\u0142em s\u0119dzi\u00f3w wojskowych, wykorzystanie arbitralnie interpretowanych przepis\u00f3w karnych. 4. **Propaganda** \u2013 medialne niszczenie reputacji (kampanie przeciwko \u201ekura\u017cy\u015bciom\u201d, \u201ewarcho\u0142om\u201d), wykorzystanie tzw. \u201eszarej eminencji\u201d do szerzenia kompromituj\u0105cych informacji. <\/span><\/p>\n<h3><span style=\"color: #000000; font-size: 1rem; font-family: inherit;\">### **Podsumowanie: Bilans i pami\u0119\u0107**<\/span><\/h3>\n<p><span style=\"color: #000000; font-size: 1rem;\">Represje wobec Ko\u015bcio\u0142a i \u015brodowisk niezale\u017cnych w PRL nie by\u0142y zbiorem przypadkowych akt\u00f3w przemocy, ale elementem **skonkretyzowanej polityki totalitarnego pa\u0144stwa**, kt\u00f3rego celem by\u0142a ca\u0142kowita kontrola nad spo\u0142ecze\u0144stwem obywatelskim. Systemowi nie uda\u0142o si\u0119 zniszczy\u0107 ducha oporu \u2013 Ko\u015bci\u00f3\u0142 pozosta\u0142 ostoj\u0105 to\u017csamo\u015bci narodowej, a \u201eSolidarno\u015b\u0107\u201d sta\u0142a si\u0119 najwi\u0119kszym ruchem wyzwole\u0144czym w historii Europy Wschodniej. Dzi\u015b, gdy dokumenty IPN ujawniaj\u0105 pe\u0142n\u0105 skal\u0119 zbrodni \u2013 od zwyk\u0142ych pods\u0142uch\u00f3w po fizyczn\u0105 eliminacj\u0119 przeciwnik\u00f3w politycznych \u2013 obowi\u0105zkiem jest nie tylko pami\u0119\u0107 o ofiarach, ale i refleksja nad mechanizmami, kt\u00f3re pozwoli\u0142y uzurpatorem w\u0142adzy na lata uwi\u0119zi\u0107 sumienia milion\u00f3w. Represje wobec Ko\u015bcio\u0142a i niezale\u017cnych \u015brodowisk by\u0142y przede wszystkim atakiem na godno\u015b\u0107 cz\u0142owieka, a ich ofiary \u2013 ks. Jerzy Popie\u0142uszko, prymas Wyszy\u0144ski, robotnicy Radomia, dzia\u0142acze KOR \u2013 pozostaj\u0105 \u015bwiadectwem, \u017ce nawet najbardziej bezwzgl\u0119dny system nie jest w stanie z\u0142ama\u0107 ducha wolno\u015bci.\u00a0<\/span><\/p>\n<pre><span style=\"color: #000000; font-size: 1rem;\">*\u201eZ\u0142o, kt\u00f3re czynisz, wraca do ciebie\u201d \u2013 przestroga, kt\u00f3rej komunistyczni sprawcy nigdy nie dostrzegli, a kt\u00f3ra dzi\u015b stanowi fundament naszej pami\u0119ci historycznej.*\u00a0<\/span><\/pre>\n<p><span style=\"color: #000000; font-size: 1rem;\">-**\u0179r\u00f3d\u0142a:** Archiwa IPN, \u201eAparat represji wobec Ko\u015bcio\u0142a w Polsce 1944-1989\u201d, wspomnienia uczestnik\u00f3w opozycji demokratycznej.<\/span><\/p>\n<p><span style=\"color: #000000;\"><\/span><\/p>\t\t\t\t\t\t\t\t<\/div>\n\t\t\t\t\t<\/div>\n\t\t\t\t<\/div>\n\t\t\t\t<\/div>\n\t\t","protected":false},"excerpt":{"rendered":"<p>Gdy 22 lipca 1944 roku w Lublinie powo\u0142ano do \u017cycia PKWN, nikt nie mia\u0142 w\u0105tpliwo\u015bci, \u017ce nowa w\u0142adza \u2013 instalowana bagnetami Armii Czerwonej \u2013 b\u0119dzie musia\u0142a zmierzy\u0107 si\u0119 z dwiema si\u0142ami stanowi\u0105cymi fundament polskiej to\u017csamo\u015bci: Ko\u015bcio\u0142em katolickim, kt\u00f3ry przez wieki kszta\u0142towa\u0142 duchowo\u015b\u0107 narodu, oraz tradycj\u0105 niepodleg\u0142o\u015bciow\u0105, wyra\u017caj\u0105c\u0105 si\u0119 w nieustaj\u0105cej woli oporu wobec obcego panowania. [&hellip;]<\/p>\n","protected":false},"author":1,"featured_media":613,"comment_status":"closed","ping_status":"closed","sticky":false,"template":"","format":"standard","meta":{"give_campaign_id":0,"footnotes":""},"categories":[29],"tags":[],"class_list":["post-607","post","type-post","status-publish","format-standard","has-post-thumbnail","hentry","category-komunistyczne-zbrodnie-w-polsce"],"yoast_head":"<!-- This site is optimized with the Yoast SEO plugin v28.4 - https:\/\/yoast.com\/product\/yoast-seo-wordpress\/ -->\n<title>\u201eKrzy\u017c i znak wolno\u015bci\u201d \u2013 Represje komunistyczne wobec Ko\u015bcio\u0142a katolickiego i \u015brodowisk niezale\u017cnych w Polsce Ludowej - Antykomunistyczni.pl<\/title>\n<meta name=\"robots\" content=\"index, follow, max-snippet:-1, max-image-preview:large, max-video-preview:-1\" \/>\n<link rel=\"canonical\" href=\"https:\/\/antykomunistyczni.pl\/index.php\/krzyz-i-znak-wolnosci-represje-komunistyczne-wobec-kosciola-katolickiego-i-srodowisk-niezaleznych-w-polsce-ludowej\/\" \/>\n<meta property=\"og:locale\" content=\"pl_PL\" \/>\n<meta property=\"og:type\" content=\"article\" \/>\n<meta property=\"og:title\" content=\"\u201eKrzy\u017c i znak wolno\u015bci\u201d \u2013 Represje komunistyczne wobec Ko\u015bcio\u0142a katolickiego i \u015brodowisk niezale\u017cnych w Polsce Ludowej - Antykomunistyczni.pl\" \/>\n<meta property=\"og:description\" content=\"Gdy 22 lipca 1944 roku w Lublinie powo\u0142ano do \u017cycia PKWN, nikt nie mia\u0142 w\u0105tpliwo\u015bci, \u017ce nowa w\u0142adza \u2013 instalowana bagnetami Armii Czerwonej \u2013 b\u0119dzie musia\u0142a zmierzy\u0107 si\u0119 z dwiema si\u0142ami stanowi\u0105cymi fundament polskiej to\u017csamo\u015bci: Ko\u015bcio\u0142em katolickim, kt\u00f3ry przez wieki kszta\u0142towa\u0142 duchowo\u015b\u0107 narodu, oraz tradycj\u0105 niepodleg\u0142o\u015bciow\u0105, wyra\u017caj\u0105c\u0105 si\u0119 w nieustaj\u0105cej woli oporu wobec obcego panowania. [&hellip;]\" \/>\n<meta property=\"og:url\" content=\"https:\/\/antykomunistyczni.pl\/index.php\/krzyz-i-znak-wolnosci-represje-komunistyczne-wobec-kosciola-katolickiego-i-srodowisk-niezaleznych-w-polsce-ludowej\/\" \/>\n<meta property=\"og:site_name\" content=\"Antykomunistyczni.pl\" \/>\n<meta property=\"article:publisher\" content=\"https:\/\/www.facebook.com\/antykomunistyczni\/\" \/>\n<meta property=\"article:published_time\" content=\"2026-03-02T13:34:20+00:00\" \/>\n<meta property=\"article:modified_time\" content=\"2026-03-02T18:12:48+00:00\" \/>\n<meta property=\"og:image\" content=\"https:\/\/antykomunistyczni.pl\/wp-content\/uploads\/2026\/03\/opor-katolikow1.jpg\" \/>\n\t<meta property=\"og:image:width\" content=\"1021\" \/>\n\t<meta property=\"og:image:height\" content=\"800\" \/>\n\t<meta property=\"og:image:type\" content=\"image\/jpeg\" \/>\n<meta name=\"author\" content=\"Antykomunistyczni\" \/>\n<meta name=\"twitter:card\" content=\"summary_large_image\" \/>\n<meta name=\"twitter:creator\" content=\"@anty_komunisci\" \/>\n<meta name=\"twitter:site\" content=\"@anty_komunisci\" \/>\n<meta name=\"twitter:label1\" content=\"Napisane przez\" \/>\n\t<meta name=\"twitter:data1\" content=\"Antykomunistyczni\" \/>\n\t<meta name=\"twitter:label2\" content=\"Szacowany czas czytania\" \/>\n\t<meta name=\"twitter:data2\" content=\"6 minut\" \/>\n<script type=\"application\/ld+json\" class=\"yoast-schema-graph\">{\"@context\":\"https:\\\/\\\/schema.org\",\"@graph\":[{\"@type\":\"Article\",\"@id\":\"https:\\\/\\\/antykomunistyczni.pl\\\/index.php\\\/krzyz-i-znak-wolnosci-represje-komunistyczne-wobec-kosciola-katolickiego-i-srodowisk-niezaleznych-w-polsce-ludowej\\\/#article\",\"isPartOf\":{\"@id\":\"https:\\\/\\\/antykomunistyczni.pl\\\/index.php\\\/krzyz-i-znak-wolnosci-represje-komunistyczne-wobec-kosciola-katolickiego-i-srodowisk-niezaleznych-w-polsce-ludowej\\\/\"},\"author\":{\"name\":\"Antykomunistyczni\",\"@id\":\"https:\\\/\\\/antykomunistyczni.pl\\\/#\\\/schema\\\/person\\\/4963e693e8006b94062d91d1295d02a0\"},\"headline\":\"\u201eKrzy\u017c i znak wolno\u015bci\u201d \u2013 Represje komunistyczne wobec Ko\u015bcio\u0142a katolickiego i \u015brodowisk niezale\u017cnych w Polsce Ludowej\",\"datePublished\":\"2026-03-02T13:34:20+00:00\",\"dateModified\":\"2026-03-02T18:12:48+00:00\",\"mainEntityOfPage\":{\"@id\":\"https:\\\/\\\/antykomunistyczni.pl\\\/index.php\\\/krzyz-i-znak-wolnosci-represje-komunistyczne-wobec-kosciola-katolickiego-i-srodowisk-niezaleznych-w-polsce-ludowej\\\/\"},\"wordCount\":1096,\"publisher\":{\"@id\":\"https:\\\/\\\/antykomunistyczni.pl\\\/#organization\"},\"image\":{\"@id\":\"https:\\\/\\\/antykomunistyczni.pl\\\/index.php\\\/krzyz-i-znak-wolnosci-represje-komunistyczne-wobec-kosciola-katolickiego-i-srodowisk-niezaleznych-w-polsce-ludowej\\\/#primaryimage\"},\"thumbnailUrl\":\"https:\\\/\\\/antykomunistyczni.pl\\\/wp-content\\\/uploads\\\/2026\\\/03\\\/opor-katolikow1.jpg\",\"articleSection\":[\"Komunistyczne zbrodnie w Polsce\"],\"inLanguage\":\"pl-PL\"},{\"@type\":\"WebPage\",\"@id\":\"https:\\\/\\\/antykomunistyczni.pl\\\/index.php\\\/krzyz-i-znak-wolnosci-represje-komunistyczne-wobec-kosciola-katolickiego-i-srodowisk-niezaleznych-w-polsce-ludowej\\\/\",\"url\":\"https:\\\/\\\/antykomunistyczni.pl\\\/index.php\\\/krzyz-i-znak-wolnosci-represje-komunistyczne-wobec-kosciola-katolickiego-i-srodowisk-niezaleznych-w-polsce-ludowej\\\/\",\"name\":\"\u201eKrzy\u017c i znak wolno\u015bci\u201d \u2013 Represje komunistyczne wobec Ko\u015bcio\u0142a katolickiego i \u015brodowisk niezale\u017cnych w Polsce Ludowej - Antykomunistyczni.pl\",\"isPartOf\":{\"@id\":\"https:\\\/\\\/antykomunistyczni.pl\\\/#website\"},\"primaryImageOfPage\":{\"@id\":\"https:\\\/\\\/antykomunistyczni.pl\\\/index.php\\\/krzyz-i-znak-wolnosci-represje-komunistyczne-wobec-kosciola-katolickiego-i-srodowisk-niezaleznych-w-polsce-ludowej\\\/#primaryimage\"},\"image\":{\"@id\":\"https:\\\/\\\/antykomunistyczni.pl\\\/index.php\\\/krzyz-i-znak-wolnosci-represje-komunistyczne-wobec-kosciola-katolickiego-i-srodowisk-niezaleznych-w-polsce-ludowej\\\/#primaryimage\"},\"thumbnailUrl\":\"https:\\\/\\\/antykomunistyczni.pl\\\/wp-content\\\/uploads\\\/2026\\\/03\\\/opor-katolikow1.jpg\",\"datePublished\":\"2026-03-02T13:34:20+00:00\",\"dateModified\":\"2026-03-02T18:12:48+00:00\",\"breadcrumb\":{\"@id\":\"https:\\\/\\\/antykomunistyczni.pl\\\/index.php\\\/krzyz-i-znak-wolnosci-represje-komunistyczne-wobec-kosciola-katolickiego-i-srodowisk-niezaleznych-w-polsce-ludowej\\\/#breadcrumb\"},\"inLanguage\":\"pl-PL\",\"potentialAction\":[{\"@type\":\"ReadAction\",\"target\":[\"https:\\\/\\\/antykomunistyczni.pl\\\/index.php\\\/krzyz-i-znak-wolnosci-represje-komunistyczne-wobec-kosciola-katolickiego-i-srodowisk-niezaleznych-w-polsce-ludowej\\\/\"]}]},{\"@type\":\"ImageObject\",\"inLanguage\":\"pl-PL\",\"@id\":\"https:\\\/\\\/antykomunistyczni.pl\\\/index.php\\\/krzyz-i-znak-wolnosci-represje-komunistyczne-wobec-kosciola-katolickiego-i-srodowisk-niezaleznych-w-polsce-ludowej\\\/#primaryimage\",\"url\":\"https:\\\/\\\/antykomunistyczni.pl\\\/wp-content\\\/uploads\\\/2026\\\/03\\\/opor-katolikow1.jpg\",\"contentUrl\":\"https:\\\/\\\/antykomunistyczni.pl\\\/wp-content\\\/uploads\\\/2026\\\/03\\\/opor-katolikow1.jpg\",\"width\":1021,\"height\":800},{\"@type\":\"BreadcrumbList\",\"@id\":\"https:\\\/\\\/antykomunistyczni.pl\\\/index.php\\\/krzyz-i-znak-wolnosci-represje-komunistyczne-wobec-kosciola-katolickiego-i-srodowisk-niezaleznych-w-polsce-ludowej\\\/#breadcrumb\",\"itemListElement\":[{\"@type\":\"ListItem\",\"position\":1,\"name\":\"Strona g\u0142\u00f3wna\",\"item\":\"https:\\\/\\\/antykomunistyczni.pl\\\/\"},{\"@type\":\"ListItem\",\"position\":2,\"name\":\"\u201eKrzy\u017c i znak wolno\u015bci\u201d \u2013 Represje komunistyczne wobec Ko\u015bcio\u0142a katolickiego i \u015brodowisk niezale\u017cnych w Polsce Ludowej\"}]},{\"@type\":\"WebSite\",\"@id\":\"https:\\\/\\\/antykomunistyczni.pl\\\/#website\",\"url\":\"https:\\\/\\\/antykomunistyczni.pl\\\/\",\"name\":\"Antykomunistyczni.pl\",\"description\":\"\",\"publisher\":{\"@id\":\"https:\\\/\\\/antykomunistyczni.pl\\\/#organization\"},\"alternateName\":\"Historia PRL, zbrodnie komunistyczne w Polsce i na \u015bwiecie\",\"potentialAction\":[{\"@type\":\"SearchAction\",\"target\":{\"@type\":\"EntryPoint\",\"urlTemplate\":\"https:\\\/\\\/antykomunistyczni.pl\\\/?s={search_term_string}\"},\"query-input\":{\"@type\":\"PropertyValueSpecification\",\"valueRequired\":true,\"valueName\":\"search_term_string\"}}],\"inLanguage\":\"pl-PL\"},{\"@type\":\"Organization\",\"@id\":\"https:\\\/\\\/antykomunistyczni.pl\\\/#organization\",\"name\":\"Antykomunistyczni.pl\",\"url\":\"https:\\\/\\\/antykomunistyczni.pl\\\/\",\"logo\":{\"@type\":\"ImageObject\",\"inLanguage\":\"pl-PL\",\"@id\":\"https:\\\/\\\/antykomunistyczni.pl\\\/#\\\/schema\\\/logo\\\/image\\\/\",\"url\":\"https:\\\/\\\/antykomunistyczni.pl\\\/wp-content\\\/uploads\\\/2026\\\/02\\\/cropped-AntykomunistyczniLogoSquare150x150-2.png\",\"contentUrl\":\"https:\\\/\\\/antykomunistyczni.pl\\\/wp-content\\\/uploads\\\/2026\\\/02\\\/cropped-AntykomunistyczniLogoSquare150x150-2.png\",\"width\":150,\"height\":150,\"caption\":\"Antykomunistyczni.pl\"},\"image\":{\"@id\":\"https:\\\/\\\/antykomunistyczni.pl\\\/#\\\/schema\\\/logo\\\/image\\\/\"},\"sameAs\":[\"https:\\\/\\\/www.facebook.com\\\/antykomunistyczni\\\/\",\"https:\\\/\\\/x.com\\\/anty_komunisci\"]},{\"@type\":\"Person\",\"@id\":\"https:\\\/\\\/antykomunistyczni.pl\\\/#\\\/schema\\\/person\\\/4963e693e8006b94062d91d1295d02a0\",\"name\":\"Antykomunistyczni\",\"image\":{\"@type\":\"ImageObject\",\"inLanguage\":\"pl-PL\",\"@id\":\"https:\\\/\\\/secure.gravatar.com\\\/avatar\\\/ff172875f9ced7887f883245268c1ba638c26cf1e0530f7f61b4705963a6730b?s=96&d=mm&r=g\",\"url\":\"https:\\\/\\\/secure.gravatar.com\\\/avatar\\\/ff172875f9ced7887f883245268c1ba638c26cf1e0530f7f61b4705963a6730b?s=96&d=mm&r=g\",\"contentUrl\":\"https:\\\/\\\/secure.gravatar.com\\\/avatar\\\/ff172875f9ced7887f883245268c1ba638c26cf1e0530f7f61b4705963a6730b?s=96&d=mm&r=g\",\"caption\":\"Antykomunistyczni\"},\"sameAs\":[\"http:\\\/\\\/antykomunistyczni.pl\"],\"url\":\"https:\\\/\\\/antykomunistyczni.pl\\\/index.php\\\/author\\\/admin0\\\/\"}]}<\/script>\n<!-- \/ Yoast SEO plugin. -->","yoast_head_json":{"title":"\u201eKrzy\u017c i znak wolno\u015bci\u201d \u2013 Represje komunistyczne wobec Ko\u015bcio\u0142a katolickiego i \u015brodowisk niezale\u017cnych w Polsce Ludowej - Antykomunistyczni.pl","robots":{"index":"index","follow":"follow","max-snippet":"max-snippet:-1","max-image-preview":"max-image-preview:large","max-video-preview":"max-video-preview:-1"},"canonical":"https:\/\/antykomunistyczni.pl\/index.php\/krzyz-i-znak-wolnosci-represje-komunistyczne-wobec-kosciola-katolickiego-i-srodowisk-niezaleznych-w-polsce-ludowej\/","og_locale":"pl_PL","og_type":"article","og_title":"\u201eKrzy\u017c i znak wolno\u015bci\u201d \u2013 Represje komunistyczne wobec Ko\u015bcio\u0142a katolickiego i \u015brodowisk niezale\u017cnych w Polsce Ludowej - Antykomunistyczni.pl","og_description":"Gdy 22 lipca 1944 roku w Lublinie powo\u0142ano do \u017cycia PKWN, nikt nie mia\u0142 w\u0105tpliwo\u015bci, \u017ce nowa w\u0142adza \u2013 instalowana bagnetami Armii Czerwonej \u2013 b\u0119dzie musia\u0142a zmierzy\u0107 si\u0119 z dwiema si\u0142ami stanowi\u0105cymi fundament polskiej to\u017csamo\u015bci: Ko\u015bcio\u0142em katolickim, kt\u00f3ry przez wieki kszta\u0142towa\u0142 duchowo\u015b\u0107 narodu, oraz tradycj\u0105 niepodleg\u0142o\u015bciow\u0105, wyra\u017caj\u0105c\u0105 si\u0119 w nieustaj\u0105cej woli oporu wobec obcego panowania. [&hellip;]","og_url":"https:\/\/antykomunistyczni.pl\/index.php\/krzyz-i-znak-wolnosci-represje-komunistyczne-wobec-kosciola-katolickiego-i-srodowisk-niezaleznych-w-polsce-ludowej\/","og_site_name":"Antykomunistyczni.pl","article_publisher":"https:\/\/www.facebook.com\/antykomunistyczni\/","article_published_time":"2026-03-02T13:34:20+00:00","article_modified_time":"2026-03-02T18:12:48+00:00","og_image":[{"width":1021,"height":800,"url":"https:\/\/antykomunistyczni.pl\/wp-content\/uploads\/2026\/03\/opor-katolikow1.jpg","type":"image\/jpeg"}],"author":"Antykomunistyczni","twitter_card":"summary_large_image","twitter_creator":"@anty_komunisci","twitter_site":"@anty_komunisci","twitter_misc":{"Napisane przez":"Antykomunistyczni","Szacowany czas czytania":"6 minut"},"schema":{"@context":"https:\/\/schema.org","@graph":[{"@type":"Article","@id":"https:\/\/antykomunistyczni.pl\/index.php\/krzyz-i-znak-wolnosci-represje-komunistyczne-wobec-kosciola-katolickiego-i-srodowisk-niezaleznych-w-polsce-ludowej\/#article","isPartOf":{"@id":"https:\/\/antykomunistyczni.pl\/index.php\/krzyz-i-znak-wolnosci-represje-komunistyczne-wobec-kosciola-katolickiego-i-srodowisk-niezaleznych-w-polsce-ludowej\/"},"author":{"name":"Antykomunistyczni","@id":"https:\/\/antykomunistyczni.pl\/#\/schema\/person\/4963e693e8006b94062d91d1295d02a0"},"headline":"\u201eKrzy\u017c i znak wolno\u015bci\u201d \u2013 Represje komunistyczne wobec Ko\u015bcio\u0142a katolickiego i \u015brodowisk niezale\u017cnych w Polsce Ludowej","datePublished":"2026-03-02T13:34:20+00:00","dateModified":"2026-03-02T18:12:48+00:00","mainEntityOfPage":{"@id":"https:\/\/antykomunistyczni.pl\/index.php\/krzyz-i-znak-wolnosci-represje-komunistyczne-wobec-kosciola-katolickiego-i-srodowisk-niezaleznych-w-polsce-ludowej\/"},"wordCount":1096,"publisher":{"@id":"https:\/\/antykomunistyczni.pl\/#organization"},"image":{"@id":"https:\/\/antykomunistyczni.pl\/index.php\/krzyz-i-znak-wolnosci-represje-komunistyczne-wobec-kosciola-katolickiego-i-srodowisk-niezaleznych-w-polsce-ludowej\/#primaryimage"},"thumbnailUrl":"https:\/\/antykomunistyczni.pl\/wp-content\/uploads\/2026\/03\/opor-katolikow1.jpg","articleSection":["Komunistyczne zbrodnie w Polsce"],"inLanguage":"pl-PL"},{"@type":"WebPage","@id":"https:\/\/antykomunistyczni.pl\/index.php\/krzyz-i-znak-wolnosci-represje-komunistyczne-wobec-kosciola-katolickiego-i-srodowisk-niezaleznych-w-polsce-ludowej\/","url":"https:\/\/antykomunistyczni.pl\/index.php\/krzyz-i-znak-wolnosci-represje-komunistyczne-wobec-kosciola-katolickiego-i-srodowisk-niezaleznych-w-polsce-ludowej\/","name":"\u201eKrzy\u017c i znak wolno\u015bci\u201d \u2013 Represje komunistyczne wobec Ko\u015bcio\u0142a katolickiego i \u015brodowisk niezale\u017cnych w Polsce Ludowej - Antykomunistyczni.pl","isPartOf":{"@id":"https:\/\/antykomunistyczni.pl\/#website"},"primaryImageOfPage":{"@id":"https:\/\/antykomunistyczni.pl\/index.php\/krzyz-i-znak-wolnosci-represje-komunistyczne-wobec-kosciola-katolickiego-i-srodowisk-niezaleznych-w-polsce-ludowej\/#primaryimage"},"image":{"@id":"https:\/\/antykomunistyczni.pl\/index.php\/krzyz-i-znak-wolnosci-represje-komunistyczne-wobec-kosciola-katolickiego-i-srodowisk-niezaleznych-w-polsce-ludowej\/#primaryimage"},"thumbnailUrl":"https:\/\/antykomunistyczni.pl\/wp-content\/uploads\/2026\/03\/opor-katolikow1.jpg","datePublished":"2026-03-02T13:34:20+00:00","dateModified":"2026-03-02T18:12:48+00:00","breadcrumb":{"@id":"https:\/\/antykomunistyczni.pl\/index.php\/krzyz-i-znak-wolnosci-represje-komunistyczne-wobec-kosciola-katolickiego-i-srodowisk-niezaleznych-w-polsce-ludowej\/#breadcrumb"},"inLanguage":"pl-PL","potentialAction":[{"@type":"ReadAction","target":["https:\/\/antykomunistyczni.pl\/index.php\/krzyz-i-znak-wolnosci-represje-komunistyczne-wobec-kosciola-katolickiego-i-srodowisk-niezaleznych-w-polsce-ludowej\/"]}]},{"@type":"ImageObject","inLanguage":"pl-PL","@id":"https:\/\/antykomunistyczni.pl\/index.php\/krzyz-i-znak-wolnosci-represje-komunistyczne-wobec-kosciola-katolickiego-i-srodowisk-niezaleznych-w-polsce-ludowej\/#primaryimage","url":"https:\/\/antykomunistyczni.pl\/wp-content\/uploads\/2026\/03\/opor-katolikow1.jpg","contentUrl":"https:\/\/antykomunistyczni.pl\/wp-content\/uploads\/2026\/03\/opor-katolikow1.jpg","width":1021,"height":800},{"@type":"BreadcrumbList","@id":"https:\/\/antykomunistyczni.pl\/index.php\/krzyz-i-znak-wolnosci-represje-komunistyczne-wobec-kosciola-katolickiego-i-srodowisk-niezaleznych-w-polsce-ludowej\/#breadcrumb","itemListElement":[{"@type":"ListItem","position":1,"name":"Strona g\u0142\u00f3wna","item":"https:\/\/antykomunistyczni.pl\/"},{"@type":"ListItem","position":2,"name":"\u201eKrzy\u017c i znak wolno\u015bci\u201d \u2013 Represje komunistyczne wobec Ko\u015bcio\u0142a katolickiego i \u015brodowisk niezale\u017cnych w Polsce Ludowej"}]},{"@type":"WebSite","@id":"https:\/\/antykomunistyczni.pl\/#website","url":"https:\/\/antykomunistyczni.pl\/","name":"Antykomunistyczni.pl","description":"","publisher":{"@id":"https:\/\/antykomunistyczni.pl\/#organization"},"alternateName":"Historia PRL, zbrodnie komunistyczne w Polsce i na \u015bwiecie","potentialAction":[{"@type":"SearchAction","target":{"@type":"EntryPoint","urlTemplate":"https:\/\/antykomunistyczni.pl\/?s={search_term_string}"},"query-input":{"@type":"PropertyValueSpecification","valueRequired":true,"valueName":"search_term_string"}}],"inLanguage":"pl-PL"},{"@type":"Organization","@id":"https:\/\/antykomunistyczni.pl\/#organization","name":"Antykomunistyczni.pl","url":"https:\/\/antykomunistyczni.pl\/","logo":{"@type":"ImageObject","inLanguage":"pl-PL","@id":"https:\/\/antykomunistyczni.pl\/#\/schema\/logo\/image\/","url":"https:\/\/antykomunistyczni.pl\/wp-content\/uploads\/2026\/02\/cropped-AntykomunistyczniLogoSquare150x150-2.png","contentUrl":"https:\/\/antykomunistyczni.pl\/wp-content\/uploads\/2026\/02\/cropped-AntykomunistyczniLogoSquare150x150-2.png","width":150,"height":150,"caption":"Antykomunistyczni.pl"},"image":{"@id":"https:\/\/antykomunistyczni.pl\/#\/schema\/logo\/image\/"},"sameAs":["https:\/\/www.facebook.com\/antykomunistyczni\/","https:\/\/x.com\/anty_komunisci"]},{"@type":"Person","@id":"https:\/\/antykomunistyczni.pl\/#\/schema\/person\/4963e693e8006b94062d91d1295d02a0","name":"Antykomunistyczni","image":{"@type":"ImageObject","inLanguage":"pl-PL","@id":"https:\/\/secure.gravatar.com\/avatar\/ff172875f9ced7887f883245268c1ba638c26cf1e0530f7f61b4705963a6730b?s=96&d=mm&r=g","url":"https:\/\/secure.gravatar.com\/avatar\/ff172875f9ced7887f883245268c1ba638c26cf1e0530f7f61b4705963a6730b?s=96&d=mm&r=g","contentUrl":"https:\/\/secure.gravatar.com\/avatar\/ff172875f9ced7887f883245268c1ba638c26cf1e0530f7f61b4705963a6730b?s=96&d=mm&r=g","caption":"Antykomunistyczni"},"sameAs":["http:\/\/antykomunistyczni.pl"],"url":"https:\/\/antykomunistyczni.pl\/index.php\/author\/admin0\/"}]}},"_links":{"self":[{"href":"https:\/\/antykomunistyczni.pl\/index.php\/wp-json\/wp\/v2\/posts\/607","targetHints":{"allow":["GET"]}}],"collection":[{"href":"https:\/\/antykomunistyczni.pl\/index.php\/wp-json\/wp\/v2\/posts"}],"about":[{"href":"https:\/\/antykomunistyczni.pl\/index.php\/wp-json\/wp\/v2\/types\/post"}],"author":[{"embeddable":true,"href":"https:\/\/antykomunistyczni.pl\/index.php\/wp-json\/wp\/v2\/users\/1"}],"replies":[{"embeddable":true,"href":"https:\/\/antykomunistyczni.pl\/index.php\/wp-json\/wp\/v2\/comments?post=607"}],"version-history":[{"count":7,"href":"https:\/\/antykomunistyczni.pl\/index.php\/wp-json\/wp\/v2\/posts\/607\/revisions"}],"predecessor-version":[{"id":616,"href":"https:\/\/antykomunistyczni.pl\/index.php\/wp-json\/wp\/v2\/posts\/607\/revisions\/616"}],"wp:featuredmedia":[{"embeddable":true,"href":"https:\/\/antykomunistyczni.pl\/index.php\/wp-json\/wp\/v2\/media\/613"}],"wp:attachment":[{"href":"https:\/\/antykomunistyczni.pl\/index.php\/wp-json\/wp\/v2\/media?parent=607"}],"wp:term":[{"taxonomy":"category","embeddable":true,"href":"https:\/\/antykomunistyczni.pl\/index.php\/wp-json\/wp\/v2\/categories?post=607"},{"taxonomy":"post_tag","embeddable":true,"href":"https:\/\/antykomunistyczni.pl\/index.php\/wp-json\/wp\/v2\/tags?post=607"}],"curies":[{"name":"wp","href":"https:\/\/api.w.org\/{rel}","templated":true}]}}