{"id":630,"date":"2026-03-02T17:01:35","date_gmt":"2026-03-02T16:01:35","guid":{"rendered":"https:\/\/antykomunistyczni.pl\/?p=630"},"modified":"2026-03-02T19:12:48","modified_gmt":"2026-03-02T18:12:48","slug":"archipelag-klamstwa-wiezienia-polityczne-i-procesy-pokazowe-jako-fundament-systemu-komunistycznego","status":"publish","type":"post","link":"https:\/\/antykomunistyczni.pl\/index.php\/archipelag-klamstwa-wiezienia-polityczne-i-procesy-pokazowe-jako-fundament-systemu-komunistycznego\/","title":{"rendered":"Archipelag K\u0142amstwa: Wi\u0119zienia polityczne i procesy pokazowe jako fundament systemu komunistycznego"},"content":{"rendered":"\t\t<div data-elementor-type=\"wp-post\" data-elementor-id=\"630\" class=\"elementor elementor-630\">\n\t\t\t\t<div class=\"elementor-element elementor-element-62af4be6 e-flex e-con-boxed e-con e-parent\" data-id=\"62af4be6\" data-element_type=\"container\" data-e-type=\"container\">\n\t\t\t\t\t<div class=\"e-con-inner\">\n\t\t\t\t<div class=\"elementor-element elementor-element-678891dc elementor-widget elementor-widget-text-editor\" data-id=\"678891dc\" data-element_type=\"widget\" data-e-type=\"widget\" data-widget_type=\"text-editor.default\">\n\t\t\t\t\t\t\t\t\t<p><span style=\"color: #000000;\"><\/span><\/p>\n<p class=\"wp-block-paragraph\"><span style=\"color: #000000;\"><strong>\u201eDajcie mi cz\u0142owieka, a paragraf si\u0119 znajdzie\u201d \u2013 to ponure has\u0142o Andrieja Wyszy\u0144skiego, g\u0142\u00f3wnego oskar\u017cyciela w procesach moskiewskich, sta\u0142o si\u0119 niepisan\u0105 konstytucj\u0105 ka\u017cdego pa\u0144stwa, nad kt\u00f3rym za\u0142opota\u0142 czerwony sztandar. Komunizm, nie posiadaj\u0105c legitymacji demokratycznej, musia\u0142 oprze\u0107 swoje trwanie na dw\u00f3ch filarach: strachu i k\u0142amstwie. Ich najpe\u0142niejszym uciele\u015bnieniem by\u0142y wi\u0119zienia polityczne i procesy pokazowe.<\/strong><\/span><\/p>\n<p><span style=\"color: #000000;\"><\/span><\/p>\n<p><span style=\"color: #000000;\"><\/span><\/p>\n<p><span style=\"color: #000000;\"><\/span><\/p>\n<p class=\"wp-block-paragraph\"><span style=\"color: #000000;\"><\/span><\/p>\t\t\t\t\t\t\t\t<\/div>\n\t\t\t\t\t<\/div>\n\t\t\t\t<\/div>\n\t\t<div class=\"elementor-element elementor-element-36ce01e e-flex e-con-boxed e-con e-parent\" data-id=\"36ce01e\" data-element_type=\"container\" data-e-type=\"container\">\n\t\t\t\t\t<div class=\"e-con-inner\">\n\t\t\t\t<div class=\"elementor-element elementor-element-9536431 elementor-widget elementor-widget-image\" data-id=\"9536431\" data-element_type=\"widget\" data-e-type=\"widget\" data-widget_type=\"image.default\">\n\t\t\t\t\t\t\t\t\t\t\t\t\t\t\t<img fetchpriority=\"high\" decoding=\"async\" width=\"600\" height=\"383\" src=\"https:\/\/antykomunistyczni.pl\/wp-content\/uploads\/2026\/03\/ProcesyStalinowskie.jpg\" class=\"attachment-large size-large wp-image-639\" alt=\"\" srcset=\"https:\/\/antykomunistyczni.pl\/wp-content\/uploads\/2026\/03\/ProcesyStalinowskie.jpg 600w, https:\/\/antykomunistyczni.pl\/wp-content\/uploads\/2026\/03\/ProcesyStalinowskie-300x192.jpg 300w\" sizes=\"(max-width: 600px) 100vw, 600px\" \/>\t\t\t\t\t\t\t\t\t\t\t\t\t\t\t<\/div>\n\t\t\t\t\t<\/div>\n\t\t\t\t<\/div>\n\t\t<div class=\"elementor-element elementor-element-0cd6b9b e-grid e-con-boxed e-con e-parent\" data-id=\"0cd6b9b\" data-element_type=\"container\" data-e-type=\"container\">\n\t\t\t\t\t<div class=\"e-con-inner\">\n\t\t\t\t<div class=\"elementor-element elementor-element-a7e3bf2 elementor-widget elementor-widget-text-editor\" data-id=\"a7e3bf2\" data-element_type=\"widget\" data-e-type=\"widget\" data-widget_type=\"text-editor.default\">\n\t\t\t\t\t\t\t\t\t<h3 class=\"wp-block-heading\"><span style=\"color: #000000;\">Teatr sprawiedliwo\u015bci: Procesy pokazowe<\/span><\/h3>\n<p><span style=\"color: #000000;\"><!-- \/wp:heading --><!-- wp:paragraph --><\/span><\/p>\n<p><span style=\"color: #000000;\">Proces pokazowy w systemie komunistycznym nigdy nie s\u0142u\u017cy\u0142 ustaleniu prawdy. By\u0142 to starannie wyre\u017cyserowany spektakl propagandowy, kt\u00f3rego scenariusz powstawa\u0142 w gabinetach dygnitarzy partyjnych i bezpieki, a nie w prokuraturze.<\/span><\/p>\n<p><span style=\"color: #000000;\"><!-- \/wp:paragraph --><!-- wp:paragraph --><\/span><\/p>\n<p><span style=\"color: #000000;\">G\u0142\u00f3wnym celem nie by\u0142o ukaranie winnego (wyrok zapada\u0142 zazwyczaj przed pierwsz\u0105 rozpraw\u0105), lecz zastraszenie spo\u0142ecze\u0144stwa i zniszczenie autorytetu oskar\u017conych. Od s\u0142ynnych proces\u00f3w moskiewskich lat 30., przez proces Rudolfa Sl\u00e1nskiego w Czechos\u0142owacji, a\u017c po procesy \u017co\u0142nierzy podziemia antykomunistycznego w Polsce \u2013 mechanizm by\u0142 zawsze ten sam.<\/span><\/p>\n<p><span style=\"color: #000000;\"><!-- \/wp:paragraph --><!-- wp:paragraph --><\/span><\/p>\n<p><span style=\"color: #000000;\">Oskar\u017ceni, poddawani wielomiesi\u0119cznym torturom, \u201eprzyznawali si\u0119\u201d do najbardziej niedorzecznych czyn\u00f3w: szpiegostwa na rzecz Watykanu, wsp\u00f3\u0142pracy z gestapo czy pr\u00f3b otrucia Stalina. Widok niedawnych bohater\u00f3w wojennych, jak gen. August Emil Fieldorf \u201eNil\u201d czy rtm. Witold Pilecki, stoj\u0105cych przed s\u0105dem jako \u201ep\u0142atni agenci imperializmu\u201d, mia\u0142 z\u0142ama\u0107 kr\u0119gos\u0142up moralny narodu.<\/span><\/p>\n<h3 class=\"wp-block-heading\"><span style=\"color: #000000;\">Katownie bezpieki: Gdzie ko\u0144czy\u0142a si\u0119 ludzka godno\u015b\u0107<\/span><\/h3>\n<p><span style=\"color: #000000;\"><!-- \/wp:heading --><!-- wp:paragraph --><\/span><\/p>\n<p><span style=\"color: #000000;\">Je\u015bli proces by\u0142 teatrem, to wi\u0119zienia polityczne by\u0142y jego mrocznym zapleczem. Miejsca takie jak warszawskie wi\u0119zienie na Rakowieckiej, zamek w Lublinie czy os\u0142awiona \u0141ubianka, sta\u0142y si\u0119 symbolami ka\u017ani milion\u00f3w ludzi.<\/span><\/p>\n<p><span style=\"color: #000000;\"><!-- \/wp:paragraph --><!-- wp:paragraph --><\/span><\/p>\n<p><span style=\"color: #000000;\">Wi\u0119zie\u0144 polityczny w systemie komunistycznym by\u0142 traktowany gorzej ni\u017c pospolity przest\u0119pca. By\u0142 \u201ewrogiem ludu\u201d, istot\u0105 wyj\u0119t\u0105 spod prawa. Metody \u015bledcze \u2013 konwejer (wielodniowe przes\u0142uchania bez snu), karcer wodny, bicie gum\u0105, wyrywanie paznokci czy sadzanie na nodze od odwr\u00f3conego sto\u0142ka \u2013 mia\u0142y na celu nie tylko wydobycie zezna\u0144, ale ca\u0142kowit\u0105 depersonalizacj\u0119 cz\u0142owieka.<\/span><\/p>\n<p><span style=\"color: #000000;\"><!-- \/wp:paragraph --><!-- wp:paragraph --><\/span><\/p>\n<p><span style=\"color: #000000;\">Polska ziemia usiana jest takimi \u201emiejscami przekl\u0119tymi\u201d. To tam, w ubeckich piwnicach, mordowano kwiat polskiej inteligencji i niez\u0142omnych obro\u0144c\u00f3w suwerenno\u015bci. Cz\u0119sto ich cia\u0142a wrzucano do bezimiennych do\u0142\u00f3w \u015bmierci, tak jak na warszawskiej \u201e\u0141\u0105czce\u201d, by pami\u0119\u0107 o nich zgin\u0119\u0142a na zawsze.<\/span><\/p>\n<p><span style=\"color: #000000;\"><!-- \/wp:paragraph --><!-- wp:heading {\"level\":3} --><\/span><\/p>\n<p><span style=\"color: #000000;\"><!-- \/wp:paragraph --><!-- wp:heading {\"level\":3} --><\/span><\/p>\n<p>\u00a0<\/p>\t\t\t\t\t\t\t\t<\/div>\n\t\t\t\t<div class=\"elementor-element elementor-element-33f7b12 elementor-widget elementor-widget-text-editor\" data-id=\"33f7b12\" data-element_type=\"widget\" data-e-type=\"widget\" data-widget_type=\"text-editor.default\">\n\t\t\t\t\t\t\t\t\t<pre><span style=\"color: #000000;\">1. <strong>Major Frydman<\/strong> Katowa\u0142 mnie w godzinach nocnych rozebranego do naga do utraty przytomno\u015bci, a potem przy pomocy innych oficer\u00f3w [..] lano mnie wod\u0105, kopano i bito mnie na pod\u0142odze a nad ranem skrwiawionego i nieprzytomnego wrzucano mnie do ciemnej celi w kt\u00f3rej na pod\u0142odze by\u0142o b\u0142oto oraz ka\u0142 [..] przy wsp\u00f3\u0142udziale majora Frydmana powybijano mi z\u0119by oraz porozbijano mi twarz. Zmarnowano mi s\u0142uch. Na porz\u0105dku dziennym bylo kopanie w brzuch [..]<\/span><br \/><br \/><span style=\"color: #000000;\">2. <strong>Kapitan Urbaniak<\/strong> Bil mnie gumow\u0105 pa\u0142k\u0105 do utraty przytomno\u015bci, a gdy le\u017calem na pod\u0142odze lal mnie zimn\u0105 wod\u0105, kopa\u0142 i deptal butami. Depta\u0142 kraw\u0119dzi\u0105 obcasa po stopach, zrywaj\u0105c paznokcie u n\u00f3g, oraz rozbijaj\u0105c goj\u0105ce si\u0119 paznokcie.<\/span><br \/><br \/><span style=\"color: #000000;\">3. <strong>Porucznik Bajraszewski<\/strong> Bil mnie pa\u0142k\u0105 gumow\u0105 po stopach i w pi\u0119ty, gdy traci\u0142em przytomno\u015b\u0107 wypala\u0142 mi dziury na nogach pal\u0105cym si\u0119 papierosem, powtarzal to kilkakrotnie [.]\u00a0<\/span><br \/><br \/><span style=\"color: #000000;\">4. <strong>Porucznik Kulak<\/strong> Rozbi\u0142 mi ko\u015b\u0107 nosow\u0105 i porozbija\u0142 twarz. Systematycznie kopa\u0142 mnie w brzuch co by\u0142o powodem pekniecia przepony brzuszenej.[...] Bi\u0142 mnie rozebranego do naga w godzinach nocnych do utraty przytomno\u015bci, poczem wrzucano mnie do b\u0142otnej ciemnicy [...]<\/span><br \/><br \/><span style=\"color: #000000;\">5. <strong>Porucznik Lis<\/strong> Jemu zawdzi\u0119czam odbicie nerek przez bicie naszelnikiem ko\u0144skim. Poprzecina\u0142 mi sk\u00f3r\u0119 na plecach przez bicie bykowcem (..], bi\u0142 mnie r\u00f3wnie\u017c bykowcem po go\u0142ych r\u0119kach.<\/span><br \/><br \/><em><span style=\"color: #000000;\"> Przes\u0142uchiwany o metodach \u015bledczych<\/span><\/em><\/pre>\t\t\t\t\t\t\t\t<\/div>\n\t\t\t\t\t<\/div>\n\t\t\t\t<\/div>\n\t\t<div class=\"elementor-element elementor-element-90b141e e-flex e-con-boxed e-con e-parent\" data-id=\"90b141e\" data-element_type=\"container\" data-e-type=\"container\">\n\t\t\t\t\t<div class=\"e-con-inner\">\n\t\t\t\t<div class=\"elementor-element elementor-element-443c748 elementor-widget elementor-widget-image\" data-id=\"443c748\" data-element_type=\"widget\" data-e-type=\"widget\" data-widget_type=\"image.default\">\n\t\t\t\t\t\t\t\t\t\t\t\t<figure class=\"wp-caption\">\n\t\t\t\t\t\t\t\t\t\t<img decoding=\"async\" width=\"640\" height=\"492\" src=\"https:\/\/antykomunistyczni.pl\/wp-content\/uploads\/2026\/03\/TorturyWMuzeumNaRakowieckiej-Sredni.jpeg\" class=\"attachment-large size-large wp-image-675\" alt=\"\" srcset=\"https:\/\/antykomunistyczni.pl\/wp-content\/uploads\/2026\/03\/TorturyWMuzeumNaRakowieckiej-Sredni.jpeg 640w, https:\/\/antykomunistyczni.pl\/wp-content\/uploads\/2026\/03\/TorturyWMuzeumNaRakowieckiej-Sredni-300x231.jpeg 300w\" sizes=\"(max-width: 640px) 100vw, 640px\" \/>\t\t\t\t\t\t\t\t\t\t\t<figcaption class=\"widget-image-caption wp-caption-text\">Wystawa w Muzeum na Rakowieckiej<\/figcaption>\n\t\t\t\t\t\t\t\t\t\t<\/figure>\n\t\t\t\t\t\t\t\t\t<\/div>\n\t\t\t\t<div class=\"elementor-element elementor-element-b8447f8 elementor-widget elementor-widget-text-editor\" data-id=\"b8447f8\" data-element_type=\"widget\" data-e-type=\"widget\" data-widget_type=\"text-editor.default\">\n\t\t\t\t\t\t\t\t\t<h3 class=\"wp-block-heading\"><span style=\"color: #000000;\">Dlaczego musimy pami\u0119ta\u0107?<\/span><\/h3>\n<p><span style=\"color: #000000;\"><!-- \/wp:heading --><!-- wp:paragraph --><\/span><\/p>\n<p><span style=\"color: #000000;\">Dzi\u015b, gdy niekt\u00f3rzy pr\u00f3buj\u0105 wybiela\u0107 histori\u0119 PRL czy Zwi\u0105zku Sowieckiego, m\u00f3wi\u0105c o \u201ebezpiecze\u0144stwie socjalnym\u201d czy \u201eodbudowie kraju\u201d, musimy przypomina\u0107 o cenie, jak\u0105 zap\u0142acono za ten system. Ka\u017cda ceg\u0142a \u201enowego \u0142adu\u201d by\u0142a k\u0142adziona na fundamencie z ludzkiego cierpienia, wymuszonych zezna\u0144 i strza\u0142\u00f3w w ty\u0142 g\u0142owy.<\/span><\/p>\n<p><span style=\"color: #000000;\"><!-- \/wp:paragraph --><!-- wp:paragraph --><\/span><\/p>\n<p><span style=\"color: #000000;\">Procesy pokazowe i wi\u0119zienia polityczne nie by\u0142y \u201eb\u0142\u0119dami i wypaczeniami\u201d. By\u0142y istot\u0105 komunizmu. Systemu, kt\u00f3ry nie potrafi\u0105c wygra\u0107 na argumenty, musia\u0142 uwi\u0119zi\u0107 i zabi\u0107 ka\u017cdego, kto \u015bmia\u0142 my\u015ble\u0107 samodzielnie.<\/span><\/p>\n<p><span style=\"color: #000000;\"><!-- \/wp:paragraph --><!-- wp:paragraph --><\/span><\/p>\n<p><span style=\"color: #000000;\">Naszym obowi\u0105zkiem wobec ofiar jest nie tylko pami\u0119\u0107, ale i czujno\u015b\u0107. Bo nienawi\u015b\u0107 do wolno\u015bci, kt\u00f3ra zbudowa\u0142a te wi\u0119zienia, wci\u0105\u017c potrafi przybiera\u0107 nowe, kusz\u0105ce formy.<\/span><\/p>\n<p><span style=\"color: #000000;\"><!-- \/wp:paragraph --><!-- wp:paragraph --><\/span><\/p>\n<p><span style=\"color: #000000;\"><strong>Redakcja Antykomunistyczny.pl<\/strong><\/span><\/p>\t\t\t\t\t\t\t\t<\/div>\n\t\t\t\t\t<\/div>\n\t\t\t\t<\/div>\n\t\t\t\t<\/div>\n\t\t","protected":false},"excerpt":{"rendered":"<p>\u201eDajcie mi cz\u0142owieka, a paragraf si\u0119 znajdzie\u201d \u2013 to ponure has\u0142o Andrieja Wyszy\u0144skiego, g\u0142\u00f3wnego oskar\u017cyciela w procesach moskiewskich, sta\u0142o si\u0119 niepisan\u0105 konstytucj\u0105 ka\u017cdego pa\u0144stwa, nad kt\u00f3rym za\u0142opota\u0142 czerwony sztandar. Komunizm, nie posiadaj\u0105c legitymacji demokratycznej, musia\u0142 oprze\u0107 swoje trwanie na dw\u00f3ch filarach: strachu i k\u0142amstwie. Ich najpe\u0142niejszym uciele\u015bnieniem by\u0142y wi\u0119zienia polityczne i procesy pokazowe. Teatr sprawiedliwo\u015bci: [&hellip;]<\/p>\n","protected":false},"author":1,"featured_media":639,"comment_status":"closed","ping_status":"closed","sticky":false,"template":"","format":"standard","meta":{"give_campaign_id":0,"footnotes":""},"categories":[26,29,32],"tags":[],"class_list":["post-630","post","type-post","status-publish","format-standard","has-post-thumbnail","hentry","category-komunisci","category-komunistyczne-zbrodnie-w-polsce","category-stalinizm-w-polsce"],"yoast_head":"<!-- This site is optimized with the Yoast SEO plugin v28.4 - https:\/\/yoast.com\/product\/yoast-seo-wordpress\/ -->\n<title>Archipelag K\u0142amstwa: Wi\u0119zienia polityczne i procesy pokazowe jako fundament systemu komunistycznego - Antykomunistyczni.pl<\/title>\n<meta name=\"robots\" content=\"index, follow, max-snippet:-1, max-image-preview:large, max-video-preview:-1\" \/>\n<link rel=\"canonical\" href=\"https:\/\/antykomunistyczni.pl\/index.php\/archipelag-klamstwa-wiezienia-polityczne-i-procesy-pokazowe-jako-fundament-systemu-komunistycznego\/\" \/>\n<meta property=\"og:locale\" content=\"pl_PL\" \/>\n<meta property=\"og:type\" content=\"article\" \/>\n<meta property=\"og:title\" content=\"Archipelag K\u0142amstwa: Wi\u0119zienia polityczne i procesy pokazowe jako fundament systemu komunistycznego - Antykomunistyczni.pl\" \/>\n<meta property=\"og:description\" content=\"\u201eDajcie mi cz\u0142owieka, a paragraf si\u0119 znajdzie\u201d \u2013 to ponure has\u0142o Andrieja Wyszy\u0144skiego, g\u0142\u00f3wnego oskar\u017cyciela w procesach moskiewskich, sta\u0142o si\u0119 niepisan\u0105 konstytucj\u0105 ka\u017cdego pa\u0144stwa, nad kt\u00f3rym za\u0142opota\u0142 czerwony sztandar. Komunizm, nie posiadaj\u0105c legitymacji demokratycznej, musia\u0142 oprze\u0107 swoje trwanie na dw\u00f3ch filarach: strachu i k\u0142amstwie. Ich najpe\u0142niejszym uciele\u015bnieniem by\u0142y wi\u0119zienia polityczne i procesy pokazowe. Teatr sprawiedliwo\u015bci: [&hellip;]\" \/>\n<meta property=\"og:url\" content=\"https:\/\/antykomunistyczni.pl\/index.php\/archipelag-klamstwa-wiezienia-polityczne-i-procesy-pokazowe-jako-fundament-systemu-komunistycznego\/\" \/>\n<meta property=\"og:site_name\" content=\"Antykomunistyczni.pl\" \/>\n<meta property=\"article:publisher\" content=\"https:\/\/www.facebook.com\/antykomunistyczni\/\" \/>\n<meta property=\"article:published_time\" content=\"2026-03-02T16:01:35+00:00\" \/>\n<meta property=\"article:modified_time\" content=\"2026-03-02T18:12:48+00:00\" \/>\n<meta property=\"og:image\" content=\"https:\/\/antykomunistyczni.pl\/wp-content\/uploads\/2026\/03\/ProcesyStalinowskie.jpg\" \/>\n\t<meta property=\"og:image:width\" content=\"600\" \/>\n\t<meta property=\"og:image:height\" content=\"383\" \/>\n\t<meta property=\"og:image:type\" content=\"image\/jpeg\" \/>\n<meta name=\"author\" content=\"Antykomunistyczni\" \/>\n<meta name=\"twitter:card\" content=\"summary_large_image\" \/>\n<meta name=\"twitter:creator\" content=\"@anty_komunisci\" \/>\n<meta name=\"twitter:site\" content=\"@anty_komunisci\" \/>\n<meta name=\"twitter:label1\" content=\"Napisane przez\" \/>\n\t<meta name=\"twitter:data1\" content=\"Antykomunistyczni\" \/>\n\t<meta name=\"twitter:label2\" content=\"Szacowany czas czytania\" \/>\n\t<meta name=\"twitter:data2\" content=\"4 minuty\" \/>\n<script type=\"application\/ld+json\" class=\"yoast-schema-graph\">{\"@context\":\"https:\\\/\\\/schema.org\",\"@graph\":[{\"@type\":\"Article\",\"@id\":\"https:\\\/\\\/antykomunistyczni.pl\\\/index.php\\\/archipelag-klamstwa-wiezienia-polityczne-i-procesy-pokazowe-jako-fundament-systemu-komunistycznego\\\/#article\",\"isPartOf\":{\"@id\":\"https:\\\/\\\/antykomunistyczni.pl\\\/index.php\\\/archipelag-klamstwa-wiezienia-polityczne-i-procesy-pokazowe-jako-fundament-systemu-komunistycznego\\\/\"},\"author\":{\"name\":\"Antykomunistyczni\",\"@id\":\"https:\\\/\\\/antykomunistyczni.pl\\\/#\\\/schema\\\/person\\\/4963e693e8006b94062d91d1295d02a0\"},\"headline\":\"Archipelag K\u0142amstwa: Wi\u0119zienia polityczne i procesy pokazowe jako fundament systemu komunistycznego\",\"datePublished\":\"2026-03-02T16:01:35+00:00\",\"dateModified\":\"2026-03-02T18:12:48+00:00\",\"mainEntityOfPage\":{\"@id\":\"https:\\\/\\\/antykomunistyczni.pl\\\/index.php\\\/archipelag-klamstwa-wiezienia-polityczne-i-procesy-pokazowe-jako-fundament-systemu-komunistycznego\\\/\"},\"wordCount\":524,\"publisher\":{\"@id\":\"https:\\\/\\\/antykomunistyczni.pl\\\/#organization\"},\"image\":{\"@id\":\"https:\\\/\\\/antykomunistyczni.pl\\\/index.php\\\/archipelag-klamstwa-wiezienia-polityczne-i-procesy-pokazowe-jako-fundament-systemu-komunistycznego\\\/#primaryimage\"},\"thumbnailUrl\":\"https:\\\/\\\/antykomunistyczni.pl\\\/wp-content\\\/uploads\\\/2026\\\/03\\\/ProcesyStalinowskie.jpg\",\"articleSection\":[\"Komuni\u015bci\",\"Komunistyczne zbrodnie w Polsce\",\"Stalinizm w Polsce\"],\"inLanguage\":\"pl-PL\"},{\"@type\":\"WebPage\",\"@id\":\"https:\\\/\\\/antykomunistyczni.pl\\\/index.php\\\/archipelag-klamstwa-wiezienia-polityczne-i-procesy-pokazowe-jako-fundament-systemu-komunistycznego\\\/\",\"url\":\"https:\\\/\\\/antykomunistyczni.pl\\\/index.php\\\/archipelag-klamstwa-wiezienia-polityczne-i-procesy-pokazowe-jako-fundament-systemu-komunistycznego\\\/\",\"name\":\"Archipelag K\u0142amstwa: Wi\u0119zienia polityczne i procesy pokazowe jako fundament systemu komunistycznego - Antykomunistyczni.pl\",\"isPartOf\":{\"@id\":\"https:\\\/\\\/antykomunistyczni.pl\\\/#website\"},\"primaryImageOfPage\":{\"@id\":\"https:\\\/\\\/antykomunistyczni.pl\\\/index.php\\\/archipelag-klamstwa-wiezienia-polityczne-i-procesy-pokazowe-jako-fundament-systemu-komunistycznego\\\/#primaryimage\"},\"image\":{\"@id\":\"https:\\\/\\\/antykomunistyczni.pl\\\/index.php\\\/archipelag-klamstwa-wiezienia-polityczne-i-procesy-pokazowe-jako-fundament-systemu-komunistycznego\\\/#primaryimage\"},\"thumbnailUrl\":\"https:\\\/\\\/antykomunistyczni.pl\\\/wp-content\\\/uploads\\\/2026\\\/03\\\/ProcesyStalinowskie.jpg\",\"datePublished\":\"2026-03-02T16:01:35+00:00\",\"dateModified\":\"2026-03-02T18:12:48+00:00\",\"breadcrumb\":{\"@id\":\"https:\\\/\\\/antykomunistyczni.pl\\\/index.php\\\/archipelag-klamstwa-wiezienia-polityczne-i-procesy-pokazowe-jako-fundament-systemu-komunistycznego\\\/#breadcrumb\"},\"inLanguage\":\"pl-PL\",\"potentialAction\":[{\"@type\":\"ReadAction\",\"target\":[\"https:\\\/\\\/antykomunistyczni.pl\\\/index.php\\\/archipelag-klamstwa-wiezienia-polityczne-i-procesy-pokazowe-jako-fundament-systemu-komunistycznego\\\/\"]}]},{\"@type\":\"ImageObject\",\"inLanguage\":\"pl-PL\",\"@id\":\"https:\\\/\\\/antykomunistyczni.pl\\\/index.php\\\/archipelag-klamstwa-wiezienia-polityczne-i-procesy-pokazowe-jako-fundament-systemu-komunistycznego\\\/#primaryimage\",\"url\":\"https:\\\/\\\/antykomunistyczni.pl\\\/wp-content\\\/uploads\\\/2026\\\/03\\\/ProcesyStalinowskie.jpg\",\"contentUrl\":\"https:\\\/\\\/antykomunistyczni.pl\\\/wp-content\\\/uploads\\\/2026\\\/03\\\/ProcesyStalinowskie.jpg\",\"width\":600,\"height\":383},{\"@type\":\"BreadcrumbList\",\"@id\":\"https:\\\/\\\/antykomunistyczni.pl\\\/index.php\\\/archipelag-klamstwa-wiezienia-polityczne-i-procesy-pokazowe-jako-fundament-systemu-komunistycznego\\\/#breadcrumb\",\"itemListElement\":[{\"@type\":\"ListItem\",\"position\":1,\"name\":\"Strona g\u0142\u00f3wna\",\"item\":\"https:\\\/\\\/antykomunistyczni.pl\\\/\"},{\"@type\":\"ListItem\",\"position\":2,\"name\":\"Archipelag K\u0142amstwa: Wi\u0119zienia polityczne i procesy pokazowe jako fundament systemu komunistycznego\"}]},{\"@type\":\"WebSite\",\"@id\":\"https:\\\/\\\/antykomunistyczni.pl\\\/#website\",\"url\":\"https:\\\/\\\/antykomunistyczni.pl\\\/\",\"name\":\"Antykomunistyczni.pl\",\"description\":\"\",\"publisher\":{\"@id\":\"https:\\\/\\\/antykomunistyczni.pl\\\/#organization\"},\"alternateName\":\"Historia PRL, zbrodnie komunistyczne w Polsce i na \u015bwiecie\",\"potentialAction\":[{\"@type\":\"SearchAction\",\"target\":{\"@type\":\"EntryPoint\",\"urlTemplate\":\"https:\\\/\\\/antykomunistyczni.pl\\\/?s={search_term_string}\"},\"query-input\":{\"@type\":\"PropertyValueSpecification\",\"valueRequired\":true,\"valueName\":\"search_term_string\"}}],\"inLanguage\":\"pl-PL\"},{\"@type\":\"Organization\",\"@id\":\"https:\\\/\\\/antykomunistyczni.pl\\\/#organization\",\"name\":\"Antykomunistyczni.pl\",\"url\":\"https:\\\/\\\/antykomunistyczni.pl\\\/\",\"logo\":{\"@type\":\"ImageObject\",\"inLanguage\":\"pl-PL\",\"@id\":\"https:\\\/\\\/antykomunistyczni.pl\\\/#\\\/schema\\\/logo\\\/image\\\/\",\"url\":\"https:\\\/\\\/antykomunistyczni.pl\\\/wp-content\\\/uploads\\\/2026\\\/02\\\/cropped-AntykomunistyczniLogoSquare150x150-2.png\",\"contentUrl\":\"https:\\\/\\\/antykomunistyczni.pl\\\/wp-content\\\/uploads\\\/2026\\\/02\\\/cropped-AntykomunistyczniLogoSquare150x150-2.png\",\"width\":150,\"height\":150,\"caption\":\"Antykomunistyczni.pl\"},\"image\":{\"@id\":\"https:\\\/\\\/antykomunistyczni.pl\\\/#\\\/schema\\\/logo\\\/image\\\/\"},\"sameAs\":[\"https:\\\/\\\/www.facebook.com\\\/antykomunistyczni\\\/\",\"https:\\\/\\\/x.com\\\/anty_komunisci\"]},{\"@type\":\"Person\",\"@id\":\"https:\\\/\\\/antykomunistyczni.pl\\\/#\\\/schema\\\/person\\\/4963e693e8006b94062d91d1295d02a0\",\"name\":\"Antykomunistyczni\",\"image\":{\"@type\":\"ImageObject\",\"inLanguage\":\"pl-PL\",\"@id\":\"https:\\\/\\\/secure.gravatar.com\\\/avatar\\\/ff172875f9ced7887f883245268c1ba638c26cf1e0530f7f61b4705963a6730b?s=96&d=mm&r=g\",\"url\":\"https:\\\/\\\/secure.gravatar.com\\\/avatar\\\/ff172875f9ced7887f883245268c1ba638c26cf1e0530f7f61b4705963a6730b?s=96&d=mm&r=g\",\"contentUrl\":\"https:\\\/\\\/secure.gravatar.com\\\/avatar\\\/ff172875f9ced7887f883245268c1ba638c26cf1e0530f7f61b4705963a6730b?s=96&d=mm&r=g\",\"caption\":\"Antykomunistyczni\"},\"sameAs\":[\"http:\\\/\\\/antykomunistyczni.pl\"],\"url\":\"https:\\\/\\\/antykomunistyczni.pl\\\/index.php\\\/author\\\/admin0\\\/\"}]}<\/script>\n<!-- \/ Yoast SEO plugin. -->","yoast_head_json":{"title":"Archipelag K\u0142amstwa: Wi\u0119zienia polityczne i procesy pokazowe jako fundament systemu komunistycznego - Antykomunistyczni.pl","robots":{"index":"index","follow":"follow","max-snippet":"max-snippet:-1","max-image-preview":"max-image-preview:large","max-video-preview":"max-video-preview:-1"},"canonical":"https:\/\/antykomunistyczni.pl\/index.php\/archipelag-klamstwa-wiezienia-polityczne-i-procesy-pokazowe-jako-fundament-systemu-komunistycznego\/","og_locale":"pl_PL","og_type":"article","og_title":"Archipelag K\u0142amstwa: Wi\u0119zienia polityczne i procesy pokazowe jako fundament systemu komunistycznego - Antykomunistyczni.pl","og_description":"\u201eDajcie mi cz\u0142owieka, a paragraf si\u0119 znajdzie\u201d \u2013 to ponure has\u0142o Andrieja Wyszy\u0144skiego, g\u0142\u00f3wnego oskar\u017cyciela w procesach moskiewskich, sta\u0142o si\u0119 niepisan\u0105 konstytucj\u0105 ka\u017cdego pa\u0144stwa, nad kt\u00f3rym za\u0142opota\u0142 czerwony sztandar. Komunizm, nie posiadaj\u0105c legitymacji demokratycznej, musia\u0142 oprze\u0107 swoje trwanie na dw\u00f3ch filarach: strachu i k\u0142amstwie. Ich najpe\u0142niejszym uciele\u015bnieniem by\u0142y wi\u0119zienia polityczne i procesy pokazowe. Teatr sprawiedliwo\u015bci: [&hellip;]","og_url":"https:\/\/antykomunistyczni.pl\/index.php\/archipelag-klamstwa-wiezienia-polityczne-i-procesy-pokazowe-jako-fundament-systemu-komunistycznego\/","og_site_name":"Antykomunistyczni.pl","article_publisher":"https:\/\/www.facebook.com\/antykomunistyczni\/","article_published_time":"2026-03-02T16:01:35+00:00","article_modified_time":"2026-03-02T18:12:48+00:00","og_image":[{"width":600,"height":383,"url":"https:\/\/antykomunistyczni.pl\/wp-content\/uploads\/2026\/03\/ProcesyStalinowskie.jpg","type":"image\/jpeg"}],"author":"Antykomunistyczni","twitter_card":"summary_large_image","twitter_creator":"@anty_komunisci","twitter_site":"@anty_komunisci","twitter_misc":{"Napisane przez":"Antykomunistyczni","Szacowany czas czytania":"4 minuty"},"schema":{"@context":"https:\/\/schema.org","@graph":[{"@type":"Article","@id":"https:\/\/antykomunistyczni.pl\/index.php\/archipelag-klamstwa-wiezienia-polityczne-i-procesy-pokazowe-jako-fundament-systemu-komunistycznego\/#article","isPartOf":{"@id":"https:\/\/antykomunistyczni.pl\/index.php\/archipelag-klamstwa-wiezienia-polityczne-i-procesy-pokazowe-jako-fundament-systemu-komunistycznego\/"},"author":{"name":"Antykomunistyczni","@id":"https:\/\/antykomunistyczni.pl\/#\/schema\/person\/4963e693e8006b94062d91d1295d02a0"},"headline":"Archipelag K\u0142amstwa: Wi\u0119zienia polityczne i procesy pokazowe jako fundament systemu komunistycznego","datePublished":"2026-03-02T16:01:35+00:00","dateModified":"2026-03-02T18:12:48+00:00","mainEntityOfPage":{"@id":"https:\/\/antykomunistyczni.pl\/index.php\/archipelag-klamstwa-wiezienia-polityczne-i-procesy-pokazowe-jako-fundament-systemu-komunistycznego\/"},"wordCount":524,"publisher":{"@id":"https:\/\/antykomunistyczni.pl\/#organization"},"image":{"@id":"https:\/\/antykomunistyczni.pl\/index.php\/archipelag-klamstwa-wiezienia-polityczne-i-procesy-pokazowe-jako-fundament-systemu-komunistycznego\/#primaryimage"},"thumbnailUrl":"https:\/\/antykomunistyczni.pl\/wp-content\/uploads\/2026\/03\/ProcesyStalinowskie.jpg","articleSection":["Komuni\u015bci","Komunistyczne zbrodnie w Polsce","Stalinizm w Polsce"],"inLanguage":"pl-PL"},{"@type":"WebPage","@id":"https:\/\/antykomunistyczni.pl\/index.php\/archipelag-klamstwa-wiezienia-polityczne-i-procesy-pokazowe-jako-fundament-systemu-komunistycznego\/","url":"https:\/\/antykomunistyczni.pl\/index.php\/archipelag-klamstwa-wiezienia-polityczne-i-procesy-pokazowe-jako-fundament-systemu-komunistycznego\/","name":"Archipelag K\u0142amstwa: Wi\u0119zienia polityczne i procesy pokazowe jako fundament systemu komunistycznego - Antykomunistyczni.pl","isPartOf":{"@id":"https:\/\/antykomunistyczni.pl\/#website"},"primaryImageOfPage":{"@id":"https:\/\/antykomunistyczni.pl\/index.php\/archipelag-klamstwa-wiezienia-polityczne-i-procesy-pokazowe-jako-fundament-systemu-komunistycznego\/#primaryimage"},"image":{"@id":"https:\/\/antykomunistyczni.pl\/index.php\/archipelag-klamstwa-wiezienia-polityczne-i-procesy-pokazowe-jako-fundament-systemu-komunistycznego\/#primaryimage"},"thumbnailUrl":"https:\/\/antykomunistyczni.pl\/wp-content\/uploads\/2026\/03\/ProcesyStalinowskie.jpg","datePublished":"2026-03-02T16:01:35+00:00","dateModified":"2026-03-02T18:12:48+00:00","breadcrumb":{"@id":"https:\/\/antykomunistyczni.pl\/index.php\/archipelag-klamstwa-wiezienia-polityczne-i-procesy-pokazowe-jako-fundament-systemu-komunistycznego\/#breadcrumb"},"inLanguage":"pl-PL","potentialAction":[{"@type":"ReadAction","target":["https:\/\/antykomunistyczni.pl\/index.php\/archipelag-klamstwa-wiezienia-polityczne-i-procesy-pokazowe-jako-fundament-systemu-komunistycznego\/"]}]},{"@type":"ImageObject","inLanguage":"pl-PL","@id":"https:\/\/antykomunistyczni.pl\/index.php\/archipelag-klamstwa-wiezienia-polityczne-i-procesy-pokazowe-jako-fundament-systemu-komunistycznego\/#primaryimage","url":"https:\/\/antykomunistyczni.pl\/wp-content\/uploads\/2026\/03\/ProcesyStalinowskie.jpg","contentUrl":"https:\/\/antykomunistyczni.pl\/wp-content\/uploads\/2026\/03\/ProcesyStalinowskie.jpg","width":600,"height":383},{"@type":"BreadcrumbList","@id":"https:\/\/antykomunistyczni.pl\/index.php\/archipelag-klamstwa-wiezienia-polityczne-i-procesy-pokazowe-jako-fundament-systemu-komunistycznego\/#breadcrumb","itemListElement":[{"@type":"ListItem","position":1,"name":"Strona g\u0142\u00f3wna","item":"https:\/\/antykomunistyczni.pl\/"},{"@type":"ListItem","position":2,"name":"Archipelag K\u0142amstwa: Wi\u0119zienia polityczne i procesy pokazowe jako fundament systemu komunistycznego"}]},{"@type":"WebSite","@id":"https:\/\/antykomunistyczni.pl\/#website","url":"https:\/\/antykomunistyczni.pl\/","name":"Antykomunistyczni.pl","description":"","publisher":{"@id":"https:\/\/antykomunistyczni.pl\/#organization"},"alternateName":"Historia PRL, zbrodnie komunistyczne w Polsce i na \u015bwiecie","potentialAction":[{"@type":"SearchAction","target":{"@type":"EntryPoint","urlTemplate":"https:\/\/antykomunistyczni.pl\/?s={search_term_string}"},"query-input":{"@type":"PropertyValueSpecification","valueRequired":true,"valueName":"search_term_string"}}],"inLanguage":"pl-PL"},{"@type":"Organization","@id":"https:\/\/antykomunistyczni.pl\/#organization","name":"Antykomunistyczni.pl","url":"https:\/\/antykomunistyczni.pl\/","logo":{"@type":"ImageObject","inLanguage":"pl-PL","@id":"https:\/\/antykomunistyczni.pl\/#\/schema\/logo\/image\/","url":"https:\/\/antykomunistyczni.pl\/wp-content\/uploads\/2026\/02\/cropped-AntykomunistyczniLogoSquare150x150-2.png","contentUrl":"https:\/\/antykomunistyczni.pl\/wp-content\/uploads\/2026\/02\/cropped-AntykomunistyczniLogoSquare150x150-2.png","width":150,"height":150,"caption":"Antykomunistyczni.pl"},"image":{"@id":"https:\/\/antykomunistyczni.pl\/#\/schema\/logo\/image\/"},"sameAs":["https:\/\/www.facebook.com\/antykomunistyczni\/","https:\/\/x.com\/anty_komunisci"]},{"@type":"Person","@id":"https:\/\/antykomunistyczni.pl\/#\/schema\/person\/4963e693e8006b94062d91d1295d02a0","name":"Antykomunistyczni","image":{"@type":"ImageObject","inLanguage":"pl-PL","@id":"https:\/\/secure.gravatar.com\/avatar\/ff172875f9ced7887f883245268c1ba638c26cf1e0530f7f61b4705963a6730b?s=96&d=mm&r=g","url":"https:\/\/secure.gravatar.com\/avatar\/ff172875f9ced7887f883245268c1ba638c26cf1e0530f7f61b4705963a6730b?s=96&d=mm&r=g","contentUrl":"https:\/\/secure.gravatar.com\/avatar\/ff172875f9ced7887f883245268c1ba638c26cf1e0530f7f61b4705963a6730b?s=96&d=mm&r=g","caption":"Antykomunistyczni"},"sameAs":["http:\/\/antykomunistyczni.pl"],"url":"https:\/\/antykomunistyczni.pl\/index.php\/author\/admin0\/"}]}},"_links":{"self":[{"href":"https:\/\/antykomunistyczni.pl\/index.php\/wp-json\/wp\/v2\/posts\/630","targetHints":{"allow":["GET"]}}],"collection":[{"href":"https:\/\/antykomunistyczni.pl\/index.php\/wp-json\/wp\/v2\/posts"}],"about":[{"href":"https:\/\/antykomunistyczni.pl\/index.php\/wp-json\/wp\/v2\/types\/post"}],"author":[{"embeddable":true,"href":"https:\/\/antykomunistyczni.pl\/index.php\/wp-json\/wp\/v2\/users\/1"}],"replies":[{"embeddable":true,"href":"https:\/\/antykomunistyczni.pl\/index.php\/wp-json\/wp\/v2\/comments?post=630"}],"version-history":[{"count":14,"href":"https:\/\/antykomunistyczni.pl\/index.php\/wp-json\/wp\/v2\/posts\/630\/revisions"}],"predecessor-version":[{"id":678,"href":"https:\/\/antykomunistyczni.pl\/index.php\/wp-json\/wp\/v2\/posts\/630\/revisions\/678"}],"wp:featuredmedia":[{"embeddable":true,"href":"https:\/\/antykomunistyczni.pl\/index.php\/wp-json\/wp\/v2\/media\/639"}],"wp:attachment":[{"href":"https:\/\/antykomunistyczni.pl\/index.php\/wp-json\/wp\/v2\/media?parent=630"}],"wp:term":[{"taxonomy":"category","embeddable":true,"href":"https:\/\/antykomunistyczni.pl\/index.php\/wp-json\/wp\/v2\/categories?post=630"},{"taxonomy":"post_tag","embeddable":true,"href":"https:\/\/antykomunistyczni.pl\/index.php\/wp-json\/wp\/v2\/tags?post=630"}],"curies":[{"name":"wp","href":"https:\/\/api.w.org\/{rel}","templated":true}]}}