{"id":646,"date":"2026-03-02T17:25:04","date_gmt":"2026-03-02T16:25:04","guid":{"rendered":"https:\/\/antykomunistyczni.pl\/?p=646"},"modified":"2026-03-02T19:12:48","modified_gmt":"2026-03-02T18:12:48","slug":"terror-stalinowski-w-zwiazku-radzieckim","status":"publish","type":"post","link":"https:\/\/antykomunistyczni.pl\/index.php\/terror-stalinowski-w-zwiazku-radzieckim\/","title":{"rendered":"Terror stalinowski w Zwi\u0105zku Radzieckim"},"content":{"rendered":"\t\t<div data-elementor-type=\"wp-post\" data-elementor-id=\"646\" class=\"elementor elementor-646\">\n\t\t\t\t<div class=\"elementor-element elementor-element-bd3d5e0 e-flex e-con-boxed e-con e-parent\" data-id=\"bd3d5e0\" data-element_type=\"container\" data-e-type=\"container\">\n\t\t\t\t\t<div class=\"e-con-inner\">\n\t\t\t\t<div class=\"elementor-element elementor-element-40e40d3 elementor-widget elementor-widget-image\" data-id=\"40e40d3\" data-element_type=\"widget\" data-e-type=\"widget\" data-widget_type=\"image.default\">\n\t\t\t\t\t\t\t\t\t\t\t\t\t\t\t<img fetchpriority=\"high\" decoding=\"async\" width=\"768\" height=\"514\" src=\"https:\/\/antykomunistyczni.pl\/wp-content\/uploads\/2026\/03\/CzystkiWZSRR-768x514.jpeg\" class=\"attachment-medium_large size-medium_large wp-image-656\" alt=\"\" srcset=\"https:\/\/antykomunistyczni.pl\/wp-content\/uploads\/2026\/03\/CzystkiWZSRR-768x514.jpeg 768w, https:\/\/antykomunistyczni.pl\/wp-content\/uploads\/2026\/03\/CzystkiWZSRR-300x201.jpeg 300w, https:\/\/antykomunistyczni.pl\/wp-content\/uploads\/2026\/03\/CzystkiWZSRR-1024x686.jpeg 1024w, https:\/\/antykomunistyczni.pl\/wp-content\/uploads\/2026\/03\/CzystkiWZSRR-1536x1029.jpeg 1536w, https:\/\/antykomunistyczni.pl\/wp-content\/uploads\/2026\/03\/CzystkiWZSRR.jpeg 1568w\" sizes=\"(max-width: 768px) 100vw, 768px\" \/>\t\t\t\t\t\t\t\t\t\t\t\t\t\t\t<\/div>\n\t\t\t\t\t<\/div>\n\t\t\t\t<\/div>\n\t\t<div class=\"elementor-element elementor-element-683772ac e-flex e-con-boxed e-con e-parent\" data-id=\"683772ac\" data-element_type=\"container\" data-e-type=\"container\">\n\t\t\t\t\t<div class=\"e-con-inner\">\n\t\t\t\t<div class=\"elementor-element elementor-element-5fa2ead elementor-widget elementor-widget-text-editor\" data-id=\"5fa2ead\" data-element_type=\"widget\" data-e-type=\"widget\" data-widget_type=\"text-editor.default\">\n\t\t\t\t\t\t\t\t\t\n<h1 class=\"wp-block-heading\"><\/h1>\n\n\n\n<h2 class=\"wp-block-heading\">Mechanizm w\u0142adzy, strachu i kontroli<\/h2>\n\n\n\n<p class=\"wp-block-paragraph\">Terror stalinowski to jeden z najbardziej brutalnych okres\u00f3w w historii XX wieku, w kt\u00f3rym system totalitarny Zwi\u0105zku Radzieckiego pos\u0142ugiwa\u0142 si\u0119 przemoc\u0105, represjami i masowymi czystkami, aby utrzyma\u0107 w\u0142adz\u0119 i podporz\u0105dkowa\u0107 spo\u0142ecze\u0144stwo ideologii komunistycznej. Ten okres przypada przede wszystkim na lata 1934\u20131939, cho\u0107 konsekwencje represji odczuwalne by\u0142y w ca\u0142ym okresie rz\u0105d\u00f3w J\u00f3zefa Stalina.<\/p>\n\n\n\n<h2 class=\"wp-block-heading\">Geneza terroru<\/h2>\n\n\n\n<p class=\"wp-block-paragraph\">Po obj\u0119ciu w\u0142adzy Stalin d\u0105\u017cy\u0142 do konsolidacji kontroli nad pa\u0144stwem i parti\u0105. Swoje cele realizowa\u0142 poprzez:<\/p>\n\n\n\n<ul class=\"wp-block-list\">\n<li>eliminacj\u0119 rzeczywistych i potencjalnych przeciwnik\u00f3w politycznych,<\/li>\n\n\n\n<li>przymusow\u0105 kolektywizacj\u0119 rolnictwa i likwidacj\u0119 niezale\u017cnych klas spo\u0142ecznych,<\/li>\n\n\n\n<li>zastraszenie spo\u0142ecze\u0144stwa w celu zapewnienia absolutnego pos\u0142usze\u0144stwa.<\/li>\n<\/ul>\n\n\n\n<p class=\"wp-block-paragraph\">Terror sta\u0142 si\u0119 narz\u0119dziem ideologicznym i administracyjnym \u2013 \u015brodkiem do wprowadzenia komunizmu \u201eodg\u00f3rnie\u201d poprzez strach.<\/p>\n\n\n\n<h2 class=\"wp-block-heading\">Skala represji<\/h2>\n\n\n\n<p class=\"wp-block-paragraph\">Represje stalinowskie przybiera\u0142y r\u00f3\u017cne formy:<\/p>\n\n\n\n<ul class=\"wp-block-list\">\n<li><strong>Masowe czystki w partii komunistycznej<\/strong> \u2013 likwidacja realnych i wyimaginowanych \u201ewrog\u00f3w ludu\u201d, m.in. w tzw. \u201eWielkiej Czystce\u201d 1936\u20131938, podczas kt\u00f3rej zgin\u0119\u0142o setki tysi\u0119cy os\u00f3b, a miliony trafi\u0142y do \u0142agr\u00f3w.<\/li>\n\n\n\n<li><strong>\u0141agry i obozy pracy przymusowej<\/strong> \u2013 system GU\u0141AG obejmowa\u0142 miliony wi\u0119\u017ani\u00f3w politycznych i zwyk\u0142ych obywateli, kt\u00f3rzy trafiali do ekstremalnie trudnych warunk\u00f3w pracy.<\/li>\n\n\n\n<li><strong>Procesy pokazowe<\/strong> \u2013 publiczne, re\u017cyserowane procesy polityczne s\u0142u\u017cy\u0142y zastraszeniu spo\u0142ecze\u0144stwa. W procesach tych skazywano zar\u00f3wno cz\u0142onk\u00f3w partii, jak i osoby prywatne oskar\u017cane o \u201eantypa\u0144stwow\u0105 dzia\u0142alno\u015b\u0107\u201d.<\/li>\n\n\n\n<li><strong>Dekulakizacja i represje wobec rolnik\u00f3w<\/strong> \u2013 miliony os\u00f3b wywieziono na Syberi\u0119 i w inne regiony ZSRR, tysi\u0105ce zgin\u0119\u0142o z powodu g\u0142odu, przymusowej pracy i warunk\u00f3w transportu.<\/li>\n<\/ul>\n\n\n\n<p class=\"wp-block-paragraph\">Szacuje si\u0119, \u017ce w ci\u0105gu ca\u0142ego okresu rz\u0105d\u00f3w Stalina ofiarami terroru politycznego, g\u0142odu, przymusowej pracy i egzekucji mog\u0142o pa\u015b\u0107 nawet <strong>20\u201330 milion\u00f3w ludzi<\/strong>.<\/p>\n\n\n\n<h2 class=\"wp-block-heading\">Mechanizmy kontroli<\/h2>\n\n\n\n<p class=\"wp-block-paragraph\">Terror stalinowski by\u0142 mo\u017cliwy dzi\u0119ki silnie rozwini\u0119temu aparatowi bezpiecze\u0144stwa:<\/p>\n\n\n\n<ul class=\"wp-block-list\">\n<li><strong>NKWD<\/strong> \u2013 ludowy komisarzat spraw wewn\u0119trznych, kt\u00f3ry nadzorowa\u0142 aresztowania, przes\u0142uchania i deportacje,<\/li>\n\n\n\n<li><strong>Cenzura i propaganda<\/strong> \u2013 kontrola prasy, literatury, radia i sztuki, by podporz\u0105dkowa\u0107 narracj\u0119 pa\u0144stwu,<\/li>\n\n\n\n<li><strong>Indoktrynacja ideologiczna<\/strong> \u2013 narzucanie socjalistycznych wzorc\u00f3w \u017cycia i karanie wszelkiej krytyki.<\/li>\n<\/ul>\n\n\n\n<p class=\"wp-block-paragraph\">Ka\u017cdy obywatel m\u00f3g\u0142 zosta\u0107 uznany za \u201ewroga ludu\u201d, co prowadzi\u0142o do wszechobecnego strachu, donosicielstwa i braku poczucia bezpiecze\u0144stwa.<\/p>\n\n\n\n<h2 class=\"wp-block-heading\">Dziedzictwo terroru<\/h2>\n\n\n\n<p class=\"wp-block-paragraph\">Terror stalinowski mia\u0142 ogromny wp\u0142yw na spo\u0142ecze\u0144stwo Zwi\u0105zku Radzieckiego:<\/p>\n\n\n\n<ul class=\"wp-block-list\">\n<li>z\u0142ama\u0142 niezale\u017cno\u015b\u0107 jednostek i rodzin,<\/li>\n\n\n\n<li>wywo\u0142a\u0142 traumy pokoleniowe,<\/li>\n\n\n\n<li>doprowadzi\u0142 do zaniku zaufania spo\u0142ecznego i instytucjonalnego.<\/li>\n<\/ul>\n\n\n\n<p class=\"wp-block-paragraph\">Historia tego okresu jest przestrog\u0105 dla wsp\u00f3\u0142czesnych spo\u0142ecze\u0144stw, pokazuj\u0105c, jak ideologia i w\u0142adza absolutna mog\u0105 prowadzi\u0107 do masowego cierpienia i dehumanizacji ludzi.<\/p>\n\n\n\n<h2 class=\"wp-block-heading\">Pami\u0119\u0107 o ofiarach<\/h2>\n\n\n\n<p class=\"wp-block-paragraph\">Upami\u0119tnianie ofiar terroru stalinowskiego pozwala zrozumie\u0107 mechanizmy totalitaryzmu, przestrog\u0119 przed absolutn\u0105 w\u0142adz\u0105 i znaczenie ochrony praw cz\u0142owieka. Zachowanie pami\u0119ci o milionach ofiar jest obowi\u0105zkiem historycznym oraz edukacyjnym dla kolejnych pokole\u0144.<\/p>\n\n\n\n<p class=\"wp-block-paragraph\"><\/p>\n\t\t\t\t\t\t\t\t<\/div>\n\t\t\t\t\t<\/div>\n\t\t\t\t<\/div>\n\t\t\t\t<\/div>\n\t\t","protected":false},"excerpt":{"rendered":"<p>Mechanizm w\u0142adzy, strachu i kontroli Terror stalinowski to jeden z najbardziej brutalnych okres\u00f3w w historii XX wieku, w kt\u00f3rym system totalitarny Zwi\u0105zku Radzieckiego pos\u0142ugiwa\u0142 si\u0119 przemoc\u0105, represjami i masowymi czystkami, aby utrzyma\u0107 w\u0142adz\u0119 i podporz\u0105dkowa\u0107 spo\u0142ecze\u0144stwo ideologii komunistycznej. Ten okres przypada przede wszystkim na lata 1934\u20131939, cho\u0107 konsekwencje represji odczuwalne by\u0142y w ca\u0142ym okresie rz\u0105d\u00f3w [&hellip;]<\/p>\n","protected":false},"author":1,"featured_media":656,"comment_status":"closed","ping_status":"closed","sticky":false,"template":"","format":"standard","meta":{"give_campaign_id":0,"footnotes":""},"categories":[28],"tags":[],"class_list":["post-646","post","type-post","status-publish","format-standard","has-post-thumbnail","hentry","category-komunistyczne-zbrodnie-na-swiecie"],"yoast_head":"<!-- This site is optimized with the Yoast SEO plugin v28.4 - https:\/\/yoast.com\/product\/yoast-seo-wordpress\/ -->\n<title>Terror stalinowski w Zwi\u0105zku Radzieckim - Antykomunistyczni.pl<\/title>\n<meta name=\"robots\" content=\"index, follow, max-snippet:-1, max-image-preview:large, max-video-preview:-1\" \/>\n<link rel=\"canonical\" href=\"https:\/\/antykomunistyczni.pl\/index.php\/terror-stalinowski-w-zwiazku-radzieckim\/\" \/>\n<meta property=\"og:locale\" content=\"pl_PL\" \/>\n<meta property=\"og:type\" content=\"article\" \/>\n<meta property=\"og:title\" content=\"Terror stalinowski w Zwi\u0105zku Radzieckim - Antykomunistyczni.pl\" \/>\n<meta property=\"og:description\" content=\"Mechanizm w\u0142adzy, strachu i kontroli Terror stalinowski to jeden z najbardziej brutalnych okres\u00f3w w historii XX wieku, w kt\u00f3rym system totalitarny Zwi\u0105zku Radzieckiego pos\u0142ugiwa\u0142 si\u0119 przemoc\u0105, represjami i masowymi czystkami, aby utrzyma\u0107 w\u0142adz\u0119 i podporz\u0105dkowa\u0107 spo\u0142ecze\u0144stwo ideologii komunistycznej. Ten okres przypada przede wszystkim na lata 1934\u20131939, cho\u0107 konsekwencje represji odczuwalne by\u0142y w ca\u0142ym okresie rz\u0105d\u00f3w [&hellip;]\" \/>\n<meta property=\"og:url\" content=\"https:\/\/antykomunistyczni.pl\/index.php\/terror-stalinowski-w-zwiazku-radzieckim\/\" \/>\n<meta property=\"og:site_name\" content=\"Antykomunistyczni.pl\" \/>\n<meta property=\"article:publisher\" content=\"https:\/\/www.facebook.com\/antykomunistyczni\/\" \/>\n<meta property=\"article:published_time\" content=\"2026-03-02T16:25:04+00:00\" \/>\n<meta property=\"article:modified_time\" content=\"2026-03-02T18:12:48+00:00\" \/>\n<meta property=\"og:image\" content=\"https:\/\/antykomunistyczni.pl\/wp-content\/uploads\/2026\/03\/CzystkiWZSRR.jpeg\" \/>\n\t<meta property=\"og:image:width\" content=\"1568\" \/>\n\t<meta property=\"og:image:height\" content=\"1050\" \/>\n\t<meta property=\"og:image:type\" content=\"image\/jpeg\" \/>\n<meta name=\"author\" content=\"Antykomunistyczni\" \/>\n<meta name=\"twitter:card\" content=\"summary_large_image\" \/>\n<meta name=\"twitter:creator\" content=\"@anty_komunisci\" \/>\n<meta name=\"twitter:site\" content=\"@anty_komunisci\" \/>\n<meta name=\"twitter:label1\" content=\"Napisane przez\" \/>\n\t<meta name=\"twitter:data1\" content=\"Antykomunistyczni\" \/>\n\t<meta name=\"twitter:label2\" content=\"Szacowany czas czytania\" \/>\n\t<meta name=\"twitter:data2\" content=\"2 minuty\" \/>\n<script type=\"application\/ld+json\" class=\"yoast-schema-graph\">{\"@context\":\"https:\\\/\\\/schema.org\",\"@graph\":[{\"@type\":\"Article\",\"@id\":\"https:\\\/\\\/antykomunistyczni.pl\\\/index.php\\\/terror-stalinowski-w-zwiazku-radzieckim\\\/#article\",\"isPartOf\":{\"@id\":\"https:\\\/\\\/antykomunistyczni.pl\\\/index.php\\\/terror-stalinowski-w-zwiazku-radzieckim\\\/\"},\"author\":{\"name\":\"Antykomunistyczni\",\"@id\":\"https:\\\/\\\/antykomunistyczni.pl\\\/#\\\/schema\\\/person\\\/4963e693e8006b94062d91d1295d02a0\"},\"headline\":\"Terror stalinowski w Zwi\u0105zku Radzieckim\",\"datePublished\":\"2026-03-02T16:25:04+00:00\",\"dateModified\":\"2026-03-02T18:12:48+00:00\",\"mainEntityOfPage\":{\"@id\":\"https:\\\/\\\/antykomunistyczni.pl\\\/index.php\\\/terror-stalinowski-w-zwiazku-radzieckim\\\/\"},\"wordCount\":485,\"publisher\":{\"@id\":\"https:\\\/\\\/antykomunistyczni.pl\\\/#organization\"},\"image\":{\"@id\":\"https:\\\/\\\/antykomunistyczni.pl\\\/index.php\\\/terror-stalinowski-w-zwiazku-radzieckim\\\/#primaryimage\"},\"thumbnailUrl\":\"https:\\\/\\\/antykomunistyczni.pl\\\/wp-content\\\/uploads\\\/2026\\\/03\\\/CzystkiWZSRR.jpeg\",\"articleSection\":[\"Komunistyczne zbrodnie na \u015bwiecie\"],\"inLanguage\":\"pl-PL\"},{\"@type\":\"WebPage\",\"@id\":\"https:\\\/\\\/antykomunistyczni.pl\\\/index.php\\\/terror-stalinowski-w-zwiazku-radzieckim\\\/\",\"url\":\"https:\\\/\\\/antykomunistyczni.pl\\\/index.php\\\/terror-stalinowski-w-zwiazku-radzieckim\\\/\",\"name\":\"Terror stalinowski w Zwi\u0105zku Radzieckim - Antykomunistyczni.pl\",\"isPartOf\":{\"@id\":\"https:\\\/\\\/antykomunistyczni.pl\\\/#website\"},\"primaryImageOfPage\":{\"@id\":\"https:\\\/\\\/antykomunistyczni.pl\\\/index.php\\\/terror-stalinowski-w-zwiazku-radzieckim\\\/#primaryimage\"},\"image\":{\"@id\":\"https:\\\/\\\/antykomunistyczni.pl\\\/index.php\\\/terror-stalinowski-w-zwiazku-radzieckim\\\/#primaryimage\"},\"thumbnailUrl\":\"https:\\\/\\\/antykomunistyczni.pl\\\/wp-content\\\/uploads\\\/2026\\\/03\\\/CzystkiWZSRR.jpeg\",\"datePublished\":\"2026-03-02T16:25:04+00:00\",\"dateModified\":\"2026-03-02T18:12:48+00:00\",\"breadcrumb\":{\"@id\":\"https:\\\/\\\/antykomunistyczni.pl\\\/index.php\\\/terror-stalinowski-w-zwiazku-radzieckim\\\/#breadcrumb\"},\"inLanguage\":\"pl-PL\",\"potentialAction\":[{\"@type\":\"ReadAction\",\"target\":[\"https:\\\/\\\/antykomunistyczni.pl\\\/index.php\\\/terror-stalinowski-w-zwiazku-radzieckim\\\/\"]}]},{\"@type\":\"ImageObject\",\"inLanguage\":\"pl-PL\",\"@id\":\"https:\\\/\\\/antykomunistyczni.pl\\\/index.php\\\/terror-stalinowski-w-zwiazku-radzieckim\\\/#primaryimage\",\"url\":\"https:\\\/\\\/antykomunistyczni.pl\\\/wp-content\\\/uploads\\\/2026\\\/03\\\/CzystkiWZSRR.jpeg\",\"contentUrl\":\"https:\\\/\\\/antykomunistyczni.pl\\\/wp-content\\\/uploads\\\/2026\\\/03\\\/CzystkiWZSRR.jpeg\",\"width\":1568,\"height\":1050},{\"@type\":\"BreadcrumbList\",\"@id\":\"https:\\\/\\\/antykomunistyczni.pl\\\/index.php\\\/terror-stalinowski-w-zwiazku-radzieckim\\\/#breadcrumb\",\"itemListElement\":[{\"@type\":\"ListItem\",\"position\":1,\"name\":\"Strona g\u0142\u00f3wna\",\"item\":\"https:\\\/\\\/antykomunistyczni.pl\\\/\"},{\"@type\":\"ListItem\",\"position\":2,\"name\":\"Terror stalinowski w Zwi\u0105zku Radzieckim\"}]},{\"@type\":\"WebSite\",\"@id\":\"https:\\\/\\\/antykomunistyczni.pl\\\/#website\",\"url\":\"https:\\\/\\\/antykomunistyczni.pl\\\/\",\"name\":\"Antykomunistyczni.pl\",\"description\":\"\",\"publisher\":{\"@id\":\"https:\\\/\\\/antykomunistyczni.pl\\\/#organization\"},\"alternateName\":\"Historia PRL, zbrodnie komunistyczne w Polsce i na \u015bwiecie\",\"potentialAction\":[{\"@type\":\"SearchAction\",\"target\":{\"@type\":\"EntryPoint\",\"urlTemplate\":\"https:\\\/\\\/antykomunistyczni.pl\\\/?s={search_term_string}\"},\"query-input\":{\"@type\":\"PropertyValueSpecification\",\"valueRequired\":true,\"valueName\":\"search_term_string\"}}],\"inLanguage\":\"pl-PL\"},{\"@type\":\"Organization\",\"@id\":\"https:\\\/\\\/antykomunistyczni.pl\\\/#organization\",\"name\":\"Antykomunistyczni.pl\",\"url\":\"https:\\\/\\\/antykomunistyczni.pl\\\/\",\"logo\":{\"@type\":\"ImageObject\",\"inLanguage\":\"pl-PL\",\"@id\":\"https:\\\/\\\/antykomunistyczni.pl\\\/#\\\/schema\\\/logo\\\/image\\\/\",\"url\":\"https:\\\/\\\/antykomunistyczni.pl\\\/wp-content\\\/uploads\\\/2026\\\/02\\\/cropped-AntykomunistyczniLogoSquare150x150-2.png\",\"contentUrl\":\"https:\\\/\\\/antykomunistyczni.pl\\\/wp-content\\\/uploads\\\/2026\\\/02\\\/cropped-AntykomunistyczniLogoSquare150x150-2.png\",\"width\":150,\"height\":150,\"caption\":\"Antykomunistyczni.pl\"},\"image\":{\"@id\":\"https:\\\/\\\/antykomunistyczni.pl\\\/#\\\/schema\\\/logo\\\/image\\\/\"},\"sameAs\":[\"https:\\\/\\\/www.facebook.com\\\/antykomunistyczni\\\/\",\"https:\\\/\\\/x.com\\\/anty_komunisci\"]},{\"@type\":\"Person\",\"@id\":\"https:\\\/\\\/antykomunistyczni.pl\\\/#\\\/schema\\\/person\\\/4963e693e8006b94062d91d1295d02a0\",\"name\":\"Antykomunistyczni\",\"image\":{\"@type\":\"ImageObject\",\"inLanguage\":\"pl-PL\",\"@id\":\"https:\\\/\\\/secure.gravatar.com\\\/avatar\\\/ff172875f9ced7887f883245268c1ba638c26cf1e0530f7f61b4705963a6730b?s=96&d=mm&r=g\",\"url\":\"https:\\\/\\\/secure.gravatar.com\\\/avatar\\\/ff172875f9ced7887f883245268c1ba638c26cf1e0530f7f61b4705963a6730b?s=96&d=mm&r=g\",\"contentUrl\":\"https:\\\/\\\/secure.gravatar.com\\\/avatar\\\/ff172875f9ced7887f883245268c1ba638c26cf1e0530f7f61b4705963a6730b?s=96&d=mm&r=g\",\"caption\":\"Antykomunistyczni\"},\"sameAs\":[\"http:\\\/\\\/antykomunistyczni.pl\"],\"url\":\"https:\\\/\\\/antykomunistyczni.pl\\\/index.php\\\/author\\\/admin0\\\/\"}]}<\/script>\n<!-- \/ Yoast SEO plugin. -->","yoast_head_json":{"title":"Terror stalinowski w Zwi\u0105zku Radzieckim - Antykomunistyczni.pl","robots":{"index":"index","follow":"follow","max-snippet":"max-snippet:-1","max-image-preview":"max-image-preview:large","max-video-preview":"max-video-preview:-1"},"canonical":"https:\/\/antykomunistyczni.pl\/index.php\/terror-stalinowski-w-zwiazku-radzieckim\/","og_locale":"pl_PL","og_type":"article","og_title":"Terror stalinowski w Zwi\u0105zku Radzieckim - Antykomunistyczni.pl","og_description":"Mechanizm w\u0142adzy, strachu i kontroli Terror stalinowski to jeden z najbardziej brutalnych okres\u00f3w w historii XX wieku, w kt\u00f3rym system totalitarny Zwi\u0105zku Radzieckiego pos\u0142ugiwa\u0142 si\u0119 przemoc\u0105, represjami i masowymi czystkami, aby utrzyma\u0107 w\u0142adz\u0119 i podporz\u0105dkowa\u0107 spo\u0142ecze\u0144stwo ideologii komunistycznej. Ten okres przypada przede wszystkim na lata 1934\u20131939, cho\u0107 konsekwencje represji odczuwalne by\u0142y w ca\u0142ym okresie rz\u0105d\u00f3w [&hellip;]","og_url":"https:\/\/antykomunistyczni.pl\/index.php\/terror-stalinowski-w-zwiazku-radzieckim\/","og_site_name":"Antykomunistyczni.pl","article_publisher":"https:\/\/www.facebook.com\/antykomunistyczni\/","article_published_time":"2026-03-02T16:25:04+00:00","article_modified_time":"2026-03-02T18:12:48+00:00","og_image":[{"width":1568,"height":1050,"url":"https:\/\/antykomunistyczni.pl\/wp-content\/uploads\/2026\/03\/CzystkiWZSRR.jpeg","type":"image\/jpeg"}],"author":"Antykomunistyczni","twitter_card":"summary_large_image","twitter_creator":"@anty_komunisci","twitter_site":"@anty_komunisci","twitter_misc":{"Napisane przez":"Antykomunistyczni","Szacowany czas czytania":"2 minuty"},"schema":{"@context":"https:\/\/schema.org","@graph":[{"@type":"Article","@id":"https:\/\/antykomunistyczni.pl\/index.php\/terror-stalinowski-w-zwiazku-radzieckim\/#article","isPartOf":{"@id":"https:\/\/antykomunistyczni.pl\/index.php\/terror-stalinowski-w-zwiazku-radzieckim\/"},"author":{"name":"Antykomunistyczni","@id":"https:\/\/antykomunistyczni.pl\/#\/schema\/person\/4963e693e8006b94062d91d1295d02a0"},"headline":"Terror stalinowski w Zwi\u0105zku Radzieckim","datePublished":"2026-03-02T16:25:04+00:00","dateModified":"2026-03-02T18:12:48+00:00","mainEntityOfPage":{"@id":"https:\/\/antykomunistyczni.pl\/index.php\/terror-stalinowski-w-zwiazku-radzieckim\/"},"wordCount":485,"publisher":{"@id":"https:\/\/antykomunistyczni.pl\/#organization"},"image":{"@id":"https:\/\/antykomunistyczni.pl\/index.php\/terror-stalinowski-w-zwiazku-radzieckim\/#primaryimage"},"thumbnailUrl":"https:\/\/antykomunistyczni.pl\/wp-content\/uploads\/2026\/03\/CzystkiWZSRR.jpeg","articleSection":["Komunistyczne zbrodnie na \u015bwiecie"],"inLanguage":"pl-PL"},{"@type":"WebPage","@id":"https:\/\/antykomunistyczni.pl\/index.php\/terror-stalinowski-w-zwiazku-radzieckim\/","url":"https:\/\/antykomunistyczni.pl\/index.php\/terror-stalinowski-w-zwiazku-radzieckim\/","name":"Terror stalinowski w Zwi\u0105zku Radzieckim - Antykomunistyczni.pl","isPartOf":{"@id":"https:\/\/antykomunistyczni.pl\/#website"},"primaryImageOfPage":{"@id":"https:\/\/antykomunistyczni.pl\/index.php\/terror-stalinowski-w-zwiazku-radzieckim\/#primaryimage"},"image":{"@id":"https:\/\/antykomunistyczni.pl\/index.php\/terror-stalinowski-w-zwiazku-radzieckim\/#primaryimage"},"thumbnailUrl":"https:\/\/antykomunistyczni.pl\/wp-content\/uploads\/2026\/03\/CzystkiWZSRR.jpeg","datePublished":"2026-03-02T16:25:04+00:00","dateModified":"2026-03-02T18:12:48+00:00","breadcrumb":{"@id":"https:\/\/antykomunistyczni.pl\/index.php\/terror-stalinowski-w-zwiazku-radzieckim\/#breadcrumb"},"inLanguage":"pl-PL","potentialAction":[{"@type":"ReadAction","target":["https:\/\/antykomunistyczni.pl\/index.php\/terror-stalinowski-w-zwiazku-radzieckim\/"]}]},{"@type":"ImageObject","inLanguage":"pl-PL","@id":"https:\/\/antykomunistyczni.pl\/index.php\/terror-stalinowski-w-zwiazku-radzieckim\/#primaryimage","url":"https:\/\/antykomunistyczni.pl\/wp-content\/uploads\/2026\/03\/CzystkiWZSRR.jpeg","contentUrl":"https:\/\/antykomunistyczni.pl\/wp-content\/uploads\/2026\/03\/CzystkiWZSRR.jpeg","width":1568,"height":1050},{"@type":"BreadcrumbList","@id":"https:\/\/antykomunistyczni.pl\/index.php\/terror-stalinowski-w-zwiazku-radzieckim\/#breadcrumb","itemListElement":[{"@type":"ListItem","position":1,"name":"Strona g\u0142\u00f3wna","item":"https:\/\/antykomunistyczni.pl\/"},{"@type":"ListItem","position":2,"name":"Terror stalinowski w Zwi\u0105zku Radzieckim"}]},{"@type":"WebSite","@id":"https:\/\/antykomunistyczni.pl\/#website","url":"https:\/\/antykomunistyczni.pl\/","name":"Antykomunistyczni.pl","description":"","publisher":{"@id":"https:\/\/antykomunistyczni.pl\/#organization"},"alternateName":"Historia PRL, zbrodnie komunistyczne w Polsce i na \u015bwiecie","potentialAction":[{"@type":"SearchAction","target":{"@type":"EntryPoint","urlTemplate":"https:\/\/antykomunistyczni.pl\/?s={search_term_string}"},"query-input":{"@type":"PropertyValueSpecification","valueRequired":true,"valueName":"search_term_string"}}],"inLanguage":"pl-PL"},{"@type":"Organization","@id":"https:\/\/antykomunistyczni.pl\/#organization","name":"Antykomunistyczni.pl","url":"https:\/\/antykomunistyczni.pl\/","logo":{"@type":"ImageObject","inLanguage":"pl-PL","@id":"https:\/\/antykomunistyczni.pl\/#\/schema\/logo\/image\/","url":"https:\/\/antykomunistyczni.pl\/wp-content\/uploads\/2026\/02\/cropped-AntykomunistyczniLogoSquare150x150-2.png","contentUrl":"https:\/\/antykomunistyczni.pl\/wp-content\/uploads\/2026\/02\/cropped-AntykomunistyczniLogoSquare150x150-2.png","width":150,"height":150,"caption":"Antykomunistyczni.pl"},"image":{"@id":"https:\/\/antykomunistyczni.pl\/#\/schema\/logo\/image\/"},"sameAs":["https:\/\/www.facebook.com\/antykomunistyczni\/","https:\/\/x.com\/anty_komunisci"]},{"@type":"Person","@id":"https:\/\/antykomunistyczni.pl\/#\/schema\/person\/4963e693e8006b94062d91d1295d02a0","name":"Antykomunistyczni","image":{"@type":"ImageObject","inLanguage":"pl-PL","@id":"https:\/\/secure.gravatar.com\/avatar\/ff172875f9ced7887f883245268c1ba638c26cf1e0530f7f61b4705963a6730b?s=96&d=mm&r=g","url":"https:\/\/secure.gravatar.com\/avatar\/ff172875f9ced7887f883245268c1ba638c26cf1e0530f7f61b4705963a6730b?s=96&d=mm&r=g","contentUrl":"https:\/\/secure.gravatar.com\/avatar\/ff172875f9ced7887f883245268c1ba638c26cf1e0530f7f61b4705963a6730b?s=96&d=mm&r=g","caption":"Antykomunistyczni"},"sameAs":["http:\/\/antykomunistyczni.pl"],"url":"https:\/\/antykomunistyczni.pl\/index.php\/author\/admin0\/"}]}},"_links":{"self":[{"href":"https:\/\/antykomunistyczni.pl\/index.php\/wp-json\/wp\/v2\/posts\/646","targetHints":{"allow":["GET"]}}],"collection":[{"href":"https:\/\/antykomunistyczni.pl\/index.php\/wp-json\/wp\/v2\/posts"}],"about":[{"href":"https:\/\/antykomunistyczni.pl\/index.php\/wp-json\/wp\/v2\/types\/post"}],"author":[{"embeddable":true,"href":"https:\/\/antykomunistyczni.pl\/index.php\/wp-json\/wp\/v2\/users\/1"}],"replies":[{"embeddable":true,"href":"https:\/\/antykomunistyczni.pl\/index.php\/wp-json\/wp\/v2\/comments?post=646"}],"version-history":[{"count":4,"href":"https:\/\/antykomunistyczni.pl\/index.php\/wp-json\/wp\/v2\/posts\/646\/revisions"}],"predecessor-version":[{"id":660,"href":"https:\/\/antykomunistyczni.pl\/index.php\/wp-json\/wp\/v2\/posts\/646\/revisions\/660"}],"wp:featuredmedia":[{"embeddable":true,"href":"https:\/\/antykomunistyczni.pl\/index.php\/wp-json\/wp\/v2\/media\/656"}],"wp:attachment":[{"href":"https:\/\/antykomunistyczni.pl\/index.php\/wp-json\/wp\/v2\/media?parent=646"}],"wp:term":[{"taxonomy":"category","embeddable":true,"href":"https:\/\/antykomunistyczni.pl\/index.php\/wp-json\/wp\/v2\/categories?post=646"},{"taxonomy":"post_tag","embeddable":true,"href":"https:\/\/antykomunistyczni.pl\/index.php\/wp-json\/wp\/v2\/tags?post=646"}],"curies":[{"name":"wp","href":"https:\/\/api.w.org\/{rel}","templated":true}]}}