{"id":679,"date":"2026-03-02T19:06:49","date_gmt":"2026-03-02T18:06:49","guid":{"rendered":"https:\/\/antykomunistyczni.pl\/?p=679"},"modified":"2026-03-02T19:12:48","modified_gmt":"2026-03-02T18:12:48","slug":"ludobojstwo-czerwonych-khmerow-w-kambodzy-zapomniana-zbrodnia-komunizmu","status":"publish","type":"post","link":"https:\/\/antykomunistyczni.pl\/index.php\/ludobojstwo-czerwonych-khmerow-w-kambodzy-zapomniana-zbrodnia-komunizmu\/","title":{"rendered":"Ludob\u00f3jstwo Czerwonych Khmer\u00f3w w Kambod\u017cy \u2014 zapomniana zbrodnia komunizmu"},"content":{"rendered":"\t\t<div data-elementor-type=\"wp-post\" data-elementor-id=\"679\" class=\"elementor elementor-679\">\n\t\t\t\t<div class=\"elementor-element elementor-element-56dcc979 e-flex e-con-boxed e-con e-parent\" data-id=\"56dcc979\" data-element_type=\"container\" data-e-type=\"container\">\n\t\t\t\t\t<div class=\"e-con-inner\">\n\t\t\t\t<div class=\"elementor-element elementor-element-3c92455d elementor-widget elementor-widget-text-editor\" data-id=\"3c92455d\" data-element_type=\"widget\" data-e-type=\"widget\" data-widget_type=\"text-editor.default\">\n\t\t\t\t\t\t\t\t\t\n<p class=\"wp-block-paragraph\"><em>\u201eAby zbudowa\u0107 raj, trzeba najpierw zniszczy\u0107 to, co istnieje\u201d<\/em>\u00a0\u2014 ta z pozoru abstrakcyjna maksyma sta\u0142a si\u0119 przera\u017caj\u0105c\u0105 rzeczywisto\u015bci\u0105 dla milion\u00f3w Kambod\u017can\u00f3w w latach 1975\u20131979. Re\u017cim Czerwonych Khmer\u00f3w, kierowany przez Pol Pota, dokona\u0142 jednego z najbardziej brutalnych ludob\u00f3jstw XX wieku \u2014 zbrodni, kt\u00f3rej skal\u0119 i okrucie\u0144stwo trudno por\u00f3wna\u0107 nawet z nazistowskimi obozami zag\u0142ady. Dla portalu\u00a0<em>antykomunistyczni.pl<\/em>\u00a0jest to kolejny dow\u00f3d, \u017ce komunizm nie przynosi wyzwolenia, lecz \u015bmier\u0107, niewol\u0119 i upadek cywilizacji.<\/p>\n<hr class=\"wp-block-separator has-alpha-channel-opacity\" \/>\n<h3 class=\"wp-block-heading\">Rewolucja jako masakra<\/h3>\n\n<p class=\"wp-block-paragraph\">Czerwoni Khmerzy obj\u0119li w\u0142adz\u0119 w Phnom Penh 17 kwietnia 1975 roku, og\u0142aszaj\u0105c pocz\u0105tek \u201eWielkiej Rewolucji Ludowej\u201d. Ich celem by\u0142o stworzenie czysto agrarnego spo\u0142ecze\u0144stwa bez klas, bez miast, bez pieni\u0105dza, bez religii, bez rodziny \u2014 bez przesz\u0142o\u015bci. W praktyce oznacza\u0142o to wymazanie ca\u0142ej wsp\u00f3\u0142czesnej cywilizacji z powierzchni Kambod\u017cy.<\/p>\n\t\t\t\t\t\t\t\t<\/div>\n\t\t\t\t\t<\/div>\n\t\t\t\t<\/div>\n\t\t<div class=\"elementor-element elementor-element-bb60aaa e-flex e-con-boxed e-con e-parent\" data-id=\"bb60aaa\" data-element_type=\"container\" data-e-type=\"container\">\n\t\t\t\t\t<div class=\"e-con-inner\">\n\t\t\t\t<div class=\"elementor-element elementor-element-a118b96 elementor-widget elementor-widget-image\" data-id=\"a118b96\" data-element_type=\"widget\" data-e-type=\"widget\" data-widget_type=\"image.default\">\n\t\t\t\t\t\t\t\t\t\t\t\t\t\t\t<img fetchpriority=\"high\" decoding=\"async\" width=\"768\" height=\"512\" src=\"https:\/\/antykomunistyczni.pl\/wp-content\/uploads\/2026\/03\/LudobojstwoPolPota-768x512.jpg\" class=\"attachment-medium_large size-medium_large wp-image-682\" alt=\"\" srcset=\"https:\/\/antykomunistyczni.pl\/wp-content\/uploads\/2026\/03\/LudobojstwoPolPota-768x512.jpg 768w, https:\/\/antykomunistyczni.pl\/wp-content\/uploads\/2026\/03\/LudobojstwoPolPota-300x200.jpg 300w, https:\/\/antykomunistyczni.pl\/wp-content\/uploads\/2026\/03\/LudobojstwoPolPota-1024x683.jpg 1024w, https:\/\/antykomunistyczni.pl\/wp-content\/uploads\/2026\/03\/LudobojstwoPolPota.jpg 1200w\" sizes=\"(max-width: 768px) 100vw, 768px\" \/>\t\t\t\t\t\t\t\t\t\t\t\t\t\t\t<\/div>\n\t\t\t\t\t<\/div>\n\t\t\t\t<\/div>\n\t\t<div class=\"elementor-element elementor-element-20b395e e-flex e-con-boxed e-con e-parent\" data-id=\"20b395e\" data-element_type=\"container\" data-e-type=\"container\">\n\t\t\t\t\t<div class=\"e-con-inner\">\n\t\t\t\t<div class=\"elementor-element elementor-element-72aea5e elementor-widget elementor-widget-text-editor\" data-id=\"72aea5e\" data-element_type=\"widget\" data-e-type=\"widget\" data-widget_type=\"text-editor.default\">\n\t\t\t\t\t\t\t\t\t\n<p class=\"wp-block-paragraph\">Ju\u017c pierwszego dnia w\u0142adzy rozkazano ewakuacj\u0119 wszystkich mieszka\u0144c\u00f3w stolicy \u2014 bez wyj\u0105tku: chorych, starc\u00f3w, matek z noworodkami. Miasta by\u0142y uznawane za \u201egnij\u0105ce centra kapitalizmu\u201d, a ich istnienie \u2014 grzechem przeciwko rewolucji. Setki tysi\u0119cy ludzi sz\u0142y pieszo w g\u0142\u0105b kraju, pod gro\u017ab\u0105 broni. Tych, kt\u00f3rzy nie nad\u0105\u017cali, rozstrzeliwano na miejscu.<\/p>\n<hr class=\"wp-block-separator has-alpha-channel-opacity\" \/>\n<h3 class=\"wp-block-heading\">System terroru i pracy przymusowej<\/h3>\n\n<p class=\"wp-block-paragraph\">Kambod\u017ca zosta\u0142a przekszta\u0142cona w gigantyczny ob\u00f3z pracy. Ca\u0142a populacja \u2014 od dzieci po starc\u00f3w \u2014 zosta\u0142a zmuszona do ci\u0119\u017ckiej pracy w polach ry\u017cowych, przy budowie kana\u0142\u00f3w irygacyjnych, w warunkach g\u0142odu, chor\u00f3b i ci\u0105g\u0142ego terroru. Ka\u017cdy m\u00f3g\u0142 zosta\u0107 oskar\u017cony o \u201emy\u015blenie bur\u017cuazyjne\u201d \u2014 noszenie okular\u00f3w, posiadanie ksi\u0105\u017cki, znajomo\u015b\u0107 j\u0119zyka obcego, czy nawet\u2026 bycie nauczycielem lub lekarzem.<\/p>\n\n<p class=\"wp-block-paragraph\">Szacuje si\u0119, \u017ce w ci\u0105gu zaledwie 4 lat re\u017cimu zgin\u0119\u0142o od\u00a0<strong>1,7 do 2,5 miliona ludzi<\/strong>\u00a0\u2014 czyli co najmniej\u00a0<strong>jedna czwarta populacji kraju<\/strong>. \u015amier\u0107 by\u0142a codzienno\u015bci\u0105: g\u0142\u00f3d, praca do wyczerpania, egzekucje, tortury, choroby, brak opieki medycznej. Ofiarami padali nie tylko \u201ewrogowie klasy\u201d, ale tak\u017ce cz\u0142onkowie samych Czerwonych Khmer\u00f3w \u2014 ofiary czystek wewn\u0119trznych.<\/p>\n<hr class=\"wp-block-separator has-alpha-channel-opacity\" \/>\n<h3 class=\"wp-block-heading\">S-21 \u2014 fabryka \u015bmierci<\/h3>\n\t\t\t\t\t\t\t\t<\/div>\n\t\t\t\t\t<\/div>\n\t\t\t\t<\/div>\n\t\t<div class=\"elementor-element elementor-element-5a5177d e-flex e-con-boxed e-con e-parent\" data-id=\"5a5177d\" data-element_type=\"container\" data-e-type=\"container\">\n\t\t\t\t\t<div class=\"e-con-inner\">\n\t\t\t\t<div class=\"elementor-element elementor-element-8228e87 elementor-widget elementor-widget-image\" data-id=\"8228e87\" data-element_type=\"widget\" data-e-type=\"widget\" data-widget_type=\"image.default\">\n\t\t\t\t\t\t\t\t\t\t\t\t\t\t\t<img decoding=\"async\" width=\"420\" height=\"291\" src=\"https:\/\/antykomunistyczni.pl\/wp-content\/uploads\/2026\/03\/OfiaryCzewonychKmerow.jpg\" class=\"attachment-full size-full wp-image-681\" alt=\"\" srcset=\"https:\/\/antykomunistyczni.pl\/wp-content\/uploads\/2026\/03\/OfiaryCzewonychKmerow.jpg 420w, https:\/\/antykomunistyczni.pl\/wp-content\/uploads\/2026\/03\/OfiaryCzewonychKmerow-300x208.jpg 300w\" sizes=\"(max-width: 420px) 100vw, 420px\" \/>\t\t\t\t\t\t\t\t\t\t\t\t\t\t\t<\/div>\n\t\t\t\t\t<\/div>\n\t\t\t\t<\/div>\n\t\t<div class=\"elementor-element elementor-element-478fd40 e-flex e-con-boxed e-con e-parent\" data-id=\"478fd40\" data-element_type=\"container\" data-e-type=\"container\">\n\t\t\t\t\t<div class=\"e-con-inner\">\n\t\t\t\t<div class=\"elementor-element elementor-element-2942ab9 elementor-widget elementor-widget-text-editor\" data-id=\"2942ab9\" data-element_type=\"widget\" data-e-type=\"widget\" data-widget_type=\"text-editor.default\">\n\t\t\t\t\t\t\t\t\t\n<p class=\"wp-block-paragraph\">Najbardziej symbolicznym miejscem zbrodni jest wi\u0119zienie\u00a0<strong>S-21 (Tuol Sleng)<\/strong>\u00a0w Phnom Penh \u2014 dawna szko\u0142a, przekszta\u0142cona w obozowy centr um\u0119 tortur i egzekucji. Wi\u0119kszo\u015b\u0107 wi\u0119\u017ani\u00f3w by\u0142a tu przetrzymywana kilka tygodni, torturowana, zmuszana do sk\u0142adania fa\u0142szywych zezna\u0144, a nast\u0119pnie zabijana w pobliskim polu \u015bmierci \u2014\u00a0<strong>Choeung Ek<\/strong>. Z ponad 20 tysi\u0119cy wi\u0119\u017ani\u00f3w S-21 prze\u017cy\u0142o zaledwie kilkunastu.<\/p>\n\n<p class=\"wp-block-paragraph\">Dokumentacja tego miejsca \u2014 zdj\u0119cia ofiar, zeznania oprawc\u00f3w, dzienniki s\u0142u\u017cb bezpiecze\u0144stwa \u2014 stanowi dzi\u015b najbardziej poruszaj\u0105ce \u015bwiadectwo zbrodni komunistycznej ideologii w praktyce.<\/p>\n<hr class=\"wp-block-separator has-alpha-channel-opacity\" \/>\n<h3 class=\"wp-block-heading\">Komunizm jako religia \u015bmierci<\/h3>\n\n<p class=\"wp-block-paragraph\">Czerwoni Khmerzy nie byli przypadkiem. Byli fanatycznymi uczniami marksizmu-leninizmu, wzorowanymi na Mao i Stalinie, ale id\u0105cymi jeszcze dalej. Ich ideologia opiera\u0142a si\u0119 na absolutnym kultze przyw\u00f3dcy (Pol Pot), totalitarnej kontroli, niszczeniu wszelkich form indywidualizmu i tradycji, a tak\u017ce na przekonaniu, \u017ce \u201eczysto\u015b\u0107 rewolucji\u201d wymaga fizycznego unicestwienia wszystkich \u201eelement\u00f3w ska\u017conych\u201d.<\/p>\n\n<p class=\"wp-block-paragraph\">Nie by\u0142o tu miejsca na lito\u015b\u0107, mi\u0142o\u015b\u0107, rodzin\u0119, wiara by\u0142a karana \u015bmierci\u0105. Dzieci by\u0142y zabierane rodzicom i wychowywane jako \u201ema\u0142e rewolucjonistki\u201d, gotowe donosi\u0107 nawet na w\u0142asne matki. To by\u0142 komunizm w jego najczystszej, najbardziej radykalnej postaci \u2014 system, kt\u00f3ry nie chcia\u0142 reformowa\u0107 \u015bwiata, lecz go ca\u0142kowicie zniszczy\u0107, by na jego gruzach wznie\u015b\u0107 \u201enowego cz\u0142owieka\u201d.<\/p>\n<hr class=\"wp-block-separator has-alpha-channel-opacity\" \/>\n<h3 class=\"wp-block-heading\">Milczenie Zachodu i amnezja historyczna<\/h3>\n\n<p class=\"wp-block-paragraph\">Przez lata zachodnie media i elity intelektualne ignorowa\u0142y albo bagatelizowa\u0142y zbrodnie Czerwonych Khmer\u00f3w. Niekt\u00f3rzy lewicowi intelektuali\u015bci (jak Noam Chomsky) pocz\u0105tkowo w\u0105tpili w raporty o ludob\u00f3jstwie, oskar\u017caj\u0105c je o \u201epropagand\u0119 antykomunistyczn\u0105\u201d. Dopiero interwencja Wietnamu w 1979 roku \u2014 cho\u0107 motywowana geopolitycznie \u2014 po\u0142o\u017cy\u0142a kres re\u017cimowi i ujawni\u0142a \u015bwiatu ca\u0142\u0105 prawd\u0119.<\/p>\n\n<p class=\"wp-block-paragraph\">Dzi\u015b, gdy komunizm pr\u00f3buje wraca\u0107 w nowych, \u201emi\u0119kkich\u201d opakowaniach, warto pami\u0119ta\u0107 o Kambod\u017cy. O tym, \u017ce za ka\u017cdym has\u0142em o r\u00f3wno\u015bci i sprawiedliwo\u015bci mo\u017ce kry\u0107 si\u0119 top\u00f3r oprawcy. \u017be ka\u017cdy system, kt\u00f3ry deklaruje posiadanie monopolu na prawd\u0119 i moralno\u015b\u0107, ko\u0144czy si\u0119 krwi\u0105.<\/p>\n<hr class=\"wp-block-separator has-alpha-channel-opacity\" \/>\n<h3 class=\"wp-block-heading\">Pami\u0119\u0107 jako bro\u0144<\/h3>\n\n<p class=\"wp-block-paragraph\">Na terenie by\u0142ego obozu \u015bmierci Choeung Ek ro\u015bnie dzi\u015b \u201eStupa Czaszek\u201d \u2014 pomnik upami\u0119tniaj\u0105cy ofiary. Wewn\u0105trz znajduj\u0105 si\u0119 tysi\u0105ce czaszek \u2014 milcz\u0105cy protest przeciwko ideologiom, kt\u00f3re ludzi redukuj\u0105 do materia\u0142u historycznego.<\/p>\n\n<p class=\"wp-block-paragraph\">Dla nas, antykomunist\u00f3w, Kambod\u017ca to nie tylko straszliwa historia. To ostrze\u017cenie. To dow\u00f3d, \u017ce komunizm nigdy nie by\u0142 i nigdy nie b\u0119dzie ideologi\u0105 wyzwolenia \u2014 jest ideologi\u0105 niewoli i \u015bmierci. Naszym obowi\u0105zkiem jest m\u00f3wi\u0107 o tych zbrodniach, uczy\u0107 o nich m\u0142odych pokole\u0144, nie pozwala\u0107, by zosta\u0142y sp\u0142ukane w nurcie \u201epostprawdy\u201d czy \u201ehistorycznego relatywizmu\u201d.<\/p>\n\n<p class=\"wp-block-paragraph\">Bo jak powiedzia\u0142 prze\u017cyty wi\u0119zie\u0144 S-21:<br \/><em>\u201eOni zabili moj\u0105 rodzin\u0119, moich przyjaci\u00f3\u0142, moje dzieci. Ale nie zabili pami\u0119ci. A pami\u0119\u0107 jest moj\u0105 broni\u0105.\u201d<\/em><\/p>\n\n<p class=\"wp-block-paragraph\">\u2014<\/p>\n\n<p class=\"wp-block-paragraph\"><strong>Pami\u0119tajmy o Kambod\u017cy. Bo gdy zapomnimy \u2014 mog\u0105 spr\u00f3bowa\u0107 zn\u00f3w.<\/strong><\/p>\n\n<p class=\"wp-block-paragraph\"><em>Redakcja antykomunistyczni.pl<\/em><\/p>\n\n<p class=\"wp-block-paragraph\">\u00a0<\/p>\n\t\t\t\t\t\t\t\t<\/div>\n\t\t\t\t\t<\/div>\n\t\t\t\t<\/div>\n\t\t\t\t<\/div>\n\t\t","protected":false},"excerpt":{"rendered":"<p>\u201eAby zbudowa\u0107 raj, trzeba najpierw zniszczy\u0107 to, co istnieje\u201d\u00a0\u2014 ta z pozoru abstrakcyjna maksyma sta\u0142a si\u0119 przera\u017caj\u0105c\u0105 rzeczywisto\u015bci\u0105 dla milion\u00f3w Kambod\u017can\u00f3w w latach 1975\u20131979. Re\u017cim Czerwonych Khmer\u00f3w, kierowany przez Pol Pota, dokona\u0142 jednego z najbardziej brutalnych ludob\u00f3jstw XX wieku \u2014 zbrodni, kt\u00f3rej skal\u0119 i okrucie\u0144stwo trudno por\u00f3wna\u0107 nawet z nazistowskimi obozami zag\u0142ady. Dla portalu\u00a0antykomunistyczni.pl\u00a0jest to [&hellip;]<\/p>\n","protected":false},"author":1,"featured_media":682,"comment_status":"closed","ping_status":"closed","sticky":false,"template":"","format":"standard","meta":{"give_campaign_id":0,"footnotes":""},"categories":[28],"tags":[],"class_list":["post-679","post","type-post","status-publish","format-standard","has-post-thumbnail","hentry","category-komunistyczne-zbrodnie-na-swiecie"],"yoast_head":"<!-- This site is optimized with the Yoast SEO plugin v28.4 - https:\/\/yoast.com\/product\/yoast-seo-wordpress\/ -->\n<title>Ludob\u00f3jstwo Czerwonych Khmer\u00f3w w Kambod\u017cy \u2014 zapomniana zbrodnia komunizmu - Antykomunistyczni.pl<\/title>\n<meta name=\"robots\" content=\"index, follow, max-snippet:-1, max-image-preview:large, max-video-preview:-1\" \/>\n<link rel=\"canonical\" href=\"https:\/\/antykomunistyczni.pl\/index.php\/ludobojstwo-czerwonych-khmerow-w-kambodzy-zapomniana-zbrodnia-komunizmu\/\" \/>\n<meta property=\"og:locale\" content=\"pl_PL\" \/>\n<meta property=\"og:type\" content=\"article\" \/>\n<meta property=\"og:title\" content=\"Ludob\u00f3jstwo Czerwonych Khmer\u00f3w w Kambod\u017cy \u2014 zapomniana zbrodnia komunizmu - Antykomunistyczni.pl\" \/>\n<meta property=\"og:description\" content=\"\u201eAby zbudowa\u0107 raj, trzeba najpierw zniszczy\u0107 to, co istnieje\u201d\u00a0\u2014 ta z pozoru abstrakcyjna maksyma sta\u0142a si\u0119 przera\u017caj\u0105c\u0105 rzeczywisto\u015bci\u0105 dla milion\u00f3w Kambod\u017can\u00f3w w latach 1975\u20131979. Re\u017cim Czerwonych Khmer\u00f3w, kierowany przez Pol Pota, dokona\u0142 jednego z najbardziej brutalnych ludob\u00f3jstw XX wieku \u2014 zbrodni, kt\u00f3rej skal\u0119 i okrucie\u0144stwo trudno por\u00f3wna\u0107 nawet z nazistowskimi obozami zag\u0142ady. Dla portalu\u00a0antykomunistyczni.pl\u00a0jest to [&hellip;]\" \/>\n<meta property=\"og:url\" content=\"https:\/\/antykomunistyczni.pl\/index.php\/ludobojstwo-czerwonych-khmerow-w-kambodzy-zapomniana-zbrodnia-komunizmu\/\" \/>\n<meta property=\"og:site_name\" content=\"Antykomunistyczni.pl\" \/>\n<meta property=\"article:publisher\" content=\"https:\/\/www.facebook.com\/antykomunistyczni\/\" \/>\n<meta property=\"article:published_time\" content=\"2026-03-02T18:06:49+00:00\" \/>\n<meta property=\"article:modified_time\" content=\"2026-03-02T18:12:48+00:00\" \/>\n<meta property=\"og:image\" content=\"https:\/\/antykomunistyczni.pl\/wp-content\/uploads\/2026\/03\/LudobojstwoPolPota.jpg\" \/>\n\t<meta property=\"og:image:width\" content=\"1200\" \/>\n\t<meta property=\"og:image:height\" content=\"800\" \/>\n\t<meta property=\"og:image:type\" content=\"image\/jpeg\" \/>\n<meta name=\"author\" content=\"Antykomunistyczni\" \/>\n<meta name=\"twitter:card\" content=\"summary_large_image\" \/>\n<meta name=\"twitter:creator\" content=\"@anty_komunisci\" \/>\n<meta name=\"twitter:site\" content=\"@anty_komunisci\" \/>\n<meta name=\"twitter:label1\" content=\"Napisane przez\" \/>\n\t<meta name=\"twitter:data1\" content=\"Antykomunistyczni\" \/>\n\t<meta name=\"twitter:label2\" content=\"Szacowany czas czytania\" \/>\n\t<meta name=\"twitter:data2\" content=\"4 minuty\" \/>\n<script type=\"application\/ld+json\" class=\"yoast-schema-graph\">{\"@context\":\"https:\\\/\\\/schema.org\",\"@graph\":[{\"@type\":\"Article\",\"@id\":\"https:\\\/\\\/antykomunistyczni.pl\\\/index.php\\\/ludobojstwo-czerwonych-khmerow-w-kambodzy-zapomniana-zbrodnia-komunizmu\\\/#article\",\"isPartOf\":{\"@id\":\"https:\\\/\\\/antykomunistyczni.pl\\\/index.php\\\/ludobojstwo-czerwonych-khmerow-w-kambodzy-zapomniana-zbrodnia-komunizmu\\\/\"},\"author\":{\"name\":\"Antykomunistyczni\",\"@id\":\"https:\\\/\\\/antykomunistyczni.pl\\\/#\\\/schema\\\/person\\\/4963e693e8006b94062d91d1295d02a0\"},\"headline\":\"Ludob\u00f3jstwo Czerwonych Khmer\u00f3w w Kambod\u017cy \u2014 zapomniana zbrodnia komunizmu\",\"datePublished\":\"2026-03-02T18:06:49+00:00\",\"dateModified\":\"2026-03-02T18:12:48+00:00\",\"mainEntityOfPage\":{\"@id\":\"https:\\\/\\\/antykomunistyczni.pl\\\/index.php\\\/ludobojstwo-czerwonych-khmerow-w-kambodzy-zapomniana-zbrodnia-komunizmu\\\/\"},\"wordCount\":838,\"publisher\":{\"@id\":\"https:\\\/\\\/antykomunistyczni.pl\\\/#organization\"},\"image\":{\"@id\":\"https:\\\/\\\/antykomunistyczni.pl\\\/index.php\\\/ludobojstwo-czerwonych-khmerow-w-kambodzy-zapomniana-zbrodnia-komunizmu\\\/#primaryimage\"},\"thumbnailUrl\":\"https:\\\/\\\/antykomunistyczni.pl\\\/wp-content\\\/uploads\\\/2026\\\/03\\\/LudobojstwoPolPota.jpg\",\"articleSection\":[\"Komunistyczne zbrodnie na \u015bwiecie\"],\"inLanguage\":\"pl-PL\"},{\"@type\":\"WebPage\",\"@id\":\"https:\\\/\\\/antykomunistyczni.pl\\\/index.php\\\/ludobojstwo-czerwonych-khmerow-w-kambodzy-zapomniana-zbrodnia-komunizmu\\\/\",\"url\":\"https:\\\/\\\/antykomunistyczni.pl\\\/index.php\\\/ludobojstwo-czerwonych-khmerow-w-kambodzy-zapomniana-zbrodnia-komunizmu\\\/\",\"name\":\"Ludob\u00f3jstwo Czerwonych Khmer\u00f3w w Kambod\u017cy \u2014 zapomniana zbrodnia komunizmu - Antykomunistyczni.pl\",\"isPartOf\":{\"@id\":\"https:\\\/\\\/antykomunistyczni.pl\\\/#website\"},\"primaryImageOfPage\":{\"@id\":\"https:\\\/\\\/antykomunistyczni.pl\\\/index.php\\\/ludobojstwo-czerwonych-khmerow-w-kambodzy-zapomniana-zbrodnia-komunizmu\\\/#primaryimage\"},\"image\":{\"@id\":\"https:\\\/\\\/antykomunistyczni.pl\\\/index.php\\\/ludobojstwo-czerwonych-khmerow-w-kambodzy-zapomniana-zbrodnia-komunizmu\\\/#primaryimage\"},\"thumbnailUrl\":\"https:\\\/\\\/antykomunistyczni.pl\\\/wp-content\\\/uploads\\\/2026\\\/03\\\/LudobojstwoPolPota.jpg\",\"datePublished\":\"2026-03-02T18:06:49+00:00\",\"dateModified\":\"2026-03-02T18:12:48+00:00\",\"breadcrumb\":{\"@id\":\"https:\\\/\\\/antykomunistyczni.pl\\\/index.php\\\/ludobojstwo-czerwonych-khmerow-w-kambodzy-zapomniana-zbrodnia-komunizmu\\\/#breadcrumb\"},\"inLanguage\":\"pl-PL\",\"potentialAction\":[{\"@type\":\"ReadAction\",\"target\":[\"https:\\\/\\\/antykomunistyczni.pl\\\/index.php\\\/ludobojstwo-czerwonych-khmerow-w-kambodzy-zapomniana-zbrodnia-komunizmu\\\/\"]}]},{\"@type\":\"ImageObject\",\"inLanguage\":\"pl-PL\",\"@id\":\"https:\\\/\\\/antykomunistyczni.pl\\\/index.php\\\/ludobojstwo-czerwonych-khmerow-w-kambodzy-zapomniana-zbrodnia-komunizmu\\\/#primaryimage\",\"url\":\"https:\\\/\\\/antykomunistyczni.pl\\\/wp-content\\\/uploads\\\/2026\\\/03\\\/LudobojstwoPolPota.jpg\",\"contentUrl\":\"https:\\\/\\\/antykomunistyczni.pl\\\/wp-content\\\/uploads\\\/2026\\\/03\\\/LudobojstwoPolPota.jpg\",\"width\":1200,\"height\":800},{\"@type\":\"BreadcrumbList\",\"@id\":\"https:\\\/\\\/antykomunistyczni.pl\\\/index.php\\\/ludobojstwo-czerwonych-khmerow-w-kambodzy-zapomniana-zbrodnia-komunizmu\\\/#breadcrumb\",\"itemListElement\":[{\"@type\":\"ListItem\",\"position\":1,\"name\":\"Strona g\u0142\u00f3wna\",\"item\":\"https:\\\/\\\/antykomunistyczni.pl\\\/\"},{\"@type\":\"ListItem\",\"position\":2,\"name\":\"Ludob\u00f3jstwo Czerwonych Khmer\u00f3w w Kambod\u017cy \u2014 zapomniana zbrodnia komunizmu\"}]},{\"@type\":\"WebSite\",\"@id\":\"https:\\\/\\\/antykomunistyczni.pl\\\/#website\",\"url\":\"https:\\\/\\\/antykomunistyczni.pl\\\/\",\"name\":\"Antykomunistyczni.pl\",\"description\":\"\",\"publisher\":{\"@id\":\"https:\\\/\\\/antykomunistyczni.pl\\\/#organization\"},\"alternateName\":\"Historia PRL, zbrodnie komunistyczne w Polsce i na \u015bwiecie\",\"potentialAction\":[{\"@type\":\"SearchAction\",\"target\":{\"@type\":\"EntryPoint\",\"urlTemplate\":\"https:\\\/\\\/antykomunistyczni.pl\\\/?s={search_term_string}\"},\"query-input\":{\"@type\":\"PropertyValueSpecification\",\"valueRequired\":true,\"valueName\":\"search_term_string\"}}],\"inLanguage\":\"pl-PL\"},{\"@type\":\"Organization\",\"@id\":\"https:\\\/\\\/antykomunistyczni.pl\\\/#organization\",\"name\":\"Antykomunistyczni.pl\",\"url\":\"https:\\\/\\\/antykomunistyczni.pl\\\/\",\"logo\":{\"@type\":\"ImageObject\",\"inLanguage\":\"pl-PL\",\"@id\":\"https:\\\/\\\/antykomunistyczni.pl\\\/#\\\/schema\\\/logo\\\/image\\\/\",\"url\":\"https:\\\/\\\/antykomunistyczni.pl\\\/wp-content\\\/uploads\\\/2026\\\/02\\\/cropped-AntykomunistyczniLogoSquare150x150-2.png\",\"contentUrl\":\"https:\\\/\\\/antykomunistyczni.pl\\\/wp-content\\\/uploads\\\/2026\\\/02\\\/cropped-AntykomunistyczniLogoSquare150x150-2.png\",\"width\":150,\"height\":150,\"caption\":\"Antykomunistyczni.pl\"},\"image\":{\"@id\":\"https:\\\/\\\/antykomunistyczni.pl\\\/#\\\/schema\\\/logo\\\/image\\\/\"},\"sameAs\":[\"https:\\\/\\\/www.facebook.com\\\/antykomunistyczni\\\/\",\"https:\\\/\\\/x.com\\\/anty_komunisci\"]},{\"@type\":\"Person\",\"@id\":\"https:\\\/\\\/antykomunistyczni.pl\\\/#\\\/schema\\\/person\\\/4963e693e8006b94062d91d1295d02a0\",\"name\":\"Antykomunistyczni\",\"image\":{\"@type\":\"ImageObject\",\"inLanguage\":\"pl-PL\",\"@id\":\"https:\\\/\\\/secure.gravatar.com\\\/avatar\\\/ff172875f9ced7887f883245268c1ba638c26cf1e0530f7f61b4705963a6730b?s=96&d=mm&r=g\",\"url\":\"https:\\\/\\\/secure.gravatar.com\\\/avatar\\\/ff172875f9ced7887f883245268c1ba638c26cf1e0530f7f61b4705963a6730b?s=96&d=mm&r=g\",\"contentUrl\":\"https:\\\/\\\/secure.gravatar.com\\\/avatar\\\/ff172875f9ced7887f883245268c1ba638c26cf1e0530f7f61b4705963a6730b?s=96&d=mm&r=g\",\"caption\":\"Antykomunistyczni\"},\"sameAs\":[\"http:\\\/\\\/antykomunistyczni.pl\"],\"url\":\"https:\\\/\\\/antykomunistyczni.pl\\\/index.php\\\/author\\\/admin0\\\/\"}]}<\/script>\n<!-- \/ Yoast SEO plugin. -->","yoast_head_json":{"title":"Ludob\u00f3jstwo Czerwonych Khmer\u00f3w w Kambod\u017cy \u2014 zapomniana zbrodnia komunizmu - Antykomunistyczni.pl","robots":{"index":"index","follow":"follow","max-snippet":"max-snippet:-1","max-image-preview":"max-image-preview:large","max-video-preview":"max-video-preview:-1"},"canonical":"https:\/\/antykomunistyczni.pl\/index.php\/ludobojstwo-czerwonych-khmerow-w-kambodzy-zapomniana-zbrodnia-komunizmu\/","og_locale":"pl_PL","og_type":"article","og_title":"Ludob\u00f3jstwo Czerwonych Khmer\u00f3w w Kambod\u017cy \u2014 zapomniana zbrodnia komunizmu - Antykomunistyczni.pl","og_description":"\u201eAby zbudowa\u0107 raj, trzeba najpierw zniszczy\u0107 to, co istnieje\u201d\u00a0\u2014 ta z pozoru abstrakcyjna maksyma sta\u0142a si\u0119 przera\u017caj\u0105c\u0105 rzeczywisto\u015bci\u0105 dla milion\u00f3w Kambod\u017can\u00f3w w latach 1975\u20131979. Re\u017cim Czerwonych Khmer\u00f3w, kierowany przez Pol Pota, dokona\u0142 jednego z najbardziej brutalnych ludob\u00f3jstw XX wieku \u2014 zbrodni, kt\u00f3rej skal\u0119 i okrucie\u0144stwo trudno por\u00f3wna\u0107 nawet z nazistowskimi obozami zag\u0142ady. Dla portalu\u00a0antykomunistyczni.pl\u00a0jest to [&hellip;]","og_url":"https:\/\/antykomunistyczni.pl\/index.php\/ludobojstwo-czerwonych-khmerow-w-kambodzy-zapomniana-zbrodnia-komunizmu\/","og_site_name":"Antykomunistyczni.pl","article_publisher":"https:\/\/www.facebook.com\/antykomunistyczni\/","article_published_time":"2026-03-02T18:06:49+00:00","article_modified_time":"2026-03-02T18:12:48+00:00","og_image":[{"width":1200,"height":800,"url":"https:\/\/antykomunistyczni.pl\/wp-content\/uploads\/2026\/03\/LudobojstwoPolPota.jpg","type":"image\/jpeg"}],"author":"Antykomunistyczni","twitter_card":"summary_large_image","twitter_creator":"@anty_komunisci","twitter_site":"@anty_komunisci","twitter_misc":{"Napisane przez":"Antykomunistyczni","Szacowany czas czytania":"4 minuty"},"schema":{"@context":"https:\/\/schema.org","@graph":[{"@type":"Article","@id":"https:\/\/antykomunistyczni.pl\/index.php\/ludobojstwo-czerwonych-khmerow-w-kambodzy-zapomniana-zbrodnia-komunizmu\/#article","isPartOf":{"@id":"https:\/\/antykomunistyczni.pl\/index.php\/ludobojstwo-czerwonych-khmerow-w-kambodzy-zapomniana-zbrodnia-komunizmu\/"},"author":{"name":"Antykomunistyczni","@id":"https:\/\/antykomunistyczni.pl\/#\/schema\/person\/4963e693e8006b94062d91d1295d02a0"},"headline":"Ludob\u00f3jstwo Czerwonych Khmer\u00f3w w Kambod\u017cy \u2014 zapomniana zbrodnia komunizmu","datePublished":"2026-03-02T18:06:49+00:00","dateModified":"2026-03-02T18:12:48+00:00","mainEntityOfPage":{"@id":"https:\/\/antykomunistyczni.pl\/index.php\/ludobojstwo-czerwonych-khmerow-w-kambodzy-zapomniana-zbrodnia-komunizmu\/"},"wordCount":838,"publisher":{"@id":"https:\/\/antykomunistyczni.pl\/#organization"},"image":{"@id":"https:\/\/antykomunistyczni.pl\/index.php\/ludobojstwo-czerwonych-khmerow-w-kambodzy-zapomniana-zbrodnia-komunizmu\/#primaryimage"},"thumbnailUrl":"https:\/\/antykomunistyczni.pl\/wp-content\/uploads\/2026\/03\/LudobojstwoPolPota.jpg","articleSection":["Komunistyczne zbrodnie na \u015bwiecie"],"inLanguage":"pl-PL"},{"@type":"WebPage","@id":"https:\/\/antykomunistyczni.pl\/index.php\/ludobojstwo-czerwonych-khmerow-w-kambodzy-zapomniana-zbrodnia-komunizmu\/","url":"https:\/\/antykomunistyczni.pl\/index.php\/ludobojstwo-czerwonych-khmerow-w-kambodzy-zapomniana-zbrodnia-komunizmu\/","name":"Ludob\u00f3jstwo Czerwonych Khmer\u00f3w w Kambod\u017cy \u2014 zapomniana zbrodnia komunizmu - Antykomunistyczni.pl","isPartOf":{"@id":"https:\/\/antykomunistyczni.pl\/#website"},"primaryImageOfPage":{"@id":"https:\/\/antykomunistyczni.pl\/index.php\/ludobojstwo-czerwonych-khmerow-w-kambodzy-zapomniana-zbrodnia-komunizmu\/#primaryimage"},"image":{"@id":"https:\/\/antykomunistyczni.pl\/index.php\/ludobojstwo-czerwonych-khmerow-w-kambodzy-zapomniana-zbrodnia-komunizmu\/#primaryimage"},"thumbnailUrl":"https:\/\/antykomunistyczni.pl\/wp-content\/uploads\/2026\/03\/LudobojstwoPolPota.jpg","datePublished":"2026-03-02T18:06:49+00:00","dateModified":"2026-03-02T18:12:48+00:00","breadcrumb":{"@id":"https:\/\/antykomunistyczni.pl\/index.php\/ludobojstwo-czerwonych-khmerow-w-kambodzy-zapomniana-zbrodnia-komunizmu\/#breadcrumb"},"inLanguage":"pl-PL","potentialAction":[{"@type":"ReadAction","target":["https:\/\/antykomunistyczni.pl\/index.php\/ludobojstwo-czerwonych-khmerow-w-kambodzy-zapomniana-zbrodnia-komunizmu\/"]}]},{"@type":"ImageObject","inLanguage":"pl-PL","@id":"https:\/\/antykomunistyczni.pl\/index.php\/ludobojstwo-czerwonych-khmerow-w-kambodzy-zapomniana-zbrodnia-komunizmu\/#primaryimage","url":"https:\/\/antykomunistyczni.pl\/wp-content\/uploads\/2026\/03\/LudobojstwoPolPota.jpg","contentUrl":"https:\/\/antykomunistyczni.pl\/wp-content\/uploads\/2026\/03\/LudobojstwoPolPota.jpg","width":1200,"height":800},{"@type":"BreadcrumbList","@id":"https:\/\/antykomunistyczni.pl\/index.php\/ludobojstwo-czerwonych-khmerow-w-kambodzy-zapomniana-zbrodnia-komunizmu\/#breadcrumb","itemListElement":[{"@type":"ListItem","position":1,"name":"Strona g\u0142\u00f3wna","item":"https:\/\/antykomunistyczni.pl\/"},{"@type":"ListItem","position":2,"name":"Ludob\u00f3jstwo Czerwonych Khmer\u00f3w w Kambod\u017cy \u2014 zapomniana zbrodnia komunizmu"}]},{"@type":"WebSite","@id":"https:\/\/antykomunistyczni.pl\/#website","url":"https:\/\/antykomunistyczni.pl\/","name":"Antykomunistyczni.pl","description":"","publisher":{"@id":"https:\/\/antykomunistyczni.pl\/#organization"},"alternateName":"Historia PRL, zbrodnie komunistyczne w Polsce i na \u015bwiecie","potentialAction":[{"@type":"SearchAction","target":{"@type":"EntryPoint","urlTemplate":"https:\/\/antykomunistyczni.pl\/?s={search_term_string}"},"query-input":{"@type":"PropertyValueSpecification","valueRequired":true,"valueName":"search_term_string"}}],"inLanguage":"pl-PL"},{"@type":"Organization","@id":"https:\/\/antykomunistyczni.pl\/#organization","name":"Antykomunistyczni.pl","url":"https:\/\/antykomunistyczni.pl\/","logo":{"@type":"ImageObject","inLanguage":"pl-PL","@id":"https:\/\/antykomunistyczni.pl\/#\/schema\/logo\/image\/","url":"https:\/\/antykomunistyczni.pl\/wp-content\/uploads\/2026\/02\/cropped-AntykomunistyczniLogoSquare150x150-2.png","contentUrl":"https:\/\/antykomunistyczni.pl\/wp-content\/uploads\/2026\/02\/cropped-AntykomunistyczniLogoSquare150x150-2.png","width":150,"height":150,"caption":"Antykomunistyczni.pl"},"image":{"@id":"https:\/\/antykomunistyczni.pl\/#\/schema\/logo\/image\/"},"sameAs":["https:\/\/www.facebook.com\/antykomunistyczni\/","https:\/\/x.com\/anty_komunisci"]},{"@type":"Person","@id":"https:\/\/antykomunistyczni.pl\/#\/schema\/person\/4963e693e8006b94062d91d1295d02a0","name":"Antykomunistyczni","image":{"@type":"ImageObject","inLanguage":"pl-PL","@id":"https:\/\/secure.gravatar.com\/avatar\/ff172875f9ced7887f883245268c1ba638c26cf1e0530f7f61b4705963a6730b?s=96&d=mm&r=g","url":"https:\/\/secure.gravatar.com\/avatar\/ff172875f9ced7887f883245268c1ba638c26cf1e0530f7f61b4705963a6730b?s=96&d=mm&r=g","contentUrl":"https:\/\/secure.gravatar.com\/avatar\/ff172875f9ced7887f883245268c1ba638c26cf1e0530f7f61b4705963a6730b?s=96&d=mm&r=g","caption":"Antykomunistyczni"},"sameAs":["http:\/\/antykomunistyczni.pl"],"url":"https:\/\/antykomunistyczni.pl\/index.php\/author\/admin0\/"}]}},"_links":{"self":[{"href":"https:\/\/antykomunistyczni.pl\/index.php\/wp-json\/wp\/v2\/posts\/679","targetHints":{"allow":["GET"]}}],"collection":[{"href":"https:\/\/antykomunistyczni.pl\/index.php\/wp-json\/wp\/v2\/posts"}],"about":[{"href":"https:\/\/antykomunistyczni.pl\/index.php\/wp-json\/wp\/v2\/types\/post"}],"author":[{"embeddable":true,"href":"https:\/\/antykomunistyczni.pl\/index.php\/wp-json\/wp\/v2\/users\/1"}],"replies":[{"embeddable":true,"href":"https:\/\/antykomunistyczni.pl\/index.php\/wp-json\/wp\/v2\/comments?post=679"}],"version-history":[{"count":5,"href":"https:\/\/antykomunistyczni.pl\/index.php\/wp-json\/wp\/v2\/posts\/679\/revisions"}],"predecessor-version":[{"id":686,"href":"https:\/\/antykomunistyczni.pl\/index.php\/wp-json\/wp\/v2\/posts\/679\/revisions\/686"}],"wp:featuredmedia":[{"embeddable":true,"href":"https:\/\/antykomunistyczni.pl\/index.php\/wp-json\/wp\/v2\/media\/682"}],"wp:attachment":[{"href":"https:\/\/antykomunistyczni.pl\/index.php\/wp-json\/wp\/v2\/media?parent=679"}],"wp:term":[{"taxonomy":"category","embeddable":true,"href":"https:\/\/antykomunistyczni.pl\/index.php\/wp-json\/wp\/v2\/categories?post=679"},{"taxonomy":"post_tag","embeddable":true,"href":"https:\/\/antykomunistyczni.pl\/index.php\/wp-json\/wp\/v2\/tags?post=679"}],"curies":[{"name":"wp","href":"https:\/\/api.w.org\/{rel}","templated":true}]}}