{"id":688,"date":"2026-03-02T19:29:06","date_gmt":"2026-03-02T18:29:06","guid":{"rendered":"https:\/\/antykomunistyczni.pl\/?p=688"},"modified":"2026-03-02T19:31:20","modified_gmt":"2026-03-02T18:31:20","slug":"pacyfikacje-protestow-w-prl-1956-1970-1981","status":"publish","type":"post","link":"https:\/\/antykomunistyczni.pl\/index.php\/pacyfikacje-protestow-w-prl-1956-1970-1981\/","title":{"rendered":"Pacyfikacje protest\u00f3w w PRL (1956, 1970, 1981)"},"content":{"rendered":"\t\t<div data-elementor-type=\"wp-post\" data-elementor-id=\"688\" class=\"elementor elementor-688\">\n\t\t\t\t<div class=\"elementor-element elementor-element-4cc002f e-flex e-con-boxed e-con e-parent\" data-id=\"4cc002f\" data-element_type=\"container\" data-e-type=\"container\">\n\t\t\t\t\t<div class=\"e-con-inner\">\n\t\t\t\t<div class=\"elementor-element elementor-element-9e134cc elementor-widget elementor-widget-heading\" data-id=\"9e134cc\" data-element_type=\"widget\" data-e-type=\"widget\" data-widget_type=\"heading.default\">\n\t\t\t\t\t<h2 class=\"elementor-heading-title elementor-size-default\">Gdy \"dyktatura proletariatu\" strzela do robotnik\u00f3w:<\/h2>\t\t\t\t<\/div>\n\t\t\t\t\t<\/div>\n\t\t\t\t<\/div>\n\t\t<div class=\"elementor-element elementor-element-4ed1cbc7 e-flex e-con-boxed e-con e-parent\" data-id=\"4ed1cbc7\" data-element_type=\"container\" data-e-type=\"container\">\n\t\t\t\t\t<div class=\"e-con-inner\">\n\t\t\t\t<div class=\"elementor-element elementor-element-7fca907d elementor-widget elementor-widget-text-editor\" data-id=\"7fca907d\" data-element_type=\"widget\" data-e-type=\"widget\" data-widget_type=\"text-editor.default\">\n\t\t\t\t\t\t\t\t\t<p><span style=\"color: #000000;\">Historia komunizmu w Polsce to historia paradoksu tak g\u0142\u0119bokiego, \u017ce graniczy z absurdem: re\u017cim, kt\u00f3ry deklarowa\u0142 si\u0119 jako\u00a0<strong>&#8222;pa\u0144stwo robotniczo-ch\u0142opskie&#8221;<\/strong>\u00a0i\u00a0<strong>&#8222;dyktatura proletariatu&#8221;<\/strong>, systematycznie mordowa\u0142 robotnik\u00f3w, gdy ci odwa\u017cyli si\u0119 upomnie\u0107 o swoje prawa. Pozna\u0144ski Czerwiec 1956, Grudzie\u0144 1970 na Wybrze\u017cu i pacyfikacja kopalni &#8222;Wujek&#8221; w 1981 roku to nie incydenty \u2013 to\u00a0<strong>symbole prawdziwej natury komunizmu<\/strong>, systemu, kt\u00f3ry w imi\u0119 abstrakcyjnej ideologii nie cofa\u0142 si\u0119 przed u\u017cyciem czo\u0142g\u00f3w, karabin\u00f3w maszynowych i bagnet\u00f3w przeciwko tym, w kt\u00f3rych imieniu rzekomo rz\u0105dzi\u0142. Dla ka\u017cdego, kto nadal wierzy w &#8222;humanistyczn\u0105 twarz&#8221; komunizmu, te trzy daty powinny by\u0107 lekcj\u0105 nie do odwo\u0142ania.<\/span><\/p>\n<p><span style=\"color: #000000;\"><!-- \/wp:paragraph --><!-- wp:separator --><\/span><\/p>\n<hr class=\"wp-block-separator has-alpha-channel-opacity\" \/>\n<p><span style=\"color: #000000;\"><!-- \/wp:separator --><!-- wp:heading --><\/span><\/p>\n<h2 class=\"wp-block-heading\"><span style=\"color: #000000;\"><strong>Pozna\u0144ski Czerwiec 1956: Pierwsza krew &#8222;polskiej drogi do socjalizmu&#8221;<\/strong><\/span><\/h2>\n<p><span style=\"color: #000000;\"><!-- \/wp:heading --><!-- wp:paragraph --><\/span><\/p>\n<p><span style=\"color: #000000;\"><strong>28 czerwca 1956 roku<\/strong>\u00a0robotnicy Zak\u0142ad\u00f3w im. Stalina (ZISPO) w Poznaniu wyszli na ulice z has\u0142ami, kt\u00f3re dzi\u015b brzmi\u0105 jak gorzka ironia:\u00a0<strong>&#8222;Chleba!&#8221;, &#8222;Wolno\u015bci!&#8221;, &#8222;Precz z Rosj\u0105!&#8221;<\/strong>. Ich \u017c\u0105dania by\u0142y prozaiczne \u2013 podwy\u017cki p\u0142ac, obni\u017cenie absurdalnie wysokich norm produkcyjnych, poprawa warunk\u00f3w \u017cycia. Nie domagali si\u0119 obalenia systemu, lecz jedynie tego, by system dotrzyma\u0142 w\u0142asnych obietnic. Odpowied\u017a w\u0142adzy by\u0142a jednoznaczna:\u00a0<strong>czo\u0142gi, bro\u0144 palna i represje<\/strong>.<\/span><\/p>\n<p><span style=\"color: #000000;\"><!-- \/wp:paragraph --><!-- wp:heading {\"level\":3} --><\/span><\/p>\n<p><!-- \/wp:paragraph --><!-- wp:paragraph --><\/p>\n<p><!-- \/wp:paragraph --><\/p>\t\t\t\t\t\t\t\t<\/div>\n\t\t\t\t\t<\/div>\n\t\t\t\t<\/div>\n\t\t<div class=\"elementor-element elementor-element-a3c50f9 e-flex e-con-boxed e-con e-parent\" data-id=\"a3c50f9\" data-element_type=\"container\" data-e-type=\"container\">\n\t\t\t\t\t<div class=\"e-con-inner\">\n\t\t\t\t<div class=\"elementor-element elementor-element-ee58ef9 elementor-widget elementor-widget-image\" data-id=\"ee58ef9\" data-element_type=\"widget\" data-e-type=\"widget\" data-widget_type=\"image.default\">\n\t\t\t\t\t\t\t\t\t\t\t\t\t\t\t<img fetchpriority=\"high\" decoding=\"async\" width=\"800\" height=\"480\" src=\"https:\/\/antykomunistyczni.pl\/wp-content\/uploads\/2026\/03\/PoznanskiCzerwiec1956.jpg\" class=\"attachment-large size-large wp-image-690\" alt=\"\" srcset=\"https:\/\/antykomunistyczni.pl\/wp-content\/uploads\/2026\/03\/PoznanskiCzerwiec1956.jpg 800w, https:\/\/antykomunistyczni.pl\/wp-content\/uploads\/2026\/03\/PoznanskiCzerwiec1956-300x180.jpg 300w, https:\/\/antykomunistyczni.pl\/wp-content\/uploads\/2026\/03\/PoznanskiCzerwiec1956-768x461.jpg 768w\" sizes=\"(max-width: 800px) 100vw, 800px\" \/>\t\t\t\t\t\t\t\t\t\t\t\t\t\t\t<\/div>\n\t\t\t\t\t<\/div>\n\t\t\t\t<\/div>\n\t\t<div class=\"elementor-element elementor-element-b8142ad e-flex e-con-boxed e-con e-parent\" data-id=\"b8142ad\" data-element_type=\"container\" data-e-type=\"container\">\n\t\t\t\t\t<div class=\"e-con-inner\">\n\t\t\t\t<div class=\"elementor-element elementor-element-7ffdccf elementor-widget elementor-widget-text-editor\" data-id=\"7ffdccf\" data-element_type=\"widget\" data-e-type=\"widget\" data-widget_type=\"text-editor.default\">\n\t\t\t\t\t\t\t\t\t<h3 class=\"wp-block-heading\"><span style=\"color: #000000;\"><strong>Przebieg tragedii<\/strong><\/span><\/h3>\n<p><span style=\"color: #000000;\"><!-- \/wp:heading --><!-- wp:paragraph --><\/span><\/p>\n<p><span style=\"color: #000000;\">Co zacz\u0119\u0142o si\u0119 jako pokojowa demonstracja oko\u0142o 100 tysi\u0119cy ludzi \u2013 robotnik\u00f3w, ich rodzin, mieszka\u0144c\u00f3w miasta \u2013 szybko przekszta\u0142ci\u0142o si\u0119 w starcia z Milicj\u0105 Obywatelsk\u0105 i Urz\u0119dem Bezpiecze\u0144stwa. Gdy t\u0142um ruszy\u0142 w kierunku budynku UB przy ul. Kochanowskiego, szukaj\u0105c uwolnienia aresztowanych, funkcjonariusze otworzyli ogie\u0144. W odpowiedzi wojsko skierowa\u0142o do miasta\u00a0<strong>10 700 \u017co\u0142nierzy, 359 czo\u0142g\u00f3w i 31 samochod\u00f3w pancernych<\/strong>\u00a0\u2013 ca\u0142\u0105 armi\u0119 przeciw w\u0142asnemu narodowi.<\/span><\/p>\n<p><span style=\"color: #000000;\"><!-- \/wp:paragraph --><!-- wp:paragraph --><\/span><\/p>\n<p><span style=\"color: #000000;\">Walki trwa\u0142y do 30 czerwca.\u00a0<strong>Oficjalne dane m\u00f3wi\u0142y o 57 zabitych<\/strong>\u00a0(w tym 8-letnie dziecko),\u00a0<strong>ponad 600 rannych<\/strong>\u00a0i\u00a0<strong>setki aresztowanych<\/strong>. Nieoficjalne szacunki historyk\u00f3w podaj\u0105 nawet\u00a0<strong>ponad 100 ofiar \u015bmiertelnych<\/strong>. Tysi\u0105ce ludzi przesz\u0142o przez przes\u0142uchania, a\u00a0<strong>257 os\u00f3b stan\u0119\u0142o przed s\u0105dami<\/strong>, z kt\u00f3rych cz\u0119\u015b\u0107 \u2013 w pokazowych procesach \u2013 skazano na kar\u0119 \u015bmierci (egzekucje wykonano na trzech osobach, cho\u0107 by\u0142y to w\u0105tpliwe wyroki oparte na torturach i fa\u0142szywych zeznaniach).<\/span><\/p>\n<p><span style=\"color: #000000;\"><!-- \/wp:paragraph --><!-- wp:heading {\"level\":3} --><\/span><\/p>\n<h3 class=\"wp-block-heading\"><span style=\"color: #000000;\"><strong>Reakcja w\u0142adzy: k\u0142amstwo i manipulacja<\/strong><\/span><\/h3>\n<p><span style=\"color: #000000;\"><!-- \/wp:heading --><!-- wp:paragraph --><\/span><\/p>\n<p><span style=\"color: #000000;\">Pocz\u0105tkowo propaganda partii nazwa\u0142a wydarzenia\u00a0<strong>&#8222;prowokacj\u0105 imperialistyczn\u0105&#8221;<\/strong>\u00a0organizowan\u0105 przez &#8222;agent\u00f3w zachodnich&#8221; i &#8222;reakcyjnych element\u00f3w&#8221;. Dopiero gdy skala protest\u00f3w i mi\u0119dzynarodowy rozg\u0142os (zw\u0142aszcza w \u015bwietle rozpoczynaj\u0105cej si\u0119 odwil\u017cy po \u015bmierci Stalina w 1953) zmusi\u0142y w\u0142adze do ust\u0119pstw, oficjalna narracja zmieni\u0142a si\u0119 na przyznanie &#8222;pewnych b\u0142\u0119d\u00f3w w gospodarce&#8221;. Boles\u0142aw Bierut zmar\u0142 w marcu 1956 w Moskwie (prawdopodobnie w wyniku zawa\u0142u po wys\u0142uchaniu referatu Chruszczowa o zbrodniach Stalina), a do w\u0142adzy doszed\u0142 W\u0142adys\u0142aw Gomu\u0142ka, kt\u00f3ry obiecywa\u0142 &#8222;polsk\u0105 drog\u0119 do socjalizmu&#8221;. Paradoks? Gomu\u0142ka sam by\u0142 wcze\u015bniej wi\u0119ziony przez stalinist\u00f3w, lecz to w\u0142a\u015bnie za jego rz\u0105d\u00f3w dosz\u0142o do kolejnej masakry \u2013 czterna\u015bcie lat p\u00f3\u017aniej.<\/span><\/p>\n<p><span style=\"color: #000000;\"><!-- \/wp:paragraph --><!-- wp:separator --><\/span><\/p>\n<hr class=\"wp-block-separator has-alpha-channel-opacity\" \/>\n<p><span style=\"color: #000000;\"><!-- \/wp:separator --><!-- wp:heading --><\/span><\/p>\n<h2 class=\"wp-block-heading\"><span style=\"color: #000000;\"><strong>Grudzie\u0144 1970: Masakra na Wybrze\u017cu<\/strong><\/span><\/h2>\n<p><span style=\"color: #000000;\"><!-- \/wp:heading --><!-- wp:paragraph --><\/span><\/p>\n<p><span style=\"color: #000000;\">Je\u015bli Pozna\u0144 by\u0142 ostrze\u017ceniem, to\u00a0<strong>grudniowe wydarzenia 1970 roku na Wybrze\u017cu<\/strong>\u00a0sta\u0142y si\u0119 dowodem, \u017ce komunizm nie uczy si\u0119 z w\u0142asnych b\u0142\u0119d\u00f3w \u2013 mo\u017ce jedynie powtarza\u0107 te same mechanizmy przemocy. Tym razem pretekstem by\u0142y\u00a0<strong>drastyczne podwy\u017cki cen \u017cywno\u015bci i artyku\u0142\u00f3w podstawowych<\/strong>\u00a0og\u0142oszone 13 grudnia \u2013 na dwa tygodnie przed \u015awi\u0119tami Bo\u017cego Narodzenia. Dla przeci\u0119tnego robotnika oznacza\u0142o to faktyczne obni\u017cenie poziomu \u017cycia o 15-20%.<\/span><\/p>\n<p><span style=\"color: #000000;\"><!-- \/wp:paragraph --><!-- wp:heading {\"level\":3} --><\/span><\/p>\n<h3 class=\"wp-block-heading\"><span style=\"color: #000000;\"><strong>Gda\u0144sk, Gdynia, Szczecin, Elbl\u0105g \u2013 miasta we krwi<\/strong><\/span><\/h3>\n<p><!-- \/wp:paragraph --><!-- wp:paragraph --><\/p>\n<p><!-- \/wp:paragraph --><\/p>\t\t\t\t\t\t\t\t<\/div>\n\t\t\t\t\t<\/div>\n\t\t\t\t<\/div>\n\t\t<div class=\"elementor-element elementor-element-93be794 e-flex e-con-boxed e-con e-parent\" data-id=\"93be794\" data-element_type=\"container\" data-e-type=\"container\">\n\t\t\t\t\t<div class=\"e-con-inner\">\n\t\t\t\t<div class=\"elementor-element elementor-element-14086b8 elementor-widget elementor-widget-image\" data-id=\"14086b8\" data-element_type=\"widget\" data-e-type=\"widget\" data-widget_type=\"image.default\">\n\t\t\t\t\t\t\t\t\t\t\t\t\t\t\t<img decoding=\"async\" width=\"750\" height=\"510\" src=\"https:\/\/antykomunistyczni.pl\/wp-content\/uploads\/2026\/03\/Gdansk_15_12_1970.jpg\" class=\"attachment-large size-large wp-image-694\" alt=\"\" srcset=\"https:\/\/antykomunistyczni.pl\/wp-content\/uploads\/2026\/03\/Gdansk_15_12_1970.jpg 750w, https:\/\/antykomunistyczni.pl\/wp-content\/uploads\/2026\/03\/Gdansk_15_12_1970-300x204.jpg 300w\" sizes=\"(max-width: 750px) 100vw, 750px\" \/>\t\t\t\t\t\t\t\t\t\t\t\t\t\t\t<\/div>\n\t\t\t\t\t<\/div>\n\t\t\t\t<\/div>\n\t\t<div class=\"elementor-element elementor-element-d229332 e-flex e-con-boxed e-con e-parent\" data-id=\"d229332\" data-element_type=\"container\" data-e-type=\"container\">\n\t\t\t\t\t<div class=\"e-con-inner\">\n\t\t\t\t<div class=\"elementor-element elementor-element-2eebaab elementor-widget elementor-widget-text-editor\" data-id=\"2eebaab\" data-element_type=\"widget\" data-e-type=\"widget\" data-widget_type=\"text-editor.default\">\n\t\t\t\t\t\t\t\t\t<p><span style=\"color: #000000;\"><strong>14 grudnia<\/strong>\u00a0strajk wybuch\u0142 w Stoczni Gda\u0144skiej. Nast\u0119pnego dnia robotnicy wyszli na ulice. W odpowiedzi w\u0142adze skierowa\u0142y do miast Wybrze\u017ca\u00a0<strong>wojsko, czo\u0142gi i jednostki specjalne ZOMO<\/strong>. W Gda\u0144sku i Gdyni dosz\u0142o do prawdziwych scen rzezi:<\/span><\/p>\n<p><span style=\"color: #000000;\"><!-- \/wp:paragraph --><!-- wp:list --><\/span><\/p>\n<ul class=\"wp-block-list\">\n<li style=\"list-style-type: none;\">\n<ul class=\"wp-block-list\"><!-- wp:list-item --><\/ul>\n<\/li>\n<\/ul>\n<p>\u00a0<\/p>\n<ul class=\"wp-block-list\">\n<li style=\"list-style-type: none;\">\n<ul class=\"wp-block-list\">\n<li><span style=\"color: #000000;\"><strong>Gdynia, 17 grudnia<\/strong>\u00a0\u2013 przed Stoczni\u0105 im. Komuny Paryskiej \u017co\u0142nierze otworzyli ogie\u0144 do t\u0142umu robotnik\u00f3w id\u0105cych do pracy. Zgin\u0119\u0142o co najmniej\u00a0<strong>18 os\u00f3b<\/strong>, w tym Zbigniew Godlewski (lat 19) \u2013 jego cia\u0142o, wyniesione na drzwiach jak na noszach, sta\u0142o si\u0119 symbolem tragedii uwiecznionej p\u00f3\u017aniej w Pomniku Poleg\u0142ych Stoczniowc\u00f3w.<\/span><\/li>\n<\/ul>\n<\/li>\n<\/ul>\n<p><span style=\"color: #000000;\"><!-- \/wp:list-item --><!-- wp:list-item --><\/span><\/p>\n<ul class=\"wp-block-list\">\n<li style=\"list-style-type: none;\">\n<ul class=\"wp-block-list\">\n<li><span style=\"color: #000000;\"><strong>Szczecin<\/strong>\u00a0\u2013 walki uliczne trwa\u0142y do 22 grudnia. Wojsko u\u017cy\u0142o ostrej amunicji i czo\u0142g\u00f3w; zgin\u0119\u0142o co najmniej 16 os\u00f3b.<\/span><\/li>\n<\/ul>\n<\/li>\n<\/ul>\n<p><span style=\"color: #000000;\"><!-- \/wp:list-item --><!-- wp:list-item --><\/span><\/p>\n<ul class=\"wp-block-list\">\n<li style=\"list-style-type: none;\">\n<ul class=\"wp-block-list\">\n<li><span style=\"color: #000000;\"><strong>Elbl\u0105g<\/strong>\u00a0\u2013 4 ofiary \u015bmiertelne.<\/span><\/li>\n<\/ul>\n<\/li>\n<\/ul>\n<p><span style=\"color: #000000;\"><!-- \/wp:list-item --><\/span><\/p>\n<p><span style=\"color: #000000;\"><!-- \/wp:list --><!-- wp:heading {\"level\":3} --><\/span><\/p>\n<h3 class=\"wp-block-heading\"><span style=\"color: #000000;\"><strong>Bilans krwi<\/strong><\/span><\/h3>\n<p><span style=\"color: #000000;\"><!-- \/wp:heading --><!-- wp:paragraph --><\/span><\/p>\n<p><span style=\"color: #000000;\">Oficjalnie w\u0142adze przyzna\u0142y si\u0119 do\u00a0<strong>45 zabitych i 1165 rannych<\/strong>. Historycy szacuj\u0105, \u017ce\u00a0<strong>faktyczna liczba ofiar \u015bmiertelnych mog\u0142a wynosi\u0107 nawet 100-150 os\u00f3b<\/strong>, a wiele zgon\u00f3w ukryto, zw\u0142oki wywo\u017cono w nocy, rodzinom odmawiano informacji. Aresztowano\u00a0<strong>ponad 3000 os\u00f3b<\/strong>, tysi\u0105ce zwolniono z pracy. Cz\u0119\u015b\u0107 robotnik\u00f3w zosta\u0142a skazana w procesach na wieloletnie wi\u0119zienie.<\/span><\/p>\n<p><span style=\"color: #000000;\"><!-- \/wp:paragraph --><!-- wp:heading {\"level\":3} --><\/span><\/p>\n<h3 class=\"wp-block-heading\"><span style=\"color: #000000;\"><strong>Upadek Gomu\u0142ki i fa\u0142szywa nadzieja<\/strong><\/span><\/h3>\n<p><span style=\"color: #000000;\"><!-- \/wp:heading --><!-- wp:paragraph --><\/span><\/p>\n<p><span style=\"color: #000000;\">20 grudnia Edward Gierek zast\u0105pi\u0142 Gomu\u0142k\u0119 na stanowisku I sekretarza PZPR. W s\u0142ynnym wyst\u0105pieniu w Stoczni Gda\u0144skiej w styczniu 1971 pyta\u0142:\u00a0<strong>&#8222;Pomo\u017cecie?&#8221;<\/strong>, a robotnicy odpowiedzieli:\u00a0<strong>&#8222;Pomo\u017cemy!&#8221;<\/strong>. To by\u0142 moment fa\u0142szywej nadziei \u2013 Gierek obiecywa\u0142 popraw\u0119, lecz system pozosta\u0142 ten sam. Dekada lat 70. przynios\u0142a chwilow\u0105 konsumpcj\u0119 na kredyt, ale fundamentalne k\u0142amstwo komunizmu \u2013 \u017ce jest &#8222;w\u0142adz\u0105 robotnik\u00f3w&#8221; \u2013 pozosta\u0142o niezmienione. Potwierdzi\u0142a to tragedia z grudnia 1981.<\/span><\/p>\n<p><span style=\"color: #000000;\"><!-- \/wp:paragraph --><!-- wp:separator --><\/span><\/p>\n<hr class=\"wp-block-separator has-alpha-channel-opacity\" \/>\n<p><span style=\"color: #000000;\"><!-- \/wp:separator --><!-- wp:heading --><\/span><\/p>\n<h2 class=\"wp-block-heading\"><span style=\"color: #000000;\"><strong>Grudzie\u0144 1981: Pacyfikacja kopalni &#8222;Wujek&#8221; \u2013 haniebna krew PRL-u<\/strong><\/span><\/h2>\n<p><span style=\"color: #000000;\"><!-- \/wp:heading --><!-- wp:paragraph --><\/span><\/p>\n<p><span style=\"color: #000000;\">Gdy\u00a0<strong>13 grudnia 1981 roku<\/strong>\u00a0gen. Wojciech Jaruzelski og\u0142osi\u0142 stan wojenny, uderzenie re\u017cimu skierowane by\u0142o wprost w\u00a0<strong>Solidarno\u015b\u0107<\/strong>\u00a0\u2013 ruch robotniczy, kt\u00f3ry przez 16 miesi\u0119cy zbudowa\u0142 nadziej\u0119 na pokojow\u0105 transformacj\u0119 Polski. Internowano tysi\u0105ce dzia\u0142aczy, zawieszone prawa obywatelskie, wprowadzono godzin\u0119 milicyjn\u0105 i cenzur\u0119. Jednym z miejsc, gdzie op\u00f3r robotnik\u00f3w zosta\u0142 zalany krwi\u0105, by\u0142a\u00a0<strong>Kopalnia W\u0119gla Kamiennego &#8222;Wujek&#8221;<\/strong>\u00a0w Katowicach.<\/span><\/p>\n<p><span style=\"color: #000000;\"><!-- \/wp:paragraph --><!-- wp:heading {\"level\":3} --><\/span><\/p>\n<p><!-- \/wp:paragraph --><!-- wp:paragraph --><\/p>\n<p><!-- \/wp:paragraph --><\/p>\t\t\t\t\t\t\t\t<\/div>\n\t\t\t\t\t<\/div>\n\t\t\t\t<\/div>\n\t\t<div class=\"elementor-element elementor-element-d821bb3 e-flex e-con-boxed e-con e-parent\" data-id=\"d821bb3\" data-element_type=\"container\" data-e-type=\"container\">\n\t\t\t\t\t<div class=\"e-con-inner\">\n\t\t\t\t<div class=\"elementor-element elementor-element-f09d050 elementor-widget elementor-widget-image\" data-id=\"f09d050\" data-element_type=\"widget\" data-e-type=\"widget\" data-widget_type=\"image.default\">\n\t\t\t\t\t\t\t\t\t\t\t\t\t\t\t<img decoding=\"async\" width=\"750\" height=\"485\" src=\"https:\/\/antykomunistyczni.pl\/wp-content\/uploads\/2026\/03\/pacyfikacja_wujek.jpg\" class=\"attachment-large size-large wp-image-695\" alt=\"\" srcset=\"https:\/\/antykomunistyczni.pl\/wp-content\/uploads\/2026\/03\/pacyfikacja_wujek.jpg 750w, https:\/\/antykomunistyczni.pl\/wp-content\/uploads\/2026\/03\/pacyfikacja_wujek-300x194.jpg 300w\" sizes=\"(max-width: 750px) 100vw, 750px\" \/>\t\t\t\t\t\t\t\t\t\t\t\t\t\t\t<\/div>\n\t\t\t\t\t<\/div>\n\t\t\t\t<\/div>\n\t\t<div class=\"elementor-element elementor-element-f9df766 e-flex e-con-boxed e-con e-parent\" data-id=\"f9df766\" data-element_type=\"container\" data-e-type=\"container\">\n\t\t\t\t\t<div class=\"e-con-inner\">\n\t\t\t\t<div class=\"elementor-element elementor-element-a931d29 elementor-widget elementor-widget-text-editor\" data-id=\"a931d29\" data-element_type=\"widget\" data-e-type=\"widget\" data-widget_type=\"text-editor.default\">\n\t\t\t\t\t\t\t\t\t<p><span style=\"color: #000000;\"><!-- \/wp:paragraph --><!-- wp:heading {\"level\":3} --><\/span><\/p>\n<h3 class=\"wp-block-heading\"><span style=\"color: #000000;\"><strong>16 grudnia 1981 \u2013 dzie\u0144, gdy dyktatura pokaza\u0142a prawdziw\u0105 twarz<\/strong><\/span><\/h3>\n<p><span style=\"color: #000000;\"><!-- \/wp:heading --><!-- wp:paragraph --><\/span><\/p>\n<p><span style=\"color: #000000;\">Oko\u0142o 2000 g\u00f3rnik\u00f3w zorganizowa\u0142o strajk okupacyjny, domagaj\u0105c si\u0119 uwolnienia internowanych i zniesienia stanu wojennego. Przez trzy dni w\u0142adze blokowa\u0142y kopalni\u0119, odcinaj\u0105c pr\u0105d, wod\u0119 i \u0142\u0105czno\u015b\u0107. 16 grudnia o 7:40 rano rozpocz\u0119\u0142a si\u0119\u00a0<strong>pacyfikacja<\/strong>\u00a0przeprowadzona przez\u00a0<strong>ZOMO (Zmotoryzowane Odwody Milicji Obywatelskiej)<\/strong>\u00a0wspart\u0105 przez jednostki wojskowe.<\/span><\/p>\n<p><span style=\"color: #000000;\"><!-- \/wp:paragraph --><!-- wp:paragraph --><\/span><\/p>\n<p><span style=\"color: #000000;\">Funkcjonariusze wtargn\u0119li na teren kopalni, u\u017cywaj\u0105c granat\u00f3w \u0142zawi\u0105cych, armatek wodnych i\u00a0<strong>broni palnej z ostr\u0105 amunicj\u0105<\/strong>. G\u00f3rnicy bronili si\u0119 kamieniami, hakami i w\u0142asnymi cia\u0142ami. W ci\u0105gu kilku godzin\u00a0<strong>9 g\u00f3rnik\u00f3w zosta\u0142o zastrzelonych<\/strong>, a\u00a0<strong>ponad 20 odnios\u0142o ci\u0119\u017ckie rany<\/strong>. Ofiary to:<\/span><\/p>\n<p><span style=\"color: #000000;\"><!-- \/wp:paragraph --><!-- wp:list --><\/span><\/p>\n<ul class=\"wp-block-list\">\n<li style=\"list-style-type: none;\">\n<ul class=\"wp-block-list\"><!-- wp:list-item --><\/ul>\n<\/li>\n<\/ul>\n<p>\u00a0<\/p>\n<ul class=\"wp-block-list\">\n<li style=\"list-style-type: none;\">\n<ul class=\"wp-block-list\">\n<li><span style=\"color: #000000;\"><strong>J\u00f3zef Czekalski<\/strong>\u00a0(32 lata)<\/span><\/li>\n<\/ul>\n<\/li>\n<\/ul>\n<p><span style=\"color: #000000;\"><!-- \/wp:list-item --><!-- wp:list-item --><\/span><\/p>\n<ul class=\"wp-block-list\">\n<li style=\"list-style-type: none;\">\n<ul class=\"wp-block-list\">\n<li><span style=\"color: #000000;\"><strong>Andrzej Petrys<\/strong>\u00a0(22 lata)<\/span><\/li>\n<\/ul>\n<\/li>\n<\/ul>\n<p><span style=\"color: #000000;\"><!-- \/wp:list-item --><!-- wp:list-item --><\/span><\/p>\n<ul class=\"wp-block-list\">\n<li style=\"list-style-type: none;\">\n<ul class=\"wp-block-list\">\n<li><span style=\"color: #000000;\"><strong>Krzysztof Giza<\/strong>\u00a0(23 lata)<\/span><\/li>\n<\/ul>\n<\/li>\n<\/ul>\n<p><span style=\"color: #000000;\"><!-- \/wp:list-item --><!-- wp:list-item --><\/span><\/p>\n<ul class=\"wp-block-list\">\n<li style=\"list-style-type: none;\">\n<ul class=\"wp-block-list\">\n<li><span style=\"color: #000000;\"><strong>Ryszard Gzik<\/strong>\u00a0(32 lata)<\/span><\/li>\n<\/ul>\n<\/li>\n<\/ul>\n<p><span style=\"color: #000000;\"><!-- \/wp:list-item --><!-- wp:list-item --><\/span><\/p>\n<ul class=\"wp-block-list\">\n<li style=\"list-style-type: none;\">\n<ul class=\"wp-block-list\">\n<li><span style=\"color: #000000;\"><strong>Joachim Gnida<\/strong>\u00a0(30 lat)<\/span><\/li>\n<\/ul>\n<\/li>\n<\/ul>\n<p><span style=\"color: #000000;\"><!-- \/wp:list-item --><!-- wp:list-item --><\/span><\/p>\n<ul class=\"wp-block-list\">\n<li style=\"list-style-type: none;\">\n<ul class=\"wp-block-list\">\n<li><span style=\"color: #000000;\"><strong>Zbigniew Wilk<\/strong>\u00a0(34 lata)<\/span><\/li>\n<\/ul>\n<\/li>\n<\/ul>\n<p><span style=\"color: #000000;\"><!-- \/wp:list-item --><!-- wp:list-item --><\/span><\/p>\n<ul class=\"wp-block-list\">\n<li style=\"list-style-type: none;\">\n<ul class=\"wp-block-list\">\n<li><span style=\"color: #000000;\"><strong>Bogus\u0142aw Kopczak<\/strong>\u00a0(19 lat)<\/span><\/li>\n<\/ul>\n<\/li>\n<\/ul>\n<p><span style=\"color: #000000;\"><!-- \/wp:list-item --><!-- wp:list-item --><\/span><\/p>\n<ul class=\"wp-block-list\">\n<li style=\"list-style-type: none;\">\n<ul class=\"wp-block-list\">\n<li><span style=\"color: #000000;\"><strong>Zenon Zaj\u0105c<\/strong>\u00a0(26 lat)<\/span><\/li>\n<\/ul>\n<\/li>\n<\/ul>\n<p><span style=\"color: #000000;\"><!-- \/wp:list-item --><!-- wp:list-item --><\/span><\/p>\n<ul class=\"wp-block-list\">\n<li style=\"list-style-type: none;\">\n<ul class=\"wp-block-list\">\n<li><span style=\"color: #000000;\"><strong>Jan Stawisi\u0144ski<\/strong>\u00a0(52 lata)<\/span><\/li>\n<\/ul>\n<\/li>\n<\/ul>\n<p><span style=\"color: #000000;\"><!-- \/wp:list-item --><\/span><\/p>\n<p><span style=\"color: #000000;\"><!-- \/wp:list --><!-- wp:paragraph --><\/span><\/p>\n<p><span style=\"color: #000000;\">Najm\u0142odszy mia\u0142 19 lat. Wszyscy byli robotnikami \u2013 tymi, w kt\u00f3rych imieniu partia rzekomo sprawowa\u0142a w\u0142adz\u0119.<\/span><\/p>\n<p><span style=\"color: #000000;\"><!-- \/wp:paragraph --><!-- wp:heading {\"level\":3} --><\/span><\/p>\n<h3 class=\"wp-block-heading\"><span style=\"color: #000000;\"><strong>Proces i &#8222;sprawiedliwo\u015b\u0107&#8221; PRL-u<\/strong><\/span><\/h3>\n<p><span style=\"color: #000000;\"><!-- \/wp:heading --><!-- wp:paragraph --><\/span><\/p>\n<p><span style=\"color: #000000;\">Przez lata nikt nie poni\u00f3s\u0142 odpowiedzialno\u015bci. Dopiero po 1989 roku rozpocz\u0119to \u015bledztwa, lecz wi\u0119kszo\u015b\u0107 sprawc\u00f3w unikn\u0119\u0142a kary dzi\u0119ki przedawnieniu lub amnestii. W 1993 roku s\u0105d skaza\u0142\u00a0<strong>4 funkcjonariuszy ZOMO<\/strong>\u00a0na minimalne kary za przekroczenie uprawnie\u0144 (od 3 do 5 lat wi\u0119zienia), ale nikt z decydent\u00f3w \u2013 genera\u0142\u00f3w czy ministr\u00f3w \u2013 nie stan\u0105\u0142 przed wymiarem sprawiedliwo\u015bci. Sam Jaruzelski do ko\u0144ca \u017cycia t\u0142umaczy\u0142, \u017ce &#8222;wybiera\u0142 mniejsze z\u0142o&#8221;, co dla rodzin ofiar by\u0142o tylko kolejnym k\u0142amstwem.<\/span><\/p>\n<p><span style=\"color: #000000;\"><!-- \/wp:paragraph --><!-- wp:separator --><\/span><\/p>\n<hr class=\"wp-block-separator has-alpha-channel-opacity\" \/>\n<p><span style=\"color: #000000;\"><!-- \/wp:separator --><!-- wp:heading --><\/span><\/p>\n<h2 class=\"wp-block-heading\"><span style=\"color: #000000;\"><strong>Paradoks komunizmu: &#8222;Pa\u0144stwo robotnik\u00f3w&#8221; morduj\u0105ce robotnik\u00f3w<\/strong><\/span><\/h2>\n<p><span style=\"color: #000000;\"><!-- \/wp:heading --><!-- wp:paragraph --><\/span><\/p>\n<p><span style=\"color: #000000;\">Co \u0142\u0105czy Pozna\u0144 &#8217;56, Wybrze\u017ce &#8217;70 i &#8222;Wujek&#8221; &#8217;81?\u00a0<strong>Fundamentalne k\u0142amstwo komunizmu<\/strong>. System, kt\u00f3ry deklarowa\u0142 si\u0119 jako w\u0142adza mas pracuj\u0105cych, w praktyce by\u0142 dyktatur\u0105 partyjnej nomenklatury, kt\u00f3ra swoj\u0105 legitymacj\u0119 czerpa\u0142a nie z woli ludu, lecz z monopolu na przemoc. Gdy robotnicy \u2013 ci prawdziwi, nie ci z propagandowych plakat\u00f3w \u2013 odwa\u017cyli si\u0119 domaga\u0107 sprawiedliwo\u015bci, odpowiedzi\u0105 by\u0142y czo\u0142gi i kule.<\/span><\/p>\n<p><span style=\"color: #000000;\"><!-- \/wp:paragraph --><!-- wp:paragraph --><\/span><\/p>\n<p><span style=\"color: #000000;\">Ten paradoks nie by\u0142 przypadkiem. Wynika\u0142 z\u00a0<strong>natury totalitaryzmu komunistycznego<\/strong>, kt\u00f3ry:<\/span><\/p>\n<p><span style=\"color: #000000;\"><!-- \/wp:paragraph --><!-- wp:list --><\/span><\/p>\n<ul class=\"wp-block-list\">\n<li style=\"list-style-type: none;\">\n<ul class=\"wp-block-list\"><!-- wp:list-item --><\/ul>\n<\/li>\n<\/ul>\n<p>\u00a0<\/p>\n<ul class=\"wp-block-list\">\n<li style=\"list-style-type: none;\">\n<ul class=\"wp-block-list\">\n<li><span style=\"color: #000000;\"><strong>Monopolizowa\u0142 &#8222;prawd\u0119&#8221;<\/strong>: Partia decydowa\u0142a, czym jest dobro robotnik\u00f3w \u2013 nie robotnicy sami. Kto my\u015bla\u0142 inaczej, stawa\u0142 si\u0119 &#8222;wrogiem klasy robotniczej&#8221;.<\/span><\/li>\n<\/ul>\n<\/li>\n<\/ul>\n<p><span style=\"color: #000000;\"><!-- \/wp:list-item --><!-- wp:list-item --><\/span><\/p>\n<ul class=\"wp-block-list\">\n<li style=\"list-style-type: none;\">\n<ul class=\"wp-block-list\">\n<li><span style=\"color: #000000;\"><strong>Uzasadnia\u0142 przemoc ideologi\u0105<\/strong>: U\u017cycie si\u0142y wobec &#8222;prowokator\u00f3w&#8221; czy &#8222;kontrrewolucjonist\u00f3w&#8221; by\u0142o &#8222;konieczno\u015bci\u0105 historyczn\u0105&#8221;.<\/span><\/li>\n<\/ul>\n<\/li>\n<\/ul>\n<p><span style=\"color: #000000;\"><!-- \/wp:list-item --><!-- wp:list-item --><\/span><\/p>\n<ul class=\"wp-block-list\">\n<li style=\"list-style-type: none;\">\n<ul class=\"wp-block-list\">\n<li><span style=\"color: #000000;\"><strong>Nie tolerowa\u0142 sprzeciwu<\/strong>: Jedno\u015b\u0107 ideologiczna by\u0142a wa\u017cniejsza ni\u017c \u017cycie ludzkie. Jak m\u00f3wi\u0142 Lenin: &#8222;Rewolucja nie mo\u017ce zwyci\u0119\u017cy\u0107 bez twardej dyscypliny partii i terroru wobec wrog\u00f3w&#8221;.<\/span><\/li>\n<\/ul>\n<\/li>\n<\/ul>\n<p><span style=\"color: #000000;\"><!-- \/wp:list-item --><\/span><\/p>\n<p><span style=\"color: #000000;\"><!-- \/wp:list --><!-- wp:separator --><\/span><\/p>\n<hr class=\"wp-block-separator has-alpha-channel-opacity\" \/>\n<p><span style=\"color: #000000;\"><!-- \/wp:separator --><!-- wp:heading --><\/span><\/p>\n<h2 class=\"wp-block-heading\"><span style=\"color: #000000;\"><strong>Pami\u0119\u0107 i lekcja dla wsp\u00f3\u0142czesno\u015bci<\/strong><\/span><\/h2>\n<p><span style=\"color: #000000;\"><!-- \/wp:heading --><!-- wp:paragraph --><\/span><\/p>\n<p><span style=\"color: #000000;\">Dzi\u015b przy Stoczni Gda\u0144skiej stoi\u00a0<strong>Pomnik Poleg\u0142ych Stoczniowc\u00f3w 1970<\/strong>\u00a0\u2013 trzy wysokie krzy\u017ce z kotwicami, symbol pami\u0119ci i oporu. W Katowicach przy KWK &#8222;Wujek&#8221; wzniesiono pomnik 9 zastrzelonych g\u00f3rnik\u00f3w. W Poznaniu tablica przy ul. Kochanowskiego przypomina ofiary Czerwca &#8217;56. Ale czy pami\u0119\u0107 wystarczy?<\/span><\/p>\n<p><span style=\"color: #000000;\"><!-- \/wp:paragraph --><!-- wp:paragraph --><\/span><\/p>\n<p><span style=\"color: #000000;\"><strong>Historia pacyfikacji robotniczych w PRL to ostrze\u017cenie<\/strong>:<\/span><\/p>\n<p><span style=\"color: #000000;\"><!-- \/wp:paragraph --><!-- wp:list {\"ordered\":true} --><\/span><\/p>\n<ol class=\"wp-block-list\">\n<li style=\"list-style-type: none;\">\n<ol class=\"wp-block-list\"><!-- wp:list-item --><\/ol>\n<\/li>\n<\/ol>\n<p>\u00a0<\/p>\n<ol class=\"wp-block-list\">\n<li style=\"list-style-type: none;\">\n<ul class=\"wp-block-list\">\n<li><span style=\"color: #000000;\"><strong>Totalitaryzm zawsze k\u0142amie<\/strong>: Has\u0142a o &#8222;w\u0142adzy ludu&#8221; to fasada dla dyktatury elity.<\/span><\/li>\n<\/ul>\n<\/li>\n<\/ol>\n<p><span style=\"color: #000000;\"><!-- \/wp:list-item --><!-- wp:list-item --><\/span><\/p>\n<ul class=\"wp-block-list\">\n<li style=\"list-style-type: none;\">\n<ul class=\"wp-block-list\">\n<li><span style=\"color: #000000;\"><strong>Przemoc jest w DNA komunizmu<\/strong>: Gdy ideologia staje ponad cz\u0142owiekiem, ludzkie \u017cycie staje si\u0119 jedynie przeszkod\u0105.<\/span><\/li>\n<\/ul>\n<\/li>\n<\/ul>\n<p><span style=\"color: #000000;\"><!-- \/wp:list-item --><!-- wp:list-item --><\/span><\/p>\n<ul class=\"wp-block-list\">\n<li style=\"list-style-type: none;\">\n<ul class=\"wp-block-list\">\n<li><span style=\"color: #000000;\"><strong>Odwaga ma znaczenie<\/strong>: Robotnicy z Poznania, Gda\u0144ska i &#8222;Wujka&#8221; nie ponie\u015bli ofiar na darmo \u2013 ich krew zasia\u0142a ziarno Solidarno\u015bci, kt\u00f3ra ostatecznie obali\u0142a system.<\/span><\/li>\n<\/ul>\n<\/li>\n<\/ul>\n<p><span style=\"color: #000000;\"><!-- \/wp:list-item --><\/span><\/p>\n<p><span style=\"color: #000000;\"><!-- \/wp:list --><!-- wp:paragraph --><\/span><\/p>\n<p><span style=\"color: #000000;\"><strong>Dla wsp\u00f3\u0142czesnych<\/strong>: Ka\u017cdy, kto dzi\u015b flirtuje z ideami kolektywizmu, &#8222;dyktatury wi\u0119kszo\u015bci&#8221; czy &#8222;koniecznego terroru wobec wrog\u00f3w post\u0119pu&#8221;, powinien stan\u0105\u0107 przed pomnikiem poleg\u0142ych g\u00f3rnik\u00f3w i zada\u0107 sobie pytanie:\u00a0<strong>Czy naprawd\u0119 chc\u0119 systemu, kt\u00f3ry strzela do tych, kt\u00f3rych rzekomo reprezentuje?<\/strong><\/span><\/p>\n<p><span style=\"color: #000000;\"><!-- \/wp:paragraph --><!-- wp:paragraph --><\/span><\/p>\n<p><span style=\"color: #000000;\">Odpowied\u017a musi by\u0107 jednoznaczna:\u00a0<strong>Nigdy wi\u0119cej<\/strong>.<\/span><\/p>\n<p><span style=\"color: #000000;\"><!-- \/wp:paragraph --><!-- wp:paragraph --><\/span><\/p>\n<p><span style=\"color: #000000;\"><em>Antykomunistyczni.pl \u2013 Pami\u0119tamy, bo zapomnienie to zdrada ofiar.<\/em><\/span><\/p>\n<p><!-- \/wp:paragraph --><!-- wp:paragraph --><\/p>\n<p><!-- \/wp:paragraph --><\/p>\t\t\t\t\t\t\t\t<\/div>\n\t\t\t\t\t<\/div>\n\t\t\t\t<\/div>\n\t\t\t\t<\/div>\n\t\t","protected":false},"excerpt":{"rendered":"<p>Gdy &#8222;dyktatura proletariatu&#8221; strzela do robotnik\u00f3w: Historia komunizmu w Polsce to historia paradoksu tak g\u0142\u0119bokiego, \u017ce graniczy z absurdem: re\u017cim, kt\u00f3ry deklarowa\u0142 si\u0119 jako\u00a0&#8222;pa\u0144stwo robotniczo-ch\u0142opskie&#8221;\u00a0i\u00a0&#8222;dyktatura proletariatu&#8221;, systematycznie mordowa\u0142 robotnik\u00f3w, gdy ci odwa\u017cyli si\u0119 upomnie\u0107 o swoje prawa. Pozna\u0144ski Czerwiec 1956, Grudzie\u0144 1970 na Wybrze\u017cu i pacyfikacja kopalni &#8222;Wujek&#8221; w 1981 roku to nie incydenty \u2013 [&hellip;]<\/p>\n","protected":false},"author":1,"featured_media":690,"comment_status":"closed","ping_status":"closed","sticky":false,"template":"","format":"standard","meta":{"give_campaign_id":0,"footnotes":""},"categories":[29],"tags":[],"class_list":["post-688","post","type-post","status-publish","format-standard","has-post-thumbnail","hentry","category-komunistyczne-zbrodnie-w-polsce"],"yoast_head":"<!-- This site is optimized with the Yoast SEO plugin v28.4 - https:\/\/yoast.com\/product\/yoast-seo-wordpress\/ -->\n<title>Pacyfikacje protest\u00f3w w PRL (1956, 1970, 1981) - Antykomunistyczni.pl<\/title>\n<meta name=\"robots\" content=\"index, follow, max-snippet:-1, max-image-preview:large, max-video-preview:-1\" \/>\n<link rel=\"canonical\" href=\"https:\/\/antykomunistyczni.pl\/index.php\/pacyfikacje-protestow-w-prl-1956-1970-1981\/\" \/>\n<meta property=\"og:locale\" content=\"pl_PL\" \/>\n<meta property=\"og:type\" content=\"article\" \/>\n<meta property=\"og:title\" content=\"Pacyfikacje protest\u00f3w w PRL (1956, 1970, 1981) - Antykomunistyczni.pl\" \/>\n<meta property=\"og:description\" content=\"Gdy &#8222;dyktatura proletariatu&#8221; strzela do robotnik\u00f3w: Historia komunizmu w Polsce to historia paradoksu tak g\u0142\u0119bokiego, \u017ce graniczy z absurdem: re\u017cim, kt\u00f3ry deklarowa\u0142 si\u0119 jako\u00a0&#8222;pa\u0144stwo robotniczo-ch\u0142opskie&#8221;\u00a0i\u00a0&#8222;dyktatura proletariatu&#8221;, systematycznie mordowa\u0142 robotnik\u00f3w, gdy ci odwa\u017cyli si\u0119 upomnie\u0107 o swoje prawa. Pozna\u0144ski Czerwiec 1956, Grudzie\u0144 1970 na Wybrze\u017cu i pacyfikacja kopalni &#8222;Wujek&#8221; w 1981 roku to nie incydenty \u2013 [&hellip;]\" \/>\n<meta property=\"og:url\" content=\"https:\/\/antykomunistyczni.pl\/index.php\/pacyfikacje-protestow-w-prl-1956-1970-1981\/\" \/>\n<meta property=\"og:site_name\" content=\"Antykomunistyczni.pl\" \/>\n<meta property=\"article:publisher\" content=\"https:\/\/www.facebook.com\/antykomunistyczni\/\" \/>\n<meta property=\"article:published_time\" content=\"2026-03-02T18:29:06+00:00\" \/>\n<meta property=\"article:modified_time\" content=\"2026-03-02T18:31:20+00:00\" \/>\n<meta property=\"og:image\" content=\"https:\/\/antykomunistyczni.pl\/wp-content\/uploads\/2026\/03\/PoznanskiCzerwiec1956.jpg\" \/>\n\t<meta property=\"og:image:width\" content=\"800\" \/>\n\t<meta property=\"og:image:height\" content=\"480\" \/>\n\t<meta property=\"og:image:type\" content=\"image\/jpeg\" \/>\n<meta name=\"author\" content=\"Antykomunistyczni\" \/>\n<meta name=\"twitter:card\" content=\"summary_large_image\" \/>\n<meta name=\"twitter:creator\" content=\"@anty_komunisci\" \/>\n<meta name=\"twitter:site\" content=\"@anty_komunisci\" \/>\n<meta name=\"twitter:label1\" content=\"Napisane przez\" \/>\n\t<meta name=\"twitter:data1\" content=\"Antykomunistyczni\" \/>\n\t<meta name=\"twitter:label2\" content=\"Szacowany czas czytania\" \/>\n\t<meta name=\"twitter:data2\" content=\"8 minut\" \/>\n<script type=\"application\/ld+json\" class=\"yoast-schema-graph\">{\"@context\":\"https:\\\/\\\/schema.org\",\"@graph\":[{\"@type\":\"Article\",\"@id\":\"https:\\\/\\\/antykomunistyczni.pl\\\/index.php\\\/pacyfikacje-protestow-w-prl-1956-1970-1981\\\/#article\",\"isPartOf\":{\"@id\":\"https:\\\/\\\/antykomunistyczni.pl\\\/index.php\\\/pacyfikacje-protestow-w-prl-1956-1970-1981\\\/\"},\"author\":{\"name\":\"Antykomunistyczni\",\"@id\":\"https:\\\/\\\/antykomunistyczni.pl\\\/#\\\/schema\\\/person\\\/4963e693e8006b94062d91d1295d02a0\"},\"headline\":\"Pacyfikacje protest\u00f3w w PRL (1956, 1970, 1981)\",\"datePublished\":\"2026-03-02T18:29:06+00:00\",\"dateModified\":\"2026-03-02T18:31:20+00:00\",\"mainEntityOfPage\":{\"@id\":\"https:\\\/\\\/antykomunistyczni.pl\\\/index.php\\\/pacyfikacje-protestow-w-prl-1956-1970-1981\\\/\"},\"wordCount\":1521,\"publisher\":{\"@id\":\"https:\\\/\\\/antykomunistyczni.pl\\\/#organization\"},\"image\":{\"@id\":\"https:\\\/\\\/antykomunistyczni.pl\\\/index.php\\\/pacyfikacje-protestow-w-prl-1956-1970-1981\\\/#primaryimage\"},\"thumbnailUrl\":\"https:\\\/\\\/antykomunistyczni.pl\\\/wp-content\\\/uploads\\\/2026\\\/03\\\/PoznanskiCzerwiec1956.jpg\",\"articleSection\":[\"Komunistyczne zbrodnie w Polsce\"],\"inLanguage\":\"pl-PL\"},{\"@type\":\"WebPage\",\"@id\":\"https:\\\/\\\/antykomunistyczni.pl\\\/index.php\\\/pacyfikacje-protestow-w-prl-1956-1970-1981\\\/\",\"url\":\"https:\\\/\\\/antykomunistyczni.pl\\\/index.php\\\/pacyfikacje-protestow-w-prl-1956-1970-1981\\\/\",\"name\":\"Pacyfikacje protest\u00f3w w PRL (1956, 1970, 1981) - Antykomunistyczni.pl\",\"isPartOf\":{\"@id\":\"https:\\\/\\\/antykomunistyczni.pl\\\/#website\"},\"primaryImageOfPage\":{\"@id\":\"https:\\\/\\\/antykomunistyczni.pl\\\/index.php\\\/pacyfikacje-protestow-w-prl-1956-1970-1981\\\/#primaryimage\"},\"image\":{\"@id\":\"https:\\\/\\\/antykomunistyczni.pl\\\/index.php\\\/pacyfikacje-protestow-w-prl-1956-1970-1981\\\/#primaryimage\"},\"thumbnailUrl\":\"https:\\\/\\\/antykomunistyczni.pl\\\/wp-content\\\/uploads\\\/2026\\\/03\\\/PoznanskiCzerwiec1956.jpg\",\"datePublished\":\"2026-03-02T18:29:06+00:00\",\"dateModified\":\"2026-03-02T18:31:20+00:00\",\"breadcrumb\":{\"@id\":\"https:\\\/\\\/antykomunistyczni.pl\\\/index.php\\\/pacyfikacje-protestow-w-prl-1956-1970-1981\\\/#breadcrumb\"},\"inLanguage\":\"pl-PL\",\"potentialAction\":[{\"@type\":\"ReadAction\",\"target\":[\"https:\\\/\\\/antykomunistyczni.pl\\\/index.php\\\/pacyfikacje-protestow-w-prl-1956-1970-1981\\\/\"]}]},{\"@type\":\"ImageObject\",\"inLanguage\":\"pl-PL\",\"@id\":\"https:\\\/\\\/antykomunistyczni.pl\\\/index.php\\\/pacyfikacje-protestow-w-prl-1956-1970-1981\\\/#primaryimage\",\"url\":\"https:\\\/\\\/antykomunistyczni.pl\\\/wp-content\\\/uploads\\\/2026\\\/03\\\/PoznanskiCzerwiec1956.jpg\",\"contentUrl\":\"https:\\\/\\\/antykomunistyczni.pl\\\/wp-content\\\/uploads\\\/2026\\\/03\\\/PoznanskiCzerwiec1956.jpg\",\"width\":800,\"height\":480},{\"@type\":\"BreadcrumbList\",\"@id\":\"https:\\\/\\\/antykomunistyczni.pl\\\/index.php\\\/pacyfikacje-protestow-w-prl-1956-1970-1981\\\/#breadcrumb\",\"itemListElement\":[{\"@type\":\"ListItem\",\"position\":1,\"name\":\"Strona g\u0142\u00f3wna\",\"item\":\"https:\\\/\\\/antykomunistyczni.pl\\\/\"},{\"@type\":\"ListItem\",\"position\":2,\"name\":\"Pacyfikacje protest\u00f3w w PRL (1956, 1970, 1981)\"}]},{\"@type\":\"WebSite\",\"@id\":\"https:\\\/\\\/antykomunistyczni.pl\\\/#website\",\"url\":\"https:\\\/\\\/antykomunistyczni.pl\\\/\",\"name\":\"Antykomunistyczni.pl\",\"description\":\"\",\"publisher\":{\"@id\":\"https:\\\/\\\/antykomunistyczni.pl\\\/#organization\"},\"alternateName\":\"Historia PRL, zbrodnie komunistyczne w Polsce i na \u015bwiecie\",\"potentialAction\":[{\"@type\":\"SearchAction\",\"target\":{\"@type\":\"EntryPoint\",\"urlTemplate\":\"https:\\\/\\\/antykomunistyczni.pl\\\/?s={search_term_string}\"},\"query-input\":{\"@type\":\"PropertyValueSpecification\",\"valueRequired\":true,\"valueName\":\"search_term_string\"}}],\"inLanguage\":\"pl-PL\"},{\"@type\":\"Organization\",\"@id\":\"https:\\\/\\\/antykomunistyczni.pl\\\/#organization\",\"name\":\"Antykomunistyczni.pl\",\"url\":\"https:\\\/\\\/antykomunistyczni.pl\\\/\",\"logo\":{\"@type\":\"ImageObject\",\"inLanguage\":\"pl-PL\",\"@id\":\"https:\\\/\\\/antykomunistyczni.pl\\\/#\\\/schema\\\/logo\\\/image\\\/\",\"url\":\"https:\\\/\\\/antykomunistyczni.pl\\\/wp-content\\\/uploads\\\/2026\\\/02\\\/cropped-AntykomunistyczniLogoSquare150x150-2.png\",\"contentUrl\":\"https:\\\/\\\/antykomunistyczni.pl\\\/wp-content\\\/uploads\\\/2026\\\/02\\\/cropped-AntykomunistyczniLogoSquare150x150-2.png\",\"width\":150,\"height\":150,\"caption\":\"Antykomunistyczni.pl\"},\"image\":{\"@id\":\"https:\\\/\\\/antykomunistyczni.pl\\\/#\\\/schema\\\/logo\\\/image\\\/\"},\"sameAs\":[\"https:\\\/\\\/www.facebook.com\\\/antykomunistyczni\\\/\",\"https:\\\/\\\/x.com\\\/anty_komunisci\"]},{\"@type\":\"Person\",\"@id\":\"https:\\\/\\\/antykomunistyczni.pl\\\/#\\\/schema\\\/person\\\/4963e693e8006b94062d91d1295d02a0\",\"name\":\"Antykomunistyczni\",\"image\":{\"@type\":\"ImageObject\",\"inLanguage\":\"pl-PL\",\"@id\":\"https:\\\/\\\/secure.gravatar.com\\\/avatar\\\/ff172875f9ced7887f883245268c1ba638c26cf1e0530f7f61b4705963a6730b?s=96&d=mm&r=g\",\"url\":\"https:\\\/\\\/secure.gravatar.com\\\/avatar\\\/ff172875f9ced7887f883245268c1ba638c26cf1e0530f7f61b4705963a6730b?s=96&d=mm&r=g\",\"contentUrl\":\"https:\\\/\\\/secure.gravatar.com\\\/avatar\\\/ff172875f9ced7887f883245268c1ba638c26cf1e0530f7f61b4705963a6730b?s=96&d=mm&r=g\",\"caption\":\"Antykomunistyczni\"},\"sameAs\":[\"http:\\\/\\\/antykomunistyczni.pl\"],\"url\":\"https:\\\/\\\/antykomunistyczni.pl\\\/index.php\\\/author\\\/admin0\\\/\"}]}<\/script>\n<!-- \/ Yoast SEO plugin. -->","yoast_head_json":{"title":"Pacyfikacje protest\u00f3w w PRL (1956, 1970, 1981) - Antykomunistyczni.pl","robots":{"index":"index","follow":"follow","max-snippet":"max-snippet:-1","max-image-preview":"max-image-preview:large","max-video-preview":"max-video-preview:-1"},"canonical":"https:\/\/antykomunistyczni.pl\/index.php\/pacyfikacje-protestow-w-prl-1956-1970-1981\/","og_locale":"pl_PL","og_type":"article","og_title":"Pacyfikacje protest\u00f3w w PRL (1956, 1970, 1981) - Antykomunistyczni.pl","og_description":"Gdy &#8222;dyktatura proletariatu&#8221; strzela do robotnik\u00f3w: Historia komunizmu w Polsce to historia paradoksu tak g\u0142\u0119bokiego, \u017ce graniczy z absurdem: re\u017cim, kt\u00f3ry deklarowa\u0142 si\u0119 jako\u00a0&#8222;pa\u0144stwo robotniczo-ch\u0142opskie&#8221;\u00a0i\u00a0&#8222;dyktatura proletariatu&#8221;, systematycznie mordowa\u0142 robotnik\u00f3w, gdy ci odwa\u017cyli si\u0119 upomnie\u0107 o swoje prawa. Pozna\u0144ski Czerwiec 1956, Grudzie\u0144 1970 na Wybrze\u017cu i pacyfikacja kopalni &#8222;Wujek&#8221; w 1981 roku to nie incydenty \u2013 [&hellip;]","og_url":"https:\/\/antykomunistyczni.pl\/index.php\/pacyfikacje-protestow-w-prl-1956-1970-1981\/","og_site_name":"Antykomunistyczni.pl","article_publisher":"https:\/\/www.facebook.com\/antykomunistyczni\/","article_published_time":"2026-03-02T18:29:06+00:00","article_modified_time":"2026-03-02T18:31:20+00:00","og_image":[{"width":800,"height":480,"url":"https:\/\/antykomunistyczni.pl\/wp-content\/uploads\/2026\/03\/PoznanskiCzerwiec1956.jpg","type":"image\/jpeg"}],"author":"Antykomunistyczni","twitter_card":"summary_large_image","twitter_creator":"@anty_komunisci","twitter_site":"@anty_komunisci","twitter_misc":{"Napisane przez":"Antykomunistyczni","Szacowany czas czytania":"8 minut"},"schema":{"@context":"https:\/\/schema.org","@graph":[{"@type":"Article","@id":"https:\/\/antykomunistyczni.pl\/index.php\/pacyfikacje-protestow-w-prl-1956-1970-1981\/#article","isPartOf":{"@id":"https:\/\/antykomunistyczni.pl\/index.php\/pacyfikacje-protestow-w-prl-1956-1970-1981\/"},"author":{"name":"Antykomunistyczni","@id":"https:\/\/antykomunistyczni.pl\/#\/schema\/person\/4963e693e8006b94062d91d1295d02a0"},"headline":"Pacyfikacje protest\u00f3w w PRL (1956, 1970, 1981)","datePublished":"2026-03-02T18:29:06+00:00","dateModified":"2026-03-02T18:31:20+00:00","mainEntityOfPage":{"@id":"https:\/\/antykomunistyczni.pl\/index.php\/pacyfikacje-protestow-w-prl-1956-1970-1981\/"},"wordCount":1521,"publisher":{"@id":"https:\/\/antykomunistyczni.pl\/#organization"},"image":{"@id":"https:\/\/antykomunistyczni.pl\/index.php\/pacyfikacje-protestow-w-prl-1956-1970-1981\/#primaryimage"},"thumbnailUrl":"https:\/\/antykomunistyczni.pl\/wp-content\/uploads\/2026\/03\/PoznanskiCzerwiec1956.jpg","articleSection":["Komunistyczne zbrodnie w Polsce"],"inLanguage":"pl-PL"},{"@type":"WebPage","@id":"https:\/\/antykomunistyczni.pl\/index.php\/pacyfikacje-protestow-w-prl-1956-1970-1981\/","url":"https:\/\/antykomunistyczni.pl\/index.php\/pacyfikacje-protestow-w-prl-1956-1970-1981\/","name":"Pacyfikacje protest\u00f3w w PRL (1956, 1970, 1981) - Antykomunistyczni.pl","isPartOf":{"@id":"https:\/\/antykomunistyczni.pl\/#website"},"primaryImageOfPage":{"@id":"https:\/\/antykomunistyczni.pl\/index.php\/pacyfikacje-protestow-w-prl-1956-1970-1981\/#primaryimage"},"image":{"@id":"https:\/\/antykomunistyczni.pl\/index.php\/pacyfikacje-protestow-w-prl-1956-1970-1981\/#primaryimage"},"thumbnailUrl":"https:\/\/antykomunistyczni.pl\/wp-content\/uploads\/2026\/03\/PoznanskiCzerwiec1956.jpg","datePublished":"2026-03-02T18:29:06+00:00","dateModified":"2026-03-02T18:31:20+00:00","breadcrumb":{"@id":"https:\/\/antykomunistyczni.pl\/index.php\/pacyfikacje-protestow-w-prl-1956-1970-1981\/#breadcrumb"},"inLanguage":"pl-PL","potentialAction":[{"@type":"ReadAction","target":["https:\/\/antykomunistyczni.pl\/index.php\/pacyfikacje-protestow-w-prl-1956-1970-1981\/"]}]},{"@type":"ImageObject","inLanguage":"pl-PL","@id":"https:\/\/antykomunistyczni.pl\/index.php\/pacyfikacje-protestow-w-prl-1956-1970-1981\/#primaryimage","url":"https:\/\/antykomunistyczni.pl\/wp-content\/uploads\/2026\/03\/PoznanskiCzerwiec1956.jpg","contentUrl":"https:\/\/antykomunistyczni.pl\/wp-content\/uploads\/2026\/03\/PoznanskiCzerwiec1956.jpg","width":800,"height":480},{"@type":"BreadcrumbList","@id":"https:\/\/antykomunistyczni.pl\/index.php\/pacyfikacje-protestow-w-prl-1956-1970-1981\/#breadcrumb","itemListElement":[{"@type":"ListItem","position":1,"name":"Strona g\u0142\u00f3wna","item":"https:\/\/antykomunistyczni.pl\/"},{"@type":"ListItem","position":2,"name":"Pacyfikacje protest\u00f3w w PRL (1956, 1970, 1981)"}]},{"@type":"WebSite","@id":"https:\/\/antykomunistyczni.pl\/#website","url":"https:\/\/antykomunistyczni.pl\/","name":"Antykomunistyczni.pl","description":"","publisher":{"@id":"https:\/\/antykomunistyczni.pl\/#organization"},"alternateName":"Historia PRL, zbrodnie komunistyczne w Polsce i na \u015bwiecie","potentialAction":[{"@type":"SearchAction","target":{"@type":"EntryPoint","urlTemplate":"https:\/\/antykomunistyczni.pl\/?s={search_term_string}"},"query-input":{"@type":"PropertyValueSpecification","valueRequired":true,"valueName":"search_term_string"}}],"inLanguage":"pl-PL"},{"@type":"Organization","@id":"https:\/\/antykomunistyczni.pl\/#organization","name":"Antykomunistyczni.pl","url":"https:\/\/antykomunistyczni.pl\/","logo":{"@type":"ImageObject","inLanguage":"pl-PL","@id":"https:\/\/antykomunistyczni.pl\/#\/schema\/logo\/image\/","url":"https:\/\/antykomunistyczni.pl\/wp-content\/uploads\/2026\/02\/cropped-AntykomunistyczniLogoSquare150x150-2.png","contentUrl":"https:\/\/antykomunistyczni.pl\/wp-content\/uploads\/2026\/02\/cropped-AntykomunistyczniLogoSquare150x150-2.png","width":150,"height":150,"caption":"Antykomunistyczni.pl"},"image":{"@id":"https:\/\/antykomunistyczni.pl\/#\/schema\/logo\/image\/"},"sameAs":["https:\/\/www.facebook.com\/antykomunistyczni\/","https:\/\/x.com\/anty_komunisci"]},{"@type":"Person","@id":"https:\/\/antykomunistyczni.pl\/#\/schema\/person\/4963e693e8006b94062d91d1295d02a0","name":"Antykomunistyczni","image":{"@type":"ImageObject","inLanguage":"pl-PL","@id":"https:\/\/secure.gravatar.com\/avatar\/ff172875f9ced7887f883245268c1ba638c26cf1e0530f7f61b4705963a6730b?s=96&d=mm&r=g","url":"https:\/\/secure.gravatar.com\/avatar\/ff172875f9ced7887f883245268c1ba638c26cf1e0530f7f61b4705963a6730b?s=96&d=mm&r=g","contentUrl":"https:\/\/secure.gravatar.com\/avatar\/ff172875f9ced7887f883245268c1ba638c26cf1e0530f7f61b4705963a6730b?s=96&d=mm&r=g","caption":"Antykomunistyczni"},"sameAs":["http:\/\/antykomunistyczni.pl"],"url":"https:\/\/antykomunistyczni.pl\/index.php\/author\/admin0\/"}]}},"_links":{"self":[{"href":"https:\/\/antykomunistyczni.pl\/index.php\/wp-json\/wp\/v2\/posts\/688","targetHints":{"allow":["GET"]}}],"collection":[{"href":"https:\/\/antykomunistyczni.pl\/index.php\/wp-json\/wp\/v2\/posts"}],"about":[{"href":"https:\/\/antykomunistyczni.pl\/index.php\/wp-json\/wp\/v2\/types\/post"}],"author":[{"embeddable":true,"href":"https:\/\/antykomunistyczni.pl\/index.php\/wp-json\/wp\/v2\/users\/1"}],"replies":[{"embeddable":true,"href":"https:\/\/antykomunistyczni.pl\/index.php\/wp-json\/wp\/v2\/comments?post=688"}],"version-history":[{"count":8,"href":"https:\/\/antykomunistyczni.pl\/index.php\/wp-json\/wp\/v2\/posts\/688\/revisions"}],"predecessor-version":[{"id":699,"href":"https:\/\/antykomunistyczni.pl\/index.php\/wp-json\/wp\/v2\/posts\/688\/revisions\/699"}],"wp:featuredmedia":[{"embeddable":true,"href":"https:\/\/antykomunistyczni.pl\/index.php\/wp-json\/wp\/v2\/media\/690"}],"wp:attachment":[{"href":"https:\/\/antykomunistyczni.pl\/index.php\/wp-json\/wp\/v2\/media?parent=688"}],"wp:term":[{"taxonomy":"category","embeddable":true,"href":"https:\/\/antykomunistyczni.pl\/index.php\/wp-json\/wp\/v2\/categories?post=688"},{"taxonomy":"post_tag","embeddable":true,"href":"https:\/\/antykomunistyczni.pl\/index.php\/wp-json\/wp\/v2\/tags?post=688"}],"curies":[{"name":"wp","href":"https:\/\/api.w.org\/{rel}","templated":true}]}}