{"id":700,"date":"2026-03-02T20:20:37","date_gmt":"2026-03-02T19:20:37","guid":{"rendered":"https:\/\/antykomunistyczni.pl\/?p=700"},"modified":"2026-03-02T20:21:17","modified_gmt":"2026-03-02T19:21:17","slug":"gen-august-emil-fieldorf-nil-niezlomny-zolnierz-armii-krajowej","status":"publish","type":"post","link":"https:\/\/antykomunistyczni.pl\/index.php\/gen-august-emil-fieldorf-nil-niezlomny-zolnierz-armii-krajowej\/","title":{"rendered":"Gen. August Emil Fieldorf \u201eNil\u201d \u2013 niez\u0142omny \u017co\u0142nierz Armii Krajowej"},"content":{"rendered":"\t\t<div data-elementor-type=\"wp-post\" data-elementor-id=\"700\" class=\"elementor elementor-700\">\n\t\t\t\t<div class=\"elementor-element elementor-element-a948818 e-flex e-con-boxed e-con e-parent\" data-id=\"a948818\" data-element_type=\"container\" data-e-type=\"container\">\n\t\t\t\t\t<div class=\"e-con-inner\">\n\t\t\t\t<div class=\"elementor-element elementor-element-5060c69a elementor-widget elementor-widget-text-editor\" data-id=\"5060c69a\" data-element_type=\"widget\" data-e-type=\"widget\" data-widget_type=\"text-editor.default\">\n\t\t\t\t\t\t\t\t\t<p><span style=\"color: #000000;\"><\/span><\/p>\n<p class=\"wp-block-paragraph\"><span style=\"color: #000000;\">24 lutego 1953 roku, po sfingowanym procesie, w wi\u0119zieniu na warszawskim Mokotowie zosta\u0142 zamordowany gen. <strong>August Emil Fieldorf \u201eNil\u201d<\/strong> \u2013 organizator i szef Kedywu Komendy G\u0142\u00f3wnej AK, jeden z najwybitniejszych \u017co\u0142nierzy Armii Krajowej i polskiego podziemia niepodleg\u0142o\u015bciowego. By\u0142 najwy\u017cszym rang\u0105 oficerem AK straconym przez w\u0142adze komunistyczne.<\/span><\/p>\n<p><span style=\"color: #000000;\"><\/span><\/p>\n<p class=\"wp-block-paragraph\"><span style=\"color: #000000;\">Ta zbrodnia s\u0105dowa pozostaje nierozliczona \u2013 sprawcy nigdy nie ponie\u015bli odpowiedzialno\u015bci, a miejsce poch\u00f3wku cia\u0142a \u201eNila\u201d do dzi\u015b nie zosta\u0142o odnalezione.<\/span><\/p>\n<p><span style=\"color: #000000;\"><\/span><\/p>\n<p class=\"wp-block-paragraph\"><span style=\"color: #000000;\">Ca\u0142e \u017cycie genera\u0142a by\u0142o podporz\u0105dkowane jednej idei \u2013 zapewnieniu <strong>pe\u0142nej niepodleg\u0142o\u015bci Rzeczypospolitej Polskiej<\/strong>.<\/span><\/p>\n<p><span style=\"color: #000000;\"><\/span><\/p>\n<h3 class=\"wp-block-heading\"><span style=\"color: #000000;\"><strong>Najwa\u017cniejsze wydarzenia z \u017cycia genera\u0142a Fieldorfa<\/strong><\/span><\/h3>\n<p><span style=\"color: #000000;\"><\/span><\/p>\n<ul class=\"wp-block-list\">\n<li><span style=\"color: #000000;\"><strong>1945<\/strong> \u2013 w Milan\u00f3wku gen. Fieldorf zostaje aresztowany przez NKWD. Nierozpoznany przez Sowiet\u00f3w, trafia do \u0142agr\u00f3w na Uralu. Po zwolnieniu w 1947 roku wraca do Polski i zamieszkuje w \u0141odzi pod fa\u0142szywym nazwiskiem.<\/span><\/li>\n\n<li><span style=\"color: #000000;\"><strong>Luty 1948<\/strong> \u2013 korzystaj\u0105c z og\u0142oszonej amnestii, ujawnia si\u0119, podaje prawdziwe imi\u0119 i stopie\u0144 wojskowy. Cho\u0107 pozostaje na wolno\u015bci, jest stale \u015bledzony przez agent\u00f3w Urz\u0119du Bezpiecze\u0144stwa.<\/span><\/li>\n\n<li><span style=\"color: #000000;\"><strong>10 listopada 1950<\/strong> \u2013 zostaje ponownie aresztowany, osadzony w wi\u0119zieniu na Mokotowie i oskar\u017cony m.in. o wydawanie rozkaz\u00f3w likwidacji komunist\u00f3w i partyzant\u00f3w sowieckich.<\/span><\/li>\n\n<li><span style=\"color: #000000;\"><strong>\u015aledztwo<\/strong> \u2013 prowadzone brutalnie, mi\u0119dzy innymi przez dyrektora Departamentu \u015aledczego MBP J\u00f3zefa R\u00f3\u017ca\u0144skiego. Genera\u0142 zachowa\u0142 pe\u0142n\u0105 godno\u015b\u0107 i odm\u00f3wi\u0142 wsp\u00f3\u0142pracy z UB, nie przyznaj\u0105c si\u0119 do zarzut\u00f3w.<\/span><\/li>\n<\/ul>\n<p><span style=\"color: #000000;\"><\/span><\/p>\n<h3 class=\"wp-block-heading\"><span style=\"color: #000000;\"><strong>Proces i wyrok<\/strong><\/span><\/h3>\n<p><span style=\"color: #000000;\"><\/span><\/p>\n<ul class=\"wp-block-list\">\n<li><span style=\"color: #000000;\"><strong>16 kwietnia 1952<\/strong> \u2013 w gmachu S\u0105du Wojew\u00f3dzkiego w Warszawie odby\u0142a si\u0119 tajna rozprawa. S\u0105d, pod przewodnictwem s\u0119dzi Marii Gurowskiej, uzna\u0142 gen. Fieldorfa winnym na podstawie fa\u0142szywych zarzut\u00f3w i skaza\u0142 na <strong>\u015bmier\u0107 przez powieszenie<\/strong>. Wyrok obejmowa\u0142 r\u00f3wnie\u017c utrat\u0119 praw obywatelskich i honorowych oraz przepadek mienia.<\/span><\/li>\n\n<li><span style=\"color: #000000;\">Genera\u0142 by\u0142 znany z troski o m\u0142odych \u017co\u0142nierzy, wcielanych do \u201eludowej\u201d armii i zagro\u017conych kar\u0105 \u015bmierci za dezercj\u0119 \u2013 dzieli\u0142 si\u0119 z nimi jedzeniem, wspiera\u0142 moralnie i pomaga\u0142 w codziennych obowi\u0105zkach. Nawet w wi\u0119zieniu wykonywa\u0142 prace porz\u0105dkowe w\u0142asnymi r\u0119kami, cerowa\u0142 skarpety wsp\u00f3\u0142wi\u0119\u017ani\u00f3w drewnian\u0105 ig\u0142\u0105 wyostrzon\u0105 na betonie.<\/span><\/li>\n<\/ul>\n<p><span style=\"color: #000000;\"><\/span><\/p>\n<h3 class=\"wp-block-heading\"><span style=\"color: #000000;\"><strong>Egzekucja i pami\u0119\u0107<\/strong><\/span><\/h3>\n<p><span style=\"color: #000000;\"><\/span><\/p>\n<ul class=\"wp-block-list\">\n<li><span style=\"color: #000000;\">Wyrok zosta\u0142 wykonany <strong>24 lutego 1953 roku<\/strong> w wi\u0119zieniu przy ul. Rakowieckiej w Warszawie. Odm\u00f3wiono mu nawet \u017co\u0142nierskiej \u015bmierci przez rozstrzelanie, a cia\u0142o zosta\u0142o potajemnie pochowane.<\/span><\/li>\n\n<li><span style=\"color: #000000;\"><strong>Biuro Poszukiwa\u0144 i Identyfikacji IPN<\/strong> wci\u0105\u017c poszukuje mogi\u0142y genera\u0142a, aby mo\u017cna by\u0142o odda\u0107 mu nale\u017cne <strong>honory wojskowe<\/strong>.<\/span><\/li>\n<\/ul>\n<p><span style=\"color: #000000;\"><\/span><\/p>\n<p class=\"wp-block-paragraph\">\u00a0<\/p>\n<p><span style=\"color: #000000;\"><\/span><\/p>\t\t\t\t\t\t\t\t<\/div>\n\t\t\t\t\t<\/div>\n\t\t\t\t<\/div>\n\t\t<div class=\"elementor-element elementor-element-d35674b e-flex e-con-boxed e-con e-parent\" data-id=\"d35674b\" data-element_type=\"container\" data-e-type=\"container\">\n\t\t\t\t\t<div class=\"e-con-inner\">\n\t\t\t\t<div class=\"elementor-element elementor-element-eef52ef elementor-widget elementor-widget-image\" data-id=\"eef52ef\" data-element_type=\"widget\" data-e-type=\"widget\" data-widget_type=\"image.default\">\n\t\t\t\t\t\t\t\t\t\t\t\t\t\t\t<img fetchpriority=\"high\" decoding=\"async\" width=\"563\" height=\"782\" src=\"https:\/\/antykomunistyczni.pl\/wp-content\/uploads\/2026\/03\/GeneralNil.jpg\" class=\"attachment-large size-large wp-image-701\" alt=\"\" srcset=\"https:\/\/antykomunistyczni.pl\/wp-content\/uploads\/2026\/03\/GeneralNil.jpg 563w, https:\/\/antykomunistyczni.pl\/wp-content\/uploads\/2026\/03\/GeneralNil-216x300.jpg 216w\" sizes=\"(max-width: 563px) 100vw, 563px\" \/>\t\t\t\t\t\t\t\t\t\t\t\t\t\t\t<\/div>\n\t\t\t\t\t<\/div>\n\t\t\t\t<\/div>\n\t\t\t\t<\/div>\n\t\t","protected":false},"excerpt":{"rendered":"<p>24 lutego 1953 roku, po sfingowanym procesie, w wi\u0119zieniu na warszawskim Mokotowie zosta\u0142 zamordowany gen. August Emil Fieldorf \u201eNil\u201d \u2013 organizator i szef Kedywu Komendy G\u0142\u00f3wnej AK, jeden z najwybitniejszych \u017co\u0142nierzy Armii Krajowej i polskiego podziemia niepodleg\u0142o\u015bciowego. By\u0142 najwy\u017cszym rang\u0105 oficerem AK straconym przez w\u0142adze komunistyczne. Ta zbrodnia s\u0105dowa pozostaje nierozliczona \u2013 sprawcy nigdy nie [&hellip;]<\/p>\n","protected":false},"author":1,"featured_media":701,"comment_status":"closed","ping_status":"closed","sticky":false,"template":"","format":"standard","meta":{"give_campaign_id":0,"footnotes":""},"categories":[27],"tags":[],"class_list":["post-700","post","type-post","status-publish","format-standard","has-post-thumbnail","hentry","category-antykomunisci"],"yoast_head":"<!-- This site is optimized with the Yoast SEO plugin v28.4 - https:\/\/yoast.com\/product\/yoast-seo-wordpress\/ -->\n<title>Gen. August Emil Fieldorf \u201eNil\u201d \u2013 niez\u0142omny \u017co\u0142nierz Armii Krajowej - Antykomunistyczni.pl<\/title>\n<meta name=\"robots\" content=\"index, follow, max-snippet:-1, max-image-preview:large, max-video-preview:-1\" \/>\n<link rel=\"canonical\" href=\"https:\/\/antykomunistyczni.pl\/index.php\/gen-august-emil-fieldorf-nil-niezlomny-zolnierz-armii-krajowej\/\" \/>\n<meta property=\"og:locale\" content=\"pl_PL\" \/>\n<meta property=\"og:type\" content=\"article\" \/>\n<meta property=\"og:title\" content=\"Gen. August Emil Fieldorf \u201eNil\u201d \u2013 niez\u0142omny \u017co\u0142nierz Armii Krajowej - Antykomunistyczni.pl\" \/>\n<meta property=\"og:description\" content=\"24 lutego 1953 roku, po sfingowanym procesie, w wi\u0119zieniu na warszawskim Mokotowie zosta\u0142 zamordowany gen. August Emil Fieldorf \u201eNil\u201d \u2013 organizator i szef Kedywu Komendy G\u0142\u00f3wnej AK, jeden z najwybitniejszych \u017co\u0142nierzy Armii Krajowej i polskiego podziemia niepodleg\u0142o\u015bciowego. By\u0142 najwy\u017cszym rang\u0105 oficerem AK straconym przez w\u0142adze komunistyczne. Ta zbrodnia s\u0105dowa pozostaje nierozliczona \u2013 sprawcy nigdy nie [&hellip;]\" \/>\n<meta property=\"og:url\" content=\"https:\/\/antykomunistyczni.pl\/index.php\/gen-august-emil-fieldorf-nil-niezlomny-zolnierz-armii-krajowej\/\" \/>\n<meta property=\"og:site_name\" content=\"Antykomunistyczni.pl\" \/>\n<meta property=\"article:publisher\" content=\"https:\/\/www.facebook.com\/antykomunistyczni\/\" \/>\n<meta property=\"article:published_time\" content=\"2026-03-02T19:20:37+00:00\" \/>\n<meta property=\"article:modified_time\" content=\"2026-03-02T19:21:17+00:00\" \/>\n<meta property=\"og:image\" content=\"https:\/\/antykomunistyczni.pl\/wp-content\/uploads\/2026\/03\/GeneralNil.jpg\" \/>\n\t<meta property=\"og:image:width\" content=\"563\" \/>\n\t<meta property=\"og:image:height\" content=\"782\" \/>\n\t<meta property=\"og:image:type\" content=\"image\/jpeg\" \/>\n<meta name=\"author\" content=\"Antykomunistyczni\" \/>\n<meta name=\"twitter:card\" content=\"summary_large_image\" \/>\n<meta name=\"twitter:creator\" content=\"@anty_komunisci\" \/>\n<meta name=\"twitter:site\" content=\"@anty_komunisci\" \/>\n<meta name=\"twitter:label1\" content=\"Napisane przez\" \/>\n\t<meta name=\"twitter:data1\" content=\"Antykomunistyczni\" \/>\n\t<meta name=\"twitter:label2\" content=\"Szacowany czas czytania\" \/>\n\t<meta name=\"twitter:data2\" content=\"2 minuty\" \/>\n<script type=\"application\/ld+json\" class=\"yoast-schema-graph\">{\"@context\":\"https:\\\/\\\/schema.org\",\"@graph\":[{\"@type\":\"Article\",\"@id\":\"https:\\\/\\\/antykomunistyczni.pl\\\/index.php\\\/gen-august-emil-fieldorf-nil-niezlomny-zolnierz-armii-krajowej\\\/#article\",\"isPartOf\":{\"@id\":\"https:\\\/\\\/antykomunistyczni.pl\\\/index.php\\\/gen-august-emil-fieldorf-nil-niezlomny-zolnierz-armii-krajowej\\\/\"},\"author\":{\"name\":\"Antykomunistyczni\",\"@id\":\"https:\\\/\\\/antykomunistyczni.pl\\\/#\\\/schema\\\/person\\\/4963e693e8006b94062d91d1295d02a0\"},\"headline\":\"Gen. August Emil Fieldorf \u201eNil\u201d \u2013 niez\u0142omny \u017co\u0142nierz Armii Krajowej\",\"datePublished\":\"2026-03-02T19:20:37+00:00\",\"dateModified\":\"2026-03-02T19:21:17+00:00\",\"mainEntityOfPage\":{\"@id\":\"https:\\\/\\\/antykomunistyczni.pl\\\/index.php\\\/gen-august-emil-fieldorf-nil-niezlomny-zolnierz-armii-krajowej\\\/\"},\"wordCount\":403,\"publisher\":{\"@id\":\"https:\\\/\\\/antykomunistyczni.pl\\\/#organization\"},\"image\":{\"@id\":\"https:\\\/\\\/antykomunistyczni.pl\\\/index.php\\\/gen-august-emil-fieldorf-nil-niezlomny-zolnierz-armii-krajowej\\\/#primaryimage\"},\"thumbnailUrl\":\"https:\\\/\\\/antykomunistyczni.pl\\\/wp-content\\\/uploads\\\/2026\\\/03\\\/GeneralNil.jpg\",\"articleSection\":[\"Antykomuni\u015bci\"],\"inLanguage\":\"pl-PL\"},{\"@type\":\"WebPage\",\"@id\":\"https:\\\/\\\/antykomunistyczni.pl\\\/index.php\\\/gen-august-emil-fieldorf-nil-niezlomny-zolnierz-armii-krajowej\\\/\",\"url\":\"https:\\\/\\\/antykomunistyczni.pl\\\/index.php\\\/gen-august-emil-fieldorf-nil-niezlomny-zolnierz-armii-krajowej\\\/\",\"name\":\"Gen. August Emil Fieldorf \u201eNil\u201d \u2013 niez\u0142omny \u017co\u0142nierz Armii Krajowej - Antykomunistyczni.pl\",\"isPartOf\":{\"@id\":\"https:\\\/\\\/antykomunistyczni.pl\\\/#website\"},\"primaryImageOfPage\":{\"@id\":\"https:\\\/\\\/antykomunistyczni.pl\\\/index.php\\\/gen-august-emil-fieldorf-nil-niezlomny-zolnierz-armii-krajowej\\\/#primaryimage\"},\"image\":{\"@id\":\"https:\\\/\\\/antykomunistyczni.pl\\\/index.php\\\/gen-august-emil-fieldorf-nil-niezlomny-zolnierz-armii-krajowej\\\/#primaryimage\"},\"thumbnailUrl\":\"https:\\\/\\\/antykomunistyczni.pl\\\/wp-content\\\/uploads\\\/2026\\\/03\\\/GeneralNil.jpg\",\"datePublished\":\"2026-03-02T19:20:37+00:00\",\"dateModified\":\"2026-03-02T19:21:17+00:00\",\"breadcrumb\":{\"@id\":\"https:\\\/\\\/antykomunistyczni.pl\\\/index.php\\\/gen-august-emil-fieldorf-nil-niezlomny-zolnierz-armii-krajowej\\\/#breadcrumb\"},\"inLanguage\":\"pl-PL\",\"potentialAction\":[{\"@type\":\"ReadAction\",\"target\":[\"https:\\\/\\\/antykomunistyczni.pl\\\/index.php\\\/gen-august-emil-fieldorf-nil-niezlomny-zolnierz-armii-krajowej\\\/\"]}]},{\"@type\":\"ImageObject\",\"inLanguage\":\"pl-PL\",\"@id\":\"https:\\\/\\\/antykomunistyczni.pl\\\/index.php\\\/gen-august-emil-fieldorf-nil-niezlomny-zolnierz-armii-krajowej\\\/#primaryimage\",\"url\":\"https:\\\/\\\/antykomunistyczni.pl\\\/wp-content\\\/uploads\\\/2026\\\/03\\\/GeneralNil.jpg\",\"contentUrl\":\"https:\\\/\\\/antykomunistyczni.pl\\\/wp-content\\\/uploads\\\/2026\\\/03\\\/GeneralNil.jpg\",\"width\":563,\"height\":782},{\"@type\":\"BreadcrumbList\",\"@id\":\"https:\\\/\\\/antykomunistyczni.pl\\\/index.php\\\/gen-august-emil-fieldorf-nil-niezlomny-zolnierz-armii-krajowej\\\/#breadcrumb\",\"itemListElement\":[{\"@type\":\"ListItem\",\"position\":1,\"name\":\"Strona g\u0142\u00f3wna\",\"item\":\"https:\\\/\\\/antykomunistyczni.pl\\\/\"},{\"@type\":\"ListItem\",\"position\":2,\"name\":\"Gen. August Emil Fieldorf \u201eNil\u201d \u2013 niez\u0142omny \u017co\u0142nierz Armii Krajowej\"}]},{\"@type\":\"WebSite\",\"@id\":\"https:\\\/\\\/antykomunistyczni.pl\\\/#website\",\"url\":\"https:\\\/\\\/antykomunistyczni.pl\\\/\",\"name\":\"Antykomunistyczni.pl\",\"description\":\"\",\"publisher\":{\"@id\":\"https:\\\/\\\/antykomunistyczni.pl\\\/#organization\"},\"alternateName\":\"Historia PRL, zbrodnie komunistyczne w Polsce i na \u015bwiecie\",\"potentialAction\":[{\"@type\":\"SearchAction\",\"target\":{\"@type\":\"EntryPoint\",\"urlTemplate\":\"https:\\\/\\\/antykomunistyczni.pl\\\/?s={search_term_string}\"},\"query-input\":{\"@type\":\"PropertyValueSpecification\",\"valueRequired\":true,\"valueName\":\"search_term_string\"}}],\"inLanguage\":\"pl-PL\"},{\"@type\":\"Organization\",\"@id\":\"https:\\\/\\\/antykomunistyczni.pl\\\/#organization\",\"name\":\"Antykomunistyczni.pl\",\"url\":\"https:\\\/\\\/antykomunistyczni.pl\\\/\",\"logo\":{\"@type\":\"ImageObject\",\"inLanguage\":\"pl-PL\",\"@id\":\"https:\\\/\\\/antykomunistyczni.pl\\\/#\\\/schema\\\/logo\\\/image\\\/\",\"url\":\"https:\\\/\\\/antykomunistyczni.pl\\\/wp-content\\\/uploads\\\/2026\\\/02\\\/cropped-AntykomunistyczniLogoSquare150x150-2.png\",\"contentUrl\":\"https:\\\/\\\/antykomunistyczni.pl\\\/wp-content\\\/uploads\\\/2026\\\/02\\\/cropped-AntykomunistyczniLogoSquare150x150-2.png\",\"width\":150,\"height\":150,\"caption\":\"Antykomunistyczni.pl\"},\"image\":{\"@id\":\"https:\\\/\\\/antykomunistyczni.pl\\\/#\\\/schema\\\/logo\\\/image\\\/\"},\"sameAs\":[\"https:\\\/\\\/www.facebook.com\\\/antykomunistyczni\\\/\",\"https:\\\/\\\/x.com\\\/anty_komunisci\"]},{\"@type\":\"Person\",\"@id\":\"https:\\\/\\\/antykomunistyczni.pl\\\/#\\\/schema\\\/person\\\/4963e693e8006b94062d91d1295d02a0\",\"name\":\"Antykomunistyczni\",\"image\":{\"@type\":\"ImageObject\",\"inLanguage\":\"pl-PL\",\"@id\":\"https:\\\/\\\/secure.gravatar.com\\\/avatar\\\/ff172875f9ced7887f883245268c1ba638c26cf1e0530f7f61b4705963a6730b?s=96&d=mm&r=g\",\"url\":\"https:\\\/\\\/secure.gravatar.com\\\/avatar\\\/ff172875f9ced7887f883245268c1ba638c26cf1e0530f7f61b4705963a6730b?s=96&d=mm&r=g\",\"contentUrl\":\"https:\\\/\\\/secure.gravatar.com\\\/avatar\\\/ff172875f9ced7887f883245268c1ba638c26cf1e0530f7f61b4705963a6730b?s=96&d=mm&r=g\",\"caption\":\"Antykomunistyczni\"},\"sameAs\":[\"http:\\\/\\\/antykomunistyczni.pl\"],\"url\":\"https:\\\/\\\/antykomunistyczni.pl\\\/index.php\\\/author\\\/admin0\\\/\"}]}<\/script>\n<!-- \/ Yoast SEO plugin. -->","yoast_head_json":{"title":"Gen. August Emil Fieldorf \u201eNil\u201d \u2013 niez\u0142omny \u017co\u0142nierz Armii Krajowej - Antykomunistyczni.pl","robots":{"index":"index","follow":"follow","max-snippet":"max-snippet:-1","max-image-preview":"max-image-preview:large","max-video-preview":"max-video-preview:-1"},"canonical":"https:\/\/antykomunistyczni.pl\/index.php\/gen-august-emil-fieldorf-nil-niezlomny-zolnierz-armii-krajowej\/","og_locale":"pl_PL","og_type":"article","og_title":"Gen. August Emil Fieldorf \u201eNil\u201d \u2013 niez\u0142omny \u017co\u0142nierz Armii Krajowej - Antykomunistyczni.pl","og_description":"24 lutego 1953 roku, po sfingowanym procesie, w wi\u0119zieniu na warszawskim Mokotowie zosta\u0142 zamordowany gen. August Emil Fieldorf \u201eNil\u201d \u2013 organizator i szef Kedywu Komendy G\u0142\u00f3wnej AK, jeden z najwybitniejszych \u017co\u0142nierzy Armii Krajowej i polskiego podziemia niepodleg\u0142o\u015bciowego. By\u0142 najwy\u017cszym rang\u0105 oficerem AK straconym przez w\u0142adze komunistyczne. Ta zbrodnia s\u0105dowa pozostaje nierozliczona \u2013 sprawcy nigdy nie [&hellip;]","og_url":"https:\/\/antykomunistyczni.pl\/index.php\/gen-august-emil-fieldorf-nil-niezlomny-zolnierz-armii-krajowej\/","og_site_name":"Antykomunistyczni.pl","article_publisher":"https:\/\/www.facebook.com\/antykomunistyczni\/","article_published_time":"2026-03-02T19:20:37+00:00","article_modified_time":"2026-03-02T19:21:17+00:00","og_image":[{"width":563,"height":782,"url":"https:\/\/antykomunistyczni.pl\/wp-content\/uploads\/2026\/03\/GeneralNil.jpg","type":"image\/jpeg"}],"author":"Antykomunistyczni","twitter_card":"summary_large_image","twitter_creator":"@anty_komunisci","twitter_site":"@anty_komunisci","twitter_misc":{"Napisane przez":"Antykomunistyczni","Szacowany czas czytania":"2 minuty"},"schema":{"@context":"https:\/\/schema.org","@graph":[{"@type":"Article","@id":"https:\/\/antykomunistyczni.pl\/index.php\/gen-august-emil-fieldorf-nil-niezlomny-zolnierz-armii-krajowej\/#article","isPartOf":{"@id":"https:\/\/antykomunistyczni.pl\/index.php\/gen-august-emil-fieldorf-nil-niezlomny-zolnierz-armii-krajowej\/"},"author":{"name":"Antykomunistyczni","@id":"https:\/\/antykomunistyczni.pl\/#\/schema\/person\/4963e693e8006b94062d91d1295d02a0"},"headline":"Gen. August Emil Fieldorf \u201eNil\u201d \u2013 niez\u0142omny \u017co\u0142nierz Armii Krajowej","datePublished":"2026-03-02T19:20:37+00:00","dateModified":"2026-03-02T19:21:17+00:00","mainEntityOfPage":{"@id":"https:\/\/antykomunistyczni.pl\/index.php\/gen-august-emil-fieldorf-nil-niezlomny-zolnierz-armii-krajowej\/"},"wordCount":403,"publisher":{"@id":"https:\/\/antykomunistyczni.pl\/#organization"},"image":{"@id":"https:\/\/antykomunistyczni.pl\/index.php\/gen-august-emil-fieldorf-nil-niezlomny-zolnierz-armii-krajowej\/#primaryimage"},"thumbnailUrl":"https:\/\/antykomunistyczni.pl\/wp-content\/uploads\/2026\/03\/GeneralNil.jpg","articleSection":["Antykomuni\u015bci"],"inLanguage":"pl-PL"},{"@type":"WebPage","@id":"https:\/\/antykomunistyczni.pl\/index.php\/gen-august-emil-fieldorf-nil-niezlomny-zolnierz-armii-krajowej\/","url":"https:\/\/antykomunistyczni.pl\/index.php\/gen-august-emil-fieldorf-nil-niezlomny-zolnierz-armii-krajowej\/","name":"Gen. August Emil Fieldorf \u201eNil\u201d \u2013 niez\u0142omny \u017co\u0142nierz Armii Krajowej - Antykomunistyczni.pl","isPartOf":{"@id":"https:\/\/antykomunistyczni.pl\/#website"},"primaryImageOfPage":{"@id":"https:\/\/antykomunistyczni.pl\/index.php\/gen-august-emil-fieldorf-nil-niezlomny-zolnierz-armii-krajowej\/#primaryimage"},"image":{"@id":"https:\/\/antykomunistyczni.pl\/index.php\/gen-august-emil-fieldorf-nil-niezlomny-zolnierz-armii-krajowej\/#primaryimage"},"thumbnailUrl":"https:\/\/antykomunistyczni.pl\/wp-content\/uploads\/2026\/03\/GeneralNil.jpg","datePublished":"2026-03-02T19:20:37+00:00","dateModified":"2026-03-02T19:21:17+00:00","breadcrumb":{"@id":"https:\/\/antykomunistyczni.pl\/index.php\/gen-august-emil-fieldorf-nil-niezlomny-zolnierz-armii-krajowej\/#breadcrumb"},"inLanguage":"pl-PL","potentialAction":[{"@type":"ReadAction","target":["https:\/\/antykomunistyczni.pl\/index.php\/gen-august-emil-fieldorf-nil-niezlomny-zolnierz-armii-krajowej\/"]}]},{"@type":"ImageObject","inLanguage":"pl-PL","@id":"https:\/\/antykomunistyczni.pl\/index.php\/gen-august-emil-fieldorf-nil-niezlomny-zolnierz-armii-krajowej\/#primaryimage","url":"https:\/\/antykomunistyczni.pl\/wp-content\/uploads\/2026\/03\/GeneralNil.jpg","contentUrl":"https:\/\/antykomunistyczni.pl\/wp-content\/uploads\/2026\/03\/GeneralNil.jpg","width":563,"height":782},{"@type":"BreadcrumbList","@id":"https:\/\/antykomunistyczni.pl\/index.php\/gen-august-emil-fieldorf-nil-niezlomny-zolnierz-armii-krajowej\/#breadcrumb","itemListElement":[{"@type":"ListItem","position":1,"name":"Strona g\u0142\u00f3wna","item":"https:\/\/antykomunistyczni.pl\/"},{"@type":"ListItem","position":2,"name":"Gen. August Emil Fieldorf \u201eNil\u201d \u2013 niez\u0142omny \u017co\u0142nierz Armii Krajowej"}]},{"@type":"WebSite","@id":"https:\/\/antykomunistyczni.pl\/#website","url":"https:\/\/antykomunistyczni.pl\/","name":"Antykomunistyczni.pl","description":"","publisher":{"@id":"https:\/\/antykomunistyczni.pl\/#organization"},"alternateName":"Historia PRL, zbrodnie komunistyczne w Polsce i na \u015bwiecie","potentialAction":[{"@type":"SearchAction","target":{"@type":"EntryPoint","urlTemplate":"https:\/\/antykomunistyczni.pl\/?s={search_term_string}"},"query-input":{"@type":"PropertyValueSpecification","valueRequired":true,"valueName":"search_term_string"}}],"inLanguage":"pl-PL"},{"@type":"Organization","@id":"https:\/\/antykomunistyczni.pl\/#organization","name":"Antykomunistyczni.pl","url":"https:\/\/antykomunistyczni.pl\/","logo":{"@type":"ImageObject","inLanguage":"pl-PL","@id":"https:\/\/antykomunistyczni.pl\/#\/schema\/logo\/image\/","url":"https:\/\/antykomunistyczni.pl\/wp-content\/uploads\/2026\/02\/cropped-AntykomunistyczniLogoSquare150x150-2.png","contentUrl":"https:\/\/antykomunistyczni.pl\/wp-content\/uploads\/2026\/02\/cropped-AntykomunistyczniLogoSquare150x150-2.png","width":150,"height":150,"caption":"Antykomunistyczni.pl"},"image":{"@id":"https:\/\/antykomunistyczni.pl\/#\/schema\/logo\/image\/"},"sameAs":["https:\/\/www.facebook.com\/antykomunistyczni\/","https:\/\/x.com\/anty_komunisci"]},{"@type":"Person","@id":"https:\/\/antykomunistyczni.pl\/#\/schema\/person\/4963e693e8006b94062d91d1295d02a0","name":"Antykomunistyczni","image":{"@type":"ImageObject","inLanguage":"pl-PL","@id":"https:\/\/secure.gravatar.com\/avatar\/ff172875f9ced7887f883245268c1ba638c26cf1e0530f7f61b4705963a6730b?s=96&d=mm&r=g","url":"https:\/\/secure.gravatar.com\/avatar\/ff172875f9ced7887f883245268c1ba638c26cf1e0530f7f61b4705963a6730b?s=96&d=mm&r=g","contentUrl":"https:\/\/secure.gravatar.com\/avatar\/ff172875f9ced7887f883245268c1ba638c26cf1e0530f7f61b4705963a6730b?s=96&d=mm&r=g","caption":"Antykomunistyczni"},"sameAs":["http:\/\/antykomunistyczni.pl"],"url":"https:\/\/antykomunistyczni.pl\/index.php\/author\/admin0\/"}]}},"_links":{"self":[{"href":"https:\/\/antykomunistyczni.pl\/index.php\/wp-json\/wp\/v2\/posts\/700","targetHints":{"allow":["GET"]}}],"collection":[{"href":"https:\/\/antykomunistyczni.pl\/index.php\/wp-json\/wp\/v2\/posts"}],"about":[{"href":"https:\/\/antykomunistyczni.pl\/index.php\/wp-json\/wp\/v2\/types\/post"}],"author":[{"embeddable":true,"href":"https:\/\/antykomunistyczni.pl\/index.php\/wp-json\/wp\/v2\/users\/1"}],"replies":[{"embeddable":true,"href":"https:\/\/antykomunistyczni.pl\/index.php\/wp-json\/wp\/v2\/comments?post=700"}],"version-history":[{"count":4,"href":"https:\/\/antykomunistyczni.pl\/index.php\/wp-json\/wp\/v2\/posts\/700\/revisions"}],"predecessor-version":[{"id":705,"href":"https:\/\/antykomunistyczni.pl\/index.php\/wp-json\/wp\/v2\/posts\/700\/revisions\/705"}],"wp:featuredmedia":[{"embeddable":true,"href":"https:\/\/antykomunistyczni.pl\/index.php\/wp-json\/wp\/v2\/media\/701"}],"wp:attachment":[{"href":"https:\/\/antykomunistyczni.pl\/index.php\/wp-json\/wp\/v2\/media?parent=700"}],"wp:term":[{"taxonomy":"category","embeddable":true,"href":"https:\/\/antykomunistyczni.pl\/index.php\/wp-json\/wp\/v2\/categories?post=700"},{"taxonomy":"post_tag","embeddable":true,"href":"https:\/\/antykomunistyczni.pl\/index.php\/wp-json\/wp\/v2\/tags?post=700"}],"curies":[{"name":"wp","href":"https:\/\/api.w.org\/{rel}","templated":true}]}}