{"id":733,"date":"2026-03-05T08:00:00","date_gmt":"2026-03-05T07:00:00","guid":{"rendered":"https:\/\/antykomunistyczni.pl\/?p=733"},"modified":"2026-03-03T12:41:08","modified_gmt":"2026-03-03T11:41:08","slug":"5-marca-1940-decyzja-o-zbrodni-katynskiej","status":"publish","type":"post","link":"https:\/\/antykomunistyczni.pl\/index.php\/5-marca-1940-decyzja-o-zbrodni-katynskiej\/","title":{"rendered":"5 marca 1940 \u2013 decyzja o zbrodni katy\u0144skiej"},"content":{"rendered":"\t\t<div data-elementor-type=\"wp-post\" data-elementor-id=\"733\" class=\"elementor elementor-733\">\n\t\t\t\t<div class=\"elementor-element elementor-element-e2ad35c e-flex e-con-boxed e-con e-parent\" data-id=\"e2ad35c\" data-element_type=\"container\" data-e-type=\"container\">\n\t\t\t\t\t<div class=\"e-con-inner\">\n\t\t\t\t<div class=\"elementor-element elementor-element-8ab79d3 elementor-widget elementor-widget-heading\" data-id=\"8ab79d3\" data-element_type=\"widget\" data-e-type=\"widget\" data-widget_type=\"heading.default\">\n\t\t\t\t\t<h2 class=\"elementor-heading-title elementor-size-default\">Rocznica decyzji o zbrodni katy\u0144skiej<\/h2>\t\t\t\t<\/div>\n\t\t\t\t\t<\/div>\n\t\t\t\t<\/div>\n\t\t<div class=\"elementor-element elementor-element-5206c50 e-flex e-con-boxed e-con e-parent\" data-id=\"5206c50\" data-element_type=\"container\" data-e-type=\"container\">\n\t\t\t\t\t<div class=\"e-con-inner\">\n\t\t\t\t<div class=\"elementor-element elementor-element-867f1ad elementor-widget elementor-widget-image\" data-id=\"867f1ad\" data-element_type=\"widget\" data-e-type=\"widget\" data-widget_type=\"image.default\">\n\t\t\t\t\t\t\t\t\t\t\t\t\t\t\t<img fetchpriority=\"high\" decoding=\"async\" width=\"768\" height=\"595\" src=\"https:\/\/antykomunistyczni.pl\/wp-content\/uploads\/2026\/03\/RocznicaZbrodniKatynskiej-768x595.jpg\" class=\"attachment-medium_large size-medium_large wp-image-734\" alt=\"\" srcset=\"https:\/\/antykomunistyczni.pl\/wp-content\/uploads\/2026\/03\/RocznicaZbrodniKatynskiej-768x595.jpg 768w, https:\/\/antykomunistyczni.pl\/wp-content\/uploads\/2026\/03\/RocznicaZbrodniKatynskiej-300x233.jpg 300w, https:\/\/antykomunistyczni.pl\/wp-content\/uploads\/2026\/03\/RocznicaZbrodniKatynskiej-1024x794.jpg 1024w, https:\/\/antykomunistyczni.pl\/wp-content\/uploads\/2026\/03\/RocznicaZbrodniKatynskiej-1536x1190.jpg 1536w, https:\/\/antykomunistyczni.pl\/wp-content\/uploads\/2026\/03\/RocznicaZbrodniKatynskiej.jpg 1920w\" sizes=\"(max-width: 768px) 100vw, 768px\" \/>\t\t\t\t\t\t\t\t\t\t\t\t\t\t\t<\/div>\n\t\t\t\t\t<\/div>\n\t\t\t\t<\/div>\n\t\t<div class=\"elementor-element elementor-element-341c1478 e-flex e-con-boxed e-con e-parent\" data-id=\"341c1478\" data-element_type=\"container\" data-e-type=\"container\">\n\t\t\t\t\t<div class=\"e-con-inner\">\n\t\t\t\t<div class=\"elementor-element elementor-element-5b4e8ad7 elementor-widget elementor-widget-text-editor\" data-id=\"5b4e8ad7\" data-element_type=\"widget\" data-e-type=\"widget\" data-widget_type=\"text-editor.default\">\n\t\t\t\t\t\t\t\t\t<p><span style=\"color: #000000;\"><\/span><\/p>\n<p class=\"wp-block-paragraph\"><span style=\"color: #000000;\">5 marca 1940 roku Biuro Polityczne KC WKP(b) podj\u0119\u0142o jedn\u0105 z najbardziej zbrodniczych decyzji XX wieku. Na wniosek szefa NKWD \u0141awrientija Berii zatwierdzono rozkaz rozstrzelania tysi\u0119cy polskich je\u0144c\u00f3w wojennych i wi\u0119\u017ani\u00f3w przetrzymywanych w obozach specjalnych NKWD. Pod dokumentem podpisali si\u0119 m.in. J\u00f3zef Stalin, Wiaczes\u0142aw Mo\u0142otow, Kliment Woroszy\u0142ow i Anastas Mikojan.<\/span><\/p>\n<p><span style=\"color: #000000;\"><\/span><\/p>\n<p class=\"wp-block-paragraph\"><span style=\"color: #000000;\">Ta decyzja sta\u0142a si\u0119 pocz\u0105tkiem systematycznej eksterminacji polskich elit \u2013 zbrodni, kt\u00f3r\u0105 \u015bwiat pozna\u0142 pod nazw\u0105 <strong>zbrodni katy\u0144skiej<\/strong>.<\/span><\/p>\n<p><span style=\"color: #000000;\"><\/span><\/p>\n<hr class=\"wp-block-separator has-alpha-channel-opacity\" \/>\n<p><span style=\"color: #000000;\"><\/span><\/p>\n<h2 class=\"wp-block-heading\"><span style=\"color: #000000;\">Planowana likwidacja elity narodu<\/span><\/h2>\n<p><span style=\"color: #000000;\"><\/span><\/p>\n<p class=\"wp-block-paragraph\"><span style=\"color: #000000;\">Wiosn\u0105 1940 roku funkcjonariusze NKWD przyst\u0105pili do realizacji rozkazu. Zamordowano blisko 22 tysi\u0105ce obywateli II Rzeczypospolitej \u2013 oficer\u00f3w Wojska Polskiego, policjant\u00f3w, funkcjonariuszy KOP, urz\u0119dnik\u00f3w, lekarzy, profesor\u00f3w, prawnik\u00f3w, duchownych.<\/span><\/p>\n<p><span style=\"color: #000000;\"><\/span><\/p>\n<p class=\"wp-block-paragraph\"><span style=\"color: #000000;\">Egzekucje przeprowadzano m.in. w:<\/span><\/p>\n<p><span style=\"color: #000000;\"><\/span><\/p>\n<ul class=\"wp-block-list\">\n<li><span style=\"color: #000000;\">Katyniu (je\u0144cy z obozu w Kozielsku),<\/span><\/li>\n\n<li><span style=\"color: #000000;\">Charkowie (je\u0144cy ze Starobielska),<\/span><\/li>\n\n<li><span style=\"color: #000000;\">Twerze\/Miednoje (je\u0144cy z Ostaszkowa),<\/span><\/li>\n\n<li><span style=\"color: #000000;\">a tak\u017ce w wi\u0119zieniach na terenie zaj\u0119tych Kres\u00f3w Wschodnich.<\/span><\/li>\n<\/ul>\n<p><span style=\"color: #000000;\"><\/span><\/p>\n<p class=\"wp-block-paragraph\"><span style=\"color: #000000;\">By\u0142a to operacja zaplanowana i przeprowadzona z pe\u0142n\u0105 \u015bwiadomo\u015bci\u0105 \u2013 wymierzona w tych, kt\u00f3rzy stanowili fundament niepodleg\u0142ego pa\u0144stwa polskiego. Celem by\u0142o pozbawienie narodu przyw\u00f3dc\u00f3w, oficer\u00f3w, inteligencji \u2013 ludzi zdolnych do odbudowy wolnej Polski.<\/span><\/p>\n<p><span style=\"color: #000000;\"><\/span><\/p>\n<hr class=\"wp-block-separator has-alpha-channel-opacity\" \/>\n<p><span style=\"color: #000000;\"><\/span><\/p>\n<h2 class=\"wp-block-heading\"><span style=\"color: #000000;\">Strza\u0142 w ty\u0142 g\u0142owy \u2013 metoda systemu<\/span><\/h2>\n<p><span style=\"color: #000000;\"><\/span><\/p>\n<p class=\"wp-block-paragraph\"><span style=\"color: #000000;\">Egzekucje mia\u0142y charakter masowy, lecz odbywa\u0142y si\u0119 w ca\u0142kowitej tajemnicy. Ofiary by\u0142y pojedynczo wyprowadzane i zabijane strza\u0142em w ty\u0142 g\u0142owy. Cia\u0142a grzebano w zbiorowych do\u0142ach \u015bmierci. Rodzinom przez lata nie przekazywano prawdy o losie bliskich.<\/span><\/p>\n<p><span style=\"color: #000000;\"><\/span><\/p>\n<p class=\"wp-block-paragraph\"><span style=\"color: #000000;\">Zbrodnia katy\u0144ska by\u0142a nie tylko aktem fizycznej eksterminacji, ale r\u00f3wnie\u017c elementem szerszej strategii terroru \u2013 mia\u0142a z\u0142ama\u0107 ducha narodu i na trwa\u0142e os\u0142abi\u0107 polskie aspiracje niepodleg\u0142o\u015bciowe.<\/span><\/p>\n<p><span style=\"color: #000000;\"><\/span><\/p>\n<hr class=\"wp-block-separator has-alpha-channel-opacity\" \/>\n<p><span style=\"color: #000000;\"><\/span><\/p>\n<h2 class=\"wp-block-heading\"><span style=\"color: #000000;\">K\u0142amstwo katy\u0144skie<\/span><\/h2>\n<p><span style=\"color: #000000;\"><\/span><\/p>\n<p class=\"wp-block-paragraph\"><span style=\"color: #000000;\">Gdy w 1943 roku Niemcy ujawnili masowe groby w Katyniu, w\u0142adze Zwi\u0105zku Sowieckiego oskar\u017cy\u0142y o zbrodni\u0119 III Rzesz\u0119. To rozpocz\u0119\u0142o trwaj\u0105ce dziesi\u0119ciolecia \u201ek\u0142amstwo katy\u0144skie\u201d \u2013 systemowe zaprzeczanie odpowiedzialno\u015bci przez ZSRR, a po wojnie tak\u017ce przez podporz\u0105dkowane mu w\u0142adze komunistyczne w Polsce.<\/span><\/p>\n<p><span style=\"color: #000000;\"><\/span><\/p>\n<p class=\"wp-block-paragraph\"><span style=\"color: #000000;\">Dopiero w 1990 roku w\u0142adze sowieckie oficjalnie przyzna\u0142y, \u017ce zbrodni dokona\u0142o NKWD. Nigdy jednak nie przeprowadzono pe\u0142nego rozliczenia sprawc\u00f3w, a wiele dokument\u00f3w do dzi\u015b pozostaje utajnionych.<\/span><\/p>\n<p><span style=\"color: #000000;\"><\/span><\/p>\n<hr class=\"wp-block-separator has-alpha-channel-opacity\" \/>\n<p><span style=\"color: #000000;\"><\/span><\/p>\n<h2 class=\"wp-block-heading\"><span style=\"color: #000000;\">5 marca \u2013 dzie\u0144 decyzji<\/span><\/h2>\n<p><span style=\"color: #000000;\"><\/span><\/p>\n<p class=\"wp-block-paragraph\"><span style=\"color: #000000;\">Rocznica 5 marca przypomina, \u017ce zbrodnia katy\u0144ska nie by\u0142a \u201ewypadkiem wojennym\u201d ani samowol\u0105 lokalnych funkcjonariuszy. By\u0142a decyzj\u0105 najwy\u017cszych w\u0142adz pa\u0144stwa sowieckiego. Zosta\u0142a zatwierdzona przy biurku, w gabinetach w\u0142adzy, podpisana i wykonana jako element polityki pa\u0144stwowej.<\/span><\/p>\n<p><span style=\"color: #000000;\"><\/span><\/p>\n<p class=\"wp-block-paragraph\"><span style=\"color: #000000;\">To dzie\u0144, w kt\u00f3rym zapad\u0142 wyrok na tysi\u0105ce polskich rodzin \u2013 na ojc\u00f3w, syn\u00f3w, m\u0119\u017c\u00f3w.<\/span><\/p>\n<p><span style=\"color: #000000;\"><\/span><\/p>\n<hr class=\"wp-block-separator has-alpha-channel-opacity\" \/>\n<p><span style=\"color: #000000;\"><\/span><\/p>\n<h2 class=\"wp-block-heading\"><span style=\"color: #000000;\">Pami\u0119\u0107 i zobowi\u0105zanie<\/span><\/h2>\n<p><span style=\"color: #000000;\"><\/span><\/p>\n<p class=\"wp-block-paragraph\"><span style=\"color: #000000;\">Dzi\u015b, wspominaj\u0105c 5 marca 1940 roku, oddajemy ho\u0142d ofiarom i przypominamy, \u017ce prawda o Katyniu by\u0142a przez dziesi\u0119ciolecia t\u0142umiona i fa\u0142szowana. Pami\u0119\u0107 o tej zbrodni jest cz\u0119\u015bci\u0105 naszej to\u017csamo\u015bci i obowi\u0105zkiem wobec tych, kt\u00f3rym odebrano \u017cycie, a ich rodzinom \u2013 prawo do prawdy.<\/span><\/p>\n<p><span style=\"color: #000000;\"><\/span><\/p>\n<p class=\"wp-block-paragraph\"><span style=\"color: #000000;\">Zbrodnia katy\u0144ska pozostaje symbolem systemowego terroru komunistycznego i przestrog\u0105 przed w\u0142adz\u0105, kt\u00f3ra nie uznaje godno\u015bci cz\u0142owieka.<\/span><\/p>\n<p><span style=\"color: #000000;\"><\/span><\/p>\n<p class=\"wp-block-paragraph\"><span style=\"color: #000000;\">Cze\u015b\u0107 i chwa\u0142a ofiarom.<\/span><br \/><span style=\"color: #000000;\">Nie zapominamy.<\/span><\/p>\n<p><span style=\"color: #000000;\"><\/span><\/p>\n<p class=\"wp-block-paragraph\">\u00a0<\/p>\n<p><span style=\"color: #000000;\"><\/span><\/p>\t\t\t\t\t\t\t\t<\/div>\n\t\t\t\t\t<\/div>\n\t\t\t\t<\/div>\n\t\t\t\t<\/div>\n\t\t","protected":false},"excerpt":{"rendered":"<p>Rocznica decyzji o zbrodni katy\u0144skiej 5 marca 1940 roku Biuro Polityczne KC WKP(b) podj\u0119\u0142o jedn\u0105 z najbardziej zbrodniczych decyzji XX wieku. Na wniosek szefa NKWD \u0141awrientija Berii zatwierdzono rozkaz rozstrzelania tysi\u0119cy polskich je\u0144c\u00f3w wojennych i wi\u0119\u017ani\u00f3w przetrzymywanych w obozach specjalnych NKWD. Pod dokumentem podpisali si\u0119 m.in. J\u00f3zef Stalin, Wiaczes\u0142aw Mo\u0142otow, Kliment Woroszy\u0142ow i Anastas Mikojan. [&hellip;]<\/p>\n","protected":false},"author":1,"featured_media":734,"comment_status":"closed","ping_status":"closed","sticky":false,"template":"","format":"standard","meta":{"give_campaign_id":0,"footnotes":""},"categories":[22,26,29,33],"tags":[],"class_list":["post-733","post","type-post","status-publish","format-standard","has-post-thumbnail","hentry","category-aktualnosci","category-komunisci","category-komunistyczne-zbrodnie-w-polsce","category-zbrodnia-katynska"],"yoast_head":"<!-- This site is optimized with the Yoast SEO plugin v28.4 - https:\/\/yoast.com\/product\/yoast-seo-wordpress\/ -->\n<title>5 marca 1940 \u2013 decyzja o zbrodni katy\u0144skiej - Antykomunistyczni.pl<\/title>\n<meta name=\"robots\" content=\"index, follow, max-snippet:-1, max-image-preview:large, max-video-preview:-1\" \/>\n<link rel=\"canonical\" href=\"https:\/\/antykomunistyczni.pl\/index.php\/5-marca-1940-decyzja-o-zbrodni-katynskiej\/\" \/>\n<meta property=\"og:locale\" content=\"pl_PL\" \/>\n<meta property=\"og:type\" content=\"article\" \/>\n<meta property=\"og:title\" content=\"5 marca 1940 \u2013 decyzja o zbrodni katy\u0144skiej - Antykomunistyczni.pl\" \/>\n<meta property=\"og:description\" content=\"Rocznica decyzji o zbrodni katy\u0144skiej 5 marca 1940 roku Biuro Polityczne KC WKP(b) podj\u0119\u0142o jedn\u0105 z najbardziej zbrodniczych decyzji XX wieku. Na wniosek szefa NKWD \u0141awrientija Berii zatwierdzono rozkaz rozstrzelania tysi\u0119cy polskich je\u0144c\u00f3w wojennych i wi\u0119\u017ani\u00f3w przetrzymywanych w obozach specjalnych NKWD. Pod dokumentem podpisali si\u0119 m.in. J\u00f3zef Stalin, Wiaczes\u0142aw Mo\u0142otow, Kliment Woroszy\u0142ow i Anastas Mikojan. [&hellip;]\" \/>\n<meta property=\"og:url\" content=\"https:\/\/antykomunistyczni.pl\/index.php\/5-marca-1940-decyzja-o-zbrodni-katynskiej\/\" \/>\n<meta property=\"og:site_name\" content=\"Antykomunistyczni.pl\" \/>\n<meta property=\"article:publisher\" content=\"https:\/\/www.facebook.com\/antykomunistyczni\/\" \/>\n<meta property=\"article:published_time\" content=\"2026-03-05T07:00:00+00:00\" \/>\n<meta property=\"og:image\" content=\"https:\/\/antykomunistyczni.pl\/wp-content\/uploads\/2026\/03\/RocznicaZbrodniKatynskiej.jpg\" \/>\n\t<meta property=\"og:image:width\" content=\"1920\" \/>\n\t<meta property=\"og:image:height\" content=\"1488\" \/>\n\t<meta property=\"og:image:type\" content=\"image\/jpeg\" \/>\n<meta name=\"author\" content=\"Antykomunistyczni\" \/>\n<meta name=\"twitter:card\" content=\"summary_large_image\" \/>\n<meta name=\"twitter:creator\" content=\"@anty_komunisci\" \/>\n<meta name=\"twitter:site\" content=\"@anty_komunisci\" \/>\n<meta name=\"twitter:label1\" content=\"Napisane przez\" \/>\n\t<meta name=\"twitter:data1\" content=\"Antykomunistyczni\" \/>\n\t<meta name=\"twitter:label2\" content=\"Szacowany czas czytania\" \/>\n\t<meta name=\"twitter:data2\" content=\"3 minuty\" \/>\n<script type=\"application\/ld+json\" class=\"yoast-schema-graph\">{\"@context\":\"https:\\\/\\\/schema.org\",\"@graph\":[{\"@type\":\"Article\",\"@id\":\"https:\\\/\\\/antykomunistyczni.pl\\\/index.php\\\/5-marca-1940-decyzja-o-zbrodni-katynskiej\\\/#article\",\"isPartOf\":{\"@id\":\"https:\\\/\\\/antykomunistyczni.pl\\\/index.php\\\/5-marca-1940-decyzja-o-zbrodni-katynskiej\\\/\"},\"author\":{\"name\":\"Antykomunistyczni\",\"@id\":\"https:\\\/\\\/antykomunistyczni.pl\\\/#\\\/schema\\\/person\\\/4963e693e8006b94062d91d1295d02a0\"},\"headline\":\"5 marca 1940 \u2013 decyzja o zbrodni katy\u0144skiej\",\"datePublished\":\"2026-03-05T07:00:00+00:00\",\"mainEntityOfPage\":{\"@id\":\"https:\\\/\\\/antykomunistyczni.pl\\\/index.php\\\/5-marca-1940-decyzja-o-zbrodni-katynskiej\\\/\"},\"wordCount\":526,\"publisher\":{\"@id\":\"https:\\\/\\\/antykomunistyczni.pl\\\/#organization\"},\"image\":{\"@id\":\"https:\\\/\\\/antykomunistyczni.pl\\\/index.php\\\/5-marca-1940-decyzja-o-zbrodni-katynskiej\\\/#primaryimage\"},\"thumbnailUrl\":\"https:\\\/\\\/antykomunistyczni.pl\\\/wp-content\\\/uploads\\\/2026\\\/03\\\/RocznicaZbrodniKatynskiej.jpg\",\"articleSection\":[\"Aktualno\u015bci\",\"Komuni\u015bci\",\"Komunistyczne zbrodnie w Polsce\",\"Zbrodnia Katy\u0144ska\"],\"inLanguage\":\"pl-PL\"},{\"@type\":\"WebPage\",\"@id\":\"https:\\\/\\\/antykomunistyczni.pl\\\/index.php\\\/5-marca-1940-decyzja-o-zbrodni-katynskiej\\\/\",\"url\":\"https:\\\/\\\/antykomunistyczni.pl\\\/index.php\\\/5-marca-1940-decyzja-o-zbrodni-katynskiej\\\/\",\"name\":\"5 marca 1940 \u2013 decyzja o zbrodni katy\u0144skiej - Antykomunistyczni.pl\",\"isPartOf\":{\"@id\":\"https:\\\/\\\/antykomunistyczni.pl\\\/#website\"},\"primaryImageOfPage\":{\"@id\":\"https:\\\/\\\/antykomunistyczni.pl\\\/index.php\\\/5-marca-1940-decyzja-o-zbrodni-katynskiej\\\/#primaryimage\"},\"image\":{\"@id\":\"https:\\\/\\\/antykomunistyczni.pl\\\/index.php\\\/5-marca-1940-decyzja-o-zbrodni-katynskiej\\\/#primaryimage\"},\"thumbnailUrl\":\"https:\\\/\\\/antykomunistyczni.pl\\\/wp-content\\\/uploads\\\/2026\\\/03\\\/RocznicaZbrodniKatynskiej.jpg\",\"datePublished\":\"2026-03-05T07:00:00+00:00\",\"breadcrumb\":{\"@id\":\"https:\\\/\\\/antykomunistyczni.pl\\\/index.php\\\/5-marca-1940-decyzja-o-zbrodni-katynskiej\\\/#breadcrumb\"},\"inLanguage\":\"pl-PL\",\"potentialAction\":[{\"@type\":\"ReadAction\",\"target\":[\"https:\\\/\\\/antykomunistyczni.pl\\\/index.php\\\/5-marca-1940-decyzja-o-zbrodni-katynskiej\\\/\"]}]},{\"@type\":\"ImageObject\",\"inLanguage\":\"pl-PL\",\"@id\":\"https:\\\/\\\/antykomunistyczni.pl\\\/index.php\\\/5-marca-1940-decyzja-o-zbrodni-katynskiej\\\/#primaryimage\",\"url\":\"https:\\\/\\\/antykomunistyczni.pl\\\/wp-content\\\/uploads\\\/2026\\\/03\\\/RocznicaZbrodniKatynskiej.jpg\",\"contentUrl\":\"https:\\\/\\\/antykomunistyczni.pl\\\/wp-content\\\/uploads\\\/2026\\\/03\\\/RocznicaZbrodniKatynskiej.jpg\",\"width\":1920,\"height\":1488},{\"@type\":\"BreadcrumbList\",\"@id\":\"https:\\\/\\\/antykomunistyczni.pl\\\/index.php\\\/5-marca-1940-decyzja-o-zbrodni-katynskiej\\\/#breadcrumb\",\"itemListElement\":[{\"@type\":\"ListItem\",\"position\":1,\"name\":\"Strona g\u0142\u00f3wna\",\"item\":\"https:\\\/\\\/antykomunistyczni.pl\\\/\"},{\"@type\":\"ListItem\",\"position\":2,\"name\":\"5 marca 1940 \u2013 decyzja o zbrodni katy\u0144skiej\"}]},{\"@type\":\"WebSite\",\"@id\":\"https:\\\/\\\/antykomunistyczni.pl\\\/#website\",\"url\":\"https:\\\/\\\/antykomunistyczni.pl\\\/\",\"name\":\"Antykomunistyczni.pl\",\"description\":\"\",\"publisher\":{\"@id\":\"https:\\\/\\\/antykomunistyczni.pl\\\/#organization\"},\"alternateName\":\"Historia PRL, zbrodnie komunistyczne w Polsce i na \u015bwiecie\",\"potentialAction\":[{\"@type\":\"SearchAction\",\"target\":{\"@type\":\"EntryPoint\",\"urlTemplate\":\"https:\\\/\\\/antykomunistyczni.pl\\\/?s={search_term_string}\"},\"query-input\":{\"@type\":\"PropertyValueSpecification\",\"valueRequired\":true,\"valueName\":\"search_term_string\"}}],\"inLanguage\":\"pl-PL\"},{\"@type\":\"Organization\",\"@id\":\"https:\\\/\\\/antykomunistyczni.pl\\\/#organization\",\"name\":\"Antykomunistyczni.pl\",\"url\":\"https:\\\/\\\/antykomunistyczni.pl\\\/\",\"logo\":{\"@type\":\"ImageObject\",\"inLanguage\":\"pl-PL\",\"@id\":\"https:\\\/\\\/antykomunistyczni.pl\\\/#\\\/schema\\\/logo\\\/image\\\/\",\"url\":\"https:\\\/\\\/antykomunistyczni.pl\\\/wp-content\\\/uploads\\\/2026\\\/02\\\/cropped-AntykomunistyczniLogoSquare150x150-2.png\",\"contentUrl\":\"https:\\\/\\\/antykomunistyczni.pl\\\/wp-content\\\/uploads\\\/2026\\\/02\\\/cropped-AntykomunistyczniLogoSquare150x150-2.png\",\"width\":150,\"height\":150,\"caption\":\"Antykomunistyczni.pl\"},\"image\":{\"@id\":\"https:\\\/\\\/antykomunistyczni.pl\\\/#\\\/schema\\\/logo\\\/image\\\/\"},\"sameAs\":[\"https:\\\/\\\/www.facebook.com\\\/antykomunistyczni\\\/\",\"https:\\\/\\\/x.com\\\/anty_komunisci\"]},{\"@type\":\"Person\",\"@id\":\"https:\\\/\\\/antykomunistyczni.pl\\\/#\\\/schema\\\/person\\\/4963e693e8006b94062d91d1295d02a0\",\"name\":\"Antykomunistyczni\",\"image\":{\"@type\":\"ImageObject\",\"inLanguage\":\"pl-PL\",\"@id\":\"https:\\\/\\\/secure.gravatar.com\\\/avatar\\\/ff172875f9ced7887f883245268c1ba638c26cf1e0530f7f61b4705963a6730b?s=96&d=mm&r=g\",\"url\":\"https:\\\/\\\/secure.gravatar.com\\\/avatar\\\/ff172875f9ced7887f883245268c1ba638c26cf1e0530f7f61b4705963a6730b?s=96&d=mm&r=g\",\"contentUrl\":\"https:\\\/\\\/secure.gravatar.com\\\/avatar\\\/ff172875f9ced7887f883245268c1ba638c26cf1e0530f7f61b4705963a6730b?s=96&d=mm&r=g\",\"caption\":\"Antykomunistyczni\"},\"sameAs\":[\"http:\\\/\\\/antykomunistyczni.pl\"],\"url\":\"https:\\\/\\\/antykomunistyczni.pl\\\/index.php\\\/author\\\/admin0\\\/\"}]}<\/script>\n<!-- \/ Yoast SEO plugin. -->","yoast_head_json":{"title":"5 marca 1940 \u2013 decyzja o zbrodni katy\u0144skiej - Antykomunistyczni.pl","robots":{"index":"index","follow":"follow","max-snippet":"max-snippet:-1","max-image-preview":"max-image-preview:large","max-video-preview":"max-video-preview:-1"},"canonical":"https:\/\/antykomunistyczni.pl\/index.php\/5-marca-1940-decyzja-o-zbrodni-katynskiej\/","og_locale":"pl_PL","og_type":"article","og_title":"5 marca 1940 \u2013 decyzja o zbrodni katy\u0144skiej - Antykomunistyczni.pl","og_description":"Rocznica decyzji o zbrodni katy\u0144skiej 5 marca 1940 roku Biuro Polityczne KC WKP(b) podj\u0119\u0142o jedn\u0105 z najbardziej zbrodniczych decyzji XX wieku. Na wniosek szefa NKWD \u0141awrientija Berii zatwierdzono rozkaz rozstrzelania tysi\u0119cy polskich je\u0144c\u00f3w wojennych i wi\u0119\u017ani\u00f3w przetrzymywanych w obozach specjalnych NKWD. Pod dokumentem podpisali si\u0119 m.in. J\u00f3zef Stalin, Wiaczes\u0142aw Mo\u0142otow, Kliment Woroszy\u0142ow i Anastas Mikojan. [&hellip;]","og_url":"https:\/\/antykomunistyczni.pl\/index.php\/5-marca-1940-decyzja-o-zbrodni-katynskiej\/","og_site_name":"Antykomunistyczni.pl","article_publisher":"https:\/\/www.facebook.com\/antykomunistyczni\/","article_published_time":"2026-03-05T07:00:00+00:00","og_image":[{"width":1920,"height":1488,"url":"https:\/\/antykomunistyczni.pl\/wp-content\/uploads\/2026\/03\/RocznicaZbrodniKatynskiej.jpg","type":"image\/jpeg"}],"author":"Antykomunistyczni","twitter_card":"summary_large_image","twitter_creator":"@anty_komunisci","twitter_site":"@anty_komunisci","twitter_misc":{"Napisane przez":"Antykomunistyczni","Szacowany czas czytania":"3 minuty"},"schema":{"@context":"https:\/\/schema.org","@graph":[{"@type":"Article","@id":"https:\/\/antykomunistyczni.pl\/index.php\/5-marca-1940-decyzja-o-zbrodni-katynskiej\/#article","isPartOf":{"@id":"https:\/\/antykomunistyczni.pl\/index.php\/5-marca-1940-decyzja-o-zbrodni-katynskiej\/"},"author":{"name":"Antykomunistyczni","@id":"https:\/\/antykomunistyczni.pl\/#\/schema\/person\/4963e693e8006b94062d91d1295d02a0"},"headline":"5 marca 1940 \u2013 decyzja o zbrodni katy\u0144skiej","datePublished":"2026-03-05T07:00:00+00:00","mainEntityOfPage":{"@id":"https:\/\/antykomunistyczni.pl\/index.php\/5-marca-1940-decyzja-o-zbrodni-katynskiej\/"},"wordCount":526,"publisher":{"@id":"https:\/\/antykomunistyczni.pl\/#organization"},"image":{"@id":"https:\/\/antykomunistyczni.pl\/index.php\/5-marca-1940-decyzja-o-zbrodni-katynskiej\/#primaryimage"},"thumbnailUrl":"https:\/\/antykomunistyczni.pl\/wp-content\/uploads\/2026\/03\/RocznicaZbrodniKatynskiej.jpg","articleSection":["Aktualno\u015bci","Komuni\u015bci","Komunistyczne zbrodnie w Polsce","Zbrodnia Katy\u0144ska"],"inLanguage":"pl-PL"},{"@type":"WebPage","@id":"https:\/\/antykomunistyczni.pl\/index.php\/5-marca-1940-decyzja-o-zbrodni-katynskiej\/","url":"https:\/\/antykomunistyczni.pl\/index.php\/5-marca-1940-decyzja-o-zbrodni-katynskiej\/","name":"5 marca 1940 \u2013 decyzja o zbrodni katy\u0144skiej - Antykomunistyczni.pl","isPartOf":{"@id":"https:\/\/antykomunistyczni.pl\/#website"},"primaryImageOfPage":{"@id":"https:\/\/antykomunistyczni.pl\/index.php\/5-marca-1940-decyzja-o-zbrodni-katynskiej\/#primaryimage"},"image":{"@id":"https:\/\/antykomunistyczni.pl\/index.php\/5-marca-1940-decyzja-o-zbrodni-katynskiej\/#primaryimage"},"thumbnailUrl":"https:\/\/antykomunistyczni.pl\/wp-content\/uploads\/2026\/03\/RocznicaZbrodniKatynskiej.jpg","datePublished":"2026-03-05T07:00:00+00:00","breadcrumb":{"@id":"https:\/\/antykomunistyczni.pl\/index.php\/5-marca-1940-decyzja-o-zbrodni-katynskiej\/#breadcrumb"},"inLanguage":"pl-PL","potentialAction":[{"@type":"ReadAction","target":["https:\/\/antykomunistyczni.pl\/index.php\/5-marca-1940-decyzja-o-zbrodni-katynskiej\/"]}]},{"@type":"ImageObject","inLanguage":"pl-PL","@id":"https:\/\/antykomunistyczni.pl\/index.php\/5-marca-1940-decyzja-o-zbrodni-katynskiej\/#primaryimage","url":"https:\/\/antykomunistyczni.pl\/wp-content\/uploads\/2026\/03\/RocznicaZbrodniKatynskiej.jpg","contentUrl":"https:\/\/antykomunistyczni.pl\/wp-content\/uploads\/2026\/03\/RocznicaZbrodniKatynskiej.jpg","width":1920,"height":1488},{"@type":"BreadcrumbList","@id":"https:\/\/antykomunistyczni.pl\/index.php\/5-marca-1940-decyzja-o-zbrodni-katynskiej\/#breadcrumb","itemListElement":[{"@type":"ListItem","position":1,"name":"Strona g\u0142\u00f3wna","item":"https:\/\/antykomunistyczni.pl\/"},{"@type":"ListItem","position":2,"name":"5 marca 1940 \u2013 decyzja o zbrodni katy\u0144skiej"}]},{"@type":"WebSite","@id":"https:\/\/antykomunistyczni.pl\/#website","url":"https:\/\/antykomunistyczni.pl\/","name":"Antykomunistyczni.pl","description":"","publisher":{"@id":"https:\/\/antykomunistyczni.pl\/#organization"},"alternateName":"Historia PRL, zbrodnie komunistyczne w Polsce i na \u015bwiecie","potentialAction":[{"@type":"SearchAction","target":{"@type":"EntryPoint","urlTemplate":"https:\/\/antykomunistyczni.pl\/?s={search_term_string}"},"query-input":{"@type":"PropertyValueSpecification","valueRequired":true,"valueName":"search_term_string"}}],"inLanguage":"pl-PL"},{"@type":"Organization","@id":"https:\/\/antykomunistyczni.pl\/#organization","name":"Antykomunistyczni.pl","url":"https:\/\/antykomunistyczni.pl\/","logo":{"@type":"ImageObject","inLanguage":"pl-PL","@id":"https:\/\/antykomunistyczni.pl\/#\/schema\/logo\/image\/","url":"https:\/\/antykomunistyczni.pl\/wp-content\/uploads\/2026\/02\/cropped-AntykomunistyczniLogoSquare150x150-2.png","contentUrl":"https:\/\/antykomunistyczni.pl\/wp-content\/uploads\/2026\/02\/cropped-AntykomunistyczniLogoSquare150x150-2.png","width":150,"height":150,"caption":"Antykomunistyczni.pl"},"image":{"@id":"https:\/\/antykomunistyczni.pl\/#\/schema\/logo\/image\/"},"sameAs":["https:\/\/www.facebook.com\/antykomunistyczni\/","https:\/\/x.com\/anty_komunisci"]},{"@type":"Person","@id":"https:\/\/antykomunistyczni.pl\/#\/schema\/person\/4963e693e8006b94062d91d1295d02a0","name":"Antykomunistyczni","image":{"@type":"ImageObject","inLanguage":"pl-PL","@id":"https:\/\/secure.gravatar.com\/avatar\/ff172875f9ced7887f883245268c1ba638c26cf1e0530f7f61b4705963a6730b?s=96&d=mm&r=g","url":"https:\/\/secure.gravatar.com\/avatar\/ff172875f9ced7887f883245268c1ba638c26cf1e0530f7f61b4705963a6730b?s=96&d=mm&r=g","contentUrl":"https:\/\/secure.gravatar.com\/avatar\/ff172875f9ced7887f883245268c1ba638c26cf1e0530f7f61b4705963a6730b?s=96&d=mm&r=g","caption":"Antykomunistyczni"},"sameAs":["http:\/\/antykomunistyczni.pl"],"url":"https:\/\/antykomunistyczni.pl\/index.php\/author\/admin0\/"}]}},"_links":{"self":[{"href":"https:\/\/antykomunistyczni.pl\/index.php\/wp-json\/wp\/v2\/posts\/733","targetHints":{"allow":["GET"]}}],"collection":[{"href":"https:\/\/antykomunistyczni.pl\/index.php\/wp-json\/wp\/v2\/posts"}],"about":[{"href":"https:\/\/antykomunistyczni.pl\/index.php\/wp-json\/wp\/v2\/types\/post"}],"author":[{"embeddable":true,"href":"https:\/\/antykomunistyczni.pl\/index.php\/wp-json\/wp\/v2\/users\/1"}],"replies":[{"embeddable":true,"href":"https:\/\/antykomunistyczni.pl\/index.php\/wp-json\/wp\/v2\/comments?post=733"}],"version-history":[{"count":17,"href":"https:\/\/antykomunistyczni.pl\/index.php\/wp-json\/wp\/v2\/posts\/733\/revisions"}],"predecessor-version":[{"id":760,"href":"https:\/\/antykomunistyczni.pl\/index.php\/wp-json\/wp\/v2\/posts\/733\/revisions\/760"}],"wp:featuredmedia":[{"embeddable":true,"href":"https:\/\/antykomunistyczni.pl\/index.php\/wp-json\/wp\/v2\/media\/734"}],"wp:attachment":[{"href":"https:\/\/antykomunistyczni.pl\/index.php\/wp-json\/wp\/v2\/media?parent=733"}],"wp:term":[{"taxonomy":"category","embeddable":true,"href":"https:\/\/antykomunistyczni.pl\/index.php\/wp-json\/wp\/v2\/categories?post=733"},{"taxonomy":"post_tag","embeddable":true,"href":"https:\/\/antykomunistyczni.pl\/index.php\/wp-json\/wp\/v2\/tags?post=733"}],"curies":[{"name":"wp","href":"https:\/\/api.w.org\/{rel}","templated":true}]}}