{"id":745,"date":"2026-03-05T08:00:00","date_gmt":"2026-03-05T07:00:00","guid":{"rendered":"https:\/\/antykomunistyczni.pl\/?p=745"},"modified":"2026-03-03T10:49:05","modified_gmt":"2026-03-03T09:49:05","slug":"5-marca-1953-smierc-jozefa-stalina-koniec-epoki-terroru","status":"publish","type":"post","link":"https:\/\/antykomunistyczni.pl\/index.php\/5-marca-1953-smierc-jozefa-stalina-koniec-epoki-terroru\/","title":{"rendered":"5 marca 1953 \u2013 \u015bmier\u0107 J\u00f3zefa Stalina. Koniec epoki terroru?"},"content":{"rendered":"\t\t<div data-elementor-type=\"wp-post\" data-elementor-id=\"745\" class=\"elementor elementor-745\">\n\t\t\t\t<div class=\"elementor-element elementor-element-9cb175d e-flex e-con-boxed e-con e-parent\" data-id=\"9cb175d\" data-element_type=\"container\" data-e-type=\"container\">\n\t\t\t\t\t<div class=\"e-con-inner\">\n\t\t\t\t<div class=\"elementor-element elementor-element-3be3877 elementor-widget elementor-widget-image\" data-id=\"3be3877\" data-element_type=\"widget\" data-e-type=\"widget\" data-widget_type=\"image.default\">\n\t\t\t\t\t\t\t\t\t\t\t\t\t\t\t<img fetchpriority=\"high\" decoding=\"async\" width=\"768\" height=\"432\" src=\"https:\/\/antykomunistyczni.pl\/wp-content\/uploads\/2026\/03\/JozefStalinNaTrybunie-768x432.jpg\" class=\"attachment-medium_large size-medium_large wp-image-747\" alt=\"\" srcset=\"https:\/\/antykomunistyczni.pl\/wp-content\/uploads\/2026\/03\/JozefStalinNaTrybunie-768x432.jpg 768w, https:\/\/antykomunistyczni.pl\/wp-content\/uploads\/2026\/03\/JozefStalinNaTrybunie-300x169.jpg 300w, https:\/\/antykomunistyczni.pl\/wp-content\/uploads\/2026\/03\/JozefStalinNaTrybunie-1024x576.jpg 1024w, https:\/\/antykomunistyczni.pl\/wp-content\/uploads\/2026\/03\/JozefStalinNaTrybunie.jpg 1080w\" sizes=\"(max-width: 768px) 100vw, 768px\" \/>\t\t\t\t\t\t\t\t\t\t\t\t\t\t\t<\/div>\n\t\t\t\t\t<\/div>\n\t\t\t\t<\/div>\n\t\t<div class=\"elementor-element elementor-element-5e7d6b4c e-flex e-con-boxed e-con e-parent\" data-id=\"5e7d6b4c\" data-element_type=\"container\" data-e-type=\"container\">\n\t\t\t\t\t<div class=\"e-con-inner\">\n\t\t\t\t<div class=\"elementor-element elementor-element-1767641d elementor-widget elementor-widget-text-editor\" data-id=\"1767641d\" data-element_type=\"widget\" data-e-type=\"widget\" data-widget_type=\"text-editor.default\">\n\t\t\t\t\t\t\t\t\t<p><span style=\"color: #000000;\"><\/span><\/p>\n<p class=\"wp-block-paragraph\"><span style=\"color: #000000;\">5 marca 1953 roku zmar\u0142 J\u00f3zef Stalin \u2013 dyktator Zwi\u0105zku Sowieckiego, tw\u00f3rca jednego z najbardziej represyjnych system\u00f3w w historii XX wieku. Jego \u015bmier\u0107 zako\u0144czy\u0142a trwaj\u0105c\u0105 niemal trzy dekady epok\u0119 bezwzgl\u0119dnego terroru, czystek i masowych zbrodni, kt\u00f3re dotkn\u0119\u0142y miliony ludzi w ZSRR i krajach podporz\u0105dkowanych Moskwie.<\/span><\/p>\n<p><span style=\"color: #000000;\"><\/span><\/p>\n<p class=\"wp-block-paragraph\"><span style=\"color: #000000;\">Dla jednych by\u0142 \u201ewodzem narod\u00f3w\u201d. Dla milion\u00f3w \u2013 symbolem strachu, \u0142agr\u00f3w i \u015bmierci.<\/span><\/p>\n<p><span style=\"color: #000000;\"><\/span><\/p>\n<hr class=\"wp-block-separator has-alpha-channel-opacity\" \/>\n<p><span style=\"color: #000000;\"><\/span><\/p>\n<h2 class=\"wp-block-heading\"><span style=\"color: #000000;\">Architekt systemu terroru<\/span><\/h2>\n<p><span style=\"color: #000000;\"><\/span><\/p>\n<p class=\"wp-block-paragraph\"><span style=\"color: #000000;\">Stalin obj\u0105\u0142 pe\u0142ni\u0119 w\u0142adzy po \u015bmierci Lenina i w ci\u0105gu kilku lat zbudowa\u0142 system oparty na totalnej kontroli pa\u0144stwa nad spo\u0142ecze\u0144stwem. Aparat bezpiecze\u0144stwa \u2013 najpierw GPU, potem NKWD \u2013 sta\u0142 si\u0119 narz\u0119dziem masowych represji.<\/span><\/p>\n<p><span style=\"color: #000000;\"><\/span><\/p>\n<p class=\"wp-block-paragraph\"><span style=\"color: #000000;\">Do najwa\u017cniejszych zbrodni okresu stalinowskiego nale\u017c\u0105:<\/span><\/p>\n<p><span style=\"color: #000000;\"><\/span><\/p>\n<ul class=\"wp-block-list\">\n<li><span style=\"color: #000000;\">Wielki Terror lat 1937\u20131938,<\/span><\/li>\n\n<li><span style=\"color: #000000;\">rozku\u0142aczanie i kolektywizacja wsi,<\/span><\/li>\n\n<li><span style=\"color: #000000;\">Wielki G\u0142\u00f3d na Ukrainie (Ho\u0142odomor),<\/span><\/li>\n\n<li><span style=\"color: #000000;\">masowe deportacje ca\u0142ych narod\u00f3w,<\/span><\/li>\n\n<li><span style=\"color: #000000;\">rozbudowa systemu \u0142agr\u00f3w (Gu\u0142ag),<\/span><\/li>\n\n<li><span style=\"color: #000000;\">zbrodnia katy\u0144ska,<\/span><\/li>\n\n<li><span style=\"color: #000000;\">powojenne represje w krajach Europy \u015arodkowo-Wschodniej.<\/span><\/li>\n<\/ul>\n<p><span style=\"color: #000000;\"><\/span><\/p>\n<p class=\"wp-block-paragraph\"><span style=\"color: #000000;\">Szacuje si\u0119, \u017ce polityka Stalina doprowadzi\u0142a do \u015bmierci milion\u00f3w ludzi \u2013 zar\u00f3wno poprzez bezpo\u015brednie egzekucje, jak i w wyniku g\u0142odu, niewolniczej pracy czy deportacji.<\/span><\/p>\n<p><span style=\"color: #000000;\"><\/span><\/p>\n<hr class=\"wp-block-separator has-alpha-channel-opacity\" \/>\n<p><span style=\"color: #000000;\"><\/span><\/p>\n<h2 class=\"wp-block-heading\"><span style=\"color: #000000;\">Stalin a Polska<\/span><\/h2>\n<p><span style=\"color: #000000;\"><\/span><\/p>\n<p class=\"wp-block-paragraph\"><span style=\"color: #000000;\">Dla Polski rz\u0105dy Stalina oznacza\u0142y utrat\u0119 suwerenno\u015bci po 1945 roku i narzucenie systemu komunistycznego.<\/span><\/p>\n<p><span style=\"color: #000000;\"><\/span><\/p>\n<p class=\"wp-block-paragraph\"><span style=\"color: #000000;\">To w czasach jego dominacji:<\/span><\/p>\n<p><span style=\"color: #000000;\"><\/span><\/p>\n<ul class=\"wp-block-list\">\n<li><span style=\"color: #000000;\">sfa\u0142szowano referendum i wybory,<\/span><\/li>\n\n<li><span style=\"color: #000000;\">zlikwidowano podziemie niepodleg\u0142o\u015bciowe,<\/span><\/li>\n\n<li><span style=\"color: #000000;\">przeprowadzano procesy pokazowe,<\/span><\/li>\n\n<li><span style=\"color: #000000;\">wi\u0119ziono i mordowano \u017bo\u0142nierzy Wykl\u0119tych,<\/span><\/li>\n\n<li><span style=\"color: #000000;\">prze\u015bladowano Ko\u015bci\u00f3\u0142 i niezale\u017cne \u015brodowiska.<\/span><\/li>\n<\/ul>\n<p><span style=\"color: #000000;\"><\/span><\/p>\n<p class=\"wp-block-paragraph\"><span style=\"color: #000000;\">Polska znalaz\u0142a si\u0119 w strefie wp\u0142yw\u00f3w ZSRR \u2013 a decyzje zapadaj\u0105ce na Kremlu mia\u0142y bezpo\u015bredni wp\u0142yw na \u017cycie milion\u00f3w obywateli.<\/span><\/p>\n<p><span style=\"color: #000000;\"><\/span><\/p>\n<hr class=\"wp-block-separator has-alpha-channel-opacity\" \/>\n<p><span style=\"color: #000000;\"><\/span><\/p>\n<h2 class=\"wp-block-heading\"><span style=\"color: #000000;\">Ostatnie dni dyktatora<\/span><\/h2>\n<p><span style=\"color: #000000;\"><\/span><\/p>\n<p class=\"wp-block-paragraph\"><span style=\"color: #000000;\">Stalin dozna\u0142 udaru 1 marca 1953 roku. Przez wiele godzin nie udzielono mu pomocy \u2013 wsp\u00f3\u0142pracownicy bali si\u0119 wej\u015b\u0107 do jego pokoju bez wezwania. Zmar\u0142 5 marca.<\/span><\/p>\n<p><span style=\"color: #000000;\"><\/span><\/p>\n<p class=\"wp-block-paragraph\"><span style=\"color: #000000;\">Jego pogrzeb sta\u0142 si\u0119 wielk\u0105 manifestacj\u0105 pa\u0144stwowej propagandy. W Moskwie dosz\u0142o do paniki w t\u0142umie, w kt\u00f3rej zgin\u0119\u0142y setki os\u00f3b.<\/span><\/p>\n<p><span style=\"color: #000000;\"><\/span><\/p>\n<p class=\"wp-block-paragraph\"><span style=\"color: #000000;\">\u015amier\u0107 Stalina nie oznacza\u0142a natychmiastowego ko\u0144ca systemu. Jednak rozpocz\u0119\u0142a proces walki o w\u0142adz\u0119 na Kremlu, kt\u00f3ry ostatecznie doprowadzi\u0142 do cz\u0119\u015bciowej destalinizacji i ujawnienia cz\u0119\u015bci zbrodni w referacie Nikity Chruszczowa w 1956 roku.<\/span><\/p>\n<p><span style=\"color: #000000;\"><\/span><\/p>\n<hr class=\"wp-block-separator has-alpha-channel-opacity\" \/>\n<p><span style=\"color: #000000;\"><\/span><\/p>\n<h2 class=\"wp-block-heading\"><span style=\"color: #000000;\">Czy terror si\u0119 sko\u0144czy\u0142?<\/span><\/h2>\n<p><span style=\"color: #000000;\"><\/span><\/p>\n<p class=\"wp-block-paragraph\"><span style=\"color: #000000;\">Po 1953 roku system komunistyczny nie znikn\u0105\u0142. Represje os\u0142ab\u0142y, lecz nadal istnia\u0142y. W Polsce dopiero wydarzenia 1956 roku przynios\u0142y ograniczon\u0105 \u201eodwil\u017c\u201d.<\/span><\/p>\n<p><span style=\"color: #000000;\"><\/span><\/p>\n<p class=\"wp-block-paragraph\"><span style=\"color: #000000;\">\u015amier\u0107 Stalina by\u0142a ko\u0144cem jednego etapu \u2013 najbardziej brutalnej fazy terroru \u2013 ale nie zako\u0144czy\u0142a samego systemu.<\/span><\/p>\n<p><span style=\"color: #000000;\"><\/span><\/p>\n<hr class=\"wp-block-separator has-alpha-channel-opacity\" \/>\n<p><span style=\"color: #000000;\"><\/span><\/p>\n<h2 class=\"wp-block-heading\"><span style=\"color: #000000;\">5 marca \u2013 data symboliczna<\/span><\/h2>\n<p><span style=\"color: #000000;\"><\/span><\/p>\n<p class=\"wp-block-paragraph\"><span style=\"color: #000000;\">5 marca 1953 roku zako\u0144czy\u0142o si\u0119 \u017cycie cz\u0142owieka, kt\u00f3ry wsp\u00f3\u0142decydowa\u0142 o losach milion\u00f3w i odpowiada\u0142 za ogrom cierpienia. Tego samego dnia, w 1940 roku, zapad\u0142a decyzja o zbrodni katy\u0144skiej \u2013 co czyni t\u0119 dat\u0119 szczeg\u00f3lnie symboliczn\u0105 w historii Europy \u015arodkowo-Wschodniej.<\/span><\/p>\n<p><span style=\"color: #000000;\"><\/span><\/p>\n<p class=\"wp-block-paragraph\"><span style=\"color: #000000;\">Rocznica \u015bmierci Stalina to moment refleksji nad skutkami w\u0142adzy absolutnej, nad mechanizmem totalitaryzmu i nad cen\u0105, jak\u0105 p\u0142ac\u0105 narody, gdy pa\u0144stwo staje si\u0119 narz\u0119dziem terroru.<\/span><\/p>\n<p><span style=\"color: #000000;\"><\/span><\/p>\n<p class=\"wp-block-paragraph\"><span style=\"color: #000000;\">Pami\u0119\u0107 o ofiarach pozostaje naszym obowi\u0105zkiem.<\/span><\/p>\n<p><span style=\"color: #000000;\"><\/span><\/p>\n<p class=\"wp-block-paragraph\"><span style=\"color: #000000;\">do\u0142\u00f3\u017c o tym \u017ce le\u017ca\u0142 na pod\u0142odze w moczu<\/span><\/p>\n<p><span style=\"color: #000000;\"><\/span><\/p>\n<p class=\"wp-block-paragraph\"><span style=\"color: #000000;\">Oto rozszerzona wersja artyku\u0142u z uwzgl\u0119dnieniem tego w\u0105tku, zachowana w tonie historycznym i rzeczowym:<\/span><\/p>\n<p><span style=\"color: #000000;\"><\/span><\/p>\n<hr class=\"wp-block-separator has-alpha-channel-opacity\" \/>\n<p><span style=\"color: #000000;\"><\/span><\/p>\n<h1 class=\"wp-block-heading\"><span style=\"color: #000000;\">5 marca 1953 \u2013 \u015bmier\u0107 J\u00f3zefa Stalina. Koniec epoki terroru?<\/span><\/h1>\n<p><span style=\"color: #000000;\"><\/span><\/p>\n<p class=\"wp-block-paragraph\"><span style=\"color: #000000;\">5 marca 1953 roku zmar\u0142 J\u00f3zef Stalin \u2013 dyktator Zwi\u0105zku Sowieckiego, tw\u00f3rca jednego z najbardziej represyjnych system\u00f3w w historii XX wieku. Jego \u015bmier\u0107 zako\u0144czy\u0142a trwaj\u0105c\u0105 niemal trzy dekady epok\u0119 bezwzgl\u0119dnego terroru, czystek i masowych zbrodni, kt\u00f3re dotkn\u0119\u0142y miliony ludzi w ZSRR i krajach podporz\u0105dkowanych Moskwie.<\/span><\/p>\n<p><span style=\"color: #000000;\"><\/span><\/p>\n<p class=\"wp-block-paragraph\"><span style=\"color: #000000;\">Dla jednych by\u0142 \u201ewodzem narod\u00f3w\u201d. Dla milion\u00f3w \u2013 symbolem strachu, \u0142agr\u00f3w i \u015bmierci.<\/span><\/p>\n<p><span style=\"color: #000000;\"><\/span><\/p>\n<hr class=\"wp-block-separator has-alpha-channel-opacity\" \/>\n<p><span style=\"color: #000000;\"><\/span><\/p>\n<h2 class=\"wp-block-heading\"><span style=\"color: #000000;\">Architekt systemu terroru<\/span><\/h2>\n<p><span style=\"color: #000000;\"><\/span><\/p>\n<p class=\"wp-block-paragraph\"><span style=\"color: #000000;\">Stalin obj\u0105\u0142 pe\u0142ni\u0119 w\u0142adzy po \u015bmierci Lenina i w ci\u0105gu kilku lat zbudowa\u0142 system oparty na totalnej kontroli pa\u0144stwa nad spo\u0142ecze\u0144stwem. Aparat bezpiecze\u0144stwa \u2013 najpierw GPU, potem NKWD \u2013 sta\u0142 si\u0119 narz\u0119dziem masowych represji.<\/span><\/p>\n<p><span style=\"color: #000000;\"><\/span><\/p>\n<p class=\"wp-block-paragraph\"><span style=\"color: #000000;\">Do najwa\u017cniejszych zbrodni okresu stalinowskiego nale\u017c\u0105:<\/span><\/p>\n<p><span style=\"color: #000000;\"><\/span><\/p>\n<ul class=\"wp-block-list\">\n<li><span style=\"color: #000000;\">Wielki Terror lat 1937\u20131938,<\/span><\/li>\n\n<li><span style=\"color: #000000;\">kolektywizacja i Wielki G\u0142\u00f3d na Ukrainie (Ho\u0142odomor),<\/span><\/li>\n\n<li><span style=\"color: #000000;\">masowe deportacje ca\u0142ych narod\u00f3w,<\/span><\/li>\n\n<li><span style=\"color: #000000;\">rozbudowa systemu \u0142agr\u00f3w (Gu\u0142ag),<\/span><\/li>\n\n<li><span style=\"color: #000000;\">zbrodnia katy\u0144ska,<\/span><\/li>\n\n<li><span style=\"color: #000000;\">powojenne represje w Europie \u015arodkowo-Wschodniej.<\/span><\/li>\n<\/ul>\n<p><span style=\"color: #000000;\"><\/span><\/p>\n<p class=\"wp-block-paragraph\"><span style=\"color: #000000;\">Szacuje si\u0119, \u017ce polityka Stalina doprowadzi\u0142a do \u015bmierci milion\u00f3w ludzi \u2013 poprzez egzekucje, g\u0142\u00f3d, niewolnicz\u0105 prac\u0119 i deportacje.<\/span><\/p>\n<p><span style=\"color: #000000;\"><\/span><\/p>\n<hr class=\"wp-block-separator has-alpha-channel-opacity\" \/>\n<p><span style=\"color: #000000;\"><\/span><\/p>\n<h2 class=\"wp-block-heading\"><span style=\"color: #000000;\">Ostatnie dni dyktatora<\/span><\/h2>\n<p><span style=\"color: #000000;\"><\/span><\/p>\n<p class=\"wp-block-paragraph\"><span style=\"color: #000000;\">1 marca 1953 roku Stalin dozna\u0142 udaru w swojej rezydencji w Kuncewie pod Moskw\u0105. Przez wiele godzin nie udzielono mu pomocy. Ochroniarze bali si\u0119 wej\u015b\u0107 do pokoju bez wyra\u017anego polecenia \u2013 strach przed wodzem parali\u017cowa\u0142 nawet najbli\u017csze otoczenie.<\/span><\/p>\n<p><span style=\"color: #000000;\"><\/span><\/p>\n<p class=\"wp-block-paragraph\"><span style=\"color: #000000;\">Gdy w ko\u0144cu zdecydowano si\u0119 otworzy\u0107 drzwi, znaleziono go le\u017c\u0105cego na pod\u0142odze, cz\u0119\u015bciowo sparali\u017cowanego. Wed\u0142ug relacji \u015bwiadk\u00f3w przez d\u0142ugi czas pozostawa\u0142 bez pomocy, le\u017c\u0105c we w\u0142asnym moczu \u2013 symboliczny obraz cz\u0142owieka, kt\u00f3ry przez lata decydowa\u0142 o \u017cyciu i \u015bmierci milion\u00f3w.<\/span><\/p>\n<p><span style=\"color: #000000;\"><\/span><\/p>\n<p class=\"wp-block-paragraph\"><span style=\"color: #000000;\">Lekarzy wezwano dopiero po wielu godzinach. Warto pami\u0119ta\u0107, \u017ce kilka lat wcze\u015bniej Stalin rozp\u0119ta\u0142 tzw. \u201espraw\u0119 lekarzy kremlowskich\u201d, oskar\u017caj\u0105c medyk\u00f3w o spisek \u2013 atmosfera podejrze\u0144 i strachu w najwy\u017cszych kr\u0119gach w\u0142adzy by\u0142a w\u00f3wczas wszechobecna.<\/span><\/p>\n<p><span style=\"color: #000000;\"><\/span><\/p>\n<p class=\"wp-block-paragraph\"><span style=\"color: #000000;\">Zmar\u0142 5 marca 1953 roku.<\/span><\/p>\n<p><span style=\"color: #000000;\"><\/span><\/p>\n<hr class=\"wp-block-separator has-alpha-channel-opacity\" \/>\n<p><span style=\"color: #000000;\"><\/span><\/p>\n<h2 class=\"wp-block-heading\"><span style=\"color: #000000;\">Stalin a Polska<\/span><\/h2>\n<p><span style=\"color: #000000;\"><\/span><\/p>\n<p class=\"wp-block-paragraph\"><span style=\"color: #000000;\">Dla Polski rz\u0105dy Stalina oznacza\u0142y utrat\u0119 suwerenno\u015bci po 1945 roku i narzucenie systemu komunistycznego.<\/span><\/p>\n<p><span style=\"color: #000000;\"><\/span><\/p>\n<p class=\"wp-block-paragraph\"><span style=\"color: #000000;\">To w czasach jego dominacji:<\/span><\/p>\n<p><span style=\"color: #000000;\"><\/span><\/p>\n<ul class=\"wp-block-list\">\n<li><span style=\"color: #000000;\">sfa\u0142szowano referendum i wybory,<\/span><\/li>\n\n<li><span style=\"color: #000000;\">rozbito podziemie niepodleg\u0142o\u015bciowe,<\/span><\/li>\n\n<li><span style=\"color: #000000;\">przeprowadzano procesy pokazowe,<\/span><\/li>\n\n<li><span style=\"color: #000000;\">wi\u0119ziono i mordowano \u017bo\u0142nierzy Wykl\u0119tych,<\/span><\/li>\n\n<li><span style=\"color: #000000;\">prze\u015bladowano Ko\u015bci\u00f3\u0142 i niezale\u017cne \u015brodowiska.<\/span><\/li>\n<\/ul>\n<p><span style=\"color: #000000;\"><\/span><\/p>\n<p class=\"wp-block-paragraph\"><span style=\"color: #000000;\">Polska znalaz\u0142a si\u0119 w strefie wp\u0142yw\u00f3w Kremla, a decyzje podejmowane w Moskwie kszta\u0142towa\u0142y rzeczywisto\u015b\u0107 polityczn\u0105 i spo\u0142eczn\u0105 kraju.<\/span><\/p>\n<p><span style=\"color: #000000;\"><\/span><\/p>\n<hr class=\"wp-block-separator has-alpha-channel-opacity\" \/>\n<p><span style=\"color: #000000;\"><\/span><\/p>\n<h2 class=\"wp-block-heading\"><span style=\"color: #000000;\">Czy \u015bmier\u0107 zako\u0144czy\u0142a system?<\/span><\/h2>\n<p><span style=\"color: #000000;\"><\/span><\/p>\n<p class=\"wp-block-paragraph\"><span style=\"color: #000000;\">Pogrzeb Stalina by\u0142 wielk\u0105 manifestacj\u0105 propagandow\u0105. W Moskwie dosz\u0142o do paniki w t\u0142umie, w kt\u00f3rej zgin\u0119\u0142y setki os\u00f3b.<\/span><\/p>\n<p><span style=\"color: #000000;\"><\/span><\/p>\n<p class=\"wp-block-paragraph\"><span style=\"color: #000000;\">Jego \u015bmier\u0107 nie oznacza\u0142a natychmiastowego ko\u0144ca komunizmu ani represji. Rozpocz\u0119\u0142a jednak walk\u0119 o w\u0142adz\u0119 na Kremlu i proces stopniowej destalinizacji. W 1956 roku Nikita Chruszczow w tajnym referacie ujawni\u0142 cz\u0119\u015b\u0107 zbrodni poprzednika, co wstrz\u0105sn\u0119\u0142o \u015bwiatem komunistycznym.<\/span><\/p>\n<p><span style=\"color: #000000;\"><\/span><\/p>\n<p class=\"wp-block-paragraph\"><span style=\"color: #000000;\">System przetrwa\u0142 \u2013 lecz najkrwawsza epoka terroru dobieg\u0142a ko\u0144ca.<\/span><\/p>\n<p><span style=\"color: #000000;\"><\/span><\/p>\n<hr class=\"wp-block-separator has-alpha-channel-opacity\" \/>\n<p><span style=\"color: #000000;\"><\/span><\/p>\n<h2 class=\"wp-block-heading\"><span style=\"color: #000000;\">5 marca \u2013 data symboliczna<\/span><\/h2>\n<p><span style=\"color: #000000;\"><\/span><\/p>\n<p class=\"wp-block-paragraph\"><span style=\"color: #000000;\">5 marca to data szczeg\u00f3lna. Tego dnia w 1940 roku zapad\u0142a decyzja o zbrodni katy\u0144skiej. Trzyna\u015bcie lat p\u00f3\u017aniej zmar\u0142 cz\u0142owiek wsp\u00f3\u0142odpowiedzialny za t\u0119 decyzj\u0119.<\/span><\/p>\n<p><span style=\"color: #000000;\"><\/span><\/p>\n<p class=\"wp-block-paragraph\"><span style=\"color: #000000;\">Rocznica \u015bmierci Stalina nie jest powodem do triumfu. Jest momentem refleksji nad mechanizmem totalitarnej w\u0142adzy, nad cen\u0105 ideologii stawiaj\u0105cej pa\u0144stwo ponad cz\u0142owiekiem oraz nad losem milion\u00f3w ofiar.<\/span><\/p>\n<p><span style=\"color: #000000;\"><\/span><\/p>\n<p class=\"wp-block-paragraph\"><span style=\"color: #000000;\">Pami\u0119\u0107 o nich pozostaje naszym obowi\u0105zkiem.<\/span><\/p>\n<p><span style=\"color: #000000;\"><\/span><\/p>\n<p class=\"wp-block-paragraph\">\u00a0<\/p>\n<p><span style=\"color: #000000;\"><\/span><\/p>\t\t\t\t\t\t\t\t<\/div>\n\t\t\t\t\t<\/div>\n\t\t\t\t<\/div>\n\t\t\t\t<\/div>\n\t\t","protected":false},"excerpt":{"rendered":"<p>5 marca 1953 roku zmar\u0142 J\u00f3zef Stalin \u2013 dyktator Zwi\u0105zku Sowieckiego, tw\u00f3rca jednego z najbardziej represyjnych system\u00f3w w historii XX wieku. Jego \u015bmier\u0107 zako\u0144czy\u0142a trwaj\u0105c\u0105 niemal trzy dekady epok\u0119 bezwzgl\u0119dnego terroru, czystek i masowych zbrodni, kt\u00f3re dotkn\u0119\u0142y miliony ludzi w ZSRR i krajach podporz\u0105dkowanych Moskwie. Dla jednych by\u0142 \u201ewodzem narod\u00f3w\u201d. Dla milion\u00f3w \u2013 symbolem strachu, [&hellip;]<\/p>\n","protected":false},"author":1,"featured_media":747,"comment_status":"closed","ping_status":"closed","sticky":false,"template":"","format":"standard","meta":{"give_campaign_id":0,"footnotes":""},"categories":[22,26],"tags":[],"class_list":["post-745","post","type-post","status-publish","format-standard","has-post-thumbnail","hentry","category-aktualnosci","category-komunisci"],"yoast_head":"<!-- This site is optimized with the Yoast SEO plugin v28.4 - https:\/\/yoast.com\/product\/yoast-seo-wordpress\/ -->\n<title>5 marca 1953 \u2013 \u015bmier\u0107 J\u00f3zefa Stalina. Koniec epoki terroru? - Antykomunistyczni.pl<\/title>\n<meta name=\"robots\" content=\"index, follow, max-snippet:-1, max-image-preview:large, max-video-preview:-1\" \/>\n<link rel=\"canonical\" href=\"https:\/\/antykomunistyczni.pl\/index.php\/5-marca-1953-smierc-jozefa-stalina-koniec-epoki-terroru\/\" \/>\n<meta property=\"og:locale\" content=\"pl_PL\" \/>\n<meta property=\"og:type\" content=\"article\" \/>\n<meta property=\"og:title\" content=\"5 marca 1953 \u2013 \u015bmier\u0107 J\u00f3zefa Stalina. Koniec epoki terroru? - Antykomunistyczni.pl\" \/>\n<meta property=\"og:description\" content=\"5 marca 1953 roku zmar\u0142 J\u00f3zef Stalin \u2013 dyktator Zwi\u0105zku Sowieckiego, tw\u00f3rca jednego z najbardziej represyjnych system\u00f3w w historii XX wieku. Jego \u015bmier\u0107 zako\u0144czy\u0142a trwaj\u0105c\u0105 niemal trzy dekady epok\u0119 bezwzgl\u0119dnego terroru, czystek i masowych zbrodni, kt\u00f3re dotkn\u0119\u0142y miliony ludzi w ZSRR i krajach podporz\u0105dkowanych Moskwie. Dla jednych by\u0142 \u201ewodzem narod\u00f3w\u201d. Dla milion\u00f3w \u2013 symbolem strachu, [&hellip;]\" \/>\n<meta property=\"og:url\" content=\"https:\/\/antykomunistyczni.pl\/index.php\/5-marca-1953-smierc-jozefa-stalina-koniec-epoki-terroru\/\" \/>\n<meta property=\"og:site_name\" content=\"Antykomunistyczni.pl\" \/>\n<meta property=\"article:publisher\" content=\"https:\/\/www.facebook.com\/antykomunistyczni\/\" \/>\n<meta property=\"article:published_time\" content=\"2026-03-05T07:00:00+00:00\" \/>\n<meta property=\"og:image\" content=\"https:\/\/antykomunistyczni.pl\/wp-content\/uploads\/2026\/03\/JozefStalinNaTrybunie.jpg\" \/>\n\t<meta property=\"og:image:width\" content=\"1080\" \/>\n\t<meta property=\"og:image:height\" content=\"608\" \/>\n\t<meta property=\"og:image:type\" content=\"image\/jpeg\" \/>\n<meta name=\"author\" content=\"Antykomunistyczni\" \/>\n<meta name=\"twitter:card\" content=\"summary_large_image\" \/>\n<meta name=\"twitter:creator\" content=\"@anty_komunisci\" \/>\n<meta name=\"twitter:site\" content=\"@anty_komunisci\" \/>\n<meta name=\"twitter:label1\" content=\"Napisane przez\" \/>\n\t<meta name=\"twitter:data1\" content=\"Antykomunistyczni\" \/>\n\t<meta name=\"twitter:label2\" content=\"Szacowany czas czytania\" \/>\n\t<meta name=\"twitter:data2\" content=\"5 minut\" \/>\n<script type=\"application\/ld+json\" class=\"yoast-schema-graph\">{\"@context\":\"https:\\\/\\\/schema.org\",\"@graph\":[{\"@type\":\"Article\",\"@id\":\"https:\\\/\\\/antykomunistyczni.pl\\\/index.php\\\/5-marca-1953-smierc-jozefa-stalina-koniec-epoki-terroru\\\/#article\",\"isPartOf\":{\"@id\":\"https:\\\/\\\/antykomunistyczni.pl\\\/index.php\\\/5-marca-1953-smierc-jozefa-stalina-koniec-epoki-terroru\\\/\"},\"author\":{\"name\":\"Antykomunistyczni\",\"@id\":\"https:\\\/\\\/antykomunistyczni.pl\\\/#\\\/schema\\\/person\\\/4963e693e8006b94062d91d1295d02a0\"},\"headline\":\"5 marca 1953 \u2013 \u015bmier\u0107 J\u00f3zefa Stalina. Koniec epoki terroru?\",\"datePublished\":\"2026-03-05T07:00:00+00:00\",\"mainEntityOfPage\":{\"@id\":\"https:\\\/\\\/antykomunistyczni.pl\\\/index.php\\\/5-marca-1953-smierc-jozefa-stalina-koniec-epoki-terroru\\\/\"},\"wordCount\":1066,\"publisher\":{\"@id\":\"https:\\\/\\\/antykomunistyczni.pl\\\/#organization\"},\"image\":{\"@id\":\"https:\\\/\\\/antykomunistyczni.pl\\\/index.php\\\/5-marca-1953-smierc-jozefa-stalina-koniec-epoki-terroru\\\/#primaryimage\"},\"thumbnailUrl\":\"https:\\\/\\\/antykomunistyczni.pl\\\/wp-content\\\/uploads\\\/2026\\\/03\\\/JozefStalinNaTrybunie.jpg\",\"articleSection\":[\"Aktualno\u015bci\",\"Komuni\u015bci\"],\"inLanguage\":\"pl-PL\"},{\"@type\":\"WebPage\",\"@id\":\"https:\\\/\\\/antykomunistyczni.pl\\\/index.php\\\/5-marca-1953-smierc-jozefa-stalina-koniec-epoki-terroru\\\/\",\"url\":\"https:\\\/\\\/antykomunistyczni.pl\\\/index.php\\\/5-marca-1953-smierc-jozefa-stalina-koniec-epoki-terroru\\\/\",\"name\":\"5 marca 1953 \u2013 \u015bmier\u0107 J\u00f3zefa Stalina. Koniec epoki terroru? - Antykomunistyczni.pl\",\"isPartOf\":{\"@id\":\"https:\\\/\\\/antykomunistyczni.pl\\\/#website\"},\"primaryImageOfPage\":{\"@id\":\"https:\\\/\\\/antykomunistyczni.pl\\\/index.php\\\/5-marca-1953-smierc-jozefa-stalina-koniec-epoki-terroru\\\/#primaryimage\"},\"image\":{\"@id\":\"https:\\\/\\\/antykomunistyczni.pl\\\/index.php\\\/5-marca-1953-smierc-jozefa-stalina-koniec-epoki-terroru\\\/#primaryimage\"},\"thumbnailUrl\":\"https:\\\/\\\/antykomunistyczni.pl\\\/wp-content\\\/uploads\\\/2026\\\/03\\\/JozefStalinNaTrybunie.jpg\",\"datePublished\":\"2026-03-05T07:00:00+00:00\",\"breadcrumb\":{\"@id\":\"https:\\\/\\\/antykomunistyczni.pl\\\/index.php\\\/5-marca-1953-smierc-jozefa-stalina-koniec-epoki-terroru\\\/#breadcrumb\"},\"inLanguage\":\"pl-PL\",\"potentialAction\":[{\"@type\":\"ReadAction\",\"target\":[\"https:\\\/\\\/antykomunistyczni.pl\\\/index.php\\\/5-marca-1953-smierc-jozefa-stalina-koniec-epoki-terroru\\\/\"]}]},{\"@type\":\"ImageObject\",\"inLanguage\":\"pl-PL\",\"@id\":\"https:\\\/\\\/antykomunistyczni.pl\\\/index.php\\\/5-marca-1953-smierc-jozefa-stalina-koniec-epoki-terroru\\\/#primaryimage\",\"url\":\"https:\\\/\\\/antykomunistyczni.pl\\\/wp-content\\\/uploads\\\/2026\\\/03\\\/JozefStalinNaTrybunie.jpg\",\"contentUrl\":\"https:\\\/\\\/antykomunistyczni.pl\\\/wp-content\\\/uploads\\\/2026\\\/03\\\/JozefStalinNaTrybunie.jpg\",\"width\":1080,\"height\":608},{\"@type\":\"BreadcrumbList\",\"@id\":\"https:\\\/\\\/antykomunistyczni.pl\\\/index.php\\\/5-marca-1953-smierc-jozefa-stalina-koniec-epoki-terroru\\\/#breadcrumb\",\"itemListElement\":[{\"@type\":\"ListItem\",\"position\":1,\"name\":\"Strona g\u0142\u00f3wna\",\"item\":\"https:\\\/\\\/antykomunistyczni.pl\\\/\"},{\"@type\":\"ListItem\",\"position\":2,\"name\":\"5 marca 1953 \u2013 \u015bmier\u0107 J\u00f3zefa Stalina. Koniec epoki terroru?\"}]},{\"@type\":\"WebSite\",\"@id\":\"https:\\\/\\\/antykomunistyczni.pl\\\/#website\",\"url\":\"https:\\\/\\\/antykomunistyczni.pl\\\/\",\"name\":\"Antykomunistyczni.pl\",\"description\":\"\",\"publisher\":{\"@id\":\"https:\\\/\\\/antykomunistyczni.pl\\\/#organization\"},\"alternateName\":\"Historia PRL, zbrodnie komunistyczne w Polsce i na \u015bwiecie\",\"potentialAction\":[{\"@type\":\"SearchAction\",\"target\":{\"@type\":\"EntryPoint\",\"urlTemplate\":\"https:\\\/\\\/antykomunistyczni.pl\\\/?s={search_term_string}\"},\"query-input\":{\"@type\":\"PropertyValueSpecification\",\"valueRequired\":true,\"valueName\":\"search_term_string\"}}],\"inLanguage\":\"pl-PL\"},{\"@type\":\"Organization\",\"@id\":\"https:\\\/\\\/antykomunistyczni.pl\\\/#organization\",\"name\":\"Antykomunistyczni.pl\",\"url\":\"https:\\\/\\\/antykomunistyczni.pl\\\/\",\"logo\":{\"@type\":\"ImageObject\",\"inLanguage\":\"pl-PL\",\"@id\":\"https:\\\/\\\/antykomunistyczni.pl\\\/#\\\/schema\\\/logo\\\/image\\\/\",\"url\":\"https:\\\/\\\/antykomunistyczni.pl\\\/wp-content\\\/uploads\\\/2026\\\/02\\\/cropped-AntykomunistyczniLogoSquare150x150-2.png\",\"contentUrl\":\"https:\\\/\\\/antykomunistyczni.pl\\\/wp-content\\\/uploads\\\/2026\\\/02\\\/cropped-AntykomunistyczniLogoSquare150x150-2.png\",\"width\":150,\"height\":150,\"caption\":\"Antykomunistyczni.pl\"},\"image\":{\"@id\":\"https:\\\/\\\/antykomunistyczni.pl\\\/#\\\/schema\\\/logo\\\/image\\\/\"},\"sameAs\":[\"https:\\\/\\\/www.facebook.com\\\/antykomunistyczni\\\/\",\"https:\\\/\\\/x.com\\\/anty_komunisci\"]},{\"@type\":\"Person\",\"@id\":\"https:\\\/\\\/antykomunistyczni.pl\\\/#\\\/schema\\\/person\\\/4963e693e8006b94062d91d1295d02a0\",\"name\":\"Antykomunistyczni\",\"image\":{\"@type\":\"ImageObject\",\"inLanguage\":\"pl-PL\",\"@id\":\"https:\\\/\\\/secure.gravatar.com\\\/avatar\\\/ff172875f9ced7887f883245268c1ba638c26cf1e0530f7f61b4705963a6730b?s=96&d=mm&r=g\",\"url\":\"https:\\\/\\\/secure.gravatar.com\\\/avatar\\\/ff172875f9ced7887f883245268c1ba638c26cf1e0530f7f61b4705963a6730b?s=96&d=mm&r=g\",\"contentUrl\":\"https:\\\/\\\/secure.gravatar.com\\\/avatar\\\/ff172875f9ced7887f883245268c1ba638c26cf1e0530f7f61b4705963a6730b?s=96&d=mm&r=g\",\"caption\":\"Antykomunistyczni\"},\"sameAs\":[\"http:\\\/\\\/antykomunistyczni.pl\"],\"url\":\"https:\\\/\\\/antykomunistyczni.pl\\\/index.php\\\/author\\\/admin0\\\/\"}]}<\/script>\n<!-- \/ Yoast SEO plugin. -->","yoast_head_json":{"title":"5 marca 1953 \u2013 \u015bmier\u0107 J\u00f3zefa Stalina. Koniec epoki terroru? - Antykomunistyczni.pl","robots":{"index":"index","follow":"follow","max-snippet":"max-snippet:-1","max-image-preview":"max-image-preview:large","max-video-preview":"max-video-preview:-1"},"canonical":"https:\/\/antykomunistyczni.pl\/index.php\/5-marca-1953-smierc-jozefa-stalina-koniec-epoki-terroru\/","og_locale":"pl_PL","og_type":"article","og_title":"5 marca 1953 \u2013 \u015bmier\u0107 J\u00f3zefa Stalina. Koniec epoki terroru? - Antykomunistyczni.pl","og_description":"5 marca 1953 roku zmar\u0142 J\u00f3zef Stalin \u2013 dyktator Zwi\u0105zku Sowieckiego, tw\u00f3rca jednego z najbardziej represyjnych system\u00f3w w historii XX wieku. Jego \u015bmier\u0107 zako\u0144czy\u0142a trwaj\u0105c\u0105 niemal trzy dekady epok\u0119 bezwzgl\u0119dnego terroru, czystek i masowych zbrodni, kt\u00f3re dotkn\u0119\u0142y miliony ludzi w ZSRR i krajach podporz\u0105dkowanych Moskwie. Dla jednych by\u0142 \u201ewodzem narod\u00f3w\u201d. Dla milion\u00f3w \u2013 symbolem strachu, [&hellip;]","og_url":"https:\/\/antykomunistyczni.pl\/index.php\/5-marca-1953-smierc-jozefa-stalina-koniec-epoki-terroru\/","og_site_name":"Antykomunistyczni.pl","article_publisher":"https:\/\/www.facebook.com\/antykomunistyczni\/","article_published_time":"2026-03-05T07:00:00+00:00","og_image":[{"width":1080,"height":608,"url":"https:\/\/antykomunistyczni.pl\/wp-content\/uploads\/2026\/03\/JozefStalinNaTrybunie.jpg","type":"image\/jpeg"}],"author":"Antykomunistyczni","twitter_card":"summary_large_image","twitter_creator":"@anty_komunisci","twitter_site":"@anty_komunisci","twitter_misc":{"Napisane przez":"Antykomunistyczni","Szacowany czas czytania":"5 minut"},"schema":{"@context":"https:\/\/schema.org","@graph":[{"@type":"Article","@id":"https:\/\/antykomunistyczni.pl\/index.php\/5-marca-1953-smierc-jozefa-stalina-koniec-epoki-terroru\/#article","isPartOf":{"@id":"https:\/\/antykomunistyczni.pl\/index.php\/5-marca-1953-smierc-jozefa-stalina-koniec-epoki-terroru\/"},"author":{"name":"Antykomunistyczni","@id":"https:\/\/antykomunistyczni.pl\/#\/schema\/person\/4963e693e8006b94062d91d1295d02a0"},"headline":"5 marca 1953 \u2013 \u015bmier\u0107 J\u00f3zefa Stalina. Koniec epoki terroru?","datePublished":"2026-03-05T07:00:00+00:00","mainEntityOfPage":{"@id":"https:\/\/antykomunistyczni.pl\/index.php\/5-marca-1953-smierc-jozefa-stalina-koniec-epoki-terroru\/"},"wordCount":1066,"publisher":{"@id":"https:\/\/antykomunistyczni.pl\/#organization"},"image":{"@id":"https:\/\/antykomunistyczni.pl\/index.php\/5-marca-1953-smierc-jozefa-stalina-koniec-epoki-terroru\/#primaryimage"},"thumbnailUrl":"https:\/\/antykomunistyczni.pl\/wp-content\/uploads\/2026\/03\/JozefStalinNaTrybunie.jpg","articleSection":["Aktualno\u015bci","Komuni\u015bci"],"inLanguage":"pl-PL"},{"@type":"WebPage","@id":"https:\/\/antykomunistyczni.pl\/index.php\/5-marca-1953-smierc-jozefa-stalina-koniec-epoki-terroru\/","url":"https:\/\/antykomunistyczni.pl\/index.php\/5-marca-1953-smierc-jozefa-stalina-koniec-epoki-terroru\/","name":"5 marca 1953 \u2013 \u015bmier\u0107 J\u00f3zefa Stalina. Koniec epoki terroru? - Antykomunistyczni.pl","isPartOf":{"@id":"https:\/\/antykomunistyczni.pl\/#website"},"primaryImageOfPage":{"@id":"https:\/\/antykomunistyczni.pl\/index.php\/5-marca-1953-smierc-jozefa-stalina-koniec-epoki-terroru\/#primaryimage"},"image":{"@id":"https:\/\/antykomunistyczni.pl\/index.php\/5-marca-1953-smierc-jozefa-stalina-koniec-epoki-terroru\/#primaryimage"},"thumbnailUrl":"https:\/\/antykomunistyczni.pl\/wp-content\/uploads\/2026\/03\/JozefStalinNaTrybunie.jpg","datePublished":"2026-03-05T07:00:00+00:00","breadcrumb":{"@id":"https:\/\/antykomunistyczni.pl\/index.php\/5-marca-1953-smierc-jozefa-stalina-koniec-epoki-terroru\/#breadcrumb"},"inLanguage":"pl-PL","potentialAction":[{"@type":"ReadAction","target":["https:\/\/antykomunistyczni.pl\/index.php\/5-marca-1953-smierc-jozefa-stalina-koniec-epoki-terroru\/"]}]},{"@type":"ImageObject","inLanguage":"pl-PL","@id":"https:\/\/antykomunistyczni.pl\/index.php\/5-marca-1953-smierc-jozefa-stalina-koniec-epoki-terroru\/#primaryimage","url":"https:\/\/antykomunistyczni.pl\/wp-content\/uploads\/2026\/03\/JozefStalinNaTrybunie.jpg","contentUrl":"https:\/\/antykomunistyczni.pl\/wp-content\/uploads\/2026\/03\/JozefStalinNaTrybunie.jpg","width":1080,"height":608},{"@type":"BreadcrumbList","@id":"https:\/\/antykomunistyczni.pl\/index.php\/5-marca-1953-smierc-jozefa-stalina-koniec-epoki-terroru\/#breadcrumb","itemListElement":[{"@type":"ListItem","position":1,"name":"Strona g\u0142\u00f3wna","item":"https:\/\/antykomunistyczni.pl\/"},{"@type":"ListItem","position":2,"name":"5 marca 1953 \u2013 \u015bmier\u0107 J\u00f3zefa Stalina. Koniec epoki terroru?"}]},{"@type":"WebSite","@id":"https:\/\/antykomunistyczni.pl\/#website","url":"https:\/\/antykomunistyczni.pl\/","name":"Antykomunistyczni.pl","description":"","publisher":{"@id":"https:\/\/antykomunistyczni.pl\/#organization"},"alternateName":"Historia PRL, zbrodnie komunistyczne w Polsce i na \u015bwiecie","potentialAction":[{"@type":"SearchAction","target":{"@type":"EntryPoint","urlTemplate":"https:\/\/antykomunistyczni.pl\/?s={search_term_string}"},"query-input":{"@type":"PropertyValueSpecification","valueRequired":true,"valueName":"search_term_string"}}],"inLanguage":"pl-PL"},{"@type":"Organization","@id":"https:\/\/antykomunistyczni.pl\/#organization","name":"Antykomunistyczni.pl","url":"https:\/\/antykomunistyczni.pl\/","logo":{"@type":"ImageObject","inLanguage":"pl-PL","@id":"https:\/\/antykomunistyczni.pl\/#\/schema\/logo\/image\/","url":"https:\/\/antykomunistyczni.pl\/wp-content\/uploads\/2026\/02\/cropped-AntykomunistyczniLogoSquare150x150-2.png","contentUrl":"https:\/\/antykomunistyczni.pl\/wp-content\/uploads\/2026\/02\/cropped-AntykomunistyczniLogoSquare150x150-2.png","width":150,"height":150,"caption":"Antykomunistyczni.pl"},"image":{"@id":"https:\/\/antykomunistyczni.pl\/#\/schema\/logo\/image\/"},"sameAs":["https:\/\/www.facebook.com\/antykomunistyczni\/","https:\/\/x.com\/anty_komunisci"]},{"@type":"Person","@id":"https:\/\/antykomunistyczni.pl\/#\/schema\/person\/4963e693e8006b94062d91d1295d02a0","name":"Antykomunistyczni","image":{"@type":"ImageObject","inLanguage":"pl-PL","@id":"https:\/\/secure.gravatar.com\/avatar\/ff172875f9ced7887f883245268c1ba638c26cf1e0530f7f61b4705963a6730b?s=96&d=mm&r=g","url":"https:\/\/secure.gravatar.com\/avatar\/ff172875f9ced7887f883245268c1ba638c26cf1e0530f7f61b4705963a6730b?s=96&d=mm&r=g","contentUrl":"https:\/\/secure.gravatar.com\/avatar\/ff172875f9ced7887f883245268c1ba638c26cf1e0530f7f61b4705963a6730b?s=96&d=mm&r=g","caption":"Antykomunistyczni"},"sameAs":["http:\/\/antykomunistyczni.pl"],"url":"https:\/\/antykomunistyczni.pl\/index.php\/author\/admin0\/"}]}},"_links":{"self":[{"href":"https:\/\/antykomunistyczni.pl\/index.php\/wp-json\/wp\/v2\/posts\/745","targetHints":{"allow":["GET"]}}],"collection":[{"href":"https:\/\/antykomunistyczni.pl\/index.php\/wp-json\/wp\/v2\/posts"}],"about":[{"href":"https:\/\/antykomunistyczni.pl\/index.php\/wp-json\/wp\/v2\/types\/post"}],"author":[{"embeddable":true,"href":"https:\/\/antykomunistyczni.pl\/index.php\/wp-json\/wp\/v2\/users\/1"}],"replies":[{"embeddable":true,"href":"https:\/\/antykomunistyczni.pl\/index.php\/wp-json\/wp\/v2\/comments?post=745"}],"version-history":[{"count":4,"href":"https:\/\/antykomunistyczni.pl\/index.php\/wp-json\/wp\/v2\/posts\/745\/revisions"}],"predecessor-version":[{"id":750,"href":"https:\/\/antykomunistyczni.pl\/index.php\/wp-json\/wp\/v2\/posts\/745\/revisions\/750"}],"wp:featuredmedia":[{"embeddable":true,"href":"https:\/\/antykomunistyczni.pl\/index.php\/wp-json\/wp\/v2\/media\/747"}],"wp:attachment":[{"href":"https:\/\/antykomunistyczni.pl\/index.php\/wp-json\/wp\/v2\/media?parent=745"}],"wp:term":[{"taxonomy":"category","embeddable":true,"href":"https:\/\/antykomunistyczni.pl\/index.php\/wp-json\/wp\/v2\/categories?post=745"},{"taxonomy":"post_tag","embeddable":true,"href":"https:\/\/antykomunistyczni.pl\/index.php\/wp-json\/wp\/v2\/tags?post=745"}],"curies":[{"name":"wp","href":"https:\/\/api.w.org\/{rel}","templated":true}]}}