{"id":776,"date":"2026-03-05T11:55:35","date_gmt":"2026-03-05T10:55:35","guid":{"rendered":"https:\/\/antykomunistyczni.pl\/?p=776"},"modified":"2026-03-05T12:08:41","modified_gmt":"2026-03-05T11:08:41","slug":"gen-wolnosci-mlodziez-w-walce-z-komuna-niezwykly-wieczor-pelen-emocji-i-pamieci-na-rakowieckiej-37","status":"publish","type":"post","link":"https:\/\/antykomunistyczni.pl\/index.php\/gen-wolnosci-mlodziez-w-walce-z-komuna-niezwykly-wieczor-pelen-emocji-i-pamieci-na-rakowieckiej-37\/","title":{"rendered":"Gen wolno\u015bci. M\u0142odzie\u017c w walce z komun\u0105 \u2013 niezwyk\u0142y wiecz\u00f3r pe\u0142en emocji i pami\u0119ci na Rakowieckiej 37"},"content":{"rendered":"\t\t<div data-elementor-type=\"wp-post\" data-elementor-id=\"776\" class=\"elementor elementor-776\">\n\t\t\t\t<div class=\"elementor-element elementor-element-73e24e36 e-flex e-con-boxed e-con e-parent\" data-id=\"73e24e36\" data-element_type=\"container\" data-e-type=\"container\">\n\t\t\t\t\t<div class=\"e-con-inner\">\n\t\t\t\t<div class=\"elementor-element elementor-element-d61da1e elementor-arrows-position-inside elementor-pagination-position-outside elementor-widget elementor-widget-image-carousel\" data-id=\"d61da1e\" data-element_type=\"widget\" data-e-type=\"widget\" data-settings=\"{&quot;autoplay_speed&quot;:2000,&quot;speed&quot;:300,&quot;navigation&quot;:&quot;both&quot;,&quot;autoplay&quot;:&quot;yes&quot;,&quot;pause_on_hover&quot;:&quot;yes&quot;,&quot;pause_on_interaction&quot;:&quot;yes&quot;,&quot;infinite&quot;:&quot;yes&quot;}\" data-widget_type=\"image-carousel.default\">\n\t\t\t\t\t\t\t<div class=\"elementor-image-carousel-wrapper swiper\" role=\"region\" aria-roledescription=\"carousel\" aria-label=\"Karuzela obrazk\u00f3w\" dir=\"ltr\">\n\t\t\t<div class=\"elementor-image-carousel swiper-wrapper\" aria-live=\"off\">\n\t\t\t\t\t\t\t\t<div class=\"swiper-slide\" role=\"group\" aria-roledescription=\"slide\" aria-label=\"1 z 7\"><figure class=\"swiper-slide-inner\"><img decoding=\"async\" class=\"swiper-slide-image\" src=\"https:\/\/antykomunistyczni.pl\/wp-content\/uploads\/2026\/03\/647669660_924009166999397_4351187053580423436_n-300x200.jpg\" alt=\"647669660_924009166999397_4351187053580423436_n\" \/><\/figure><\/div><div class=\"swiper-slide\" role=\"group\" aria-roledescription=\"slide\" aria-label=\"2 z 7\"><figure class=\"swiper-slide-inner\"><img decoding=\"async\" class=\"swiper-slide-image\" src=\"https:\/\/antykomunistyczni.pl\/wp-content\/uploads\/2026\/03\/647336126_924009013666079_4914754518517925915_n-200x300.jpg\" alt=\"647336126_924009013666079_4914754518517925915_n\" \/><\/figure><\/div><div class=\"swiper-slide\" role=\"group\" aria-roledescription=\"slide\" aria-label=\"3 z 7\"><figure class=\"swiper-slide-inner\"><img decoding=\"async\" class=\"swiper-slide-image\" src=\"https:\/\/antykomunistyczni.pl\/wp-content\/uploads\/2026\/03\/648210465_924009136999400_3284244883189799945_n-300x200.jpg\" alt=\"648210465_924009136999400_3284244883189799945_n\" \/><\/figure><\/div><div class=\"swiper-slide\" role=\"group\" aria-roledescription=\"slide\" aria-label=\"4 z 7\"><figure class=\"swiper-slide-inner\"><img decoding=\"async\" class=\"swiper-slide-image\" src=\"https:\/\/antykomunistyczni.pl\/wp-content\/uploads\/2026\/03\/648219883_924009026999411_8990550473456131359_n-300x200.jpg\" alt=\"648219883_924009026999411_8990550473456131359_n\" \/><\/figure><\/div><div class=\"swiper-slide\" role=\"group\" aria-roledescription=\"slide\" aria-label=\"5 z 7\"><figure class=\"swiper-slide-inner\"><img decoding=\"async\" class=\"swiper-slide-image\" src=\"https:\/\/antykomunistyczni.pl\/wp-content\/uploads\/2026\/03\/648123449_924008983666082_6053708937785376489_n-200x300.jpg\" alt=\"648123449_924008983666082_6053708937785376489_n\" \/><\/figure><\/div><div class=\"swiper-slide\" role=\"group\" aria-roledescription=\"slide\" aria-label=\"6 z 7\"><figure class=\"swiper-slide-inner\"><img decoding=\"async\" class=\"swiper-slide-image\" src=\"https:\/\/antykomunistyczni.pl\/wp-content\/uploads\/2026\/03\/648106455_924009180332729_4264126825634420098_n-200x300.jpg\" alt=\"648106455_924009180332729_4264126825634420098_n\" \/><\/figure><\/div><div class=\"swiper-slide\" role=\"group\" aria-roledescription=\"slide\" aria-label=\"7 z 7\"><figure class=\"swiper-slide-inner\"><img decoding=\"async\" class=\"swiper-slide-image\" src=\"https:\/\/antykomunistyczni.pl\/wp-content\/uploads\/2026\/03\/DJI_20260304_182051_108-210x300.jpg\" alt=\"DJI_20260304_182051_108\" \/><\/figure><\/div>\t\t\t<\/div>\n\t\t\t\t\t\t\t\t\t\t\t\t<div class=\"elementor-swiper-button elementor-swiper-button-prev\" role=\"button\" tabindex=\"0\">\n\t\t\t\t\t\t<svg aria-hidden=\"true\" class=\"e-font-icon-svg e-eicon-chevron-left\" viewBox=\"0 0 1000 1000\" xmlns=\"http:\/\/www.w3.org\/2000\/svg\"><path d=\"M646 125C629 125 613 133 604 142L308 442C296 454 292 471 292 487 292 504 296 521 308 533L604 854C617 867 629 875 646 875 663 875 679 871 692 858 704 846 713 829 713 812 713 796 708 779 692 767L438 487 692 225C700 217 708 204 708 187 708 171 704 154 692 142 675 129 663 125 646 125Z\"><\/path><\/svg>\t\t\t\t\t<\/div>\n\t\t\t\t\t<div class=\"elementor-swiper-button elementor-swiper-button-next\" role=\"button\" tabindex=\"0\">\n\t\t\t\t\t\t<svg aria-hidden=\"true\" class=\"e-font-icon-svg e-eicon-chevron-right\" viewBox=\"0 0 1000 1000\" xmlns=\"http:\/\/www.w3.org\/2000\/svg\"><path d=\"M696 533C708 521 713 504 713 487 713 471 708 454 696 446L400 146C388 133 375 125 354 125 338 125 325 129 313 142 300 154 292 171 292 187 292 204 296 221 308 233L563 492 304 771C292 783 288 800 288 817 288 833 296 850 308 863 321 871 338 875 354 875 371 875 388 867 400 854L696 533Z\"><\/path><\/svg>\t\t\t\t\t<\/div>\n\t\t\t\t\n\t\t\t\t\t\t\t\t\t<div class=\"swiper-pagination\"><\/div>\n\t\t\t\t\t\t\t\t\t<\/div>\n\t\t\t\t\t\t<\/div>\n\t\t\t\t<div class=\"elementor-element elementor-element-6b148d3d elementor-widget elementor-widget-text-editor\" data-id=\"6b148d3d\" data-element_type=\"widget\" data-e-type=\"widget\" data-widget_type=\"text-editor.default\">\n\t\t\t\t\t\t\t\t\t<p>Za nami koncert, kt\u00f3ry zapadnie w pami\u0119\u0107 wszystkim, kt\u00f3rzy mieli okazj\u0119 go zobaczy\u0107. <strong>\u201eGen wolno\u015bci. M\u0142odzie\u017c w walce z komun\u0105\u201d<\/strong>\u00a0to nie tylko spektakl artystyczny, ale przede wszystkim ho\u0142d dla m\u0142odych ludzi, kt\u00f3rzy w czasach komunistyjnej dyktatury mieli odwag\u0119 powiedzie\u0107\u00a0<strong>\u201enie\u201d<\/strong>\u00a0zniewoleniu i walczy\u0107 o wolno\u015b\u0107, prawd\u0119 oraz godno\u015b\u0107 ludzk\u0105.<\/p>\n<p><!-- \/wp:paragraph --><!-- wp:heading {\"level\":4} --><\/p>\n<h4 class=\"wp-block-heading\"><strong>Historie m\u0142odych bohater\u00f3w walki z komunizmem<\/strong><\/h4>\n<p><!-- \/wp:heading --><!-- wp:paragraph --><\/p>\n<p>W trakcie wieczoru wybrzmia\u0142y poruszaj\u0105ce opowie\u015bci o tych, dla kt\u00f3rych wolno\u015b\u0107 nie by\u0142a abstrakcyjnym poj\u0119ciem, lecz codzienn\u0105 walk\u0105. S\u0142uchacze i widzowie mogli pozna\u0107 losy m.in.:<\/p>\n<p><!-- \/wp:paragraph --><!-- wp:list --><\/p>\n<ul class=\"wp-block-list\">\n<li style=\"list-style-type: none;\">\n<ul class=\"wp-block-list\"><!-- wp:list-item --><\/ul>\n<\/li>\n<\/ul>\n<ul class=\"wp-block-list\">\n<li style=\"list-style-type: none;\">\n<ul class=\"wp-block-list\">\n<li><strong>Emila Barcha\u0144skiego<\/strong>\u00a0\u2013 najm\u0142odszej ofiary stanu wojennego, kt\u00f3rego \u017cycie brutalnie przerwa\u0142y s\u0142u\u017cby komunistyczne,<\/li>\n<\/ul>\n<\/li>\n<\/ul>\n<p><!-- \/wp:list-item --><!-- wp:list-item --><\/p>\n<ul class=\"wp-block-list\">\n<li style=\"list-style-type: none;\">\n<ul class=\"wp-block-list\">\n<li><strong>Grzegorza Przemyka<\/strong>\u00a0\u2013 ucznia, kt\u00f3rego \u015bmier\u0107 w 1983 r. sta\u0142a si\u0119 symbolem bezwzgl\u0119dnej brutalno\u015bci systemu komunistycznego,<\/li>\n<\/ul>\n<\/li>\n<\/ul>\n<p><!-- \/wp:list-item --><!-- wp:list-item --><\/p>\n<ul class=\"wp-block-list\">\n<li style=\"list-style-type: none;\">\n<ul class=\"wp-block-list\">\n<li><strong>Ireny Tomalak<\/strong>\u00a0\u2013 cz\u0142onkini Armii Krajowej, wi\u0119zionej w okresie stalinowskim, m.in. w s\u0142ynnej (a raczej haniebnej) jednostce przy ul. Rakowieckiej 37, gdzie dzi\u015b mie\u015bci si\u0119 Muzeum, Centrum Edukacji Obywatelskiej oraz odbywa\u0142 si\u0119 koncert.<\/li>\n<\/ul>\n<\/li>\n<\/ul>\n<p><!-- \/wp:list-item --><\/p>\n<p><!-- \/wp:list --><!-- wp:paragraph --><\/p>\n<p><!-- \/wp:paragraph --><!-- wp:heading {\"level\":4} --><\/p>\n<h4 class=\"wp-block-heading\"><strong>Posta\u0107 z historii jako osobiste do\u015bwiadczenie<\/strong><\/h4>\n<p><!-- \/wp:heading --><!-- wp:paragraph --><\/p>\n<p><!-- \/wp:paragraph --><!-- wp:paragraph --><\/p>\n<p data-start=\"83\" data-end=\"455\">Dziadek braci Feliksa i Wincentego, Jan Matecki, by\u0142 jednym z za\u0142o\u017cycieli <strong data-start=\"157\" data-end=\"193\">Zwi\u0105zku M\u0142odych Wrog\u00f3w Komunizmu<\/strong> \u2013 organizacji dzia\u0142aj\u0105cej przez kilkana\u015bcie miesi\u0119cy na terenie powiatu dolno\u015bl\u0105skiego, w Z\u0142otoryi i okolicach. Za udzia\u0142 w niej, jako 15-letni ch\u0142opak, Jan wraz z bratem Czes\u0142awem zosta\u0142 zatrzymany przez <strong data-start=\"399\" data-end=\"423\">Urz\u0105d Bezpiecze\u0144stwa<\/strong> i poddany brutalnym torturom.<\/p>\n<p data-start=\"457\" data-end=\"865\">W spektaklu Feliks i Wincenty odgrywaj\u0105 role swoich przodk\u00f3w, pokazuj\u0105c mi\u0119dzy innymi, jak wygl\u0105da\u0142o <strong data-start=\"558\" data-end=\"603\">przyklejanie antykomunistycznych plakat\u00f3w<\/strong> \u2013 dzia\u0142anie, za kt\u00f3re w tamtych czasach grozi\u0142a kara \u015bmierci. W tym fragmencie widzowie mog\u0105 zobaczy\u0107, jak w tajemnicy, pod os\u0142on\u0105 nocy, m\u0142odzi dzia\u0142acze przygotowywali i rozklejali materia\u0142y propagandowe przeciwko re\u017cimowi narzuconemu przez Zwi\u0105zek Sowiecki.<\/p>\n<hr data-start=\"867\" data-end=\"870\" \/>\n<p data-start=\"872\" data-end=\"1037\" data-is-last-node=\"\" data-is-only-node=\"\">\u00a0<\/p>\n<p><strong style=\"color: inherit; font-family: inherit; font-size: 1.5rem;\">Kontekst historyczny \u2013 Dzie\u0144 Pami\u0119ci \u017bo\u0142nierzy Wykl\u0119tych<\/strong><\/p>\n<p><!-- \/wp:heading --><!-- wp:paragraph --><\/p>\n<p>Koncert\u00a0<strong>\u201eGen wolno\u015bci. M\u0142odzie\u017c w walce z komun\u0105\u201d<\/strong>\u00a0nie by\u0142 przypadkowym wydarzeniem. Stanowi\u0142\u00a0<strong>wa\u017cny element obchod\u00f3w Narodowego Dnia Pami\u0119ci \u017bo\u0142nierzy Wykl\u0119tych i \u017bo\u0142nierzy WiN<\/strong>\u00a0\u2013 \u015bwi\u0119ta ustanowionego dla uczczenia tych, kt\u00f3rzy po II wojnie \u015bwiatowej kontynuowali walk\u0119 o niepodleg\u0142o\u015b\u0107 Polski, pomimo prze\u015bladowa\u0144 ze strony komunistycznych w\u0142adz.<\/p>\n<p><!-- \/wp:paragraph --><!-- wp:paragraph --><\/p>\n<p>Warto podkre\u015bli\u0107, \u017ce ca\u0142e wydarzenie obj\u0119te zosta\u0142o\u00a0<strong>Patronatem Honorowym Prezydenta Rzeczypospolitej Polskiej Karola Nawrockiego<\/strong>\u00a0\u2013 co potwierdza jego ogromne znaczenie dla narodowej wsp\u00f3lnoty historycznej.<\/p>\n<p><!-- \/wp:heading --><!-- wp:paragraph --><\/p>\n<p>W czasach, gdy niekt\u00f3rzy pr\u00f3buj\u0105\u00a0<strong>wybieli\u0107 histori\u0119 komunizmu<\/strong>\u00a0lub umniejszy\u0107 znaczenie oporu m\u0142odego pokolenia, wydarzenia takie jak \u201eGen wolno\u015bci\u201d s\u0105 nieocenione. Przypominaj\u0105 nam, \u017ce:<\/p>\n<p><!-- \/wp:paragraph --><!-- wp:list --><\/p>\n<ul class=\"wp-block-list\">\n<li style=\"list-style-type: none;\">\n<ul class=\"wp-block-list\"><!-- wp:list-item --><\/ul>\n<\/li>\n<\/ul>\n<ul class=\"wp-block-list\">\n<li style=\"list-style-type: none;\">\n<ul class=\"wp-block-list\">\n<li><strong>Wolno\u015b\u0107 zawsze wymaga ofiary<\/strong>\u00a0\u2013 nawet najm\u0142odsi mogli (i powinni) stawa\u0107 w jej obronie,<\/li>\n<\/ul>\n<\/li>\n<\/ul>\n<p><!-- \/wp:list-item --><!-- wp:list-item --><\/p>\n<ul class=\"wp-block-list\">\n<li style=\"list-style-type: none;\">\n<ul class=\"wp-block-list\">\n<li><strong>Organizacje jak ZMWK nie by\u0142y \u201eprzypadkiem\u201d<\/strong>\u00a0\u2013 by\u0142y cz\u0119\u015bci\u0105 szerszego ruchu oporu, kt\u00f3ry dzisiaj musimy zna\u0107 i szanowa\u0107,<\/li>\n<\/ul>\n<\/li>\n<\/ul>\n<p><!-- \/wp:list-item --><!-- wp:list-item --><\/p>\n<ul class=\"wp-block-list\">\n<li style=\"list-style-type: none;\">\n<ul class=\"wp-block-list\">\n<li><strong>Rodzinna pami\u0119\u0107 jest najsilniejszym mostem mi\u0119dzy przesz\u0142o\u015bci\u0105 a tera\u017aniejszo\u015bci\u0105<\/strong>\u00a0\u2013 dzi\u0119ki braciom Mateckim historia ich przodka sta\u0142a si\u0119 dla nas \u017cywa i bliska.<\/li>\n<\/ul>\n<\/li>\n<\/ul>\n<p><!-- \/wp:list-item --><\/p>\n<p><!-- \/wp:list --><!-- wp:paragraph --><\/p>\n<h4><strong>Nie zapominajmy. Pami\u0119\u0107 to nasza bro\u0144.<\/strong><\/h4>\n<p><em>Do zobaczenia na kolejnych spotkaniach z histori\u0105 \u2013 bo ka\u017cde \u201enie\u201d wypowiedziane w przesz\u0142o\u015bci, to krok ku wolno\u015bci dzi\u015b.<\/em><\/p>\n<p><em>Fot. Tomasz \u017burawski (M\u017bWiWPPRL) i materia\u0142y w\u0142asne<\/em><\/p>\n<p><!-- \/wp:paragraph --><!-- wp:paragraph --><\/p>\n<p><!-- \/wp:paragraph --><\/p>\t\t\t\t\t\t\t\t<\/div>\n\t\t\t\t\t<\/div>\n\t\t\t\t<\/div>\n\t\t\t\t<\/div>\n\t\t","protected":false},"excerpt":{"rendered":"<p>Za nami koncert, kt\u00f3ry zapadnie w pami\u0119\u0107 wszystkim, kt\u00f3rzy mieli okazj\u0119 go zobaczy\u0107. \u201eGen wolno\u015bci. M\u0142odzie\u017c w walce z komun\u0105\u201d\u00a0to nie tylko spektakl artystyczny, ale przede wszystkim ho\u0142d dla m\u0142odych ludzi, kt\u00f3rzy w czasach komunistyjnej dyktatury mieli odwag\u0119 powiedzie\u0107\u00a0\u201enie\u201d\u00a0zniewoleniu i walczy\u0107 o wolno\u015b\u0107, prawd\u0119 oraz godno\u015b\u0107 ludzk\u0105. Historie m\u0142odych bohater\u00f3w walki z komunizmem W trakcie [&hellip;]<\/p>\n","protected":false},"author":1,"featured_media":784,"comment_status":"closed","ping_status":"closed","sticky":false,"template":"","format":"standard","meta":{"give_campaign_id":0,"footnotes":""},"categories":[22,23],"tags":[],"class_list":["post-776","post","type-post","status-publish","format-standard","has-post-thumbnail","hentry","category-aktualnosci","category-swiadectwa"],"yoast_head":"<!-- This site is optimized with the Yoast SEO plugin v28.4 - https:\/\/yoast.com\/product\/yoast-seo-wordpress\/ -->\n<title>Gen wolno\u015bci. M\u0142odzie\u017c w walce z komun\u0105 \u2013 niezwyk\u0142y wiecz\u00f3r pe\u0142en emocji i pami\u0119ci na Rakowieckiej 37 - Antykomunistyczni.pl<\/title>\n<meta name=\"robots\" content=\"index, follow, max-snippet:-1, max-image-preview:large, max-video-preview:-1\" \/>\n<link rel=\"canonical\" href=\"https:\/\/antykomunistyczni.pl\/index.php\/gen-wolnosci-mlodziez-w-walce-z-komuna-niezwykly-wieczor-pelen-emocji-i-pamieci-na-rakowieckiej-37\/\" \/>\n<meta property=\"og:locale\" content=\"pl_PL\" \/>\n<meta property=\"og:type\" content=\"article\" \/>\n<meta property=\"og:title\" content=\"Gen wolno\u015bci. M\u0142odzie\u017c w walce z komun\u0105 \u2013 niezwyk\u0142y wiecz\u00f3r pe\u0142en emocji i pami\u0119ci na Rakowieckiej 37 - Antykomunistyczni.pl\" \/>\n<meta property=\"og:description\" content=\"Za nami koncert, kt\u00f3ry zapadnie w pami\u0119\u0107 wszystkim, kt\u00f3rzy mieli okazj\u0119 go zobaczy\u0107. \u201eGen wolno\u015bci. M\u0142odzie\u017c w walce z komun\u0105\u201d\u00a0to nie tylko spektakl artystyczny, ale przede wszystkim ho\u0142d dla m\u0142odych ludzi, kt\u00f3rzy w czasach komunistyjnej dyktatury mieli odwag\u0119 powiedzie\u0107\u00a0\u201enie\u201d\u00a0zniewoleniu i walczy\u0107 o wolno\u015b\u0107, prawd\u0119 oraz godno\u015b\u0107 ludzk\u0105. Historie m\u0142odych bohater\u00f3w walki z komunizmem W trakcie [&hellip;]\" \/>\n<meta property=\"og:url\" content=\"https:\/\/antykomunistyczni.pl\/index.php\/gen-wolnosci-mlodziez-w-walce-z-komuna-niezwykly-wieczor-pelen-emocji-i-pamieci-na-rakowieckiej-37\/\" \/>\n<meta property=\"og:site_name\" content=\"Antykomunistyczni.pl\" \/>\n<meta property=\"article:publisher\" content=\"https:\/\/www.facebook.com\/antykomunistyczni\/\" \/>\n<meta property=\"article:published_time\" content=\"2026-03-05T10:55:35+00:00\" \/>\n<meta property=\"article:modified_time\" content=\"2026-03-05T11:08:41+00:00\" \/>\n<meta property=\"og:image\" content=\"https:\/\/antykomunistyczni.pl\/wp-content\/uploads\/2026\/03\/DJI_20260304_182051_108.jpg\" \/>\n\t<meta property=\"og:image:width\" content=\"504\" \/>\n\t<meta property=\"og:image:height\" content=\"720\" \/>\n\t<meta property=\"og:image:type\" content=\"image\/jpeg\" \/>\n<meta name=\"author\" content=\"Antykomunistyczni\" \/>\n<meta name=\"twitter:card\" content=\"summary_large_image\" \/>\n<meta name=\"twitter:creator\" content=\"@anty_komunisci\" \/>\n<meta name=\"twitter:site\" content=\"@anty_komunisci\" \/>\n<meta name=\"twitter:label1\" content=\"Napisane przez\" \/>\n\t<meta name=\"twitter:data1\" content=\"Antykomunistyczni\" \/>\n\t<meta name=\"twitter:label2\" content=\"Szacowany czas czytania\" \/>\n\t<meta name=\"twitter:data2\" content=\"6 minut\" \/>\n<script type=\"application\/ld+json\" class=\"yoast-schema-graph\">{\"@context\":\"https:\\\/\\\/schema.org\",\"@graph\":[{\"@type\":\"Article\",\"@id\":\"https:\\\/\\\/antykomunistyczni.pl\\\/index.php\\\/gen-wolnosci-mlodziez-w-walce-z-komuna-niezwykly-wieczor-pelen-emocji-i-pamieci-na-rakowieckiej-37\\\/#article\",\"isPartOf\":{\"@id\":\"https:\\\/\\\/antykomunistyczni.pl\\\/index.php\\\/gen-wolnosci-mlodziez-w-walce-z-komuna-niezwykly-wieczor-pelen-emocji-i-pamieci-na-rakowieckiej-37\\\/\"},\"author\":{\"name\":\"Antykomunistyczni\",\"@id\":\"https:\\\/\\\/antykomunistyczni.pl\\\/#\\\/schema\\\/person\\\/4963e693e8006b94062d91d1295d02a0\"},\"headline\":\"Gen wolno\u015bci. M\u0142odzie\u017c w walce z komun\u0105 \u2013 niezwyk\u0142y wiecz\u00f3r pe\u0142en emocji i pami\u0119ci na Rakowieckiej 37\",\"datePublished\":\"2026-03-05T10:55:35+00:00\",\"dateModified\":\"2026-03-05T11:08:41+00:00\",\"mainEntityOfPage\":{\"@id\":\"https:\\\/\\\/antykomunistyczni.pl\\\/index.php\\\/gen-wolnosci-mlodziez-w-walce-z-komuna-niezwykly-wieczor-pelen-emocji-i-pamieci-na-rakowieckiej-37\\\/\"},\"wordCount\":554,\"publisher\":{\"@id\":\"https:\\\/\\\/antykomunistyczni.pl\\\/#organization\"},\"image\":{\"@id\":\"https:\\\/\\\/antykomunistyczni.pl\\\/index.php\\\/gen-wolnosci-mlodziez-w-walce-z-komuna-niezwykly-wieczor-pelen-emocji-i-pamieci-na-rakowieckiej-37\\\/#primaryimage\"},\"thumbnailUrl\":\"https:\\\/\\\/antykomunistyczni.pl\\\/wp-content\\\/uploads\\\/2026\\\/03\\\/DJI_20260304_182051_108.jpg\",\"articleSection\":[\"Aktualno\u015bci\",\"\u015awiadectwa\"],\"inLanguage\":\"pl-PL\"},{\"@type\":\"WebPage\",\"@id\":\"https:\\\/\\\/antykomunistyczni.pl\\\/index.php\\\/gen-wolnosci-mlodziez-w-walce-z-komuna-niezwykly-wieczor-pelen-emocji-i-pamieci-na-rakowieckiej-37\\\/\",\"url\":\"https:\\\/\\\/antykomunistyczni.pl\\\/index.php\\\/gen-wolnosci-mlodziez-w-walce-z-komuna-niezwykly-wieczor-pelen-emocji-i-pamieci-na-rakowieckiej-37\\\/\",\"name\":\"Gen wolno\u015bci. M\u0142odzie\u017c w walce z komun\u0105 \u2013 niezwyk\u0142y wiecz\u00f3r pe\u0142en emocji i pami\u0119ci na Rakowieckiej 37 - Antykomunistyczni.pl\",\"isPartOf\":{\"@id\":\"https:\\\/\\\/antykomunistyczni.pl\\\/#website\"},\"primaryImageOfPage\":{\"@id\":\"https:\\\/\\\/antykomunistyczni.pl\\\/index.php\\\/gen-wolnosci-mlodziez-w-walce-z-komuna-niezwykly-wieczor-pelen-emocji-i-pamieci-na-rakowieckiej-37\\\/#primaryimage\"},\"image\":{\"@id\":\"https:\\\/\\\/antykomunistyczni.pl\\\/index.php\\\/gen-wolnosci-mlodziez-w-walce-z-komuna-niezwykly-wieczor-pelen-emocji-i-pamieci-na-rakowieckiej-37\\\/#primaryimage\"},\"thumbnailUrl\":\"https:\\\/\\\/antykomunistyczni.pl\\\/wp-content\\\/uploads\\\/2026\\\/03\\\/DJI_20260304_182051_108.jpg\",\"datePublished\":\"2026-03-05T10:55:35+00:00\",\"dateModified\":\"2026-03-05T11:08:41+00:00\",\"breadcrumb\":{\"@id\":\"https:\\\/\\\/antykomunistyczni.pl\\\/index.php\\\/gen-wolnosci-mlodziez-w-walce-z-komuna-niezwykly-wieczor-pelen-emocji-i-pamieci-na-rakowieckiej-37\\\/#breadcrumb\"},\"inLanguage\":\"pl-PL\",\"potentialAction\":[{\"@type\":\"ReadAction\",\"target\":[\"https:\\\/\\\/antykomunistyczni.pl\\\/index.php\\\/gen-wolnosci-mlodziez-w-walce-z-komuna-niezwykly-wieczor-pelen-emocji-i-pamieci-na-rakowieckiej-37\\\/\"]}]},{\"@type\":\"ImageObject\",\"inLanguage\":\"pl-PL\",\"@id\":\"https:\\\/\\\/antykomunistyczni.pl\\\/index.php\\\/gen-wolnosci-mlodziez-w-walce-z-komuna-niezwykly-wieczor-pelen-emocji-i-pamieci-na-rakowieckiej-37\\\/#primaryimage\",\"url\":\"https:\\\/\\\/antykomunistyczni.pl\\\/wp-content\\\/uploads\\\/2026\\\/03\\\/DJI_20260304_182051_108.jpg\",\"contentUrl\":\"https:\\\/\\\/antykomunistyczni.pl\\\/wp-content\\\/uploads\\\/2026\\\/03\\\/DJI_20260304_182051_108.jpg\",\"width\":504,\"height\":720},{\"@type\":\"BreadcrumbList\",\"@id\":\"https:\\\/\\\/antykomunistyczni.pl\\\/index.php\\\/gen-wolnosci-mlodziez-w-walce-z-komuna-niezwykly-wieczor-pelen-emocji-i-pamieci-na-rakowieckiej-37\\\/#breadcrumb\",\"itemListElement\":[{\"@type\":\"ListItem\",\"position\":1,\"name\":\"Strona g\u0142\u00f3wna\",\"item\":\"https:\\\/\\\/antykomunistyczni.pl\\\/\"},{\"@type\":\"ListItem\",\"position\":2,\"name\":\"Gen wolno\u015bci. M\u0142odzie\u017c w walce z komun\u0105 \u2013 niezwyk\u0142y wiecz\u00f3r pe\u0142en emocji i pami\u0119ci na Rakowieckiej 37\"}]},{\"@type\":\"WebSite\",\"@id\":\"https:\\\/\\\/antykomunistyczni.pl\\\/#website\",\"url\":\"https:\\\/\\\/antykomunistyczni.pl\\\/\",\"name\":\"Antykomunistyczni.pl\",\"description\":\"\",\"publisher\":{\"@id\":\"https:\\\/\\\/antykomunistyczni.pl\\\/#organization\"},\"alternateName\":\"Historia PRL, zbrodnie komunistyczne w Polsce i na \u015bwiecie\",\"potentialAction\":[{\"@type\":\"SearchAction\",\"target\":{\"@type\":\"EntryPoint\",\"urlTemplate\":\"https:\\\/\\\/antykomunistyczni.pl\\\/?s={search_term_string}\"},\"query-input\":{\"@type\":\"PropertyValueSpecification\",\"valueRequired\":true,\"valueName\":\"search_term_string\"}}],\"inLanguage\":\"pl-PL\"},{\"@type\":\"Organization\",\"@id\":\"https:\\\/\\\/antykomunistyczni.pl\\\/#organization\",\"name\":\"Antykomunistyczni.pl\",\"url\":\"https:\\\/\\\/antykomunistyczni.pl\\\/\",\"logo\":{\"@type\":\"ImageObject\",\"inLanguage\":\"pl-PL\",\"@id\":\"https:\\\/\\\/antykomunistyczni.pl\\\/#\\\/schema\\\/logo\\\/image\\\/\",\"url\":\"https:\\\/\\\/antykomunistyczni.pl\\\/wp-content\\\/uploads\\\/2026\\\/02\\\/cropped-AntykomunistyczniLogoSquare150x150-2.png\",\"contentUrl\":\"https:\\\/\\\/antykomunistyczni.pl\\\/wp-content\\\/uploads\\\/2026\\\/02\\\/cropped-AntykomunistyczniLogoSquare150x150-2.png\",\"width\":150,\"height\":150,\"caption\":\"Antykomunistyczni.pl\"},\"image\":{\"@id\":\"https:\\\/\\\/antykomunistyczni.pl\\\/#\\\/schema\\\/logo\\\/image\\\/\"},\"sameAs\":[\"https:\\\/\\\/www.facebook.com\\\/antykomunistyczni\\\/\",\"https:\\\/\\\/x.com\\\/anty_komunisci\"]},{\"@type\":\"Person\",\"@id\":\"https:\\\/\\\/antykomunistyczni.pl\\\/#\\\/schema\\\/person\\\/4963e693e8006b94062d91d1295d02a0\",\"name\":\"Antykomunistyczni\",\"image\":{\"@type\":\"ImageObject\",\"inLanguage\":\"pl-PL\",\"@id\":\"https:\\\/\\\/secure.gravatar.com\\\/avatar\\\/ff172875f9ced7887f883245268c1ba638c26cf1e0530f7f61b4705963a6730b?s=96&d=mm&r=g\",\"url\":\"https:\\\/\\\/secure.gravatar.com\\\/avatar\\\/ff172875f9ced7887f883245268c1ba638c26cf1e0530f7f61b4705963a6730b?s=96&d=mm&r=g\",\"contentUrl\":\"https:\\\/\\\/secure.gravatar.com\\\/avatar\\\/ff172875f9ced7887f883245268c1ba638c26cf1e0530f7f61b4705963a6730b?s=96&d=mm&r=g\",\"caption\":\"Antykomunistyczni\"},\"sameAs\":[\"http:\\\/\\\/antykomunistyczni.pl\"],\"url\":\"https:\\\/\\\/antykomunistyczni.pl\\\/index.php\\\/author\\\/admin0\\\/\"}]}<\/script>\n<!-- \/ Yoast SEO plugin. -->","yoast_head_json":{"title":"Gen wolno\u015bci. M\u0142odzie\u017c w walce z komun\u0105 \u2013 niezwyk\u0142y wiecz\u00f3r pe\u0142en emocji i pami\u0119ci na Rakowieckiej 37 - Antykomunistyczni.pl","robots":{"index":"index","follow":"follow","max-snippet":"max-snippet:-1","max-image-preview":"max-image-preview:large","max-video-preview":"max-video-preview:-1"},"canonical":"https:\/\/antykomunistyczni.pl\/index.php\/gen-wolnosci-mlodziez-w-walce-z-komuna-niezwykly-wieczor-pelen-emocji-i-pamieci-na-rakowieckiej-37\/","og_locale":"pl_PL","og_type":"article","og_title":"Gen wolno\u015bci. M\u0142odzie\u017c w walce z komun\u0105 \u2013 niezwyk\u0142y wiecz\u00f3r pe\u0142en emocji i pami\u0119ci na Rakowieckiej 37 - Antykomunistyczni.pl","og_description":"Za nami koncert, kt\u00f3ry zapadnie w pami\u0119\u0107 wszystkim, kt\u00f3rzy mieli okazj\u0119 go zobaczy\u0107. \u201eGen wolno\u015bci. M\u0142odzie\u017c w walce z komun\u0105\u201d\u00a0to nie tylko spektakl artystyczny, ale przede wszystkim ho\u0142d dla m\u0142odych ludzi, kt\u00f3rzy w czasach komunistyjnej dyktatury mieli odwag\u0119 powiedzie\u0107\u00a0\u201enie\u201d\u00a0zniewoleniu i walczy\u0107 o wolno\u015b\u0107, prawd\u0119 oraz godno\u015b\u0107 ludzk\u0105. Historie m\u0142odych bohater\u00f3w walki z komunizmem W trakcie [&hellip;]","og_url":"https:\/\/antykomunistyczni.pl\/index.php\/gen-wolnosci-mlodziez-w-walce-z-komuna-niezwykly-wieczor-pelen-emocji-i-pamieci-na-rakowieckiej-37\/","og_site_name":"Antykomunistyczni.pl","article_publisher":"https:\/\/www.facebook.com\/antykomunistyczni\/","article_published_time":"2026-03-05T10:55:35+00:00","article_modified_time":"2026-03-05T11:08:41+00:00","og_image":[{"width":504,"height":720,"url":"https:\/\/antykomunistyczni.pl\/wp-content\/uploads\/2026\/03\/DJI_20260304_182051_108.jpg","type":"image\/jpeg"}],"author":"Antykomunistyczni","twitter_card":"summary_large_image","twitter_creator":"@anty_komunisci","twitter_site":"@anty_komunisci","twitter_misc":{"Napisane przez":"Antykomunistyczni","Szacowany czas czytania":"6 minut"},"schema":{"@context":"https:\/\/schema.org","@graph":[{"@type":"Article","@id":"https:\/\/antykomunistyczni.pl\/index.php\/gen-wolnosci-mlodziez-w-walce-z-komuna-niezwykly-wieczor-pelen-emocji-i-pamieci-na-rakowieckiej-37\/#article","isPartOf":{"@id":"https:\/\/antykomunistyczni.pl\/index.php\/gen-wolnosci-mlodziez-w-walce-z-komuna-niezwykly-wieczor-pelen-emocji-i-pamieci-na-rakowieckiej-37\/"},"author":{"name":"Antykomunistyczni","@id":"https:\/\/antykomunistyczni.pl\/#\/schema\/person\/4963e693e8006b94062d91d1295d02a0"},"headline":"Gen wolno\u015bci. M\u0142odzie\u017c w walce z komun\u0105 \u2013 niezwyk\u0142y wiecz\u00f3r pe\u0142en emocji i pami\u0119ci na Rakowieckiej 37","datePublished":"2026-03-05T10:55:35+00:00","dateModified":"2026-03-05T11:08:41+00:00","mainEntityOfPage":{"@id":"https:\/\/antykomunistyczni.pl\/index.php\/gen-wolnosci-mlodziez-w-walce-z-komuna-niezwykly-wieczor-pelen-emocji-i-pamieci-na-rakowieckiej-37\/"},"wordCount":554,"publisher":{"@id":"https:\/\/antykomunistyczni.pl\/#organization"},"image":{"@id":"https:\/\/antykomunistyczni.pl\/index.php\/gen-wolnosci-mlodziez-w-walce-z-komuna-niezwykly-wieczor-pelen-emocji-i-pamieci-na-rakowieckiej-37\/#primaryimage"},"thumbnailUrl":"https:\/\/antykomunistyczni.pl\/wp-content\/uploads\/2026\/03\/DJI_20260304_182051_108.jpg","articleSection":["Aktualno\u015bci","\u015awiadectwa"],"inLanguage":"pl-PL"},{"@type":"WebPage","@id":"https:\/\/antykomunistyczni.pl\/index.php\/gen-wolnosci-mlodziez-w-walce-z-komuna-niezwykly-wieczor-pelen-emocji-i-pamieci-na-rakowieckiej-37\/","url":"https:\/\/antykomunistyczni.pl\/index.php\/gen-wolnosci-mlodziez-w-walce-z-komuna-niezwykly-wieczor-pelen-emocji-i-pamieci-na-rakowieckiej-37\/","name":"Gen wolno\u015bci. M\u0142odzie\u017c w walce z komun\u0105 \u2013 niezwyk\u0142y wiecz\u00f3r pe\u0142en emocji i pami\u0119ci na Rakowieckiej 37 - Antykomunistyczni.pl","isPartOf":{"@id":"https:\/\/antykomunistyczni.pl\/#website"},"primaryImageOfPage":{"@id":"https:\/\/antykomunistyczni.pl\/index.php\/gen-wolnosci-mlodziez-w-walce-z-komuna-niezwykly-wieczor-pelen-emocji-i-pamieci-na-rakowieckiej-37\/#primaryimage"},"image":{"@id":"https:\/\/antykomunistyczni.pl\/index.php\/gen-wolnosci-mlodziez-w-walce-z-komuna-niezwykly-wieczor-pelen-emocji-i-pamieci-na-rakowieckiej-37\/#primaryimage"},"thumbnailUrl":"https:\/\/antykomunistyczni.pl\/wp-content\/uploads\/2026\/03\/DJI_20260304_182051_108.jpg","datePublished":"2026-03-05T10:55:35+00:00","dateModified":"2026-03-05T11:08:41+00:00","breadcrumb":{"@id":"https:\/\/antykomunistyczni.pl\/index.php\/gen-wolnosci-mlodziez-w-walce-z-komuna-niezwykly-wieczor-pelen-emocji-i-pamieci-na-rakowieckiej-37\/#breadcrumb"},"inLanguage":"pl-PL","potentialAction":[{"@type":"ReadAction","target":["https:\/\/antykomunistyczni.pl\/index.php\/gen-wolnosci-mlodziez-w-walce-z-komuna-niezwykly-wieczor-pelen-emocji-i-pamieci-na-rakowieckiej-37\/"]}]},{"@type":"ImageObject","inLanguage":"pl-PL","@id":"https:\/\/antykomunistyczni.pl\/index.php\/gen-wolnosci-mlodziez-w-walce-z-komuna-niezwykly-wieczor-pelen-emocji-i-pamieci-na-rakowieckiej-37\/#primaryimage","url":"https:\/\/antykomunistyczni.pl\/wp-content\/uploads\/2026\/03\/DJI_20260304_182051_108.jpg","contentUrl":"https:\/\/antykomunistyczni.pl\/wp-content\/uploads\/2026\/03\/DJI_20260304_182051_108.jpg","width":504,"height":720},{"@type":"BreadcrumbList","@id":"https:\/\/antykomunistyczni.pl\/index.php\/gen-wolnosci-mlodziez-w-walce-z-komuna-niezwykly-wieczor-pelen-emocji-i-pamieci-na-rakowieckiej-37\/#breadcrumb","itemListElement":[{"@type":"ListItem","position":1,"name":"Strona g\u0142\u00f3wna","item":"https:\/\/antykomunistyczni.pl\/"},{"@type":"ListItem","position":2,"name":"Gen wolno\u015bci. M\u0142odzie\u017c w walce z komun\u0105 \u2013 niezwyk\u0142y wiecz\u00f3r pe\u0142en emocji i pami\u0119ci na Rakowieckiej 37"}]},{"@type":"WebSite","@id":"https:\/\/antykomunistyczni.pl\/#website","url":"https:\/\/antykomunistyczni.pl\/","name":"Antykomunistyczni.pl","description":"","publisher":{"@id":"https:\/\/antykomunistyczni.pl\/#organization"},"alternateName":"Historia PRL, zbrodnie komunistyczne w Polsce i na \u015bwiecie","potentialAction":[{"@type":"SearchAction","target":{"@type":"EntryPoint","urlTemplate":"https:\/\/antykomunistyczni.pl\/?s={search_term_string}"},"query-input":{"@type":"PropertyValueSpecification","valueRequired":true,"valueName":"search_term_string"}}],"inLanguage":"pl-PL"},{"@type":"Organization","@id":"https:\/\/antykomunistyczni.pl\/#organization","name":"Antykomunistyczni.pl","url":"https:\/\/antykomunistyczni.pl\/","logo":{"@type":"ImageObject","inLanguage":"pl-PL","@id":"https:\/\/antykomunistyczni.pl\/#\/schema\/logo\/image\/","url":"https:\/\/antykomunistyczni.pl\/wp-content\/uploads\/2026\/02\/cropped-AntykomunistyczniLogoSquare150x150-2.png","contentUrl":"https:\/\/antykomunistyczni.pl\/wp-content\/uploads\/2026\/02\/cropped-AntykomunistyczniLogoSquare150x150-2.png","width":150,"height":150,"caption":"Antykomunistyczni.pl"},"image":{"@id":"https:\/\/antykomunistyczni.pl\/#\/schema\/logo\/image\/"},"sameAs":["https:\/\/www.facebook.com\/antykomunistyczni\/","https:\/\/x.com\/anty_komunisci"]},{"@type":"Person","@id":"https:\/\/antykomunistyczni.pl\/#\/schema\/person\/4963e693e8006b94062d91d1295d02a0","name":"Antykomunistyczni","image":{"@type":"ImageObject","inLanguage":"pl-PL","@id":"https:\/\/secure.gravatar.com\/avatar\/ff172875f9ced7887f883245268c1ba638c26cf1e0530f7f61b4705963a6730b?s=96&d=mm&r=g","url":"https:\/\/secure.gravatar.com\/avatar\/ff172875f9ced7887f883245268c1ba638c26cf1e0530f7f61b4705963a6730b?s=96&d=mm&r=g","contentUrl":"https:\/\/secure.gravatar.com\/avatar\/ff172875f9ced7887f883245268c1ba638c26cf1e0530f7f61b4705963a6730b?s=96&d=mm&r=g","caption":"Antykomunistyczni"},"sameAs":["http:\/\/antykomunistyczni.pl"],"url":"https:\/\/antykomunistyczni.pl\/index.php\/author\/admin0\/"}]}},"_links":{"self":[{"href":"https:\/\/antykomunistyczni.pl\/index.php\/wp-json\/wp\/v2\/posts\/776","targetHints":{"allow":["GET"]}}],"collection":[{"href":"https:\/\/antykomunistyczni.pl\/index.php\/wp-json\/wp\/v2\/posts"}],"about":[{"href":"https:\/\/antykomunistyczni.pl\/index.php\/wp-json\/wp\/v2\/types\/post"}],"author":[{"embeddable":true,"href":"https:\/\/antykomunistyczni.pl\/index.php\/wp-json\/wp\/v2\/users\/1"}],"replies":[{"embeddable":true,"href":"https:\/\/antykomunistyczni.pl\/index.php\/wp-json\/wp\/v2\/comments?post=776"}],"version-history":[{"count":24,"href":"https:\/\/antykomunistyczni.pl\/index.php\/wp-json\/wp\/v2\/posts\/776\/revisions"}],"predecessor-version":[{"id":810,"href":"https:\/\/antykomunistyczni.pl\/index.php\/wp-json\/wp\/v2\/posts\/776\/revisions\/810"}],"wp:featuredmedia":[{"embeddable":true,"href":"https:\/\/antykomunistyczni.pl\/index.php\/wp-json\/wp\/v2\/media\/784"}],"wp:attachment":[{"href":"https:\/\/antykomunistyczni.pl\/index.php\/wp-json\/wp\/v2\/media?parent=776"}],"wp:term":[{"taxonomy":"category","embeddable":true,"href":"https:\/\/antykomunistyczni.pl\/index.php\/wp-json\/wp\/v2\/categories?post=776"},{"taxonomy":"post_tag","embeddable":true,"href":"https:\/\/antykomunistyczni.pl\/index.php\/wp-json\/wp\/v2\/tags?post=776"}],"curies":[{"name":"wp","href":"https:\/\/api.w.org\/{rel}","templated":true}]}}