{"id":812,"date":"2026-03-06T07:40:04","date_gmt":"2026-03-06T06:40:04","guid":{"rendered":"https:\/\/antykomunistyczni.pl\/?p=812"},"modified":"2026-03-06T07:54:08","modified_gmt":"2026-03-06T06:54:08","slug":"laurka-dla-oprawcow-rozczarowanie-filmem-pojedynek-o-sowieckiej-inwazji-1939","status":"publish","type":"post","link":"https:\/\/antykomunistyczni.pl\/index.php\/laurka-dla-oprawcow-rozczarowanie-filmem-pojedynek-o-sowieckiej-inwazji-1939\/","title":{"rendered":"Laurka dla oprawc\u00f3w? Rozczarowanie filmem &#8222;Pojedynek&#8221; o sowieckiej inwazji 1939."},"content":{"rendered":"\t\t<div data-elementor-type=\"wp-post\" data-elementor-id=\"812\" class=\"elementor elementor-812\">\n\t\t\t\t<div class=\"elementor-element elementor-element-4069c15 e-flex e-con-boxed e-con e-parent\" data-id=\"4069c15\" data-element_type=\"container\" data-e-type=\"container\">\n\t\t\t\t\t<div class=\"e-con-inner\">\n\t\t\t\t<div class=\"elementor-element elementor-element-0bcadab elementor-widget elementor-widget-image\" data-id=\"0bcadab\" data-element_type=\"widget\" data-e-type=\"widget\" data-widget_type=\"image.default\">\n\t\t\t\t\t\t\t\t\t\t\t\t<figure class=\"wp-caption\">\n\t\t\t\t\t\t\t\t\t\t<img fetchpriority=\"high\" decoding=\"async\" width=\"500\" height=\"717\" src=\"https:\/\/antykomunistyczni.pl\/wp-content\/uploads\/2026\/03\/PojedynekPlakat.jpg\" class=\"attachment-large size-large wp-image-820\" alt=\"\" srcset=\"https:\/\/antykomunistyczni.pl\/wp-content\/uploads\/2026\/03\/PojedynekPlakat.jpg 500w, https:\/\/antykomunistyczni.pl\/wp-content\/uploads\/2026\/03\/PojedynekPlakat-209x300.jpg 209w\" sizes=\"(max-width: 500px) 100vw, 500px\" \/>\t\t\t\t\t\t\t\t\t\t\t<figcaption class=\"widget-image-caption wp-caption-text\">Kadr z filmu pojedynek. @Jaros\u0142aw Sosi\u0144ski<\/figcaption>\n\t\t\t\t\t\t\t\t\t\t<\/figure>\n\t\t\t\t\t\t\t\t\t<\/div>\n\t\t\t\t\t<\/div>\n\t\t\t\t<\/div>\n\t\t<div class=\"elementor-element elementor-element-21a541bd e-flex e-con-boxed e-con e-parent\" data-id=\"21a541bd\" data-element_type=\"container\" data-e-type=\"container\">\n\t\t\t\t\t<div class=\"e-con-inner\">\n\t\t\t\t<div class=\"elementor-element elementor-element-59e78a43 elementor-widget elementor-widget-text-editor\" data-id=\"59e78a43\" data-element_type=\"widget\" data-e-type=\"widget\" data-widget_type=\"text-editor.default\">\n\t\t\t\t\t\t\t\t\t\n<p class=\"wp-block-paragraph\">Czekali\u015bmy bardzo d\u0142ugo na pierwszy film, kt\u00f3ry podejmie temat sowieckiej inwazji na Polsk\u0119 z 17 wrze\u015bnia 1939 roku. To niezwykle wa\u017cny w\u0105tek naszej historii, przez lata w zasadzie pomijany przez tw\u00f3rc\u00f3w. W czasach komunizmu mo\u017cna to jeszcze zrozumie\u0107, ale dziwi, \u017ce r\u00f3wnie\u017c w wolnej Polsce nikt wcze\u015bniej nie zdecydowa\u0142 si\u0119 go rzetelnie przedstawi\u0107.<\/p>\n\n<p class=\"wp-block-paragraph\">Niestety film okaza\u0142 si\u0119 dla nas ogromnym rozczarowaniem. Tak istotny temat zosta\u0142 potraktowany w spos\u00f3b wr\u0119cz frywolny. Trudno powiedzie\u0107, do jakiego widza jest on skierowany, bo z polsk\u0105 histori\u0105 ma niewiele wsp\u00f3lnego. Mo\u017cna odnie\u015b\u0107 wra\u017cenie, \u017ce konsultant historyczny zawi\u00f3d\u0142 \u2014 o ile w og\u00f3le by\u0142 obecny przy produkcji.<\/p>\n\n<p class=\"wp-block-paragraph\">Ob\u00f3z dla aresztowanych przedstawiono niemal jako miejsce beztroskie, nieomal sanatorium. Pojawiaj\u0105 si\u0119 rozmowy z rosyjskim oprawc\u0105 o sztuce i fizyce j\u0105drowej, prowadzone po francusku i angielsku. Elegancja i maniery g\u0142\u00f3wnego antagonisty wr\u0119cz zdumiewaj\u0105 \u2014 otrzymujemy obraz niemal d\u017centelmena z NKWD.<\/p>\n\n<p class=\"wp-block-paragraph\">Gdyby nie historyczny fakt zamordowania polskich oficer\u00f3w \u2014 od kt\u00f3rego odej\u015bcia polska publiczno\u015b\u0107 zapewne by nie zaakceptowa\u0142a \u2014 mo\u017cna by odnie\u015b\u0107 wra\u017cenie, \u017ce ogl\u0105damy niemal laurk\u0119 wystawion\u0105 Rosjanom i zapowied\u017a rodz\u0105cej si\u0119 przyja\u017ani. Jedyn\u0105 \u201e\u0142y\u017ck\u0105 dziegciu\u201d (opr\u00f3cz samej zbrodni) pozostaje dla zachodniego widza niezrozumia\u0142a, a rzekomo wrodzona k\u0142\u00f3tliwo\u015b\u0107 Polak\u00f3w i ich niech\u0119\u0107 do zaakceptowania \u015bwiata takim, jaki inni dla nich tworz\u0105. Karygodne, nieprawda\u017c?<\/p>\n\n<p class=\"wp-block-paragraph\">Trudno powiedzie\u0107, kt\u00f3ry z film\u00f3w razi bardziej: obejrzany w\u0142a\u015bnie \u201ePojedynek\u201d czy \u201eCh\u0142opiec w pasiastej pi\u017camie\u201d, kt\u00f3rego konstrukcja opiera si\u0119 na ciep\u0142ych rozmowach mi\u0119dzy ma\u0142ym Niemcem a ma\u0142ym \u017cydowskim ch\u0142opcem z obozu. Ocieplanie wizerunku naje\u017ad\u017ac\u00f3w i agresor\u00f3w trwa w najlepsze, a ten film niestety wpisuje si\u0119 w t\u0119 tendencj\u0119.<\/p>\n\n<p class=\"wp-block-paragraph\">Nie polecamy. Scenariusz zawi\u00f3d\u0142 na ca\u0142ej linii.<\/p>\n\n<p class=\"wp-block-paragraph\">\u017beby jednak nie ko\u0144czy\u0107 wy\u0142\u0105cznie negatywnie \u2014 dw\u00f3ch g\u0142\u00f3wnych aktor\u00f3w wypada ca\u0142kiem dobrze. Zagrali to, co mieli do zagrania. Nie ich wina, \u017ce przekaz filmu jest ma\u0142o polski, antypatriotyczny, a przede wszystkim ma\u0142o realistyczny. Na wyr\u00f3\u017cnienie zas\u0142uguje rola Wojciecha Mecwaldowskiego jako Leona Sztejna. I w\u0142a\u015bciwie to jedyna rzecz, kt\u00f3r\u0105 mo\u017cna o tym filmie powiedzie\u0107 z uznaniem.<\/p>\n\n<p class=\"wp-block-paragraph\">\u00a0<\/p>\n\t\t\t\t\t\t\t\t<\/div>\n\t\t\t\t\t<\/div>\n\t\t\t\t<\/div>\n\t\t\t\t<\/div>\n\t\t","protected":false},"excerpt":{"rendered":"<p>Kadr z filmu pojedynek. @Jaros\u0142aw Sosi\u0144ski Czekali\u015bmy bardzo d\u0142ugo na pierwszy film, kt\u00f3ry podejmie temat sowieckiej inwazji na Polsk\u0119 z 17 wrze\u015bnia 1939 roku. To niezwykle wa\u017cny w\u0105tek naszej historii, przez lata w zasadzie pomijany przez tw\u00f3rc\u00f3w. W czasach komunizmu mo\u017cna to jeszcze zrozumie\u0107, ale dziwi, \u017ce r\u00f3wnie\u017c w wolnej Polsce nikt wcze\u015bniej nie zdecydowa\u0142 [&hellip;]<\/p>\n","protected":false},"author":1,"featured_media":820,"comment_status":"closed","ping_status":"closed","sticky":false,"template":"","format":"standard","meta":{"give_campaign_id":0,"footnotes":""},"categories":[22,34],"tags":[],"class_list":["post-812","post","type-post","status-publish","format-standard","has-post-thumbnail","hentry","category-aktualnosci","category-kultura-i-sztuka"],"yoast_head":"<!-- This site is optimized with the Yoast SEO plugin v28.4 - https:\/\/yoast.com\/product\/yoast-seo-wordpress\/ -->\n<title>Laurka dla oprawc\u00f3w? Rozczarowanie filmem &quot;Pojedynek&quot; o sowieckiej inwazji 1939. - Antykomunistyczni.pl<\/title>\n<meta name=\"robots\" content=\"index, follow, max-snippet:-1, max-image-preview:large, max-video-preview:-1\" \/>\n<link rel=\"canonical\" href=\"https:\/\/antykomunistyczni.pl\/index.php\/laurka-dla-oprawcow-rozczarowanie-filmem-pojedynek-o-sowieckiej-inwazji-1939\/\" \/>\n<meta property=\"og:locale\" content=\"pl_PL\" \/>\n<meta property=\"og:type\" content=\"article\" \/>\n<meta property=\"og:title\" content=\"Laurka dla oprawc\u00f3w? Rozczarowanie filmem &quot;Pojedynek&quot; o sowieckiej inwazji 1939. - Antykomunistyczni.pl\" \/>\n<meta property=\"og:description\" content=\"Kadr z filmu pojedynek. @Jaros\u0142aw Sosi\u0144ski Czekali\u015bmy bardzo d\u0142ugo na pierwszy film, kt\u00f3ry podejmie temat sowieckiej inwazji na Polsk\u0119 z 17 wrze\u015bnia 1939 roku. To niezwykle wa\u017cny w\u0105tek naszej historii, przez lata w zasadzie pomijany przez tw\u00f3rc\u00f3w. W czasach komunizmu mo\u017cna to jeszcze zrozumie\u0107, ale dziwi, \u017ce r\u00f3wnie\u017c w wolnej Polsce nikt wcze\u015bniej nie zdecydowa\u0142 [&hellip;]\" \/>\n<meta property=\"og:url\" content=\"https:\/\/antykomunistyczni.pl\/index.php\/laurka-dla-oprawcow-rozczarowanie-filmem-pojedynek-o-sowieckiej-inwazji-1939\/\" \/>\n<meta property=\"og:site_name\" content=\"Antykomunistyczni.pl\" \/>\n<meta property=\"article:publisher\" content=\"https:\/\/www.facebook.com\/antykomunistyczni\/\" \/>\n<meta property=\"article:published_time\" content=\"2026-03-06T06:40:04+00:00\" \/>\n<meta property=\"article:modified_time\" content=\"2026-03-06T06:54:08+00:00\" \/>\n<meta property=\"og:image\" content=\"https:\/\/antykomunistyczni.pl\/wp-content\/uploads\/2026\/03\/PojedynekPlakat.jpg\" \/>\n\t<meta property=\"og:image:width\" content=\"500\" \/>\n\t<meta property=\"og:image:height\" content=\"717\" \/>\n\t<meta property=\"og:image:type\" content=\"image\/jpeg\" \/>\n<meta name=\"author\" content=\"Antykomunistyczni\" \/>\n<meta name=\"twitter:card\" content=\"summary_large_image\" \/>\n<meta name=\"twitter:creator\" content=\"@anty_komunisci\" \/>\n<meta name=\"twitter:site\" content=\"@anty_komunisci\" \/>\n<meta name=\"twitter:label1\" content=\"Napisane przez\" \/>\n\t<meta name=\"twitter:data1\" content=\"Antykomunistyczni\" \/>\n\t<meta name=\"twitter:label2\" content=\"Szacowany czas czytania\" \/>\n\t<meta name=\"twitter:data2\" content=\"3 minuty\" \/>\n<script type=\"application\/ld+json\" class=\"yoast-schema-graph\">{\"@context\":\"https:\\\/\\\/schema.org\",\"@graph\":[{\"@type\":\"Article\",\"@id\":\"https:\\\/\\\/antykomunistyczni.pl\\\/index.php\\\/laurka-dla-oprawcow-rozczarowanie-filmem-pojedynek-o-sowieckiej-inwazji-1939\\\/#article\",\"isPartOf\":{\"@id\":\"https:\\\/\\\/antykomunistyczni.pl\\\/index.php\\\/laurka-dla-oprawcow-rozczarowanie-filmem-pojedynek-o-sowieckiej-inwazji-1939\\\/\"},\"author\":{\"name\":\"Antykomunistyczni\",\"@id\":\"https:\\\/\\\/antykomunistyczni.pl\\\/#\\\/schema\\\/person\\\/4963e693e8006b94062d91d1295d02a0\"},\"headline\":\"Laurka dla oprawc\u00f3w? Rozczarowanie filmem &#8222;Pojedynek&#8221; o sowieckiej inwazji 1939.\",\"datePublished\":\"2026-03-06T06:40:04+00:00\",\"dateModified\":\"2026-03-06T06:54:08+00:00\",\"mainEntityOfPage\":{\"@id\":\"https:\\\/\\\/antykomunistyczni.pl\\\/index.php\\\/laurka-dla-oprawcow-rozczarowanie-filmem-pojedynek-o-sowieckiej-inwazji-1939\\\/\"},\"wordCount\":395,\"publisher\":{\"@id\":\"https:\\\/\\\/antykomunistyczni.pl\\\/#organization\"},\"image\":{\"@id\":\"https:\\\/\\\/antykomunistyczni.pl\\\/index.php\\\/laurka-dla-oprawcow-rozczarowanie-filmem-pojedynek-o-sowieckiej-inwazji-1939\\\/#primaryimage\"},\"thumbnailUrl\":\"https:\\\/\\\/antykomunistyczni.pl\\\/wp-content\\\/uploads\\\/2026\\\/03\\\/PojedynekPlakat.jpg\",\"articleSection\":[\"Aktualno\u015bci\",\"Kultura i sztuka\"],\"inLanguage\":\"pl-PL\"},{\"@type\":\"WebPage\",\"@id\":\"https:\\\/\\\/antykomunistyczni.pl\\\/index.php\\\/laurka-dla-oprawcow-rozczarowanie-filmem-pojedynek-o-sowieckiej-inwazji-1939\\\/\",\"url\":\"https:\\\/\\\/antykomunistyczni.pl\\\/index.php\\\/laurka-dla-oprawcow-rozczarowanie-filmem-pojedynek-o-sowieckiej-inwazji-1939\\\/\",\"name\":\"Laurka dla oprawc\u00f3w? Rozczarowanie filmem \\\"Pojedynek\\\" o sowieckiej inwazji 1939. - Antykomunistyczni.pl\",\"isPartOf\":{\"@id\":\"https:\\\/\\\/antykomunistyczni.pl\\\/#website\"},\"primaryImageOfPage\":{\"@id\":\"https:\\\/\\\/antykomunistyczni.pl\\\/index.php\\\/laurka-dla-oprawcow-rozczarowanie-filmem-pojedynek-o-sowieckiej-inwazji-1939\\\/#primaryimage\"},\"image\":{\"@id\":\"https:\\\/\\\/antykomunistyczni.pl\\\/index.php\\\/laurka-dla-oprawcow-rozczarowanie-filmem-pojedynek-o-sowieckiej-inwazji-1939\\\/#primaryimage\"},\"thumbnailUrl\":\"https:\\\/\\\/antykomunistyczni.pl\\\/wp-content\\\/uploads\\\/2026\\\/03\\\/PojedynekPlakat.jpg\",\"datePublished\":\"2026-03-06T06:40:04+00:00\",\"dateModified\":\"2026-03-06T06:54:08+00:00\",\"breadcrumb\":{\"@id\":\"https:\\\/\\\/antykomunistyczni.pl\\\/index.php\\\/laurka-dla-oprawcow-rozczarowanie-filmem-pojedynek-o-sowieckiej-inwazji-1939\\\/#breadcrumb\"},\"inLanguage\":\"pl-PL\",\"potentialAction\":[{\"@type\":\"ReadAction\",\"target\":[\"https:\\\/\\\/antykomunistyczni.pl\\\/index.php\\\/laurka-dla-oprawcow-rozczarowanie-filmem-pojedynek-o-sowieckiej-inwazji-1939\\\/\"]}]},{\"@type\":\"ImageObject\",\"inLanguage\":\"pl-PL\",\"@id\":\"https:\\\/\\\/antykomunistyczni.pl\\\/index.php\\\/laurka-dla-oprawcow-rozczarowanie-filmem-pojedynek-o-sowieckiej-inwazji-1939\\\/#primaryimage\",\"url\":\"https:\\\/\\\/antykomunistyczni.pl\\\/wp-content\\\/uploads\\\/2026\\\/03\\\/PojedynekPlakat.jpg\",\"contentUrl\":\"https:\\\/\\\/antykomunistyczni.pl\\\/wp-content\\\/uploads\\\/2026\\\/03\\\/PojedynekPlakat.jpg\",\"width\":500,\"height\":717},{\"@type\":\"BreadcrumbList\",\"@id\":\"https:\\\/\\\/antykomunistyczni.pl\\\/index.php\\\/laurka-dla-oprawcow-rozczarowanie-filmem-pojedynek-o-sowieckiej-inwazji-1939\\\/#breadcrumb\",\"itemListElement\":[{\"@type\":\"ListItem\",\"position\":1,\"name\":\"Strona g\u0142\u00f3wna\",\"item\":\"https:\\\/\\\/antykomunistyczni.pl\\\/\"},{\"@type\":\"ListItem\",\"position\":2,\"name\":\"Laurka dla oprawc\u00f3w? Rozczarowanie filmem &#8222;Pojedynek&#8221; o sowieckiej inwazji 1939.\"}]},{\"@type\":\"WebSite\",\"@id\":\"https:\\\/\\\/antykomunistyczni.pl\\\/#website\",\"url\":\"https:\\\/\\\/antykomunistyczni.pl\\\/\",\"name\":\"Antykomunistyczni.pl\",\"description\":\"\",\"publisher\":{\"@id\":\"https:\\\/\\\/antykomunistyczni.pl\\\/#organization\"},\"alternateName\":\"Historia PRL, zbrodnie komunistyczne w Polsce i na \u015bwiecie\",\"potentialAction\":[{\"@type\":\"SearchAction\",\"target\":{\"@type\":\"EntryPoint\",\"urlTemplate\":\"https:\\\/\\\/antykomunistyczni.pl\\\/?s={search_term_string}\"},\"query-input\":{\"@type\":\"PropertyValueSpecification\",\"valueRequired\":true,\"valueName\":\"search_term_string\"}}],\"inLanguage\":\"pl-PL\"},{\"@type\":\"Organization\",\"@id\":\"https:\\\/\\\/antykomunistyczni.pl\\\/#organization\",\"name\":\"Antykomunistyczni.pl\",\"url\":\"https:\\\/\\\/antykomunistyczni.pl\\\/\",\"logo\":{\"@type\":\"ImageObject\",\"inLanguage\":\"pl-PL\",\"@id\":\"https:\\\/\\\/antykomunistyczni.pl\\\/#\\\/schema\\\/logo\\\/image\\\/\",\"url\":\"https:\\\/\\\/antykomunistyczni.pl\\\/wp-content\\\/uploads\\\/2026\\\/02\\\/cropped-AntykomunistyczniLogoSquare150x150-2.png\",\"contentUrl\":\"https:\\\/\\\/antykomunistyczni.pl\\\/wp-content\\\/uploads\\\/2026\\\/02\\\/cropped-AntykomunistyczniLogoSquare150x150-2.png\",\"width\":150,\"height\":150,\"caption\":\"Antykomunistyczni.pl\"},\"image\":{\"@id\":\"https:\\\/\\\/antykomunistyczni.pl\\\/#\\\/schema\\\/logo\\\/image\\\/\"},\"sameAs\":[\"https:\\\/\\\/www.facebook.com\\\/antykomunistyczni\\\/\",\"https:\\\/\\\/x.com\\\/anty_komunisci\"]},{\"@type\":\"Person\",\"@id\":\"https:\\\/\\\/antykomunistyczni.pl\\\/#\\\/schema\\\/person\\\/4963e693e8006b94062d91d1295d02a0\",\"name\":\"Antykomunistyczni\",\"image\":{\"@type\":\"ImageObject\",\"inLanguage\":\"pl-PL\",\"@id\":\"https:\\\/\\\/secure.gravatar.com\\\/avatar\\\/ff172875f9ced7887f883245268c1ba638c26cf1e0530f7f61b4705963a6730b?s=96&d=mm&r=g\",\"url\":\"https:\\\/\\\/secure.gravatar.com\\\/avatar\\\/ff172875f9ced7887f883245268c1ba638c26cf1e0530f7f61b4705963a6730b?s=96&d=mm&r=g\",\"contentUrl\":\"https:\\\/\\\/secure.gravatar.com\\\/avatar\\\/ff172875f9ced7887f883245268c1ba638c26cf1e0530f7f61b4705963a6730b?s=96&d=mm&r=g\",\"caption\":\"Antykomunistyczni\"},\"sameAs\":[\"http:\\\/\\\/antykomunistyczni.pl\"],\"url\":\"https:\\\/\\\/antykomunistyczni.pl\\\/index.php\\\/author\\\/admin0\\\/\"}]}<\/script>\n<!-- \/ Yoast SEO plugin. -->","yoast_head_json":{"title":"Laurka dla oprawc\u00f3w? Rozczarowanie filmem \"Pojedynek\" o sowieckiej inwazji 1939. - Antykomunistyczni.pl","robots":{"index":"index","follow":"follow","max-snippet":"max-snippet:-1","max-image-preview":"max-image-preview:large","max-video-preview":"max-video-preview:-1"},"canonical":"https:\/\/antykomunistyczni.pl\/index.php\/laurka-dla-oprawcow-rozczarowanie-filmem-pojedynek-o-sowieckiej-inwazji-1939\/","og_locale":"pl_PL","og_type":"article","og_title":"Laurka dla oprawc\u00f3w? Rozczarowanie filmem \"Pojedynek\" o sowieckiej inwazji 1939. - Antykomunistyczni.pl","og_description":"Kadr z filmu pojedynek. @Jaros\u0142aw Sosi\u0144ski Czekali\u015bmy bardzo d\u0142ugo na pierwszy film, kt\u00f3ry podejmie temat sowieckiej inwazji na Polsk\u0119 z 17 wrze\u015bnia 1939 roku. To niezwykle wa\u017cny w\u0105tek naszej historii, przez lata w zasadzie pomijany przez tw\u00f3rc\u00f3w. W czasach komunizmu mo\u017cna to jeszcze zrozumie\u0107, ale dziwi, \u017ce r\u00f3wnie\u017c w wolnej Polsce nikt wcze\u015bniej nie zdecydowa\u0142 [&hellip;]","og_url":"https:\/\/antykomunistyczni.pl\/index.php\/laurka-dla-oprawcow-rozczarowanie-filmem-pojedynek-o-sowieckiej-inwazji-1939\/","og_site_name":"Antykomunistyczni.pl","article_publisher":"https:\/\/www.facebook.com\/antykomunistyczni\/","article_published_time":"2026-03-06T06:40:04+00:00","article_modified_time":"2026-03-06T06:54:08+00:00","og_image":[{"width":500,"height":717,"url":"https:\/\/antykomunistyczni.pl\/wp-content\/uploads\/2026\/03\/PojedynekPlakat.jpg","type":"image\/jpeg"}],"author":"Antykomunistyczni","twitter_card":"summary_large_image","twitter_creator":"@anty_komunisci","twitter_site":"@anty_komunisci","twitter_misc":{"Napisane przez":"Antykomunistyczni","Szacowany czas czytania":"3 minuty"},"schema":{"@context":"https:\/\/schema.org","@graph":[{"@type":"Article","@id":"https:\/\/antykomunistyczni.pl\/index.php\/laurka-dla-oprawcow-rozczarowanie-filmem-pojedynek-o-sowieckiej-inwazji-1939\/#article","isPartOf":{"@id":"https:\/\/antykomunistyczni.pl\/index.php\/laurka-dla-oprawcow-rozczarowanie-filmem-pojedynek-o-sowieckiej-inwazji-1939\/"},"author":{"name":"Antykomunistyczni","@id":"https:\/\/antykomunistyczni.pl\/#\/schema\/person\/4963e693e8006b94062d91d1295d02a0"},"headline":"Laurka dla oprawc\u00f3w? Rozczarowanie filmem &#8222;Pojedynek&#8221; o sowieckiej inwazji 1939.","datePublished":"2026-03-06T06:40:04+00:00","dateModified":"2026-03-06T06:54:08+00:00","mainEntityOfPage":{"@id":"https:\/\/antykomunistyczni.pl\/index.php\/laurka-dla-oprawcow-rozczarowanie-filmem-pojedynek-o-sowieckiej-inwazji-1939\/"},"wordCount":395,"publisher":{"@id":"https:\/\/antykomunistyczni.pl\/#organization"},"image":{"@id":"https:\/\/antykomunistyczni.pl\/index.php\/laurka-dla-oprawcow-rozczarowanie-filmem-pojedynek-o-sowieckiej-inwazji-1939\/#primaryimage"},"thumbnailUrl":"https:\/\/antykomunistyczni.pl\/wp-content\/uploads\/2026\/03\/PojedynekPlakat.jpg","articleSection":["Aktualno\u015bci","Kultura i sztuka"],"inLanguage":"pl-PL"},{"@type":"WebPage","@id":"https:\/\/antykomunistyczni.pl\/index.php\/laurka-dla-oprawcow-rozczarowanie-filmem-pojedynek-o-sowieckiej-inwazji-1939\/","url":"https:\/\/antykomunistyczni.pl\/index.php\/laurka-dla-oprawcow-rozczarowanie-filmem-pojedynek-o-sowieckiej-inwazji-1939\/","name":"Laurka dla oprawc\u00f3w? Rozczarowanie filmem \"Pojedynek\" o sowieckiej inwazji 1939. - Antykomunistyczni.pl","isPartOf":{"@id":"https:\/\/antykomunistyczni.pl\/#website"},"primaryImageOfPage":{"@id":"https:\/\/antykomunistyczni.pl\/index.php\/laurka-dla-oprawcow-rozczarowanie-filmem-pojedynek-o-sowieckiej-inwazji-1939\/#primaryimage"},"image":{"@id":"https:\/\/antykomunistyczni.pl\/index.php\/laurka-dla-oprawcow-rozczarowanie-filmem-pojedynek-o-sowieckiej-inwazji-1939\/#primaryimage"},"thumbnailUrl":"https:\/\/antykomunistyczni.pl\/wp-content\/uploads\/2026\/03\/PojedynekPlakat.jpg","datePublished":"2026-03-06T06:40:04+00:00","dateModified":"2026-03-06T06:54:08+00:00","breadcrumb":{"@id":"https:\/\/antykomunistyczni.pl\/index.php\/laurka-dla-oprawcow-rozczarowanie-filmem-pojedynek-o-sowieckiej-inwazji-1939\/#breadcrumb"},"inLanguage":"pl-PL","potentialAction":[{"@type":"ReadAction","target":["https:\/\/antykomunistyczni.pl\/index.php\/laurka-dla-oprawcow-rozczarowanie-filmem-pojedynek-o-sowieckiej-inwazji-1939\/"]}]},{"@type":"ImageObject","inLanguage":"pl-PL","@id":"https:\/\/antykomunistyczni.pl\/index.php\/laurka-dla-oprawcow-rozczarowanie-filmem-pojedynek-o-sowieckiej-inwazji-1939\/#primaryimage","url":"https:\/\/antykomunistyczni.pl\/wp-content\/uploads\/2026\/03\/PojedynekPlakat.jpg","contentUrl":"https:\/\/antykomunistyczni.pl\/wp-content\/uploads\/2026\/03\/PojedynekPlakat.jpg","width":500,"height":717},{"@type":"BreadcrumbList","@id":"https:\/\/antykomunistyczni.pl\/index.php\/laurka-dla-oprawcow-rozczarowanie-filmem-pojedynek-o-sowieckiej-inwazji-1939\/#breadcrumb","itemListElement":[{"@type":"ListItem","position":1,"name":"Strona g\u0142\u00f3wna","item":"https:\/\/antykomunistyczni.pl\/"},{"@type":"ListItem","position":2,"name":"Laurka dla oprawc\u00f3w? Rozczarowanie filmem &#8222;Pojedynek&#8221; o sowieckiej inwazji 1939."}]},{"@type":"WebSite","@id":"https:\/\/antykomunistyczni.pl\/#website","url":"https:\/\/antykomunistyczni.pl\/","name":"Antykomunistyczni.pl","description":"","publisher":{"@id":"https:\/\/antykomunistyczni.pl\/#organization"},"alternateName":"Historia PRL, zbrodnie komunistyczne w Polsce i na \u015bwiecie","potentialAction":[{"@type":"SearchAction","target":{"@type":"EntryPoint","urlTemplate":"https:\/\/antykomunistyczni.pl\/?s={search_term_string}"},"query-input":{"@type":"PropertyValueSpecification","valueRequired":true,"valueName":"search_term_string"}}],"inLanguage":"pl-PL"},{"@type":"Organization","@id":"https:\/\/antykomunistyczni.pl\/#organization","name":"Antykomunistyczni.pl","url":"https:\/\/antykomunistyczni.pl\/","logo":{"@type":"ImageObject","inLanguage":"pl-PL","@id":"https:\/\/antykomunistyczni.pl\/#\/schema\/logo\/image\/","url":"https:\/\/antykomunistyczni.pl\/wp-content\/uploads\/2026\/02\/cropped-AntykomunistyczniLogoSquare150x150-2.png","contentUrl":"https:\/\/antykomunistyczni.pl\/wp-content\/uploads\/2026\/02\/cropped-AntykomunistyczniLogoSquare150x150-2.png","width":150,"height":150,"caption":"Antykomunistyczni.pl"},"image":{"@id":"https:\/\/antykomunistyczni.pl\/#\/schema\/logo\/image\/"},"sameAs":["https:\/\/www.facebook.com\/antykomunistyczni\/","https:\/\/x.com\/anty_komunisci"]},{"@type":"Person","@id":"https:\/\/antykomunistyczni.pl\/#\/schema\/person\/4963e693e8006b94062d91d1295d02a0","name":"Antykomunistyczni","image":{"@type":"ImageObject","inLanguage":"pl-PL","@id":"https:\/\/secure.gravatar.com\/avatar\/ff172875f9ced7887f883245268c1ba638c26cf1e0530f7f61b4705963a6730b?s=96&d=mm&r=g","url":"https:\/\/secure.gravatar.com\/avatar\/ff172875f9ced7887f883245268c1ba638c26cf1e0530f7f61b4705963a6730b?s=96&d=mm&r=g","contentUrl":"https:\/\/secure.gravatar.com\/avatar\/ff172875f9ced7887f883245268c1ba638c26cf1e0530f7f61b4705963a6730b?s=96&d=mm&r=g","caption":"Antykomunistyczni"},"sameAs":["http:\/\/antykomunistyczni.pl"],"url":"https:\/\/antykomunistyczni.pl\/index.php\/author\/admin0\/"}]}},"_links":{"self":[{"href":"https:\/\/antykomunistyczni.pl\/index.php\/wp-json\/wp\/v2\/posts\/812","targetHints":{"allow":["GET"]}}],"collection":[{"href":"https:\/\/antykomunistyczni.pl\/index.php\/wp-json\/wp\/v2\/posts"}],"about":[{"href":"https:\/\/antykomunistyczni.pl\/index.php\/wp-json\/wp\/v2\/types\/post"}],"author":[{"embeddable":true,"href":"https:\/\/antykomunistyczni.pl\/index.php\/wp-json\/wp\/v2\/users\/1"}],"replies":[{"embeddable":true,"href":"https:\/\/antykomunistyczni.pl\/index.php\/wp-json\/wp\/v2\/comments?post=812"}],"version-history":[{"count":10,"href":"https:\/\/antykomunistyczni.pl\/index.php\/wp-json\/wp\/v2\/posts\/812\/revisions"}],"predecessor-version":[{"id":826,"href":"https:\/\/antykomunistyczni.pl\/index.php\/wp-json\/wp\/v2\/posts\/812\/revisions\/826"}],"wp:featuredmedia":[{"embeddable":true,"href":"https:\/\/antykomunistyczni.pl\/index.php\/wp-json\/wp\/v2\/media\/820"}],"wp:attachment":[{"href":"https:\/\/antykomunistyczni.pl\/index.php\/wp-json\/wp\/v2\/media?parent=812"}],"wp:term":[{"taxonomy":"category","embeddable":true,"href":"https:\/\/antykomunistyczni.pl\/index.php\/wp-json\/wp\/v2\/categories?post=812"},{"taxonomy":"post_tag","embeddable":true,"href":"https:\/\/antykomunistyczni.pl\/index.php\/wp-json\/wp\/v2\/tags?post=812"}],"curies":[{"name":"wp","href":"https:\/\/api.w.org\/{rel}","templated":true}]}}