{"id":827,"date":"2026-03-07T08:00:00","date_gmt":"2026-03-07T07:00:00","guid":{"rendered":"https:\/\/antykomunistyczni.pl\/?p=827"},"modified":"2026-03-12T11:50:43","modified_gmt":"2026-03-12T10:50:43","slug":"7-marca-1949-r-meczenska-smierc-mjr-hieronima-dekutowskiego-zapory-i-szesciu-jego-zolnierzy","status":"publish","type":"post","link":"https:\/\/antykomunistyczni.pl\/index.php\/7-marca-1949-r-meczenska-smierc-mjr-hieronima-dekutowskiego-zapory-i-szesciu-jego-zolnierzy\/","title":{"rendered":"7 marca 1949 r. \u2013 M\u0119cze\u0144ska \u015bmier\u0107 mjr. Hieronima Dekutowskiego \u201eZapory&#8221; i sze\u015bciu jego \u017co\u0142nierzy"},"content":{"rendered":"\t\t<div data-elementor-type=\"wp-post\" data-elementor-id=\"827\" class=\"elementor elementor-827\">\n\t\t\t\t<div class=\"elementor-element elementor-element-1e04f07e e-flex e-con-boxed e-con e-parent\" data-id=\"1e04f07e\" data-element_type=\"container\" data-e-type=\"container\">\n\t\t\t\t\t<div class=\"e-con-inner\">\n\t\t\t\t<div class=\"elementor-element elementor-element-5022d7dd elementor-widget elementor-widget-text-editor\" data-id=\"5022d7dd\" data-element_type=\"widget\" data-e-type=\"widget\" data-widget_type=\"text-editor.default\">\n\t\t\t\t\t\t\t\t\t<p><\/p>\n<p class=\"wp-block-paragraph\"><strong>Historia polskiej niepodleg\u0142o\u015bci pisana by\u0142a krwi\u0105 najlepszych syn\u00f3w Ojczyzny. 7 marca 1949 roku w krakowskim wi\u0119zieniu przy ul. Montelupich, komunistyczny aparat bezpiecze\u0144stwa dokona\u0142 s\u0105dowej zbrodni na jednym z najwybitniejszych dow\u00f3dc\u00f3w Zrzeszenia Wolno\u015b\u0107 i Niezawis\u0142o\u015b\u0107 \u2013 majorze Hieronimie Dekutowskim ps. \u201eZapora&#8221;. Wraz z nim zamordowano sze\u015bciu jego podkomendnych. Ich cia\u0142a ukryto, a nazwiska przez lata wykre\u015blano z pami\u0119ci.<\/strong><\/p>\n<p><\/p>\t\t\t\t\t\t\t\t<\/div>\n\t\t\t\t\t<\/div>\n\t\t\t\t<\/div>\n\t\t<div class=\"elementor-element elementor-element-00f39c8 e-flex e-con-boxed e-con e-parent\" data-id=\"00f39c8\" data-element_type=\"container\" data-e-type=\"container\">\n\t\t\t\t\t<div class=\"e-con-inner\">\n\t\t\t\t<div class=\"elementor-element elementor-element-17d2f38 elementor-widget elementor-widget-image\" data-id=\"17d2f38\" data-element_type=\"widget\" data-e-type=\"widget\" data-widget_type=\"image.default\">\n\t\t\t\t\t\t\t\t\t\t\t\t<figure class=\"wp-caption\">\n\t\t\t\t\t\t\t\t\t\t<img fetchpriority=\"high\" decoding=\"async\" width=\"661\" height=\"363\" src=\"https:\/\/antykomunistyczni.pl\/wp-content\/uploads\/2026\/03\/HeronimDekutowskiZapora.jpeg\" class=\"attachment-large size-large wp-image-832\" alt=\"\" srcset=\"https:\/\/antykomunistyczni.pl\/wp-content\/uploads\/2026\/03\/HeronimDekutowskiZapora.jpeg 661w, https:\/\/antykomunistyczni.pl\/wp-content\/uploads\/2026\/03\/HeronimDekutowskiZapora-300x165.jpeg 300w\" sizes=\"(max-width: 661px) 100vw, 661px\" \/>\t\t\t\t\t\t\t\t\t\t\t<figcaption class=\"widget-image-caption wp-caption-text\">\u017bo\u0142nierze ze zgrupowania mjr. Hieronima Dekutowskiego \"Zapory\"; stoj\u0105 od lewej: NN, Stanis\u0142aw \u0141ukasik \"Ry\u015b\"; Aleksander Sochalski \"Duch\"; mjr Hieronim Dekutowski \"Zapora\"; Zbigniew Sochacki \"Zbyszek\", por. Jerzy Karcz \"Bohun\". Foto: \"\u017bo\u0142nierze wykl\u0119ci. Antykomunistyczne podziemie zbrojne po 1944 roku\". Oficyna Wydawnicza Volumen<\/figcaption>\n\t\t\t\t\t\t\t\t\t\t<\/figure>\n\t\t\t\t\t\t\t\t\t<\/div>\n\t\t\t\t\t<\/div>\n\t\t\t\t<\/div>\n\t\t<div class=\"elementor-element elementor-element-e75737e e-flex e-con-boxed e-con e-parent\" data-id=\"e75737e\" data-element_type=\"container\" data-e-type=\"container\">\n\t\t\t\t\t<div class=\"e-con-inner\">\n\t\t\t\t<div class=\"elementor-element elementor-element-b423da3 elementor-widget elementor-widget-text-editor\" data-id=\"b423da3\" data-element_type=\"widget\" data-e-type=\"widget\" data-widget_type=\"text-editor.default\">\n\t\t\t\t\t\t\t\t\t\n<h3 class=\"wp-block-heading\">Cichociemny, kt\u00f3ry nie z\u0142o\u017cy\u0142 broni<\/h3>\n\n<p class=\"wp-block-paragraph\">Hieronim Dekutowski przed wojn\u0105 uko\u0144czy\u0142 Szko\u0142\u0119 Podchor\u0105\u017cych Piechoty, a we wrze\u015bniu 1939 roku broni\u0142 kraju w szeregach 39. Pu\u0142ku Piechoty. Po przedostaniu si\u0119 na Zach\u00f3d, przeszed\u0142 elitarny trening w Szkole Spadochronowej w Brindisi, by w nocy z 15 na 16 wrze\u015bnia 1944 roku zeskoczy\u0107 nad okupowan\u0105 Polsk\u0105 jako <strong>Cichociemny<\/strong>.<\/p>\n\n<p class=\"wp-block-paragraph\">W czasie wojny dowodzi\u0142 oddzia\u0142ami Armii Krajowej na Lubelszczy\u017anie, ws\u0142awiaj\u0105c si\u0119 brawurowymi akcjami przeciwko Niemcom. Prawdziwy test jednak nadszed\u0142 po 1945 roku, gdy sowiecie czo\u0142gi zast\u0105pi\u0142y niemieckie, a NKWD i UB przej\u0119\u0142y pa\u0142k\u0119 po Gestapo. \u201eZapora&#8221; nie uzna\u0142 nowego, narzuconego si\u0142\u0105 porz\u0105dku. Zgodnie z rozkazem swojego dow\u00f3dcy, p\u0142k. Ryszarda Kukli\u0144skiego (w strukturach WiN), kontynuowa\u0142 walk\u0119 o suwerenno\u015b\u0107 Polski, organizuj\u0105c struktury Zrzeszenia Wolno\u015b\u0107 i Niezawis\u0142o\u015b\u0107.<\/p>\n\n<p class=\"wp-block-paragraph\">\u201eZapora&#8221; surowo zabrania\u0142 jakichkolwiek eksces\u00f3w wobec ludno\u015bci cywilnej, co sta\u0142o w jaskrawym kontra\u015bcie do propagandy komunistycznej, kt\u00f3ra etykietowa\u0142a \u017co\u0142nierzy wykl\u0119tych mianem \u201ebandyt\u00f3w&#8221;.<\/p>\n\n<h3 class=\"wp-block-heading\">Zdrada, tortury i pokazowy proces<\/h3>\n\n<p class=\"wp-block-paragraph\">Aresztowanie majora Dekutowskiego by\u0142o efektem zdrady i prowokacji UB. Do aresztowania dosz\u0142o w lutym 1947 roku we Wroc\u0142awiu. \u201eZapora&#8221; zosta\u0142 wydany przez agentur\u0119, licz\u0105c\u0105 na to, \u017ce rozbicie jego struktur z\u0142amie op\u00f3r na Lubelszczy\u017anie.<\/p>\n\n<p class=\"wp-block-paragraph\">\u015aledztwo prowadzone w katowni UB przy ul. Poufnej w Lublinie, a nast\u0119pnie w krakowskich Montelupichach, by\u0142o pasmem tortur. Bezpieka chcia\u0142a wymusi\u0107 zeznania obci\u0105\u017caj\u0105ce innych dow\u00f3dc\u00f3w podziemia niepodleg\u0142o\u015bciowego. \u201eZapora&#8221; mimo bestialskich przes\u0142ucha\u0144 nie z\u0142ama\u0142 si\u0119 moralnie, chroni\u0105c swoich ludzi i tajemnice organizacji.<\/p>\n\n<p class=\"wp-block-paragraph\">Proces, kt\u00f3ry odby\u0142 si\u0119 przed Rejonowym S\u0105dem Wojskowym w Krakowie, by\u0142 jedynie kpin\u0105 z prawa. Wyrok \u015bmierci by\u0142 przes\u0105dzony jeszcze przed rozpocz\u0119ciem rozprawy. Komunistyczni s\u0119dziowie, dzia\u0142aj\u0105cy na rozkaz partii, podpisali wyrok na ludzi, kt\u00f3rych jedyn\u0105 \u201ewin\u0105&#8221; by\u0142a wierno\u015b\u0107 przysi\u0119dze z\u0142o\u017conej Rzeczypospolitej.<\/p>\n\n<h3 class=\"wp-block-heading\">Egzekucja w Montelupichach<\/h3>\n\n<p class=\"wp-block-paragraph\">Dzie\u0144 7 marca 1949 roku na dziedzi\u0144cu wi\u0119zienia Montelupich sta\u0142 si\u0119 miejscem ka\u017ani siedmiu bohater\u00f3w. Opr\u00f3cz majora Hieronima Dekutowskiego, komuni\u015bci zamordowali sze\u015bciu jego podkomendnych, kt\u00f3rzy dzielili z nim los a\u017c do ko\u0144ca:<\/p>\n\n<ol class=\"wp-block-list\">\n<li><strong>Stanis\u0142aw Paku\u0142a ps. \u201eKrzemie\u0144&#8221;<\/strong><\/li>\n\n<li><strong>Tadeusz Pelak ps. \u201eRy\u015b&#8221;<\/strong><\/li>\n\n<li><strong>Mieczys\u0142aw Koz\u0142owski ps. \u201eGrom&#8221;<\/strong><\/li>\n\n<li><strong>Stanis\u0142aw Micha\u0142owski ps. \u201eSok\u00f3\u0142&#8221;<\/strong><\/li>\n\n<li><strong>J\u00f3zef Batory ps. \u201eB\u0142ysk&#8221;<\/strong><\/li>\n\n<li><strong>Jan R\u00f3\u017cycki ps. \u201eJan&#8221;<\/strong><\/li>\n<\/ol>\n\n<p class=\"wp-block-paragraph\">Zostali rozstrzelani &#8222;metod\u0105 katy\u0144sk\u0105&#8221;, strza\u0142em w ty\u0142 g\u0142owy. Ich cia\u0142a, zgodnie z procedur\u0105 stosowan\u0105 wobec \u201ewrog\u00f3w ludu&#8221;, zosta\u0142y pochowane w tajemnicy. Przez dziesi\u0119ciolecia rodziny nie zna\u0142y miejsca spoczynku bliskich. Cia\u0142a ukryto na \u0141\u0105czce na cmentarzu Rakowickim w Krakowie, w bezimiennych do\u0142ach \u015bmierci, zasypywanych wapnem, aby zatrze\u0107 \u015blady zbrodni.<\/p>\n\n<h3 class=\"wp-block-heading\">Pami\u0119\u0107, kt\u00f3rej nie zdo\u0142ano zg\u0142adzi\u0107<\/h3>\n\n<p class=\"wp-block-paragraph\">Komuni\u015bci s\u0105dzili, \u017ce wraz z kulami karabin\u00f3w maszynowych zabij\u0105 pami\u0119\u0107 o \u017bo\u0142nierzach Wykl\u0119tych. Mylili si\u0119. Przez 40 lat PRL-u nazwisko \u201eZapory&#8221; by\u0142o tematem tabu, ale w domach i ko\u015bcio\u0142ach pami\u0119tano o nich. Po 1989 roku, a zw\u0142aszcza w ostatnich latach dzi\u0119ki pracom Instytutu Pami\u0119ci Narodowej, prawda wysz\u0142a na jaw.<\/p>\n\n<p class=\"wp-block-paragraph\">Historia majora Hieronima Dekutowskiego obna\u017ca prawdziwe oblicze komunizmu \u2013 systemu zbudowanego na k\u0142amstwie, terrorze i mordzie s\u0105dowym. Nie by\u0142o to \u201esprawiedliwo\u015b\u0107 ludowa&#8221;, jak g\u0142osi\u0142a propaganda. By\u0142 to zimny, zaplanowany mord polityczny na elitach polskiej niepodleg\u0142o\u015bci.<\/p>\n\n<h3 class=\"wp-block-heading\">Cze\u015b\u0107 i Chwa\u0142a Bohaterom!<\/h3>\n\n<p class=\"wp-block-paragraph\">Mord na \u201eZaporze&#8221; i jego \u017co\u0142nierzach to dow\u00f3d na to, \u017ce komunistyczny re\u017cim ba\u0142 si\u0119 prawdy bardziej ni\u017c karabin\u00f3w. Ba\u0142 si\u0119 ludzi, kt\u00f3rzy nie sprzedali honoru za awanse w nowej w\u0142adzy.<\/p>\n\n<p class=\"wp-block-paragraph\"><strong>Majorze Hieronimie Dekutowski \u201eZapora&#8221; \u2013 \u015apij spokojnie. Polska, o kt\u00f3r\u0105 walczy\u0142e\u015b, pami\u0119ta.<\/strong><br \/><strong>\u017bo\u0142nierze Wykl\u0119ci \u2013 Niez\u0142omni Bohaterowie \u2013 Cze\u015b\u0107 i Chwa\u0142a!<\/strong><\/p>\n<hr class=\"wp-block-separator has-alpha-channel-opacity\" \/>\n<p class=\"wp-block-paragraph\"><em>Redakcja antykomunistyczni.pl<\/em><\/p>\n\n<p class=\"wp-block-paragraph\">\u00a0<\/p>\n\t\t\t\t\t\t\t\t<\/div>\n\t\t\t\t\t<\/div>\n\t\t\t\t<\/div>\n\t\t<div class=\"elementor-element elementor-element-c5f9908 e-flex e-con-boxed e-con e-parent\" data-id=\"c5f9908\" data-element_type=\"container\" data-e-type=\"container\">\n\t\t\t\t\t<div class=\"e-con-inner\">\n\t\t\t\t<div class=\"elementor-element elementor-element-b950ac2 elementor-widget elementor-widget-video\" data-id=\"b950ac2\" data-element_type=\"widget\" data-e-type=\"widget\" data-settings=\"{&quot;youtube_url&quot;:&quot;https:\\\/\\\/www.youtube.com\\\/watch?v=EVyj9xP3jB8&quot;,&quot;video_type&quot;:&quot;youtube&quot;,&quot;controls&quot;:&quot;yes&quot;}\" data-widget_type=\"video.default\">\n\t\t\t\t\t\t\t<div class=\"elementor-wrapper elementor-open-inline\">\n\t\t\t<div class=\"elementor-video\"><\/div>\t\t<\/div>\n\t\t\t\t\t\t<\/div>\n\t\t\t\t\t<\/div>\n\t\t\t\t<\/div>\n\t\t\t\t<\/div>\n\t\t","protected":false},"excerpt":{"rendered":"<p>Historia polskiej niepodleg\u0142o\u015bci pisana by\u0142a krwi\u0105 najlepszych syn\u00f3w Ojczyzny. 7 marca 1949 roku w krakowskim wi\u0119zieniu przy ul. Montelupich, komunistyczny aparat bezpiecze\u0144stwa dokona\u0142 s\u0105dowej zbrodni na jednym z najwybitniejszych dow\u00f3dc\u00f3w Zrzeszenia Wolno\u015b\u0107 i Niezawis\u0142o\u015b\u0107 \u2013 majorze Hieronimie Dekutowskim ps. \u201eZapora&#8221;. Wraz z nim zamordowano sze\u015bciu jego podkomendnych. Ich cia\u0142a ukryto, a nazwiska przez lata wykre\u015blano [&hellip;]<\/p>\n","protected":false},"author":1,"featured_media":832,"comment_status":"closed","ping_status":"closed","sticky":false,"template":"","format":"standard","meta":{"give_campaign_id":0,"footnotes":""},"categories":[22,27,29,23],"tags":[37,36,35],"class_list":["post-827","post","type-post","status-publish","format-standard","has-post-thumbnail","hentry","category-aktualnosci","category-antykomunisci","category-komunistyczne-zbrodnie-w-polsce","category-swiadectwa","tag-metoda-katynska","tag-zbrodnia-sadowa","tag-zolnierze-wykleci"],"yoast_head":"<!-- This site is optimized with the Yoast SEO plugin v28.4 - https:\/\/yoast.com\/product\/yoast-seo-wordpress\/ -->\n<title>7 marca 1949 r. \u2013 M\u0119cze\u0144ska \u015bmier\u0107 mjr. Hieronima Dekutowskiego \u201eZapory&quot; i sze\u015bciu jego \u017co\u0142nierzy - Antykomunistyczni.pl<\/title>\n<meta name=\"description\" content=\"7 marca 1949 roku w krakowskim wi\u0119zieniu przy ul. Montelupich, komunistyczny aparat bezpiecze\u0144stwa dokona\u0142 s\u0105dowej zbrodni\" \/>\n<meta name=\"robots\" content=\"index, follow, max-snippet:-1, max-image-preview:large, max-video-preview:-1\" \/>\n<link rel=\"canonical\" href=\"https:\/\/antykomunistyczni.pl\/index.php\/7-marca-1949-r-meczenska-smierc-mjr-hieronima-dekutowskiego-zapory-i-szesciu-jego-zolnierzy\/\" \/>\n<meta property=\"og:locale\" content=\"pl_PL\" \/>\n<meta property=\"og:type\" content=\"article\" \/>\n<meta property=\"og:title\" content=\"7 marca 1949 r. \u2013 M\u0119cze\u0144ska \u015bmier\u0107 mjr. Hieronima Dekutowskiego \u201eZapory&quot; i sze\u015bciu jego \u017co\u0142nierzy - Antykomunistyczni.pl\" \/>\n<meta property=\"og:description\" content=\"7 marca 1949 roku w krakowskim wi\u0119zieniu przy ul. Montelupich, komunistyczny aparat bezpiecze\u0144stwa dokona\u0142 s\u0105dowej zbrodni\" \/>\n<meta property=\"og:url\" content=\"https:\/\/antykomunistyczni.pl\/index.php\/7-marca-1949-r-meczenska-smierc-mjr-hieronima-dekutowskiego-zapory-i-szesciu-jego-zolnierzy\/\" \/>\n<meta property=\"og:site_name\" content=\"Antykomunistyczni.pl\" \/>\n<meta property=\"article:publisher\" content=\"https:\/\/www.facebook.com\/antykomunistyczni\/\" \/>\n<meta property=\"article:published_time\" content=\"2026-03-07T07:00:00+00:00\" \/>\n<meta property=\"article:modified_time\" content=\"2026-03-12T10:50:43+00:00\" \/>\n<meta property=\"og:image\" content=\"https:\/\/antykomunistyczni.pl\/wp-content\/uploads\/2026\/03\/HeronimDekutowskiZapora.jpeg\" \/>\n\t<meta property=\"og:image:width\" content=\"661\" \/>\n\t<meta property=\"og:image:height\" content=\"363\" \/>\n\t<meta property=\"og:image:type\" content=\"image\/jpeg\" \/>\n<meta name=\"author\" content=\"Antykomunistyczni\" \/>\n<meta name=\"twitter:card\" content=\"summary_large_image\" \/>\n<meta name=\"twitter:creator\" content=\"@anty_komunisci\" \/>\n<meta name=\"twitter:site\" content=\"@anty_komunisci\" \/>\n<meta name=\"twitter:label1\" content=\"Napisane przez\" \/>\n\t<meta name=\"twitter:data1\" content=\"Antykomunistyczni\" \/>\n\t<meta name=\"twitter:label2\" content=\"Szacowany czas czytania\" \/>\n\t<meta name=\"twitter:data2\" content=\"4 minuty\" \/>\n<script type=\"application\/ld+json\" class=\"yoast-schema-graph\">{\"@context\":\"https:\\\/\\\/schema.org\",\"@graph\":[{\"@type\":\"Article\",\"@id\":\"https:\\\/\\\/antykomunistyczni.pl\\\/index.php\\\/7-marca-1949-r-meczenska-smierc-mjr-hieronima-dekutowskiego-zapory-i-szesciu-jego-zolnierzy\\\/#article\",\"isPartOf\":{\"@id\":\"https:\\\/\\\/antykomunistyczni.pl\\\/index.php\\\/7-marca-1949-r-meczenska-smierc-mjr-hieronima-dekutowskiego-zapory-i-szesciu-jego-zolnierzy\\\/\"},\"author\":{\"name\":\"Antykomunistyczni\",\"@id\":\"https:\\\/\\\/antykomunistyczni.pl\\\/#\\\/schema\\\/person\\\/4963e693e8006b94062d91d1295d02a0\"},\"headline\":\"7 marca 1949 r. \u2013 M\u0119cze\u0144ska \u015bmier\u0107 mjr. Hieronima Dekutowskiego \u201eZapory&#8221; i sze\u015bciu jego \u017co\u0142nierzy\",\"datePublished\":\"2026-03-07T07:00:00+00:00\",\"dateModified\":\"2026-03-12T10:50:43+00:00\",\"mainEntityOfPage\":{\"@id\":\"https:\\\/\\\/antykomunistyczni.pl\\\/index.php\\\/7-marca-1949-r-meczenska-smierc-mjr-hieronima-dekutowskiego-zapory-i-szesciu-jego-zolnierzy\\\/\"},\"wordCount\":767,\"publisher\":{\"@id\":\"https:\\\/\\\/antykomunistyczni.pl\\\/#organization\"},\"image\":{\"@id\":\"https:\\\/\\\/antykomunistyczni.pl\\\/index.php\\\/7-marca-1949-r-meczenska-smierc-mjr-hieronima-dekutowskiego-zapory-i-szesciu-jego-zolnierzy\\\/#primaryimage\"},\"thumbnailUrl\":\"https:\\\/\\\/antykomunistyczni.pl\\\/wp-content\\\/uploads\\\/2026\\\/03\\\/HeronimDekutowskiZapora.jpeg\",\"keywords\":[\"Metoda Katy\u0144ska\",\"Zbrodnia s\u0105dowa\",\"\u017bo\u0142nierze wykl\u0119ci\"],\"articleSection\":[\"Aktualno\u015bci\",\"Antykomuni\u015bci\",\"Komunistyczne zbrodnie w Polsce\",\"\u015awiadectwa\"],\"inLanguage\":\"pl-PL\"},{\"@type\":\"WebPage\",\"@id\":\"https:\\\/\\\/antykomunistyczni.pl\\\/index.php\\\/7-marca-1949-r-meczenska-smierc-mjr-hieronima-dekutowskiego-zapory-i-szesciu-jego-zolnierzy\\\/\",\"url\":\"https:\\\/\\\/antykomunistyczni.pl\\\/index.php\\\/7-marca-1949-r-meczenska-smierc-mjr-hieronima-dekutowskiego-zapory-i-szesciu-jego-zolnierzy\\\/\",\"name\":\"7 marca 1949 r. \u2013 M\u0119cze\u0144ska \u015bmier\u0107 mjr. Hieronima Dekutowskiego \u201eZapory\\\" i sze\u015bciu jego \u017co\u0142nierzy - Antykomunistyczni.pl\",\"isPartOf\":{\"@id\":\"https:\\\/\\\/antykomunistyczni.pl\\\/#website\"},\"primaryImageOfPage\":{\"@id\":\"https:\\\/\\\/antykomunistyczni.pl\\\/index.php\\\/7-marca-1949-r-meczenska-smierc-mjr-hieronima-dekutowskiego-zapory-i-szesciu-jego-zolnierzy\\\/#primaryimage\"},\"image\":{\"@id\":\"https:\\\/\\\/antykomunistyczni.pl\\\/index.php\\\/7-marca-1949-r-meczenska-smierc-mjr-hieronima-dekutowskiego-zapory-i-szesciu-jego-zolnierzy\\\/#primaryimage\"},\"thumbnailUrl\":\"https:\\\/\\\/antykomunistyczni.pl\\\/wp-content\\\/uploads\\\/2026\\\/03\\\/HeronimDekutowskiZapora.jpeg\",\"datePublished\":\"2026-03-07T07:00:00+00:00\",\"dateModified\":\"2026-03-12T10:50:43+00:00\",\"description\":\"7 marca 1949 roku w krakowskim wi\u0119zieniu przy ul. Montelupich, komunistyczny aparat bezpiecze\u0144stwa dokona\u0142 s\u0105dowej zbrodni\",\"breadcrumb\":{\"@id\":\"https:\\\/\\\/antykomunistyczni.pl\\\/index.php\\\/7-marca-1949-r-meczenska-smierc-mjr-hieronima-dekutowskiego-zapory-i-szesciu-jego-zolnierzy\\\/#breadcrumb\"},\"inLanguage\":\"pl-PL\",\"potentialAction\":[{\"@type\":\"ReadAction\",\"target\":[\"https:\\\/\\\/antykomunistyczni.pl\\\/index.php\\\/7-marca-1949-r-meczenska-smierc-mjr-hieronima-dekutowskiego-zapory-i-szesciu-jego-zolnierzy\\\/\"]}]},{\"@type\":\"ImageObject\",\"inLanguage\":\"pl-PL\",\"@id\":\"https:\\\/\\\/antykomunistyczni.pl\\\/index.php\\\/7-marca-1949-r-meczenska-smierc-mjr-hieronima-dekutowskiego-zapory-i-szesciu-jego-zolnierzy\\\/#primaryimage\",\"url\":\"https:\\\/\\\/antykomunistyczni.pl\\\/wp-content\\\/uploads\\\/2026\\\/03\\\/HeronimDekutowskiZapora.jpeg\",\"contentUrl\":\"https:\\\/\\\/antykomunistyczni.pl\\\/wp-content\\\/uploads\\\/2026\\\/03\\\/HeronimDekutowskiZapora.jpeg\",\"width\":661,\"height\":363},{\"@type\":\"BreadcrumbList\",\"@id\":\"https:\\\/\\\/antykomunistyczni.pl\\\/index.php\\\/7-marca-1949-r-meczenska-smierc-mjr-hieronima-dekutowskiego-zapory-i-szesciu-jego-zolnierzy\\\/#breadcrumb\",\"itemListElement\":[{\"@type\":\"ListItem\",\"position\":1,\"name\":\"Strona g\u0142\u00f3wna\",\"item\":\"https:\\\/\\\/antykomunistyczni.pl\\\/\"},{\"@type\":\"ListItem\",\"position\":2,\"name\":\"7 marca 1949 r. \u2013 M\u0119cze\u0144ska \u015bmier\u0107 mjr. Hieronima Dekutowskiego \u201eZapory&#8221; i sze\u015bciu jego \u017co\u0142nierzy\"}]},{\"@type\":\"WebSite\",\"@id\":\"https:\\\/\\\/antykomunistyczni.pl\\\/#website\",\"url\":\"https:\\\/\\\/antykomunistyczni.pl\\\/\",\"name\":\"Antykomunistyczni.pl\",\"description\":\"\",\"publisher\":{\"@id\":\"https:\\\/\\\/antykomunistyczni.pl\\\/#organization\"},\"alternateName\":\"Historia PRL, zbrodnie komunistyczne w Polsce i na \u015bwiecie\",\"potentialAction\":[{\"@type\":\"SearchAction\",\"target\":{\"@type\":\"EntryPoint\",\"urlTemplate\":\"https:\\\/\\\/antykomunistyczni.pl\\\/?s={search_term_string}\"},\"query-input\":{\"@type\":\"PropertyValueSpecification\",\"valueRequired\":true,\"valueName\":\"search_term_string\"}}],\"inLanguage\":\"pl-PL\"},{\"@type\":\"Organization\",\"@id\":\"https:\\\/\\\/antykomunistyczni.pl\\\/#organization\",\"name\":\"Antykomunistyczni.pl\",\"url\":\"https:\\\/\\\/antykomunistyczni.pl\\\/\",\"logo\":{\"@type\":\"ImageObject\",\"inLanguage\":\"pl-PL\",\"@id\":\"https:\\\/\\\/antykomunistyczni.pl\\\/#\\\/schema\\\/logo\\\/image\\\/\",\"url\":\"https:\\\/\\\/antykomunistyczni.pl\\\/wp-content\\\/uploads\\\/2026\\\/02\\\/cropped-AntykomunistyczniLogoSquare150x150-2.png\",\"contentUrl\":\"https:\\\/\\\/antykomunistyczni.pl\\\/wp-content\\\/uploads\\\/2026\\\/02\\\/cropped-AntykomunistyczniLogoSquare150x150-2.png\",\"width\":150,\"height\":150,\"caption\":\"Antykomunistyczni.pl\"},\"image\":{\"@id\":\"https:\\\/\\\/antykomunistyczni.pl\\\/#\\\/schema\\\/logo\\\/image\\\/\"},\"sameAs\":[\"https:\\\/\\\/www.facebook.com\\\/antykomunistyczni\\\/\",\"https:\\\/\\\/x.com\\\/anty_komunisci\"]},{\"@type\":\"Person\",\"@id\":\"https:\\\/\\\/antykomunistyczni.pl\\\/#\\\/schema\\\/person\\\/4963e693e8006b94062d91d1295d02a0\",\"name\":\"Antykomunistyczni\",\"image\":{\"@type\":\"ImageObject\",\"inLanguage\":\"pl-PL\",\"@id\":\"https:\\\/\\\/secure.gravatar.com\\\/avatar\\\/ff172875f9ced7887f883245268c1ba638c26cf1e0530f7f61b4705963a6730b?s=96&d=mm&r=g\",\"url\":\"https:\\\/\\\/secure.gravatar.com\\\/avatar\\\/ff172875f9ced7887f883245268c1ba638c26cf1e0530f7f61b4705963a6730b?s=96&d=mm&r=g\",\"contentUrl\":\"https:\\\/\\\/secure.gravatar.com\\\/avatar\\\/ff172875f9ced7887f883245268c1ba638c26cf1e0530f7f61b4705963a6730b?s=96&d=mm&r=g\",\"caption\":\"Antykomunistyczni\"},\"sameAs\":[\"http:\\\/\\\/antykomunistyczni.pl\"],\"url\":\"https:\\\/\\\/antykomunistyczni.pl\\\/index.php\\\/author\\\/admin0\\\/\"}]}<\/script>\n<!-- \/ Yoast SEO plugin. -->","yoast_head_json":{"title":"7 marca 1949 r. \u2013 M\u0119cze\u0144ska \u015bmier\u0107 mjr. Hieronima Dekutowskiego \u201eZapory\" i sze\u015bciu jego \u017co\u0142nierzy - Antykomunistyczni.pl","description":"7 marca 1949 roku w krakowskim wi\u0119zieniu przy ul. Montelupich, komunistyczny aparat bezpiecze\u0144stwa dokona\u0142 s\u0105dowej zbrodni","robots":{"index":"index","follow":"follow","max-snippet":"max-snippet:-1","max-image-preview":"max-image-preview:large","max-video-preview":"max-video-preview:-1"},"canonical":"https:\/\/antykomunistyczni.pl\/index.php\/7-marca-1949-r-meczenska-smierc-mjr-hieronima-dekutowskiego-zapory-i-szesciu-jego-zolnierzy\/","og_locale":"pl_PL","og_type":"article","og_title":"7 marca 1949 r. \u2013 M\u0119cze\u0144ska \u015bmier\u0107 mjr. Hieronima Dekutowskiego \u201eZapory\" i sze\u015bciu jego \u017co\u0142nierzy - Antykomunistyczni.pl","og_description":"7 marca 1949 roku w krakowskim wi\u0119zieniu przy ul. Montelupich, komunistyczny aparat bezpiecze\u0144stwa dokona\u0142 s\u0105dowej zbrodni","og_url":"https:\/\/antykomunistyczni.pl\/index.php\/7-marca-1949-r-meczenska-smierc-mjr-hieronima-dekutowskiego-zapory-i-szesciu-jego-zolnierzy\/","og_site_name":"Antykomunistyczni.pl","article_publisher":"https:\/\/www.facebook.com\/antykomunistyczni\/","article_published_time":"2026-03-07T07:00:00+00:00","article_modified_time":"2026-03-12T10:50:43+00:00","og_image":[{"width":661,"height":363,"url":"https:\/\/antykomunistyczni.pl\/wp-content\/uploads\/2026\/03\/HeronimDekutowskiZapora.jpeg","type":"image\/jpeg"}],"author":"Antykomunistyczni","twitter_card":"summary_large_image","twitter_creator":"@anty_komunisci","twitter_site":"@anty_komunisci","twitter_misc":{"Napisane przez":"Antykomunistyczni","Szacowany czas czytania":"4 minuty"},"schema":{"@context":"https:\/\/schema.org","@graph":[{"@type":"Article","@id":"https:\/\/antykomunistyczni.pl\/index.php\/7-marca-1949-r-meczenska-smierc-mjr-hieronima-dekutowskiego-zapory-i-szesciu-jego-zolnierzy\/#article","isPartOf":{"@id":"https:\/\/antykomunistyczni.pl\/index.php\/7-marca-1949-r-meczenska-smierc-mjr-hieronima-dekutowskiego-zapory-i-szesciu-jego-zolnierzy\/"},"author":{"name":"Antykomunistyczni","@id":"https:\/\/antykomunistyczni.pl\/#\/schema\/person\/4963e693e8006b94062d91d1295d02a0"},"headline":"7 marca 1949 r. \u2013 M\u0119cze\u0144ska \u015bmier\u0107 mjr. Hieronima Dekutowskiego \u201eZapory&#8221; i sze\u015bciu jego \u017co\u0142nierzy","datePublished":"2026-03-07T07:00:00+00:00","dateModified":"2026-03-12T10:50:43+00:00","mainEntityOfPage":{"@id":"https:\/\/antykomunistyczni.pl\/index.php\/7-marca-1949-r-meczenska-smierc-mjr-hieronima-dekutowskiego-zapory-i-szesciu-jego-zolnierzy\/"},"wordCount":767,"publisher":{"@id":"https:\/\/antykomunistyczni.pl\/#organization"},"image":{"@id":"https:\/\/antykomunistyczni.pl\/index.php\/7-marca-1949-r-meczenska-smierc-mjr-hieronima-dekutowskiego-zapory-i-szesciu-jego-zolnierzy\/#primaryimage"},"thumbnailUrl":"https:\/\/antykomunistyczni.pl\/wp-content\/uploads\/2026\/03\/HeronimDekutowskiZapora.jpeg","keywords":["Metoda Katy\u0144ska","Zbrodnia s\u0105dowa","\u017bo\u0142nierze wykl\u0119ci"],"articleSection":["Aktualno\u015bci","Antykomuni\u015bci","Komunistyczne zbrodnie w Polsce","\u015awiadectwa"],"inLanguage":"pl-PL"},{"@type":"WebPage","@id":"https:\/\/antykomunistyczni.pl\/index.php\/7-marca-1949-r-meczenska-smierc-mjr-hieronima-dekutowskiego-zapory-i-szesciu-jego-zolnierzy\/","url":"https:\/\/antykomunistyczni.pl\/index.php\/7-marca-1949-r-meczenska-smierc-mjr-hieronima-dekutowskiego-zapory-i-szesciu-jego-zolnierzy\/","name":"7 marca 1949 r. \u2013 M\u0119cze\u0144ska \u015bmier\u0107 mjr. Hieronima Dekutowskiego \u201eZapory\" i sze\u015bciu jego \u017co\u0142nierzy - Antykomunistyczni.pl","isPartOf":{"@id":"https:\/\/antykomunistyczni.pl\/#website"},"primaryImageOfPage":{"@id":"https:\/\/antykomunistyczni.pl\/index.php\/7-marca-1949-r-meczenska-smierc-mjr-hieronima-dekutowskiego-zapory-i-szesciu-jego-zolnierzy\/#primaryimage"},"image":{"@id":"https:\/\/antykomunistyczni.pl\/index.php\/7-marca-1949-r-meczenska-smierc-mjr-hieronima-dekutowskiego-zapory-i-szesciu-jego-zolnierzy\/#primaryimage"},"thumbnailUrl":"https:\/\/antykomunistyczni.pl\/wp-content\/uploads\/2026\/03\/HeronimDekutowskiZapora.jpeg","datePublished":"2026-03-07T07:00:00+00:00","dateModified":"2026-03-12T10:50:43+00:00","description":"7 marca 1949 roku w krakowskim wi\u0119zieniu przy ul. Montelupich, komunistyczny aparat bezpiecze\u0144stwa dokona\u0142 s\u0105dowej zbrodni","breadcrumb":{"@id":"https:\/\/antykomunistyczni.pl\/index.php\/7-marca-1949-r-meczenska-smierc-mjr-hieronima-dekutowskiego-zapory-i-szesciu-jego-zolnierzy\/#breadcrumb"},"inLanguage":"pl-PL","potentialAction":[{"@type":"ReadAction","target":["https:\/\/antykomunistyczni.pl\/index.php\/7-marca-1949-r-meczenska-smierc-mjr-hieronima-dekutowskiego-zapory-i-szesciu-jego-zolnierzy\/"]}]},{"@type":"ImageObject","inLanguage":"pl-PL","@id":"https:\/\/antykomunistyczni.pl\/index.php\/7-marca-1949-r-meczenska-smierc-mjr-hieronima-dekutowskiego-zapory-i-szesciu-jego-zolnierzy\/#primaryimage","url":"https:\/\/antykomunistyczni.pl\/wp-content\/uploads\/2026\/03\/HeronimDekutowskiZapora.jpeg","contentUrl":"https:\/\/antykomunistyczni.pl\/wp-content\/uploads\/2026\/03\/HeronimDekutowskiZapora.jpeg","width":661,"height":363},{"@type":"BreadcrumbList","@id":"https:\/\/antykomunistyczni.pl\/index.php\/7-marca-1949-r-meczenska-smierc-mjr-hieronima-dekutowskiego-zapory-i-szesciu-jego-zolnierzy\/#breadcrumb","itemListElement":[{"@type":"ListItem","position":1,"name":"Strona g\u0142\u00f3wna","item":"https:\/\/antykomunistyczni.pl\/"},{"@type":"ListItem","position":2,"name":"7 marca 1949 r. \u2013 M\u0119cze\u0144ska \u015bmier\u0107 mjr. Hieronima Dekutowskiego \u201eZapory&#8221; i sze\u015bciu jego \u017co\u0142nierzy"}]},{"@type":"WebSite","@id":"https:\/\/antykomunistyczni.pl\/#website","url":"https:\/\/antykomunistyczni.pl\/","name":"Antykomunistyczni.pl","description":"","publisher":{"@id":"https:\/\/antykomunistyczni.pl\/#organization"},"alternateName":"Historia PRL, zbrodnie komunistyczne w Polsce i na \u015bwiecie","potentialAction":[{"@type":"SearchAction","target":{"@type":"EntryPoint","urlTemplate":"https:\/\/antykomunistyczni.pl\/?s={search_term_string}"},"query-input":{"@type":"PropertyValueSpecification","valueRequired":true,"valueName":"search_term_string"}}],"inLanguage":"pl-PL"},{"@type":"Organization","@id":"https:\/\/antykomunistyczni.pl\/#organization","name":"Antykomunistyczni.pl","url":"https:\/\/antykomunistyczni.pl\/","logo":{"@type":"ImageObject","inLanguage":"pl-PL","@id":"https:\/\/antykomunistyczni.pl\/#\/schema\/logo\/image\/","url":"https:\/\/antykomunistyczni.pl\/wp-content\/uploads\/2026\/02\/cropped-AntykomunistyczniLogoSquare150x150-2.png","contentUrl":"https:\/\/antykomunistyczni.pl\/wp-content\/uploads\/2026\/02\/cropped-AntykomunistyczniLogoSquare150x150-2.png","width":150,"height":150,"caption":"Antykomunistyczni.pl"},"image":{"@id":"https:\/\/antykomunistyczni.pl\/#\/schema\/logo\/image\/"},"sameAs":["https:\/\/www.facebook.com\/antykomunistyczni\/","https:\/\/x.com\/anty_komunisci"]},{"@type":"Person","@id":"https:\/\/antykomunistyczni.pl\/#\/schema\/person\/4963e693e8006b94062d91d1295d02a0","name":"Antykomunistyczni","image":{"@type":"ImageObject","inLanguage":"pl-PL","@id":"https:\/\/secure.gravatar.com\/avatar\/ff172875f9ced7887f883245268c1ba638c26cf1e0530f7f61b4705963a6730b?s=96&d=mm&r=g","url":"https:\/\/secure.gravatar.com\/avatar\/ff172875f9ced7887f883245268c1ba638c26cf1e0530f7f61b4705963a6730b?s=96&d=mm&r=g","contentUrl":"https:\/\/secure.gravatar.com\/avatar\/ff172875f9ced7887f883245268c1ba638c26cf1e0530f7f61b4705963a6730b?s=96&d=mm&r=g","caption":"Antykomunistyczni"},"sameAs":["http:\/\/antykomunistyczni.pl"],"url":"https:\/\/antykomunistyczni.pl\/index.php\/author\/admin0\/"}]}},"_links":{"self":[{"href":"https:\/\/antykomunistyczni.pl\/index.php\/wp-json\/wp\/v2\/posts\/827","targetHints":{"allow":["GET"]}}],"collection":[{"href":"https:\/\/antykomunistyczni.pl\/index.php\/wp-json\/wp\/v2\/posts"}],"about":[{"href":"https:\/\/antykomunistyczni.pl\/index.php\/wp-json\/wp\/v2\/types\/post"}],"author":[{"embeddable":true,"href":"https:\/\/antykomunistyczni.pl\/index.php\/wp-json\/wp\/v2\/users\/1"}],"replies":[{"embeddable":true,"href":"https:\/\/antykomunistyczni.pl\/index.php\/wp-json\/wp\/v2\/comments?post=827"}],"version-history":[{"count":12,"href":"https:\/\/antykomunistyczni.pl\/index.php\/wp-json\/wp\/v2\/posts\/827\/revisions"}],"predecessor-version":[{"id":846,"href":"https:\/\/antykomunistyczni.pl\/index.php\/wp-json\/wp\/v2\/posts\/827\/revisions\/846"}],"wp:featuredmedia":[{"embeddable":true,"href":"https:\/\/antykomunistyczni.pl\/index.php\/wp-json\/wp\/v2\/media\/832"}],"wp:attachment":[{"href":"https:\/\/antykomunistyczni.pl\/index.php\/wp-json\/wp\/v2\/media?parent=827"}],"wp:term":[{"taxonomy":"category","embeddable":true,"href":"https:\/\/antykomunistyczni.pl\/index.php\/wp-json\/wp\/v2\/categories?post=827"},{"taxonomy":"post_tag","embeddable":true,"href":"https:\/\/antykomunistyczni.pl\/index.php\/wp-json\/wp\/v2\/tags?post=827"}],"curies":[{"name":"wp","href":"https:\/\/api.w.org\/{rel}","templated":true}]}}