{"id":838,"date":"2026-03-08T08:00:00","date_gmt":"2026-03-08T07:00:00","guid":{"rendered":"https:\/\/antykomunistyczni.pl\/?p=838"},"modified":"2026-03-11T19:37:34","modified_gmt":"2026-03-11T18:37:34","slug":"8-marca-1968-wiec-na-uniwersytecie-warszawskim-poczatek-studenckiego-buntu","status":"publish","type":"post","link":"https:\/\/antykomunistyczni.pl\/index.php\/8-marca-1968-wiec-na-uniwersytecie-warszawskim-poczatek-studenckiego-buntu\/","title":{"rendered":"8 marca 1968 \u2013 wiec na Uniwersytecie Warszawskim. Pocz\u0105tek studenckiego buntu"},"content":{"rendered":"\t\t<div data-elementor-type=\"wp-post\" data-elementor-id=\"838\" class=\"elementor elementor-838\">\n\t\t\t\t<div class=\"elementor-element elementor-element-50c5831 e-flex e-con-boxed e-con e-parent\" data-id=\"50c5831\" data-element_type=\"container\" data-e-type=\"container\">\n\t\t\t\t\t<div class=\"e-con-inner\">\n\t\t\t\t<div class=\"elementor-element elementor-element-8a1ceb5 elementor-widget elementor-widget-image\" data-id=\"8a1ceb5\" data-element_type=\"widget\" data-e-type=\"widget\" data-widget_type=\"image.default\">\n\t\t\t\t\t\t\t\t\t\t\t\t\t\t\t<img fetchpriority=\"high\" decoding=\"async\" width=\"768\" height=\"407\" src=\"https:\/\/antykomunistyczni.pl\/wp-content\/uploads\/2026\/03\/Marzec68-768x407.png\" class=\"attachment-medium_large size-medium_large wp-image-839\" alt=\"\" srcset=\"https:\/\/antykomunistyczni.pl\/wp-content\/uploads\/2026\/03\/Marzec68-768x407.png 768w, https:\/\/antykomunistyczni.pl\/wp-content\/uploads\/2026\/03\/Marzec68-300x159.png 300w, https:\/\/antykomunistyczni.pl\/wp-content\/uploads\/2026\/03\/Marzec68-1024x543.png 1024w, https:\/\/antykomunistyczni.pl\/wp-content\/uploads\/2026\/03\/Marzec68.png 1210w\" sizes=\"(max-width: 768px) 100vw, 768px\" \/>\t\t\t\t\t\t\t\t\t\t\t\t\t\t\t<\/div>\n\t\t\t\t\t<\/div>\n\t\t\t\t<\/div>\n\t\t<div class=\"elementor-element elementor-element-28db3846 e-flex e-con-boxed e-con e-parent\" data-id=\"28db3846\" data-element_type=\"container\" data-e-type=\"container\">\n\t\t\t\t\t<div class=\"e-con-inner\">\n\t\t\t\t<div class=\"elementor-element elementor-element-780385cd elementor-widget elementor-widget-text-editor\" data-id=\"780385cd\" data-element_type=\"widget\" data-e-type=\"widget\" data-widget_type=\"text-editor.default\">\n\t\t\t\t\t\t\t\t\t\n<p class=\"wp-block-paragraph\">8 marca 1968 roku na dziedzi\u0144cu Uniwersytetu Warszawskiego odby\u0142 si\u0119 wiec, kt\u00f3ry sta\u0142 si\u0119 jednym z najwa\u017cniejszych moment\u00f3w sprzeciwu wobec komunistycznej w\u0142adzy w Polsce. Tego dnia tysi\u0105ce student\u00f3w zaprotestowa\u0142o przeciwko cenzurze, represjom i \u0142amaniu podstawowych wolno\u015bci obywatelskich. Brutalna reakcja w\u0142adz zapocz\u0105tkowa\u0142a fal\u0119 protest\u00f3w, kt\u00f3ra wkr\u00f3tce obj\u0119\u0142a uczelnie w ca\u0142ym kraju.<\/p>\n\n\n\n<h2 class=\"wp-block-heading\">Iskra: cenzura i represje<\/h2>\n\n\n\n<p class=\"wp-block-paragraph\">Bezpo\u015bredni\u0105 przyczyn\u0105 protest\u00f3w by\u0142a decyzja w\u0142adz o zdj\u0119ciu z afisza spektaklu <strong>\u201eDziady\u201d<\/strong> w re\u017cyserii Kazimierz Dejmek w Teatr Narodowy. Przedstawienie oparte na dramacie Adam Mickiewicz przyci\u0105ga\u0142o t\u0142umy i by\u0142o odbierane jako wyra\u017ana krytyka dominacji Zwi\u0105zku Sowieckiego nad Polsk\u0105.<\/p>\n\n\n\n<p class=\"wp-block-paragraph\">Komunistyczne w\u0142adze uzna\u0142y spektakl za \u201eantyradziecki\u201d i w styczniu 1968 roku zdecydowa\u0142y o jego zdj\u0119ciu z repertuaru. W\u015br\u00f3d student\u00f3w i \u015brodowisk inteligenckich wywo\u0142a\u0142o to ogromne oburzenie.<\/p>\n\n\n\n<p class=\"wp-block-paragraph\">Sytuacj\u0119 zaogni\u0142o tak\u017ce wyrzucenie z Uniwersytetu Warszawskiego dw\u00f3ch student\u00f3w \u2013 Adama Michnika oraz Henryka Szlajfer \u2013 oskar\u017conych przez w\u0142adze o inspirowanie protest\u00f3w i przekazywanie informacji zagranicznym mediom.<\/p>\n\n\n\n<h2 class=\"wp-block-heading\">8 marca \u2013 studencki wiec<\/h2>\n\n\n\n<p class=\"wp-block-paragraph\">W odpowiedzi na represje studenci zorganizowali wiec protestacyjny na dziedzi\u0144cu Uniwersytetu Warszawskiego. Zgromadzenie rozpocz\u0119\u0142o si\u0119 w po\u0142udnie i szybko zgromadzi\u0142o kilka tysi\u0119cy os\u00f3b.<\/p>\n\n\n\n<p class=\"wp-block-paragraph\">Studenci domagali si\u0119:<\/p>\n\n\n\n<ul class=\"wp-block-list\">\n<li>przywr\u00f3cenia na studia usuni\u0119tych koleg\u00f3w,<\/li>\n\n\n\n<li>zniesienia cenzury,<\/li>\n\n\n\n<li>poszanowania wolno\u015bci s\u0142owa,<\/li>\n\n\n\n<li>przestrzegania konstytucyjnych praw obywatelskich.<\/li>\n<\/ul>\n\n\n\n<p class=\"wp-block-paragraph\">Podczas wiecu odczytano rezolucj\u0119 protestacyjn\u0105 i wyg\u0142oszono przem\u00f3wienia krytykuj\u0105ce dzia\u0142ania w\u0142adz.<\/p>\n\n\n\n<h2 class=\"wp-block-heading\">Brutalna interwencja<\/h2>\n\n\n\n<p class=\"wp-block-paragraph\">Komunistyczne w\u0142adze nie zamierza\u0142y tolerowa\u0107 studenckiego sprzeciwu. Na teren uczelni wkroczy\u0142y oddzia\u0142y milicji oraz tzw. \u201eaktyw robotniczy\u201d \u2013 specjalnie zorganizowane grupy partyjnych dzia\u0142aczy maj\u0105cych rozp\u0119dza\u0107 demonstrant\u00f3w.<\/p>\n\n\n\n<p class=\"wp-block-paragraph\">Studenci zostali brutalnie pobici, wielu z nich zatrzymano. Uniwersytecki dziedziniec zamieni\u0142 si\u0119 w scen\u0119 przemocy. \u015awiadkowie wspominali p\u00f3\u017aniej, \u017ce milicjanci bili pa\u0142kami nie tylko protestuj\u0105cych, ale tak\u017ce przypadkowych student\u00f3w i przechodni\u00f3w.<\/p>\n\n\n\n<h2 class=\"wp-block-heading\">Protesty w ca\u0142ej Polsce<\/h2>\n\n\n\n<p class=\"wp-block-paragraph\">Wie\u015bci o wydarzeniach w Warszawie szybko rozesz\u0142y si\u0119 po kraju. W kolejnych dniach protesty wybuch\u0142y na wielu uczelniach, m.in. w Krakowie, Wroc\u0142awiu, Poznaniu i Gda\u0144sku.<\/p>\n\n\n\n<p class=\"wp-block-paragraph\">W\u0142adze odpowiedzia\u0142y kolejn\u0105 fal\u0105 represji:<\/p>\n\n\n\n<ul class=\"wp-block-list\">\n<li>setki student\u00f3w aresztowano,<\/li>\n\n\n\n<li>wielu wyrzucono z uczelni,<\/li>\n\n\n\n<li>cz\u0119\u015b\u0107 skazano na kary wi\u0119zienia.<\/li>\n<\/ul>\n\n\n\n<p class=\"wp-block-paragraph\">R\u00f3wnocze\u015bnie propaganda pa\u0144stwowa rozpocz\u0119\u0142a kampani\u0119 oszczerstw przeciwko protestuj\u0105cym, oskar\u017caj\u0105c ich o \u201ewrog\u0105 dzia\u0142alno\u015b\u0107\u201d i \u201espisek przeciwko Polsce Ludowej\u201d.<\/p>\n\n\n\n<h2 class=\"wp-block-heading\">Kampania nienawi\u015bci<\/h2>\n\n\n\n<p class=\"wp-block-paragraph\">Protesty studenckie sta\u0142y si\u0119 dla w\u0142adz pretekstem do rozpocz\u0119cia szeroko zakrojonej kampanii antysemickiej. W propagandzie pojawi\u0142o si\u0119 poj\u0119cie \u201esyjonist\u00f3w\u201d, kt\u00f3rych oskar\u017cano o inspirowanie wydarze\u0144 marcowych.<\/p>\n\n\n\n<p class=\"wp-block-paragraph\">W rezultacie tysi\u0105ce obywateli polskich pochodzenia \u017cydowskiego zosta\u0142o zmuszonych do opuszczenia kraju. Wielu z nich by\u0142o naukowcami, studentami, lekarzami czy artystami. By\u0142 to jeden z najbardziej haniebnych epizod\u00f3w w historii powojennej Polski.<\/p>\n\n\n\n<h2 class=\"wp-block-heading\">Marzec \u201968 \u2013 symbol sprzeciwu<\/h2>\n\n\n\n<p class=\"wp-block-paragraph\">Cho\u0107 protesty zosta\u0142y brutalnie st\u0142umione, wydarzenia marca 1968 roku sta\u0142y si\u0119 wa\u017cnym symbolem oporu wobec komunistycznej dyktatury. Pokaza\u0142y, \u017ce m\u0142ode pokolenie nie godzi si\u0119 na cenzur\u0119, propagand\u0119 i represje.<\/p>\n\n\n\n<p class=\"wp-block-paragraph\">Dla wielu uczestnik\u00f3w tych wydarze\u0144 Marzec \u201968 by\u0142 pocz\u0105tkiem drogi prowadz\u0105cej do p\u00f3\u017aniejszych ruch\u00f3w opozycyjnych \u2013 od Komitetu Obrony Robotnik\u00f3w po \u201eSolidarno\u015b\u0107\u201d.<\/p>\n\n\n\n<p class=\"wp-block-paragraph\">Wiec na Uniwersytecie Warszawskim z 8 marca 1968 roku pozostaje jednym z najwa\u017cniejszych moment\u00f3w walki o wolno\u015b\u0107 s\u0142owa i godno\u015b\u0107 cz\u0142owieka w Polsce rz\u0105dzonej przez komunistyczny system.<\/p>\n\n\n\n<p class=\"wp-block-paragraph\"><\/p>\n\t\t\t\t\t\t\t\t<\/div>\n\t\t\t\t\t<\/div>\n\t\t\t\t<\/div>\n\t\t\t\t<\/div>\n\t\t","protected":false},"excerpt":{"rendered":"<p>8 marca 1968 roku na dziedzi\u0144cu Uniwersytetu Warszawskiego odby\u0142 si\u0119 wiec, kt\u00f3ry sta\u0142 si\u0119 jednym z najwa\u017cniejszych moment\u00f3w sprzeciwu wobec komunistycznej w\u0142adzy w Polsce. Tego dnia tysi\u0105ce student\u00f3w zaprotestowa\u0142o przeciwko cenzurze, represjom i \u0142amaniu podstawowych wolno\u015bci obywatelskich. Brutalna reakcja w\u0142adz zapocz\u0105tkowa\u0142a fal\u0119 protest\u00f3w, kt\u00f3ra wkr\u00f3tce obj\u0119\u0142a uczelnie w ca\u0142ym kraju. Iskra: cenzura i represje Bezpo\u015bredni\u0105 [&hellip;]<\/p>\n","protected":false},"author":1,"featured_media":839,"comment_status":"closed","ping_status":"closed","sticky":false,"template":"","format":"standard","meta":{"give_campaign_id":0,"footnotes":""},"categories":[22,27],"tags":[],"class_list":["post-838","post","type-post","status-publish","format-standard","has-post-thumbnail","hentry","category-aktualnosci","category-antykomunisci"],"yoast_head":"<!-- This site is optimized with the Yoast SEO plugin v28.4 - https:\/\/yoast.com\/product\/yoast-seo-wordpress\/ -->\n<title>8 marca 1968 \u2013 wiec na Uniwersytecie Warszawskim. Pocz\u0105tek studenckiego buntu - Antykomunistyczni.pl<\/title>\n<meta name=\"description\" content=\"Wiec protestacyjny na dziedzi\u0144cu Uniwersytetu Warszawskiego rozpocz\u0105\u0142 wydarzenia marca 1968. Zgromadzenie rozpocz\u0119\u0142o si\u0119 w po\u0142udnie i szybko zgromadzi\u0142o kilka tysi\u0119cy os\u00f3b.\" \/>\n<meta name=\"robots\" content=\"index, follow, max-snippet:-1, max-image-preview:large, max-video-preview:-1\" \/>\n<link rel=\"canonical\" href=\"https:\/\/antykomunistyczni.pl\/index.php\/8-marca-1968-wiec-na-uniwersytecie-warszawskim-poczatek-studenckiego-buntu\/\" \/>\n<meta property=\"og:locale\" content=\"pl_PL\" \/>\n<meta property=\"og:type\" content=\"article\" \/>\n<meta property=\"og:title\" content=\"8 marca 1968 \u2013 wiec na Uniwersytecie Warszawskim. Pocz\u0105tek studenckiego buntu - Antykomunistyczni.pl\" \/>\n<meta property=\"og:description\" content=\"Wiec protestacyjny na dziedzi\u0144cu Uniwersytetu Warszawskiego rozpocz\u0105\u0142 wydarzenia marca 1968. Zgromadzenie rozpocz\u0119\u0142o si\u0119 w po\u0142udnie i szybko zgromadzi\u0142o kilka tysi\u0119cy os\u00f3b.\" \/>\n<meta property=\"og:url\" content=\"https:\/\/antykomunistyczni.pl\/index.php\/8-marca-1968-wiec-na-uniwersytecie-warszawskim-poczatek-studenckiego-buntu\/\" \/>\n<meta property=\"og:site_name\" content=\"Antykomunistyczni.pl\" \/>\n<meta property=\"article:publisher\" content=\"https:\/\/www.facebook.com\/antykomunistyczni\/\" \/>\n<meta property=\"article:published_time\" content=\"2026-03-08T07:00:00+00:00\" \/>\n<meta property=\"article:modified_time\" content=\"2026-03-11T18:37:34+00:00\" \/>\n<meta property=\"og:image\" content=\"https:\/\/antykomunistyczni.pl\/wp-content\/uploads\/2026\/03\/Marzec68.png\" \/>\n\t<meta property=\"og:image:width\" content=\"1210\" \/>\n\t<meta property=\"og:image:height\" content=\"642\" \/>\n\t<meta property=\"og:image:type\" content=\"image\/png\" \/>\n<meta name=\"author\" content=\"Antykomunistyczni\" \/>\n<meta name=\"twitter:card\" content=\"summary_large_image\" \/>\n<meta name=\"twitter:creator\" content=\"@anty_komunisci\" \/>\n<meta name=\"twitter:site\" content=\"@anty_komunisci\" \/>\n<meta name=\"twitter:label1\" content=\"Napisane przez\" \/>\n\t<meta name=\"twitter:data1\" content=\"Antykomunistyczni\" \/>\n\t<meta name=\"twitter:label2\" content=\"Szacowany czas czytania\" \/>\n\t<meta name=\"twitter:data2\" content=\"4 minuty\" \/>\n<script type=\"application\/ld+json\" class=\"yoast-schema-graph\">{\"@context\":\"https:\\\/\\\/schema.org\",\"@graph\":[{\"@type\":\"Article\",\"@id\":\"https:\\\/\\\/antykomunistyczni.pl\\\/index.php\\\/8-marca-1968-wiec-na-uniwersytecie-warszawskim-poczatek-studenckiego-buntu\\\/#article\",\"isPartOf\":{\"@id\":\"https:\\\/\\\/antykomunistyczni.pl\\\/index.php\\\/8-marca-1968-wiec-na-uniwersytecie-warszawskim-poczatek-studenckiego-buntu\\\/\"},\"author\":{\"name\":\"Antykomunistyczni\",\"@id\":\"https:\\\/\\\/antykomunistyczni.pl\\\/#\\\/schema\\\/person\\\/4963e693e8006b94062d91d1295d02a0\"},\"headline\":\"8 marca 1968 \u2013 wiec na Uniwersytecie Warszawskim. Pocz\u0105tek studenckiego buntu\",\"datePublished\":\"2026-03-08T07:00:00+00:00\",\"dateModified\":\"2026-03-11T18:37:34+00:00\",\"mainEntityOfPage\":{\"@id\":\"https:\\\/\\\/antykomunistyczni.pl\\\/index.php\\\/8-marca-1968-wiec-na-uniwersytecie-warszawskim-poczatek-studenckiego-buntu\\\/\"},\"wordCount\":584,\"publisher\":{\"@id\":\"https:\\\/\\\/antykomunistyczni.pl\\\/#organization\"},\"image\":{\"@id\":\"https:\\\/\\\/antykomunistyczni.pl\\\/index.php\\\/8-marca-1968-wiec-na-uniwersytecie-warszawskim-poczatek-studenckiego-buntu\\\/#primaryimage\"},\"thumbnailUrl\":\"https:\\\/\\\/antykomunistyczni.pl\\\/wp-content\\\/uploads\\\/2026\\\/03\\\/Marzec68.png\",\"articleSection\":[\"Aktualno\u015bci\",\"Antykomuni\u015bci\"],\"inLanguage\":\"pl-PL\"},{\"@type\":\"WebPage\",\"@id\":\"https:\\\/\\\/antykomunistyczni.pl\\\/index.php\\\/8-marca-1968-wiec-na-uniwersytecie-warszawskim-poczatek-studenckiego-buntu\\\/\",\"url\":\"https:\\\/\\\/antykomunistyczni.pl\\\/index.php\\\/8-marca-1968-wiec-na-uniwersytecie-warszawskim-poczatek-studenckiego-buntu\\\/\",\"name\":\"8 marca 1968 \u2013 wiec na Uniwersytecie Warszawskim. Pocz\u0105tek studenckiego buntu - Antykomunistyczni.pl\",\"isPartOf\":{\"@id\":\"https:\\\/\\\/antykomunistyczni.pl\\\/#website\"},\"primaryImageOfPage\":{\"@id\":\"https:\\\/\\\/antykomunistyczni.pl\\\/index.php\\\/8-marca-1968-wiec-na-uniwersytecie-warszawskim-poczatek-studenckiego-buntu\\\/#primaryimage\"},\"image\":{\"@id\":\"https:\\\/\\\/antykomunistyczni.pl\\\/index.php\\\/8-marca-1968-wiec-na-uniwersytecie-warszawskim-poczatek-studenckiego-buntu\\\/#primaryimage\"},\"thumbnailUrl\":\"https:\\\/\\\/antykomunistyczni.pl\\\/wp-content\\\/uploads\\\/2026\\\/03\\\/Marzec68.png\",\"datePublished\":\"2026-03-08T07:00:00+00:00\",\"dateModified\":\"2026-03-11T18:37:34+00:00\",\"description\":\"Wiec protestacyjny na dziedzi\u0144cu Uniwersytetu Warszawskiego rozpocz\u0105\u0142 wydarzenia marca 1968. Zgromadzenie rozpocz\u0119\u0142o si\u0119 w po\u0142udnie i szybko zgromadzi\u0142o kilka tysi\u0119cy os\u00f3b.\",\"breadcrumb\":{\"@id\":\"https:\\\/\\\/antykomunistyczni.pl\\\/index.php\\\/8-marca-1968-wiec-na-uniwersytecie-warszawskim-poczatek-studenckiego-buntu\\\/#breadcrumb\"},\"inLanguage\":\"pl-PL\",\"potentialAction\":[{\"@type\":\"ReadAction\",\"target\":[\"https:\\\/\\\/antykomunistyczni.pl\\\/index.php\\\/8-marca-1968-wiec-na-uniwersytecie-warszawskim-poczatek-studenckiego-buntu\\\/\"]}]},{\"@type\":\"ImageObject\",\"inLanguage\":\"pl-PL\",\"@id\":\"https:\\\/\\\/antykomunistyczni.pl\\\/index.php\\\/8-marca-1968-wiec-na-uniwersytecie-warszawskim-poczatek-studenckiego-buntu\\\/#primaryimage\",\"url\":\"https:\\\/\\\/antykomunistyczni.pl\\\/wp-content\\\/uploads\\\/2026\\\/03\\\/Marzec68.png\",\"contentUrl\":\"https:\\\/\\\/antykomunistyczni.pl\\\/wp-content\\\/uploads\\\/2026\\\/03\\\/Marzec68.png\",\"width\":1210,\"height\":642},{\"@type\":\"BreadcrumbList\",\"@id\":\"https:\\\/\\\/antykomunistyczni.pl\\\/index.php\\\/8-marca-1968-wiec-na-uniwersytecie-warszawskim-poczatek-studenckiego-buntu\\\/#breadcrumb\",\"itemListElement\":[{\"@type\":\"ListItem\",\"position\":1,\"name\":\"Strona g\u0142\u00f3wna\",\"item\":\"https:\\\/\\\/antykomunistyczni.pl\\\/\"},{\"@type\":\"ListItem\",\"position\":2,\"name\":\"8 marca 1968 \u2013 wiec na Uniwersytecie Warszawskim. Pocz\u0105tek studenckiego buntu\"}]},{\"@type\":\"WebSite\",\"@id\":\"https:\\\/\\\/antykomunistyczni.pl\\\/#website\",\"url\":\"https:\\\/\\\/antykomunistyczni.pl\\\/\",\"name\":\"Antykomunistyczni.pl\",\"description\":\"\",\"publisher\":{\"@id\":\"https:\\\/\\\/antykomunistyczni.pl\\\/#organization\"},\"alternateName\":\"Historia PRL, zbrodnie komunistyczne w Polsce i na \u015bwiecie\",\"potentialAction\":[{\"@type\":\"SearchAction\",\"target\":{\"@type\":\"EntryPoint\",\"urlTemplate\":\"https:\\\/\\\/antykomunistyczni.pl\\\/?s={search_term_string}\"},\"query-input\":{\"@type\":\"PropertyValueSpecification\",\"valueRequired\":true,\"valueName\":\"search_term_string\"}}],\"inLanguage\":\"pl-PL\"},{\"@type\":\"Organization\",\"@id\":\"https:\\\/\\\/antykomunistyczni.pl\\\/#organization\",\"name\":\"Antykomunistyczni.pl\",\"url\":\"https:\\\/\\\/antykomunistyczni.pl\\\/\",\"logo\":{\"@type\":\"ImageObject\",\"inLanguage\":\"pl-PL\",\"@id\":\"https:\\\/\\\/antykomunistyczni.pl\\\/#\\\/schema\\\/logo\\\/image\\\/\",\"url\":\"https:\\\/\\\/antykomunistyczni.pl\\\/wp-content\\\/uploads\\\/2026\\\/02\\\/cropped-AntykomunistyczniLogoSquare150x150-2.png\",\"contentUrl\":\"https:\\\/\\\/antykomunistyczni.pl\\\/wp-content\\\/uploads\\\/2026\\\/02\\\/cropped-AntykomunistyczniLogoSquare150x150-2.png\",\"width\":150,\"height\":150,\"caption\":\"Antykomunistyczni.pl\"},\"image\":{\"@id\":\"https:\\\/\\\/antykomunistyczni.pl\\\/#\\\/schema\\\/logo\\\/image\\\/\"},\"sameAs\":[\"https:\\\/\\\/www.facebook.com\\\/antykomunistyczni\\\/\",\"https:\\\/\\\/x.com\\\/anty_komunisci\"]},{\"@type\":\"Person\",\"@id\":\"https:\\\/\\\/antykomunistyczni.pl\\\/#\\\/schema\\\/person\\\/4963e693e8006b94062d91d1295d02a0\",\"name\":\"Antykomunistyczni\",\"image\":{\"@type\":\"ImageObject\",\"inLanguage\":\"pl-PL\",\"@id\":\"https:\\\/\\\/secure.gravatar.com\\\/avatar\\\/ff172875f9ced7887f883245268c1ba638c26cf1e0530f7f61b4705963a6730b?s=96&d=mm&r=g\",\"url\":\"https:\\\/\\\/secure.gravatar.com\\\/avatar\\\/ff172875f9ced7887f883245268c1ba638c26cf1e0530f7f61b4705963a6730b?s=96&d=mm&r=g\",\"contentUrl\":\"https:\\\/\\\/secure.gravatar.com\\\/avatar\\\/ff172875f9ced7887f883245268c1ba638c26cf1e0530f7f61b4705963a6730b?s=96&d=mm&r=g\",\"caption\":\"Antykomunistyczni\"},\"sameAs\":[\"http:\\\/\\\/antykomunistyczni.pl\"],\"url\":\"https:\\\/\\\/antykomunistyczni.pl\\\/index.php\\\/author\\\/admin0\\\/\"}]}<\/script>\n<!-- \/ Yoast SEO plugin. -->","yoast_head_json":{"title":"8 marca 1968 \u2013 wiec na Uniwersytecie Warszawskim. Pocz\u0105tek studenckiego buntu - Antykomunistyczni.pl","description":"Wiec protestacyjny na dziedzi\u0144cu Uniwersytetu Warszawskiego rozpocz\u0105\u0142 wydarzenia marca 1968. Zgromadzenie rozpocz\u0119\u0142o si\u0119 w po\u0142udnie i szybko zgromadzi\u0142o kilka tysi\u0119cy os\u00f3b.","robots":{"index":"index","follow":"follow","max-snippet":"max-snippet:-1","max-image-preview":"max-image-preview:large","max-video-preview":"max-video-preview:-1"},"canonical":"https:\/\/antykomunistyczni.pl\/index.php\/8-marca-1968-wiec-na-uniwersytecie-warszawskim-poczatek-studenckiego-buntu\/","og_locale":"pl_PL","og_type":"article","og_title":"8 marca 1968 \u2013 wiec na Uniwersytecie Warszawskim. Pocz\u0105tek studenckiego buntu - Antykomunistyczni.pl","og_description":"Wiec protestacyjny na dziedzi\u0144cu Uniwersytetu Warszawskiego rozpocz\u0105\u0142 wydarzenia marca 1968. Zgromadzenie rozpocz\u0119\u0142o si\u0119 w po\u0142udnie i szybko zgromadzi\u0142o kilka tysi\u0119cy os\u00f3b.","og_url":"https:\/\/antykomunistyczni.pl\/index.php\/8-marca-1968-wiec-na-uniwersytecie-warszawskim-poczatek-studenckiego-buntu\/","og_site_name":"Antykomunistyczni.pl","article_publisher":"https:\/\/www.facebook.com\/antykomunistyczni\/","article_published_time":"2026-03-08T07:00:00+00:00","article_modified_time":"2026-03-11T18:37:34+00:00","og_image":[{"width":1210,"height":642,"url":"https:\/\/antykomunistyczni.pl\/wp-content\/uploads\/2026\/03\/Marzec68.png","type":"image\/png"}],"author":"Antykomunistyczni","twitter_card":"summary_large_image","twitter_creator":"@anty_komunisci","twitter_site":"@anty_komunisci","twitter_misc":{"Napisane przez":"Antykomunistyczni","Szacowany czas czytania":"4 minuty"},"schema":{"@context":"https:\/\/schema.org","@graph":[{"@type":"Article","@id":"https:\/\/antykomunistyczni.pl\/index.php\/8-marca-1968-wiec-na-uniwersytecie-warszawskim-poczatek-studenckiego-buntu\/#article","isPartOf":{"@id":"https:\/\/antykomunistyczni.pl\/index.php\/8-marca-1968-wiec-na-uniwersytecie-warszawskim-poczatek-studenckiego-buntu\/"},"author":{"name":"Antykomunistyczni","@id":"https:\/\/antykomunistyczni.pl\/#\/schema\/person\/4963e693e8006b94062d91d1295d02a0"},"headline":"8 marca 1968 \u2013 wiec na Uniwersytecie Warszawskim. Pocz\u0105tek studenckiego buntu","datePublished":"2026-03-08T07:00:00+00:00","dateModified":"2026-03-11T18:37:34+00:00","mainEntityOfPage":{"@id":"https:\/\/antykomunistyczni.pl\/index.php\/8-marca-1968-wiec-na-uniwersytecie-warszawskim-poczatek-studenckiego-buntu\/"},"wordCount":584,"publisher":{"@id":"https:\/\/antykomunistyczni.pl\/#organization"},"image":{"@id":"https:\/\/antykomunistyczni.pl\/index.php\/8-marca-1968-wiec-na-uniwersytecie-warszawskim-poczatek-studenckiego-buntu\/#primaryimage"},"thumbnailUrl":"https:\/\/antykomunistyczni.pl\/wp-content\/uploads\/2026\/03\/Marzec68.png","articleSection":["Aktualno\u015bci","Antykomuni\u015bci"],"inLanguage":"pl-PL"},{"@type":"WebPage","@id":"https:\/\/antykomunistyczni.pl\/index.php\/8-marca-1968-wiec-na-uniwersytecie-warszawskim-poczatek-studenckiego-buntu\/","url":"https:\/\/antykomunistyczni.pl\/index.php\/8-marca-1968-wiec-na-uniwersytecie-warszawskim-poczatek-studenckiego-buntu\/","name":"8 marca 1968 \u2013 wiec na Uniwersytecie Warszawskim. Pocz\u0105tek studenckiego buntu - Antykomunistyczni.pl","isPartOf":{"@id":"https:\/\/antykomunistyczni.pl\/#website"},"primaryImageOfPage":{"@id":"https:\/\/antykomunistyczni.pl\/index.php\/8-marca-1968-wiec-na-uniwersytecie-warszawskim-poczatek-studenckiego-buntu\/#primaryimage"},"image":{"@id":"https:\/\/antykomunistyczni.pl\/index.php\/8-marca-1968-wiec-na-uniwersytecie-warszawskim-poczatek-studenckiego-buntu\/#primaryimage"},"thumbnailUrl":"https:\/\/antykomunistyczni.pl\/wp-content\/uploads\/2026\/03\/Marzec68.png","datePublished":"2026-03-08T07:00:00+00:00","dateModified":"2026-03-11T18:37:34+00:00","description":"Wiec protestacyjny na dziedzi\u0144cu Uniwersytetu Warszawskiego rozpocz\u0105\u0142 wydarzenia marca 1968. Zgromadzenie rozpocz\u0119\u0142o si\u0119 w po\u0142udnie i szybko zgromadzi\u0142o kilka tysi\u0119cy os\u00f3b.","breadcrumb":{"@id":"https:\/\/antykomunistyczni.pl\/index.php\/8-marca-1968-wiec-na-uniwersytecie-warszawskim-poczatek-studenckiego-buntu\/#breadcrumb"},"inLanguage":"pl-PL","potentialAction":[{"@type":"ReadAction","target":["https:\/\/antykomunistyczni.pl\/index.php\/8-marca-1968-wiec-na-uniwersytecie-warszawskim-poczatek-studenckiego-buntu\/"]}]},{"@type":"ImageObject","inLanguage":"pl-PL","@id":"https:\/\/antykomunistyczni.pl\/index.php\/8-marca-1968-wiec-na-uniwersytecie-warszawskim-poczatek-studenckiego-buntu\/#primaryimage","url":"https:\/\/antykomunistyczni.pl\/wp-content\/uploads\/2026\/03\/Marzec68.png","contentUrl":"https:\/\/antykomunistyczni.pl\/wp-content\/uploads\/2026\/03\/Marzec68.png","width":1210,"height":642},{"@type":"BreadcrumbList","@id":"https:\/\/antykomunistyczni.pl\/index.php\/8-marca-1968-wiec-na-uniwersytecie-warszawskim-poczatek-studenckiego-buntu\/#breadcrumb","itemListElement":[{"@type":"ListItem","position":1,"name":"Strona g\u0142\u00f3wna","item":"https:\/\/antykomunistyczni.pl\/"},{"@type":"ListItem","position":2,"name":"8 marca 1968 \u2013 wiec na Uniwersytecie Warszawskim. Pocz\u0105tek studenckiego buntu"}]},{"@type":"WebSite","@id":"https:\/\/antykomunistyczni.pl\/#website","url":"https:\/\/antykomunistyczni.pl\/","name":"Antykomunistyczni.pl","description":"","publisher":{"@id":"https:\/\/antykomunistyczni.pl\/#organization"},"alternateName":"Historia PRL, zbrodnie komunistyczne w Polsce i na \u015bwiecie","potentialAction":[{"@type":"SearchAction","target":{"@type":"EntryPoint","urlTemplate":"https:\/\/antykomunistyczni.pl\/?s={search_term_string}"},"query-input":{"@type":"PropertyValueSpecification","valueRequired":true,"valueName":"search_term_string"}}],"inLanguage":"pl-PL"},{"@type":"Organization","@id":"https:\/\/antykomunistyczni.pl\/#organization","name":"Antykomunistyczni.pl","url":"https:\/\/antykomunistyczni.pl\/","logo":{"@type":"ImageObject","inLanguage":"pl-PL","@id":"https:\/\/antykomunistyczni.pl\/#\/schema\/logo\/image\/","url":"https:\/\/antykomunistyczni.pl\/wp-content\/uploads\/2026\/02\/cropped-AntykomunistyczniLogoSquare150x150-2.png","contentUrl":"https:\/\/antykomunistyczni.pl\/wp-content\/uploads\/2026\/02\/cropped-AntykomunistyczniLogoSquare150x150-2.png","width":150,"height":150,"caption":"Antykomunistyczni.pl"},"image":{"@id":"https:\/\/antykomunistyczni.pl\/#\/schema\/logo\/image\/"},"sameAs":["https:\/\/www.facebook.com\/antykomunistyczni\/","https:\/\/x.com\/anty_komunisci"]},{"@type":"Person","@id":"https:\/\/antykomunistyczni.pl\/#\/schema\/person\/4963e693e8006b94062d91d1295d02a0","name":"Antykomunistyczni","image":{"@type":"ImageObject","inLanguage":"pl-PL","@id":"https:\/\/secure.gravatar.com\/avatar\/ff172875f9ced7887f883245268c1ba638c26cf1e0530f7f61b4705963a6730b?s=96&d=mm&r=g","url":"https:\/\/secure.gravatar.com\/avatar\/ff172875f9ced7887f883245268c1ba638c26cf1e0530f7f61b4705963a6730b?s=96&d=mm&r=g","contentUrl":"https:\/\/secure.gravatar.com\/avatar\/ff172875f9ced7887f883245268c1ba638c26cf1e0530f7f61b4705963a6730b?s=96&d=mm&r=g","caption":"Antykomunistyczni"},"sameAs":["http:\/\/antykomunistyczni.pl"],"url":"https:\/\/antykomunistyczni.pl\/index.php\/author\/admin0\/"}]}},"_links":{"self":[{"href":"https:\/\/antykomunistyczni.pl\/index.php\/wp-json\/wp\/v2\/posts\/838","targetHints":{"allow":["GET"]}}],"collection":[{"href":"https:\/\/antykomunistyczni.pl\/index.php\/wp-json\/wp\/v2\/posts"}],"about":[{"href":"https:\/\/antykomunistyczni.pl\/index.php\/wp-json\/wp\/v2\/types\/post"}],"author":[{"embeddable":true,"href":"https:\/\/antykomunistyczni.pl\/index.php\/wp-json\/wp\/v2\/users\/1"}],"replies":[{"embeddable":true,"href":"https:\/\/antykomunistyczni.pl\/index.php\/wp-json\/wp\/v2\/comments?post=838"}],"version-history":[{"count":4,"href":"https:\/\/antykomunistyczni.pl\/index.php\/wp-json\/wp\/v2\/posts\/838\/revisions"}],"predecessor-version":[{"id":843,"href":"https:\/\/antykomunistyczni.pl\/index.php\/wp-json\/wp\/v2\/posts\/838\/revisions\/843"}],"wp:featuredmedia":[{"embeddable":true,"href":"https:\/\/antykomunistyczni.pl\/index.php\/wp-json\/wp\/v2\/media\/839"}],"wp:attachment":[{"href":"https:\/\/antykomunistyczni.pl\/index.php\/wp-json\/wp\/v2\/media?parent=838"}],"wp:term":[{"taxonomy":"category","embeddable":true,"href":"https:\/\/antykomunistyczni.pl\/index.php\/wp-json\/wp\/v2\/categories?post=838"},{"taxonomy":"post_tag","embeddable":true,"href":"https:\/\/antykomunistyczni.pl\/index.php\/wp-json\/wp\/v2\/tags?post=838"}],"curies":[{"name":"wp","href":"https:\/\/api.w.org\/{rel}","templated":true}]}}