{"id":848,"date":"2026-03-07T08:44:11","date_gmt":"2026-03-07T07:44:11","guid":{"rendered":"https:\/\/antykomunistyczni.pl\/?p=848"},"modified":"2026-03-12T11:50:43","modified_gmt":"2026-03-12T10:50:43","slug":"zapora-nigdy-sie-nie-poddam-koncert-pamieci-mjr-hieronima-dekutowskiego","status":"publish","type":"post","link":"https:\/\/antykomunistyczni.pl\/index.php\/zapora-nigdy-sie-nie-poddam-koncert-pamieci-mjr-hieronima-dekutowskiego\/","title":{"rendered":"\u201eZapora. Nigdy si\u0119 nie poddam\u201d. Koncert pami\u0119ci mjr. Hieronima Dekutowskiego"},"content":{"rendered":"\t\t<div data-elementor-type=\"wp-post\" data-elementor-id=\"848\" class=\"elementor elementor-848\">\n\t\t\t\t<div class=\"elementor-element elementor-element-23832ce e-flex e-con-boxed e-con e-parent\" data-id=\"23832ce\" data-element_type=\"container\" data-e-type=\"container\">\n\t\t\t\t\t<div class=\"e-con-inner\">\n\t\t\t\t<div class=\"elementor-element elementor-element-721fe21 elementor-widget elementor-widget-text-editor\" data-id=\"721fe21\" data-element_type=\"widget\" data-e-type=\"widget\" data-widget_type=\"text-editor.default\">\n\t\t\t\t\t\t\t\t\t<p data-start=\"0\" data-end=\"615\">Premiera koncertu odby\u0142a si\u0119 20 lutego 2023 roku w <span class=\"hover:entity-accent entity-underline inline cursor-pointer align-baseline\"><span class=\"whitespace-normal\">Filharmonia Krakowska<\/span><\/span>. Natomiast 1 marca, w <span class=\"hover:entity-accent entity-underline inline cursor-pointer align-baseline\"><span class=\"whitespace-normal\">Narodowy Dzie\u0144 Pami\u0119ci \u017bo\u0142nierzy Wykl\u0119tych<\/span><\/span>, o godz. 19.00 w og\u00f3lnopolskim pa\u015bmie <span class=\"hover:entity-accent entity-underline inline cursor-pointer align-baseline\"><span class=\"whitespace-normal\">TVP3<\/span><\/span> wyemitowano blisko godzinny program w re\u017cyserii <span class=\"hover:entity-accent entity-underline inline cursor-pointer align-baseline\"><span class=\"whitespace-normal\">Grzegorz Sadurski<\/span><\/span>, przygotowany przez <span class=\"hover:entity-accent entity-underline inline cursor-pointer align-baseline\"><span class=\"whitespace-normal\">TVP3 Krak\u00f3w<\/span><\/span>. Jedena\u015bcie utwor\u00f3w muzycznych przeplata\u0142a fabularyzowana opowie\u015b\u0107 o losach mjr. <span class=\"hover:entity-accent entity-underline inline cursor-pointer align-baseline\"><span class=\"whitespace-normal\">Hieronim Dekutowski<\/span><\/span> \u201eZapory\u201d. W inscenizowanych scenach wyst\u0105pili <span class=\"hover:entity-accent entity-underline inline cursor-pointer align-baseline\"><span class=\"whitespace-normal\">Dariusz Wieteska<\/span><\/span> oraz <span class=\"hover:entity-accent entity-underline inline cursor-pointer align-baseline\"><span class=\"whitespace-normal\">Grupa Rekonstrukcyjno\u2011Filmowa Bemowo<\/span><\/span>.<\/p>\n<p data-start=\"617\" data-end=\"878\">\ud83c\udfb6 W koncercie jako soli\u015bci wyst\u0105pili: <span class=\"hover:entity-accent entity-underline inline cursor-pointer align-baseline\"><span class=\"whitespace-normal\">Kasia Mo\u015b<\/span><\/span>, <span class=\"hover:entity-accent entity-underline inline cursor-pointer align-baseline\"><span class=\"whitespace-normal\">Izabela Szafra\u0144ska<\/span><\/span>, <span class=\"hover:entity-accent entity-underline inline cursor-pointer align-baseline\"><span class=\"whitespace-normal\">Janusz Radek<\/span><\/span> oraz <span class=\"hover:entity-accent entity-underline inline cursor-pointer align-baseline\"><span class=\"whitespace-normal\">Staszek Plewniak<\/span><\/span>, a tak\u017ce finali\u015bci <span class=\"hover:entity-accent entity-underline inline cursor-pointer align-baseline\"><span class=\"whitespace-normal\">Og\u00f3lnopolski Festiwal Piosenki Niez\u0142omnej i Niepodleg\u0142ej im. Henryka Rasiewicza \u201eKima\u201d<\/span><\/span>.<\/p>\n<p data-start=\"880\" data-end=\"1282\">\ud83c\udfb6 Artystom towarzyszy\u0142y <span class=\"hover:entity-accent entity-underline inline cursor-pointer align-baseline\"><span class=\"whitespace-normal\">Filharmonia im. Karola Szymanowskiego w Krakowie<\/span><\/span> \u2013 ch\u00f3r i orkiestra \u2013 oraz sekcja rytmiczna: <span class=\"hover:entity-accent entity-underline inline cursor-pointer align-baseline\"><span class=\"whitespace-normal\">Marek Pawe\u0142ek<\/span><\/span> (fortepian i aran\u017cacje), <span class=\"hover:entity-accent entity-underline inline cursor-pointer align-baseline\"><span class=\"whitespace-normal\">Witold G\u00f3ral<\/span><\/span> (gitary), <span class=\"hover:entity-accent entity-underline inline cursor-pointer align-baseline\"><span class=\"whitespace-normal\">Pawe\u0142 Ku\u017amicz<\/span><\/span> (gitara basowa), <span class=\"hover:entity-accent entity-underline inline cursor-pointer align-baseline\"><span class=\"whitespace-normal\">Grzegorz Fieber<\/span><\/span> (perkusja) oraz <span class=\"hover:entity-accent entity-underline inline cursor-pointer align-baseline\"><span class=\"whitespace-normal\">Tomasz Bielecki<\/span><\/span> (instrumenty perkusyjne).<\/p>\n<p data-start=\"1284\" data-end=\"1408\">\ud83c\udfb6 Ca\u0142o\u015bci\u0105 dyrygowa\u0142 <span class=\"hover:entity-accent entity-underline inline cursor-pointer align-baseline\"><span class=\"whitespace-normal\">Janusz Wierzgacz<\/span><\/span>, autor muzyki do s\u0142\u00f3w <span class=\"hover:entity-accent entity-underline inline cursor-pointer align-baseline\"><span class=\"whitespace-normal\">Jerzy \u0141ysi\u0144ski<\/span><\/span>.<\/p>\n<p data-start=\"1410\" data-end=\"1706\">Organizatorami widowiska byli: <span class=\"hover:entity-accent entity-underline inline cursor-pointer align-baseline\"><span class=\"whitespace-normal\">Instytut Pami\u0119ci Narodowej<\/span><\/span> \u2013 Oddzia\u0142 w Krakowie, <span class=\"hover:entity-accent entity-underline inline cursor-pointer align-baseline\"><span class=\"whitespace-normal\">Stowarzyszenie Passionart<\/span><\/span>, <span class=\"hover:entity-accent entity-underline inline cursor-pointer align-baseline\"><span class=\"whitespace-normal\">Filharmonia im. Karola Szymanowskiego w Krakowie<\/span><\/span> oraz <span class=\"hover:entity-accent entity-underline inline cursor-pointer align-baseline\"><span class=\"whitespace-normal\">Muzeum \u017bo\u0142nierzy Wykl\u0119tych i Wi\u0119\u017ani\u00f3w Politycznych PRL<\/span><\/span>. Telewizyjn\u0105 realizacj\u0119 przygotowa\u0142a <span class=\"hover:entity-accent entity-underline inline cursor-pointer align-baseline\"><span class=\"whitespace-normal\">TVP3 Krak\u00f3w<\/span><\/span>.<\/p>\n<p data-start=\"1708\" data-end=\"1982\" data-is-last-node=\"\" data-is-only-node=\"\">#\u017co\u0142nierzewykl\u0119ci #\u017co\u0142nierzeniez\u0142omni #dekutowski #dekutowskizapora #mjrdekutowski #hieronimdekutowski #zaporczycy #krak\u00f3w #filharmoniakrakowska #kasiamo\u015b #januszradek #izabelaszafra\u0144ska #staszekplewniak #dariuszwieteska #koncert #IPN #NarodowyDzie\u0144Pami\u0119ci\u017bo\u0142nierzyWykl\u0119tych<\/p>\t\t\t\t\t\t\t\t<\/div>\n\t\t\t\t\t<\/div>\n\t\t\t\t<\/div>\n\t\t<div class=\"elementor-element elementor-element-2a172cec e-flex e-con-boxed e-con e-parent\" data-id=\"2a172cec\" data-element_type=\"container\" data-e-type=\"container\">\n\t\t\t\t\t<div class=\"e-con-inner\">\n\t\t\t\t<div class=\"elementor-element elementor-element-3617eecf elementor-widget elementor-widget-text-editor\" data-id=\"3617eecf\" data-element_type=\"widget\" data-e-type=\"widget\" data-widget_type=\"text-editor.default\">\n\t\t\t\t\t\t\t\t\t\n<p class=\"wp-block-paragraph\"><a href=\"https:\/\/www.youtube.com\/@ipn_krakow\"><\/a><\/p>\n\n\n\n<p class=\"wp-block-paragraph\"><\/p>\n\t\t\t\t\t\t\t\t<\/div>\n\t\t\t\t\t<\/div>\n\t\t\t\t<\/div>\n\t\t<div class=\"elementor-element elementor-element-c39d8c1 e-flex e-con-boxed e-con e-parent\" data-id=\"c39d8c1\" data-element_type=\"container\" data-e-type=\"container\">\n\t\t\t\t\t<div class=\"e-con-inner\">\n\t\t\t\t<div class=\"elementor-element elementor-element-c82715a elementor-widget elementor-widget-video\" data-id=\"c82715a\" data-element_type=\"widget\" data-e-type=\"widget\" data-settings=\"{&quot;youtube_url&quot;:&quot;https:\\\/\\\/www.youtube.com\\\/watch?v=EVyj9xP3jB8&quot;,&quot;video_type&quot;:&quot;youtube&quot;,&quot;controls&quot;:&quot;yes&quot;}\" data-widget_type=\"video.default\">\n\t\t\t\t\t\t\t<div class=\"elementor-wrapper elementor-open-inline\">\n\t\t\t<div class=\"elementor-video\"><\/div>\t\t<\/div>\n\t\t\t\t\t\t<\/div>\n\t\t\t\t\t<\/div>\n\t\t\t\t<\/div>\n\t\t\t\t<\/div>\n\t\t","protected":false},"excerpt":{"rendered":"<p>Premiera koncertu odby\u0142a si\u0119 20 lutego 2023 roku w Filharmonia Krakowska. Natomiast 1 marca, w Narodowy Dzie\u0144 Pami\u0119ci \u017bo\u0142nierzy Wykl\u0119tych, o godz. 19.00 w og\u00f3lnopolskim pa\u015bmie TVP3 wyemitowano blisko godzinny program w re\u017cyserii Grzegorz Sadurski, przygotowany przez TVP3 Krak\u00f3w. Jedena\u015bcie utwor\u00f3w muzycznych przeplata\u0142a fabularyzowana opowie\u015b\u0107 o losach mjr. Hieronim Dekutowski \u201eZapory\u201d. W inscenizowanych scenach wyst\u0105pili [&hellip;]<\/p>\n","protected":false},"author":1,"featured_media":889,"comment_status":"closed","ping_status":"closed","sticky":false,"template":"","format":"standard","meta":{"give_campaign_id":0,"footnotes":""},"categories":[22,34,38,23],"tags":[30,39,35],"class_list":["post-848","post","type-post","status-publish","format-standard","has-post-thumbnail","hentry","category-aktualnosci","category-kultura-i-sztuka","category-multimedia","category-swiadectwa","tag-antykomunisci","tag-koncerty","tag-zolnierze-wykleci"],"yoast_head":"<!-- This site is optimized with the Yoast SEO plugin v28.4 - https:\/\/yoast.com\/product\/yoast-seo-wordpress\/ -->\n<title>\u201eZapora. Nigdy si\u0119 nie poddam\u201d. Koncert pami\u0119ci mjr. Hieronima Dekutowskiego - Antykomunistyczni.pl<\/title>\n<meta name=\"robots\" content=\"index, follow, max-snippet:-1, max-image-preview:large, max-video-preview:-1\" \/>\n<link rel=\"canonical\" href=\"https:\/\/antykomunistyczni.pl\/index.php\/zapora-nigdy-sie-nie-poddam-koncert-pamieci-mjr-hieronima-dekutowskiego\/\" \/>\n<meta property=\"og:locale\" content=\"pl_PL\" \/>\n<meta property=\"og:type\" content=\"article\" \/>\n<meta property=\"og:title\" content=\"\u201eZapora. Nigdy si\u0119 nie poddam\u201d. Koncert pami\u0119ci mjr. Hieronima Dekutowskiego - Antykomunistyczni.pl\" \/>\n<meta property=\"og:description\" content=\"Premiera koncertu odby\u0142a si\u0119 20 lutego 2023 roku w Filharmonia Krakowska. Natomiast 1 marca, w Narodowy Dzie\u0144 Pami\u0119ci \u017bo\u0142nierzy Wykl\u0119tych, o godz. 19.00 w og\u00f3lnopolskim pa\u015bmie TVP3 wyemitowano blisko godzinny program w re\u017cyserii Grzegorz Sadurski, przygotowany przez TVP3 Krak\u00f3w. Jedena\u015bcie utwor\u00f3w muzycznych przeplata\u0142a fabularyzowana opowie\u015b\u0107 o losach mjr. Hieronim Dekutowski \u201eZapory\u201d. W inscenizowanych scenach wyst\u0105pili [&hellip;]\" \/>\n<meta property=\"og:url\" content=\"https:\/\/antykomunistyczni.pl\/index.php\/zapora-nigdy-sie-nie-poddam-koncert-pamieci-mjr-hieronima-dekutowskiego\/\" \/>\n<meta property=\"og:site_name\" content=\"Antykomunistyczni.pl\" \/>\n<meta property=\"article:publisher\" content=\"https:\/\/www.facebook.com\/antykomunistyczni\/\" \/>\n<meta property=\"article:published_time\" content=\"2026-03-07T07:44:11+00:00\" \/>\n<meta property=\"article:modified_time\" content=\"2026-03-12T10:50:43+00:00\" \/>\n<meta property=\"og:image\" content=\"https:\/\/antykomunistyczni.pl\/wp-content\/uploads\/2026\/03\/KoncertPamieciZapory.png\" \/>\n\t<meta property=\"og:image:width\" content=\"1996\" \/>\n\t<meta property=\"og:image:height\" content=\"1128\" \/>\n\t<meta property=\"og:image:type\" content=\"image\/png\" \/>\n<meta name=\"author\" content=\"Antykomunistyczni\" \/>\n<meta name=\"twitter:card\" content=\"summary_large_image\" \/>\n<meta name=\"twitter:creator\" content=\"@anty_komunisci\" \/>\n<meta name=\"twitter:site\" content=\"@anty_komunisci\" \/>\n<meta name=\"twitter:label1\" content=\"Napisane przez\" \/>\n\t<meta name=\"twitter:data1\" content=\"Antykomunistyczni\" \/>\n\t<meta name=\"twitter:label2\" content=\"Szacowany czas czytania\" \/>\n\t<meta name=\"twitter:data2\" content=\"2 minuty\" \/>\n<script type=\"application\/ld+json\" class=\"yoast-schema-graph\">{\"@context\":\"https:\\\/\\\/schema.org\",\"@graph\":[{\"@type\":\"Article\",\"@id\":\"https:\\\/\\\/antykomunistyczni.pl\\\/index.php\\\/zapora-nigdy-sie-nie-poddam-koncert-pamieci-mjr-hieronima-dekutowskiego\\\/#article\",\"isPartOf\":{\"@id\":\"https:\\\/\\\/antykomunistyczni.pl\\\/index.php\\\/zapora-nigdy-sie-nie-poddam-koncert-pamieci-mjr-hieronima-dekutowskiego\\\/\"},\"author\":{\"name\":\"Antykomunistyczni\",\"@id\":\"https:\\\/\\\/antykomunistyczni.pl\\\/#\\\/schema\\\/person\\\/4963e693e8006b94062d91d1295d02a0\"},\"headline\":\"\u201eZapora. Nigdy si\u0119 nie poddam\u201d. Koncert pami\u0119ci mjr. Hieronima Dekutowskiego\",\"datePublished\":\"2026-03-07T07:44:11+00:00\",\"dateModified\":\"2026-03-12T10:50:43+00:00\",\"mainEntityOfPage\":{\"@id\":\"https:\\\/\\\/antykomunistyczni.pl\\\/index.php\\\/zapora-nigdy-sie-nie-poddam-koncert-pamieci-mjr-hieronima-dekutowskiego\\\/\"},\"wordCount\":244,\"publisher\":{\"@id\":\"https:\\\/\\\/antykomunistyczni.pl\\\/#organization\"},\"image\":{\"@id\":\"https:\\\/\\\/antykomunistyczni.pl\\\/index.php\\\/zapora-nigdy-sie-nie-poddam-koncert-pamieci-mjr-hieronima-dekutowskiego\\\/#primaryimage\"},\"thumbnailUrl\":\"https:\\\/\\\/antykomunistyczni.pl\\\/wp-content\\\/uploads\\\/2026\\\/03\\\/KoncertPamieciZapory.png\",\"keywords\":[\"Antykomunisci\",\"Koncerty\",\"\u017bo\u0142nierze wykl\u0119ci\"],\"articleSection\":[\"Aktualno\u015bci\",\"Kultura i sztuka\",\"Multimedia\",\"\u015awiadectwa\"],\"inLanguage\":\"pl-PL\"},{\"@type\":\"WebPage\",\"@id\":\"https:\\\/\\\/antykomunistyczni.pl\\\/index.php\\\/zapora-nigdy-sie-nie-poddam-koncert-pamieci-mjr-hieronima-dekutowskiego\\\/\",\"url\":\"https:\\\/\\\/antykomunistyczni.pl\\\/index.php\\\/zapora-nigdy-sie-nie-poddam-koncert-pamieci-mjr-hieronima-dekutowskiego\\\/\",\"name\":\"\u201eZapora. Nigdy si\u0119 nie poddam\u201d. Koncert pami\u0119ci mjr. Hieronima Dekutowskiego - Antykomunistyczni.pl\",\"isPartOf\":{\"@id\":\"https:\\\/\\\/antykomunistyczni.pl\\\/#website\"},\"primaryImageOfPage\":{\"@id\":\"https:\\\/\\\/antykomunistyczni.pl\\\/index.php\\\/zapora-nigdy-sie-nie-poddam-koncert-pamieci-mjr-hieronima-dekutowskiego\\\/#primaryimage\"},\"image\":{\"@id\":\"https:\\\/\\\/antykomunistyczni.pl\\\/index.php\\\/zapora-nigdy-sie-nie-poddam-koncert-pamieci-mjr-hieronima-dekutowskiego\\\/#primaryimage\"},\"thumbnailUrl\":\"https:\\\/\\\/antykomunistyczni.pl\\\/wp-content\\\/uploads\\\/2026\\\/03\\\/KoncertPamieciZapory.png\",\"datePublished\":\"2026-03-07T07:44:11+00:00\",\"dateModified\":\"2026-03-12T10:50:43+00:00\",\"breadcrumb\":{\"@id\":\"https:\\\/\\\/antykomunistyczni.pl\\\/index.php\\\/zapora-nigdy-sie-nie-poddam-koncert-pamieci-mjr-hieronima-dekutowskiego\\\/#breadcrumb\"},\"inLanguage\":\"pl-PL\",\"potentialAction\":[{\"@type\":\"ReadAction\",\"target\":[\"https:\\\/\\\/antykomunistyczni.pl\\\/index.php\\\/zapora-nigdy-sie-nie-poddam-koncert-pamieci-mjr-hieronima-dekutowskiego\\\/\"]}]},{\"@type\":\"ImageObject\",\"inLanguage\":\"pl-PL\",\"@id\":\"https:\\\/\\\/antykomunistyczni.pl\\\/index.php\\\/zapora-nigdy-sie-nie-poddam-koncert-pamieci-mjr-hieronima-dekutowskiego\\\/#primaryimage\",\"url\":\"https:\\\/\\\/antykomunistyczni.pl\\\/wp-content\\\/uploads\\\/2026\\\/03\\\/KoncertPamieciZapory.png\",\"contentUrl\":\"https:\\\/\\\/antykomunistyczni.pl\\\/wp-content\\\/uploads\\\/2026\\\/03\\\/KoncertPamieciZapory.png\",\"width\":1996,\"height\":1128},{\"@type\":\"BreadcrumbList\",\"@id\":\"https:\\\/\\\/antykomunistyczni.pl\\\/index.php\\\/zapora-nigdy-sie-nie-poddam-koncert-pamieci-mjr-hieronima-dekutowskiego\\\/#breadcrumb\",\"itemListElement\":[{\"@type\":\"ListItem\",\"position\":1,\"name\":\"Strona g\u0142\u00f3wna\",\"item\":\"https:\\\/\\\/antykomunistyczni.pl\\\/\"},{\"@type\":\"ListItem\",\"position\":2,\"name\":\"\u201eZapora. Nigdy si\u0119 nie poddam\u201d. Koncert pami\u0119ci mjr. Hieronima Dekutowskiego\"}]},{\"@type\":\"WebSite\",\"@id\":\"https:\\\/\\\/antykomunistyczni.pl\\\/#website\",\"url\":\"https:\\\/\\\/antykomunistyczni.pl\\\/\",\"name\":\"Antykomunistyczni.pl\",\"description\":\"\",\"publisher\":{\"@id\":\"https:\\\/\\\/antykomunistyczni.pl\\\/#organization\"},\"alternateName\":\"Historia PRL, zbrodnie komunistyczne w Polsce i na \u015bwiecie\",\"potentialAction\":[{\"@type\":\"SearchAction\",\"target\":{\"@type\":\"EntryPoint\",\"urlTemplate\":\"https:\\\/\\\/antykomunistyczni.pl\\\/?s={search_term_string}\"},\"query-input\":{\"@type\":\"PropertyValueSpecification\",\"valueRequired\":true,\"valueName\":\"search_term_string\"}}],\"inLanguage\":\"pl-PL\"},{\"@type\":\"Organization\",\"@id\":\"https:\\\/\\\/antykomunistyczni.pl\\\/#organization\",\"name\":\"Antykomunistyczni.pl\",\"url\":\"https:\\\/\\\/antykomunistyczni.pl\\\/\",\"logo\":{\"@type\":\"ImageObject\",\"inLanguage\":\"pl-PL\",\"@id\":\"https:\\\/\\\/antykomunistyczni.pl\\\/#\\\/schema\\\/logo\\\/image\\\/\",\"url\":\"https:\\\/\\\/antykomunistyczni.pl\\\/wp-content\\\/uploads\\\/2026\\\/02\\\/cropped-AntykomunistyczniLogoSquare150x150-2.png\",\"contentUrl\":\"https:\\\/\\\/antykomunistyczni.pl\\\/wp-content\\\/uploads\\\/2026\\\/02\\\/cropped-AntykomunistyczniLogoSquare150x150-2.png\",\"width\":150,\"height\":150,\"caption\":\"Antykomunistyczni.pl\"},\"image\":{\"@id\":\"https:\\\/\\\/antykomunistyczni.pl\\\/#\\\/schema\\\/logo\\\/image\\\/\"},\"sameAs\":[\"https:\\\/\\\/www.facebook.com\\\/antykomunistyczni\\\/\",\"https:\\\/\\\/x.com\\\/anty_komunisci\"]},{\"@type\":\"Person\",\"@id\":\"https:\\\/\\\/antykomunistyczni.pl\\\/#\\\/schema\\\/person\\\/4963e693e8006b94062d91d1295d02a0\",\"name\":\"Antykomunistyczni\",\"image\":{\"@type\":\"ImageObject\",\"inLanguage\":\"pl-PL\",\"@id\":\"https:\\\/\\\/secure.gravatar.com\\\/avatar\\\/ff172875f9ced7887f883245268c1ba638c26cf1e0530f7f61b4705963a6730b?s=96&d=mm&r=g\",\"url\":\"https:\\\/\\\/secure.gravatar.com\\\/avatar\\\/ff172875f9ced7887f883245268c1ba638c26cf1e0530f7f61b4705963a6730b?s=96&d=mm&r=g\",\"contentUrl\":\"https:\\\/\\\/secure.gravatar.com\\\/avatar\\\/ff172875f9ced7887f883245268c1ba638c26cf1e0530f7f61b4705963a6730b?s=96&d=mm&r=g\",\"caption\":\"Antykomunistyczni\"},\"sameAs\":[\"http:\\\/\\\/antykomunistyczni.pl\"],\"url\":\"https:\\\/\\\/antykomunistyczni.pl\\\/index.php\\\/author\\\/admin0\\\/\"}]}<\/script>\n<!-- \/ Yoast SEO plugin. -->","yoast_head_json":{"title":"\u201eZapora. Nigdy si\u0119 nie poddam\u201d. Koncert pami\u0119ci mjr. Hieronima Dekutowskiego - Antykomunistyczni.pl","robots":{"index":"index","follow":"follow","max-snippet":"max-snippet:-1","max-image-preview":"max-image-preview:large","max-video-preview":"max-video-preview:-1"},"canonical":"https:\/\/antykomunistyczni.pl\/index.php\/zapora-nigdy-sie-nie-poddam-koncert-pamieci-mjr-hieronima-dekutowskiego\/","og_locale":"pl_PL","og_type":"article","og_title":"\u201eZapora. Nigdy si\u0119 nie poddam\u201d. Koncert pami\u0119ci mjr. Hieronima Dekutowskiego - Antykomunistyczni.pl","og_description":"Premiera koncertu odby\u0142a si\u0119 20 lutego 2023 roku w Filharmonia Krakowska. Natomiast 1 marca, w Narodowy Dzie\u0144 Pami\u0119ci \u017bo\u0142nierzy Wykl\u0119tych, o godz. 19.00 w og\u00f3lnopolskim pa\u015bmie TVP3 wyemitowano blisko godzinny program w re\u017cyserii Grzegorz Sadurski, przygotowany przez TVP3 Krak\u00f3w. Jedena\u015bcie utwor\u00f3w muzycznych przeplata\u0142a fabularyzowana opowie\u015b\u0107 o losach mjr. Hieronim Dekutowski \u201eZapory\u201d. W inscenizowanych scenach wyst\u0105pili [&hellip;]","og_url":"https:\/\/antykomunistyczni.pl\/index.php\/zapora-nigdy-sie-nie-poddam-koncert-pamieci-mjr-hieronima-dekutowskiego\/","og_site_name":"Antykomunistyczni.pl","article_publisher":"https:\/\/www.facebook.com\/antykomunistyczni\/","article_published_time":"2026-03-07T07:44:11+00:00","article_modified_time":"2026-03-12T10:50:43+00:00","og_image":[{"width":1996,"height":1128,"url":"https:\/\/antykomunistyczni.pl\/wp-content\/uploads\/2026\/03\/KoncertPamieciZapory.png","type":"image\/png"}],"author":"Antykomunistyczni","twitter_card":"summary_large_image","twitter_creator":"@anty_komunisci","twitter_site":"@anty_komunisci","twitter_misc":{"Napisane przez":"Antykomunistyczni","Szacowany czas czytania":"2 minuty"},"schema":{"@context":"https:\/\/schema.org","@graph":[{"@type":"Article","@id":"https:\/\/antykomunistyczni.pl\/index.php\/zapora-nigdy-sie-nie-poddam-koncert-pamieci-mjr-hieronima-dekutowskiego\/#article","isPartOf":{"@id":"https:\/\/antykomunistyczni.pl\/index.php\/zapora-nigdy-sie-nie-poddam-koncert-pamieci-mjr-hieronima-dekutowskiego\/"},"author":{"name":"Antykomunistyczni","@id":"https:\/\/antykomunistyczni.pl\/#\/schema\/person\/4963e693e8006b94062d91d1295d02a0"},"headline":"\u201eZapora. Nigdy si\u0119 nie poddam\u201d. Koncert pami\u0119ci mjr. Hieronima Dekutowskiego","datePublished":"2026-03-07T07:44:11+00:00","dateModified":"2026-03-12T10:50:43+00:00","mainEntityOfPage":{"@id":"https:\/\/antykomunistyczni.pl\/index.php\/zapora-nigdy-sie-nie-poddam-koncert-pamieci-mjr-hieronima-dekutowskiego\/"},"wordCount":244,"publisher":{"@id":"https:\/\/antykomunistyczni.pl\/#organization"},"image":{"@id":"https:\/\/antykomunistyczni.pl\/index.php\/zapora-nigdy-sie-nie-poddam-koncert-pamieci-mjr-hieronima-dekutowskiego\/#primaryimage"},"thumbnailUrl":"https:\/\/antykomunistyczni.pl\/wp-content\/uploads\/2026\/03\/KoncertPamieciZapory.png","keywords":["Antykomunisci","Koncerty","\u017bo\u0142nierze wykl\u0119ci"],"articleSection":["Aktualno\u015bci","Kultura i sztuka","Multimedia","\u015awiadectwa"],"inLanguage":"pl-PL"},{"@type":"WebPage","@id":"https:\/\/antykomunistyczni.pl\/index.php\/zapora-nigdy-sie-nie-poddam-koncert-pamieci-mjr-hieronima-dekutowskiego\/","url":"https:\/\/antykomunistyczni.pl\/index.php\/zapora-nigdy-sie-nie-poddam-koncert-pamieci-mjr-hieronima-dekutowskiego\/","name":"\u201eZapora. Nigdy si\u0119 nie poddam\u201d. Koncert pami\u0119ci mjr. Hieronima Dekutowskiego - Antykomunistyczni.pl","isPartOf":{"@id":"https:\/\/antykomunistyczni.pl\/#website"},"primaryImageOfPage":{"@id":"https:\/\/antykomunistyczni.pl\/index.php\/zapora-nigdy-sie-nie-poddam-koncert-pamieci-mjr-hieronima-dekutowskiego\/#primaryimage"},"image":{"@id":"https:\/\/antykomunistyczni.pl\/index.php\/zapora-nigdy-sie-nie-poddam-koncert-pamieci-mjr-hieronima-dekutowskiego\/#primaryimage"},"thumbnailUrl":"https:\/\/antykomunistyczni.pl\/wp-content\/uploads\/2026\/03\/KoncertPamieciZapory.png","datePublished":"2026-03-07T07:44:11+00:00","dateModified":"2026-03-12T10:50:43+00:00","breadcrumb":{"@id":"https:\/\/antykomunistyczni.pl\/index.php\/zapora-nigdy-sie-nie-poddam-koncert-pamieci-mjr-hieronima-dekutowskiego\/#breadcrumb"},"inLanguage":"pl-PL","potentialAction":[{"@type":"ReadAction","target":["https:\/\/antykomunistyczni.pl\/index.php\/zapora-nigdy-sie-nie-poddam-koncert-pamieci-mjr-hieronima-dekutowskiego\/"]}]},{"@type":"ImageObject","inLanguage":"pl-PL","@id":"https:\/\/antykomunistyczni.pl\/index.php\/zapora-nigdy-sie-nie-poddam-koncert-pamieci-mjr-hieronima-dekutowskiego\/#primaryimage","url":"https:\/\/antykomunistyczni.pl\/wp-content\/uploads\/2026\/03\/KoncertPamieciZapory.png","contentUrl":"https:\/\/antykomunistyczni.pl\/wp-content\/uploads\/2026\/03\/KoncertPamieciZapory.png","width":1996,"height":1128},{"@type":"BreadcrumbList","@id":"https:\/\/antykomunistyczni.pl\/index.php\/zapora-nigdy-sie-nie-poddam-koncert-pamieci-mjr-hieronima-dekutowskiego\/#breadcrumb","itemListElement":[{"@type":"ListItem","position":1,"name":"Strona g\u0142\u00f3wna","item":"https:\/\/antykomunistyczni.pl\/"},{"@type":"ListItem","position":2,"name":"\u201eZapora. Nigdy si\u0119 nie poddam\u201d. Koncert pami\u0119ci mjr. Hieronima Dekutowskiego"}]},{"@type":"WebSite","@id":"https:\/\/antykomunistyczni.pl\/#website","url":"https:\/\/antykomunistyczni.pl\/","name":"Antykomunistyczni.pl","description":"","publisher":{"@id":"https:\/\/antykomunistyczni.pl\/#organization"},"alternateName":"Historia PRL, zbrodnie komunistyczne w Polsce i na \u015bwiecie","potentialAction":[{"@type":"SearchAction","target":{"@type":"EntryPoint","urlTemplate":"https:\/\/antykomunistyczni.pl\/?s={search_term_string}"},"query-input":{"@type":"PropertyValueSpecification","valueRequired":true,"valueName":"search_term_string"}}],"inLanguage":"pl-PL"},{"@type":"Organization","@id":"https:\/\/antykomunistyczni.pl\/#organization","name":"Antykomunistyczni.pl","url":"https:\/\/antykomunistyczni.pl\/","logo":{"@type":"ImageObject","inLanguage":"pl-PL","@id":"https:\/\/antykomunistyczni.pl\/#\/schema\/logo\/image\/","url":"https:\/\/antykomunistyczni.pl\/wp-content\/uploads\/2026\/02\/cropped-AntykomunistyczniLogoSquare150x150-2.png","contentUrl":"https:\/\/antykomunistyczni.pl\/wp-content\/uploads\/2026\/02\/cropped-AntykomunistyczniLogoSquare150x150-2.png","width":150,"height":150,"caption":"Antykomunistyczni.pl"},"image":{"@id":"https:\/\/antykomunistyczni.pl\/#\/schema\/logo\/image\/"},"sameAs":["https:\/\/www.facebook.com\/antykomunistyczni\/","https:\/\/x.com\/anty_komunisci"]},{"@type":"Person","@id":"https:\/\/antykomunistyczni.pl\/#\/schema\/person\/4963e693e8006b94062d91d1295d02a0","name":"Antykomunistyczni","image":{"@type":"ImageObject","inLanguage":"pl-PL","@id":"https:\/\/secure.gravatar.com\/avatar\/ff172875f9ced7887f883245268c1ba638c26cf1e0530f7f61b4705963a6730b?s=96&d=mm&r=g","url":"https:\/\/secure.gravatar.com\/avatar\/ff172875f9ced7887f883245268c1ba638c26cf1e0530f7f61b4705963a6730b?s=96&d=mm&r=g","contentUrl":"https:\/\/secure.gravatar.com\/avatar\/ff172875f9ced7887f883245268c1ba638c26cf1e0530f7f61b4705963a6730b?s=96&d=mm&r=g","caption":"Antykomunistyczni"},"sameAs":["http:\/\/antykomunistyczni.pl"],"url":"https:\/\/antykomunistyczni.pl\/index.php\/author\/admin0\/"}]}},"_links":{"self":[{"href":"https:\/\/antykomunistyczni.pl\/index.php\/wp-json\/wp\/v2\/posts\/848","targetHints":{"allow":["GET"]}}],"collection":[{"href":"https:\/\/antykomunistyczni.pl\/index.php\/wp-json\/wp\/v2\/posts"}],"about":[{"href":"https:\/\/antykomunistyczni.pl\/index.php\/wp-json\/wp\/v2\/types\/post"}],"author":[{"embeddable":true,"href":"https:\/\/antykomunistyczni.pl\/index.php\/wp-json\/wp\/v2\/users\/1"}],"replies":[{"embeddable":true,"href":"https:\/\/antykomunistyczni.pl\/index.php\/wp-json\/wp\/v2\/comments?post=848"}],"version-history":[{"count":7,"href":"https:\/\/antykomunistyczni.pl\/index.php\/wp-json\/wp\/v2\/posts\/848\/revisions"}],"predecessor-version":[{"id":888,"href":"https:\/\/antykomunistyczni.pl\/index.php\/wp-json\/wp\/v2\/posts\/848\/revisions\/888"}],"wp:featuredmedia":[{"embeddable":true,"href":"https:\/\/antykomunistyczni.pl\/index.php\/wp-json\/wp\/v2\/media\/889"}],"wp:attachment":[{"href":"https:\/\/antykomunistyczni.pl\/index.php\/wp-json\/wp\/v2\/media?parent=848"}],"wp:term":[{"taxonomy":"category","embeddable":true,"href":"https:\/\/antykomunistyczni.pl\/index.php\/wp-json\/wp\/v2\/categories?post=848"},{"taxonomy":"post_tag","embeddable":true,"href":"https:\/\/antykomunistyczni.pl\/index.php\/wp-json\/wp\/v2\/tags?post=848"}],"curies":[{"name":"wp","href":"https:\/\/api.w.org\/{rel}","templated":true}]}}