{"id":856,"date":"2026-03-07T09:38:35","date_gmt":"2026-03-07T08:38:35","guid":{"rendered":"https:\/\/antykomunistyczni.pl\/?p=856"},"modified":"2026-03-12T11:44:31","modified_gmt":"2026-03-12T10:44:31","slug":"piosenki-antykomunistyczne","status":"publish","type":"post","link":"https:\/\/antykomunistyczni.pl\/index.php\/piosenki-antykomunistyczne\/","title":{"rendered":"Piosenki Antykomunistyczne"},"content":{"rendered":"\t\t<div data-elementor-type=\"wp-post\" data-elementor-id=\"856\" class=\"elementor elementor-856\">\n\t\t\t\t<div class=\"elementor-element elementor-element-81170cb e-flex e-con-boxed e-con e-parent\" data-id=\"81170cb\" data-element_type=\"container\" data-e-type=\"container\">\n\t\t\t\t\t<div class=\"e-con-inner\">\n\t\t\t\t<div class=\"elementor-element elementor-element-6322c33 elementor-widget elementor-widget-text-editor\" data-id=\"6322c33\" data-element_type=\"widget\" data-e-type=\"widget\" data-widget_type=\"text-editor.default\">\n\t\t\t\t\t\t\t\t\t<h3 class=\"wp-block-heading\"><\/h3>\n<h2><span style=\"color: #000000;\"><strong>Piosenki Antykomunistyczne \u2013 bro\u0144 kultury przeciwko czerwonej utopii<\/strong><\/span><\/h2>\n<h3 class=\"wp-block-heading\"><span style=\"color: #000000;\"><\/span><\/h3>\n<p class=\"wp-block-paragraph\"><span style=\"color: #000000;\">Komunizm nie jest tylko reliktem przesz\u0142o\u015bci \u2013 odradza si\u0119 w nostalgicznych memach, has\u0142ach \u201esprawiedliwo\u015bci spo\u0142ecznej\u201d, krytyce \u201ekapitalistycznego wyzysku\u201d i romantyzacji kolektywizmu na platformach m\u0142odych. Dlatego wracamy do muzyki, kt\u00f3ra kiedy\u015b obala\u0142a system, a dzi\u015b przypomina, ile krwi i cierpienia kosztowa\u0142a czerwona ideologia.<\/span><\/p>\n<h3 class=\"wp-block-heading\"><span style=\"color: #000000;\"><\/span><\/h3>\n<p class=\"wp-block-paragraph\"><span style=\"color: #000000;\">Ta strona to nie tylko lista \u2013 to przypomnienie, \u017ce s\u0142owa i d\u017awi\u0119ki potrafi\u0142y burzy\u0107 mury totalitaryzmu. Muzyka z podziemia, hymny oporu, utwory, kt\u00f3re nie ba\u0142y si\u0119 m\u00f3wi\u0107 prawdy w czasach, gdy za prawd\u0119 grozi\u0142a cela lub gorsze.<\/span><\/p>\n<h3 class=\"wp-block-heading\"><span style=\"color: #000000;\"><\/span><\/h3>\n<p class=\"wp-block-paragraph\"><span style=\"color: #000000;\"><strong>Dlaczego warto wraca\u0107 do tych piosenek dzi\u015b?<\/strong><\/span><\/p>\n<h3 class=\"wp-block-heading\"><span style=\"color: #000000;\"><\/span><\/h3>\n<ul class=\"wp-block-list\">\n<li><span style=\"color: #000000;\">Przypominaj\u0105 mechanizmy propagandy, k\u0142amstwa i terroru, kt\u00f3re wracaj\u0105 w nowej, \u201epost\u0119powej\u201d szacie.<\/span><\/li>\n\n<li><span style=\"color: #000000;\">Pokazuj\u0105, \u017ce wolno\u015b\u0107 nie jest dana raz na zawsze \u2013 trzeba o ni\u0105 walczy\u0107, tak\u017ce kultur\u0105.<\/span><\/li>\n\n<li><span style=\"color: #000000;\">S\u0105 antidotum na dzisiejsz\u0105 nostalgi\u0119 za \u201epewnym pa\u0144stwem opieku\u0144czym\u201d, kt\u00f3re w praktyce oznacza\u0142o g\u0142\u00f3d, cenzur\u0119 i strach.<\/span><\/li>\n\n<li><span style=\"color: #000000;\">Pomagaj\u0105 m\u0142odemu pokoleniu zrozumie\u0107, dlaczego antykomunizm nie jest \u201eprzestarza\u0142\u0105 ideologi\u0105\u201d, tylko lekcj\u0105 historii.<\/span><\/li>\n<\/ul>\n<h3 class=\"wp-block-heading\"><span style=\"color: #000000;\"><\/span><\/h3>\n<p class=\"wp-block-paragraph\"><span style=\"color: #000000;\"><strong>Co znajdziesz na stronie?<\/strong><\/span><\/p>\n<h3 class=\"wp-block-heading\"><span style=\"color: #000000;\"><\/span><\/h3>\n<ul class=\"wp-block-list\">\n<li><span style=\"color: #000000;\">Klasyki z epoki Solidarno\u015bci i opozycji demokratycznej \u2013 pie\u015bni, kt\u00f3re nios\u0142y nadziej\u0119 w najczarniejszych latach.<\/span><\/li>\n\n<li><span style=\"color: #000000;\">Utwory oddaj\u0105ce ho\u0142d \u017bo\u0142nierzom Wykl\u0119tym i antykomunistycznemu podziemiu \u2013 symbol niez\u0142omno\u015bci.<\/span><\/li>\n\n<li><span style=\"color: #000000;\">Wsp\u00f3\u0142czesne kompozycje, kt\u00f3re kontynuuj\u0105 tradycj\u0119 \u2013 bez autocenzury, wprost i ostro.<\/span><\/li>\n\n<li><span style=\"color: #000000;\">Mi\u0119dzynarodowe akcenty \u2013 kawa\u0142ki, kt\u00f3re w r\u00f3\u017cnych krajach demaskowa\u0142y ten sam totalitarny mechanizm.<\/span><\/li>\n<\/ul>\n<h3 class=\"wp-block-heading\"><span style=\"color: #000000;\"><\/span><\/h3>\n<p class=\"wp-block-paragraph\"><span style=\"color: #000000;\">S\u0142uchaj, udost\u0119pniaj, tw\u00f3rz playlisty.<\/span><br \/><span style=\"color: #000000;\">Niech te piosenki brzmi\u0105 g\u0142o\u015bno \u2013 zw\u0142aszcza w\u015br\u00f3d tych, kt\u00f3rzy nigdy nie do\u015bwiadczyli realnego \u201eraju robotnik\u00f3w\u201d.<\/span><\/p>\n<h3 class=\"wp-block-heading\"><span style=\"color: #000000;\"><\/span><\/h3>\n<p class=\"wp-block-paragraph\"><span style=\"color: #000000;\">Muzyka by\u0142a, jest i b\u0119dzie jedn\u0105 z najskuteczniejszych broni w walce o wolno\u015b\u0107 umys\u0142\u00f3w.<\/span><\/p>\n<h3 class=\"wp-block-heading\"><span style=\"color: #000000;\"><\/span><\/h3>\n<p class=\"wp-block-paragraph\"><span style=\"color: #000000;\"><strong>S\u0142uchaj i pami\u0119taj:<\/strong><\/span><\/p>\n<h3 class=\"wp-block-heading\"><\/h3>\n<h3 class=\"wp-block-heading\"><\/h3>\t\t\t\t\t\t\t\t<\/div>\n\t\t\t\t\t<\/div>\n\t\t\t\t<\/div>\n\t\t<div class=\"elementor-element elementor-element-518c4426 e-flex e-con-boxed e-con e-parent\" data-id=\"518c4426\" data-element_type=\"container\" data-e-type=\"container\">\n\t\t\t\t\t<div class=\"e-con-inner\">\n\t\t\t\t<div class=\"elementor-element elementor-element-258d2bed elementor-widget elementor-widget-text-editor\" data-id=\"258d2bed\" data-element_type=\"widget\" data-e-type=\"widget\" data-widget_type=\"text-editor.default\">\n\t\t\t\t\t\t\t\t\t<div class=\"epyt-gallery\" data-currpage=\"1\" id=\"epyt_gallery_53965\"><figure class=\"wp-block-embed wp-block-embed-youtube is-type-video is-provider-youtube epyt-figure\"><div class=\"wp-block-embed__wrapper\"><iframe  id=\"_ytid_89223\"  width=\"800\" height=\"450\"  data-origwidth=\"800\" data-origheight=\"450\" src=\"https:\/\/www.youtube.com\/embed\/0exndjRGdiw?enablejsapi=1&autoplay=0&cc_load_policy=0&cc_lang_pref=&iv_load_policy=1&loop=0&rel=1&fs=1&playsinline=0&autohide=2&theme=dark&color=red&controls=1&disablekb=0&\" class=\"__youtube_prefs__  no-lazyload\" title=\"YouTube player\"  data-epytgalleryid=\"epyt_gallery_53965\"  allow=\"fullscreen; accelerometer; autoplay; clipboard-write; encrypted-media; gyroscope; picture-in-picture; web-share\" referrerpolicy=\"strict-origin-when-cross-origin\" allowfullscreen data-no-lazy=\"1\" data-skipgform_ajax_framebjll=\"\"><\/iframe><\/div><\/figure><div class=\"epyt-gallery-list\"><div class=\"epyt-pagination \"><div tabindex=\"0\" role=\"button\" class=\"epyt-pagebutton epyt-prev  hide \" data-playlistid=\"PLCZxAor2XO5k3e4jW1kQzMa-FQ8siW3X7\" data-pagesize=\"15\" data-pagetoken=\"\" data-epcolumns=\"3\" data-showtitle=\"1\" data-showpaging=\"1\" data-autonext=\"0\" data-thumbplay=\"1\"><div class=\"epyt-arrow\">&laquo;<\/div> <div>Prev<\/div><\/div><div class=\"epyt-pagenumbers \"><div class=\"epyt-current\">1<\/div><div class=\"epyt-pageseparator\"> \/ <\/div><div class=\"epyt-totalpages\">4<\/div><\/div><div tabindex=\"0\" role=\"button\" class=\"epyt-pagebutton epyt-next\" data-playlistid=\"PLCZxAor2XO5k3e4jW1kQzMa-FQ8siW3X7\" data-pagesize=\"15\" data-pagetoken=\"EAAaHlBUOkNBOGlFRFZCTmpWRFJURXhOVUk0TnpNMU9FUQ\" data-epcolumns=\"3\" data-showtitle=\"1\" data-showpaging=\"1\" data-autonext=\"0\" data-thumbplay=\"1\"><div>Next<\/div> <div class=\"epyt-arrow\">&raquo;<\/div><\/div><div class=\"epyt-loader\"><img decoding=\"async\" alt=\"loading\" width=\"16\" height=\"11\" src=\"https:\/\/antykomunistyczni.pl\/wp-content\/plugins\/youtube-embed-plus\/images\/gallery-page-loader.gif\"><\/div><\/div><div class=\"epyt-gallery-allthumbs  epyt-cols-3 \"><div tabindex=\"0\" role=\"button\" data-videoid=\"0exndjRGdiw\" class=\"epyt-gallery-thumb\"><div class=\"epyt-gallery-img-box\"><div class=\"epyt-gallery-img\" style=\"background-image: url(https:\/\/i.ytimg.com\/vi\/0exndjRGdiw\/hqdefault.jpg)\"><div class=\"epyt-gallery-playhover\"><img decoding=\"async\" alt=\"play\" class=\"epyt-play-img\" width=\"30\" height=\"23\" src=\"https:\/\/antykomunistyczni.pl\/wp-content\/plugins\/youtube-embed-plus\/images\/playhover.png\" data-no-lazy=\"1\" data-skipgform_ajax_framebjll=\"\" \/><div class=\"epyt-gallery-playcrutch\"><\/div><\/div><\/div><\/div><div class=\"epyt-gallery-title\">Nie chcemy komuny - pie\u015b\u0144<\/div><\/div><div tabindex=\"0\" role=\"button\" data-videoid=\"cluvCj0nvpg\" class=\"epyt-gallery-thumb\"><div class=\"epyt-gallery-img-box\"><div class=\"epyt-gallery-img\" style=\"background-image: url(https:\/\/i.ytimg.com\/vi\/cluvCj0nvpg\/hqdefault.jpg)\"><div class=\"epyt-gallery-playhover\"><img decoding=\"async\" alt=\"play\" class=\"epyt-play-img\" width=\"30\" height=\"23\" src=\"https:\/\/antykomunistyczni.pl\/wp-content\/plugins\/youtube-embed-plus\/images\/playhover.png\" data-no-lazy=\"1\" data-skipgform_ajax_framebjll=\"\" \/><div class=\"epyt-gallery-playcrutch\"><\/div><\/div><\/div><\/div><div class=\"epyt-gallery-title\">Przemys\u0142aw Gintrowski Pot\u0119ga smaku<\/div><\/div><div tabindex=\"0\" role=\"button\" data-videoid=\"TgX0c3Q_1pE\" class=\"epyt-gallery-thumb\"><div class=\"epyt-gallery-img-box\"><div class=\"epyt-gallery-img\" style=\"background-image: url(https:\/\/i.ytimg.com\/vi\/TgX0c3Q_1pE\/hqdefault.jpg)\"><div class=\"epyt-gallery-playhover\"><img decoding=\"async\" alt=\"play\" class=\"epyt-play-img\" width=\"30\" height=\"23\" src=\"https:\/\/antykomunistyczni.pl\/wp-content\/plugins\/youtube-embed-plus\/images\/playhover.png\" data-no-lazy=\"1\" data-skipgform_ajax_framebjll=\"\" \/><div class=\"epyt-gallery-playcrutch\"><\/div><\/div><\/div><\/div><div class=\"epyt-gallery-title\">Pigdriver- Nie chcemy komuny &amp; Wo\u0142y\u0144 p\u0142onie- promo<\/div><\/div><div class=\"epyt-gallery-rowbreak\"><\/div><div tabindex=\"0\" role=\"button\" data-videoid=\"K_9W_weIzKI\" class=\"epyt-gallery-thumb\"><div class=\"epyt-gallery-img-box\"><div class=\"epyt-gallery-img\" style=\"background-image: url(https:\/\/i.ytimg.com\/vi\/K_9W_weIzKI\/hqdefault.jpg)\"><div class=\"epyt-gallery-playhover\"><img decoding=\"async\" alt=\"play\" class=\"epyt-play-img\" width=\"30\" height=\"23\" src=\"https:\/\/antykomunistyczni.pl\/wp-content\/plugins\/youtube-embed-plus\/images\/playhover.png\" data-no-lazy=\"1\" data-skipgform_ajax_framebjll=\"\" \/><div class=\"epyt-gallery-playcrutch\"><\/div><\/div><\/div><\/div><div class=\"epyt-gallery-title\">Pigdriver- Nie chcemy komuny<\/div><\/div><div tabindex=\"0\" role=\"button\" data-videoid=\"MA1fRXIbj8I\" class=\"epyt-gallery-thumb\"><div class=\"epyt-gallery-img-box\"><div class=\"epyt-gallery-img\" style=\"background-image: url(https:\/\/i.ytimg.com\/vi\/MA1fRXIbj8I\/hqdefault.jpg)\"><div class=\"epyt-gallery-playhover\"><img decoding=\"async\" alt=\"play\" class=\"epyt-play-img\" width=\"30\" height=\"23\" src=\"https:\/\/antykomunistyczni.pl\/wp-content\/plugins\/youtube-embed-plus\/images\/playhover.png\" data-no-lazy=\"1\" data-skipgform_ajax_framebjll=\"\" \/><div class=\"epyt-gallery-playcrutch\"><\/div><\/div><\/div><\/div><div class=\"epyt-gallery-title\">Czerwone skurwysyny<\/div><\/div><div tabindex=\"0\" role=\"button\" data-videoid=\"KWW0MEX7oUA\" class=\"epyt-gallery-thumb\"><div class=\"epyt-gallery-img-box\"><div class=\"epyt-gallery-img\" style=\"background-image: url(https:\/\/i.ytimg.com\/vi\/KWW0MEX7oUA\/hqdefault.jpg)\"><div class=\"epyt-gallery-playhover\"><img decoding=\"async\" alt=\"play\" class=\"epyt-play-img\" width=\"30\" height=\"23\" src=\"https:\/\/antykomunistyczni.pl\/wp-content\/plugins\/youtube-embed-plus\/images\/playhover.png\" data-no-lazy=\"1\" data-skipgform_ajax_framebjll=\"\" \/><div class=\"epyt-gallery-playcrutch\"><\/div><\/div><\/div><\/div><div class=\"epyt-gallery-title\">13 Grudnia - &quot;Zielona WRON-a&quot;<\/div><\/div><div class=\"epyt-gallery-rowbreak\"><\/div><div tabindex=\"0\" role=\"button\" data-videoid=\"NF_krWMsl28\" class=\"epyt-gallery-thumb\"><div class=\"epyt-gallery-img-box\"><div class=\"epyt-gallery-img\" style=\"background-image: url(https:\/\/i.ytimg.com\/vi\/NF_krWMsl28\/hqdefault.jpg)\"><div class=\"epyt-gallery-playhover\"><img decoding=\"async\" alt=\"play\" class=\"epyt-play-img\" width=\"30\" height=\"23\" src=\"https:\/\/antykomunistyczni.pl\/wp-content\/plugins\/youtube-embed-plus\/images\/playhover.png\" data-no-lazy=\"1\" data-skipgform_ajax_framebjll=\"\" \/><div class=\"epyt-gallery-playcrutch\"><\/div><\/div><\/div><\/div><div class=\"epyt-gallery-title\">De Press - Or\u0142a Wrona Nie pokona<\/div><\/div><div tabindex=\"0\" role=\"button\" data-videoid=\"KBhwsSaVGU0\" class=\"epyt-gallery-thumb\"><div class=\"epyt-gallery-img-box\"><div class=\"epyt-gallery-img\" style=\"background-image: url(https:\/\/i.ytimg.com\/vi\/KBhwsSaVGU0\/hqdefault.jpg)\"><div class=\"epyt-gallery-playhover\"><img decoding=\"async\" alt=\"play\" class=\"epyt-play-img\" width=\"30\" height=\"23\" src=\"https:\/\/antykomunistyczni.pl\/wp-content\/plugins\/youtube-embed-plus\/images\/playhover.png\" data-no-lazy=\"1\" data-skipgform_ajax_framebjll=\"\" \/><div class=\"epyt-gallery-playcrutch\"><\/div><\/div><\/div><\/div><div class=\"epyt-gallery-title\">DePress - Marsz Oddzia\u0142u Zapory<\/div><\/div><div tabindex=\"0\" role=\"button\" data-videoid=\"cPy4_P5j9ow\" class=\"epyt-gallery-thumb\"><div class=\"epyt-gallery-img-box\"><div class=\"epyt-gallery-img\" style=\"background-image: url(https:\/\/i.ytimg.com\/vi\/cPy4_P5j9ow\/hqdefault.jpg)\"><div class=\"epyt-gallery-playhover\"><img decoding=\"async\" alt=\"play\" class=\"epyt-play-img\" width=\"30\" height=\"23\" src=\"https:\/\/antykomunistyczni.pl\/wp-content\/plugins\/youtube-embed-plus\/images\/playhover.png\" data-no-lazy=\"1\" data-skipgform_ajax_framebjll=\"\" \/><div class=\"epyt-gallery-playcrutch\"><\/div><\/div><\/div><\/div><div class=\"epyt-gallery-title\">&quot;Bluzg&quot; czyli \u017byczenia dla Genera\u0142a<\/div><\/div><div class=\"epyt-gallery-rowbreak\"><\/div><div tabindex=\"0\" role=\"button\" data-videoid=\"FK05Xqtt71M\" class=\"epyt-gallery-thumb\"><div class=\"epyt-gallery-img-box\"><div class=\"epyt-gallery-img\" style=\"background-image: url(https:\/\/i.ytimg.com\/vi\/FK05Xqtt71M\/hqdefault.jpg)\"><div class=\"epyt-gallery-playhover\"><img decoding=\"async\" alt=\"play\" class=\"epyt-play-img\" width=\"30\" height=\"23\" src=\"https:\/\/antykomunistyczni.pl\/wp-content\/plugins\/youtube-embed-plus\/images\/playhover.png\" data-no-lazy=\"1\" data-skipgform_ajax_framebjll=\"\" \/><div class=\"epyt-gallery-playcrutch\"><\/div><\/div><\/div><\/div><div class=\"epyt-gallery-title\">\u017beby Polska by\u0142a polsk\u0105<\/div><\/div><div tabindex=\"0\" role=\"button\" data-videoid=\"GqJjiAXnWdQ\" class=\"epyt-gallery-thumb\"><div class=\"epyt-gallery-img-box\"><div class=\"epyt-gallery-img\" style=\"background-image: url(https:\/\/i.ytimg.com\/vi\/GqJjiAXnWdQ\/hqdefault.jpg)\"><div class=\"epyt-gallery-playhover\"><img decoding=\"async\" alt=\"play\" class=\"epyt-play-img\" width=\"30\" height=\"23\" src=\"https:\/\/antykomunistyczni.pl\/wp-content\/plugins\/youtube-embed-plus\/images\/playhover.png\" data-no-lazy=\"1\" data-skipgform_ajax_framebjll=\"\" \/><div class=\"epyt-gallery-playcrutch\"><\/div><\/div><\/div><\/div><div class=\"epyt-gallery-title\">Ja\u0142ta - Jacek Kaczmarski<\/div><\/div><div tabindex=\"0\" role=\"button\" data-videoid=\"5UB1hlbDLuo\" class=\"epyt-gallery-thumb\"><div class=\"epyt-gallery-img-box\"><div class=\"epyt-gallery-img\" style=\"background-image: url(https:\/\/i.ytimg.com\/vi\/5UB1hlbDLuo\/hqdefault.jpg)\"><div class=\"epyt-gallery-playhover\"><img decoding=\"async\" alt=\"play\" class=\"epyt-play-img\" width=\"30\" height=\"23\" src=\"https:\/\/antykomunistyczni.pl\/wp-content\/plugins\/youtube-embed-plus\/images\/playhover.png\" data-no-lazy=\"1\" data-skipgform_ajax_framebjll=\"\" \/><div class=\"epyt-gallery-playcrutch\"><\/div><\/div><\/div><\/div><div class=\"epyt-gallery-title\">17 wrze\u015bnia 1939 - Ballada wrze\u015bniowa Jacek Kaczmarski<\/div><\/div><div class=\"epyt-gallery-rowbreak\"><\/div><div tabindex=\"0\" role=\"button\" data-videoid=\"2k8D_t0fpx8\" class=\"epyt-gallery-thumb\"><div class=\"epyt-gallery-img-box\"><div class=\"epyt-gallery-img\" style=\"background-image: url(https:\/\/i.ytimg.com\/vi\/2k8D_t0fpx8\/hqdefault.jpg)\"><div class=\"epyt-gallery-playhover\"><img decoding=\"async\" alt=\"play\" class=\"epyt-play-img\" width=\"30\" height=\"23\" src=\"https:\/\/antykomunistyczni.pl\/wp-content\/plugins\/youtube-embed-plus\/images\/playhover.png\" data-no-lazy=\"1\" data-skipgform_ajax_framebjll=\"\" \/><div class=\"epyt-gallery-playcrutch\"><\/div><\/div><\/div><\/div><div class=\"epyt-gallery-title\">Rewolucyjna NSZ (Schmaletz - Dla Narodowych Si\u0142 Zbrojnych)<\/div><\/div><div tabindex=\"0\" role=\"button\" data-videoid=\"P2AcXY1Jz2I\" class=\"epyt-gallery-thumb\"><div class=\"epyt-gallery-img-box\"><div class=\"epyt-gallery-img\" style=\"background-image: url(https:\/\/i.ytimg.com\/vi\/P2AcXY1Jz2I\/hqdefault.jpg)\"><div class=\"epyt-gallery-playhover\"><img decoding=\"async\" alt=\"play\" class=\"epyt-play-img\" width=\"30\" height=\"23\" src=\"https:\/\/antykomunistyczni.pl\/wp-content\/plugins\/youtube-embed-plus\/images\/playhover.png\" data-no-lazy=\"1\" data-skipgform_ajax_framebjll=\"\" \/><div class=\"epyt-gallery-playcrutch\"><\/div><\/div><\/div><\/div><div class=\"epyt-gallery-title\">Piersi  Powr\u00f3\u0107 \u017ce komuno<\/div><\/div><div tabindex=\"0\" role=\"button\" data-videoid=\"G6yos2F_gAU\" class=\"epyt-gallery-thumb\"><div class=\"epyt-gallery-img-box\"><div class=\"epyt-gallery-img\" style=\"background-image: url(https:\/\/i.ytimg.com\/vi\/G6yos2F_gAU\/hqdefault.jpg)\"><div class=\"epyt-gallery-playhover\"><img decoding=\"async\" alt=\"play\" class=\"epyt-play-img\" width=\"30\" height=\"23\" src=\"https:\/\/antykomunistyczni.pl\/wp-content\/plugins\/youtube-embed-plus\/images\/playhover.png\" data-no-lazy=\"1\" data-skipgform_ajax_framebjll=\"\" \/><div class=\"epyt-gallery-playcrutch\"><\/div><\/div><\/div><\/div><div class=\"epyt-gallery-title\">Przemys\u0142aw Gintrowski - &quot;Odpowied\u017a&quot;<\/div><\/div><div class=\"epyt-gallery-rowbreak\"><\/div><div class=\"epyt-gallery-clear\"><\/div><\/div><div class=\"epyt-pagination \"><div tabindex=\"0\" role=\"button\" class=\"epyt-pagebutton epyt-prev  hide \" data-playlistid=\"PLCZxAor2XO5k3e4jW1kQzMa-FQ8siW3X7\" data-pagesize=\"15\" data-pagetoken=\"\" data-epcolumns=\"3\" data-showtitle=\"1\" data-showpaging=\"1\" data-autonext=\"0\" data-thumbplay=\"1\"><div class=\"epyt-arrow\">&laquo;<\/div> <div>Prev<\/div><\/div><div class=\"epyt-pagenumbers \"><div class=\"epyt-current\">1<\/div><div class=\"epyt-pageseparator\"> \/ <\/div><div class=\"epyt-totalpages\">4<\/div><\/div><div tabindex=\"0\" role=\"button\" class=\"epyt-pagebutton epyt-next\" data-playlistid=\"PLCZxAor2XO5k3e4jW1kQzMa-FQ8siW3X7\" data-pagesize=\"15\" data-pagetoken=\"EAAaHlBUOkNBOGlFRFZCTmpWRFJURXhOVUk0TnpNMU9FUQ\" data-epcolumns=\"3\" data-showtitle=\"1\" data-showpaging=\"1\" data-autonext=\"0\" data-thumbplay=\"1\"><div>Next<\/div> <div class=\"epyt-arrow\">&raquo;<\/div><\/div><div class=\"epyt-loader\"><img decoding=\"async\" alt=\"loading\" width=\"16\" height=\"11\" src=\"https:\/\/antykomunistyczni.pl\/wp-content\/plugins\/youtube-embed-plus\/images\/gallery-page-loader.gif\"><\/div><\/div><\/div><\/div>\t\t\t\t\t\t\t\t<\/div>\n\t\t\t\t\t<\/div>\n\t\t\t\t<\/div>\n\t\t\t\t<\/div>\n\t\t","protected":false},"excerpt":{"rendered":"<p>Piosenki Antykomunistyczne \u2013 bro\u0144 kultury przeciwko czerwonej utopii Komunizm nie jest tylko reliktem przesz\u0142o\u015bci \u2013 odradza si\u0119 w nostalgicznych memach, has\u0142ach \u201esprawiedliwo\u015bci spo\u0142ecznej\u201d, krytyce \u201ekapitalistycznego wyzysku\u201d i romantyzacji kolektywizmu na platformach m\u0142odych. Dlatego wracamy do muzyki, kt\u00f3ra kiedy\u015b obala\u0142a system, a dzi\u015b przypomina, ile krwi i cierpienia kosztowa\u0142a czerwona ideologia. Ta strona to nie tylko [&hellip;]<\/p>\n","protected":false},"author":1,"featured_media":860,"comment_status":"closed","ping_status":"closed","sticky":false,"template":"","format":"standard","meta":{"give_campaign_id":0,"footnotes":""},"categories":[34,38],"tags":[30,73,75,76,74],"class_list":["post-856","post","type-post","status-publish","format-standard","has-post-thumbnail","hentry","category-kultura-i-sztuka","category-multimedia","tag-antykomunisci","tag-antykomunizm","tag-muzykaoporu","tag-prlbezcenzury","tag-wolnosc"],"yoast_head":"<!-- This site is optimized with the Yoast SEO plugin v28.4 - https:\/\/yoast.com\/product\/yoast-seo-wordpress\/ -->\n<title>Piosenki Antykomunistyczne - Antykomunistyczni.pl<\/title>\n<meta name=\"robots\" content=\"index, follow, max-snippet:-1, max-image-preview:large, max-video-preview:-1\" \/>\n<link rel=\"canonical\" href=\"https:\/\/antykomunistyczni.pl\/index.php\/piosenki-antykomunistyczne\/\" \/>\n<meta property=\"og:locale\" content=\"pl_PL\" \/>\n<meta property=\"og:type\" content=\"article\" \/>\n<meta property=\"og:title\" content=\"Piosenki Antykomunistyczne - Antykomunistyczni.pl\" \/>\n<meta property=\"og:description\" content=\"Piosenki Antykomunistyczne \u2013 bro\u0144 kultury przeciwko czerwonej utopii Komunizm nie jest tylko reliktem przesz\u0142o\u015bci \u2013 odradza si\u0119 w nostalgicznych memach, has\u0142ach \u201esprawiedliwo\u015bci spo\u0142ecznej\u201d, krytyce \u201ekapitalistycznego wyzysku\u201d i romantyzacji kolektywizmu na platformach m\u0142odych. Dlatego wracamy do muzyki, kt\u00f3ra kiedy\u015b obala\u0142a system, a dzi\u015b przypomina, ile krwi i cierpienia kosztowa\u0142a czerwona ideologia. Ta strona to nie tylko [&hellip;]\" \/>\n<meta property=\"og:url\" content=\"https:\/\/antykomunistyczni.pl\/index.php\/piosenki-antykomunistyczne\/\" \/>\n<meta property=\"og:site_name\" content=\"Antykomunistyczni.pl\" \/>\n<meta property=\"article:publisher\" content=\"https:\/\/www.facebook.com\/antykomunistyczni\/\" \/>\n<meta property=\"article:published_time\" content=\"2026-03-07T08:38:35+00:00\" \/>\n<meta property=\"article:modified_time\" content=\"2026-03-12T10:44:31+00:00\" \/>\n<meta property=\"og:image\" content=\"https:\/\/antykomunistyczni.pl\/wp-content\/uploads\/2026\/03\/PiosenkiAntykomunistyczne.jpeg\" \/>\n\t<meta property=\"og:image:width\" content=\"1280\" \/>\n\t<meta property=\"og:image:height\" content=\"726\" \/>\n\t<meta property=\"og:image:type\" content=\"image\/jpeg\" \/>\n<meta name=\"author\" content=\"Antykomunistyczni\" \/>\n<meta name=\"twitter:card\" content=\"summary_large_image\" \/>\n<meta name=\"twitter:creator\" content=\"@anty_komunisci\" \/>\n<meta name=\"twitter:site\" content=\"@anty_komunisci\" \/>\n<meta name=\"twitter:label1\" content=\"Napisane przez\" \/>\n\t<meta name=\"twitter:data1\" content=\"Antykomunistyczni\" \/>\n\t<meta name=\"twitter:label2\" content=\"Szacowany czas czytania\" \/>\n\t<meta name=\"twitter:data2\" content=\"2 minuty\" \/>\n<script type=\"application\/ld+json\" class=\"yoast-schema-graph\">{\"@context\":\"https:\\\/\\\/schema.org\",\"@graph\":[{\"@type\":\"Article\",\"@id\":\"https:\\\/\\\/antykomunistyczni.pl\\\/index.php\\\/piosenki-antykomunistyczne\\\/#article\",\"isPartOf\":{\"@id\":\"https:\\\/\\\/antykomunistyczni.pl\\\/index.php\\\/piosenki-antykomunistyczne\\\/\"},\"author\":{\"name\":\"Antykomunistyczni\",\"@id\":\"https:\\\/\\\/antykomunistyczni.pl\\\/#\\\/schema\\\/person\\\/4963e693e8006b94062d91d1295d02a0\"},\"headline\":\"Piosenki Antykomunistyczne\",\"datePublished\":\"2026-03-07T08:38:35+00:00\",\"dateModified\":\"2026-03-12T10:44:31+00:00\",\"mainEntityOfPage\":{\"@id\":\"https:\\\/\\\/antykomunistyczni.pl\\\/index.php\\\/piosenki-antykomunistyczne\\\/\"},\"wordCount\":319,\"publisher\":{\"@id\":\"https:\\\/\\\/antykomunistyczni.pl\\\/#organization\"},\"image\":{\"@id\":\"https:\\\/\\\/antykomunistyczni.pl\\\/index.php\\\/piosenki-antykomunistyczne\\\/#primaryimage\"},\"thumbnailUrl\":\"https:\\\/\\\/antykomunistyczni.pl\\\/wp-content\\\/uploads\\\/2026\\\/03\\\/PiosenkiAntykomunistyczne.jpeg\",\"keywords\":[\"Antykomunisci\",\"Antykomunizm\",\"MuzykaOporu\",\"PRLBezCenzury\",\"Wolno\u015b\u0107\"],\"articleSection\":[\"Kultura i sztuka\",\"Multimedia\"],\"inLanguage\":\"pl-PL\"},{\"@type\":\"WebPage\",\"@id\":\"https:\\\/\\\/antykomunistyczni.pl\\\/index.php\\\/piosenki-antykomunistyczne\\\/\",\"url\":\"https:\\\/\\\/antykomunistyczni.pl\\\/index.php\\\/piosenki-antykomunistyczne\\\/\",\"name\":\"Piosenki Antykomunistyczne - Antykomunistyczni.pl\",\"isPartOf\":{\"@id\":\"https:\\\/\\\/antykomunistyczni.pl\\\/#website\"},\"primaryImageOfPage\":{\"@id\":\"https:\\\/\\\/antykomunistyczni.pl\\\/index.php\\\/piosenki-antykomunistyczne\\\/#primaryimage\"},\"image\":{\"@id\":\"https:\\\/\\\/antykomunistyczni.pl\\\/index.php\\\/piosenki-antykomunistyczne\\\/#primaryimage\"},\"thumbnailUrl\":\"https:\\\/\\\/antykomunistyczni.pl\\\/wp-content\\\/uploads\\\/2026\\\/03\\\/PiosenkiAntykomunistyczne.jpeg\",\"datePublished\":\"2026-03-07T08:38:35+00:00\",\"dateModified\":\"2026-03-12T10:44:31+00:00\",\"breadcrumb\":{\"@id\":\"https:\\\/\\\/antykomunistyczni.pl\\\/index.php\\\/piosenki-antykomunistyczne\\\/#breadcrumb\"},\"inLanguage\":\"pl-PL\",\"potentialAction\":[{\"@type\":\"ReadAction\",\"target\":[\"https:\\\/\\\/antykomunistyczni.pl\\\/index.php\\\/piosenki-antykomunistyczne\\\/\"]}]},{\"@type\":\"ImageObject\",\"inLanguage\":\"pl-PL\",\"@id\":\"https:\\\/\\\/antykomunistyczni.pl\\\/index.php\\\/piosenki-antykomunistyczne\\\/#primaryimage\",\"url\":\"https:\\\/\\\/antykomunistyczni.pl\\\/wp-content\\\/uploads\\\/2026\\\/03\\\/PiosenkiAntykomunistyczne.jpeg\",\"contentUrl\":\"https:\\\/\\\/antykomunistyczni.pl\\\/wp-content\\\/uploads\\\/2026\\\/03\\\/PiosenkiAntykomunistyczne.jpeg\",\"width\":1280,\"height\":726},{\"@type\":\"BreadcrumbList\",\"@id\":\"https:\\\/\\\/antykomunistyczni.pl\\\/index.php\\\/piosenki-antykomunistyczne\\\/#breadcrumb\",\"itemListElement\":[{\"@type\":\"ListItem\",\"position\":1,\"name\":\"Strona g\u0142\u00f3wna\",\"item\":\"https:\\\/\\\/antykomunistyczni.pl\\\/\"},{\"@type\":\"ListItem\",\"position\":2,\"name\":\"Piosenki Antykomunistyczne\"}]},{\"@type\":\"WebSite\",\"@id\":\"https:\\\/\\\/antykomunistyczni.pl\\\/#website\",\"url\":\"https:\\\/\\\/antykomunistyczni.pl\\\/\",\"name\":\"Antykomunistyczni.pl\",\"description\":\"\",\"publisher\":{\"@id\":\"https:\\\/\\\/antykomunistyczni.pl\\\/#organization\"},\"alternateName\":\"Historia PRL, zbrodnie komunistyczne w Polsce i na \u015bwiecie\",\"potentialAction\":[{\"@type\":\"SearchAction\",\"target\":{\"@type\":\"EntryPoint\",\"urlTemplate\":\"https:\\\/\\\/antykomunistyczni.pl\\\/?s={search_term_string}\"},\"query-input\":{\"@type\":\"PropertyValueSpecification\",\"valueRequired\":true,\"valueName\":\"search_term_string\"}}],\"inLanguage\":\"pl-PL\"},{\"@type\":\"Organization\",\"@id\":\"https:\\\/\\\/antykomunistyczni.pl\\\/#organization\",\"name\":\"Antykomunistyczni.pl\",\"url\":\"https:\\\/\\\/antykomunistyczni.pl\\\/\",\"logo\":{\"@type\":\"ImageObject\",\"inLanguage\":\"pl-PL\",\"@id\":\"https:\\\/\\\/antykomunistyczni.pl\\\/#\\\/schema\\\/logo\\\/image\\\/\",\"url\":\"https:\\\/\\\/antykomunistyczni.pl\\\/wp-content\\\/uploads\\\/2026\\\/02\\\/cropped-AntykomunistyczniLogoSquare150x150-2.png\",\"contentUrl\":\"https:\\\/\\\/antykomunistyczni.pl\\\/wp-content\\\/uploads\\\/2026\\\/02\\\/cropped-AntykomunistyczniLogoSquare150x150-2.png\",\"width\":150,\"height\":150,\"caption\":\"Antykomunistyczni.pl\"},\"image\":{\"@id\":\"https:\\\/\\\/antykomunistyczni.pl\\\/#\\\/schema\\\/logo\\\/image\\\/\"},\"sameAs\":[\"https:\\\/\\\/www.facebook.com\\\/antykomunistyczni\\\/\",\"https:\\\/\\\/x.com\\\/anty_komunisci\"]},{\"@type\":\"Person\",\"@id\":\"https:\\\/\\\/antykomunistyczni.pl\\\/#\\\/schema\\\/person\\\/4963e693e8006b94062d91d1295d02a0\",\"name\":\"Antykomunistyczni\",\"image\":{\"@type\":\"ImageObject\",\"inLanguage\":\"pl-PL\",\"@id\":\"https:\\\/\\\/secure.gravatar.com\\\/avatar\\\/ff172875f9ced7887f883245268c1ba638c26cf1e0530f7f61b4705963a6730b?s=96&d=mm&r=g\",\"url\":\"https:\\\/\\\/secure.gravatar.com\\\/avatar\\\/ff172875f9ced7887f883245268c1ba638c26cf1e0530f7f61b4705963a6730b?s=96&d=mm&r=g\",\"contentUrl\":\"https:\\\/\\\/secure.gravatar.com\\\/avatar\\\/ff172875f9ced7887f883245268c1ba638c26cf1e0530f7f61b4705963a6730b?s=96&d=mm&r=g\",\"caption\":\"Antykomunistyczni\"},\"sameAs\":[\"http:\\\/\\\/antykomunistyczni.pl\"],\"url\":\"https:\\\/\\\/antykomunistyczni.pl\\\/index.php\\\/author\\\/admin0\\\/\"}]}<\/script>\n<!-- \/ Yoast SEO plugin. -->","yoast_head_json":{"title":"Piosenki Antykomunistyczne - Antykomunistyczni.pl","robots":{"index":"index","follow":"follow","max-snippet":"max-snippet:-1","max-image-preview":"max-image-preview:large","max-video-preview":"max-video-preview:-1"},"canonical":"https:\/\/antykomunistyczni.pl\/index.php\/piosenki-antykomunistyczne\/","og_locale":"pl_PL","og_type":"article","og_title":"Piosenki Antykomunistyczne - Antykomunistyczni.pl","og_description":"Piosenki Antykomunistyczne \u2013 bro\u0144 kultury przeciwko czerwonej utopii Komunizm nie jest tylko reliktem przesz\u0142o\u015bci \u2013 odradza si\u0119 w nostalgicznych memach, has\u0142ach \u201esprawiedliwo\u015bci spo\u0142ecznej\u201d, krytyce \u201ekapitalistycznego wyzysku\u201d i romantyzacji kolektywizmu na platformach m\u0142odych. Dlatego wracamy do muzyki, kt\u00f3ra kiedy\u015b obala\u0142a system, a dzi\u015b przypomina, ile krwi i cierpienia kosztowa\u0142a czerwona ideologia. Ta strona to nie tylko [&hellip;]","og_url":"https:\/\/antykomunistyczni.pl\/index.php\/piosenki-antykomunistyczne\/","og_site_name":"Antykomunistyczni.pl","article_publisher":"https:\/\/www.facebook.com\/antykomunistyczni\/","article_published_time":"2026-03-07T08:38:35+00:00","article_modified_time":"2026-03-12T10:44:31+00:00","og_image":[{"width":1280,"height":726,"url":"https:\/\/antykomunistyczni.pl\/wp-content\/uploads\/2026\/03\/PiosenkiAntykomunistyczne.jpeg","type":"image\/jpeg"}],"author":"Antykomunistyczni","twitter_card":"summary_large_image","twitter_creator":"@anty_komunisci","twitter_site":"@anty_komunisci","twitter_misc":{"Napisane przez":"Antykomunistyczni","Szacowany czas czytania":"2 minuty"},"schema":{"@context":"https:\/\/schema.org","@graph":[{"@type":"Article","@id":"https:\/\/antykomunistyczni.pl\/index.php\/piosenki-antykomunistyczne\/#article","isPartOf":{"@id":"https:\/\/antykomunistyczni.pl\/index.php\/piosenki-antykomunistyczne\/"},"author":{"name":"Antykomunistyczni","@id":"https:\/\/antykomunistyczni.pl\/#\/schema\/person\/4963e693e8006b94062d91d1295d02a0"},"headline":"Piosenki Antykomunistyczne","datePublished":"2026-03-07T08:38:35+00:00","dateModified":"2026-03-12T10:44:31+00:00","mainEntityOfPage":{"@id":"https:\/\/antykomunistyczni.pl\/index.php\/piosenki-antykomunistyczne\/"},"wordCount":319,"publisher":{"@id":"https:\/\/antykomunistyczni.pl\/#organization"},"image":{"@id":"https:\/\/antykomunistyczni.pl\/index.php\/piosenki-antykomunistyczne\/#primaryimage"},"thumbnailUrl":"https:\/\/antykomunistyczni.pl\/wp-content\/uploads\/2026\/03\/PiosenkiAntykomunistyczne.jpeg","keywords":["Antykomunisci","Antykomunizm","MuzykaOporu","PRLBezCenzury","Wolno\u015b\u0107"],"articleSection":["Kultura i sztuka","Multimedia"],"inLanguage":"pl-PL"},{"@type":"WebPage","@id":"https:\/\/antykomunistyczni.pl\/index.php\/piosenki-antykomunistyczne\/","url":"https:\/\/antykomunistyczni.pl\/index.php\/piosenki-antykomunistyczne\/","name":"Piosenki Antykomunistyczne - Antykomunistyczni.pl","isPartOf":{"@id":"https:\/\/antykomunistyczni.pl\/#website"},"primaryImageOfPage":{"@id":"https:\/\/antykomunistyczni.pl\/index.php\/piosenki-antykomunistyczne\/#primaryimage"},"image":{"@id":"https:\/\/antykomunistyczni.pl\/index.php\/piosenki-antykomunistyczne\/#primaryimage"},"thumbnailUrl":"https:\/\/antykomunistyczni.pl\/wp-content\/uploads\/2026\/03\/PiosenkiAntykomunistyczne.jpeg","datePublished":"2026-03-07T08:38:35+00:00","dateModified":"2026-03-12T10:44:31+00:00","breadcrumb":{"@id":"https:\/\/antykomunistyczni.pl\/index.php\/piosenki-antykomunistyczne\/#breadcrumb"},"inLanguage":"pl-PL","potentialAction":[{"@type":"ReadAction","target":["https:\/\/antykomunistyczni.pl\/index.php\/piosenki-antykomunistyczne\/"]}]},{"@type":"ImageObject","inLanguage":"pl-PL","@id":"https:\/\/antykomunistyczni.pl\/index.php\/piosenki-antykomunistyczne\/#primaryimage","url":"https:\/\/antykomunistyczni.pl\/wp-content\/uploads\/2026\/03\/PiosenkiAntykomunistyczne.jpeg","contentUrl":"https:\/\/antykomunistyczni.pl\/wp-content\/uploads\/2026\/03\/PiosenkiAntykomunistyczne.jpeg","width":1280,"height":726},{"@type":"BreadcrumbList","@id":"https:\/\/antykomunistyczni.pl\/index.php\/piosenki-antykomunistyczne\/#breadcrumb","itemListElement":[{"@type":"ListItem","position":1,"name":"Strona g\u0142\u00f3wna","item":"https:\/\/antykomunistyczni.pl\/"},{"@type":"ListItem","position":2,"name":"Piosenki Antykomunistyczne"}]},{"@type":"WebSite","@id":"https:\/\/antykomunistyczni.pl\/#website","url":"https:\/\/antykomunistyczni.pl\/","name":"Antykomunistyczni.pl","description":"","publisher":{"@id":"https:\/\/antykomunistyczni.pl\/#organization"},"alternateName":"Historia PRL, zbrodnie komunistyczne w Polsce i na \u015bwiecie","potentialAction":[{"@type":"SearchAction","target":{"@type":"EntryPoint","urlTemplate":"https:\/\/antykomunistyczni.pl\/?s={search_term_string}"},"query-input":{"@type":"PropertyValueSpecification","valueRequired":true,"valueName":"search_term_string"}}],"inLanguage":"pl-PL"},{"@type":"Organization","@id":"https:\/\/antykomunistyczni.pl\/#organization","name":"Antykomunistyczni.pl","url":"https:\/\/antykomunistyczni.pl\/","logo":{"@type":"ImageObject","inLanguage":"pl-PL","@id":"https:\/\/antykomunistyczni.pl\/#\/schema\/logo\/image\/","url":"https:\/\/antykomunistyczni.pl\/wp-content\/uploads\/2026\/02\/cropped-AntykomunistyczniLogoSquare150x150-2.png","contentUrl":"https:\/\/antykomunistyczni.pl\/wp-content\/uploads\/2026\/02\/cropped-AntykomunistyczniLogoSquare150x150-2.png","width":150,"height":150,"caption":"Antykomunistyczni.pl"},"image":{"@id":"https:\/\/antykomunistyczni.pl\/#\/schema\/logo\/image\/"},"sameAs":["https:\/\/www.facebook.com\/antykomunistyczni\/","https:\/\/x.com\/anty_komunisci"]},{"@type":"Person","@id":"https:\/\/antykomunistyczni.pl\/#\/schema\/person\/4963e693e8006b94062d91d1295d02a0","name":"Antykomunistyczni","image":{"@type":"ImageObject","inLanguage":"pl-PL","@id":"https:\/\/secure.gravatar.com\/avatar\/ff172875f9ced7887f883245268c1ba638c26cf1e0530f7f61b4705963a6730b?s=96&d=mm&r=g","url":"https:\/\/secure.gravatar.com\/avatar\/ff172875f9ced7887f883245268c1ba638c26cf1e0530f7f61b4705963a6730b?s=96&d=mm&r=g","contentUrl":"https:\/\/secure.gravatar.com\/avatar\/ff172875f9ced7887f883245268c1ba638c26cf1e0530f7f61b4705963a6730b?s=96&d=mm&r=g","caption":"Antykomunistyczni"},"sameAs":["http:\/\/antykomunistyczni.pl"],"url":"https:\/\/antykomunistyczni.pl\/index.php\/author\/admin0\/"}]}},"_links":{"self":[{"href":"https:\/\/antykomunistyczni.pl\/index.php\/wp-json\/wp\/v2\/posts\/856","targetHints":{"allow":["GET"]}}],"collection":[{"href":"https:\/\/antykomunistyczni.pl\/index.php\/wp-json\/wp\/v2\/posts"}],"about":[{"href":"https:\/\/antykomunistyczni.pl\/index.php\/wp-json\/wp\/v2\/types\/post"}],"author":[{"embeddable":true,"href":"https:\/\/antykomunistyczni.pl\/index.php\/wp-json\/wp\/v2\/users\/1"}],"replies":[{"embeddable":true,"href":"https:\/\/antykomunistyczni.pl\/index.php\/wp-json\/wp\/v2\/comments?post=856"}],"version-history":[{"count":22,"href":"https:\/\/antykomunistyczni.pl\/index.php\/wp-json\/wp\/v2\/posts\/856\/revisions"}],"predecessor-version":[{"id":1097,"href":"https:\/\/antykomunistyczni.pl\/index.php\/wp-json\/wp\/v2\/posts\/856\/revisions\/1097"}],"wp:featuredmedia":[{"embeddable":true,"href":"https:\/\/antykomunistyczni.pl\/index.php\/wp-json\/wp\/v2\/media\/860"}],"wp:attachment":[{"href":"https:\/\/antykomunistyczni.pl\/index.php\/wp-json\/wp\/v2\/media?parent=856"}],"wp:term":[{"taxonomy":"category","embeddable":true,"href":"https:\/\/antykomunistyczni.pl\/index.php\/wp-json\/wp\/v2\/categories?post=856"},{"taxonomy":"post_tag","embeddable":true,"href":"https:\/\/antykomunistyczni.pl\/index.php\/wp-json\/wp\/v2\/tags?post=856"}],"curies":[{"name":"wp","href":"https:\/\/api.w.org\/{rel}","templated":true}]}}