{"id":890,"date":"2026-03-10T08:00:00","date_gmt":"2026-03-10T07:00:00","guid":{"rendered":"https:\/\/antykomunistyczni.pl\/?p=890"},"modified":"2026-03-12T11:50:43","modified_gmt":"2026-03-12T10:50:43","slug":"10-marca-1950-poczatek-procesu-iv-zarzadu-glownego-win","status":"publish","type":"post","link":"https:\/\/antykomunistyczni.pl\/index.php\/10-marca-1950-poczatek-procesu-iv-zarzadu-glownego-win\/","title":{"rendered":"10 marca 1950 \u2013 pocz\u0105tek procesu IV Zarz\u0105du G\u0142\u00f3wnego WiN"},"content":{"rendered":"\t\t<div data-elementor-type=\"wp-post\" data-elementor-id=\"890\" class=\"elementor elementor-890\">\n\t\t\t\t<div class=\"elementor-element elementor-element-4570c49 e-flex e-con-boxed e-con e-parent\" data-id=\"4570c49\" data-element_type=\"container\" data-e-type=\"container\">\n\t\t\t\t\t<div class=\"e-con-inner\">\n\t\t\t\t<div class=\"elementor-element elementor-element-b73e825 elementor-widget elementor-widget-image\" data-id=\"b73e825\" data-element_type=\"widget\" data-e-type=\"widget\" data-widget_type=\"image.default\">\n\t\t\t\t\t\t\t\t\t\t\t\t<figure class=\"wp-caption\">\n\t\t\t\t\t\t\t\t\t\t<img fetchpriority=\"high\" decoding=\"async\" width=\"768\" height=\"422\" src=\"https:\/\/antykomunistyczni.pl\/wp-content\/uploads\/2026\/03\/ProcesWIN-768x422.webp\" class=\"attachment-medium_large size-medium_large wp-image-896\" alt=\"\" srcset=\"https:\/\/antykomunistyczni.pl\/wp-content\/uploads\/2026\/03\/ProcesWIN-768x422.webp 768w, https:\/\/antykomunistyczni.pl\/wp-content\/uploads\/2026\/03\/ProcesWIN-300x165.webp 300w, https:\/\/antykomunistyczni.pl\/wp-content\/uploads\/2026\/03\/ProcesWIN-1024x563.webp 1024w, https:\/\/antykomunistyczni.pl\/wp-content\/uploads\/2026\/03\/ProcesWIN.webp 1200w\" sizes=\"(max-width: 768px) 100vw, 768px\" \/>\t\t\t\t\t\t\t\t\t\t\t<figcaption class=\"widget-image-caption wp-caption-text\">Proces dow\u00f3dztwa organizacji WIN - oskar\u017cony p\u0142k. dypl. Jan Rzepecki, ps. O\u017c\u00f3g. Foto: PAP\/Jerzy Baranowski<\/figcaption>\n\t\t\t\t\t\t\t\t\t\t<\/figure>\n\t\t\t\t\t\t\t\t\t<\/div>\n\t\t\t\t\t<\/div>\n\t\t\t\t<\/div>\n\t\t<div class=\"elementor-element elementor-element-35d861f2 e-flex e-con-boxed e-con e-parent\" data-id=\"35d861f2\" data-element_type=\"container\" data-e-type=\"container\">\n\t\t\t\t\t<div class=\"e-con-inner\">\n\t\t\t\t<div class=\"elementor-element elementor-element-1f2d0a9b elementor-widget elementor-widget-text-editor\" data-id=\"1f2d0a9b\" data-element_type=\"widget\" data-e-type=\"widget\" data-widget_type=\"text-editor.default\">\n\t\t\t\t\t\t\t\t\t<p><span style=\"color: #000000;\"><\/span><\/p>\n<h1 class=\"wp-block-heading\"><span style=\"color: #000000;\">Proces IV Zarz\u0105du G\u0142\u00f3wnego WiN<\/span><\/h1>\n<p><span style=\"color: #000000;\">W Warszawie, dnia 5 pa\u017adziernika 1950 roku, stan\u0119\u0142o przed s\u0105dem dziesi\u0119\u0107 os\u00f3b b\u0119d\u0105cych cz\u0142onkami czwartego kierownictwa organizacji &#8222;Wolno\u015b\u0107 i Niezawis\u0142o\u015b\u0107&#8221;. W\u015br\u00f3d oskar\u017conych znale\u017ali si\u0119: \u0141ukasz Ciepli\u0144ski, Adam Lazarowicz, Mieczys\u0142aw Kawalec, Ludwik Kubik, J\u00f3zef Rzepka, Franciszek B\u0142a\u017cej, J\u00f3zef Batory, Karol Chmiel, Joanna Czarnecka oraz Zofia Micha\u0142owska.<\/span><\/p>\n<p><span style=\"color: #000000;\">Siedem os\u00f3b otrzyma\u0142o najwy\u017cszy wymiar kary. Egzekucj\u0119 przeprowadzono 1 marca 1951 roku w zak\u0142adzie karnym na Mokotowie, wykonuj\u0105c j\u0105 poprzez strza\u0142 w potylic\u0119. Do tej pory nie uda\u0142o si\u0119 ustali\u0107 miejsca spoczynku straconych.<\/span><\/p>\n<p><span style=\"color: #000000; font-family: inherit; font-size: 2rem;\">Historia organizacji WiN<\/span><\/p>\n<p><span style=\"color: #000000;\">Zrzeszenie dzia\u0142aj\u0105ce pod pe\u0142n\u0105 nazw\u0105: Ruch Oporu bez Wojny i Dywersji &#8222;Wolno\u015b\u0107 i Niezawis\u0142o\u015b\u0107&#8221; w okresie najwi\u0119kszej aktywno\u015bci (1945-1946) liczy\u0142o od dwudziestu do dwudziestu pi\u0119ciu tysi\u0119cy cz\u0142onk\u00f3w. Organizacja powsta\u0142a 2 wrze\u015bnia 1945 roku. Pomimo korzeni si\u0119gaj\u0105cych Armii Krajowej, jej g\u0142\u00f3wnym celem nie by\u0142a walka zbrojna, ale tajna aktywno\u015b\u0107 polityczna. Za\u0142o\u017cyciele w programie organizacji zapisali: &#8222;Musimy przygotowa\u0107 si\u0119 i przyst\u0105pi\u0107 do walki w odmiennej, nowej formie, o niezmienne, podstawowe cele, o pe\u0142n\u0105 suwerenno\u015b\u0107, rzeczywist\u0105 demokracj\u0119 w duchu zachodnioeuropejskim&#8221;.<\/span><\/p>\n<p><span style=\"color: #000000;\">Szczeg\u00f3\u0142owe postulaty znalaz\u0142y si\u0119 w dokumencie zatytu\u0142owanym &#8222;O wolno\u015b\u0107 obywatela i niezawis\u0142o\u015b\u0107 pa\u0144stwa&#8221;, kt\u00f3ry wzywa\u0142 m.in. do wprowadzenia w Polsce: swobody wypowiedzi, pluralizmu politycznego oraz prawa do stowarzyszania si\u0119. Domagano si\u0119 tak\u017ce zako\u0144czenia prze\u015bladowa\u0144 wobec opozycji i partyzant\u00f3w.<\/span><\/p>\n<p><span style=\"color: #000000;\">Propaganda komunistyczna przedstawia\u0142a WiN jako grup\u0119 kryminaln\u0105 stosuj\u0105c\u0105 terror w celu obalenia istniej\u0105cego porz\u0105dku. Tymczasem przewodnicz\u0105cy II Zarz\u0105du, p\u0142k Franciszek Niepok\u00f3lczycki, prowadzi\u0142 program pacyfikacji zbrojnego podziemia wywodz\u0105cego si\u0119 z AK. Jego intencj\u0105 by\u0142o umo\u017cliwienie by\u0142ym \u017co\u0142nierzom ukrywaj\u0105cym si\u0119 w lasach powrotu do normalnego \u017cycia.<\/span><\/p>\n<p><span style=\"color: #000000;\">Organizacja sta\u0142a si\u0119 priorytetowym celem dla aparatu bezpiecze\u0144stwa. Ju\u017c po kilku miesi\u0105cach od utworzenia, UB aresztowa\u0142o przyw\u00f3dc\u00f3w wraz z pierwszym prezesem, p\u0142k. Janem Rzepeckim (listopad 1945). Do roku 1948 zosta\u0142y rozbite kolejne struktury kierownicze: drugi zarz\u0105d pod przewodnictwem p\u0142k. Franciszka Niepok\u00f3lczyckiego (pa\u017adziernik 1946), trzeci &#8211; kierowany przez pp\u0142k. Wincentego Kwieci\u0144skiego (stycze\u0144 1947) oraz czwarty z prezesem, mjr. \u0141ukaszem Ciepli\u0144skim.<\/span><\/p>\n<p><span style=\"color: #000000;\">Decyduj\u0105ce uderzenie zadano poprzez prowokacj\u0119 &#8211; utworzenie V Zarz\u0105du G\u0142\u00f3wnego WiN w ramach operacji kryptonim &#8222;Cezary&#8221;. Dzi\u0119ki tej akcji w latach 1948-1952 aresztowano pozosta\u0142ych dzia\u0142aczy i sympatyk\u00f3w. Prezes IV zarz\u0105du, mjr Ciepli\u0144ski, zosta\u0142 zatrzymany 27 listopada 1947 roku w Zabrzu przez funkcjonariuszy katowickiego Wojew\u00f3dzkiego Urz\u0119du Bezpiecze\u0144stwa Publicznego.<\/span><\/p>\n<h2><span style=\"color: #000000;\">Aresztowanie i \u015bledztwo<\/span><\/h2>\n<p><span style=\"color: #000000;\">W grudniu 1947 roku Ciepli\u0144skiego przetransportowano do stolicy i umieszczono w mokotowskim wi\u0119zieniu. Pocz\u0105tkowo da\u0142 wiar\u0119 deklaracjom pracownik\u00f3w Ministerstwa Bezpiecze\u0144stwa Publicznego i zawar\u0142 z nimi &#8222;d\u017centelme\u0144skie porozumienie&#8221;. W zamian za zobowi\u0105zanie do zaprzestania represji wobec WiN-owc\u00f3w, ujawni\u0142 cz\u0119\u015b\u0107 informacji o dzia\u0142alno\u015bci organizacji.<\/span><\/p>\n<p><span style=\"color: #000000;\">Wkr\u00f3tce jednak odkry\u0142, \u017ce pad\u0142 ofiar\u0105 oszustwa, a prze\u015bladowania obj\u0119\u0142y cz\u0142onk\u00f3w zrzeszenia. Zaprzesta\u0142 wsp\u00f3\u0142pracy. Wtedy rozpocz\u0119\u0142y si\u0119 brutalne tortury. Jeden ze wsp\u00f3\u0142wi\u0119\u017ani\u00f3w wspomina\u0142: &#8222;Wielokrotnie \u0141ukasza Ciepli\u0144skiego na przes\u0142uchania wynoszono na kocu, gdy\u017c mia\u0142 po\u0142amane ko\u015bci r\u0105k i n\u00f3g, a p\u00f3\u017aniej przynoszono do celi nieprzytomnego&#8221;. R\u00f3wnie\u017c inni dzia\u0142acze WiN byli nieludzko traktowani. Wiceprezesa IV zarz\u0105du, mjr. Adama Lazarewicza pozbawiono uz\u0119bienia, kpt. Franciszek B\u0142a\u017cej, kierownik Dzia\u0142u Propagandy, mia\u0142 stale ropiej\u0105ce obra\u017cenia n\u00f3g, za\u015b kpt. J\u00f3zef Rzepka, kierownik Dzia\u0142u Politycznego, zosta\u0142 doprowadzony do choroby psychicznej.<\/span><\/p>\n<h2><span style=\"color: #000000;\">Przebieg procesu<\/span><\/h2>\n<p><span style=\"color: #000000;\">5 pa\u017adziernika 1950 roku rozpocz\u0119\u0142o si\u0119 post\u0119powanie przed S\u0105dem Rejonowym w Warszawie pod przewodnictwem p\u0142k. Aleksandra Wareckiego. Na \u0142awie oskar\u017conych pojawili si\u0119: \u0141ukasz Ciepli\u0144ski, Adam Lazarowicz, Mieczys\u0142aw Kawalec, Ludwik Kubik, J\u00f3zef Rzepka, Franciszek B\u0142a\u017cej, J\u00f3zef Batory, Karol Chmiel, Joanna Czarnecka i Zofia Micha\u0142owska. Postawiono im zarzuty m.in. kolaboracji z Niemcami podczas okupacji oraz dzia\u0142alno\u015bci antypa\u0144stwowej.<\/span><\/p>\n<p><span style=\"color: #000000;\">Wyrok by\u0142 przes\u0105dzony przed rozpocz\u0119ciem rozprawy. Oskar\u017conym nie pozwalano swobodnie wypowiada\u0107 si\u0119, stosowano wobec nich presj\u0119 psychologiczn\u0105. Bezskuteczne okaza\u0142y si\u0119 wyja\u015bnienia Ciepli\u0144skiego o fa\u0142szywym charakterze oskar\u017ce\u0144, o nieznajomo\u015bci tre\u015bci protoko\u0142\u00f3w, kt\u00f3re podpisywa\u0142 pod przymusem, o braku pami\u0119ci z powodu cz\u0119stej utraty przytomno\u015bci. &#8222;W czasie \u015bledztwa le\u017ca\u0142em skatowany w ka\u0142u\u017cy w\u0142asnej krwi. M\u00f3j stan psychiczny by\u0142 w tych warunkach taki, \u017ce nie mog\u0142em sobie zdawa\u0107 sprawy z tego, co pisa\u0142 oficer \u015bledczy&#8221; &#8211; argumentowa\u0142 Ciepli\u0144ski.<\/span><\/p>\n<p><span style=\"color: #000000;\">Procesowi towarzyszy\u0142a zmasowana akcja propagandowa. Fragmenty rozprawy nadawano w radiu i przez miejskie g\u0142o\u015bniki (tzw. szczekaczki). &#8222;Trybuna Ludu&#8221; w swoich relacjach nazywa\u0142a oskar\u017conych &#8222;zwyk\u0142\u0105 szajk\u0105 szpieg\u00f3w i morderc\u00f3w&#8221; dzia\u0142aj\u0105cych z polecenia &#8222;imperialist\u00f3w i pod\u017cegaczy wojennych&#8221;.<\/span><\/p>\n<p><span style=\"color: #000000;\">14 pa\u017adziernika og\u0142oszono werdykt.<\/span><\/p>\n<p><span style=\"color: #000000;\">Przewodnicz\u0105cy IV Zarz\u0105du, \u0141ukasz Ciepli\u0144ski, otrzyma\u0142 pi\u0119\u0107 wyrok\u00f3w \u015bmierci. Kar\u0119 g\u0142\u00f3wn\u0105 orzeczono r\u00f3wnie\u017c wobec sze\u015bciu jego najwa\u017cniejszych wsp\u00f3\u0142towarzyszy. Kubik zosta\u0142 skazany na kar\u0119 do\u017cywotniego wi\u0119zienia, natomiast Janina Czarnecka i Zofia Micha\u0142owska otrzyma\u0142y d\u0142ugoterminowe kary pozbawienia wolno\u015bci.<\/span><\/p>\n<p><span style=\"color: #000000;\">W uzasadnieniu orzeczenia p\u0142k Warecki stwierdzi\u0142 m.in.: &#8222;Przew\u00f3d s\u0105dowy w niniejszej rozprawie wykazuje w ca\u0142ej pe\u0142ni drog\u0119 wsp\u00f3\u0142pracy z okupantem hitlerowskim sanacyjnego kierownictwa Armii Krajowej i jego zdradzieck\u0105 oraz wrog\u0105 robot\u0119 w najci\u0119\u017cszym okresie d\u017awigania si\u0119 z ruin i zniszczenia odbudowuj\u0105cej si\u0119 Polski. (&#8230;) Wyrok ten, przeto powinien stanowi\u0107 przestrog\u0119 dla ka\u017cdego, kto o\u015bmieli\u0142by si\u0119 podnie\u015b\u0107 r\u0119k\u0119 na W\u0142adz\u0119 Ludow\u0105 w Polsce i zdobycze mas pracuj\u0105cych&#8221;.<\/span><\/p>\n<p><span style=\"color: #000000;\">Obrona z\u0142o\u017cy\u0142a apelacj\u0119, jednak Najwy\u017cszy S\u0105d Wojskowy w Warszawie 16 grudnia 1950 roku utrzyma\u0142 wyroki w mocy. 20 lutego 1951 roku prezydent Boles\u0142aw Bierut odrzuci\u0142 wnioski o u\u0142askawienie. 1 marca 1951 roku w mokotowskim wi\u0119zieniu przeprowadzono egzekucj\u0119. Zab\u00f3jstwa rozpocz\u0119\u0142y si\u0119 o godzinie 20. Skazanych kolejno przyprowadzano na miejsce stracenia, gdzie kat wykonywa\u0142 wyrok strza\u0142em w potylic\u0119. Zw\u0142oki zamordowanych nie zosta\u0142y przekazane rodzinom, lecz pochowane w miejscu do dzi\u015b nieznanym.<\/span><\/p>\n<p><span style=\"color: #000000;\">17 wrze\u015bnia 1992 roku S\u0105d Warszawskiego Okr\u0119gu Wojskowego uchyli\u0142 wyrok S\u0105du Rejonowego w Warszawie.\u00a0<\/span><\/p>\n<p><span style=\"color: #000000;\"><\/span><\/p>\t\t\t\t\t\t\t\t<\/div>\n\t\t\t\t\t<\/div>\n\t\t\t\t<\/div>\n\t\t\t\t<\/div>\n\t\t","protected":false},"excerpt":{"rendered":"<p>Proces dow\u00f3dztwa organizacji WIN &#8211; oskar\u017cony p\u0142k. dypl. Jan Rzepecki, ps. O\u017c\u00f3g. Foto: PAP\/Jerzy Baranowski Proces IV Zarz\u0105du G\u0142\u00f3wnego WiN W Warszawie, dnia 5 pa\u017adziernika 1950 roku, stan\u0119\u0142o przed s\u0105dem dziesi\u0119\u0107 os\u00f3b b\u0119d\u0105cych cz\u0142onkami czwartego kierownictwa organizacji &#8222;Wolno\u015b\u0107 i Niezawis\u0142o\u015b\u0107&#8221;. W\u015br\u00f3d oskar\u017conych znale\u017ali si\u0119: \u0141ukasz Ciepli\u0144ski, Adam Lazarowicz, Mieczys\u0142aw Kawalec, Ludwik Kubik, J\u00f3zef Rzepka, Franciszek [&hellip;]<\/p>\n","protected":false},"author":1,"featured_media":896,"comment_status":"closed","ping_status":"closed","sticky":false,"template":"","format":"standard","meta":{"give_campaign_id":0,"footnotes":""},"categories":[22,29,32,23],"tags":[42,41,40],"class_list":["post-890","post","type-post","status-publish","format-standard","has-post-thumbnail","hentry","category-aktualnosci","category-komunistyczne-zbrodnie-w-polsce","category-stalinizm-w-polsce","category-swiadectwa","tag-kara-smierci","tag-proces-pokazowy","tag-wolnosc-i-niezawislosc"],"yoast_head":"<!-- This site is optimized with the Yoast SEO plugin v28.4 - https:\/\/yoast.com\/product\/yoast-seo-wordpress\/ -->\n<title>10 marca 1950 \u2013 pocz\u0105tek procesu IV Zarz\u0105du G\u0142\u00f3wnego WiN - Antykomunistyczni.pl<\/title>\n<meta name=\"description\" content=\"5 pa\u017adziernika 1950 roku rozpocz\u0119\u0142o si\u0119 post\u0119powanie przed S\u0105dem Rejonowym w Warszawie\" \/>\n<meta name=\"robots\" content=\"index, follow, max-snippet:-1, max-image-preview:large, max-video-preview:-1\" \/>\n<link rel=\"canonical\" href=\"https:\/\/antykomunistyczni.pl\/index.php\/10-marca-1950-poczatek-procesu-iv-zarzadu-glownego-win\/\" \/>\n<meta property=\"og:locale\" content=\"pl_PL\" \/>\n<meta property=\"og:type\" content=\"article\" \/>\n<meta property=\"og:title\" content=\"10 marca 1950 \u2013 pocz\u0105tek procesu IV Zarz\u0105du G\u0142\u00f3wnego WiN - Antykomunistyczni.pl\" \/>\n<meta property=\"og:description\" content=\"5 pa\u017adziernika 1950 roku rozpocz\u0119\u0142o si\u0119 post\u0119powanie przed S\u0105dem Rejonowym w Warszawie\" \/>\n<meta property=\"og:url\" content=\"https:\/\/antykomunistyczni.pl\/index.php\/10-marca-1950-poczatek-procesu-iv-zarzadu-glownego-win\/\" \/>\n<meta property=\"og:site_name\" content=\"Antykomunistyczni.pl\" \/>\n<meta property=\"article:publisher\" content=\"https:\/\/www.facebook.com\/antykomunistyczni\/\" \/>\n<meta property=\"article:published_time\" content=\"2026-03-10T07:00:00+00:00\" \/>\n<meta property=\"article:modified_time\" content=\"2026-03-12T10:50:43+00:00\" \/>\n<meta property=\"og:image\" content=\"https:\/\/antykomunistyczni.pl\/wp-content\/uploads\/2026\/03\/ProcesWIN.webp\" \/>\n\t<meta property=\"og:image:width\" content=\"1200\" \/>\n\t<meta property=\"og:image:height\" content=\"660\" \/>\n\t<meta property=\"og:image:type\" content=\"image\/webp\" \/>\n<meta name=\"author\" content=\"Antykomunistyczni\" \/>\n<meta name=\"twitter:card\" content=\"summary_large_image\" \/>\n<meta name=\"twitter:creator\" content=\"@anty_komunisci\" \/>\n<meta name=\"twitter:site\" content=\"@anty_komunisci\" \/>\n<meta name=\"twitter:label1\" content=\"Napisane przez\" \/>\n\t<meta name=\"twitter:data1\" content=\"Antykomunistyczni\" \/>\n\t<meta name=\"twitter:label2\" content=\"Szacowany czas czytania\" \/>\n\t<meta name=\"twitter:data2\" content=\"6 minut\" \/>\n<script type=\"application\/ld+json\" class=\"yoast-schema-graph\">{\"@context\":\"https:\\\/\\\/schema.org\",\"@graph\":[{\"@type\":\"Article\",\"@id\":\"https:\\\/\\\/antykomunistyczni.pl\\\/index.php\\\/10-marca-1950-poczatek-procesu-iv-zarzadu-glownego-win\\\/#article\",\"isPartOf\":{\"@id\":\"https:\\\/\\\/antykomunistyczni.pl\\\/index.php\\\/10-marca-1950-poczatek-procesu-iv-zarzadu-glownego-win\\\/\"},\"author\":{\"name\":\"Antykomunistyczni\",\"@id\":\"https:\\\/\\\/antykomunistyczni.pl\\\/#\\\/schema\\\/person\\\/4963e693e8006b94062d91d1295d02a0\"},\"headline\":\"10 marca 1950 \u2013 pocz\u0105tek procesu IV Zarz\u0105du G\u0142\u00f3wnego WiN\",\"datePublished\":\"2026-03-10T07:00:00+00:00\",\"dateModified\":\"2026-03-12T10:50:43+00:00\",\"mainEntityOfPage\":{\"@id\":\"https:\\\/\\\/antykomunistyczni.pl\\\/index.php\\\/10-marca-1950-poczatek-procesu-iv-zarzadu-glownego-win\\\/\"},\"wordCount\":1078,\"publisher\":{\"@id\":\"https:\\\/\\\/antykomunistyczni.pl\\\/#organization\"},\"image\":{\"@id\":\"https:\\\/\\\/antykomunistyczni.pl\\\/index.php\\\/10-marca-1950-poczatek-procesu-iv-zarzadu-glownego-win\\\/#primaryimage\"},\"thumbnailUrl\":\"https:\\\/\\\/antykomunistyczni.pl\\\/wp-content\\\/uploads\\\/2026\\\/03\\\/ProcesWIN.webp\",\"keywords\":[\"Kara \u015bmierci\",\"Proces pokazowy\",\"Wolno\u015b\u0107 i Niezawis\u0142o\u015b\u0107\"],\"articleSection\":[\"Aktualno\u015bci\",\"Komunistyczne zbrodnie w Polsce\",\"Stalinizm w Polsce\",\"\u015awiadectwa\"],\"inLanguage\":\"pl-PL\"},{\"@type\":\"WebPage\",\"@id\":\"https:\\\/\\\/antykomunistyczni.pl\\\/index.php\\\/10-marca-1950-poczatek-procesu-iv-zarzadu-glownego-win\\\/\",\"url\":\"https:\\\/\\\/antykomunistyczni.pl\\\/index.php\\\/10-marca-1950-poczatek-procesu-iv-zarzadu-glownego-win\\\/\",\"name\":\"10 marca 1950 \u2013 pocz\u0105tek procesu IV Zarz\u0105du G\u0142\u00f3wnego WiN - Antykomunistyczni.pl\",\"isPartOf\":{\"@id\":\"https:\\\/\\\/antykomunistyczni.pl\\\/#website\"},\"primaryImageOfPage\":{\"@id\":\"https:\\\/\\\/antykomunistyczni.pl\\\/index.php\\\/10-marca-1950-poczatek-procesu-iv-zarzadu-glownego-win\\\/#primaryimage\"},\"image\":{\"@id\":\"https:\\\/\\\/antykomunistyczni.pl\\\/index.php\\\/10-marca-1950-poczatek-procesu-iv-zarzadu-glownego-win\\\/#primaryimage\"},\"thumbnailUrl\":\"https:\\\/\\\/antykomunistyczni.pl\\\/wp-content\\\/uploads\\\/2026\\\/03\\\/ProcesWIN.webp\",\"datePublished\":\"2026-03-10T07:00:00+00:00\",\"dateModified\":\"2026-03-12T10:50:43+00:00\",\"description\":\"5 pa\u017adziernika 1950 roku rozpocz\u0119\u0142o si\u0119 post\u0119powanie przed S\u0105dem Rejonowym w Warszawie\",\"breadcrumb\":{\"@id\":\"https:\\\/\\\/antykomunistyczni.pl\\\/index.php\\\/10-marca-1950-poczatek-procesu-iv-zarzadu-glownego-win\\\/#breadcrumb\"},\"inLanguage\":\"pl-PL\",\"potentialAction\":[{\"@type\":\"ReadAction\",\"target\":[\"https:\\\/\\\/antykomunistyczni.pl\\\/index.php\\\/10-marca-1950-poczatek-procesu-iv-zarzadu-glownego-win\\\/\"]}]},{\"@type\":\"ImageObject\",\"inLanguage\":\"pl-PL\",\"@id\":\"https:\\\/\\\/antykomunistyczni.pl\\\/index.php\\\/10-marca-1950-poczatek-procesu-iv-zarzadu-glownego-win\\\/#primaryimage\",\"url\":\"https:\\\/\\\/antykomunistyczni.pl\\\/wp-content\\\/uploads\\\/2026\\\/03\\\/ProcesWIN.webp\",\"contentUrl\":\"https:\\\/\\\/antykomunistyczni.pl\\\/wp-content\\\/uploads\\\/2026\\\/03\\\/ProcesWIN.webp\",\"width\":1200,\"height\":660},{\"@type\":\"BreadcrumbList\",\"@id\":\"https:\\\/\\\/antykomunistyczni.pl\\\/index.php\\\/10-marca-1950-poczatek-procesu-iv-zarzadu-glownego-win\\\/#breadcrumb\",\"itemListElement\":[{\"@type\":\"ListItem\",\"position\":1,\"name\":\"Strona g\u0142\u00f3wna\",\"item\":\"https:\\\/\\\/antykomunistyczni.pl\\\/\"},{\"@type\":\"ListItem\",\"position\":2,\"name\":\"10 marca 1950 \u2013 pocz\u0105tek procesu IV Zarz\u0105du G\u0142\u00f3wnego WiN\"}]},{\"@type\":\"WebSite\",\"@id\":\"https:\\\/\\\/antykomunistyczni.pl\\\/#website\",\"url\":\"https:\\\/\\\/antykomunistyczni.pl\\\/\",\"name\":\"Antykomunistyczni.pl\",\"description\":\"\",\"publisher\":{\"@id\":\"https:\\\/\\\/antykomunistyczni.pl\\\/#organization\"},\"alternateName\":\"Historia PRL, zbrodnie komunistyczne w Polsce i na \u015bwiecie\",\"potentialAction\":[{\"@type\":\"SearchAction\",\"target\":{\"@type\":\"EntryPoint\",\"urlTemplate\":\"https:\\\/\\\/antykomunistyczni.pl\\\/?s={search_term_string}\"},\"query-input\":{\"@type\":\"PropertyValueSpecification\",\"valueRequired\":true,\"valueName\":\"search_term_string\"}}],\"inLanguage\":\"pl-PL\"},{\"@type\":\"Organization\",\"@id\":\"https:\\\/\\\/antykomunistyczni.pl\\\/#organization\",\"name\":\"Antykomunistyczni.pl\",\"url\":\"https:\\\/\\\/antykomunistyczni.pl\\\/\",\"logo\":{\"@type\":\"ImageObject\",\"inLanguage\":\"pl-PL\",\"@id\":\"https:\\\/\\\/antykomunistyczni.pl\\\/#\\\/schema\\\/logo\\\/image\\\/\",\"url\":\"https:\\\/\\\/antykomunistyczni.pl\\\/wp-content\\\/uploads\\\/2026\\\/02\\\/cropped-AntykomunistyczniLogoSquare150x150-2.png\",\"contentUrl\":\"https:\\\/\\\/antykomunistyczni.pl\\\/wp-content\\\/uploads\\\/2026\\\/02\\\/cropped-AntykomunistyczniLogoSquare150x150-2.png\",\"width\":150,\"height\":150,\"caption\":\"Antykomunistyczni.pl\"},\"image\":{\"@id\":\"https:\\\/\\\/antykomunistyczni.pl\\\/#\\\/schema\\\/logo\\\/image\\\/\"},\"sameAs\":[\"https:\\\/\\\/www.facebook.com\\\/antykomunistyczni\\\/\",\"https:\\\/\\\/x.com\\\/anty_komunisci\"]},{\"@type\":\"Person\",\"@id\":\"https:\\\/\\\/antykomunistyczni.pl\\\/#\\\/schema\\\/person\\\/4963e693e8006b94062d91d1295d02a0\",\"name\":\"Antykomunistyczni\",\"image\":{\"@type\":\"ImageObject\",\"inLanguage\":\"pl-PL\",\"@id\":\"https:\\\/\\\/secure.gravatar.com\\\/avatar\\\/ff172875f9ced7887f883245268c1ba638c26cf1e0530f7f61b4705963a6730b?s=96&d=mm&r=g\",\"url\":\"https:\\\/\\\/secure.gravatar.com\\\/avatar\\\/ff172875f9ced7887f883245268c1ba638c26cf1e0530f7f61b4705963a6730b?s=96&d=mm&r=g\",\"contentUrl\":\"https:\\\/\\\/secure.gravatar.com\\\/avatar\\\/ff172875f9ced7887f883245268c1ba638c26cf1e0530f7f61b4705963a6730b?s=96&d=mm&r=g\",\"caption\":\"Antykomunistyczni\"},\"sameAs\":[\"http:\\\/\\\/antykomunistyczni.pl\"],\"url\":\"https:\\\/\\\/antykomunistyczni.pl\\\/index.php\\\/author\\\/admin0\\\/\"}]}<\/script>\n<!-- \/ Yoast SEO plugin. -->","yoast_head_json":{"title":"10 marca 1950 \u2013 pocz\u0105tek procesu IV Zarz\u0105du G\u0142\u00f3wnego WiN - Antykomunistyczni.pl","description":"5 pa\u017adziernika 1950 roku rozpocz\u0119\u0142o si\u0119 post\u0119powanie przed S\u0105dem Rejonowym w Warszawie","robots":{"index":"index","follow":"follow","max-snippet":"max-snippet:-1","max-image-preview":"max-image-preview:large","max-video-preview":"max-video-preview:-1"},"canonical":"https:\/\/antykomunistyczni.pl\/index.php\/10-marca-1950-poczatek-procesu-iv-zarzadu-glownego-win\/","og_locale":"pl_PL","og_type":"article","og_title":"10 marca 1950 \u2013 pocz\u0105tek procesu IV Zarz\u0105du G\u0142\u00f3wnego WiN - Antykomunistyczni.pl","og_description":"5 pa\u017adziernika 1950 roku rozpocz\u0119\u0142o si\u0119 post\u0119powanie przed S\u0105dem Rejonowym w Warszawie","og_url":"https:\/\/antykomunistyczni.pl\/index.php\/10-marca-1950-poczatek-procesu-iv-zarzadu-glownego-win\/","og_site_name":"Antykomunistyczni.pl","article_publisher":"https:\/\/www.facebook.com\/antykomunistyczni\/","article_published_time":"2026-03-10T07:00:00+00:00","article_modified_time":"2026-03-12T10:50:43+00:00","og_image":[{"width":1200,"height":660,"url":"https:\/\/antykomunistyczni.pl\/wp-content\/uploads\/2026\/03\/ProcesWIN.webp","type":"image\/webp"}],"author":"Antykomunistyczni","twitter_card":"summary_large_image","twitter_creator":"@anty_komunisci","twitter_site":"@anty_komunisci","twitter_misc":{"Napisane przez":"Antykomunistyczni","Szacowany czas czytania":"6 minut"},"schema":{"@context":"https:\/\/schema.org","@graph":[{"@type":"Article","@id":"https:\/\/antykomunistyczni.pl\/index.php\/10-marca-1950-poczatek-procesu-iv-zarzadu-glownego-win\/#article","isPartOf":{"@id":"https:\/\/antykomunistyczni.pl\/index.php\/10-marca-1950-poczatek-procesu-iv-zarzadu-glownego-win\/"},"author":{"name":"Antykomunistyczni","@id":"https:\/\/antykomunistyczni.pl\/#\/schema\/person\/4963e693e8006b94062d91d1295d02a0"},"headline":"10 marca 1950 \u2013 pocz\u0105tek procesu IV Zarz\u0105du G\u0142\u00f3wnego WiN","datePublished":"2026-03-10T07:00:00+00:00","dateModified":"2026-03-12T10:50:43+00:00","mainEntityOfPage":{"@id":"https:\/\/antykomunistyczni.pl\/index.php\/10-marca-1950-poczatek-procesu-iv-zarzadu-glownego-win\/"},"wordCount":1078,"publisher":{"@id":"https:\/\/antykomunistyczni.pl\/#organization"},"image":{"@id":"https:\/\/antykomunistyczni.pl\/index.php\/10-marca-1950-poczatek-procesu-iv-zarzadu-glownego-win\/#primaryimage"},"thumbnailUrl":"https:\/\/antykomunistyczni.pl\/wp-content\/uploads\/2026\/03\/ProcesWIN.webp","keywords":["Kara \u015bmierci","Proces pokazowy","Wolno\u015b\u0107 i Niezawis\u0142o\u015b\u0107"],"articleSection":["Aktualno\u015bci","Komunistyczne zbrodnie w Polsce","Stalinizm w Polsce","\u015awiadectwa"],"inLanguage":"pl-PL"},{"@type":"WebPage","@id":"https:\/\/antykomunistyczni.pl\/index.php\/10-marca-1950-poczatek-procesu-iv-zarzadu-glownego-win\/","url":"https:\/\/antykomunistyczni.pl\/index.php\/10-marca-1950-poczatek-procesu-iv-zarzadu-glownego-win\/","name":"10 marca 1950 \u2013 pocz\u0105tek procesu IV Zarz\u0105du G\u0142\u00f3wnego WiN - Antykomunistyczni.pl","isPartOf":{"@id":"https:\/\/antykomunistyczni.pl\/#website"},"primaryImageOfPage":{"@id":"https:\/\/antykomunistyczni.pl\/index.php\/10-marca-1950-poczatek-procesu-iv-zarzadu-glownego-win\/#primaryimage"},"image":{"@id":"https:\/\/antykomunistyczni.pl\/index.php\/10-marca-1950-poczatek-procesu-iv-zarzadu-glownego-win\/#primaryimage"},"thumbnailUrl":"https:\/\/antykomunistyczni.pl\/wp-content\/uploads\/2026\/03\/ProcesWIN.webp","datePublished":"2026-03-10T07:00:00+00:00","dateModified":"2026-03-12T10:50:43+00:00","description":"5 pa\u017adziernika 1950 roku rozpocz\u0119\u0142o si\u0119 post\u0119powanie przed S\u0105dem Rejonowym w Warszawie","breadcrumb":{"@id":"https:\/\/antykomunistyczni.pl\/index.php\/10-marca-1950-poczatek-procesu-iv-zarzadu-glownego-win\/#breadcrumb"},"inLanguage":"pl-PL","potentialAction":[{"@type":"ReadAction","target":["https:\/\/antykomunistyczni.pl\/index.php\/10-marca-1950-poczatek-procesu-iv-zarzadu-glownego-win\/"]}]},{"@type":"ImageObject","inLanguage":"pl-PL","@id":"https:\/\/antykomunistyczni.pl\/index.php\/10-marca-1950-poczatek-procesu-iv-zarzadu-glownego-win\/#primaryimage","url":"https:\/\/antykomunistyczni.pl\/wp-content\/uploads\/2026\/03\/ProcesWIN.webp","contentUrl":"https:\/\/antykomunistyczni.pl\/wp-content\/uploads\/2026\/03\/ProcesWIN.webp","width":1200,"height":660},{"@type":"BreadcrumbList","@id":"https:\/\/antykomunistyczni.pl\/index.php\/10-marca-1950-poczatek-procesu-iv-zarzadu-glownego-win\/#breadcrumb","itemListElement":[{"@type":"ListItem","position":1,"name":"Strona g\u0142\u00f3wna","item":"https:\/\/antykomunistyczni.pl\/"},{"@type":"ListItem","position":2,"name":"10 marca 1950 \u2013 pocz\u0105tek procesu IV Zarz\u0105du G\u0142\u00f3wnego WiN"}]},{"@type":"WebSite","@id":"https:\/\/antykomunistyczni.pl\/#website","url":"https:\/\/antykomunistyczni.pl\/","name":"Antykomunistyczni.pl","description":"","publisher":{"@id":"https:\/\/antykomunistyczni.pl\/#organization"},"alternateName":"Historia PRL, zbrodnie komunistyczne w Polsce i na \u015bwiecie","potentialAction":[{"@type":"SearchAction","target":{"@type":"EntryPoint","urlTemplate":"https:\/\/antykomunistyczni.pl\/?s={search_term_string}"},"query-input":{"@type":"PropertyValueSpecification","valueRequired":true,"valueName":"search_term_string"}}],"inLanguage":"pl-PL"},{"@type":"Organization","@id":"https:\/\/antykomunistyczni.pl\/#organization","name":"Antykomunistyczni.pl","url":"https:\/\/antykomunistyczni.pl\/","logo":{"@type":"ImageObject","inLanguage":"pl-PL","@id":"https:\/\/antykomunistyczni.pl\/#\/schema\/logo\/image\/","url":"https:\/\/antykomunistyczni.pl\/wp-content\/uploads\/2026\/02\/cropped-AntykomunistyczniLogoSquare150x150-2.png","contentUrl":"https:\/\/antykomunistyczni.pl\/wp-content\/uploads\/2026\/02\/cropped-AntykomunistyczniLogoSquare150x150-2.png","width":150,"height":150,"caption":"Antykomunistyczni.pl"},"image":{"@id":"https:\/\/antykomunistyczni.pl\/#\/schema\/logo\/image\/"},"sameAs":["https:\/\/www.facebook.com\/antykomunistyczni\/","https:\/\/x.com\/anty_komunisci"]},{"@type":"Person","@id":"https:\/\/antykomunistyczni.pl\/#\/schema\/person\/4963e693e8006b94062d91d1295d02a0","name":"Antykomunistyczni","image":{"@type":"ImageObject","inLanguage":"pl-PL","@id":"https:\/\/secure.gravatar.com\/avatar\/ff172875f9ced7887f883245268c1ba638c26cf1e0530f7f61b4705963a6730b?s=96&d=mm&r=g","url":"https:\/\/secure.gravatar.com\/avatar\/ff172875f9ced7887f883245268c1ba638c26cf1e0530f7f61b4705963a6730b?s=96&d=mm&r=g","contentUrl":"https:\/\/secure.gravatar.com\/avatar\/ff172875f9ced7887f883245268c1ba638c26cf1e0530f7f61b4705963a6730b?s=96&d=mm&r=g","caption":"Antykomunistyczni"},"sameAs":["http:\/\/antykomunistyczni.pl"],"url":"https:\/\/antykomunistyczni.pl\/index.php\/author\/admin0\/"}]}},"_links":{"self":[{"href":"https:\/\/antykomunistyczni.pl\/index.php\/wp-json\/wp\/v2\/posts\/890","targetHints":{"allow":["GET"]}}],"collection":[{"href":"https:\/\/antykomunistyczni.pl\/index.php\/wp-json\/wp\/v2\/posts"}],"about":[{"href":"https:\/\/antykomunistyczni.pl\/index.php\/wp-json\/wp\/v2\/types\/post"}],"author":[{"embeddable":true,"href":"https:\/\/antykomunistyczni.pl\/index.php\/wp-json\/wp\/v2\/users\/1"}],"replies":[{"embeddable":true,"href":"https:\/\/antykomunistyczni.pl\/index.php\/wp-json\/wp\/v2\/comments?post=890"}],"version-history":[{"count":9,"href":"https:\/\/antykomunistyczni.pl\/index.php\/wp-json\/wp\/v2\/posts\/890\/revisions"}],"predecessor-version":[{"id":900,"href":"https:\/\/antykomunistyczni.pl\/index.php\/wp-json\/wp\/v2\/posts\/890\/revisions\/900"}],"wp:featuredmedia":[{"embeddable":true,"href":"https:\/\/antykomunistyczni.pl\/index.php\/wp-json\/wp\/v2\/media\/896"}],"wp:attachment":[{"href":"https:\/\/antykomunistyczni.pl\/index.php\/wp-json\/wp\/v2\/media?parent=890"}],"wp:term":[{"taxonomy":"category","embeddable":true,"href":"https:\/\/antykomunistyczni.pl\/index.php\/wp-json\/wp\/v2\/categories?post=890"},{"taxonomy":"post_tag","embeddable":true,"href":"https:\/\/antykomunistyczni.pl\/index.php\/wp-json\/wp\/v2\/tags?post=890"}],"curies":[{"name":"wp","href":"https:\/\/api.w.org\/{rel}","templated":true}]}}