{"id":901,"date":"2026-03-12T08:00:00","date_gmt":"2026-03-12T07:00:00","guid":{"rendered":"https:\/\/antykomunistyczni.pl\/?p=901"},"modified":"2026-03-12T11:50:43","modified_gmt":"2026-03-12T10:50:43","slug":"12-marca-1945-aresztowanie-gen-augusta-emila-fieldorfa-nila","status":"publish","type":"post","link":"https:\/\/antykomunistyczni.pl\/index.php\/12-marca-1945-aresztowanie-gen-augusta-emila-fieldorfa-nila\/","title":{"rendered":"12 marca 1945 \u2013 Aresztowanie gen. Augusta Emila Fieldorfa \u201eNila\u201d"},"content":{"rendered":"\t\t<div data-elementor-type=\"wp-post\" data-elementor-id=\"901\" class=\"elementor elementor-901\">\n\t\t\t\t<div class=\"elementor-element elementor-element-264d519 e-flex e-con-boxed e-con e-parent\" data-id=\"264d519\" data-element_type=\"container\" data-e-type=\"container\">\n\t\t\t\t\t<div class=\"e-con-inner\">\n\t\t\t\t<div class=\"elementor-element elementor-element-bc67302 elementor-widget elementor-widget-image\" data-id=\"bc67302\" data-element_type=\"widget\" data-e-type=\"widget\" data-widget_type=\"image.default\">\n\t\t\t\t\t\t\t\t\t\t\t\t\t\t\t<img fetchpriority=\"high\" decoding=\"async\" width=\"750\" height=\"885\" src=\"https:\/\/antykomunistyczni.pl\/wp-content\/uploads\/2026\/03\/GeneralNil-1.jpg\" class=\"attachment-medium_large size-medium_large wp-image-902\" alt=\"\" srcset=\"https:\/\/antykomunistyczni.pl\/wp-content\/uploads\/2026\/03\/GeneralNil-1.jpg 750w, https:\/\/antykomunistyczni.pl\/wp-content\/uploads\/2026\/03\/GeneralNil-1-254x300.jpg 254w\" sizes=\"(max-width: 750px) 100vw, 750px\" \/>\t\t\t\t\t\t\t\t\t\t\t\t\t\t\t<\/div>\n\t\t\t\t\t<\/div>\n\t\t\t\t<\/div>\n\t\t<div class=\"elementor-element elementor-element-6dce94b4 e-flex e-con-boxed e-con e-parent\" data-id=\"6dce94b4\" data-element_type=\"container\" data-e-type=\"container\">\n\t\t\t\t\t<div class=\"e-con-inner\">\n\t\t\t\t<div class=\"elementor-element elementor-element-2a3c4c8d elementor-widget elementor-widget-text-editor\" data-id=\"2a3c4c8d\" data-element_type=\"widget\" data-e-type=\"widget\" data-widget_type=\"text-editor.default\">\n\t\t\t\t\t\t\t\t\t<p><span style=\"color: #000000;\"><\/span><\/p>\n<h2 class=\"wp-block-heading\"><span style=\"color: #000000;\">12 marca 1945 roku funkcjonariusze NKWD aresztowali jednego z najwybitniejszych dow\u00f3dc\u00f3w polskiego podziemia \u2013 August Emil Fieldorf, znanego pod pseudonimem \u201eNil\u201d. By\u0142 to pocz\u0105tek tragicznej drogi bohatera Polskiego Pa\u0144stwa Podziemnego, kt\u00f3ra zako\u0144czy\u0142a si\u0119 osiem lat p\u00f3\u017aniej w komunistycznym wi\u0119zieniu.<\/span><\/h2>\n<p><span style=\"color: #000000;\"><\/span><\/p>\n<h3 class=\"wp-block-heading\"><span style=\"color: #000000;\">Bohater walki o wolno\u015b\u0107<\/span><\/h3>\n<p><span style=\"color: #000000;\"><\/span><\/p>\n<p class=\"wp-block-paragraph\"><span style=\"color: #000000;\">August Emil Fieldorf nale\u017ca\u0142 do pokolenia, kt\u00f3re ca\u0142e \u017cycie po\u015bwi\u0119ci\u0142o walce o niepodleg\u0142o\u015b\u0107 Polski. Walczy\u0142 w Legionach Polskich, a nast\u0119pnie w wojnie z bolszewikami w 1920 roku.<\/span><\/p>\n<p><span style=\"color: #000000;\"><\/span><\/p>\n<p class=\"wp-block-paragraph\"><span style=\"color: #000000;\">Podczas II wojny \u015bwiatowej by\u0142 jednym z najwa\u017cniejszych dow\u00f3dc\u00f3w Armia Krajowa. Jako tw\u00f3rca i dow\u00f3dca Kedyw odpowiada\u0142 za dzia\u0142ania dywersyjne przeciwko niemieckiemu okupantowi i nadzorowa\u0142 wiele najwa\u017cniejszych akcji polskiego podziemia.<\/span><\/p>\n<p><span style=\"color: #000000;\"><\/span><\/p>\n<h3 class=\"wp-block-heading\"><span style=\"color: #000000;\">Aresztowanie przez Sowiet\u00f3w<\/span><\/h3>\n<p><span style=\"color: #000000;\"><\/span><\/p>\n<p class=\"wp-block-paragraph\"><span style=\"color: #000000;\">Po rozwi\u0105zaniu Armii Krajowej w styczniu 1945 roku genera\u0142 pr\u00f3bowa\u0142 \u017cy\u0107 pod przybranym nazwiskiem i nie anga\u017cowa\u0107 si\u0119 w dzia\u0142alno\u015b\u0107 polityczn\u0105. Mia\u0142 nadziej\u0119, \u017ce zako\u0144czenie wojny przyniesie Polsce upragnion\u0105 wolno\u015b\u0107.<\/span><\/p>\n<p><span style=\"color: #000000;\"><\/span><\/p>\n<p class=\"wp-block-paragraph\"><span style=\"color: #000000;\">Sta\u0142o si\u0119 inaczej.<\/span><\/p>\n<p><span style=\"color: #000000;\"><\/span><\/p>\n<p class=\"wp-block-paragraph\"><span style=\"color: #000000;\">12 marca 1945 roku w Milan\u00f3wku zosta\u0142 zatrzymany przez funkcjonariuszy NKWD i wywieziony do Zwi\u0105zku Sowieckiego. Bohater walki z niemieck\u0105 okupacj\u0105 sta\u0142 si\u0119 wi\u0119\u017aniem nowego systemu, kt\u00f3ry w powojennej Polsce niszczy\u0142 struktury niepodleg\u0142o\u015bciowego podziemia.<\/span><\/p>\n<p><span style=\"color: #000000;\"><\/span><\/p>\n<h3 class=\"wp-block-heading\"><span style=\"color: #000000;\">\u201eBo odm\u00f3wi\u0142em wsp\u00f3\u0142pracy\u201d<\/span><\/h3>\n<p><span style=\"color: #000000;\"><\/span><\/p>\n<p class=\"wp-block-paragraph\"><span style=\"color: #000000;\">Po powrocie do Polski genera\u0142 zosta\u0142 ponownie aresztowany przez komunistyczne w\u0142adze. W sfingowanym procesie oskar\u017cono go o rzekom\u0105 wsp\u00f3\u0142prac\u0119 z Niemcami.<\/span><\/p>\n<p><span style=\"color: #000000;\"><\/span><\/p>\n<p class=\"wp-block-paragraph\"><span style=\"color: #000000;\">Wspomnienie jego \u017cony zachowa\u0142o s\u0142owa, kt\u00f3re wypowiedzia\u0142 do niej w wi\u0119zieniu:<\/span><\/p>\n<p><span style=\"color: #000000;\"><\/span><\/p>\n<blockquote class=\"wp-block-quote is-layout-flow wp-block-quote-is-layout-flow\">\n<p><span style=\"color: #000000;\"><\/span><\/p>\n<p class=\"wp-block-paragraph\"><span style=\"color: #000000;\">\u201eCzy wiesz, dlaczego mnie skazali? Bo odm\u00f3wi\u0142em wsp\u00f3\u0142pracy z nimi. Pami\u0119taj, \u017ceby\u015b nie prosi\u0142a o \u0142ask\u0119. Zabraniam ci.\u201d<\/span><\/p>\n<p><span style=\"color: #000000;\"><\/span><\/p>\n<\/blockquote>\n<p><span style=\"color: #000000;\"><\/span><\/p>\n<p class=\"wp-block-paragraph\"><span style=\"color: #000000;\">By\u0142y to s\u0142owa cz\u0142owieka, kt\u00f3ry mimo gro\u017aby \u015bmierci pozosta\u0142 wierny swoim zasadom i przysi\u0119dze \u017co\u0142nierskiej.<\/span><\/p>\n<p><span style=\"color: #000000;\"><\/span><\/p>\n<h3 class=\"wp-block-heading\"><span style=\"color: #000000;\">Wierno\u015b\u0107 do ko\u0144ca<\/span><\/h3>\n<p><span style=\"color: #000000;\"><\/span><\/p>\n<p class=\"wp-block-paragraph\"><span style=\"color: #000000;\">24 lutego 1953 roku gen. August Emil Fieldorf zosta\u0142 stracony w wi\u0119zieniu mokotowskim w Warszawie. Do dzi\u015b jego miejsce poch\u00f3wku nie jest pewne.<\/span><\/p>\n<p><span style=\"color: #000000;\"><\/span><\/p>\n<p class=\"wp-block-paragraph\"><span style=\"color: #000000;\">Aresztowanie 12 marca 1945 roku by\u0142o pocz\u0105tkiem drogi m\u0119cze\u0144stwa jednego z najwi\u0119kszych bohater\u00f3w polskiej walki o wolno\u015b\u0107. Postawa genera\u0142a \u201eNila\u201d \u2013 odmowa wsp\u00f3\u0142pracy z re\u017cimem i godne przyj\u0119cie wyroku \u2013 pozostaje symbolem honoru, wierno\u015bci i odwagi wobec niesprawiedliwo\u015bci historii.<\/span><\/p>\n<p><span style=\"color: #000000;\"><\/span><\/p>\n<p class=\"wp-block-paragraph\">\u00a0<\/p>\n<p><span style=\"color: #000000;\"><\/span><\/p>\t\t\t\t\t\t\t\t<\/div>\n\t\t\t\t\t<\/div>\n\t\t\t\t<\/div>\n\t\t\t\t<\/div>\n\t\t","protected":false},"excerpt":{"rendered":"<p>12 marca 1945 roku funkcjonariusze NKWD aresztowali jednego z najwybitniejszych dow\u00f3dc\u00f3w polskiego podziemia \u2013 August Emil Fieldorf, znanego pod pseudonimem \u201eNil\u201d. By\u0142 to pocz\u0105tek tragicznej drogi bohatera Polskiego Pa\u0144stwa Podziemnego, kt\u00f3ra zako\u0144czy\u0142a si\u0119 osiem lat p\u00f3\u017aniej w komunistycznym wi\u0119zieniu. Bohater walki o wolno\u015b\u0107 August Emil Fieldorf nale\u017ca\u0142 do pokolenia, kt\u00f3re ca\u0142e \u017cycie po\u015bwi\u0119ci\u0142o walce o [&hellip;]<\/p>\n","protected":false},"author":1,"featured_media":902,"comment_status":"closed","ping_status":"closed","sticky":false,"template":"","format":"standard","meta":{"give_campaign_id":0,"footnotes":""},"categories":[22,27,29,23],"tags":[42,41,36],"class_list":["post-901","post","type-post","status-publish","format-standard","has-post-thumbnail","hentry","category-aktualnosci","category-antykomunisci","category-komunistyczne-zbrodnie-w-polsce","category-swiadectwa","tag-kara-smierci","tag-proces-pokazowy","tag-zbrodnia-sadowa"],"yoast_head":"<!-- This site is optimized with the Yoast SEO plugin v28.4 - https:\/\/yoast.com\/product\/yoast-seo-wordpress\/ -->\n<title>12 marca 1945 \u2013 Aresztowanie gen. Augusta Emila Fieldorfa \u201eNila\u201d - Antykomunistyczni.pl<\/title>\n<meta name=\"description\" content=\"12 marca 1945 roku funkcjonariusze NKWD aresztowali jednego z najwybitniejszych dow\u00f3dc\u00f3w polskiego podziemia\" \/>\n<meta name=\"robots\" content=\"index, follow, max-snippet:-1, max-image-preview:large, max-video-preview:-1\" \/>\n<link rel=\"canonical\" href=\"https:\/\/antykomunistyczni.pl\/index.php\/12-marca-1945-aresztowanie-gen-augusta-emila-fieldorfa-nila\/\" \/>\n<meta property=\"og:locale\" content=\"pl_PL\" \/>\n<meta property=\"og:type\" content=\"article\" \/>\n<meta property=\"og:title\" content=\"12 marca 1945 \u2013 Aresztowanie gen. Augusta Emila Fieldorfa \u201eNila\u201d - Antykomunistyczni.pl\" \/>\n<meta property=\"og:description\" content=\"12 marca 1945 roku funkcjonariusze NKWD aresztowali jednego z najwybitniejszych dow\u00f3dc\u00f3w polskiego podziemia\" \/>\n<meta property=\"og:url\" content=\"https:\/\/antykomunistyczni.pl\/index.php\/12-marca-1945-aresztowanie-gen-augusta-emila-fieldorfa-nila\/\" \/>\n<meta property=\"og:site_name\" content=\"Antykomunistyczni.pl\" \/>\n<meta property=\"article:publisher\" content=\"https:\/\/www.facebook.com\/antykomunistyczni\/\" \/>\n<meta property=\"article:published_time\" content=\"2026-03-12T07:00:00+00:00\" \/>\n<meta property=\"article:modified_time\" content=\"2026-03-12T10:50:43+00:00\" \/>\n<meta property=\"og:image\" content=\"https:\/\/antykomunistyczni.pl\/wp-content\/uploads\/2026\/03\/GeneralNil-1.jpg\" \/>\n\t<meta property=\"og:image:width\" content=\"750\" \/>\n\t<meta property=\"og:image:height\" content=\"885\" \/>\n\t<meta property=\"og:image:type\" content=\"image\/jpeg\" \/>\n<meta name=\"author\" content=\"Antykomunistyczni\" \/>\n<meta name=\"twitter:card\" content=\"summary_large_image\" \/>\n<meta name=\"twitter:creator\" content=\"@anty_komunisci\" \/>\n<meta name=\"twitter:site\" content=\"@anty_komunisci\" \/>\n<meta name=\"twitter:label1\" content=\"Napisane przez\" \/>\n\t<meta name=\"twitter:data1\" content=\"Antykomunistyczni\" \/>\n\t<meta name=\"twitter:label2\" content=\"Szacowany czas czytania\" \/>\n\t<meta name=\"twitter:data2\" content=\"3 minuty\" \/>\n<script type=\"application\/ld+json\" class=\"yoast-schema-graph\">{\"@context\":\"https:\\\/\\\/schema.org\",\"@graph\":[{\"@type\":\"Article\",\"@id\":\"https:\\\/\\\/antykomunistyczni.pl\\\/index.php\\\/12-marca-1945-aresztowanie-gen-augusta-emila-fieldorfa-nila\\\/#article\",\"isPartOf\":{\"@id\":\"https:\\\/\\\/antykomunistyczni.pl\\\/index.php\\\/12-marca-1945-aresztowanie-gen-augusta-emila-fieldorfa-nila\\\/\"},\"author\":{\"name\":\"Antykomunistyczni\",\"@id\":\"https:\\\/\\\/antykomunistyczni.pl\\\/#\\\/schema\\\/person\\\/4963e693e8006b94062d91d1295d02a0\"},\"headline\":\"12 marca 1945 \u2013 Aresztowanie gen. Augusta Emila Fieldorfa \u201eNila\u201d\",\"datePublished\":\"2026-03-12T07:00:00+00:00\",\"dateModified\":\"2026-03-12T10:50:43+00:00\",\"mainEntityOfPage\":{\"@id\":\"https:\\\/\\\/antykomunistyczni.pl\\\/index.php\\\/12-marca-1945-aresztowanie-gen-augusta-emila-fieldorfa-nila\\\/\"},\"wordCount\":371,\"publisher\":{\"@id\":\"https:\\\/\\\/antykomunistyczni.pl\\\/#organization\"},\"image\":{\"@id\":\"https:\\\/\\\/antykomunistyczni.pl\\\/index.php\\\/12-marca-1945-aresztowanie-gen-augusta-emila-fieldorfa-nila\\\/#primaryimage\"},\"thumbnailUrl\":\"https:\\\/\\\/antykomunistyczni.pl\\\/wp-content\\\/uploads\\\/2026\\\/03\\\/GeneralNil-1.jpg\",\"keywords\":[\"Kara \u015bmierci\",\"Proces pokazowy\",\"Zbrodnia s\u0105dowa\"],\"articleSection\":[\"Aktualno\u015bci\",\"Antykomuni\u015bci\",\"Komunistyczne zbrodnie w Polsce\",\"\u015awiadectwa\"],\"inLanguage\":\"pl-PL\"},{\"@type\":\"WebPage\",\"@id\":\"https:\\\/\\\/antykomunistyczni.pl\\\/index.php\\\/12-marca-1945-aresztowanie-gen-augusta-emila-fieldorfa-nila\\\/\",\"url\":\"https:\\\/\\\/antykomunistyczni.pl\\\/index.php\\\/12-marca-1945-aresztowanie-gen-augusta-emila-fieldorfa-nila\\\/\",\"name\":\"12 marca 1945 \u2013 Aresztowanie gen. Augusta Emila Fieldorfa \u201eNila\u201d - Antykomunistyczni.pl\",\"isPartOf\":{\"@id\":\"https:\\\/\\\/antykomunistyczni.pl\\\/#website\"},\"primaryImageOfPage\":{\"@id\":\"https:\\\/\\\/antykomunistyczni.pl\\\/index.php\\\/12-marca-1945-aresztowanie-gen-augusta-emila-fieldorfa-nila\\\/#primaryimage\"},\"image\":{\"@id\":\"https:\\\/\\\/antykomunistyczni.pl\\\/index.php\\\/12-marca-1945-aresztowanie-gen-augusta-emila-fieldorfa-nila\\\/#primaryimage\"},\"thumbnailUrl\":\"https:\\\/\\\/antykomunistyczni.pl\\\/wp-content\\\/uploads\\\/2026\\\/03\\\/GeneralNil-1.jpg\",\"datePublished\":\"2026-03-12T07:00:00+00:00\",\"dateModified\":\"2026-03-12T10:50:43+00:00\",\"description\":\"12 marca 1945 roku funkcjonariusze NKWD aresztowali jednego z najwybitniejszych dow\u00f3dc\u00f3w polskiego podziemia\",\"breadcrumb\":{\"@id\":\"https:\\\/\\\/antykomunistyczni.pl\\\/index.php\\\/12-marca-1945-aresztowanie-gen-augusta-emila-fieldorfa-nila\\\/#breadcrumb\"},\"inLanguage\":\"pl-PL\",\"potentialAction\":[{\"@type\":\"ReadAction\",\"target\":[\"https:\\\/\\\/antykomunistyczni.pl\\\/index.php\\\/12-marca-1945-aresztowanie-gen-augusta-emila-fieldorfa-nila\\\/\"]}]},{\"@type\":\"ImageObject\",\"inLanguage\":\"pl-PL\",\"@id\":\"https:\\\/\\\/antykomunistyczni.pl\\\/index.php\\\/12-marca-1945-aresztowanie-gen-augusta-emila-fieldorfa-nila\\\/#primaryimage\",\"url\":\"https:\\\/\\\/antykomunistyczni.pl\\\/wp-content\\\/uploads\\\/2026\\\/03\\\/GeneralNil-1.jpg\",\"contentUrl\":\"https:\\\/\\\/antykomunistyczni.pl\\\/wp-content\\\/uploads\\\/2026\\\/03\\\/GeneralNil-1.jpg\",\"width\":750,\"height\":885},{\"@type\":\"BreadcrumbList\",\"@id\":\"https:\\\/\\\/antykomunistyczni.pl\\\/index.php\\\/12-marca-1945-aresztowanie-gen-augusta-emila-fieldorfa-nila\\\/#breadcrumb\",\"itemListElement\":[{\"@type\":\"ListItem\",\"position\":1,\"name\":\"Strona g\u0142\u00f3wna\",\"item\":\"https:\\\/\\\/antykomunistyczni.pl\\\/\"},{\"@type\":\"ListItem\",\"position\":2,\"name\":\"12 marca 1945 \u2013 Aresztowanie gen. Augusta Emila Fieldorfa \u201eNila\u201d\"}]},{\"@type\":\"WebSite\",\"@id\":\"https:\\\/\\\/antykomunistyczni.pl\\\/#website\",\"url\":\"https:\\\/\\\/antykomunistyczni.pl\\\/\",\"name\":\"Antykomunistyczni.pl\",\"description\":\"\",\"publisher\":{\"@id\":\"https:\\\/\\\/antykomunistyczni.pl\\\/#organization\"},\"alternateName\":\"Historia PRL, zbrodnie komunistyczne w Polsce i na \u015bwiecie\",\"potentialAction\":[{\"@type\":\"SearchAction\",\"target\":{\"@type\":\"EntryPoint\",\"urlTemplate\":\"https:\\\/\\\/antykomunistyczni.pl\\\/?s={search_term_string}\"},\"query-input\":{\"@type\":\"PropertyValueSpecification\",\"valueRequired\":true,\"valueName\":\"search_term_string\"}}],\"inLanguage\":\"pl-PL\"},{\"@type\":\"Organization\",\"@id\":\"https:\\\/\\\/antykomunistyczni.pl\\\/#organization\",\"name\":\"Antykomunistyczni.pl\",\"url\":\"https:\\\/\\\/antykomunistyczni.pl\\\/\",\"logo\":{\"@type\":\"ImageObject\",\"inLanguage\":\"pl-PL\",\"@id\":\"https:\\\/\\\/antykomunistyczni.pl\\\/#\\\/schema\\\/logo\\\/image\\\/\",\"url\":\"https:\\\/\\\/antykomunistyczni.pl\\\/wp-content\\\/uploads\\\/2026\\\/02\\\/cropped-AntykomunistyczniLogoSquare150x150-2.png\",\"contentUrl\":\"https:\\\/\\\/antykomunistyczni.pl\\\/wp-content\\\/uploads\\\/2026\\\/02\\\/cropped-AntykomunistyczniLogoSquare150x150-2.png\",\"width\":150,\"height\":150,\"caption\":\"Antykomunistyczni.pl\"},\"image\":{\"@id\":\"https:\\\/\\\/antykomunistyczni.pl\\\/#\\\/schema\\\/logo\\\/image\\\/\"},\"sameAs\":[\"https:\\\/\\\/www.facebook.com\\\/antykomunistyczni\\\/\",\"https:\\\/\\\/x.com\\\/anty_komunisci\"]},{\"@type\":\"Person\",\"@id\":\"https:\\\/\\\/antykomunistyczni.pl\\\/#\\\/schema\\\/person\\\/4963e693e8006b94062d91d1295d02a0\",\"name\":\"Antykomunistyczni\",\"image\":{\"@type\":\"ImageObject\",\"inLanguage\":\"pl-PL\",\"@id\":\"https:\\\/\\\/secure.gravatar.com\\\/avatar\\\/ff172875f9ced7887f883245268c1ba638c26cf1e0530f7f61b4705963a6730b?s=96&d=mm&r=g\",\"url\":\"https:\\\/\\\/secure.gravatar.com\\\/avatar\\\/ff172875f9ced7887f883245268c1ba638c26cf1e0530f7f61b4705963a6730b?s=96&d=mm&r=g\",\"contentUrl\":\"https:\\\/\\\/secure.gravatar.com\\\/avatar\\\/ff172875f9ced7887f883245268c1ba638c26cf1e0530f7f61b4705963a6730b?s=96&d=mm&r=g\",\"caption\":\"Antykomunistyczni\"},\"sameAs\":[\"http:\\\/\\\/antykomunistyczni.pl\"],\"url\":\"https:\\\/\\\/antykomunistyczni.pl\\\/index.php\\\/author\\\/admin0\\\/\"}]}<\/script>\n<!-- \/ Yoast SEO plugin. -->","yoast_head_json":{"title":"12 marca 1945 \u2013 Aresztowanie gen. Augusta Emila Fieldorfa \u201eNila\u201d - Antykomunistyczni.pl","description":"12 marca 1945 roku funkcjonariusze NKWD aresztowali jednego z najwybitniejszych dow\u00f3dc\u00f3w polskiego podziemia","robots":{"index":"index","follow":"follow","max-snippet":"max-snippet:-1","max-image-preview":"max-image-preview:large","max-video-preview":"max-video-preview:-1"},"canonical":"https:\/\/antykomunistyczni.pl\/index.php\/12-marca-1945-aresztowanie-gen-augusta-emila-fieldorfa-nila\/","og_locale":"pl_PL","og_type":"article","og_title":"12 marca 1945 \u2013 Aresztowanie gen. Augusta Emila Fieldorfa \u201eNila\u201d - Antykomunistyczni.pl","og_description":"12 marca 1945 roku funkcjonariusze NKWD aresztowali jednego z najwybitniejszych dow\u00f3dc\u00f3w polskiego podziemia","og_url":"https:\/\/antykomunistyczni.pl\/index.php\/12-marca-1945-aresztowanie-gen-augusta-emila-fieldorfa-nila\/","og_site_name":"Antykomunistyczni.pl","article_publisher":"https:\/\/www.facebook.com\/antykomunistyczni\/","article_published_time":"2026-03-12T07:00:00+00:00","article_modified_time":"2026-03-12T10:50:43+00:00","og_image":[{"width":750,"height":885,"url":"https:\/\/antykomunistyczni.pl\/wp-content\/uploads\/2026\/03\/GeneralNil-1.jpg","type":"image\/jpeg"}],"author":"Antykomunistyczni","twitter_card":"summary_large_image","twitter_creator":"@anty_komunisci","twitter_site":"@anty_komunisci","twitter_misc":{"Napisane przez":"Antykomunistyczni","Szacowany czas czytania":"3 minuty"},"schema":{"@context":"https:\/\/schema.org","@graph":[{"@type":"Article","@id":"https:\/\/antykomunistyczni.pl\/index.php\/12-marca-1945-aresztowanie-gen-augusta-emila-fieldorfa-nila\/#article","isPartOf":{"@id":"https:\/\/antykomunistyczni.pl\/index.php\/12-marca-1945-aresztowanie-gen-augusta-emila-fieldorfa-nila\/"},"author":{"name":"Antykomunistyczni","@id":"https:\/\/antykomunistyczni.pl\/#\/schema\/person\/4963e693e8006b94062d91d1295d02a0"},"headline":"12 marca 1945 \u2013 Aresztowanie gen. Augusta Emila Fieldorfa \u201eNila\u201d","datePublished":"2026-03-12T07:00:00+00:00","dateModified":"2026-03-12T10:50:43+00:00","mainEntityOfPage":{"@id":"https:\/\/antykomunistyczni.pl\/index.php\/12-marca-1945-aresztowanie-gen-augusta-emila-fieldorfa-nila\/"},"wordCount":371,"publisher":{"@id":"https:\/\/antykomunistyczni.pl\/#organization"},"image":{"@id":"https:\/\/antykomunistyczni.pl\/index.php\/12-marca-1945-aresztowanie-gen-augusta-emila-fieldorfa-nila\/#primaryimage"},"thumbnailUrl":"https:\/\/antykomunistyczni.pl\/wp-content\/uploads\/2026\/03\/GeneralNil-1.jpg","keywords":["Kara \u015bmierci","Proces pokazowy","Zbrodnia s\u0105dowa"],"articleSection":["Aktualno\u015bci","Antykomuni\u015bci","Komunistyczne zbrodnie w Polsce","\u015awiadectwa"],"inLanguage":"pl-PL"},{"@type":"WebPage","@id":"https:\/\/antykomunistyczni.pl\/index.php\/12-marca-1945-aresztowanie-gen-augusta-emila-fieldorfa-nila\/","url":"https:\/\/antykomunistyczni.pl\/index.php\/12-marca-1945-aresztowanie-gen-augusta-emila-fieldorfa-nila\/","name":"12 marca 1945 \u2013 Aresztowanie gen. Augusta Emila Fieldorfa \u201eNila\u201d - Antykomunistyczni.pl","isPartOf":{"@id":"https:\/\/antykomunistyczni.pl\/#website"},"primaryImageOfPage":{"@id":"https:\/\/antykomunistyczni.pl\/index.php\/12-marca-1945-aresztowanie-gen-augusta-emila-fieldorfa-nila\/#primaryimage"},"image":{"@id":"https:\/\/antykomunistyczni.pl\/index.php\/12-marca-1945-aresztowanie-gen-augusta-emila-fieldorfa-nila\/#primaryimage"},"thumbnailUrl":"https:\/\/antykomunistyczni.pl\/wp-content\/uploads\/2026\/03\/GeneralNil-1.jpg","datePublished":"2026-03-12T07:00:00+00:00","dateModified":"2026-03-12T10:50:43+00:00","description":"12 marca 1945 roku funkcjonariusze NKWD aresztowali jednego z najwybitniejszych dow\u00f3dc\u00f3w polskiego podziemia","breadcrumb":{"@id":"https:\/\/antykomunistyczni.pl\/index.php\/12-marca-1945-aresztowanie-gen-augusta-emila-fieldorfa-nila\/#breadcrumb"},"inLanguage":"pl-PL","potentialAction":[{"@type":"ReadAction","target":["https:\/\/antykomunistyczni.pl\/index.php\/12-marca-1945-aresztowanie-gen-augusta-emila-fieldorfa-nila\/"]}]},{"@type":"ImageObject","inLanguage":"pl-PL","@id":"https:\/\/antykomunistyczni.pl\/index.php\/12-marca-1945-aresztowanie-gen-augusta-emila-fieldorfa-nila\/#primaryimage","url":"https:\/\/antykomunistyczni.pl\/wp-content\/uploads\/2026\/03\/GeneralNil-1.jpg","contentUrl":"https:\/\/antykomunistyczni.pl\/wp-content\/uploads\/2026\/03\/GeneralNil-1.jpg","width":750,"height":885},{"@type":"BreadcrumbList","@id":"https:\/\/antykomunistyczni.pl\/index.php\/12-marca-1945-aresztowanie-gen-augusta-emila-fieldorfa-nila\/#breadcrumb","itemListElement":[{"@type":"ListItem","position":1,"name":"Strona g\u0142\u00f3wna","item":"https:\/\/antykomunistyczni.pl\/"},{"@type":"ListItem","position":2,"name":"12 marca 1945 \u2013 Aresztowanie gen. Augusta Emila Fieldorfa \u201eNila\u201d"}]},{"@type":"WebSite","@id":"https:\/\/antykomunistyczni.pl\/#website","url":"https:\/\/antykomunistyczni.pl\/","name":"Antykomunistyczni.pl","description":"","publisher":{"@id":"https:\/\/antykomunistyczni.pl\/#organization"},"alternateName":"Historia PRL, zbrodnie komunistyczne w Polsce i na \u015bwiecie","potentialAction":[{"@type":"SearchAction","target":{"@type":"EntryPoint","urlTemplate":"https:\/\/antykomunistyczni.pl\/?s={search_term_string}"},"query-input":{"@type":"PropertyValueSpecification","valueRequired":true,"valueName":"search_term_string"}}],"inLanguage":"pl-PL"},{"@type":"Organization","@id":"https:\/\/antykomunistyczni.pl\/#organization","name":"Antykomunistyczni.pl","url":"https:\/\/antykomunistyczni.pl\/","logo":{"@type":"ImageObject","inLanguage":"pl-PL","@id":"https:\/\/antykomunistyczni.pl\/#\/schema\/logo\/image\/","url":"https:\/\/antykomunistyczni.pl\/wp-content\/uploads\/2026\/02\/cropped-AntykomunistyczniLogoSquare150x150-2.png","contentUrl":"https:\/\/antykomunistyczni.pl\/wp-content\/uploads\/2026\/02\/cropped-AntykomunistyczniLogoSquare150x150-2.png","width":150,"height":150,"caption":"Antykomunistyczni.pl"},"image":{"@id":"https:\/\/antykomunistyczni.pl\/#\/schema\/logo\/image\/"},"sameAs":["https:\/\/www.facebook.com\/antykomunistyczni\/","https:\/\/x.com\/anty_komunisci"]},{"@type":"Person","@id":"https:\/\/antykomunistyczni.pl\/#\/schema\/person\/4963e693e8006b94062d91d1295d02a0","name":"Antykomunistyczni","image":{"@type":"ImageObject","inLanguage":"pl-PL","@id":"https:\/\/secure.gravatar.com\/avatar\/ff172875f9ced7887f883245268c1ba638c26cf1e0530f7f61b4705963a6730b?s=96&d=mm&r=g","url":"https:\/\/secure.gravatar.com\/avatar\/ff172875f9ced7887f883245268c1ba638c26cf1e0530f7f61b4705963a6730b?s=96&d=mm&r=g","contentUrl":"https:\/\/secure.gravatar.com\/avatar\/ff172875f9ced7887f883245268c1ba638c26cf1e0530f7f61b4705963a6730b?s=96&d=mm&r=g","caption":"Antykomunistyczni"},"sameAs":["http:\/\/antykomunistyczni.pl"],"url":"https:\/\/antykomunistyczni.pl\/index.php\/author\/admin0\/"}]}},"_links":{"self":[{"href":"https:\/\/antykomunistyczni.pl\/index.php\/wp-json\/wp\/v2\/posts\/901","targetHints":{"allow":["GET"]}}],"collection":[{"href":"https:\/\/antykomunistyczni.pl\/index.php\/wp-json\/wp\/v2\/posts"}],"about":[{"href":"https:\/\/antykomunistyczni.pl\/index.php\/wp-json\/wp\/v2\/types\/post"}],"author":[{"embeddable":true,"href":"https:\/\/antykomunistyczni.pl\/index.php\/wp-json\/wp\/v2\/users\/1"}],"replies":[{"embeddable":true,"href":"https:\/\/antykomunistyczni.pl\/index.php\/wp-json\/wp\/v2\/comments?post=901"}],"version-history":[{"count":8,"href":"https:\/\/antykomunistyczni.pl\/index.php\/wp-json\/wp\/v2\/posts\/901\/revisions"}],"predecessor-version":[{"id":910,"href":"https:\/\/antykomunistyczni.pl\/index.php\/wp-json\/wp\/v2\/posts\/901\/revisions\/910"}],"wp:featuredmedia":[{"embeddable":true,"href":"https:\/\/antykomunistyczni.pl\/index.php\/wp-json\/wp\/v2\/media\/902"}],"wp:attachment":[{"href":"https:\/\/antykomunistyczni.pl\/index.php\/wp-json\/wp\/v2\/media?parent=901"}],"wp:term":[{"taxonomy":"category","embeddable":true,"href":"https:\/\/antykomunistyczni.pl\/index.php\/wp-json\/wp\/v2\/categories?post=901"},{"taxonomy":"post_tag","embeddable":true,"href":"https:\/\/antykomunistyczni.pl\/index.php\/wp-json\/wp\/v2\/tags?post=901"}],"curies":[{"name":"wp","href":"https:\/\/api.w.org\/{rel}","templated":true}]}}