{"id":931,"date":"2026-03-11T16:37:23","date_gmt":"2026-03-11T15:37:23","guid":{"rendered":"https:\/\/antykomunistyczni.pl\/?p=931"},"modified":"2026-03-11T16:48:03","modified_gmt":"2026-03-11T15:48:03","slug":"czerwona-narracja-w-popkulturze-od-filmow-po-media-spolecznosciowe","status":"publish","type":"post","link":"https:\/\/antykomunistyczni.pl\/index.php\/czerwona-narracja-w-popkulturze-od-filmow-po-media-spolecznosciowe\/","title":{"rendered":"Czerwona narracja w popkulturze \u2013 od film\u00f3w po media spo\u0142eczno\u015bciowe"},"content":{"rendered":"\t\t<div data-elementor-type=\"wp-post\" data-elementor-id=\"931\" class=\"elementor elementor-931\">\n\t\t\t\t<div class=\"elementor-element elementor-element-1ef8c625 e-flex e-con-boxed e-con e-parent\" data-id=\"1ef8c625\" data-element_type=\"container\" data-e-type=\"container\">\n\t\t\t\t\t<div class=\"e-con-inner\">\n\t\t\t\t<div class=\"elementor-element elementor-element-761e8915 elementor-widget elementor-widget-text-editor\" data-id=\"761e8915\" data-element_type=\"widget\" data-e-type=\"widget\" data-widget_type=\"text-editor.default\">\n\t\t\t\t\t\t\t\t\t<p><span style=\"color: #000000;\"><\/span><\/p>\n<h1><span style=\"color: #000000;\">Czerwona narracja w popkulturze \u2013 od film\u00f3w po media spo\u0142eczno\u015bciowe<\/span><\/h1>\n<p class=\"wp-block-paragraph\"><span style=\"color: #000000;\"><\/span><\/p>\n<p class=\"wp-block-paragraph\"><span style=\"color: #000000;\">Popkultura od zawsze by\u0142a jednym z najpot\u0119\u017cniejszych narz\u0119dzi kszta\u0142towania \u015bwiadomo\u015bci spo\u0142ecznej. Filmy, seriale, muzyka, literatura czy media spo\u0142eczno\u015bciowe nie tylko bawi\u0105, ale tak\u017ce przekazuj\u0105 okre\u015blone wizje \u015bwiata. W ostatnich dekadach coraz cz\u0119\u015bciej mo\u017cna zauwa\u017cy\u0107 w nich subtelne lub bezpo\u015brednie odniesienia do idei wywodz\u0105cych si\u0119 z marksizmu i tradycji komunistycznej. Zjawisko to bywa okre\u015blane jako <strong>\u201eczerwona narracja\u201d<\/strong> \u2013 spos\u00f3b przedstawiania rzeczywisto\u015bci, kt\u00f3ry promuje okre\u015blon\u0105 wizj\u0119 spo\u0142ecze\u0144stwa, konfliktu klasowego czy roli pa\u0144stwa.<\/span><\/p>\n<p><span style=\"color: #000000;\"><\/span><\/p>\n<h2 class=\"wp-block-heading\"><span style=\"color: #000000;\">Popkultura jako narz\u0119dzie ideologii<\/span><\/h2>\n<p><span style=\"color: #000000;\"><\/span><\/p>\n<p class=\"wp-block-paragraph\"><span style=\"color: #000000;\">W XX wieku pa\u0144stwa komunistyczne bardzo \u015bwiadomie wykorzystywa\u0142y kultur\u0119 do kszta\u0142towania pogl\u0105d\u00f3w obywateli. W Zwi\u0105zku Sowieckim film, literatura czy sztuka by\u0142y podporz\u0105dkowane ideologii socjalistycznej i doktrynie socrealizmu. Bohaterem mia\u0142 by\u0107 robotnik lub ch\u0142op, a historia musia\u0142a potwierdza\u0107 s\u0142uszno\u015b\u0107 systemu.<\/span><\/p>\n<p><span style=\"color: #000000;\"><\/span><\/p>\n<p class=\"wp-block-paragraph\"><span style=\"color: #000000;\">Cho\u0107 wsp\u00f3\u0142czesny \u015bwiat kultury nie jest kontrolowany przez pa\u0144stwow\u0105 cenzur\u0119 w taki spos\u00f3b jak w czasach totalitaryzm\u00f3w, idee ideologiczne wci\u0105\u017c pojawiaj\u0105 si\u0119 w przekazie artystycznym. Dzieje si\u0119 to cz\u0119sto nie poprzez otwart\u0105 propagand\u0119, lecz poprzez <strong>schematy narracyjne<\/strong>, kt\u00f3re podkre\u015blaj\u0105 konflikt spo\u0142eczny, niesprawiedliwo\u015b\u0107 ekonomiczn\u0105 czy potrzeb\u0119 radykalnej zmiany systemu.<\/span><\/p>\n<p><span style=\"color: #000000;\"><\/span><\/p>\n<h2 class=\"wp-block-heading\"><span style=\"color: #000000;\">Film i serial \u2013 nowe opowie\u015bci o \u015bwiecie<\/span><\/h2>\n<p><span style=\"color: #000000;\"><\/span><\/p>\n<p class=\"wp-block-paragraph\"><span style=\"color: #000000;\">Kino i seriale s\u0105 jednym z najwa\u017cniejszych no\u015bnik\u00f3w wsp\u00f3\u0142czesnej kultury. To w\u0142a\u015bnie w nich cz\u0119sto pojawiaj\u0105 si\u0119 w\u0105tki inspirowane ide\u0105 walki klas, krytyk\u0105 nier\u00f3wno\u015bci ekonomicznych czy obrazem \u015bwiata podzielonego na uprzywilejowanych i uciskanych.<\/span><\/p>\n<p><span style=\"color: #000000;\"><\/span><\/p>\n<p class=\"wp-block-paragraph\"><span style=\"color: #000000;\">Dobrym przyk\u0142adem jest film <strong>Parasite<\/strong>, kt\u00f3ry zdoby\u0142 ogromn\u0105 popularno\u015b\u0107 i Oscara za najlepszy film. Opowiada on histori\u0119 ubogiej rodziny pr\u00f3buj\u0105cej przenikn\u0105\u0107 do \u015bwiata bogatej elity. Cho\u0107 jest to przede wszystkim dramat spo\u0142eczny, jego interpretacja cz\u0119sto odnosi si\u0119 do konfliktu klasowego i krytyki kapitalistycznego porz\u0105dku.<\/span><\/p>\n<p><span style=\"color: #000000;\"><\/span><\/p>\n<p class=\"wp-block-paragraph\"><span style=\"color: #000000;\">Podobny motyw pojawia si\u0119 w serialu <strong>Squid Game<\/strong>, w kt\u00f3rym ludzie pogr\u0105\u017ceni w d\u0142ugach uczestnicz\u0105 w brutalnej grze o przetrwanie. Serial pokazuje \u015bwiat skrajnych nier\u00f3wno\u015bci ekonomicznych, w kt\u00f3rym bogaci obserwuj\u0105 cierpienie biednych jako form\u0119 rozrywki.<\/span><\/p>\n<p><span style=\"color: #000000;\"><\/span><\/p>\n<p class=\"wp-block-paragraph\"><span style=\"color: #000000;\">Z kolei w filmie <strong>Joker<\/strong> historia jednostki odrzuconej przez spo\u0142ecze\u0144stwo przeradza si\u0119 w bunt przeciw systemowi. W wielu interpretacjach film ten przedstawia wybuch spo\u0142ecznej frustracji i gniewu wobec elit finansowych i politycznych.<\/span><\/p>\n<p><span style=\"color: #000000;\"><\/span><\/p>\n<p class=\"wp-block-paragraph\"><span style=\"color: #000000;\">Nie oznacza to, \u017ce tw\u00f3rcy tych film\u00f3w \u015bwiadomie promuj\u0105 ideologi\u0119 komunistyczn\u0105. Jednak przedstawiane w nich narracje cz\u0119sto korzystaj\u0105 z j\u0119zyka i schemat\u00f3w my\u015blenia obecnych w teorii konfliktu klas.<\/span><\/p>\n<p><span style=\"color: #000000;\"><\/span><\/p>\n<h2 class=\"wp-block-heading\"><span style=\"color: #000000;\">Literatura i kultura m\u0142odzie\u017cowa<\/span><\/h2>\n<p><span style=\"color: #000000;\"><\/span><\/p>\n<p class=\"wp-block-paragraph\"><span style=\"color: #000000;\">W literaturze popularnej, szczeg\u00f3lnie tej skierowanej do m\u0142odych odbiorc\u00f3w, cz\u0119sto pojawiaj\u0105 si\u0119 historie o m\u0142odych bohaterach walcz\u0105cych z opresyjnym systemem. Takie opowie\u015bci maj\u0105 ogromn\u0105 si\u0142\u0119 oddzia\u0142ywania, poniewa\u017c pokazuj\u0105 bunt jako drog\u0119 do wolno\u015bci i sprawiedliwo\u015bci.<\/span><\/p>\n<p><span style=\"color: #000000;\"><\/span><\/p>\n<p class=\"wp-block-paragraph\"><span style=\"color: #000000;\">Przyk\u0142adem jest seria <strong>The Hunger Games<\/strong>, w kt\u00f3rej spo\u0142ecze\u0144stwo podzielone jest na uprzywilejowan\u0105 elit\u0119 i ubogie dystrykty. Historia skupia si\u0119 na rewolcie przeciw systemowi politycznemu i gospodarczemu, kt\u00f3ry wykorzystuje biedniejszych obywateli.<\/span><\/p>\n<p><span style=\"color: #000000;\"><\/span><\/p>\n<p class=\"wp-block-paragraph\"><span style=\"color: #000000;\">Podobne motywy pojawiaj\u0105 si\u0119 w wielu wsp\u00f3\u0142czesnych powie\u015bciach dystopijnych. Cho\u0107 cz\u0119sto s\u0105 one krytyk\u0105 autorytarnych system\u00f3w, jednocze\u015bnie wzmacniaj\u0105 wizj\u0119 \u015bwiata opart\u0105 na konflikcie mi\u0119dzy klasami spo\u0142ecznymi.<\/span><\/p>\n<p><span style=\"color: #000000;\"><\/span><\/p>\n<h2 class=\"wp-block-heading\"><span style=\"color: #000000;\">Muzyka i symbole kulturowe<\/span><\/h2>\n<p><span style=\"color: #000000;\"><\/span><\/p>\n<p class=\"wp-block-paragraph\"><span style=\"color: #000000;\">Popkultura muzyczna r\u00f3wnie\u017c nie jest wolna od odniesie\u0144 ideologicznych. W niekt\u00f3rych \u015brodowiskach muzycznych pojawiaj\u0105 si\u0119 symbole i has\u0142a wywodz\u0105ce si\u0119 z tradycji lewicowej, a nawet komunistycznej.<\/span><\/p>\n<p><span style=\"color: #000000;\"><\/span><\/p>\n<p class=\"wp-block-paragraph\"><span style=\"color: #000000;\">Przyk\u0142adem mo\u017ce by\u0107 s\u0142ynna piosenka <strong>Imagine<\/strong> autorstwa <strong>John Lennon<\/strong>. Utw\u00f3r przedstawia wizj\u0119 \u015bwiata bez granic, w\u0142asno\u015bci prywatnej i religii. Dla jednych jest to uniwersalny apel o pok\u00f3j, dla innych \u2013 utopijna wizja spo\u0142ecze\u0144stwa przypominaj\u0105ca idee komunistyczne.<\/span><\/p>\n<p><span style=\"color: #000000;\"><\/span><\/p>\n<p class=\"wp-block-paragraph\"><span style=\"color: #000000;\">W wielu utworach muzycznych pojawiaj\u0105 si\u0119 tak\u017ce symbole rewolucji, czerwonej gwiazdy czy wizerunki postaci zwi\u0105zanych z ruchami rewolucyjnymi XX wieku.<\/span><\/p>\n<p><span style=\"color: #000000;\"><\/span><\/p>\n<h1 data-section-id=\"1mga89f\" data-start=\"201\" data-end=\"246\"><span style=\"color: #000000;\">Wsp\u00f3\u0142czesne przyk\u0142ady z polskiej popkultury<\/span><\/h1>\n<p data-start=\"248\" data-end=\"516\"><span style=\"color: #000000;\">W Polsce po 1989 roku popkultura sta\u0142a si\u0119 przestrzeni\u0105 wolnej debaty o historii i to\u017csamo\u015bci narodowej. Jednocze\u015bnie pojawi\u0142y si\u0119 produkcje, kt\u00f3re wywo\u0142ywa\u0142y spory o spos\u00f3b przedstawiania historii komunizmu, roli opozycji czy odpowiedzialno\u015bci za wydarzenia XX wieku.<\/span><\/p>\n<h2 data-section-id=\"1svb7yl\" data-start=\"518\" data-end=\"553\"><span style=\"color: #000000;\">Spory wok\u00f3\u0142 film\u00f3w historycznych<\/span><\/h2>\n<p data-start=\"555\" data-end=\"905\"><span style=\"color: #000000;\">Jednym z przyk\u0142ad\u00f3w jest film <strong data-start=\"585\" data-end=\"626\"><span class=\"hover:entity-accent entity-underline inline cursor-pointer align-baseline\"><span class=\"whitespace-normal\">Ida<\/span><\/span><\/strong> w re\u017cyserii <strong data-start=\"639\" data-end=\"680\"><span class=\"hover:entity-accent entity-underline inline cursor-pointer align-baseline\"><span class=\"whitespace-normal\">Pawe\u0142 Pawlikowski<\/span><\/span><\/strong>. Produkcja zdoby\u0142a mi\u0119dzynarodowe nagrody, w tym Oscara, ale w Polsce sta\u0142a si\u0119 przedmiotem dyskusji o tym, czy obraz historii przedstawiony w filmie jest pe\u0142ny i czy nie pomija wa\u017cnych element\u00f3w kontekstu powojennej Polski.<\/span><\/p>\n<p data-start=\"907\" data-end=\"1146\"><span style=\"color: #000000;\">Podobne emocje wzbudzi\u0142 film <strong data-start=\"936\" data-end=\"977\"><span class=\"hover:entity-accent entity-underline inline cursor-pointer align-baseline\"><span class=\"whitespace-normal\">Pok\u0142osie<\/span><\/span><\/strong> w re\u017cyserii <strong data-start=\"990\" data-end=\"1031\"><span class=\"hover:entity-accent entity-underline inline cursor-pointer align-baseline\"><span class=\"whitespace-normal\">W\u0142adys\u0142aw Pasikowski<\/span><\/span><\/strong>, kt\u00f3ry wywo\u0142a\u0142 szerok\u0105 debat\u0119 o pami\u0119ci historycznej i sposobie opowiadania o trudnych wydarzeniach z przesz\u0142o\u015bci.<\/span><\/p>\n<p data-start=\"1148\" data-end=\"1404\"><span style=\"color: #000000;\">Jeszcze wi\u0119ksze kontrowersje pojawi\u0142y si\u0119 wok\u00f3\u0142 filmu <strong data-start=\"1202\" data-end=\"1243\"><span class=\"hover:entity-accent entity-underline inline cursor-pointer align-baseline\"><span class=\"whitespace-normal\">Zielona Granica<\/span><\/span><\/strong> re\u017cyserowanego przez <strong data-start=\"1265\" data-end=\"1306\"><span class=\"hover:entity-accent entity-underline inline cursor-pointer align-baseline\"><span class=\"whitespace-normal\">Agnieszka Holland<\/span><\/span><\/strong>, kt\u00f3ry przez wielu komentator\u00f3w zosta\u0142 uznany za przyk\u0142ad silnie zaanga\u017cowanego politycznie kina.<\/span><\/p>\n<p data-start=\"1406\" data-end=\"1524\"><span style=\"color: #000000;\">Debaty wok\u00f3\u0142 tych produkcji pokazuj\u0105, \u017ce <strong data-start=\"1447\" data-end=\"1523\">kino mo\u017ce sta\u0107 si\u0119 polem walki o interpretacj\u0119 historii i wsp\u00f3\u0142czesno\u015bci<\/strong>.<\/span><\/p>\n<h2 data-section-id=\"1rbpxcl\" data-start=\"1531\" data-end=\"1569\"><span style=\"color: #000000;\">Nostalgia za PRL w kulturze masowej<\/span><\/h2>\n<p data-start=\"1571\" data-end=\"1837\"><span style=\"color: #000000;\">Innym zjawiskiem jest <strong data-start=\"1593\" data-end=\"1634\">nostalgiczne przedstawianie epoki PRL<\/strong> w mediach i rozrywce. W programach telewizyjnych, reklamach czy publikacjach internetowych cz\u0119sto pojawiaj\u0105 si\u0119 obrazy codzienno\u015bci tamtych lat \u2013 charakterystyczne produkty, samochody, meble czy muzyka.<\/span><\/p>\n<p data-start=\"1839\" data-end=\"2133\"><span style=\"color: #000000;\">Z jednej strony jest to naturalna ciekawo\u015b\u0107 historii i estetyki epoki. Z drugiej strony pojawia si\u0119 pytanie, czy takie przedstawienia nie prowadz\u0105 do <strong data-start=\"1989\" data-end=\"2033\">sp\u0142ycenia obrazu systemu komunistycznego<\/strong>, kt\u00f3ry w rzeczywisto\u015bci oznacza\u0142 brak wolno\u015bci s\u0142owa, represje polityczne i kontrol\u0119 spo\u0142ecze\u0144stwa.<\/span><\/p>\n<h2 data-section-id=\"sxaoa7\" data-start=\"2140\" data-end=\"2174\"><span style=\"color: #000000;\">Internet i nowa kultura symboli<\/span><\/h2>\n<p data-start=\"2176\" data-end=\"2371\"><span style=\"color: #000000;\">Wsp\u00f3\u0142czesna popkultura w du\u017cej mierze przenios\u0142a si\u0119 do internetu. Media spo\u0142eczno\u015bciowe, serwisy wideo i platformy streamingowe sta\u0142y si\u0119 g\u0142\u00f3wnym miejscem kszta\u0142towania opinii m\u0142odego pokolenia.<\/span><\/p>\n<p data-start=\"2373\" data-end=\"2604\"><span style=\"color: #000000;\">W sieci coraz cz\u0119\u015bciej pojawiaj\u0105 si\u0119 symbole, has\u0142a i memy odwo\u0142uj\u0105ce si\u0119 do idei antysystemowych lub radykalnie krytykuj\u0105cych kapitalizm. Niekiedy wykorzystuj\u0105 one estetyk\u0119 lub j\u0119zyk znany z tradycji ruch\u00f3w rewolucyjnych XX wieku.<\/span><\/p>\n<p data-start=\"2606\" data-end=\"2827\"><span style=\"color: #000000;\">Zjawisko to jest szczeg\u00f3lnie widoczne w kulturze mem\u00f3w i kr\u00f3tkich materia\u0142\u00f3w wideo, kt\u00f3re w prosty spos\u00f3b przedstawiaj\u0105 z\u0142o\u017cone problemy spo\u0142eczne, cz\u0119sto redukuj\u0105c je do schematu konfliktu mi\u0119dzy \u201ebogatymi\u201d i \u201ebiednymi\u201d.<\/span><\/p>\n<h2 data-section-id=\"1lhtp1r\" data-start=\"2834\" data-end=\"2872\"><span style=\"color: #000000;\">Popkultura jako pole walki o pami\u0119\u0107<\/span><\/h2>\n<p data-start=\"2874\" data-end=\"3018\"><span style=\"color: #000000;\">Popkultura nie jest tylko rozrywk\u0105. To r\u00f3wnie\u017c przestrze\u0144, w kt\u00f3rej toczy si\u0119 <strong data-start=\"2952\" data-end=\"3017\">sp\u00f3r o interpretacj\u0119 historii i warto\u015bci wsp\u00f3\u0142czesnego \u015bwiata<\/strong>.<\/span><\/p>\n<p data-start=\"3020\" data-end=\"3182\"><span style=\"color: #000000;\">Filmy, seriale, ksi\u0105\u017cki czy muzyka mog\u0105 przypomina\u0107 o do\u015bwiadczeniu totalitaryzm\u00f3w XX wieku, ale mog\u0105 te\u017c tworzy\u0107 uproszczone lub jednostronne obrazy przesz\u0142o\u015bci.<\/span><\/p>\n<p data-start=\"3184\" data-end=\"3290\"><span style=\"color: #000000;\">Dlatego tak wa\u017cna jest <strong data-start=\"3207\" data-end=\"3233\">\u015bwiadomo\u015b\u0107 historyczna<\/strong> i umiej\u0119tno\u015b\u0107 krytycznego odbioru przekaz\u00f3w kulturowych.<\/span><\/p>\n<p data-start=\"3292\" data-end=\"3464\"><span style=\"color: #000000;\">Bo kultura popularna \u2013 nawet gdy wydaje si\u0119 tylko rozrywk\u0105 \u2013 ma ogromny wp\u0142yw na to, <strong data-start=\"3377\" data-end=\"3463\">jak kolejne pokolenia rozumiej\u0105 histori\u0119, wolno\u015b\u0107 i odpowiedzialno\u015b\u0107 za przysz\u0142o\u015b\u0107<\/strong>.<\/span><\/p>\n<p><span style=\"color: #000000;\"><\/span><\/p>\n<p class=\"wp-block-paragraph\">\u00a0<\/p>\n<p><span style=\"color: #000000;\"><\/span><\/p>\t\t\t\t\t\t\t\t<\/div>\n\t\t\t\t\t<\/div>\n\t\t\t\t<\/div>\n\t\t\t\t<\/div>\n\t\t","protected":false},"excerpt":{"rendered":"<p>Czerwona narracja w popkulturze \u2013 od film\u00f3w po media spo\u0142eczno\u015bciowe Popkultura od zawsze by\u0142a jednym z najpot\u0119\u017cniejszych narz\u0119dzi kszta\u0142towania \u015bwiadomo\u015bci spo\u0142ecznej. Filmy, seriale, muzyka, literatura czy media spo\u0142eczno\u015bciowe nie tylko bawi\u0105, ale tak\u017ce przekazuj\u0105 okre\u015blone wizje \u015bwiata. W ostatnich dekadach coraz cz\u0119\u015bciej mo\u017cna zauwa\u017cy\u0107 w nich subtelne lub bezpo\u015brednie odniesienia do idei wywodz\u0105cych si\u0119 z [&hellip;]<\/p>\n","protected":false},"author":1,"featured_media":944,"comment_status":"closed","ping_status":"closed","sticky":false,"template":"","format":"standard","meta":{"give_campaign_id":0,"footnotes":""},"categories":[48,44],"tags":[],"class_list":["post-931","post","type-post","status-publish","format-standard","has-post-thumbnail","hentry","category-komunizm-w-popkulturze","category-wspolczesny-komunizm"],"yoast_head":"<!-- This site is optimized with the Yoast SEO plugin v28.4 - https:\/\/yoast.com\/product\/yoast-seo-wordpress\/ -->\n<title>Czerwona narracja w popkulturze \u2013 od film\u00f3w po media spo\u0142eczno\u015bciowe - Antykomunistyczni.pl<\/title>\n<meta name=\"description\" content=\"Kultura od zawsze by\u0142a jednym z najpot\u0119\u017cniejszych narz\u0119dzi kszta\u0142towania \u015bwiadomo\u015bci spo\u0142ecznej.\" \/>\n<meta name=\"robots\" content=\"index, follow, max-snippet:-1, max-image-preview:large, max-video-preview:-1\" \/>\n<link rel=\"canonical\" href=\"https:\/\/antykomunistyczni.pl\/index.php\/czerwona-narracja-w-popkulturze-od-filmow-po-media-spolecznosciowe\/\" \/>\n<meta property=\"og:locale\" content=\"pl_PL\" \/>\n<meta property=\"og:type\" content=\"article\" \/>\n<meta property=\"og:title\" content=\"Czerwona narracja w popkulturze \u2013 od film\u00f3w po media spo\u0142eczno\u015bciowe - Antykomunistyczni.pl\" \/>\n<meta property=\"og:description\" content=\"Kultura od zawsze by\u0142a jednym z najpot\u0119\u017cniejszych narz\u0119dzi kszta\u0142towania \u015bwiadomo\u015bci spo\u0142ecznej.\" \/>\n<meta property=\"og:url\" content=\"https:\/\/antykomunistyczni.pl\/index.php\/czerwona-narracja-w-popkulturze-od-filmow-po-media-spolecznosciowe\/\" \/>\n<meta property=\"og:site_name\" content=\"Antykomunistyczni.pl\" \/>\n<meta property=\"article:publisher\" content=\"https:\/\/www.facebook.com\/antykomunistyczni\/\" \/>\n<meta property=\"article:published_time\" content=\"2026-03-11T15:37:23+00:00\" \/>\n<meta property=\"article:modified_time\" content=\"2026-03-11T15:48:03+00:00\" \/>\n<meta property=\"og:image\" content=\"https:\/\/antykomunistyczni.pl\/wp-content\/uploads\/2026\/03\/PoradyRozowejBrygady.jpg\" \/>\n\t<meta property=\"og:image:width\" content=\"1200\" \/>\n\t<meta property=\"og:image:height\" content=\"802\" \/>\n\t<meta property=\"og:image:type\" content=\"image\/jpeg\" \/>\n<meta name=\"author\" content=\"Antykomunistyczni\" \/>\n<meta name=\"twitter:card\" content=\"summary_large_image\" \/>\n<meta name=\"twitter:creator\" content=\"@anty_komunisci\" \/>\n<meta name=\"twitter:site\" content=\"@anty_komunisci\" \/>\n<meta name=\"twitter:label1\" content=\"Napisane przez\" \/>\n\t<meta name=\"twitter:data1\" content=\"Antykomunistyczni\" \/>\n\t<meta name=\"twitter:label2\" content=\"Szacowany czas czytania\" \/>\n\t<meta name=\"twitter:data2\" content=\"6 minut\" \/>\n<script type=\"application\/ld+json\" class=\"yoast-schema-graph\">{\"@context\":\"https:\\\/\\\/schema.org\",\"@graph\":[{\"@type\":\"Article\",\"@id\":\"https:\\\/\\\/antykomunistyczni.pl\\\/index.php\\\/czerwona-narracja-w-popkulturze-od-filmow-po-media-spolecznosciowe\\\/#article\",\"isPartOf\":{\"@id\":\"https:\\\/\\\/antykomunistyczni.pl\\\/index.php\\\/czerwona-narracja-w-popkulturze-od-filmow-po-media-spolecznosciowe\\\/\"},\"author\":{\"name\":\"Antykomunistyczni\",\"@id\":\"https:\\\/\\\/antykomunistyczni.pl\\\/#\\\/schema\\\/person\\\/4963e693e8006b94062d91d1295d02a0\"},\"headline\":\"Czerwona narracja w popkulturze \u2013 od film\u00f3w po media spo\u0142eczno\u015bciowe\",\"datePublished\":\"2026-03-11T15:37:23+00:00\",\"dateModified\":\"2026-03-11T15:48:03+00:00\",\"mainEntityOfPage\":{\"@id\":\"https:\\\/\\\/antykomunistyczni.pl\\\/index.php\\\/czerwona-narracja-w-popkulturze-od-filmow-po-media-spolecznosciowe\\\/\"},\"wordCount\":1156,\"publisher\":{\"@id\":\"https:\\\/\\\/antykomunistyczni.pl\\\/#organization\"},\"image\":{\"@id\":\"https:\\\/\\\/antykomunistyczni.pl\\\/index.php\\\/czerwona-narracja-w-popkulturze-od-filmow-po-media-spolecznosciowe\\\/#primaryimage\"},\"thumbnailUrl\":\"https:\\\/\\\/antykomunistyczni.pl\\\/wp-content\\\/uploads\\\/2026\\\/03\\\/PoradyRozowejBrygady.jpg\",\"articleSection\":[\"Komunizm w popkulturze\",\"Wsp\u00f3\u0142czesny komunizm\"],\"inLanguage\":\"pl-PL\"},{\"@type\":\"WebPage\",\"@id\":\"https:\\\/\\\/antykomunistyczni.pl\\\/index.php\\\/czerwona-narracja-w-popkulturze-od-filmow-po-media-spolecznosciowe\\\/\",\"url\":\"https:\\\/\\\/antykomunistyczni.pl\\\/index.php\\\/czerwona-narracja-w-popkulturze-od-filmow-po-media-spolecznosciowe\\\/\",\"name\":\"Czerwona narracja w popkulturze \u2013 od film\u00f3w po media spo\u0142eczno\u015bciowe - Antykomunistyczni.pl\",\"isPartOf\":{\"@id\":\"https:\\\/\\\/antykomunistyczni.pl\\\/#website\"},\"primaryImageOfPage\":{\"@id\":\"https:\\\/\\\/antykomunistyczni.pl\\\/index.php\\\/czerwona-narracja-w-popkulturze-od-filmow-po-media-spolecznosciowe\\\/#primaryimage\"},\"image\":{\"@id\":\"https:\\\/\\\/antykomunistyczni.pl\\\/index.php\\\/czerwona-narracja-w-popkulturze-od-filmow-po-media-spolecznosciowe\\\/#primaryimage\"},\"thumbnailUrl\":\"https:\\\/\\\/antykomunistyczni.pl\\\/wp-content\\\/uploads\\\/2026\\\/03\\\/PoradyRozowejBrygady.jpg\",\"datePublished\":\"2026-03-11T15:37:23+00:00\",\"dateModified\":\"2026-03-11T15:48:03+00:00\",\"description\":\"Kultura od zawsze by\u0142a jednym z najpot\u0119\u017cniejszych narz\u0119dzi kszta\u0142towania \u015bwiadomo\u015bci spo\u0142ecznej.\",\"breadcrumb\":{\"@id\":\"https:\\\/\\\/antykomunistyczni.pl\\\/index.php\\\/czerwona-narracja-w-popkulturze-od-filmow-po-media-spolecznosciowe\\\/#breadcrumb\"},\"inLanguage\":\"pl-PL\",\"potentialAction\":[{\"@type\":\"ReadAction\",\"target\":[\"https:\\\/\\\/antykomunistyczni.pl\\\/index.php\\\/czerwona-narracja-w-popkulturze-od-filmow-po-media-spolecznosciowe\\\/\"]}]},{\"@type\":\"ImageObject\",\"inLanguage\":\"pl-PL\",\"@id\":\"https:\\\/\\\/antykomunistyczni.pl\\\/index.php\\\/czerwona-narracja-w-popkulturze-od-filmow-po-media-spolecznosciowe\\\/#primaryimage\",\"url\":\"https:\\\/\\\/antykomunistyczni.pl\\\/wp-content\\\/uploads\\\/2026\\\/03\\\/PoradyRozowejBrygady.jpg\",\"contentUrl\":\"https:\\\/\\\/antykomunistyczni.pl\\\/wp-content\\\/uploads\\\/2026\\\/03\\\/PoradyRozowejBrygady.jpg\",\"width\":1200,\"height\":802,\"caption\":\"Fot. Bruce Yamakawa\\\/Netflix\"},{\"@type\":\"BreadcrumbList\",\"@id\":\"https:\\\/\\\/antykomunistyczni.pl\\\/index.php\\\/czerwona-narracja-w-popkulturze-od-filmow-po-media-spolecznosciowe\\\/#breadcrumb\",\"itemListElement\":[{\"@type\":\"ListItem\",\"position\":1,\"name\":\"Strona g\u0142\u00f3wna\",\"item\":\"https:\\\/\\\/antykomunistyczni.pl\\\/\"},{\"@type\":\"ListItem\",\"position\":2,\"name\":\"Czerwona narracja w popkulturze \u2013 od film\u00f3w po media spo\u0142eczno\u015bciowe\"}]},{\"@type\":\"WebSite\",\"@id\":\"https:\\\/\\\/antykomunistyczni.pl\\\/#website\",\"url\":\"https:\\\/\\\/antykomunistyczni.pl\\\/\",\"name\":\"Antykomunistyczni.pl\",\"description\":\"\",\"publisher\":{\"@id\":\"https:\\\/\\\/antykomunistyczni.pl\\\/#organization\"},\"alternateName\":\"Historia PRL, zbrodnie komunistyczne w Polsce i na \u015bwiecie\",\"potentialAction\":[{\"@type\":\"SearchAction\",\"target\":{\"@type\":\"EntryPoint\",\"urlTemplate\":\"https:\\\/\\\/antykomunistyczni.pl\\\/?s={search_term_string}\"},\"query-input\":{\"@type\":\"PropertyValueSpecification\",\"valueRequired\":true,\"valueName\":\"search_term_string\"}}],\"inLanguage\":\"pl-PL\"},{\"@type\":\"Organization\",\"@id\":\"https:\\\/\\\/antykomunistyczni.pl\\\/#organization\",\"name\":\"Antykomunistyczni.pl\",\"url\":\"https:\\\/\\\/antykomunistyczni.pl\\\/\",\"logo\":{\"@type\":\"ImageObject\",\"inLanguage\":\"pl-PL\",\"@id\":\"https:\\\/\\\/antykomunistyczni.pl\\\/#\\\/schema\\\/logo\\\/image\\\/\",\"url\":\"https:\\\/\\\/antykomunistyczni.pl\\\/wp-content\\\/uploads\\\/2026\\\/02\\\/cropped-AntykomunistyczniLogoSquare150x150-2.png\",\"contentUrl\":\"https:\\\/\\\/antykomunistyczni.pl\\\/wp-content\\\/uploads\\\/2026\\\/02\\\/cropped-AntykomunistyczniLogoSquare150x150-2.png\",\"width\":150,\"height\":150,\"caption\":\"Antykomunistyczni.pl\"},\"image\":{\"@id\":\"https:\\\/\\\/antykomunistyczni.pl\\\/#\\\/schema\\\/logo\\\/image\\\/\"},\"sameAs\":[\"https:\\\/\\\/www.facebook.com\\\/antykomunistyczni\\\/\",\"https:\\\/\\\/x.com\\\/anty_komunisci\"]},{\"@type\":\"Person\",\"@id\":\"https:\\\/\\\/antykomunistyczni.pl\\\/#\\\/schema\\\/person\\\/4963e693e8006b94062d91d1295d02a0\",\"name\":\"Antykomunistyczni\",\"image\":{\"@type\":\"ImageObject\",\"inLanguage\":\"pl-PL\",\"@id\":\"https:\\\/\\\/secure.gravatar.com\\\/avatar\\\/ff172875f9ced7887f883245268c1ba638c26cf1e0530f7f61b4705963a6730b?s=96&d=mm&r=g\",\"url\":\"https:\\\/\\\/secure.gravatar.com\\\/avatar\\\/ff172875f9ced7887f883245268c1ba638c26cf1e0530f7f61b4705963a6730b?s=96&d=mm&r=g\",\"contentUrl\":\"https:\\\/\\\/secure.gravatar.com\\\/avatar\\\/ff172875f9ced7887f883245268c1ba638c26cf1e0530f7f61b4705963a6730b?s=96&d=mm&r=g\",\"caption\":\"Antykomunistyczni\"},\"sameAs\":[\"http:\\\/\\\/antykomunistyczni.pl\"],\"url\":\"https:\\\/\\\/antykomunistyczni.pl\\\/index.php\\\/author\\\/admin0\\\/\"}]}<\/script>\n<!-- \/ Yoast SEO plugin. -->","yoast_head_json":{"title":"Czerwona narracja w popkulturze \u2013 od film\u00f3w po media spo\u0142eczno\u015bciowe - Antykomunistyczni.pl","description":"Kultura od zawsze by\u0142a jednym z najpot\u0119\u017cniejszych narz\u0119dzi kszta\u0142towania \u015bwiadomo\u015bci spo\u0142ecznej.","robots":{"index":"index","follow":"follow","max-snippet":"max-snippet:-1","max-image-preview":"max-image-preview:large","max-video-preview":"max-video-preview:-1"},"canonical":"https:\/\/antykomunistyczni.pl\/index.php\/czerwona-narracja-w-popkulturze-od-filmow-po-media-spolecznosciowe\/","og_locale":"pl_PL","og_type":"article","og_title":"Czerwona narracja w popkulturze \u2013 od film\u00f3w po media spo\u0142eczno\u015bciowe - Antykomunistyczni.pl","og_description":"Kultura od zawsze by\u0142a jednym z najpot\u0119\u017cniejszych narz\u0119dzi kszta\u0142towania \u015bwiadomo\u015bci spo\u0142ecznej.","og_url":"https:\/\/antykomunistyczni.pl\/index.php\/czerwona-narracja-w-popkulturze-od-filmow-po-media-spolecznosciowe\/","og_site_name":"Antykomunistyczni.pl","article_publisher":"https:\/\/www.facebook.com\/antykomunistyczni\/","article_published_time":"2026-03-11T15:37:23+00:00","article_modified_time":"2026-03-11T15:48:03+00:00","og_image":[{"width":1200,"height":802,"url":"https:\/\/antykomunistyczni.pl\/wp-content\/uploads\/2026\/03\/PoradyRozowejBrygady.jpg","type":"image\/jpeg"}],"author":"Antykomunistyczni","twitter_card":"summary_large_image","twitter_creator":"@anty_komunisci","twitter_site":"@anty_komunisci","twitter_misc":{"Napisane przez":"Antykomunistyczni","Szacowany czas czytania":"6 minut"},"schema":{"@context":"https:\/\/schema.org","@graph":[{"@type":"Article","@id":"https:\/\/antykomunistyczni.pl\/index.php\/czerwona-narracja-w-popkulturze-od-filmow-po-media-spolecznosciowe\/#article","isPartOf":{"@id":"https:\/\/antykomunistyczni.pl\/index.php\/czerwona-narracja-w-popkulturze-od-filmow-po-media-spolecznosciowe\/"},"author":{"name":"Antykomunistyczni","@id":"https:\/\/antykomunistyczni.pl\/#\/schema\/person\/4963e693e8006b94062d91d1295d02a0"},"headline":"Czerwona narracja w popkulturze \u2013 od film\u00f3w po media spo\u0142eczno\u015bciowe","datePublished":"2026-03-11T15:37:23+00:00","dateModified":"2026-03-11T15:48:03+00:00","mainEntityOfPage":{"@id":"https:\/\/antykomunistyczni.pl\/index.php\/czerwona-narracja-w-popkulturze-od-filmow-po-media-spolecznosciowe\/"},"wordCount":1156,"publisher":{"@id":"https:\/\/antykomunistyczni.pl\/#organization"},"image":{"@id":"https:\/\/antykomunistyczni.pl\/index.php\/czerwona-narracja-w-popkulturze-od-filmow-po-media-spolecznosciowe\/#primaryimage"},"thumbnailUrl":"https:\/\/antykomunistyczni.pl\/wp-content\/uploads\/2026\/03\/PoradyRozowejBrygady.jpg","articleSection":["Komunizm w popkulturze","Wsp\u00f3\u0142czesny komunizm"],"inLanguage":"pl-PL"},{"@type":"WebPage","@id":"https:\/\/antykomunistyczni.pl\/index.php\/czerwona-narracja-w-popkulturze-od-filmow-po-media-spolecznosciowe\/","url":"https:\/\/antykomunistyczni.pl\/index.php\/czerwona-narracja-w-popkulturze-od-filmow-po-media-spolecznosciowe\/","name":"Czerwona narracja w popkulturze \u2013 od film\u00f3w po media spo\u0142eczno\u015bciowe - Antykomunistyczni.pl","isPartOf":{"@id":"https:\/\/antykomunistyczni.pl\/#website"},"primaryImageOfPage":{"@id":"https:\/\/antykomunistyczni.pl\/index.php\/czerwona-narracja-w-popkulturze-od-filmow-po-media-spolecznosciowe\/#primaryimage"},"image":{"@id":"https:\/\/antykomunistyczni.pl\/index.php\/czerwona-narracja-w-popkulturze-od-filmow-po-media-spolecznosciowe\/#primaryimage"},"thumbnailUrl":"https:\/\/antykomunistyczni.pl\/wp-content\/uploads\/2026\/03\/PoradyRozowejBrygady.jpg","datePublished":"2026-03-11T15:37:23+00:00","dateModified":"2026-03-11T15:48:03+00:00","description":"Kultura od zawsze by\u0142a jednym z najpot\u0119\u017cniejszych narz\u0119dzi kszta\u0142towania \u015bwiadomo\u015bci spo\u0142ecznej.","breadcrumb":{"@id":"https:\/\/antykomunistyczni.pl\/index.php\/czerwona-narracja-w-popkulturze-od-filmow-po-media-spolecznosciowe\/#breadcrumb"},"inLanguage":"pl-PL","potentialAction":[{"@type":"ReadAction","target":["https:\/\/antykomunistyczni.pl\/index.php\/czerwona-narracja-w-popkulturze-od-filmow-po-media-spolecznosciowe\/"]}]},{"@type":"ImageObject","inLanguage":"pl-PL","@id":"https:\/\/antykomunistyczni.pl\/index.php\/czerwona-narracja-w-popkulturze-od-filmow-po-media-spolecznosciowe\/#primaryimage","url":"https:\/\/antykomunistyczni.pl\/wp-content\/uploads\/2026\/03\/PoradyRozowejBrygady.jpg","contentUrl":"https:\/\/antykomunistyczni.pl\/wp-content\/uploads\/2026\/03\/PoradyRozowejBrygady.jpg","width":1200,"height":802,"caption":"Fot. Bruce Yamakawa\/Netflix"},{"@type":"BreadcrumbList","@id":"https:\/\/antykomunistyczni.pl\/index.php\/czerwona-narracja-w-popkulturze-od-filmow-po-media-spolecznosciowe\/#breadcrumb","itemListElement":[{"@type":"ListItem","position":1,"name":"Strona g\u0142\u00f3wna","item":"https:\/\/antykomunistyczni.pl\/"},{"@type":"ListItem","position":2,"name":"Czerwona narracja w popkulturze \u2013 od film\u00f3w po media spo\u0142eczno\u015bciowe"}]},{"@type":"WebSite","@id":"https:\/\/antykomunistyczni.pl\/#website","url":"https:\/\/antykomunistyczni.pl\/","name":"Antykomunistyczni.pl","description":"","publisher":{"@id":"https:\/\/antykomunistyczni.pl\/#organization"},"alternateName":"Historia PRL, zbrodnie komunistyczne w Polsce i na \u015bwiecie","potentialAction":[{"@type":"SearchAction","target":{"@type":"EntryPoint","urlTemplate":"https:\/\/antykomunistyczni.pl\/?s={search_term_string}"},"query-input":{"@type":"PropertyValueSpecification","valueRequired":true,"valueName":"search_term_string"}}],"inLanguage":"pl-PL"},{"@type":"Organization","@id":"https:\/\/antykomunistyczni.pl\/#organization","name":"Antykomunistyczni.pl","url":"https:\/\/antykomunistyczni.pl\/","logo":{"@type":"ImageObject","inLanguage":"pl-PL","@id":"https:\/\/antykomunistyczni.pl\/#\/schema\/logo\/image\/","url":"https:\/\/antykomunistyczni.pl\/wp-content\/uploads\/2026\/02\/cropped-AntykomunistyczniLogoSquare150x150-2.png","contentUrl":"https:\/\/antykomunistyczni.pl\/wp-content\/uploads\/2026\/02\/cropped-AntykomunistyczniLogoSquare150x150-2.png","width":150,"height":150,"caption":"Antykomunistyczni.pl"},"image":{"@id":"https:\/\/antykomunistyczni.pl\/#\/schema\/logo\/image\/"},"sameAs":["https:\/\/www.facebook.com\/antykomunistyczni\/","https:\/\/x.com\/anty_komunisci"]},{"@type":"Person","@id":"https:\/\/antykomunistyczni.pl\/#\/schema\/person\/4963e693e8006b94062d91d1295d02a0","name":"Antykomunistyczni","image":{"@type":"ImageObject","inLanguage":"pl-PL","@id":"https:\/\/secure.gravatar.com\/avatar\/ff172875f9ced7887f883245268c1ba638c26cf1e0530f7f61b4705963a6730b?s=96&d=mm&r=g","url":"https:\/\/secure.gravatar.com\/avatar\/ff172875f9ced7887f883245268c1ba638c26cf1e0530f7f61b4705963a6730b?s=96&d=mm&r=g","contentUrl":"https:\/\/secure.gravatar.com\/avatar\/ff172875f9ced7887f883245268c1ba638c26cf1e0530f7f61b4705963a6730b?s=96&d=mm&r=g","caption":"Antykomunistyczni"},"sameAs":["http:\/\/antykomunistyczni.pl"],"url":"https:\/\/antykomunistyczni.pl\/index.php\/author\/admin0\/"}]}},"_links":{"self":[{"href":"https:\/\/antykomunistyczni.pl\/index.php\/wp-json\/wp\/v2\/posts\/931","targetHints":{"allow":["GET"]}}],"collection":[{"href":"https:\/\/antykomunistyczni.pl\/index.php\/wp-json\/wp\/v2\/posts"}],"about":[{"href":"https:\/\/antykomunistyczni.pl\/index.php\/wp-json\/wp\/v2\/types\/post"}],"author":[{"embeddable":true,"href":"https:\/\/antykomunistyczni.pl\/index.php\/wp-json\/wp\/v2\/users\/1"}],"replies":[{"embeddable":true,"href":"https:\/\/antykomunistyczni.pl\/index.php\/wp-json\/wp\/v2\/comments?post=931"}],"version-history":[{"count":11,"href":"https:\/\/antykomunistyczni.pl\/index.php\/wp-json\/wp\/v2\/posts\/931\/revisions"}],"predecessor-version":[{"id":943,"href":"https:\/\/antykomunistyczni.pl\/index.php\/wp-json\/wp\/v2\/posts\/931\/revisions\/943"}],"wp:featuredmedia":[{"embeddable":true,"href":"https:\/\/antykomunistyczni.pl\/index.php\/wp-json\/wp\/v2\/media\/944"}],"wp:attachment":[{"href":"https:\/\/antykomunistyczni.pl\/index.php\/wp-json\/wp\/v2\/media?parent=931"}],"wp:term":[{"taxonomy":"category","embeddable":true,"href":"https:\/\/antykomunistyczni.pl\/index.php\/wp-json\/wp\/v2\/categories?post=931"},{"taxonomy":"post_tag","embeddable":true,"href":"https:\/\/antykomunistyczni.pl\/index.php\/wp-json\/wp\/v2\/tags?post=931"}],"curies":[{"name":"wp","href":"https:\/\/api.w.org\/{rel}","templated":true}]}}