{"id":969,"date":"2026-03-11T19:12:29","date_gmt":"2026-03-11T18:12:29","guid":{"rendered":"https:\/\/antykomunistyczni.pl\/?p=969"},"modified":"2026-03-12T08:34:03","modified_gmt":"2026-03-12T07:34:03","slug":"gramsci-wymyslil-plan-dlugiego-marszu-frankfurtczycy-uzbroili-go-w-teorie-i-psychologie","status":"publish","type":"post","link":"https:\/\/antykomunistyczni.pl\/index.php\/gramsci-wymyslil-plan-dlugiego-marszu-frankfurtczycy-uzbroili-go-w-teorie-i-psychologie\/","title":{"rendered":"Gramsci wymy\u015bli\u0142 plan d\u0142ugiego marszu, Frankfurtczycy uzbroili go w teori\u0119 i psychologi\u0119"},"content":{"rendered":"\t\t<div data-elementor-type=\"wp-post\" data-elementor-id=\"969\" class=\"elementor elementor-969\">\n\t\t\t\t<div class=\"elementor-element elementor-element-25b054f e-flex e-con-boxed e-con e-parent\" data-id=\"25b054f\" data-element_type=\"container\" data-e-type=\"container\">\n\t\t\t\t\t<div class=\"e-con-inner\">\n\t\t\t\t<div class=\"elementor-element elementor-element-5668afb elementor-widget elementor-widget-image\" data-id=\"5668afb\" data-element_type=\"widget\" data-e-type=\"widget\" data-widget_type=\"image.default\">\n\t\t\t\t\t\t\t\t\t\t\t\t\t\t\t<img fetchpriority=\"high\" decoding=\"async\" width=\"768\" height=\"512\" src=\"https:\/\/antykomunistyczni.pl\/wp-content\/uploads\/2026\/03\/SzkolaFrankfurcka-768x512.jpg\" class=\"attachment-medium_large size-medium_large wp-image-974\" alt=\"\" srcset=\"https:\/\/antykomunistyczni.pl\/wp-content\/uploads\/2026\/03\/SzkolaFrankfurcka-768x512.jpg 768w, https:\/\/antykomunistyczni.pl\/wp-content\/uploads\/2026\/03\/SzkolaFrankfurcka-300x200.jpg 300w, https:\/\/antykomunistyczni.pl\/wp-content\/uploads\/2026\/03\/SzkolaFrankfurcka.jpg 1024w\" sizes=\"(max-width: 768px) 100vw, 768px\" \/>\t\t\t\t\t\t\t\t\t\t\t\t\t\t\t<\/div>\n\t\t\t\t\t<\/div>\n\t\t\t\t<\/div>\n\t\t<div class=\"elementor-element elementor-element-731aeab2 e-flex e-con-boxed e-con e-parent\" data-id=\"731aeab2\" data-element_type=\"container\" data-e-type=\"container\">\n\t\t\t\t\t<div class=\"e-con-inner\">\n\t\t\t\t<div class=\"elementor-element elementor-element-41ee3777 elementor-widget elementor-widget-text-editor\" data-id=\"41ee3777\" data-element_type=\"widget\" data-e-type=\"widget\" data-widget_type=\"text-editor.default\">\n\t\t\t\t\t\t\t\t\t<h2><span style=\"color: #000000;\">Gramsci wymy\u015bli\u0142 plan \u201ed\u0142ugiego marszu\u201d, Frankfurtczycy uzbroili go w teori\u0119 i psychologi\u0119<\/span><\/h2>\n<p><span style=\"color: #000000;\">W latach 20. i 30. XX wieku Antonio Gramsci, w\u0142oski komunista uwi\u0119ziony przez re\u017cim Mussoliniego, doszed\u0142 do wniosku, \u017ce klasyczna marksistowska rewolucja proletariacka w krajach zachodnich jest skazana na niepowodzenie. Dlaczego? Bo robotnik nie tylko nie by\u0142 g\u0142odny rewolucji \u2013 on cz\u0119sto wola\u0142 stabilno\u015b\u0107, rodzin\u0119, ko\u015bci\u00f3\u0142, patriotyzm i zwyk\u0142e kino zamiast agitprop. Gramsci zrozumia\u0142, \u017ce kapitalizm trzyma si\u0119 nie tylko bagnetami i policj\u0105, ale przede wszystkim <strong>kultur\u0105<\/strong>, czyli tym, co ludzie uwa\u017caj\u0105 za \u201enormalne\u201d, \u201es\u0142uszne\u201d i \u201epi\u0119kne\u201d.<\/span><\/p>\n<p><span style=\"color: #000000;\">W \u201eZeszytach wi\u0119ziennych\u201d rozwin\u0105\u0142 koncepcj\u0119 <strong>hegemonii kulturowej<\/strong>\u00a0(egemonia culturale). Bur\u017cuazja \u2013 pisa\u0142 \u2013 nie musi stale u\u017cywa\u0107 przemocy, bo kontroluje \u201enadbudow\u0119\u201d: szko\u0142y, uniwersytety, pras\u0119, ko\u015bci\u00f3\u0142, sztuk\u0119, obyczaje, j\u0119zyk, nawet poczucie humoru. Klasa panuj\u0105ca narzuca w\u0142asne warto\u015bci tak skutecznie, \u017ce staj\u0105 si\u0119 one \u201ezdrowym rozs\u0105dkiem\u201d ca\u0142ej reszty spo\u0142ecze\u0144stwa \u2013 tak\u017ce tej, kt\u00f3ra teoretycznie powinna chcie\u0107 obali\u0107 system.<\/span><\/p>\n<p><span style=\"color: #000000;\">Gramsci proponowa\u0142 wi\u0119c odwr\u00f3cenie klasycznego marksistowskiego schematu. Zamiast frontalnego szturmu na pa\u0144stwo (\u201ewojna manewrowa\u201d) \u2013 <strong>d\u0142ug\u0105 wojn\u0119 pozycyjn\u0105<\/strong><\/span><span style=\"color: #000000;\">\u00a0(guerra di posizione). Trzeba powoli, metodycznie zajmowa\u0107 kolejne przycz\u00f3\u0142ki w spo\u0142ecze\u0144stwie obywatelskim: szko\u0142y, wydawnictwa, teatry, katedry uniwersyteckie, redakcje, zwi\u0105zki zawodowe, a nawet parafie. Dopiero gdy lewica zdob\u0119dzie hegemoni\u0119 kulturow\u0105, pa\u0144stwo b\u0119dzie mo\u017cna wzi\u0105\u0107 niemal bez walki \u2013 bo wi\u0119kszo\u015b\u0107 ludzi sama uzna komunizm (lub jego \u201epost\u0119pow\u0105\u201d wersj\u0119) za co\u015b naturalnego.<\/span><\/p>\n<p><span style=\"color: #000000;\">Has\u0142o \u201ed\u0142ugi marsz przez instytucje\u201d sformu\u0142owa\u0142 p\u00f3\u017aniej (ok. 1967 r.) niemiecki rewolucjonista Rudi Dutschke, ale to Gramsci da\u0142 mu teoretyczn\u0105 podstaw\u0119. Dutschke jedynie nada\u0142 mu chwytliw\u0105 nazw\u0119, nawi\u0105zuj\u0105c\u0105 do chi\u0144skiego \u201ed\u0142ugiego marszu\u201d Mao.<\/span><\/p>\n<h3><span style=\"color: #000000;\">Frankfurt \u2013 psychologiczna amunicja do marszu<\/span><\/h3>\n<p><span style=\"color: #000000;\">Gramsci zmar\u0142 w 1937 roku. W tym samym czasie w Niemczech, a potem w ameryka\u0144skiej emigracji, rozwija\u0142a si\u0119 <strong>Szko\u0142a Frankfurcka<\/strong>\u00a0\u2013 grupa marksistowskich intelektualist\u00f3w skupiona wok\u00f3\u0142 Instytutu Bada\u0144 Spo\u0142ecznych (Max Horkheimer, Theodor Adorno, Herbert Marcuse, Erich Fromm, Walter Benjamin i inni). Oni wzi\u0119li gramscia\u0144sk\u0105 diagnoz\u0119 i dozbroili j\u0105 w narz\u0119dzia psychoanalityczne, socjologiczne i estetyczne.<\/span><\/p>\n<p><span style=\"color: #000000;\">Kluczowe elementy, kt\u00f3re Frankfurtczycy dodali do \u201ed\u0142ugiego marszu\u201d:<\/span><\/p>\n<ol>\n<li><span style=\"color: #000000;\"><strong>Krytyka \u201ekultury masowej\u201d jako narz\u0119dzia kontroli<\/strong><\/span><br \/><span style=\"color: #000000;\">Adorno i Horkheimer w \u201eDialektyce o\u015bwiecenia\u201d (1944\/47) opisali \u201ekultur\u0119 przemys\u0142ow\u0105\u201d (Kulturindustrie) \u2013 Hollywood, radio, jazz, reklamy, bestsellery \u2013 jako machin\u0119, kt\u00f3ra standaryzuje my\u015blenie, zamienia bunt w towar i produkuje \u201efa\u0142szywe potrzeby\u201d. Cz\u0142owiek staje si\u0119 biernym konsumentem, a nie podmiotem historycznym.<\/span><\/li>\n<li><span style=\"color: #000000;\"><strong>Represyjna tolerancja<\/strong>\u00a0(Marcuse) <\/span><br \/><span style=\"color: #000000;\">W s\u0142ynnym eseju z 1965 r. Marcuse stwierdzi\u0142, \u017ce liberalna tolerancja wobec prawicowych pogl\u0105d\u00f3w jest w istocie represyjna, bo pozwala systemowi trwa\u0107. Prawdziwa tolerancja wymaga <strong>nietolerancji wobec nietolerancji<\/strong>\u00a0\u2013 czyli cenzury, wykluczania, deplatformingu tych, kt\u00f3rzy broni\u0105 \u201estarego porz\u0105dku\u201d (rodzina, religia, w\u0142asno\u015b\u0107 prywatna, tradycyjna p\u0142ciowo\u015b\u0107). To intelektualne uzasadnienie dzisiejszej \u201ecancel culture\u201d.<\/span><\/li>\n<li><span style=\"color: #000000;\"><strong>Erozja autorytetu i \u201enowa wra\u017cliwo\u015b\u0107<\/strong>\u201d<\/span><br \/><span style=\"color: #000000;\">Marcuse i Fromm \u0142\u0105czyli Freuda z Marksem \u2013 t\u0142umaczyli, \u017ce kapitalizm represjonuje nie tylko ekonomicznie, ale tak\u017ce seksualnie i emocjonalnie. Rewolucja musi wi\u0119c by\u0107 tak\u017ce <strong>rewolucj\u0105 obyczajow\u0105<\/strong>, wyzwalaj\u0105c\u0105 pop\u0119dy, niszcz\u0105c\u0105 \u201eautorytarne osobowo\u015bci\u201d (Fromm, Adorno \u2013 \u201eOsobowo\u015b\u0107 autorytarna\u201d, 1950). St\u0105d p\u00f3\u017aniejszy kult \u201ewyzwolenia seksualnego\u201d, dekonstrukcji norm p\u0142ciowych i rodziny jako \u201ewi\u0119zienia\u201d.<\/span><\/li>\n<li><span style=\"color: #000000;\"><strong>Negacja totalna \u2013 Wielka Refuzja<\/strong><\/span><br \/><span style=\"color: #000000;\">Marcuse w \u201eCz\u0142owieku jednowymiarowym\u201d (1964) doszed\u0142 do wniosku, \u017ce wsp\u00f3\u0142czesny kapitalizm jest tak totalny, i\u017c jedyn\u0105 uczciw\u0105 postaw\u0105 jest ca\u0142kowita negacja \u2013 Wielka Refuzja. Nie trzeba ju\u017c proponowa\u0107 pozytywnego programu \u2013 wystarczy bezustannie podwa\u017ca\u0107, dekonstruowa\u0107, sia\u0107 w\u0105tpliwo\u015bci.<\/span><\/li>\n<\/ol>\n<h3><span style=\"color: #000000;\">Efekt ko\u0144cowy \u2013 rewolucja bez karabin\u00f3w maszynowych<\/span><\/h3>\n<p><span style=\"color: #000000;\">Po\u0142\u0105czenie gramscia\u0144skiej strategii d\u0142ugiego marszu z frankfurck\u0105 psycho-teori\u0105 okaza\u0142o si\u0119 zab\u00f3jczo skuteczne. Od lat 70. XX wieku obserwujemy konsekwentne zajmowanie kluczowych \u201ewysoko\u015bci\u201d kulturowych:<\/span><\/p>\n<ul>\n<li><span style=\"color: #000000;\">uniwersytety (gdzie marksizm kulturowy sta\u0142 si\u0119 niemal religi\u0105 urz\u0119dow\u0105),<\/span><\/li>\n<li><span style=\"color: #000000;\">media g\u0142\u00f3wnego nurtu,<\/span><\/li>\n<li><span style=\"color: #000000;\">korporacje (DEI, ESG, woke branding),<\/span><\/li>\n<li><span style=\"color: #000000;\">szko\u0142y (od edukacji seksualnej po \u201edekolonizacj\u0119 programu\u201d),<\/span><\/li>\n<li><span style=\"color: #000000;\">sztuka i rozrywka,<\/span><\/li>\n<li><span style=\"color: #000000;\">wreszcie \u2013 instytucje unijne i mi\u0119dzynarodowe.<\/span><\/li>\n<\/ul>\n<p><span style=\"color: #000000;\">Nie by\u0142o szturmu na Pa\u0142ac Zimowy. By\u0142y za to dekady cierpliwej pracy: obsadzania katedr, redakcji, konkurs\u00f3w grantowych, festiwali filmowych, dzia\u0142\u00f3w HR, kuratori\u00f3w o\u015bwiaty i NGO-s\u00f3w. Dzi\u015b hegemonia kulturowa jest ju\u017c w du\u017cej mierze po stronie postmarksistowskiej lewicy \u2013 dlatego tak trudno jest si\u0119 z ni\u0105 spiera\u0107 na gruncie \u201ezdrowego rozs\u0105dku\u201d. Ten rozs\u0105dek zosta\u0142 dawno przeprogramowany.<\/span><\/p>\n<p><span style=\"color: #000000;\">Gramsci da\u0142 plan. Frankfurtczycy dostarczyli amunicj\u0119 psychologiczn\u0105 i intelektualn\u0105. A my \u2013 niestety \u2013 zbyt d\u0142ugo udawali\u015bmy, \u017ce to tylko \u201eteorie akademickie\u201d, kt\u00f3re nikogo nie dotycz\u0105.<\/span><\/p>\n<p><span style=\"color: #000000;\">D\u0142ugi marsz trwa. I jest ju\u017c bardzo blisko centrum dowodzenia.<\/span><\/p>\n<p><!-- \/wp:paragraph --><\/p>\n<p><!-- \/wp:paragraph --><\/p>\t\t\t\t\t\t\t\t<\/div>\n\t\t\t\t\t<\/div>\n\t\t\t\t<\/div>\n\t\t\t\t<\/div>\n\t\t","protected":false},"excerpt":{"rendered":"<p>Gramsci wymy\u015bli\u0142 plan \u201ed\u0142ugiego marszu\u201d, Frankfurtczycy uzbroili go w teori\u0119 i psychologi\u0119 W latach 20. i 30. XX wieku Antonio Gramsci, w\u0142oski komunista uwi\u0119ziony przez re\u017cim Mussoliniego, doszed\u0142 do wniosku, \u017ce klasyczna marksistowska rewolucja proletariacka w krajach zachodnich jest skazana na niepowodzenie. Dlaczego? Bo robotnik nie tylko nie by\u0142 g\u0142odny rewolucji \u2013 on cz\u0119sto wola\u0142 [&hellip;]<\/p>\n","protected":false},"author":1,"featured_media":974,"comment_status":"closed","ping_status":"closed","sticky":false,"template":"","format":"standard","meta":{"give_campaign_id":0,"footnotes":""},"categories":[26,48,34,46,44],"tags":[],"class_list":["post-969","post","type-post","status-publish","format-standard","has-post-thumbnail","hentry","category-komunisci","category-komunizm-w-popkulturze","category-kultura-i-sztuka","category-mechanizmy-wspolczesnego-komunizmu","category-wspolczesny-komunizm"],"yoast_head":"<!-- This site is optimized with the Yoast SEO plugin v28.4 - https:\/\/yoast.com\/product\/yoast-seo-wordpress\/ -->\n<title>Gramsci wymy\u015bli\u0142 plan d\u0142ugiego marszu, Frankfurtczycy uzbroili go w teori\u0119 i psychologi\u0119 - Antykomunistyczni.pl<\/title>\n<meta name=\"robots\" content=\"index, follow, max-snippet:-1, max-image-preview:large, max-video-preview:-1\" \/>\n<link rel=\"canonical\" href=\"https:\/\/antykomunistyczni.pl\/index.php\/gramsci-wymyslil-plan-dlugiego-marszu-frankfurtczycy-uzbroili-go-w-teorie-i-psychologie\/\" \/>\n<meta property=\"og:locale\" content=\"pl_PL\" \/>\n<meta property=\"og:type\" content=\"article\" \/>\n<meta property=\"og:title\" content=\"Gramsci wymy\u015bli\u0142 plan d\u0142ugiego marszu, Frankfurtczycy uzbroili go w teori\u0119 i psychologi\u0119 - Antykomunistyczni.pl\" \/>\n<meta property=\"og:description\" content=\"Gramsci wymy\u015bli\u0142 plan \u201ed\u0142ugiego marszu\u201d, Frankfurtczycy uzbroili go w teori\u0119 i psychologi\u0119 W latach 20. i 30. XX wieku Antonio Gramsci, w\u0142oski komunista uwi\u0119ziony przez re\u017cim Mussoliniego, doszed\u0142 do wniosku, \u017ce klasyczna marksistowska rewolucja proletariacka w krajach zachodnich jest skazana na niepowodzenie. Dlaczego? Bo robotnik nie tylko nie by\u0142 g\u0142odny rewolucji \u2013 on cz\u0119sto wola\u0142 [&hellip;]\" \/>\n<meta property=\"og:url\" content=\"https:\/\/antykomunistyczni.pl\/index.php\/gramsci-wymyslil-plan-dlugiego-marszu-frankfurtczycy-uzbroili-go-w-teorie-i-psychologie\/\" \/>\n<meta property=\"og:site_name\" content=\"Antykomunistyczni.pl\" \/>\n<meta property=\"article:publisher\" content=\"https:\/\/www.facebook.com\/antykomunistyczni\/\" \/>\n<meta property=\"article:published_time\" content=\"2026-03-11T18:12:29+00:00\" \/>\n<meta property=\"article:modified_time\" content=\"2026-03-12T07:34:03+00:00\" \/>\n<meta property=\"og:image\" content=\"https:\/\/antykomunistyczni.pl\/wp-content\/uploads\/2026\/03\/SzkolaFrankfurcka.jpg\" \/>\n\t<meta property=\"og:image:width\" content=\"1024\" \/>\n\t<meta property=\"og:image:height\" content=\"683\" \/>\n\t<meta property=\"og:image:type\" content=\"image\/jpeg\" \/>\n<meta name=\"author\" content=\"Antykomunistyczni\" \/>\n<meta name=\"twitter:card\" content=\"summary_large_image\" \/>\n<meta name=\"twitter:creator\" content=\"@anty_komunisci\" \/>\n<meta name=\"twitter:site\" content=\"@anty_komunisci\" \/>\n<meta name=\"twitter:label1\" content=\"Napisane przez\" \/>\n\t<meta name=\"twitter:data1\" content=\"Antykomunistyczni\" \/>\n\t<meta name=\"twitter:label2\" content=\"Szacowany czas czytania\" \/>\n\t<meta name=\"twitter:data2\" content=\"4 minuty\" \/>\n<script type=\"application\/ld+json\" class=\"yoast-schema-graph\">{\"@context\":\"https:\\\/\\\/schema.org\",\"@graph\":[{\"@type\":\"Article\",\"@id\":\"https:\\\/\\\/antykomunistyczni.pl\\\/index.php\\\/gramsci-wymyslil-plan-dlugiego-marszu-frankfurtczycy-uzbroili-go-w-teorie-i-psychologie\\\/#article\",\"isPartOf\":{\"@id\":\"https:\\\/\\\/antykomunistyczni.pl\\\/index.php\\\/gramsci-wymyslil-plan-dlugiego-marszu-frankfurtczycy-uzbroili-go-w-teorie-i-psychologie\\\/\"},\"author\":{\"name\":\"Antykomunistyczni\",\"@id\":\"https:\\\/\\\/antykomunistyczni.pl\\\/#\\\/schema\\\/person\\\/4963e693e8006b94062d91d1295d02a0\"},\"headline\":\"Gramsci wymy\u015bli\u0142 plan d\u0142ugiego marszu, Frankfurtczycy uzbroili go w teori\u0119 i psychologi\u0119\",\"datePublished\":\"2026-03-11T18:12:29+00:00\",\"dateModified\":\"2026-03-12T07:34:03+00:00\",\"mainEntityOfPage\":{\"@id\":\"https:\\\/\\\/antykomunistyczni.pl\\\/index.php\\\/gramsci-wymyslil-plan-dlugiego-marszu-frankfurtczycy-uzbroili-go-w-teorie-i-psychologie\\\/\"},\"wordCount\":768,\"publisher\":{\"@id\":\"https:\\\/\\\/antykomunistyczni.pl\\\/#organization\"},\"image\":{\"@id\":\"https:\\\/\\\/antykomunistyczni.pl\\\/index.php\\\/gramsci-wymyslil-plan-dlugiego-marszu-frankfurtczycy-uzbroili-go-w-teorie-i-psychologie\\\/#primaryimage\"},\"thumbnailUrl\":\"https:\\\/\\\/antykomunistyczni.pl\\\/wp-content\\\/uploads\\\/2026\\\/03\\\/SzkolaFrankfurcka.jpg\",\"articleSection\":[\"Komuni\u015bci\",\"Komunizm w popkulturze\",\"Kultura i sztuka\",\"Mechanizmy wsp\u00f3\u0142czesnego komunizmu\",\"Wsp\u00f3\u0142czesny komunizm\"],\"inLanguage\":\"pl-PL\"},{\"@type\":\"WebPage\",\"@id\":\"https:\\\/\\\/antykomunistyczni.pl\\\/index.php\\\/gramsci-wymyslil-plan-dlugiego-marszu-frankfurtczycy-uzbroili-go-w-teorie-i-psychologie\\\/\",\"url\":\"https:\\\/\\\/antykomunistyczni.pl\\\/index.php\\\/gramsci-wymyslil-plan-dlugiego-marszu-frankfurtczycy-uzbroili-go-w-teorie-i-psychologie\\\/\",\"name\":\"Gramsci wymy\u015bli\u0142 plan d\u0142ugiego marszu, Frankfurtczycy uzbroili go w teori\u0119 i psychologi\u0119 - Antykomunistyczni.pl\",\"isPartOf\":{\"@id\":\"https:\\\/\\\/antykomunistyczni.pl\\\/#website\"},\"primaryImageOfPage\":{\"@id\":\"https:\\\/\\\/antykomunistyczni.pl\\\/index.php\\\/gramsci-wymyslil-plan-dlugiego-marszu-frankfurtczycy-uzbroili-go-w-teorie-i-psychologie\\\/#primaryimage\"},\"image\":{\"@id\":\"https:\\\/\\\/antykomunistyczni.pl\\\/index.php\\\/gramsci-wymyslil-plan-dlugiego-marszu-frankfurtczycy-uzbroili-go-w-teorie-i-psychologie\\\/#primaryimage\"},\"thumbnailUrl\":\"https:\\\/\\\/antykomunistyczni.pl\\\/wp-content\\\/uploads\\\/2026\\\/03\\\/SzkolaFrankfurcka.jpg\",\"datePublished\":\"2026-03-11T18:12:29+00:00\",\"dateModified\":\"2026-03-12T07:34:03+00:00\",\"breadcrumb\":{\"@id\":\"https:\\\/\\\/antykomunistyczni.pl\\\/index.php\\\/gramsci-wymyslil-plan-dlugiego-marszu-frankfurtczycy-uzbroili-go-w-teorie-i-psychologie\\\/#breadcrumb\"},\"inLanguage\":\"pl-PL\",\"potentialAction\":[{\"@type\":\"ReadAction\",\"target\":[\"https:\\\/\\\/antykomunistyczni.pl\\\/index.php\\\/gramsci-wymyslil-plan-dlugiego-marszu-frankfurtczycy-uzbroili-go-w-teorie-i-psychologie\\\/\"]}]},{\"@type\":\"ImageObject\",\"inLanguage\":\"pl-PL\",\"@id\":\"https:\\\/\\\/antykomunistyczni.pl\\\/index.php\\\/gramsci-wymyslil-plan-dlugiego-marszu-frankfurtczycy-uzbroili-go-w-teorie-i-psychologie\\\/#primaryimage\",\"url\":\"https:\\\/\\\/antykomunistyczni.pl\\\/wp-content\\\/uploads\\\/2026\\\/03\\\/SzkolaFrankfurcka.jpg\",\"contentUrl\":\"https:\\\/\\\/antykomunistyczni.pl\\\/wp-content\\\/uploads\\\/2026\\\/03\\\/SzkolaFrankfurcka.jpg\",\"width\":1024,\"height\":683},{\"@type\":\"BreadcrumbList\",\"@id\":\"https:\\\/\\\/antykomunistyczni.pl\\\/index.php\\\/gramsci-wymyslil-plan-dlugiego-marszu-frankfurtczycy-uzbroili-go-w-teorie-i-psychologie\\\/#breadcrumb\",\"itemListElement\":[{\"@type\":\"ListItem\",\"position\":1,\"name\":\"Strona g\u0142\u00f3wna\",\"item\":\"https:\\\/\\\/antykomunistyczni.pl\\\/\"},{\"@type\":\"ListItem\",\"position\":2,\"name\":\"Gramsci wymy\u015bli\u0142 plan d\u0142ugiego marszu, Frankfurtczycy uzbroili go w teori\u0119 i psychologi\u0119\"}]},{\"@type\":\"WebSite\",\"@id\":\"https:\\\/\\\/antykomunistyczni.pl\\\/#website\",\"url\":\"https:\\\/\\\/antykomunistyczni.pl\\\/\",\"name\":\"Antykomunistyczni.pl\",\"description\":\"\",\"publisher\":{\"@id\":\"https:\\\/\\\/antykomunistyczni.pl\\\/#organization\"},\"alternateName\":\"Historia PRL, zbrodnie komunistyczne w Polsce i na \u015bwiecie\",\"potentialAction\":[{\"@type\":\"SearchAction\",\"target\":{\"@type\":\"EntryPoint\",\"urlTemplate\":\"https:\\\/\\\/antykomunistyczni.pl\\\/?s={search_term_string}\"},\"query-input\":{\"@type\":\"PropertyValueSpecification\",\"valueRequired\":true,\"valueName\":\"search_term_string\"}}],\"inLanguage\":\"pl-PL\"},{\"@type\":\"Organization\",\"@id\":\"https:\\\/\\\/antykomunistyczni.pl\\\/#organization\",\"name\":\"Antykomunistyczni.pl\",\"url\":\"https:\\\/\\\/antykomunistyczni.pl\\\/\",\"logo\":{\"@type\":\"ImageObject\",\"inLanguage\":\"pl-PL\",\"@id\":\"https:\\\/\\\/antykomunistyczni.pl\\\/#\\\/schema\\\/logo\\\/image\\\/\",\"url\":\"https:\\\/\\\/antykomunistyczni.pl\\\/wp-content\\\/uploads\\\/2026\\\/02\\\/cropped-AntykomunistyczniLogoSquare150x150-2.png\",\"contentUrl\":\"https:\\\/\\\/antykomunistyczni.pl\\\/wp-content\\\/uploads\\\/2026\\\/02\\\/cropped-AntykomunistyczniLogoSquare150x150-2.png\",\"width\":150,\"height\":150,\"caption\":\"Antykomunistyczni.pl\"},\"image\":{\"@id\":\"https:\\\/\\\/antykomunistyczni.pl\\\/#\\\/schema\\\/logo\\\/image\\\/\"},\"sameAs\":[\"https:\\\/\\\/www.facebook.com\\\/antykomunistyczni\\\/\",\"https:\\\/\\\/x.com\\\/anty_komunisci\"]},{\"@type\":\"Person\",\"@id\":\"https:\\\/\\\/antykomunistyczni.pl\\\/#\\\/schema\\\/person\\\/4963e693e8006b94062d91d1295d02a0\",\"name\":\"Antykomunistyczni\",\"image\":{\"@type\":\"ImageObject\",\"inLanguage\":\"pl-PL\",\"@id\":\"https:\\\/\\\/secure.gravatar.com\\\/avatar\\\/ff172875f9ced7887f883245268c1ba638c26cf1e0530f7f61b4705963a6730b?s=96&d=mm&r=g\",\"url\":\"https:\\\/\\\/secure.gravatar.com\\\/avatar\\\/ff172875f9ced7887f883245268c1ba638c26cf1e0530f7f61b4705963a6730b?s=96&d=mm&r=g\",\"contentUrl\":\"https:\\\/\\\/secure.gravatar.com\\\/avatar\\\/ff172875f9ced7887f883245268c1ba638c26cf1e0530f7f61b4705963a6730b?s=96&d=mm&r=g\",\"caption\":\"Antykomunistyczni\"},\"sameAs\":[\"http:\\\/\\\/antykomunistyczni.pl\"],\"url\":\"https:\\\/\\\/antykomunistyczni.pl\\\/index.php\\\/author\\\/admin0\\\/\"}]}<\/script>\n<!-- \/ Yoast SEO plugin. -->","yoast_head_json":{"title":"Gramsci wymy\u015bli\u0142 plan d\u0142ugiego marszu, Frankfurtczycy uzbroili go w teori\u0119 i psychologi\u0119 - Antykomunistyczni.pl","robots":{"index":"index","follow":"follow","max-snippet":"max-snippet:-1","max-image-preview":"max-image-preview:large","max-video-preview":"max-video-preview:-1"},"canonical":"https:\/\/antykomunistyczni.pl\/index.php\/gramsci-wymyslil-plan-dlugiego-marszu-frankfurtczycy-uzbroili-go-w-teorie-i-psychologie\/","og_locale":"pl_PL","og_type":"article","og_title":"Gramsci wymy\u015bli\u0142 plan d\u0142ugiego marszu, Frankfurtczycy uzbroili go w teori\u0119 i psychologi\u0119 - Antykomunistyczni.pl","og_description":"Gramsci wymy\u015bli\u0142 plan \u201ed\u0142ugiego marszu\u201d, Frankfurtczycy uzbroili go w teori\u0119 i psychologi\u0119 W latach 20. i 30. XX wieku Antonio Gramsci, w\u0142oski komunista uwi\u0119ziony przez re\u017cim Mussoliniego, doszed\u0142 do wniosku, \u017ce klasyczna marksistowska rewolucja proletariacka w krajach zachodnich jest skazana na niepowodzenie. Dlaczego? Bo robotnik nie tylko nie by\u0142 g\u0142odny rewolucji \u2013 on cz\u0119sto wola\u0142 [&hellip;]","og_url":"https:\/\/antykomunistyczni.pl\/index.php\/gramsci-wymyslil-plan-dlugiego-marszu-frankfurtczycy-uzbroili-go-w-teorie-i-psychologie\/","og_site_name":"Antykomunistyczni.pl","article_publisher":"https:\/\/www.facebook.com\/antykomunistyczni\/","article_published_time":"2026-03-11T18:12:29+00:00","article_modified_time":"2026-03-12T07:34:03+00:00","og_image":[{"width":1024,"height":683,"url":"https:\/\/antykomunistyczni.pl\/wp-content\/uploads\/2026\/03\/SzkolaFrankfurcka.jpg","type":"image\/jpeg"}],"author":"Antykomunistyczni","twitter_card":"summary_large_image","twitter_creator":"@anty_komunisci","twitter_site":"@anty_komunisci","twitter_misc":{"Napisane przez":"Antykomunistyczni","Szacowany czas czytania":"4 minuty"},"schema":{"@context":"https:\/\/schema.org","@graph":[{"@type":"Article","@id":"https:\/\/antykomunistyczni.pl\/index.php\/gramsci-wymyslil-plan-dlugiego-marszu-frankfurtczycy-uzbroili-go-w-teorie-i-psychologie\/#article","isPartOf":{"@id":"https:\/\/antykomunistyczni.pl\/index.php\/gramsci-wymyslil-plan-dlugiego-marszu-frankfurtczycy-uzbroili-go-w-teorie-i-psychologie\/"},"author":{"name":"Antykomunistyczni","@id":"https:\/\/antykomunistyczni.pl\/#\/schema\/person\/4963e693e8006b94062d91d1295d02a0"},"headline":"Gramsci wymy\u015bli\u0142 plan d\u0142ugiego marszu, Frankfurtczycy uzbroili go w teori\u0119 i psychologi\u0119","datePublished":"2026-03-11T18:12:29+00:00","dateModified":"2026-03-12T07:34:03+00:00","mainEntityOfPage":{"@id":"https:\/\/antykomunistyczni.pl\/index.php\/gramsci-wymyslil-plan-dlugiego-marszu-frankfurtczycy-uzbroili-go-w-teorie-i-psychologie\/"},"wordCount":768,"publisher":{"@id":"https:\/\/antykomunistyczni.pl\/#organization"},"image":{"@id":"https:\/\/antykomunistyczni.pl\/index.php\/gramsci-wymyslil-plan-dlugiego-marszu-frankfurtczycy-uzbroili-go-w-teorie-i-psychologie\/#primaryimage"},"thumbnailUrl":"https:\/\/antykomunistyczni.pl\/wp-content\/uploads\/2026\/03\/SzkolaFrankfurcka.jpg","articleSection":["Komuni\u015bci","Komunizm w popkulturze","Kultura i sztuka","Mechanizmy wsp\u00f3\u0142czesnego komunizmu","Wsp\u00f3\u0142czesny komunizm"],"inLanguage":"pl-PL"},{"@type":"WebPage","@id":"https:\/\/antykomunistyczni.pl\/index.php\/gramsci-wymyslil-plan-dlugiego-marszu-frankfurtczycy-uzbroili-go-w-teorie-i-psychologie\/","url":"https:\/\/antykomunistyczni.pl\/index.php\/gramsci-wymyslil-plan-dlugiego-marszu-frankfurtczycy-uzbroili-go-w-teorie-i-psychologie\/","name":"Gramsci wymy\u015bli\u0142 plan d\u0142ugiego marszu, Frankfurtczycy uzbroili go w teori\u0119 i psychologi\u0119 - Antykomunistyczni.pl","isPartOf":{"@id":"https:\/\/antykomunistyczni.pl\/#website"},"primaryImageOfPage":{"@id":"https:\/\/antykomunistyczni.pl\/index.php\/gramsci-wymyslil-plan-dlugiego-marszu-frankfurtczycy-uzbroili-go-w-teorie-i-psychologie\/#primaryimage"},"image":{"@id":"https:\/\/antykomunistyczni.pl\/index.php\/gramsci-wymyslil-plan-dlugiego-marszu-frankfurtczycy-uzbroili-go-w-teorie-i-psychologie\/#primaryimage"},"thumbnailUrl":"https:\/\/antykomunistyczni.pl\/wp-content\/uploads\/2026\/03\/SzkolaFrankfurcka.jpg","datePublished":"2026-03-11T18:12:29+00:00","dateModified":"2026-03-12T07:34:03+00:00","breadcrumb":{"@id":"https:\/\/antykomunistyczni.pl\/index.php\/gramsci-wymyslil-plan-dlugiego-marszu-frankfurtczycy-uzbroili-go-w-teorie-i-psychologie\/#breadcrumb"},"inLanguage":"pl-PL","potentialAction":[{"@type":"ReadAction","target":["https:\/\/antykomunistyczni.pl\/index.php\/gramsci-wymyslil-plan-dlugiego-marszu-frankfurtczycy-uzbroili-go-w-teorie-i-psychologie\/"]}]},{"@type":"ImageObject","inLanguage":"pl-PL","@id":"https:\/\/antykomunistyczni.pl\/index.php\/gramsci-wymyslil-plan-dlugiego-marszu-frankfurtczycy-uzbroili-go-w-teorie-i-psychologie\/#primaryimage","url":"https:\/\/antykomunistyczni.pl\/wp-content\/uploads\/2026\/03\/SzkolaFrankfurcka.jpg","contentUrl":"https:\/\/antykomunistyczni.pl\/wp-content\/uploads\/2026\/03\/SzkolaFrankfurcka.jpg","width":1024,"height":683},{"@type":"BreadcrumbList","@id":"https:\/\/antykomunistyczni.pl\/index.php\/gramsci-wymyslil-plan-dlugiego-marszu-frankfurtczycy-uzbroili-go-w-teorie-i-psychologie\/#breadcrumb","itemListElement":[{"@type":"ListItem","position":1,"name":"Strona g\u0142\u00f3wna","item":"https:\/\/antykomunistyczni.pl\/"},{"@type":"ListItem","position":2,"name":"Gramsci wymy\u015bli\u0142 plan d\u0142ugiego marszu, Frankfurtczycy uzbroili go w teori\u0119 i psychologi\u0119"}]},{"@type":"WebSite","@id":"https:\/\/antykomunistyczni.pl\/#website","url":"https:\/\/antykomunistyczni.pl\/","name":"Antykomunistyczni.pl","description":"","publisher":{"@id":"https:\/\/antykomunistyczni.pl\/#organization"},"alternateName":"Historia PRL, zbrodnie komunistyczne w Polsce i na \u015bwiecie","potentialAction":[{"@type":"SearchAction","target":{"@type":"EntryPoint","urlTemplate":"https:\/\/antykomunistyczni.pl\/?s={search_term_string}"},"query-input":{"@type":"PropertyValueSpecification","valueRequired":true,"valueName":"search_term_string"}}],"inLanguage":"pl-PL"},{"@type":"Organization","@id":"https:\/\/antykomunistyczni.pl\/#organization","name":"Antykomunistyczni.pl","url":"https:\/\/antykomunistyczni.pl\/","logo":{"@type":"ImageObject","inLanguage":"pl-PL","@id":"https:\/\/antykomunistyczni.pl\/#\/schema\/logo\/image\/","url":"https:\/\/antykomunistyczni.pl\/wp-content\/uploads\/2026\/02\/cropped-AntykomunistyczniLogoSquare150x150-2.png","contentUrl":"https:\/\/antykomunistyczni.pl\/wp-content\/uploads\/2026\/02\/cropped-AntykomunistyczniLogoSquare150x150-2.png","width":150,"height":150,"caption":"Antykomunistyczni.pl"},"image":{"@id":"https:\/\/antykomunistyczni.pl\/#\/schema\/logo\/image\/"},"sameAs":["https:\/\/www.facebook.com\/antykomunistyczni\/","https:\/\/x.com\/anty_komunisci"]},{"@type":"Person","@id":"https:\/\/antykomunistyczni.pl\/#\/schema\/person\/4963e693e8006b94062d91d1295d02a0","name":"Antykomunistyczni","image":{"@type":"ImageObject","inLanguage":"pl-PL","@id":"https:\/\/secure.gravatar.com\/avatar\/ff172875f9ced7887f883245268c1ba638c26cf1e0530f7f61b4705963a6730b?s=96&d=mm&r=g","url":"https:\/\/secure.gravatar.com\/avatar\/ff172875f9ced7887f883245268c1ba638c26cf1e0530f7f61b4705963a6730b?s=96&d=mm&r=g","contentUrl":"https:\/\/secure.gravatar.com\/avatar\/ff172875f9ced7887f883245268c1ba638c26cf1e0530f7f61b4705963a6730b?s=96&d=mm&r=g","caption":"Antykomunistyczni"},"sameAs":["http:\/\/antykomunistyczni.pl"],"url":"https:\/\/antykomunistyczni.pl\/index.php\/author\/admin0\/"}]}},"_links":{"self":[{"href":"https:\/\/antykomunistyczni.pl\/index.php\/wp-json\/wp\/v2\/posts\/969","targetHints":{"allow":["GET"]}}],"collection":[{"href":"https:\/\/antykomunistyczni.pl\/index.php\/wp-json\/wp\/v2\/posts"}],"about":[{"href":"https:\/\/antykomunistyczni.pl\/index.php\/wp-json\/wp\/v2\/types\/post"}],"author":[{"embeddable":true,"href":"https:\/\/antykomunistyczni.pl\/index.php\/wp-json\/wp\/v2\/users\/1"}],"replies":[{"embeddable":true,"href":"https:\/\/antykomunistyczni.pl\/index.php\/wp-json\/wp\/v2\/comments?post=969"}],"version-history":[{"count":19,"href":"https:\/\/antykomunistyczni.pl\/index.php\/wp-json\/wp\/v2\/posts\/969\/revisions"}],"predecessor-version":[{"id":1055,"href":"https:\/\/antykomunistyczni.pl\/index.php\/wp-json\/wp\/v2\/posts\/969\/revisions\/1055"}],"wp:featuredmedia":[{"embeddable":true,"href":"https:\/\/antykomunistyczni.pl\/index.php\/wp-json\/wp\/v2\/media\/974"}],"wp:attachment":[{"href":"https:\/\/antykomunistyczni.pl\/index.php\/wp-json\/wp\/v2\/media?parent=969"}],"wp:term":[{"taxonomy":"category","embeddable":true,"href":"https:\/\/antykomunistyczni.pl\/index.php\/wp-json\/wp\/v2\/categories?post=969"},{"taxonomy":"post_tag","embeddable":true,"href":"https:\/\/antykomunistyczni.pl\/index.php\/wp-json\/wp\/v2\/tags?post=969"}],"curies":[{"name":"wp","href":"https:\/\/api.w.org\/{rel}","templated":true}]}}